{"id":7413,"date":"2025-09-02T16:40:35","date_gmt":"2025-09-02T14:40:35","guid":{"rendered":"https:\/\/www.strassenweb.de\/nachrichten\/bewegen\/"},"modified":"2025-09-02T16:40:36","modified_gmt":"2025-09-02T14:40:36","slug":"bewegen","status":"publish","type":"post","link":"https:\/\/www.strassenweb.de\/nachrichten\/bewegen\/","title":{"rendered":"Bewegen"},"content":{"rendered":"<p><\/p>\n<div id=\"article-body\" class=\"article__body \">\n<p id=\"5cc1bda4-1f65-44f6-88c9-4f6d803ca820\">Als jemand von allen Dingen, die Farbe besessen haben, kann ich nicht anders, als aufgeregt zu sein, wenn der September herumrollt &#8211; es ist die Jahreszeit, in der meine Lieblingsfarben ihre Farbe des Jahres enth\u00fcllen.<\/p>\n<div id=\"ad-unit-1\" class=\"ad-unit\"><\/div>\n<p>Dieses Mal hat Glidden seine Farbtrendvorhersage gemacht, und Neutrale k\u00f6nnten endlich einen Wettbewerb haben. F\u00fcr 2026 hat die renommierte Marke warmes Mahagoni (PPG1060-7)-ein tief warmes Rot mit subtilen braunen Untert\u00f6nen-als Schatten des Jahres gekr\u00f6nt.<\/p>\n<p>Ich muss zugeben, in dem Moment, in dem ich Gliddens Wahl h\u00f6rte, fing ich sofort an, sich R\u00e4ume vorzustellen, die in diesem luxuri\u00f6sen, einladenden Farbton durchn\u00e4sst wurden.<\/p>\n<div class=\"van_vid_carousel\">\n<div class=\"van_vid_carousel__padding\">\n<div class=\"van_vid_carousel__container\"><\/div>\n<\/div>\n<\/div>\n<figure class=\"van-image-figure inline-layout \" data-bordeaux-image-check id=\"4a38bb65-ea82-4a4e-aa68-135e168e23f3\">\n<div class=\"image-full-width-wrapper\">\n<div class=\"image-widthsetter\" style=\"max-width:2400px;\"><\/div>\n<\/div>\n<\/figure>\n<p id=\"c2d618dc-3d9b-43d2-a10c-9e124d5340e6\">Das Dekorieren mit Rot mag mutig erscheinen, aber warmes Mahagoni beweist etwas anderes. Dieser \u00fcberraschend vielseitige Schatten trifft ein Gleichgewicht &#8211; launisch und reich, ohne in \u00fcberm\u00e4\u00dfig dunkeles oder schweres Territorium zu kippen.<\/p>\n<div id=\"ad-unit-2\" class=\"ad-unit\"><\/div>\n<aside data-block-type=\"embed\" data-render-type=\"fte\" data-skip=\"dealsy\" data-widget-type=\"seasonal\" class=\"hawk-base\"><\/aside>\n<p id=\"c2d618dc-3d9b-43d2-a10c-9e124d5340e6-1\">Seine wahre Sch\u00f6nheit liegt in seiner Flexibilit\u00e4t. Die warme Mahagoni erhebt einen Raum, ohne nach Aufmerksamkeit zu schreien, und bietet Tiefe, ohne sich \u00fcberw\u00e4ltigend zu f\u00fchlen. Ashley McCollum, Glidden Lack Color Expert, erkl\u00e4rt:<\/p>\n<p>\u201eWir sind zwischen Farben hin und her gerissen, die sich authentisch, pers\u00f6nlich und sicher f\u00fchlen, und diejenigen, die Neuheit, Risiko und Aufregung verleihen. Warmes Mahagoni passt sich perfekt zu Stil und Geschichte und passt perfekt zum 150-j\u00e4hrigen Erbe der glidden Marke-k\u00fchn genug, um sofort Aufmerksamkeit zu erregen, und ist genug vorbehalten, um eine zeitlose Erkl\u00e4rung abzugeben. Diese Farbe \u00fcberlebt wirklich den Moment und besitzt die Stimmung. &#8218;<\/p>\n<figure class=\"van-image-figure inline-layout \" data-bordeaux-image-check id=\"370a805a-47c2-479d-b88e-196a4a287237\">\n<div class=\"image-full-width-wrapper\">\n<div class=\"image-widthsetter\" style=\"max-width:2400px;\"><\/div>\n<\/div>\n<\/figure>\n<p id=\"132f9ebb-6266-4aa9-8f7f-35d36a927166\">Die warme Mahagoni lebt in einem \u00e4hnlichen Bereich wie Gliddens Farbe des Jahres 2025 Pila Basilikum &#8211; ein tiefes, luxuri\u00f6ses Lila. Beide Farbt\u00f6ne sind klassisch und doch mutig und bieten eine lebendige M\u00f6glichkeit, ein Gef\u00fchl von Erbe und W\u00e4rme in jeden Raum zu bringen, wobei ein Look, der aufgebaut ist.<\/p>\n<div id=\"slice-container-newsletterForm-articleInbodyContent-UwqHzD9edjoQkgAHjF4c7L\" class=\"slice-container newsletter-inbodyContent-slice newsletterForm-articleInbodyContent-UwqHzD9edjoQkgAHjF4c7L slice-container-newsletterForm\"><\/div>\n<p>Glidden beschreibt es so: &#8222;Mit Qualit\u00e4ten, die leise und laut, traditionell und modern, verspielt und belastbar, introvertiert und extrovertiert sind, ermutigt warme Mahagoni die Heimwerke, das Nebeneinander anzunehmen und sich in eine Farbe zu neigen, die so funktional wie modisch ist.&#8220;<\/p>\n<p>Egal, ob Sie gem\u00fctliche Ideen f\u00fcr rote Schlafzimmer kanalisieren oder einfach nur einen Fensterrahmen oder eine T\u00fcr erfrischen m\u00f6chten, warmes Mahagoni ist ein benutzerfreundlicher Farbton, der sofortige W\u00e4rme und Pers\u00f6nlichkeit verleiht.<\/p>\n<p>Wenn Sie bereit sind, die diesj\u00e4hrigen Farbtrends zu nutzen, sollten Sie eine warme Mahagoni mit komplement\u00e4ren Farbt\u00f6nen kombinieren. Durch die Auswahl der richtigen Farben f\u00fcr Red bleibt Ihr Schema anspruchsvoll und einladend, ohne sich jemals zu mutig oder stark zu f\u00fchlen.<\/p>\n<h3 class=\"article-body__section\" id=\"section-warm-mahogany-decor-picks\"><span>Warme Mahagoni -Dekoration Picks<\/span><\/h3>\n<p id=\"5c7e21da-bfff-4869-ac72-8eda73ab4f85\">Wenn Sie nicht bereit sind, Ihr gesamtes Zuhause zu malen, k\u00f6nnen Sie den Trend rot in Ihren Raum bringen. Diese warmen Mahagoni-inspirierten Dekorst\u00fccke erzeugen sofort W\u00e4rme und Komfort, ohne den Raum zu \u00fcberw\u00e4ltigen.<\/p>\n<div class=\"product-container hero-product-container product-block-no-wrap\">\n<div class=\"product-block-row\"><\/div>\n<div class=\"product-block-row\"><\/div>\n<div class=\"product-block-row\"><\/div>\n<div class=\"product-block-row\"><\/div>\n<div class=\"product-block-row\"><\/div>\n<div class=\"product-block-row\"><\/div>\n<\/div>\n<hr id=\"ba7e04d4-3d44-4f48-b7f5-e0e403975530\">\n<p id=\"77ba33c3-bcfb-43bd-9b56-6594c6fe156d\">Gliddens warmes Mahagoni ist ein wahrer Allrounder, der in jeder Jahreszeit W\u00e4rme und Energie in jeden Innenraum bringt. Egal, ob Sie die perfekte Farbe m\u00f6chten, um ein B\u00fccherregal zu rahmen oder Ihre K\u00fcche einladender zu f\u00fchlen, dieser Schatten verleiht Tiefe und die Art von gem\u00fctlicher Atmosph\u00e4re, die jedes Haus verdient.<\/p>\n<div class=\"block\" id=\"articleTag\" data-component-name=\"PostArticleLinks\">\n<div class=\"border-b border-b-black border-solid py-2.5 text-black font-bold uppercase\">Themen<\/div>\n<nav class=\"py-2.5 flex gap-2.5 flex-wrap\" data-analytics-id=\"article-tag\">\n<p>Glidden<br \/>\n<\/nav>\n<\/div>\n<\/div>\n","protected":false},"excerpt":{"rendered":"<p>Als jemand von allen Dingen, die Farbe besessen haben, kann ich nicht anders, als aufgeregt zu sein, wenn der September herumrollt &#8211; es ist die<\/p>\n","protected":false},"author":1,"featured_media":7414,"comment_status":"closed","ping_status":"","sticky":false,"template":"","format":"standard","meta":{"footnotes":""},"categories":[118],"tags":[5561],"class_list":["post-7413","post","type-post","status-publish","format-standard","has-post-thumbnail","hentry","category-haus-garten","tag-bewegen","generate-columns","tablet-grid-50","mobile-grid-100","grid-parent","grid-50"],"yoast_head":"<!-- This site is optimized with the Yoast SEO plugin v27.3 - https:\/\/yoast.com\/product\/yoast-seo-wordpress\/ -->\n<title>Bewegen - Nachrichten - Stra\u00dfenweb<\/title>\n<meta name=\"robots\" content=\"index, follow, max-snippet:-1, max-image-preview:large, max-video-preview:-1\" \/>\n<link rel=\"canonical\" href=\"https:\/\/www.strassenweb.de\/nachrichten\/bewegen\/\" \/>\n<meta property=\"og:locale\" content=\"de_DE\" \/>\n<meta property=\"og:type\" content=\"article\" \/>\n<meta property=\"og:title\" content=\"Bewegen - Nachrichten - Stra\u00dfenweb\" \/>\n<meta property=\"og:description\" content=\"Als jemand von allen Dingen, die Farbe besessen haben, kann ich nicht anders, als aufgeregt zu sein, wenn der September herumrollt &#8211; es ist die\" \/>\n<meta property=\"og:url\" content=\"https:\/\/www.strassenweb.de\/nachrichten\/bewegen\/\" \/>\n<meta property=\"og:site_name\" content=\"Stra\u00dfenweb\" \/>\n<meta property=\"article:publisher\" content=\"https:\/\/www.facebook.com\/strassenweb\/\" \/>\n<meta property=\"article:published_time\" content=\"2025-09-02T14:40:35+00:00\" \/>\n<meta property=\"article:modified_time\" content=\"2025-09-02T14:40:36+00:00\" \/>\n<meta property=\"og:image\" content=\"https:\/\/www.strassenweb.de\/nachrichten\/wp-content\/uploads\/2025\/09\/Bewegen.jpg\" \/>\n\t<meta property=\"og:image:width\" content=\"1600\" \/>\n\t<meta property=\"og:image:height\" content=\"900\" \/>\n\t<meta property=\"og:image:type\" content=\"image\/jpeg\" \/>\n<meta name=\"author\" content=\"Robert Hoffmann\" \/>\n<meta name=\"twitter:card\" content=\"summary_large_image\" \/>\n<meta name=\"twitter:label1\" content=\"Verfasst von\" \/>\n\t<meta name=\"twitter:data1\" content=\"Robert Hoffmann\" \/>\n\t<meta name=\"twitter:label2\" content=\"Gesch\u00e4tzte Lesezeit\" \/>\n\t<meta name=\"twitter:data2\" content=\"3\u00a0Minuten\" \/>\n<script type=\"application\/ld+json\" class=\"yoast-schema-graph\">{\"@context\":\"https:\\\/\\\/schema.org\",\"@graph\":[{\"@type\":\"Article\",\"@id\":\"https:\\\/\\\/www.strassenweb.de\\\/nachrichten\\\/bewegen\\\/#article\",\"isPartOf\":{\"@id\":\"https:\\\/\\\/www.strassenweb.de\\\/nachrichten\\\/bewegen\\\/\"},\"author\":{\"name\":\"Robert Hoffmann\",\"@id\":\"https:\\\/\\\/www.strassenweb.de\\\/nachrichten\\\/#\\\/schema\\\/person\\\/87c9c9067f1211da429a744dc5a5aa41\"},\"headline\":\"Bewegen\",\"datePublished\":\"2025-09-02T14:40:35+00:00\",\"dateModified\":\"2025-09-02T14:40:36+00:00\",\"mainEntityOfPage\":{\"@id\":\"https:\\\/\\\/www.strassenweb.de\\\/nachrichten\\\/bewegen\\\/\"},\"wordCount\":529,\"publisher\":{\"@id\":\"https:\\\/\\\/www.strassenweb.de\\\/nachrichten\\\/#organization\"},\"image\":{\"@id\":\"https:\\\/\\\/www.strassenweb.de\\\/nachrichten\\\/bewegen\\\/#primaryimage\"},\"thumbnailUrl\":\"https:\\\/\\\/www.strassenweb.de\\\/nachrichten\\\/wp-content\\\/uploads\\\/2025\\\/09\\\/Bewegen.jpg\",\"keywords\":[\"bewegen\"],\"articleSection\":[\"Haus &amp; Garten\"],\"inLanguage\":\"de\"},{\"@type\":\"WebPage\",\"@id\":\"https:\\\/\\\/www.strassenweb.de\\\/nachrichten\\\/bewegen\\\/\",\"url\":\"https:\\\/\\\/www.strassenweb.de\\\/nachrichten\\\/bewegen\\\/\",\"name\":\"Bewegen - Nachrichten - Stra\u00dfenweb\",\"isPartOf\":{\"@id\":\"https:\\\/\\\/www.strassenweb.de\\\/nachrichten\\\/#website\"},\"primaryImageOfPage\":{\"@id\":\"https:\\\/\\\/www.strassenweb.de\\\/nachrichten\\\/bewegen\\\/#primaryimage\"},\"image\":{\"@id\":\"https:\\\/\\\/www.strassenweb.de\\\/nachrichten\\\/bewegen\\\/#primaryimage\"},\"thumbnailUrl\":\"https:\\\/\\\/www.strassenweb.de\\\/nachrichten\\\/wp-content\\\/uploads\\\/2025\\\/09\\\/Bewegen.jpg\",\"datePublished\":\"2025-09-02T14:40:35+00:00\",\"dateModified\":\"2025-09-02T14:40:36+00:00\",\"breadcrumb\":{\"@id\":\"https:\\\/\\\/www.strassenweb.de\\\/nachrichten\\\/bewegen\\\/#breadcrumb\"},\"inLanguage\":\"de\",\"potentialAction\":[{\"@type\":\"ReadAction\",\"target\":[\"https:\\\/\\\/www.strassenweb.de\\\/nachrichten\\\/bewegen\\\/\"]}]},{\"@type\":\"ImageObject\",\"inLanguage\":\"de\",\"@id\":\"https:\\\/\\\/www.strassenweb.de\\\/nachrichten\\\/bewegen\\\/#primaryimage\",\"url\":\"https:\\\/\\\/www.strassenweb.de\\\/nachrichten\\\/wp-content\\\/uploads\\\/2025\\\/09\\\/Bewegen.jpg\",\"contentUrl\":\"https:\\\/\\\/www.strassenweb.de\\\/nachrichten\\\/wp-content\\\/uploads\\\/2025\\\/09\\\/Bewegen.jpg\",\"width\":1600,\"height\":900,\"caption\":\"Red-painted mudroom with built-in cabinetry, checkerboard tile floor, wood panelled white walls and plants\"},{\"@type\":\"BreadcrumbList\",\"@id\":\"https:\\\/\\\/www.strassenweb.de\\\/nachrichten\\\/bewegen\\\/#breadcrumb\",\"itemListElement\":[{\"@type\":\"ListItem\",\"position\":1,\"name\":\"Home\",\"item\":\"https:\\\/\\\/www.strassenweb.de\\\/nachrichten\\\/\"},{\"@type\":\"ListItem\",\"position\":2,\"name\":\"Bewegen\"}]},{\"@type\":\"WebSite\",\"@id\":\"https:\\\/\\\/www.strassenweb.de\\\/nachrichten\\\/#website\",\"url\":\"https:\\\/\\\/www.strassenweb.de\\\/nachrichten\\\/\",\"name\":\"Stra\u00dfenweb\",\"description\":\"Stra\u00dfenverzeichnis f\u00fcr Deutschland\",\"publisher\":{\"@id\":\"https:\\\/\\\/www.strassenweb.de\\\/nachrichten\\\/#organization\"},\"potentialAction\":[{\"@type\":\"SearchAction\",\"target\":{\"@type\":\"EntryPoint\",\"urlTemplate\":\"https:\\\/\\\/www.strassenweb.de\\\/nachrichten\\\/?s={search_term_string}\"},\"query-input\":{\"@type\":\"PropertyValueSpecification\",\"valueRequired\":true,\"valueName\":\"search_term_string\"}}],\"inLanguage\":\"de\"},{\"@type\":\"Organization\",\"@id\":\"https:\\\/\\\/www.strassenweb.de\\\/nachrichten\\\/#organization\",\"name\":\"Stra\u00dfenweb\",\"url\":\"https:\\\/\\\/www.strassenweb.de\\\/nachrichten\\\/\",\"logo\":{\"@type\":\"ImageObject\",\"inLanguage\":\"de\",\"@id\":\"https:\\\/\\\/www.strassenweb.de\\\/nachrichten\\\/#\\\/schema\\\/logo\\\/image\\\/\",\"url\":\"https:\\\/\\\/www.strassenweb.de\\\/nachrichten\\\/wp-content\\\/uploads\\\/2024\\\/09\\\/cropped-favicon.png\",\"contentUrl\":\"https:\\\/\\\/www.strassenweb.de\\\/nachrichten\\\/wp-content\\\/uploads\\\/2024\\\/09\\\/cropped-favicon.png\",\"width\":512,\"height\":512,\"caption\":\"Stra\u00dfenweb\"},\"image\":{\"@id\":\"https:\\\/\\\/www.strassenweb.de\\\/nachrichten\\\/#\\\/schema\\\/logo\\\/image\\\/\"},\"sameAs\":[\"https:\\\/\\\/www.facebook.com\\\/strassenweb\\\/\"]},{\"@type\":\"Person\",\"@id\":\"https:\\\/\\\/www.strassenweb.de\\\/nachrichten\\\/#\\\/schema\\\/person\\\/87c9c9067f1211da429a744dc5a5aa41\",\"name\":\"Robert Hoffmann\",\"image\":{\"@type\":\"ImageObject\",\"inLanguage\":\"de\",\"@id\":\"https:\\\/\\\/www.strassenweb.de\\\/nachrichten\\\/wp-content\\\/uploads\\\/2024\\\/09\\\/strassenweb-150x150.jpg\",\"url\":\"https:\\\/\\\/www.strassenweb.de\\\/nachrichten\\\/wp-content\\\/uploads\\\/2024\\\/09\\\/strassenweb-150x150.jpg\",\"contentUrl\":\"https:\\\/\\\/www.strassenweb.de\\\/nachrichten\\\/wp-content\\\/uploads\\\/2024\\\/09\\\/strassenweb-150x150.jpg\",\"caption\":\"Robert Hoffmann\"},\"description\":\"Ich hei\u00dfe Robert Hoffmann und ich bin ein leidenschaftlicher Verfechter von \u00d6kologie und Biodiversit\u00e4t. Seit meiner Kindheit in den W\u00e4ldern Bayerns f\u00fchle ich mich mit der Natur verbunden und bin entschlossen, sie zu sch\u00fctzen. Heute widme ich mein Leben der Sensibilisierung anderer f\u00fcr die Bedeutung des Umweltschutzes f\u00fcr zuk\u00fcnftige Generationen.\",\"sameAs\":[\"https:\\\/\\\/www.strassenweb.de\\\/\"]}]}<\/script>\n<!-- \/ Yoast SEO plugin. -->","yoast_head_json":{"title":"Bewegen - Nachrichten - Stra\u00dfenweb","robots":{"index":"index","follow":"follow","max-snippet":"max-snippet:-1","max-image-preview":"max-image-preview:large","max-video-preview":"max-video-preview:-1"},"canonical":"https:\/\/www.strassenweb.de\/nachrichten\/bewegen\/","og_locale":"de_DE","og_type":"article","og_title":"Bewegen - Nachrichten - Stra\u00dfenweb","og_description":"Als jemand von allen Dingen, die Farbe besessen haben, kann ich nicht anders, als aufgeregt zu sein, wenn der September herumrollt &#8211; es ist die","og_url":"https:\/\/www.strassenweb.de\/nachrichten\/bewegen\/","og_site_name":"Stra\u00dfenweb","article_publisher":"https:\/\/www.facebook.com\/strassenweb\/","article_published_time":"2025-09-02T14:40:35+00:00","article_modified_time":"2025-09-02T14:40:36+00:00","og_image":[{"width":1600,"height":900,"url":"https:\/\/www.strassenweb.de\/nachrichten\/wp-content\/uploads\/2025\/09\/Bewegen.jpg","type":"image\/jpeg"}],"author":"Robert Hoffmann","twitter_card":"summary_large_image","twitter_misc":{"Verfasst von":"Robert Hoffmann","Gesch\u00e4tzte Lesezeit":"3\u00a0Minuten"},"schema":{"@context":"https:\/\/schema.org","@graph":[{"@type":"Article","@id":"https:\/\/www.strassenweb.de\/nachrichten\/bewegen\/#article","isPartOf":{"@id":"https:\/\/www.strassenweb.de\/nachrichten\/bewegen\/"},"author":{"name":"Robert Hoffmann","@id":"https:\/\/www.strassenweb.de\/nachrichten\/#\/schema\/person\/87c9c9067f1211da429a744dc5a5aa41"},"headline":"Bewegen","datePublished":"2025-09-02T14:40:35+00:00","dateModified":"2025-09-02T14:40:36+00:00","mainEntityOfPage":{"@id":"https:\/\/www.strassenweb.de\/nachrichten\/bewegen\/"},"wordCount":529,"publisher":{"@id":"https:\/\/www.strassenweb.de\/nachrichten\/#organization"},"image":{"@id":"https:\/\/www.strassenweb.de\/nachrichten\/bewegen\/#primaryimage"},"thumbnailUrl":"https:\/\/www.strassenweb.de\/nachrichten\/wp-content\/uploads\/2025\/09\/Bewegen.jpg","keywords":["bewegen"],"articleSection":["Haus &amp; Garten"],"inLanguage":"de"},{"@type":"WebPage","@id":"https:\/\/www.strassenweb.de\/nachrichten\/bewegen\/","url":"https:\/\/www.strassenweb.de\/nachrichten\/bewegen\/","name":"Bewegen - Nachrichten - Stra\u00dfenweb","isPartOf":{"@id":"https:\/\/www.strassenweb.de\/nachrichten\/#website"},"primaryImageOfPage":{"@id":"https:\/\/www.strassenweb.de\/nachrichten\/bewegen\/#primaryimage"},"image":{"@id":"https:\/\/www.strassenweb.de\/nachrichten\/bewegen\/#primaryimage"},"thumbnailUrl":"https:\/\/www.strassenweb.de\/nachrichten\/wp-content\/uploads\/2025\/09\/Bewegen.jpg","datePublished":"2025-09-02T14:40:35+00:00","dateModified":"2025-09-02T14:40:36+00:00","breadcrumb":{"@id":"https:\/\/www.strassenweb.de\/nachrichten\/bewegen\/#breadcrumb"},"inLanguage":"de","potentialAction":[{"@type":"ReadAction","target":["https:\/\/www.strassenweb.de\/nachrichten\/bewegen\/"]}]},{"@type":"ImageObject","inLanguage":"de","@id":"https:\/\/www.strassenweb.de\/nachrichten\/bewegen\/#primaryimage","url":"https:\/\/www.strassenweb.de\/nachrichten\/wp-content\/uploads\/2025\/09\/Bewegen.jpg","contentUrl":"https:\/\/www.strassenweb.de\/nachrichten\/wp-content\/uploads\/2025\/09\/Bewegen.jpg","width":1600,"height":900,"caption":"Red-painted mudroom with built-in cabinetry, checkerboard tile floor, wood panelled white walls and plants"},{"@type":"BreadcrumbList","@id":"https:\/\/www.strassenweb.de\/nachrichten\/bewegen\/#breadcrumb","itemListElement":[{"@type":"ListItem","position":1,"name":"Home","item":"https:\/\/www.strassenweb.de\/nachrichten\/"},{"@type":"ListItem","position":2,"name":"Bewegen"}]},{"@type":"WebSite","@id":"https:\/\/www.strassenweb.de\/nachrichten\/#website","url":"https:\/\/www.strassenweb.de\/nachrichten\/","name":"Stra\u00dfenweb","description":"Stra\u00dfenverzeichnis f\u00fcr Deutschland","publisher":{"@id":"https:\/\/www.strassenweb.de\/nachrichten\/#organization"},"potentialAction":[{"@type":"SearchAction","target":{"@type":"EntryPoint","urlTemplate":"https:\/\/www.strassenweb.de\/nachrichten\/?s={search_term_string}"},"query-input":{"@type":"PropertyValueSpecification","valueRequired":true,"valueName":"search_term_string"}}],"inLanguage":"de"},{"@type":"Organization","@id":"https:\/\/www.strassenweb.de\/nachrichten\/#organization","name":"Stra\u00dfenweb","url":"https:\/\/www.strassenweb.de\/nachrichten\/","logo":{"@type":"ImageObject","inLanguage":"de","@id":"https:\/\/www.strassenweb.de\/nachrichten\/#\/schema\/logo\/image\/","url":"https:\/\/www.strassenweb.de\/nachrichten\/wp-content\/uploads\/2024\/09\/cropped-favicon.png","contentUrl":"https:\/\/www.strassenweb.de\/nachrichten\/wp-content\/uploads\/2024\/09\/cropped-favicon.png","width":512,"height":512,"caption":"Stra\u00dfenweb"},"image":{"@id":"https:\/\/www.strassenweb.de\/nachrichten\/#\/schema\/logo\/image\/"},"sameAs":["https:\/\/www.facebook.com\/strassenweb\/"]},{"@type":"Person","@id":"https:\/\/www.strassenweb.de\/nachrichten\/#\/schema\/person\/87c9c9067f1211da429a744dc5a5aa41","name":"Robert Hoffmann","image":{"@type":"ImageObject","inLanguage":"de","@id":"https:\/\/www.strassenweb.de\/nachrichten\/wp-content\/uploads\/2024\/09\/strassenweb-150x150.jpg","url":"https:\/\/www.strassenweb.de\/nachrichten\/wp-content\/uploads\/2024\/09\/strassenweb-150x150.jpg","contentUrl":"https:\/\/www.strassenweb.de\/nachrichten\/wp-content\/uploads\/2024\/09\/strassenweb-150x150.jpg","caption":"Robert Hoffmann"},"description":"Ich hei\u00dfe Robert Hoffmann und ich bin ein leidenschaftlicher Verfechter von \u00d6kologie und Biodiversit\u00e4t. Seit meiner Kindheit in den W\u00e4ldern Bayerns f\u00fchle ich mich mit der Natur verbunden und bin entschlossen, sie zu sch\u00fctzen. Heute widme ich mein Leben der Sensibilisierung anderer f\u00fcr die Bedeutung des Umweltschutzes f\u00fcr zuk\u00fcnftige Generationen.","sameAs":["https:\/\/www.strassenweb.de\/"]}]}},"_links":{"self":[{"href":"https:\/\/www.strassenweb.de\/nachrichten\/wp-json\/wp\/v2\/posts\/7413","targetHints":{"allow":["GET"]}}],"collection":[{"href":"https:\/\/www.strassenweb.de\/nachrichten\/wp-json\/wp\/v2\/posts"}],"about":[{"href":"https:\/\/www.strassenweb.de\/nachrichten\/wp-json\/wp\/v2\/types\/post"}],"author":[{"embeddable":true,"href":"https:\/\/www.strassenweb.de\/nachrichten\/wp-json\/wp\/v2\/users\/1"}],"replies":[{"embeddable":true,"href":"https:\/\/www.strassenweb.de\/nachrichten\/wp-json\/wp\/v2\/comments?post=7413"}],"version-history":[{"count":0,"href":"https:\/\/www.strassenweb.de\/nachrichten\/wp-json\/wp\/v2\/posts\/7413\/revisions"}],"wp:featuredmedia":[{"embeddable":true,"href":"https:\/\/www.strassenweb.de\/nachrichten\/wp-json\/wp\/v2\/media\/7414"}],"wp:attachment":[{"href":"https:\/\/www.strassenweb.de\/nachrichten\/wp-json\/wp\/v2\/media?parent=7413"}],"wp:term":[{"taxonomy":"category","embeddable":true,"href":"https:\/\/www.strassenweb.de\/nachrichten\/wp-json\/wp\/v2\/categories?post=7413"},{"taxonomy":"post_tag","embeddable":true,"href":"https:\/\/www.strassenweb.de\/nachrichten\/wp-json\/wp\/v2\/tags?post=7413"}],"curies":[{"name":"wp","href":"https:\/\/api.w.org\/{rel}","templated":true}]}}