{"id":7408,"date":"2025-09-02T10:40:22","date_gmt":"2025-09-02T08:40:22","guid":{"rendered":"https:\/\/www.strassenweb.de\/nachrichten\/ich-habe-gespannt-auf-die-neue-bade-und-koerpersammlung-dieser-kultbriten-lifestyle-marke-gewartet-ich-habe-das-gefuehl-dass-es-kurz-vor-dem-virum-wird\/"},"modified":"2025-09-02T10:40:23","modified_gmt":"2025-09-02T08:40:23","slug":"ich-habe-gespannt-auf-die-neue-bade-und-koerpersammlung-dieser-kultbriten-lifestyle-marke-gewartet-ich-habe-das-gefuehl-dass-es-kurz-vor-dem-virum-wird","status":"publish","type":"post","link":"https:\/\/www.strassenweb.de\/nachrichten\/ich-habe-gespannt-auf-die-neue-bade-und-koerpersammlung-dieser-kultbriten-lifestyle-marke-gewartet-ich-habe-das-gefuehl-dass-es-kurz-vor-dem-virum-wird\/","title":{"rendered":"Ich habe gespannt auf die neue Bade- und K\u00f6rpersammlung dieser kultbriten Lifestyle -Marke gewartet &#8211; ich habe das Gef\u00fchl, dass es kurz vor dem Virum wird"},"content":{"rendered":"<p><\/p>\n<div id=\"article-body\" class=\"article__body \">\n<p id=\"b93ea427-3390-498d-a152-ec45f455af01\">Es ist nicht jeden Tag so, dass ein Kult-Lifestyle-Laden in eine v\u00f6llig neue Reihe von Produkten abzweigt-weshalb sich die Einf\u00fchrung von Ferkel im Bad und in der k\u00f6rperorientierten Schwester, Wallow, wie ein bedeutender Anlass anf\u00fchlt. Ich habe diesen Start mit Interesse verfolgt, neugierig zu sehen, wie seine Produkte meine Selbstpflege-Rituale und langsame Abendroutinen erh\u00f6hen k\u00f6nnten.<\/p>\n<div id=\"ad-unit-1\" class=\"ad-unit\"><\/div>\n<figure class=\"van-image-figure inline-layout \" data-bordeaux-image-check id=\"e080e378-e95c-48e1-9bcd-792b638c133d\">\n<div class=\"image-full-width-wrapper\">\n<div class=\"image-widthsetter\" style=\"max-width:2000px;\"><\/div>\n<\/div>\n<\/figure>\n<p id=\"9f52ce2e-71ca-4894-8cfa-3534642aaf6e\">Sogar eine schnelle Schriftrolle durch die Website von Ferkel in der Bett reicht aus, um sich zu verlangsamen und sich zu schalten &#8211; idealerweise, indem Sie sich in weichen, neuen Bl\u00e4ttern kokonieren. Und soweit ich das beurteilen kann, ist das genau das Ziel, luxuri\u00f6se Produkte zu erstellen, die sich wie Ruhe anf\u00fchlen, abgef\u00fcllt.<\/p>\n<div class=\"van_vid_carousel\">\n<div class=\"van_vid_carousel__padding\">\n<div class=\"van_vid_carousel__container\"><\/div>\n<\/div>\n<\/div>\n<p>Von den beiden charakteristischen D\u00fcften in der Kollektion bin ich sehr aufgeregt \u00fcber ungez\u00e4hmte Moos &#8211; eine erdige Mischung aus Patchouli, Bergamotte, Geranium, Lavendel und Zitrone. Erfrischend und doch geerdet, f\u00fchlt es sich wie der perfekte Begleiter f\u00fcr gem\u00fctliche, sich selbst gef\u00fcllte Abende in den kommenden Monaten an.<\/p>\n<div id=\"ad-unit-2\" class=\"ad-unit\"><\/div>\n<figure class=\"van-image-figure inline-layout \" data-bordeaux-image-check id=\"74048300-92bc-4123-81f7-662cb930b518\">\n<div class=\"image-full-width-wrapper\">\n<div class=\"image-widthsetter\" style=\"max-width:2000px;\"><\/div>\n<\/div>\n<\/figure>\n<p id=\"d011b7e1-b8fb-4c67-95fa-d9a64f56ef1f\">Der zweite Duft, ewige Sonne, kombiniert Kokosnuss, Grapefruit, Ylang-Yylang und Jasmine mit subtilen Noten von Petitgrain (bitterorange) und Kalendula (Ringelblume). Beide D\u00fcfte sind als Bade- und K\u00f6rper\u00f6l, eine Hand und eine K\u00f6rperw\u00e4sche oder eine Hand- und K\u00f6rpercreme erh\u00e4ltlich. Sie k\u00f6nnen sich auch f\u00fcr eine dedizierte Handcreme, eine kombinierte Wasch- und Krempe oder bequeme Mini-Versionen entscheiden.<\/p>\n<p>Ferkel im Bett hat immer einen starken Schwerpunkt auf ethische Beschaffung und nat\u00fcrliche Materialien gelegt, und w\u00e4chst diese Tradition fort. Die Verpackung ist recycelbar und kann mit umweltfreundlichen Nachf\u00fcllungen aufgestiegen werden, w\u00e4hrend die Kerzen, die in ungez\u00e4hmten Moos, dem von Seesalz inspirierten Felsbecken und dem Morgenatem am Zitrusgewebe erh\u00e4ltlich sind-in Gro\u00dfbritannien aus nat\u00fcrlichen Soja-Wachs hergestellt werden.<\/p>\n<figure class=\"van-image-figure inline-layout \" data-bordeaux-image-check id=\"00c17925-6942-45fc-8f69-fa0b6e3852e8\">\n<div class=\"image-full-width-wrapper\">\n<div class=\"image-widthsetter\" style=\"max-width:2000px;\"><\/div>\n<\/div>\n<\/figure>\n<p id=\"b999496d-5f88-4482-b771-d3231a9a1cdf\">Viele Bade- und K\u00f6rpermarken versprechen, unsere Wohlbefinden zu ver\u00e4ndern, aber die Selbstpflege geht es nicht nur um Entspannung, sondern es geht darum, wesentliche Ausfallzeiten in unserem hektischen Leben herauszuholen. Nach einem langen Tag gibt es f\u00fcr mich nichts Sinnvolleres als ein hei\u00dfes Bad, ein paar verw\u00f6hnende K\u00f6rperpflegeprodukte und eine der besten Kerzen. Doch manchmal kann es sich wie eine weitere Aufgabe anf\u00fchlen, meine Liste zu entfalten, anstatt sich wiederherzustellen.<\/p>\n<div id=\"slice-container-newsletterForm-articleInbodyContent-Z8W87CWLMqmaavtMvMFd8g\" class=\"slice-container newsletter-inbodyContent-slice newsletterForm-articleInbodyContent-Z8W87CWLMqmaavtMvMFd8g slice-container-newsletterForm\"><\/div>\n<aside data-block-type=\"embed\" data-render-type=\"fte\" data-skip=\"dealsy\" data-widget-type=\"seasonal\" class=\"hawk-base\"><\/aside>\n<p id=\"b999496d-5f88-4482-b771-d3231a9a1cdf-1\">&#8222;Was ist, wenn in Ihrer Abendroutine \u00fcberhaupt etwas nicht darum geht, etwas zu erreichen, sondern einfach dar\u00fcber, wie Sie sich f\u00fchlen m\u00f6chten?&#8220; fragt Jessica Henley, Gr\u00fcnderin und CEO von Ferkel im Bett und Wallow. \u201eWir wollten Produkte kreieren, die nichts von Ihnen verlangen. Keine strengen Erwartungen &#8211; nur eine sanfte Einladung, in der Freude Ihrer eigenen Firma zu pausieren, zu atmen und sich zu suhlen. &#8218;<\/p>\n<h2 id=\"shop-wallow-by-piglet-in-bed-3\">Laden Sie sich bei Ferkel im Bett ein<\/h2>\n<div class=\"product-container hero-product-container product-block-no-wrap\">\n<div class=\"product-block-row\"><\/div>\n<div class=\"product-block-row\"><\/div>\n<div class=\"product-block-row\"><\/div>\n<div class=\"product-block-row\"><\/div>\n<div class=\"product-block-row\"><\/div>\n<div class=\"product-block-row\"><\/div>\n<\/div>\n<\/div>\n","protected":false},"excerpt":{"rendered":"<p>Es ist nicht jeden Tag so, dass ein Kult-Lifestyle-Laden in eine v\u00f6llig neue Reihe von Produkten abzweigt-weshalb sich die Einf\u00fchrung von Ferkel im Bad und<\/p>\n","protected":false},"author":1,"featured_media":7409,"comment_status":"closed","ping_status":"","sticky":false,"template":"","format":"standard","meta":{"footnotes":""},"categories":[118],"tags":[46,9849,112,51,91,9,1554,3057,9241,3236,823,129,9850,9851,6063,9852,3510,108,37,9853,524,71],"class_list":["post-7408","post","type-post","status-publish","format-standard","has-post-thumbnail","hentry","category-haus-garten","tag-auf","tag-bade","tag-das","tag-dass","tag-dem","tag-die","tag-dieser","tag-gefuehl","tag-gespannt","tag-gewartet","tag-habe","tag-ich","tag-koerpersammlung","tag-kultbriten","tag-kurz","tag-lifestyle","tag-marke","tag-neue","tag-und","tag-virum","tag-vor","tag-wird","generate-columns","tablet-grid-50","mobile-grid-100","grid-parent","grid-50"],"yoast_head":"<!-- This site is optimized with the Yoast SEO plugin v27.3 - https:\/\/yoast.com\/product\/yoast-seo-wordpress\/ -->\n<title>Ich habe gespannt auf die neue Bade- und K\u00f6rpersammlung dieser kultbriten Lifestyle -Marke gewartet - ich habe das Gef\u00fchl, dass es kurz vor dem Virum wird - Nachrichten - Stra\u00dfenweb<\/title>\n<meta name=\"robots\" content=\"index, follow, max-snippet:-1, max-image-preview:large, max-video-preview:-1\" \/>\n<link rel=\"canonical\" href=\"https:\/\/www.strassenweb.de\/nachrichten\/ich-habe-gespannt-auf-die-neue-bade-und-koerpersammlung-dieser-kultbriten-lifestyle-marke-gewartet-ich-habe-das-gefuehl-dass-es-kurz-vor-dem-virum-wird\/\" \/>\n<meta property=\"og:locale\" content=\"de_DE\" \/>\n<meta property=\"og:type\" content=\"article\" \/>\n<meta property=\"og:title\" content=\"Ich habe gespannt auf die neue Bade- und K\u00f6rpersammlung dieser kultbriten Lifestyle -Marke gewartet - ich habe das Gef\u00fchl, dass es kurz vor dem Virum wird - Nachrichten - Stra\u00dfenweb\" \/>\n<meta property=\"og:description\" content=\"Es ist nicht jeden Tag so, dass ein Kult-Lifestyle-Laden in eine v\u00f6llig neue Reihe von Produkten abzweigt-weshalb sich die Einf\u00fchrung von Ferkel im Bad und\" \/>\n<meta property=\"og:url\" content=\"https:\/\/www.strassenweb.de\/nachrichten\/ich-habe-gespannt-auf-die-neue-bade-und-koerpersammlung-dieser-kultbriten-lifestyle-marke-gewartet-ich-habe-das-gefuehl-dass-es-kurz-vor-dem-virum-wird\/\" \/>\n<meta property=\"og:site_name\" content=\"Stra\u00dfenweb\" \/>\n<meta property=\"article:publisher\" content=\"https:\/\/www.facebook.com\/strassenweb\/\" \/>\n<meta property=\"article:published_time\" content=\"2025-09-02T08:40:22+00:00\" \/>\n<meta property=\"article:modified_time\" content=\"2025-09-02T08:40:23+00:00\" \/>\n<meta property=\"og:image\" content=\"https:\/\/www.strassenweb.de\/nachrichten\/wp-content\/uploads\/2025\/09\/Ich-habe-gespannt-auf-die-neue-Bade-und-Koerpersammlung-dieser.jpg\" \/>\n\t<meta property=\"og:image:width\" content=\"1600\" \/>\n\t<meta property=\"og:image:height\" content=\"900\" \/>\n\t<meta property=\"og:image:type\" content=\"image\/jpeg\" \/>\n<meta name=\"author\" content=\"Robert Hoffmann\" \/>\n<meta name=\"twitter:card\" content=\"summary_large_image\" \/>\n<meta name=\"twitter:label1\" content=\"Verfasst von\" \/>\n\t<meta name=\"twitter:data1\" content=\"Robert Hoffmann\" \/>\n\t<meta name=\"twitter:label2\" content=\"Gesch\u00e4tzte Lesezeit\" \/>\n\t<meta name=\"twitter:data2\" content=\"2\u00a0Minuten\" \/>\n<script type=\"application\/ld+json\" class=\"yoast-schema-graph\">{\"@context\":\"https:\\\/\\\/schema.org\",\"@graph\":[{\"@type\":\"Article\",\"@id\":\"https:\\\/\\\/www.strassenweb.de\\\/nachrichten\\\/ich-habe-gespannt-auf-die-neue-bade-und-koerpersammlung-dieser-kultbriten-lifestyle-marke-gewartet-ich-habe-das-gefuehl-dass-es-kurz-vor-dem-virum-wird\\\/#article\",\"isPartOf\":{\"@id\":\"https:\\\/\\\/www.strassenweb.de\\\/nachrichten\\\/ich-habe-gespannt-auf-die-neue-bade-und-koerpersammlung-dieser-kultbriten-lifestyle-marke-gewartet-ich-habe-das-gefuehl-dass-es-kurz-vor-dem-virum-wird\\\/\"},\"author\":{\"name\":\"Robert Hoffmann\",\"@id\":\"https:\\\/\\\/www.strassenweb.de\\\/nachrichten\\\/#\\\/schema\\\/person\\\/87c9c9067f1211da429a744dc5a5aa41\"},\"headline\":\"Ich habe gespannt auf die neue Bade- und K\u00f6rpersammlung dieser kultbriten Lifestyle -Marke gewartet &#8211; ich habe das Gef\u00fchl, dass es kurz vor dem Virum wird\",\"datePublished\":\"2025-09-02T08:40:22+00:00\",\"dateModified\":\"2025-09-02T08:40:23+00:00\",\"mainEntityOfPage\":{\"@id\":\"https:\\\/\\\/www.strassenweb.de\\\/nachrichten\\\/ich-habe-gespannt-auf-die-neue-bade-und-koerpersammlung-dieser-kultbriten-lifestyle-marke-gewartet-ich-habe-das-gefuehl-dass-es-kurz-vor-dem-virum-wird\\\/\"},\"wordCount\":481,\"publisher\":{\"@id\":\"https:\\\/\\\/www.strassenweb.de\\\/nachrichten\\\/#organization\"},\"image\":{\"@id\":\"https:\\\/\\\/www.strassenweb.de\\\/nachrichten\\\/ich-habe-gespannt-auf-die-neue-bade-und-koerpersammlung-dieser-kultbriten-lifestyle-marke-gewartet-ich-habe-das-gefuehl-dass-es-kurz-vor-dem-virum-wird\\\/#primaryimage\"},\"thumbnailUrl\":\"https:\\\/\\\/www.strassenweb.de\\\/nachrichten\\\/wp-content\\\/uploads\\\/2025\\\/09\\\/Ich-habe-gespannt-auf-die-neue-Bade-und-Koerpersammlung-dieser.jpg\",\"keywords\":[\"auf\",\"Bade\",\"das\",\"dass\",\"dem\",\"die\",\"dieser\",\"Gef\u00fchl\",\"gespannt\",\"gewartet\",\"habe\",\"ich\",\"K\u00f6rpersammlung\",\"kultbriten\",\"kurz\",\"Lifestyle\",\"Marke\",\"Neue\",\"und\",\"Virum\",\"vor\",\"wird\"],\"articleSection\":[\"Haus &amp; Garten\"],\"inLanguage\":\"de\"},{\"@type\":\"WebPage\",\"@id\":\"https:\\\/\\\/www.strassenweb.de\\\/nachrichten\\\/ich-habe-gespannt-auf-die-neue-bade-und-koerpersammlung-dieser-kultbriten-lifestyle-marke-gewartet-ich-habe-das-gefuehl-dass-es-kurz-vor-dem-virum-wird\\\/\",\"url\":\"https:\\\/\\\/www.strassenweb.de\\\/nachrichten\\\/ich-habe-gespannt-auf-die-neue-bade-und-koerpersammlung-dieser-kultbriten-lifestyle-marke-gewartet-ich-habe-das-gefuehl-dass-es-kurz-vor-dem-virum-wird\\\/\",\"name\":\"Ich habe gespannt auf die neue Bade- und K\u00f6rpersammlung dieser kultbriten Lifestyle -Marke gewartet - ich habe das Gef\u00fchl, dass es kurz vor dem Virum wird - Nachrichten - Stra\u00dfenweb\",\"isPartOf\":{\"@id\":\"https:\\\/\\\/www.strassenweb.de\\\/nachrichten\\\/#website\"},\"primaryImageOfPage\":{\"@id\":\"https:\\\/\\\/www.strassenweb.de\\\/nachrichten\\\/ich-habe-gespannt-auf-die-neue-bade-und-koerpersammlung-dieser-kultbriten-lifestyle-marke-gewartet-ich-habe-das-gefuehl-dass-es-kurz-vor-dem-virum-wird\\\/#primaryimage\"},\"image\":{\"@id\":\"https:\\\/\\\/www.strassenweb.de\\\/nachrichten\\\/ich-habe-gespannt-auf-die-neue-bade-und-koerpersammlung-dieser-kultbriten-lifestyle-marke-gewartet-ich-habe-das-gefuehl-dass-es-kurz-vor-dem-virum-wird\\\/#primaryimage\"},\"thumbnailUrl\":\"https:\\\/\\\/www.strassenweb.de\\\/nachrichten\\\/wp-content\\\/uploads\\\/2025\\\/09\\\/Ich-habe-gespannt-auf-die-neue-Bade-und-Koerpersammlung-dieser.jpg\",\"datePublished\":\"2025-09-02T08:40:22+00:00\",\"dateModified\":\"2025-09-02T08:40:23+00:00\",\"breadcrumb\":{\"@id\":\"https:\\\/\\\/www.strassenweb.de\\\/nachrichten\\\/ich-habe-gespannt-auf-die-neue-bade-und-koerpersammlung-dieser-kultbriten-lifestyle-marke-gewartet-ich-habe-das-gefuehl-dass-es-kurz-vor-dem-virum-wird\\\/#breadcrumb\"},\"inLanguage\":\"de\",\"potentialAction\":[{\"@type\":\"ReadAction\",\"target\":[\"https:\\\/\\\/www.strassenweb.de\\\/nachrichten\\\/ich-habe-gespannt-auf-die-neue-bade-und-koerpersammlung-dieser-kultbriten-lifestyle-marke-gewartet-ich-habe-das-gefuehl-dass-es-kurz-vor-dem-virum-wird\\\/\"]}]},{\"@type\":\"ImageObject\",\"inLanguage\":\"de\",\"@id\":\"https:\\\/\\\/www.strassenweb.de\\\/nachrichten\\\/ich-habe-gespannt-auf-die-neue-bade-und-koerpersammlung-dieser-kultbriten-lifestyle-marke-gewartet-ich-habe-das-gefuehl-dass-es-kurz-vor-dem-virum-wird\\\/#primaryimage\",\"url\":\"https:\\\/\\\/www.strassenweb.de\\\/nachrichten\\\/wp-content\\\/uploads\\\/2025\\\/09\\\/Ich-habe-gespannt-auf-die-neue-Bade-und-Koerpersammlung-dieser.jpg\",\"contentUrl\":\"https:\\\/\\\/www.strassenweb.de\\\/nachrichten\\\/wp-content\\\/uploads\\\/2025\\\/09\\\/Ich-habe-gespannt-auf-die-neue-Bade-und-Koerpersammlung-dieser.jpg\",\"width\":1600,\"height\":900,\"caption\":\"White bottle of body wash in rock stream\"},{\"@type\":\"BreadcrumbList\",\"@id\":\"https:\\\/\\\/www.strassenweb.de\\\/nachrichten\\\/ich-habe-gespannt-auf-die-neue-bade-und-koerpersammlung-dieser-kultbriten-lifestyle-marke-gewartet-ich-habe-das-gefuehl-dass-es-kurz-vor-dem-virum-wird\\\/#breadcrumb\",\"itemListElement\":[{\"@type\":\"ListItem\",\"position\":1,\"name\":\"Home\",\"item\":\"https:\\\/\\\/www.strassenweb.de\\\/nachrichten\\\/\"},{\"@type\":\"ListItem\",\"position\":2,\"name\":\"Ich habe gespannt auf die neue Bade- und K\u00f6rpersammlung dieser kultbriten Lifestyle -Marke gewartet &#8211; ich habe das Gef\u00fchl, dass es kurz vor dem Virum wird\"}]},{\"@type\":\"WebSite\",\"@id\":\"https:\\\/\\\/www.strassenweb.de\\\/nachrichten\\\/#website\",\"url\":\"https:\\\/\\\/www.strassenweb.de\\\/nachrichten\\\/\",\"name\":\"Stra\u00dfenweb\",\"description\":\"Stra\u00dfenverzeichnis f\u00fcr Deutschland\",\"publisher\":{\"@id\":\"https:\\\/\\\/www.strassenweb.de\\\/nachrichten\\\/#organization\"},\"potentialAction\":[{\"@type\":\"SearchAction\",\"target\":{\"@type\":\"EntryPoint\",\"urlTemplate\":\"https:\\\/\\\/www.strassenweb.de\\\/nachrichten\\\/?s={search_term_string}\"},\"query-input\":{\"@type\":\"PropertyValueSpecification\",\"valueRequired\":true,\"valueName\":\"search_term_string\"}}],\"inLanguage\":\"de\"},{\"@type\":\"Organization\",\"@id\":\"https:\\\/\\\/www.strassenweb.de\\\/nachrichten\\\/#organization\",\"name\":\"Stra\u00dfenweb\",\"url\":\"https:\\\/\\\/www.strassenweb.de\\\/nachrichten\\\/\",\"logo\":{\"@type\":\"ImageObject\",\"inLanguage\":\"de\",\"@id\":\"https:\\\/\\\/www.strassenweb.de\\\/nachrichten\\\/#\\\/schema\\\/logo\\\/image\\\/\",\"url\":\"https:\\\/\\\/www.strassenweb.de\\\/nachrichten\\\/wp-content\\\/uploads\\\/2024\\\/09\\\/cropped-favicon.png\",\"contentUrl\":\"https:\\\/\\\/www.strassenweb.de\\\/nachrichten\\\/wp-content\\\/uploads\\\/2024\\\/09\\\/cropped-favicon.png\",\"width\":512,\"height\":512,\"caption\":\"Stra\u00dfenweb\"},\"image\":{\"@id\":\"https:\\\/\\\/www.strassenweb.de\\\/nachrichten\\\/#\\\/schema\\\/logo\\\/image\\\/\"},\"sameAs\":[\"https:\\\/\\\/www.facebook.com\\\/strassenweb\\\/\"]},{\"@type\":\"Person\",\"@id\":\"https:\\\/\\\/www.strassenweb.de\\\/nachrichten\\\/#\\\/schema\\\/person\\\/87c9c9067f1211da429a744dc5a5aa41\",\"name\":\"Robert Hoffmann\",\"image\":{\"@type\":\"ImageObject\",\"inLanguage\":\"de\",\"@id\":\"https:\\\/\\\/www.strassenweb.de\\\/nachrichten\\\/wp-content\\\/uploads\\\/2024\\\/09\\\/strassenweb-150x150.jpg\",\"url\":\"https:\\\/\\\/www.strassenweb.de\\\/nachrichten\\\/wp-content\\\/uploads\\\/2024\\\/09\\\/strassenweb-150x150.jpg\",\"contentUrl\":\"https:\\\/\\\/www.strassenweb.de\\\/nachrichten\\\/wp-content\\\/uploads\\\/2024\\\/09\\\/strassenweb-150x150.jpg\",\"caption\":\"Robert Hoffmann\"},\"description\":\"Ich hei\u00dfe Robert Hoffmann und ich bin ein leidenschaftlicher Verfechter von \u00d6kologie und Biodiversit\u00e4t. Seit meiner Kindheit in den W\u00e4ldern Bayerns f\u00fchle ich mich mit der Natur verbunden und bin entschlossen, sie zu sch\u00fctzen. Heute widme ich mein Leben der Sensibilisierung anderer f\u00fcr die Bedeutung des Umweltschutzes f\u00fcr zuk\u00fcnftige Generationen.\",\"sameAs\":[\"https:\\\/\\\/www.strassenweb.de\\\/\"]}]}<\/script>\n<!-- \/ Yoast SEO plugin. -->","yoast_head_json":{"title":"Ich habe gespannt auf die neue Bade- und K\u00f6rpersammlung dieser kultbriten Lifestyle -Marke gewartet - ich habe das Gef\u00fchl, dass es kurz vor dem Virum wird - Nachrichten - Stra\u00dfenweb","robots":{"index":"index","follow":"follow","max-snippet":"max-snippet:-1","max-image-preview":"max-image-preview:large","max-video-preview":"max-video-preview:-1"},"canonical":"https:\/\/www.strassenweb.de\/nachrichten\/ich-habe-gespannt-auf-die-neue-bade-und-koerpersammlung-dieser-kultbriten-lifestyle-marke-gewartet-ich-habe-das-gefuehl-dass-es-kurz-vor-dem-virum-wird\/","og_locale":"de_DE","og_type":"article","og_title":"Ich habe gespannt auf die neue Bade- und K\u00f6rpersammlung dieser kultbriten Lifestyle -Marke gewartet - ich habe das Gef\u00fchl, dass es kurz vor dem Virum wird - Nachrichten - Stra\u00dfenweb","og_description":"Es ist nicht jeden Tag so, dass ein Kult-Lifestyle-Laden in eine v\u00f6llig neue Reihe von Produkten abzweigt-weshalb sich die Einf\u00fchrung von Ferkel im Bad und","og_url":"https:\/\/www.strassenweb.de\/nachrichten\/ich-habe-gespannt-auf-die-neue-bade-und-koerpersammlung-dieser-kultbriten-lifestyle-marke-gewartet-ich-habe-das-gefuehl-dass-es-kurz-vor-dem-virum-wird\/","og_site_name":"Stra\u00dfenweb","article_publisher":"https:\/\/www.facebook.com\/strassenweb\/","article_published_time":"2025-09-02T08:40:22+00:00","article_modified_time":"2025-09-02T08:40:23+00:00","og_image":[{"width":1600,"height":900,"url":"https:\/\/www.strassenweb.de\/nachrichten\/wp-content\/uploads\/2025\/09\/Ich-habe-gespannt-auf-die-neue-Bade-und-Koerpersammlung-dieser.jpg","type":"image\/jpeg"}],"author":"Robert Hoffmann","twitter_card":"summary_large_image","twitter_misc":{"Verfasst von":"Robert Hoffmann","Gesch\u00e4tzte Lesezeit":"2\u00a0Minuten"},"schema":{"@context":"https:\/\/schema.org","@graph":[{"@type":"Article","@id":"https:\/\/www.strassenweb.de\/nachrichten\/ich-habe-gespannt-auf-die-neue-bade-und-koerpersammlung-dieser-kultbriten-lifestyle-marke-gewartet-ich-habe-das-gefuehl-dass-es-kurz-vor-dem-virum-wird\/#article","isPartOf":{"@id":"https:\/\/www.strassenweb.de\/nachrichten\/ich-habe-gespannt-auf-die-neue-bade-und-koerpersammlung-dieser-kultbriten-lifestyle-marke-gewartet-ich-habe-das-gefuehl-dass-es-kurz-vor-dem-virum-wird\/"},"author":{"name":"Robert Hoffmann","@id":"https:\/\/www.strassenweb.de\/nachrichten\/#\/schema\/person\/87c9c9067f1211da429a744dc5a5aa41"},"headline":"Ich habe gespannt auf die neue Bade- und K\u00f6rpersammlung dieser kultbriten Lifestyle -Marke gewartet &#8211; ich habe das Gef\u00fchl, dass es kurz vor dem Virum wird","datePublished":"2025-09-02T08:40:22+00:00","dateModified":"2025-09-02T08:40:23+00:00","mainEntityOfPage":{"@id":"https:\/\/www.strassenweb.de\/nachrichten\/ich-habe-gespannt-auf-die-neue-bade-und-koerpersammlung-dieser-kultbriten-lifestyle-marke-gewartet-ich-habe-das-gefuehl-dass-es-kurz-vor-dem-virum-wird\/"},"wordCount":481,"publisher":{"@id":"https:\/\/www.strassenweb.de\/nachrichten\/#organization"},"image":{"@id":"https:\/\/www.strassenweb.de\/nachrichten\/ich-habe-gespannt-auf-die-neue-bade-und-koerpersammlung-dieser-kultbriten-lifestyle-marke-gewartet-ich-habe-das-gefuehl-dass-es-kurz-vor-dem-virum-wird\/#primaryimage"},"thumbnailUrl":"https:\/\/www.strassenweb.de\/nachrichten\/wp-content\/uploads\/2025\/09\/Ich-habe-gespannt-auf-die-neue-Bade-und-Koerpersammlung-dieser.jpg","keywords":["auf","Bade","das","dass","dem","die","dieser","Gef\u00fchl","gespannt","gewartet","habe","ich","K\u00f6rpersammlung","kultbriten","kurz","Lifestyle","Marke","Neue","und","Virum","vor","wird"],"articleSection":["Haus &amp; Garten"],"inLanguage":"de"},{"@type":"WebPage","@id":"https:\/\/www.strassenweb.de\/nachrichten\/ich-habe-gespannt-auf-die-neue-bade-und-koerpersammlung-dieser-kultbriten-lifestyle-marke-gewartet-ich-habe-das-gefuehl-dass-es-kurz-vor-dem-virum-wird\/","url":"https:\/\/www.strassenweb.de\/nachrichten\/ich-habe-gespannt-auf-die-neue-bade-und-koerpersammlung-dieser-kultbriten-lifestyle-marke-gewartet-ich-habe-das-gefuehl-dass-es-kurz-vor-dem-virum-wird\/","name":"Ich habe gespannt auf die neue Bade- und K\u00f6rpersammlung dieser kultbriten Lifestyle -Marke gewartet - ich habe das Gef\u00fchl, dass es kurz vor dem Virum wird - Nachrichten - Stra\u00dfenweb","isPartOf":{"@id":"https:\/\/www.strassenweb.de\/nachrichten\/#website"},"primaryImageOfPage":{"@id":"https:\/\/www.strassenweb.de\/nachrichten\/ich-habe-gespannt-auf-die-neue-bade-und-koerpersammlung-dieser-kultbriten-lifestyle-marke-gewartet-ich-habe-das-gefuehl-dass-es-kurz-vor-dem-virum-wird\/#primaryimage"},"image":{"@id":"https:\/\/www.strassenweb.de\/nachrichten\/ich-habe-gespannt-auf-die-neue-bade-und-koerpersammlung-dieser-kultbriten-lifestyle-marke-gewartet-ich-habe-das-gefuehl-dass-es-kurz-vor-dem-virum-wird\/#primaryimage"},"thumbnailUrl":"https:\/\/www.strassenweb.de\/nachrichten\/wp-content\/uploads\/2025\/09\/Ich-habe-gespannt-auf-die-neue-Bade-und-Koerpersammlung-dieser.jpg","datePublished":"2025-09-02T08:40:22+00:00","dateModified":"2025-09-02T08:40:23+00:00","breadcrumb":{"@id":"https:\/\/www.strassenweb.de\/nachrichten\/ich-habe-gespannt-auf-die-neue-bade-und-koerpersammlung-dieser-kultbriten-lifestyle-marke-gewartet-ich-habe-das-gefuehl-dass-es-kurz-vor-dem-virum-wird\/#breadcrumb"},"inLanguage":"de","potentialAction":[{"@type":"ReadAction","target":["https:\/\/www.strassenweb.de\/nachrichten\/ich-habe-gespannt-auf-die-neue-bade-und-koerpersammlung-dieser-kultbriten-lifestyle-marke-gewartet-ich-habe-das-gefuehl-dass-es-kurz-vor-dem-virum-wird\/"]}]},{"@type":"ImageObject","inLanguage":"de","@id":"https:\/\/www.strassenweb.de\/nachrichten\/ich-habe-gespannt-auf-die-neue-bade-und-koerpersammlung-dieser-kultbriten-lifestyle-marke-gewartet-ich-habe-das-gefuehl-dass-es-kurz-vor-dem-virum-wird\/#primaryimage","url":"https:\/\/www.strassenweb.de\/nachrichten\/wp-content\/uploads\/2025\/09\/Ich-habe-gespannt-auf-die-neue-Bade-und-Koerpersammlung-dieser.jpg","contentUrl":"https:\/\/www.strassenweb.de\/nachrichten\/wp-content\/uploads\/2025\/09\/Ich-habe-gespannt-auf-die-neue-Bade-und-Koerpersammlung-dieser.jpg","width":1600,"height":900,"caption":"White bottle of body wash in rock stream"},{"@type":"BreadcrumbList","@id":"https:\/\/www.strassenweb.de\/nachrichten\/ich-habe-gespannt-auf-die-neue-bade-und-koerpersammlung-dieser-kultbriten-lifestyle-marke-gewartet-ich-habe-das-gefuehl-dass-es-kurz-vor-dem-virum-wird\/#breadcrumb","itemListElement":[{"@type":"ListItem","position":1,"name":"Home","item":"https:\/\/www.strassenweb.de\/nachrichten\/"},{"@type":"ListItem","position":2,"name":"Ich habe gespannt auf die neue Bade- und K\u00f6rpersammlung dieser kultbriten Lifestyle -Marke gewartet &#8211; ich habe das Gef\u00fchl, dass es kurz vor dem Virum wird"}]},{"@type":"WebSite","@id":"https:\/\/www.strassenweb.de\/nachrichten\/#website","url":"https:\/\/www.strassenweb.de\/nachrichten\/","name":"Stra\u00dfenweb","description":"Stra\u00dfenverzeichnis f\u00fcr Deutschland","publisher":{"@id":"https:\/\/www.strassenweb.de\/nachrichten\/#organization"},"potentialAction":[{"@type":"SearchAction","target":{"@type":"EntryPoint","urlTemplate":"https:\/\/www.strassenweb.de\/nachrichten\/?s={search_term_string}"},"query-input":{"@type":"PropertyValueSpecification","valueRequired":true,"valueName":"search_term_string"}}],"inLanguage":"de"},{"@type":"Organization","@id":"https:\/\/www.strassenweb.de\/nachrichten\/#organization","name":"Stra\u00dfenweb","url":"https:\/\/www.strassenweb.de\/nachrichten\/","logo":{"@type":"ImageObject","inLanguage":"de","@id":"https:\/\/www.strassenweb.de\/nachrichten\/#\/schema\/logo\/image\/","url":"https:\/\/www.strassenweb.de\/nachrichten\/wp-content\/uploads\/2024\/09\/cropped-favicon.png","contentUrl":"https:\/\/www.strassenweb.de\/nachrichten\/wp-content\/uploads\/2024\/09\/cropped-favicon.png","width":512,"height":512,"caption":"Stra\u00dfenweb"},"image":{"@id":"https:\/\/www.strassenweb.de\/nachrichten\/#\/schema\/logo\/image\/"},"sameAs":["https:\/\/www.facebook.com\/strassenweb\/"]},{"@type":"Person","@id":"https:\/\/www.strassenweb.de\/nachrichten\/#\/schema\/person\/87c9c9067f1211da429a744dc5a5aa41","name":"Robert Hoffmann","image":{"@type":"ImageObject","inLanguage":"de","@id":"https:\/\/www.strassenweb.de\/nachrichten\/wp-content\/uploads\/2024\/09\/strassenweb-150x150.jpg","url":"https:\/\/www.strassenweb.de\/nachrichten\/wp-content\/uploads\/2024\/09\/strassenweb-150x150.jpg","contentUrl":"https:\/\/www.strassenweb.de\/nachrichten\/wp-content\/uploads\/2024\/09\/strassenweb-150x150.jpg","caption":"Robert Hoffmann"},"description":"Ich hei\u00dfe Robert Hoffmann und ich bin ein leidenschaftlicher Verfechter von \u00d6kologie und Biodiversit\u00e4t. Seit meiner Kindheit in den W\u00e4ldern Bayerns f\u00fchle ich mich mit der Natur verbunden und bin entschlossen, sie zu sch\u00fctzen. Heute widme ich mein Leben der Sensibilisierung anderer f\u00fcr die Bedeutung des Umweltschutzes f\u00fcr zuk\u00fcnftige Generationen.","sameAs":["https:\/\/www.strassenweb.de\/"]}]}},"_links":{"self":[{"href":"https:\/\/www.strassenweb.de\/nachrichten\/wp-json\/wp\/v2\/posts\/7408","targetHints":{"allow":["GET"]}}],"collection":[{"href":"https:\/\/www.strassenweb.de\/nachrichten\/wp-json\/wp\/v2\/posts"}],"about":[{"href":"https:\/\/www.strassenweb.de\/nachrichten\/wp-json\/wp\/v2\/types\/post"}],"author":[{"embeddable":true,"href":"https:\/\/www.strassenweb.de\/nachrichten\/wp-json\/wp\/v2\/users\/1"}],"replies":[{"embeddable":true,"href":"https:\/\/www.strassenweb.de\/nachrichten\/wp-json\/wp\/v2\/comments?post=7408"}],"version-history":[{"count":0,"href":"https:\/\/www.strassenweb.de\/nachrichten\/wp-json\/wp\/v2\/posts\/7408\/revisions"}],"wp:featuredmedia":[{"embeddable":true,"href":"https:\/\/www.strassenweb.de\/nachrichten\/wp-json\/wp\/v2\/media\/7409"}],"wp:attachment":[{"href":"https:\/\/www.strassenweb.de\/nachrichten\/wp-json\/wp\/v2\/media?parent=7408"}],"wp:term":[{"taxonomy":"category","embeddable":true,"href":"https:\/\/www.strassenweb.de\/nachrichten\/wp-json\/wp\/v2\/categories?post=7408"},{"taxonomy":"post_tag","embeddable":true,"href":"https:\/\/www.strassenweb.de\/nachrichten\/wp-json\/wp\/v2\/tags?post=7408"}],"curies":[{"name":"wp","href":"https:\/\/api.w.org\/{rel}","templated":true}]}}