{"id":7405,"date":"2025-09-02T07:40:14","date_gmt":"2025-09-02T05:40:14","guid":{"rendered":"https:\/\/www.strassenweb.de\/nachrichten\/sie-werden-sich-spaeter-bedanken-sagen-profis-5-dinge-die-ich-diesen-september-dringend-organisiere-um-mich-auf-den-herbst-und-eine-geschaeftige-hosting-saison-vorzubereiten\/"},"modified":"2025-09-02T07:40:15","modified_gmt":"2025-09-02T05:40:15","slug":"sie-werden-sich-spaeter-bedanken-sagen-profis-5-dinge-die-ich-diesen-september-dringend-organisiere-um-mich-auf-den-herbst-und-eine-geschaeftige-hosting-saison-vorzubereiten","status":"publish","type":"post","link":"https:\/\/www.strassenweb.de\/nachrichten\/sie-werden-sich-spaeter-bedanken-sagen-profis-5-dinge-die-ich-diesen-september-dringend-organisiere-um-mich-auf-den-herbst-und-eine-geschaeftige-hosting-saison-vorzubereiten\/","title":{"rendered":"&#8222;Sie werden sich sp\u00e4ter bedanken&#8220;, sagen Profis &#8211; 5 Dinge, die ich diesen September dringend organisiere, um mich auf den Herbst und eine gesch\u00e4ftige Hosting -Saison vorzubereiten"},"content":{"rendered":"<p><\/p>\n<div id=\"article-body\" class=\"article__body \">\n<p id=\"b8275993-52b7-44ba-866b-5dd3647de0a5\">Sie fragen sich, welche Dinge im September organisieren sollen? Wenn sich die Stunden nat\u00fcrlicher Licht und Temperaturen zusammenziehen und wir nat\u00fcrlich mehr Zeit im Innenbereich verbringen, werden Sie Ihr Zuhause jetzt mit minimalem Chaos und Stress in den Herbst verwandeln.<\/p>\n<div id=\"ad-unit-1\" class=\"ad-unit\"><\/div>\n<p>Ich organisiere f\u00fcnf Schl\u00fcsselbereiche, einschlie\u00dflich meiner Garderobe, und professionelle Organisatoren sind sich einig, dass es keine Zeit wie die Gegenwart gibt, um Ihr Zuhause f\u00fcr die k\u00fchleren Jahreszeiten vorzubereiten.<\/p>\n<aside data-block-type=\"embed\" data-render-type=\"fte\" data-skip=\"dealsy\" data-widget-type=\"seasonal\" class=\"hawk-base\"><\/aside>\n<p id=\"b8275993-52b7-44ba-866b-5dd3647de0a5-2\">Hier sind all die Dinge, die ich mir die Zeit nehmen werde, um im September als Teil meiner monatlichen Aufgaben zu Hause zu organisieren, und warum Sie es auch sollten.<\/p>\n<div class=\"van_vid_carousel\">\n<div class=\"van_vid_carousel__padding\">\n<div class=\"van_vid_carousel__container\"><\/div>\n<\/div>\n<\/div>\n<h2 id=\"5-things-i-m-organizing-in-september-3\">5 Dinge, die ich im September organisiere<\/h2>\n<h3 class=\"article-body__section\" id=\"section-1-my-wardrobe\"><span>1. Meine Garderobe<\/span><\/h3>\n<figure class=\"van-image-figure inline-layout \" data-bordeaux-image-check id=\"ab3dbb65-7989-4be6-944b-6ebaa7491d17\">\n<div class=\"image-full-width-wrapper\">\n<div class=\"image-widthsetter\" style=\"max-width:2000px;\"><\/div>\n<\/div><figcaption class=\"inline-layout \">\n<div class=\"caption-text\">\n<p>Ich wechsle meine Sommerkleidung f\u00fcr w\u00e4rmere vor der neuen Saison y aus<\/p>\n<\/div>\n<\/figcaption><\/figure>\n<p id=\"139dd238-4b53-4d8a-a870-4c0c3695c0a1\">Der Wechsel der Jahreszeiten markiert die perfekte Zeit, um meine Sommerkleidung f\u00fcr l\u00e4ngerfristige Lagerung wegzusetzen, meine dickeren, schwereren Kleidung und Socken herauszubringen und meinen Schrank f\u00fcr den Herbst zu organisieren.<\/p>\n<div id=\"ad-unit-2\" class=\"ad-unit\"><\/div>\n<p>Wie Dise avest, professioneller Organisator und Gr\u00fcnder von Diisorganized, sagt: \u201eDas k\u00fchlere Wetter schleicht sich im September schnell an. Es ist also eine gro\u00dfartige Zeit, um Kleidung zu drehen.<\/p>\n<p>&#8222;Bringen Sie die gem\u00fctlichen Schichten ein und ziehen Sie die Shorts und Panzer aus, die Sie erst im n\u00e4chsten Sommer ber\u00fchren.&#8220; Ich neige dazu, diese versteckten in unterbettenden Speicherideen zu lagern, wie die Amazon -Grundlagen unter Bettstra\u00dfenbeh\u00e4ltertaschen, die bei Amazon erh\u00e4ltlich sind.<\/p>\n<p>&#8222;W\u00e4hrend Sie dabei sind, spenden (oder verkaufen), was nicht mehr passt &#8211; insbesondere Kinderkleidung, die sie \u00fcber Nacht auswachsen&#8220;, f\u00fcgt DI hinzu.<\/p>\n<div id=\"slice-container-newsletterForm-articleInbodyContent-XjTvbrv8gbkgCwdnUBhXPF\" class=\"slice-container newsletter-inbodyContent-slice newsletterForm-articleInbodyContent-XjTvbrv8gbkgCwdnUBhXPF slice-container-newsletterForm\"><\/div>\n<p>Dar\u00fcber hinaus empfiehlt der professionelle Organisator, CEO und Gr\u00fcnder von Dclutterfly, Tracy McCubbin, besonders, wenn Ihr zugewiesener Schrank bereits \u00fcberf\u00fcllt ist, wie meine, insbesondere wenn Ihr zugewiesener Schrank bereits \u00fcberf\u00fcllt ist.<\/p>\n<p>&#8222;Bevor die Temperatur sinkt, lassen Sie alle M\u00e4ntel und Jacken, die Sie nicht mehr wollen oder brauchen, los&#8220;, r\u00e4t sie. &#8218;Diejenigen, die nicht warm sind, die mit gebrochenen Rei\u00dfverschl\u00fcssen und diejenigen, die nicht passen. Ihr kaltes Selbst wird es Ihnen danken, wenn Sie als n\u00e4chstes eine Jacke schnappen m\u00fcssen! &#8218;<\/p>\n<h3 class=\"article-body__section\" id=\"section-2-pool-and-outdoor-toys\"><span>2. Pool und Spielzeug im Freien<\/span><\/h3>\n<figure class=\"van-image-figure inline-layout \" data-bordeaux-image-check id=\"905b528d-8260-41c1-bcc5-88c2731ff46b\">\n<div class=\"image-full-width-wrapper\">\n<div class=\"image-widthsetter\" style=\"max-width:2000px;\"><\/div>\n<\/div><figcaption class=\"inline-layout \">\n<div class=\"caption-text\">\n<p>Wenn Ihr Pool nicht erhitzt ist, wird es unwahrscheinlich<\/p>\n<\/div>\n<\/figcaption><\/figure>\n<p id=\"092f9c7a-8d9e-40af-980c-883ce7bf399d\">Nach einem langen Sommer drau\u00dfen, nachdem die Saison zu Ende geht, ist es eine gro\u00dfartige Zeit, um Pool und Spielzeug im Freien zu deklarieren, sagt Tracy, insbesondere die &#8222;so lange, dass sie L\u00f6cher haben oder eine andere Farbe haben als so lange in der Sonne.&#8220;<\/p>\n<p>Immerhin sind sie aus gutem Grund jeden Sommer, was Minimalisten jeden Sommer auswirken. Warum also nicht ihre F\u00fchrung \u00fcbernehmen?<\/p>\n<p>&#8222;Anstatt alles bis zum n\u00e4chsten Jahr in die Garage zu werfen, werden Sie los, was Sie nicht wieder verwenden&#8220;, f\u00fcgt sie hinzu. Sammeln Sie zerbrochene Gegenst\u00e4nde in leicht zu kleien Plastikkisten, wie z.<\/p>\n<p>Stecken Sie dann alle Reste in eine Deckbox, wie z.<\/p>\n<h3 class=\"article-body__section\" id=\"section-3-my-garage\"><span>3. meine Garage <\/span><\/h3>\n<figure class=\"van-image-figure inline-layout \" data-bordeaux-image-check id=\"c8d6965a-799a-4730-9b67-3b5af41e3fcd\">\n<div class=\"image-full-width-wrapper\">\n<div class=\"image-widthsetter\" style=\"max-width:2400px;\"><\/div>\n<\/div><figcaption class=\"inline-layout \">\n<div class=\"caption-text\">\n<p>Machen Sie Ihre Garage vorbereitet<\/p>\n<\/div>\n<\/figcaption><\/figure>\n<p id=\"d0bcaec0-95b3-4df5-91a6-e2e2859ac6cc\">Es ist ein Ort, der verlockend ist, alle Arten von Objekten \u00fcber einen gesch\u00e4ftigen Sommer zu schieben, daher werde ich nicht vergessen, meine Garage zu organisieren. Erw\u00e4gen Sie das Gleiche, und wenn Sie keine Garage haben, verbringen Sie im September einige Zeit damit, den Inhalt anderer Au\u00dfenspeicher im September zu organisieren, sagt DI.<\/p>\n<p>&#8222;Der September ist der perfekte Zwischenmonat-der Sommerspa\u00df l\u00e4uft und die Herbstaufgaben nehmen auf&#8220;, erkl\u00e4rt sie. Organisieren Sie Sprinkler und Strandausr\u00fcstung und ziehen Sie Rakes, Blatts\u00e4cke und andere Herbstwerkzeuge heraus. Sie werden sich sp\u00e4ter danken, wenn die ersten Blatthaufen erscheinen. &#8218;<\/p>\n<p>F\u00fcr diese Werkzeuge lasse ich mich inspirieren, wie professionelle G\u00e4rtner im Herbst Gartenwerkzeuge ordnungsgem\u00e4\u00df gelagert werden, um sie vor Rost, nachteiligem Wetter und jeglichen Aufbau von Schmutz zu sch\u00fctzen. Die Verwendung dieses StoreYourboard Blat Tool-Speichers bei Walmart ist beispielsweise eine clevere platzsparende M\u00f6glichkeit, um vertikalen Speicher zu verwenden.<\/p>\n<h3 class=\"article-body__section\" id=\"section-4-hosting-essentials\"><span>4. Hosting Essentials<\/span><\/h3>\n<figure class=\"van-image-figure inline-layout \" data-bordeaux-image-check id=\"1777a38b-f344-49a4-ac83-091a8a6e2be5\">\n<div class=\"image-full-width-wrapper\">\n<div class=\"image-widthsetter\" style=\"max-width:2000px;\"><\/div>\n<\/div><figcaption class=\"inline-layout \">\n<div class=\"caption-text\">\n<p>Ich bereite mich auf einen gesch\u00e4ftigen Sturz mit Besuchen von Angeh\u00f6rigen vor<\/p>\n<\/div>\n<\/figcaption><\/figure>\n<p id=\"6c54ab7f-0f72-4801-936b-577ed46fa9ac\">Es gibt viele aufregende Gr\u00fcnde, mit Freunden im Herbst und dar\u00fcber hinaus zu feiern &#8211; von Halloween und Thanksgiving bis Weihnachten und Silvester. So, sagt Julie Peak, ein professioneller Organisator und Eigent\u00fcmer des genauen Ortes in Charlotte NC, lohnt sich, vorbereitet zu sein und eine K\u00fcche f\u00fcr die Hosting bereit zu machen.<\/p>\n<p>\u00bbOb es sich um eine l\u00e4ssige Versammlung oder ein gro\u00dfes Familienessen handelt, das Servieren von Teilen kann sich h\u00e4ufen und Stress verursachen, wenn sie nicht organisiert sind\u00ab, warnt Julie. &#8222;Nehmen Sie sich diesen Monat etwas Zeit, um Artikel nach Typ zu gruppieren, wie Teller, Platten, Schalen und Utensilien.&#8220;<\/p>\n<p>Dieser extra gro\u00dfe erweiterbare Silber -Organisator, der bei Amazon erh\u00e4ltlich ist, ist auch f\u00fcr Ihren Besteck f\u00fcr Ihren Besteck.<\/p>\n<h3 class=\"article-body__section\" id=\"section-5-my-mudroom\"><span>5. Mein Schlammraum <\/span><\/h3>\n<figure class=\"van-image-figure inline-layout \" data-bordeaux-image-check id=\"53070906-676f-4718-9a3d-071d7f4bddcb\">\n<div class=\"image-full-width-wrapper\">\n<div class=\"image-widthsetter\" style=\"max-width:2000px;\"><\/div>\n<\/div><figcaption class=\"inline-layout \">\n<div class=\"caption-text\">\n<p>Mit vier Hunden im Haus muss mein Mudroom in den k\u00fchleren Monaten h\u00e4rter arbeiten, so<\/p>\n<\/div>\n<\/figcaption><\/figure>\n<p id=\"cecd555b-a5a4-4229-aed5-e09404f0399f\">Ihr Eingang ist das allererste, was die G\u00e4ste sehen, wenn sie in Ihr Zuhause betreten. Deshalb stelle ich sicher, dass und mein Mudroom auch fertig ist.<\/p>\n<p>Tats\u00e4chlich halten professionelle Organisatoren dies als den einen Bereich, den Sie vor dem Herbst organisieren k\u00f6nnen. Daher bin es so, als w\u00e4re ich auf dem richtigen Weg mit meiner Checkliste im September.<\/p>\n<p>&#8222;Der September ist der perfekte Zeitpunkt, um Ihren Mudroom oder Ihren Eingang zu organisieren&#8220;, sagt Kielyn Simonson, professioneller Organisatorin und Gr\u00fcnderin von Organice. &#8218;Dieser Raum sieht w\u00e4hrend des Schuljahres viel Ma\u00dfnahmen. Daher ist es wichtig, herauszufinden, was nicht geh\u00f6rt, und Systeme einrichten, die die Dinge ordentlich und effizient halten<\/p>\n<p>Nehmen Sie zum Beispiel Sommerspielzeug und Schwimmausr\u00fcstung heraus und erstellen Sie einen Platz f\u00fcr den Rucksack und den Mantel jedes Kindes. Geben Sie jeder Aktivit\u00e4t eine eigene Tasche, wie eine Fu\u00dfballbeutel mit Stollen, Wachen und Wasserflasche und bestimmen Sie einen Landeplatz f\u00fcr Schularbeiten und Papiere.<\/p>\n<p>&#8222;Ich liebe den 1 -Thrive, den der Brooke Wall -Organisator bei 1Thrive f\u00fcr die Verwaltung von Papier- und Familienpl\u00e4nen erh\u00e4ltlich ist, und ein Schuhschrank in der N\u00e4he der Eingangsstra\u00dfe wirkt Wunder, um sich daran zu hindern, sich an der T\u00fcr zu h\u00e4ufen.&#8220;<\/p>\n<p>Zu diesem Zeitpunkt empfiehlt Kielyn den St\u00e4lll -Schuhschrank, der bei IKEA erh\u00e4ltlich ist, und den Latitude Run<strong> <\/strong>Schuhspeicherschrank bei Wayfair ist unsere Top -Wahl.<\/p>\n<h2 class=\"article-body__section\" id=\"section-september-organizing-essentials\"><span>September Organisieren von Essentials<\/span><\/h2>\n<p id=\"aadbaf9a-03c8-459a-8186-65d64ba5b45c\"><em>Alle Preise waren zum Zeitpunkt der Ver\u00f6ffentlichung korrekt.<\/em><\/p>\n<div class=\"product-container hero-product-container product-block-no-wrap\">\n<div class=\"product-block-row\"><\/div>\n<div class=\"product-block-row\"><\/div>\n<div class=\"product-block-row\"><\/div>\n<div class=\"product-block-row\"><\/div>\n<div class=\"product-block-row\"><\/div>\n<div class=\"product-block-row\"><\/div>\n<\/div>\n<h2 class=\"article-body__section\" id=\"section-meet-the-experts\"><span>Treffen Sie die Experten<\/span><\/h2>\n<hr id=\"f470d0cc-4450-4ea4-a42e-e42955baea7a\">\n<p id=\"73b9f74c-aff9-4641-8a1f-76343b1ed6f8\">Sobald Sie organisiert haben, sind dies die Dinge, die Sie im September reinigen k\u00f6nnen, die ich diesen Monat angehen werde.<\/p>\n<\/div>\n","protected":false},"excerpt":{"rendered":"<p>Sie fragen sich, welche Dinge im September organisieren sollen? Wenn sich die Stunden nat\u00fcrlicher Licht und Temperaturen zusammenziehen und wir nat\u00fcrlich mehr Zeit im Innenbereich<\/p>\n","protected":false},"author":1,"featured_media":7406,"comment_status":"closed","ping_status":"","sticky":false,"template":"","format":"standard","meta":{"footnotes":""},"categories":[118],"tags":[46,9846,78,9,208,466,9847,74,7516,203,3829,129,1122,9848,555,284,2292,92,142,165,1163,37,1011,27],"class_list":["post-7405","post","type-post","status-publish","format-standard","has-post-thumbnail","hentry","category-haus-garten","tag-auf","tag-bedanken","tag-den","tag-die","tag-diesen","tag-dinge","tag-dringend","tag-eine","tag-geschaeftige","tag-herbst","tag-hosting","tag-ich","tag-mich","tag-organisiere","tag-profis","tag-sagen","tag-saison","tag-september","tag-sich","tag-sie","tag-spaeter","tag-und","tag-vorzubereiten","tag-werden","generate-columns","tablet-grid-50","mobile-grid-100","grid-parent","grid-50"],"yoast_head":"<!-- This site is optimized with the Yoast SEO plugin v27.3 - https:\/\/yoast.com\/product\/yoast-seo-wordpress\/ -->\n<title>&quot;Sie werden sich sp\u00e4ter bedanken&quot;, sagen Profis - 5 Dinge, die ich diesen September dringend organisiere, um mich auf den Herbst und eine gesch\u00e4ftige Hosting -Saison vorzubereiten - Nachrichten - Stra\u00dfenweb<\/title>\n<meta name=\"robots\" content=\"index, follow, max-snippet:-1, max-image-preview:large, max-video-preview:-1\" \/>\n<link rel=\"canonical\" href=\"https:\/\/www.strassenweb.de\/nachrichten\/sie-werden-sich-spaeter-bedanken-sagen-profis-5-dinge-die-ich-diesen-september-dringend-organisiere-um-mich-auf-den-herbst-und-eine-geschaeftige-hosting-saison-vorzubereiten\/\" \/>\n<meta property=\"og:locale\" content=\"de_DE\" \/>\n<meta property=\"og:type\" content=\"article\" \/>\n<meta property=\"og:title\" content=\"&quot;Sie werden sich sp\u00e4ter bedanken&quot;, sagen Profis - 5 Dinge, die ich diesen September dringend organisiere, um mich auf den Herbst und eine gesch\u00e4ftige Hosting -Saison vorzubereiten - Nachrichten - Stra\u00dfenweb\" \/>\n<meta property=\"og:description\" content=\"Sie fragen sich, welche Dinge im September organisieren sollen? Wenn sich die Stunden nat\u00fcrlicher Licht und Temperaturen zusammenziehen und wir nat\u00fcrlich mehr Zeit im Innenbereich\" \/>\n<meta property=\"og:url\" content=\"https:\/\/www.strassenweb.de\/nachrichten\/sie-werden-sich-spaeter-bedanken-sagen-profis-5-dinge-die-ich-diesen-september-dringend-organisiere-um-mich-auf-den-herbst-und-eine-geschaeftige-hosting-saison-vorzubereiten\/\" \/>\n<meta property=\"og:site_name\" content=\"Stra\u00dfenweb\" \/>\n<meta property=\"article:publisher\" content=\"https:\/\/www.facebook.com\/strassenweb\/\" \/>\n<meta property=\"article:published_time\" content=\"2025-09-02T05:40:14+00:00\" \/>\n<meta property=\"article:modified_time\" content=\"2025-09-02T05:40:15+00:00\" \/>\n<meta property=\"og:image\" content=\"https:\/\/www.strassenweb.de\/nachrichten\/wp-content\/uploads\/2025\/09\/Sie-werden-sich-spaeter-bedanken-sagen-Profis-5-Dinge.jpg\" \/>\n\t<meta property=\"og:image:width\" content=\"1600\" \/>\n\t<meta property=\"og:image:height\" content=\"900\" \/>\n\t<meta property=\"og:image:type\" content=\"image\/jpeg\" \/>\n<meta name=\"author\" content=\"Robert Hoffmann\" \/>\n<meta name=\"twitter:card\" content=\"summary_large_image\" \/>\n<meta name=\"twitter:label1\" content=\"Verfasst von\" \/>\n\t<meta name=\"twitter:data1\" content=\"Robert Hoffmann\" \/>\n\t<meta name=\"twitter:label2\" content=\"Gesch\u00e4tzte Lesezeit\" \/>\n\t<meta name=\"twitter:data2\" content=\"5\u00a0Minuten\" \/>\n<script type=\"application\/ld+json\" class=\"yoast-schema-graph\">{\"@context\":\"https:\\\/\\\/schema.org\",\"@graph\":[{\"@type\":\"Article\",\"@id\":\"https:\\\/\\\/www.strassenweb.de\\\/nachrichten\\\/sie-werden-sich-spaeter-bedanken-sagen-profis-5-dinge-die-ich-diesen-september-dringend-organisiere-um-mich-auf-den-herbst-und-eine-geschaeftige-hosting-saison-vorzubereiten\\\/#article\",\"isPartOf\":{\"@id\":\"https:\\\/\\\/www.strassenweb.de\\\/nachrichten\\\/sie-werden-sich-spaeter-bedanken-sagen-profis-5-dinge-die-ich-diesen-september-dringend-organisiere-um-mich-auf-den-herbst-und-eine-geschaeftige-hosting-saison-vorzubereiten\\\/\"},\"author\":{\"name\":\"Robert Hoffmann\",\"@id\":\"https:\\\/\\\/www.strassenweb.de\\\/nachrichten\\\/#\\\/schema\\\/person\\\/87c9c9067f1211da429a744dc5a5aa41\"},\"headline\":\"&#8222;Sie werden sich sp\u00e4ter bedanken&#8220;, sagen Profis &#8211; 5 Dinge, die ich diesen September dringend organisiere, um mich auf den Herbst und eine gesch\u00e4ftige Hosting -Saison vorzubereiten\",\"datePublished\":\"2025-09-02T05:40:14+00:00\",\"dateModified\":\"2025-09-02T05:40:15+00:00\",\"mainEntityOfPage\":{\"@id\":\"https:\\\/\\\/www.strassenweb.de\\\/nachrichten\\\/sie-werden-sich-spaeter-bedanken-sagen-profis-5-dinge-die-ich-diesen-september-dringend-organisiere-um-mich-auf-den-herbst-und-eine-geschaeftige-hosting-saison-vorzubereiten\\\/\"},\"wordCount\":1113,\"publisher\":{\"@id\":\"https:\\\/\\\/www.strassenweb.de\\\/nachrichten\\\/#organization\"},\"image\":{\"@id\":\"https:\\\/\\\/www.strassenweb.de\\\/nachrichten\\\/sie-werden-sich-spaeter-bedanken-sagen-profis-5-dinge-die-ich-diesen-september-dringend-organisiere-um-mich-auf-den-herbst-und-eine-geschaeftige-hosting-saison-vorzubereiten\\\/#primaryimage\"},\"thumbnailUrl\":\"https:\\\/\\\/www.strassenweb.de\\\/nachrichten\\\/wp-content\\\/uploads\\\/2025\\\/09\\\/Sie-werden-sich-spaeter-bedanken-sagen-Profis-5-Dinge.jpg\",\"keywords\":[\"auf\",\"bedanken\",\"den\",\"die\",\"diesen\",\"Dinge\",\"dringend\",\"eine\",\"gesch\u00e4ftige\",\"Herbst\",\"Hosting\",\"ich\",\"mich\",\"organisiere\",\"Profis\",\"sagen\",\"Saison\",\"September\",\"sich\",\"Sie\",\"sp\u00e4ter\",\"und\",\"vorzubereiten\",\"werden\"],\"articleSection\":[\"Haus &amp; Garten\"],\"inLanguage\":\"de\"},{\"@type\":\"WebPage\",\"@id\":\"https:\\\/\\\/www.strassenweb.de\\\/nachrichten\\\/sie-werden-sich-spaeter-bedanken-sagen-profis-5-dinge-die-ich-diesen-september-dringend-organisiere-um-mich-auf-den-herbst-und-eine-geschaeftige-hosting-saison-vorzubereiten\\\/\",\"url\":\"https:\\\/\\\/www.strassenweb.de\\\/nachrichten\\\/sie-werden-sich-spaeter-bedanken-sagen-profis-5-dinge-die-ich-diesen-september-dringend-organisiere-um-mich-auf-den-herbst-und-eine-geschaeftige-hosting-saison-vorzubereiten\\\/\",\"name\":\"\\\"Sie werden sich sp\u00e4ter bedanken\\\", sagen Profis - 5 Dinge, die ich diesen September dringend organisiere, um mich auf den Herbst und eine gesch\u00e4ftige Hosting -Saison vorzubereiten - Nachrichten - Stra\u00dfenweb\",\"isPartOf\":{\"@id\":\"https:\\\/\\\/www.strassenweb.de\\\/nachrichten\\\/#website\"},\"primaryImageOfPage\":{\"@id\":\"https:\\\/\\\/www.strassenweb.de\\\/nachrichten\\\/sie-werden-sich-spaeter-bedanken-sagen-profis-5-dinge-die-ich-diesen-september-dringend-organisiere-um-mich-auf-den-herbst-und-eine-geschaeftige-hosting-saison-vorzubereiten\\\/#primaryimage\"},\"image\":{\"@id\":\"https:\\\/\\\/www.strassenweb.de\\\/nachrichten\\\/sie-werden-sich-spaeter-bedanken-sagen-profis-5-dinge-die-ich-diesen-september-dringend-organisiere-um-mich-auf-den-herbst-und-eine-geschaeftige-hosting-saison-vorzubereiten\\\/#primaryimage\"},\"thumbnailUrl\":\"https:\\\/\\\/www.strassenweb.de\\\/nachrichten\\\/wp-content\\\/uploads\\\/2025\\\/09\\\/Sie-werden-sich-spaeter-bedanken-sagen-Profis-5-Dinge.jpg\",\"datePublished\":\"2025-09-02T05:40:14+00:00\",\"dateModified\":\"2025-09-02T05:40:15+00:00\",\"breadcrumb\":{\"@id\":\"https:\\\/\\\/www.strassenweb.de\\\/nachrichten\\\/sie-werden-sich-spaeter-bedanken-sagen-profis-5-dinge-die-ich-diesen-september-dringend-organisiere-um-mich-auf-den-herbst-und-eine-geschaeftige-hosting-saison-vorzubereiten\\\/#breadcrumb\"},\"inLanguage\":\"de\",\"potentialAction\":[{\"@type\":\"ReadAction\",\"target\":[\"https:\\\/\\\/www.strassenweb.de\\\/nachrichten\\\/sie-werden-sich-spaeter-bedanken-sagen-profis-5-dinge-die-ich-diesen-september-dringend-organisiere-um-mich-auf-den-herbst-und-eine-geschaeftige-hosting-saison-vorzubereiten\\\/\"]}]},{\"@type\":\"ImageObject\",\"inLanguage\":\"de\",\"@id\":\"https:\\\/\\\/www.strassenweb.de\\\/nachrichten\\\/sie-werden-sich-spaeter-bedanken-sagen-profis-5-dinge-die-ich-diesen-september-dringend-organisiere-um-mich-auf-den-herbst-und-eine-geschaeftige-hosting-saison-vorzubereiten\\\/#primaryimage\",\"url\":\"https:\\\/\\\/www.strassenweb.de\\\/nachrichten\\\/wp-content\\\/uploads\\\/2025\\\/09\\\/Sie-werden-sich-spaeter-bedanken-sagen-Profis-5-Dinge.jpg\",\"contentUrl\":\"https:\\\/\\\/www.strassenweb.de\\\/nachrichten\\\/wp-content\\\/uploads\\\/2025\\\/09\\\/Sie-werden-sich-spaeter-bedanken-sagen-Profis-5-Dinge.jpg\",\"width\":1600,\"height\":900,\"caption\":\"A tiled boot room with sage green cabinets, wicker baskets, a wooden bench with green cushions, a white sink, and green houseplants in white pots.\"},{\"@type\":\"BreadcrumbList\",\"@id\":\"https:\\\/\\\/www.strassenweb.de\\\/nachrichten\\\/sie-werden-sich-spaeter-bedanken-sagen-profis-5-dinge-die-ich-diesen-september-dringend-organisiere-um-mich-auf-den-herbst-und-eine-geschaeftige-hosting-saison-vorzubereiten\\\/#breadcrumb\",\"itemListElement\":[{\"@type\":\"ListItem\",\"position\":1,\"name\":\"Home\",\"item\":\"https:\\\/\\\/www.strassenweb.de\\\/nachrichten\\\/\"},{\"@type\":\"ListItem\",\"position\":2,\"name\":\"&#8222;Sie werden sich sp\u00e4ter bedanken&#8220;, sagen Profis &#8211; 5 Dinge, die ich diesen September dringend organisiere, um mich auf den Herbst und eine gesch\u00e4ftige Hosting -Saison vorzubereiten\"}]},{\"@type\":\"WebSite\",\"@id\":\"https:\\\/\\\/www.strassenweb.de\\\/nachrichten\\\/#website\",\"url\":\"https:\\\/\\\/www.strassenweb.de\\\/nachrichten\\\/\",\"name\":\"Stra\u00dfenweb\",\"description\":\"Stra\u00dfenverzeichnis f\u00fcr Deutschland\",\"publisher\":{\"@id\":\"https:\\\/\\\/www.strassenweb.de\\\/nachrichten\\\/#organization\"},\"potentialAction\":[{\"@type\":\"SearchAction\",\"target\":{\"@type\":\"EntryPoint\",\"urlTemplate\":\"https:\\\/\\\/www.strassenweb.de\\\/nachrichten\\\/?s={search_term_string}\"},\"query-input\":{\"@type\":\"PropertyValueSpecification\",\"valueRequired\":true,\"valueName\":\"search_term_string\"}}],\"inLanguage\":\"de\"},{\"@type\":\"Organization\",\"@id\":\"https:\\\/\\\/www.strassenweb.de\\\/nachrichten\\\/#organization\",\"name\":\"Stra\u00dfenweb\",\"url\":\"https:\\\/\\\/www.strassenweb.de\\\/nachrichten\\\/\",\"logo\":{\"@type\":\"ImageObject\",\"inLanguage\":\"de\",\"@id\":\"https:\\\/\\\/www.strassenweb.de\\\/nachrichten\\\/#\\\/schema\\\/logo\\\/image\\\/\",\"url\":\"https:\\\/\\\/www.strassenweb.de\\\/nachrichten\\\/wp-content\\\/uploads\\\/2024\\\/09\\\/cropped-favicon.png\",\"contentUrl\":\"https:\\\/\\\/www.strassenweb.de\\\/nachrichten\\\/wp-content\\\/uploads\\\/2024\\\/09\\\/cropped-favicon.png\",\"width\":512,\"height\":512,\"caption\":\"Stra\u00dfenweb\"},\"image\":{\"@id\":\"https:\\\/\\\/www.strassenweb.de\\\/nachrichten\\\/#\\\/schema\\\/logo\\\/image\\\/\"},\"sameAs\":[\"https:\\\/\\\/www.facebook.com\\\/strassenweb\\\/\"]},{\"@type\":\"Person\",\"@id\":\"https:\\\/\\\/www.strassenweb.de\\\/nachrichten\\\/#\\\/schema\\\/person\\\/87c9c9067f1211da429a744dc5a5aa41\",\"name\":\"Robert Hoffmann\",\"image\":{\"@type\":\"ImageObject\",\"inLanguage\":\"de\",\"@id\":\"https:\\\/\\\/www.strassenweb.de\\\/nachrichten\\\/wp-content\\\/uploads\\\/2024\\\/09\\\/strassenweb-150x150.jpg\",\"url\":\"https:\\\/\\\/www.strassenweb.de\\\/nachrichten\\\/wp-content\\\/uploads\\\/2024\\\/09\\\/strassenweb-150x150.jpg\",\"contentUrl\":\"https:\\\/\\\/www.strassenweb.de\\\/nachrichten\\\/wp-content\\\/uploads\\\/2024\\\/09\\\/strassenweb-150x150.jpg\",\"caption\":\"Robert Hoffmann\"},\"description\":\"Ich hei\u00dfe Robert Hoffmann und ich bin ein leidenschaftlicher Verfechter von \u00d6kologie und Biodiversit\u00e4t. Seit meiner Kindheit in den W\u00e4ldern Bayerns f\u00fchle ich mich mit der Natur verbunden und bin entschlossen, sie zu sch\u00fctzen. Heute widme ich mein Leben der Sensibilisierung anderer f\u00fcr die Bedeutung des Umweltschutzes f\u00fcr zuk\u00fcnftige Generationen.\",\"sameAs\":[\"https:\\\/\\\/www.strassenweb.de\\\/\"]}]}<\/script>\n<!-- \/ Yoast SEO plugin. -->","yoast_head_json":{"title":"\"Sie werden sich sp\u00e4ter bedanken\", sagen Profis - 5 Dinge, die ich diesen September dringend organisiere, um mich auf den Herbst und eine gesch\u00e4ftige Hosting -Saison vorzubereiten - Nachrichten - Stra\u00dfenweb","robots":{"index":"index","follow":"follow","max-snippet":"max-snippet:-1","max-image-preview":"max-image-preview:large","max-video-preview":"max-video-preview:-1"},"canonical":"https:\/\/www.strassenweb.de\/nachrichten\/sie-werden-sich-spaeter-bedanken-sagen-profis-5-dinge-die-ich-diesen-september-dringend-organisiere-um-mich-auf-den-herbst-und-eine-geschaeftige-hosting-saison-vorzubereiten\/","og_locale":"de_DE","og_type":"article","og_title":"\"Sie werden sich sp\u00e4ter bedanken\", sagen Profis - 5 Dinge, die ich diesen September dringend organisiere, um mich auf den Herbst und eine gesch\u00e4ftige Hosting -Saison vorzubereiten - Nachrichten - Stra\u00dfenweb","og_description":"Sie fragen sich, welche Dinge im September organisieren sollen? Wenn sich die Stunden nat\u00fcrlicher Licht und Temperaturen zusammenziehen und wir nat\u00fcrlich mehr Zeit im Innenbereich","og_url":"https:\/\/www.strassenweb.de\/nachrichten\/sie-werden-sich-spaeter-bedanken-sagen-profis-5-dinge-die-ich-diesen-september-dringend-organisiere-um-mich-auf-den-herbst-und-eine-geschaeftige-hosting-saison-vorzubereiten\/","og_site_name":"Stra\u00dfenweb","article_publisher":"https:\/\/www.facebook.com\/strassenweb\/","article_published_time":"2025-09-02T05:40:14+00:00","article_modified_time":"2025-09-02T05:40:15+00:00","og_image":[{"width":1600,"height":900,"url":"https:\/\/www.strassenweb.de\/nachrichten\/wp-content\/uploads\/2025\/09\/Sie-werden-sich-spaeter-bedanken-sagen-Profis-5-Dinge.jpg","type":"image\/jpeg"}],"author":"Robert Hoffmann","twitter_card":"summary_large_image","twitter_misc":{"Verfasst von":"Robert Hoffmann","Gesch\u00e4tzte Lesezeit":"5\u00a0Minuten"},"schema":{"@context":"https:\/\/schema.org","@graph":[{"@type":"Article","@id":"https:\/\/www.strassenweb.de\/nachrichten\/sie-werden-sich-spaeter-bedanken-sagen-profis-5-dinge-die-ich-diesen-september-dringend-organisiere-um-mich-auf-den-herbst-und-eine-geschaeftige-hosting-saison-vorzubereiten\/#article","isPartOf":{"@id":"https:\/\/www.strassenweb.de\/nachrichten\/sie-werden-sich-spaeter-bedanken-sagen-profis-5-dinge-die-ich-diesen-september-dringend-organisiere-um-mich-auf-den-herbst-und-eine-geschaeftige-hosting-saison-vorzubereiten\/"},"author":{"name":"Robert Hoffmann","@id":"https:\/\/www.strassenweb.de\/nachrichten\/#\/schema\/person\/87c9c9067f1211da429a744dc5a5aa41"},"headline":"&#8222;Sie werden sich sp\u00e4ter bedanken&#8220;, sagen Profis &#8211; 5 Dinge, die ich diesen September dringend organisiere, um mich auf den Herbst und eine gesch\u00e4ftige Hosting -Saison vorzubereiten","datePublished":"2025-09-02T05:40:14+00:00","dateModified":"2025-09-02T05:40:15+00:00","mainEntityOfPage":{"@id":"https:\/\/www.strassenweb.de\/nachrichten\/sie-werden-sich-spaeter-bedanken-sagen-profis-5-dinge-die-ich-diesen-september-dringend-organisiere-um-mich-auf-den-herbst-und-eine-geschaeftige-hosting-saison-vorzubereiten\/"},"wordCount":1113,"publisher":{"@id":"https:\/\/www.strassenweb.de\/nachrichten\/#organization"},"image":{"@id":"https:\/\/www.strassenweb.de\/nachrichten\/sie-werden-sich-spaeter-bedanken-sagen-profis-5-dinge-die-ich-diesen-september-dringend-organisiere-um-mich-auf-den-herbst-und-eine-geschaeftige-hosting-saison-vorzubereiten\/#primaryimage"},"thumbnailUrl":"https:\/\/www.strassenweb.de\/nachrichten\/wp-content\/uploads\/2025\/09\/Sie-werden-sich-spaeter-bedanken-sagen-Profis-5-Dinge.jpg","keywords":["auf","bedanken","den","die","diesen","Dinge","dringend","eine","gesch\u00e4ftige","Herbst","Hosting","ich","mich","organisiere","Profis","sagen","Saison","September","sich","Sie","sp\u00e4ter","und","vorzubereiten","werden"],"articleSection":["Haus &amp; Garten"],"inLanguage":"de"},{"@type":"WebPage","@id":"https:\/\/www.strassenweb.de\/nachrichten\/sie-werden-sich-spaeter-bedanken-sagen-profis-5-dinge-die-ich-diesen-september-dringend-organisiere-um-mich-auf-den-herbst-und-eine-geschaeftige-hosting-saison-vorzubereiten\/","url":"https:\/\/www.strassenweb.de\/nachrichten\/sie-werden-sich-spaeter-bedanken-sagen-profis-5-dinge-die-ich-diesen-september-dringend-organisiere-um-mich-auf-den-herbst-und-eine-geschaeftige-hosting-saison-vorzubereiten\/","name":"\"Sie werden sich sp\u00e4ter bedanken\", sagen Profis - 5 Dinge, die ich diesen September dringend organisiere, um mich auf den Herbst und eine gesch\u00e4ftige Hosting -Saison vorzubereiten - Nachrichten - Stra\u00dfenweb","isPartOf":{"@id":"https:\/\/www.strassenweb.de\/nachrichten\/#website"},"primaryImageOfPage":{"@id":"https:\/\/www.strassenweb.de\/nachrichten\/sie-werden-sich-spaeter-bedanken-sagen-profis-5-dinge-die-ich-diesen-september-dringend-organisiere-um-mich-auf-den-herbst-und-eine-geschaeftige-hosting-saison-vorzubereiten\/#primaryimage"},"image":{"@id":"https:\/\/www.strassenweb.de\/nachrichten\/sie-werden-sich-spaeter-bedanken-sagen-profis-5-dinge-die-ich-diesen-september-dringend-organisiere-um-mich-auf-den-herbst-und-eine-geschaeftige-hosting-saison-vorzubereiten\/#primaryimage"},"thumbnailUrl":"https:\/\/www.strassenweb.de\/nachrichten\/wp-content\/uploads\/2025\/09\/Sie-werden-sich-spaeter-bedanken-sagen-Profis-5-Dinge.jpg","datePublished":"2025-09-02T05:40:14+00:00","dateModified":"2025-09-02T05:40:15+00:00","breadcrumb":{"@id":"https:\/\/www.strassenweb.de\/nachrichten\/sie-werden-sich-spaeter-bedanken-sagen-profis-5-dinge-die-ich-diesen-september-dringend-organisiere-um-mich-auf-den-herbst-und-eine-geschaeftige-hosting-saison-vorzubereiten\/#breadcrumb"},"inLanguage":"de","potentialAction":[{"@type":"ReadAction","target":["https:\/\/www.strassenweb.de\/nachrichten\/sie-werden-sich-spaeter-bedanken-sagen-profis-5-dinge-die-ich-diesen-september-dringend-organisiere-um-mich-auf-den-herbst-und-eine-geschaeftige-hosting-saison-vorzubereiten\/"]}]},{"@type":"ImageObject","inLanguage":"de","@id":"https:\/\/www.strassenweb.de\/nachrichten\/sie-werden-sich-spaeter-bedanken-sagen-profis-5-dinge-die-ich-diesen-september-dringend-organisiere-um-mich-auf-den-herbst-und-eine-geschaeftige-hosting-saison-vorzubereiten\/#primaryimage","url":"https:\/\/www.strassenweb.de\/nachrichten\/wp-content\/uploads\/2025\/09\/Sie-werden-sich-spaeter-bedanken-sagen-Profis-5-Dinge.jpg","contentUrl":"https:\/\/www.strassenweb.de\/nachrichten\/wp-content\/uploads\/2025\/09\/Sie-werden-sich-spaeter-bedanken-sagen-Profis-5-Dinge.jpg","width":1600,"height":900,"caption":"A tiled boot room with sage green cabinets, wicker baskets, a wooden bench with green cushions, a white sink, and green houseplants in white pots."},{"@type":"BreadcrumbList","@id":"https:\/\/www.strassenweb.de\/nachrichten\/sie-werden-sich-spaeter-bedanken-sagen-profis-5-dinge-die-ich-diesen-september-dringend-organisiere-um-mich-auf-den-herbst-und-eine-geschaeftige-hosting-saison-vorzubereiten\/#breadcrumb","itemListElement":[{"@type":"ListItem","position":1,"name":"Home","item":"https:\/\/www.strassenweb.de\/nachrichten\/"},{"@type":"ListItem","position":2,"name":"&#8222;Sie werden sich sp\u00e4ter bedanken&#8220;, sagen Profis &#8211; 5 Dinge, die ich diesen September dringend organisiere, um mich auf den Herbst und eine gesch\u00e4ftige Hosting -Saison vorzubereiten"}]},{"@type":"WebSite","@id":"https:\/\/www.strassenweb.de\/nachrichten\/#website","url":"https:\/\/www.strassenweb.de\/nachrichten\/","name":"Stra\u00dfenweb","description":"Stra\u00dfenverzeichnis f\u00fcr Deutschland","publisher":{"@id":"https:\/\/www.strassenweb.de\/nachrichten\/#organization"},"potentialAction":[{"@type":"SearchAction","target":{"@type":"EntryPoint","urlTemplate":"https:\/\/www.strassenweb.de\/nachrichten\/?s={search_term_string}"},"query-input":{"@type":"PropertyValueSpecification","valueRequired":true,"valueName":"search_term_string"}}],"inLanguage":"de"},{"@type":"Organization","@id":"https:\/\/www.strassenweb.de\/nachrichten\/#organization","name":"Stra\u00dfenweb","url":"https:\/\/www.strassenweb.de\/nachrichten\/","logo":{"@type":"ImageObject","inLanguage":"de","@id":"https:\/\/www.strassenweb.de\/nachrichten\/#\/schema\/logo\/image\/","url":"https:\/\/www.strassenweb.de\/nachrichten\/wp-content\/uploads\/2024\/09\/cropped-favicon.png","contentUrl":"https:\/\/www.strassenweb.de\/nachrichten\/wp-content\/uploads\/2024\/09\/cropped-favicon.png","width":512,"height":512,"caption":"Stra\u00dfenweb"},"image":{"@id":"https:\/\/www.strassenweb.de\/nachrichten\/#\/schema\/logo\/image\/"},"sameAs":["https:\/\/www.facebook.com\/strassenweb\/"]},{"@type":"Person","@id":"https:\/\/www.strassenweb.de\/nachrichten\/#\/schema\/person\/87c9c9067f1211da429a744dc5a5aa41","name":"Robert Hoffmann","image":{"@type":"ImageObject","inLanguage":"de","@id":"https:\/\/www.strassenweb.de\/nachrichten\/wp-content\/uploads\/2024\/09\/strassenweb-150x150.jpg","url":"https:\/\/www.strassenweb.de\/nachrichten\/wp-content\/uploads\/2024\/09\/strassenweb-150x150.jpg","contentUrl":"https:\/\/www.strassenweb.de\/nachrichten\/wp-content\/uploads\/2024\/09\/strassenweb-150x150.jpg","caption":"Robert Hoffmann"},"description":"Ich hei\u00dfe Robert Hoffmann und ich bin ein leidenschaftlicher Verfechter von \u00d6kologie und Biodiversit\u00e4t. Seit meiner Kindheit in den W\u00e4ldern Bayerns f\u00fchle ich mich mit der Natur verbunden und bin entschlossen, sie zu sch\u00fctzen. Heute widme ich mein Leben der Sensibilisierung anderer f\u00fcr die Bedeutung des Umweltschutzes f\u00fcr zuk\u00fcnftige Generationen.","sameAs":["https:\/\/www.strassenweb.de\/"]}]}},"_links":{"self":[{"href":"https:\/\/www.strassenweb.de\/nachrichten\/wp-json\/wp\/v2\/posts\/7405","targetHints":{"allow":["GET"]}}],"collection":[{"href":"https:\/\/www.strassenweb.de\/nachrichten\/wp-json\/wp\/v2\/posts"}],"about":[{"href":"https:\/\/www.strassenweb.de\/nachrichten\/wp-json\/wp\/v2\/types\/post"}],"author":[{"embeddable":true,"href":"https:\/\/www.strassenweb.de\/nachrichten\/wp-json\/wp\/v2\/users\/1"}],"replies":[{"embeddable":true,"href":"https:\/\/www.strassenweb.de\/nachrichten\/wp-json\/wp\/v2\/comments?post=7405"}],"version-history":[{"count":0,"href":"https:\/\/www.strassenweb.de\/nachrichten\/wp-json\/wp\/v2\/posts\/7405\/revisions"}],"wp:featuredmedia":[{"embeddable":true,"href":"https:\/\/www.strassenweb.de\/nachrichten\/wp-json\/wp\/v2\/media\/7406"}],"wp:attachment":[{"href":"https:\/\/www.strassenweb.de\/nachrichten\/wp-json\/wp\/v2\/media?parent=7405"}],"wp:term":[{"taxonomy":"category","embeddable":true,"href":"https:\/\/www.strassenweb.de\/nachrichten\/wp-json\/wp\/v2\/categories?post=7405"},{"taxonomy":"post_tag","embeddable":true,"href":"https:\/\/www.strassenweb.de\/nachrichten\/wp-json\/wp\/v2\/tags?post=7405"}],"curies":[{"name":"wp","href":"https:\/\/api.w.org\/{rel}","templated":true}]}}