{"id":7391,"date":"2025-09-01T16:39:33","date_gmt":"2025-09-01T14:39:33","guid":{"rendered":"https:\/\/www.strassenweb.de\/nachrichten\/run-nicht-gehen-tyler-der-schoepfer-hat-das-unerwartete-akzentkissen-jedes-sofa-im-herbst-entwarf-und-es-sind-nur-noch-wenige-fuer-den-tag-der-arbeit-mit-50-rabatt-uebrig\/"},"modified":"2025-09-01T16:39:34","modified_gmt":"2025-09-01T14:39:34","slug":"run-nicht-gehen-tyler-der-schoepfer-hat-das-unerwartete-akzentkissen-jedes-sofa-im-herbst-entwarf-und-es-sind-nur-noch-wenige-fuer-den-tag-der-arbeit-mit-50-rabatt-uebrig","status":"publish","type":"post","link":"https:\/\/www.strassenweb.de\/nachrichten\/run-nicht-gehen-tyler-der-schoepfer-hat-das-unerwartete-akzentkissen-jedes-sofa-im-herbst-entwarf-und-es-sind-nur-noch-wenige-fuer-den-tag-der-arbeit-mit-50-rabatt-uebrig\/","title":{"rendered":"Run, nicht gehen: Tyler, der Sch\u00f6pfer hat das unerwartete Akzentkissen jedes Sofa im Herbst entwarf &#8211; und es sind nur noch wenige f\u00fcr den Tag der Arbeit mit 50% Rabatt \u00fcbrig"},"content":{"rendered":"<p><\/p>\n<div id=\"article-body\" class=\"article__body \">\n<p id=\"38f2b986-36d3-415d-b50e-a2f1a4c95915\">Ein helles Akzentkissen ist die perfekte Methode mit niedrigem Unterhalt und kosteng\u00fcnstiger Methode, um Ihr Wohnzimmer zu verbessern, w\u00e4hrend die Bl\u00e4tter braun werden. Da der Arbeitstag hoch und die Preise zu einem Allzeittief betreiben, ist jetzt der ideale Zeitpunkt des Einkaufens.<\/p>\n<div id=\"ad-unit-1\" class=\"ad-unit\"><\/div>\n<p>F\u00fcr diejenigen, die etwas jenseits des Gew\u00f6hnlichen wollen, entwarf Tyler, der Sch\u00f6pfer, das perfekte Akzentkissen: das Le Fleur* Shearling -Kugelkissen vom Fallschirmhaus. Die Marke Rapper und S\u00e4nger, Le Fleur*, hat im Juni 2024 offiziell ihre Zusammenarbeit mit dem Luxus -Riesengiganten gestartet und eine koordinierende Sammlung von Pastellbettw\u00e4sche mit einzigartigen, aber subtilen Mustern erstellt. An diesem Ferienwochenende sind viele der St\u00fccke bis zu 50% Rabatt.<\/p>\n<aside data-block-type=\"embed\" data-render-type=\"fte\" data-skip=\"dealsy\" data-widget-type=\"seasonal\" class=\"hawk-base\"><\/aside>\n<p id=\"38f2b986-36d3-415d-b50e-a2f1a4c95915-2\">Unter ihnen ist das Sphere -Kissen mit seiner auff\u00e4lligen hellblauen Farbe und seiner \u00e4u\u00dferst ungew\u00f6hnlichen Form. Die Rundheit dieses Wurfkissen verleiht einem hellen Sofa genau die richtige Menge an Kurve und Drama. Seine Wollherstellung bringt einen Hauch von Luxus. Besser noch, es sind nur 55 Dollar f\u00fcr diejenigen, die jetzt handeln.<\/p>\n<div class=\"van_vid_carousel\">\n<div class=\"van_vid_carousel__padding\">\n<div class=\"van_vid_carousel__container\"><\/div>\n<\/div>\n<\/div>\n<div class=\"product-container horizontal-product-container\">\n<div class=\"product-block-row\"><\/div>\n<\/div>\n<p id=\"697db23d-c62e-4443-8716-a90ab944a532\">Um ein kugelf\u00f6rmiges Kissen zu stylen, w\u00fcrde ich empfehlen, es mit ein paar quadratischen Kissen und einer luxuri\u00f6sen Wurfdecke zu kombinieren. Durch das Schichten dieser Textilien und Formen wird Ihr Sofa sofort teurer. Tyler, das Design des Sch\u00f6pfers w\u00fcrde mit wei\u00dfem oder dunklerem Blues bet\u00e4uben, um einen auff\u00e4lligen Kontrast zu erzeugen.<\/p>\n<div id=\"ad-unit-2\" class=\"ad-unit\"><\/div>\n<div class=\"instagram-embed\" id=\"C8KwKnORuH7\">\n<blockquote class=\"instagram-media\" data-instgrm-captioned data-instgrm-version=\"6\" style=\"width:99.375%; width:-webkit-calc(100% - 2px); width:calc(100% - 2px);\">\n<p>Ein Beitrag, der von Fallschirm (@parachutehome) geteilt wird<\/p>\n<p>Ein Foto von on <\/p>\n<\/blockquote>\n<\/div>\n<h3 class=\"article-body__section\" id=\"section-shop-similar-parachute-for-le-fleur\"><span>Kaufen Sie einen \u00e4hnlichen Fallschirm f\u00fcr Le Fleur*<\/span><\/h3>\n<p id=\"09b45e5a-729c-4747-9f13-ca48402c0a87\">Wenn Sie von Tyler so besessen sind, sind die Pastellentw\u00fcrfe des Sch\u00f6pfers wie wir, es gibt noch viel mehr, woher das stammt. Die Bl\u00e4tter aus seiner Sammlung mit Fallschirm sind ausverkauft, da die kr\u00e4ftigen K\u00e4ufer sie w\u00e4hrend der Verkaufszeit aufgenommen haben, aber Sie haben sicher, dass sie im Auge behalten, wenn sie wieder in den Vorrat kommen.<\/p>\n<p>Dies sind unsere Lieblings -Akzentkissen und Wurfdecke, um den Blick in Ihr Zuhause zu bringen &#8211; aber achten Sie darauf, schnell zu handeln.<\/p>\n<div class=\"product-container hero-product-container product-block-no-wrap\">\n<div class=\"product-block-row\"><\/div>\n<div class=\"product-block-row\"><\/div>\n<div class=\"product-block-row\"><\/div>\n<\/div>\n<h3 class=\"article-body__section\" id=\"section-shop-alternative-accent-pillows\"><span>Kopieren Sie alternative Akzentkissen ein<\/span><\/h3>\n<p id=\"b752583e-07a3-4be1-9778-0f6c26a95872\">Der Herbst ist der perfekte Zeitpunkt, um Ihrem Wohnzimmer Flair zu verleihen. Wenn Sie vom sph\u00e4rischen Kissen -Look nicht \u00fcberzeugt sind, sind hier einige der besten Wurfkissen, die unsere Redakteure in dieser Saison gesehen haben. Sie nutzen jeweils zeitlos in einen aktuellen Innenarchitektenstrend.<\/p>\n<div id=\"slice-container-newsletterForm-articleInbodyContent-vSVdSkTBJouxrLJ4qkb3t6\" class=\"slice-container newsletter-inbodyContent-slice newsletterForm-articleInbodyContent-vSVdSkTBJouxrLJ4qkb3t6 slice-container-newsletterForm\"><\/div>\n<div class=\"product-container hero-product-container product-block-no-wrap\">\n<div class=\"product-block-row\"><\/div>\n<div class=\"product-block-row\"><\/div>\n<div class=\"product-block-row\"><\/div>\n<\/div>\n<hr id=\"0d46e7db-f8b8-47cf-9ba5-b01c3bd5dec9\">\n<p id=\"c61ace0b-fbef-4e4f-9a0e-fae6c44bef61\">Kleine Akzente und Farbpops k\u00f6nnen einen gro\u00dfen Beitrag dazu leisten, dass sich Ihr Zuhause absichtlich gestaltet f\u00fchlt. Alles beginnt mit dem richtigen Wurfkissen.<\/p>\n<div class=\"min-h-(270px) mb-4 viafoura-twig-component\" id=\"viafoura-engagement-starter-wrapper\" data-component-name=\"Elk:Embed:EngagementStarter\">\n<div class=\"viafoura\">\n<div>\n<vf-conversation-starter target=\"viafoura-comments\" minimum-comment-count=\"1\"><br \/>\n<\/vf-conversation-starter>\n<\/div>\n<\/div>\n<\/div>\n<hr id=\"d502abeb-7ea1-4bcd-a6fe-e468483a7090\">\n<\/div>\n<p><script async src=\"\/\/www.instagram.com\/embed.js\"><\/script><\/p>\n","protected":false},"excerpt":{"rendered":"<p>Ein helles Akzentkissen ist die perfekte Methode mit niedrigem Unterhalt und kosteng\u00fcnstiger Methode, um Ihr Wohnzimmer zu verbessern, w\u00e4hrend die Bl\u00e4tter braun werden. Da der<\/p>\n","protected":false},"author":1,"featured_media":7392,"comment_status":"closed","ping_status":"","sticky":false,"template":"","format":"standard","meta":{"footnotes":""},"categories":[118],"tags":[9199,941,112,78,81,4058,55,69,189,203,2617,146,61,2659,54,1544,8904,9833,58,2806,4325,9832,9835,37,532,9834],"class_list":["post-7391","post","type-post","status-publish","format-standard","has-post-thumbnail","hentry","category-haus-garten","tag-akzentkissen","tag-arbeit","tag-das","tag-den","tag-der","tag-entwarf","tag-fuer","tag-gehen","tag-hat","tag-herbst","tag-jedes","tag-mit","tag-nicht","tag-noch","tag-nur","tag-rabatt","tag-run","tag-schoepfer","tag-sind","tag-sofa","tag-tag","tag-tyler","tag-uebrig","tag-und","tag-unerwartete","tag-wenige","generate-columns","tablet-grid-50","mobile-grid-100","grid-parent","grid-50"],"yoast_head":"<!-- This site is optimized with the Yoast SEO plugin v27.3 - https:\/\/yoast.com\/product\/yoast-seo-wordpress\/ -->\n<title>Run, nicht gehen: Tyler, der Sch\u00f6pfer hat das unerwartete Akzentkissen jedes Sofa im Herbst entwarf - und es sind nur noch wenige f\u00fcr den Tag der Arbeit mit 50% Rabatt \u00fcbrig - Nachrichten - Stra\u00dfenweb<\/title>\n<meta name=\"robots\" content=\"index, follow, max-snippet:-1, max-image-preview:large, max-video-preview:-1\" \/>\n<link rel=\"canonical\" href=\"https:\/\/www.strassenweb.de\/nachrichten\/run-nicht-gehen-tyler-der-schoepfer-hat-das-unerwartete-akzentkissen-jedes-sofa-im-herbst-entwarf-und-es-sind-nur-noch-wenige-fuer-den-tag-der-arbeit-mit-50-rabatt-uebrig\/\" \/>\n<meta property=\"og:locale\" content=\"de_DE\" \/>\n<meta property=\"og:type\" content=\"article\" \/>\n<meta property=\"og:title\" content=\"Run, nicht gehen: Tyler, der Sch\u00f6pfer hat das unerwartete Akzentkissen jedes Sofa im Herbst entwarf - und es sind nur noch wenige f\u00fcr den Tag der Arbeit mit 50% Rabatt \u00fcbrig - Nachrichten - Stra\u00dfenweb\" \/>\n<meta property=\"og:description\" content=\"Ein helles Akzentkissen ist die perfekte Methode mit niedrigem Unterhalt und kosteng\u00fcnstiger Methode, um Ihr Wohnzimmer zu verbessern, w\u00e4hrend die Bl\u00e4tter braun werden. Da der\" \/>\n<meta property=\"og:url\" content=\"https:\/\/www.strassenweb.de\/nachrichten\/run-nicht-gehen-tyler-der-schoepfer-hat-das-unerwartete-akzentkissen-jedes-sofa-im-herbst-entwarf-und-es-sind-nur-noch-wenige-fuer-den-tag-der-arbeit-mit-50-rabatt-uebrig\/\" \/>\n<meta property=\"og:site_name\" content=\"Stra\u00dfenweb\" \/>\n<meta property=\"article:publisher\" content=\"https:\/\/www.facebook.com\/strassenweb\/\" \/>\n<meta property=\"article:published_time\" content=\"2025-09-01T14:39:33+00:00\" \/>\n<meta property=\"article:modified_time\" content=\"2025-09-01T14:39:34+00:00\" \/>\n<meta property=\"og:image\" content=\"https:\/\/www.strassenweb.de\/nachrichten\/wp-content\/uploads\/2025\/09\/Run-nicht-gehen-Tyler-der-Schoepfer-hat-das-unerwartete-Akzentkissen.jpg\" \/>\n\t<meta property=\"og:image:width\" content=\"1600\" \/>\n\t<meta property=\"og:image:height\" content=\"900\" \/>\n\t<meta property=\"og:image:type\" content=\"image\/jpeg\" \/>\n<meta name=\"author\" content=\"Robert Hoffmann\" \/>\n<meta name=\"twitter:card\" content=\"summary_large_image\" \/>\n<meta name=\"twitter:label1\" content=\"Verfasst von\" \/>\n\t<meta name=\"twitter:data1\" content=\"Robert Hoffmann\" \/>\n\t<meta name=\"twitter:label2\" content=\"Gesch\u00e4tzte Lesezeit\" \/>\n\t<meta name=\"twitter:data2\" content=\"2\u00a0Minuten\" \/>\n<script type=\"application\/ld+json\" class=\"yoast-schema-graph\">{\"@context\":\"https:\\\/\\\/schema.org\",\"@graph\":[{\"@type\":\"Article\",\"@id\":\"https:\\\/\\\/www.strassenweb.de\\\/nachrichten\\\/run-nicht-gehen-tyler-der-schoepfer-hat-das-unerwartete-akzentkissen-jedes-sofa-im-herbst-entwarf-und-es-sind-nur-noch-wenige-fuer-den-tag-der-arbeit-mit-50-rabatt-uebrig\\\/#article\",\"isPartOf\":{\"@id\":\"https:\\\/\\\/www.strassenweb.de\\\/nachrichten\\\/run-nicht-gehen-tyler-der-schoepfer-hat-das-unerwartete-akzentkissen-jedes-sofa-im-herbst-entwarf-und-es-sind-nur-noch-wenige-fuer-den-tag-der-arbeit-mit-50-rabatt-uebrig\\\/\"},\"author\":{\"name\":\"Robert Hoffmann\",\"@id\":\"https:\\\/\\\/www.strassenweb.de\\\/nachrichten\\\/#\\\/schema\\\/person\\\/87c9c9067f1211da429a744dc5a5aa41\"},\"headline\":\"Run, nicht gehen: Tyler, der Sch\u00f6pfer hat das unerwartete Akzentkissen jedes Sofa im Herbst entwarf &#8211; und es sind nur noch wenige f\u00fcr den Tag der Arbeit mit 50% Rabatt \u00fcbrig\",\"datePublished\":\"2025-09-01T14:39:33+00:00\",\"dateModified\":\"2025-09-01T14:39:34+00:00\",\"mainEntityOfPage\":{\"@id\":\"https:\\\/\\\/www.strassenweb.de\\\/nachrichten\\\/run-nicht-gehen-tyler-der-schoepfer-hat-das-unerwartete-akzentkissen-jedes-sofa-im-herbst-entwarf-und-es-sind-nur-noch-wenige-fuer-den-tag-der-arbeit-mit-50-rabatt-uebrig\\\/\"},\"wordCount\":439,\"publisher\":{\"@id\":\"https:\\\/\\\/www.strassenweb.de\\\/nachrichten\\\/#organization\"},\"image\":{\"@id\":\"https:\\\/\\\/www.strassenweb.de\\\/nachrichten\\\/run-nicht-gehen-tyler-der-schoepfer-hat-das-unerwartete-akzentkissen-jedes-sofa-im-herbst-entwarf-und-es-sind-nur-noch-wenige-fuer-den-tag-der-arbeit-mit-50-rabatt-uebrig\\\/#primaryimage\"},\"thumbnailUrl\":\"https:\\\/\\\/www.strassenweb.de\\\/nachrichten\\\/wp-content\\\/uploads\\\/2025\\\/09\\\/Run-nicht-gehen-Tyler-der-Schoepfer-hat-das-unerwartete-Akzentkissen.jpg\",\"keywords\":[\"Akzentkissen\",\"Arbeit\",\"das\",\"den\",\"der\",\"entwarf\",\"f\u00fcr\",\"gehen\",\"hat\",\"Herbst\",\"jedes\",\"mit\",\"nicht\",\"noch\",\"nur\",\"Rabatt\",\"Run\",\"Sch\u00f6pfer\",\"sind\",\"Sofa\",\"Tag\",\"Tyler\",\"\u00fcbrig\",\"und\",\"unerwartete\",\"wenige\"],\"articleSection\":[\"Haus &amp; Garten\"],\"inLanguage\":\"de\"},{\"@type\":\"WebPage\",\"@id\":\"https:\\\/\\\/www.strassenweb.de\\\/nachrichten\\\/run-nicht-gehen-tyler-der-schoepfer-hat-das-unerwartete-akzentkissen-jedes-sofa-im-herbst-entwarf-und-es-sind-nur-noch-wenige-fuer-den-tag-der-arbeit-mit-50-rabatt-uebrig\\\/\",\"url\":\"https:\\\/\\\/www.strassenweb.de\\\/nachrichten\\\/run-nicht-gehen-tyler-der-schoepfer-hat-das-unerwartete-akzentkissen-jedes-sofa-im-herbst-entwarf-und-es-sind-nur-noch-wenige-fuer-den-tag-der-arbeit-mit-50-rabatt-uebrig\\\/\",\"name\":\"Run, nicht gehen: Tyler, der Sch\u00f6pfer hat das unerwartete Akzentkissen jedes Sofa im Herbst entwarf - und es sind nur noch wenige f\u00fcr den Tag der Arbeit mit 50% Rabatt \u00fcbrig - Nachrichten - Stra\u00dfenweb\",\"isPartOf\":{\"@id\":\"https:\\\/\\\/www.strassenweb.de\\\/nachrichten\\\/#website\"},\"primaryImageOfPage\":{\"@id\":\"https:\\\/\\\/www.strassenweb.de\\\/nachrichten\\\/run-nicht-gehen-tyler-der-schoepfer-hat-das-unerwartete-akzentkissen-jedes-sofa-im-herbst-entwarf-und-es-sind-nur-noch-wenige-fuer-den-tag-der-arbeit-mit-50-rabatt-uebrig\\\/#primaryimage\"},\"image\":{\"@id\":\"https:\\\/\\\/www.strassenweb.de\\\/nachrichten\\\/run-nicht-gehen-tyler-der-schoepfer-hat-das-unerwartete-akzentkissen-jedes-sofa-im-herbst-entwarf-und-es-sind-nur-noch-wenige-fuer-den-tag-der-arbeit-mit-50-rabatt-uebrig\\\/#primaryimage\"},\"thumbnailUrl\":\"https:\\\/\\\/www.strassenweb.de\\\/nachrichten\\\/wp-content\\\/uploads\\\/2025\\\/09\\\/Run-nicht-gehen-Tyler-der-Schoepfer-hat-das-unerwartete-Akzentkissen.jpg\",\"datePublished\":\"2025-09-01T14:39:33+00:00\",\"dateModified\":\"2025-09-01T14:39:34+00:00\",\"breadcrumb\":{\"@id\":\"https:\\\/\\\/www.strassenweb.de\\\/nachrichten\\\/run-nicht-gehen-tyler-der-schoepfer-hat-das-unerwartete-akzentkissen-jedes-sofa-im-herbst-entwarf-und-es-sind-nur-noch-wenige-fuer-den-tag-der-arbeit-mit-50-rabatt-uebrig\\\/#breadcrumb\"},\"inLanguage\":\"de\",\"potentialAction\":[{\"@type\":\"ReadAction\",\"target\":[\"https:\\\/\\\/www.strassenweb.de\\\/nachrichten\\\/run-nicht-gehen-tyler-der-schoepfer-hat-das-unerwartete-akzentkissen-jedes-sofa-im-herbst-entwarf-und-es-sind-nur-noch-wenige-fuer-den-tag-der-arbeit-mit-50-rabatt-uebrig\\\/\"]}]},{\"@type\":\"ImageObject\",\"inLanguage\":\"de\",\"@id\":\"https:\\\/\\\/www.strassenweb.de\\\/nachrichten\\\/run-nicht-gehen-tyler-der-schoepfer-hat-das-unerwartete-akzentkissen-jedes-sofa-im-herbst-entwarf-und-es-sind-nur-noch-wenige-fuer-den-tag-der-arbeit-mit-50-rabatt-uebrig\\\/#primaryimage\",\"url\":\"https:\\\/\\\/www.strassenweb.de\\\/nachrichten\\\/wp-content\\\/uploads\\\/2025\\\/09\\\/Run-nicht-gehen-Tyler-der-Schoepfer-hat-das-unerwartete-Akzentkissen.jpg\",\"contentUrl\":\"https:\\\/\\\/www.strassenweb.de\\\/nachrichten\\\/wp-content\\\/uploads\\\/2025\\\/09\\\/Run-nicht-gehen-Tyler-der-Schoepfer-hat-das-unerwartete-Akzentkissen.jpg\",\"width\":1600,\"height\":900,\"caption\":\"tyler the creator on a black background\"},{\"@type\":\"BreadcrumbList\",\"@id\":\"https:\\\/\\\/www.strassenweb.de\\\/nachrichten\\\/run-nicht-gehen-tyler-der-schoepfer-hat-das-unerwartete-akzentkissen-jedes-sofa-im-herbst-entwarf-und-es-sind-nur-noch-wenige-fuer-den-tag-der-arbeit-mit-50-rabatt-uebrig\\\/#breadcrumb\",\"itemListElement\":[{\"@type\":\"ListItem\",\"position\":1,\"name\":\"Home\",\"item\":\"https:\\\/\\\/www.strassenweb.de\\\/nachrichten\\\/\"},{\"@type\":\"ListItem\",\"position\":2,\"name\":\"Run, nicht gehen: Tyler, der Sch\u00f6pfer hat das unerwartete Akzentkissen jedes Sofa im Herbst entwarf &#8211; und es sind nur noch wenige f\u00fcr den Tag der Arbeit mit 50% Rabatt \u00fcbrig\"}]},{\"@type\":\"WebSite\",\"@id\":\"https:\\\/\\\/www.strassenweb.de\\\/nachrichten\\\/#website\",\"url\":\"https:\\\/\\\/www.strassenweb.de\\\/nachrichten\\\/\",\"name\":\"Stra\u00dfenweb\",\"description\":\"Stra\u00dfenverzeichnis f\u00fcr Deutschland\",\"publisher\":{\"@id\":\"https:\\\/\\\/www.strassenweb.de\\\/nachrichten\\\/#organization\"},\"potentialAction\":[{\"@type\":\"SearchAction\",\"target\":{\"@type\":\"EntryPoint\",\"urlTemplate\":\"https:\\\/\\\/www.strassenweb.de\\\/nachrichten\\\/?s={search_term_string}\"},\"query-input\":{\"@type\":\"PropertyValueSpecification\",\"valueRequired\":true,\"valueName\":\"search_term_string\"}}],\"inLanguage\":\"de\"},{\"@type\":\"Organization\",\"@id\":\"https:\\\/\\\/www.strassenweb.de\\\/nachrichten\\\/#organization\",\"name\":\"Stra\u00dfenweb\",\"url\":\"https:\\\/\\\/www.strassenweb.de\\\/nachrichten\\\/\",\"logo\":{\"@type\":\"ImageObject\",\"inLanguage\":\"de\",\"@id\":\"https:\\\/\\\/www.strassenweb.de\\\/nachrichten\\\/#\\\/schema\\\/logo\\\/image\\\/\",\"url\":\"https:\\\/\\\/www.strassenweb.de\\\/nachrichten\\\/wp-content\\\/uploads\\\/2024\\\/09\\\/cropped-favicon.png\",\"contentUrl\":\"https:\\\/\\\/www.strassenweb.de\\\/nachrichten\\\/wp-content\\\/uploads\\\/2024\\\/09\\\/cropped-favicon.png\",\"width\":512,\"height\":512,\"caption\":\"Stra\u00dfenweb\"},\"image\":{\"@id\":\"https:\\\/\\\/www.strassenweb.de\\\/nachrichten\\\/#\\\/schema\\\/logo\\\/image\\\/\"},\"sameAs\":[\"https:\\\/\\\/www.facebook.com\\\/strassenweb\\\/\"]},{\"@type\":\"Person\",\"@id\":\"https:\\\/\\\/www.strassenweb.de\\\/nachrichten\\\/#\\\/schema\\\/person\\\/87c9c9067f1211da429a744dc5a5aa41\",\"name\":\"Robert Hoffmann\",\"image\":{\"@type\":\"ImageObject\",\"inLanguage\":\"de\",\"@id\":\"https:\\\/\\\/www.strassenweb.de\\\/nachrichten\\\/wp-content\\\/uploads\\\/2024\\\/09\\\/strassenweb-150x150.jpg\",\"url\":\"https:\\\/\\\/www.strassenweb.de\\\/nachrichten\\\/wp-content\\\/uploads\\\/2024\\\/09\\\/strassenweb-150x150.jpg\",\"contentUrl\":\"https:\\\/\\\/www.strassenweb.de\\\/nachrichten\\\/wp-content\\\/uploads\\\/2024\\\/09\\\/strassenweb-150x150.jpg\",\"caption\":\"Robert Hoffmann\"},\"description\":\"Ich hei\u00dfe Robert Hoffmann und ich bin ein leidenschaftlicher Verfechter von \u00d6kologie und Biodiversit\u00e4t. Seit meiner Kindheit in den W\u00e4ldern Bayerns f\u00fchle ich mich mit der Natur verbunden und bin entschlossen, sie zu sch\u00fctzen. Heute widme ich mein Leben der Sensibilisierung anderer f\u00fcr die Bedeutung des Umweltschutzes f\u00fcr zuk\u00fcnftige Generationen.\",\"sameAs\":[\"https:\\\/\\\/www.strassenweb.de\\\/\"]}]}<\/script>\n<!-- \/ Yoast SEO plugin. -->","yoast_head_json":{"title":"Run, nicht gehen: Tyler, der Sch\u00f6pfer hat das unerwartete Akzentkissen jedes Sofa im Herbst entwarf - und es sind nur noch wenige f\u00fcr den Tag der Arbeit mit 50% Rabatt \u00fcbrig - Nachrichten - Stra\u00dfenweb","robots":{"index":"index","follow":"follow","max-snippet":"max-snippet:-1","max-image-preview":"max-image-preview:large","max-video-preview":"max-video-preview:-1"},"canonical":"https:\/\/www.strassenweb.de\/nachrichten\/run-nicht-gehen-tyler-der-schoepfer-hat-das-unerwartete-akzentkissen-jedes-sofa-im-herbst-entwarf-und-es-sind-nur-noch-wenige-fuer-den-tag-der-arbeit-mit-50-rabatt-uebrig\/","og_locale":"de_DE","og_type":"article","og_title":"Run, nicht gehen: Tyler, der Sch\u00f6pfer hat das unerwartete Akzentkissen jedes Sofa im Herbst entwarf - und es sind nur noch wenige f\u00fcr den Tag der Arbeit mit 50% Rabatt \u00fcbrig - Nachrichten - Stra\u00dfenweb","og_description":"Ein helles Akzentkissen ist die perfekte Methode mit niedrigem Unterhalt und kosteng\u00fcnstiger Methode, um Ihr Wohnzimmer zu verbessern, w\u00e4hrend die Bl\u00e4tter braun werden. Da der","og_url":"https:\/\/www.strassenweb.de\/nachrichten\/run-nicht-gehen-tyler-der-schoepfer-hat-das-unerwartete-akzentkissen-jedes-sofa-im-herbst-entwarf-und-es-sind-nur-noch-wenige-fuer-den-tag-der-arbeit-mit-50-rabatt-uebrig\/","og_site_name":"Stra\u00dfenweb","article_publisher":"https:\/\/www.facebook.com\/strassenweb\/","article_published_time":"2025-09-01T14:39:33+00:00","article_modified_time":"2025-09-01T14:39:34+00:00","og_image":[{"width":1600,"height":900,"url":"https:\/\/www.strassenweb.de\/nachrichten\/wp-content\/uploads\/2025\/09\/Run-nicht-gehen-Tyler-der-Schoepfer-hat-das-unerwartete-Akzentkissen.jpg","type":"image\/jpeg"}],"author":"Robert Hoffmann","twitter_card":"summary_large_image","twitter_misc":{"Verfasst von":"Robert Hoffmann","Gesch\u00e4tzte Lesezeit":"2\u00a0Minuten"},"schema":{"@context":"https:\/\/schema.org","@graph":[{"@type":"Article","@id":"https:\/\/www.strassenweb.de\/nachrichten\/run-nicht-gehen-tyler-der-schoepfer-hat-das-unerwartete-akzentkissen-jedes-sofa-im-herbst-entwarf-und-es-sind-nur-noch-wenige-fuer-den-tag-der-arbeit-mit-50-rabatt-uebrig\/#article","isPartOf":{"@id":"https:\/\/www.strassenweb.de\/nachrichten\/run-nicht-gehen-tyler-der-schoepfer-hat-das-unerwartete-akzentkissen-jedes-sofa-im-herbst-entwarf-und-es-sind-nur-noch-wenige-fuer-den-tag-der-arbeit-mit-50-rabatt-uebrig\/"},"author":{"name":"Robert Hoffmann","@id":"https:\/\/www.strassenweb.de\/nachrichten\/#\/schema\/person\/87c9c9067f1211da429a744dc5a5aa41"},"headline":"Run, nicht gehen: Tyler, der Sch\u00f6pfer hat das unerwartete Akzentkissen jedes Sofa im Herbst entwarf &#8211; und es sind nur noch wenige f\u00fcr den Tag der Arbeit mit 50% Rabatt \u00fcbrig","datePublished":"2025-09-01T14:39:33+00:00","dateModified":"2025-09-01T14:39:34+00:00","mainEntityOfPage":{"@id":"https:\/\/www.strassenweb.de\/nachrichten\/run-nicht-gehen-tyler-der-schoepfer-hat-das-unerwartete-akzentkissen-jedes-sofa-im-herbst-entwarf-und-es-sind-nur-noch-wenige-fuer-den-tag-der-arbeit-mit-50-rabatt-uebrig\/"},"wordCount":439,"publisher":{"@id":"https:\/\/www.strassenweb.de\/nachrichten\/#organization"},"image":{"@id":"https:\/\/www.strassenweb.de\/nachrichten\/run-nicht-gehen-tyler-der-schoepfer-hat-das-unerwartete-akzentkissen-jedes-sofa-im-herbst-entwarf-und-es-sind-nur-noch-wenige-fuer-den-tag-der-arbeit-mit-50-rabatt-uebrig\/#primaryimage"},"thumbnailUrl":"https:\/\/www.strassenweb.de\/nachrichten\/wp-content\/uploads\/2025\/09\/Run-nicht-gehen-Tyler-der-Schoepfer-hat-das-unerwartete-Akzentkissen.jpg","keywords":["Akzentkissen","Arbeit","das","den","der","entwarf","f\u00fcr","gehen","hat","Herbst","jedes","mit","nicht","noch","nur","Rabatt","Run","Sch\u00f6pfer","sind","Sofa","Tag","Tyler","\u00fcbrig","und","unerwartete","wenige"],"articleSection":["Haus &amp; Garten"],"inLanguage":"de"},{"@type":"WebPage","@id":"https:\/\/www.strassenweb.de\/nachrichten\/run-nicht-gehen-tyler-der-schoepfer-hat-das-unerwartete-akzentkissen-jedes-sofa-im-herbst-entwarf-und-es-sind-nur-noch-wenige-fuer-den-tag-der-arbeit-mit-50-rabatt-uebrig\/","url":"https:\/\/www.strassenweb.de\/nachrichten\/run-nicht-gehen-tyler-der-schoepfer-hat-das-unerwartete-akzentkissen-jedes-sofa-im-herbst-entwarf-und-es-sind-nur-noch-wenige-fuer-den-tag-der-arbeit-mit-50-rabatt-uebrig\/","name":"Run, nicht gehen: Tyler, der Sch\u00f6pfer hat das unerwartete Akzentkissen jedes Sofa im Herbst entwarf - und es sind nur noch wenige f\u00fcr den Tag der Arbeit mit 50% Rabatt \u00fcbrig - Nachrichten - Stra\u00dfenweb","isPartOf":{"@id":"https:\/\/www.strassenweb.de\/nachrichten\/#website"},"primaryImageOfPage":{"@id":"https:\/\/www.strassenweb.de\/nachrichten\/run-nicht-gehen-tyler-der-schoepfer-hat-das-unerwartete-akzentkissen-jedes-sofa-im-herbst-entwarf-und-es-sind-nur-noch-wenige-fuer-den-tag-der-arbeit-mit-50-rabatt-uebrig\/#primaryimage"},"image":{"@id":"https:\/\/www.strassenweb.de\/nachrichten\/run-nicht-gehen-tyler-der-schoepfer-hat-das-unerwartete-akzentkissen-jedes-sofa-im-herbst-entwarf-und-es-sind-nur-noch-wenige-fuer-den-tag-der-arbeit-mit-50-rabatt-uebrig\/#primaryimage"},"thumbnailUrl":"https:\/\/www.strassenweb.de\/nachrichten\/wp-content\/uploads\/2025\/09\/Run-nicht-gehen-Tyler-der-Schoepfer-hat-das-unerwartete-Akzentkissen.jpg","datePublished":"2025-09-01T14:39:33+00:00","dateModified":"2025-09-01T14:39:34+00:00","breadcrumb":{"@id":"https:\/\/www.strassenweb.de\/nachrichten\/run-nicht-gehen-tyler-der-schoepfer-hat-das-unerwartete-akzentkissen-jedes-sofa-im-herbst-entwarf-und-es-sind-nur-noch-wenige-fuer-den-tag-der-arbeit-mit-50-rabatt-uebrig\/#breadcrumb"},"inLanguage":"de","potentialAction":[{"@type":"ReadAction","target":["https:\/\/www.strassenweb.de\/nachrichten\/run-nicht-gehen-tyler-der-schoepfer-hat-das-unerwartete-akzentkissen-jedes-sofa-im-herbst-entwarf-und-es-sind-nur-noch-wenige-fuer-den-tag-der-arbeit-mit-50-rabatt-uebrig\/"]}]},{"@type":"ImageObject","inLanguage":"de","@id":"https:\/\/www.strassenweb.de\/nachrichten\/run-nicht-gehen-tyler-der-schoepfer-hat-das-unerwartete-akzentkissen-jedes-sofa-im-herbst-entwarf-und-es-sind-nur-noch-wenige-fuer-den-tag-der-arbeit-mit-50-rabatt-uebrig\/#primaryimage","url":"https:\/\/www.strassenweb.de\/nachrichten\/wp-content\/uploads\/2025\/09\/Run-nicht-gehen-Tyler-der-Schoepfer-hat-das-unerwartete-Akzentkissen.jpg","contentUrl":"https:\/\/www.strassenweb.de\/nachrichten\/wp-content\/uploads\/2025\/09\/Run-nicht-gehen-Tyler-der-Schoepfer-hat-das-unerwartete-Akzentkissen.jpg","width":1600,"height":900,"caption":"tyler the creator on a black background"},{"@type":"BreadcrumbList","@id":"https:\/\/www.strassenweb.de\/nachrichten\/run-nicht-gehen-tyler-der-schoepfer-hat-das-unerwartete-akzentkissen-jedes-sofa-im-herbst-entwarf-und-es-sind-nur-noch-wenige-fuer-den-tag-der-arbeit-mit-50-rabatt-uebrig\/#breadcrumb","itemListElement":[{"@type":"ListItem","position":1,"name":"Home","item":"https:\/\/www.strassenweb.de\/nachrichten\/"},{"@type":"ListItem","position":2,"name":"Run, nicht gehen: Tyler, der Sch\u00f6pfer hat das unerwartete Akzentkissen jedes Sofa im Herbst entwarf &#8211; und es sind nur noch wenige f\u00fcr den Tag der Arbeit mit 50% Rabatt \u00fcbrig"}]},{"@type":"WebSite","@id":"https:\/\/www.strassenweb.de\/nachrichten\/#website","url":"https:\/\/www.strassenweb.de\/nachrichten\/","name":"Stra\u00dfenweb","description":"Stra\u00dfenverzeichnis f\u00fcr Deutschland","publisher":{"@id":"https:\/\/www.strassenweb.de\/nachrichten\/#organization"},"potentialAction":[{"@type":"SearchAction","target":{"@type":"EntryPoint","urlTemplate":"https:\/\/www.strassenweb.de\/nachrichten\/?s={search_term_string}"},"query-input":{"@type":"PropertyValueSpecification","valueRequired":true,"valueName":"search_term_string"}}],"inLanguage":"de"},{"@type":"Organization","@id":"https:\/\/www.strassenweb.de\/nachrichten\/#organization","name":"Stra\u00dfenweb","url":"https:\/\/www.strassenweb.de\/nachrichten\/","logo":{"@type":"ImageObject","inLanguage":"de","@id":"https:\/\/www.strassenweb.de\/nachrichten\/#\/schema\/logo\/image\/","url":"https:\/\/www.strassenweb.de\/nachrichten\/wp-content\/uploads\/2024\/09\/cropped-favicon.png","contentUrl":"https:\/\/www.strassenweb.de\/nachrichten\/wp-content\/uploads\/2024\/09\/cropped-favicon.png","width":512,"height":512,"caption":"Stra\u00dfenweb"},"image":{"@id":"https:\/\/www.strassenweb.de\/nachrichten\/#\/schema\/logo\/image\/"},"sameAs":["https:\/\/www.facebook.com\/strassenweb\/"]},{"@type":"Person","@id":"https:\/\/www.strassenweb.de\/nachrichten\/#\/schema\/person\/87c9c9067f1211da429a744dc5a5aa41","name":"Robert Hoffmann","image":{"@type":"ImageObject","inLanguage":"de","@id":"https:\/\/www.strassenweb.de\/nachrichten\/wp-content\/uploads\/2024\/09\/strassenweb-150x150.jpg","url":"https:\/\/www.strassenweb.de\/nachrichten\/wp-content\/uploads\/2024\/09\/strassenweb-150x150.jpg","contentUrl":"https:\/\/www.strassenweb.de\/nachrichten\/wp-content\/uploads\/2024\/09\/strassenweb-150x150.jpg","caption":"Robert Hoffmann"},"description":"Ich hei\u00dfe Robert Hoffmann und ich bin ein leidenschaftlicher Verfechter von \u00d6kologie und Biodiversit\u00e4t. Seit meiner Kindheit in den W\u00e4ldern Bayerns f\u00fchle ich mich mit der Natur verbunden und bin entschlossen, sie zu sch\u00fctzen. Heute widme ich mein Leben der Sensibilisierung anderer f\u00fcr die Bedeutung des Umweltschutzes f\u00fcr zuk\u00fcnftige Generationen.","sameAs":["https:\/\/www.strassenweb.de\/"]}]}},"_links":{"self":[{"href":"https:\/\/www.strassenweb.de\/nachrichten\/wp-json\/wp\/v2\/posts\/7391","targetHints":{"allow":["GET"]}}],"collection":[{"href":"https:\/\/www.strassenweb.de\/nachrichten\/wp-json\/wp\/v2\/posts"}],"about":[{"href":"https:\/\/www.strassenweb.de\/nachrichten\/wp-json\/wp\/v2\/types\/post"}],"author":[{"embeddable":true,"href":"https:\/\/www.strassenweb.de\/nachrichten\/wp-json\/wp\/v2\/users\/1"}],"replies":[{"embeddable":true,"href":"https:\/\/www.strassenweb.de\/nachrichten\/wp-json\/wp\/v2\/comments?post=7391"}],"version-history":[{"count":0,"href":"https:\/\/www.strassenweb.de\/nachrichten\/wp-json\/wp\/v2\/posts\/7391\/revisions"}],"wp:featuredmedia":[{"embeddable":true,"href":"https:\/\/www.strassenweb.de\/nachrichten\/wp-json\/wp\/v2\/media\/7392"}],"wp:attachment":[{"href":"https:\/\/www.strassenweb.de\/nachrichten\/wp-json\/wp\/v2\/media?parent=7391"}],"wp:term":[{"taxonomy":"category","embeddable":true,"href":"https:\/\/www.strassenweb.de\/nachrichten\/wp-json\/wp\/v2\/categories?post=7391"},{"taxonomy":"post_tag","embeddable":true,"href":"https:\/\/www.strassenweb.de\/nachrichten\/wp-json\/wp\/v2\/tags?post=7391"}],"curies":[{"name":"wp","href":"https:\/\/api.w.org\/{rel}","templated":true}]}}