{"id":7388,"date":"2025-09-01T13:39:17","date_gmt":"2025-09-01T11:39:17","guid":{"rendered":"https:\/\/www.strassenweb.de\/nachrichten\/was-kaufen-innenarchitekten-tatsaechlich-fuer-sich-selbst-6-designer-teilen-ihre-bevorzugten-eigenheimkaeufe-von-2025-bisher\/"},"modified":"2025-09-01T13:39:19","modified_gmt":"2025-09-01T11:39:19","slug":"was-kaufen-innenarchitekten-tatsaechlich-fuer-sich-selbst-6-designer-teilen-ihre-bevorzugten-eigenheimkaeufe-von-2025-bisher","status":"publish","type":"post","link":"https:\/\/www.strassenweb.de\/nachrichten\/was-kaufen-innenarchitekten-tatsaechlich-fuer-sich-selbst-6-designer-teilen-ihre-bevorzugten-eigenheimkaeufe-von-2025-bisher\/","title":{"rendered":"Was kaufen Innenarchitekten tats\u00e4chlich f\u00fcr sich selbst? 6 Designer teilen ihre bevorzugten Eigenheimk\u00e4ufe von 2025 (bisher)"},"content":{"rendered":"<p><\/p>\n<div id=\"article-body\" class=\"article__body \">\n<p id=\"eedc1401-a20a-4193-87b4-e7e2a05c3768\">Wenn Sie einen medizinischen Rat w\u00fcnschen, gehen Sie zu einem Arzt. Ein Haarschnitt? Fragen Sie einen Friseur. Und wenn Sie herausfinden, was Sie f\u00fcr Ihr Haus kaufen sollen, fragen Sie einen Designer.<\/p>\n<div id=\"ad-unit-1\" class=\"ad-unit\"><\/div>\n<aside data-block-type=\"embed\" data-render-type=\"fte\" data-skip=\"dealsy\" data-widget-type=\"seasonal\" class=\"hawk-base\"><\/aside>\n<p id=\"eedc1401-a20a-4193-87b4-e7e2a05c3768-2\">Im Folgenden versch\u00fctten sechs Designer die Eink\u00e4ufe, an die sie immer noch denken. Weil es eine Sache ist, etwas f\u00fcr Ihr Haus zu kaufen &#8211; und eine andere Sache, es ganz zu lieben. Folgendes w\u00fcrden sie sofort wieder kaufen.<\/p>\n<div class=\"van_vid_carousel\">\n<div class=\"van_vid_carousel__padding\">\n<div class=\"van_vid_carousel__container\"><\/div>\n<\/div>\n<\/div>\n<h3 class=\"article-body__section\" id=\"section-1-custom-radiator-cover\"><span>1. benutzerdefinierte K\u00fchlerabdeckung<\/span><\/h3>\n<figure class=\"van-image-figure inline-layout \" data-bordeaux-image-check id=\"95d20992-55c2-4d2d-9ddf-82f3d27c036e\">\n<div class=\"image-full-width-wrapper\">\n<div class=\"image-widthsetter\" style=\"max-width:800px;\"><\/div>\n<\/div>\n<\/figure>\n<p id=\"2ff84115-71f8-4970-a82d-c2859954f599\">Heizk\u00f6rper sind warm, laut und oft das h\u00e4sslichste im Raum. Aber anstatt so zu tun, als ob sie nicht da sind, beschloss Studio Hollond, Phoebe Hollond, ihr ein richtiges Facelifting zu geben. In ihrer K\u00fcche installierte sie benutzerdefinierte K\u00fchlerabdeckungen und verwandelte einen einst ein Schandfleck in einen Moment.<\/p>\n<div id=\"ad-unit-2\" class=\"ad-unit\"><\/div>\n<p>&#8222;Sie haben mein Leben ver\u00e4ndert&#8220;, sagt sie. Phoebe skizzierte die Sillhouette selbst, polsterte die Holzfronten in Horsehair und legte alles mit einem eingebauten Regal ab. &#8222;Es ist eine gute M\u00f6glichkeit, zus\u00e4tzliche dekorative Elemente wie Blumen und Kerzen zu integrieren.&#8220;<\/p>\n<div class=\"product-container horizontal-product-container\">\n<div class=\"product-block-row\"><\/div>\n<\/div>\n<h3 class=\"article-body__section\" id=\"section-2-novelty-glassware\"><span>2. Neuheit Glaswaren<\/span><\/h3>\n<figure class=\"van-image-figure inline-layout \" data-bordeaux-image-check id=\"33a0e797-e91b-40ac-b88e-eb87fc23eed3\">\n<div class=\"image-full-width-wrapper\">\n<div class=\"image-widthsetter\" style=\"max-width:2000px;\"><\/div>\n<\/div>\n<\/figure>\n<p id=\"babd8aac-5055-4523-857d-ba357f16ffe2\">Ihre t\u00e4glichen Getr\u00e4nke &#8211; Saft, Wasser oder etwas St\u00e4rkeres &#8211; verdienen mehr Pers\u00f6nlichkeit. Eva Amurri, Schauspielerin, Content Creator und Star von <em>Das Westport -Projekt<\/em>gab ihr t\u00e4glich eine Feuchtigkeit im Jahr 2025 mit Anthropologies treffend benannte &#8222;Ikon&#8220; -Bl\u00e4sern.<\/p>\n<p>&#8222;Diese Saftbrillen waren ein Impulskauf, haben sich aber jetzt als mein Lieblings -Trinkglas in meiner K\u00fcche herausgestellt!&#8220; sagt sie. &#8222;Es gibt Dutzende von Motiven zur Auswahl, und ich finde, sie sind auch die perfekte Gr\u00f6\u00dfe f\u00fcr eine eiskalte Margarita!&#8220;<\/p>\n<div id=\"slice-container-newsletterForm-articleInbodyContent-YRQxW8pUaJGaKu69GR882o\" class=\"slice-container newsletter-inbodyContent-slice newsletterForm-articleInbodyContent-YRQxW8pUaJGaKu69GR882o slice-container-newsletterForm\"><\/div>\n<div class=\"product-container horizontal-product-container\">\n<div class=\"product-block-row\"><\/div>\n<\/div>\n<h3 class=\"article-body__section\" id=\"section-3-burlwood-nightstand\"><span>3. Burlwood -Nachttisch<\/span><\/h3>\n<figure class=\"van-image-figure inline-layout \" data-bordeaux-image-check id=\"2c2802a4-47e0-4776-bee5-4f6131e6700e\">\n<div class=\"image-full-width-wrapper\">\n<div class=\"image-widthsetter\" style=\"max-width:2000px;\"><\/div>\n<\/div>\n<\/figure>\n<p id=\"8df3c463-2b75-4187-b202-7b32cd69e8c7\">Das Sch\u00f6ne an Burlwood ist, dass Sie nie genau wissen, was Sie bekommen werden. Technisch gesehen eine Deformit\u00e4t im Holzkorn und bringt eine charakteristische W\u00e4rme im Retro-Stil in jeden Raum. Franky, Gr\u00fcnderin und CEO von Jolie, w\u00e4hlen das Schlafzimmer mit dem Warwick -Nachttisch in Mappa Burl von Soho zu Hause.<\/p>\n<p>&#8222;Ein weicher Holzschatten kann ein echtes Gef\u00fchl der Erdung in ein Schlafzimmer bringen&#8220;, bemerkt sie. &#8222;Die Burl -Furnierbl\u00e4tter sind so ver\u00e4ndert, dass sie ihre genaue Position im Baum widerspiegeln, und ich finde, dass diese Symmetrie ein bescheidenes, aber sch\u00f6nes Detail ist!&#8220;<\/p>\n<div class=\"product-container horizontal-product-container\">\n<div class=\"product-block-row\"><\/div>\n<\/div>\n<h3 class=\"article-body__section\" id=\"section-4-uplifting-wallpaper\"><span>4. Erhebende Tapete<\/span><\/h3>\n<figure class=\"van-image-figure inline-layout \" data-bordeaux-image-check id=\"04b0e3de-67b5-4567-aaf0-20134b1f838c\">\n<div class=\"image-full-width-wrapper\">\n<div class=\"image-widthsetter\" style=\"max-width:3250px;\"><\/div>\n<\/div>\n<\/figure>\n<p id=\"ec5e51ac-c885-4888-a775-fb128cb14fc2\">&#8222;Hast du dich jemals in eine Tapete verliebt?&#8220; fragt Eva Amurri. &#8222;Ich habe es getan, als ich diese Sch\u00f6nheit von Hygge &#038; West entdeckt habe, und da ich es in meinen Mudroom steckte, l\u00f6st es jeden Tag immer noch Freude aus.&#8220;<\/p>\n<p>Anstatt den ganzen Raum zu bedecken, benutzte Eva ihn als Pop hinter Cubby -Regalen und verleiht einem praktischen Raum Pers\u00f6nlichkeit, ohne ihn zu \u00fcberw\u00e4ltigen.<\/p>\n<div class=\"product-container horizontal-product-container\">\n<div class=\"product-block-row\"><\/div>\n<\/div>\n<h3 class=\"article-body__section\" id=\"section-5-elevated-umbrella-stand\"><span>5. erh\u00f6hter Regenschirmstand<\/span><\/h3>\n<figure class=\"van-image-figure inline-layout \" data-bordeaux-image-check id=\"1b470aa3-b52e-47df-b294-a2e62a081d24\">\n<div class=\"image-full-width-wrapper\">\n<div class=\"image-widthsetter\" style=\"max-width:2000px;\"><\/div>\n<\/div>\n<\/figure>\n<p id=\"5a3b49c8-62ed-441e-bb68-05b05dea33af\">Ganz oben auf der Liste der Dinge, die wir wahrscheinlich inzwischen alle besitzen sollten: ein Dachstand. Ein skulpturaler Barsch f\u00fcr Ihren Schild, wenn Sie kommen und gehen &#8211; nicht nur praktisch, sondern m\u00f6glicherweise ein herausragender Moment in Ihrem Eingang.<\/p>\n<p>Jacu Strauss, Creative Director bei Lore Group, schw\u00f6rt bei seinem. &#8222;Ehrlich gesagt wei\u00df ich nicht, wie ich jemals ohne einen gelebt habe&#8220;, sagt er \u00fcber den Milo -Regenschirmstand von Seletti, der eine griechische B\u00fcste in voller skulpturaler Ruhm wiederholt.<\/p>\n<div class=\"product-container horizontal-product-container\">\n<div class=\"product-block-row\"><\/div>\n<\/div>\n<h3 class=\"article-body__section\" id=\"section-6-sculptural-side-table\"><span>6. Skulpturaler Beistelltisch<\/span><\/h3>\n<figure class=\"van-image-figure inline-layout \" data-bordeaux-image-check id=\"782a1aca-5724-4631-897d-74e79d5d415d\">\n<div class=\"image-full-width-wrapper\">\n<div class=\"image-widthsetter\" style=\"max-width:800px;\"><\/div>\n<\/div>\n<\/figure>\n<p id=\"485b823f-b1d8-4740-8983-570b65ebd5ac\">&#8222;Eines der besten St\u00fccke, die ich in letzter Zeit gekauft habe, war dieser kleine Beistelltisch von Charles Orchard&#8220;, sagt Phoebe Hollond von einem anderen herausragenden 2025 Kauf. Es verleiht einen kleinen Retro-Resort-Circa-1960-und laut ihr ist es genauso funktional wie fabelhaft. &#8222;Es ist nicht nur sch\u00f6n und wunderbar, es im Badezimmer zu haben, es ist praktisch&#8220;, f\u00fcgt sie hinzu.<\/p>\n<p>Mit faux gestrichenen Bambusbeinen und einem gewebten Rohrboden sitzt das St\u00fcck ordentlich neben ihrer Badewanne und h\u00e4lt alles von Shampoos bis hin zu Streichholz. &#8222;Es ist die perfekte Gr\u00f6\u00dfe und sieht fabelhaft aus&#8220;, sagt Phoebe. &#8222;Ich benutze es f\u00fcr Seife, Conditioner und eine Kerze, wenn ich im Bad einweichen.&#8220;<\/p>\n<div class=\"product-container horizontal-product-container\">\n<div class=\"product-block-row\"><\/div>\n<\/div>\n<h3 class=\"article-body__section\" id=\"section-7-animal-print-rug\"><span>7. Animaldruckteppich<\/span><\/h3>\n<figure class=\"van-image-figure inline-layout \" data-bordeaux-image-check id=\"9c9f0c9b-59eb-4465-9b1c-cab6a57cd6b5\">\n<div class=\"image-full-width-wrapper\">\n<div class=\"image-widthsetter\" style=\"max-width:2000px;\"><\/div>\n<\/div>\n<\/figure>\n<p id=\"8b2301e9-939b-4bb9-9b8b-5cf453705776\">Wir haben in diesem Jahr Tierdruckteppiche geliebt, um gew\u00f6hnliche Innenr\u00e4ume zu untergraben &#8211; und wir sind eindeutig nicht die einzigen. Eines von Franky Rousells Lieblings -Heimk\u00e4ufen von 2025 war genau das. Der Gr\u00fcnder und CEO von Jolie ging kat &#8211; insbesondere Tiger.<\/p>\n<p>&#8222;Die nordischen Knoten Tigris Teppich in Beige\/Brown waren eine gro\u00dfartige Erg\u00e4nzung zu meinem Zuhause&#8220;, sagt sie. &#8222;Ich liebe es, weil es neutral ist, aber dem Raum immer noch interessante Schichten und Tiefe verleiht.&#8220;<\/p>\n<div class=\"product-container horizontal-product-container\">\n<div class=\"product-block-row\"><\/div>\n<\/div>\n<h3 class=\"article-body__section\" id=\"section-8-adaptable-storage-furniture\"><span>8. Anpassungsf\u00e4hige Lagerm\u00f6bel <\/span><\/h3>\n<figure class=\"van-image-figure inline-layout \" data-bordeaux-image-check id=\"c8d3d0a3-b5cd-4723-9fed-4cbb468d862f\">\n<div class=\"image-full-width-wrapper\">\n<div class=\"image-widthsetter\" style=\"max-width:2000px;\"><\/div>\n<\/div>\n<\/figure>\n<p id=\"dbf22734-79c7-4a20-932d-69f3a4beec87\">Gro\u00dfe M\u00f6bel sind ein ernstes Engagement &#8211; finanziell und r\u00e4umlich -, also sollte sie mit Ihnen wachsen, nicht gegen Sie. &#8222;Bei der Einrichtung der Schlafzimmer meiner Kinder versuche ich immer, M\u00f6bel auszuw\u00e4hlen, die beim Erwachsenwerden bei ihnen bleiben und schlie\u00dflich selbst ausziehen (Schluchzen!)&#8220;, Sagt Designer Eva Amurri.<\/p>\n<p>&#8222;Ich habe dieses wundersch\u00f6ne blonde Holzst\u00fcck f\u00fcr das Zimmer meiner Tochter gefunden&#8220;, f\u00fcgt sie von The Leanne Ford &#8211; entworfenem B\u00fccherregal f\u00fcr Kiste &#038; Barrel hinzu. &#8222;Ich liebe es, wie es f\u00fcr jetzt oder sp\u00e4ter perfekt zur Stimmung passt.&#8220;<\/p>\n<div class=\"product-container horizontal-product-container\">\n<div class=\"product-block-row\"><\/div>\n<\/div>\n<h3 class=\"article-body__section\" id=\"section-9-tulipiere\"><span>9. Tulipiere<\/span><\/h3>\n<figure class=\"van-image-figure inline-layout \" data-bordeaux-image-check id=\"40672e75-c840-45d0-9360-e3f9b217a0ba\">\n<div class=\"image-full-width-wrapper\">\n<div class=\"image-widthsetter\" style=\"max-width:2000px;\"><\/div>\n<\/div>\n<\/figure>\n<p id=\"121ddd4d-2fa6-4d4b-a696-8a420a42bf29\">Eine regul\u00e4re Vase ist in Ordnung &#8211; aber es macht wahrscheinlich nicht die besten Dinge der Liste der 2025. Eine Tulipiere? Laut Jacu Strauss von Lore Group ist das Herzst\u00fcckmaterial.<\/p>\n<p>&#8222;Ich habe auch eine riesige Tulipiere von Norman Trapman f\u00fcr Pols Potten gekauft&#8220;, sagt er \u00fcber das skulpturale St\u00fcck, das einem Korallenriff \u00e4hnelt. &#8222;Ich habe es f\u00fcr Projekte benutzt und jetzt habe ich endlich selbst eine &#8211; es ist ein gro\u00dfartiges Herzst\u00fcck.&#8220;<\/p>\n<div class=\"product-container horizontal-product-container\">\n<div class=\"product-block-row\"><\/div>\n<\/div>\n<h3 class=\"article-body__section\" id=\"section-10-leather-sling-chair\"><span>10. Lederschlingstuhl <\/span><\/h3>\n<figure class=\"van-image-figure inline-layout \" data-bordeaux-image-check id=\"e8a8eaa4-dd62-458a-97fe-6dbe9cd557e6\">\n<div class=\"image-full-width-wrapper\">\n<div class=\"image-widthsetter\" style=\"max-width:2000px;\"><\/div>\n<\/div>\n<\/figure>\n<p id=\"b04db075-e8f6-4fb9-80a8-24335ed9be38\">Theresa Ory, Direktorin und Gr\u00fcnderin von Theresa Ory Interiors, lehnt sich dieses Jahr in ein niedriges Leder-nicht weil sie danach gesucht hat, sondern weil sie danach gesucht hat, sondern weil <em>Es <\/em>gefunden <em>ihr<\/em>.<\/p>\n<p>&#8222;Ich bin auf einen fabelhaften Vintage -Katavolos -Leder -Slingstuhl gesto\u00dfen, w\u00e4hrend ich nach einem Schreibtischstuhl f\u00fcr einen Kunden auf dem Stuhl gesucht habe&#8220;, sagt Theresa. &#8222;Zum Gl\u00fcck hat William Katavolos den Stil sowohl als Schreibtischstuhl als auch als Schwenk entwarf.&#8220;<\/p>\n<p>Am Ende &#8222;habe meine Klientin ihren Stuhl bekommen und ich musste gestern Nachmittag meine genie\u00dfen.&#8220; Ein Sieg -Win.<\/p>\n<div class=\"product-container horizontal-product-container\">\n<div class=\"product-block-row\"><\/div>\n<\/div>\n<h3 class=\"article-body__section\" id=\"section-11-striped-table-lamps\"><span>11. gestreifte Tischlampen<\/span><\/h3>\n<figure class=\"van-image-figure inline-layout \" data-bordeaux-image-check id=\"b13584af-3592-4294-a98e-759e2bdce06b\">\n<div class=\"image-full-width-wrapper\">\n<div class=\"image-widthsetter\" style=\"max-width:3250px;\"><\/div>\n<\/div>\n<\/figure>\n<p id=\"41542a2a-2ba2-4747-8f7a-5804ebba9ebc\">&#8222;In diesem Jahr habe ich ein paar St\u00fccke mitgebracht, die mich dazu gebracht haben, mich wieder in mein Haus zu verlieben&#8220;, teilt Jade Joyner, Hauptdesignerin bei Metal + Petal, einem in Athen ans\u00e4ssigen Innenb\u00fcro, teilt. &#8222;Ganz auf der Liste: Ein Paar gestreifte Keramiklampen aus visuellem Komfort.&#8220;<\/p>\n<p>Sie liebt sie f\u00fcr ihren unerwarteten Schlag, der gleichzeitig grafisch und architektonisch ist. &#8222;Sie leben in meiner Bibliothek und leuchten nachts wie Skulptur&#8220;, sinniert sie.<\/p>\n<div class=\"product-container horizontal-product-container\">\n<div class=\"product-block-row\"><\/div>\n<\/div>\n<hr id=\"701ec5d5-7c14-49b7-aae7-dc08798fed42\">\n<p id=\"3cf27ca0-7d84-4b57-a2b0-88ae4e13b6b5\">Wir sind vielleicht nicht alle Styling -Sets f\u00fcr Zeitschriften -Shoots, aber wir haben alle ein oder zwei Kissen vor dem Posten geflogen. Wenn Sie Ihre Space Camera in einer Prise aufsuchen m\u00f6chten, bringen Sie hier 10 Dinge, die Innenstylisten immer zum Schie\u00dfen bringen.<\/p>\n<\/div>\n<p><script async src=\"\/\/www.instagram.com\/embed.js\"><\/script><\/p>\n","protected":false},"excerpt":{"rendered":"<p>Wenn Sie einen medizinischen Rat w\u00fcnschen, gehen Sie zu einem Arzt. Ein Haarschnitt? Fragen Sie einen Friseur. Und wenn Sie herausfinden, was Sie f\u00fcr Ihr<\/p>\n","protected":false},"author":1,"featured_media":7389,"comment_status":"closed","ping_status":"","sticky":false,"template":"","format":"standard","meta":{"footnotes":""},"categories":[118],"tags":[1369,2124,216,9831,55,225,717,964,1697,142,1113,1866,21],"class_list":["post-7388","post","type-post","status-publish","format-standard","has-post-thumbnail","hentry","category-haus-garten","tag-bevorzugten","tag-bisher","tag-designer","tag-eigenheimkaeufe","tag-fuer","tag-ihre","tag-innenarchitekten","tag-kaufen","tag-selbst","tag-sich","tag-tatsaechlich","tag-teilen","tag-von","generate-columns","tablet-grid-50","mobile-grid-100","grid-parent","grid-50"],"yoast_head":"<!-- This site is optimized with the Yoast SEO plugin v27.3 - https:\/\/yoast.com\/product\/yoast-seo-wordpress\/ -->\n<title>Was kaufen Innenarchitekten tats\u00e4chlich f\u00fcr sich selbst? 6 Designer teilen ihre bevorzugten Eigenheimk\u00e4ufe von 2025 (bisher) - Nachrichten - Stra\u00dfenweb<\/title>\n<meta name=\"robots\" content=\"index, follow, max-snippet:-1, max-image-preview:large, max-video-preview:-1\" \/>\n<link rel=\"canonical\" href=\"https:\/\/www.strassenweb.de\/nachrichten\/was-kaufen-innenarchitekten-tatsaechlich-fuer-sich-selbst-6-designer-teilen-ihre-bevorzugten-eigenheimkaeufe-von-2025-bisher\/\" \/>\n<meta property=\"og:locale\" content=\"de_DE\" \/>\n<meta property=\"og:type\" content=\"article\" \/>\n<meta property=\"og:title\" content=\"Was kaufen Innenarchitekten tats\u00e4chlich f\u00fcr sich selbst? 6 Designer teilen ihre bevorzugten Eigenheimk\u00e4ufe von 2025 (bisher) - Nachrichten - Stra\u00dfenweb\" \/>\n<meta property=\"og:description\" content=\"Wenn Sie einen medizinischen Rat w\u00fcnschen, gehen Sie zu einem Arzt. Ein Haarschnitt? Fragen Sie einen Friseur. Und wenn Sie herausfinden, was Sie f\u00fcr Ihr\" \/>\n<meta property=\"og:url\" content=\"https:\/\/www.strassenweb.de\/nachrichten\/was-kaufen-innenarchitekten-tatsaechlich-fuer-sich-selbst-6-designer-teilen-ihre-bevorzugten-eigenheimkaeufe-von-2025-bisher\/\" \/>\n<meta property=\"og:site_name\" content=\"Stra\u00dfenweb\" \/>\n<meta property=\"article:publisher\" content=\"https:\/\/www.facebook.com\/strassenweb\/\" \/>\n<meta property=\"article:published_time\" content=\"2025-09-01T11:39:17+00:00\" \/>\n<meta property=\"article:modified_time\" content=\"2025-09-01T11:39:19+00:00\" \/>\n<meta property=\"og:image\" content=\"https:\/\/www.strassenweb.de\/nachrichten\/wp-content\/uploads\/2025\/09\/Was-kaufen-Innenarchitekten-tatsaechlich-fuer-sich-selbst-6-Designer-teilen-scaled.jpg\" \/>\n\t<meta property=\"og:image:width\" content=\"2560\" \/>\n\t<meta property=\"og:image:height\" content=\"1440\" \/>\n\t<meta property=\"og:image:type\" content=\"image\/jpeg\" \/>\n<meta name=\"author\" content=\"Robert Hoffmann\" \/>\n<meta name=\"twitter:card\" content=\"summary_large_image\" \/>\n<meta name=\"twitter:label1\" content=\"Verfasst von\" \/>\n\t<meta name=\"twitter:data1\" content=\"Robert Hoffmann\" \/>\n\t<meta name=\"twitter:label2\" content=\"Gesch\u00e4tzte Lesezeit\" \/>\n\t<meta name=\"twitter:data2\" content=\"6\u00a0Minuten\" \/>\n<script type=\"application\/ld+json\" class=\"yoast-schema-graph\">{\"@context\":\"https:\\\/\\\/schema.org\",\"@graph\":[{\"@type\":\"Article\",\"@id\":\"https:\\\/\\\/www.strassenweb.de\\\/nachrichten\\\/was-kaufen-innenarchitekten-tatsaechlich-fuer-sich-selbst-6-designer-teilen-ihre-bevorzugten-eigenheimkaeufe-von-2025-bisher\\\/#article\",\"isPartOf\":{\"@id\":\"https:\\\/\\\/www.strassenweb.de\\\/nachrichten\\\/was-kaufen-innenarchitekten-tatsaechlich-fuer-sich-selbst-6-designer-teilen-ihre-bevorzugten-eigenheimkaeufe-von-2025-bisher\\\/\"},\"author\":{\"name\":\"Robert Hoffmann\",\"@id\":\"https:\\\/\\\/www.strassenweb.de\\\/nachrichten\\\/#\\\/schema\\\/person\\\/87c9c9067f1211da429a744dc5a5aa41\"},\"headline\":\"Was kaufen Innenarchitekten tats\u00e4chlich f\u00fcr sich selbst? 6 Designer teilen ihre bevorzugten Eigenheimk\u00e4ufe von 2025 (bisher)\",\"datePublished\":\"2025-09-01T11:39:17+00:00\",\"dateModified\":\"2025-09-01T11:39:19+00:00\",\"mainEntityOfPage\":{\"@id\":\"https:\\\/\\\/www.strassenweb.de\\\/nachrichten\\\/was-kaufen-innenarchitekten-tatsaechlich-fuer-sich-selbst-6-designer-teilen-ihre-bevorzugten-eigenheimkaeufe-von-2025-bisher\\\/\"},\"wordCount\":1133,\"publisher\":{\"@id\":\"https:\\\/\\\/www.strassenweb.de\\\/nachrichten\\\/#organization\"},\"image\":{\"@id\":\"https:\\\/\\\/www.strassenweb.de\\\/nachrichten\\\/was-kaufen-innenarchitekten-tatsaechlich-fuer-sich-selbst-6-designer-teilen-ihre-bevorzugten-eigenheimkaeufe-von-2025-bisher\\\/#primaryimage\"},\"thumbnailUrl\":\"https:\\\/\\\/www.strassenweb.de\\\/nachrichten\\\/wp-content\\\/uploads\\\/2025\\\/09\\\/Was-kaufen-Innenarchitekten-tatsaechlich-fuer-sich-selbst-6-Designer-teilen-scaled.jpg\",\"keywords\":[\"bevorzugten\",\"bisher\",\"Designer\",\"Eigenheimk\u00e4ufe\",\"f\u00fcr\",\"ihre\",\"Innenarchitekten\",\"kaufen\",\"selbst\",\"sich\",\"tats\u00e4chlich\",\"teilen\",\"von\"],\"articleSection\":[\"Haus &amp; Garten\"],\"inLanguage\":\"de\"},{\"@type\":\"WebPage\",\"@id\":\"https:\\\/\\\/www.strassenweb.de\\\/nachrichten\\\/was-kaufen-innenarchitekten-tatsaechlich-fuer-sich-selbst-6-designer-teilen-ihre-bevorzugten-eigenheimkaeufe-von-2025-bisher\\\/\",\"url\":\"https:\\\/\\\/www.strassenweb.de\\\/nachrichten\\\/was-kaufen-innenarchitekten-tatsaechlich-fuer-sich-selbst-6-designer-teilen-ihre-bevorzugten-eigenheimkaeufe-von-2025-bisher\\\/\",\"name\":\"Was kaufen Innenarchitekten tats\u00e4chlich f\u00fcr sich selbst? 6 Designer teilen ihre bevorzugten Eigenheimk\u00e4ufe von 2025 (bisher) - Nachrichten - Stra\u00dfenweb\",\"isPartOf\":{\"@id\":\"https:\\\/\\\/www.strassenweb.de\\\/nachrichten\\\/#website\"},\"primaryImageOfPage\":{\"@id\":\"https:\\\/\\\/www.strassenweb.de\\\/nachrichten\\\/was-kaufen-innenarchitekten-tatsaechlich-fuer-sich-selbst-6-designer-teilen-ihre-bevorzugten-eigenheimkaeufe-von-2025-bisher\\\/#primaryimage\"},\"image\":{\"@id\":\"https:\\\/\\\/www.strassenweb.de\\\/nachrichten\\\/was-kaufen-innenarchitekten-tatsaechlich-fuer-sich-selbst-6-designer-teilen-ihre-bevorzugten-eigenheimkaeufe-von-2025-bisher\\\/#primaryimage\"},\"thumbnailUrl\":\"https:\\\/\\\/www.strassenweb.de\\\/nachrichten\\\/wp-content\\\/uploads\\\/2025\\\/09\\\/Was-kaufen-Innenarchitekten-tatsaechlich-fuer-sich-selbst-6-Designer-teilen-scaled.jpg\",\"datePublished\":\"2025-09-01T11:39:17+00:00\",\"dateModified\":\"2025-09-01T11:39:19+00:00\",\"breadcrumb\":{\"@id\":\"https:\\\/\\\/www.strassenweb.de\\\/nachrichten\\\/was-kaufen-innenarchitekten-tatsaechlich-fuer-sich-selbst-6-designer-teilen-ihre-bevorzugten-eigenheimkaeufe-von-2025-bisher\\\/#breadcrumb\"},\"inLanguage\":\"de\",\"potentialAction\":[{\"@type\":\"ReadAction\",\"target\":[\"https:\\\/\\\/www.strassenweb.de\\\/nachrichten\\\/was-kaufen-innenarchitekten-tatsaechlich-fuer-sich-selbst-6-designer-teilen-ihre-bevorzugten-eigenheimkaeufe-von-2025-bisher\\\/\"]}]},{\"@type\":\"ImageObject\",\"inLanguage\":\"de\",\"@id\":\"https:\\\/\\\/www.strassenweb.de\\\/nachrichten\\\/was-kaufen-innenarchitekten-tatsaechlich-fuer-sich-selbst-6-designer-teilen-ihre-bevorzugten-eigenheimkaeufe-von-2025-bisher\\\/#primaryimage\",\"url\":\"https:\\\/\\\/www.strassenweb.de\\\/nachrichten\\\/wp-content\\\/uploads\\\/2025\\\/09\\\/Was-kaufen-Innenarchitekten-tatsaechlich-fuer-sich-selbst-6-Designer-teilen-scaled.jpg\",\"contentUrl\":\"https:\\\/\\\/www.strassenweb.de\\\/nachrichten\\\/wp-content\\\/uploads\\\/2025\\\/09\\\/Was-kaufen-Innenarchitekten-tatsaechlich-fuer-sich-selbst-6-Designer-teilen-scaled.jpg\",\"width\":2560,\"height\":1440,\"caption\":\"Nordic Knots Tigris rug in brown and beige pictured in an open concept mid-century living room with low slung furniture, including a chaise lounge and coffee table\"},{\"@type\":\"BreadcrumbList\",\"@id\":\"https:\\\/\\\/www.strassenweb.de\\\/nachrichten\\\/was-kaufen-innenarchitekten-tatsaechlich-fuer-sich-selbst-6-designer-teilen-ihre-bevorzugten-eigenheimkaeufe-von-2025-bisher\\\/#breadcrumb\",\"itemListElement\":[{\"@type\":\"ListItem\",\"position\":1,\"name\":\"Home\",\"item\":\"https:\\\/\\\/www.strassenweb.de\\\/nachrichten\\\/\"},{\"@type\":\"ListItem\",\"position\":2,\"name\":\"Was kaufen Innenarchitekten tats\u00e4chlich f\u00fcr sich selbst? 6 Designer teilen ihre bevorzugten Eigenheimk\u00e4ufe von 2025 (bisher)\"}]},{\"@type\":\"WebSite\",\"@id\":\"https:\\\/\\\/www.strassenweb.de\\\/nachrichten\\\/#website\",\"url\":\"https:\\\/\\\/www.strassenweb.de\\\/nachrichten\\\/\",\"name\":\"Stra\u00dfenweb\",\"description\":\"Stra\u00dfenverzeichnis f\u00fcr Deutschland\",\"publisher\":{\"@id\":\"https:\\\/\\\/www.strassenweb.de\\\/nachrichten\\\/#organization\"},\"potentialAction\":[{\"@type\":\"SearchAction\",\"target\":{\"@type\":\"EntryPoint\",\"urlTemplate\":\"https:\\\/\\\/www.strassenweb.de\\\/nachrichten\\\/?s={search_term_string}\"},\"query-input\":{\"@type\":\"PropertyValueSpecification\",\"valueRequired\":true,\"valueName\":\"search_term_string\"}}],\"inLanguage\":\"de\"},{\"@type\":\"Organization\",\"@id\":\"https:\\\/\\\/www.strassenweb.de\\\/nachrichten\\\/#organization\",\"name\":\"Stra\u00dfenweb\",\"url\":\"https:\\\/\\\/www.strassenweb.de\\\/nachrichten\\\/\",\"logo\":{\"@type\":\"ImageObject\",\"inLanguage\":\"de\",\"@id\":\"https:\\\/\\\/www.strassenweb.de\\\/nachrichten\\\/#\\\/schema\\\/logo\\\/image\\\/\",\"url\":\"https:\\\/\\\/www.strassenweb.de\\\/nachrichten\\\/wp-content\\\/uploads\\\/2024\\\/09\\\/cropped-favicon.png\",\"contentUrl\":\"https:\\\/\\\/www.strassenweb.de\\\/nachrichten\\\/wp-content\\\/uploads\\\/2024\\\/09\\\/cropped-favicon.png\",\"width\":512,\"height\":512,\"caption\":\"Stra\u00dfenweb\"},\"image\":{\"@id\":\"https:\\\/\\\/www.strassenweb.de\\\/nachrichten\\\/#\\\/schema\\\/logo\\\/image\\\/\"},\"sameAs\":[\"https:\\\/\\\/www.facebook.com\\\/strassenweb\\\/\"]},{\"@type\":\"Person\",\"@id\":\"https:\\\/\\\/www.strassenweb.de\\\/nachrichten\\\/#\\\/schema\\\/person\\\/87c9c9067f1211da429a744dc5a5aa41\",\"name\":\"Robert Hoffmann\",\"image\":{\"@type\":\"ImageObject\",\"inLanguage\":\"de\",\"@id\":\"https:\\\/\\\/www.strassenweb.de\\\/nachrichten\\\/wp-content\\\/uploads\\\/2024\\\/09\\\/strassenweb-150x150.jpg\",\"url\":\"https:\\\/\\\/www.strassenweb.de\\\/nachrichten\\\/wp-content\\\/uploads\\\/2024\\\/09\\\/strassenweb-150x150.jpg\",\"contentUrl\":\"https:\\\/\\\/www.strassenweb.de\\\/nachrichten\\\/wp-content\\\/uploads\\\/2024\\\/09\\\/strassenweb-150x150.jpg\",\"caption\":\"Robert Hoffmann\"},\"description\":\"Ich hei\u00dfe Robert Hoffmann und ich bin ein leidenschaftlicher Verfechter von \u00d6kologie und Biodiversit\u00e4t. Seit meiner Kindheit in den W\u00e4ldern Bayerns f\u00fchle ich mich mit der Natur verbunden und bin entschlossen, sie zu sch\u00fctzen. Heute widme ich mein Leben der Sensibilisierung anderer f\u00fcr die Bedeutung des Umweltschutzes f\u00fcr zuk\u00fcnftige Generationen.\",\"sameAs\":[\"https:\\\/\\\/www.strassenweb.de\\\/\"]}]}<\/script>\n<!-- \/ Yoast SEO plugin. -->","yoast_head_json":{"title":"Was kaufen Innenarchitekten tats\u00e4chlich f\u00fcr sich selbst? 6 Designer teilen ihre bevorzugten Eigenheimk\u00e4ufe von 2025 (bisher) - Nachrichten - Stra\u00dfenweb","robots":{"index":"index","follow":"follow","max-snippet":"max-snippet:-1","max-image-preview":"max-image-preview:large","max-video-preview":"max-video-preview:-1"},"canonical":"https:\/\/www.strassenweb.de\/nachrichten\/was-kaufen-innenarchitekten-tatsaechlich-fuer-sich-selbst-6-designer-teilen-ihre-bevorzugten-eigenheimkaeufe-von-2025-bisher\/","og_locale":"de_DE","og_type":"article","og_title":"Was kaufen Innenarchitekten tats\u00e4chlich f\u00fcr sich selbst? 6 Designer teilen ihre bevorzugten Eigenheimk\u00e4ufe von 2025 (bisher) - Nachrichten - Stra\u00dfenweb","og_description":"Wenn Sie einen medizinischen Rat w\u00fcnschen, gehen Sie zu einem Arzt. Ein Haarschnitt? Fragen Sie einen Friseur. Und wenn Sie herausfinden, was Sie f\u00fcr Ihr","og_url":"https:\/\/www.strassenweb.de\/nachrichten\/was-kaufen-innenarchitekten-tatsaechlich-fuer-sich-selbst-6-designer-teilen-ihre-bevorzugten-eigenheimkaeufe-von-2025-bisher\/","og_site_name":"Stra\u00dfenweb","article_publisher":"https:\/\/www.facebook.com\/strassenweb\/","article_published_time":"2025-09-01T11:39:17+00:00","article_modified_time":"2025-09-01T11:39:19+00:00","og_image":[{"width":2560,"height":1440,"url":"https:\/\/www.strassenweb.de\/nachrichten\/wp-content\/uploads\/2025\/09\/Was-kaufen-Innenarchitekten-tatsaechlich-fuer-sich-selbst-6-Designer-teilen-scaled.jpg","type":"image\/jpeg"}],"author":"Robert Hoffmann","twitter_card":"summary_large_image","twitter_misc":{"Verfasst von":"Robert Hoffmann","Gesch\u00e4tzte Lesezeit":"6\u00a0Minuten"},"schema":{"@context":"https:\/\/schema.org","@graph":[{"@type":"Article","@id":"https:\/\/www.strassenweb.de\/nachrichten\/was-kaufen-innenarchitekten-tatsaechlich-fuer-sich-selbst-6-designer-teilen-ihre-bevorzugten-eigenheimkaeufe-von-2025-bisher\/#article","isPartOf":{"@id":"https:\/\/www.strassenweb.de\/nachrichten\/was-kaufen-innenarchitekten-tatsaechlich-fuer-sich-selbst-6-designer-teilen-ihre-bevorzugten-eigenheimkaeufe-von-2025-bisher\/"},"author":{"name":"Robert Hoffmann","@id":"https:\/\/www.strassenweb.de\/nachrichten\/#\/schema\/person\/87c9c9067f1211da429a744dc5a5aa41"},"headline":"Was kaufen Innenarchitekten tats\u00e4chlich f\u00fcr sich selbst? 6 Designer teilen ihre bevorzugten Eigenheimk\u00e4ufe von 2025 (bisher)","datePublished":"2025-09-01T11:39:17+00:00","dateModified":"2025-09-01T11:39:19+00:00","mainEntityOfPage":{"@id":"https:\/\/www.strassenweb.de\/nachrichten\/was-kaufen-innenarchitekten-tatsaechlich-fuer-sich-selbst-6-designer-teilen-ihre-bevorzugten-eigenheimkaeufe-von-2025-bisher\/"},"wordCount":1133,"publisher":{"@id":"https:\/\/www.strassenweb.de\/nachrichten\/#organization"},"image":{"@id":"https:\/\/www.strassenweb.de\/nachrichten\/was-kaufen-innenarchitekten-tatsaechlich-fuer-sich-selbst-6-designer-teilen-ihre-bevorzugten-eigenheimkaeufe-von-2025-bisher\/#primaryimage"},"thumbnailUrl":"https:\/\/www.strassenweb.de\/nachrichten\/wp-content\/uploads\/2025\/09\/Was-kaufen-Innenarchitekten-tatsaechlich-fuer-sich-selbst-6-Designer-teilen-scaled.jpg","keywords":["bevorzugten","bisher","Designer","Eigenheimk\u00e4ufe","f\u00fcr","ihre","Innenarchitekten","kaufen","selbst","sich","tats\u00e4chlich","teilen","von"],"articleSection":["Haus &amp; Garten"],"inLanguage":"de"},{"@type":"WebPage","@id":"https:\/\/www.strassenweb.de\/nachrichten\/was-kaufen-innenarchitekten-tatsaechlich-fuer-sich-selbst-6-designer-teilen-ihre-bevorzugten-eigenheimkaeufe-von-2025-bisher\/","url":"https:\/\/www.strassenweb.de\/nachrichten\/was-kaufen-innenarchitekten-tatsaechlich-fuer-sich-selbst-6-designer-teilen-ihre-bevorzugten-eigenheimkaeufe-von-2025-bisher\/","name":"Was kaufen Innenarchitekten tats\u00e4chlich f\u00fcr sich selbst? 6 Designer teilen ihre bevorzugten Eigenheimk\u00e4ufe von 2025 (bisher) - Nachrichten - Stra\u00dfenweb","isPartOf":{"@id":"https:\/\/www.strassenweb.de\/nachrichten\/#website"},"primaryImageOfPage":{"@id":"https:\/\/www.strassenweb.de\/nachrichten\/was-kaufen-innenarchitekten-tatsaechlich-fuer-sich-selbst-6-designer-teilen-ihre-bevorzugten-eigenheimkaeufe-von-2025-bisher\/#primaryimage"},"image":{"@id":"https:\/\/www.strassenweb.de\/nachrichten\/was-kaufen-innenarchitekten-tatsaechlich-fuer-sich-selbst-6-designer-teilen-ihre-bevorzugten-eigenheimkaeufe-von-2025-bisher\/#primaryimage"},"thumbnailUrl":"https:\/\/www.strassenweb.de\/nachrichten\/wp-content\/uploads\/2025\/09\/Was-kaufen-Innenarchitekten-tatsaechlich-fuer-sich-selbst-6-Designer-teilen-scaled.jpg","datePublished":"2025-09-01T11:39:17+00:00","dateModified":"2025-09-01T11:39:19+00:00","breadcrumb":{"@id":"https:\/\/www.strassenweb.de\/nachrichten\/was-kaufen-innenarchitekten-tatsaechlich-fuer-sich-selbst-6-designer-teilen-ihre-bevorzugten-eigenheimkaeufe-von-2025-bisher\/#breadcrumb"},"inLanguage":"de","potentialAction":[{"@type":"ReadAction","target":["https:\/\/www.strassenweb.de\/nachrichten\/was-kaufen-innenarchitekten-tatsaechlich-fuer-sich-selbst-6-designer-teilen-ihre-bevorzugten-eigenheimkaeufe-von-2025-bisher\/"]}]},{"@type":"ImageObject","inLanguage":"de","@id":"https:\/\/www.strassenweb.de\/nachrichten\/was-kaufen-innenarchitekten-tatsaechlich-fuer-sich-selbst-6-designer-teilen-ihre-bevorzugten-eigenheimkaeufe-von-2025-bisher\/#primaryimage","url":"https:\/\/www.strassenweb.de\/nachrichten\/wp-content\/uploads\/2025\/09\/Was-kaufen-Innenarchitekten-tatsaechlich-fuer-sich-selbst-6-Designer-teilen-scaled.jpg","contentUrl":"https:\/\/www.strassenweb.de\/nachrichten\/wp-content\/uploads\/2025\/09\/Was-kaufen-Innenarchitekten-tatsaechlich-fuer-sich-selbst-6-Designer-teilen-scaled.jpg","width":2560,"height":1440,"caption":"Nordic Knots Tigris rug in brown and beige pictured in an open concept mid-century living room with low slung furniture, including a chaise lounge and coffee table"},{"@type":"BreadcrumbList","@id":"https:\/\/www.strassenweb.de\/nachrichten\/was-kaufen-innenarchitekten-tatsaechlich-fuer-sich-selbst-6-designer-teilen-ihre-bevorzugten-eigenheimkaeufe-von-2025-bisher\/#breadcrumb","itemListElement":[{"@type":"ListItem","position":1,"name":"Home","item":"https:\/\/www.strassenweb.de\/nachrichten\/"},{"@type":"ListItem","position":2,"name":"Was kaufen Innenarchitekten tats\u00e4chlich f\u00fcr sich selbst? 6 Designer teilen ihre bevorzugten Eigenheimk\u00e4ufe von 2025 (bisher)"}]},{"@type":"WebSite","@id":"https:\/\/www.strassenweb.de\/nachrichten\/#website","url":"https:\/\/www.strassenweb.de\/nachrichten\/","name":"Stra\u00dfenweb","description":"Stra\u00dfenverzeichnis f\u00fcr Deutschland","publisher":{"@id":"https:\/\/www.strassenweb.de\/nachrichten\/#organization"},"potentialAction":[{"@type":"SearchAction","target":{"@type":"EntryPoint","urlTemplate":"https:\/\/www.strassenweb.de\/nachrichten\/?s={search_term_string}"},"query-input":{"@type":"PropertyValueSpecification","valueRequired":true,"valueName":"search_term_string"}}],"inLanguage":"de"},{"@type":"Organization","@id":"https:\/\/www.strassenweb.de\/nachrichten\/#organization","name":"Stra\u00dfenweb","url":"https:\/\/www.strassenweb.de\/nachrichten\/","logo":{"@type":"ImageObject","inLanguage":"de","@id":"https:\/\/www.strassenweb.de\/nachrichten\/#\/schema\/logo\/image\/","url":"https:\/\/www.strassenweb.de\/nachrichten\/wp-content\/uploads\/2024\/09\/cropped-favicon.png","contentUrl":"https:\/\/www.strassenweb.de\/nachrichten\/wp-content\/uploads\/2024\/09\/cropped-favicon.png","width":512,"height":512,"caption":"Stra\u00dfenweb"},"image":{"@id":"https:\/\/www.strassenweb.de\/nachrichten\/#\/schema\/logo\/image\/"},"sameAs":["https:\/\/www.facebook.com\/strassenweb\/"]},{"@type":"Person","@id":"https:\/\/www.strassenweb.de\/nachrichten\/#\/schema\/person\/87c9c9067f1211da429a744dc5a5aa41","name":"Robert Hoffmann","image":{"@type":"ImageObject","inLanguage":"de","@id":"https:\/\/www.strassenweb.de\/nachrichten\/wp-content\/uploads\/2024\/09\/strassenweb-150x150.jpg","url":"https:\/\/www.strassenweb.de\/nachrichten\/wp-content\/uploads\/2024\/09\/strassenweb-150x150.jpg","contentUrl":"https:\/\/www.strassenweb.de\/nachrichten\/wp-content\/uploads\/2024\/09\/strassenweb-150x150.jpg","caption":"Robert Hoffmann"},"description":"Ich hei\u00dfe Robert Hoffmann und ich bin ein leidenschaftlicher Verfechter von \u00d6kologie und Biodiversit\u00e4t. Seit meiner Kindheit in den W\u00e4ldern Bayerns f\u00fchle ich mich mit der Natur verbunden und bin entschlossen, sie zu sch\u00fctzen. Heute widme ich mein Leben der Sensibilisierung anderer f\u00fcr die Bedeutung des Umweltschutzes f\u00fcr zuk\u00fcnftige Generationen.","sameAs":["https:\/\/www.strassenweb.de\/"]}]}},"_links":{"self":[{"href":"https:\/\/www.strassenweb.de\/nachrichten\/wp-json\/wp\/v2\/posts\/7388","targetHints":{"allow":["GET"]}}],"collection":[{"href":"https:\/\/www.strassenweb.de\/nachrichten\/wp-json\/wp\/v2\/posts"}],"about":[{"href":"https:\/\/www.strassenweb.de\/nachrichten\/wp-json\/wp\/v2\/types\/post"}],"author":[{"embeddable":true,"href":"https:\/\/www.strassenweb.de\/nachrichten\/wp-json\/wp\/v2\/users\/1"}],"replies":[{"embeddable":true,"href":"https:\/\/www.strassenweb.de\/nachrichten\/wp-json\/wp\/v2\/comments?post=7388"}],"version-history":[{"count":0,"href":"https:\/\/www.strassenweb.de\/nachrichten\/wp-json\/wp\/v2\/posts\/7388\/revisions"}],"wp:featuredmedia":[{"embeddable":true,"href":"https:\/\/www.strassenweb.de\/nachrichten\/wp-json\/wp\/v2\/media\/7389"}],"wp:attachment":[{"href":"https:\/\/www.strassenweb.de\/nachrichten\/wp-json\/wp\/v2\/media?parent=7388"}],"wp:term":[{"taxonomy":"category","embeddable":true,"href":"https:\/\/www.strassenweb.de\/nachrichten\/wp-json\/wp\/v2\/categories?post=7388"},{"taxonomy":"post_tag","embeddable":true,"href":"https:\/\/www.strassenweb.de\/nachrichten\/wp-json\/wp\/v2\/tags?post=7388"}],"curies":[{"name":"wp","href":"https:\/\/api.w.org\/{rel}","templated":true}]}}