{"id":7385,"date":"2025-09-01T10:39:15","date_gmt":"2025-09-01T08:39:15","guid":{"rendered":"https:\/\/www.strassenweb.de\/nachrichten\/5-dinge-die-ich-im-september-reinigen-werde-einschliesslich-meines-rucksacks-und-meiner-flasche-fuer-einen-praktischen-neuanfang-im-herbst\/"},"modified":"2025-09-01T10:39:16","modified_gmt":"2025-09-01T08:39:16","slug":"5-dinge-die-ich-im-september-reinigen-werde-einschliesslich-meines-rucksacks-und-meiner-flasche-fuer-einen-praktischen-neuanfang-im-herbst","status":"publish","type":"post","link":"https:\/\/www.strassenweb.de\/nachrichten\/5-dinge-die-ich-im-september-reinigen-werde-einschliesslich-meines-rucksacks-und-meiner-flasche-fuer-einen-praktischen-neuanfang-im-herbst\/","title":{"rendered":"5 Dinge, die ich im September reinigen werde &#8211; einschlie\u00dflich meines Rucksacks und meiner Flasche f\u00fcr einen praktischen Neuanfang im Herbst"},"content":{"rendered":"<p><\/p>\n<div id=\"article-body\" class=\"article__body \">\n<p id=\"6d772c2e-62e6-4af7-8783-d6f2aa14f6e7\">M\u00f6chten Sie wissen, was ich diesen September reinigen werde? Nun, mit diesem Monat kommt der Start des Herbstes, so dass es meiner Meinung nach so gut ist wie jeder andere, die neue Saison mit einem frisch sanierenden Raum zu beginnen.<\/p>\n<div id=\"ad-unit-1\" class=\"ad-unit\"><\/div>\n<p>Zu wissen, was Ihre Aufmerksamkeit ben\u00f6tigt, wenn es der Schl\u00fcssel ist, um ein sauberes, aber erreichbares, lebenswertes Zuhause zu erhalten, weshalb ich es vorzieht, bestimmte Bereiche zu priorisieren, anstatt zu versuchen, mein gesamtes Zuhause sofort abzukreuzen.<\/p>\n<aside data-block-type=\"embed\" data-render-type=\"fte\" data-skip=\"dealsy\" data-widget-type=\"seasonal\" class=\"hawk-base\"><\/aside>\n<p id=\"6d772c2e-62e6-4af7-8783-d6f2aa14f6e7-2\">Hier teilen professionelle Reinigungskr\u00e4fte ihre Reinigungs -Tipps, um die praktischen Aufgaben zu erledigen, auf die ich diesen Monat konzentriere.<\/p>\n<div class=\"van_vid_carousel\">\n<div class=\"van_vid_carousel__padding\">\n<div class=\"van_vid_carousel__container\"><\/div>\n<\/div>\n<\/div>\n<h2 id=\"5-things-to-clean-in-september-3\">5 Dinge zu reinigen im September<\/h2>\n<h3 class=\"article-body__section\" id=\"section-1-lunchboxes-and-water-bottles\"><span>1. Lunchboxen und Wasserflaschen<\/span><\/h3>\n<figure class=\"van-image-figure inline-layout \" data-bordeaux-image-check id=\"b81f3537-cfa5-40d2-a71b-ca65a7d0b570\">\n<div class=\"image-full-width-wrapper\">\n<div class=\"image-widthsetter\" style=\"max-width:2000px;\"><\/div>\n<\/div><figcaption class=\"inline-layout \">\n<div class=\"caption-text\">\n<p>Verbannen Sie Staub und Bakterien am Ende des Sommers<\/p>\n<\/div>\n<\/figcaption><\/figure>\n<p id=\"1d4a16ce-c5a1-4c88-865c-062e7e43fef7\">Karina Toner, Reinigungsexperte und Operations Manager bei Spekless Highlights, dass die Mittagspause, sobald die Schule beginnt, von der Sitzen in Ihren organisierten K\u00fcchenschr\u00e4nken bis hin zu gehandhabt, verpackt und t\u00e4glich verwendet werden. Genau wie in der Schule und im College bringe ich eine Lunchbox, um die meisten Tage mit mir zu arbeiten, sodass es erstklassig f\u00fcr Dinge, die ich im September reinige.<\/p>\n<div id=\"ad-unit-2\" class=\"ad-unit\"><\/div>\n<p>&#8222;Vor allem, weil sie jeden Tag Lebensmittel halten&#8220;, sagt Karina, &#8222;lohnt sich die M\u00fche im September, diesen Gegenst\u00e4nden eine tiefe saubere zu geben, um zu verhindern, dass Bakterien eine Fahrt zur Schule oder zur Arbeit haben.&#8220;<\/p>\n<p>Zu diesem Zweck empfiehlt Karina die Verwendung des bei Amazon erh\u00e4ltlichen Set f\u00fcr Good Grips Griffs.<\/p>\n<p>&#8222;Dieses Set enth\u00e4lt verschiedene B\u00fcrstengr\u00f6\u00dfen, sodass Sie alles angehen k\u00f6nnen&#8220;, erkl\u00e4rt sie. &#8218;Der ergonomische Griff erleichtert das Schrubben, und der kompakte Pinsel passt zu Orten, an denen selbst Geschirrsp\u00fcler nicht erreichen kann. Es ist langlebig genug f\u00fcr h\u00e4ufiges Schrubben, aber sanft f\u00fcr Kunststoffe, sodass Beh\u00e4lter auch l\u00e4nger dauern, ohne zu kratzen. &#8218;<\/p>\n<div id=\"slice-container-newsletterForm-articleInbodyContent-DKmyvq9uLLzZQSoc73d5CN\" class=\"slice-container newsletter-inbodyContent-slice newsletterForm-articleInbodyContent-DKmyvq9uLLzZQSoc73d5CN slice-container-newsletterForm\"><\/div>\n<p>Es sind nicht nur Ihre Mittag- und Snackboxen, die m\u00f6glicherweise geputzt werden m\u00fcssen &#8211; Maria Mooney, Executive Brand Director und ungiftiger Reinigungsexpertin f\u00fcr ein wirklich kostenloses Zuhause, f\u00fcgt hinzu: \u201eGenau wie Lunchboxen wurden im Sommer m\u00f6glicherweise nicht viel Wasserflaschen verwendet.<\/p>\n<p>&#8222;Um den Staub loszuwerden, der sich nicht genutzt sammelt, m\u00f6chte ich diese gerne mit einem wirklich kostenlosen Haus f\u00fcr allt\u00e4gliche Reiniger bei Amazon einweichen, was auch dazu beitr\u00e4gt, dass Schimmel- und Bakterienbakterien bei starkem Gebrauch vorbinden.&#8220;<\/p>\n<h3 class=\"article-body__section\" id=\"section-2-under-bed-storage\"><span>2. Stauraum<\/span><\/h3>\n<figure class=\"van-image-figure inline-layout \" data-bordeaux-image-check id=\"bd873eb2-6b6f-4d04-9f65-15d0c70a0c8a\">\n<div class=\"image-full-width-wrapper\">\n<div class=\"image-widthsetter\" style=\"max-width:2000px;\"><\/div>\n<\/div><figcaption class=\"inline-layout \">\n<div class=\"caption-text\">\n<p>Reinigen Sie diesen oft vergessenen Ort vor dem Herbst<\/p>\n<\/div>\n<\/figcaption><\/figure>\n<p id=\"03a29061-2a07-4205-97fa-a10cfa4e540b\">Wenn Sie in einem kleineren Zuhause leben, wissen Sie, dass Underbett -Speicherideen eine ideale M\u00f6glichkeit sind, Prime Immobilien zu nutzen. Aber wie Karina sagt, ist der Raum unter Ihrem Bett leider ein Bereich, der eher au\u00dfer Sichtweite und unausgesprochen ist. Nehmen Sie sich Zeit, um Staubhasen zu beseitigen und Lagerbeh\u00e4lter einzurichten, um den Raum f\u00fcr Schuhe, B\u00fccher oder saisonale Kleidung zu maximieren \u201c, r\u00e4t sie.<\/p>\n<p>Dann k\u00f6nnte es eine gute Idee sein, sich die Zeit zu nehmen, um den Bereich unter dem Bett zu deklarnen und zu organisieren, um allgemeine Unterbett -Organisationsfehler zu vermeiden.<\/p>\n<p>Wenn Sie eine neue Speicherl\u00f6sung ben\u00f6tigen, empfiehlt Karina die bei Amazon erh\u00e4ltliche Sterilite 28 QT -Unterbett -Speicherbox.<\/p>\n<p>&#8222;Das niedrige Profil macht es ideal f\u00fcr enge R\u00e4ume&#8220;, sagt sie. &#8222;Der Snap-On Deckel h\u00e4lt Artikel staubfrei und das klare Design macht die Identifizierung gespeicherter Artikel schnell und einfach.&#8220;<\/p>\n<p>Sie k\u00f6nnen Ihren Kartons auch Labels hinzuf\u00fcgen und einen Etikettiermacher wie den Brother P-Touch PT-D200G-Label-Hersteller bei Walmart erh\u00e4ltlich.<\/p>\n<h3 class=\"article-body__section\" id=\"section-3-laundry-hampers\"><span>3. W\u00e4scherei Hampers<\/span><\/h3>\n<figure class=\"van-image-figure inline-layout \" data-bordeaux-image-check id=\"067df032-8d49-4cb4-9ebe-0c14912c483f\">\n<div class=\"image-full-width-wrapper\">\n<div class=\"image-widthsetter\" style=\"max-width:2000px;\"><\/div>\n<\/div><figcaption class=\"inline-layout \">\n<div class=\"caption-text\">\n<p>W\u00e4schek\u00f6rbe k\u00f6nnen schlechte, anhaltende Ger\u00fcche beherbergen<\/p>\n<\/div>\n<\/figcaption><\/figure>\n<p id=\"3ff5205e-dfd2-4e95-9162-f36acaa31166\">Ich nehme auch im September Zeit, um den W\u00e4schemkorb zu reinigen. Es ist leicht zu vergessen und kommt mit Schwei\u00df, Bakterien und Schmutz in Kontakt.<\/p>\n<p>Jecko de Leon, Operations Manager bei Bear Brothers Cleaning, sagt: &#8222;Diese Bags House -Bakterien, und wenn sie f\u00fcr lange Zeit ignoriert werden, k\u00f6nnen sie den Geruch in Ihrer Kleidung verweilen&#8220;, was eine der schlimmsten W\u00e4schegewohnheiten ist.<\/p>\n<p>Um diesen Job zu erledigen, empfiehlt Jecko, ein Desinfektionsspray wie das bei Amazon erh\u00e4ltliche Microban Desinfektionsspray zu verwenden, w\u00f6chentlich nach dem Entleeren des W\u00e4schesbeutels oder, sogar noch besser, in Ihre Waschmaschine zu bringen, wenn es maschinenwaschbar ist. \u00dcberpr\u00fcfen Sie einfach die W\u00e4schesymbole, bevor Sie anfingen, um versehentliche Sch\u00e4den zu vermeiden.<\/p>\n<h3 class=\"article-body__section\" id=\"section-4-backpacks\"><span>4. Rucks\u00e4cke<\/span><\/h3>\n<figure class=\"van-image-figure inline-layout \" data-bordeaux-image-check id=\"b60377b0-1b92-4a6c-ad4d-11bbaa0fde8b\">\n<div class=\"image-full-width-wrapper\">\n<div class=\"image-widthsetter\" style=\"max-width:2400px;\"><\/div>\n<\/div><figcaption class=\"inline-layout \">\n<div class=\"caption-text\">\n<p>Es ist eine gute Idee, Ihrem Rucksack diesen Monat eine dringend ben\u00f6tigte Aktualisierung zu geben<\/p>\n<\/div>\n<\/figcaption><\/figure>\n<p id=\"f01ce3ce-30fd-4d96-aefb-90723aec705f\">Wann haben Sie sich das letzte Mal die Zeit genommen, Ihren Rucksack (oder den Kinder) zu waschen? Sie gehen <em>\u00fcberall<\/em> Bei uns und oft auf dem Boden, also ist es keine \u00dcberraschung, dass sie zu einem Aufbau von Kr\u00fcmeln, klebrigen Versch\u00fcttungen und muffigen Ger\u00fcchen neigen &#8211; ich wei\u00df, dass ich es ist.<\/p>\n<p>Gl\u00fccklicherweise kann die Mehrheit der Rucks\u00e4cke in der Waschmaschine gewaschen werden. Jecko empfiehlt, das Innere mit Desinfektionswischt\u00fcchern von Lysol, die bei Amazon erh\u00e4ltlich sind, vor dem Waschen in einem sanften Zyklus in die W\u00e4sche zu werfen.<\/p>\n<p>&#8222;Vergessen Sie nicht die Rei\u00dfverschl\u00fcsse und Taschengurte&#8220;, f\u00fcgt Karina hinzu. &#8222;Dies sind die Teile, die am meisten gepackt werden und sie Magnete f\u00fcr Schmutz und Bakterien machen.&#8220;<\/p>\n<h3 class=\"article-body__section\" id=\"section-5-umbrella-stands\"><span>5. Regenschirmbest\u00e4nde<\/span><\/h3>\n<figure class=\"van-image-figure inline-layout \" data-bordeaux-image-check id=\"80900120-7ff2-4c55-9dcf-48327c318bcc\">\n<div class=\"image-full-width-wrapper\">\n<div class=\"image-widthsetter\" style=\"max-width:2000px;\"><\/div>\n<\/div><figcaption class=\"inline-layout \">\n<div class=\"caption-text\">\n<p>Regenschirme und ihre Trib\u00fcnen k\u00f6nnen am Ende muffig riechen oder Schimmel beherbergen<\/p>\n<\/div>\n<\/figcaption><\/figure>\n<p id=\"3149cc00-4231-4b3a-a11d-c81be3e303c4\">Schlie\u00dflich geben Sie diesen Monat Ihren Regenschirm -Stand auf, sagt Jecko &#8211; es ist eines der Dinge, die Menschen mit sauberen Eing\u00e4ngen immer tun.<\/p>\n<p>&#8222;September neigt dazu, die ersten nassen Tage in vielen Bereichen zu bringen&#8220;, erkl\u00e4rt er. &#8222;Jetzt ist die beste Zeit, um den ignorierenden Regenschirm zu reinigen und den Staub zu entfernen, der sich nach monatelang nicht benutztes Staub angesammelt hat.&#8220;<\/p>\n<p>Er f\u00fcgt hinzu, dass Sie den Boden des Standes \u00fcberpr\u00fcfen, um das Vorhandensein von Schimmel und Schimmel zu \u00fcberwachen. Dies kann mit dem meistverkauften Schimmelpanzerform und Mehltau -Killer bei Walmart angepackt werden.<\/p>\n<h2 class=\"article-body__section\" id=\"section-what-to-shop\"><span>Was einkaufen<\/span><\/h2>\n<p id=\"74ecd461-586c-4435-828b-b128774b74c4\"><em>Alle Preise waren zum Zeitpunkt der Ver\u00f6ffentlichung korrekt.<\/em><\/p>\n<div class=\"product-container hero-product-container product-block-no-wrap\">\n<div class=\"product-block-row\"><\/div>\n<div class=\"product-block-row\"><\/div>\n<div class=\"product-block-row\"><\/div>\n<div class=\"product-block-row\"><\/div>\n<div class=\"product-block-row\"><\/div>\n<div class=\"product-block-row\"><\/div>\n<\/div>\n<h2 class=\"article-body__section\" id=\"section-meet-our-experts\"><span>Treffen Sie unsere Experten<\/span><\/h2>\n<hr id=\"888b38fe-226a-4430-b05e-92a8d7149600\">\n<p id=\"dd6d84c6-2708-4bfa-9765-ee9e60566f97\">Sobald die neue Saison beginnt, k\u00f6nnen Sie Ihre Aufmerksamkeit auf Ihre Herbstreinigungs -Checkliste lenken.<\/p>\n<div class=\"block\" id=\"articleTag\" data-component-name=\"PostArticleLinks\">\n<div class=\"border-b border-b-black border-solid py-2.5 text-black font-bold uppercase\">Themen<\/div>\n<nav class=\"py-2.5 flex gap-2.5 flex-wrap\" data-analytics-id=\"article-tag\">\n<p>Reinigung<br \/>\n<\/nav>\n<\/div>\n<\/div>\n","protected":false},"excerpt":{"rendered":"<p>M\u00f6chten Sie wissen, was ich diesen September reinigen werde? Nun, mit diesem Monat kommt der Start des Herbstes, so dass es meiner Meinung nach so<\/p>\n","protected":false},"author":1,"featured_media":7386,"comment_status":"closed","ping_status":"","sticky":false,"template":"","format":"standard","meta":{"footnotes":""},"categories":[118],"tags":[9,466,166,641,9829,55,203,129,1666,1619,9830,2419,587,9828,92,37,1865],"class_list":["post-7385","post","type-post","status-publish","format-standard","has-post-thumbnail","hentry","category-haus-garten","tag-die","tag-dinge","tag-einen","tag-einschliesslich","tag-flasche","tag-fuer","tag-herbst","tag-ich","tag-meiner","tag-meines","tag-neuanfang","tag-praktischen","tag-reinigen","tag-rucksacks","tag-september","tag-und","tag-werde","generate-columns","tablet-grid-50","mobile-grid-100","grid-parent","grid-50"],"yoast_head":"<!-- This site is optimized with the Yoast SEO plugin v27.3 - https:\/\/yoast.com\/product\/yoast-seo-wordpress\/ -->\n<title>5 Dinge, die ich im September reinigen werde - einschlie\u00dflich meines Rucksacks und meiner Flasche f\u00fcr einen praktischen Neuanfang im Herbst - Nachrichten - Stra\u00dfenweb<\/title>\n<meta name=\"robots\" content=\"index, follow, max-snippet:-1, max-image-preview:large, max-video-preview:-1\" \/>\n<link rel=\"canonical\" href=\"https:\/\/www.strassenweb.de\/nachrichten\/5-dinge-die-ich-im-september-reinigen-werde-einschliesslich-meines-rucksacks-und-meiner-flasche-fuer-einen-praktischen-neuanfang-im-herbst\/\" \/>\n<meta property=\"og:locale\" content=\"de_DE\" \/>\n<meta property=\"og:type\" content=\"article\" \/>\n<meta property=\"og:title\" content=\"5 Dinge, die ich im September reinigen werde - einschlie\u00dflich meines Rucksacks und meiner Flasche f\u00fcr einen praktischen Neuanfang im Herbst - Nachrichten - Stra\u00dfenweb\" \/>\n<meta property=\"og:description\" content=\"M\u00f6chten Sie wissen, was ich diesen September reinigen werde? Nun, mit diesem Monat kommt der Start des Herbstes, so dass es meiner Meinung nach so\" \/>\n<meta property=\"og:url\" content=\"https:\/\/www.strassenweb.de\/nachrichten\/5-dinge-die-ich-im-september-reinigen-werde-einschliesslich-meines-rucksacks-und-meiner-flasche-fuer-einen-praktischen-neuanfang-im-herbst\/\" \/>\n<meta property=\"og:site_name\" content=\"Stra\u00dfenweb\" \/>\n<meta property=\"article:publisher\" content=\"https:\/\/www.facebook.com\/strassenweb\/\" \/>\n<meta property=\"article:published_time\" content=\"2025-09-01T08:39:15+00:00\" \/>\n<meta property=\"article:modified_time\" content=\"2025-09-01T08:39:16+00:00\" \/>\n<meta property=\"og:image\" content=\"https:\/\/www.strassenweb.de\/nachrichten\/wp-content\/uploads\/2025\/09\/5-Dinge-die-ich-im-September-reinigen-werde-einschliesslich.jpg\" \/>\n\t<meta property=\"og:image:width\" content=\"1600\" \/>\n\t<meta property=\"og:image:height\" content=\"900\" \/>\n\t<meta property=\"og:image:type\" content=\"image\/jpeg\" \/>\n<meta name=\"author\" content=\"Robert Hoffmann\" \/>\n<meta name=\"twitter:card\" content=\"summary_large_image\" \/>\n<meta name=\"twitter:label1\" content=\"Verfasst von\" \/>\n\t<meta name=\"twitter:data1\" content=\"Robert Hoffmann\" \/>\n\t<meta name=\"twitter:label2\" content=\"Gesch\u00e4tzte Lesezeit\" \/>\n\t<meta name=\"twitter:data2\" content=\"5\u00a0Minuten\" \/>\n<script type=\"application\/ld+json\" class=\"yoast-schema-graph\">{\"@context\":\"https:\\\/\\\/schema.org\",\"@graph\":[{\"@type\":\"Article\",\"@id\":\"https:\\\/\\\/www.strassenweb.de\\\/nachrichten\\\/5-dinge-die-ich-im-september-reinigen-werde-einschliesslich-meines-rucksacks-und-meiner-flasche-fuer-einen-praktischen-neuanfang-im-herbst\\\/#article\",\"isPartOf\":{\"@id\":\"https:\\\/\\\/www.strassenweb.de\\\/nachrichten\\\/5-dinge-die-ich-im-september-reinigen-werde-einschliesslich-meines-rucksacks-und-meiner-flasche-fuer-einen-praktischen-neuanfang-im-herbst\\\/\"},\"author\":{\"name\":\"Robert Hoffmann\",\"@id\":\"https:\\\/\\\/www.strassenweb.de\\\/nachrichten\\\/#\\\/schema\\\/person\\\/87c9c9067f1211da429a744dc5a5aa41\"},\"headline\":\"5 Dinge, die ich im September reinigen werde &#8211; einschlie\u00dflich meines Rucksacks und meiner Flasche f\u00fcr einen praktischen Neuanfang im Herbst\",\"datePublished\":\"2025-09-01T08:39:15+00:00\",\"dateModified\":\"2025-09-01T08:39:16+00:00\",\"mainEntityOfPage\":{\"@id\":\"https:\\\/\\\/www.strassenweb.de\\\/nachrichten\\\/5-dinge-die-ich-im-september-reinigen-werde-einschliesslich-meines-rucksacks-und-meiner-flasche-fuer-einen-praktischen-neuanfang-im-herbst\\\/\"},\"wordCount\":1017,\"publisher\":{\"@id\":\"https:\\\/\\\/www.strassenweb.de\\\/nachrichten\\\/#organization\"},\"image\":{\"@id\":\"https:\\\/\\\/www.strassenweb.de\\\/nachrichten\\\/5-dinge-die-ich-im-september-reinigen-werde-einschliesslich-meines-rucksacks-und-meiner-flasche-fuer-einen-praktischen-neuanfang-im-herbst\\\/#primaryimage\"},\"thumbnailUrl\":\"https:\\\/\\\/www.strassenweb.de\\\/nachrichten\\\/wp-content\\\/uploads\\\/2025\\\/09\\\/5-Dinge-die-ich-im-September-reinigen-werde-einschliesslich.jpg\",\"keywords\":[\"die\",\"Dinge\",\"einen\",\"einschlie\u00dflich\",\"Flasche\",\"f\u00fcr\",\"Herbst\",\"ich\",\"meiner\",\"meines\",\"Neuanfang\",\"praktischen\",\"reinigen\",\"Rucksacks\",\"September\",\"und\",\"werde\"],\"articleSection\":[\"Haus &amp; Garten\"],\"inLanguage\":\"de\"},{\"@type\":\"WebPage\",\"@id\":\"https:\\\/\\\/www.strassenweb.de\\\/nachrichten\\\/5-dinge-die-ich-im-september-reinigen-werde-einschliesslich-meines-rucksacks-und-meiner-flasche-fuer-einen-praktischen-neuanfang-im-herbst\\\/\",\"url\":\"https:\\\/\\\/www.strassenweb.de\\\/nachrichten\\\/5-dinge-die-ich-im-september-reinigen-werde-einschliesslich-meines-rucksacks-und-meiner-flasche-fuer-einen-praktischen-neuanfang-im-herbst\\\/\",\"name\":\"5 Dinge, die ich im September reinigen werde - einschlie\u00dflich meines Rucksacks und meiner Flasche f\u00fcr einen praktischen Neuanfang im Herbst - Nachrichten - Stra\u00dfenweb\",\"isPartOf\":{\"@id\":\"https:\\\/\\\/www.strassenweb.de\\\/nachrichten\\\/#website\"},\"primaryImageOfPage\":{\"@id\":\"https:\\\/\\\/www.strassenweb.de\\\/nachrichten\\\/5-dinge-die-ich-im-september-reinigen-werde-einschliesslich-meines-rucksacks-und-meiner-flasche-fuer-einen-praktischen-neuanfang-im-herbst\\\/#primaryimage\"},\"image\":{\"@id\":\"https:\\\/\\\/www.strassenweb.de\\\/nachrichten\\\/5-dinge-die-ich-im-september-reinigen-werde-einschliesslich-meines-rucksacks-und-meiner-flasche-fuer-einen-praktischen-neuanfang-im-herbst\\\/#primaryimage\"},\"thumbnailUrl\":\"https:\\\/\\\/www.strassenweb.de\\\/nachrichten\\\/wp-content\\\/uploads\\\/2025\\\/09\\\/5-Dinge-die-ich-im-September-reinigen-werde-einschliesslich.jpg\",\"datePublished\":\"2025-09-01T08:39:15+00:00\",\"dateModified\":\"2025-09-01T08:39:16+00:00\",\"breadcrumb\":{\"@id\":\"https:\\\/\\\/www.strassenweb.de\\\/nachrichten\\\/5-dinge-die-ich-im-september-reinigen-werde-einschliesslich-meines-rucksacks-und-meiner-flasche-fuer-einen-praktischen-neuanfang-im-herbst\\\/#breadcrumb\"},\"inLanguage\":\"de\",\"potentialAction\":[{\"@type\":\"ReadAction\",\"target\":[\"https:\\\/\\\/www.strassenweb.de\\\/nachrichten\\\/5-dinge-die-ich-im-september-reinigen-werde-einschliesslich-meines-rucksacks-und-meiner-flasche-fuer-einen-praktischen-neuanfang-im-herbst\\\/\"]}]},{\"@type\":\"ImageObject\",\"inLanguage\":\"de\",\"@id\":\"https:\\\/\\\/www.strassenweb.de\\\/nachrichten\\\/5-dinge-die-ich-im-september-reinigen-werde-einschliesslich-meines-rucksacks-und-meiner-flasche-fuer-einen-praktischen-neuanfang-im-herbst\\\/#primaryimage\",\"url\":\"https:\\\/\\\/www.strassenweb.de\\\/nachrichten\\\/wp-content\\\/uploads\\\/2025\\\/09\\\/5-Dinge-die-ich-im-September-reinigen-werde-einschliesslich.jpg\",\"contentUrl\":\"https:\\\/\\\/www.strassenweb.de\\\/nachrichten\\\/wp-content\\\/uploads\\\/2025\\\/09\\\/5-Dinge-die-ich-im-September-reinigen-werde-einschliesslich.jpg\",\"width\":1600,\"height\":900,\"caption\":\"Bright coastal home with rounded kitchen features and layout. There is a marble island in a semi circle, striped blue and white upholstered chairs around a round table and bright tall windows with the ocean in view\"},{\"@type\":\"BreadcrumbList\",\"@id\":\"https:\\\/\\\/www.strassenweb.de\\\/nachrichten\\\/5-dinge-die-ich-im-september-reinigen-werde-einschliesslich-meines-rucksacks-und-meiner-flasche-fuer-einen-praktischen-neuanfang-im-herbst\\\/#breadcrumb\",\"itemListElement\":[{\"@type\":\"ListItem\",\"position\":1,\"name\":\"Home\",\"item\":\"https:\\\/\\\/www.strassenweb.de\\\/nachrichten\\\/\"},{\"@type\":\"ListItem\",\"position\":2,\"name\":\"5 Dinge, die ich im September reinigen werde &#8211; einschlie\u00dflich meines Rucksacks und meiner Flasche f\u00fcr einen praktischen Neuanfang im Herbst\"}]},{\"@type\":\"WebSite\",\"@id\":\"https:\\\/\\\/www.strassenweb.de\\\/nachrichten\\\/#website\",\"url\":\"https:\\\/\\\/www.strassenweb.de\\\/nachrichten\\\/\",\"name\":\"Stra\u00dfenweb\",\"description\":\"Stra\u00dfenverzeichnis f\u00fcr Deutschland\",\"publisher\":{\"@id\":\"https:\\\/\\\/www.strassenweb.de\\\/nachrichten\\\/#organization\"},\"potentialAction\":[{\"@type\":\"SearchAction\",\"target\":{\"@type\":\"EntryPoint\",\"urlTemplate\":\"https:\\\/\\\/www.strassenweb.de\\\/nachrichten\\\/?s={search_term_string}\"},\"query-input\":{\"@type\":\"PropertyValueSpecification\",\"valueRequired\":true,\"valueName\":\"search_term_string\"}}],\"inLanguage\":\"de\"},{\"@type\":\"Organization\",\"@id\":\"https:\\\/\\\/www.strassenweb.de\\\/nachrichten\\\/#organization\",\"name\":\"Stra\u00dfenweb\",\"url\":\"https:\\\/\\\/www.strassenweb.de\\\/nachrichten\\\/\",\"logo\":{\"@type\":\"ImageObject\",\"inLanguage\":\"de\",\"@id\":\"https:\\\/\\\/www.strassenweb.de\\\/nachrichten\\\/#\\\/schema\\\/logo\\\/image\\\/\",\"url\":\"https:\\\/\\\/www.strassenweb.de\\\/nachrichten\\\/wp-content\\\/uploads\\\/2024\\\/09\\\/cropped-favicon.png\",\"contentUrl\":\"https:\\\/\\\/www.strassenweb.de\\\/nachrichten\\\/wp-content\\\/uploads\\\/2024\\\/09\\\/cropped-favicon.png\",\"width\":512,\"height\":512,\"caption\":\"Stra\u00dfenweb\"},\"image\":{\"@id\":\"https:\\\/\\\/www.strassenweb.de\\\/nachrichten\\\/#\\\/schema\\\/logo\\\/image\\\/\"},\"sameAs\":[\"https:\\\/\\\/www.facebook.com\\\/strassenweb\\\/\"]},{\"@type\":\"Person\",\"@id\":\"https:\\\/\\\/www.strassenweb.de\\\/nachrichten\\\/#\\\/schema\\\/person\\\/87c9c9067f1211da429a744dc5a5aa41\",\"name\":\"Robert Hoffmann\",\"image\":{\"@type\":\"ImageObject\",\"inLanguage\":\"de\",\"@id\":\"https:\\\/\\\/www.strassenweb.de\\\/nachrichten\\\/wp-content\\\/uploads\\\/2024\\\/09\\\/strassenweb-150x150.jpg\",\"url\":\"https:\\\/\\\/www.strassenweb.de\\\/nachrichten\\\/wp-content\\\/uploads\\\/2024\\\/09\\\/strassenweb-150x150.jpg\",\"contentUrl\":\"https:\\\/\\\/www.strassenweb.de\\\/nachrichten\\\/wp-content\\\/uploads\\\/2024\\\/09\\\/strassenweb-150x150.jpg\",\"caption\":\"Robert Hoffmann\"},\"description\":\"Ich hei\u00dfe Robert Hoffmann und ich bin ein leidenschaftlicher Verfechter von \u00d6kologie und Biodiversit\u00e4t. Seit meiner Kindheit in den W\u00e4ldern Bayerns f\u00fchle ich mich mit der Natur verbunden und bin entschlossen, sie zu sch\u00fctzen. Heute widme ich mein Leben der Sensibilisierung anderer f\u00fcr die Bedeutung des Umweltschutzes f\u00fcr zuk\u00fcnftige Generationen.\",\"sameAs\":[\"https:\\\/\\\/www.strassenweb.de\\\/\"]}]}<\/script>\n<!-- \/ Yoast SEO plugin. -->","yoast_head_json":{"title":"5 Dinge, die ich im September reinigen werde - einschlie\u00dflich meines Rucksacks und meiner Flasche f\u00fcr einen praktischen Neuanfang im Herbst - Nachrichten - Stra\u00dfenweb","robots":{"index":"index","follow":"follow","max-snippet":"max-snippet:-1","max-image-preview":"max-image-preview:large","max-video-preview":"max-video-preview:-1"},"canonical":"https:\/\/www.strassenweb.de\/nachrichten\/5-dinge-die-ich-im-september-reinigen-werde-einschliesslich-meines-rucksacks-und-meiner-flasche-fuer-einen-praktischen-neuanfang-im-herbst\/","og_locale":"de_DE","og_type":"article","og_title":"5 Dinge, die ich im September reinigen werde - einschlie\u00dflich meines Rucksacks und meiner Flasche f\u00fcr einen praktischen Neuanfang im Herbst - Nachrichten - Stra\u00dfenweb","og_description":"M\u00f6chten Sie wissen, was ich diesen September reinigen werde? Nun, mit diesem Monat kommt der Start des Herbstes, so dass es meiner Meinung nach so","og_url":"https:\/\/www.strassenweb.de\/nachrichten\/5-dinge-die-ich-im-september-reinigen-werde-einschliesslich-meines-rucksacks-und-meiner-flasche-fuer-einen-praktischen-neuanfang-im-herbst\/","og_site_name":"Stra\u00dfenweb","article_publisher":"https:\/\/www.facebook.com\/strassenweb\/","article_published_time":"2025-09-01T08:39:15+00:00","article_modified_time":"2025-09-01T08:39:16+00:00","og_image":[{"width":1600,"height":900,"url":"https:\/\/www.strassenweb.de\/nachrichten\/wp-content\/uploads\/2025\/09\/5-Dinge-die-ich-im-September-reinigen-werde-einschliesslich.jpg","type":"image\/jpeg"}],"author":"Robert Hoffmann","twitter_card":"summary_large_image","twitter_misc":{"Verfasst von":"Robert Hoffmann","Gesch\u00e4tzte Lesezeit":"5\u00a0Minuten"},"schema":{"@context":"https:\/\/schema.org","@graph":[{"@type":"Article","@id":"https:\/\/www.strassenweb.de\/nachrichten\/5-dinge-die-ich-im-september-reinigen-werde-einschliesslich-meines-rucksacks-und-meiner-flasche-fuer-einen-praktischen-neuanfang-im-herbst\/#article","isPartOf":{"@id":"https:\/\/www.strassenweb.de\/nachrichten\/5-dinge-die-ich-im-september-reinigen-werde-einschliesslich-meines-rucksacks-und-meiner-flasche-fuer-einen-praktischen-neuanfang-im-herbst\/"},"author":{"name":"Robert Hoffmann","@id":"https:\/\/www.strassenweb.de\/nachrichten\/#\/schema\/person\/87c9c9067f1211da429a744dc5a5aa41"},"headline":"5 Dinge, die ich im September reinigen werde &#8211; einschlie\u00dflich meines Rucksacks und meiner Flasche f\u00fcr einen praktischen Neuanfang im Herbst","datePublished":"2025-09-01T08:39:15+00:00","dateModified":"2025-09-01T08:39:16+00:00","mainEntityOfPage":{"@id":"https:\/\/www.strassenweb.de\/nachrichten\/5-dinge-die-ich-im-september-reinigen-werde-einschliesslich-meines-rucksacks-und-meiner-flasche-fuer-einen-praktischen-neuanfang-im-herbst\/"},"wordCount":1017,"publisher":{"@id":"https:\/\/www.strassenweb.de\/nachrichten\/#organization"},"image":{"@id":"https:\/\/www.strassenweb.de\/nachrichten\/5-dinge-die-ich-im-september-reinigen-werde-einschliesslich-meines-rucksacks-und-meiner-flasche-fuer-einen-praktischen-neuanfang-im-herbst\/#primaryimage"},"thumbnailUrl":"https:\/\/www.strassenweb.de\/nachrichten\/wp-content\/uploads\/2025\/09\/5-Dinge-die-ich-im-September-reinigen-werde-einschliesslich.jpg","keywords":["die","Dinge","einen","einschlie\u00dflich","Flasche","f\u00fcr","Herbst","ich","meiner","meines","Neuanfang","praktischen","reinigen","Rucksacks","September","und","werde"],"articleSection":["Haus &amp; Garten"],"inLanguage":"de"},{"@type":"WebPage","@id":"https:\/\/www.strassenweb.de\/nachrichten\/5-dinge-die-ich-im-september-reinigen-werde-einschliesslich-meines-rucksacks-und-meiner-flasche-fuer-einen-praktischen-neuanfang-im-herbst\/","url":"https:\/\/www.strassenweb.de\/nachrichten\/5-dinge-die-ich-im-september-reinigen-werde-einschliesslich-meines-rucksacks-und-meiner-flasche-fuer-einen-praktischen-neuanfang-im-herbst\/","name":"5 Dinge, die ich im September reinigen werde - einschlie\u00dflich meines Rucksacks und meiner Flasche f\u00fcr einen praktischen Neuanfang im Herbst - Nachrichten - Stra\u00dfenweb","isPartOf":{"@id":"https:\/\/www.strassenweb.de\/nachrichten\/#website"},"primaryImageOfPage":{"@id":"https:\/\/www.strassenweb.de\/nachrichten\/5-dinge-die-ich-im-september-reinigen-werde-einschliesslich-meines-rucksacks-und-meiner-flasche-fuer-einen-praktischen-neuanfang-im-herbst\/#primaryimage"},"image":{"@id":"https:\/\/www.strassenweb.de\/nachrichten\/5-dinge-die-ich-im-september-reinigen-werde-einschliesslich-meines-rucksacks-und-meiner-flasche-fuer-einen-praktischen-neuanfang-im-herbst\/#primaryimage"},"thumbnailUrl":"https:\/\/www.strassenweb.de\/nachrichten\/wp-content\/uploads\/2025\/09\/5-Dinge-die-ich-im-September-reinigen-werde-einschliesslich.jpg","datePublished":"2025-09-01T08:39:15+00:00","dateModified":"2025-09-01T08:39:16+00:00","breadcrumb":{"@id":"https:\/\/www.strassenweb.de\/nachrichten\/5-dinge-die-ich-im-september-reinigen-werde-einschliesslich-meines-rucksacks-und-meiner-flasche-fuer-einen-praktischen-neuanfang-im-herbst\/#breadcrumb"},"inLanguage":"de","potentialAction":[{"@type":"ReadAction","target":["https:\/\/www.strassenweb.de\/nachrichten\/5-dinge-die-ich-im-september-reinigen-werde-einschliesslich-meines-rucksacks-und-meiner-flasche-fuer-einen-praktischen-neuanfang-im-herbst\/"]}]},{"@type":"ImageObject","inLanguage":"de","@id":"https:\/\/www.strassenweb.de\/nachrichten\/5-dinge-die-ich-im-september-reinigen-werde-einschliesslich-meines-rucksacks-und-meiner-flasche-fuer-einen-praktischen-neuanfang-im-herbst\/#primaryimage","url":"https:\/\/www.strassenweb.de\/nachrichten\/wp-content\/uploads\/2025\/09\/5-Dinge-die-ich-im-September-reinigen-werde-einschliesslich.jpg","contentUrl":"https:\/\/www.strassenweb.de\/nachrichten\/wp-content\/uploads\/2025\/09\/5-Dinge-die-ich-im-September-reinigen-werde-einschliesslich.jpg","width":1600,"height":900,"caption":"Bright coastal home with rounded kitchen features and layout. There is a marble island in a semi circle, striped blue and white upholstered chairs around a round table and bright tall windows with the ocean in view"},{"@type":"BreadcrumbList","@id":"https:\/\/www.strassenweb.de\/nachrichten\/5-dinge-die-ich-im-september-reinigen-werde-einschliesslich-meines-rucksacks-und-meiner-flasche-fuer-einen-praktischen-neuanfang-im-herbst\/#breadcrumb","itemListElement":[{"@type":"ListItem","position":1,"name":"Home","item":"https:\/\/www.strassenweb.de\/nachrichten\/"},{"@type":"ListItem","position":2,"name":"5 Dinge, die ich im September reinigen werde &#8211; einschlie\u00dflich meines Rucksacks und meiner Flasche f\u00fcr einen praktischen Neuanfang im Herbst"}]},{"@type":"WebSite","@id":"https:\/\/www.strassenweb.de\/nachrichten\/#website","url":"https:\/\/www.strassenweb.de\/nachrichten\/","name":"Stra\u00dfenweb","description":"Stra\u00dfenverzeichnis f\u00fcr Deutschland","publisher":{"@id":"https:\/\/www.strassenweb.de\/nachrichten\/#organization"},"potentialAction":[{"@type":"SearchAction","target":{"@type":"EntryPoint","urlTemplate":"https:\/\/www.strassenweb.de\/nachrichten\/?s={search_term_string}"},"query-input":{"@type":"PropertyValueSpecification","valueRequired":true,"valueName":"search_term_string"}}],"inLanguage":"de"},{"@type":"Organization","@id":"https:\/\/www.strassenweb.de\/nachrichten\/#organization","name":"Stra\u00dfenweb","url":"https:\/\/www.strassenweb.de\/nachrichten\/","logo":{"@type":"ImageObject","inLanguage":"de","@id":"https:\/\/www.strassenweb.de\/nachrichten\/#\/schema\/logo\/image\/","url":"https:\/\/www.strassenweb.de\/nachrichten\/wp-content\/uploads\/2024\/09\/cropped-favicon.png","contentUrl":"https:\/\/www.strassenweb.de\/nachrichten\/wp-content\/uploads\/2024\/09\/cropped-favicon.png","width":512,"height":512,"caption":"Stra\u00dfenweb"},"image":{"@id":"https:\/\/www.strassenweb.de\/nachrichten\/#\/schema\/logo\/image\/"},"sameAs":["https:\/\/www.facebook.com\/strassenweb\/"]},{"@type":"Person","@id":"https:\/\/www.strassenweb.de\/nachrichten\/#\/schema\/person\/87c9c9067f1211da429a744dc5a5aa41","name":"Robert Hoffmann","image":{"@type":"ImageObject","inLanguage":"de","@id":"https:\/\/www.strassenweb.de\/nachrichten\/wp-content\/uploads\/2024\/09\/strassenweb-150x150.jpg","url":"https:\/\/www.strassenweb.de\/nachrichten\/wp-content\/uploads\/2024\/09\/strassenweb-150x150.jpg","contentUrl":"https:\/\/www.strassenweb.de\/nachrichten\/wp-content\/uploads\/2024\/09\/strassenweb-150x150.jpg","caption":"Robert Hoffmann"},"description":"Ich hei\u00dfe Robert Hoffmann und ich bin ein leidenschaftlicher Verfechter von \u00d6kologie und Biodiversit\u00e4t. Seit meiner Kindheit in den W\u00e4ldern Bayerns f\u00fchle ich mich mit der Natur verbunden und bin entschlossen, sie zu sch\u00fctzen. Heute widme ich mein Leben der Sensibilisierung anderer f\u00fcr die Bedeutung des Umweltschutzes f\u00fcr zuk\u00fcnftige Generationen.","sameAs":["https:\/\/www.strassenweb.de\/"]}]}},"_links":{"self":[{"href":"https:\/\/www.strassenweb.de\/nachrichten\/wp-json\/wp\/v2\/posts\/7385","targetHints":{"allow":["GET"]}}],"collection":[{"href":"https:\/\/www.strassenweb.de\/nachrichten\/wp-json\/wp\/v2\/posts"}],"about":[{"href":"https:\/\/www.strassenweb.de\/nachrichten\/wp-json\/wp\/v2\/types\/post"}],"author":[{"embeddable":true,"href":"https:\/\/www.strassenweb.de\/nachrichten\/wp-json\/wp\/v2\/users\/1"}],"replies":[{"embeddable":true,"href":"https:\/\/www.strassenweb.de\/nachrichten\/wp-json\/wp\/v2\/comments?post=7385"}],"version-history":[{"count":0,"href":"https:\/\/www.strassenweb.de\/nachrichten\/wp-json\/wp\/v2\/posts\/7385\/revisions"}],"wp:featuredmedia":[{"embeddable":true,"href":"https:\/\/www.strassenweb.de\/nachrichten\/wp-json\/wp\/v2\/media\/7386"}],"wp:attachment":[{"href":"https:\/\/www.strassenweb.de\/nachrichten\/wp-json\/wp\/v2\/media?parent=7385"}],"wp:term":[{"taxonomy":"category","embeddable":true,"href":"https:\/\/www.strassenweb.de\/nachrichten\/wp-json\/wp\/v2\/categories?post=7385"},{"taxonomy":"post_tag","embeddable":true,"href":"https:\/\/www.strassenweb.de\/nachrichten\/wp-json\/wp\/v2\/tags?post=7385"}],"curies":[{"name":"wp","href":"https:\/\/api.w.org\/{rel}","templated":true}]}}