{"id":7379,"date":"2025-09-01T04:40:18","date_gmt":"2025-09-01T02:40:18","guid":{"rendered":"https:\/\/www.strassenweb.de\/nachrichten\/ich-dachte-ich-haette-jede-art-von-statement-beleuchtung-gesehen\/"},"modified":"2025-09-01T04:40:19","modified_gmt":"2025-09-01T02:40:19","slug":"ich-dachte-ich-haette-jede-art-von-statement-beleuchtung-gesehen","status":"publish","type":"post","link":"https:\/\/www.strassenweb.de\/nachrichten\/ich-dachte-ich-haette-jede-art-von-statement-beleuchtung-gesehen\/","title":{"rendered":"Ich dachte, ich h\u00e4tte jede Art von Statement -Beleuchtung gesehen"},"content":{"rendered":"<p><\/p>\n<div id=\"article-body\" class=\"article__body \">\n<p id=\"e4b6007f-5da3-4c32-9733-ebc9fe8b0549\">Als Redakteur im Promi -Stil werden meine Tage damit verbracht, Hunderte von Bildern von Promi -H\u00e4usern zu schauen, von denen die meisten Statement -Beleuchtung enthalten. Obwohl ich viel mehr Statement -Beleuchtung als die durchschnittliche Person gesehen habe, war ich immer noch angenehm \u00fcberrascht von Kaley Cuocos Design.<\/p>\n<div id=\"ad-unit-1\" class=\"ad-unit\"><\/div>\n<p><em>Die Urknalltheorie<\/em> Die Wohnzimmerbeleuchtungsidee der Schauspielerin enth\u00e4lt Dutzende von einzelnen Gl\u00fchbirnen -Anh\u00e4ngerlampen, die an der Decke in verschiedenen H\u00f6hen h\u00e4ngen. Ihre Designerin Jeff Andrews hat sie so arrangiert, dass sie wie Regentropfen aussehen, die von der Decke kaskadieren.<\/p>\n<aside data-block-type=\"embed\" data-render-type=\"fte\" data-skip=\"dealsy\" data-widget-type=\"seasonal\" class=\"hawk-base\"><\/aside>\n<p id=\"e4b6007f-5da3-4c32-9733-ebc9fe8b0549-2\">Kaleys dramatische Beleuchtung ist die perfekte Erg\u00e4nzung zum maximalistischen Design im Rest des Raums. Obwohl sich ein so mutiges und auff\u00e4lliges Licht \u00fcberw\u00e4ltigend anf\u00fchlt, wenn es mit einem eher zur\u00fcckgeschlechtlichen Design verwendet wird, f\u00fcgt dies zu dem Gef\u00fchl hinzu, dass \u00fcberall, wo Sie in den Raum schauen, etwas Aufregendes zu sehen gibt. Vom rosa Stuhl bis zum Patchwork -Teppich bis zum Anh\u00e4ngerleuchten ist jeder Zentimeter des Raums ein Brennpunkt.<\/p>\n<div class=\"van_vid_carousel\">\n<div class=\"van_vid_carousel__padding\">\n<div class=\"van_vid_carousel__container\"><\/div>\n<\/div>\n<\/div>\n<div class=\"instagram-embed\" id=\"BuMdegplV-7\">\n<blockquote class=\"instagram-media\" data-instgrm-captioned data-instgrm-version=\"6\" style=\"width:99.375%; width:-webkit-calc(100% - 2px); width:calc(100% - 2px);\">\n<p>Ein Beitrag, der von Jeff Andrews \/ Design (@jeffandrewsdsgn) geteilt wird<\/p>\n<p>Ein Foto von on <\/p>\n<\/blockquote>\n<\/div>\n<h3 class=\"article-body__section\" id=\"section-shop-the-look\"><span>Kaufen Sie den Look ein<\/span><\/h3>\n<div class=\"product-container hero-product-container product-block-no-wrap\">\n<div class=\"product-block-row\"><\/div>\n<div class=\"product-block-row\"><\/div>\n<div class=\"product-block-row\"><\/div>\n<\/div>\n<p id=\"eb152154-de7f-4713-837d-c09d237eb5a5\">Dar\u00fcber hinaus denke ich, dass Jeffs Auswahl eines Messing Finish f\u00fcr Kaleys Raum atemberaubend f\u00fcr den \u00dcberschuss an Gelb und Gold im Raum passt.<\/p>\n<div id=\"ad-unit-2\" class=\"ad-unit\"><\/div>\n<p>Anstatt Metalle zu mischen, koordiniert das goldene Finish der Beleuchtung mit dem goldenen Rand des Spiegels, der goldenen Kante des h\u00e4ngenden Stuhls und den dekorativen Gegenst\u00e4nden auf dem Glas -Couchtisch. Die reflektierende Qualit\u00e4t all dieser Oberfl\u00e4chen hilft, die Lichter noch heller zu sein und das gesamte Wohnzimmer von Kaley mit atemberaubender Beleuchtung zu \u00fcberfluten.<\/p>\n<p>Schlie\u00dflich bewundere ich, wie Kaleys Auswahl an Leuchten mehr Interesse f\u00fcr den Raum verleiht, der voller runder und gekr\u00fcmmter Formen ist. Ein Teil dessen, was es so sch\u00f6n macht, ist seine Abreise vom Rest des Schemas und bietet eine unerwartete visuelle Erstellung. Wenn es Zeit ist, die Beleuchtung in meinem Wohnzimmer zu ersetzen, werde ich auf jeden Fall so etwas in Betracht ziehen.<\/p>\n<hr id=\"afcd7f94-312c-4f34-8b2b-7e377478cd09\">\n<p id=\"98aead3c-76ac-4455-9fb1-caeebfd3debc\">Einige Designs lassen Sie in Ihren Spuren aufhalten, und Kaley Cuocos maximalistische Beleuchtung hat definitiv diesen &#8222;Wow&#8220; -Faktor. Wenn sich etwas so pers\u00f6nlich und einzigartig anf\u00fchlt, wird es niemals aus der Mode gehen.<\/p>\n<div id=\"slice-container-newsletterForm-articleInbodyContent-rk42iP8a8AG8q25Eb5zg2R\" class=\"slice-container newsletter-inbodyContent-slice newsletterForm-articleInbodyContent-rk42iP8a8AG8q25Eb5zg2R slice-container-newsletterForm\"><\/div>\n<div class=\"min-h-(270px) mb-4 viafoura-twig-component\" id=\"viafoura-engagement-starter-wrapper\" data-component-name=\"Elk:Embed:EngagementStarter\">\n<div class=\"viafoura\">\n<div>\n<vf-conversation-starter target=\"viafoura-comments\" minimum-comment-count=\"5\"><br \/>\n<\/vf-conversation-starter>\n<\/div>\n<\/div>\n<\/div>\n<hr id=\"2bcac124-c5fa-41c5-b3e7-20020a0e8d28\">\n<\/div>\n<p><script async src=\"\/\/www.instagram.com\/embed.js\"><\/script><\/p>\n","protected":false},"excerpt":{"rendered":"<p>Als Redakteur im Promi -Stil werden meine Tage damit verbracht, Hunderte von Bildern von Promi -H\u00e4usern zu schauen, von denen die meisten Statement -Beleuchtung enthalten.<\/p>\n","protected":false},"author":1,"featured_media":7380,"comment_status":"closed","ping_status":"","sticky":false,"template":"","format":"standard","meta":{"footnotes":""},"categories":[118],"tags":[188,642,174,1905,1533,129,2236,1250,21],"class_list":["post-7379","post","type-post","status-publish","format-standard","has-post-thumbnail","hentry","category-haus-garten","tag-art","tag-beleuchtung","tag-dachte","tag-gesehen","tag-haette","tag-ich","tag-jede","tag-statement","tag-von","generate-columns","tablet-grid-50","mobile-grid-100","grid-parent","grid-50"],"yoast_head":"<!-- This site is optimized with the Yoast SEO plugin v27.3 - https:\/\/yoast.com\/product\/yoast-seo-wordpress\/ -->\n<title>Ich dachte, ich h\u00e4tte jede Art von Statement -Beleuchtung gesehen - Nachrichten - Stra\u00dfenweb<\/title>\n<meta name=\"robots\" content=\"index, follow, max-snippet:-1, max-image-preview:large, max-video-preview:-1\" \/>\n<link rel=\"canonical\" href=\"https:\/\/www.strassenweb.de\/nachrichten\/ich-dachte-ich-haette-jede-art-von-statement-beleuchtung-gesehen\/\" \/>\n<meta property=\"og:locale\" content=\"de_DE\" \/>\n<meta property=\"og:type\" content=\"article\" \/>\n<meta property=\"og:title\" content=\"Ich dachte, ich h\u00e4tte jede Art von Statement -Beleuchtung gesehen - Nachrichten - Stra\u00dfenweb\" \/>\n<meta property=\"og:description\" content=\"Als Redakteur im Promi -Stil werden meine Tage damit verbracht, Hunderte von Bildern von Promi -H\u00e4usern zu schauen, von denen die meisten Statement -Beleuchtung enthalten.\" \/>\n<meta property=\"og:url\" content=\"https:\/\/www.strassenweb.de\/nachrichten\/ich-dachte-ich-haette-jede-art-von-statement-beleuchtung-gesehen\/\" \/>\n<meta property=\"og:site_name\" content=\"Stra\u00dfenweb\" \/>\n<meta property=\"article:publisher\" content=\"https:\/\/www.facebook.com\/strassenweb\/\" \/>\n<meta property=\"article:published_time\" content=\"2025-09-01T02:40:18+00:00\" \/>\n<meta property=\"article:modified_time\" content=\"2025-09-01T02:40:19+00:00\" \/>\n<meta property=\"og:image\" content=\"https:\/\/www.strassenweb.de\/nachrichten\/wp-content\/uploads\/2025\/09\/Ich-dachte-ich-haette-jede-Art-von-Statement-Beleuchtung-gesehen.jpg\" \/>\n\t<meta property=\"og:image:width\" content=\"1600\" \/>\n\t<meta property=\"og:image:height\" content=\"900\" \/>\n\t<meta property=\"og:image:type\" content=\"image\/jpeg\" \/>\n<meta name=\"author\" content=\"Robert Hoffmann\" \/>\n<meta name=\"twitter:card\" content=\"summary_large_image\" \/>\n<meta name=\"twitter:label1\" content=\"Verfasst von\" \/>\n\t<meta name=\"twitter:data1\" content=\"Robert Hoffmann\" \/>\n\t<meta name=\"twitter:label2\" content=\"Gesch\u00e4tzte Lesezeit\" \/>\n\t<meta name=\"twitter:data2\" content=\"2\u00a0Minuten\" \/>\n<script type=\"application\/ld+json\" class=\"yoast-schema-graph\">{\"@context\":\"https:\\\/\\\/schema.org\",\"@graph\":[{\"@type\":\"Article\",\"@id\":\"https:\\\/\\\/www.strassenweb.de\\\/nachrichten\\\/ich-dachte-ich-haette-jede-art-von-statement-beleuchtung-gesehen\\\/#article\",\"isPartOf\":{\"@id\":\"https:\\\/\\\/www.strassenweb.de\\\/nachrichten\\\/ich-dachte-ich-haette-jede-art-von-statement-beleuchtung-gesehen\\\/\"},\"author\":{\"name\":\"Robert Hoffmann\",\"@id\":\"https:\\\/\\\/www.strassenweb.de\\\/nachrichten\\\/#\\\/schema\\\/person\\\/87c9c9067f1211da429a744dc5a5aa41\"},\"headline\":\"Ich dachte, ich h\u00e4tte jede Art von Statement -Beleuchtung gesehen\",\"datePublished\":\"2025-09-01T02:40:18+00:00\",\"dateModified\":\"2025-09-01T02:40:19+00:00\",\"mainEntityOfPage\":{\"@id\":\"https:\\\/\\\/www.strassenweb.de\\\/nachrichten\\\/ich-dachte-ich-haette-jede-art-von-statement-beleuchtung-gesehen\\\/\"},\"wordCount\":385,\"publisher\":{\"@id\":\"https:\\\/\\\/www.strassenweb.de\\\/nachrichten\\\/#organization\"},\"image\":{\"@id\":\"https:\\\/\\\/www.strassenweb.de\\\/nachrichten\\\/ich-dachte-ich-haette-jede-art-von-statement-beleuchtung-gesehen\\\/#primaryimage\"},\"thumbnailUrl\":\"https:\\\/\\\/www.strassenweb.de\\\/nachrichten\\\/wp-content\\\/uploads\\\/2025\\\/09\\\/Ich-dachte-ich-haette-jede-Art-von-Statement-Beleuchtung-gesehen.jpg\",\"keywords\":[\"Art\",\"Beleuchtung\",\"dachte\",\"gesehen\",\"h\u00e4tte\",\"ich\",\"jede\",\"Statement\",\"von\"],\"articleSection\":[\"Haus &amp; Garten\"],\"inLanguage\":\"de\"},{\"@type\":\"WebPage\",\"@id\":\"https:\\\/\\\/www.strassenweb.de\\\/nachrichten\\\/ich-dachte-ich-haette-jede-art-von-statement-beleuchtung-gesehen\\\/\",\"url\":\"https:\\\/\\\/www.strassenweb.de\\\/nachrichten\\\/ich-dachte-ich-haette-jede-art-von-statement-beleuchtung-gesehen\\\/\",\"name\":\"Ich dachte, ich h\u00e4tte jede Art von Statement -Beleuchtung gesehen - Nachrichten - Stra\u00dfenweb\",\"isPartOf\":{\"@id\":\"https:\\\/\\\/www.strassenweb.de\\\/nachrichten\\\/#website\"},\"primaryImageOfPage\":{\"@id\":\"https:\\\/\\\/www.strassenweb.de\\\/nachrichten\\\/ich-dachte-ich-haette-jede-art-von-statement-beleuchtung-gesehen\\\/#primaryimage\"},\"image\":{\"@id\":\"https:\\\/\\\/www.strassenweb.de\\\/nachrichten\\\/ich-dachte-ich-haette-jede-art-von-statement-beleuchtung-gesehen\\\/#primaryimage\"},\"thumbnailUrl\":\"https:\\\/\\\/www.strassenweb.de\\\/nachrichten\\\/wp-content\\\/uploads\\\/2025\\\/09\\\/Ich-dachte-ich-haette-jede-Art-von-Statement-Beleuchtung-gesehen.jpg\",\"datePublished\":\"2025-09-01T02:40:18+00:00\",\"dateModified\":\"2025-09-01T02:40:19+00:00\",\"breadcrumb\":{\"@id\":\"https:\\\/\\\/www.strassenweb.de\\\/nachrichten\\\/ich-dachte-ich-haette-jede-art-von-statement-beleuchtung-gesehen\\\/#breadcrumb\"},\"inLanguage\":\"de\",\"potentialAction\":[{\"@type\":\"ReadAction\",\"target\":[\"https:\\\/\\\/www.strassenweb.de\\\/nachrichten\\\/ich-dachte-ich-haette-jede-art-von-statement-beleuchtung-gesehen\\\/\"]}]},{\"@type\":\"ImageObject\",\"inLanguage\":\"de\",\"@id\":\"https:\\\/\\\/www.strassenweb.de\\\/nachrichten\\\/ich-dachte-ich-haette-jede-art-von-statement-beleuchtung-gesehen\\\/#primaryimage\",\"url\":\"https:\\\/\\\/www.strassenweb.de\\\/nachrichten\\\/wp-content\\\/uploads\\\/2025\\\/09\\\/Ich-dachte-ich-haette-jede-Art-von-Statement-Beleuchtung-gesehen.jpg\",\"contentUrl\":\"https:\\\/\\\/www.strassenweb.de\\\/nachrichten\\\/wp-content\\\/uploads\\\/2025\\\/09\\\/Ich-dachte-ich-haette-jede-Art-von-Statement-Beleuchtung-gesehen.jpg\",\"width\":1600,\"height\":900,\"caption\":\"kaley cuoco on a white background wearing pink\"},{\"@type\":\"BreadcrumbList\",\"@id\":\"https:\\\/\\\/www.strassenweb.de\\\/nachrichten\\\/ich-dachte-ich-haette-jede-art-von-statement-beleuchtung-gesehen\\\/#breadcrumb\",\"itemListElement\":[{\"@type\":\"ListItem\",\"position\":1,\"name\":\"Home\",\"item\":\"https:\\\/\\\/www.strassenweb.de\\\/nachrichten\\\/\"},{\"@type\":\"ListItem\",\"position\":2,\"name\":\"Ich dachte, ich h\u00e4tte jede Art von Statement -Beleuchtung gesehen\"}]},{\"@type\":\"WebSite\",\"@id\":\"https:\\\/\\\/www.strassenweb.de\\\/nachrichten\\\/#website\",\"url\":\"https:\\\/\\\/www.strassenweb.de\\\/nachrichten\\\/\",\"name\":\"Stra\u00dfenweb\",\"description\":\"Stra\u00dfenverzeichnis f\u00fcr Deutschland\",\"publisher\":{\"@id\":\"https:\\\/\\\/www.strassenweb.de\\\/nachrichten\\\/#organization\"},\"potentialAction\":[{\"@type\":\"SearchAction\",\"target\":{\"@type\":\"EntryPoint\",\"urlTemplate\":\"https:\\\/\\\/www.strassenweb.de\\\/nachrichten\\\/?s={search_term_string}\"},\"query-input\":{\"@type\":\"PropertyValueSpecification\",\"valueRequired\":true,\"valueName\":\"search_term_string\"}}],\"inLanguage\":\"de\"},{\"@type\":\"Organization\",\"@id\":\"https:\\\/\\\/www.strassenweb.de\\\/nachrichten\\\/#organization\",\"name\":\"Stra\u00dfenweb\",\"url\":\"https:\\\/\\\/www.strassenweb.de\\\/nachrichten\\\/\",\"logo\":{\"@type\":\"ImageObject\",\"inLanguage\":\"de\",\"@id\":\"https:\\\/\\\/www.strassenweb.de\\\/nachrichten\\\/#\\\/schema\\\/logo\\\/image\\\/\",\"url\":\"https:\\\/\\\/www.strassenweb.de\\\/nachrichten\\\/wp-content\\\/uploads\\\/2024\\\/09\\\/cropped-favicon.png\",\"contentUrl\":\"https:\\\/\\\/www.strassenweb.de\\\/nachrichten\\\/wp-content\\\/uploads\\\/2024\\\/09\\\/cropped-favicon.png\",\"width\":512,\"height\":512,\"caption\":\"Stra\u00dfenweb\"},\"image\":{\"@id\":\"https:\\\/\\\/www.strassenweb.de\\\/nachrichten\\\/#\\\/schema\\\/logo\\\/image\\\/\"},\"sameAs\":[\"https:\\\/\\\/www.facebook.com\\\/strassenweb\\\/\"]},{\"@type\":\"Person\",\"@id\":\"https:\\\/\\\/www.strassenweb.de\\\/nachrichten\\\/#\\\/schema\\\/person\\\/87c9c9067f1211da429a744dc5a5aa41\",\"name\":\"Robert Hoffmann\",\"image\":{\"@type\":\"ImageObject\",\"inLanguage\":\"de\",\"@id\":\"https:\\\/\\\/www.strassenweb.de\\\/nachrichten\\\/wp-content\\\/uploads\\\/2024\\\/09\\\/strassenweb-150x150.jpg\",\"url\":\"https:\\\/\\\/www.strassenweb.de\\\/nachrichten\\\/wp-content\\\/uploads\\\/2024\\\/09\\\/strassenweb-150x150.jpg\",\"contentUrl\":\"https:\\\/\\\/www.strassenweb.de\\\/nachrichten\\\/wp-content\\\/uploads\\\/2024\\\/09\\\/strassenweb-150x150.jpg\",\"caption\":\"Robert Hoffmann\"},\"description\":\"Ich hei\u00dfe Robert Hoffmann und ich bin ein leidenschaftlicher Verfechter von \u00d6kologie und Biodiversit\u00e4t. Seit meiner Kindheit in den W\u00e4ldern Bayerns f\u00fchle ich mich mit der Natur verbunden und bin entschlossen, sie zu sch\u00fctzen. Heute widme ich mein Leben der Sensibilisierung anderer f\u00fcr die Bedeutung des Umweltschutzes f\u00fcr zuk\u00fcnftige Generationen.\",\"sameAs\":[\"https:\\\/\\\/www.strassenweb.de\\\/\"]}]}<\/script>\n<!-- \/ Yoast SEO plugin. -->","yoast_head_json":{"title":"Ich dachte, ich h\u00e4tte jede Art von Statement -Beleuchtung gesehen - Nachrichten - Stra\u00dfenweb","robots":{"index":"index","follow":"follow","max-snippet":"max-snippet:-1","max-image-preview":"max-image-preview:large","max-video-preview":"max-video-preview:-1"},"canonical":"https:\/\/www.strassenweb.de\/nachrichten\/ich-dachte-ich-haette-jede-art-von-statement-beleuchtung-gesehen\/","og_locale":"de_DE","og_type":"article","og_title":"Ich dachte, ich h\u00e4tte jede Art von Statement -Beleuchtung gesehen - Nachrichten - Stra\u00dfenweb","og_description":"Als Redakteur im Promi -Stil werden meine Tage damit verbracht, Hunderte von Bildern von Promi -H\u00e4usern zu schauen, von denen die meisten Statement -Beleuchtung enthalten.","og_url":"https:\/\/www.strassenweb.de\/nachrichten\/ich-dachte-ich-haette-jede-art-von-statement-beleuchtung-gesehen\/","og_site_name":"Stra\u00dfenweb","article_publisher":"https:\/\/www.facebook.com\/strassenweb\/","article_published_time":"2025-09-01T02:40:18+00:00","article_modified_time":"2025-09-01T02:40:19+00:00","og_image":[{"width":1600,"height":900,"url":"https:\/\/www.strassenweb.de\/nachrichten\/wp-content\/uploads\/2025\/09\/Ich-dachte-ich-haette-jede-Art-von-Statement-Beleuchtung-gesehen.jpg","type":"image\/jpeg"}],"author":"Robert Hoffmann","twitter_card":"summary_large_image","twitter_misc":{"Verfasst von":"Robert Hoffmann","Gesch\u00e4tzte Lesezeit":"2\u00a0Minuten"},"schema":{"@context":"https:\/\/schema.org","@graph":[{"@type":"Article","@id":"https:\/\/www.strassenweb.de\/nachrichten\/ich-dachte-ich-haette-jede-art-von-statement-beleuchtung-gesehen\/#article","isPartOf":{"@id":"https:\/\/www.strassenweb.de\/nachrichten\/ich-dachte-ich-haette-jede-art-von-statement-beleuchtung-gesehen\/"},"author":{"name":"Robert Hoffmann","@id":"https:\/\/www.strassenweb.de\/nachrichten\/#\/schema\/person\/87c9c9067f1211da429a744dc5a5aa41"},"headline":"Ich dachte, ich h\u00e4tte jede Art von Statement -Beleuchtung gesehen","datePublished":"2025-09-01T02:40:18+00:00","dateModified":"2025-09-01T02:40:19+00:00","mainEntityOfPage":{"@id":"https:\/\/www.strassenweb.de\/nachrichten\/ich-dachte-ich-haette-jede-art-von-statement-beleuchtung-gesehen\/"},"wordCount":385,"publisher":{"@id":"https:\/\/www.strassenweb.de\/nachrichten\/#organization"},"image":{"@id":"https:\/\/www.strassenweb.de\/nachrichten\/ich-dachte-ich-haette-jede-art-von-statement-beleuchtung-gesehen\/#primaryimage"},"thumbnailUrl":"https:\/\/www.strassenweb.de\/nachrichten\/wp-content\/uploads\/2025\/09\/Ich-dachte-ich-haette-jede-Art-von-Statement-Beleuchtung-gesehen.jpg","keywords":["Art","Beleuchtung","dachte","gesehen","h\u00e4tte","ich","jede","Statement","von"],"articleSection":["Haus &amp; Garten"],"inLanguage":"de"},{"@type":"WebPage","@id":"https:\/\/www.strassenweb.de\/nachrichten\/ich-dachte-ich-haette-jede-art-von-statement-beleuchtung-gesehen\/","url":"https:\/\/www.strassenweb.de\/nachrichten\/ich-dachte-ich-haette-jede-art-von-statement-beleuchtung-gesehen\/","name":"Ich dachte, ich h\u00e4tte jede Art von Statement -Beleuchtung gesehen - Nachrichten - Stra\u00dfenweb","isPartOf":{"@id":"https:\/\/www.strassenweb.de\/nachrichten\/#website"},"primaryImageOfPage":{"@id":"https:\/\/www.strassenweb.de\/nachrichten\/ich-dachte-ich-haette-jede-art-von-statement-beleuchtung-gesehen\/#primaryimage"},"image":{"@id":"https:\/\/www.strassenweb.de\/nachrichten\/ich-dachte-ich-haette-jede-art-von-statement-beleuchtung-gesehen\/#primaryimage"},"thumbnailUrl":"https:\/\/www.strassenweb.de\/nachrichten\/wp-content\/uploads\/2025\/09\/Ich-dachte-ich-haette-jede-Art-von-Statement-Beleuchtung-gesehen.jpg","datePublished":"2025-09-01T02:40:18+00:00","dateModified":"2025-09-01T02:40:19+00:00","breadcrumb":{"@id":"https:\/\/www.strassenweb.de\/nachrichten\/ich-dachte-ich-haette-jede-art-von-statement-beleuchtung-gesehen\/#breadcrumb"},"inLanguage":"de","potentialAction":[{"@type":"ReadAction","target":["https:\/\/www.strassenweb.de\/nachrichten\/ich-dachte-ich-haette-jede-art-von-statement-beleuchtung-gesehen\/"]}]},{"@type":"ImageObject","inLanguage":"de","@id":"https:\/\/www.strassenweb.de\/nachrichten\/ich-dachte-ich-haette-jede-art-von-statement-beleuchtung-gesehen\/#primaryimage","url":"https:\/\/www.strassenweb.de\/nachrichten\/wp-content\/uploads\/2025\/09\/Ich-dachte-ich-haette-jede-Art-von-Statement-Beleuchtung-gesehen.jpg","contentUrl":"https:\/\/www.strassenweb.de\/nachrichten\/wp-content\/uploads\/2025\/09\/Ich-dachte-ich-haette-jede-Art-von-Statement-Beleuchtung-gesehen.jpg","width":1600,"height":900,"caption":"kaley cuoco on a white background wearing pink"},{"@type":"BreadcrumbList","@id":"https:\/\/www.strassenweb.de\/nachrichten\/ich-dachte-ich-haette-jede-art-von-statement-beleuchtung-gesehen\/#breadcrumb","itemListElement":[{"@type":"ListItem","position":1,"name":"Home","item":"https:\/\/www.strassenweb.de\/nachrichten\/"},{"@type":"ListItem","position":2,"name":"Ich dachte, ich h\u00e4tte jede Art von Statement -Beleuchtung gesehen"}]},{"@type":"WebSite","@id":"https:\/\/www.strassenweb.de\/nachrichten\/#website","url":"https:\/\/www.strassenweb.de\/nachrichten\/","name":"Stra\u00dfenweb","description":"Stra\u00dfenverzeichnis f\u00fcr Deutschland","publisher":{"@id":"https:\/\/www.strassenweb.de\/nachrichten\/#organization"},"potentialAction":[{"@type":"SearchAction","target":{"@type":"EntryPoint","urlTemplate":"https:\/\/www.strassenweb.de\/nachrichten\/?s={search_term_string}"},"query-input":{"@type":"PropertyValueSpecification","valueRequired":true,"valueName":"search_term_string"}}],"inLanguage":"de"},{"@type":"Organization","@id":"https:\/\/www.strassenweb.de\/nachrichten\/#organization","name":"Stra\u00dfenweb","url":"https:\/\/www.strassenweb.de\/nachrichten\/","logo":{"@type":"ImageObject","inLanguage":"de","@id":"https:\/\/www.strassenweb.de\/nachrichten\/#\/schema\/logo\/image\/","url":"https:\/\/www.strassenweb.de\/nachrichten\/wp-content\/uploads\/2024\/09\/cropped-favicon.png","contentUrl":"https:\/\/www.strassenweb.de\/nachrichten\/wp-content\/uploads\/2024\/09\/cropped-favicon.png","width":512,"height":512,"caption":"Stra\u00dfenweb"},"image":{"@id":"https:\/\/www.strassenweb.de\/nachrichten\/#\/schema\/logo\/image\/"},"sameAs":["https:\/\/www.facebook.com\/strassenweb\/"]},{"@type":"Person","@id":"https:\/\/www.strassenweb.de\/nachrichten\/#\/schema\/person\/87c9c9067f1211da429a744dc5a5aa41","name":"Robert Hoffmann","image":{"@type":"ImageObject","inLanguage":"de","@id":"https:\/\/www.strassenweb.de\/nachrichten\/wp-content\/uploads\/2024\/09\/strassenweb-150x150.jpg","url":"https:\/\/www.strassenweb.de\/nachrichten\/wp-content\/uploads\/2024\/09\/strassenweb-150x150.jpg","contentUrl":"https:\/\/www.strassenweb.de\/nachrichten\/wp-content\/uploads\/2024\/09\/strassenweb-150x150.jpg","caption":"Robert Hoffmann"},"description":"Ich hei\u00dfe Robert Hoffmann und ich bin ein leidenschaftlicher Verfechter von \u00d6kologie und Biodiversit\u00e4t. Seit meiner Kindheit in den W\u00e4ldern Bayerns f\u00fchle ich mich mit der Natur verbunden und bin entschlossen, sie zu sch\u00fctzen. Heute widme ich mein Leben der Sensibilisierung anderer f\u00fcr die Bedeutung des Umweltschutzes f\u00fcr zuk\u00fcnftige Generationen.","sameAs":["https:\/\/www.strassenweb.de\/"]}]}},"_links":{"self":[{"href":"https:\/\/www.strassenweb.de\/nachrichten\/wp-json\/wp\/v2\/posts\/7379","targetHints":{"allow":["GET"]}}],"collection":[{"href":"https:\/\/www.strassenweb.de\/nachrichten\/wp-json\/wp\/v2\/posts"}],"about":[{"href":"https:\/\/www.strassenweb.de\/nachrichten\/wp-json\/wp\/v2\/types\/post"}],"author":[{"embeddable":true,"href":"https:\/\/www.strassenweb.de\/nachrichten\/wp-json\/wp\/v2\/users\/1"}],"replies":[{"embeddable":true,"href":"https:\/\/www.strassenweb.de\/nachrichten\/wp-json\/wp\/v2\/comments?post=7379"}],"version-history":[{"count":0,"href":"https:\/\/www.strassenweb.de\/nachrichten\/wp-json\/wp\/v2\/posts\/7379\/revisions"}],"wp:featuredmedia":[{"embeddable":true,"href":"https:\/\/www.strassenweb.de\/nachrichten\/wp-json\/wp\/v2\/media\/7380"}],"wp:attachment":[{"href":"https:\/\/www.strassenweb.de\/nachrichten\/wp-json\/wp\/v2\/media?parent=7379"}],"wp:term":[{"taxonomy":"category","embeddable":true,"href":"https:\/\/www.strassenweb.de\/nachrichten\/wp-json\/wp\/v2\/categories?post=7379"},{"taxonomy":"post_tag","embeddable":true,"href":"https:\/\/www.strassenweb.de\/nachrichten\/wp-json\/wp\/v2\/tags?post=7379"}],"curies":[{"name":"wp","href":"https:\/\/api.w.org\/{rel}","templated":true}]}}