{"id":7361,"date":"2025-08-31T10:41:01","date_gmt":"2025-08-31T08:41:01","guid":{"rendered":"https:\/\/www.strassenweb.de\/nachrichten\/7-stauden-die-im-september-fuer-fruehlingsblueten-pflanzen-haben-im-laufe-der-saison-herrliche-darstellungen-mit-unserer-expertenauswahl\/"},"modified":"2025-08-31T10:41:02","modified_gmt":"2025-08-31T08:41:02","slug":"7-stauden-die-im-september-fuer-fruehlingsblueten-pflanzen-haben-im-laufe-der-saison-herrliche-darstellungen-mit-unserer-expertenauswahl","status":"publish","type":"post","link":"https:\/\/www.strassenweb.de\/nachrichten\/7-stauden-die-im-september-fuer-fruehlingsblueten-pflanzen-haben-im-laufe-der-saison-herrliche-darstellungen-mit-unserer-expertenauswahl\/","title":{"rendered":"7 Stauden, die im September f\u00fcr Fr\u00fchlingsbl\u00fcten pflanzen &#8211; haben im Laufe der Saison herrliche Darstellungen mit unserer Expertenauswahl"},"content":{"rendered":"<p><\/p>\n<div id=\"article-body\" class=\"article__body \">\n<p id=\"1a715f27-7767-4655-95dd-7c9a9cd83e2d\">Der September ist ein idealer Zeitpunkt, um Stauden zu pflanzen, und f\u00fcr eine gro\u00dfe Auswahl gibt es aus der Auswahl. Das Wetter ist k\u00fchler, als wir September treffen, aber der Boden ist noch warm aus dem Sommer, und in diesem Monat gibt es normalerweise eine reichliche Feuchtigkeit, um Pflanzen etwas einfacher zu gestalten.<\/p>\n<div id=\"ad-unit-1\" class=\"ad-unit\"><\/div>\n<p>Wenn Sie Ihrem Garten Fr\u00fchlingsblumen hinzuf\u00fcgen m\u00f6chten, ist die Zeit jetzt, da neue Pflanzen Wurzeln ablegen k\u00f6nnen, bevor die Temperaturen f\u00fcr den Winter fallen. Es gibt gen\u00fcgend Zeit, um Stauden zu pflanzen und sie vor den Frosts zu etablieren, und sie werden im Fr\u00fchling bl\u00fchen, um in Blumenbeeten, Grenzen oder Beh\u00e4ltern eine herrliche Farbe in der fr\u00fchen Saison zu liefern.<\/p>\n<aside data-block-type=\"embed\" data-render-type=\"fte\" data-skip=\"dealsy\" data-widget-type=\"seasonal\" class=\"hawk-base\"><\/aside>\n<p id=\"1a715f27-7767-4655-95dd-7c9a9cd83e2d-2\">Im September gibt es Stauden zu pflanzen, die im Fr\u00fchjahr Bl\u00fcten liefern k\u00f6nnen, von den fr\u00fchen Wochen, in denen es wenig anderes gibt, f\u00fcr diejenigen, die die L\u00fccke zwischen den Fr\u00fchlingsbirnen \u00fcberbr\u00fccken, und die Sommerstern der Sommer. Wenn Sie nach neuen Pflanzen suchen, die zu Ihren Hinterhof -Ideen hinzuf\u00fcgen, enth\u00fcllen diese Leitfaden einige gro\u00dfe Staus, die im September pflanzen werden und die bl\u00fchenden Bloomen kommen.<\/p>\n<div class=\"van_vid_carousel\">\n<div class=\"van_vid_carousel__padding\">\n<div class=\"van_vid_carousel__container\"><\/div>\n<\/div>\n<\/div>\n<h3 class=\"article-body__section\" id=\"section-1-hellebores\"><span>1. Hellebores<\/span><\/h3>\n<figure class=\"van-image-figure inline-layout \" data-bordeaux-image-check id=\"89541f35-67ee-4fdf-b99f-0f34fa718915\">\n<div class=\"image-full-width-wrapper\">\n<div class=\"image-widthsetter\" style=\"max-width:2400px;\"><\/div>\n<\/div>\n<\/figure>\n<p id=\"f914a894-d1c2-42b1-a842-4f3c5ce04a5f\">Hellebores sind eine der fr\u00fchesten Fr\u00fchlingsbl\u00fcten, die im sp\u00e4ten Winter und im fr\u00fchen Fr\u00fchling in den Vordergrund stehen und eine herrliche Farbe bieten, wenn der Garten sonst etwas nackt aussehen kann.<\/p>\n<div id=\"ad-unit-2\" class=\"ad-unit\"><\/div>\n<p>Mit ihrem Nicken, von untertaumerf\u00f6rmigen Bl\u00fcten und Hellebore-Sorten in einer Reihe von Farben sorgen sie f\u00fcr eine ideale Erg\u00e4nzung, um das Interesse am fr\u00fchen Fr\u00fchling zu bieten. Und September ist eine ideale Zeit, um Hellebores zu pflanzen.<\/p>\n<p>Wachsen Sie Hellebores an einer Stelle mit einem gewissen Schatten und einem reichen Boden, wobei viele organische Materie im Voraus hinzugef\u00fcgt werden. Sobald sie festgelegt sind, ben\u00f6tigen sie nur geringe Wartung, obwohl Sie Hellebores im Fr\u00fchjahr f\u00fcr eine bessere Bl\u00fcte d\u00fcngen k\u00f6nnen, und Sie sollten Hellebores zum Kontrolle von Blattfleck drehen.<\/p>\n<p>Sie k\u00f6nnen aus vielen verschiedenen Hellebores w\u00e4hlen, aber diese Frostkiss Moondance Rose in Nature Hills hat eine sehr fr\u00fche Bl\u00fctezeit und produziert wei\u00dfe Bl\u00fcten, die faszinierend hellgr\u00fcn werden. Es wird eine romantische Erg\u00e4nzung zu jeder Grenze machen und ist eine hirschfeste Pflanze.<\/p>\n<div id=\"slice-container-newsletterForm-articleInbodyContent-vpUriojqvxgTVXfrATWmSW\" class=\"slice-container newsletter-inbodyContent-slice newsletterForm-articleInbodyContent-vpUriojqvxgTVXfrATWmSW slice-container-newsletterForm\"><\/div>\n<h3 class=\"article-body__section\" id=\"section-2-winter-aconite\"><span>2. Winter Aconit<\/span><\/h3>\n<figure class=\"van-image-figure inline-layout \" data-bordeaux-image-check id=\"3767e6ff-a894-49da-abdc-9e6af9a389f6\">\n<div class=\"image-full-width-wrapper\">\n<div class=\"image-widthsetter\" style=\"max-width:2400px;\"><\/div>\n<\/div>\n<\/figure>\n<p id=\"aef453db-a59b-49fd-9cc8-a922153bb218\">Winter -Aconit, auch bekannt als <em>Eranthis Hyemalis<\/em>ist ein weiterer sehr fr\u00fcher Bloomer. Die Gl\u00fchbirnen erscheinen im sp\u00e4ten Winter und im fr\u00fchen Fr\u00fchling mit ihren gelben Butterblumenbl\u00fcten, und sie werden oft sogar gesehen, wie sie sich durch Frost und Schnee stecken.<\/p>\n<p>Das Zeichen dieser Winterblumen kann ein w\u00e4rmendes Zeichen sein, dass der Fr\u00fchling gleich um die Ecke steht. Sie erscheinen Anfang Februar und k\u00f6nnen je nach Sorte bis zum sp\u00e4ten Fr\u00fchjahr durchbl\u00fchen.<\/p>\n<p>Sie k\u00f6nnen im fr\u00fchen Herbst Winter -Aconit -Gl\u00fchbirnen zum Pflanzen kaufen, und sie sollten an einem sonnigen oder leicht schattierten Ort eingesetzt werden. Sie sind ideale Gl\u00fchbirnen f\u00fcr unterliesen B\u00e4ume und Waldg\u00e4rten, k\u00f6nnen jedoch in Grenzen und Containerg\u00e4rten gepflanzt werden.<\/p>\n<p>Winteraconiten werden f\u00fcr ihre F\u00e4higkeit geliebt, Jahr f\u00fcr Jahr zuverl\u00e4ssig zu bl\u00fchen und sich im Laufe der Zeit auf nat\u00fcrliche Weise auszubreiten, um herrliche Darstellungen zu bringen, um den kalten Morgen aufzuhellen.<\/p>\n<p>Sie k\u00f6nnen Winter -Aconit -Gl\u00fchbirnen in Niederl\u00e4ndisch in Mengen von 25 bis 1000 bestellen, um im Herbst zu pflanzen.<\/p>\n<h3 class=\"article-body__section\" id=\"section-3-pasque-flower\"><span>3. Pasque Blume<\/span><\/h3>\n<figure class=\"van-image-figure inline-layout \" data-bordeaux-image-check id=\"cfadfcee-4a58-4710-bf4a-10b7a4fe63a0\">\n<div class=\"image-full-width-wrapper\">\n<div class=\"image-widthsetter\" style=\"max-width:2400px;\"><\/div>\n<\/div>\n<\/figure>\n<p id=\"2bbbdbf8-e540-40fb-afee-aedcc6b9577e\">Die Pasque -Blume, auch bekannt als <em>Pulsatilla vulgaris<\/em>Windblume oder Osterblume, mag klein sein, aber es beeindruckt immer.<\/p>\n<p>Als die ersten Stauden, die im Fr\u00fchling bl\u00fchen, hat die Pasque-Blume lila Trompetenbl\u00fcten, die au\u00dfen pelzig und innen glatt sind. Eindeutig entwickelt sich die meisten Bl\u00fcten vor den weichen Bl\u00e4ttern.<\/p>\n<p>Die Pasque -Blume erreicht nur 12 Zoll hoch und wird am besten an der Vorderseite der Blumenbeete oder in Felseng\u00e4rten genutzt. W\u00e4hrend die Mehrheit der Sorten lila ist, hat neue moderne Zucht Sorten mit roten oder wei\u00dfen Bl\u00fcten entwickelt.<\/p>\n<p>Die Pasque -Blume kann aus Samen gez\u00fcchtet werden, die im Herbst ges\u00e4t werden und die Samen eine nat\u00fcrliche Zeit der kalten Schichtung verleihen, die sie zum Keimen ben\u00f6tigen. Decken Sie die Samen mit einer d\u00fcnnen Bodenschicht ab und halten Sie Ihre Finger im Fr\u00fchjahr zur Keimung gekreuzt.<\/p>\n<p>Wenn Sie versuchen m\u00f6chten, diese Staude aus dem Samen zu erweitern, k\u00f6nnen Sie bei Amazon lila Pasque -Bl\u00fctensamen bekommen<\/p>\n<h3 class=\"article-body__section\" id=\"section-4-daffodils\"><span>4. Narzissen<\/span><\/h3>\n<figure class=\"van-image-figure inline-layout \" data-bordeaux-image-check id=\"9ea3d3a5-66e9-4626-a06b-0bfb8bc4910a\">\n<div class=\"image-full-width-wrapper\">\n<div class=\"image-widthsetter\" style=\"max-width:2400px;\"><\/div>\n<\/div>\n<\/figure>\n<p id=\"f93c4c1f-5feb-4873-aecc-1b64a247e875\">Was kann man \u00fcber Narzissen sagen, das noch nicht gesagt wurde?<\/p>\n<p>Sie sind klassische Fr\u00fchlingsbirnen und m\u00f6glicherweise die beliebtesten Bl\u00fcten, die die Saison zu bieten hat. Narzisse gibt es in vielen verschiedenen Formen, Gr\u00f6\u00dfen und Farben, wobei fr\u00fche Sorten ab Februar und sp\u00e4tere Typen die Show bis Mai erweitern.<\/p>\n<p>Der September ist eine ideale Zeit, um Narzissenbirnen zu pflanzen, wobei sich das typische Fenster bis November erstreckt. Pflanzen Sie jede Gl\u00fchbirne in dreimal so hoch wie die H\u00f6he der Gl\u00fchbirne, normalerweise zwischen 4 und 6 Zoll, wobei die spitze nach oben enden.<\/p>\n<p>Sie k\u00f6nnen entweder eine Kelle verwenden oder sich einen Lampenbeschwerden machen, um die Aufgabe zu erleichtern &#8211; wie dieser Lob -Lampenbefugler bei Amazon, der sogar die Notwendigkeit des Biegens beseitigt.<\/p>\n<p>Sehen Sie sich die Reichweite der Narzissenbirnen an, um sie bei Amazon zu pflanzen<\/p>\n<p>Sehen Sie sich die Reichweite der Narzissenbirnen an, um in Walmart zu pflanzen<\/p>\n<p>Sehen Sie sich die Reichweite der Narzissenbirnen an, um bei Niederl\u00e4ndisch gewachsen zu pflanzen<\/p>\n<div class=\"min-h-(270px) mb-4 viafoura-twig-component\" id=\"viafoura-engagement-starter-wrapper\" data-component-name=\"Elk:Embed:EngagementStarter\">\n<div class=\"viafoura\">\n<div>\n<vf-conversation-starter target=\"viafoura-comments\" title=\"Are daffodils your top spring blooms?\" description=\"Tell us your favorite spring-flowering plants in the comments below. Is it daffodils, or something else?\" minimum-comment-count=\"5\"><br \/>\n<\/vf-conversation-starter>\n<\/div>\n<\/div>\n<\/div>\n<h3 class=\"article-body__section\" id=\"section-5-alliums\"><span>5. Alliums<\/span><\/h3>\n<figure class=\"van-image-figure inline-layout \" data-bordeaux-image-check id=\"42e46cb1-eaa4-4c8e-a890-15d0db4c6a41\">\n<div class=\"image-full-width-wrapper\">\n<div class=\"image-widthsetter\" style=\"max-width:2400px;\"><\/div>\n<\/div>\n<\/figure>\n<p id=\"ae079337-4f27-44d7-8f85-d68d89d5dc14\">Wenn Sie im Herbst nach mehrj\u00e4hrigen Birnen mit hoher Auswirkung suchen, sind Sie bei den Alliums nicht weiter. Diese statuen- und architektonischen Pflanzen beeindrucken immer mit kugelf\u00f6rmigen K\u00f6pfen, die auf hohen Stielen stehen, wobei Sorten von Allium-Lampen bis zu f\u00fcnf Fu\u00df hoch sind.<\/p>\n<p>Alliums bl\u00fchen im sp\u00e4ten Fr\u00fchling, nach vielen anderen Fr\u00fchlingszwiebeln und ihren lila, rosa, gelben oder wei\u00dfen Bl\u00fcten helfen, Ihre Randaussch\u00fcsse zwischen den Jahreszeiten zusammenzustrahlen, da sie sowohl Fr\u00fchlings- als auch Sommerbl\u00fctenpflanzen erg\u00e4nzen k\u00f6nnen.<\/p>\n<p>Pflanzen Sie Alliums von September bis November an einem sonnigen Ort mit reichhaltigem und gut abrei\u00dfendem Boden. Wenn Sie einen schwereren Bodentyp haben, f\u00fcgen Sie Kompost und K\u00f6rnung hinzu, um die Entw\u00e4sserung zu steigern. Pflanzen Sie dreimal so hoch wie die Tiefe der Gl\u00fchbirne, wobei die spitze nach oben endet.<\/p>\n<p>Ein mehrj\u00e4hriger Favorit ist Allium &#8218;Purple Sensation&#8216;, das eine H\u00f6he von 30 Zoll erreicht und, wie der Name schon sagt, reichhaltige lila Bl\u00fcten hat. Sie k\u00f6nnen Allium &#8218;Purple Sensation&#8216; -Lampen bei Holl\u00e4ndern in diesem Monat zum Anpflanzen bekommen.<\/p>\n<h3 class=\"article-body__section\" id=\"section-6-bleeding-heart\"><span>6. Herz blutend<\/span><\/h3>\n<figure class=\"van-image-figure inline-layout \" data-bordeaux-image-check id=\"075dfd18-c75d-4af7-b2ee-1a43c5f966c4\">\n<div class=\"image-full-width-wrapper\">\n<div class=\"image-widthsetter\" style=\"max-width:2400px;\"><\/div>\n<\/div>\n<\/figure>\n<p id=\"04114336-b258-4d87-8d14-c744284ddb46\">Blutendes Herz, jetzt bekannt als als <em>Lamprocapnos spectabilis,<\/em> Aber es war <em>Dicentra Spectabilis<\/em> Seit vielen Jahren ist eine einzigartige Staude f\u00fcr elegante, herzf\u00f6rmige Sprays von Anh\u00e4ngerblumen auf den Briegenstielen im Fr\u00fchjahr gewachsen.<\/p>\n<p>Die meisten Menschen stellen sich rosa Bl\u00fcten vor, wenn Sie blutendes Herz erw\u00e4hnen, aber das <em>Dicentra Spectabilis &#8218;Alba&#8216; <\/em>In Nature Hills hat stattdessen helle wei\u00dfe herzf\u00f6rmige Blumen sowie ein lindgr\u00fcnes Laub, damit es in einem Bett hervorsticht.<\/p>\n<p>Blutungsherzen sind gro\u00dfartige Staudes, die in den oft trickigen K\u00fchler und schattigeren Stellen im Garten gedeihen. Sie k\u00f6nnen in voller Sonne wachsen, ben\u00f6tigen aber viel Wasser, um das Austrocknen zu vermeiden.<\/p>\n<p>Sie brauchen oft nicht viel Bew\u00e4sserung oder F\u00fctterung, sobald sie festgelegt sind. Eine der wichtigsten Wartungsaufgaben besteht darin, die blutenden Herzen zu reduzieren, nachdem sie im Mittsommer die Bl\u00fchen beendet haben.<\/p>\n<h3 class=\"article-body__section\" id=\"section-7-coral-bells\"><span>7. Korallenglocken <\/span><\/h3>\n<figure class=\"van-image-figure inline-layout \" data-bordeaux-image-check id=\"fe193489-6064-4ed9-82c4-ef6cbe8f8a3f\">\n<div class=\"image-full-width-wrapper\">\n<div class=\"image-widthsetter\" style=\"max-width:2000px;\"><\/div>\n<\/div>\n<\/figure>\n<p id=\"62ac0735-e711-417c-a38e-c4cceb3548e8\">Korallenglocken, allgemein als Heucheras bekannt, sind immergr\u00fcne Stauden, die im sp\u00e4ten Fr\u00fchling und Fr\u00fchsommer bl\u00fchen.<\/p>\n<p>In erster Linie, um attraktive Laubpflanzen zu sein, stellten sie auch zarte, glockenf\u00f6rmige Blumen heraus, und Sie erhalten Heuchera-Sorten mit Bl\u00fctenspitzen in wundersch\u00f6nen Wei\u00df- oder Rosa-T\u00f6nen.<\/p>\n<p>Die Pflanzen bevorzugen halbschattierte Pflanzflecken und sehen mit 4-6 Stunden direkten Sonnenlicht am besten aus.<\/p>\n<p>Diese Position kann sich vor den Betten befinden, wo sie eine attraktive Laubkulisse f\u00fcr andere hellere, dominierende, Fr\u00fchlings- oder Sommerpflanzen machen k\u00f6nnen, oder Sie k\u00f6nnen Korallenglocken in T\u00f6pfen in kleineren R\u00e4umen anbauen.<\/p>\n<p>Ein feierliches Beispiel f\u00fcr eine atemberaubende Sorte sind Champagner -Korallenglocken bei Nature Hills. Diese Sorte hat goldenes Laub mit Gelbschatten und Rosa und wei\u00dfe Bl\u00fcten auf tiefen roten Stielen, die Schmetterlinge und Kolibris anziehen.<\/p>\n<h3 class=\"article-body__section\" id=\"section-faqs\"><span>FAQs<\/span><\/h3>\n<h2 id=\"is-september-too-early-to-plant-bulbs-3\">Ist September zu fr\u00fch, um Gl\u00fchbirnen zu pflanzen?<\/h2>\n<p id=\"63efcca3-9407-45ab-9f02-85da987b38de\">Nein, Sie k\u00f6nnen im September Fr\u00fchlingsbirnen wie Narzissen, Hyazinthen oder Krokusse pflanzen. Es ist jedoch zu fr\u00fch, um Tulpenbirnen zu pflanzen, da Sie bis Oktober oder November warten m\u00f6chten, um ein Tulpefeuer zu verhindern.<\/p>\n<hr id=\"62fca75e-c9d3-4e59-9d1d-4f5c1e3da2ba\">\n<p id=\"d8744366-10e4-4a33-ad36-a84fa9bc6215\">Der September ist auch ein gutes Fenster, um Pflanzen zu bewegen und zu teilen, was die M\u00f6glichkeit bietet, \u00e4ltere Staudenklumpen zu verj\u00fcngen.<\/p>\n<p>Unser Leitfaden f\u00fcr Stauden, um sich im September zu teilen, enth\u00fcllt sieben beliebte Hinterhoffavoriten, die Sie teilen k\u00f6nnen, um neue Klumpen kostenlos im Garten zu pflanzen.<\/p>\n<h2 id=\"shop-gardening-supplies-3\">Gesch\u00e4ft mit Garteng\u00e4rten<\/h2>\n<div class=\"product-container hero-product-container product-block-no-wrap\">\n<div class=\"product-block-row\"><\/div>\n<div class=\"product-block-row\"><\/div>\n<div class=\"product-block-row\"><\/div>\n<\/div>\n<div class=\"block\" id=\"articleTag\" data-component-name=\"PostArticleLinks\">\n<div class=\"border-b border-b-black border-solid py-2.5 text-black font-bold uppercase\">Themen<\/div>\n<nav class=\"py-2.5 flex gap-2.5 flex-wrap\" data-analytics-id=\"article-tag\">\n<p>Stauden saisonale Gartenarbeit<br \/>\n<\/nav>\n<\/div>\n<\/div>\n","protected":false},"excerpt":{"rendered":"<p>Der September ist ein idealer Zeitpunkt, um Stauden zu pflanzen, und f\u00fcr eine gro\u00dfe Auswahl gibt es aus der Auswahl. Das Wetter ist k\u00fchler, als<\/p>\n","protected":false},"author":1,"featured_media":7362,"comment_status":"closed","ping_status":"","sticky":false,"template":"","format":"standard","meta":{"footnotes":""},"categories":[118],"tags":[9811,81,9,9812,3596,55,469,7261,4179,146,246,2292,92,1199,1965],"class_list":["post-7361","post","type-post","status-publish","format-standard","has-post-thumbnail","hentry","category-haus-garten","tag-darstellungen","tag-der","tag-die","tag-expertenauswahl","tag-fruehlingsblueten","tag-fuer","tag-haben","tag-herrliche","tag-laufe","tag-mit","tag-pflanzen","tag-saison","tag-september","tag-stauden","tag-unserer","generate-columns","tablet-grid-50","mobile-grid-100","grid-parent","grid-50"],"yoast_head":"<!-- This site is optimized with the Yoast SEO plugin v27.3 - https:\/\/yoast.com\/product\/yoast-seo-wordpress\/ -->\n<title>7 Stauden, die im September f\u00fcr Fr\u00fchlingsbl\u00fcten pflanzen - haben im Laufe der Saison herrliche Darstellungen mit unserer Expertenauswahl - Nachrichten - Stra\u00dfenweb<\/title>\n<meta name=\"robots\" content=\"index, follow, max-snippet:-1, max-image-preview:large, max-video-preview:-1\" \/>\n<link rel=\"canonical\" href=\"https:\/\/www.strassenweb.de\/nachrichten\/7-stauden-die-im-september-fuer-fruehlingsblueten-pflanzen-haben-im-laufe-der-saison-herrliche-darstellungen-mit-unserer-expertenauswahl\/\" \/>\n<meta property=\"og:locale\" content=\"de_DE\" \/>\n<meta property=\"og:type\" content=\"article\" \/>\n<meta property=\"og:title\" content=\"7 Stauden, die im September f\u00fcr Fr\u00fchlingsbl\u00fcten pflanzen - haben im Laufe der Saison herrliche Darstellungen mit unserer Expertenauswahl - Nachrichten - Stra\u00dfenweb\" \/>\n<meta property=\"og:description\" content=\"Der September ist ein idealer Zeitpunkt, um Stauden zu pflanzen, und f\u00fcr eine gro\u00dfe Auswahl gibt es aus der Auswahl. Das Wetter ist k\u00fchler, als\" \/>\n<meta property=\"og:url\" content=\"https:\/\/www.strassenweb.de\/nachrichten\/7-stauden-die-im-september-fuer-fruehlingsblueten-pflanzen-haben-im-laufe-der-saison-herrliche-darstellungen-mit-unserer-expertenauswahl\/\" \/>\n<meta property=\"og:site_name\" content=\"Stra\u00dfenweb\" \/>\n<meta property=\"article:publisher\" content=\"https:\/\/www.facebook.com\/strassenweb\/\" \/>\n<meta property=\"article:published_time\" content=\"2025-08-31T08:41:01+00:00\" \/>\n<meta property=\"article:modified_time\" content=\"2025-08-31T08:41:02+00:00\" \/>\n<meta property=\"og:image\" content=\"https:\/\/www.strassenweb.de\/nachrichten\/wp-content\/uploads\/2025\/08\/7-Stauden-die-im-September-fuer-Fruehlingsblueten-pflanzen-haben.jpg\" \/>\n\t<meta property=\"og:image:width\" content=\"1600\" \/>\n\t<meta property=\"og:image:height\" content=\"900\" \/>\n\t<meta property=\"og:image:type\" content=\"image\/jpeg\" \/>\n<meta name=\"author\" content=\"Robert Hoffmann\" \/>\n<meta name=\"twitter:card\" content=\"summary_large_image\" \/>\n<meta name=\"twitter:label1\" content=\"Verfasst von\" \/>\n\t<meta name=\"twitter:data1\" content=\"Robert Hoffmann\" \/>\n\t<meta name=\"twitter:label2\" content=\"Gesch\u00e4tzte Lesezeit\" \/>\n\t<meta name=\"twitter:data2\" content=\"8\u00a0Minuten\" \/>\n<script type=\"application\/ld+json\" class=\"yoast-schema-graph\">{\"@context\":\"https:\\\/\\\/schema.org\",\"@graph\":[{\"@type\":\"Article\",\"@id\":\"https:\\\/\\\/www.strassenweb.de\\\/nachrichten\\\/7-stauden-die-im-september-fuer-fruehlingsblueten-pflanzen-haben-im-laufe-der-saison-herrliche-darstellungen-mit-unserer-expertenauswahl\\\/#article\",\"isPartOf\":{\"@id\":\"https:\\\/\\\/www.strassenweb.de\\\/nachrichten\\\/7-stauden-die-im-september-fuer-fruehlingsblueten-pflanzen-haben-im-laufe-der-saison-herrliche-darstellungen-mit-unserer-expertenauswahl\\\/\"},\"author\":{\"name\":\"Robert Hoffmann\",\"@id\":\"https:\\\/\\\/www.strassenweb.de\\\/nachrichten\\\/#\\\/schema\\\/person\\\/87c9c9067f1211da429a744dc5a5aa41\"},\"headline\":\"7 Stauden, die im September f\u00fcr Fr\u00fchlingsbl\u00fcten pflanzen &#8211; haben im Laufe der Saison herrliche Darstellungen mit unserer Expertenauswahl\",\"datePublished\":\"2025-08-31T08:41:01+00:00\",\"dateModified\":\"2025-08-31T08:41:02+00:00\",\"mainEntityOfPage\":{\"@id\":\"https:\\\/\\\/www.strassenweb.de\\\/nachrichten\\\/7-stauden-die-im-september-fuer-fruehlingsblueten-pflanzen-haben-im-laufe-der-saison-herrliche-darstellungen-mit-unserer-expertenauswahl\\\/\"},\"wordCount\":1541,\"publisher\":{\"@id\":\"https:\\\/\\\/www.strassenweb.de\\\/nachrichten\\\/#organization\"},\"image\":{\"@id\":\"https:\\\/\\\/www.strassenweb.de\\\/nachrichten\\\/7-stauden-die-im-september-fuer-fruehlingsblueten-pflanzen-haben-im-laufe-der-saison-herrliche-darstellungen-mit-unserer-expertenauswahl\\\/#primaryimage\"},\"thumbnailUrl\":\"https:\\\/\\\/www.strassenweb.de\\\/nachrichten\\\/wp-content\\\/uploads\\\/2025\\\/08\\\/7-Stauden-die-im-September-fuer-Fruehlingsblueten-pflanzen-haben.jpg\",\"keywords\":[\"Darstellungen\",\"der\",\"die\",\"Expertenauswahl\",\"Fr\u00fchlingsbl\u00fcten\",\"f\u00fcr\",\"haben\",\"herrliche\",\"Laufe\",\"mit\",\"Pflanzen\",\"Saison\",\"September\",\"Stauden\",\"unserer\"],\"articleSection\":[\"Haus &amp; Garten\"],\"inLanguage\":\"de\"},{\"@type\":\"WebPage\",\"@id\":\"https:\\\/\\\/www.strassenweb.de\\\/nachrichten\\\/7-stauden-die-im-september-fuer-fruehlingsblueten-pflanzen-haben-im-laufe-der-saison-herrliche-darstellungen-mit-unserer-expertenauswahl\\\/\",\"url\":\"https:\\\/\\\/www.strassenweb.de\\\/nachrichten\\\/7-stauden-die-im-september-fuer-fruehlingsblueten-pflanzen-haben-im-laufe-der-saison-herrliche-darstellungen-mit-unserer-expertenauswahl\\\/\",\"name\":\"7 Stauden, die im September f\u00fcr Fr\u00fchlingsbl\u00fcten pflanzen - haben im Laufe der Saison herrliche Darstellungen mit unserer Expertenauswahl - Nachrichten - Stra\u00dfenweb\",\"isPartOf\":{\"@id\":\"https:\\\/\\\/www.strassenweb.de\\\/nachrichten\\\/#website\"},\"primaryImageOfPage\":{\"@id\":\"https:\\\/\\\/www.strassenweb.de\\\/nachrichten\\\/7-stauden-die-im-september-fuer-fruehlingsblueten-pflanzen-haben-im-laufe-der-saison-herrliche-darstellungen-mit-unserer-expertenauswahl\\\/#primaryimage\"},\"image\":{\"@id\":\"https:\\\/\\\/www.strassenweb.de\\\/nachrichten\\\/7-stauden-die-im-september-fuer-fruehlingsblueten-pflanzen-haben-im-laufe-der-saison-herrliche-darstellungen-mit-unserer-expertenauswahl\\\/#primaryimage\"},\"thumbnailUrl\":\"https:\\\/\\\/www.strassenweb.de\\\/nachrichten\\\/wp-content\\\/uploads\\\/2025\\\/08\\\/7-Stauden-die-im-September-fuer-Fruehlingsblueten-pflanzen-haben.jpg\",\"datePublished\":\"2025-08-31T08:41:01+00:00\",\"dateModified\":\"2025-08-31T08:41:02+00:00\",\"breadcrumb\":{\"@id\":\"https:\\\/\\\/www.strassenweb.de\\\/nachrichten\\\/7-stauden-die-im-september-fuer-fruehlingsblueten-pflanzen-haben-im-laufe-der-saison-herrliche-darstellungen-mit-unserer-expertenauswahl\\\/#breadcrumb\"},\"inLanguage\":\"de\",\"potentialAction\":[{\"@type\":\"ReadAction\",\"target\":[\"https:\\\/\\\/www.strassenweb.de\\\/nachrichten\\\/7-stauden-die-im-september-fuer-fruehlingsblueten-pflanzen-haben-im-laufe-der-saison-herrliche-darstellungen-mit-unserer-expertenauswahl\\\/\"]}]},{\"@type\":\"ImageObject\",\"inLanguage\":\"de\",\"@id\":\"https:\\\/\\\/www.strassenweb.de\\\/nachrichten\\\/7-stauden-die-im-september-fuer-fruehlingsblueten-pflanzen-haben-im-laufe-der-saison-herrliche-darstellungen-mit-unserer-expertenauswahl\\\/#primaryimage\",\"url\":\"https:\\\/\\\/www.strassenweb.de\\\/nachrichten\\\/wp-content\\\/uploads\\\/2025\\\/08\\\/7-Stauden-die-im-September-fuer-Fruehlingsblueten-pflanzen-haben.jpg\",\"contentUrl\":\"https:\\\/\\\/www.strassenweb.de\\\/nachrichten\\\/wp-content\\\/uploads\\\/2025\\\/08\\\/7-Stauden-die-im-September-fuer-Fruehlingsblueten-pflanzen-haben.jpg\",\"width\":1600,\"height\":900,\"caption\":\"A show garden with spring bulbs and green foliage\"},{\"@type\":\"BreadcrumbList\",\"@id\":\"https:\\\/\\\/www.strassenweb.de\\\/nachrichten\\\/7-stauden-die-im-september-fuer-fruehlingsblueten-pflanzen-haben-im-laufe-der-saison-herrliche-darstellungen-mit-unserer-expertenauswahl\\\/#breadcrumb\",\"itemListElement\":[{\"@type\":\"ListItem\",\"position\":1,\"name\":\"Home\",\"item\":\"https:\\\/\\\/www.strassenweb.de\\\/nachrichten\\\/\"},{\"@type\":\"ListItem\",\"position\":2,\"name\":\"7 Stauden, die im September f\u00fcr Fr\u00fchlingsbl\u00fcten pflanzen &#8211; haben im Laufe der Saison herrliche Darstellungen mit unserer Expertenauswahl\"}]},{\"@type\":\"WebSite\",\"@id\":\"https:\\\/\\\/www.strassenweb.de\\\/nachrichten\\\/#website\",\"url\":\"https:\\\/\\\/www.strassenweb.de\\\/nachrichten\\\/\",\"name\":\"Stra\u00dfenweb\",\"description\":\"Stra\u00dfenverzeichnis f\u00fcr Deutschland\",\"publisher\":{\"@id\":\"https:\\\/\\\/www.strassenweb.de\\\/nachrichten\\\/#organization\"},\"potentialAction\":[{\"@type\":\"SearchAction\",\"target\":{\"@type\":\"EntryPoint\",\"urlTemplate\":\"https:\\\/\\\/www.strassenweb.de\\\/nachrichten\\\/?s={search_term_string}\"},\"query-input\":{\"@type\":\"PropertyValueSpecification\",\"valueRequired\":true,\"valueName\":\"search_term_string\"}}],\"inLanguage\":\"de\"},{\"@type\":\"Organization\",\"@id\":\"https:\\\/\\\/www.strassenweb.de\\\/nachrichten\\\/#organization\",\"name\":\"Stra\u00dfenweb\",\"url\":\"https:\\\/\\\/www.strassenweb.de\\\/nachrichten\\\/\",\"logo\":{\"@type\":\"ImageObject\",\"inLanguage\":\"de\",\"@id\":\"https:\\\/\\\/www.strassenweb.de\\\/nachrichten\\\/#\\\/schema\\\/logo\\\/image\\\/\",\"url\":\"https:\\\/\\\/www.strassenweb.de\\\/nachrichten\\\/wp-content\\\/uploads\\\/2024\\\/09\\\/cropped-favicon.png\",\"contentUrl\":\"https:\\\/\\\/www.strassenweb.de\\\/nachrichten\\\/wp-content\\\/uploads\\\/2024\\\/09\\\/cropped-favicon.png\",\"width\":512,\"height\":512,\"caption\":\"Stra\u00dfenweb\"},\"image\":{\"@id\":\"https:\\\/\\\/www.strassenweb.de\\\/nachrichten\\\/#\\\/schema\\\/logo\\\/image\\\/\"},\"sameAs\":[\"https:\\\/\\\/www.facebook.com\\\/strassenweb\\\/\"]},{\"@type\":\"Person\",\"@id\":\"https:\\\/\\\/www.strassenweb.de\\\/nachrichten\\\/#\\\/schema\\\/person\\\/87c9c9067f1211da429a744dc5a5aa41\",\"name\":\"Robert Hoffmann\",\"image\":{\"@type\":\"ImageObject\",\"inLanguage\":\"de\",\"@id\":\"https:\\\/\\\/www.strassenweb.de\\\/nachrichten\\\/wp-content\\\/uploads\\\/2024\\\/09\\\/strassenweb-150x150.jpg\",\"url\":\"https:\\\/\\\/www.strassenweb.de\\\/nachrichten\\\/wp-content\\\/uploads\\\/2024\\\/09\\\/strassenweb-150x150.jpg\",\"contentUrl\":\"https:\\\/\\\/www.strassenweb.de\\\/nachrichten\\\/wp-content\\\/uploads\\\/2024\\\/09\\\/strassenweb-150x150.jpg\",\"caption\":\"Robert Hoffmann\"},\"description\":\"Ich hei\u00dfe Robert Hoffmann und ich bin ein leidenschaftlicher Verfechter von \u00d6kologie und Biodiversit\u00e4t. Seit meiner Kindheit in den W\u00e4ldern Bayerns f\u00fchle ich mich mit der Natur verbunden und bin entschlossen, sie zu sch\u00fctzen. Heute widme ich mein Leben der Sensibilisierung anderer f\u00fcr die Bedeutung des Umweltschutzes f\u00fcr zuk\u00fcnftige Generationen.\",\"sameAs\":[\"https:\\\/\\\/www.strassenweb.de\\\/\"]}]}<\/script>\n<!-- \/ Yoast SEO plugin. -->","yoast_head_json":{"title":"7 Stauden, die im September f\u00fcr Fr\u00fchlingsbl\u00fcten pflanzen - haben im Laufe der Saison herrliche Darstellungen mit unserer Expertenauswahl - Nachrichten - Stra\u00dfenweb","robots":{"index":"index","follow":"follow","max-snippet":"max-snippet:-1","max-image-preview":"max-image-preview:large","max-video-preview":"max-video-preview:-1"},"canonical":"https:\/\/www.strassenweb.de\/nachrichten\/7-stauden-die-im-september-fuer-fruehlingsblueten-pflanzen-haben-im-laufe-der-saison-herrliche-darstellungen-mit-unserer-expertenauswahl\/","og_locale":"de_DE","og_type":"article","og_title":"7 Stauden, die im September f\u00fcr Fr\u00fchlingsbl\u00fcten pflanzen - haben im Laufe der Saison herrliche Darstellungen mit unserer Expertenauswahl - Nachrichten - Stra\u00dfenweb","og_description":"Der September ist ein idealer Zeitpunkt, um Stauden zu pflanzen, und f\u00fcr eine gro\u00dfe Auswahl gibt es aus der Auswahl. Das Wetter ist k\u00fchler, als","og_url":"https:\/\/www.strassenweb.de\/nachrichten\/7-stauden-die-im-september-fuer-fruehlingsblueten-pflanzen-haben-im-laufe-der-saison-herrliche-darstellungen-mit-unserer-expertenauswahl\/","og_site_name":"Stra\u00dfenweb","article_publisher":"https:\/\/www.facebook.com\/strassenweb\/","article_published_time":"2025-08-31T08:41:01+00:00","article_modified_time":"2025-08-31T08:41:02+00:00","og_image":[{"width":1600,"height":900,"url":"https:\/\/www.strassenweb.de\/nachrichten\/wp-content\/uploads\/2025\/08\/7-Stauden-die-im-September-fuer-Fruehlingsblueten-pflanzen-haben.jpg","type":"image\/jpeg"}],"author":"Robert Hoffmann","twitter_card":"summary_large_image","twitter_misc":{"Verfasst von":"Robert Hoffmann","Gesch\u00e4tzte Lesezeit":"8\u00a0Minuten"},"schema":{"@context":"https:\/\/schema.org","@graph":[{"@type":"Article","@id":"https:\/\/www.strassenweb.de\/nachrichten\/7-stauden-die-im-september-fuer-fruehlingsblueten-pflanzen-haben-im-laufe-der-saison-herrliche-darstellungen-mit-unserer-expertenauswahl\/#article","isPartOf":{"@id":"https:\/\/www.strassenweb.de\/nachrichten\/7-stauden-die-im-september-fuer-fruehlingsblueten-pflanzen-haben-im-laufe-der-saison-herrliche-darstellungen-mit-unserer-expertenauswahl\/"},"author":{"name":"Robert Hoffmann","@id":"https:\/\/www.strassenweb.de\/nachrichten\/#\/schema\/person\/87c9c9067f1211da429a744dc5a5aa41"},"headline":"7 Stauden, die im September f\u00fcr Fr\u00fchlingsbl\u00fcten pflanzen &#8211; haben im Laufe der Saison herrliche Darstellungen mit unserer Expertenauswahl","datePublished":"2025-08-31T08:41:01+00:00","dateModified":"2025-08-31T08:41:02+00:00","mainEntityOfPage":{"@id":"https:\/\/www.strassenweb.de\/nachrichten\/7-stauden-die-im-september-fuer-fruehlingsblueten-pflanzen-haben-im-laufe-der-saison-herrliche-darstellungen-mit-unserer-expertenauswahl\/"},"wordCount":1541,"publisher":{"@id":"https:\/\/www.strassenweb.de\/nachrichten\/#organization"},"image":{"@id":"https:\/\/www.strassenweb.de\/nachrichten\/7-stauden-die-im-september-fuer-fruehlingsblueten-pflanzen-haben-im-laufe-der-saison-herrliche-darstellungen-mit-unserer-expertenauswahl\/#primaryimage"},"thumbnailUrl":"https:\/\/www.strassenweb.de\/nachrichten\/wp-content\/uploads\/2025\/08\/7-Stauden-die-im-September-fuer-Fruehlingsblueten-pflanzen-haben.jpg","keywords":["Darstellungen","der","die","Expertenauswahl","Fr\u00fchlingsbl\u00fcten","f\u00fcr","haben","herrliche","Laufe","mit","Pflanzen","Saison","September","Stauden","unserer"],"articleSection":["Haus &amp; Garten"],"inLanguage":"de"},{"@type":"WebPage","@id":"https:\/\/www.strassenweb.de\/nachrichten\/7-stauden-die-im-september-fuer-fruehlingsblueten-pflanzen-haben-im-laufe-der-saison-herrliche-darstellungen-mit-unserer-expertenauswahl\/","url":"https:\/\/www.strassenweb.de\/nachrichten\/7-stauden-die-im-september-fuer-fruehlingsblueten-pflanzen-haben-im-laufe-der-saison-herrliche-darstellungen-mit-unserer-expertenauswahl\/","name":"7 Stauden, die im September f\u00fcr Fr\u00fchlingsbl\u00fcten pflanzen - haben im Laufe der Saison herrliche Darstellungen mit unserer Expertenauswahl - Nachrichten - Stra\u00dfenweb","isPartOf":{"@id":"https:\/\/www.strassenweb.de\/nachrichten\/#website"},"primaryImageOfPage":{"@id":"https:\/\/www.strassenweb.de\/nachrichten\/7-stauden-die-im-september-fuer-fruehlingsblueten-pflanzen-haben-im-laufe-der-saison-herrliche-darstellungen-mit-unserer-expertenauswahl\/#primaryimage"},"image":{"@id":"https:\/\/www.strassenweb.de\/nachrichten\/7-stauden-die-im-september-fuer-fruehlingsblueten-pflanzen-haben-im-laufe-der-saison-herrliche-darstellungen-mit-unserer-expertenauswahl\/#primaryimage"},"thumbnailUrl":"https:\/\/www.strassenweb.de\/nachrichten\/wp-content\/uploads\/2025\/08\/7-Stauden-die-im-September-fuer-Fruehlingsblueten-pflanzen-haben.jpg","datePublished":"2025-08-31T08:41:01+00:00","dateModified":"2025-08-31T08:41:02+00:00","breadcrumb":{"@id":"https:\/\/www.strassenweb.de\/nachrichten\/7-stauden-die-im-september-fuer-fruehlingsblueten-pflanzen-haben-im-laufe-der-saison-herrliche-darstellungen-mit-unserer-expertenauswahl\/#breadcrumb"},"inLanguage":"de","potentialAction":[{"@type":"ReadAction","target":["https:\/\/www.strassenweb.de\/nachrichten\/7-stauden-die-im-september-fuer-fruehlingsblueten-pflanzen-haben-im-laufe-der-saison-herrliche-darstellungen-mit-unserer-expertenauswahl\/"]}]},{"@type":"ImageObject","inLanguage":"de","@id":"https:\/\/www.strassenweb.de\/nachrichten\/7-stauden-die-im-september-fuer-fruehlingsblueten-pflanzen-haben-im-laufe-der-saison-herrliche-darstellungen-mit-unserer-expertenauswahl\/#primaryimage","url":"https:\/\/www.strassenweb.de\/nachrichten\/wp-content\/uploads\/2025\/08\/7-Stauden-die-im-September-fuer-Fruehlingsblueten-pflanzen-haben.jpg","contentUrl":"https:\/\/www.strassenweb.de\/nachrichten\/wp-content\/uploads\/2025\/08\/7-Stauden-die-im-September-fuer-Fruehlingsblueten-pflanzen-haben.jpg","width":1600,"height":900,"caption":"A show garden with spring bulbs and green foliage"},{"@type":"BreadcrumbList","@id":"https:\/\/www.strassenweb.de\/nachrichten\/7-stauden-die-im-september-fuer-fruehlingsblueten-pflanzen-haben-im-laufe-der-saison-herrliche-darstellungen-mit-unserer-expertenauswahl\/#breadcrumb","itemListElement":[{"@type":"ListItem","position":1,"name":"Home","item":"https:\/\/www.strassenweb.de\/nachrichten\/"},{"@type":"ListItem","position":2,"name":"7 Stauden, die im September f\u00fcr Fr\u00fchlingsbl\u00fcten pflanzen &#8211; haben im Laufe der Saison herrliche Darstellungen mit unserer Expertenauswahl"}]},{"@type":"WebSite","@id":"https:\/\/www.strassenweb.de\/nachrichten\/#website","url":"https:\/\/www.strassenweb.de\/nachrichten\/","name":"Stra\u00dfenweb","description":"Stra\u00dfenverzeichnis f\u00fcr Deutschland","publisher":{"@id":"https:\/\/www.strassenweb.de\/nachrichten\/#organization"},"potentialAction":[{"@type":"SearchAction","target":{"@type":"EntryPoint","urlTemplate":"https:\/\/www.strassenweb.de\/nachrichten\/?s={search_term_string}"},"query-input":{"@type":"PropertyValueSpecification","valueRequired":true,"valueName":"search_term_string"}}],"inLanguage":"de"},{"@type":"Organization","@id":"https:\/\/www.strassenweb.de\/nachrichten\/#organization","name":"Stra\u00dfenweb","url":"https:\/\/www.strassenweb.de\/nachrichten\/","logo":{"@type":"ImageObject","inLanguage":"de","@id":"https:\/\/www.strassenweb.de\/nachrichten\/#\/schema\/logo\/image\/","url":"https:\/\/www.strassenweb.de\/nachrichten\/wp-content\/uploads\/2024\/09\/cropped-favicon.png","contentUrl":"https:\/\/www.strassenweb.de\/nachrichten\/wp-content\/uploads\/2024\/09\/cropped-favicon.png","width":512,"height":512,"caption":"Stra\u00dfenweb"},"image":{"@id":"https:\/\/www.strassenweb.de\/nachrichten\/#\/schema\/logo\/image\/"},"sameAs":["https:\/\/www.facebook.com\/strassenweb\/"]},{"@type":"Person","@id":"https:\/\/www.strassenweb.de\/nachrichten\/#\/schema\/person\/87c9c9067f1211da429a744dc5a5aa41","name":"Robert Hoffmann","image":{"@type":"ImageObject","inLanguage":"de","@id":"https:\/\/www.strassenweb.de\/nachrichten\/wp-content\/uploads\/2024\/09\/strassenweb-150x150.jpg","url":"https:\/\/www.strassenweb.de\/nachrichten\/wp-content\/uploads\/2024\/09\/strassenweb-150x150.jpg","contentUrl":"https:\/\/www.strassenweb.de\/nachrichten\/wp-content\/uploads\/2024\/09\/strassenweb-150x150.jpg","caption":"Robert Hoffmann"},"description":"Ich hei\u00dfe Robert Hoffmann und ich bin ein leidenschaftlicher Verfechter von \u00d6kologie und Biodiversit\u00e4t. Seit meiner Kindheit in den W\u00e4ldern Bayerns f\u00fchle ich mich mit der Natur verbunden und bin entschlossen, sie zu sch\u00fctzen. Heute widme ich mein Leben der Sensibilisierung anderer f\u00fcr die Bedeutung des Umweltschutzes f\u00fcr zuk\u00fcnftige Generationen.","sameAs":["https:\/\/www.strassenweb.de\/"]}]}},"_links":{"self":[{"href":"https:\/\/www.strassenweb.de\/nachrichten\/wp-json\/wp\/v2\/posts\/7361","targetHints":{"allow":["GET"]}}],"collection":[{"href":"https:\/\/www.strassenweb.de\/nachrichten\/wp-json\/wp\/v2\/posts"}],"about":[{"href":"https:\/\/www.strassenweb.de\/nachrichten\/wp-json\/wp\/v2\/types\/post"}],"author":[{"embeddable":true,"href":"https:\/\/www.strassenweb.de\/nachrichten\/wp-json\/wp\/v2\/users\/1"}],"replies":[{"embeddable":true,"href":"https:\/\/www.strassenweb.de\/nachrichten\/wp-json\/wp\/v2\/comments?post=7361"}],"version-history":[{"count":0,"href":"https:\/\/www.strassenweb.de\/nachrichten\/wp-json\/wp\/v2\/posts\/7361\/revisions"}],"wp:featuredmedia":[{"embeddable":true,"href":"https:\/\/www.strassenweb.de\/nachrichten\/wp-json\/wp\/v2\/media\/7362"}],"wp:attachment":[{"href":"https:\/\/www.strassenweb.de\/nachrichten\/wp-json\/wp\/v2\/media?parent=7361"}],"wp:term":[{"taxonomy":"category","embeddable":true,"href":"https:\/\/www.strassenweb.de\/nachrichten\/wp-json\/wp\/v2\/categories?post=7361"},{"taxonomy":"post_tag","embeddable":true,"href":"https:\/\/www.strassenweb.de\/nachrichten\/wp-json\/wp\/v2\/tags?post=7361"}],"curies":[{"name":"wp","href":"https:\/\/api.w.org\/{rel}","templated":true}]}}