{"id":736,"date":"2024-10-08T18:48:31","date_gmt":"2024-10-08T16:48:31","guid":{"rendered":"https:\/\/www.strassenweb.de\/nachrichten\/die-ausgewogene-gestaltung-des-eingangsbereichs-von-anne-hathaway-greift-den-midimalismus-trend-auf-der-im-jahr-2025-dominieren-wird-der-look-ist-persoenlich-aber-nicht-u\/"},"modified":"2024-10-08T18:48:33","modified_gmt":"2024-10-08T16:48:33","slug":"die-ausgewogene-gestaltung-des-eingangsbereichs-von-anne-hathaway-greift-den-midimalismus-trend-auf-der-im-jahr-2025-dominieren-wird-der-look-ist-persoenlich-aber-nicht-u","status":"publish","type":"post","link":"https:\/\/www.strassenweb.de\/nachrichten\/die-ausgewogene-gestaltung-des-eingangsbereichs-von-anne-hathaway-greift-den-midimalismus-trend-auf-der-im-jahr-2025-dominieren-wird-der-look-ist-persoenlich-aber-nicht-u\/","title":{"rendered":"Die ausgewogene Gestaltung des Eingangsbereichs von Anne Hathaway greift den \u201eMidimalismus\u201c-Trend auf, der im Jahr 2025 dominieren wird \u2013 der Look ist pers\u00f6nlich, aber nicht \u00fcberw\u00e4ltigend"},"content":{"rendered":"<p><\/p>\n<div id=\"article-body\" class=\"article__body \">\n<p>In der Welt der Innenarchitekturtrends schwankt das Pendel wild zwischen Minimalismus und Maximalismus, und es scheint, dass \u201eStil\u201c genau in eine dieser Schubladen passt. F\u00fcr 2025 prognostizieren Designer eine Verschmelzung der beiden Extreme. Lernen Sie den Midimalismus kennen.<\/p>\n<div id=\"ad-unit-1\" class=\"ad-unit\"><\/div>\n<p>Kein Raum verk\u00f6rpert diesen ausgewogenen Trend besser als der Eingangsbereich von Anne Hathway. Die Schauspielerin nutzt ein innovatives, minimalistisches Layout als Gegengewicht zum lebhaften Farbschema und dem gemusterten Bodenbelag ihres Foyers. Der Innenarchitekt von Hathaway, das renommierte Studio Shamshiri, stellt auf der linken Seite des Raums eine Ersatzbank auf, davor steht ein kleiner runder Couchtisch. Auf der rechten Seite des Raumes steht eine wei\u00dfe, matte Vase. Vor der T\u00fcr h\u00e4ngt eine goldene und schwarze Statement-Beleuchtung, die den Raum zentriert.<\/p>\n<aside class=\"hawk-nest\" data-render-type=\"fte\" data-skip=\"dealsy\" data-widget-type=\"seasonal\">\n<div class=\"hawk-master-widget-hawk-base-wrapper\"><\/div>\n<\/aside>\n<p>Das Layout ist minimalistisch, aber gewollt und verbindet sich kunstvoll mit den kr\u00e4ftigeren Mustern und Farben im Raum f\u00fcr eine midimalistische Sensibilit\u00e4t. \u201eBeim Midimalismus-Trend dreht sich alles um Ausgewogenheit\u201c, sagt Chelsea Clark, Expertin f\u00fcr Innenarchitektur bei der Henderson Design Group. Sie erkl\u00e4rt: \u201eSie lehnt sich an schlanke Linien und aufger\u00e4umte R\u00e4ume vom Minimalismus an und f\u00fcgt dann kr\u00e4ftige Farben und Muster in wohl\u00fcberlegten Dosen hinzu.\u201c \u201eDer Trend bietet Flexibilit\u00e4t f\u00fcr diejenigen, die Pers\u00f6nlichkeit einbringen m\u00f6chten, ohne den Raum zu \u00fcberfordern.\u201c<\/p>\n<div id=\"desktop-in-article\" class=\"in-article ad-unit\">\n<div id=\"desktop-taboola-mid-article\"><\/div>\n<\/div>\n<div id=\"mobile-in-article\" class=\"in-article ad-unit\">\n<div id=\"mobile-taboola-mid-article\"><\/div>\n<\/div>\n<div class=\"instagram-embed\">\n<blockquote class=\"instagram-media\" data-instgrm-captioned data-instgrm-version=\"6\" style=\"width:99.375%; width:-webkit-calc(100% - 2px); width:calc(100% - 2px);\">\n<p>Ein von Studio Shamshiri (@studioshamshiri) geteilter Beitrag<\/p>\n<p>Ein Foto gepostet von am <\/p>\n<\/blockquote>\n<\/div>\n<p>Obwohl der Trend in jedem Raum umwerfend aussieht, ist ein Midi-Layout als Eingangsbereich-Idee besonders stilvoll. Die in Westchester ans\u00e4ssige Innenarchitektin Nina Lichtenstein erz\u00e4hlt <em>H&#038;G<\/em>: \u201eEin Eingangsbereich ist mehr als nur ein \u00dcbergangsraum; Es ist der erste Eindruck, den Ihr Zuhause bei G\u00e4sten hinterl\u00e4sst. \u201eEin gut inszenierter Eingangsbereich gibt den Ton f\u00fcr das gesamte Haus vor, spiegelt Ihren Stil wider und bietet einen herzlichen Empfang.\u201c Der Raum von Anne Hathaway gibt uns das Gef\u00fchl, sofort eingeladen zu sein.<\/p>\n<div class=\"van_vid_carousel\">\n<div class=\"van_vid_carousel__padding\">\n<div class=\"van_vid_carousel__container\"><\/div>\n<\/div>\n<\/div>\n<p>Wie bei Hathaway zu sehen ist, sind die richtigen Eingangsm\u00f6bel der beste Ausgangspunkt f\u00fcr die Gestaltung Ihres eigenen, midimalistischen Foyers. Lichtenstein empfiehlt, mit dem Sitzen zu beginnen. Sie erkl\u00e4rt: \u201eEine Bank oder ein Paar St\u00fchle verleihen einem Eingangsbereich Funktionalit\u00e4t und Komfort sowie Stauraum darunter.\u201c Sie bieten eine Sitzgelegenheit beim An- und Ausziehen der Schuhe und machen den Bereich benutzerfreundlicher. \u201eLebende Kanten aus Holz oder gepolsterte Sitze k\u00f6nnen Textur und Farbe einbringen und so die optische Attraktivit\u00e4t verbessern.\u201c<\/p>\n<div id=\"ad-unit-2\" class=\"ad-unit\"><\/div>\n<p>Vermeiden Sie einen h\u00e4ufigen Fehler bei der Gestaltung des Eingangsbereichs, indem Sie Formen verwechseln und einen runden Tisch integrieren, wie er in Hathaways Raum zu sehen ist. Lichtenstein schl\u00e4gt vor: \u201eEin Konsolentisch bietet sowohl Stil als auch Funktionalit\u00e4t.\u201c Es bietet eine Oberfl\u00e4che f\u00fcr dekorative Elemente wie Vasen, Lampen und Tabletts und bietet gleichzeitig Stauraum f\u00fcr Schl\u00fcssel, Post und andere wichtige Dinge. \u201eW\u00e4hlen Sie einen Tisch mit einem Design, das zu Ihrem Raum passt \u2013 elegant und minimalistisch f\u00fcr moderne H\u00e4user oder rustikal und verziert f\u00fcr traditionelle H\u00e4user.\u201c<\/p>\n<p>\u00dcber die M\u00f6bel hinaus ist die Farbe des Eingangsbereichs ein wichtiger Gesichtspunkt bei der Neugestaltung des midimalistischen Foyers von Hathaway. \u201eEine neutrale Basis ist der Schl\u00fcssel zum Midimalismus und bietet eine leere Leinwand zum Experimentieren mit kr\u00e4ftigen Akzenten\u201c, r\u00e4t Clark. Sie f\u00e4hrt fort: \u201eVerwenden Sie neutrale T\u00f6ne f\u00fcr W\u00e4nde und B\u00f6den und f\u00fchren Sie dann lebendige Polster ein.\u201c Dies schafft einen Anker f\u00fcr das Gesamtbild des Raumes und erm\u00f6glicht es Ihnen gleichzeitig, mit Statement-St\u00fccken zu spielen.\u201c<\/p>\n<div id=\"slice-container-newsletterForm-articleInbodyContent-Ne8cvzxHde6bxRm9bdEUiH\" class=\"slice-container newsletter-inbodyContent-slice newsletterForm-articleInbodyContent-Ne8cvzxHde6bxRm9bdEUiH slice-container-newsletterForm\"><\/div>\n<p>Kaufen Sie den Edit<\/p>\n<div class=\"product-container hero-product-container product-block-no-wrap\"><\/div>\n<hr>\n<p>Muster sind ebenfalls ein wesentliches Element dessen, was diesen Designstil besonders macht, aber es kann schwierig sein, es zu treffen. Es gibt viele Ideen, wie man es richtig hinbekommt, und die gestreiften W\u00e4nde von Anne Hathway sind nur eine davon. Clark schl\u00e4gt vor: \u201eDer Midimalismus zelebriert Muster, aber auf eine Weise, die den Raum nicht \u00fcberw\u00e4ltigt.\u201c Tapeten mit kleinen Mustern, insbesondere in dezenten Drucken, sorgen f\u00fcr mehr Aufmerksamkeit und sorgen gleichzeitig f\u00fcr ein luftiges und ger\u00e4umiges Gef\u00fchl.\u201c<\/p>\n<p>Unabh\u00e4ngig von Ihrem Designstil wird eine vielseitige Interpretation des Midimalismus ihn interessanter machen.<\/p>\n<\/div>\n<p><script async src=\"\/\/www.instagram.com\/embed.js\"><\/script><\/p>\n","protected":false},"excerpt":{"rendered":"<p>In der Welt der Innenarchitekturtrends schwankt das Pendel wild zwischen Minimalismus und Maximalismus, und es scheint, dass \u201eStil\u201c genau in eine dieser Schubladen passt. F\u00fcr<\/p>\n","protected":false},"author":1,"featured_media":737,"comment_status":"closed","ping_status":"","sticky":false,"template":"","format":"standard","meta":{"footnotes":""},"categories":[118],"tags":[357,1459,46,1456,78,81,281,9,1462,1458,1457,305,1460,15,384,1461,61,1463,1464,21,71],"class_list":["post-736","post","type-post","status-publish","format-standard","has-post-thumbnail","hentry","category-haus-garten","tag-aber","tag-anne","tag-auf","tag-ausgewogene","tag-den","tag-der","tag-des","tag-die","tag-dominieren","tag-eingangsbereichs","tag-gestaltung","tag-greift","tag-hathaway","tag-ist","tag-jahr","tag-midimalismustrend","tag-nicht","tag-persoenlich","tag-ueberwaeltigend","tag-von","tag-wird","generate-columns","tablet-grid-50","mobile-grid-100","grid-parent","grid-50"],"yoast_head":"<!-- This site is optimized with the Yoast SEO plugin v27.3 - https:\/\/yoast.com\/product\/yoast-seo-wordpress\/ -->\n<title>Die ausgewogene Gestaltung des Eingangsbereichs von Anne Hathaway greift den \u201eMidimalismus\u201c-Trend auf, der im Jahr 2025 dominieren wird \u2013 der Look ist pers\u00f6nlich, aber nicht \u00fcberw\u00e4ltigend - Nachrichten - Stra\u00dfenweb<\/title>\n<meta name=\"robots\" content=\"index, follow, max-snippet:-1, max-image-preview:large, max-video-preview:-1\" \/>\n<link rel=\"canonical\" href=\"https:\/\/www.strassenweb.de\/nachrichten\/die-ausgewogene-gestaltung-des-eingangsbereichs-von-anne-hathaway-greift-den-midimalismus-trend-auf-der-im-jahr-2025-dominieren-wird-der-look-ist-persoenlich-aber-nicht-u\/\" \/>\n<meta property=\"og:locale\" content=\"de_DE\" \/>\n<meta property=\"og:type\" content=\"article\" \/>\n<meta property=\"og:title\" content=\"Die ausgewogene Gestaltung des Eingangsbereichs von Anne Hathaway greift den \u201eMidimalismus\u201c-Trend auf, der im Jahr 2025 dominieren wird \u2013 der Look ist pers\u00f6nlich, aber nicht \u00fcberw\u00e4ltigend - Nachrichten - Stra\u00dfenweb\" \/>\n<meta property=\"og:description\" content=\"In der Welt der Innenarchitekturtrends schwankt das Pendel wild zwischen Minimalismus und Maximalismus, und es scheint, dass \u201eStil\u201c genau in eine dieser Schubladen passt. F\u00fcr\" \/>\n<meta property=\"og:url\" content=\"https:\/\/www.strassenweb.de\/nachrichten\/die-ausgewogene-gestaltung-des-eingangsbereichs-von-anne-hathaway-greift-den-midimalismus-trend-auf-der-im-jahr-2025-dominieren-wird-der-look-ist-persoenlich-aber-nicht-u\/\" \/>\n<meta property=\"og:site_name\" content=\"Stra\u00dfenweb\" \/>\n<meta property=\"article:publisher\" content=\"https:\/\/www.facebook.com\/strassenweb\/\" \/>\n<meta property=\"article:published_time\" content=\"2024-10-08T16:48:31+00:00\" \/>\n<meta property=\"article:modified_time\" content=\"2024-10-08T16:48:33+00:00\" \/>\n<meta property=\"og:image\" content=\"https:\/\/www.strassenweb.de\/nachrichten\/wp-content\/uploads\/2024\/10\/Die-ausgewogene-Gestaltung-des-Eingangsbereichs-von-Anne-Hathaway-greift-den.jpg\" \/>\n\t<meta property=\"og:image:width\" content=\"1200\" \/>\n\t<meta property=\"og:image:height\" content=\"675\" \/>\n\t<meta property=\"og:image:type\" content=\"image\/jpeg\" \/>\n<meta name=\"author\" content=\"Robert Hoffmann\" \/>\n<meta name=\"twitter:card\" content=\"summary_large_image\" \/>\n<meta name=\"twitter:label1\" content=\"Verfasst von\" \/>\n\t<meta name=\"twitter:data1\" content=\"Robert Hoffmann\" \/>\n\t<meta name=\"twitter:label2\" content=\"Gesch\u00e4tzte Lesezeit\" \/>\n\t<meta name=\"twitter:data2\" content=\"3\u00a0Minuten\" \/>\n<script type=\"application\/ld+json\" class=\"yoast-schema-graph\">{\"@context\":\"https:\\\/\\\/schema.org\",\"@graph\":[{\"@type\":\"Article\",\"@id\":\"https:\\\/\\\/www.strassenweb.de\\\/nachrichten\\\/die-ausgewogene-gestaltung-des-eingangsbereichs-von-anne-hathaway-greift-den-midimalismus-trend-auf-der-im-jahr-2025-dominieren-wird-der-look-ist-persoenlich-aber-nicht-u\\\/#article\",\"isPartOf\":{\"@id\":\"https:\\\/\\\/www.strassenweb.de\\\/nachrichten\\\/die-ausgewogene-gestaltung-des-eingangsbereichs-von-anne-hathaway-greift-den-midimalismus-trend-auf-der-im-jahr-2025-dominieren-wird-der-look-ist-persoenlich-aber-nicht-u\\\/\"},\"author\":{\"name\":\"Robert Hoffmann\",\"@id\":\"https:\\\/\\\/www.strassenweb.de\\\/nachrichten\\\/#\\\/schema\\\/person\\\/87c9c9067f1211da429a744dc5a5aa41\"},\"headline\":\"Die ausgewogene Gestaltung des Eingangsbereichs von Anne Hathaway greift den \u201eMidimalismus\u201c-Trend auf, der im Jahr 2025 dominieren wird \u2013 der Look ist pers\u00f6nlich, aber nicht \u00fcberw\u00e4ltigend\",\"datePublished\":\"2024-10-08T16:48:31+00:00\",\"dateModified\":\"2024-10-08T16:48:33+00:00\",\"mainEntityOfPage\":{\"@id\":\"https:\\\/\\\/www.strassenweb.de\\\/nachrichten\\\/die-ausgewogene-gestaltung-des-eingangsbereichs-von-anne-hathaway-greift-den-midimalismus-trend-auf-der-im-jahr-2025-dominieren-wird-der-look-ist-persoenlich-aber-nicht-u\\\/\"},\"wordCount\":711,\"publisher\":{\"@id\":\"https:\\\/\\\/www.strassenweb.de\\\/nachrichten\\\/#organization\"},\"image\":{\"@id\":\"https:\\\/\\\/www.strassenweb.de\\\/nachrichten\\\/die-ausgewogene-gestaltung-des-eingangsbereichs-von-anne-hathaway-greift-den-midimalismus-trend-auf-der-im-jahr-2025-dominieren-wird-der-look-ist-persoenlich-aber-nicht-u\\\/#primaryimage\"},\"thumbnailUrl\":\"https:\\\/\\\/www.strassenweb.de\\\/nachrichten\\\/wp-content\\\/uploads\\\/2024\\\/10\\\/Die-ausgewogene-Gestaltung-des-Eingangsbereichs-von-Anne-Hathaway-greift-den.jpg\",\"keywords\":[\"aber\",\"Anne\",\"auf\",\"ausgewogene\",\"den\",\"der\",\"des\",\"die\",\"dominieren\",\"Eingangsbereichs\",\"Gestaltung\",\"greift\",\"Hathaway\",\"ist\",\"Jahr\",\"MidimalismusTrend\",\"nicht\",\"pers\u00f6nlich\",\"\u00fcberw\u00e4ltigend\",\"von\",\"wird\"],\"articleSection\":[\"Haus &amp; Garten\"],\"inLanguage\":\"de\"},{\"@type\":\"WebPage\",\"@id\":\"https:\\\/\\\/www.strassenweb.de\\\/nachrichten\\\/die-ausgewogene-gestaltung-des-eingangsbereichs-von-anne-hathaway-greift-den-midimalismus-trend-auf-der-im-jahr-2025-dominieren-wird-der-look-ist-persoenlich-aber-nicht-u\\\/\",\"url\":\"https:\\\/\\\/www.strassenweb.de\\\/nachrichten\\\/die-ausgewogene-gestaltung-des-eingangsbereichs-von-anne-hathaway-greift-den-midimalismus-trend-auf-der-im-jahr-2025-dominieren-wird-der-look-ist-persoenlich-aber-nicht-u\\\/\",\"name\":\"Die ausgewogene Gestaltung des Eingangsbereichs von Anne Hathaway greift den \u201eMidimalismus\u201c-Trend auf, der im Jahr 2025 dominieren wird \u2013 der Look ist pers\u00f6nlich, aber nicht \u00fcberw\u00e4ltigend - Nachrichten - Stra\u00dfenweb\",\"isPartOf\":{\"@id\":\"https:\\\/\\\/www.strassenweb.de\\\/nachrichten\\\/#website\"},\"primaryImageOfPage\":{\"@id\":\"https:\\\/\\\/www.strassenweb.de\\\/nachrichten\\\/die-ausgewogene-gestaltung-des-eingangsbereichs-von-anne-hathaway-greift-den-midimalismus-trend-auf-der-im-jahr-2025-dominieren-wird-der-look-ist-persoenlich-aber-nicht-u\\\/#primaryimage\"},\"image\":{\"@id\":\"https:\\\/\\\/www.strassenweb.de\\\/nachrichten\\\/die-ausgewogene-gestaltung-des-eingangsbereichs-von-anne-hathaway-greift-den-midimalismus-trend-auf-der-im-jahr-2025-dominieren-wird-der-look-ist-persoenlich-aber-nicht-u\\\/#primaryimage\"},\"thumbnailUrl\":\"https:\\\/\\\/www.strassenweb.de\\\/nachrichten\\\/wp-content\\\/uploads\\\/2024\\\/10\\\/Die-ausgewogene-Gestaltung-des-Eingangsbereichs-von-Anne-Hathaway-greift-den.jpg\",\"datePublished\":\"2024-10-08T16:48:31+00:00\",\"dateModified\":\"2024-10-08T16:48:33+00:00\",\"breadcrumb\":{\"@id\":\"https:\\\/\\\/www.strassenweb.de\\\/nachrichten\\\/die-ausgewogene-gestaltung-des-eingangsbereichs-von-anne-hathaway-greift-den-midimalismus-trend-auf-der-im-jahr-2025-dominieren-wird-der-look-ist-persoenlich-aber-nicht-u\\\/#breadcrumb\"},\"inLanguage\":\"de\",\"potentialAction\":[{\"@type\":\"ReadAction\",\"target\":[\"https:\\\/\\\/www.strassenweb.de\\\/nachrichten\\\/die-ausgewogene-gestaltung-des-eingangsbereichs-von-anne-hathaway-greift-den-midimalismus-trend-auf-der-im-jahr-2025-dominieren-wird-der-look-ist-persoenlich-aber-nicht-u\\\/\"]}]},{\"@type\":\"ImageObject\",\"inLanguage\":\"de\",\"@id\":\"https:\\\/\\\/www.strassenweb.de\\\/nachrichten\\\/die-ausgewogene-gestaltung-des-eingangsbereichs-von-anne-hathaway-greift-den-midimalismus-trend-auf-der-im-jahr-2025-dominieren-wird-der-look-ist-persoenlich-aber-nicht-u\\\/#primaryimage\",\"url\":\"https:\\\/\\\/www.strassenweb.de\\\/nachrichten\\\/wp-content\\\/uploads\\\/2024\\\/10\\\/Die-ausgewogene-Gestaltung-des-Eingangsbereichs-von-Anne-Hathaway-greift-den.jpg\",\"contentUrl\":\"https:\\\/\\\/www.strassenweb.de\\\/nachrichten\\\/wp-content\\\/uploads\\\/2024\\\/10\\\/Die-ausgewogene-Gestaltung-des-Eingangsbereichs-von-Anne-Hathaway-greift-den.jpg\",\"width\":1200,\"height\":675,\"caption\":\"Die ausgewogene Gestaltung des Eingangsbereichs von Anne Hathaway greift den \u201eMidimalismus\u201c-Trend auf, der im Jahr 2025 dominieren wird \u2013 der Look ist pers\u00f6nlich, aber nicht \u00fcberw\u00e4ltigend\"},{\"@type\":\"BreadcrumbList\",\"@id\":\"https:\\\/\\\/www.strassenweb.de\\\/nachrichten\\\/die-ausgewogene-gestaltung-des-eingangsbereichs-von-anne-hathaway-greift-den-midimalismus-trend-auf-der-im-jahr-2025-dominieren-wird-der-look-ist-persoenlich-aber-nicht-u\\\/#breadcrumb\",\"itemListElement\":[{\"@type\":\"ListItem\",\"position\":1,\"name\":\"Home\",\"item\":\"https:\\\/\\\/www.strassenweb.de\\\/nachrichten\\\/\"},{\"@type\":\"ListItem\",\"position\":2,\"name\":\"Die ausgewogene Gestaltung des Eingangsbereichs von Anne Hathaway greift den \u201eMidimalismus\u201c-Trend auf, der im Jahr 2025 dominieren wird \u2013 der Look ist pers\u00f6nlich, aber nicht \u00fcberw\u00e4ltigend\"}]},{\"@type\":\"WebSite\",\"@id\":\"https:\\\/\\\/www.strassenweb.de\\\/nachrichten\\\/#website\",\"url\":\"https:\\\/\\\/www.strassenweb.de\\\/nachrichten\\\/\",\"name\":\"Stra\u00dfenweb\",\"description\":\"Stra\u00dfenverzeichnis f\u00fcr Deutschland\",\"publisher\":{\"@id\":\"https:\\\/\\\/www.strassenweb.de\\\/nachrichten\\\/#organization\"},\"potentialAction\":[{\"@type\":\"SearchAction\",\"target\":{\"@type\":\"EntryPoint\",\"urlTemplate\":\"https:\\\/\\\/www.strassenweb.de\\\/nachrichten\\\/?s={search_term_string}\"},\"query-input\":{\"@type\":\"PropertyValueSpecification\",\"valueRequired\":true,\"valueName\":\"search_term_string\"}}],\"inLanguage\":\"de\"},{\"@type\":\"Organization\",\"@id\":\"https:\\\/\\\/www.strassenweb.de\\\/nachrichten\\\/#organization\",\"name\":\"Stra\u00dfenweb\",\"url\":\"https:\\\/\\\/www.strassenweb.de\\\/nachrichten\\\/\",\"logo\":{\"@type\":\"ImageObject\",\"inLanguage\":\"de\",\"@id\":\"https:\\\/\\\/www.strassenweb.de\\\/nachrichten\\\/#\\\/schema\\\/logo\\\/image\\\/\",\"url\":\"https:\\\/\\\/www.strassenweb.de\\\/nachrichten\\\/wp-content\\\/uploads\\\/2024\\\/09\\\/cropped-favicon.png\",\"contentUrl\":\"https:\\\/\\\/www.strassenweb.de\\\/nachrichten\\\/wp-content\\\/uploads\\\/2024\\\/09\\\/cropped-favicon.png\",\"width\":512,\"height\":512,\"caption\":\"Stra\u00dfenweb\"},\"image\":{\"@id\":\"https:\\\/\\\/www.strassenweb.de\\\/nachrichten\\\/#\\\/schema\\\/logo\\\/image\\\/\"},\"sameAs\":[\"https:\\\/\\\/www.facebook.com\\\/strassenweb\\\/\"]},{\"@type\":\"Person\",\"@id\":\"https:\\\/\\\/www.strassenweb.de\\\/nachrichten\\\/#\\\/schema\\\/person\\\/87c9c9067f1211da429a744dc5a5aa41\",\"name\":\"Robert Hoffmann\",\"image\":{\"@type\":\"ImageObject\",\"inLanguage\":\"de\",\"@id\":\"https:\\\/\\\/www.strassenweb.de\\\/nachrichten\\\/wp-content\\\/uploads\\\/2024\\\/09\\\/strassenweb-150x150.jpg\",\"url\":\"https:\\\/\\\/www.strassenweb.de\\\/nachrichten\\\/wp-content\\\/uploads\\\/2024\\\/09\\\/strassenweb-150x150.jpg\",\"contentUrl\":\"https:\\\/\\\/www.strassenweb.de\\\/nachrichten\\\/wp-content\\\/uploads\\\/2024\\\/09\\\/strassenweb-150x150.jpg\",\"caption\":\"Robert Hoffmann\"},\"description\":\"Ich hei\u00dfe Robert Hoffmann und ich bin ein leidenschaftlicher Verfechter von \u00d6kologie und Biodiversit\u00e4t. Seit meiner Kindheit in den W\u00e4ldern Bayerns f\u00fchle ich mich mit der Natur verbunden und bin entschlossen, sie zu sch\u00fctzen. Heute widme ich mein Leben der Sensibilisierung anderer f\u00fcr die Bedeutung des Umweltschutzes f\u00fcr zuk\u00fcnftige Generationen.\",\"sameAs\":[\"https:\\\/\\\/www.strassenweb.de\\\/\"]}]}<\/script>\n<!-- \/ Yoast SEO plugin. -->","yoast_head_json":{"title":"Die ausgewogene Gestaltung des Eingangsbereichs von Anne Hathaway greift den \u201eMidimalismus\u201c-Trend auf, der im Jahr 2025 dominieren wird \u2013 der Look ist pers\u00f6nlich, aber nicht \u00fcberw\u00e4ltigend - Nachrichten - Stra\u00dfenweb","robots":{"index":"index","follow":"follow","max-snippet":"max-snippet:-1","max-image-preview":"max-image-preview:large","max-video-preview":"max-video-preview:-1"},"canonical":"https:\/\/www.strassenweb.de\/nachrichten\/die-ausgewogene-gestaltung-des-eingangsbereichs-von-anne-hathaway-greift-den-midimalismus-trend-auf-der-im-jahr-2025-dominieren-wird-der-look-ist-persoenlich-aber-nicht-u\/","og_locale":"de_DE","og_type":"article","og_title":"Die ausgewogene Gestaltung des Eingangsbereichs von Anne Hathaway greift den \u201eMidimalismus\u201c-Trend auf, der im Jahr 2025 dominieren wird \u2013 der Look ist pers\u00f6nlich, aber nicht \u00fcberw\u00e4ltigend - Nachrichten - Stra\u00dfenweb","og_description":"In der Welt der Innenarchitekturtrends schwankt das Pendel wild zwischen Minimalismus und Maximalismus, und es scheint, dass \u201eStil\u201c genau in eine dieser Schubladen passt. F\u00fcr","og_url":"https:\/\/www.strassenweb.de\/nachrichten\/die-ausgewogene-gestaltung-des-eingangsbereichs-von-anne-hathaway-greift-den-midimalismus-trend-auf-der-im-jahr-2025-dominieren-wird-der-look-ist-persoenlich-aber-nicht-u\/","og_site_name":"Stra\u00dfenweb","article_publisher":"https:\/\/www.facebook.com\/strassenweb\/","article_published_time":"2024-10-08T16:48:31+00:00","article_modified_time":"2024-10-08T16:48:33+00:00","og_image":[{"width":1200,"height":675,"url":"https:\/\/www.strassenweb.de\/nachrichten\/wp-content\/uploads\/2024\/10\/Die-ausgewogene-Gestaltung-des-Eingangsbereichs-von-Anne-Hathaway-greift-den.jpg","type":"image\/jpeg"}],"author":"Robert Hoffmann","twitter_card":"summary_large_image","twitter_misc":{"Verfasst von":"Robert Hoffmann","Gesch\u00e4tzte Lesezeit":"3\u00a0Minuten"},"schema":{"@context":"https:\/\/schema.org","@graph":[{"@type":"Article","@id":"https:\/\/www.strassenweb.de\/nachrichten\/die-ausgewogene-gestaltung-des-eingangsbereichs-von-anne-hathaway-greift-den-midimalismus-trend-auf-der-im-jahr-2025-dominieren-wird-der-look-ist-persoenlich-aber-nicht-u\/#article","isPartOf":{"@id":"https:\/\/www.strassenweb.de\/nachrichten\/die-ausgewogene-gestaltung-des-eingangsbereichs-von-anne-hathaway-greift-den-midimalismus-trend-auf-der-im-jahr-2025-dominieren-wird-der-look-ist-persoenlich-aber-nicht-u\/"},"author":{"name":"Robert Hoffmann","@id":"https:\/\/www.strassenweb.de\/nachrichten\/#\/schema\/person\/87c9c9067f1211da429a744dc5a5aa41"},"headline":"Die ausgewogene Gestaltung des Eingangsbereichs von Anne Hathaway greift den \u201eMidimalismus\u201c-Trend auf, der im Jahr 2025 dominieren wird \u2013 der Look ist pers\u00f6nlich, aber nicht \u00fcberw\u00e4ltigend","datePublished":"2024-10-08T16:48:31+00:00","dateModified":"2024-10-08T16:48:33+00:00","mainEntityOfPage":{"@id":"https:\/\/www.strassenweb.de\/nachrichten\/die-ausgewogene-gestaltung-des-eingangsbereichs-von-anne-hathaway-greift-den-midimalismus-trend-auf-der-im-jahr-2025-dominieren-wird-der-look-ist-persoenlich-aber-nicht-u\/"},"wordCount":711,"publisher":{"@id":"https:\/\/www.strassenweb.de\/nachrichten\/#organization"},"image":{"@id":"https:\/\/www.strassenweb.de\/nachrichten\/die-ausgewogene-gestaltung-des-eingangsbereichs-von-anne-hathaway-greift-den-midimalismus-trend-auf-der-im-jahr-2025-dominieren-wird-der-look-ist-persoenlich-aber-nicht-u\/#primaryimage"},"thumbnailUrl":"https:\/\/www.strassenweb.de\/nachrichten\/wp-content\/uploads\/2024\/10\/Die-ausgewogene-Gestaltung-des-Eingangsbereichs-von-Anne-Hathaway-greift-den.jpg","keywords":["aber","Anne","auf","ausgewogene","den","der","des","die","dominieren","Eingangsbereichs","Gestaltung","greift","Hathaway","ist","Jahr","MidimalismusTrend","nicht","pers\u00f6nlich","\u00fcberw\u00e4ltigend","von","wird"],"articleSection":["Haus &amp; Garten"],"inLanguage":"de"},{"@type":"WebPage","@id":"https:\/\/www.strassenweb.de\/nachrichten\/die-ausgewogene-gestaltung-des-eingangsbereichs-von-anne-hathaway-greift-den-midimalismus-trend-auf-der-im-jahr-2025-dominieren-wird-der-look-ist-persoenlich-aber-nicht-u\/","url":"https:\/\/www.strassenweb.de\/nachrichten\/die-ausgewogene-gestaltung-des-eingangsbereichs-von-anne-hathaway-greift-den-midimalismus-trend-auf-der-im-jahr-2025-dominieren-wird-der-look-ist-persoenlich-aber-nicht-u\/","name":"Die ausgewogene Gestaltung des Eingangsbereichs von Anne Hathaway greift den \u201eMidimalismus\u201c-Trend auf, der im Jahr 2025 dominieren wird \u2013 der Look ist pers\u00f6nlich, aber nicht \u00fcberw\u00e4ltigend - Nachrichten - Stra\u00dfenweb","isPartOf":{"@id":"https:\/\/www.strassenweb.de\/nachrichten\/#website"},"primaryImageOfPage":{"@id":"https:\/\/www.strassenweb.de\/nachrichten\/die-ausgewogene-gestaltung-des-eingangsbereichs-von-anne-hathaway-greift-den-midimalismus-trend-auf-der-im-jahr-2025-dominieren-wird-der-look-ist-persoenlich-aber-nicht-u\/#primaryimage"},"image":{"@id":"https:\/\/www.strassenweb.de\/nachrichten\/die-ausgewogene-gestaltung-des-eingangsbereichs-von-anne-hathaway-greift-den-midimalismus-trend-auf-der-im-jahr-2025-dominieren-wird-der-look-ist-persoenlich-aber-nicht-u\/#primaryimage"},"thumbnailUrl":"https:\/\/www.strassenweb.de\/nachrichten\/wp-content\/uploads\/2024\/10\/Die-ausgewogene-Gestaltung-des-Eingangsbereichs-von-Anne-Hathaway-greift-den.jpg","datePublished":"2024-10-08T16:48:31+00:00","dateModified":"2024-10-08T16:48:33+00:00","breadcrumb":{"@id":"https:\/\/www.strassenweb.de\/nachrichten\/die-ausgewogene-gestaltung-des-eingangsbereichs-von-anne-hathaway-greift-den-midimalismus-trend-auf-der-im-jahr-2025-dominieren-wird-der-look-ist-persoenlich-aber-nicht-u\/#breadcrumb"},"inLanguage":"de","potentialAction":[{"@type":"ReadAction","target":["https:\/\/www.strassenweb.de\/nachrichten\/die-ausgewogene-gestaltung-des-eingangsbereichs-von-anne-hathaway-greift-den-midimalismus-trend-auf-der-im-jahr-2025-dominieren-wird-der-look-ist-persoenlich-aber-nicht-u\/"]}]},{"@type":"ImageObject","inLanguage":"de","@id":"https:\/\/www.strassenweb.de\/nachrichten\/die-ausgewogene-gestaltung-des-eingangsbereichs-von-anne-hathaway-greift-den-midimalismus-trend-auf-der-im-jahr-2025-dominieren-wird-der-look-ist-persoenlich-aber-nicht-u\/#primaryimage","url":"https:\/\/www.strassenweb.de\/nachrichten\/wp-content\/uploads\/2024\/10\/Die-ausgewogene-Gestaltung-des-Eingangsbereichs-von-Anne-Hathaway-greift-den.jpg","contentUrl":"https:\/\/www.strassenweb.de\/nachrichten\/wp-content\/uploads\/2024\/10\/Die-ausgewogene-Gestaltung-des-Eingangsbereichs-von-Anne-Hathaway-greift-den.jpg","width":1200,"height":675,"caption":"Die ausgewogene Gestaltung des Eingangsbereichs von Anne Hathaway greift den \u201eMidimalismus\u201c-Trend auf, der im Jahr 2025 dominieren wird \u2013 der Look ist pers\u00f6nlich, aber nicht \u00fcberw\u00e4ltigend"},{"@type":"BreadcrumbList","@id":"https:\/\/www.strassenweb.de\/nachrichten\/die-ausgewogene-gestaltung-des-eingangsbereichs-von-anne-hathaway-greift-den-midimalismus-trend-auf-der-im-jahr-2025-dominieren-wird-der-look-ist-persoenlich-aber-nicht-u\/#breadcrumb","itemListElement":[{"@type":"ListItem","position":1,"name":"Home","item":"https:\/\/www.strassenweb.de\/nachrichten\/"},{"@type":"ListItem","position":2,"name":"Die ausgewogene Gestaltung des Eingangsbereichs von Anne Hathaway greift den \u201eMidimalismus\u201c-Trend auf, der im Jahr 2025 dominieren wird \u2013 der Look ist pers\u00f6nlich, aber nicht \u00fcberw\u00e4ltigend"}]},{"@type":"WebSite","@id":"https:\/\/www.strassenweb.de\/nachrichten\/#website","url":"https:\/\/www.strassenweb.de\/nachrichten\/","name":"Stra\u00dfenweb","description":"Stra\u00dfenverzeichnis f\u00fcr Deutschland","publisher":{"@id":"https:\/\/www.strassenweb.de\/nachrichten\/#organization"},"potentialAction":[{"@type":"SearchAction","target":{"@type":"EntryPoint","urlTemplate":"https:\/\/www.strassenweb.de\/nachrichten\/?s={search_term_string}"},"query-input":{"@type":"PropertyValueSpecification","valueRequired":true,"valueName":"search_term_string"}}],"inLanguage":"de"},{"@type":"Organization","@id":"https:\/\/www.strassenweb.de\/nachrichten\/#organization","name":"Stra\u00dfenweb","url":"https:\/\/www.strassenweb.de\/nachrichten\/","logo":{"@type":"ImageObject","inLanguage":"de","@id":"https:\/\/www.strassenweb.de\/nachrichten\/#\/schema\/logo\/image\/","url":"https:\/\/www.strassenweb.de\/nachrichten\/wp-content\/uploads\/2024\/09\/cropped-favicon.png","contentUrl":"https:\/\/www.strassenweb.de\/nachrichten\/wp-content\/uploads\/2024\/09\/cropped-favicon.png","width":512,"height":512,"caption":"Stra\u00dfenweb"},"image":{"@id":"https:\/\/www.strassenweb.de\/nachrichten\/#\/schema\/logo\/image\/"},"sameAs":["https:\/\/www.facebook.com\/strassenweb\/"]},{"@type":"Person","@id":"https:\/\/www.strassenweb.de\/nachrichten\/#\/schema\/person\/87c9c9067f1211da429a744dc5a5aa41","name":"Robert Hoffmann","image":{"@type":"ImageObject","inLanguage":"de","@id":"https:\/\/www.strassenweb.de\/nachrichten\/wp-content\/uploads\/2024\/09\/strassenweb-150x150.jpg","url":"https:\/\/www.strassenweb.de\/nachrichten\/wp-content\/uploads\/2024\/09\/strassenweb-150x150.jpg","contentUrl":"https:\/\/www.strassenweb.de\/nachrichten\/wp-content\/uploads\/2024\/09\/strassenweb-150x150.jpg","caption":"Robert Hoffmann"},"description":"Ich hei\u00dfe Robert Hoffmann und ich bin ein leidenschaftlicher Verfechter von \u00d6kologie und Biodiversit\u00e4t. Seit meiner Kindheit in den W\u00e4ldern Bayerns f\u00fchle ich mich mit der Natur verbunden und bin entschlossen, sie zu sch\u00fctzen. Heute widme ich mein Leben der Sensibilisierung anderer f\u00fcr die Bedeutung des Umweltschutzes f\u00fcr zuk\u00fcnftige Generationen.","sameAs":["https:\/\/www.strassenweb.de\/"]}]}},"_links":{"self":[{"href":"https:\/\/www.strassenweb.de\/nachrichten\/wp-json\/wp\/v2\/posts\/736","targetHints":{"allow":["GET"]}}],"collection":[{"href":"https:\/\/www.strassenweb.de\/nachrichten\/wp-json\/wp\/v2\/posts"}],"about":[{"href":"https:\/\/www.strassenweb.de\/nachrichten\/wp-json\/wp\/v2\/types\/post"}],"author":[{"embeddable":true,"href":"https:\/\/www.strassenweb.de\/nachrichten\/wp-json\/wp\/v2\/users\/1"}],"replies":[{"embeddable":true,"href":"https:\/\/www.strassenweb.de\/nachrichten\/wp-json\/wp\/v2\/comments?post=736"}],"version-history":[{"count":0,"href":"https:\/\/www.strassenweb.de\/nachrichten\/wp-json\/wp\/v2\/posts\/736\/revisions"}],"wp:featuredmedia":[{"embeddable":true,"href":"https:\/\/www.strassenweb.de\/nachrichten\/wp-json\/wp\/v2\/media\/737"}],"wp:attachment":[{"href":"https:\/\/www.strassenweb.de\/nachrichten\/wp-json\/wp\/v2\/media?parent=736"}],"wp:term":[{"taxonomy":"category","embeddable":true,"href":"https:\/\/www.strassenweb.de\/nachrichten\/wp-json\/wp\/v2\/categories?post=736"},{"taxonomy":"post_tag","embeddable":true,"href":"https:\/\/www.strassenweb.de\/nachrichten\/wp-json\/wp\/v2\/tags?post=736"}],"curies":[{"name":"wp","href":"https:\/\/api.w.org\/{rel}","templated":true}]}}