{"id":7355,"date":"2025-08-31T04:39:48","date_gmt":"2025-08-31T02:39:48","guid":{"rendered":"https:\/\/www.strassenweb.de\/nachrichten\/john-f-kennedy-und-jackie-kennedys-die-zurueckgezogene-privatsphaere-pflanzt\/"},"modified":"2025-08-31T04:39:49","modified_gmt":"2025-08-31T02:39:49","slug":"john-f-kennedy-und-jackie-kennedys-die-zurueckgezogene-privatsphaere-pflanzt","status":"publish","type":"post","link":"https:\/\/www.strassenweb.de\/nachrichten\/john-f-kennedy-und-jackie-kennedys-die-zurueckgezogene-privatsphaere-pflanzt\/","title":{"rendered":"John F. Kennedy und Jackie Kennedys, die zur\u00fcckgezogene Privatsph\u00e4re pflanzt"},"content":{"rendered":"<p><\/p>\n<div id=\"article-body\" class=\"article__body \">\n<p id=\"4f927380-4bb3-40bb-9398-1c7ed851c8f8\">Obwohl sich in einem wilden Landgarten angemessen gibt, wird die Einfachheit einer wei\u00dfen und gr\u00fcnen Pflanzung von Schicht und gr\u00fcn niemals alt. Es f\u00fchlt sich m\u00fchelos zeitlos und leise luxuri\u00f6s an.<\/p>\n<div id=\"ad-unit-1\" class=\"ad-unit\"><\/div>\n<p>Wenn Sie Beweise brauchen, gibt es kein besseres Bild von Jackie Kennedy und John F. Kennedy, der 1953 \u00fcber den Rasen des Nachlasses seiner Familie spaziert. Obwohl das Bild vor fast 70 Jahren aufgenommen wurde, sieht es so aus, als ob es von heute aussieht. Es verk\u00f6rpert den klassischen New England -Stil und Eleganz.<\/p>\n<p>Die Pflanzung dreht sich um einen weiten grasbewachsenen Rasen, der sich vom wei\u00dfen Giebelhaus im Hintergrund abdehnt. Die mittlere Absicherung sch\u00fctzt die hintere Veranda vor der Sicht. Der gr\u00fcne Efeu erstreckt sich \u00fcber die unteren Ebenen des Hauses und schl\u00e4ngelt sich \u00fcber die Pergola -Terrasse.<\/p>\n<div class=\"van_vid_carousel\">\n<div class=\"van_vid_carousel__padding\">\n<div class=\"van_vid_carousel__container\"><\/div>\n<\/div>\n<\/div>\n<figure class=\"van-image-figure inline-layout \" data-bordeaux-image-check id=\"b11eeecc-d674-4320-81b0-6169e6192624\">\n<div class=\"image-full-width-wrapper\">\n<div class=\"image-widthsetter\" style=\"max-width:2000px;\"><\/div>\n<\/div>\n<\/figure>\n<p id=\"dbcdab01-ba8e-4041-9eda-82e550b5a62b\">Obwohl ich mir immer die Privatsph\u00e4re als wilde Gr\u00fcnteile vorstellen kann, um ein Zuhause zu verdecken, zeigt das Haus der Kennedys, dass die besten Pflanzen f\u00fcr Privatsph\u00e4re die einfachsten sind. Die Hecken werden verwendet, um die unteren Teile des Hauses vor neugierigen Augen zu verschleiern, w\u00e4hrend der Klettern Efeu das Auge von h\u00f6heren Fenstern wegzieht. Mit nur wenigen Pflanzen haben sie ein verstecktes Paradies geschaffen.<\/p>\n<div id=\"ad-unit-2\" class=\"ad-unit\"><\/div>\n<div class=\"product-container hero-product-container product-block-no-wrap\">\n<div class=\"product-block-row\"><\/div>\n<div class=\"product-block-row\"><\/div>\n<div class=\"product-block-row\"><\/div>\n<\/div>\n<aside data-block-type=\"embed\" data-render-type=\"fte\" data-skip=\"dealsy\" data-widget-type=\"seasonal\" class=\"hawk-base\"><\/aside>\n<p id=\"0f8d677d-be99-4bd1-9f16-15e118480fdb-0\">Um eine Garten Privatsph\u00e4re zu halten, sieht es wesentlich und minimalistisch aus wie die Kennedys, das Schnitt ist unerl\u00e4sslich. Gute Pflaumen k\u00f6nnen verwendet werden, um Efeuuniform zu halten und zu verhindern, dass die Hecken zu hoch werden.<\/p>\n<p>Abh\u00e4ngig vom Look, den Sie suchen, kann es jedoch auch wichtig sein, es nicht zu \u00fcbertreiben. Das G\u00e4rtnerteam der Familie der Familie hat sich in abgehackten Blickwinkeln f\u00fcr eine einladendere, sommerliche \u00c4sthetik geschnitten.<\/p>\n<hr id=\"f5da06a4-f062-4c1b-b231-e1aace7c6b24\">\n<p id=\"24764c3c-f28e-4cbb-8176-ef3a195e49ed\">Was auch immer Sie w\u00e4hlen, um Ihren eigenen Geschmack zu kanalisieren, kann Ihnen dabei helfen, einen Au\u00dfenbereich zu schaffen, der sich genauso luxuri\u00f6s anf\u00fchlt wie dieses klassische Haus in New England.<\/p>\n<div id=\"slice-container-newsletterForm-articleInbodyContent-754EEGS3XPgEyTvz6PSrHM\" class=\"slice-container newsletter-inbodyContent-slice newsletterForm-articleInbodyContent-754EEGS3XPgEyTvz6PSrHM slice-container-newsletterForm\"><\/div>\n<div class=\"min-h-(270px) mb-4 viafoura-twig-component\" id=\"viafoura-engagement-starter-wrapper\" data-component-name=\"Elk:Embed:EngagementStarter\">\n<div class=\"viafoura\">\n<div>\n<vf-conversation-starter target=\"viafoura-comments\" minimum-comment-count=\"5\"><br \/>\n<\/vf-conversation-starter>\n<\/div>\n<\/div>\n<\/div>\n<hr id=\"2dd81da7-61fb-4761-bc2f-462a376739e6\">\n<\/div>\n","protected":false},"excerpt":{"rendered":"<p>Obwohl sich in einem wilden Landgarten angemessen gibt, wird die Einfachheit einer wei\u00dfen und gr\u00fcnen Pflanzung von Schicht und gr\u00fcn niemals alt. Es f\u00fchlt sich<\/p>\n","protected":false},"author":1,"featured_media":7356,"comment_status":"closed","ping_status":"","sticky":false,"template":"","format":"standard","meta":{"footnotes":""},"categories":[118],"tags":[9,9238,8028,9237,9806,9808,3900,37,9807],"class_list":["post-7355","post","type-post","status-publish","format-standard","has-post-thumbnail","hentry","category-haus-garten","tag-die","tag-jackie","tag-john","tag-kennedy","tag-kennedys","tag-pflanzt","tag-privatsphaere","tag-und","tag-zurueckgezogene","generate-columns","tablet-grid-50","mobile-grid-100","grid-parent","grid-50"],"yoast_head":"<!-- This site is optimized with the Yoast SEO plugin v27.3 - https:\/\/yoast.com\/product\/yoast-seo-wordpress\/ -->\n<title>John F. Kennedy und Jackie Kennedys, die zur\u00fcckgezogene Privatsph\u00e4re pflanzt - Nachrichten - Stra\u00dfenweb<\/title>\n<meta name=\"robots\" content=\"index, follow, max-snippet:-1, max-image-preview:large, max-video-preview:-1\" \/>\n<link rel=\"canonical\" href=\"https:\/\/www.strassenweb.de\/nachrichten\/john-f-kennedy-und-jackie-kennedys-die-zurueckgezogene-privatsphaere-pflanzt\/\" \/>\n<meta property=\"og:locale\" content=\"de_DE\" \/>\n<meta property=\"og:type\" content=\"article\" \/>\n<meta property=\"og:title\" content=\"John F. Kennedy und Jackie Kennedys, die zur\u00fcckgezogene Privatsph\u00e4re pflanzt - Nachrichten - Stra\u00dfenweb\" \/>\n<meta property=\"og:description\" content=\"Obwohl sich in einem wilden Landgarten angemessen gibt, wird die Einfachheit einer wei\u00dfen und gr\u00fcnen Pflanzung von Schicht und gr\u00fcn niemals alt. Es f\u00fchlt sich\" \/>\n<meta property=\"og:url\" content=\"https:\/\/www.strassenweb.de\/nachrichten\/john-f-kennedy-und-jackie-kennedys-die-zurueckgezogene-privatsphaere-pflanzt\/\" \/>\n<meta property=\"og:site_name\" content=\"Stra\u00dfenweb\" \/>\n<meta property=\"article:publisher\" content=\"https:\/\/www.facebook.com\/strassenweb\/\" \/>\n<meta property=\"article:published_time\" content=\"2025-08-31T02:39:48+00:00\" \/>\n<meta property=\"article:modified_time\" content=\"2025-08-31T02:39:49+00:00\" \/>\n<meta property=\"og:image\" content=\"https:\/\/www.strassenweb.de\/nachrichten\/wp-content\/uploads\/2025\/08\/John-F-Kennedy-und-Jackie-Kennedys-die-zurueckgezogene-Privatsphaere-pflanzt.jpg\" \/>\n\t<meta property=\"og:image:width\" content=\"1600\" \/>\n\t<meta property=\"og:image:height\" content=\"900\" \/>\n\t<meta property=\"og:image:type\" content=\"image\/jpeg\" \/>\n<meta name=\"author\" content=\"Robert Hoffmann\" \/>\n<meta name=\"twitter:card\" content=\"summary_large_image\" \/>\n<meta name=\"twitter:label1\" content=\"Verfasst von\" \/>\n\t<meta name=\"twitter:data1\" content=\"Robert Hoffmann\" \/>\n\t<meta name=\"twitter:label2\" content=\"Gesch\u00e4tzte Lesezeit\" \/>\n\t<meta name=\"twitter:data2\" content=\"2\u00a0Minuten\" \/>\n<script type=\"application\/ld+json\" class=\"yoast-schema-graph\">{\"@context\":\"https:\\\/\\\/schema.org\",\"@graph\":[{\"@type\":\"Article\",\"@id\":\"https:\\\/\\\/www.strassenweb.de\\\/nachrichten\\\/john-f-kennedy-und-jackie-kennedys-die-zurueckgezogene-privatsphaere-pflanzt\\\/#article\",\"isPartOf\":{\"@id\":\"https:\\\/\\\/www.strassenweb.de\\\/nachrichten\\\/john-f-kennedy-und-jackie-kennedys-die-zurueckgezogene-privatsphaere-pflanzt\\\/\"},\"author\":{\"name\":\"Robert Hoffmann\",\"@id\":\"https:\\\/\\\/www.strassenweb.de\\\/nachrichten\\\/#\\\/schema\\\/person\\\/87c9c9067f1211da429a744dc5a5aa41\"},\"headline\":\"John F. Kennedy und Jackie Kennedys, die zur\u00fcckgezogene Privatsph\u00e4re pflanzt\",\"datePublished\":\"2025-08-31T02:39:48+00:00\",\"dateModified\":\"2025-08-31T02:39:49+00:00\",\"mainEntityOfPage\":{\"@id\":\"https:\\\/\\\/www.strassenweb.de\\\/nachrichten\\\/john-f-kennedy-und-jackie-kennedys-die-zurueckgezogene-privatsphaere-pflanzt\\\/\"},\"wordCount\":333,\"publisher\":{\"@id\":\"https:\\\/\\\/www.strassenweb.de\\\/nachrichten\\\/#organization\"},\"image\":{\"@id\":\"https:\\\/\\\/www.strassenweb.de\\\/nachrichten\\\/john-f-kennedy-und-jackie-kennedys-die-zurueckgezogene-privatsphaere-pflanzt\\\/#primaryimage\"},\"thumbnailUrl\":\"https:\\\/\\\/www.strassenweb.de\\\/nachrichten\\\/wp-content\\\/uploads\\\/2025\\\/08\\\/John-F-Kennedy-und-Jackie-Kennedys-die-zurueckgezogene-Privatsphaere-pflanzt.jpg\",\"keywords\":[\"die\",\"Jackie\",\"John\",\"Kennedy\",\"Kennedys\",\"pflanzt\",\"Privatsph\u00e4re\",\"und\",\"zur\u00fcckgezogene\"],\"articleSection\":[\"Haus &amp; Garten\"],\"inLanguage\":\"de\"},{\"@type\":\"WebPage\",\"@id\":\"https:\\\/\\\/www.strassenweb.de\\\/nachrichten\\\/john-f-kennedy-und-jackie-kennedys-die-zurueckgezogene-privatsphaere-pflanzt\\\/\",\"url\":\"https:\\\/\\\/www.strassenweb.de\\\/nachrichten\\\/john-f-kennedy-und-jackie-kennedys-die-zurueckgezogene-privatsphaere-pflanzt\\\/\",\"name\":\"John F. Kennedy und Jackie Kennedys, die zur\u00fcckgezogene Privatsph\u00e4re pflanzt - Nachrichten - Stra\u00dfenweb\",\"isPartOf\":{\"@id\":\"https:\\\/\\\/www.strassenweb.de\\\/nachrichten\\\/#website\"},\"primaryImageOfPage\":{\"@id\":\"https:\\\/\\\/www.strassenweb.de\\\/nachrichten\\\/john-f-kennedy-und-jackie-kennedys-die-zurueckgezogene-privatsphaere-pflanzt\\\/#primaryimage\"},\"image\":{\"@id\":\"https:\\\/\\\/www.strassenweb.de\\\/nachrichten\\\/john-f-kennedy-und-jackie-kennedys-die-zurueckgezogene-privatsphaere-pflanzt\\\/#primaryimage\"},\"thumbnailUrl\":\"https:\\\/\\\/www.strassenweb.de\\\/nachrichten\\\/wp-content\\\/uploads\\\/2025\\\/08\\\/John-F-Kennedy-und-Jackie-Kennedys-die-zurueckgezogene-Privatsphaere-pflanzt.jpg\",\"datePublished\":\"2025-08-31T02:39:48+00:00\",\"dateModified\":\"2025-08-31T02:39:49+00:00\",\"breadcrumb\":{\"@id\":\"https:\\\/\\\/www.strassenweb.de\\\/nachrichten\\\/john-f-kennedy-und-jackie-kennedys-die-zurueckgezogene-privatsphaere-pflanzt\\\/#breadcrumb\"},\"inLanguage\":\"de\",\"potentialAction\":[{\"@type\":\"ReadAction\",\"target\":[\"https:\\\/\\\/www.strassenweb.de\\\/nachrichten\\\/john-f-kennedy-und-jackie-kennedys-die-zurueckgezogene-privatsphaere-pflanzt\\\/\"]}]},{\"@type\":\"ImageObject\",\"inLanguage\":\"de\",\"@id\":\"https:\\\/\\\/www.strassenweb.de\\\/nachrichten\\\/john-f-kennedy-und-jackie-kennedys-die-zurueckgezogene-privatsphaere-pflanzt\\\/#primaryimage\",\"url\":\"https:\\\/\\\/www.strassenweb.de\\\/nachrichten\\\/wp-content\\\/uploads\\\/2025\\\/08\\\/John-F-Kennedy-und-Jackie-Kennedys-die-zurueckgezogene-Privatsphaere-pflanzt.jpg\",\"contentUrl\":\"https:\\\/\\\/www.strassenweb.de\\\/nachrichten\\\/wp-content\\\/uploads\\\/2025\\\/08\\\/John-F-Kennedy-und-Jackie-Kennedys-die-zurueckgezogene-Privatsphaere-pflanzt.jpg\",\"width\":1600,\"height\":900,\"caption\":\"jackie kennedy and jackie o in front of their summer home\"},{\"@type\":\"BreadcrumbList\",\"@id\":\"https:\\\/\\\/www.strassenweb.de\\\/nachrichten\\\/john-f-kennedy-und-jackie-kennedys-die-zurueckgezogene-privatsphaere-pflanzt\\\/#breadcrumb\",\"itemListElement\":[{\"@type\":\"ListItem\",\"position\":1,\"name\":\"Home\",\"item\":\"https:\\\/\\\/www.strassenweb.de\\\/nachrichten\\\/\"},{\"@type\":\"ListItem\",\"position\":2,\"name\":\"John F. Kennedy und Jackie Kennedys, die zur\u00fcckgezogene Privatsph\u00e4re pflanzt\"}]},{\"@type\":\"WebSite\",\"@id\":\"https:\\\/\\\/www.strassenweb.de\\\/nachrichten\\\/#website\",\"url\":\"https:\\\/\\\/www.strassenweb.de\\\/nachrichten\\\/\",\"name\":\"Stra\u00dfenweb\",\"description\":\"Stra\u00dfenverzeichnis f\u00fcr Deutschland\",\"publisher\":{\"@id\":\"https:\\\/\\\/www.strassenweb.de\\\/nachrichten\\\/#organization\"},\"potentialAction\":[{\"@type\":\"SearchAction\",\"target\":{\"@type\":\"EntryPoint\",\"urlTemplate\":\"https:\\\/\\\/www.strassenweb.de\\\/nachrichten\\\/?s={search_term_string}\"},\"query-input\":{\"@type\":\"PropertyValueSpecification\",\"valueRequired\":true,\"valueName\":\"search_term_string\"}}],\"inLanguage\":\"de\"},{\"@type\":\"Organization\",\"@id\":\"https:\\\/\\\/www.strassenweb.de\\\/nachrichten\\\/#organization\",\"name\":\"Stra\u00dfenweb\",\"url\":\"https:\\\/\\\/www.strassenweb.de\\\/nachrichten\\\/\",\"logo\":{\"@type\":\"ImageObject\",\"inLanguage\":\"de\",\"@id\":\"https:\\\/\\\/www.strassenweb.de\\\/nachrichten\\\/#\\\/schema\\\/logo\\\/image\\\/\",\"url\":\"https:\\\/\\\/www.strassenweb.de\\\/nachrichten\\\/wp-content\\\/uploads\\\/2024\\\/09\\\/cropped-favicon.png\",\"contentUrl\":\"https:\\\/\\\/www.strassenweb.de\\\/nachrichten\\\/wp-content\\\/uploads\\\/2024\\\/09\\\/cropped-favicon.png\",\"width\":512,\"height\":512,\"caption\":\"Stra\u00dfenweb\"},\"image\":{\"@id\":\"https:\\\/\\\/www.strassenweb.de\\\/nachrichten\\\/#\\\/schema\\\/logo\\\/image\\\/\"},\"sameAs\":[\"https:\\\/\\\/www.facebook.com\\\/strassenweb\\\/\"]},{\"@type\":\"Person\",\"@id\":\"https:\\\/\\\/www.strassenweb.de\\\/nachrichten\\\/#\\\/schema\\\/person\\\/87c9c9067f1211da429a744dc5a5aa41\",\"name\":\"Robert Hoffmann\",\"image\":{\"@type\":\"ImageObject\",\"inLanguage\":\"de\",\"@id\":\"https:\\\/\\\/www.strassenweb.de\\\/nachrichten\\\/wp-content\\\/uploads\\\/2024\\\/09\\\/strassenweb-150x150.jpg\",\"url\":\"https:\\\/\\\/www.strassenweb.de\\\/nachrichten\\\/wp-content\\\/uploads\\\/2024\\\/09\\\/strassenweb-150x150.jpg\",\"contentUrl\":\"https:\\\/\\\/www.strassenweb.de\\\/nachrichten\\\/wp-content\\\/uploads\\\/2024\\\/09\\\/strassenweb-150x150.jpg\",\"caption\":\"Robert Hoffmann\"},\"description\":\"Ich hei\u00dfe Robert Hoffmann und ich bin ein leidenschaftlicher Verfechter von \u00d6kologie und Biodiversit\u00e4t. Seit meiner Kindheit in den W\u00e4ldern Bayerns f\u00fchle ich mich mit der Natur verbunden und bin entschlossen, sie zu sch\u00fctzen. Heute widme ich mein Leben der Sensibilisierung anderer f\u00fcr die Bedeutung des Umweltschutzes f\u00fcr zuk\u00fcnftige Generationen.\",\"sameAs\":[\"https:\\\/\\\/www.strassenweb.de\\\/\"]}]}<\/script>\n<!-- \/ Yoast SEO plugin. -->","yoast_head_json":{"title":"John F. Kennedy und Jackie Kennedys, die zur\u00fcckgezogene Privatsph\u00e4re pflanzt - Nachrichten - Stra\u00dfenweb","robots":{"index":"index","follow":"follow","max-snippet":"max-snippet:-1","max-image-preview":"max-image-preview:large","max-video-preview":"max-video-preview:-1"},"canonical":"https:\/\/www.strassenweb.de\/nachrichten\/john-f-kennedy-und-jackie-kennedys-die-zurueckgezogene-privatsphaere-pflanzt\/","og_locale":"de_DE","og_type":"article","og_title":"John F. Kennedy und Jackie Kennedys, die zur\u00fcckgezogene Privatsph\u00e4re pflanzt - Nachrichten - Stra\u00dfenweb","og_description":"Obwohl sich in einem wilden Landgarten angemessen gibt, wird die Einfachheit einer wei\u00dfen und gr\u00fcnen Pflanzung von Schicht und gr\u00fcn niemals alt. Es f\u00fchlt sich","og_url":"https:\/\/www.strassenweb.de\/nachrichten\/john-f-kennedy-und-jackie-kennedys-die-zurueckgezogene-privatsphaere-pflanzt\/","og_site_name":"Stra\u00dfenweb","article_publisher":"https:\/\/www.facebook.com\/strassenweb\/","article_published_time":"2025-08-31T02:39:48+00:00","article_modified_time":"2025-08-31T02:39:49+00:00","og_image":[{"width":1600,"height":900,"url":"https:\/\/www.strassenweb.de\/nachrichten\/wp-content\/uploads\/2025\/08\/John-F-Kennedy-und-Jackie-Kennedys-die-zurueckgezogene-Privatsphaere-pflanzt.jpg","type":"image\/jpeg"}],"author":"Robert Hoffmann","twitter_card":"summary_large_image","twitter_misc":{"Verfasst von":"Robert Hoffmann","Gesch\u00e4tzte Lesezeit":"2\u00a0Minuten"},"schema":{"@context":"https:\/\/schema.org","@graph":[{"@type":"Article","@id":"https:\/\/www.strassenweb.de\/nachrichten\/john-f-kennedy-und-jackie-kennedys-die-zurueckgezogene-privatsphaere-pflanzt\/#article","isPartOf":{"@id":"https:\/\/www.strassenweb.de\/nachrichten\/john-f-kennedy-und-jackie-kennedys-die-zurueckgezogene-privatsphaere-pflanzt\/"},"author":{"name":"Robert Hoffmann","@id":"https:\/\/www.strassenweb.de\/nachrichten\/#\/schema\/person\/87c9c9067f1211da429a744dc5a5aa41"},"headline":"John F. Kennedy und Jackie Kennedys, die zur\u00fcckgezogene Privatsph\u00e4re pflanzt","datePublished":"2025-08-31T02:39:48+00:00","dateModified":"2025-08-31T02:39:49+00:00","mainEntityOfPage":{"@id":"https:\/\/www.strassenweb.de\/nachrichten\/john-f-kennedy-und-jackie-kennedys-die-zurueckgezogene-privatsphaere-pflanzt\/"},"wordCount":333,"publisher":{"@id":"https:\/\/www.strassenweb.de\/nachrichten\/#organization"},"image":{"@id":"https:\/\/www.strassenweb.de\/nachrichten\/john-f-kennedy-und-jackie-kennedys-die-zurueckgezogene-privatsphaere-pflanzt\/#primaryimage"},"thumbnailUrl":"https:\/\/www.strassenweb.de\/nachrichten\/wp-content\/uploads\/2025\/08\/John-F-Kennedy-und-Jackie-Kennedys-die-zurueckgezogene-Privatsphaere-pflanzt.jpg","keywords":["die","Jackie","John","Kennedy","Kennedys","pflanzt","Privatsph\u00e4re","und","zur\u00fcckgezogene"],"articleSection":["Haus &amp; Garten"],"inLanguage":"de"},{"@type":"WebPage","@id":"https:\/\/www.strassenweb.de\/nachrichten\/john-f-kennedy-und-jackie-kennedys-die-zurueckgezogene-privatsphaere-pflanzt\/","url":"https:\/\/www.strassenweb.de\/nachrichten\/john-f-kennedy-und-jackie-kennedys-die-zurueckgezogene-privatsphaere-pflanzt\/","name":"John F. Kennedy und Jackie Kennedys, die zur\u00fcckgezogene Privatsph\u00e4re pflanzt - Nachrichten - Stra\u00dfenweb","isPartOf":{"@id":"https:\/\/www.strassenweb.de\/nachrichten\/#website"},"primaryImageOfPage":{"@id":"https:\/\/www.strassenweb.de\/nachrichten\/john-f-kennedy-und-jackie-kennedys-die-zurueckgezogene-privatsphaere-pflanzt\/#primaryimage"},"image":{"@id":"https:\/\/www.strassenweb.de\/nachrichten\/john-f-kennedy-und-jackie-kennedys-die-zurueckgezogene-privatsphaere-pflanzt\/#primaryimage"},"thumbnailUrl":"https:\/\/www.strassenweb.de\/nachrichten\/wp-content\/uploads\/2025\/08\/John-F-Kennedy-und-Jackie-Kennedys-die-zurueckgezogene-Privatsphaere-pflanzt.jpg","datePublished":"2025-08-31T02:39:48+00:00","dateModified":"2025-08-31T02:39:49+00:00","breadcrumb":{"@id":"https:\/\/www.strassenweb.de\/nachrichten\/john-f-kennedy-und-jackie-kennedys-die-zurueckgezogene-privatsphaere-pflanzt\/#breadcrumb"},"inLanguage":"de","potentialAction":[{"@type":"ReadAction","target":["https:\/\/www.strassenweb.de\/nachrichten\/john-f-kennedy-und-jackie-kennedys-die-zurueckgezogene-privatsphaere-pflanzt\/"]}]},{"@type":"ImageObject","inLanguage":"de","@id":"https:\/\/www.strassenweb.de\/nachrichten\/john-f-kennedy-und-jackie-kennedys-die-zurueckgezogene-privatsphaere-pflanzt\/#primaryimage","url":"https:\/\/www.strassenweb.de\/nachrichten\/wp-content\/uploads\/2025\/08\/John-F-Kennedy-und-Jackie-Kennedys-die-zurueckgezogene-Privatsphaere-pflanzt.jpg","contentUrl":"https:\/\/www.strassenweb.de\/nachrichten\/wp-content\/uploads\/2025\/08\/John-F-Kennedy-und-Jackie-Kennedys-die-zurueckgezogene-Privatsphaere-pflanzt.jpg","width":1600,"height":900,"caption":"jackie kennedy and jackie o in front of their summer home"},{"@type":"BreadcrumbList","@id":"https:\/\/www.strassenweb.de\/nachrichten\/john-f-kennedy-und-jackie-kennedys-die-zurueckgezogene-privatsphaere-pflanzt\/#breadcrumb","itemListElement":[{"@type":"ListItem","position":1,"name":"Home","item":"https:\/\/www.strassenweb.de\/nachrichten\/"},{"@type":"ListItem","position":2,"name":"John F. Kennedy und Jackie Kennedys, die zur\u00fcckgezogene Privatsph\u00e4re pflanzt"}]},{"@type":"WebSite","@id":"https:\/\/www.strassenweb.de\/nachrichten\/#website","url":"https:\/\/www.strassenweb.de\/nachrichten\/","name":"Stra\u00dfenweb","description":"Stra\u00dfenverzeichnis f\u00fcr Deutschland","publisher":{"@id":"https:\/\/www.strassenweb.de\/nachrichten\/#organization"},"potentialAction":[{"@type":"SearchAction","target":{"@type":"EntryPoint","urlTemplate":"https:\/\/www.strassenweb.de\/nachrichten\/?s={search_term_string}"},"query-input":{"@type":"PropertyValueSpecification","valueRequired":true,"valueName":"search_term_string"}}],"inLanguage":"de"},{"@type":"Organization","@id":"https:\/\/www.strassenweb.de\/nachrichten\/#organization","name":"Stra\u00dfenweb","url":"https:\/\/www.strassenweb.de\/nachrichten\/","logo":{"@type":"ImageObject","inLanguage":"de","@id":"https:\/\/www.strassenweb.de\/nachrichten\/#\/schema\/logo\/image\/","url":"https:\/\/www.strassenweb.de\/nachrichten\/wp-content\/uploads\/2024\/09\/cropped-favicon.png","contentUrl":"https:\/\/www.strassenweb.de\/nachrichten\/wp-content\/uploads\/2024\/09\/cropped-favicon.png","width":512,"height":512,"caption":"Stra\u00dfenweb"},"image":{"@id":"https:\/\/www.strassenweb.de\/nachrichten\/#\/schema\/logo\/image\/"},"sameAs":["https:\/\/www.facebook.com\/strassenweb\/"]},{"@type":"Person","@id":"https:\/\/www.strassenweb.de\/nachrichten\/#\/schema\/person\/87c9c9067f1211da429a744dc5a5aa41","name":"Robert Hoffmann","image":{"@type":"ImageObject","inLanguage":"de","@id":"https:\/\/www.strassenweb.de\/nachrichten\/wp-content\/uploads\/2024\/09\/strassenweb-150x150.jpg","url":"https:\/\/www.strassenweb.de\/nachrichten\/wp-content\/uploads\/2024\/09\/strassenweb-150x150.jpg","contentUrl":"https:\/\/www.strassenweb.de\/nachrichten\/wp-content\/uploads\/2024\/09\/strassenweb-150x150.jpg","caption":"Robert Hoffmann"},"description":"Ich hei\u00dfe Robert Hoffmann und ich bin ein leidenschaftlicher Verfechter von \u00d6kologie und Biodiversit\u00e4t. Seit meiner Kindheit in den W\u00e4ldern Bayerns f\u00fchle ich mich mit der Natur verbunden und bin entschlossen, sie zu sch\u00fctzen. Heute widme ich mein Leben der Sensibilisierung anderer f\u00fcr die Bedeutung des Umweltschutzes f\u00fcr zuk\u00fcnftige Generationen.","sameAs":["https:\/\/www.strassenweb.de\/"]}]}},"_links":{"self":[{"href":"https:\/\/www.strassenweb.de\/nachrichten\/wp-json\/wp\/v2\/posts\/7355","targetHints":{"allow":["GET"]}}],"collection":[{"href":"https:\/\/www.strassenweb.de\/nachrichten\/wp-json\/wp\/v2\/posts"}],"about":[{"href":"https:\/\/www.strassenweb.de\/nachrichten\/wp-json\/wp\/v2\/types\/post"}],"author":[{"embeddable":true,"href":"https:\/\/www.strassenweb.de\/nachrichten\/wp-json\/wp\/v2\/users\/1"}],"replies":[{"embeddable":true,"href":"https:\/\/www.strassenweb.de\/nachrichten\/wp-json\/wp\/v2\/comments?post=7355"}],"version-history":[{"count":0,"href":"https:\/\/www.strassenweb.de\/nachrichten\/wp-json\/wp\/v2\/posts\/7355\/revisions"}],"wp:featuredmedia":[{"embeddable":true,"href":"https:\/\/www.strassenweb.de\/nachrichten\/wp-json\/wp\/v2\/media\/7356"}],"wp:attachment":[{"href":"https:\/\/www.strassenweb.de\/nachrichten\/wp-json\/wp\/v2\/media?parent=7355"}],"wp:term":[{"taxonomy":"category","embeddable":true,"href":"https:\/\/www.strassenweb.de\/nachrichten\/wp-json\/wp\/v2\/categories?post=7355"},{"taxonomy":"post_tag","embeddable":true,"href":"https:\/\/www.strassenweb.de\/nachrichten\/wp-json\/wp\/v2\/tags?post=7355"}],"curies":[{"name":"wp","href":"https:\/\/api.w.org\/{rel}","templated":true}]}}