{"id":7338,"date":"2025-08-30T10:39:55","date_gmt":"2025-08-30T08:39:55","guid":{"rendered":"https:\/\/www.strassenweb.de\/nachrichten\/ein-garten-am-rande-aller\/"},"modified":"2025-08-30T10:39:55","modified_gmt":"2025-08-30T08:39:55","slug":"ein-garten-am-rande-aller","status":"publish","type":"post","link":"https:\/\/www.strassenweb.de\/nachrichten\/ein-garten-am-rande-aller\/","title":{"rendered":"Ein Garten am Rande aller"},"content":{"rendered":"<p><\/p>\n<div id=\"article-body\" class=\"article__body \">\n<p id=\"f6e399e5-d659-442a-89cb-d6b038cd36a7\">G<em>Arden Diaries ist unsere neue Serie, in der wir inspirierende Geschichten \u00fcber das Entwerfen und Kultivieren eines atemberaubenden Gartenraums teilen. Wir untersuchen, wie Kreative, Designer und Geschmacksmacher einen zutiefst pers\u00f6nlichen Raum gewonnen haben, der Kreativit\u00e4t, Lernen und Gl\u00fcck in ihren G\u00e4rten einl\u00e4dt und wie sie in diesen R\u00e4umen leben.<\/em><\/p>\n<div id=\"ad-unit-1\" class=\"ad-unit\"><\/div>\n<p>Als die Kreativen Alan Calpe und Christopher Crawford zum ersten Mal drei Stunden n\u00f6rdlich von New York City fuhren, um einen Cedar-Shake-Bungalow in den Catskills zu sehen, waren sie keine G\u00e4rtner. Urspr\u00fcnglich aus Florida, hatten sie jeweils zwei Jahrzehnte in New York verbracht und arbeiteten in bildenden Kunst, Mode und Bildung. Ihr Leben war voll, aber eingesperrt: eine kleine Wohnung, lange Stunden und kein Platz im Freien. &#8222;Wir waren noch nicht einmal Fensterbox-G\u00e4rtner&#8220;, sagt Christopher. &#8222;Wir kamen mit absolut ohne Wissen in die Gartenarbeit.&#8220;<\/p>\n<aside data-block-type=\"embed\" data-render-type=\"fte\" data-skip=\"dealsy\" data-widget-type=\"seasonal\" class=\"hawk-base\"><\/aside>\n<p id=\"f6e399e5-d659-442a-89cb-d6b038cd36a7-2\">Was sie in Windham fanden, war vier Hektar W\u00e4lder: eine Ski-Stadt-Bergseite mit Eschen, schwerem Lehmboden und einem rauschenden Bach, der das Grundst\u00fcck in zwei Teile spaltete. Es gab ein kleines G\u00e4stehaus, ein bescheidenes Haupthaus und eine Aussicht \u00fcber die H\u00e4nge. &#8222;Es f\u00fchlte sich gl\u00fccklich&#8220;, sagt Alan. &#8222;Eine Chance, sich wieder mit der Natur zu verbinden, zu verlangsamen und etwas Eigenes zu schaffen.&#8220; Und so nahmen sie 2016 die Herausforderung an, ohne den Wunsch, etwas zu wachsen, und viel Umfang f\u00fcr Gartenideen.<\/p>\n<p>Die Realit\u00e4t war jedoch entmutigender. Bald nach dem Einzug l\u00f6sten sie erkrankte Eschen, um die Aussicht zu \u00f6ffnen, nur um das zu belassen, was Alan als &#8222;Marscape&#8220; bezeichnet &#8211; nackte Ton- und Baumst\u00fcmpfe. Eine riesige Leere. Aufregend und reif mit M\u00f6glichkeit, ja, aber auch \u00fcberw\u00e4ltigend. Hier begann ihre Reise in die Gartenarbeit und nach dem H\u00f6ren des Landes am Rande des Waldes &#8211; am Rande von allem -. In den folgenden Jahren w\u00fcrde sich diese Liebe zur Natur zu Gardenheir entwickeln, ihre von Garten inspirierte Marke, die in der gleichen Mischung aus Kreativit\u00e4t, Demut und wilder Sch\u00f6nheit wie die Bergside, die sie jetzt zu Hause nennen, verwurzelt.<\/p>\n<div id=\"ad-unit-2\" class=\"ad-unit\"><\/div>\n<figure class=\"van-image-figure inline-layout \" data-bordeaux-image-check id=\"fde40fe1-fb8e-4c84-86f7-a659b191e84f\">\n<div class=\"image-full-width-wrapper\">\n<div class=\"image-widthsetter\" style=\"max-width:4000px;\"><\/div>\n<\/div>\n<\/figure>\n<h3 class=\"article-body__section\" id=\"section-beginnings-in-the-catskills-a-move-out-of-the-city\"><span>Anf\u00e4nge in den Catskills &#8211; ein Umzug aus der Stadt<\/span><\/h3>\n<p id=\"5f3ba1d6-c8be-48b6-bbe5-6242a86a28f8\">Als Christopher und ich die Stadt zum ersten Mal verlie\u00dfen, um sich einen Zedern-Shake-Bungalow in den Catskills anzusehen, hatten wir keine Ahnung, worauf wir uns einlie\u00dfen. Wir hatten jeweils zwei Jahrzehnte in New York verbracht &#8211; ich in der Bildung und Kunstbildung, Christopher in Mode &#8211; und unser Leben war voll, aber eingesperrt. Wir hatten keinen st\u00e4dtischen Garten, keinen Balkon, nicht einmal eine Fensterbox. Wir kamen mit absolut ohne Wissen, nur Neugier.<\/p>\n<p>Das Haus war bescheiden und sa\u00df in Windham in der US -amerikanischen Hardiness Zone 5, einer Skigstadt, die in den Bergen hoch war. Was uns gezeichnet hat, war das Land. Die vier Morgen Waldland, ein rauschender Bach, der zwischen dem kleinen G\u00e4stehaus und dem Hauptbungalow geschnitten wurde, und eine Aussicht, die sich \u00f6ffnete, wo die Berge in der Ferne in einem tiefen, gebrannten Blau dunstig werden. Die Landschaft war einfach so gro\u00df und umh\u00fcllt. Wir waren beeindruckt, denke ich.<\/p>\n<figure class=\"van-image-figure inline-layout \" data-bordeaux-image-check id=\"e3aab527-8283-4a6d-9663-abc823cd8546\">\n<div class=\"image-full-width-wrapper\">\n<div class=\"image-widthsetter\" style=\"max-width:3200px;\"><\/div>\n<\/div>\n<\/figure>\n<p id=\"ae59c033-ea6f-4532-ab32-dd202a665c73\">In diesem ersten Winter war es so kalt und trostlos. Wir wussten, dass wir ein St\u00fcck Erde r\u00e4umen mussten, und es gab so viele erkranke Eschen, die gef\u00e4llt werden mussten. All dies war so ein gro\u00dfer Job und f\u00fchlte sich manchmal gr\u00f6\u00dfer als wir beabsichtigt hatten.<\/p>\n<p>Christopher und ich beschreiben diese sumpfartige Szene, die als Marslandschaft folgte. Nackter, brauner Ton, traurige Baumst\u00fcmpfe und Stille. Es war einsch\u00fcchternd. Es f\u00fchlte sich pl\u00f6tzlich sehr leer an.<\/p>\n<p>Wir hatten keinen Plan, kein Fachwissen und dennoch eine hartn\u00e4ckige Entschlossenheit, die wir versuchen w\u00fcrden. Das war 2016. R\u00fcckblickend war es der Beginn einer gro\u00dfen Ver\u00e4nderung f\u00fcr uns und der Beginn unserer Marke Gardenheir. Diese Reise &#8211; dieser Prozess &#8211; hat uns so sehr gepr\u00e4gt.<\/p>\n<p>Schlie\u00dflich wussten wir, dass wir den richtigen Anruf get\u00e4tigt hatten, als die Freigabe abgeschlossen war und sich diese Bergansicht \u00f6ffnete. Als w\u00e4rmere Tage kamen, f\u00fchlte es sich wie ein Geschenk an &#8211; stark, sch\u00f6n und dem\u00fctigend. Voller M\u00f6glichkeiten.<\/p>\n<h3 class=\"article-body__section\" id=\"section-it-all-started-with-the-pond-the-heart-of-the-garden\"><span>Alles begann mit dem Teich &#8211; dem Herzen des Gartens<\/span><\/h3>\n<p id=\"57fc79fb-800f-403e-a02a-3c9beb5ceab4\">Es begann wirklich alles mit dem Gartenteich. Als wir die Esche r\u00e4umten, blieben wir mit einem kargen Land, der sich unm\u00f6glich zu f\u00fcllen f\u00fchlte. Wir sind in Florida aufgewachsen, immer in der N\u00e4he von Wasser, und das Grundst\u00fcck hatte bereits einen Rushing Creek. Sowohl Christopher als auch ich hatten das Gef\u00fchl, dass es nat\u00fcrlich schien, den Raum mit einem Teich zu verankern.<\/p>\n<p>Zuerst war es eine Katastrophe &#8211; ein riesiges, leeres Lehmloch. Wir stellten uns vor, dass alle unsere neuen Nachbarn vorbeifahren und sich gefragt haben, was diese Stadtmenschen getan hatten. F\u00fcr eine Weile f\u00fchlte es sich so an, als h\u00e4tten wir einen Skatepark gebaut, keinen Garten.<\/p>\n<figure class=\"van-image-figure inline-layout \" data-bordeaux-image-check id=\"529850ce-65a9-4c03-9abf-e1aee5857289\">\n<div class=\"image-full-width-wrapper\">\n<div class=\"image-widthsetter\" style=\"max-width:3200px;\"><\/div>\n<\/div>\n<\/figure>\n<p id=\"db21e0ab-23d9-403d-8e51-5e142cfeafe1\">Aber dann begann sich das Wasser niederzulassen. Die Federn erf\u00fcllten es nat\u00fcrlich ohne Liner und langsam ein Leben. Wir pflanzten Wasserlilien und andere Marginale wie Wasser Iris und Pfeilspitzen, und bald kamen Fr\u00f6sche und Insekten an.<\/p>\n<p>V\u00f6gel neigen dazu, sich an den Teichkanten zu versammeln. Wir schwimmen dort auch im Sommer. Was als Designintervention begann, um die Bergsicht auszugleichen, wurde zu etwas viel gr\u00f6\u00dferem &#8211; zu einem ganzen \u00d6kosystem. Das schlagende Herz unseres Gartens.<\/p>\n<p>Das Einf\u00fchrung von Wasser ver\u00e4nderte alles. Um den Teich nahmen die Dinge langsam Gestalt an. Wir begannen, Betten zu pflanzen und Wege zu schnitzen. An den weicheren Kanten wanderten die Eingeborenen herein, w\u00e4hrend die Pflanzen, die wir mitbrachten, nach au\u00dfen versch\u00fctteten.<\/p>\n<p>Ich denke, der Dialog zwischen kultiviertem und wild ist hier am besten in diesem Teil des Gartens illustriert, und es ist dieser Schub und Ziehen, der heute weiterhin unseren Garten pr\u00e4gt.<\/p>\n<figure class=\"van-image-figure inline-layout \" data-bordeaux-image-check id=\"0a4de22a-17ad-4403-a42d-520883592a6b\">\n<div class=\"image-full-width-wrapper\">\n<div class=\"image-widthsetter\" style=\"max-width:4000px;\"><\/div>\n<\/div>\n<\/figure>\n<h3 class=\"article-body__section\" id=\"section-listening-to-the-land-responding-to-our-surroundings\"><span>Auf das Land zuh\u00f6ren &#8211; auf unsere Umgebung reagieren<\/span><\/h3>\n<p id=\"f45c057e-24da-4bbd-a9e0-bb8d7ca63f48\">Wie viele Anf\u00e4ngerg\u00e4rtner bestand unser erster Instinkt darin, den romantischen Garten zu pflanzen, den wir uns so lange vorgestellt hatten. Nat\u00fcrlich wandten wir uns den \u00fcblichen Verd\u00e4chtigen zu: Rosen, Lavendel und Tulpen und eine ganze Reihe charmanter Gartenpflanzen. Das Land hatte jedoch andere Ideen.<\/p>\n<p>Die meisten dieser Anlagen gingen nicht gut ab. Trotz unserer Bem\u00fchungen k\u00e4mpften oder starben viele, nicht in der Lage, mit dem schweren Lehmboden fertig zu werden, oder, wenn der Boden f\u00fcr sie nicht zu schwierig war, wurden die meisten von Hirschen verschlungen.<\/p>\n<figure class=\"van-image-figure inline-layout \" data-bordeaux-image-check id=\"69eece04-ad9a-4e76-8492-6e7775aacf2f\">\n<div class=\"image-full-width-wrapper\">\n<div class=\"image-widthsetter\" style=\"max-width:3200px;\"><\/div>\n<\/div>\n<\/figure>\n<p id=\"d934ef0b-bc8b-4e13-82b4-5cb8baf6bbbd\">Wir haben hier keine Z\u00e4une, also bleiben die Hirsche unsere st\u00e4ndigen Mitarbeiter und unsere gr\u00f6\u00dften Diebe. Sie essen, was sie wollen, sogar die Wasserlilien in unserem Sommer in unserem Teich. Zuerst war es verr\u00fcckt. Aber im Laufe der Zeit haben wir gelernt, es zu akzeptieren.<\/p>\n<p>Christopher und ich sagen gerne, wer zuerst zum Salat kommt, bekommt ihn. Das wurde zu unserer Philosophie: Teilen Sie den Raum, stellen Sie sich an und pflanzen Sie das, was dauern wird. Nat\u00fcrlich ist es manchmal \u00e4rgerlich, aber es ist eine gute Lektion zu lernen. Die Natur wird immer gewinnen.<\/p>\n<p>W\u00e4hrend wir mit Rosen und Tulpen durchhalten wollten, stellten wir nur fest, dass es kein menschlicher Fehler oder etwas war, das wir falsch gemacht haben. Wir mussten dem Land zuh\u00f6ren, um zu beurteilen, was wir wachsen sollten und konnten. Dies ist wirklich die gr\u00f6\u00dfte Lektion. Es geht mehr darum, was hier in unserem Garten am Rande \u00fcberleben wird.<\/p>\n<figure class=\"van-image-figure inline-layout \" data-bordeaux-image-check id=\"2aa4b10d-fb22-46bf-8e29-59f0374b09f0\">\n<div class=\"image-full-width-wrapper\">\n<div class=\"image-widthsetter\" style=\"max-width:4000px;\"><\/div>\n<\/div>\n<\/figure>\n<p id=\"317dbce2-6e41-433c-8922-1efd21db7100\">Was uns gedeiht hat, hat uns \u00fcberrascht. Narzissen lieben es zum Beispiel hier. Obwohl ich sie noch nie geliebt hatte, wurden sie ein Hauptst\u00fctze. Jetzt sind sowohl Christopher als auch ich auf ihren Duft und die Art und Weise verliebt, wie sie in der fr\u00fchen Saison, in der die Landschaft noch kahl ist, aufleuchten.<\/p>\n<p>In den letzten Jahren sind wir gewachsen <em>Narcissus &#8218;Thalia&#8216;<\/em> Und <em>Narcissus Poeticus<\/em>Beide haben wei\u00dfe Bl\u00fcten und, wie wir denken, einige der besten Sorten von Narzissbirnen. Und vor allem lassen die Hirsche sie gut in Ruhe.<\/p>\n<p>Einheimische Pflanzen haben auch einen gro\u00dfen Teil in unserem Garten. Astern und Goldenrods, Joe Pye -Unkraut und Bienenbalsame, weben sich an den R\u00e4ndern des Gartens. Es mildert die Grenze zwischen Wild und Kultivieren. Auch Eisenweeds, die w\u00e4hrend der gesamten Saison k\u00f6nigliche Purpurbl\u00fctenspitzen produzieren.<\/p>\n<h3 class=\"article-body__section\" id=\"section-walking-to-the-garden-journeying-through-the-land\"><span>Gehen zum Garten &#8211; durch das Land reisen<\/span><\/h3>\n<p id=\"fa232bb7-9ece-4406-89af-c7d958fcb430\">Eines der Dinge, die ich am meisten liebe, ist die Reise zum Garten selbst. Der Garten liegt nicht vor unserer Haust\u00fcr &#8211; Sie m\u00fcssen sich dort wagen, alles im Blick auf die nebligen Catskills Mountains. Es ist sowohl dem\u00fctig als auch frei, sich in einer so riesigen Landschaft zu befinden.<\/p>\n<p>Aus dem Haus \u00fcberqueren wir eine kleine Br\u00fccke \u00fcber einen nat\u00fcrlichen Bach. Die Pflanzung ist hier frei und locker, sodass Str\u00e4ucher und B\u00e4ume Raum atmen und wachsen k\u00f6nnen.<\/p>\n<p>Dar\u00fcber hinaus verschieben sich die Pfade mit den Jahreszeiten. Christopher und ich m\u00e4hen jedes Jahr durch die Wiese neue Routen und ver\u00e4ndern, wie wir uns mit dem Gel\u00e4nde besch\u00e4ftigen und wie sich der Raum entfaltet.<\/p>\n<p>Aus diesem Grund bemerken wir verschiedene Dinge und sehen, wie sich neue Wildblumen im Gras freiwillig melden. Oder fangen Sie vielleicht einen Baum oder Strauch aus einem anderen Winkel und bemerken Sie vorher etwas Unsichtbares.<\/p>\n<figure class=\"van-image-figure inline-layout \" data-bordeaux-image-check id=\"afae3459-8c67-48b7-881f-c19dff95081a\">\n<div class=\"image-full-width-wrapper\">\n<div class=\"image-widthsetter\" style=\"max-width:3200px;\"><\/div>\n<\/div>\n<\/figure>\n<p id=\"f95fb88e-ebb3-4c5c-aec0-66793fd4fdbd\">Unsere Arbeitsweise f\u00fchlt sich weniger an, als w\u00fcrde man ein Design auferlegen und eher wie das Reagieren auf das, was bereits da ist, zu bemerken, welche Pflanzen sich greifen wollen, und ihnen Raum zum Gedeihen zu geben. Nat\u00fcrlich gibt es dort immer noch einige Absichten und eine ziemliche Vielfalt von Pflanzungen, die wir eingef\u00fchrt haben, aber wir bevorzugen eine leichte Ber\u00fchrung.<\/p>\n<p>Dieser Instinkt, der eher zu bearbeiten als auferlegen kann, kann aus unseren Hintergr\u00fcnden in den kreativen K\u00fcnsten zur\u00fcckzuf\u00fchren sein. Und je mehr Zeit wir drau\u00dfen verbringen, desto mehr denke ich, wie \u00e4hnlich der Akt der Gartenarbeit zu den Prozessen ist, die wir beide als K\u00fcnstler gesch\u00e4tzt haben.<\/p>\n<p>Sowohl Christopher als auch ich genie\u00dfen die Produkte all dieser, Blumen, Obst und Gem\u00fcse im Sommer. Aber ich denke, wir haben beide verstanden, dass wir den Prozess, die beteiligte Arbeit, die Pr\u00fcfungen und die Bem\u00fchungen, die etwas schaffen, wirklich lieben. Der Garten liefert all diese Dinge. Es n\u00e4hrt f\u00fcr uns beide.<\/p>\n<p>Was entstanden ist, ist ein Garten, der sich wie eine Zusammenarbeit zwischen uns und dem Land selbst anf\u00fchlt. Eine lebendige Komposition, denke ich. F\u00fcr immer unvollendet, f\u00fcr immer ver\u00e4ndert, aber umso reicher daf\u00fcr.<\/p>\n<figure class=\"van-image-figure inline-layout \" data-bordeaux-image-check id=\"52caf854-4c0a-4089-864b-fcfbd255d6c1\">\n<div class=\"image-full-width-wrapper\">\n<div class=\"image-widthsetter\" style=\"max-width:3200px;\"><\/div>\n<\/div>\n<\/figure>\n<hr id=\"654090fe-9ce7-49b3-8973-57b58b0b2daf\">\n<p id=\"3a6df686-e27b-42cf-bb99-12d047d2284f\">Ich denke oft an den Rat zur\u00fcck, den wir von einem \u00e4lteren G\u00e4rtner geh\u00f6rt haben, als wir auf dieser Reise begannen: B\u00e4ume fr\u00fchpflanzen, warten Sie nicht. Wir bedauern, dass wir das nicht fr\u00fcher getan haben.<\/p>\n<p>Die Birken, Dienstberater und Rauchb\u00fcsche, die wir hinzugef\u00fcgt haben, sind noch jung, aber sie werden mit uns alt werden. Wenn wir sie hier in den Catskills Wurzeln beobachten, gedeiht uns trotz dieses herausfordernden Bodens und Klimas Geduld. Die langsameren Dinge zu sch\u00e4tzen und unsere Zeit hier einfach zu sch\u00e4tzen.<\/p>\n<p>Sie k\u00f6nnen Gardenheir \u00fcber Instagram folgen.<\/p>\n<p>F\u00fcr mehr Inspiration k\u00f6nnen Sie einen weiteren unserer Gartenageb\u00fccher lesen, diesmal mit Pom Shillingford, der einen englischen H\u00fcttengarten im l\u00e4ndlichen Connecticut erstellt hat.<\/p>\n<h2 id=\"shop-the-look-3\">Kaufen Sie den Look ein<\/h2>\n<div class=\"product-container hero-product-container product-block-no-wrap\">\n<div class=\"product-block-row\"><\/div>\n<div class=\"product-block-row\"><\/div>\n<div class=\"product-block-row\"><\/div>\n<\/div>\n<div class=\"block\" id=\"articleTag\" data-component-name=\"PostArticleLinks\">\n<div class=\"border-b border-b-black border-solid py-2.5 text-black font-bold uppercase\">Themen<\/div>\n<nav class=\"py-2.5 flex gap-2.5 flex-wrap\" data-analytics-id=\"article-tag\">\n<p>Str\u00e4ucher Blumen<br \/>\n<\/nav>\n<\/div>\n<\/div>\n<p><script async src=\"\/\/www.instagram.com\/embed.js\"><\/script><\/p>\n","protected":false},"excerpt":{"rendered":"<p>GArden Diaries ist unsere neue Serie, in der wir inspirierende Geschichten \u00fcber das Entwerfen und Kultivieren eines atemberaubenden Gartenraums teilen. Wir untersuchen, wie Kreative, Designer<\/p>\n","protected":false},"author":1,"featured_media":7339,"comment_status":"closed","ping_status":"","sticky":false,"template":"","format":"standard","meta":{"footnotes":""},"categories":[118],"tags":[115,43,320,302],"class_list":["post-7338","post","type-post","status-publish","format-standard","has-post-thumbnail","hentry","category-haus-garten","tag-aller","tag-ein","tag-garten","tag-rande","generate-columns","tablet-grid-50","mobile-grid-100","grid-parent","grid-50"],"yoast_head":"<!-- This site is optimized with the Yoast SEO plugin v27.3 - https:\/\/yoast.com\/product\/yoast-seo-wordpress\/ -->\n<title>Ein Garten am Rande aller - Nachrichten - Stra\u00dfenweb<\/title>\n<meta name=\"robots\" content=\"index, follow, max-snippet:-1, max-image-preview:large, max-video-preview:-1\" \/>\n<link rel=\"canonical\" href=\"https:\/\/www.strassenweb.de\/nachrichten\/ein-garten-am-rande-aller\/\" \/>\n<meta property=\"og:locale\" content=\"de_DE\" \/>\n<meta property=\"og:type\" content=\"article\" \/>\n<meta property=\"og:title\" content=\"Ein Garten am Rande aller - Nachrichten - Stra\u00dfenweb\" \/>\n<meta property=\"og:description\" content=\"GArden Diaries ist unsere neue Serie, in der wir inspirierende Geschichten \u00fcber das Entwerfen und Kultivieren eines atemberaubenden Gartenraums teilen. Wir untersuchen, wie Kreative, Designer\" \/>\n<meta property=\"og:url\" content=\"https:\/\/www.strassenweb.de\/nachrichten\/ein-garten-am-rande-aller\/\" \/>\n<meta property=\"og:site_name\" content=\"Stra\u00dfenweb\" \/>\n<meta property=\"article:publisher\" content=\"https:\/\/www.facebook.com\/strassenweb\/\" \/>\n<meta property=\"article:published_time\" content=\"2025-08-30T08:39:55+00:00\" \/>\n<meta property=\"og:image\" content=\"https:\/\/www.strassenweb.de\/nachrichten\/wp-content\/uploads\/2025\/08\/Ein-Garten-am-Rande-aller.jpg\" \/>\n\t<meta property=\"og:image:width\" content=\"1600\" \/>\n\t<meta property=\"og:image:height\" content=\"900\" \/>\n\t<meta property=\"og:image:type\" content=\"image\/jpeg\" \/>\n<meta name=\"author\" content=\"Robert Hoffmann\" \/>\n<meta name=\"twitter:card\" content=\"summary_large_image\" \/>\n<meta name=\"twitter:label1\" content=\"Verfasst von\" \/>\n\t<meta name=\"twitter:data1\" content=\"Robert Hoffmann\" \/>\n\t<meta name=\"twitter:label2\" content=\"Gesch\u00e4tzte Lesezeit\" \/>\n\t<meta name=\"twitter:data2\" content=\"10\u00a0Minuten\" \/>\n<script type=\"application\/ld+json\" class=\"yoast-schema-graph\">{\"@context\":\"https:\\\/\\\/schema.org\",\"@graph\":[{\"@type\":\"Article\",\"@id\":\"https:\\\/\\\/www.strassenweb.de\\\/nachrichten\\\/ein-garten-am-rande-aller\\\/#article\",\"isPartOf\":{\"@id\":\"https:\\\/\\\/www.strassenweb.de\\\/nachrichten\\\/ein-garten-am-rande-aller\\\/\"},\"author\":{\"name\":\"Robert Hoffmann\",\"@id\":\"https:\\\/\\\/www.strassenweb.de\\\/nachrichten\\\/#\\\/schema\\\/person\\\/87c9c9067f1211da429a744dc5a5aa41\"},\"headline\":\"Ein Garten am Rande aller\",\"datePublished\":\"2025-08-30T08:39:55+00:00\",\"mainEntityOfPage\":{\"@id\":\"https:\\\/\\\/www.strassenweb.de\\\/nachrichten\\\/ein-garten-am-rande-aller\\\/\"},\"wordCount\":1909,\"publisher\":{\"@id\":\"https:\\\/\\\/www.strassenweb.de\\\/nachrichten\\\/#organization\"},\"image\":{\"@id\":\"https:\\\/\\\/www.strassenweb.de\\\/nachrichten\\\/ein-garten-am-rande-aller\\\/#primaryimage\"},\"thumbnailUrl\":\"https:\\\/\\\/www.strassenweb.de\\\/nachrichten\\\/wp-content\\\/uploads\\\/2025\\\/08\\\/Ein-Garten-am-Rande-aller.jpg\",\"keywords\":[\"aller\",\"ein\",\"Garten\",\"Rande\"],\"articleSection\":[\"Haus &amp; Garten\"],\"inLanguage\":\"de\"},{\"@type\":\"WebPage\",\"@id\":\"https:\\\/\\\/www.strassenweb.de\\\/nachrichten\\\/ein-garten-am-rande-aller\\\/\",\"url\":\"https:\\\/\\\/www.strassenweb.de\\\/nachrichten\\\/ein-garten-am-rande-aller\\\/\",\"name\":\"Ein Garten am Rande aller - Nachrichten - Stra\u00dfenweb\",\"isPartOf\":{\"@id\":\"https:\\\/\\\/www.strassenweb.de\\\/nachrichten\\\/#website\"},\"primaryImageOfPage\":{\"@id\":\"https:\\\/\\\/www.strassenweb.de\\\/nachrichten\\\/ein-garten-am-rande-aller\\\/#primaryimage\"},\"image\":{\"@id\":\"https:\\\/\\\/www.strassenweb.de\\\/nachrichten\\\/ein-garten-am-rande-aller\\\/#primaryimage\"},\"thumbnailUrl\":\"https:\\\/\\\/www.strassenweb.de\\\/nachrichten\\\/wp-content\\\/uploads\\\/2025\\\/08\\\/Ein-Garten-am-Rande-aller.jpg\",\"datePublished\":\"2025-08-30T08:39:55+00:00\",\"breadcrumb\":{\"@id\":\"https:\\\/\\\/www.strassenweb.de\\\/nachrichten\\\/ein-garten-am-rande-aller\\\/#breadcrumb\"},\"inLanguage\":\"de\",\"potentialAction\":[{\"@type\":\"ReadAction\",\"target\":[\"https:\\\/\\\/www.strassenweb.de\\\/nachrichten\\\/ein-garten-am-rande-aller\\\/\"]}]},{\"@type\":\"ImageObject\",\"inLanguage\":\"de\",\"@id\":\"https:\\\/\\\/www.strassenweb.de\\\/nachrichten\\\/ein-garten-am-rande-aller\\\/#primaryimage\",\"url\":\"https:\\\/\\\/www.strassenweb.de\\\/nachrichten\\\/wp-content\\\/uploads\\\/2025\\\/08\\\/Ein-Garten-am-Rande-aller.jpg\",\"contentUrl\":\"https:\\\/\\\/www.strassenweb.de\\\/nachrichten\\\/wp-content\\\/uploads\\\/2025\\\/08\\\/Ein-Garten-am-Rande-aller.jpg\",\"width\":1600,\"height\":900,\"caption\":\"Catskills garden with mountains beyond, including a pond garden surrounded by green shrubs and trees\"},{\"@type\":\"BreadcrumbList\",\"@id\":\"https:\\\/\\\/www.strassenweb.de\\\/nachrichten\\\/ein-garten-am-rande-aller\\\/#breadcrumb\",\"itemListElement\":[{\"@type\":\"ListItem\",\"position\":1,\"name\":\"Home\",\"item\":\"https:\\\/\\\/www.strassenweb.de\\\/nachrichten\\\/\"},{\"@type\":\"ListItem\",\"position\":2,\"name\":\"Ein Garten am Rande aller\"}]},{\"@type\":\"WebSite\",\"@id\":\"https:\\\/\\\/www.strassenweb.de\\\/nachrichten\\\/#website\",\"url\":\"https:\\\/\\\/www.strassenweb.de\\\/nachrichten\\\/\",\"name\":\"Stra\u00dfenweb\",\"description\":\"Stra\u00dfenverzeichnis f\u00fcr Deutschland\",\"publisher\":{\"@id\":\"https:\\\/\\\/www.strassenweb.de\\\/nachrichten\\\/#organization\"},\"potentialAction\":[{\"@type\":\"SearchAction\",\"target\":{\"@type\":\"EntryPoint\",\"urlTemplate\":\"https:\\\/\\\/www.strassenweb.de\\\/nachrichten\\\/?s={search_term_string}\"},\"query-input\":{\"@type\":\"PropertyValueSpecification\",\"valueRequired\":true,\"valueName\":\"search_term_string\"}}],\"inLanguage\":\"de\"},{\"@type\":\"Organization\",\"@id\":\"https:\\\/\\\/www.strassenweb.de\\\/nachrichten\\\/#organization\",\"name\":\"Stra\u00dfenweb\",\"url\":\"https:\\\/\\\/www.strassenweb.de\\\/nachrichten\\\/\",\"logo\":{\"@type\":\"ImageObject\",\"inLanguage\":\"de\",\"@id\":\"https:\\\/\\\/www.strassenweb.de\\\/nachrichten\\\/#\\\/schema\\\/logo\\\/image\\\/\",\"url\":\"https:\\\/\\\/www.strassenweb.de\\\/nachrichten\\\/wp-content\\\/uploads\\\/2024\\\/09\\\/cropped-favicon.png\",\"contentUrl\":\"https:\\\/\\\/www.strassenweb.de\\\/nachrichten\\\/wp-content\\\/uploads\\\/2024\\\/09\\\/cropped-favicon.png\",\"width\":512,\"height\":512,\"caption\":\"Stra\u00dfenweb\"},\"image\":{\"@id\":\"https:\\\/\\\/www.strassenweb.de\\\/nachrichten\\\/#\\\/schema\\\/logo\\\/image\\\/\"},\"sameAs\":[\"https:\\\/\\\/www.facebook.com\\\/strassenweb\\\/\"]},{\"@type\":\"Person\",\"@id\":\"https:\\\/\\\/www.strassenweb.de\\\/nachrichten\\\/#\\\/schema\\\/person\\\/87c9c9067f1211da429a744dc5a5aa41\",\"name\":\"Robert Hoffmann\",\"image\":{\"@type\":\"ImageObject\",\"inLanguage\":\"de\",\"@id\":\"https:\\\/\\\/www.strassenweb.de\\\/nachrichten\\\/wp-content\\\/uploads\\\/2024\\\/09\\\/strassenweb-150x150.jpg\",\"url\":\"https:\\\/\\\/www.strassenweb.de\\\/nachrichten\\\/wp-content\\\/uploads\\\/2024\\\/09\\\/strassenweb-150x150.jpg\",\"contentUrl\":\"https:\\\/\\\/www.strassenweb.de\\\/nachrichten\\\/wp-content\\\/uploads\\\/2024\\\/09\\\/strassenweb-150x150.jpg\",\"caption\":\"Robert Hoffmann\"},\"description\":\"Ich hei\u00dfe Robert Hoffmann und ich bin ein leidenschaftlicher Verfechter von \u00d6kologie und Biodiversit\u00e4t. Seit meiner Kindheit in den W\u00e4ldern Bayerns f\u00fchle ich mich mit der Natur verbunden und bin entschlossen, sie zu sch\u00fctzen. Heute widme ich mein Leben der Sensibilisierung anderer f\u00fcr die Bedeutung des Umweltschutzes f\u00fcr zuk\u00fcnftige Generationen.\",\"sameAs\":[\"https:\\\/\\\/www.strassenweb.de\\\/\"]}]}<\/script>\n<!-- \/ Yoast SEO plugin. -->","yoast_head_json":{"title":"Ein Garten am Rande aller - Nachrichten - Stra\u00dfenweb","robots":{"index":"index","follow":"follow","max-snippet":"max-snippet:-1","max-image-preview":"max-image-preview:large","max-video-preview":"max-video-preview:-1"},"canonical":"https:\/\/www.strassenweb.de\/nachrichten\/ein-garten-am-rande-aller\/","og_locale":"de_DE","og_type":"article","og_title":"Ein Garten am Rande aller - Nachrichten - Stra\u00dfenweb","og_description":"GArden Diaries ist unsere neue Serie, in der wir inspirierende Geschichten \u00fcber das Entwerfen und Kultivieren eines atemberaubenden Gartenraums teilen. Wir untersuchen, wie Kreative, Designer","og_url":"https:\/\/www.strassenweb.de\/nachrichten\/ein-garten-am-rande-aller\/","og_site_name":"Stra\u00dfenweb","article_publisher":"https:\/\/www.facebook.com\/strassenweb\/","article_published_time":"2025-08-30T08:39:55+00:00","og_image":[{"width":1600,"height":900,"url":"https:\/\/www.strassenweb.de\/nachrichten\/wp-content\/uploads\/2025\/08\/Ein-Garten-am-Rande-aller.jpg","type":"image\/jpeg"}],"author":"Robert Hoffmann","twitter_card":"summary_large_image","twitter_misc":{"Verfasst von":"Robert Hoffmann","Gesch\u00e4tzte Lesezeit":"10\u00a0Minuten"},"schema":{"@context":"https:\/\/schema.org","@graph":[{"@type":"Article","@id":"https:\/\/www.strassenweb.de\/nachrichten\/ein-garten-am-rande-aller\/#article","isPartOf":{"@id":"https:\/\/www.strassenweb.de\/nachrichten\/ein-garten-am-rande-aller\/"},"author":{"name":"Robert Hoffmann","@id":"https:\/\/www.strassenweb.de\/nachrichten\/#\/schema\/person\/87c9c9067f1211da429a744dc5a5aa41"},"headline":"Ein Garten am Rande aller","datePublished":"2025-08-30T08:39:55+00:00","mainEntityOfPage":{"@id":"https:\/\/www.strassenweb.de\/nachrichten\/ein-garten-am-rande-aller\/"},"wordCount":1909,"publisher":{"@id":"https:\/\/www.strassenweb.de\/nachrichten\/#organization"},"image":{"@id":"https:\/\/www.strassenweb.de\/nachrichten\/ein-garten-am-rande-aller\/#primaryimage"},"thumbnailUrl":"https:\/\/www.strassenweb.de\/nachrichten\/wp-content\/uploads\/2025\/08\/Ein-Garten-am-Rande-aller.jpg","keywords":["aller","ein","Garten","Rande"],"articleSection":["Haus &amp; Garten"],"inLanguage":"de"},{"@type":"WebPage","@id":"https:\/\/www.strassenweb.de\/nachrichten\/ein-garten-am-rande-aller\/","url":"https:\/\/www.strassenweb.de\/nachrichten\/ein-garten-am-rande-aller\/","name":"Ein Garten am Rande aller - Nachrichten - Stra\u00dfenweb","isPartOf":{"@id":"https:\/\/www.strassenweb.de\/nachrichten\/#website"},"primaryImageOfPage":{"@id":"https:\/\/www.strassenweb.de\/nachrichten\/ein-garten-am-rande-aller\/#primaryimage"},"image":{"@id":"https:\/\/www.strassenweb.de\/nachrichten\/ein-garten-am-rande-aller\/#primaryimage"},"thumbnailUrl":"https:\/\/www.strassenweb.de\/nachrichten\/wp-content\/uploads\/2025\/08\/Ein-Garten-am-Rande-aller.jpg","datePublished":"2025-08-30T08:39:55+00:00","breadcrumb":{"@id":"https:\/\/www.strassenweb.de\/nachrichten\/ein-garten-am-rande-aller\/#breadcrumb"},"inLanguage":"de","potentialAction":[{"@type":"ReadAction","target":["https:\/\/www.strassenweb.de\/nachrichten\/ein-garten-am-rande-aller\/"]}]},{"@type":"ImageObject","inLanguage":"de","@id":"https:\/\/www.strassenweb.de\/nachrichten\/ein-garten-am-rande-aller\/#primaryimage","url":"https:\/\/www.strassenweb.de\/nachrichten\/wp-content\/uploads\/2025\/08\/Ein-Garten-am-Rande-aller.jpg","contentUrl":"https:\/\/www.strassenweb.de\/nachrichten\/wp-content\/uploads\/2025\/08\/Ein-Garten-am-Rande-aller.jpg","width":1600,"height":900,"caption":"Catskills garden with mountains beyond, including a pond garden surrounded by green shrubs and trees"},{"@type":"BreadcrumbList","@id":"https:\/\/www.strassenweb.de\/nachrichten\/ein-garten-am-rande-aller\/#breadcrumb","itemListElement":[{"@type":"ListItem","position":1,"name":"Home","item":"https:\/\/www.strassenweb.de\/nachrichten\/"},{"@type":"ListItem","position":2,"name":"Ein Garten am Rande aller"}]},{"@type":"WebSite","@id":"https:\/\/www.strassenweb.de\/nachrichten\/#website","url":"https:\/\/www.strassenweb.de\/nachrichten\/","name":"Stra\u00dfenweb","description":"Stra\u00dfenverzeichnis f\u00fcr Deutschland","publisher":{"@id":"https:\/\/www.strassenweb.de\/nachrichten\/#organization"},"potentialAction":[{"@type":"SearchAction","target":{"@type":"EntryPoint","urlTemplate":"https:\/\/www.strassenweb.de\/nachrichten\/?s={search_term_string}"},"query-input":{"@type":"PropertyValueSpecification","valueRequired":true,"valueName":"search_term_string"}}],"inLanguage":"de"},{"@type":"Organization","@id":"https:\/\/www.strassenweb.de\/nachrichten\/#organization","name":"Stra\u00dfenweb","url":"https:\/\/www.strassenweb.de\/nachrichten\/","logo":{"@type":"ImageObject","inLanguage":"de","@id":"https:\/\/www.strassenweb.de\/nachrichten\/#\/schema\/logo\/image\/","url":"https:\/\/www.strassenweb.de\/nachrichten\/wp-content\/uploads\/2024\/09\/cropped-favicon.png","contentUrl":"https:\/\/www.strassenweb.de\/nachrichten\/wp-content\/uploads\/2024\/09\/cropped-favicon.png","width":512,"height":512,"caption":"Stra\u00dfenweb"},"image":{"@id":"https:\/\/www.strassenweb.de\/nachrichten\/#\/schema\/logo\/image\/"},"sameAs":["https:\/\/www.facebook.com\/strassenweb\/"]},{"@type":"Person","@id":"https:\/\/www.strassenweb.de\/nachrichten\/#\/schema\/person\/87c9c9067f1211da429a744dc5a5aa41","name":"Robert Hoffmann","image":{"@type":"ImageObject","inLanguage":"de","@id":"https:\/\/www.strassenweb.de\/nachrichten\/wp-content\/uploads\/2024\/09\/strassenweb-150x150.jpg","url":"https:\/\/www.strassenweb.de\/nachrichten\/wp-content\/uploads\/2024\/09\/strassenweb-150x150.jpg","contentUrl":"https:\/\/www.strassenweb.de\/nachrichten\/wp-content\/uploads\/2024\/09\/strassenweb-150x150.jpg","caption":"Robert Hoffmann"},"description":"Ich hei\u00dfe Robert Hoffmann und ich bin ein leidenschaftlicher Verfechter von \u00d6kologie und Biodiversit\u00e4t. Seit meiner Kindheit in den W\u00e4ldern Bayerns f\u00fchle ich mich mit der Natur verbunden und bin entschlossen, sie zu sch\u00fctzen. Heute widme ich mein Leben der Sensibilisierung anderer f\u00fcr die Bedeutung des Umweltschutzes f\u00fcr zuk\u00fcnftige Generationen.","sameAs":["https:\/\/www.strassenweb.de\/"]}]}},"_links":{"self":[{"href":"https:\/\/www.strassenweb.de\/nachrichten\/wp-json\/wp\/v2\/posts\/7338","targetHints":{"allow":["GET"]}}],"collection":[{"href":"https:\/\/www.strassenweb.de\/nachrichten\/wp-json\/wp\/v2\/posts"}],"about":[{"href":"https:\/\/www.strassenweb.de\/nachrichten\/wp-json\/wp\/v2\/types\/post"}],"author":[{"embeddable":true,"href":"https:\/\/www.strassenweb.de\/nachrichten\/wp-json\/wp\/v2\/users\/1"}],"replies":[{"embeddable":true,"href":"https:\/\/www.strassenweb.de\/nachrichten\/wp-json\/wp\/v2\/comments?post=7338"}],"version-history":[{"count":0,"href":"https:\/\/www.strassenweb.de\/nachrichten\/wp-json\/wp\/v2\/posts\/7338\/revisions"}],"wp:featuredmedia":[{"embeddable":true,"href":"https:\/\/www.strassenweb.de\/nachrichten\/wp-json\/wp\/v2\/media\/7339"}],"wp:attachment":[{"href":"https:\/\/www.strassenweb.de\/nachrichten\/wp-json\/wp\/v2\/media?parent=7338"}],"wp:term":[{"taxonomy":"category","embeddable":true,"href":"https:\/\/www.strassenweb.de\/nachrichten\/wp-json\/wp\/v2\/categories?post=7338"},{"taxonomy":"post_tag","embeddable":true,"href":"https:\/\/www.strassenweb.de\/nachrichten\/wp-json\/wp\/v2\/tags?post=7338"}],"curies":[{"name":"wp","href":"https:\/\/api.w.org\/{rel}","templated":true}]}}