{"id":7327,"date":"2025-08-29T23:40:44","date_gmt":"2025-08-29T21:40:44","guid":{"rendered":"https:\/\/www.strassenweb.de\/nachrichten\/plymouth-feiert-nachhaltige-meeresfruechte-und-meeresanschluesse-bei-seafest-2025\/"},"modified":"2025-08-29T23:40:45","modified_gmt":"2025-08-29T21:40:45","slug":"plymouth-feiert-nachhaltige-meeresfruechte-und-meeresanschluesse-bei-seafest-2025","status":"publish","type":"post","link":"https:\/\/www.strassenweb.de\/nachrichten\/plymouth-feiert-nachhaltige-meeresfruechte-und-meeresanschluesse-bei-seafest-2025\/","title":{"rendered":"Plymouth feiert nachhaltige Meeresfr\u00fcchte und Meeresanschl\u00fcsse bei Seafest 2025"},"content":{"rendered":"<p><em>Kostenlose Veranstaltung &#8211; Samstag, 13 und Sonntag, 14. September 2025<\/em><\/p>\n<p><strong>Plymouth, 20. August 2025<\/strong> &#8211; Plymouth, Gro\u00dfbritanniens Ocean City &#8211; eine Stadt wild um die Natur und der einzige, der zwischen einem Nationalpark und einem National Marine Park sitzt &#8211; l\u00e4dt Besucher zu einem Wochenende mit nachhaltigen Meeresfr\u00fcchten, kulinarischen K\u00f6stlichkeiten und Spa\u00df am Wasser am SeaFest 2025 ein. <\/p>\n<p>Das Free-to-Tenden-Festival wird von Plymouth Waterfront Partnership, Plymouth Sound National Marine Park und Plymouth City Council und feiern das maritime Erbe und die gedeihliche Lebensmittelszene, die von der Plymouth Waterfront Partnership, Plymouth Sound National Marine Park und die distanzierende Lebensmittelszene feiern, zum Leben erweckt.<\/p>\n<p>Im Zentrum der Veranstaltung ist <strong>Plymouths Engagement f\u00fcr Nachhaltigkeit und seine tiefe Verbindung zum Ozean<\/strong> &#8211; Gro\u00dfbritanniens Ocean City war die erste Stadt der Welt, die den Fish2Fork Blue City Award gewann, um eine Kernzahl von Restaurants zu erkennen, die Meeresfr\u00fcchte aus nachhaltigen Quellen verwenden &#8211; und im Rahmen der <strong>Halten Sie das Plymouth an<\/strong> Kampagne, die Plymouth Fishing and Seafood Association wird zeigen, wie wichtig es ist, lokale Fischer mit Meeresfr\u00fcchte Demonstrationen mit verantwortungsbewusst gefangenen Produkten zu unterst\u00fctzen.<\/p>\n<p>SeaFest 2025, ein beliebter Spiel im Veranstaltungskalender der Stadt, wird die R\u00fcckkehr der Live-Kochb\u00fchne enthalten, in der gefeierte lokale K\u00f6che nachhaltig Fischungen und Besucher inspirieren, einen Vorgeschmack auf die K\u00fcste in ihre eigenen K\u00fcchen zu bringen.<\/p>\n<p><strong>Kim Downer<\/strong>Anwesend <strong>Interim CEO bei Plymouth Waterfront Partnership, sagt<\/strong>: \u201eSeafest feiert die nat\u00fcrliche Sch\u00f6nheit unserer Uferpromenade und das unglaubliche Talent in Plymouths Essens- und Getr\u00e4nkegemeinschaft. Wir freuen uns, dass die Demo -B\u00fchne dieses Jahr zur\u00fcck ist, und ich freue mich sehr darauf zu sehen, was unsere lokalen Restaurants, Unternehmen und K\u00f6che kochen!\u201c <\/p>\n<p><strong>Elaine Hayes, CEO von Plymouth Sound National Marine Park, f\u00fcgt hinzu: <\/strong>&#8222;Seafest f\u00e4ngt den Geist von Plymouth wirklich ein. Es erweckt unseren National Marine Park zum Leben, indem er die Menschen mit unserem unglaublichen nat\u00fcrlichen und kulturellen Marineerbe verbindet und gleichzeitig den vorausdenklichen Ansatz der Stadt f\u00fcr Nachhaltigkeit und Tourismus zeigt.&#8220;<\/p>\n<p><strong>Jenseits des Seafests: Die lebendige Szene f\u00fcr Essen und Getr\u00e4nke der Stadt<\/strong><\/p>\n<p>Aber das ist nicht alles; Plymouths starker Fokus auf nachhaltiges Essen und Getr\u00e4nk wird durch Initiativen unterst\u00fctzt, die sowohl von der Universit\u00e4t von Plymouth angetrieben werden &#8211; mit Betonung von Fairtrade und Bio -Kaffee und der Unterst\u00fctzung lokaler Produzenten &#8211; und Food Plymouth, einem Bronze- und Silber -Preis -Mitglied des Mitglieds des Networks f\u00fcr nachhaltiges Lebensmittel, das ein gesundes und nachhaltiges Lebensmittelsystem schafft, um ein gesunde und nachhaltige Lebensmittelsystem zu schaffen, das in der Stadt eingesundetes Essen und Ressourcen baut, und Ressourcen und Ressourcen und Ressourcen und Ressourcen, die sich mit Ressourcen und Ressourcen befassen.<\/p>\n<p>Die Lebensmittelszene der Stadt entwickelt sich mit einer wachsenden Anzahl unabh\u00e4ngiger Restaurants, Waterside -Bistros und ethischen Restaurants weiterentwickelt. H\u00f6hepunkte sind: <\/p>\n<ul class=\"wp-block-list\">\n<li><strong>Kosmische K\u00fcche<\/strong>ein familiengef\u00fchrtes, 100% veganes Bistro in einer ehemaligen viktorianischen Kapelle.<\/li>\n<li><strong>Das Bootshaus -Caf\u00e9<\/strong>Meeresfr\u00fcchte mit Aussicht, in der N\u00e4he der weltber\u00fchmten Mayflower-Schritte.<\/li>\n<\/ul>\n<ul class=\"wp-block-list\">\n<li><strong> <\/strong><strong>Die Terrasse<\/strong> Auf Plymouth Hoe zum Fr\u00fchst\u00fcck mit Blick auf den Ozean.<\/li>\n<li><strong>Pier eins<\/strong>zeitgen\u00f6ssische K\u00fcstenk\u00fcche in sch\u00f6nen Umgebungen.<\/li>\n<li><strong>Rockfisch<\/strong>ein entspannter Ort f\u00fcr die ganze Familie, um nachhaltige lokale Meeresfr\u00fcchte zu genie\u00dfen.<\/li>\n<li><strong>Das Dock<\/strong> in King Point Marina und <strong>Haus des Piermeisters<\/strong> &#8211; Dies kann \u00fcber 300 G\u00e4ste mit 3 Balkonbereichen untergebracht &#8211; f\u00fcr stilvolle, entspannte Essen am Wasser.<\/li>\n<li><strong>Le Vignoble<\/strong>Eine Boutique Wine Lounge in Royal William Yard bietet \u00fcber 180 Weine in einer entspannten kontinentalen Umgebung mit Tapas und Wurstwaren.<\/li>\n<li><strong>Die Schatzkammer<\/strong>eine historische Bar und ein Restaurant mit hohen Decken und kreativen Cocktails.<\/li>\n<li><strong>Barbican K\u00fcche<\/strong>unter der weltber\u00fchmten Plymouth-Gin-Brennerei.<\/li>\n<li><strong>\u00c0cl\u00e8af in der Boringdon Hall<\/strong>Plymouths mit einem Michelin-Stern ausgezeichnetes Restaurant mit dem Schwerpunkt auf erstklassigem Essenserlebnis, gepaart mit Spa-Pausen und der Eleganz des Landes.<\/li>\n<\/ul>\n<p><strong>Amanda Lumley, CEO von Destination Plymouth, schlie\u00dft: <\/strong>\u201ePlymouths Essens- und Getr\u00e4nkszene ist lebendig und vielf\u00e4ltig, von preisgekr\u00f6nten Meeresfr\u00fcchten und Hafenspitzen bis hin zur innovativen pflanzlichen K\u00fcche. Was sie auszeichnet, ist unsere tiefe Verbindung zum Ozean, die sowohl die Aromen unserer Teller als auch unser Engagement f\u00fcr Nachhaltigkeit inspiriert.<\/p>\n<p>Egal, ob Sie f\u00fcr das Meer, das Essen, die Musik oder die Atmosph\u00e4re kommen, Plymouth verspricht blavengepackte Erfahrungen und Sorgfalt, Verantwortung und Respekt f\u00fcr die Umwelt und den Ozean.<\/p>\n<p>Komm hungrig, lass inspiriert.<\/p>\n<p><strong>F\u00fcr alle Details:<\/strong><\/p>\n<p>Weitere Informationen und den vollst\u00e4ndigen Zeitplan f\u00fcr Seafest finden Sie unter: SeaFest 2025<\/p>\n<p>Weitere Informationen zu der riesigen und abwechslungsreichen Szene f\u00fcr Lebensmittel und Getr\u00e4nke in der Stadt finden Sie unter: Plymouth, Gro\u00dfbritanniens Ozean City, Food &#038; Drink<\/p>\n<p><strong>\u00dcber Seafest 2025:<\/strong><\/p>\n<p>Best\u00e4tigte H\u00f6hepunkte umfassen:<\/p>\n<ul class=\"wp-block-list\">\n<li><strong>Live -Kochb\u00fchne<\/strong> mit lokalen K\u00f6chen und Meeresfr\u00fcchten Demos<\/li>\n<li><strong>Au\u00dfenkino<\/strong> am Tinside mit Vorf\u00fchrungen einschlie\u00dflich <em>Nemo finden<\/em> Und <em>Der Salzweg<\/em><\/li>\n<li><strong>90p schwimmt<\/strong> am Tinside Lido zu seinem 90 -j\u00e4hrigen Jubil\u00e4um<\/li>\n<li><strong>Der Wal<\/strong> &#8211; Ein immersives Theatererlebnis bei Royal William Yard<\/li>\n<li><strong>J\/24 World Sailing Championships<\/strong> Finale<\/li>\n<li><strong>Freie und kosteng\u00fcnstige Wassersports,<\/strong> einschlie\u00dflich Paddleboarding, Kajakfahren und Taucher<\/li>\n<li><strong>Royal William Yard 200 Ausstellung<\/strong> Feiern Sie das lokale Erbe<\/li>\n<\/ul>\n<p>Um den Besuchern einfach und nachhaltig zu bew\u00e4ltigen, wird auch das ganze Wochenende \u00fcber eine Reihe subventionierter Transportoptionen erh\u00e4ltlich sein.<\/p>\n","protected":false},"excerpt":{"rendered":"<p>Kostenlose Veranstaltung &#8211; Samstag, 13 und Sonntag, 14. September 2025 Plymouth, 20. August 2025 &#8211; Plymouth, Gro\u00dfbritanniens Ocean City &#8211; eine Stadt wild um die<\/p>\n","protected":false},"author":1,"featured_media":7328,"comment_status":"closed","ping_status":"","sticky":false,"template":"","format":"standard","meta":{"footnotes":""},"categories":[101],"tags":[152,105,9775,9774,878,1285,9776,37],"class_list":["post-7327","post","type-post","status-publish","format-standard","has-post-thumbnail","hentry","category-oekologie","tag-bei","tag-feiert","tag-meeresanschluesse","tag-meeresfruechte","tag-nachhaltige","tag-plymouth","tag-seafest","tag-und","generate-columns","tablet-grid-50","mobile-grid-100","grid-parent","grid-50"],"yoast_head":"<!-- This site is optimized with the Yoast SEO plugin v27.3 - https:\/\/yoast.com\/product\/yoast-seo-wordpress\/ -->\n<title>Plymouth feiert nachhaltige Meeresfr\u00fcchte und Meeresanschl\u00fcsse bei Seafest 2025 - Nachrichten - Stra\u00dfenweb<\/title>\n<meta name=\"robots\" content=\"index, follow, max-snippet:-1, max-image-preview:large, max-video-preview:-1\" \/>\n<link rel=\"canonical\" href=\"https:\/\/www.strassenweb.de\/nachrichten\/plymouth-feiert-nachhaltige-meeresfruechte-und-meeresanschluesse-bei-seafest-2025\/\" \/>\n<meta property=\"og:locale\" content=\"de_DE\" \/>\n<meta property=\"og:type\" content=\"article\" \/>\n<meta property=\"og:title\" content=\"Plymouth feiert nachhaltige Meeresfr\u00fcchte und Meeresanschl\u00fcsse bei Seafest 2025 - Nachrichten - Stra\u00dfenweb\" \/>\n<meta property=\"og:description\" content=\"Kostenlose Veranstaltung &#8211; Samstag, 13 und Sonntag, 14. September 2025 Plymouth, 20. August 2025 &#8211; Plymouth, Gro\u00dfbritanniens Ocean City &#8211; eine Stadt wild um die\" \/>\n<meta property=\"og:url\" content=\"https:\/\/www.strassenweb.de\/nachrichten\/plymouth-feiert-nachhaltige-meeresfruechte-und-meeresanschluesse-bei-seafest-2025\/\" \/>\n<meta property=\"og:site_name\" content=\"Stra\u00dfenweb\" \/>\n<meta property=\"article:publisher\" content=\"https:\/\/www.facebook.com\/strassenweb\/\" \/>\n<meta property=\"article:published_time\" content=\"2025-08-29T21:40:44+00:00\" \/>\n<meta property=\"article:modified_time\" content=\"2025-08-29T21:40:45+00:00\" \/>\n<meta property=\"og:image\" content=\"https:\/\/www.strassenweb.de\/nachrichten\/wp-content\/uploads\/2025\/08\/Plymouth-feiert-nachhaltige-Meeresfruechte-und-Meeresanschluesse-bei-Seafest-2025.jpg\" \/>\n\t<meta property=\"og:image:width\" content=\"900\" \/>\n\t<meta property=\"og:image:height\" content=\"557\" \/>\n\t<meta property=\"og:image:type\" content=\"image\/jpeg\" \/>\n<meta name=\"author\" content=\"Robert Hoffmann\" \/>\n<meta name=\"twitter:card\" content=\"summary_large_image\" \/>\n<meta name=\"twitter:label1\" content=\"Verfasst von\" \/>\n\t<meta name=\"twitter:data1\" content=\"Robert Hoffmann\" \/>\n\t<meta name=\"twitter:label2\" content=\"Gesch\u00e4tzte Lesezeit\" \/>\n\t<meta name=\"twitter:data2\" content=\"4\u00a0Minuten\" \/>\n<script type=\"application\/ld+json\" class=\"yoast-schema-graph\">{\"@context\":\"https:\\\/\\\/schema.org\",\"@graph\":[{\"@type\":\"Article\",\"@id\":\"https:\\\/\\\/www.strassenweb.de\\\/nachrichten\\\/plymouth-feiert-nachhaltige-meeresfruechte-und-meeresanschluesse-bei-seafest-2025\\\/#article\",\"isPartOf\":{\"@id\":\"https:\\\/\\\/www.strassenweb.de\\\/nachrichten\\\/plymouth-feiert-nachhaltige-meeresfruechte-und-meeresanschluesse-bei-seafest-2025\\\/\"},\"author\":{\"name\":\"Robert Hoffmann\",\"@id\":\"https:\\\/\\\/www.strassenweb.de\\\/nachrichten\\\/#\\\/schema\\\/person\\\/87c9c9067f1211da429a744dc5a5aa41\"},\"headline\":\"Plymouth feiert nachhaltige Meeresfr\u00fcchte und Meeresanschl\u00fcsse bei Seafest 2025\",\"datePublished\":\"2025-08-29T21:40:44+00:00\",\"dateModified\":\"2025-08-29T21:40:45+00:00\",\"mainEntityOfPage\":{\"@id\":\"https:\\\/\\\/www.strassenweb.de\\\/nachrichten\\\/plymouth-feiert-nachhaltige-meeresfruechte-und-meeresanschluesse-bei-seafest-2025\\\/\"},\"wordCount\":880,\"publisher\":{\"@id\":\"https:\\\/\\\/www.strassenweb.de\\\/nachrichten\\\/#organization\"},\"image\":{\"@id\":\"https:\\\/\\\/www.strassenweb.de\\\/nachrichten\\\/plymouth-feiert-nachhaltige-meeresfruechte-und-meeresanschluesse-bei-seafest-2025\\\/#primaryimage\"},\"thumbnailUrl\":\"https:\\\/\\\/www.strassenweb.de\\\/nachrichten\\\/wp-content\\\/uploads\\\/2025\\\/08\\\/Plymouth-feiert-nachhaltige-Meeresfruechte-und-Meeresanschluesse-bei-Seafest-2025.jpg\",\"keywords\":[\"Bei\",\"feiert\",\"Meeresanschl\u00fcsse\",\"Meeresfr\u00fcchte\",\"nachhaltige\",\"Plymouth\",\"Seafest\",\"und\"],\"articleSection\":[\"\u00d6kologie\"],\"inLanguage\":\"de\"},{\"@type\":\"WebPage\",\"@id\":\"https:\\\/\\\/www.strassenweb.de\\\/nachrichten\\\/plymouth-feiert-nachhaltige-meeresfruechte-und-meeresanschluesse-bei-seafest-2025\\\/\",\"url\":\"https:\\\/\\\/www.strassenweb.de\\\/nachrichten\\\/plymouth-feiert-nachhaltige-meeresfruechte-und-meeresanschluesse-bei-seafest-2025\\\/\",\"name\":\"Plymouth feiert nachhaltige Meeresfr\u00fcchte und Meeresanschl\u00fcsse bei Seafest 2025 - Nachrichten - Stra\u00dfenweb\",\"isPartOf\":{\"@id\":\"https:\\\/\\\/www.strassenweb.de\\\/nachrichten\\\/#website\"},\"primaryImageOfPage\":{\"@id\":\"https:\\\/\\\/www.strassenweb.de\\\/nachrichten\\\/plymouth-feiert-nachhaltige-meeresfruechte-und-meeresanschluesse-bei-seafest-2025\\\/#primaryimage\"},\"image\":{\"@id\":\"https:\\\/\\\/www.strassenweb.de\\\/nachrichten\\\/plymouth-feiert-nachhaltige-meeresfruechte-und-meeresanschluesse-bei-seafest-2025\\\/#primaryimage\"},\"thumbnailUrl\":\"https:\\\/\\\/www.strassenweb.de\\\/nachrichten\\\/wp-content\\\/uploads\\\/2025\\\/08\\\/Plymouth-feiert-nachhaltige-Meeresfruechte-und-Meeresanschluesse-bei-Seafest-2025.jpg\",\"datePublished\":\"2025-08-29T21:40:44+00:00\",\"dateModified\":\"2025-08-29T21:40:45+00:00\",\"breadcrumb\":{\"@id\":\"https:\\\/\\\/www.strassenweb.de\\\/nachrichten\\\/plymouth-feiert-nachhaltige-meeresfruechte-und-meeresanschluesse-bei-seafest-2025\\\/#breadcrumb\"},\"inLanguage\":\"de\",\"potentialAction\":[{\"@type\":\"ReadAction\",\"target\":[\"https:\\\/\\\/www.strassenweb.de\\\/nachrichten\\\/plymouth-feiert-nachhaltige-meeresfruechte-und-meeresanschluesse-bei-seafest-2025\\\/\"]}]},{\"@type\":\"ImageObject\",\"inLanguage\":\"de\",\"@id\":\"https:\\\/\\\/www.strassenweb.de\\\/nachrichten\\\/plymouth-feiert-nachhaltige-meeresfruechte-und-meeresanschluesse-bei-seafest-2025\\\/#primaryimage\",\"url\":\"https:\\\/\\\/www.strassenweb.de\\\/nachrichten\\\/wp-content\\\/uploads\\\/2025\\\/08\\\/Plymouth-feiert-nachhaltige-Meeresfruechte-und-Meeresanschluesse-bei-Seafest-2025.jpg\",\"contentUrl\":\"https:\\\/\\\/www.strassenweb.de\\\/nachrichten\\\/wp-content\\\/uploads\\\/2025\\\/08\\\/Plymouth-feiert-nachhaltige-Meeresfruechte-und-Meeresanschluesse-bei-Seafest-2025.jpg\",\"width\":900,\"height\":557,\"caption\":\"Plymouth celebrates sustainable seafood and ocean connections at\u00a0Seafest\u00a02025\"},{\"@type\":\"BreadcrumbList\",\"@id\":\"https:\\\/\\\/www.strassenweb.de\\\/nachrichten\\\/plymouth-feiert-nachhaltige-meeresfruechte-und-meeresanschluesse-bei-seafest-2025\\\/#breadcrumb\",\"itemListElement\":[{\"@type\":\"ListItem\",\"position\":1,\"name\":\"Home\",\"item\":\"https:\\\/\\\/www.strassenweb.de\\\/nachrichten\\\/\"},{\"@type\":\"ListItem\",\"position\":2,\"name\":\"Plymouth feiert nachhaltige Meeresfr\u00fcchte und Meeresanschl\u00fcsse bei Seafest 2025\"}]},{\"@type\":\"WebSite\",\"@id\":\"https:\\\/\\\/www.strassenweb.de\\\/nachrichten\\\/#website\",\"url\":\"https:\\\/\\\/www.strassenweb.de\\\/nachrichten\\\/\",\"name\":\"Stra\u00dfenweb\",\"description\":\"Stra\u00dfenverzeichnis f\u00fcr Deutschland\",\"publisher\":{\"@id\":\"https:\\\/\\\/www.strassenweb.de\\\/nachrichten\\\/#organization\"},\"potentialAction\":[{\"@type\":\"SearchAction\",\"target\":{\"@type\":\"EntryPoint\",\"urlTemplate\":\"https:\\\/\\\/www.strassenweb.de\\\/nachrichten\\\/?s={search_term_string}\"},\"query-input\":{\"@type\":\"PropertyValueSpecification\",\"valueRequired\":true,\"valueName\":\"search_term_string\"}}],\"inLanguage\":\"de\"},{\"@type\":\"Organization\",\"@id\":\"https:\\\/\\\/www.strassenweb.de\\\/nachrichten\\\/#organization\",\"name\":\"Stra\u00dfenweb\",\"url\":\"https:\\\/\\\/www.strassenweb.de\\\/nachrichten\\\/\",\"logo\":{\"@type\":\"ImageObject\",\"inLanguage\":\"de\",\"@id\":\"https:\\\/\\\/www.strassenweb.de\\\/nachrichten\\\/#\\\/schema\\\/logo\\\/image\\\/\",\"url\":\"https:\\\/\\\/www.strassenweb.de\\\/nachrichten\\\/wp-content\\\/uploads\\\/2024\\\/09\\\/cropped-favicon.png\",\"contentUrl\":\"https:\\\/\\\/www.strassenweb.de\\\/nachrichten\\\/wp-content\\\/uploads\\\/2024\\\/09\\\/cropped-favicon.png\",\"width\":512,\"height\":512,\"caption\":\"Stra\u00dfenweb\"},\"image\":{\"@id\":\"https:\\\/\\\/www.strassenweb.de\\\/nachrichten\\\/#\\\/schema\\\/logo\\\/image\\\/\"},\"sameAs\":[\"https:\\\/\\\/www.facebook.com\\\/strassenweb\\\/\"]},{\"@type\":\"Person\",\"@id\":\"https:\\\/\\\/www.strassenweb.de\\\/nachrichten\\\/#\\\/schema\\\/person\\\/87c9c9067f1211da429a744dc5a5aa41\",\"name\":\"Robert Hoffmann\",\"image\":{\"@type\":\"ImageObject\",\"inLanguage\":\"de\",\"@id\":\"https:\\\/\\\/www.strassenweb.de\\\/nachrichten\\\/wp-content\\\/uploads\\\/2024\\\/09\\\/strassenweb-150x150.jpg\",\"url\":\"https:\\\/\\\/www.strassenweb.de\\\/nachrichten\\\/wp-content\\\/uploads\\\/2024\\\/09\\\/strassenweb-150x150.jpg\",\"contentUrl\":\"https:\\\/\\\/www.strassenweb.de\\\/nachrichten\\\/wp-content\\\/uploads\\\/2024\\\/09\\\/strassenweb-150x150.jpg\",\"caption\":\"Robert Hoffmann\"},\"description\":\"Ich hei\u00dfe Robert Hoffmann und ich bin ein leidenschaftlicher Verfechter von \u00d6kologie und Biodiversit\u00e4t. Seit meiner Kindheit in den W\u00e4ldern Bayerns f\u00fchle ich mich mit der Natur verbunden und bin entschlossen, sie zu sch\u00fctzen. Heute widme ich mein Leben der Sensibilisierung anderer f\u00fcr die Bedeutung des Umweltschutzes f\u00fcr zuk\u00fcnftige Generationen.\",\"sameAs\":[\"https:\\\/\\\/www.strassenweb.de\\\/\"]}]}<\/script>\n<!-- \/ Yoast SEO plugin. -->","yoast_head_json":{"title":"Plymouth feiert nachhaltige Meeresfr\u00fcchte und Meeresanschl\u00fcsse bei Seafest 2025 - Nachrichten - Stra\u00dfenweb","robots":{"index":"index","follow":"follow","max-snippet":"max-snippet:-1","max-image-preview":"max-image-preview:large","max-video-preview":"max-video-preview:-1"},"canonical":"https:\/\/www.strassenweb.de\/nachrichten\/plymouth-feiert-nachhaltige-meeresfruechte-und-meeresanschluesse-bei-seafest-2025\/","og_locale":"de_DE","og_type":"article","og_title":"Plymouth feiert nachhaltige Meeresfr\u00fcchte und Meeresanschl\u00fcsse bei Seafest 2025 - Nachrichten - Stra\u00dfenweb","og_description":"Kostenlose Veranstaltung &#8211; Samstag, 13 und Sonntag, 14. September 2025 Plymouth, 20. August 2025 &#8211; Plymouth, Gro\u00dfbritanniens Ocean City &#8211; eine Stadt wild um die","og_url":"https:\/\/www.strassenweb.de\/nachrichten\/plymouth-feiert-nachhaltige-meeresfruechte-und-meeresanschluesse-bei-seafest-2025\/","og_site_name":"Stra\u00dfenweb","article_publisher":"https:\/\/www.facebook.com\/strassenweb\/","article_published_time":"2025-08-29T21:40:44+00:00","article_modified_time":"2025-08-29T21:40:45+00:00","og_image":[{"width":900,"height":557,"url":"https:\/\/www.strassenweb.de\/nachrichten\/wp-content\/uploads\/2025\/08\/Plymouth-feiert-nachhaltige-Meeresfruechte-und-Meeresanschluesse-bei-Seafest-2025.jpg","type":"image\/jpeg"}],"author":"Robert Hoffmann","twitter_card":"summary_large_image","twitter_misc":{"Verfasst von":"Robert Hoffmann","Gesch\u00e4tzte Lesezeit":"4\u00a0Minuten"},"schema":{"@context":"https:\/\/schema.org","@graph":[{"@type":"Article","@id":"https:\/\/www.strassenweb.de\/nachrichten\/plymouth-feiert-nachhaltige-meeresfruechte-und-meeresanschluesse-bei-seafest-2025\/#article","isPartOf":{"@id":"https:\/\/www.strassenweb.de\/nachrichten\/plymouth-feiert-nachhaltige-meeresfruechte-und-meeresanschluesse-bei-seafest-2025\/"},"author":{"name":"Robert Hoffmann","@id":"https:\/\/www.strassenweb.de\/nachrichten\/#\/schema\/person\/87c9c9067f1211da429a744dc5a5aa41"},"headline":"Plymouth feiert nachhaltige Meeresfr\u00fcchte und Meeresanschl\u00fcsse bei Seafest 2025","datePublished":"2025-08-29T21:40:44+00:00","dateModified":"2025-08-29T21:40:45+00:00","mainEntityOfPage":{"@id":"https:\/\/www.strassenweb.de\/nachrichten\/plymouth-feiert-nachhaltige-meeresfruechte-und-meeresanschluesse-bei-seafest-2025\/"},"wordCount":880,"publisher":{"@id":"https:\/\/www.strassenweb.de\/nachrichten\/#organization"},"image":{"@id":"https:\/\/www.strassenweb.de\/nachrichten\/plymouth-feiert-nachhaltige-meeresfruechte-und-meeresanschluesse-bei-seafest-2025\/#primaryimage"},"thumbnailUrl":"https:\/\/www.strassenweb.de\/nachrichten\/wp-content\/uploads\/2025\/08\/Plymouth-feiert-nachhaltige-Meeresfruechte-und-Meeresanschluesse-bei-Seafest-2025.jpg","keywords":["Bei","feiert","Meeresanschl\u00fcsse","Meeresfr\u00fcchte","nachhaltige","Plymouth","Seafest","und"],"articleSection":["\u00d6kologie"],"inLanguage":"de"},{"@type":"WebPage","@id":"https:\/\/www.strassenweb.de\/nachrichten\/plymouth-feiert-nachhaltige-meeresfruechte-und-meeresanschluesse-bei-seafest-2025\/","url":"https:\/\/www.strassenweb.de\/nachrichten\/plymouth-feiert-nachhaltige-meeresfruechte-und-meeresanschluesse-bei-seafest-2025\/","name":"Plymouth feiert nachhaltige Meeresfr\u00fcchte und Meeresanschl\u00fcsse bei Seafest 2025 - Nachrichten - Stra\u00dfenweb","isPartOf":{"@id":"https:\/\/www.strassenweb.de\/nachrichten\/#website"},"primaryImageOfPage":{"@id":"https:\/\/www.strassenweb.de\/nachrichten\/plymouth-feiert-nachhaltige-meeresfruechte-und-meeresanschluesse-bei-seafest-2025\/#primaryimage"},"image":{"@id":"https:\/\/www.strassenweb.de\/nachrichten\/plymouth-feiert-nachhaltige-meeresfruechte-und-meeresanschluesse-bei-seafest-2025\/#primaryimage"},"thumbnailUrl":"https:\/\/www.strassenweb.de\/nachrichten\/wp-content\/uploads\/2025\/08\/Plymouth-feiert-nachhaltige-Meeresfruechte-und-Meeresanschluesse-bei-Seafest-2025.jpg","datePublished":"2025-08-29T21:40:44+00:00","dateModified":"2025-08-29T21:40:45+00:00","breadcrumb":{"@id":"https:\/\/www.strassenweb.de\/nachrichten\/plymouth-feiert-nachhaltige-meeresfruechte-und-meeresanschluesse-bei-seafest-2025\/#breadcrumb"},"inLanguage":"de","potentialAction":[{"@type":"ReadAction","target":["https:\/\/www.strassenweb.de\/nachrichten\/plymouth-feiert-nachhaltige-meeresfruechte-und-meeresanschluesse-bei-seafest-2025\/"]}]},{"@type":"ImageObject","inLanguage":"de","@id":"https:\/\/www.strassenweb.de\/nachrichten\/plymouth-feiert-nachhaltige-meeresfruechte-und-meeresanschluesse-bei-seafest-2025\/#primaryimage","url":"https:\/\/www.strassenweb.de\/nachrichten\/wp-content\/uploads\/2025\/08\/Plymouth-feiert-nachhaltige-Meeresfruechte-und-Meeresanschluesse-bei-Seafest-2025.jpg","contentUrl":"https:\/\/www.strassenweb.de\/nachrichten\/wp-content\/uploads\/2025\/08\/Plymouth-feiert-nachhaltige-Meeresfruechte-und-Meeresanschluesse-bei-Seafest-2025.jpg","width":900,"height":557,"caption":"Plymouth celebrates sustainable seafood and ocean connections at\u00a0Seafest\u00a02025"},{"@type":"BreadcrumbList","@id":"https:\/\/www.strassenweb.de\/nachrichten\/plymouth-feiert-nachhaltige-meeresfruechte-und-meeresanschluesse-bei-seafest-2025\/#breadcrumb","itemListElement":[{"@type":"ListItem","position":1,"name":"Home","item":"https:\/\/www.strassenweb.de\/nachrichten\/"},{"@type":"ListItem","position":2,"name":"Plymouth feiert nachhaltige Meeresfr\u00fcchte und Meeresanschl\u00fcsse bei Seafest 2025"}]},{"@type":"WebSite","@id":"https:\/\/www.strassenweb.de\/nachrichten\/#website","url":"https:\/\/www.strassenweb.de\/nachrichten\/","name":"Stra\u00dfenweb","description":"Stra\u00dfenverzeichnis f\u00fcr Deutschland","publisher":{"@id":"https:\/\/www.strassenweb.de\/nachrichten\/#organization"},"potentialAction":[{"@type":"SearchAction","target":{"@type":"EntryPoint","urlTemplate":"https:\/\/www.strassenweb.de\/nachrichten\/?s={search_term_string}"},"query-input":{"@type":"PropertyValueSpecification","valueRequired":true,"valueName":"search_term_string"}}],"inLanguage":"de"},{"@type":"Organization","@id":"https:\/\/www.strassenweb.de\/nachrichten\/#organization","name":"Stra\u00dfenweb","url":"https:\/\/www.strassenweb.de\/nachrichten\/","logo":{"@type":"ImageObject","inLanguage":"de","@id":"https:\/\/www.strassenweb.de\/nachrichten\/#\/schema\/logo\/image\/","url":"https:\/\/www.strassenweb.de\/nachrichten\/wp-content\/uploads\/2024\/09\/cropped-favicon.png","contentUrl":"https:\/\/www.strassenweb.de\/nachrichten\/wp-content\/uploads\/2024\/09\/cropped-favicon.png","width":512,"height":512,"caption":"Stra\u00dfenweb"},"image":{"@id":"https:\/\/www.strassenweb.de\/nachrichten\/#\/schema\/logo\/image\/"},"sameAs":["https:\/\/www.facebook.com\/strassenweb\/"]},{"@type":"Person","@id":"https:\/\/www.strassenweb.de\/nachrichten\/#\/schema\/person\/87c9c9067f1211da429a744dc5a5aa41","name":"Robert Hoffmann","image":{"@type":"ImageObject","inLanguage":"de","@id":"https:\/\/www.strassenweb.de\/nachrichten\/wp-content\/uploads\/2024\/09\/strassenweb-150x150.jpg","url":"https:\/\/www.strassenweb.de\/nachrichten\/wp-content\/uploads\/2024\/09\/strassenweb-150x150.jpg","contentUrl":"https:\/\/www.strassenweb.de\/nachrichten\/wp-content\/uploads\/2024\/09\/strassenweb-150x150.jpg","caption":"Robert Hoffmann"},"description":"Ich hei\u00dfe Robert Hoffmann und ich bin ein leidenschaftlicher Verfechter von \u00d6kologie und Biodiversit\u00e4t. Seit meiner Kindheit in den W\u00e4ldern Bayerns f\u00fchle ich mich mit der Natur verbunden und bin entschlossen, sie zu sch\u00fctzen. Heute widme ich mein Leben der Sensibilisierung anderer f\u00fcr die Bedeutung des Umweltschutzes f\u00fcr zuk\u00fcnftige Generationen.","sameAs":["https:\/\/www.strassenweb.de\/"]}]}},"_links":{"self":[{"href":"https:\/\/www.strassenweb.de\/nachrichten\/wp-json\/wp\/v2\/posts\/7327","targetHints":{"allow":["GET"]}}],"collection":[{"href":"https:\/\/www.strassenweb.de\/nachrichten\/wp-json\/wp\/v2\/posts"}],"about":[{"href":"https:\/\/www.strassenweb.de\/nachrichten\/wp-json\/wp\/v2\/types\/post"}],"author":[{"embeddable":true,"href":"https:\/\/www.strassenweb.de\/nachrichten\/wp-json\/wp\/v2\/users\/1"}],"replies":[{"embeddable":true,"href":"https:\/\/www.strassenweb.de\/nachrichten\/wp-json\/wp\/v2\/comments?post=7327"}],"version-history":[{"count":0,"href":"https:\/\/www.strassenweb.de\/nachrichten\/wp-json\/wp\/v2\/posts\/7327\/revisions"}],"wp:featuredmedia":[{"embeddable":true,"href":"https:\/\/www.strassenweb.de\/nachrichten\/wp-json\/wp\/v2\/media\/7328"}],"wp:attachment":[{"href":"https:\/\/www.strassenweb.de\/nachrichten\/wp-json\/wp\/v2\/media?parent=7327"}],"wp:term":[{"taxonomy":"category","embeddable":true,"href":"https:\/\/www.strassenweb.de\/nachrichten\/wp-json\/wp\/v2\/categories?post=7327"},{"taxonomy":"post_tag","embeddable":true,"href":"https:\/\/www.strassenweb.de\/nachrichten\/wp-json\/wp\/v2\/tags?post=7327"}],"curies":[{"name":"wp","href":"https:\/\/api.w.org\/{rel}","templated":true}]}}