{"id":7321,"date":"2025-08-29T20:44:04","date_gmt":"2025-08-29T18:44:04","guid":{"rendered":"https:\/\/www.strassenweb.de\/nachrichten\/lizenz-fuer-die-historische-rueckkehr-von-biber-an-glen-affric-erteilt\/"},"modified":"2025-08-29T20:44:05","modified_gmt":"2025-08-29T18:44:05","slug":"lizenz-fuer-die-historische-rueckkehr-von-biber-an-glen-affric-erteilt","status":"publish","type":"post","link":"https:\/\/www.strassenweb.de\/nachrichten\/lizenz-fuer-die-historische-rueckkehr-von-biber-an-glen-affric-erteilt\/","title":{"rendered":"Lizenz f\u00fcr die historische R\u00fcckkehr von Biber an Glen Affric erteilt"},"content":{"rendered":"<p>Es wurde eine Lizenz f\u00fcr die historische Beamte der Wiedereinf\u00fchrung von Biber f\u00fcr Glen Affric nach monatelangen Verz\u00f6gerungen durch die schottische Regierungsbeh\u00f6rde Naturescot erteilt.<\/p>\n<p>Forstwirtschaft und Landschottland (FLS) und B\u00e4ume f\u00fcr das Leben arbeiten seit 2022 in Zusammenarbeit mit dem Vorschlag, bei dem nun die erste offizielle Freilassung von Biber in das Nordwesten von Highlands, vier Jahrhunderte, seit die einheimischen Arten in Schottland ausgel\u00f6st wurden, in Schottland getrieben wurden.<\/p>\n<p>Nach zwei Jahren und drei Phasen umfangreicher lokaler Konsultationen beantragten FLS im vergangenen Dezember f\u00fcr eine Lizenz f\u00fcr eine Lizenz zur Freigabe von Beavers in Loch Beinn A Mheadhoin.<\/p>\n<p>Eine Familie von Biber wird nun in ein nationales Naturschutzgebiet von FLS entlassen, das \u00fcber BEINN A &#8218;Mheadhoin Dam in Glen Affic, m\u00f6glicherweise in diesem Herbst, in Glen Affic entsteht. Die Biber werden aus einem ungeeigneten Ackerlandlebensraum in Schottland transloziert, wo sie sonst m\u00f6glicherweise ausgeschaltet werden k\u00f6nnten.<\/p>\n<p>Alan McDonnell, B\u00e4ume f\u00fcr den Lebensrestaurieren des Lebens des Lebens, sagte: \u201eDieses erfolgreiche Ergebnis f\u00fcr die gut \u00fcberlegte Lizenzanmeldung von FLS auf diese ber\u00fchmte Glen ist ein positiver Schritt von schottischer \u00f6ffentlicher Grundbesitzer.<\/p>\n<p>&#8222;In Zukunft werden B\u00e4ume f\u00fcr das engagierte Beaver Management Officer des Lebens da sein, um sich mit der gesamten Gemeinschaft zu besch\u00e4ftigen, und bietet praktische Unterst\u00fctzung, um sicherzustellen, dass die Einheimischen von Biber genie\u00dfen und davon profitieren k\u00f6nnen, dass Biber in Affric zur\u00fcckgebracht werden.<\/p>\n<p>Biber schaffen Feuchtgebiete, die anderen Wildtieren zugute kommen, Kohlendioxid aufwecken, Wasser reinigen und die \u00dcberschwemmungen reduzieren. Sie k\u00f6nnen den Gemeinden auch durch \u00d6kotourismus wirtschaftliche Vorteile bringen. <\/p>\n<p><em>Foto: Europ\u00e4ischer Biber (Rastorfaser) Niedriges Winkelbild des Paares von Biber. Kredit, Schottland das Gesamtbild<\/em><\/p>\n","protected":false},"excerpt":{"rendered":"<p>Es wurde eine Lizenz f\u00fcr die historische Beamte der Wiedereinf\u00fchrung von Biber f\u00fcr Glen Affric nach monatelangen Verz\u00f6gerungen durch die schottische Regierungsbeh\u00f6rde Naturescot erteilt. Forstwirtschaft<\/p>\n","protected":false},"author":1,"featured_media":7322,"comment_status":"closed","ping_status":"","sticky":false,"template":"","format":"standard","meta":{"footnotes":""},"categories":[101],"tags":[9769,6828,9,7585,55,9768,547,9767,1612,21],"class_list":["post-7321","post","type-post","status-publish","format-standard","has-post-thumbnail","hentry","category-oekologie","tag-affric","tag-biber","tag-die","tag-erteilt","tag-fuer","tag-glen","tag-historische","tag-lizenz","tag-rueckkehr","tag-von","generate-columns","tablet-grid-50","mobile-grid-100","grid-parent","grid-50"],"yoast_head":"<!-- This site is optimized with the Yoast SEO plugin v27.3 - https:\/\/yoast.com\/product\/yoast-seo-wordpress\/ -->\n<title>Lizenz f\u00fcr die historische R\u00fcckkehr von Biber an Glen Affric erteilt - Nachrichten - Stra\u00dfenweb<\/title>\n<meta name=\"robots\" content=\"index, follow, max-snippet:-1, max-image-preview:large, max-video-preview:-1\" \/>\n<link rel=\"canonical\" href=\"https:\/\/www.strassenweb.de\/nachrichten\/lizenz-fuer-die-historische-rueckkehr-von-biber-an-glen-affric-erteilt\/\" \/>\n<meta property=\"og:locale\" content=\"de_DE\" \/>\n<meta property=\"og:type\" content=\"article\" \/>\n<meta property=\"og:title\" content=\"Lizenz f\u00fcr die historische R\u00fcckkehr von Biber an Glen Affric erteilt - Nachrichten - Stra\u00dfenweb\" \/>\n<meta property=\"og:description\" content=\"Es wurde eine Lizenz f\u00fcr die historische Beamte der Wiedereinf\u00fchrung von Biber f\u00fcr Glen Affric nach monatelangen Verz\u00f6gerungen durch die schottische Regierungsbeh\u00f6rde Naturescot erteilt. Forstwirtschaft\" \/>\n<meta property=\"og:url\" content=\"https:\/\/www.strassenweb.de\/nachrichten\/lizenz-fuer-die-historische-rueckkehr-von-biber-an-glen-affric-erteilt\/\" \/>\n<meta property=\"og:site_name\" content=\"Stra\u00dfenweb\" \/>\n<meta property=\"article:publisher\" content=\"https:\/\/www.facebook.com\/strassenweb\/\" \/>\n<meta property=\"article:published_time\" content=\"2025-08-29T18:44:04+00:00\" \/>\n<meta property=\"article:modified_time\" content=\"2025-08-29T18:44:05+00:00\" \/>\n<meta property=\"og:image\" content=\"https:\/\/www.strassenweb.de\/nachrichten\/wp-content\/uploads\/2025\/08\/Lizenz-fuer-die-historische-Rueckkehr-von-Biber-an-Glen-Affric.jpg\" \/>\n\t<meta property=\"og:image:width\" content=\"900\" \/>\n\t<meta property=\"og:image:height\" content=\"600\" \/>\n\t<meta property=\"og:image:type\" content=\"image\/jpeg\" \/>\n<meta name=\"author\" content=\"Robert Hoffmann\" \/>\n<meta name=\"twitter:card\" content=\"summary_large_image\" \/>\n<meta name=\"twitter:label1\" content=\"Verfasst von\" \/>\n\t<meta name=\"twitter:data1\" content=\"Robert Hoffmann\" \/>\n\t<meta name=\"twitter:label2\" content=\"Gesch\u00e4tzte Lesezeit\" \/>\n\t<meta name=\"twitter:data2\" content=\"1\u00a0Minute\" \/>\n<script type=\"application\/ld+json\" class=\"yoast-schema-graph\">{\"@context\":\"https:\\\/\\\/schema.org\",\"@graph\":[{\"@type\":\"Article\",\"@id\":\"https:\\\/\\\/www.strassenweb.de\\\/nachrichten\\\/lizenz-fuer-die-historische-rueckkehr-von-biber-an-glen-affric-erteilt\\\/#article\",\"isPartOf\":{\"@id\":\"https:\\\/\\\/www.strassenweb.de\\\/nachrichten\\\/lizenz-fuer-die-historische-rueckkehr-von-biber-an-glen-affric-erteilt\\\/\"},\"author\":{\"name\":\"Robert Hoffmann\",\"@id\":\"https:\\\/\\\/www.strassenweb.de\\\/nachrichten\\\/#\\\/schema\\\/person\\\/87c9c9067f1211da429a744dc5a5aa41\"},\"headline\":\"Lizenz f\u00fcr die historische R\u00fcckkehr von Biber an Glen Affric erteilt\",\"datePublished\":\"2025-08-29T18:44:04+00:00\",\"dateModified\":\"2025-08-29T18:44:05+00:00\",\"mainEntityOfPage\":{\"@id\":\"https:\\\/\\\/www.strassenweb.de\\\/nachrichten\\\/lizenz-fuer-die-historische-rueckkehr-von-biber-an-glen-affric-erteilt\\\/\"},\"wordCount\":300,\"publisher\":{\"@id\":\"https:\\\/\\\/www.strassenweb.de\\\/nachrichten\\\/#organization\"},\"image\":{\"@id\":\"https:\\\/\\\/www.strassenweb.de\\\/nachrichten\\\/lizenz-fuer-die-historische-rueckkehr-von-biber-an-glen-affric-erteilt\\\/#primaryimage\"},\"thumbnailUrl\":\"https:\\\/\\\/www.strassenweb.de\\\/nachrichten\\\/wp-content\\\/uploads\\\/2025\\\/08\\\/Lizenz-fuer-die-historische-Rueckkehr-von-Biber-an-Glen-Affric.jpg\",\"keywords\":[\"Affric\",\"Biber\",\"die\",\"erteilt\",\"f\u00fcr\",\"Glen\",\"historische\",\"Lizenz\",\"R\u00fcckkehr\",\"von\"],\"articleSection\":[\"\u00d6kologie\"],\"inLanguage\":\"de\"},{\"@type\":\"WebPage\",\"@id\":\"https:\\\/\\\/www.strassenweb.de\\\/nachrichten\\\/lizenz-fuer-die-historische-rueckkehr-von-biber-an-glen-affric-erteilt\\\/\",\"url\":\"https:\\\/\\\/www.strassenweb.de\\\/nachrichten\\\/lizenz-fuer-die-historische-rueckkehr-von-biber-an-glen-affric-erteilt\\\/\",\"name\":\"Lizenz f\u00fcr die historische R\u00fcckkehr von Biber an Glen Affric erteilt - Nachrichten - Stra\u00dfenweb\",\"isPartOf\":{\"@id\":\"https:\\\/\\\/www.strassenweb.de\\\/nachrichten\\\/#website\"},\"primaryImageOfPage\":{\"@id\":\"https:\\\/\\\/www.strassenweb.de\\\/nachrichten\\\/lizenz-fuer-die-historische-rueckkehr-von-biber-an-glen-affric-erteilt\\\/#primaryimage\"},\"image\":{\"@id\":\"https:\\\/\\\/www.strassenweb.de\\\/nachrichten\\\/lizenz-fuer-die-historische-rueckkehr-von-biber-an-glen-affric-erteilt\\\/#primaryimage\"},\"thumbnailUrl\":\"https:\\\/\\\/www.strassenweb.de\\\/nachrichten\\\/wp-content\\\/uploads\\\/2025\\\/08\\\/Lizenz-fuer-die-historische-Rueckkehr-von-Biber-an-Glen-Affric.jpg\",\"datePublished\":\"2025-08-29T18:44:04+00:00\",\"dateModified\":\"2025-08-29T18:44:05+00:00\",\"breadcrumb\":{\"@id\":\"https:\\\/\\\/www.strassenweb.de\\\/nachrichten\\\/lizenz-fuer-die-historische-rueckkehr-von-biber-an-glen-affric-erteilt\\\/#breadcrumb\"},\"inLanguage\":\"de\",\"potentialAction\":[{\"@type\":\"ReadAction\",\"target\":[\"https:\\\/\\\/www.strassenweb.de\\\/nachrichten\\\/lizenz-fuer-die-historische-rueckkehr-von-biber-an-glen-affric-erteilt\\\/\"]}]},{\"@type\":\"ImageObject\",\"inLanguage\":\"de\",\"@id\":\"https:\\\/\\\/www.strassenweb.de\\\/nachrichten\\\/lizenz-fuer-die-historische-rueckkehr-von-biber-an-glen-affric-erteilt\\\/#primaryimage\",\"url\":\"https:\\\/\\\/www.strassenweb.de\\\/nachrichten\\\/wp-content\\\/uploads\\\/2025\\\/08\\\/Lizenz-fuer-die-historische-Rueckkehr-von-Biber-an-Glen-Affric.jpg\",\"contentUrl\":\"https:\\\/\\\/www.strassenweb.de\\\/nachrichten\\\/wp-content\\\/uploads\\\/2025\\\/08\\\/Lizenz-fuer-die-historische-Rueckkehr-von-Biber-an-Glen-Affric.jpg\",\"width\":900,\"height\":600,\"caption\":\"European Beaver (Castor fiber) low angle picture of pair of beavers\"},{\"@type\":\"BreadcrumbList\",\"@id\":\"https:\\\/\\\/www.strassenweb.de\\\/nachrichten\\\/lizenz-fuer-die-historische-rueckkehr-von-biber-an-glen-affric-erteilt\\\/#breadcrumb\",\"itemListElement\":[{\"@type\":\"ListItem\",\"position\":1,\"name\":\"Home\",\"item\":\"https:\\\/\\\/www.strassenweb.de\\\/nachrichten\\\/\"},{\"@type\":\"ListItem\",\"position\":2,\"name\":\"Lizenz f\u00fcr die historische R\u00fcckkehr von Biber an Glen Affric erteilt\"}]},{\"@type\":\"WebSite\",\"@id\":\"https:\\\/\\\/www.strassenweb.de\\\/nachrichten\\\/#website\",\"url\":\"https:\\\/\\\/www.strassenweb.de\\\/nachrichten\\\/\",\"name\":\"Stra\u00dfenweb\",\"description\":\"Stra\u00dfenverzeichnis f\u00fcr Deutschland\",\"publisher\":{\"@id\":\"https:\\\/\\\/www.strassenweb.de\\\/nachrichten\\\/#organization\"},\"potentialAction\":[{\"@type\":\"SearchAction\",\"target\":{\"@type\":\"EntryPoint\",\"urlTemplate\":\"https:\\\/\\\/www.strassenweb.de\\\/nachrichten\\\/?s={search_term_string}\"},\"query-input\":{\"@type\":\"PropertyValueSpecification\",\"valueRequired\":true,\"valueName\":\"search_term_string\"}}],\"inLanguage\":\"de\"},{\"@type\":\"Organization\",\"@id\":\"https:\\\/\\\/www.strassenweb.de\\\/nachrichten\\\/#organization\",\"name\":\"Stra\u00dfenweb\",\"url\":\"https:\\\/\\\/www.strassenweb.de\\\/nachrichten\\\/\",\"logo\":{\"@type\":\"ImageObject\",\"inLanguage\":\"de\",\"@id\":\"https:\\\/\\\/www.strassenweb.de\\\/nachrichten\\\/#\\\/schema\\\/logo\\\/image\\\/\",\"url\":\"https:\\\/\\\/www.strassenweb.de\\\/nachrichten\\\/wp-content\\\/uploads\\\/2024\\\/09\\\/cropped-favicon.png\",\"contentUrl\":\"https:\\\/\\\/www.strassenweb.de\\\/nachrichten\\\/wp-content\\\/uploads\\\/2024\\\/09\\\/cropped-favicon.png\",\"width\":512,\"height\":512,\"caption\":\"Stra\u00dfenweb\"},\"image\":{\"@id\":\"https:\\\/\\\/www.strassenweb.de\\\/nachrichten\\\/#\\\/schema\\\/logo\\\/image\\\/\"},\"sameAs\":[\"https:\\\/\\\/www.facebook.com\\\/strassenweb\\\/\"]},{\"@type\":\"Person\",\"@id\":\"https:\\\/\\\/www.strassenweb.de\\\/nachrichten\\\/#\\\/schema\\\/person\\\/87c9c9067f1211da429a744dc5a5aa41\",\"name\":\"Robert Hoffmann\",\"image\":{\"@type\":\"ImageObject\",\"inLanguage\":\"de\",\"@id\":\"https:\\\/\\\/www.strassenweb.de\\\/nachrichten\\\/wp-content\\\/uploads\\\/2024\\\/09\\\/strassenweb-150x150.jpg\",\"url\":\"https:\\\/\\\/www.strassenweb.de\\\/nachrichten\\\/wp-content\\\/uploads\\\/2024\\\/09\\\/strassenweb-150x150.jpg\",\"contentUrl\":\"https:\\\/\\\/www.strassenweb.de\\\/nachrichten\\\/wp-content\\\/uploads\\\/2024\\\/09\\\/strassenweb-150x150.jpg\",\"caption\":\"Robert Hoffmann\"},\"description\":\"Ich hei\u00dfe Robert Hoffmann und ich bin ein leidenschaftlicher Verfechter von \u00d6kologie und Biodiversit\u00e4t. Seit meiner Kindheit in den W\u00e4ldern Bayerns f\u00fchle ich mich mit der Natur verbunden und bin entschlossen, sie zu sch\u00fctzen. Heute widme ich mein Leben der Sensibilisierung anderer f\u00fcr die Bedeutung des Umweltschutzes f\u00fcr zuk\u00fcnftige Generationen.\",\"sameAs\":[\"https:\\\/\\\/www.strassenweb.de\\\/\"]}]}<\/script>\n<!-- \/ Yoast SEO plugin. -->","yoast_head_json":{"title":"Lizenz f\u00fcr die historische R\u00fcckkehr von Biber an Glen Affric erteilt - Nachrichten - Stra\u00dfenweb","robots":{"index":"index","follow":"follow","max-snippet":"max-snippet:-1","max-image-preview":"max-image-preview:large","max-video-preview":"max-video-preview:-1"},"canonical":"https:\/\/www.strassenweb.de\/nachrichten\/lizenz-fuer-die-historische-rueckkehr-von-biber-an-glen-affric-erteilt\/","og_locale":"de_DE","og_type":"article","og_title":"Lizenz f\u00fcr die historische R\u00fcckkehr von Biber an Glen Affric erteilt - Nachrichten - Stra\u00dfenweb","og_description":"Es wurde eine Lizenz f\u00fcr die historische Beamte der Wiedereinf\u00fchrung von Biber f\u00fcr Glen Affric nach monatelangen Verz\u00f6gerungen durch die schottische Regierungsbeh\u00f6rde Naturescot erteilt. Forstwirtschaft","og_url":"https:\/\/www.strassenweb.de\/nachrichten\/lizenz-fuer-die-historische-rueckkehr-von-biber-an-glen-affric-erteilt\/","og_site_name":"Stra\u00dfenweb","article_publisher":"https:\/\/www.facebook.com\/strassenweb\/","article_published_time":"2025-08-29T18:44:04+00:00","article_modified_time":"2025-08-29T18:44:05+00:00","og_image":[{"width":900,"height":600,"url":"https:\/\/www.strassenweb.de\/nachrichten\/wp-content\/uploads\/2025\/08\/Lizenz-fuer-die-historische-Rueckkehr-von-Biber-an-Glen-Affric.jpg","type":"image\/jpeg"}],"author":"Robert Hoffmann","twitter_card":"summary_large_image","twitter_misc":{"Verfasst von":"Robert Hoffmann","Gesch\u00e4tzte Lesezeit":"1\u00a0Minute"},"schema":{"@context":"https:\/\/schema.org","@graph":[{"@type":"Article","@id":"https:\/\/www.strassenweb.de\/nachrichten\/lizenz-fuer-die-historische-rueckkehr-von-biber-an-glen-affric-erteilt\/#article","isPartOf":{"@id":"https:\/\/www.strassenweb.de\/nachrichten\/lizenz-fuer-die-historische-rueckkehr-von-biber-an-glen-affric-erteilt\/"},"author":{"name":"Robert Hoffmann","@id":"https:\/\/www.strassenweb.de\/nachrichten\/#\/schema\/person\/87c9c9067f1211da429a744dc5a5aa41"},"headline":"Lizenz f\u00fcr die historische R\u00fcckkehr von Biber an Glen Affric erteilt","datePublished":"2025-08-29T18:44:04+00:00","dateModified":"2025-08-29T18:44:05+00:00","mainEntityOfPage":{"@id":"https:\/\/www.strassenweb.de\/nachrichten\/lizenz-fuer-die-historische-rueckkehr-von-biber-an-glen-affric-erteilt\/"},"wordCount":300,"publisher":{"@id":"https:\/\/www.strassenweb.de\/nachrichten\/#organization"},"image":{"@id":"https:\/\/www.strassenweb.de\/nachrichten\/lizenz-fuer-die-historische-rueckkehr-von-biber-an-glen-affric-erteilt\/#primaryimage"},"thumbnailUrl":"https:\/\/www.strassenweb.de\/nachrichten\/wp-content\/uploads\/2025\/08\/Lizenz-fuer-die-historische-Rueckkehr-von-Biber-an-Glen-Affric.jpg","keywords":["Affric","Biber","die","erteilt","f\u00fcr","Glen","historische","Lizenz","R\u00fcckkehr","von"],"articleSection":["\u00d6kologie"],"inLanguage":"de"},{"@type":"WebPage","@id":"https:\/\/www.strassenweb.de\/nachrichten\/lizenz-fuer-die-historische-rueckkehr-von-biber-an-glen-affric-erteilt\/","url":"https:\/\/www.strassenweb.de\/nachrichten\/lizenz-fuer-die-historische-rueckkehr-von-biber-an-glen-affric-erteilt\/","name":"Lizenz f\u00fcr die historische R\u00fcckkehr von Biber an Glen Affric erteilt - Nachrichten - Stra\u00dfenweb","isPartOf":{"@id":"https:\/\/www.strassenweb.de\/nachrichten\/#website"},"primaryImageOfPage":{"@id":"https:\/\/www.strassenweb.de\/nachrichten\/lizenz-fuer-die-historische-rueckkehr-von-biber-an-glen-affric-erteilt\/#primaryimage"},"image":{"@id":"https:\/\/www.strassenweb.de\/nachrichten\/lizenz-fuer-die-historische-rueckkehr-von-biber-an-glen-affric-erteilt\/#primaryimage"},"thumbnailUrl":"https:\/\/www.strassenweb.de\/nachrichten\/wp-content\/uploads\/2025\/08\/Lizenz-fuer-die-historische-Rueckkehr-von-Biber-an-Glen-Affric.jpg","datePublished":"2025-08-29T18:44:04+00:00","dateModified":"2025-08-29T18:44:05+00:00","breadcrumb":{"@id":"https:\/\/www.strassenweb.de\/nachrichten\/lizenz-fuer-die-historische-rueckkehr-von-biber-an-glen-affric-erteilt\/#breadcrumb"},"inLanguage":"de","potentialAction":[{"@type":"ReadAction","target":["https:\/\/www.strassenweb.de\/nachrichten\/lizenz-fuer-die-historische-rueckkehr-von-biber-an-glen-affric-erteilt\/"]}]},{"@type":"ImageObject","inLanguage":"de","@id":"https:\/\/www.strassenweb.de\/nachrichten\/lizenz-fuer-die-historische-rueckkehr-von-biber-an-glen-affric-erteilt\/#primaryimage","url":"https:\/\/www.strassenweb.de\/nachrichten\/wp-content\/uploads\/2025\/08\/Lizenz-fuer-die-historische-Rueckkehr-von-Biber-an-Glen-Affric.jpg","contentUrl":"https:\/\/www.strassenweb.de\/nachrichten\/wp-content\/uploads\/2025\/08\/Lizenz-fuer-die-historische-Rueckkehr-von-Biber-an-Glen-Affric.jpg","width":900,"height":600,"caption":"European Beaver (Castor fiber) low angle picture of pair of beavers"},{"@type":"BreadcrumbList","@id":"https:\/\/www.strassenweb.de\/nachrichten\/lizenz-fuer-die-historische-rueckkehr-von-biber-an-glen-affric-erteilt\/#breadcrumb","itemListElement":[{"@type":"ListItem","position":1,"name":"Home","item":"https:\/\/www.strassenweb.de\/nachrichten\/"},{"@type":"ListItem","position":2,"name":"Lizenz f\u00fcr die historische R\u00fcckkehr von Biber an Glen Affric erteilt"}]},{"@type":"WebSite","@id":"https:\/\/www.strassenweb.de\/nachrichten\/#website","url":"https:\/\/www.strassenweb.de\/nachrichten\/","name":"Stra\u00dfenweb","description":"Stra\u00dfenverzeichnis f\u00fcr Deutschland","publisher":{"@id":"https:\/\/www.strassenweb.de\/nachrichten\/#organization"},"potentialAction":[{"@type":"SearchAction","target":{"@type":"EntryPoint","urlTemplate":"https:\/\/www.strassenweb.de\/nachrichten\/?s={search_term_string}"},"query-input":{"@type":"PropertyValueSpecification","valueRequired":true,"valueName":"search_term_string"}}],"inLanguage":"de"},{"@type":"Organization","@id":"https:\/\/www.strassenweb.de\/nachrichten\/#organization","name":"Stra\u00dfenweb","url":"https:\/\/www.strassenweb.de\/nachrichten\/","logo":{"@type":"ImageObject","inLanguage":"de","@id":"https:\/\/www.strassenweb.de\/nachrichten\/#\/schema\/logo\/image\/","url":"https:\/\/www.strassenweb.de\/nachrichten\/wp-content\/uploads\/2024\/09\/cropped-favicon.png","contentUrl":"https:\/\/www.strassenweb.de\/nachrichten\/wp-content\/uploads\/2024\/09\/cropped-favicon.png","width":512,"height":512,"caption":"Stra\u00dfenweb"},"image":{"@id":"https:\/\/www.strassenweb.de\/nachrichten\/#\/schema\/logo\/image\/"},"sameAs":["https:\/\/www.facebook.com\/strassenweb\/"]},{"@type":"Person","@id":"https:\/\/www.strassenweb.de\/nachrichten\/#\/schema\/person\/87c9c9067f1211da429a744dc5a5aa41","name":"Robert Hoffmann","image":{"@type":"ImageObject","inLanguage":"de","@id":"https:\/\/www.strassenweb.de\/nachrichten\/wp-content\/uploads\/2024\/09\/strassenweb-150x150.jpg","url":"https:\/\/www.strassenweb.de\/nachrichten\/wp-content\/uploads\/2024\/09\/strassenweb-150x150.jpg","contentUrl":"https:\/\/www.strassenweb.de\/nachrichten\/wp-content\/uploads\/2024\/09\/strassenweb-150x150.jpg","caption":"Robert Hoffmann"},"description":"Ich hei\u00dfe Robert Hoffmann und ich bin ein leidenschaftlicher Verfechter von \u00d6kologie und Biodiversit\u00e4t. Seit meiner Kindheit in den W\u00e4ldern Bayerns f\u00fchle ich mich mit der Natur verbunden und bin entschlossen, sie zu sch\u00fctzen. Heute widme ich mein Leben der Sensibilisierung anderer f\u00fcr die Bedeutung des Umweltschutzes f\u00fcr zuk\u00fcnftige Generationen.","sameAs":["https:\/\/www.strassenweb.de\/"]}]}},"_links":{"self":[{"href":"https:\/\/www.strassenweb.de\/nachrichten\/wp-json\/wp\/v2\/posts\/7321","targetHints":{"allow":["GET"]}}],"collection":[{"href":"https:\/\/www.strassenweb.de\/nachrichten\/wp-json\/wp\/v2\/posts"}],"about":[{"href":"https:\/\/www.strassenweb.de\/nachrichten\/wp-json\/wp\/v2\/types\/post"}],"author":[{"embeddable":true,"href":"https:\/\/www.strassenweb.de\/nachrichten\/wp-json\/wp\/v2\/users\/1"}],"replies":[{"embeddable":true,"href":"https:\/\/www.strassenweb.de\/nachrichten\/wp-json\/wp\/v2\/comments?post=7321"}],"version-history":[{"count":0,"href":"https:\/\/www.strassenweb.de\/nachrichten\/wp-json\/wp\/v2\/posts\/7321\/revisions"}],"wp:featuredmedia":[{"embeddable":true,"href":"https:\/\/www.strassenweb.de\/nachrichten\/wp-json\/wp\/v2\/media\/7322"}],"wp:attachment":[{"href":"https:\/\/www.strassenweb.de\/nachrichten\/wp-json\/wp\/v2\/media?parent=7321"}],"wp:term":[{"taxonomy":"category","embeddable":true,"href":"https:\/\/www.strassenweb.de\/nachrichten\/wp-json\/wp\/v2\/categories?post=7321"},{"taxonomy":"post_tag","embeddable":true,"href":"https:\/\/www.strassenweb.de\/nachrichten\/wp-json\/wp\/v2\/tags?post=7321"}],"curies":[{"name":"wp","href":"https:\/\/api.w.org\/{rel}","templated":true}]}}