{"id":7286,"date":"2025-08-28T16:44:11","date_gmt":"2025-08-28T14:44:11","guid":{"rendered":"https:\/\/www.strassenweb.de\/nachrichten\/le-creuset-hat-gerade-einen-voellig-neuen-look-vorgestellt-es-ist-durch-und-durch-modern-und-ich-bin-zerrissen\/"},"modified":"2025-08-28T16:45:23","modified_gmt":"2025-08-28T14:45:23","slug":"le-creuset-hat-gerade-einen-voellig-neuen-look-vorgestellt-es-ist-durch-und-durch-modern-und-ich-bin-zerrissen","status":"publish","type":"post","link":"https:\/\/www.strassenweb.de\/nachrichten\/le-creuset-hat-gerade-einen-voellig-neuen-look-vorgestellt-es-ist-durch-und-durch-modern-und-ich-bin-zerrissen\/","title":{"rendered":"Le Creuset hat gerade einen v\u00f6llig neuen Look vorgestellt &#8211; es ist durch und durch modern, und ich bin zerrissen"},"content":{"rendered":"<p><\/p>\n<div id=\"article-body\" class=\"article__body \">\n<p id=\"f87de365-c129-467a-baa7-8217c8046754\">In einer Welt, in der die einzige Konstante Ver\u00e4nderung ist, ist eine Kochgeschirrmarke seit einem Jahrhundert zeitlos geblieben. Le Creuset ist sofort erkennbar. Der niederl\u00e4ndische Ofen erscheint \u00fcberall &#8211; von schicken Landk\u00fcchen von Hausk\u00f6chen bis hin zu gl\u00e4nzenden Filmsets und Promi -H\u00e4usern.<\/p>\n<div id=\"ad-unit-1\" class=\"ad-unit\"><\/div>\n<p>Deshalb ist es eine gro\u00dfe \u00dcberraschung zu sehen, wie die Marke ihr Design total umschaltet und die neue moderne Kulturerbekollektion heute enth\u00fcllt. Der neue Look verf\u00fcgt \u00fcber Edelstahlgriffe, gew\u00f6lbte Deckel, breite Seitengriffe und weiche, runde Kanten. Es hat ein v\u00f6llig frisches, modernes Gef\u00fchl-und als langj\u00e4hriger Fan der traditionellen St\u00fccke bin ich mir nicht sicher, wie ich mich \u00fcber den neuen Look f\u00fchle.<\/p>\n<p>Ich habe einen ersten Blick in die neue moderne Heritage-Sammlung bekommen, also habe ich die Kronjuwelen in der Sammlung unten ausgew\u00e4hlt und hoffentlich alle Ihre brennenden Fragen zu den Updates beantwortet, die Le Creuset zu ihrem besten ungiftigen Kochgeschirr gemacht hat.<\/p>\n<div class=\"van_vid_carousel\">\n<div class=\"van_vid_carousel__padding\">\n<div class=\"van_vid_carousel__container\"><\/div>\n<\/div>\n<\/div>\n<figure class=\"van-image-figure inline-layout \" data-bordeaux-image-check id=\"ef969cc3-37fa-4ede-90a3-7434c85392ef\">\n<div class=\"image-full-width-wrapper\">\n<div class=\"image-widthsetter\" style=\"max-width:2000px;\"><\/div>\n<\/div>\n<\/figure>\n<p id=\"218b06cd-1de3-4462-a53c-0e3bdac7e1d5\">Alle Produkte sind jetzt auf der Website von Le Creuset gelandet, aber nicht jede Farbe wurde f\u00fcr den aktualisierten Look ausgew\u00e4hlt. Es ist eine Schriftrolle wert, um zu sehen, ob Ihre Lieblingsfarbe da ist.<\/p>\n<div id=\"ad-unit-2\" class=\"ad-unit\"><\/div>\n<aside data-block-type=\"embed\" data-render-type=\"fte\" data-skip=\"dealsy\" data-widget-type=\"seasonal\" class=\"hawk-base\"><\/aside>\n<p id=\"218b06cd-1de3-4462-a53c-0e3bdac7e1d5-1\">Ich habe bereits meinen pers\u00f6nlichen Favoriten &#8211; Meersalz &#8211; sowie Neutrale wie Brioche und Wei\u00df und warme, Statement Farben wie Flammen und Cerise entdeckt.<\/p>\n<h3 class=\"article-body__section\" id=\"section-shop-the-new-modern-heritage-collection-by-le-creuset\"><span>Kaufen Sie die neue moderne Kulturerbekollektion von Le Creuset ein<\/span><\/h3>\n<p id=\"5d343900-e00a-4a82-b69e-b9c52e1ee077\">Diese neue Kollektion verspricht die n\u00e4chste Generation von Erbst\u00fccken, und ich gehe davon aus, dass sie schnell ausverkauft wird.<\/p>\n<div class=\"product-container hero-product-container product-block-no-wrap\">\n<div class=\"product-block-row\"><\/div>\n<div class=\"product-block-row\"><\/div>\n<div class=\"product-block-row\"><\/div>\n<\/div>\n<p id=\"53e51f40-c8d8-4efe-9258-cbd8492537c0\">Wenn Sie sich fragen: &#8222;Lohnt sich Le Creuset?&#8220;<\/p>\n<div id=\"slice-container-newsletterForm-articleInbodyContent-NQCR7uGtTjzjGnNKQouQoR\" class=\"slice-container newsletter-inbodyContent-slice newsletterForm-articleInbodyContent-NQCR7uGtTjzjGnNKQouQoR slice-container-newsletterForm\"><\/div>\n<p>Jeder niederl\u00e4ndische Ofen wird in Sand gegossen, dann wegen Haltbarkeit mit Porzellan -Emaille beschichtet und wegen W\u00e4rmefestigkeit abgefeuert. Le Creuset macht sie seit 1925, also ist es kein Wunder, dass sie wissen, was sie tun.<\/p>\n<figure class=\"van-image-figure inline-layout \" data-bordeaux-image-check id=\"aeaa5f9c-fec0-486f-a7b7-75227bf4a61a\">\n<div class=\"image-full-width-wrapper\">\n<div class=\"image-widthsetter\" style=\"max-width:2000px;\"><\/div>\n<\/div>\n<\/figure>\n<p id=\"628656a2-3705-4848-b1ad-de6ff97c8cc1\">Ich habe fast alles in meinem niederl\u00e4ndischen Ofen von Le Creuset gekocht-langsam geschw\u00e4chte Aufl\u00e4ufe auf dem Herd, knusprige Brotbrot im Ofen und alle geschmorten Klassiker wie Rindfleisch-Bourguignon, Topfbraten und kurze Rippen. Die Emaille-Oberfl\u00e4che liefert wundersch\u00f6n klare Kanten am Fleisch, w\u00e4hrend der schwere Deckel in Feuchtigkeit f\u00fcr die Ergebnisse des Melsenmundes in Feuchtigkeit l\u00f6st.<\/p>\n<p>Ein willkommenes Upgrade des neuen Modern Heritage Design sind die vergr\u00f6\u00dferten Edelstahlgriffe. Sie sollten das Heben des Deckels oder das Tragen eines hei\u00dfen Topfes in und aus dem Ofen weitaus sicherer machen &#8211; ein kleines Detail, das den gr\u00f6\u00dften niederl\u00e4ndischen Ofenfehler verhindern und ein Missgeschick im Transport hat.<\/p>\n<h3 class=\"article-body__section\" id=\"section-shop-the-classic-le-creuset-designs-on-sale\"><span>Kaufen Sie die klassischen Le Creuset -Designs zum Verkauf ein<\/span><\/h3>\n<p id=\"99d3850d-7deb-42ca-8131-7a99d952d29d\">W\u00e4hrend die neue Kollektion auf der Le Creuset -Homepage auftaucht und Ihre Instagram -Feeds dominiert, haben Sie niemals Angst. Das klassische Design von Le Creuset geht nirgendwo hin. Tats\u00e4chlich ist es eine gute Zeit, um den Verkauf einzukaufen, mit Rabatten am Ende der Saison auf meine Lieblings-Originale.<\/p>\n<div class=\"product-container hero-product-container product-block-no-wrap\">\n<div class=\"product-block-row\"><\/div>\n<div class=\"product-block-row\"><\/div>\n<div class=\"product-block-row\"><\/div>\n<\/div>\n<hr id=\"0b90f7de-5418-49dc-b64e-ca7968fa0837\">\n<p id=\"4648f068-e041-4dd6-8086-d1661f4dbbcf\">Die neue moderne Heritage -Kollektion von Le Creuset kann spaltend sein, insbesondere f\u00fcr die besten Gusseisen -Kochgeschirrpuristen oder Design -Traditionalisten.<\/p>\n<p>Auf jeden Fall erwarte ich, dass die beliebtesten St\u00fccke in K\u00fcrze ausverkauft werden, da dies wirklich ein historischer Moment f\u00fcr eine Marke ist, die k\u00fcrzlich ihr 100-j\u00e4hriges Jubil\u00e4um gefeiert hat. Ich w\u00fcrde mich interessieren, was Sie denken, also teilen Sie Ihre Gedanken in den Kommentaren.<\/p>\n<\/div>\n","protected":false},"excerpt":{"rendered":"<p>In einer Welt, in der die einzige Konstante Ver\u00e4nderung ist, ist eine Kochgeschirrmarke seit einem Jahrhundert zeitlos geblieben. Le Creuset ist sofort erkennbar. Der niederl\u00e4ndische<\/p>\n","protected":false},"author":1,"featured_media":7287,"comment_status":"closed","ping_status":"","sticky":false,"template":"","format":"standard","meta":{"footnotes":""},"categories":[118],"tags":[],"class_list":["post-7286","post","type-post","status-publish","format-standard","has-post-thumbnail","hentry","category-haus-garten","generate-columns","tablet-grid-50","mobile-grid-100","grid-parent","grid-50"],"yoast_head":"<!-- This site is optimized with the Yoast SEO plugin v27.3 - https:\/\/yoast.com\/product\/yoast-seo-wordpress\/ -->\n<title>Le Creuset hat gerade einen v\u00f6llig neuen Look vorgestellt - es ist durch und durch modern, und ich bin zerrissen - Nachrichten - Stra\u00dfenweb<\/title>\n<meta name=\"robots\" content=\"index, follow, max-snippet:-1, max-image-preview:large, max-video-preview:-1\" \/>\n<link rel=\"canonical\" href=\"https:\/\/www.strassenweb.de\/nachrichten\/le-creuset-hat-gerade-einen-voellig-neuen-look-vorgestellt-es-ist-durch-und-durch-modern-und-ich-bin-zerrissen\/\" \/>\n<meta property=\"og:locale\" content=\"de_DE\" \/>\n<meta property=\"og:type\" content=\"article\" \/>\n<meta property=\"og:title\" content=\"Le Creuset hat gerade einen v\u00f6llig neuen Look vorgestellt - es ist durch und durch modern, und ich bin zerrissen - Nachrichten - Stra\u00dfenweb\" \/>\n<meta property=\"og:description\" content=\"In einer Welt, in der die einzige Konstante Ver\u00e4nderung ist, ist eine Kochgeschirrmarke seit einem Jahrhundert zeitlos geblieben. Le Creuset ist sofort erkennbar. Der niederl\u00e4ndische\" \/>\n<meta property=\"og:url\" content=\"https:\/\/www.strassenweb.de\/nachrichten\/le-creuset-hat-gerade-einen-voellig-neuen-look-vorgestellt-es-ist-durch-und-durch-modern-und-ich-bin-zerrissen\/\" \/>\n<meta property=\"og:site_name\" content=\"Stra\u00dfenweb\" \/>\n<meta property=\"article:publisher\" content=\"https:\/\/www.facebook.com\/strassenweb\/\" \/>\n<meta property=\"article:published_time\" content=\"2025-08-28T14:44:11+00:00\" \/>\n<meta property=\"article:modified_time\" content=\"2025-08-28T14:45:23+00:00\" \/>\n<meta property=\"og:image\" content=\"https:\/\/www.strassenweb.de\/nachrichten\/wp-content\/uploads\/2025\/08\/Le-Creuset-hat-gerade-einen-voellig-neuen-Look-vorgestellt.jpg\" \/>\n\t<meta property=\"og:image:width\" content=\"1600\" \/>\n\t<meta property=\"og:image:height\" content=\"900\" \/>\n\t<meta property=\"og:image:type\" content=\"image\/jpeg\" \/>\n<meta name=\"author\" content=\"Robert Hoffmann\" \/>\n<meta name=\"twitter:card\" content=\"summary_large_image\" \/>\n<meta name=\"twitter:label1\" content=\"Verfasst von\" \/>\n\t<meta name=\"twitter:data1\" content=\"Robert Hoffmann\" \/>\n\t<meta name=\"twitter:label2\" content=\"Gesch\u00e4tzte Lesezeit\" \/>\n\t<meta name=\"twitter:data2\" content=\"3\u00a0Minuten\" \/>\n<script type=\"application\/ld+json\" class=\"yoast-schema-graph\">{\"@context\":\"https:\\\/\\\/schema.org\",\"@graph\":[{\"@type\":\"Article\",\"@id\":\"https:\\\/\\\/www.strassenweb.de\\\/nachrichten\\\/le-creuset-hat-gerade-einen-voellig-neuen-look-vorgestellt-es-ist-durch-und-durch-modern-und-ich-bin-zerrissen\\\/#article\",\"isPartOf\":{\"@id\":\"https:\\\/\\\/www.strassenweb.de\\\/nachrichten\\\/le-creuset-hat-gerade-einen-voellig-neuen-look-vorgestellt-es-ist-durch-und-durch-modern-und-ich-bin-zerrissen\\\/\"},\"author\":{\"name\":\"Robert Hoffmann\",\"@id\":\"https:\\\/\\\/www.strassenweb.de\\\/nachrichten\\\/#\\\/schema\\\/person\\\/87c9c9067f1211da429a744dc5a5aa41\"},\"headline\":\"Le Creuset hat gerade einen v\u00f6llig neuen Look vorgestellt &#8211; es ist durch und durch modern, und ich bin zerrissen\",\"datePublished\":\"2025-08-28T14:44:11+00:00\",\"dateModified\":\"2025-08-28T14:45:23+00:00\",\"mainEntityOfPage\":{\"@id\":\"https:\\\/\\\/www.strassenweb.de\\\/nachrichten\\\/le-creuset-hat-gerade-einen-voellig-neuen-look-vorgestellt-es-ist-durch-und-durch-modern-und-ich-bin-zerrissen\\\/\"},\"wordCount\":563,\"publisher\":{\"@id\":\"https:\\\/\\\/www.strassenweb.de\\\/nachrichten\\\/#organization\"},\"image\":{\"@id\":\"https:\\\/\\\/www.strassenweb.de\\\/nachrichten\\\/le-creuset-hat-gerade-einen-voellig-neuen-look-vorgestellt-es-ist-durch-und-durch-modern-und-ich-bin-zerrissen\\\/#primaryimage\"},\"thumbnailUrl\":\"https:\\\/\\\/www.strassenweb.de\\\/nachrichten\\\/wp-content\\\/uploads\\\/2025\\\/08\\\/Le-Creuset-hat-gerade-einen-voellig-neuen-Look-vorgestellt.jpg\",\"articleSection\":[\"Haus &amp; Garten\"],\"inLanguage\":\"de\"},{\"@type\":\"WebPage\",\"@id\":\"https:\\\/\\\/www.strassenweb.de\\\/nachrichten\\\/le-creuset-hat-gerade-einen-voellig-neuen-look-vorgestellt-es-ist-durch-und-durch-modern-und-ich-bin-zerrissen\\\/\",\"url\":\"https:\\\/\\\/www.strassenweb.de\\\/nachrichten\\\/le-creuset-hat-gerade-einen-voellig-neuen-look-vorgestellt-es-ist-durch-und-durch-modern-und-ich-bin-zerrissen\\\/\",\"name\":\"Le Creuset hat gerade einen v\u00f6llig neuen Look vorgestellt - es ist durch und durch modern, und ich bin zerrissen - Nachrichten - Stra\u00dfenweb\",\"isPartOf\":{\"@id\":\"https:\\\/\\\/www.strassenweb.de\\\/nachrichten\\\/#website\"},\"primaryImageOfPage\":{\"@id\":\"https:\\\/\\\/www.strassenweb.de\\\/nachrichten\\\/le-creuset-hat-gerade-einen-voellig-neuen-look-vorgestellt-es-ist-durch-und-durch-modern-und-ich-bin-zerrissen\\\/#primaryimage\"},\"image\":{\"@id\":\"https:\\\/\\\/www.strassenweb.de\\\/nachrichten\\\/le-creuset-hat-gerade-einen-voellig-neuen-look-vorgestellt-es-ist-durch-und-durch-modern-und-ich-bin-zerrissen\\\/#primaryimage\"},\"thumbnailUrl\":\"https:\\\/\\\/www.strassenweb.de\\\/nachrichten\\\/wp-content\\\/uploads\\\/2025\\\/08\\\/Le-Creuset-hat-gerade-einen-voellig-neuen-Look-vorgestellt.jpg\",\"datePublished\":\"2025-08-28T14:44:11+00:00\",\"dateModified\":\"2025-08-28T14:45:23+00:00\",\"breadcrumb\":{\"@id\":\"https:\\\/\\\/www.strassenweb.de\\\/nachrichten\\\/le-creuset-hat-gerade-einen-voellig-neuen-look-vorgestellt-es-ist-durch-und-durch-modern-und-ich-bin-zerrissen\\\/#breadcrumb\"},\"inLanguage\":\"de\",\"potentialAction\":[{\"@type\":\"ReadAction\",\"target\":[\"https:\\\/\\\/www.strassenweb.de\\\/nachrichten\\\/le-creuset-hat-gerade-einen-voellig-neuen-look-vorgestellt-es-ist-durch-und-durch-modern-und-ich-bin-zerrissen\\\/\"]}]},{\"@type\":\"ImageObject\",\"inLanguage\":\"de\",\"@id\":\"https:\\\/\\\/www.strassenweb.de\\\/nachrichten\\\/le-creuset-hat-gerade-einen-voellig-neuen-look-vorgestellt-es-ist-durch-und-durch-modern-und-ich-bin-zerrissen\\\/#primaryimage\",\"url\":\"https:\\\/\\\/www.strassenweb.de\\\/nachrichten\\\/wp-content\\\/uploads\\\/2025\\\/08\\\/Le-Creuset-hat-gerade-einen-voellig-neuen-Look-vorgestellt.jpg\",\"contentUrl\":\"https:\\\/\\\/www.strassenweb.de\\\/nachrichten\\\/wp-content\\\/uploads\\\/2025\\\/08\\\/Le-Creuset-hat-gerade-einen-voellig-neuen-Look-vorgestellt.jpg\",\"width\":1600,\"height\":900,\"caption\":\"A green and orange Dutch oven from the new Le Creuset modern heritage collection, shot from above, surrounded by fresh fruit and flowers\"},{\"@type\":\"BreadcrumbList\",\"@id\":\"https:\\\/\\\/www.strassenweb.de\\\/nachrichten\\\/le-creuset-hat-gerade-einen-voellig-neuen-look-vorgestellt-es-ist-durch-und-durch-modern-und-ich-bin-zerrissen\\\/#breadcrumb\",\"itemListElement\":[{\"@type\":\"ListItem\",\"position\":1,\"name\":\"Home\",\"item\":\"https:\\\/\\\/www.strassenweb.de\\\/nachrichten\\\/\"},{\"@type\":\"ListItem\",\"position\":2,\"name\":\"Le Creuset hat gerade einen v\u00f6llig neuen Look vorgestellt &#8211; es ist durch und durch modern, und ich bin zerrissen\"}]},{\"@type\":\"WebSite\",\"@id\":\"https:\\\/\\\/www.strassenweb.de\\\/nachrichten\\\/#website\",\"url\":\"https:\\\/\\\/www.strassenweb.de\\\/nachrichten\\\/\",\"name\":\"Stra\u00dfenweb\",\"description\":\"Stra\u00dfenverzeichnis f\u00fcr Deutschland\",\"publisher\":{\"@id\":\"https:\\\/\\\/www.strassenweb.de\\\/nachrichten\\\/#organization\"},\"potentialAction\":[{\"@type\":\"SearchAction\",\"target\":{\"@type\":\"EntryPoint\",\"urlTemplate\":\"https:\\\/\\\/www.strassenweb.de\\\/nachrichten\\\/?s={search_term_string}\"},\"query-input\":{\"@type\":\"PropertyValueSpecification\",\"valueRequired\":true,\"valueName\":\"search_term_string\"}}],\"inLanguage\":\"de\"},{\"@type\":\"Organization\",\"@id\":\"https:\\\/\\\/www.strassenweb.de\\\/nachrichten\\\/#organization\",\"name\":\"Stra\u00dfenweb\",\"url\":\"https:\\\/\\\/www.strassenweb.de\\\/nachrichten\\\/\",\"logo\":{\"@type\":\"ImageObject\",\"inLanguage\":\"de\",\"@id\":\"https:\\\/\\\/www.strassenweb.de\\\/nachrichten\\\/#\\\/schema\\\/logo\\\/image\\\/\",\"url\":\"https:\\\/\\\/www.strassenweb.de\\\/nachrichten\\\/wp-content\\\/uploads\\\/2024\\\/09\\\/cropped-favicon.png\",\"contentUrl\":\"https:\\\/\\\/www.strassenweb.de\\\/nachrichten\\\/wp-content\\\/uploads\\\/2024\\\/09\\\/cropped-favicon.png\",\"width\":512,\"height\":512,\"caption\":\"Stra\u00dfenweb\"},\"image\":{\"@id\":\"https:\\\/\\\/www.strassenweb.de\\\/nachrichten\\\/#\\\/schema\\\/logo\\\/image\\\/\"},\"sameAs\":[\"https:\\\/\\\/www.facebook.com\\\/strassenweb\\\/\"]},{\"@type\":\"Person\",\"@id\":\"https:\\\/\\\/www.strassenweb.de\\\/nachrichten\\\/#\\\/schema\\\/person\\\/87c9c9067f1211da429a744dc5a5aa41\",\"name\":\"Robert Hoffmann\",\"image\":{\"@type\":\"ImageObject\",\"inLanguage\":\"de\",\"@id\":\"https:\\\/\\\/www.strassenweb.de\\\/nachrichten\\\/wp-content\\\/uploads\\\/2024\\\/09\\\/strassenweb-150x150.jpg\",\"url\":\"https:\\\/\\\/www.strassenweb.de\\\/nachrichten\\\/wp-content\\\/uploads\\\/2024\\\/09\\\/strassenweb-150x150.jpg\",\"contentUrl\":\"https:\\\/\\\/www.strassenweb.de\\\/nachrichten\\\/wp-content\\\/uploads\\\/2024\\\/09\\\/strassenweb-150x150.jpg\",\"caption\":\"Robert Hoffmann\"},\"description\":\"Ich hei\u00dfe Robert Hoffmann und ich bin ein leidenschaftlicher Verfechter von \u00d6kologie und Biodiversit\u00e4t. Seit meiner Kindheit in den W\u00e4ldern Bayerns f\u00fchle ich mich mit der Natur verbunden und bin entschlossen, sie zu sch\u00fctzen. Heute widme ich mein Leben der Sensibilisierung anderer f\u00fcr die Bedeutung des Umweltschutzes f\u00fcr zuk\u00fcnftige Generationen.\",\"sameAs\":[\"https:\\\/\\\/www.strassenweb.de\\\/\"]}]}<\/script>\n<!-- \/ Yoast SEO plugin. -->","yoast_head_json":{"title":"Le Creuset hat gerade einen v\u00f6llig neuen Look vorgestellt - es ist durch und durch modern, und ich bin zerrissen - Nachrichten - Stra\u00dfenweb","robots":{"index":"index","follow":"follow","max-snippet":"max-snippet:-1","max-image-preview":"max-image-preview:large","max-video-preview":"max-video-preview:-1"},"canonical":"https:\/\/www.strassenweb.de\/nachrichten\/le-creuset-hat-gerade-einen-voellig-neuen-look-vorgestellt-es-ist-durch-und-durch-modern-und-ich-bin-zerrissen\/","og_locale":"de_DE","og_type":"article","og_title":"Le Creuset hat gerade einen v\u00f6llig neuen Look vorgestellt - es ist durch und durch modern, und ich bin zerrissen - Nachrichten - Stra\u00dfenweb","og_description":"In einer Welt, in der die einzige Konstante Ver\u00e4nderung ist, ist eine Kochgeschirrmarke seit einem Jahrhundert zeitlos geblieben. Le Creuset ist sofort erkennbar. Der niederl\u00e4ndische","og_url":"https:\/\/www.strassenweb.de\/nachrichten\/le-creuset-hat-gerade-einen-voellig-neuen-look-vorgestellt-es-ist-durch-und-durch-modern-und-ich-bin-zerrissen\/","og_site_name":"Stra\u00dfenweb","article_publisher":"https:\/\/www.facebook.com\/strassenweb\/","article_published_time":"2025-08-28T14:44:11+00:00","article_modified_time":"2025-08-28T14:45:23+00:00","og_image":[{"width":1600,"height":900,"url":"https:\/\/www.strassenweb.de\/nachrichten\/wp-content\/uploads\/2025\/08\/Le-Creuset-hat-gerade-einen-voellig-neuen-Look-vorgestellt.jpg","type":"image\/jpeg"}],"author":"Robert Hoffmann","twitter_card":"summary_large_image","twitter_misc":{"Verfasst von":"Robert Hoffmann","Gesch\u00e4tzte Lesezeit":"3\u00a0Minuten"},"schema":{"@context":"https:\/\/schema.org","@graph":[{"@type":"Article","@id":"https:\/\/www.strassenweb.de\/nachrichten\/le-creuset-hat-gerade-einen-voellig-neuen-look-vorgestellt-es-ist-durch-und-durch-modern-und-ich-bin-zerrissen\/#article","isPartOf":{"@id":"https:\/\/www.strassenweb.de\/nachrichten\/le-creuset-hat-gerade-einen-voellig-neuen-look-vorgestellt-es-ist-durch-und-durch-modern-und-ich-bin-zerrissen\/"},"author":{"name":"Robert Hoffmann","@id":"https:\/\/www.strassenweb.de\/nachrichten\/#\/schema\/person\/87c9c9067f1211da429a744dc5a5aa41"},"headline":"Le Creuset hat gerade einen v\u00f6llig neuen Look vorgestellt &#8211; es ist durch und durch modern, und ich bin zerrissen","datePublished":"2025-08-28T14:44:11+00:00","dateModified":"2025-08-28T14:45:23+00:00","mainEntityOfPage":{"@id":"https:\/\/www.strassenweb.de\/nachrichten\/le-creuset-hat-gerade-einen-voellig-neuen-look-vorgestellt-es-ist-durch-und-durch-modern-und-ich-bin-zerrissen\/"},"wordCount":563,"publisher":{"@id":"https:\/\/www.strassenweb.de\/nachrichten\/#organization"},"image":{"@id":"https:\/\/www.strassenweb.de\/nachrichten\/le-creuset-hat-gerade-einen-voellig-neuen-look-vorgestellt-es-ist-durch-und-durch-modern-und-ich-bin-zerrissen\/#primaryimage"},"thumbnailUrl":"https:\/\/www.strassenweb.de\/nachrichten\/wp-content\/uploads\/2025\/08\/Le-Creuset-hat-gerade-einen-voellig-neuen-Look-vorgestellt.jpg","articleSection":["Haus &amp; Garten"],"inLanguage":"de"},{"@type":"WebPage","@id":"https:\/\/www.strassenweb.de\/nachrichten\/le-creuset-hat-gerade-einen-voellig-neuen-look-vorgestellt-es-ist-durch-und-durch-modern-und-ich-bin-zerrissen\/","url":"https:\/\/www.strassenweb.de\/nachrichten\/le-creuset-hat-gerade-einen-voellig-neuen-look-vorgestellt-es-ist-durch-und-durch-modern-und-ich-bin-zerrissen\/","name":"Le Creuset hat gerade einen v\u00f6llig neuen Look vorgestellt - es ist durch und durch modern, und ich bin zerrissen - Nachrichten - Stra\u00dfenweb","isPartOf":{"@id":"https:\/\/www.strassenweb.de\/nachrichten\/#website"},"primaryImageOfPage":{"@id":"https:\/\/www.strassenweb.de\/nachrichten\/le-creuset-hat-gerade-einen-voellig-neuen-look-vorgestellt-es-ist-durch-und-durch-modern-und-ich-bin-zerrissen\/#primaryimage"},"image":{"@id":"https:\/\/www.strassenweb.de\/nachrichten\/le-creuset-hat-gerade-einen-voellig-neuen-look-vorgestellt-es-ist-durch-und-durch-modern-und-ich-bin-zerrissen\/#primaryimage"},"thumbnailUrl":"https:\/\/www.strassenweb.de\/nachrichten\/wp-content\/uploads\/2025\/08\/Le-Creuset-hat-gerade-einen-voellig-neuen-Look-vorgestellt.jpg","datePublished":"2025-08-28T14:44:11+00:00","dateModified":"2025-08-28T14:45:23+00:00","breadcrumb":{"@id":"https:\/\/www.strassenweb.de\/nachrichten\/le-creuset-hat-gerade-einen-voellig-neuen-look-vorgestellt-es-ist-durch-und-durch-modern-und-ich-bin-zerrissen\/#breadcrumb"},"inLanguage":"de","potentialAction":[{"@type":"ReadAction","target":["https:\/\/www.strassenweb.de\/nachrichten\/le-creuset-hat-gerade-einen-voellig-neuen-look-vorgestellt-es-ist-durch-und-durch-modern-und-ich-bin-zerrissen\/"]}]},{"@type":"ImageObject","inLanguage":"de","@id":"https:\/\/www.strassenweb.de\/nachrichten\/le-creuset-hat-gerade-einen-voellig-neuen-look-vorgestellt-es-ist-durch-und-durch-modern-und-ich-bin-zerrissen\/#primaryimage","url":"https:\/\/www.strassenweb.de\/nachrichten\/wp-content\/uploads\/2025\/08\/Le-Creuset-hat-gerade-einen-voellig-neuen-Look-vorgestellt.jpg","contentUrl":"https:\/\/www.strassenweb.de\/nachrichten\/wp-content\/uploads\/2025\/08\/Le-Creuset-hat-gerade-einen-voellig-neuen-Look-vorgestellt.jpg","width":1600,"height":900,"caption":"A green and orange Dutch oven from the new Le Creuset modern heritage collection, shot from above, surrounded by fresh fruit and flowers"},{"@type":"BreadcrumbList","@id":"https:\/\/www.strassenweb.de\/nachrichten\/le-creuset-hat-gerade-einen-voellig-neuen-look-vorgestellt-es-ist-durch-und-durch-modern-und-ich-bin-zerrissen\/#breadcrumb","itemListElement":[{"@type":"ListItem","position":1,"name":"Home","item":"https:\/\/www.strassenweb.de\/nachrichten\/"},{"@type":"ListItem","position":2,"name":"Le Creuset hat gerade einen v\u00f6llig neuen Look vorgestellt &#8211; es ist durch und durch modern, und ich bin zerrissen"}]},{"@type":"WebSite","@id":"https:\/\/www.strassenweb.de\/nachrichten\/#website","url":"https:\/\/www.strassenweb.de\/nachrichten\/","name":"Stra\u00dfenweb","description":"Stra\u00dfenverzeichnis f\u00fcr Deutschland","publisher":{"@id":"https:\/\/www.strassenweb.de\/nachrichten\/#organization"},"potentialAction":[{"@type":"SearchAction","target":{"@type":"EntryPoint","urlTemplate":"https:\/\/www.strassenweb.de\/nachrichten\/?s={search_term_string}"},"query-input":{"@type":"PropertyValueSpecification","valueRequired":true,"valueName":"search_term_string"}}],"inLanguage":"de"},{"@type":"Organization","@id":"https:\/\/www.strassenweb.de\/nachrichten\/#organization","name":"Stra\u00dfenweb","url":"https:\/\/www.strassenweb.de\/nachrichten\/","logo":{"@type":"ImageObject","inLanguage":"de","@id":"https:\/\/www.strassenweb.de\/nachrichten\/#\/schema\/logo\/image\/","url":"https:\/\/www.strassenweb.de\/nachrichten\/wp-content\/uploads\/2024\/09\/cropped-favicon.png","contentUrl":"https:\/\/www.strassenweb.de\/nachrichten\/wp-content\/uploads\/2024\/09\/cropped-favicon.png","width":512,"height":512,"caption":"Stra\u00dfenweb"},"image":{"@id":"https:\/\/www.strassenweb.de\/nachrichten\/#\/schema\/logo\/image\/"},"sameAs":["https:\/\/www.facebook.com\/strassenweb\/"]},{"@type":"Person","@id":"https:\/\/www.strassenweb.de\/nachrichten\/#\/schema\/person\/87c9c9067f1211da429a744dc5a5aa41","name":"Robert Hoffmann","image":{"@type":"ImageObject","inLanguage":"de","@id":"https:\/\/www.strassenweb.de\/nachrichten\/wp-content\/uploads\/2024\/09\/strassenweb-150x150.jpg","url":"https:\/\/www.strassenweb.de\/nachrichten\/wp-content\/uploads\/2024\/09\/strassenweb-150x150.jpg","contentUrl":"https:\/\/www.strassenweb.de\/nachrichten\/wp-content\/uploads\/2024\/09\/strassenweb-150x150.jpg","caption":"Robert Hoffmann"},"description":"Ich hei\u00dfe Robert Hoffmann und ich bin ein leidenschaftlicher Verfechter von \u00d6kologie und Biodiversit\u00e4t. Seit meiner Kindheit in den W\u00e4ldern Bayerns f\u00fchle ich mich mit der Natur verbunden und bin entschlossen, sie zu sch\u00fctzen. Heute widme ich mein Leben der Sensibilisierung anderer f\u00fcr die Bedeutung des Umweltschutzes f\u00fcr zuk\u00fcnftige Generationen.","sameAs":["https:\/\/www.strassenweb.de\/"]}]}},"_links":{"self":[{"href":"https:\/\/www.strassenweb.de\/nachrichten\/wp-json\/wp\/v2\/posts\/7286","targetHints":{"allow":["GET"]}}],"collection":[{"href":"https:\/\/www.strassenweb.de\/nachrichten\/wp-json\/wp\/v2\/posts"}],"about":[{"href":"https:\/\/www.strassenweb.de\/nachrichten\/wp-json\/wp\/v2\/types\/post"}],"author":[{"embeddable":true,"href":"https:\/\/www.strassenweb.de\/nachrichten\/wp-json\/wp\/v2\/users\/1"}],"replies":[{"embeddable":true,"href":"https:\/\/www.strassenweb.de\/nachrichten\/wp-json\/wp\/v2\/comments?post=7286"}],"version-history":[{"count":0,"href":"https:\/\/www.strassenweb.de\/nachrichten\/wp-json\/wp\/v2\/posts\/7286\/revisions"}],"wp:featuredmedia":[{"embeddable":true,"href":"https:\/\/www.strassenweb.de\/nachrichten\/wp-json\/wp\/v2\/media\/7287"}],"wp:attachment":[{"href":"https:\/\/www.strassenweb.de\/nachrichten\/wp-json\/wp\/v2\/media?parent=7286"}],"wp:term":[{"taxonomy":"category","embeddable":true,"href":"https:\/\/www.strassenweb.de\/nachrichten\/wp-json\/wp\/v2\/categories?post=7286"},{"taxonomy":"post_tag","embeddable":true,"href":"https:\/\/www.strassenweb.de\/nachrichten\/wp-json\/wp\/v2\/tags?post=7286"}],"curies":[{"name":"wp","href":"https:\/\/api.w.org\/{rel}","templated":true}]}}