{"id":7269,"date":"2025-08-27T22:41:23","date_gmt":"2025-08-27T20:41:23","guid":{"rendered":"https:\/\/www.strassenweb.de\/nachrichten\/dies-sind-die-5-besten-farben-die-sich-mit-einer-holzkueche-arbeitsplatte-kombinieren-koennen-innenarchitekten-zufolge\/"},"modified":"2025-08-27T22:41:24","modified_gmt":"2025-08-27T20:41:24","slug":"dies-sind-die-5-besten-farben-die-sich-mit-einer-holzkueche-arbeitsplatte-kombinieren-koennen-innenarchitekten-zufolge","status":"publish","type":"post","link":"https:\/\/www.strassenweb.de\/nachrichten\/dies-sind-die-5-besten-farben-die-sich-mit-einer-holzkueche-arbeitsplatte-kombinieren-koennen-innenarchitekten-zufolge\/","title":{"rendered":"Dies sind die 5 besten Farben, die sich mit einer Holzk\u00fcche -Arbeitsplatte kombinieren k\u00f6nnen. Innenarchitekten zufolge"},"content":{"rendered":"<p><\/p>\n<div id=\"article-body\" class=\"article__body \">\n<p id=\"57accc15-b798-422b-a946-e66a66004978\">Wood hat in diesem Jahr wirklich in K\u00fcchen dominiert, von Schr\u00e4nken in reichen Eichent\u00f6nen bis hin zu Statement Islands mit einem klassischen Metzgerblock. Holzarbeitsplatten sind f\u00fcr ihren klassischen Aussehen und zeitlosen Anziehungskraft genauso gesucht.<\/p>\n<div id=\"ad-unit-1\" class=\"ad-unit\"><\/div>\n<p>Aber wie bei jeder K\u00fcchenarbeitsplatte kann es eine schwierige Aufgabe sein, sich f\u00fcr die besten Farben zu entscheiden, um sie mit Holzplatten zu kombinieren. Einige Farbt\u00f6ne neigen mehr Land mit Stil, andere f\u00fchlen sich mutiger und zeitgem\u00e4\u00dfer.<\/p>\n<aside data-block-type=\"embed\" data-render-type=\"fte\" data-skip=\"dealsy\" data-widget-type=\"seasonal\" class=\"hawk-base\"><\/aside>\n<p id=\"57accc15-b798-422b-a946-e66a66004978-2\">Egal, ob Sie ein Fan von Neutralen sind oder gerne mit Ihren K\u00fcchenfarben -Ideen mutig werden, ich habe Innenarchitekten gefragt, welche Schattierungen sie gerne mit Holzz\u00e4hnen kombinieren &#8211; es stellt sich heraus, dass dieses Material vielseitiger ist, als Sie vielleicht denken.<\/p>\n<div class=\"van_vid_carousel\">\n<div class=\"van_vid_carousel__padding\">\n<div class=\"van_vid_carousel__container\"><\/div>\n<\/div>\n<\/div>\n<h2 id=\"5-colors-to-pair-with-wooden-kitchen-countertops-3\">5 Farben, um sich mit Holzk\u00fcchenarbeitsplatten zu kombinieren<\/h2>\n<p id=\"1ff037ba-ef4b-4f99-a8ee-e82451fedd68\">Es gibt einen Grund, warum Wood in Designs den Test der Zeit bestand &#8211; es ist eine dieser klassischen K\u00fcchenarbeitsplatten, die niemals aus der Mode gehen. Der Schl\u00fcssel ist jedoch, sie mit den richtigen Farben zu stylen, um einen Raum zu schaffen, der nicht nur Ihr Zuhause, sondern auch Ihren Innenarchitektur erg\u00e4nzt. Und hier gibt es eine Farbe f\u00fcr jeden Geschmack.<\/p>\n<div id=\"ad-unit-2\" class=\"ad-unit\"><\/div>\n<h3 class=\"article-body__section\" id=\"section-1-go-tonal-with-a-color-that-matches-your-countertop\"><span>1. Gehen Sie mit einer Farbe, die Ihrer Arbeitsplatte entspricht<\/span><\/h3>\n<figure class=\"van-image-figure inline-layout \" data-bordeaux-image-check id=\"37a8c791-a278-441f-abf5-ceb6f0657c19\">\n<div class=\"image-full-width-wrapper\">\n<div class=\"image-widthsetter\" style=\"max-width:2400px;\"><\/div>\n<\/div>\n<\/figure>\n<p id=\"1b7c3f50-f286-402e-b560-3afb576802ac\">Holzarbeitsplatten bieten eine gro\u00dfartige Gelegenheit, ein mutiges Design zu schaffen. Die rechten Holzt\u00f6ne k\u00f6nnen einen auff\u00e4lligen Kontrast oder sogar eine tonal-farbveredelte K\u00fcche f\u00fcr maximale Auswirkungen erzeugen. In dieser K\u00fcche wurde ein tonalerer Ansatz ausgew\u00e4hlt, der von Studio Laloc entworfen wurde.<\/p>\n<p>&#8222;Wir lieben es, Holzplatten mit entweder Farben zu kombinieren, die sich tonal anf\u00fchlen, wie err\u00f6te Rosa und Tont\u00f6ne oder Farben, die einen starken Kontrast zwischen Holz und Schr\u00e4nken wie einem dunklen Blau, einem tiefvolett, einem tiefgr\u00fcnen oder fast schwarzen Farben haben&#8220;, sagt Lauren Caron, Gr\u00fcnder und Hauptdesignerin des in Seattle ans\u00e4ssigen Studios.<\/p>\n<p>Ein tonaler Ansatz kann sich beruhigender und beruhigender anf\u00fchlen. Die h\u00f6lzernen Z\u00e4hler mischen sich nahtlos in das Design, w\u00e4hrend die sch\u00f6nen Holzt\u00f6ne im gesamten Raum hervorgehoben werden. Andererseits erm\u00f6glicht ein kontrastierender Ansatz das Holz ab.<\/p>\n<div id=\"slice-container-newsletterForm-articleInbodyContent-9wXo6FMHPwPKXGtPoFGCwY\" class=\"slice-container newsletter-inbodyContent-slice newsletterForm-articleInbodyContent-9wXo6FMHPwPKXGtPoFGCwY slice-container-newsletterForm\"><\/div>\n<p>&#8218;Dies sind gute Paarungen, weil sie das Holzmaterial und die inh\u00e4rente W\u00e4rme hervorheben, die Holzplatten in einen Raum bringen. Sie sind in der Regel etwas l\u00e4ssiges Gef\u00fchl als Naturstein und wirken oft gut auf K\u00fccheninseln, in Hilfsr\u00e4umen oder in Versorgungsr\u00e4umen \u201c, erkl\u00e4rt sie.<\/p>\n<h3 class=\"article-body__section\" id=\"section-2-pair-a-warm-wood-with-a-pale-yellow\"><span>2. Kombinieren ein warmes Holz mit einem hellgelben<\/span><\/h3>\n<figure class=\"van-image-figure inline-layout \" data-bordeaux-image-check id=\"2598d6f6-b031-409b-9d4d-6ef95bfee54c\">\n<div class=\"image-full-width-wrapper\">\n<div class=\"image-widthsetter\" style=\"max-width:2000px;\"><\/div>\n<\/div>\n<\/figure>\n<p id=\"5f5f273f-7ffe-4ec2-9811-c35cdf303f38\">In diesem Jahr haben die K\u00fcchentrends Butter gelbe K\u00fcchen f\u00fcr ihre weiche Farbe und zeitlose Anziehungskraft angenommen. Und es stellt sich heraus, dass diese blasser gelben T\u00f6ne die perfekte Kombination mit Holzk\u00fcchenarbeitsplatten mit Holzk\u00fcchen sind, wie in diesem Design gezeigt.<\/p>\n<p>\u201eEine volle K\u00fcche in Buttergelb zu haben, ist mein Vorschlag. Wie ich immer sage, wenn Sie sich f\u00fcr etwas entscheiden, dann verpflichten Sie sich voll und ganz. Wenn Sie sich weniger mutig f\u00fchlen und wie ein klassischer Look, w\u00e4ren Butter gelbe W\u00e4nde ein guter Ausgangspunkt, vielleicht mit weichen gelben Sahneschrank und Holzarbeitsplatten f\u00fcr einen zur\u00fcckhaltenden und sanften Look \u201c, schl\u00e4gt Helen Parker, Creative Director von Devol Kitchens, vor.<\/p>\n<p>Die Designerin Christine Tuttle stimmt zu, dass blasse Gelbs eine ideale Farbe sind, um mit Holzarbeitsplatten zu kombinieren. Sie erkl\u00e4rt: &#8218;Ich habe Streichstick von Farrow &#038; Ball in einem k\u00fcrzlich gef\u00fchrten K\u00fcchenprojekt verwendet. Ich habe es mit Wimborne White Woodwork, auch Farrow &#038; Ball, zusammengetan. &#8218;<\/p>\n<p>\u201eEs ist eine warme und einladende Farbkombination, bei der Streichholz gen\u00fcgend ges\u00e4ttigte Farbe hat, um sich den reichen Holztonz\u00e4hlern zu stellten. F\u00fcr K\u00fcchen mit Holzschaltern neigen wir dazu, eine neutrale Farbfarbe mit einem warmen gelben oder roten Unterton zu haben, um das Holz zu erg\u00e4nzen. &#8218;<\/p>\n<p>Es gibt verschiedene M\u00f6glichkeiten, Gelb einzuf\u00fchren, um Ihre Holzplatten zu begleiten. F\u00fcr ein subtiles Aussehen k\u00f6nnen Sie einen Statement -Schrank hinzuf\u00fcgen, aber ein mutigerer Ansatz mit W\u00e4nden oder Schr\u00e4nken, die in diesem ged\u00e4mpften Farbton durchn\u00e4sst werden, wird von Designern bevorzugt.<\/p>\n<h3 class=\"article-body__section\" id=\"section-3-keep-it-classic-with-a-soft-white\"><span>3. Halten Sie es klassisch mit einem weichen Wei\u00df <\/span><\/h3>\n<figure class=\"van-image-figure inline-layout \" data-bordeaux-image-check id=\"c753b898-ef39-486c-87da-852b30871eaa\">\n<div class=\"image-full-width-wrapper\">\n<div class=\"image-widthsetter\" style=\"max-width:2000px;\"><\/div>\n<\/div>\n<\/figure>\n<p id=\"e1477a72-9ece-4abd-8256-dce4fd316322\">F\u00fcr eine klassische traditionelle K\u00fcche sehen Holzarbeitsplatten mit einem weichen wei\u00dfen Farbton immer v\u00f6llig zeitlos aus. Es ist eine Kombination, die einen rustikaleren Look f\u00fcr eine Landk\u00fcche oder ein polierteres Finish f\u00fcr moderne Innenr\u00e4ume erhalten kann.<\/p>\n<p>\u201eIch finde oft, dass Holzplatten mit erg\u00e4nzenden warmen T\u00f6nen und weichen Wei\u00dfen wundersch\u00f6n passen. Holz hat eine nat\u00fcrliche Tiefe und einen nat\u00fcrlichen Reichtum, und diese Qualit\u00e4ten werden verbessert, wenn sie gegen Farben festgelegt werden, die seine W\u00e4rme teilen \u201c, sagt Innenarchitektin Lauren Gilberthorpe.<\/p>\n<p>&#8218;Weiche Neutrale wie Farrow &#038; Ball&#8217;s Stony Ground oder Little Greenes Pilz bringen das Getreide im Holz heraus und schaffen ein Gef\u00fchl der Harmonie. Warme Wei\u00dfe wie Farrow &#038; Balls zeigen oder Little Greenes schlager Limette bieten eine saubere Kulisse, die den Charakter des Holzes hervorhebt, ohne sich stark zu f\u00fchlen. &#8218;<\/p>\n<h3 class=\"article-body__section\" id=\"section-4-don-t-just-stick-with-neutrals\"><span>4. Bleiben Sie nicht nur bei Neutralen<\/span><\/h3>\n<figure class=\"van-image-figure inline-layout \" data-bordeaux-image-check id=\"905aca71-b462-440a-9c22-854daa415f7e\">\n<div class=\"image-full-width-wrapper\">\n<div class=\"image-widthsetter\" style=\"max-width:2000px;\"><\/div>\n<\/div>\n<\/figure>\n<p id=\"a2d1b991-cf89-4552-a23e-85fd98a20f1c\">Holzk\u00fcchen -Arbeitsplatten sind vielseitiger als Sie vielleicht denken, und sie arbeiten so wunderbar in farbenfrohen K\u00fcchen wie in neutralen. F\u00fcr ein mutigeres Design, das sich immer noch zeitlos anf\u00fchlt, sind Gr\u00fcn- und Pink -Farben oft Favoriten mit Designern.<\/p>\n<p>&#8222;F\u00fcr diejenigen, die einen Farbtupfer und ein \u00dcberraschungselement bevorzugen, ist Farrow &#038; Ball&#8217;s Setting -Gips ein wundersch\u00f6nes Paar mit Holz und f\u00fcgt eine weiche Err\u00f6tung hinzu, die sich sowohl verspielt als auch elegant anf\u00fchlt&#8220;, sagt Lauren und verweist auf den staubigen rosa Farbton, der das Aussehen des traditionellen Wandpflasters nachahmt.<\/p>\n<p>&#8218;Ebenso k\u00f6nnen reichere Gr\u00fcnt\u00f6ne ein auff\u00e4lliges Gleichgewicht mit Holz schaffen. Farbt\u00f6ne wie Farrow &#038; Balls Olive bieten eine geerdete, druckvolle Aussage, die immer noch bequem in einer nat\u00fcrlichen Palette liegt. &#8218;<\/p>\n<p>In dieser K\u00fcche wurde auf die Schr\u00e4nke ein Weisengr\u00fcn aufgetragen &#8211; es ist ein Farbton, der es den Holzplatten zum Leuchten erm\u00f6glicht, aber als Paarung kreieren sie ein charaktervolles, aber wundersch\u00f6n erdiges Aussehen.<\/p>\n<h3 class=\"article-body__section\" id=\"section-5-cool-down-wooden-countertops-with-a-pale-gray\"><span>5. K\u00fchlen Sie Holzplatten mit einem hellgrau<\/span><\/h3>\n<figure class=\"van-image-figure inline-layout \" data-bordeaux-image-check id=\"468e59f0-cb15-43b0-bcf8-b147d9c66aa0\">\n<div class=\"image-full-width-wrapper\">\n<div class=\"image-widthsetter\" style=\"max-width:2000px;\"><\/div>\n<\/div>\n<\/figure>\n<p id=\"97a8308e-8daf-4d8a-9b11-4b94a4c72543\">W\u00e4hrend nicht jeder 2025 in Richtung einer grauen K\u00fcche interessiert, kann der richtige Farbton einen sch\u00f6nen Kontrast zu Holzplatten erzeugen, wie in der Pantry -Ecke dieser K\u00fcche von CFK -Innenr\u00e4umen gezeigt.<\/p>\n<p>Ich liebe Farrow &#038; Ball&#8217;s Purbeck Stone. Es ist eine Art Kitt, der entweder mit einem Steinoberteil oder einer Holzplatte wundersch\u00f6n zusammenarbeitet \u201c, sagt Cl\u00e1udia Farias Kalur, Gr\u00fcnderin der in Washington ans\u00e4ssigen Designfirma. Dieser besondere Farbton ist ein mittelm\u00e4\u00dfiges Grau, das von der Farbe des Purbeck-Steins inspiriert ist, das ein nat\u00fcrlicheres und zeitloseres Finish verleiht.<\/p>\n<p>&#8218;In diesem Design ist die Pantry -Theke nat\u00fcrliche Walnuss und sie sieht wundersch\u00f6n aus! Der Purbeck -Stein hat die M\u00f6glichkeit, die W\u00e4rme in diesen Gegenmaterialien herauszubringen, ohne \u00fcberw\u00e4ltigend zu sein. &#8218;<\/p>\n<hr id=\"b444c0c3-ddd4-4f26-9d8e-bd24c29414e9\">\n<p id=\"0d3ec1b3-4042-41c5-81ee-372b34b21b5a\">Diese von Designer genehmigten Farbempfehlungen beweisen, wie vielseitige Holzplatten wirklich sind. Abh\u00e4ngig von Ihrem Raum und Ihrem Stil stehen viele Farbt\u00f6ne zur Auswahl.<\/p>\n<p>&#8222;Der Schl\u00fcssel besteht darin, Farben mit W\u00e4rme zu w\u00e4hlen, ob subtil oder fett, damit sich die Paarung einladend, geschichtet und zeitlos anf\u00fchlt&#8220;, sagt Innenarchitektin Lauren Gilberthorpe. Und f\u00fcr welche Farbe Sie sich entscheiden, stellen Sie sicher, dass Ihre Oberfl\u00e4chen mit unseren Experten -Tipps zum \u00d6l von Holzk\u00fcchen -Arbeitsplatten immer am besten aussehen.<\/p>\n<\/div>\n","protected":false},"excerpt":{"rendered":"<p>Wood hat in diesem Jahr wirklich in K\u00fcchen dominiert, von Schr\u00e4nken in reichen Eichent\u00f6nen bis hin zu Statement Islands mit einem klassischen Metzgerblock. Holzarbeitsplatten sind<\/p>\n","protected":false},"author":1,"featured_media":7270,"comment_status":"closed","ping_status":"","sticky":false,"template":"","format":"standard","meta":{"footnotes":""},"categories":[118],"tags":[3560,484,9,503,303,874,5373,717,6773,689,146,142,58,6403],"class_list":["post-7269","post","type-post","status-publish","format-standard","has-post-thumbnail","hentry","category-haus-garten","tag-arbeitsplatte","tag-besten","tag-die","tag-dies","tag-einer","tag-farben","tag-holzkueche","tag-innenarchitekten","tag-kombinieren","tag-koennen","tag-mit","tag-sich","tag-sind","tag-zufolge","generate-columns","tablet-grid-50","mobile-grid-100","grid-parent","grid-50"],"yoast_head":"<!-- This site is optimized with the Yoast SEO plugin v27.3 - https:\/\/yoast.com\/product\/yoast-seo-wordpress\/ -->\n<title>Dies sind die 5 besten Farben, die sich mit einer Holzk\u00fcche -Arbeitsplatte kombinieren k\u00f6nnen. Innenarchitekten zufolge - Nachrichten - Stra\u00dfenweb<\/title>\n<meta name=\"robots\" content=\"index, follow, max-snippet:-1, max-image-preview:large, max-video-preview:-1\" \/>\n<link rel=\"canonical\" href=\"https:\/\/www.strassenweb.de\/nachrichten\/dies-sind-die-5-besten-farben-die-sich-mit-einer-holzkueche-arbeitsplatte-kombinieren-koennen-innenarchitekten-zufolge\/\" \/>\n<meta property=\"og:locale\" content=\"de_DE\" \/>\n<meta property=\"og:type\" content=\"article\" \/>\n<meta property=\"og:title\" content=\"Dies sind die 5 besten Farben, die sich mit einer Holzk\u00fcche -Arbeitsplatte kombinieren k\u00f6nnen. Innenarchitekten zufolge - Nachrichten - Stra\u00dfenweb\" \/>\n<meta property=\"og:description\" content=\"Wood hat in diesem Jahr wirklich in K\u00fcchen dominiert, von Schr\u00e4nken in reichen Eichent\u00f6nen bis hin zu Statement Islands mit einem klassischen Metzgerblock. Holzarbeitsplatten sind\" \/>\n<meta property=\"og:url\" content=\"https:\/\/www.strassenweb.de\/nachrichten\/dies-sind-die-5-besten-farben-die-sich-mit-einer-holzkueche-arbeitsplatte-kombinieren-koennen-innenarchitekten-zufolge\/\" \/>\n<meta property=\"og:site_name\" content=\"Stra\u00dfenweb\" \/>\n<meta property=\"article:publisher\" content=\"https:\/\/www.facebook.com\/strassenweb\/\" \/>\n<meta property=\"article:published_time\" content=\"2025-08-27T20:41:23+00:00\" \/>\n<meta property=\"article:modified_time\" content=\"2025-08-27T20:41:24+00:00\" \/>\n<meta property=\"og:image\" content=\"https:\/\/www.strassenweb.de\/nachrichten\/wp-content\/uploads\/2025\/08\/Dies-sind-die-5-besten-Farben-die-sich-mit-einer.jpg\" \/>\n\t<meta property=\"og:image:width\" content=\"1600\" \/>\n\t<meta property=\"og:image:height\" content=\"900\" \/>\n\t<meta property=\"og:image:type\" content=\"image\/jpeg\" \/>\n<meta name=\"author\" content=\"Robert Hoffmann\" \/>\n<meta name=\"twitter:card\" content=\"summary_large_image\" \/>\n<meta name=\"twitter:label1\" content=\"Verfasst von\" \/>\n\t<meta name=\"twitter:data1\" content=\"Robert Hoffmann\" \/>\n\t<meta name=\"twitter:label2\" content=\"Gesch\u00e4tzte Lesezeit\" \/>\n\t<meta name=\"twitter:data2\" content=\"6\u00a0Minuten\" \/>\n<script type=\"application\/ld+json\" class=\"yoast-schema-graph\">{\"@context\":\"https:\\\/\\\/schema.org\",\"@graph\":[{\"@type\":\"Article\",\"@id\":\"https:\\\/\\\/www.strassenweb.de\\\/nachrichten\\\/dies-sind-die-5-besten-farben-die-sich-mit-einer-holzkueche-arbeitsplatte-kombinieren-koennen-innenarchitekten-zufolge\\\/#article\",\"isPartOf\":{\"@id\":\"https:\\\/\\\/www.strassenweb.de\\\/nachrichten\\\/dies-sind-die-5-besten-farben-die-sich-mit-einer-holzkueche-arbeitsplatte-kombinieren-koennen-innenarchitekten-zufolge\\\/\"},\"author\":{\"name\":\"Robert Hoffmann\",\"@id\":\"https:\\\/\\\/www.strassenweb.de\\\/nachrichten\\\/#\\\/schema\\\/person\\\/87c9c9067f1211da429a744dc5a5aa41\"},\"headline\":\"Dies sind die 5 besten Farben, die sich mit einer Holzk\u00fcche -Arbeitsplatte kombinieren k\u00f6nnen. Innenarchitekten zufolge\",\"datePublished\":\"2025-08-27T20:41:23+00:00\",\"dateModified\":\"2025-08-27T20:41:24+00:00\",\"mainEntityOfPage\":{\"@id\":\"https:\\\/\\\/www.strassenweb.de\\\/nachrichten\\\/dies-sind-die-5-besten-farben-die-sich-mit-einer-holzkueche-arbeitsplatte-kombinieren-koennen-innenarchitekten-zufolge\\\/\"},\"wordCount\":1249,\"publisher\":{\"@id\":\"https:\\\/\\\/www.strassenweb.de\\\/nachrichten\\\/#organization\"},\"image\":{\"@id\":\"https:\\\/\\\/www.strassenweb.de\\\/nachrichten\\\/dies-sind-die-5-besten-farben-die-sich-mit-einer-holzkueche-arbeitsplatte-kombinieren-koennen-innenarchitekten-zufolge\\\/#primaryimage\"},\"thumbnailUrl\":\"https:\\\/\\\/www.strassenweb.de\\\/nachrichten\\\/wp-content\\\/uploads\\\/2025\\\/08\\\/Dies-sind-die-5-besten-Farben-die-sich-mit-einer.jpg\",\"keywords\":[\"Arbeitsplatte\",\"besten\",\"die\",\"dies\",\"einer\",\"Farben\",\"Holzk\u00fcche\",\"Innenarchitekten\",\"kombinieren\",\"k\u00f6nnen\",\"mit\",\"sich\",\"sind\",\"zufolge\"],\"articleSection\":[\"Haus &amp; Garten\"],\"inLanguage\":\"de\"},{\"@type\":\"WebPage\",\"@id\":\"https:\\\/\\\/www.strassenweb.de\\\/nachrichten\\\/dies-sind-die-5-besten-farben-die-sich-mit-einer-holzkueche-arbeitsplatte-kombinieren-koennen-innenarchitekten-zufolge\\\/\",\"url\":\"https:\\\/\\\/www.strassenweb.de\\\/nachrichten\\\/dies-sind-die-5-besten-farben-die-sich-mit-einer-holzkueche-arbeitsplatte-kombinieren-koennen-innenarchitekten-zufolge\\\/\",\"name\":\"Dies sind die 5 besten Farben, die sich mit einer Holzk\u00fcche -Arbeitsplatte kombinieren k\u00f6nnen. Innenarchitekten zufolge - Nachrichten - Stra\u00dfenweb\",\"isPartOf\":{\"@id\":\"https:\\\/\\\/www.strassenweb.de\\\/nachrichten\\\/#website\"},\"primaryImageOfPage\":{\"@id\":\"https:\\\/\\\/www.strassenweb.de\\\/nachrichten\\\/dies-sind-die-5-besten-farben-die-sich-mit-einer-holzkueche-arbeitsplatte-kombinieren-koennen-innenarchitekten-zufolge\\\/#primaryimage\"},\"image\":{\"@id\":\"https:\\\/\\\/www.strassenweb.de\\\/nachrichten\\\/dies-sind-die-5-besten-farben-die-sich-mit-einer-holzkueche-arbeitsplatte-kombinieren-koennen-innenarchitekten-zufolge\\\/#primaryimage\"},\"thumbnailUrl\":\"https:\\\/\\\/www.strassenweb.de\\\/nachrichten\\\/wp-content\\\/uploads\\\/2025\\\/08\\\/Dies-sind-die-5-besten-Farben-die-sich-mit-einer.jpg\",\"datePublished\":\"2025-08-27T20:41:23+00:00\",\"dateModified\":\"2025-08-27T20:41:24+00:00\",\"breadcrumb\":{\"@id\":\"https:\\\/\\\/www.strassenweb.de\\\/nachrichten\\\/dies-sind-die-5-besten-farben-die-sich-mit-einer-holzkueche-arbeitsplatte-kombinieren-koennen-innenarchitekten-zufolge\\\/#breadcrumb\"},\"inLanguage\":\"de\",\"potentialAction\":[{\"@type\":\"ReadAction\",\"target\":[\"https:\\\/\\\/www.strassenweb.de\\\/nachrichten\\\/dies-sind-die-5-besten-farben-die-sich-mit-einer-holzkueche-arbeitsplatte-kombinieren-koennen-innenarchitekten-zufolge\\\/\"]}]},{\"@type\":\"ImageObject\",\"inLanguage\":\"de\",\"@id\":\"https:\\\/\\\/www.strassenweb.de\\\/nachrichten\\\/dies-sind-die-5-besten-farben-die-sich-mit-einer-holzkueche-arbeitsplatte-kombinieren-koennen-innenarchitekten-zufolge\\\/#primaryimage\",\"url\":\"https:\\\/\\\/www.strassenweb.de\\\/nachrichten\\\/wp-content\\\/uploads\\\/2025\\\/08\\\/Dies-sind-die-5-besten-Farben-die-sich-mit-einer.jpg\",\"contentUrl\":\"https:\\\/\\\/www.strassenweb.de\\\/nachrichten\\\/wp-content\\\/uploads\\\/2025\\\/08\\\/Dies-sind-die-5-besten-Farben-die-sich-mit-einer.jpg\",\"width\":1600,\"height\":900,\"caption\":\"A Manhattan kitchen with an exposed stone wall, wooden countertops, and blue paneled cabinets\"},{\"@type\":\"BreadcrumbList\",\"@id\":\"https:\\\/\\\/www.strassenweb.de\\\/nachrichten\\\/dies-sind-die-5-besten-farben-die-sich-mit-einer-holzkueche-arbeitsplatte-kombinieren-koennen-innenarchitekten-zufolge\\\/#breadcrumb\",\"itemListElement\":[{\"@type\":\"ListItem\",\"position\":1,\"name\":\"Home\",\"item\":\"https:\\\/\\\/www.strassenweb.de\\\/nachrichten\\\/\"},{\"@type\":\"ListItem\",\"position\":2,\"name\":\"Dies sind die 5 besten Farben, die sich mit einer Holzk\u00fcche -Arbeitsplatte kombinieren k\u00f6nnen. Innenarchitekten zufolge\"}]},{\"@type\":\"WebSite\",\"@id\":\"https:\\\/\\\/www.strassenweb.de\\\/nachrichten\\\/#website\",\"url\":\"https:\\\/\\\/www.strassenweb.de\\\/nachrichten\\\/\",\"name\":\"Stra\u00dfenweb\",\"description\":\"Stra\u00dfenverzeichnis f\u00fcr Deutschland\",\"publisher\":{\"@id\":\"https:\\\/\\\/www.strassenweb.de\\\/nachrichten\\\/#organization\"},\"potentialAction\":[{\"@type\":\"SearchAction\",\"target\":{\"@type\":\"EntryPoint\",\"urlTemplate\":\"https:\\\/\\\/www.strassenweb.de\\\/nachrichten\\\/?s={search_term_string}\"},\"query-input\":{\"@type\":\"PropertyValueSpecification\",\"valueRequired\":true,\"valueName\":\"search_term_string\"}}],\"inLanguage\":\"de\"},{\"@type\":\"Organization\",\"@id\":\"https:\\\/\\\/www.strassenweb.de\\\/nachrichten\\\/#organization\",\"name\":\"Stra\u00dfenweb\",\"url\":\"https:\\\/\\\/www.strassenweb.de\\\/nachrichten\\\/\",\"logo\":{\"@type\":\"ImageObject\",\"inLanguage\":\"de\",\"@id\":\"https:\\\/\\\/www.strassenweb.de\\\/nachrichten\\\/#\\\/schema\\\/logo\\\/image\\\/\",\"url\":\"https:\\\/\\\/www.strassenweb.de\\\/nachrichten\\\/wp-content\\\/uploads\\\/2024\\\/09\\\/cropped-favicon.png\",\"contentUrl\":\"https:\\\/\\\/www.strassenweb.de\\\/nachrichten\\\/wp-content\\\/uploads\\\/2024\\\/09\\\/cropped-favicon.png\",\"width\":512,\"height\":512,\"caption\":\"Stra\u00dfenweb\"},\"image\":{\"@id\":\"https:\\\/\\\/www.strassenweb.de\\\/nachrichten\\\/#\\\/schema\\\/logo\\\/image\\\/\"},\"sameAs\":[\"https:\\\/\\\/www.facebook.com\\\/strassenweb\\\/\"]},{\"@type\":\"Person\",\"@id\":\"https:\\\/\\\/www.strassenweb.de\\\/nachrichten\\\/#\\\/schema\\\/person\\\/87c9c9067f1211da429a744dc5a5aa41\",\"name\":\"Robert Hoffmann\",\"image\":{\"@type\":\"ImageObject\",\"inLanguage\":\"de\",\"@id\":\"https:\\\/\\\/www.strassenweb.de\\\/nachrichten\\\/wp-content\\\/uploads\\\/2024\\\/09\\\/strassenweb-150x150.jpg\",\"url\":\"https:\\\/\\\/www.strassenweb.de\\\/nachrichten\\\/wp-content\\\/uploads\\\/2024\\\/09\\\/strassenweb-150x150.jpg\",\"contentUrl\":\"https:\\\/\\\/www.strassenweb.de\\\/nachrichten\\\/wp-content\\\/uploads\\\/2024\\\/09\\\/strassenweb-150x150.jpg\",\"caption\":\"Robert Hoffmann\"},\"description\":\"Ich hei\u00dfe Robert Hoffmann und ich bin ein leidenschaftlicher Verfechter von \u00d6kologie und Biodiversit\u00e4t. Seit meiner Kindheit in den W\u00e4ldern Bayerns f\u00fchle ich mich mit der Natur verbunden und bin entschlossen, sie zu sch\u00fctzen. Heute widme ich mein Leben der Sensibilisierung anderer f\u00fcr die Bedeutung des Umweltschutzes f\u00fcr zuk\u00fcnftige Generationen.\",\"sameAs\":[\"https:\\\/\\\/www.strassenweb.de\\\/\"]}]}<\/script>\n<!-- \/ Yoast SEO plugin. -->","yoast_head_json":{"title":"Dies sind die 5 besten Farben, die sich mit einer Holzk\u00fcche -Arbeitsplatte kombinieren k\u00f6nnen. Innenarchitekten zufolge - Nachrichten - Stra\u00dfenweb","robots":{"index":"index","follow":"follow","max-snippet":"max-snippet:-1","max-image-preview":"max-image-preview:large","max-video-preview":"max-video-preview:-1"},"canonical":"https:\/\/www.strassenweb.de\/nachrichten\/dies-sind-die-5-besten-farben-die-sich-mit-einer-holzkueche-arbeitsplatte-kombinieren-koennen-innenarchitekten-zufolge\/","og_locale":"de_DE","og_type":"article","og_title":"Dies sind die 5 besten Farben, die sich mit einer Holzk\u00fcche -Arbeitsplatte kombinieren k\u00f6nnen. Innenarchitekten zufolge - Nachrichten - Stra\u00dfenweb","og_description":"Wood hat in diesem Jahr wirklich in K\u00fcchen dominiert, von Schr\u00e4nken in reichen Eichent\u00f6nen bis hin zu Statement Islands mit einem klassischen Metzgerblock. Holzarbeitsplatten sind","og_url":"https:\/\/www.strassenweb.de\/nachrichten\/dies-sind-die-5-besten-farben-die-sich-mit-einer-holzkueche-arbeitsplatte-kombinieren-koennen-innenarchitekten-zufolge\/","og_site_name":"Stra\u00dfenweb","article_publisher":"https:\/\/www.facebook.com\/strassenweb\/","article_published_time":"2025-08-27T20:41:23+00:00","article_modified_time":"2025-08-27T20:41:24+00:00","og_image":[{"width":1600,"height":900,"url":"https:\/\/www.strassenweb.de\/nachrichten\/wp-content\/uploads\/2025\/08\/Dies-sind-die-5-besten-Farben-die-sich-mit-einer.jpg","type":"image\/jpeg"}],"author":"Robert Hoffmann","twitter_card":"summary_large_image","twitter_misc":{"Verfasst von":"Robert Hoffmann","Gesch\u00e4tzte Lesezeit":"6\u00a0Minuten"},"schema":{"@context":"https:\/\/schema.org","@graph":[{"@type":"Article","@id":"https:\/\/www.strassenweb.de\/nachrichten\/dies-sind-die-5-besten-farben-die-sich-mit-einer-holzkueche-arbeitsplatte-kombinieren-koennen-innenarchitekten-zufolge\/#article","isPartOf":{"@id":"https:\/\/www.strassenweb.de\/nachrichten\/dies-sind-die-5-besten-farben-die-sich-mit-einer-holzkueche-arbeitsplatte-kombinieren-koennen-innenarchitekten-zufolge\/"},"author":{"name":"Robert Hoffmann","@id":"https:\/\/www.strassenweb.de\/nachrichten\/#\/schema\/person\/87c9c9067f1211da429a744dc5a5aa41"},"headline":"Dies sind die 5 besten Farben, die sich mit einer Holzk\u00fcche -Arbeitsplatte kombinieren k\u00f6nnen. Innenarchitekten zufolge","datePublished":"2025-08-27T20:41:23+00:00","dateModified":"2025-08-27T20:41:24+00:00","mainEntityOfPage":{"@id":"https:\/\/www.strassenweb.de\/nachrichten\/dies-sind-die-5-besten-farben-die-sich-mit-einer-holzkueche-arbeitsplatte-kombinieren-koennen-innenarchitekten-zufolge\/"},"wordCount":1249,"publisher":{"@id":"https:\/\/www.strassenweb.de\/nachrichten\/#organization"},"image":{"@id":"https:\/\/www.strassenweb.de\/nachrichten\/dies-sind-die-5-besten-farben-die-sich-mit-einer-holzkueche-arbeitsplatte-kombinieren-koennen-innenarchitekten-zufolge\/#primaryimage"},"thumbnailUrl":"https:\/\/www.strassenweb.de\/nachrichten\/wp-content\/uploads\/2025\/08\/Dies-sind-die-5-besten-Farben-die-sich-mit-einer.jpg","keywords":["Arbeitsplatte","besten","die","dies","einer","Farben","Holzk\u00fcche","Innenarchitekten","kombinieren","k\u00f6nnen","mit","sich","sind","zufolge"],"articleSection":["Haus &amp; Garten"],"inLanguage":"de"},{"@type":"WebPage","@id":"https:\/\/www.strassenweb.de\/nachrichten\/dies-sind-die-5-besten-farben-die-sich-mit-einer-holzkueche-arbeitsplatte-kombinieren-koennen-innenarchitekten-zufolge\/","url":"https:\/\/www.strassenweb.de\/nachrichten\/dies-sind-die-5-besten-farben-die-sich-mit-einer-holzkueche-arbeitsplatte-kombinieren-koennen-innenarchitekten-zufolge\/","name":"Dies sind die 5 besten Farben, die sich mit einer Holzk\u00fcche -Arbeitsplatte kombinieren k\u00f6nnen. Innenarchitekten zufolge - Nachrichten - Stra\u00dfenweb","isPartOf":{"@id":"https:\/\/www.strassenweb.de\/nachrichten\/#website"},"primaryImageOfPage":{"@id":"https:\/\/www.strassenweb.de\/nachrichten\/dies-sind-die-5-besten-farben-die-sich-mit-einer-holzkueche-arbeitsplatte-kombinieren-koennen-innenarchitekten-zufolge\/#primaryimage"},"image":{"@id":"https:\/\/www.strassenweb.de\/nachrichten\/dies-sind-die-5-besten-farben-die-sich-mit-einer-holzkueche-arbeitsplatte-kombinieren-koennen-innenarchitekten-zufolge\/#primaryimage"},"thumbnailUrl":"https:\/\/www.strassenweb.de\/nachrichten\/wp-content\/uploads\/2025\/08\/Dies-sind-die-5-besten-Farben-die-sich-mit-einer.jpg","datePublished":"2025-08-27T20:41:23+00:00","dateModified":"2025-08-27T20:41:24+00:00","breadcrumb":{"@id":"https:\/\/www.strassenweb.de\/nachrichten\/dies-sind-die-5-besten-farben-die-sich-mit-einer-holzkueche-arbeitsplatte-kombinieren-koennen-innenarchitekten-zufolge\/#breadcrumb"},"inLanguage":"de","potentialAction":[{"@type":"ReadAction","target":["https:\/\/www.strassenweb.de\/nachrichten\/dies-sind-die-5-besten-farben-die-sich-mit-einer-holzkueche-arbeitsplatte-kombinieren-koennen-innenarchitekten-zufolge\/"]}]},{"@type":"ImageObject","inLanguage":"de","@id":"https:\/\/www.strassenweb.de\/nachrichten\/dies-sind-die-5-besten-farben-die-sich-mit-einer-holzkueche-arbeitsplatte-kombinieren-koennen-innenarchitekten-zufolge\/#primaryimage","url":"https:\/\/www.strassenweb.de\/nachrichten\/wp-content\/uploads\/2025\/08\/Dies-sind-die-5-besten-Farben-die-sich-mit-einer.jpg","contentUrl":"https:\/\/www.strassenweb.de\/nachrichten\/wp-content\/uploads\/2025\/08\/Dies-sind-die-5-besten-Farben-die-sich-mit-einer.jpg","width":1600,"height":900,"caption":"A Manhattan kitchen with an exposed stone wall, wooden countertops, and blue paneled cabinets"},{"@type":"BreadcrumbList","@id":"https:\/\/www.strassenweb.de\/nachrichten\/dies-sind-die-5-besten-farben-die-sich-mit-einer-holzkueche-arbeitsplatte-kombinieren-koennen-innenarchitekten-zufolge\/#breadcrumb","itemListElement":[{"@type":"ListItem","position":1,"name":"Home","item":"https:\/\/www.strassenweb.de\/nachrichten\/"},{"@type":"ListItem","position":2,"name":"Dies sind die 5 besten Farben, die sich mit einer Holzk\u00fcche -Arbeitsplatte kombinieren k\u00f6nnen. Innenarchitekten zufolge"}]},{"@type":"WebSite","@id":"https:\/\/www.strassenweb.de\/nachrichten\/#website","url":"https:\/\/www.strassenweb.de\/nachrichten\/","name":"Stra\u00dfenweb","description":"Stra\u00dfenverzeichnis f\u00fcr Deutschland","publisher":{"@id":"https:\/\/www.strassenweb.de\/nachrichten\/#organization"},"potentialAction":[{"@type":"SearchAction","target":{"@type":"EntryPoint","urlTemplate":"https:\/\/www.strassenweb.de\/nachrichten\/?s={search_term_string}"},"query-input":{"@type":"PropertyValueSpecification","valueRequired":true,"valueName":"search_term_string"}}],"inLanguage":"de"},{"@type":"Organization","@id":"https:\/\/www.strassenweb.de\/nachrichten\/#organization","name":"Stra\u00dfenweb","url":"https:\/\/www.strassenweb.de\/nachrichten\/","logo":{"@type":"ImageObject","inLanguage":"de","@id":"https:\/\/www.strassenweb.de\/nachrichten\/#\/schema\/logo\/image\/","url":"https:\/\/www.strassenweb.de\/nachrichten\/wp-content\/uploads\/2024\/09\/cropped-favicon.png","contentUrl":"https:\/\/www.strassenweb.de\/nachrichten\/wp-content\/uploads\/2024\/09\/cropped-favicon.png","width":512,"height":512,"caption":"Stra\u00dfenweb"},"image":{"@id":"https:\/\/www.strassenweb.de\/nachrichten\/#\/schema\/logo\/image\/"},"sameAs":["https:\/\/www.facebook.com\/strassenweb\/"]},{"@type":"Person","@id":"https:\/\/www.strassenweb.de\/nachrichten\/#\/schema\/person\/87c9c9067f1211da429a744dc5a5aa41","name":"Robert Hoffmann","image":{"@type":"ImageObject","inLanguage":"de","@id":"https:\/\/www.strassenweb.de\/nachrichten\/wp-content\/uploads\/2024\/09\/strassenweb-150x150.jpg","url":"https:\/\/www.strassenweb.de\/nachrichten\/wp-content\/uploads\/2024\/09\/strassenweb-150x150.jpg","contentUrl":"https:\/\/www.strassenweb.de\/nachrichten\/wp-content\/uploads\/2024\/09\/strassenweb-150x150.jpg","caption":"Robert Hoffmann"},"description":"Ich hei\u00dfe Robert Hoffmann und ich bin ein leidenschaftlicher Verfechter von \u00d6kologie und Biodiversit\u00e4t. Seit meiner Kindheit in den W\u00e4ldern Bayerns f\u00fchle ich mich mit der Natur verbunden und bin entschlossen, sie zu sch\u00fctzen. Heute widme ich mein Leben der Sensibilisierung anderer f\u00fcr die Bedeutung des Umweltschutzes f\u00fcr zuk\u00fcnftige Generationen.","sameAs":["https:\/\/www.strassenweb.de\/"]}]}},"_links":{"self":[{"href":"https:\/\/www.strassenweb.de\/nachrichten\/wp-json\/wp\/v2\/posts\/7269","targetHints":{"allow":["GET"]}}],"collection":[{"href":"https:\/\/www.strassenweb.de\/nachrichten\/wp-json\/wp\/v2\/posts"}],"about":[{"href":"https:\/\/www.strassenweb.de\/nachrichten\/wp-json\/wp\/v2\/types\/post"}],"author":[{"embeddable":true,"href":"https:\/\/www.strassenweb.de\/nachrichten\/wp-json\/wp\/v2\/users\/1"}],"replies":[{"embeddable":true,"href":"https:\/\/www.strassenweb.de\/nachrichten\/wp-json\/wp\/v2\/comments?post=7269"}],"version-history":[{"count":0,"href":"https:\/\/www.strassenweb.de\/nachrichten\/wp-json\/wp\/v2\/posts\/7269\/revisions"}],"wp:featuredmedia":[{"embeddable":true,"href":"https:\/\/www.strassenweb.de\/nachrichten\/wp-json\/wp\/v2\/media\/7270"}],"wp:attachment":[{"href":"https:\/\/www.strassenweb.de\/nachrichten\/wp-json\/wp\/v2\/media?parent=7269"}],"wp:term":[{"taxonomy":"category","embeddable":true,"href":"https:\/\/www.strassenweb.de\/nachrichten\/wp-json\/wp\/v2\/categories?post=7269"},{"taxonomy":"post_tag","embeddable":true,"href":"https:\/\/www.strassenweb.de\/nachrichten\/wp-json\/wp\/v2\/tags?post=7269"}],"curies":[{"name":"wp","href":"https:\/\/api.w.org\/{rel}","templated":true}]}}