{"id":7211,"date":"2025-08-25T10:39:56","date_gmt":"2025-08-25T08:39:56","guid":{"rendered":"https:\/\/www.strassenweb.de\/nachrichten\/ina-gartens-regale-nimmt-cues-aus-der-geschaetzten-bibliothek-eines-belgischen-designers-es-ist-eine-seltene-lehre-um-das-zu-kuratieren-was-sie-lieben\/"},"modified":"2025-08-25T10:39:57","modified_gmt":"2025-08-25T08:39:57","slug":"ina-gartens-regale-nimmt-cues-aus-der-geschaetzten-bibliothek-eines-belgischen-designers-es-ist-eine-seltene-lehre-um-das-zu-kuratieren-was-sie-lieben","status":"publish","type":"post","link":"https:\/\/www.strassenweb.de\/nachrichten\/ina-gartens-regale-nimmt-cues-aus-der-geschaetzten-bibliothek-eines-belgischen-designers-es-ist-eine-seltene-lehre-um-das-zu-kuratieren-was-sie-lieben\/","title":{"rendered":"Ina Gartens Regale nimmt Cues aus der gesch\u00e4tzten Bibliothek eines belgischen Designers &#8211; es ist eine seltene Lehre, um das zu kuratieren, was Sie lieben"},"content":{"rendered":"<p><\/p>\n<div id=\"article-body\" class=\"article__body \">\n<p id=\"034296eb-932e-4b3d-b767-9b6e9e66876e\">Unsere K\u00fcchen, Bibliotheken und Heimb\u00fcros sind m\u00f6glicherweise getrennte R\u00e4ume. Nachdem wir jedoch einen k\u00fcrzlich von Ina Garten gesehenen Post gesehen haben, \u00fcberlegen wir, wie wir die beiden mischen.<\/p>\n<div id=\"ad-unit-1\" class=\"ad-unit\"><\/div>\n<p>Die Barfu\u00df -Contessas -Schnappsch\u00fcsse ihrer K\u00fcchenregale sind von einer belgischen Designerin inspiriert, die sie erkl\u00e4rt, die seine Bibliothek auf kuratierte und absichtliche Weise dekoriert.<\/p>\n<aside data-block-type=\"embed\" data-render-type=\"fte\" data-skip=\"dealsy\" data-widget-type=\"seasonal\" class=\"hawk-base\"><\/aside>\n<p id=\"034296eb-932e-4b3d-b767-9b6e9e66876e-2\">&#8222;Es gibt einen Antiquit\u00e4tenh\u00e4ndler in Belgien (Axel Vervoordt), dessen Bibliothek exquisit ist, nicht nur, weil seine B\u00fccherregale wundersch\u00f6n sind, sondern auch, weil er alle B\u00fccher gelesen hat&#8220;, erkl\u00e4rt sie in der \u00dcberschrift des Instagram -Posts.<\/p>\n<div class=\"van_vid_carousel\">\n<div class=\"van_vid_carousel__padding\">\n<div class=\"van_vid_carousel__container\"><\/div>\n<\/div>\n<\/div>\n<p>\u00bbWenn Sie hereinkommen, wissen Sie nur, dass es sich um eine Bibliothek handelt, die jemand liebt. Wenn Sie Ihre eigenen K\u00fcchenregale einrichten, k\u00f6nnen Sie einfach die Dinge bewegen, bis Sie das angenehmste Arrangement finden! &#8218;<\/p>\n<div id=\"ad-unit-2\" class=\"ad-unit\"><\/div>\n<div class=\"instagram-embed\" id=\"DMxehNzxV_o\">\n<blockquote class=\"instagram-media\" data-instgrm-captioned data-instgrm-version=\"6\" style=\"width:99.375%; width:-webkit-calc(100% - 2px); width:calc(100% - 2px);\">\n<p>Ein Beitrag, der von Ina Garten (@inagarten) geteilt wird<\/p>\n<p>Ein Foto von on <\/p>\n<\/blockquote>\n<\/div>\n<div class=\"product-container hero-product-container product-block-no-wrap\">\n<div class=\"product-block-row\"><\/div>\n<div class=\"product-block-row\"><\/div>\n<div class=\"product-block-row\"><\/div>\n<\/div>\n<p id=\"091e9245-272f-4b12-ab48-26bcf0d668f4\">Wir k\u00f6nnen sehen, dass Ina ihre K\u00fcchenregale sp\u00e4rlich aber effektiv mit Gegenst\u00e4nden wie Wei\u00df, Keramikkr\u00fcgen, Kupfer- und Messing -T\u00f6pfen sowie ordentlichen Stapeln von Kochb\u00fcchern gef\u00fcllt hat. Zwischen all diesen Elementen gibt es bemerkenswerte Platz, so dass der Look eher kuratiert als \u00fcberf\u00fcllt ist.<\/p>\n<p>Der &#8222;Bibliothek&#8220; -Stil zeigt sich in den B\u00fcchern. Anstatt sie vertikal zu regeln, erzeugen die Stapel dank ihrer farbenfrohen Stacheln und unterschiedlichen Wirbels\u00e4ulentexte Dimension und visuelles Interesse.<\/p>\n<p>Ich finde es auch toll, dass Ina die Buchstapel als Plattformen f\u00fcr andere Objekte wie die Kupferpfannen verwendet. Dies erh\u00f6ht diese St\u00fccke, so dass sie eher als Dekor als als rein funktionelles K\u00fcchenzubeh\u00f6r erscheinen.<\/p>\n<div id=\"slice-container-newsletterForm-articleInbodyContent-RXGZwpQyhJcXYngnD3KNUj\" class=\"slice-container newsletter-inbodyContent-slice newsletterForm-articleInbodyContent-RXGZwpQyhJcXYngnD3KNUj slice-container-newsletterForm\"><\/div>\n<p>Die verschiedenen Materialien tragen auch zum Gef\u00fchl der Bibliothek bei. \u00c4hnlich wie ein B\u00fccherregal enth\u00e4lt eine Mischung aus harten und weichen Abdeckungen, die Mischung aus Keramik, Metallen und Glas in den Holzregalen erzeugt eine Mischung, die visuelle Intrigen hoch h\u00e4lt.<\/p>\n<p>Entscheidend ist, dass alle diese Displayelemente eher voll funktionsf\u00e4hig als nur dekorativ sind, was es zu einer praktischen Designauswahl macht. Wir nehmen an dieser Front absolut Hinweise von Ina (und Axel).<\/p>\n<div class=\"min-h-(270px) mb-4 viafoura-twig-component\" id=\"viafoura-engagement-starter-wrapper\" data-component-name=\"Elk:Embed:EngagementStarter\">\n<div class=\"viafoura\">\n<div>\n<vf-conversation-starter target=\"viafoura-comments\" title=\"How do you style your kitchen shelves?\" description=\"Do you take a minimalist approach?\" minimum-comment-count=\"1\"><br \/>\n<\/vf-conversation-starter>\n<\/div>\n<\/div>\n<\/div>\n<hr id=\"737733d6-5d29-42cb-8017-32fad91bde05\">\n<div class=\"block\" id=\"articleTag\" data-component-name=\"PostArticleLinks\">\n<div class=\"border-b border-b-black border-solid py-2.5 text-black font-bold uppercase\">Themen<\/div>\n<nav class=\"py-2.5 flex gap-2.5 flex-wrap\" data-analytics-id=\"article-tag\">\n<p>Ina Garten<br \/>\n<\/nav>\n<\/div>\n<\/div>\n<p><script async src=\"\/\/www.instagram.com\/embed.js\"><\/script><\/p>\n","protected":false},"excerpt":{"rendered":"<p>Unsere K\u00fcchen, Bibliotheken und Heimb\u00fcros sind m\u00f6glicherweise getrennte R\u00e4ume. Nachdem wir jedoch einen k\u00fcrzlich von Ina Garten gesehenen Post gesehen haben, \u00fcberlegen wir, wie wir<\/p>\n","protected":false},"author":1,"featured_media":5282,"comment_status":"closed","ping_status":"","sticky":false,"template":"","format":"standard","meta":{"footnotes":""},"categories":[118],"tags":[287,6343,5939,9662,112,81,784,74,827,4152,9663,1429,15,5543,9664,217,364,2911,1309,165],"class_list":["post-7211","post","type-post","status-publish","format-standard","has-post-thumbnail","hentry","category-haus-garten","tag-aus","tag-belgischen","tag-bibliothek","tag-cues","tag-das","tag-der","tag-designers","tag-eine","tag-eines","tag-gartens","tag-geschaetzten","tag-ina","tag-ist","tag-kuratieren","tag-lehre","tag-lieben","tag-nimmt","tag-regale","tag-seltene","tag-sie","generate-columns","tablet-grid-50","mobile-grid-100","grid-parent","grid-50"],"yoast_head":"<!-- This site is optimized with the Yoast SEO plugin v27.3 - https:\/\/yoast.com\/product\/yoast-seo-wordpress\/ -->\n<title>Ina Gartens Regale nimmt Cues aus der gesch\u00e4tzten Bibliothek eines belgischen Designers - es ist eine seltene Lehre, um das zu kuratieren, was Sie lieben - Nachrichten - Stra\u00dfenweb<\/title>\n<meta name=\"robots\" content=\"index, follow, max-snippet:-1, max-image-preview:large, max-video-preview:-1\" \/>\n<link rel=\"canonical\" href=\"https:\/\/www.strassenweb.de\/nachrichten\/ina-gartens-regale-nimmt-cues-aus-der-geschaetzten-bibliothek-eines-belgischen-designers-es-ist-eine-seltene-lehre-um-das-zu-kuratieren-was-sie-lieben\/\" \/>\n<meta property=\"og:locale\" content=\"de_DE\" \/>\n<meta property=\"og:type\" content=\"article\" \/>\n<meta property=\"og:title\" content=\"Ina Gartens Regale nimmt Cues aus der gesch\u00e4tzten Bibliothek eines belgischen Designers - es ist eine seltene Lehre, um das zu kuratieren, was Sie lieben - Nachrichten - Stra\u00dfenweb\" \/>\n<meta property=\"og:description\" content=\"Unsere K\u00fcchen, Bibliotheken und Heimb\u00fcros sind m\u00f6glicherweise getrennte R\u00e4ume. Nachdem wir jedoch einen k\u00fcrzlich von Ina Garten gesehenen Post gesehen haben, \u00fcberlegen wir, wie wir\" \/>\n<meta property=\"og:url\" content=\"https:\/\/www.strassenweb.de\/nachrichten\/ina-gartens-regale-nimmt-cues-aus-der-geschaetzten-bibliothek-eines-belgischen-designers-es-ist-eine-seltene-lehre-um-das-zu-kuratieren-was-sie-lieben\/\" \/>\n<meta property=\"og:site_name\" content=\"Stra\u00dfenweb\" \/>\n<meta property=\"article:publisher\" content=\"https:\/\/www.facebook.com\/strassenweb\/\" \/>\n<meta property=\"article:published_time\" content=\"2025-08-25T08:39:56+00:00\" \/>\n<meta property=\"article:modified_time\" content=\"2025-08-25T08:39:57+00:00\" \/>\n<meta property=\"og:image\" content=\"https:\/\/www.strassenweb.de\/nachrichten\/wp-content\/uploads\/2024\/10\/yGveLXZ3LqoyHEa6LtdRJ4.png\" \/>\n\t<meta property=\"og:image:width\" content=\"1\" \/>\n\t<meta property=\"og:image:height\" content=\"1\" \/>\n\t<meta property=\"og:image:type\" content=\"image\/png\" \/>\n<meta name=\"author\" content=\"Robert Hoffmann\" \/>\n<meta name=\"twitter:card\" content=\"summary_large_image\" \/>\n<meta name=\"twitter:label1\" content=\"Verfasst von\" \/>\n\t<meta name=\"twitter:data1\" content=\"Robert Hoffmann\" \/>\n\t<meta name=\"twitter:label2\" content=\"Gesch\u00e4tzte Lesezeit\" \/>\n\t<meta name=\"twitter:data2\" content=\"2\u00a0Minuten\" \/>\n<script type=\"application\/ld+json\" class=\"yoast-schema-graph\">{\"@context\":\"https:\\\/\\\/schema.org\",\"@graph\":[{\"@type\":\"Article\",\"@id\":\"https:\\\/\\\/www.strassenweb.de\\\/nachrichten\\\/ina-gartens-regale-nimmt-cues-aus-der-geschaetzten-bibliothek-eines-belgischen-designers-es-ist-eine-seltene-lehre-um-das-zu-kuratieren-was-sie-lieben\\\/#article\",\"isPartOf\":{\"@id\":\"https:\\\/\\\/www.strassenweb.de\\\/nachrichten\\\/ina-gartens-regale-nimmt-cues-aus-der-geschaetzten-bibliothek-eines-belgischen-designers-es-ist-eine-seltene-lehre-um-das-zu-kuratieren-was-sie-lieben\\\/\"},\"author\":{\"name\":\"Robert Hoffmann\",\"@id\":\"https:\\\/\\\/www.strassenweb.de\\\/nachrichten\\\/#\\\/schema\\\/person\\\/87c9c9067f1211da429a744dc5a5aa41\"},\"headline\":\"Ina Gartens Regale nimmt Cues aus der gesch\u00e4tzten Bibliothek eines belgischen Designers &#8211; es ist eine seltene Lehre, um das zu kuratieren, was Sie lieben\",\"datePublished\":\"2025-08-25T08:39:56+00:00\",\"dateModified\":\"2025-08-25T08:39:57+00:00\",\"mainEntityOfPage\":{\"@id\":\"https:\\\/\\\/www.strassenweb.de\\\/nachrichten\\\/ina-gartens-regale-nimmt-cues-aus-der-geschaetzten-bibliothek-eines-belgischen-designers-es-ist-eine-seltene-lehre-um-das-zu-kuratieren-was-sie-lieben\\\/\"},\"wordCount\":375,\"publisher\":{\"@id\":\"https:\\\/\\\/www.strassenweb.de\\\/nachrichten\\\/#organization\"},\"image\":{\"@id\":\"https:\\\/\\\/www.strassenweb.de\\\/nachrichten\\\/ina-gartens-regale-nimmt-cues-aus-der-geschaetzten-bibliothek-eines-belgischen-designers-es-ist-eine-seltene-lehre-um-das-zu-kuratieren-was-sie-lieben\\\/#primaryimage\"},\"thumbnailUrl\":\"https:\\\/\\\/www.strassenweb.de\\\/nachrichten\\\/wp-content\\\/uploads\\\/2024\\\/10\\\/yGveLXZ3LqoyHEa6LtdRJ4.png\",\"keywords\":[\"aus\",\"belgischen\",\"Bibliothek\",\"Cues\",\"das\",\"der\",\"Designers\",\"eine\",\"eines\",\"Gartens\",\"gesch\u00e4tzten\",\"Ina\",\"ist\",\"kuratieren\",\"Lehre\",\"lieben\",\"nimmt\",\"Regale\",\"seltene\",\"Sie\"],\"articleSection\":[\"Haus &amp; Garten\"],\"inLanguage\":\"de\"},{\"@type\":\"WebPage\",\"@id\":\"https:\\\/\\\/www.strassenweb.de\\\/nachrichten\\\/ina-gartens-regale-nimmt-cues-aus-der-geschaetzten-bibliothek-eines-belgischen-designers-es-ist-eine-seltene-lehre-um-das-zu-kuratieren-was-sie-lieben\\\/\",\"url\":\"https:\\\/\\\/www.strassenweb.de\\\/nachrichten\\\/ina-gartens-regale-nimmt-cues-aus-der-geschaetzten-bibliothek-eines-belgischen-designers-es-ist-eine-seltene-lehre-um-das-zu-kuratieren-was-sie-lieben\\\/\",\"name\":\"Ina Gartens Regale nimmt Cues aus der gesch\u00e4tzten Bibliothek eines belgischen Designers - es ist eine seltene Lehre, um das zu kuratieren, was Sie lieben - Nachrichten - Stra\u00dfenweb\",\"isPartOf\":{\"@id\":\"https:\\\/\\\/www.strassenweb.de\\\/nachrichten\\\/#website\"},\"primaryImageOfPage\":{\"@id\":\"https:\\\/\\\/www.strassenweb.de\\\/nachrichten\\\/ina-gartens-regale-nimmt-cues-aus-der-geschaetzten-bibliothek-eines-belgischen-designers-es-ist-eine-seltene-lehre-um-das-zu-kuratieren-was-sie-lieben\\\/#primaryimage\"},\"image\":{\"@id\":\"https:\\\/\\\/www.strassenweb.de\\\/nachrichten\\\/ina-gartens-regale-nimmt-cues-aus-der-geschaetzten-bibliothek-eines-belgischen-designers-es-ist-eine-seltene-lehre-um-das-zu-kuratieren-was-sie-lieben\\\/#primaryimage\"},\"thumbnailUrl\":\"https:\\\/\\\/www.strassenweb.de\\\/nachrichten\\\/wp-content\\\/uploads\\\/2024\\\/10\\\/yGveLXZ3LqoyHEa6LtdRJ4.png\",\"datePublished\":\"2025-08-25T08:39:56+00:00\",\"dateModified\":\"2025-08-25T08:39:57+00:00\",\"breadcrumb\":{\"@id\":\"https:\\\/\\\/www.strassenweb.de\\\/nachrichten\\\/ina-gartens-regale-nimmt-cues-aus-der-geschaetzten-bibliothek-eines-belgischen-designers-es-ist-eine-seltene-lehre-um-das-zu-kuratieren-was-sie-lieben\\\/#breadcrumb\"},\"inLanguage\":\"de\",\"potentialAction\":[{\"@type\":\"ReadAction\",\"target\":[\"https:\\\/\\\/www.strassenweb.de\\\/nachrichten\\\/ina-gartens-regale-nimmt-cues-aus-der-geschaetzten-bibliothek-eines-belgischen-designers-es-ist-eine-seltene-lehre-um-das-zu-kuratieren-was-sie-lieben\\\/\"]}]},{\"@type\":\"ImageObject\",\"inLanguage\":\"de\",\"@id\":\"https:\\\/\\\/www.strassenweb.de\\\/nachrichten\\\/ina-gartens-regale-nimmt-cues-aus-der-geschaetzten-bibliothek-eines-belgischen-designers-es-ist-eine-seltene-lehre-um-das-zu-kuratieren-was-sie-lieben\\\/#primaryimage\",\"url\":\"https:\\\/\\\/www.strassenweb.de\\\/nachrichten\\\/wp-content\\\/uploads\\\/2024\\\/10\\\/yGveLXZ3LqoyHEa6LtdRJ4.png\",\"contentUrl\":\"https:\\\/\\\/www.strassenweb.de\\\/nachrichten\\\/wp-content\\\/uploads\\\/2024\\\/10\\\/yGveLXZ3LqoyHEa6LtdRJ4.png\",\"caption\":\"Ina Garten\"},{\"@type\":\"BreadcrumbList\",\"@id\":\"https:\\\/\\\/www.strassenweb.de\\\/nachrichten\\\/ina-gartens-regale-nimmt-cues-aus-der-geschaetzten-bibliothek-eines-belgischen-designers-es-ist-eine-seltene-lehre-um-das-zu-kuratieren-was-sie-lieben\\\/#breadcrumb\",\"itemListElement\":[{\"@type\":\"ListItem\",\"position\":1,\"name\":\"Home\",\"item\":\"https:\\\/\\\/www.strassenweb.de\\\/nachrichten\\\/\"},{\"@type\":\"ListItem\",\"position\":2,\"name\":\"Ina Gartens Regale nimmt Cues aus der gesch\u00e4tzten Bibliothek eines belgischen Designers &#8211; es ist eine seltene Lehre, um das zu kuratieren, was Sie lieben\"}]},{\"@type\":\"WebSite\",\"@id\":\"https:\\\/\\\/www.strassenweb.de\\\/nachrichten\\\/#website\",\"url\":\"https:\\\/\\\/www.strassenweb.de\\\/nachrichten\\\/\",\"name\":\"Stra\u00dfenweb\",\"description\":\"Stra\u00dfenverzeichnis f\u00fcr Deutschland\",\"publisher\":{\"@id\":\"https:\\\/\\\/www.strassenweb.de\\\/nachrichten\\\/#organization\"},\"potentialAction\":[{\"@type\":\"SearchAction\",\"target\":{\"@type\":\"EntryPoint\",\"urlTemplate\":\"https:\\\/\\\/www.strassenweb.de\\\/nachrichten\\\/?s={search_term_string}\"},\"query-input\":{\"@type\":\"PropertyValueSpecification\",\"valueRequired\":true,\"valueName\":\"search_term_string\"}}],\"inLanguage\":\"de\"},{\"@type\":\"Organization\",\"@id\":\"https:\\\/\\\/www.strassenweb.de\\\/nachrichten\\\/#organization\",\"name\":\"Stra\u00dfenweb\",\"url\":\"https:\\\/\\\/www.strassenweb.de\\\/nachrichten\\\/\",\"logo\":{\"@type\":\"ImageObject\",\"inLanguage\":\"de\",\"@id\":\"https:\\\/\\\/www.strassenweb.de\\\/nachrichten\\\/#\\\/schema\\\/logo\\\/image\\\/\",\"url\":\"https:\\\/\\\/www.strassenweb.de\\\/nachrichten\\\/wp-content\\\/uploads\\\/2024\\\/09\\\/cropped-favicon.png\",\"contentUrl\":\"https:\\\/\\\/www.strassenweb.de\\\/nachrichten\\\/wp-content\\\/uploads\\\/2024\\\/09\\\/cropped-favicon.png\",\"width\":512,\"height\":512,\"caption\":\"Stra\u00dfenweb\"},\"image\":{\"@id\":\"https:\\\/\\\/www.strassenweb.de\\\/nachrichten\\\/#\\\/schema\\\/logo\\\/image\\\/\"},\"sameAs\":[\"https:\\\/\\\/www.facebook.com\\\/strassenweb\\\/\"]},{\"@type\":\"Person\",\"@id\":\"https:\\\/\\\/www.strassenweb.de\\\/nachrichten\\\/#\\\/schema\\\/person\\\/87c9c9067f1211da429a744dc5a5aa41\",\"name\":\"Robert Hoffmann\",\"image\":{\"@type\":\"ImageObject\",\"inLanguage\":\"de\",\"@id\":\"https:\\\/\\\/www.strassenweb.de\\\/nachrichten\\\/wp-content\\\/uploads\\\/2024\\\/09\\\/strassenweb-150x150.jpg\",\"url\":\"https:\\\/\\\/www.strassenweb.de\\\/nachrichten\\\/wp-content\\\/uploads\\\/2024\\\/09\\\/strassenweb-150x150.jpg\",\"contentUrl\":\"https:\\\/\\\/www.strassenweb.de\\\/nachrichten\\\/wp-content\\\/uploads\\\/2024\\\/09\\\/strassenweb-150x150.jpg\",\"caption\":\"Robert Hoffmann\"},\"description\":\"Ich hei\u00dfe Robert Hoffmann und ich bin ein leidenschaftlicher Verfechter von \u00d6kologie und Biodiversit\u00e4t. Seit meiner Kindheit in den W\u00e4ldern Bayerns f\u00fchle ich mich mit der Natur verbunden und bin entschlossen, sie zu sch\u00fctzen. Heute widme ich mein Leben der Sensibilisierung anderer f\u00fcr die Bedeutung des Umweltschutzes f\u00fcr zuk\u00fcnftige Generationen.\",\"sameAs\":[\"https:\\\/\\\/www.strassenweb.de\\\/\"]}]}<\/script>\n<!-- \/ Yoast SEO plugin. -->","yoast_head_json":{"title":"Ina Gartens Regale nimmt Cues aus der gesch\u00e4tzten Bibliothek eines belgischen Designers - es ist eine seltene Lehre, um das zu kuratieren, was Sie lieben - Nachrichten - Stra\u00dfenweb","robots":{"index":"index","follow":"follow","max-snippet":"max-snippet:-1","max-image-preview":"max-image-preview:large","max-video-preview":"max-video-preview:-1"},"canonical":"https:\/\/www.strassenweb.de\/nachrichten\/ina-gartens-regale-nimmt-cues-aus-der-geschaetzten-bibliothek-eines-belgischen-designers-es-ist-eine-seltene-lehre-um-das-zu-kuratieren-was-sie-lieben\/","og_locale":"de_DE","og_type":"article","og_title":"Ina Gartens Regale nimmt Cues aus der gesch\u00e4tzten Bibliothek eines belgischen Designers - es ist eine seltene Lehre, um das zu kuratieren, was Sie lieben - Nachrichten - Stra\u00dfenweb","og_description":"Unsere K\u00fcchen, Bibliotheken und Heimb\u00fcros sind m\u00f6glicherweise getrennte R\u00e4ume. Nachdem wir jedoch einen k\u00fcrzlich von Ina Garten gesehenen Post gesehen haben, \u00fcberlegen wir, wie wir","og_url":"https:\/\/www.strassenweb.de\/nachrichten\/ina-gartens-regale-nimmt-cues-aus-der-geschaetzten-bibliothek-eines-belgischen-designers-es-ist-eine-seltene-lehre-um-das-zu-kuratieren-was-sie-lieben\/","og_site_name":"Stra\u00dfenweb","article_publisher":"https:\/\/www.facebook.com\/strassenweb\/","article_published_time":"2025-08-25T08:39:56+00:00","article_modified_time":"2025-08-25T08:39:57+00:00","og_image":[{"url":"https:\/\/www.strassenweb.de\/nachrichten\/wp-content\/uploads\/2024\/10\/yGveLXZ3LqoyHEa6LtdRJ4.png","width":1,"height":1,"type":"image\/png"}],"author":"Robert Hoffmann","twitter_card":"summary_large_image","twitter_misc":{"Verfasst von":"Robert Hoffmann","Gesch\u00e4tzte Lesezeit":"2\u00a0Minuten"},"schema":{"@context":"https:\/\/schema.org","@graph":[{"@type":"Article","@id":"https:\/\/www.strassenweb.de\/nachrichten\/ina-gartens-regale-nimmt-cues-aus-der-geschaetzten-bibliothek-eines-belgischen-designers-es-ist-eine-seltene-lehre-um-das-zu-kuratieren-was-sie-lieben\/#article","isPartOf":{"@id":"https:\/\/www.strassenweb.de\/nachrichten\/ina-gartens-regale-nimmt-cues-aus-der-geschaetzten-bibliothek-eines-belgischen-designers-es-ist-eine-seltene-lehre-um-das-zu-kuratieren-was-sie-lieben\/"},"author":{"name":"Robert Hoffmann","@id":"https:\/\/www.strassenweb.de\/nachrichten\/#\/schema\/person\/87c9c9067f1211da429a744dc5a5aa41"},"headline":"Ina Gartens Regale nimmt Cues aus der gesch\u00e4tzten Bibliothek eines belgischen Designers &#8211; es ist eine seltene Lehre, um das zu kuratieren, was Sie lieben","datePublished":"2025-08-25T08:39:56+00:00","dateModified":"2025-08-25T08:39:57+00:00","mainEntityOfPage":{"@id":"https:\/\/www.strassenweb.de\/nachrichten\/ina-gartens-regale-nimmt-cues-aus-der-geschaetzten-bibliothek-eines-belgischen-designers-es-ist-eine-seltene-lehre-um-das-zu-kuratieren-was-sie-lieben\/"},"wordCount":375,"publisher":{"@id":"https:\/\/www.strassenweb.de\/nachrichten\/#organization"},"image":{"@id":"https:\/\/www.strassenweb.de\/nachrichten\/ina-gartens-regale-nimmt-cues-aus-der-geschaetzten-bibliothek-eines-belgischen-designers-es-ist-eine-seltene-lehre-um-das-zu-kuratieren-was-sie-lieben\/#primaryimage"},"thumbnailUrl":"https:\/\/www.strassenweb.de\/nachrichten\/wp-content\/uploads\/2024\/10\/yGveLXZ3LqoyHEa6LtdRJ4.png","keywords":["aus","belgischen","Bibliothek","Cues","das","der","Designers","eine","eines","Gartens","gesch\u00e4tzten","Ina","ist","kuratieren","Lehre","lieben","nimmt","Regale","seltene","Sie"],"articleSection":["Haus &amp; Garten"],"inLanguage":"de"},{"@type":"WebPage","@id":"https:\/\/www.strassenweb.de\/nachrichten\/ina-gartens-regale-nimmt-cues-aus-der-geschaetzten-bibliothek-eines-belgischen-designers-es-ist-eine-seltene-lehre-um-das-zu-kuratieren-was-sie-lieben\/","url":"https:\/\/www.strassenweb.de\/nachrichten\/ina-gartens-regale-nimmt-cues-aus-der-geschaetzten-bibliothek-eines-belgischen-designers-es-ist-eine-seltene-lehre-um-das-zu-kuratieren-was-sie-lieben\/","name":"Ina Gartens Regale nimmt Cues aus der gesch\u00e4tzten Bibliothek eines belgischen Designers - es ist eine seltene Lehre, um das zu kuratieren, was Sie lieben - Nachrichten - Stra\u00dfenweb","isPartOf":{"@id":"https:\/\/www.strassenweb.de\/nachrichten\/#website"},"primaryImageOfPage":{"@id":"https:\/\/www.strassenweb.de\/nachrichten\/ina-gartens-regale-nimmt-cues-aus-der-geschaetzten-bibliothek-eines-belgischen-designers-es-ist-eine-seltene-lehre-um-das-zu-kuratieren-was-sie-lieben\/#primaryimage"},"image":{"@id":"https:\/\/www.strassenweb.de\/nachrichten\/ina-gartens-regale-nimmt-cues-aus-der-geschaetzten-bibliothek-eines-belgischen-designers-es-ist-eine-seltene-lehre-um-das-zu-kuratieren-was-sie-lieben\/#primaryimage"},"thumbnailUrl":"https:\/\/www.strassenweb.de\/nachrichten\/wp-content\/uploads\/2024\/10\/yGveLXZ3LqoyHEa6LtdRJ4.png","datePublished":"2025-08-25T08:39:56+00:00","dateModified":"2025-08-25T08:39:57+00:00","breadcrumb":{"@id":"https:\/\/www.strassenweb.de\/nachrichten\/ina-gartens-regale-nimmt-cues-aus-der-geschaetzten-bibliothek-eines-belgischen-designers-es-ist-eine-seltene-lehre-um-das-zu-kuratieren-was-sie-lieben\/#breadcrumb"},"inLanguage":"de","potentialAction":[{"@type":"ReadAction","target":["https:\/\/www.strassenweb.de\/nachrichten\/ina-gartens-regale-nimmt-cues-aus-der-geschaetzten-bibliothek-eines-belgischen-designers-es-ist-eine-seltene-lehre-um-das-zu-kuratieren-was-sie-lieben\/"]}]},{"@type":"ImageObject","inLanguage":"de","@id":"https:\/\/www.strassenweb.de\/nachrichten\/ina-gartens-regale-nimmt-cues-aus-der-geschaetzten-bibliothek-eines-belgischen-designers-es-ist-eine-seltene-lehre-um-das-zu-kuratieren-was-sie-lieben\/#primaryimage","url":"https:\/\/www.strassenweb.de\/nachrichten\/wp-content\/uploads\/2024\/10\/yGveLXZ3LqoyHEa6LtdRJ4.png","contentUrl":"https:\/\/www.strassenweb.de\/nachrichten\/wp-content\/uploads\/2024\/10\/yGveLXZ3LqoyHEa6LtdRJ4.png","caption":"Ina Garten"},{"@type":"BreadcrumbList","@id":"https:\/\/www.strassenweb.de\/nachrichten\/ina-gartens-regale-nimmt-cues-aus-der-geschaetzten-bibliothek-eines-belgischen-designers-es-ist-eine-seltene-lehre-um-das-zu-kuratieren-was-sie-lieben\/#breadcrumb","itemListElement":[{"@type":"ListItem","position":1,"name":"Home","item":"https:\/\/www.strassenweb.de\/nachrichten\/"},{"@type":"ListItem","position":2,"name":"Ina Gartens Regale nimmt Cues aus der gesch\u00e4tzten Bibliothek eines belgischen Designers &#8211; es ist eine seltene Lehre, um das zu kuratieren, was Sie lieben"}]},{"@type":"WebSite","@id":"https:\/\/www.strassenweb.de\/nachrichten\/#website","url":"https:\/\/www.strassenweb.de\/nachrichten\/","name":"Stra\u00dfenweb","description":"Stra\u00dfenverzeichnis f\u00fcr Deutschland","publisher":{"@id":"https:\/\/www.strassenweb.de\/nachrichten\/#organization"},"potentialAction":[{"@type":"SearchAction","target":{"@type":"EntryPoint","urlTemplate":"https:\/\/www.strassenweb.de\/nachrichten\/?s={search_term_string}"},"query-input":{"@type":"PropertyValueSpecification","valueRequired":true,"valueName":"search_term_string"}}],"inLanguage":"de"},{"@type":"Organization","@id":"https:\/\/www.strassenweb.de\/nachrichten\/#organization","name":"Stra\u00dfenweb","url":"https:\/\/www.strassenweb.de\/nachrichten\/","logo":{"@type":"ImageObject","inLanguage":"de","@id":"https:\/\/www.strassenweb.de\/nachrichten\/#\/schema\/logo\/image\/","url":"https:\/\/www.strassenweb.de\/nachrichten\/wp-content\/uploads\/2024\/09\/cropped-favicon.png","contentUrl":"https:\/\/www.strassenweb.de\/nachrichten\/wp-content\/uploads\/2024\/09\/cropped-favicon.png","width":512,"height":512,"caption":"Stra\u00dfenweb"},"image":{"@id":"https:\/\/www.strassenweb.de\/nachrichten\/#\/schema\/logo\/image\/"},"sameAs":["https:\/\/www.facebook.com\/strassenweb\/"]},{"@type":"Person","@id":"https:\/\/www.strassenweb.de\/nachrichten\/#\/schema\/person\/87c9c9067f1211da429a744dc5a5aa41","name":"Robert Hoffmann","image":{"@type":"ImageObject","inLanguage":"de","@id":"https:\/\/www.strassenweb.de\/nachrichten\/wp-content\/uploads\/2024\/09\/strassenweb-150x150.jpg","url":"https:\/\/www.strassenweb.de\/nachrichten\/wp-content\/uploads\/2024\/09\/strassenweb-150x150.jpg","contentUrl":"https:\/\/www.strassenweb.de\/nachrichten\/wp-content\/uploads\/2024\/09\/strassenweb-150x150.jpg","caption":"Robert Hoffmann"},"description":"Ich hei\u00dfe Robert Hoffmann und ich bin ein leidenschaftlicher Verfechter von \u00d6kologie und Biodiversit\u00e4t. Seit meiner Kindheit in den W\u00e4ldern Bayerns f\u00fchle ich mich mit der Natur verbunden und bin entschlossen, sie zu sch\u00fctzen. Heute widme ich mein Leben der Sensibilisierung anderer f\u00fcr die Bedeutung des Umweltschutzes f\u00fcr zuk\u00fcnftige Generationen.","sameAs":["https:\/\/www.strassenweb.de\/"]}]}},"_links":{"self":[{"href":"https:\/\/www.strassenweb.de\/nachrichten\/wp-json\/wp\/v2\/posts\/7211","targetHints":{"allow":["GET"]}}],"collection":[{"href":"https:\/\/www.strassenweb.de\/nachrichten\/wp-json\/wp\/v2\/posts"}],"about":[{"href":"https:\/\/www.strassenweb.de\/nachrichten\/wp-json\/wp\/v2\/types\/post"}],"author":[{"embeddable":true,"href":"https:\/\/www.strassenweb.de\/nachrichten\/wp-json\/wp\/v2\/users\/1"}],"replies":[{"embeddable":true,"href":"https:\/\/www.strassenweb.de\/nachrichten\/wp-json\/wp\/v2\/comments?post=7211"}],"version-history":[{"count":0,"href":"https:\/\/www.strassenweb.de\/nachrichten\/wp-json\/wp\/v2\/posts\/7211\/revisions"}],"wp:featuredmedia":[{"embeddable":true,"href":"https:\/\/www.strassenweb.de\/nachrichten\/wp-json\/wp\/v2\/media\/5282"}],"wp:attachment":[{"href":"https:\/\/www.strassenweb.de\/nachrichten\/wp-json\/wp\/v2\/media?parent=7211"}],"wp:term":[{"taxonomy":"category","embeddable":true,"href":"https:\/\/www.strassenweb.de\/nachrichten\/wp-json\/wp\/v2\/categories?post=7211"},{"taxonomy":"post_tag","embeddable":true,"href":"https:\/\/www.strassenweb.de\/nachrichten\/wp-json\/wp\/v2\/tags?post=7211"}],"curies":[{"name":"wp","href":"https:\/\/api.w.org\/{rel}","templated":true}]}}