{"id":7205,"date":"2025-08-25T04:39:25","date_gmt":"2025-08-25T02:39:25","guid":{"rendered":"https:\/\/www.strassenweb.de\/nachrichten\/janet-leigh-und-tony-curtis-50er-jahre-wohnzimmer-zeigten-die-materialdesigner-aus-der-mitte-des-jahrhunderts-es-ist-noch-besessen-es-ist-absolut-zeitlos\/"},"modified":"2025-08-25T04:39:26","modified_gmt":"2025-08-25T02:39:26","slug":"janet-leigh-und-tony-curtis-50er-jahre-wohnzimmer-zeigten-die-materialdesigner-aus-der-mitte-des-jahrhunderts-es-ist-noch-besessen-es-ist-absolut-zeitlos","status":"publish","type":"post","link":"https:\/\/www.strassenweb.de\/nachrichten\/janet-leigh-und-tony-curtis-50er-jahre-wohnzimmer-zeigten-die-materialdesigner-aus-der-mitte-des-jahrhunderts-es-ist-noch-besessen-es-ist-absolut-zeitlos\/","title":{"rendered":"Janet Leigh und Tony Curtis &#8217;50er Jahre Wohnzimmer zeigten die Materialdesigner aus der Mitte des Jahrhunderts-es ist noch besessen-es ist absolut zeitlos"},"content":{"rendered":"<p><\/p>\n<div id=\"article-body\" class=\"article__body \">\n<p id=\"c6243fbf-1edf-419d-8a10-85a97ba68382\">Einige Materialien datieren ein Zuhause, w\u00e4hrend andere aufgrund ihrer st\u00e4ndigen Beliebtheit nicht rechtzeitig platziert werden k\u00f6nnen. Boucl\u00e9 f\u00e4llt in die letztere Kategorie.<\/p>\n<div id=\"ad-unit-1\" class=\"ad-unit\"><\/div>\n<p>Abgesehen von der Tatsache, dass sich das Bild in Schwarzwei\u00df befindet, h\u00e4tte das Wohnzimmer von Janet Leigh und Tony Curtis (mit einem Cameo von Baby Jamie Lee Curtis!) 2025 aufgenommen werden k\u00f6nnen.<\/p>\n<aside data-block-type=\"embed\" data-render-type=\"fte\" data-skip=\"dealsy\" data-widget-type=\"seasonal\" class=\"hawk-base\"><\/aside>\n<p id=\"c6243fbf-1edf-419d-8a10-85a97ba68382-2\">Die Galerie -Wand und die neutralen Vorh\u00e4nge f\u00fchlt sich auffallend zeitgem\u00e4\u00df an, aber die Umarmung des Boucle -Trends des Paares zeichnet sie wirklich aus.<\/p>\n<div class=\"van_vid_carousel\">\n<div class=\"van_vid_carousel__padding\">\n<div class=\"van_vid_carousel__container\"><\/div>\n<\/div>\n<\/div>\n<p>Der Boucle, der in Franz\u00f6sisch zu &#8222;Loop&#8220; oder &#8222;Locken&#8220; \u00fcbersetzt wird, ist seit Mitte des 20. Jahrhunderts beliebt, weil er einem Zuhause eine subtile Textur verleiht. Janet und Tonys Wohnzimmer -Sofa -Idee macht genau das. Sein nubby -Material erweitert die matten W\u00e4nde und unterscheidet sich von den schimmernden Vorh\u00e4ngen.<\/p>\n<div id=\"ad-unit-2\" class=\"ad-unit\"><\/div>\n<figure class=\"van-image-figure inline-layout \" data-bordeaux-image-check id=\"02c11edb-76fb-4b58-b182-1b18aeb027f2\">\n<div class=\"image-full-width-wrapper\">\n<div class=\"image-widthsetter\" style=\"max-width:2000px;\"><\/div>\n<\/div>\n<\/figure>\n<h3 class=\"article-body__section\" id=\"section-shop-the-boucle-edit\"><span>Kaufen Sie die Boucl\u00e9 -Bearbeitung ein<\/span><\/h3>\n<div class=\"product-container hero-product-container product-block-no-wrap\">\n<div class=\"product-block-row\"><\/div>\n<div class=\"product-block-row\"><\/div>\n<div class=\"product-block-row\"><\/div>\n<\/div>\n<p id=\"c91a42f0-db86-4802-bd51-f2c4bc276d26\">Im Jahr 2026 wird Janet und Tonys Sofa -Material als Innenarchitektur noch beliebter. Erica Flynn, Gesch\u00e4ftsf\u00fchrerin von Creative Services bei Graber, erkl\u00e4rt: &#8222;Hausbesitzer sehnen sich nach R\u00e4umen, die sich wohl, zielgerichtet und im Erbe verankert f\u00fchlen, aber mit klaren Linien und modernen Annehmlichkeiten.&#8220;<\/p>\n<p>Erica bezieht sich auf diese Verschiebung, da die Wende in Richtung &#8222;Nostalgie zeitlose Eleganz&#8220; trifft. Sie r\u00e4t: \u201eDenken Sie an das Hersteller inspirierte Handwerkskunst mit einem modernen Wendung. Bunt Holz Jalousien und Vorh\u00e4nge in luxuri\u00f6sen Textilien wie Chenille, Boucle oder Cord, gepaart mit gewebten Holzt\u00f6nen in erdigen T\u00f6nen, erzeugen W\u00e4rme und ehren den klassischen Stil. &#8218;<\/p>\n<hr id=\"58cadf09-88dd-4710-90ec-4a910e82fb34\">\n<p id=\"3c0a9227-19fa-4167-a53d-0b5a455aea30\">Im Laufe der Jahre bleibt Boucle ganz oben auf den Listen der Designer.<\/p>\n<div id=\"slice-container-newsletterForm-articleInbodyContent-Xp7ASNGnuk479mSrrRexE9\" class=\"slice-container newsletter-inbodyContent-slice newsletterForm-articleInbodyContent-Xp7ASNGnuk479mSrrRexE9 slice-container-newsletterForm\"><\/div>\n<div class=\"min-h-(270px) mb-4 viafoura-twig-component\" id=\"viafoura-engagement-starter-wrapper\" data-component-name=\"Elk:Embed:EngagementStarter\">\n<div class=\"viafoura\">\n<div>\n<vf-conversation-starter target=\"viafoura-comments\" description=\"What do you think of decorating with boucl\u00e9?\" minimum-comment-count=\"5\"><br \/>\n<\/vf-conversation-starter>\n<\/div>\n<\/div>\n<\/div>\n<hr id=\"afbc0e0a-d036-48b6-924e-0d9bf308380b\">\n<\/div>\n","protected":false},"excerpt":{"rendered":"<p>Einige Materialien datieren ein Zuhause, w\u00e4hrend andere aufgrund ihrer st\u00e4ndigen Beliebtheit nicht rechtzeitig platziert werden k\u00f6nnen. Boucl\u00e9 f\u00e4llt in die letztere Kategorie. Abgesehen von der<\/p>\n","protected":false},"author":1,"featured_media":7206,"comment_status":"closed","ping_status":"","sticky":false,"template":"","format":"standard","meta":{"footnotes":""},"categories":[118],"tags":[9655,4307,287,9659,7643,81,281,9,15,831,9658,9652,9653,9657,2110,2659,9654,37,1229,9656,3271],"class_list":["post-7205","post","type-post","status-publish","format-standard","has-post-thumbnail","hentry","category-haus-garten","tag-50er","tag-absolut","tag-aus","tag-besessenes","tag-curtis","tag-der","tag-des","tag-die","tag-ist","tag-jahre","tag-jahrhundertses","tag-janet","tag-leigh","tag-materialdesigner","tag-mitte","tag-noch","tag-tony","tag-und","tag-wohnzimmer","tag-zeigten","tag-zeitlos","generate-columns","tablet-grid-50","mobile-grid-100","grid-parent","grid-50"],"yoast_head":"<!-- This site is optimized with the Yoast SEO plugin v27.3 - https:\/\/yoast.com\/product\/yoast-seo-wordpress\/ -->\n<title>Janet Leigh und Tony Curtis &#039;50er Jahre Wohnzimmer zeigten die Materialdesigner aus der Mitte des Jahrhunderts-es ist noch besessen-es ist absolut zeitlos - Nachrichten - Stra\u00dfenweb<\/title>\n<meta name=\"robots\" content=\"index, follow, max-snippet:-1, max-image-preview:large, max-video-preview:-1\" \/>\n<link rel=\"canonical\" href=\"https:\/\/www.strassenweb.de\/nachrichten\/janet-leigh-und-tony-curtis-50er-jahre-wohnzimmer-zeigten-die-materialdesigner-aus-der-mitte-des-jahrhunderts-es-ist-noch-besessen-es-ist-absolut-zeitlos\/\" \/>\n<meta property=\"og:locale\" content=\"de_DE\" \/>\n<meta property=\"og:type\" content=\"article\" \/>\n<meta property=\"og:title\" content=\"Janet Leigh und Tony Curtis &#039;50er Jahre Wohnzimmer zeigten die Materialdesigner aus der Mitte des Jahrhunderts-es ist noch besessen-es ist absolut zeitlos - Nachrichten - Stra\u00dfenweb\" \/>\n<meta property=\"og:description\" content=\"Einige Materialien datieren ein Zuhause, w\u00e4hrend andere aufgrund ihrer st\u00e4ndigen Beliebtheit nicht rechtzeitig platziert werden k\u00f6nnen. Boucl\u00e9 f\u00e4llt in die letztere Kategorie. Abgesehen von der\" \/>\n<meta property=\"og:url\" content=\"https:\/\/www.strassenweb.de\/nachrichten\/janet-leigh-und-tony-curtis-50er-jahre-wohnzimmer-zeigten-die-materialdesigner-aus-der-mitte-des-jahrhunderts-es-ist-noch-besessen-es-ist-absolut-zeitlos\/\" \/>\n<meta property=\"og:site_name\" content=\"Stra\u00dfenweb\" \/>\n<meta property=\"article:publisher\" content=\"https:\/\/www.facebook.com\/strassenweb\/\" \/>\n<meta property=\"article:published_time\" content=\"2025-08-25T02:39:25+00:00\" \/>\n<meta property=\"article:modified_time\" content=\"2025-08-25T02:39:26+00:00\" \/>\n<meta property=\"og:image\" content=\"https:\/\/www.strassenweb.de\/nachrichten\/wp-content\/uploads\/2025\/08\/Janet-Leigh-und-Tony-Curtis-50er-Jahre-Wohnzimmer-zeigten-die.jpg\" \/>\n\t<meta property=\"og:image:width\" content=\"1600\" \/>\n\t<meta property=\"og:image:height\" content=\"900\" \/>\n\t<meta property=\"og:image:type\" content=\"image\/jpeg\" \/>\n<meta name=\"author\" content=\"Robert Hoffmann\" \/>\n<meta name=\"twitter:card\" content=\"summary_large_image\" \/>\n<meta name=\"twitter:label1\" content=\"Verfasst von\" \/>\n\t<meta name=\"twitter:data1\" content=\"Robert Hoffmann\" \/>\n\t<meta name=\"twitter:label2\" content=\"Gesch\u00e4tzte Lesezeit\" \/>\n\t<meta name=\"twitter:data2\" content=\"1\u00a0Minute\" \/>\n<script type=\"application\/ld+json\" class=\"yoast-schema-graph\">{\"@context\":\"https:\\\/\\\/schema.org\",\"@graph\":[{\"@type\":\"Article\",\"@id\":\"https:\\\/\\\/www.strassenweb.de\\\/nachrichten\\\/janet-leigh-und-tony-curtis-50er-jahre-wohnzimmer-zeigten-die-materialdesigner-aus-der-mitte-des-jahrhunderts-es-ist-noch-besessen-es-ist-absolut-zeitlos\\\/#article\",\"isPartOf\":{\"@id\":\"https:\\\/\\\/www.strassenweb.de\\\/nachrichten\\\/janet-leigh-und-tony-curtis-50er-jahre-wohnzimmer-zeigten-die-materialdesigner-aus-der-mitte-des-jahrhunderts-es-ist-noch-besessen-es-ist-absolut-zeitlos\\\/\"},\"author\":{\"name\":\"Robert Hoffmann\",\"@id\":\"https:\\\/\\\/www.strassenweb.de\\\/nachrichten\\\/#\\\/schema\\\/person\\\/87c9c9067f1211da429a744dc5a5aa41\"},\"headline\":\"Janet Leigh und Tony Curtis &#8217;50er Jahre Wohnzimmer zeigten die Materialdesigner aus der Mitte des Jahrhunderts-es ist noch besessen-es ist absolut zeitlos\",\"datePublished\":\"2025-08-25T02:39:25+00:00\",\"dateModified\":\"2025-08-25T02:39:26+00:00\",\"mainEntityOfPage\":{\"@id\":\"https:\\\/\\\/www.strassenweb.de\\\/nachrichten\\\/janet-leigh-und-tony-curtis-50er-jahre-wohnzimmer-zeigten-die-materialdesigner-aus-der-mitte-des-jahrhunderts-es-ist-noch-besessen-es-ist-absolut-zeitlos\\\/\"},\"wordCount\":285,\"publisher\":{\"@id\":\"https:\\\/\\\/www.strassenweb.de\\\/nachrichten\\\/#organization\"},\"image\":{\"@id\":\"https:\\\/\\\/www.strassenweb.de\\\/nachrichten\\\/janet-leigh-und-tony-curtis-50er-jahre-wohnzimmer-zeigten-die-materialdesigner-aus-der-mitte-des-jahrhunderts-es-ist-noch-besessen-es-ist-absolut-zeitlos\\\/#primaryimage\"},\"thumbnailUrl\":\"https:\\\/\\\/www.strassenweb.de\\\/nachrichten\\\/wp-content\\\/uploads\\\/2025\\\/08\\\/Janet-Leigh-und-Tony-Curtis-50er-Jahre-Wohnzimmer-zeigten-die.jpg\",\"keywords\":[\"50er\",\"absolut\",\"aus\",\"besessenes\",\"Curtis\",\"der\",\"des\",\"die\",\"ist\",\"Jahre\",\"Jahrhundertses\",\"Janet\",\"Leigh\",\"Materialdesigner\",\"Mitte\",\"noch\",\"Tony\",\"und\",\"Wohnzimmer\",\"zeigten\",\"zeitlos\"],\"articleSection\":[\"Haus &amp; Garten\"],\"inLanguage\":\"de\"},{\"@type\":\"WebPage\",\"@id\":\"https:\\\/\\\/www.strassenweb.de\\\/nachrichten\\\/janet-leigh-und-tony-curtis-50er-jahre-wohnzimmer-zeigten-die-materialdesigner-aus-der-mitte-des-jahrhunderts-es-ist-noch-besessen-es-ist-absolut-zeitlos\\\/\",\"url\":\"https:\\\/\\\/www.strassenweb.de\\\/nachrichten\\\/janet-leigh-und-tony-curtis-50er-jahre-wohnzimmer-zeigten-die-materialdesigner-aus-der-mitte-des-jahrhunderts-es-ist-noch-besessen-es-ist-absolut-zeitlos\\\/\",\"name\":\"Janet Leigh und Tony Curtis '50er Jahre Wohnzimmer zeigten die Materialdesigner aus der Mitte des Jahrhunderts-es ist noch besessen-es ist absolut zeitlos - Nachrichten - Stra\u00dfenweb\",\"isPartOf\":{\"@id\":\"https:\\\/\\\/www.strassenweb.de\\\/nachrichten\\\/#website\"},\"primaryImageOfPage\":{\"@id\":\"https:\\\/\\\/www.strassenweb.de\\\/nachrichten\\\/janet-leigh-und-tony-curtis-50er-jahre-wohnzimmer-zeigten-die-materialdesigner-aus-der-mitte-des-jahrhunderts-es-ist-noch-besessen-es-ist-absolut-zeitlos\\\/#primaryimage\"},\"image\":{\"@id\":\"https:\\\/\\\/www.strassenweb.de\\\/nachrichten\\\/janet-leigh-und-tony-curtis-50er-jahre-wohnzimmer-zeigten-die-materialdesigner-aus-der-mitte-des-jahrhunderts-es-ist-noch-besessen-es-ist-absolut-zeitlos\\\/#primaryimage\"},\"thumbnailUrl\":\"https:\\\/\\\/www.strassenweb.de\\\/nachrichten\\\/wp-content\\\/uploads\\\/2025\\\/08\\\/Janet-Leigh-und-Tony-Curtis-50er-Jahre-Wohnzimmer-zeigten-die.jpg\",\"datePublished\":\"2025-08-25T02:39:25+00:00\",\"dateModified\":\"2025-08-25T02:39:26+00:00\",\"breadcrumb\":{\"@id\":\"https:\\\/\\\/www.strassenweb.de\\\/nachrichten\\\/janet-leigh-und-tony-curtis-50er-jahre-wohnzimmer-zeigten-die-materialdesigner-aus-der-mitte-des-jahrhunderts-es-ist-noch-besessen-es-ist-absolut-zeitlos\\\/#breadcrumb\"},\"inLanguage\":\"de\",\"potentialAction\":[{\"@type\":\"ReadAction\",\"target\":[\"https:\\\/\\\/www.strassenweb.de\\\/nachrichten\\\/janet-leigh-und-tony-curtis-50er-jahre-wohnzimmer-zeigten-die-materialdesigner-aus-der-mitte-des-jahrhunderts-es-ist-noch-besessen-es-ist-absolut-zeitlos\\\/\"]}]},{\"@type\":\"ImageObject\",\"inLanguage\":\"de\",\"@id\":\"https:\\\/\\\/www.strassenweb.de\\\/nachrichten\\\/janet-leigh-und-tony-curtis-50er-jahre-wohnzimmer-zeigten-die-materialdesigner-aus-der-mitte-des-jahrhunderts-es-ist-noch-besessen-es-ist-absolut-zeitlos\\\/#primaryimage\",\"url\":\"https:\\\/\\\/www.strassenweb.de\\\/nachrichten\\\/wp-content\\\/uploads\\\/2025\\\/08\\\/Janet-Leigh-und-Tony-Curtis-50er-Jahre-Wohnzimmer-zeigten-die.jpg\",\"contentUrl\":\"https:\\\/\\\/www.strassenweb.de\\\/nachrichten\\\/wp-content\\\/uploads\\\/2025\\\/08\\\/Janet-Leigh-und-Tony-Curtis-50er-Jahre-Wohnzimmer-zeigten-die.jpg\",\"width\":1600,\"height\":900,\"caption\":\"janet leigh and tony curtis holding baby jamie lee curtis\"},{\"@type\":\"BreadcrumbList\",\"@id\":\"https:\\\/\\\/www.strassenweb.de\\\/nachrichten\\\/janet-leigh-und-tony-curtis-50er-jahre-wohnzimmer-zeigten-die-materialdesigner-aus-der-mitte-des-jahrhunderts-es-ist-noch-besessen-es-ist-absolut-zeitlos\\\/#breadcrumb\",\"itemListElement\":[{\"@type\":\"ListItem\",\"position\":1,\"name\":\"Home\",\"item\":\"https:\\\/\\\/www.strassenweb.de\\\/nachrichten\\\/\"},{\"@type\":\"ListItem\",\"position\":2,\"name\":\"Janet Leigh und Tony Curtis &#8217;50er Jahre Wohnzimmer zeigten die Materialdesigner aus der Mitte des Jahrhunderts-es ist noch besessen-es ist absolut zeitlos\"}]},{\"@type\":\"WebSite\",\"@id\":\"https:\\\/\\\/www.strassenweb.de\\\/nachrichten\\\/#website\",\"url\":\"https:\\\/\\\/www.strassenweb.de\\\/nachrichten\\\/\",\"name\":\"Stra\u00dfenweb\",\"description\":\"Stra\u00dfenverzeichnis f\u00fcr Deutschland\",\"publisher\":{\"@id\":\"https:\\\/\\\/www.strassenweb.de\\\/nachrichten\\\/#organization\"},\"potentialAction\":[{\"@type\":\"SearchAction\",\"target\":{\"@type\":\"EntryPoint\",\"urlTemplate\":\"https:\\\/\\\/www.strassenweb.de\\\/nachrichten\\\/?s={search_term_string}\"},\"query-input\":{\"@type\":\"PropertyValueSpecification\",\"valueRequired\":true,\"valueName\":\"search_term_string\"}}],\"inLanguage\":\"de\"},{\"@type\":\"Organization\",\"@id\":\"https:\\\/\\\/www.strassenweb.de\\\/nachrichten\\\/#organization\",\"name\":\"Stra\u00dfenweb\",\"url\":\"https:\\\/\\\/www.strassenweb.de\\\/nachrichten\\\/\",\"logo\":{\"@type\":\"ImageObject\",\"inLanguage\":\"de\",\"@id\":\"https:\\\/\\\/www.strassenweb.de\\\/nachrichten\\\/#\\\/schema\\\/logo\\\/image\\\/\",\"url\":\"https:\\\/\\\/www.strassenweb.de\\\/nachrichten\\\/wp-content\\\/uploads\\\/2024\\\/09\\\/cropped-favicon.png\",\"contentUrl\":\"https:\\\/\\\/www.strassenweb.de\\\/nachrichten\\\/wp-content\\\/uploads\\\/2024\\\/09\\\/cropped-favicon.png\",\"width\":512,\"height\":512,\"caption\":\"Stra\u00dfenweb\"},\"image\":{\"@id\":\"https:\\\/\\\/www.strassenweb.de\\\/nachrichten\\\/#\\\/schema\\\/logo\\\/image\\\/\"},\"sameAs\":[\"https:\\\/\\\/www.facebook.com\\\/strassenweb\\\/\"]},{\"@type\":\"Person\",\"@id\":\"https:\\\/\\\/www.strassenweb.de\\\/nachrichten\\\/#\\\/schema\\\/person\\\/87c9c9067f1211da429a744dc5a5aa41\",\"name\":\"Robert Hoffmann\",\"image\":{\"@type\":\"ImageObject\",\"inLanguage\":\"de\",\"@id\":\"https:\\\/\\\/www.strassenweb.de\\\/nachrichten\\\/wp-content\\\/uploads\\\/2024\\\/09\\\/strassenweb-150x150.jpg\",\"url\":\"https:\\\/\\\/www.strassenweb.de\\\/nachrichten\\\/wp-content\\\/uploads\\\/2024\\\/09\\\/strassenweb-150x150.jpg\",\"contentUrl\":\"https:\\\/\\\/www.strassenweb.de\\\/nachrichten\\\/wp-content\\\/uploads\\\/2024\\\/09\\\/strassenweb-150x150.jpg\",\"caption\":\"Robert Hoffmann\"},\"description\":\"Ich hei\u00dfe Robert Hoffmann und ich bin ein leidenschaftlicher Verfechter von \u00d6kologie und Biodiversit\u00e4t. Seit meiner Kindheit in den W\u00e4ldern Bayerns f\u00fchle ich mich mit der Natur verbunden und bin entschlossen, sie zu sch\u00fctzen. Heute widme ich mein Leben der Sensibilisierung anderer f\u00fcr die Bedeutung des Umweltschutzes f\u00fcr zuk\u00fcnftige Generationen.\",\"sameAs\":[\"https:\\\/\\\/www.strassenweb.de\\\/\"]}]}<\/script>\n<!-- \/ Yoast SEO plugin. -->","yoast_head_json":{"title":"Janet Leigh und Tony Curtis '50er Jahre Wohnzimmer zeigten die Materialdesigner aus der Mitte des Jahrhunderts-es ist noch besessen-es ist absolut zeitlos - Nachrichten - Stra\u00dfenweb","robots":{"index":"index","follow":"follow","max-snippet":"max-snippet:-1","max-image-preview":"max-image-preview:large","max-video-preview":"max-video-preview:-1"},"canonical":"https:\/\/www.strassenweb.de\/nachrichten\/janet-leigh-und-tony-curtis-50er-jahre-wohnzimmer-zeigten-die-materialdesigner-aus-der-mitte-des-jahrhunderts-es-ist-noch-besessen-es-ist-absolut-zeitlos\/","og_locale":"de_DE","og_type":"article","og_title":"Janet Leigh und Tony Curtis '50er Jahre Wohnzimmer zeigten die Materialdesigner aus der Mitte des Jahrhunderts-es ist noch besessen-es ist absolut zeitlos - Nachrichten - Stra\u00dfenweb","og_description":"Einige Materialien datieren ein Zuhause, w\u00e4hrend andere aufgrund ihrer st\u00e4ndigen Beliebtheit nicht rechtzeitig platziert werden k\u00f6nnen. Boucl\u00e9 f\u00e4llt in die letztere Kategorie. Abgesehen von der","og_url":"https:\/\/www.strassenweb.de\/nachrichten\/janet-leigh-und-tony-curtis-50er-jahre-wohnzimmer-zeigten-die-materialdesigner-aus-der-mitte-des-jahrhunderts-es-ist-noch-besessen-es-ist-absolut-zeitlos\/","og_site_name":"Stra\u00dfenweb","article_publisher":"https:\/\/www.facebook.com\/strassenweb\/","article_published_time":"2025-08-25T02:39:25+00:00","article_modified_time":"2025-08-25T02:39:26+00:00","og_image":[{"width":1600,"height":900,"url":"https:\/\/www.strassenweb.de\/nachrichten\/wp-content\/uploads\/2025\/08\/Janet-Leigh-und-Tony-Curtis-50er-Jahre-Wohnzimmer-zeigten-die.jpg","type":"image\/jpeg"}],"author":"Robert Hoffmann","twitter_card":"summary_large_image","twitter_misc":{"Verfasst von":"Robert Hoffmann","Gesch\u00e4tzte Lesezeit":"1\u00a0Minute"},"schema":{"@context":"https:\/\/schema.org","@graph":[{"@type":"Article","@id":"https:\/\/www.strassenweb.de\/nachrichten\/janet-leigh-und-tony-curtis-50er-jahre-wohnzimmer-zeigten-die-materialdesigner-aus-der-mitte-des-jahrhunderts-es-ist-noch-besessen-es-ist-absolut-zeitlos\/#article","isPartOf":{"@id":"https:\/\/www.strassenweb.de\/nachrichten\/janet-leigh-und-tony-curtis-50er-jahre-wohnzimmer-zeigten-die-materialdesigner-aus-der-mitte-des-jahrhunderts-es-ist-noch-besessen-es-ist-absolut-zeitlos\/"},"author":{"name":"Robert Hoffmann","@id":"https:\/\/www.strassenweb.de\/nachrichten\/#\/schema\/person\/87c9c9067f1211da429a744dc5a5aa41"},"headline":"Janet Leigh und Tony Curtis &#8217;50er Jahre Wohnzimmer zeigten die Materialdesigner aus der Mitte des Jahrhunderts-es ist noch besessen-es ist absolut zeitlos","datePublished":"2025-08-25T02:39:25+00:00","dateModified":"2025-08-25T02:39:26+00:00","mainEntityOfPage":{"@id":"https:\/\/www.strassenweb.de\/nachrichten\/janet-leigh-und-tony-curtis-50er-jahre-wohnzimmer-zeigten-die-materialdesigner-aus-der-mitte-des-jahrhunderts-es-ist-noch-besessen-es-ist-absolut-zeitlos\/"},"wordCount":285,"publisher":{"@id":"https:\/\/www.strassenweb.de\/nachrichten\/#organization"},"image":{"@id":"https:\/\/www.strassenweb.de\/nachrichten\/janet-leigh-und-tony-curtis-50er-jahre-wohnzimmer-zeigten-die-materialdesigner-aus-der-mitte-des-jahrhunderts-es-ist-noch-besessen-es-ist-absolut-zeitlos\/#primaryimage"},"thumbnailUrl":"https:\/\/www.strassenweb.de\/nachrichten\/wp-content\/uploads\/2025\/08\/Janet-Leigh-und-Tony-Curtis-50er-Jahre-Wohnzimmer-zeigten-die.jpg","keywords":["50er","absolut","aus","besessenes","Curtis","der","des","die","ist","Jahre","Jahrhundertses","Janet","Leigh","Materialdesigner","Mitte","noch","Tony","und","Wohnzimmer","zeigten","zeitlos"],"articleSection":["Haus &amp; Garten"],"inLanguage":"de"},{"@type":"WebPage","@id":"https:\/\/www.strassenweb.de\/nachrichten\/janet-leigh-und-tony-curtis-50er-jahre-wohnzimmer-zeigten-die-materialdesigner-aus-der-mitte-des-jahrhunderts-es-ist-noch-besessen-es-ist-absolut-zeitlos\/","url":"https:\/\/www.strassenweb.de\/nachrichten\/janet-leigh-und-tony-curtis-50er-jahre-wohnzimmer-zeigten-die-materialdesigner-aus-der-mitte-des-jahrhunderts-es-ist-noch-besessen-es-ist-absolut-zeitlos\/","name":"Janet Leigh und Tony Curtis '50er Jahre Wohnzimmer zeigten die Materialdesigner aus der Mitte des Jahrhunderts-es ist noch besessen-es ist absolut zeitlos - Nachrichten - Stra\u00dfenweb","isPartOf":{"@id":"https:\/\/www.strassenweb.de\/nachrichten\/#website"},"primaryImageOfPage":{"@id":"https:\/\/www.strassenweb.de\/nachrichten\/janet-leigh-und-tony-curtis-50er-jahre-wohnzimmer-zeigten-die-materialdesigner-aus-der-mitte-des-jahrhunderts-es-ist-noch-besessen-es-ist-absolut-zeitlos\/#primaryimage"},"image":{"@id":"https:\/\/www.strassenweb.de\/nachrichten\/janet-leigh-und-tony-curtis-50er-jahre-wohnzimmer-zeigten-die-materialdesigner-aus-der-mitte-des-jahrhunderts-es-ist-noch-besessen-es-ist-absolut-zeitlos\/#primaryimage"},"thumbnailUrl":"https:\/\/www.strassenweb.de\/nachrichten\/wp-content\/uploads\/2025\/08\/Janet-Leigh-und-Tony-Curtis-50er-Jahre-Wohnzimmer-zeigten-die.jpg","datePublished":"2025-08-25T02:39:25+00:00","dateModified":"2025-08-25T02:39:26+00:00","breadcrumb":{"@id":"https:\/\/www.strassenweb.de\/nachrichten\/janet-leigh-und-tony-curtis-50er-jahre-wohnzimmer-zeigten-die-materialdesigner-aus-der-mitte-des-jahrhunderts-es-ist-noch-besessen-es-ist-absolut-zeitlos\/#breadcrumb"},"inLanguage":"de","potentialAction":[{"@type":"ReadAction","target":["https:\/\/www.strassenweb.de\/nachrichten\/janet-leigh-und-tony-curtis-50er-jahre-wohnzimmer-zeigten-die-materialdesigner-aus-der-mitte-des-jahrhunderts-es-ist-noch-besessen-es-ist-absolut-zeitlos\/"]}]},{"@type":"ImageObject","inLanguage":"de","@id":"https:\/\/www.strassenweb.de\/nachrichten\/janet-leigh-und-tony-curtis-50er-jahre-wohnzimmer-zeigten-die-materialdesigner-aus-der-mitte-des-jahrhunderts-es-ist-noch-besessen-es-ist-absolut-zeitlos\/#primaryimage","url":"https:\/\/www.strassenweb.de\/nachrichten\/wp-content\/uploads\/2025\/08\/Janet-Leigh-und-Tony-Curtis-50er-Jahre-Wohnzimmer-zeigten-die.jpg","contentUrl":"https:\/\/www.strassenweb.de\/nachrichten\/wp-content\/uploads\/2025\/08\/Janet-Leigh-und-Tony-Curtis-50er-Jahre-Wohnzimmer-zeigten-die.jpg","width":1600,"height":900,"caption":"janet leigh and tony curtis holding baby jamie lee curtis"},{"@type":"BreadcrumbList","@id":"https:\/\/www.strassenweb.de\/nachrichten\/janet-leigh-und-tony-curtis-50er-jahre-wohnzimmer-zeigten-die-materialdesigner-aus-der-mitte-des-jahrhunderts-es-ist-noch-besessen-es-ist-absolut-zeitlos\/#breadcrumb","itemListElement":[{"@type":"ListItem","position":1,"name":"Home","item":"https:\/\/www.strassenweb.de\/nachrichten\/"},{"@type":"ListItem","position":2,"name":"Janet Leigh und Tony Curtis &#8217;50er Jahre Wohnzimmer zeigten die Materialdesigner aus der Mitte des Jahrhunderts-es ist noch besessen-es ist absolut zeitlos"}]},{"@type":"WebSite","@id":"https:\/\/www.strassenweb.de\/nachrichten\/#website","url":"https:\/\/www.strassenweb.de\/nachrichten\/","name":"Stra\u00dfenweb","description":"Stra\u00dfenverzeichnis f\u00fcr Deutschland","publisher":{"@id":"https:\/\/www.strassenweb.de\/nachrichten\/#organization"},"potentialAction":[{"@type":"SearchAction","target":{"@type":"EntryPoint","urlTemplate":"https:\/\/www.strassenweb.de\/nachrichten\/?s={search_term_string}"},"query-input":{"@type":"PropertyValueSpecification","valueRequired":true,"valueName":"search_term_string"}}],"inLanguage":"de"},{"@type":"Organization","@id":"https:\/\/www.strassenweb.de\/nachrichten\/#organization","name":"Stra\u00dfenweb","url":"https:\/\/www.strassenweb.de\/nachrichten\/","logo":{"@type":"ImageObject","inLanguage":"de","@id":"https:\/\/www.strassenweb.de\/nachrichten\/#\/schema\/logo\/image\/","url":"https:\/\/www.strassenweb.de\/nachrichten\/wp-content\/uploads\/2024\/09\/cropped-favicon.png","contentUrl":"https:\/\/www.strassenweb.de\/nachrichten\/wp-content\/uploads\/2024\/09\/cropped-favicon.png","width":512,"height":512,"caption":"Stra\u00dfenweb"},"image":{"@id":"https:\/\/www.strassenweb.de\/nachrichten\/#\/schema\/logo\/image\/"},"sameAs":["https:\/\/www.facebook.com\/strassenweb\/"]},{"@type":"Person","@id":"https:\/\/www.strassenweb.de\/nachrichten\/#\/schema\/person\/87c9c9067f1211da429a744dc5a5aa41","name":"Robert Hoffmann","image":{"@type":"ImageObject","inLanguage":"de","@id":"https:\/\/www.strassenweb.de\/nachrichten\/wp-content\/uploads\/2024\/09\/strassenweb-150x150.jpg","url":"https:\/\/www.strassenweb.de\/nachrichten\/wp-content\/uploads\/2024\/09\/strassenweb-150x150.jpg","contentUrl":"https:\/\/www.strassenweb.de\/nachrichten\/wp-content\/uploads\/2024\/09\/strassenweb-150x150.jpg","caption":"Robert Hoffmann"},"description":"Ich hei\u00dfe Robert Hoffmann und ich bin ein leidenschaftlicher Verfechter von \u00d6kologie und Biodiversit\u00e4t. Seit meiner Kindheit in den W\u00e4ldern Bayerns f\u00fchle ich mich mit der Natur verbunden und bin entschlossen, sie zu sch\u00fctzen. Heute widme ich mein Leben der Sensibilisierung anderer f\u00fcr die Bedeutung des Umweltschutzes f\u00fcr zuk\u00fcnftige Generationen.","sameAs":["https:\/\/www.strassenweb.de\/"]}]}},"_links":{"self":[{"href":"https:\/\/www.strassenweb.de\/nachrichten\/wp-json\/wp\/v2\/posts\/7205","targetHints":{"allow":["GET"]}}],"collection":[{"href":"https:\/\/www.strassenweb.de\/nachrichten\/wp-json\/wp\/v2\/posts"}],"about":[{"href":"https:\/\/www.strassenweb.de\/nachrichten\/wp-json\/wp\/v2\/types\/post"}],"author":[{"embeddable":true,"href":"https:\/\/www.strassenweb.de\/nachrichten\/wp-json\/wp\/v2\/users\/1"}],"replies":[{"embeddable":true,"href":"https:\/\/www.strassenweb.de\/nachrichten\/wp-json\/wp\/v2\/comments?post=7205"}],"version-history":[{"count":0,"href":"https:\/\/www.strassenweb.de\/nachrichten\/wp-json\/wp\/v2\/posts\/7205\/revisions"}],"wp:featuredmedia":[{"embeddable":true,"href":"https:\/\/www.strassenweb.de\/nachrichten\/wp-json\/wp\/v2\/media\/7206"}],"wp:attachment":[{"href":"https:\/\/www.strassenweb.de\/nachrichten\/wp-json\/wp\/v2\/media?parent=7205"}],"wp:term":[{"taxonomy":"category","embeddable":true,"href":"https:\/\/www.strassenweb.de\/nachrichten\/wp-json\/wp\/v2\/categories?post=7205"},{"taxonomy":"post_tag","embeddable":true,"href":"https:\/\/www.strassenweb.de\/nachrichten\/wp-json\/wp\/v2\/tags?post=7205"}],"curies":[{"name":"wp","href":"https:\/\/api.w.org\/{rel}","templated":true}]}}