{"id":7193,"date":"2025-08-24T16:43:10","date_gmt":"2025-08-24T14:43:10","guid":{"rendered":"https:\/\/www.strassenweb.de\/nachrichten\/hast-du-von-dill-green-gehoert-designer-nennen-diesen-trendigen-gruenen-natur-ist-neutral-und-es-ist-ueberraschend-einfach-zu-bedienen\/"},"modified":"2025-08-24T16:43:11","modified_gmt":"2025-08-24T14:43:11","slug":"hast-du-von-dill-green-gehoert-designer-nennen-diesen-trendigen-gruenen-natur-ist-neutral-und-es-ist-ueberraschend-einfach-zu-bedienen","status":"publish","type":"post","link":"https:\/\/www.strassenweb.de\/nachrichten\/hast-du-von-dill-green-gehoert-designer-nennen-diesen-trendigen-gruenen-natur-ist-neutral-und-es-ist-ueberraschend-einfach-zu-bedienen\/","title":{"rendered":"Hast du von Dill Green geh\u00f6rt? Designer nennen diesen trendigen gr\u00fcnen &#8222;Natur ist neutral&#8220; und es ist \u00fcberraschend einfach zu bedienen"},"content":{"rendered":"<p><\/p>\n<div id=\"article-body\" class=\"article__body \">\n<p id=\"8b46b450-c4f7-488f-bda5-b062e5ce3f4d\">F\u00fcr viele von uns ist Buttergelb der Schatten, der uns in den Sinn kommt, wenn wir \u00fcber 2025 und seine vielen trendigen Farben nachdenken. W\u00e4hrend es schwer zu leugnen ist, dass der Pastellschatten Trends dominiert hat (meine Social-Media-Feeds und Posteing\u00e4nge wurden mit H\u00e4usern gef\u00fcllt, die in der k\u00f6stlichen Farbe geschm\u00fcckt sind), gibt es einen weiteren gleicherma\u00dfen fr\u00f6hlichen, von Lebensmittel inspirierten Farbton, der Buttergelb f\u00fcr sein Geld einen Lauf gibt.<\/p>\n<div id=\"ad-unit-1\" class=\"ad-unit\"><\/div>\n<p>Dill Green ist der neue von Lebensmittel inspirierte Farbtrend, den Designer f\u00fcr seine lebendigen und skurrilen Eigenschaften lieben. W\u00e4hrend es eine Weile unter dem Radar flog, als Buttergelb im Mittelpunkt stand, habe ich festgestellt, dass einige der besten Innenausstattungsprojekte begonnen haben, die \u00fcppige, zingige Farbe zu zeigen.<\/p>\n<aside data-block-type=\"embed\" data-render-type=\"fte\" data-skip=\"dealsy\" data-widget-type=\"seasonal\" class=\"hawk-base\"><\/aside>\n<p id=\"8b46b450-c4f7-488f-bda5-b062e5ce3f4d-2\">Der Schatten f\u00e4llt aufgrund seiner Frische, \u00e4hnlich wie das Kraut, irgendwo zwischen einem ged\u00e4mpften Mossy Green und Lime Green. Es ist eines der besten gr\u00fcnen Farben, da es hell ist, ohne \u00fcberheblich zu sein, und gibt einem Innenraum diese wichtige Lebendigkeit.<\/p>\n<div class=\"van_vid_carousel\">\n<div class=\"van_vid_carousel__padding\">\n<div class=\"van_vid_carousel__container\"><\/div>\n<\/div>\n<\/div>\n<p>Helen Shaw, Marketingdirektor (International), Benjamin Moore, sagt: \u201eDill Green in der Innenausstattung ist \u00e4u\u00dferst vielseitig. \u00c4hnlich wie das Kraut, nach dem es benannt ist, bringt es einen frischen, nat\u00fcrlichen Look in einen Raum und es funktioniert wundersch\u00f6n, um W\u00e4nde zu durchn\u00e4ssen, um einen Raum zu schaffen, der energisch anf\u00fchlt. &#8218;<\/p>\n<div id=\"ad-unit-2\" class=\"ad-unit\"><\/div>\n<p id=\"933ace45-a9c7-476d-b38b-dfc4f7b243e3\"><strong>Wie man mit Dill Green dekoriert<\/strong><\/p>\n<figure class=\"van-image-figure inline-layout \" data-bordeaux-image-check id=\"ce3476bb-bf1c-407b-ad98-dba9e46826f1\">\n<div class=\"image-full-width-wrapper\">\n<div class=\"image-widthsetter\" style=\"max-width:2000px;\"><\/div>\n<\/div>\n<\/figure>\n<p id=\"ff74c3ce-bd72-4078-897c-cd539cfa7d85\">Innenarchitekt Nozawa, der Spa\u00df in einen praktischen Raum verschmilmte, beschloss und beschloss, ein k\u00fchnes Dill -Gr\u00fcn in einer Speisekammer zu verwenden, um ein Gef\u00fchl von Laune und Unerwartetheit zu schaffen.<\/p>\n<p>Noz sagt: &#8222;Ich liebe dieses Gr\u00fcn (Benjamin Moore Herb Garden), weil es eines von dem geh\u00f6rt, was ich als&#8220; perfekte Gem\u00fcsegr\u00fcn &#8222;betrachte. W\u00e4hrend ich einen Pasteller weisen oder ein Waldgr\u00fcn in K\u00fcchenraum sch\u00e4tze, haben meine Lieblingsgr\u00fcns das Gef\u00fchl, aus einem Garten im Hinterhof und farblich an den Schr\u00e4nken zusammengebrochen worden zu sein. &#8218;<\/p>\n<div id=\"slice-container-newsletterForm-articleInbodyContent-Qvz24PNmeZQsisbghm6FBj\" class=\"slice-container newsletter-inbodyContent-slice newsletterForm-articleInbodyContent-Qvz24PNmeZQsisbghm6FBj slice-container-newsletterForm\"><\/div>\n<p>Sie f\u00fcgt hinzu: &#8218;Dill Green ist auch sehr sch\u00f6n, weil es mit anderen Farben vielseitig vielseitig sind. Es steht gut zu orangefarbenen Rosa wie Lachs oder Korallen sowie zu lebhaften Tomatenroten. Aber ich liebe Dill Green auch mit anderen Neutralen (insbesondere Holzt\u00f6nen) oder mit komplement\u00e4ren Farben in niedrigerer S\u00e4ttigung wie Puderblau. &#8218;<\/p>\n<figure class=\"van-image-figure inline-layout \" data-bordeaux-image-check id=\"9863b48c-d1f3-4515-90a4-c1d247dd401d\">\n<div class=\"image-full-width-wrapper\">\n<div class=\"image-widthsetter\" style=\"max-width:2000px;\"><\/div>\n<\/div>\n<\/figure>\n<p id=\"071c4f2b-c6c2-4ec9-af6d-4b6e66cf0f1b\">Wenn es um gr\u00fcne K\u00fcchenideen geht, denken Sie vielleicht, dass Salbei oder Moos passender sein k\u00f6nnten, aber Dill Green ist tats\u00e4chlich die perfekte M\u00f6glichkeit, Lebendigkeit in diesen Raum einzuf\u00fchren, ohne zu laut zu werden.<\/p>\n<p>Die oben abgebildete K\u00fcche wurde von Perifio Interiors entworfen und beweist die Kraft von Dill Green, insbesondere wenn sie mit organischen Akzenten ausbalanciert werden. Die Gr\u00fcnder des Studios, Matt Bidgoli &#038; Raphael Portet, erkl\u00e4rt: \u201eDiese K\u00fcche zeigt, wie Dill Green sowohl als mutiges Statement als auch als Erdungselement in einem zeitgen\u00f6ssischen Zuhause dienen kann. Wir haben Vogue Green von Sherwin-Williams ausgew\u00e4hlt, um einen anspruchsvollen und dennoch lebendigen Schwerpunkt zu schaffen, der Farbe feiert und gleichzeitig zeitlose Eleganz aufrechterh\u00e4lt. &#8218;<\/p>\n<p>Sie f\u00fcgen hinzu: &#8218;Dill Green funktioniert wundersch\u00f6n als Ankerfarbe, die die Natur in die Natur bringt und gleichzeitig Raffinesse aufrechterhalten. Der Schl\u00fcssel ist, es als neutral zu behandeln &#8211; es ist \u00fcberraschend vielseitig und kann einen Raum tragen, ohne den Raum zu \u00fcberw\u00e4ltigen. Wir lieben es, es in wesentlichen Anwendungen wie K\u00fcchenschr\u00e4nken oder Einbauten zu verwenden, in denen es wirklich gl\u00e4nzen kann. &#8218;<\/p>\n<figure class=\"van-image-figure inline-layout \" data-bordeaux-image-check id=\"0c52752d-dd51-4c0a-8720-85c2464846c2\">\n<div class=\"image-full-width-wrapper\">\n<div class=\"image-widthsetter\" style=\"max-width:2000px;\"><\/div>\n<\/div>\n<\/figure>\n<p id=\"eceeb40b-76c7-4ee7-b964-a123550a2368\">In der Innenarchitektin Dusti Jones, die Gr\u00fcnderin von Dusti J Design, beweist, dass Dill Green in jedem Raum arbeitet, verwendete den kr\u00e4ftigen Herby -Schatten, um die B\u00fccherregale in der Heimbibliothek eines Kunden zu malen.<\/p>\n<p>Auf die Frage, welchen Farbschatten sie benutzte, sagte Dusti: \u201eEiner meiner Top -Picks von Farrow &#038; Ball Greens, das als Dill Green angesehen werden k\u00f6nnte, ist Bancha (Nr. 298). Es ist ein launisches Gr\u00fcn, das sich auch verspielt und ein bisschen unerwartet anf\u00fchlt. K\u00fcrzlich habe ich Bancha in einem Heimb\u00fcro verwendet, in dem die ma\u00dfgefertigten Ins und W\u00e4nde in diesem stimmungsvollen Gr\u00fcnton beendet waren. &#8218;<\/p>\n<p>Dill Green mag im Moment im Trend sein, aber es ist keine fl\u00fcchtige Farbe; Kombiniert mit den richtigen Materialien kann es sich an das Erbe und klassisch anf\u00fchlen. Dusti erkl\u00e4rt: \u201eDieser gr\u00fcne Ton hat ein fast historisches, leitendes Gef\u00fchl erzeugt und ein Gef\u00fchl der Gem\u00fctlichkeit verleiht. Die am meisten komplement\u00e4ren T\u00f6ne und Farben f\u00fcr Bancha sind das warme, walnussholzfeste Metzger -Blockregal, feste Holzantiquit\u00e4ten und die strukturierten r\u00f6mischen Farbt\u00f6ne. &#8218;<\/p>\n<figure class=\"van-image-figure inline-layout \" data-bordeaux-image-check id=\"2e7a5642-2350-4cfa-a41d-1c5195d3c185\">\n<div class=\"image-full-width-wrapper\">\n<div class=\"image-widthsetter\" style=\"max-width:2400px;\"><\/div>\n<\/div>\n<\/figure>\n<p id=\"a1293a19-8150-43f4-811d-c704761583ae\">W\u00e4hrend Sie den Dill-Green-Farbtrend durch farblich tadelnde W\u00e4nde voll und ganz annehmen k\u00f6nnen, gibt es subtilere M\u00f6glichkeiten, den Trend ohne die volle Verpflichtung zu nicken.<\/p>\n<p>Armina Kaprowicz, Gr\u00fcnderin von Armina Interiors, sagt, dass \u201eein gro\u00dfes M\u00f6belst\u00fcck wie ein lebendiges dillgr\u00fcnes Sofa als zentrales Statement-St\u00fcck wirklich einen Wohnraum ver\u00e4ndern kann und ihn mit Charakter und einem Hauch von Nature-inspiriertem Eleganz infundiert.\u201c<\/p>\n<p>Sie k\u00f6nnen den Dill -Green -Trend auch mit kleineren St\u00fccken ehren. &#8218;Kleinere Dosen von Dill Green, sei es in einem Tischoklus, einer Vase oder anderen Zubeh\u00f6r, kann einen gro\u00dfen Einfluss haben und perfekte Farbpops im gesamten Raum hinzuf\u00fcgen. Jedes St\u00fcck f\u00fchlt sich wie ein einzigartiges, zeitloses Kunstwerk an, das auff\u00e4llige Charakter und visuelles Interesse bringt. &#8218;<\/p>\n<p>Um sicherzustellen, dass sich Ihr Schema ausgewogen anf\u00fchlt, dekorieren Sie mit Neutralen sowie Dill Green. &#8222;Diese k\u00fchne Auswahl kann elegant durch eine sorgf\u00e4ltig kuratierte Palette komplement\u00e4rer Elemente wie die W\u00e4rme der leichten Holzt\u00f6ne, des taktilen Reichtums von Leinentextilien oder nat\u00fcrlichen Materialien wie Stein geerdet werden.&#8220;<\/p>\n<h2 class=\"article-body__section\" id=\"section-dill-green-decor-picks\"><span>Dill Green Decor Picks<\/span><\/h2>\n<p id=\"0fd30789-f153-4074-ad95-a5f5c64c6097\">Wenn Sie Dill Green in Ihr Zuhause einbeziehen m\u00f6chten, ohne die Malen zu verpflichten, schauen Sie sich diese Herby Green Decor -Picks an, die ebenso erfrischend und lustig sind.<\/p>\n<div class=\"product-container hero-product-container product-block-no-wrap\">\n<div class=\"product-block-row\"><\/div>\n<div class=\"product-block-row\"><\/div>\n<div class=\"product-block-row\"><\/div>\n<div class=\"product-block-row\"><\/div>\n<div class=\"product-block-row\"><\/div>\n<div class=\"product-block-row\"><\/div>\n<\/div>\n<hr id=\"da633bd6-fcb2-4bfb-a347-129890c5fd6c\">\n<p id=\"75019d6b-48c6-40b6-b788-e9894121d0d0\">Die Innenarchitektin Lauren Conner sagt: &#8218;Dill Green ist der Farbschwarm des Augenblicks, weil es beruhigend, vielseitig und leicht zu leben, aber mutig genug ist, um eine Aussage abzugeben. Pinterest hat es als &#8222;eingelegte Perfektion&#8220; bezeichnet, und es ist leicht zu erkennen, warum diese Farbe, die zwischen frischem Gras- und Dillgurken f\u00e4llt, einfach zu bedienen ist. &#8218;<\/p>\n<p>Sie f\u00fcgt hinzu: &#8222;Es ist dunkel genug, um den Alltag zu verbergen, aber verspielt genug, um Pers\u00f6nlichkeit zu verleihen und es zu einer nostalgischen, aber frischen M\u00f6glichkeit zu machen, unser kollektives Verlangen nach Natur zu nutzen.&#8220;<\/p>\n<div class=\"block\" id=\"articleTag\" data-component-name=\"PostArticleLinks\">\n<div class=\"border-b border-b-black border-solid py-2.5 text-black font-bold uppercase\">Themen<\/div>\n<nav class=\"py-2.5 flex gap-2.5 flex-wrap\" data-analytics-id=\"article-tag\">\n<p>Farbschemata<br \/>\n<\/nav>\n<\/div>\n<\/div>\n","protected":false},"excerpt":{"rendered":"<p>F\u00fcr viele von uns ist Buttergelb der Schatten, der uns in den Sinn kommt, wenn wir \u00fcber 2025 und seine vielen trendigen Farben nachdenken. W\u00e4hrend<\/p>\n","protected":false},"author":1,"featured_media":7194,"comment_status":"closed","ping_status":"","sticky":false,"template":"","format":"standard","meta":{"footnotes":""},"categories":[118],"tags":[3964,216,208,9633,355,1810,4506,4005,8370,15,805,1668,2951,326,1641,37,21],"class_list":["post-7193","post","type-post","status-publish","format-standard","has-post-thumbnail","hentry","category-haus-garten","tag-bedienen","tag-designer","tag-diesen","tag-dill","tag-einfach","tag-gehoert","tag-green","tag-gruenen","tag-hast","tag-ist","tag-natur","tag-nennen","tag-neutral","tag-trendigen","tag-ueberraschend","tag-und","tag-von","generate-columns","tablet-grid-50","mobile-grid-100","grid-parent","grid-50"],"yoast_head":"<!-- This site is optimized with the Yoast SEO plugin v27.3 - https:\/\/yoast.com\/product\/yoast-seo-wordpress\/ -->\n<title>Hast du von Dill Green geh\u00f6rt? Designer nennen diesen trendigen gr\u00fcnen &quot;Natur ist neutral&quot; und es ist \u00fcberraschend einfach zu bedienen - Nachrichten - Stra\u00dfenweb<\/title>\n<meta name=\"robots\" content=\"index, follow, max-snippet:-1, max-image-preview:large, max-video-preview:-1\" \/>\n<link rel=\"canonical\" href=\"https:\/\/www.strassenweb.de\/nachrichten\/hast-du-von-dill-green-gehoert-designer-nennen-diesen-trendigen-gruenen-natur-ist-neutral-und-es-ist-ueberraschend-einfach-zu-bedienen\/\" \/>\n<meta property=\"og:locale\" content=\"de_DE\" \/>\n<meta property=\"og:type\" content=\"article\" \/>\n<meta property=\"og:title\" content=\"Hast du von Dill Green geh\u00f6rt? Designer nennen diesen trendigen gr\u00fcnen &quot;Natur ist neutral&quot; und es ist \u00fcberraschend einfach zu bedienen - Nachrichten - Stra\u00dfenweb\" \/>\n<meta property=\"og:description\" content=\"F\u00fcr viele von uns ist Buttergelb der Schatten, der uns in den Sinn kommt, wenn wir \u00fcber 2025 und seine vielen trendigen Farben nachdenken. W\u00e4hrend\" \/>\n<meta property=\"og:url\" content=\"https:\/\/www.strassenweb.de\/nachrichten\/hast-du-von-dill-green-gehoert-designer-nennen-diesen-trendigen-gruenen-natur-ist-neutral-und-es-ist-ueberraschend-einfach-zu-bedienen\/\" \/>\n<meta property=\"og:site_name\" content=\"Stra\u00dfenweb\" \/>\n<meta property=\"article:publisher\" content=\"https:\/\/www.facebook.com\/strassenweb\/\" \/>\n<meta property=\"article:published_time\" content=\"2025-08-24T14:43:10+00:00\" \/>\n<meta property=\"article:modified_time\" content=\"2025-08-24T14:43:11+00:00\" \/>\n<meta property=\"og:image\" content=\"https:\/\/www.strassenweb.de\/nachrichten\/wp-content\/uploads\/2025\/08\/Hast-du-von-Dill-Green-gehoert-Designer-nennen-diesen-trendigen.jpg\" \/>\n\t<meta property=\"og:image:width\" content=\"1600\" \/>\n\t<meta property=\"og:image:height\" content=\"900\" \/>\n\t<meta property=\"og:image:type\" content=\"image\/jpeg\" \/>\n<meta name=\"author\" content=\"Robert Hoffmann\" \/>\n<meta name=\"twitter:card\" content=\"summary_large_image\" \/>\n<meta name=\"twitter:label1\" content=\"Verfasst von\" \/>\n\t<meta name=\"twitter:data1\" content=\"Robert Hoffmann\" \/>\n\t<meta name=\"twitter:label2\" content=\"Gesch\u00e4tzte Lesezeit\" \/>\n\t<meta name=\"twitter:data2\" content=\"5\u00a0Minuten\" \/>\n<script type=\"application\/ld+json\" class=\"yoast-schema-graph\">{\"@context\":\"https:\\\/\\\/schema.org\",\"@graph\":[{\"@type\":\"Article\",\"@id\":\"https:\\\/\\\/www.strassenweb.de\\\/nachrichten\\\/hast-du-von-dill-green-gehoert-designer-nennen-diesen-trendigen-gruenen-natur-ist-neutral-und-es-ist-ueberraschend-einfach-zu-bedienen\\\/#article\",\"isPartOf\":{\"@id\":\"https:\\\/\\\/www.strassenweb.de\\\/nachrichten\\\/hast-du-von-dill-green-gehoert-designer-nennen-diesen-trendigen-gruenen-natur-ist-neutral-und-es-ist-ueberraschend-einfach-zu-bedienen\\\/\"},\"author\":{\"name\":\"Robert Hoffmann\",\"@id\":\"https:\\\/\\\/www.strassenweb.de\\\/nachrichten\\\/#\\\/schema\\\/person\\\/87c9c9067f1211da429a744dc5a5aa41\"},\"headline\":\"Hast du von Dill Green geh\u00f6rt? Designer nennen diesen trendigen gr\u00fcnen &#8222;Natur ist neutral&#8220; und es ist \u00fcberraschend einfach zu bedienen\",\"datePublished\":\"2025-08-24T14:43:10+00:00\",\"dateModified\":\"2025-08-24T14:43:11+00:00\",\"mainEntityOfPage\":{\"@id\":\"https:\\\/\\\/www.strassenweb.de\\\/nachrichten\\\/hast-du-von-dill-green-gehoert-designer-nennen-diesen-trendigen-gruenen-natur-ist-neutral-und-es-ist-ueberraschend-einfach-zu-bedienen\\\/\"},\"wordCount\":1105,\"publisher\":{\"@id\":\"https:\\\/\\\/www.strassenweb.de\\\/nachrichten\\\/#organization\"},\"image\":{\"@id\":\"https:\\\/\\\/www.strassenweb.de\\\/nachrichten\\\/hast-du-von-dill-green-gehoert-designer-nennen-diesen-trendigen-gruenen-natur-ist-neutral-und-es-ist-ueberraschend-einfach-zu-bedienen\\\/#primaryimage\"},\"thumbnailUrl\":\"https:\\\/\\\/www.strassenweb.de\\\/nachrichten\\\/wp-content\\\/uploads\\\/2025\\\/08\\\/Hast-du-von-Dill-Green-gehoert-Designer-nennen-diesen-trendigen.jpg\",\"keywords\":[\"bedienen\",\"Designer\",\"diesen\",\"Dill\",\"einfach\",\"geh\u00f6rt\",\"Green\",\"gr\u00fcnen\",\"Hast\",\"ist\",\"Natur\",\"nennen\",\"neutral\",\"trendigen\",\"\u00fcberraschend\",\"und\",\"von\"],\"articleSection\":[\"Haus &amp; Garten\"],\"inLanguage\":\"de\"},{\"@type\":\"WebPage\",\"@id\":\"https:\\\/\\\/www.strassenweb.de\\\/nachrichten\\\/hast-du-von-dill-green-gehoert-designer-nennen-diesen-trendigen-gruenen-natur-ist-neutral-und-es-ist-ueberraschend-einfach-zu-bedienen\\\/\",\"url\":\"https:\\\/\\\/www.strassenweb.de\\\/nachrichten\\\/hast-du-von-dill-green-gehoert-designer-nennen-diesen-trendigen-gruenen-natur-ist-neutral-und-es-ist-ueberraschend-einfach-zu-bedienen\\\/\",\"name\":\"Hast du von Dill Green geh\u00f6rt? Designer nennen diesen trendigen gr\u00fcnen \\\"Natur ist neutral\\\" und es ist \u00fcberraschend einfach zu bedienen - Nachrichten - Stra\u00dfenweb\",\"isPartOf\":{\"@id\":\"https:\\\/\\\/www.strassenweb.de\\\/nachrichten\\\/#website\"},\"primaryImageOfPage\":{\"@id\":\"https:\\\/\\\/www.strassenweb.de\\\/nachrichten\\\/hast-du-von-dill-green-gehoert-designer-nennen-diesen-trendigen-gruenen-natur-ist-neutral-und-es-ist-ueberraschend-einfach-zu-bedienen\\\/#primaryimage\"},\"image\":{\"@id\":\"https:\\\/\\\/www.strassenweb.de\\\/nachrichten\\\/hast-du-von-dill-green-gehoert-designer-nennen-diesen-trendigen-gruenen-natur-ist-neutral-und-es-ist-ueberraschend-einfach-zu-bedienen\\\/#primaryimage\"},\"thumbnailUrl\":\"https:\\\/\\\/www.strassenweb.de\\\/nachrichten\\\/wp-content\\\/uploads\\\/2025\\\/08\\\/Hast-du-von-Dill-Green-gehoert-Designer-nennen-diesen-trendigen.jpg\",\"datePublished\":\"2025-08-24T14:43:10+00:00\",\"dateModified\":\"2025-08-24T14:43:11+00:00\",\"breadcrumb\":{\"@id\":\"https:\\\/\\\/www.strassenweb.de\\\/nachrichten\\\/hast-du-von-dill-green-gehoert-designer-nennen-diesen-trendigen-gruenen-natur-ist-neutral-und-es-ist-ueberraschend-einfach-zu-bedienen\\\/#breadcrumb\"},\"inLanguage\":\"de\",\"potentialAction\":[{\"@type\":\"ReadAction\",\"target\":[\"https:\\\/\\\/www.strassenweb.de\\\/nachrichten\\\/hast-du-von-dill-green-gehoert-designer-nennen-diesen-trendigen-gruenen-natur-ist-neutral-und-es-ist-ueberraschend-einfach-zu-bedienen\\\/\"]}]},{\"@type\":\"ImageObject\",\"inLanguage\":\"de\",\"@id\":\"https:\\\/\\\/www.strassenweb.de\\\/nachrichten\\\/hast-du-von-dill-green-gehoert-designer-nennen-diesen-trendigen-gruenen-natur-ist-neutral-und-es-ist-ueberraschend-einfach-zu-bedienen\\\/#primaryimage\",\"url\":\"https:\\\/\\\/www.strassenweb.de\\\/nachrichten\\\/wp-content\\\/uploads\\\/2025\\\/08\\\/Hast-du-von-Dill-Green-gehoert-Designer-nennen-diesen-trendigen.jpg\",\"contentUrl\":\"https:\\\/\\\/www.strassenweb.de\\\/nachrichten\\\/wp-content\\\/uploads\\\/2025\\\/08\\\/Hast-du-von-Dill-Green-gehoert-Designer-nennen-diesen-trendigen.jpg\",\"width\":1600,\"height\":900,\"caption\":\"Living room with green painted ceiling and wall, open shelving, wallpaper mural, green rug and large U-shaped brown sofa with modern armchair and two ornate iron side tables\"},{\"@type\":\"BreadcrumbList\",\"@id\":\"https:\\\/\\\/www.strassenweb.de\\\/nachrichten\\\/hast-du-von-dill-green-gehoert-designer-nennen-diesen-trendigen-gruenen-natur-ist-neutral-und-es-ist-ueberraschend-einfach-zu-bedienen\\\/#breadcrumb\",\"itemListElement\":[{\"@type\":\"ListItem\",\"position\":1,\"name\":\"Home\",\"item\":\"https:\\\/\\\/www.strassenweb.de\\\/nachrichten\\\/\"},{\"@type\":\"ListItem\",\"position\":2,\"name\":\"Hast du von Dill Green geh\u00f6rt? Designer nennen diesen trendigen gr\u00fcnen &#8222;Natur ist neutral&#8220; und es ist \u00fcberraschend einfach zu bedienen\"}]},{\"@type\":\"WebSite\",\"@id\":\"https:\\\/\\\/www.strassenweb.de\\\/nachrichten\\\/#website\",\"url\":\"https:\\\/\\\/www.strassenweb.de\\\/nachrichten\\\/\",\"name\":\"Stra\u00dfenweb\",\"description\":\"Stra\u00dfenverzeichnis f\u00fcr Deutschland\",\"publisher\":{\"@id\":\"https:\\\/\\\/www.strassenweb.de\\\/nachrichten\\\/#organization\"},\"potentialAction\":[{\"@type\":\"SearchAction\",\"target\":{\"@type\":\"EntryPoint\",\"urlTemplate\":\"https:\\\/\\\/www.strassenweb.de\\\/nachrichten\\\/?s={search_term_string}\"},\"query-input\":{\"@type\":\"PropertyValueSpecification\",\"valueRequired\":true,\"valueName\":\"search_term_string\"}}],\"inLanguage\":\"de\"},{\"@type\":\"Organization\",\"@id\":\"https:\\\/\\\/www.strassenweb.de\\\/nachrichten\\\/#organization\",\"name\":\"Stra\u00dfenweb\",\"url\":\"https:\\\/\\\/www.strassenweb.de\\\/nachrichten\\\/\",\"logo\":{\"@type\":\"ImageObject\",\"inLanguage\":\"de\",\"@id\":\"https:\\\/\\\/www.strassenweb.de\\\/nachrichten\\\/#\\\/schema\\\/logo\\\/image\\\/\",\"url\":\"https:\\\/\\\/www.strassenweb.de\\\/nachrichten\\\/wp-content\\\/uploads\\\/2024\\\/09\\\/cropped-favicon.png\",\"contentUrl\":\"https:\\\/\\\/www.strassenweb.de\\\/nachrichten\\\/wp-content\\\/uploads\\\/2024\\\/09\\\/cropped-favicon.png\",\"width\":512,\"height\":512,\"caption\":\"Stra\u00dfenweb\"},\"image\":{\"@id\":\"https:\\\/\\\/www.strassenweb.de\\\/nachrichten\\\/#\\\/schema\\\/logo\\\/image\\\/\"},\"sameAs\":[\"https:\\\/\\\/www.facebook.com\\\/strassenweb\\\/\"]},{\"@type\":\"Person\",\"@id\":\"https:\\\/\\\/www.strassenweb.de\\\/nachrichten\\\/#\\\/schema\\\/person\\\/87c9c9067f1211da429a744dc5a5aa41\",\"name\":\"Robert Hoffmann\",\"image\":{\"@type\":\"ImageObject\",\"inLanguage\":\"de\",\"@id\":\"https:\\\/\\\/www.strassenweb.de\\\/nachrichten\\\/wp-content\\\/uploads\\\/2024\\\/09\\\/strassenweb-150x150.jpg\",\"url\":\"https:\\\/\\\/www.strassenweb.de\\\/nachrichten\\\/wp-content\\\/uploads\\\/2024\\\/09\\\/strassenweb-150x150.jpg\",\"contentUrl\":\"https:\\\/\\\/www.strassenweb.de\\\/nachrichten\\\/wp-content\\\/uploads\\\/2024\\\/09\\\/strassenweb-150x150.jpg\",\"caption\":\"Robert Hoffmann\"},\"description\":\"Ich hei\u00dfe Robert Hoffmann und ich bin ein leidenschaftlicher Verfechter von \u00d6kologie und Biodiversit\u00e4t. Seit meiner Kindheit in den W\u00e4ldern Bayerns f\u00fchle ich mich mit der Natur verbunden und bin entschlossen, sie zu sch\u00fctzen. Heute widme ich mein Leben der Sensibilisierung anderer f\u00fcr die Bedeutung des Umweltschutzes f\u00fcr zuk\u00fcnftige Generationen.\",\"sameAs\":[\"https:\\\/\\\/www.strassenweb.de\\\/\"]}]}<\/script>\n<!-- \/ Yoast SEO plugin. -->","yoast_head_json":{"title":"Hast du von Dill Green geh\u00f6rt? Designer nennen diesen trendigen gr\u00fcnen \"Natur ist neutral\" und es ist \u00fcberraschend einfach zu bedienen - Nachrichten - Stra\u00dfenweb","robots":{"index":"index","follow":"follow","max-snippet":"max-snippet:-1","max-image-preview":"max-image-preview:large","max-video-preview":"max-video-preview:-1"},"canonical":"https:\/\/www.strassenweb.de\/nachrichten\/hast-du-von-dill-green-gehoert-designer-nennen-diesen-trendigen-gruenen-natur-ist-neutral-und-es-ist-ueberraschend-einfach-zu-bedienen\/","og_locale":"de_DE","og_type":"article","og_title":"Hast du von Dill Green geh\u00f6rt? Designer nennen diesen trendigen gr\u00fcnen \"Natur ist neutral\" und es ist \u00fcberraschend einfach zu bedienen - Nachrichten - Stra\u00dfenweb","og_description":"F\u00fcr viele von uns ist Buttergelb der Schatten, der uns in den Sinn kommt, wenn wir \u00fcber 2025 und seine vielen trendigen Farben nachdenken. W\u00e4hrend","og_url":"https:\/\/www.strassenweb.de\/nachrichten\/hast-du-von-dill-green-gehoert-designer-nennen-diesen-trendigen-gruenen-natur-ist-neutral-und-es-ist-ueberraschend-einfach-zu-bedienen\/","og_site_name":"Stra\u00dfenweb","article_publisher":"https:\/\/www.facebook.com\/strassenweb\/","article_published_time":"2025-08-24T14:43:10+00:00","article_modified_time":"2025-08-24T14:43:11+00:00","og_image":[{"width":1600,"height":900,"url":"https:\/\/www.strassenweb.de\/nachrichten\/wp-content\/uploads\/2025\/08\/Hast-du-von-Dill-Green-gehoert-Designer-nennen-diesen-trendigen.jpg","type":"image\/jpeg"}],"author":"Robert Hoffmann","twitter_card":"summary_large_image","twitter_misc":{"Verfasst von":"Robert Hoffmann","Gesch\u00e4tzte Lesezeit":"5\u00a0Minuten"},"schema":{"@context":"https:\/\/schema.org","@graph":[{"@type":"Article","@id":"https:\/\/www.strassenweb.de\/nachrichten\/hast-du-von-dill-green-gehoert-designer-nennen-diesen-trendigen-gruenen-natur-ist-neutral-und-es-ist-ueberraschend-einfach-zu-bedienen\/#article","isPartOf":{"@id":"https:\/\/www.strassenweb.de\/nachrichten\/hast-du-von-dill-green-gehoert-designer-nennen-diesen-trendigen-gruenen-natur-ist-neutral-und-es-ist-ueberraschend-einfach-zu-bedienen\/"},"author":{"name":"Robert Hoffmann","@id":"https:\/\/www.strassenweb.de\/nachrichten\/#\/schema\/person\/87c9c9067f1211da429a744dc5a5aa41"},"headline":"Hast du von Dill Green geh\u00f6rt? Designer nennen diesen trendigen gr\u00fcnen &#8222;Natur ist neutral&#8220; und es ist \u00fcberraschend einfach zu bedienen","datePublished":"2025-08-24T14:43:10+00:00","dateModified":"2025-08-24T14:43:11+00:00","mainEntityOfPage":{"@id":"https:\/\/www.strassenweb.de\/nachrichten\/hast-du-von-dill-green-gehoert-designer-nennen-diesen-trendigen-gruenen-natur-ist-neutral-und-es-ist-ueberraschend-einfach-zu-bedienen\/"},"wordCount":1105,"publisher":{"@id":"https:\/\/www.strassenweb.de\/nachrichten\/#organization"},"image":{"@id":"https:\/\/www.strassenweb.de\/nachrichten\/hast-du-von-dill-green-gehoert-designer-nennen-diesen-trendigen-gruenen-natur-ist-neutral-und-es-ist-ueberraschend-einfach-zu-bedienen\/#primaryimage"},"thumbnailUrl":"https:\/\/www.strassenweb.de\/nachrichten\/wp-content\/uploads\/2025\/08\/Hast-du-von-Dill-Green-gehoert-Designer-nennen-diesen-trendigen.jpg","keywords":["bedienen","Designer","diesen","Dill","einfach","geh\u00f6rt","Green","gr\u00fcnen","Hast","ist","Natur","nennen","neutral","trendigen","\u00fcberraschend","und","von"],"articleSection":["Haus &amp; Garten"],"inLanguage":"de"},{"@type":"WebPage","@id":"https:\/\/www.strassenweb.de\/nachrichten\/hast-du-von-dill-green-gehoert-designer-nennen-diesen-trendigen-gruenen-natur-ist-neutral-und-es-ist-ueberraschend-einfach-zu-bedienen\/","url":"https:\/\/www.strassenweb.de\/nachrichten\/hast-du-von-dill-green-gehoert-designer-nennen-diesen-trendigen-gruenen-natur-ist-neutral-und-es-ist-ueberraschend-einfach-zu-bedienen\/","name":"Hast du von Dill Green geh\u00f6rt? Designer nennen diesen trendigen gr\u00fcnen \"Natur ist neutral\" und es ist \u00fcberraschend einfach zu bedienen - Nachrichten - Stra\u00dfenweb","isPartOf":{"@id":"https:\/\/www.strassenweb.de\/nachrichten\/#website"},"primaryImageOfPage":{"@id":"https:\/\/www.strassenweb.de\/nachrichten\/hast-du-von-dill-green-gehoert-designer-nennen-diesen-trendigen-gruenen-natur-ist-neutral-und-es-ist-ueberraschend-einfach-zu-bedienen\/#primaryimage"},"image":{"@id":"https:\/\/www.strassenweb.de\/nachrichten\/hast-du-von-dill-green-gehoert-designer-nennen-diesen-trendigen-gruenen-natur-ist-neutral-und-es-ist-ueberraschend-einfach-zu-bedienen\/#primaryimage"},"thumbnailUrl":"https:\/\/www.strassenweb.de\/nachrichten\/wp-content\/uploads\/2025\/08\/Hast-du-von-Dill-Green-gehoert-Designer-nennen-diesen-trendigen.jpg","datePublished":"2025-08-24T14:43:10+00:00","dateModified":"2025-08-24T14:43:11+00:00","breadcrumb":{"@id":"https:\/\/www.strassenweb.de\/nachrichten\/hast-du-von-dill-green-gehoert-designer-nennen-diesen-trendigen-gruenen-natur-ist-neutral-und-es-ist-ueberraschend-einfach-zu-bedienen\/#breadcrumb"},"inLanguage":"de","potentialAction":[{"@type":"ReadAction","target":["https:\/\/www.strassenweb.de\/nachrichten\/hast-du-von-dill-green-gehoert-designer-nennen-diesen-trendigen-gruenen-natur-ist-neutral-und-es-ist-ueberraschend-einfach-zu-bedienen\/"]}]},{"@type":"ImageObject","inLanguage":"de","@id":"https:\/\/www.strassenweb.de\/nachrichten\/hast-du-von-dill-green-gehoert-designer-nennen-diesen-trendigen-gruenen-natur-ist-neutral-und-es-ist-ueberraschend-einfach-zu-bedienen\/#primaryimage","url":"https:\/\/www.strassenweb.de\/nachrichten\/wp-content\/uploads\/2025\/08\/Hast-du-von-Dill-Green-gehoert-Designer-nennen-diesen-trendigen.jpg","contentUrl":"https:\/\/www.strassenweb.de\/nachrichten\/wp-content\/uploads\/2025\/08\/Hast-du-von-Dill-Green-gehoert-Designer-nennen-diesen-trendigen.jpg","width":1600,"height":900,"caption":"Living room with green painted ceiling and wall, open shelving, wallpaper mural, green rug and large U-shaped brown sofa with modern armchair and two ornate iron side tables"},{"@type":"BreadcrumbList","@id":"https:\/\/www.strassenweb.de\/nachrichten\/hast-du-von-dill-green-gehoert-designer-nennen-diesen-trendigen-gruenen-natur-ist-neutral-und-es-ist-ueberraschend-einfach-zu-bedienen\/#breadcrumb","itemListElement":[{"@type":"ListItem","position":1,"name":"Home","item":"https:\/\/www.strassenweb.de\/nachrichten\/"},{"@type":"ListItem","position":2,"name":"Hast du von Dill Green geh\u00f6rt? Designer nennen diesen trendigen gr\u00fcnen &#8222;Natur ist neutral&#8220; und es ist \u00fcberraschend einfach zu bedienen"}]},{"@type":"WebSite","@id":"https:\/\/www.strassenweb.de\/nachrichten\/#website","url":"https:\/\/www.strassenweb.de\/nachrichten\/","name":"Stra\u00dfenweb","description":"Stra\u00dfenverzeichnis f\u00fcr Deutschland","publisher":{"@id":"https:\/\/www.strassenweb.de\/nachrichten\/#organization"},"potentialAction":[{"@type":"SearchAction","target":{"@type":"EntryPoint","urlTemplate":"https:\/\/www.strassenweb.de\/nachrichten\/?s={search_term_string}"},"query-input":{"@type":"PropertyValueSpecification","valueRequired":true,"valueName":"search_term_string"}}],"inLanguage":"de"},{"@type":"Organization","@id":"https:\/\/www.strassenweb.de\/nachrichten\/#organization","name":"Stra\u00dfenweb","url":"https:\/\/www.strassenweb.de\/nachrichten\/","logo":{"@type":"ImageObject","inLanguage":"de","@id":"https:\/\/www.strassenweb.de\/nachrichten\/#\/schema\/logo\/image\/","url":"https:\/\/www.strassenweb.de\/nachrichten\/wp-content\/uploads\/2024\/09\/cropped-favicon.png","contentUrl":"https:\/\/www.strassenweb.de\/nachrichten\/wp-content\/uploads\/2024\/09\/cropped-favicon.png","width":512,"height":512,"caption":"Stra\u00dfenweb"},"image":{"@id":"https:\/\/www.strassenweb.de\/nachrichten\/#\/schema\/logo\/image\/"},"sameAs":["https:\/\/www.facebook.com\/strassenweb\/"]},{"@type":"Person","@id":"https:\/\/www.strassenweb.de\/nachrichten\/#\/schema\/person\/87c9c9067f1211da429a744dc5a5aa41","name":"Robert Hoffmann","image":{"@type":"ImageObject","inLanguage":"de","@id":"https:\/\/www.strassenweb.de\/nachrichten\/wp-content\/uploads\/2024\/09\/strassenweb-150x150.jpg","url":"https:\/\/www.strassenweb.de\/nachrichten\/wp-content\/uploads\/2024\/09\/strassenweb-150x150.jpg","contentUrl":"https:\/\/www.strassenweb.de\/nachrichten\/wp-content\/uploads\/2024\/09\/strassenweb-150x150.jpg","caption":"Robert Hoffmann"},"description":"Ich hei\u00dfe Robert Hoffmann und ich bin ein leidenschaftlicher Verfechter von \u00d6kologie und Biodiversit\u00e4t. Seit meiner Kindheit in den W\u00e4ldern Bayerns f\u00fchle ich mich mit der Natur verbunden und bin entschlossen, sie zu sch\u00fctzen. Heute widme ich mein Leben der Sensibilisierung anderer f\u00fcr die Bedeutung des Umweltschutzes f\u00fcr zuk\u00fcnftige Generationen.","sameAs":["https:\/\/www.strassenweb.de\/"]}]}},"_links":{"self":[{"href":"https:\/\/www.strassenweb.de\/nachrichten\/wp-json\/wp\/v2\/posts\/7193","targetHints":{"allow":["GET"]}}],"collection":[{"href":"https:\/\/www.strassenweb.de\/nachrichten\/wp-json\/wp\/v2\/posts"}],"about":[{"href":"https:\/\/www.strassenweb.de\/nachrichten\/wp-json\/wp\/v2\/types\/post"}],"author":[{"embeddable":true,"href":"https:\/\/www.strassenweb.de\/nachrichten\/wp-json\/wp\/v2\/users\/1"}],"replies":[{"embeddable":true,"href":"https:\/\/www.strassenweb.de\/nachrichten\/wp-json\/wp\/v2\/comments?post=7193"}],"version-history":[{"count":0,"href":"https:\/\/www.strassenweb.de\/nachrichten\/wp-json\/wp\/v2\/posts\/7193\/revisions"}],"wp:featuredmedia":[{"embeddable":true,"href":"https:\/\/www.strassenweb.de\/nachrichten\/wp-json\/wp\/v2\/media\/7194"}],"wp:attachment":[{"href":"https:\/\/www.strassenweb.de\/nachrichten\/wp-json\/wp\/v2\/media?parent=7193"}],"wp:term":[{"taxonomy":"category","embeddable":true,"href":"https:\/\/www.strassenweb.de\/nachrichten\/wp-json\/wp\/v2\/categories?post=7193"},{"taxonomy":"post_tag","embeddable":true,"href":"https:\/\/www.strassenweb.de\/nachrichten\/wp-json\/wp\/v2\/tags?post=7193"}],"curies":[{"name":"wp","href":"https:\/\/api.w.org\/{rel}","templated":true}]}}