{"id":7173,"date":"2025-08-23T20:02:07","date_gmt":"2025-08-23T18:02:07","guid":{"rendered":"https:\/\/www.strassenweb.de\/nachrichten\/designer-sagen-es-gibt-einen-grund-warum-schwarzweiss-die-ultimate-kitchen-color-story-ist-die-antwort-lautet-in-serena-williams-ultra-schicker-raum\/"},"modified":"2025-08-23T20:02:08","modified_gmt":"2025-08-23T18:02:08","slug":"designer-sagen-es-gibt-einen-grund-warum-schwarzweiss-die-ultimate-kitchen-color-story-ist-die-antwort-lautet-in-serena-williams-ultra-schicker-raum","status":"publish","type":"post","link":"https:\/\/www.strassenweb.de\/nachrichten\/designer-sagen-es-gibt-einen-grund-warum-schwarzweiss-die-ultimate-kitchen-color-story-ist-die-antwort-lautet-in-serena-williams-ultra-schicker-raum\/","title":{"rendered":"Designer sagen, es gibt einen Grund, warum Schwarzwei\u00df die &#8222;Ultimate Kitchen Color Story&#8220; ist &#8211; die Antwort lautet in Serena Williams &#8218;ultra -schicker Raum"},"content":{"rendered":"<p><\/p>\n<div id=\"article-body\" class=\"article__body \">\n<p id=\"7e6d04fc-3deb-40d2-b18c-ce6860b99c6b\">Wenn Sie einen Designer fragen, welche Farbkombination die F\u00e4higkeit zur \u00dcbertragung der K\u00fcchentrends hat, wird Schwarz und Wei\u00df wahrscheinlich die Nase vorn haben. In der Tat gehen einige Designer so weit, es als &#8222;Ultimate Kitchen Color Story&#8220; zu bezeichnen, und ein Blick auf den Raum von Serena Williams macht es klar, zu verstehen, warum.<\/p>\n<div id=\"ad-unit-1\" class=\"ad-unit\"><\/div>\n<p>Der Tennisstar arbeitete mit ihrer Schwester Venus Williams und ihrer Innenarchitektur V Starr zusammen, um eine K\u00fcche zu kreieren, die die ultimative Farbkombination huldigt. Ihre einzigartig geformte Insel- und Gold -Wei\u00df -Backsplash -Kontraste kontrastieren ihre schwarzen Ger\u00e4te (entworfen von Officine Gullo, nicht weniger).<\/p>\n<aside data-block-type=\"embed\" data-render-type=\"fte\" data-skip=\"dealsy\" data-widget-type=\"seasonal\" class=\"hawk-base\"><\/aside>\n<p id=\"7e6d04fc-3deb-40d2-b18c-ce6860b99c6b-2\">Wenn Sie nach schwarzen und wei\u00dfen K\u00fcchenideen suchen, ist dieses Layout der perfekte Ausgangspunkt. Die wei\u00dfen Elemente dienen als unglaubliche Basis f\u00fcr die schwarzen Ger\u00e4te und erm\u00f6glichen es ihnen, eine Aussage auf eine Weise abzugeben, die sich gut kuratiert und immer raffiniert anf\u00fchlt.<\/p>\n<div class=\"van_vid_carousel\">\n<div class=\"van_vid_carousel__padding\">\n<div class=\"van_vid_carousel__container\"><\/div>\n<\/div>\n<\/div>\n<div class=\"instagram-embed\" id=\"CkZO3--rSTM\">\n<blockquote class=\"instagram-media\" data-instgrm-captioned data-instgrm-version=\"6\" style=\"width:99.375%; width:-webkit-calc(100% - 2px); width:calc(100% - 2px);\">\n<p>Ein Beitrag von Serena Williams (@Serenawilliams) geteilt<\/p>\n<p>Ein Foto von on <\/p>\n<\/blockquote>\n<\/div>\n<h2 id=\"shop-the-black-and-white-kitchen-edit-3\">Kaufen Sie die Schwarz -Wei\u00df -K\u00fcche ein. Bearbeiten Sie<\/h2>\n<p id=\"0d12ada8-31cf-4147-bdfa-ab4e5d42c759\">Sie m\u00fcssen nicht in eine neue K\u00fccheninsel investieren oder Ihre Schr\u00e4nke malen, um die Schwarz -Wei\u00df -\u00c4sthetik zu nutzen.<\/p>\n<div id=\"ad-unit-2\" class=\"ad-unit\"><\/div>\n<div class=\"product-container hero-product-container product-block-no-wrap\">\n<div class=\"product-block-row\"><\/div>\n<div class=\"product-block-row\"><\/div>\n<div class=\"product-block-row\"><\/div>\n<\/div>\n<p id=\"97102503-2e09-49b5-8827-e4f4bf2746d0\">\u201eEs gibt einen Grund, warum Schwarz und Wei\u00df die ultimative K\u00fcchenfarbengeschichte aush\u00e4lt. Ich verehre eine schwarze Reichweite gegen creme wei\u00dfe Schr\u00e4nke, die durch die Eleganz einer Marmor -Arbeitsplatte erhoben wird. Es ist in einer K\u00fcche so zeitlos wichtig als in einem anderen Raum des Hauses, in dem Best\u00e4ndigkeit und Langlebigkeit Teil der Designgleichung sind \u201c, kommentiert Cyndy Cantley, Mitbegr\u00fcnder von Cantley &#038; Company.<\/p>\n<p>&#8222;Das Ergebnis ist eine K\u00fcche, die sich in der Tradition und doch endlos schick anf\u00fchlt.&#8220;<\/p>\n<p>Mit dieser Farbkombination gibt es kein Recht oder Unrecht. Sie k\u00f6nnen Serenas F\u00fchrung folgen, indem Sie eine wei\u00dfe Insel und eine Backsplash mit dunkleren Ger\u00e4ten kombinieren oder sich f\u00fcr Schr\u00e4nke entscheiden, wie Cyndy erkl\u00e4rt. Solange die Farben zusammen existieren, werden sie in Harmonie tun.<\/p>\n<div id=\"slice-container-newsletterForm-articleInbodyContent-MeSFPYVaG3hAQejtSzgAQN\" class=\"slice-container newsletter-inbodyContent-slice newsletterForm-articleInbodyContent-MeSFPYVaG3hAQejtSzgAQN slice-container-newsletterForm\"><\/div>\n<p>&#8222;Es geht nicht darum, Trends zu verfolgen, sondern darum, einen Raum zu schaffen, der sich in zehn Jahren genauso stilvoll anf\u00fchlen wird wie heute&#8220;, sagt Cyndy.<\/p>\n<div class=\"instagram-embed\" id=\"CkZPOnQgdee\">\n<blockquote class=\"instagram-media\" data-instgrm-captioned data-instgrm-version=\"6\" style=\"width:99.375%; width:-webkit-calc(100% - 2px); width:calc(100% - 2px);\">\n<p>Ein Beitrag von Serena Williams (@Serenawilliams) geteilt<\/p>\n<p>Ein Foto von on <\/p>\n<\/blockquote>\n<\/div>\n<p id=\"f99c4330-dca7-45b1-9532-32f9c63c34b3\">John Starck, Designer bei Showcase Kitchens, stimmt zu. Er betont die Zeitlosigkeit der Paarung und bemerkt, wie sie sich in H\u00e4user aller Gr\u00f6\u00dfen \u00fcbersetzen wird (weil wir schlie\u00dflich nicht alle wie Serena leben k\u00f6nnen).<\/p>\n<p>&#8218;Nur wenige Paletten sind so zeitlos oder vielseitig wie schwarz und wei\u00df. Die starke Paarung kann eine Vielzahl von Stilen erreichen, von minimalistisch bis dramatisch, und kann R\u00e4ume sowohl raffiniert als auch einladend anf\u00fchlen \u201c, sagt er.<\/p>\n<p>&#8218;Im K\u00fcchendesign kann es als Grundlage f\u00fcr die klassische, alter wei\u00dfe K\u00fcche dienen und gleichzeitig eine Vielzahl von auff\u00e4lligen Wendungen erm\u00f6glichen. Viel Spa\u00df mit den umgekehrten Farbt\u00f6nen. Der Kontrast kann architektonische Details hervorheben, Oberfl\u00e4chen definieren oder einen Aufprall mit Zubeh\u00f6r hinzuf\u00fcgen. &#8218;<\/p>\n<div class=\"min-h-(270px) mb-4 viafoura-twig-component\" id=\"viafoura-engagement-starter-wrapper\" data-component-name=\"Elk:Embed:EngagementStarter\">\n<div class=\"viafoura\">\n<div>\n<vf-conversation-starter target=\"viafoura-comments\" title=\"Do you have a black and white kitchen?\" minimum-comment-count=\"1\"><br \/>\n<\/vf-conversation-starter>\n<\/div>\n<\/div>\n<\/div>\n<hr id=\"71523359-c2ba-4952-9556-c546f3eeab14\">\n<\/div>\n<p><script async src=\"\/\/www.instagram.com\/embed.js\"><\/script><\/p>\n","protected":false},"excerpt":{"rendered":"<p>Wenn Sie einen Designer fragen, welche Farbkombination die F\u00e4higkeit zur \u00dcbertragung der K\u00fcchentrends hat, wird Schwarz und Wei\u00df wahrscheinlich die Nase vorn haben. In der<\/p>\n","protected":false},"author":1,"featured_media":7174,"comment_status":"closed","ping_status":"","sticky":false,"template":"","format":"standard","meta":{"footnotes":""},"categories":[118],"tags":[1892,4797,216,9,166,53,458,15,5255,9620,182,284,4564,9618,4026,9619,5443,6834,744,4027],"class_list":["post-7173","post","type-post","status-publish","format-standard","has-post-thumbnail","hentry","category-haus-garten","tag-antwort","tag-color","tag-designer","tag-die","tag-einen","tag-gibt","tag-grund","tag-ist","tag-kitchen","tag-lautet","tag-raum","tag-sagen","tag-schicker","tag-schwarzweiss","tag-serena","tag-story","tag-ultimate","tag-ultra","tag-warum","tag-williams","generate-columns","tablet-grid-50","mobile-grid-100","grid-parent","grid-50"],"yoast_head":"<!-- This site is optimized with the Yoast SEO plugin v27.3 - https:\/\/yoast.com\/product\/yoast-seo-wordpress\/ -->\n<title>Designer sagen, es gibt einen Grund, warum Schwarzwei\u00df die &quot;Ultimate Kitchen Color Story&quot; ist - die Antwort lautet in Serena Williams &#039;ultra -schicker Raum - Nachrichten - Stra\u00dfenweb<\/title>\n<meta name=\"robots\" content=\"index, follow, max-snippet:-1, max-image-preview:large, max-video-preview:-1\" \/>\n<link rel=\"canonical\" href=\"https:\/\/www.strassenweb.de\/nachrichten\/designer-sagen-es-gibt-einen-grund-warum-schwarzweiss-die-ultimate-kitchen-color-story-ist-die-antwort-lautet-in-serena-williams-ultra-schicker-raum\/\" \/>\n<meta property=\"og:locale\" content=\"de_DE\" \/>\n<meta property=\"og:type\" content=\"article\" \/>\n<meta property=\"og:title\" content=\"Designer sagen, es gibt einen Grund, warum Schwarzwei\u00df die &quot;Ultimate Kitchen Color Story&quot; ist - die Antwort lautet in Serena Williams &#039;ultra -schicker Raum - Nachrichten - Stra\u00dfenweb\" \/>\n<meta property=\"og:description\" content=\"Wenn Sie einen Designer fragen, welche Farbkombination die F\u00e4higkeit zur \u00dcbertragung der K\u00fcchentrends hat, wird Schwarz und Wei\u00df wahrscheinlich die Nase vorn haben. In der\" \/>\n<meta property=\"og:url\" content=\"https:\/\/www.strassenweb.de\/nachrichten\/designer-sagen-es-gibt-einen-grund-warum-schwarzweiss-die-ultimate-kitchen-color-story-ist-die-antwort-lautet-in-serena-williams-ultra-schicker-raum\/\" \/>\n<meta property=\"og:site_name\" content=\"Stra\u00dfenweb\" \/>\n<meta property=\"article:publisher\" content=\"https:\/\/www.facebook.com\/strassenweb\/\" \/>\n<meta property=\"article:published_time\" content=\"2025-08-23T18:02:07+00:00\" \/>\n<meta property=\"article:modified_time\" content=\"2025-08-23T18:02:08+00:00\" \/>\n<meta property=\"og:image\" content=\"https:\/\/www.strassenweb.de\/nachrichten\/wp-content\/uploads\/2025\/08\/Designer-sagen-es-gibt-einen-Grund-warum-Schwarzweiss-die-Ultimate.jpg\" \/>\n\t<meta property=\"og:image:width\" content=\"1600\" \/>\n\t<meta property=\"og:image:height\" content=\"900\" \/>\n\t<meta property=\"og:image:type\" content=\"image\/jpeg\" \/>\n<meta name=\"author\" content=\"Robert Hoffmann\" \/>\n<meta name=\"twitter:card\" content=\"summary_large_image\" \/>\n<meta name=\"twitter:label1\" content=\"Verfasst von\" \/>\n\t<meta name=\"twitter:data1\" content=\"Robert Hoffmann\" \/>\n\t<meta name=\"twitter:label2\" content=\"Gesch\u00e4tzte Lesezeit\" \/>\n\t<meta name=\"twitter:data2\" content=\"2\u00a0Minuten\" \/>\n<script type=\"application\/ld+json\" class=\"yoast-schema-graph\">{\"@context\":\"https:\\\/\\\/schema.org\",\"@graph\":[{\"@type\":\"Article\",\"@id\":\"https:\\\/\\\/www.strassenweb.de\\\/nachrichten\\\/designer-sagen-es-gibt-einen-grund-warum-schwarzweiss-die-ultimate-kitchen-color-story-ist-die-antwort-lautet-in-serena-williams-ultra-schicker-raum\\\/#article\",\"isPartOf\":{\"@id\":\"https:\\\/\\\/www.strassenweb.de\\\/nachrichten\\\/designer-sagen-es-gibt-einen-grund-warum-schwarzweiss-die-ultimate-kitchen-color-story-ist-die-antwort-lautet-in-serena-williams-ultra-schicker-raum\\\/\"},\"author\":{\"name\":\"Robert Hoffmann\",\"@id\":\"https:\\\/\\\/www.strassenweb.de\\\/nachrichten\\\/#\\\/schema\\\/person\\\/87c9c9067f1211da429a744dc5a5aa41\"},\"headline\":\"Designer sagen, es gibt einen Grund, warum Schwarzwei\u00df die &#8222;Ultimate Kitchen Color Story&#8220; ist &#8211; die Antwort lautet in Serena Williams &#8218;ultra -schicker Raum\",\"datePublished\":\"2025-08-23T18:02:07+00:00\",\"dateModified\":\"2025-08-23T18:02:08+00:00\",\"mainEntityOfPage\":{\"@id\":\"https:\\\/\\\/www.strassenweb.de\\\/nachrichten\\\/designer-sagen-es-gibt-einen-grund-warum-schwarzweiss-die-ultimate-kitchen-color-story-ist-die-antwort-lautet-in-serena-williams-ultra-schicker-raum\\\/\"},\"wordCount\":520,\"publisher\":{\"@id\":\"https:\\\/\\\/www.strassenweb.de\\\/nachrichten\\\/#organization\"},\"image\":{\"@id\":\"https:\\\/\\\/www.strassenweb.de\\\/nachrichten\\\/designer-sagen-es-gibt-einen-grund-warum-schwarzweiss-die-ultimate-kitchen-color-story-ist-die-antwort-lautet-in-serena-williams-ultra-schicker-raum\\\/#primaryimage\"},\"thumbnailUrl\":\"https:\\\/\\\/www.strassenweb.de\\\/nachrichten\\\/wp-content\\\/uploads\\\/2025\\\/08\\\/Designer-sagen-es-gibt-einen-Grund-warum-Schwarzweiss-die-Ultimate.jpg\",\"keywords\":[\"Antwort\",\"Color\",\"Designer\",\"die\",\"einen\",\"gibt\",\"Grund\",\"ist\",\"Kitchen\",\"lautet\",\"Raum\",\"sagen\",\"schicker\",\"Schwarzwei\u00df\",\"Serena\",\"Story\",\"ultimate\",\"Ultra\",\"warum\",\"Williams\"],\"articleSection\":[\"Haus &amp; Garten\"],\"inLanguage\":\"de\"},{\"@type\":\"WebPage\",\"@id\":\"https:\\\/\\\/www.strassenweb.de\\\/nachrichten\\\/designer-sagen-es-gibt-einen-grund-warum-schwarzweiss-die-ultimate-kitchen-color-story-ist-die-antwort-lautet-in-serena-williams-ultra-schicker-raum\\\/\",\"url\":\"https:\\\/\\\/www.strassenweb.de\\\/nachrichten\\\/designer-sagen-es-gibt-einen-grund-warum-schwarzweiss-die-ultimate-kitchen-color-story-ist-die-antwort-lautet-in-serena-williams-ultra-schicker-raum\\\/\",\"name\":\"Designer sagen, es gibt einen Grund, warum Schwarzwei\u00df die \\\"Ultimate Kitchen Color Story\\\" ist - die Antwort lautet in Serena Williams 'ultra -schicker Raum - Nachrichten - Stra\u00dfenweb\",\"isPartOf\":{\"@id\":\"https:\\\/\\\/www.strassenweb.de\\\/nachrichten\\\/#website\"},\"primaryImageOfPage\":{\"@id\":\"https:\\\/\\\/www.strassenweb.de\\\/nachrichten\\\/designer-sagen-es-gibt-einen-grund-warum-schwarzweiss-die-ultimate-kitchen-color-story-ist-die-antwort-lautet-in-serena-williams-ultra-schicker-raum\\\/#primaryimage\"},\"image\":{\"@id\":\"https:\\\/\\\/www.strassenweb.de\\\/nachrichten\\\/designer-sagen-es-gibt-einen-grund-warum-schwarzweiss-die-ultimate-kitchen-color-story-ist-die-antwort-lautet-in-serena-williams-ultra-schicker-raum\\\/#primaryimage\"},\"thumbnailUrl\":\"https:\\\/\\\/www.strassenweb.de\\\/nachrichten\\\/wp-content\\\/uploads\\\/2025\\\/08\\\/Designer-sagen-es-gibt-einen-Grund-warum-Schwarzweiss-die-Ultimate.jpg\",\"datePublished\":\"2025-08-23T18:02:07+00:00\",\"dateModified\":\"2025-08-23T18:02:08+00:00\",\"breadcrumb\":{\"@id\":\"https:\\\/\\\/www.strassenweb.de\\\/nachrichten\\\/designer-sagen-es-gibt-einen-grund-warum-schwarzweiss-die-ultimate-kitchen-color-story-ist-die-antwort-lautet-in-serena-williams-ultra-schicker-raum\\\/#breadcrumb\"},\"inLanguage\":\"de\",\"potentialAction\":[{\"@type\":\"ReadAction\",\"target\":[\"https:\\\/\\\/www.strassenweb.de\\\/nachrichten\\\/designer-sagen-es-gibt-einen-grund-warum-schwarzweiss-die-ultimate-kitchen-color-story-ist-die-antwort-lautet-in-serena-williams-ultra-schicker-raum\\\/\"]}]},{\"@type\":\"ImageObject\",\"inLanguage\":\"de\",\"@id\":\"https:\\\/\\\/www.strassenweb.de\\\/nachrichten\\\/designer-sagen-es-gibt-einen-grund-warum-schwarzweiss-die-ultimate-kitchen-color-story-ist-die-antwort-lautet-in-serena-williams-ultra-schicker-raum\\\/#primaryimage\",\"url\":\"https:\\\/\\\/www.strassenweb.de\\\/nachrichten\\\/wp-content\\\/uploads\\\/2025\\\/08\\\/Designer-sagen-es-gibt-einen-Grund-warum-Schwarzweiss-die-Ultimate.jpg\",\"contentUrl\":\"https:\\\/\\\/www.strassenweb.de\\\/nachrichten\\\/wp-content\\\/uploads\\\/2025\\\/08\\\/Designer-sagen-es-gibt-einen-Grund-warum-Schwarzweiss-die-Ultimate.jpg\",\"width\":1600,\"height\":900,\"caption\":\"Serena Williams\"},{\"@type\":\"BreadcrumbList\",\"@id\":\"https:\\\/\\\/www.strassenweb.de\\\/nachrichten\\\/designer-sagen-es-gibt-einen-grund-warum-schwarzweiss-die-ultimate-kitchen-color-story-ist-die-antwort-lautet-in-serena-williams-ultra-schicker-raum\\\/#breadcrumb\",\"itemListElement\":[{\"@type\":\"ListItem\",\"position\":1,\"name\":\"Home\",\"item\":\"https:\\\/\\\/www.strassenweb.de\\\/nachrichten\\\/\"},{\"@type\":\"ListItem\",\"position\":2,\"name\":\"Designer sagen, es gibt einen Grund, warum Schwarzwei\u00df die &#8222;Ultimate Kitchen Color Story&#8220; ist &#8211; die Antwort lautet in Serena Williams &#8218;ultra -schicker Raum\"}]},{\"@type\":\"WebSite\",\"@id\":\"https:\\\/\\\/www.strassenweb.de\\\/nachrichten\\\/#website\",\"url\":\"https:\\\/\\\/www.strassenweb.de\\\/nachrichten\\\/\",\"name\":\"Stra\u00dfenweb\",\"description\":\"Stra\u00dfenverzeichnis f\u00fcr Deutschland\",\"publisher\":{\"@id\":\"https:\\\/\\\/www.strassenweb.de\\\/nachrichten\\\/#organization\"},\"potentialAction\":[{\"@type\":\"SearchAction\",\"target\":{\"@type\":\"EntryPoint\",\"urlTemplate\":\"https:\\\/\\\/www.strassenweb.de\\\/nachrichten\\\/?s={search_term_string}\"},\"query-input\":{\"@type\":\"PropertyValueSpecification\",\"valueRequired\":true,\"valueName\":\"search_term_string\"}}],\"inLanguage\":\"de\"},{\"@type\":\"Organization\",\"@id\":\"https:\\\/\\\/www.strassenweb.de\\\/nachrichten\\\/#organization\",\"name\":\"Stra\u00dfenweb\",\"url\":\"https:\\\/\\\/www.strassenweb.de\\\/nachrichten\\\/\",\"logo\":{\"@type\":\"ImageObject\",\"inLanguage\":\"de\",\"@id\":\"https:\\\/\\\/www.strassenweb.de\\\/nachrichten\\\/#\\\/schema\\\/logo\\\/image\\\/\",\"url\":\"https:\\\/\\\/www.strassenweb.de\\\/nachrichten\\\/wp-content\\\/uploads\\\/2024\\\/09\\\/cropped-favicon.png\",\"contentUrl\":\"https:\\\/\\\/www.strassenweb.de\\\/nachrichten\\\/wp-content\\\/uploads\\\/2024\\\/09\\\/cropped-favicon.png\",\"width\":512,\"height\":512,\"caption\":\"Stra\u00dfenweb\"},\"image\":{\"@id\":\"https:\\\/\\\/www.strassenweb.de\\\/nachrichten\\\/#\\\/schema\\\/logo\\\/image\\\/\"},\"sameAs\":[\"https:\\\/\\\/www.facebook.com\\\/strassenweb\\\/\"]},{\"@type\":\"Person\",\"@id\":\"https:\\\/\\\/www.strassenweb.de\\\/nachrichten\\\/#\\\/schema\\\/person\\\/87c9c9067f1211da429a744dc5a5aa41\",\"name\":\"Robert Hoffmann\",\"image\":{\"@type\":\"ImageObject\",\"inLanguage\":\"de\",\"@id\":\"https:\\\/\\\/www.strassenweb.de\\\/nachrichten\\\/wp-content\\\/uploads\\\/2024\\\/09\\\/strassenweb-150x150.jpg\",\"url\":\"https:\\\/\\\/www.strassenweb.de\\\/nachrichten\\\/wp-content\\\/uploads\\\/2024\\\/09\\\/strassenweb-150x150.jpg\",\"contentUrl\":\"https:\\\/\\\/www.strassenweb.de\\\/nachrichten\\\/wp-content\\\/uploads\\\/2024\\\/09\\\/strassenweb-150x150.jpg\",\"caption\":\"Robert Hoffmann\"},\"description\":\"Ich hei\u00dfe Robert Hoffmann und ich bin ein leidenschaftlicher Verfechter von \u00d6kologie und Biodiversit\u00e4t. Seit meiner Kindheit in den W\u00e4ldern Bayerns f\u00fchle ich mich mit der Natur verbunden und bin entschlossen, sie zu sch\u00fctzen. Heute widme ich mein Leben der Sensibilisierung anderer f\u00fcr die Bedeutung des Umweltschutzes f\u00fcr zuk\u00fcnftige Generationen.\",\"sameAs\":[\"https:\\\/\\\/www.strassenweb.de\\\/\"]}]}<\/script>\n<!-- \/ Yoast SEO plugin. -->","yoast_head_json":{"title":"Designer sagen, es gibt einen Grund, warum Schwarzwei\u00df die \"Ultimate Kitchen Color Story\" ist - die Antwort lautet in Serena Williams 'ultra -schicker Raum - Nachrichten - Stra\u00dfenweb","robots":{"index":"index","follow":"follow","max-snippet":"max-snippet:-1","max-image-preview":"max-image-preview:large","max-video-preview":"max-video-preview:-1"},"canonical":"https:\/\/www.strassenweb.de\/nachrichten\/designer-sagen-es-gibt-einen-grund-warum-schwarzweiss-die-ultimate-kitchen-color-story-ist-die-antwort-lautet-in-serena-williams-ultra-schicker-raum\/","og_locale":"de_DE","og_type":"article","og_title":"Designer sagen, es gibt einen Grund, warum Schwarzwei\u00df die \"Ultimate Kitchen Color Story\" ist - die Antwort lautet in Serena Williams 'ultra -schicker Raum - Nachrichten - Stra\u00dfenweb","og_description":"Wenn Sie einen Designer fragen, welche Farbkombination die F\u00e4higkeit zur \u00dcbertragung der K\u00fcchentrends hat, wird Schwarz und Wei\u00df wahrscheinlich die Nase vorn haben. In der","og_url":"https:\/\/www.strassenweb.de\/nachrichten\/designer-sagen-es-gibt-einen-grund-warum-schwarzweiss-die-ultimate-kitchen-color-story-ist-die-antwort-lautet-in-serena-williams-ultra-schicker-raum\/","og_site_name":"Stra\u00dfenweb","article_publisher":"https:\/\/www.facebook.com\/strassenweb\/","article_published_time":"2025-08-23T18:02:07+00:00","article_modified_time":"2025-08-23T18:02:08+00:00","og_image":[{"width":1600,"height":900,"url":"https:\/\/www.strassenweb.de\/nachrichten\/wp-content\/uploads\/2025\/08\/Designer-sagen-es-gibt-einen-Grund-warum-Schwarzweiss-die-Ultimate.jpg","type":"image\/jpeg"}],"author":"Robert Hoffmann","twitter_card":"summary_large_image","twitter_misc":{"Verfasst von":"Robert Hoffmann","Gesch\u00e4tzte Lesezeit":"2\u00a0Minuten"},"schema":{"@context":"https:\/\/schema.org","@graph":[{"@type":"Article","@id":"https:\/\/www.strassenweb.de\/nachrichten\/designer-sagen-es-gibt-einen-grund-warum-schwarzweiss-die-ultimate-kitchen-color-story-ist-die-antwort-lautet-in-serena-williams-ultra-schicker-raum\/#article","isPartOf":{"@id":"https:\/\/www.strassenweb.de\/nachrichten\/designer-sagen-es-gibt-einen-grund-warum-schwarzweiss-die-ultimate-kitchen-color-story-ist-die-antwort-lautet-in-serena-williams-ultra-schicker-raum\/"},"author":{"name":"Robert Hoffmann","@id":"https:\/\/www.strassenweb.de\/nachrichten\/#\/schema\/person\/87c9c9067f1211da429a744dc5a5aa41"},"headline":"Designer sagen, es gibt einen Grund, warum Schwarzwei\u00df die &#8222;Ultimate Kitchen Color Story&#8220; ist &#8211; die Antwort lautet in Serena Williams &#8218;ultra -schicker Raum","datePublished":"2025-08-23T18:02:07+00:00","dateModified":"2025-08-23T18:02:08+00:00","mainEntityOfPage":{"@id":"https:\/\/www.strassenweb.de\/nachrichten\/designer-sagen-es-gibt-einen-grund-warum-schwarzweiss-die-ultimate-kitchen-color-story-ist-die-antwort-lautet-in-serena-williams-ultra-schicker-raum\/"},"wordCount":520,"publisher":{"@id":"https:\/\/www.strassenweb.de\/nachrichten\/#organization"},"image":{"@id":"https:\/\/www.strassenweb.de\/nachrichten\/designer-sagen-es-gibt-einen-grund-warum-schwarzweiss-die-ultimate-kitchen-color-story-ist-die-antwort-lautet-in-serena-williams-ultra-schicker-raum\/#primaryimage"},"thumbnailUrl":"https:\/\/www.strassenweb.de\/nachrichten\/wp-content\/uploads\/2025\/08\/Designer-sagen-es-gibt-einen-Grund-warum-Schwarzweiss-die-Ultimate.jpg","keywords":["Antwort","Color","Designer","die","einen","gibt","Grund","ist","Kitchen","lautet","Raum","sagen","schicker","Schwarzwei\u00df","Serena","Story","ultimate","Ultra","warum","Williams"],"articleSection":["Haus &amp; Garten"],"inLanguage":"de"},{"@type":"WebPage","@id":"https:\/\/www.strassenweb.de\/nachrichten\/designer-sagen-es-gibt-einen-grund-warum-schwarzweiss-die-ultimate-kitchen-color-story-ist-die-antwort-lautet-in-serena-williams-ultra-schicker-raum\/","url":"https:\/\/www.strassenweb.de\/nachrichten\/designer-sagen-es-gibt-einen-grund-warum-schwarzweiss-die-ultimate-kitchen-color-story-ist-die-antwort-lautet-in-serena-williams-ultra-schicker-raum\/","name":"Designer sagen, es gibt einen Grund, warum Schwarzwei\u00df die \"Ultimate Kitchen Color Story\" ist - die Antwort lautet in Serena Williams 'ultra -schicker Raum - Nachrichten - Stra\u00dfenweb","isPartOf":{"@id":"https:\/\/www.strassenweb.de\/nachrichten\/#website"},"primaryImageOfPage":{"@id":"https:\/\/www.strassenweb.de\/nachrichten\/designer-sagen-es-gibt-einen-grund-warum-schwarzweiss-die-ultimate-kitchen-color-story-ist-die-antwort-lautet-in-serena-williams-ultra-schicker-raum\/#primaryimage"},"image":{"@id":"https:\/\/www.strassenweb.de\/nachrichten\/designer-sagen-es-gibt-einen-grund-warum-schwarzweiss-die-ultimate-kitchen-color-story-ist-die-antwort-lautet-in-serena-williams-ultra-schicker-raum\/#primaryimage"},"thumbnailUrl":"https:\/\/www.strassenweb.de\/nachrichten\/wp-content\/uploads\/2025\/08\/Designer-sagen-es-gibt-einen-Grund-warum-Schwarzweiss-die-Ultimate.jpg","datePublished":"2025-08-23T18:02:07+00:00","dateModified":"2025-08-23T18:02:08+00:00","breadcrumb":{"@id":"https:\/\/www.strassenweb.de\/nachrichten\/designer-sagen-es-gibt-einen-grund-warum-schwarzweiss-die-ultimate-kitchen-color-story-ist-die-antwort-lautet-in-serena-williams-ultra-schicker-raum\/#breadcrumb"},"inLanguage":"de","potentialAction":[{"@type":"ReadAction","target":["https:\/\/www.strassenweb.de\/nachrichten\/designer-sagen-es-gibt-einen-grund-warum-schwarzweiss-die-ultimate-kitchen-color-story-ist-die-antwort-lautet-in-serena-williams-ultra-schicker-raum\/"]}]},{"@type":"ImageObject","inLanguage":"de","@id":"https:\/\/www.strassenweb.de\/nachrichten\/designer-sagen-es-gibt-einen-grund-warum-schwarzweiss-die-ultimate-kitchen-color-story-ist-die-antwort-lautet-in-serena-williams-ultra-schicker-raum\/#primaryimage","url":"https:\/\/www.strassenweb.de\/nachrichten\/wp-content\/uploads\/2025\/08\/Designer-sagen-es-gibt-einen-Grund-warum-Schwarzweiss-die-Ultimate.jpg","contentUrl":"https:\/\/www.strassenweb.de\/nachrichten\/wp-content\/uploads\/2025\/08\/Designer-sagen-es-gibt-einen-Grund-warum-Schwarzweiss-die-Ultimate.jpg","width":1600,"height":900,"caption":"Serena Williams"},{"@type":"BreadcrumbList","@id":"https:\/\/www.strassenweb.de\/nachrichten\/designer-sagen-es-gibt-einen-grund-warum-schwarzweiss-die-ultimate-kitchen-color-story-ist-die-antwort-lautet-in-serena-williams-ultra-schicker-raum\/#breadcrumb","itemListElement":[{"@type":"ListItem","position":1,"name":"Home","item":"https:\/\/www.strassenweb.de\/nachrichten\/"},{"@type":"ListItem","position":2,"name":"Designer sagen, es gibt einen Grund, warum Schwarzwei\u00df die &#8222;Ultimate Kitchen Color Story&#8220; ist &#8211; die Antwort lautet in Serena Williams &#8218;ultra -schicker Raum"}]},{"@type":"WebSite","@id":"https:\/\/www.strassenweb.de\/nachrichten\/#website","url":"https:\/\/www.strassenweb.de\/nachrichten\/","name":"Stra\u00dfenweb","description":"Stra\u00dfenverzeichnis f\u00fcr Deutschland","publisher":{"@id":"https:\/\/www.strassenweb.de\/nachrichten\/#organization"},"potentialAction":[{"@type":"SearchAction","target":{"@type":"EntryPoint","urlTemplate":"https:\/\/www.strassenweb.de\/nachrichten\/?s={search_term_string}"},"query-input":{"@type":"PropertyValueSpecification","valueRequired":true,"valueName":"search_term_string"}}],"inLanguage":"de"},{"@type":"Organization","@id":"https:\/\/www.strassenweb.de\/nachrichten\/#organization","name":"Stra\u00dfenweb","url":"https:\/\/www.strassenweb.de\/nachrichten\/","logo":{"@type":"ImageObject","inLanguage":"de","@id":"https:\/\/www.strassenweb.de\/nachrichten\/#\/schema\/logo\/image\/","url":"https:\/\/www.strassenweb.de\/nachrichten\/wp-content\/uploads\/2024\/09\/cropped-favicon.png","contentUrl":"https:\/\/www.strassenweb.de\/nachrichten\/wp-content\/uploads\/2024\/09\/cropped-favicon.png","width":512,"height":512,"caption":"Stra\u00dfenweb"},"image":{"@id":"https:\/\/www.strassenweb.de\/nachrichten\/#\/schema\/logo\/image\/"},"sameAs":["https:\/\/www.facebook.com\/strassenweb\/"]},{"@type":"Person","@id":"https:\/\/www.strassenweb.de\/nachrichten\/#\/schema\/person\/87c9c9067f1211da429a744dc5a5aa41","name":"Robert Hoffmann","image":{"@type":"ImageObject","inLanguage":"de","@id":"https:\/\/www.strassenweb.de\/nachrichten\/wp-content\/uploads\/2024\/09\/strassenweb-150x150.jpg","url":"https:\/\/www.strassenweb.de\/nachrichten\/wp-content\/uploads\/2024\/09\/strassenweb-150x150.jpg","contentUrl":"https:\/\/www.strassenweb.de\/nachrichten\/wp-content\/uploads\/2024\/09\/strassenweb-150x150.jpg","caption":"Robert Hoffmann"},"description":"Ich hei\u00dfe Robert Hoffmann und ich bin ein leidenschaftlicher Verfechter von \u00d6kologie und Biodiversit\u00e4t. Seit meiner Kindheit in den W\u00e4ldern Bayerns f\u00fchle ich mich mit der Natur verbunden und bin entschlossen, sie zu sch\u00fctzen. Heute widme ich mein Leben der Sensibilisierung anderer f\u00fcr die Bedeutung des Umweltschutzes f\u00fcr zuk\u00fcnftige Generationen.","sameAs":["https:\/\/www.strassenweb.de\/"]}]}},"_links":{"self":[{"href":"https:\/\/www.strassenweb.de\/nachrichten\/wp-json\/wp\/v2\/posts\/7173","targetHints":{"allow":["GET"]}}],"collection":[{"href":"https:\/\/www.strassenweb.de\/nachrichten\/wp-json\/wp\/v2\/posts"}],"about":[{"href":"https:\/\/www.strassenweb.de\/nachrichten\/wp-json\/wp\/v2\/types\/post"}],"author":[{"embeddable":true,"href":"https:\/\/www.strassenweb.de\/nachrichten\/wp-json\/wp\/v2\/users\/1"}],"replies":[{"embeddable":true,"href":"https:\/\/www.strassenweb.de\/nachrichten\/wp-json\/wp\/v2\/comments?post=7173"}],"version-history":[{"count":0,"href":"https:\/\/www.strassenweb.de\/nachrichten\/wp-json\/wp\/v2\/posts\/7173\/revisions"}],"wp:featuredmedia":[{"embeddable":true,"href":"https:\/\/www.strassenweb.de\/nachrichten\/wp-json\/wp\/v2\/media\/7174"}],"wp:attachment":[{"href":"https:\/\/www.strassenweb.de\/nachrichten\/wp-json\/wp\/v2\/media?parent=7173"}],"wp:term":[{"taxonomy":"category","embeddable":true,"href":"https:\/\/www.strassenweb.de\/nachrichten\/wp-json\/wp\/v2\/categories?post=7173"},{"taxonomy":"post_tag","embeddable":true,"href":"https:\/\/www.strassenweb.de\/nachrichten\/wp-json\/wp\/v2\/tags?post=7173"}],"curies":[{"name":"wp","href":"https:\/\/api.w.org\/{rel}","templated":true}]}}