{"id":7164,"date":"2025-08-23T10:39:44","date_gmt":"2025-08-23T08:39:44","guid":{"rendered":"https:\/\/www.strassenweb.de\/nachrichten\/gehen-retro-geraete-endlich-aus-dem-stil-designer-bestehen-darueber-ob-der-retro-look-wirklich-zeitlos-ist\/"},"modified":"2025-08-23T10:39:45","modified_gmt":"2025-08-23T08:39:45","slug":"gehen-retro-geraete-endlich-aus-dem-stil-designer-bestehen-darueber-ob-der-retro-look-wirklich-zeitlos-ist","status":"publish","type":"post","link":"https:\/\/www.strassenweb.de\/nachrichten\/gehen-retro-geraete-endlich-aus-dem-stil-designer-bestehen-darueber-ob-der-retro-look-wirklich-zeitlos-ist\/","title":{"rendered":"Gehen Retro -Ger\u00e4te endlich aus dem Stil? Designer bestehen dar\u00fcber, ob der Retro -Look wirklich zeitlos ist"},"content":{"rendered":"<p><\/p>\n<div id=\"article-body\" class=\"article__body \">\n<p id=\"9a708603-a18c-4f1a-ae19-107d38e5816d\">Nichts l\u00f6st eine Debatte im K\u00fcchendesign aus wie die Anziehungskraft von Retro -Ger\u00e4ten. Mit Trends der K\u00fcchenger\u00e4te geht es nicht nur um auff\u00e4llige Technologien oder zeitsparende Funktionen-heutzutage sieht es genauso wichtig aus wie die Funktion. Aber mit Minimalismus und neutralen T\u00f6nen fallen mutige Retro -Ger\u00e4te und Retro -Ideen f\u00fcr Wohnkultur, die endlich aus der Mode geraten?<\/p>\n<div id=\"ad-unit-1\" class=\"ad-unit\"><\/div>\n<p>Um das zu beantworten, hilft es zu \u00fcberdenken, was Retro -Stil im Jahr 2025 wirklich bedeutet. Signal es zeitlosen Charme oder f\u00fchlt sich einfach veraltet? Sollten Ihre Ger\u00e4te alle \u00fcbereinstimmen, oder gibt es eine M\u00f6glichkeit, Vintage und Moderne nahtlos zu mischen? Und wenn es um kleine Ger\u00e4te geht, sind sie wirklich so zeitlos, wie wir glauben? Ich bat Design -Experten, sich zu wiegen.<\/p>\n<h2 id=\"the-enduring-appeal-of-retro-nostalgia-3\">Die dauerhafte Anziehungskraft von Retro -Nostalgie<\/h2>\n<aside data-block-type=\"embed\" data-render-type=\"fte\" data-skip=\"dealsy\" data-widget-type=\"seasonal\" class=\"hawk-base\"><\/aside>\n<p id=\"a6357eed-ce46-4e51-ae42-cbc0c803a28e-0\">&#8222;Die Trends werden und flie\u00dfen aus, aber St\u00fccke, die Menschen zum L\u00e4cheln bringen, bleiben dazu, dass Molly McGuire, Brand &#038; Project Manager beim in Philadelphia ans\u00e4ssigen Studio IQL, widerspiegelt. Ger\u00e4te im Retro-Stil geben einen Ton an; Sie laden W\u00e4rme und Nostalgie in den oft am st\u00e4rksten arbeitenden Raum im Haus ein. &#8218;<\/p>\n<div class=\"van_vid_carousel\">\n<div class=\"van_vid_carousel__padding\">\n<div class=\"van_vid_carousel__container\"><\/div>\n<\/div>\n<\/div>\n<p>Egal, ob es sich um einen farbenfrohen K\u00fchlschrank, einen Pastellstandmixer oder ein gutaussehender Range -Kocher handelt, ich z\u00e4hle auf jeden Fall auf Retro -Ger\u00e4te, um ein Gef\u00fchl von Charme zu vermitteln, das in schlanken, modernen K\u00fcchen schwer zu kreieren scheint.<\/p>\n<div id=\"ad-unit-2\" class=\"ad-unit\"><\/div>\n<p>&#8222;SMEG -Ger\u00e4te sind wirklich hervorragende Designs in lustigen Originalfarben, die heute in Ger\u00e4ten selten zu sehen sind&#8220;, sagt Lindsey Walsh, Gr\u00fcnderin von Lindsey Walsh Interior Design. &#8222;Der Trick besteht darin, mit verschiedenen Materialien, Farbt\u00f6nen und Design -Epochen zu mischen und anzupassen.&#8220;<\/p>\n<figure class=\"van-image-figure inline-layout \" data-bordeaux-image-check id=\"a829ee92-aa32-4eac-bde6-9486363a6a67\">\n<div class=\"image-full-width-wrapper\">\n<div class=\"image-widthsetter\" style=\"max-width:2000px;\"><\/div>\n<\/div>\n<\/figure>\n<h2 id=\"retro-appliances-are-here-to-make-a-statement-3\">Retro -Ger\u00e4te sind hier, um eine Erkl\u00e4rung abzugeben<\/h2>\n<p id=\"01707beb-edca-4aee-8268-95a8697d1944\">Wenn sich die K\u00fcchentrends \u00e4ndern und sich die \u00c4sthetik entwickelt, sind farbenfrohe Retro -Ger\u00e4te m\u00f6glicherweise nicht mehr so \u200b\u200bbegehrt wie fr\u00fcher &#8211; aber sie bleiben von jedem, der Statement -St\u00fccke sucht, geliebt. (Meiner Ansicht nach gibt es keine bessere M\u00f6glichkeit, einer neutralen K\u00fcche Farbe zu verleihen, als in ein Retro -Ger\u00e4t zu investieren.)<\/p>\n<p>&#8222;Diese Ger\u00e4te sind nicht aus der Mode, aber ihre Anziehungskraft hat sich verschoben&#8220;, erkl\u00e4rt Brad Smith, Innenarchitektin und CEO von Omni Home Ideas. &#8222;Sie sind von einem Massentrend zu einer Aussage f\u00fcr Hausbesitzer gewechselt, die Pers\u00f6nlichkeit und Farbe in einem Raum wollen, der ansonsten von Edelstahl und minimalistischen Oberfl\u00e4chen dominiert wird.&#8220;<\/p>\n<div id=\"slice-container-newsletterForm-articleInbodyContent-hNAB9oVXjCWSYGvvAVGteU\" class=\"slice-container newsletter-inbodyContent-slice newsletterForm-articleInbodyContent-hNAB9oVXjCWSYGvvAVGteU slice-container-newsletterForm\"><\/div>\n<figure class=\"van-image-figure inline-layout \" data-bordeaux-image-check id=\"e5cd188d-8e36-48ba-ba9c-5dd96c15349b\">\n<div class=\"image-full-width-wrapper\">\n<div class=\"image-widthsetter\" style=\"max-width:2000px;\"><\/div>\n<\/div>\n<\/figure>\n<h2 id=\"the-retro-trend-remains-but-it-s-all-about-balance-3\">Der Retro -Trend bleibt bestehen &#8211; aber es dreht sich alles um das Gleichgewicht<\/h2>\n<p id=\"c02847c4-5a98-4359-b4df-7618491be5a1\">W\u00e4hrend die Experten zu dem Schluss kommen, dass Retro -Ger\u00e4te sicherlich nicht aus der Mode kommen, betonen sie, dass der Trend auf ein Gleichgewichtsgef\u00fchl abh\u00e4ngt.<\/p>\n<p>Eine besonders moderne Sicht auf Retro -Ger\u00e4te besteht darin, traditionelle Farben gegen ged\u00e4mpfte Alternativen auszutauschen. &#8222;Ich empfehle, Ketchup Reds, Schultbus -Gelb und Kobalts bei der Auswahl von Retro -Ger\u00e4ten zu vermeiden&#8220;, sagt Judi Cooper, Hauptinternedesignerin bei Kitchens Inside Out. &#8218;Gehen Sie stattdessen f\u00fcr Salbei, ged\u00e4mpfte Maisblume, rauchiges Eukalyptus oder weiche Creme. Dies sind Farbt\u00f6ne, die sich wie Neutrale verhalten. &#8218;<\/p>\n<p>&#8222;Ein anderer Ansatz besteht darin, sich auf ein oder zwei Brennpunkte zu beschr\u00e4nken, wie ein Reichweite in einem tiefen Gr\u00fcn oder einen Toaster und Kessel in einer lebendigeren Farbe&#8220;, schl\u00e4gt Brad vor. &#8222;Mit Retro-Ger\u00e4ten, Schachbrettb\u00f6den und Chromakzenten, k\u00f6nnen sich schnell wie ein B\u00fchnenset anf\u00fchlen.&#8220;<\/p>\n<p>Wenn Sie sich f\u00fcr die mutigere Route entscheiden, denken Sie daran, eine modernere Kulisse mit &#8222;sauber ausgekleideten Schr\u00e4nken, Naturstein oder warmem Holz zu schaffen, damit sich der Raum frisch anf\u00fchlt&#8220;, sagt Molly.<\/p>\n<p>&#8222;Sie k\u00f6nnen immer subtile Vintage -Elemente wie ein gemustertes Fliesen -Backsplash- oder Globe -Anh\u00e4nger -Leuchten schichten, um die Dinge zusammenzubinden&#8220;, f\u00fcgt Brad hinzu.<\/p>\n<h2 id=\"shop-retro-appliance-heroes-3\">Kaufen Sie Retro Appliance Heroes ein<\/h2>\n<div class=\"product-container hero-product-container product-block-no-wrap\">\n<div class=\"product-block-row\"><\/div>\n<div class=\"product-block-row\"><\/div>\n<div class=\"product-block-row\"><\/div>\n<\/div>\n<\/div>\n","protected":false},"excerpt":{"rendered":"<p>Nichts l\u00f6st eine Debatte im K\u00fcchendesign aus wie die Anziehungskraft von Retro -Ger\u00e4ten. Mit Trends der K\u00fcchenger\u00e4te geht es nicht nur um auff\u00e4llige Technologien oder<\/p>\n","protected":false},"author":1,"featured_media":7165,"comment_status":"closed","ping_status":"","sticky":false,"template":"","format":"standard","meta":{"footnotes":""},"categories":[118],"tags":[287,9611,249,91,81,216,1553,69,3144,15,6537,322,429,3271],"class_list":["post-7164","post","type-post","status-publish","format-standard","has-post-thumbnail","hentry","category-haus-garten","tag-aus","tag-bestehen","tag-darueber","tag-dem","tag-der","tag-designer","tag-endlich","tag-gehen","tag-geraete","tag-ist","tag-retro","tag-stil","tag-wirklich","tag-zeitlos","generate-columns","tablet-grid-50","mobile-grid-100","grid-parent","grid-50"],"yoast_head":"<!-- This site is optimized with the Yoast SEO plugin v27.3 - https:\/\/yoast.com\/product\/yoast-seo-wordpress\/ -->\n<title>Gehen Retro -Ger\u00e4te endlich aus dem Stil? Designer bestehen dar\u00fcber, ob der Retro -Look wirklich zeitlos ist - Nachrichten - Stra\u00dfenweb<\/title>\n<meta name=\"robots\" content=\"index, follow, max-snippet:-1, max-image-preview:large, max-video-preview:-1\" \/>\n<link rel=\"canonical\" href=\"https:\/\/www.strassenweb.de\/nachrichten\/gehen-retro-geraete-endlich-aus-dem-stil-designer-bestehen-darueber-ob-der-retro-look-wirklich-zeitlos-ist\/\" \/>\n<meta property=\"og:locale\" content=\"de_DE\" \/>\n<meta property=\"og:type\" content=\"article\" \/>\n<meta property=\"og:title\" content=\"Gehen Retro -Ger\u00e4te endlich aus dem Stil? Designer bestehen dar\u00fcber, ob der Retro -Look wirklich zeitlos ist - Nachrichten - Stra\u00dfenweb\" \/>\n<meta property=\"og:description\" content=\"Nichts l\u00f6st eine Debatte im K\u00fcchendesign aus wie die Anziehungskraft von Retro -Ger\u00e4ten. Mit Trends der K\u00fcchenger\u00e4te geht es nicht nur um auff\u00e4llige Technologien oder\" \/>\n<meta property=\"og:url\" content=\"https:\/\/www.strassenweb.de\/nachrichten\/gehen-retro-geraete-endlich-aus-dem-stil-designer-bestehen-darueber-ob-der-retro-look-wirklich-zeitlos-ist\/\" \/>\n<meta property=\"og:site_name\" content=\"Stra\u00dfenweb\" \/>\n<meta property=\"article:publisher\" content=\"https:\/\/www.facebook.com\/strassenweb\/\" \/>\n<meta property=\"article:published_time\" content=\"2025-08-23T08:39:44+00:00\" \/>\n<meta property=\"article:modified_time\" content=\"2025-08-23T08:39:45+00:00\" \/>\n<meta property=\"og:image\" content=\"https:\/\/www.strassenweb.de\/nachrichten\/wp-content\/uploads\/2025\/08\/Gehen-Retro-Geraete-endlich-aus-dem-Stil-Designer-bestehen-darueber.jpg\" \/>\n\t<meta property=\"og:image:width\" content=\"1600\" \/>\n\t<meta property=\"og:image:height\" content=\"900\" \/>\n\t<meta property=\"og:image:type\" content=\"image\/jpeg\" \/>\n<meta name=\"author\" content=\"Robert Hoffmann\" \/>\n<meta name=\"twitter:card\" content=\"summary_large_image\" \/>\n<meta name=\"twitter:label1\" content=\"Verfasst von\" \/>\n\t<meta name=\"twitter:data1\" content=\"Robert Hoffmann\" \/>\n\t<meta name=\"twitter:label2\" content=\"Gesch\u00e4tzte Lesezeit\" \/>\n\t<meta name=\"twitter:data2\" content=\"3\u00a0Minuten\" \/>\n<script type=\"application\/ld+json\" class=\"yoast-schema-graph\">{\"@context\":\"https:\\\/\\\/schema.org\",\"@graph\":[{\"@type\":\"Article\",\"@id\":\"https:\\\/\\\/www.strassenweb.de\\\/nachrichten\\\/gehen-retro-geraete-endlich-aus-dem-stil-designer-bestehen-darueber-ob-der-retro-look-wirklich-zeitlos-ist\\\/#article\",\"isPartOf\":{\"@id\":\"https:\\\/\\\/www.strassenweb.de\\\/nachrichten\\\/gehen-retro-geraete-endlich-aus-dem-stil-designer-bestehen-darueber-ob-der-retro-look-wirklich-zeitlos-ist\\\/\"},\"author\":{\"name\":\"Robert Hoffmann\",\"@id\":\"https:\\\/\\\/www.strassenweb.de\\\/nachrichten\\\/#\\\/schema\\\/person\\\/87c9c9067f1211da429a744dc5a5aa41\"},\"headline\":\"Gehen Retro -Ger\u00e4te endlich aus dem Stil? Designer bestehen dar\u00fcber, ob der Retro -Look wirklich zeitlos ist\",\"datePublished\":\"2025-08-23T08:39:44+00:00\",\"dateModified\":\"2025-08-23T08:39:45+00:00\",\"mainEntityOfPage\":{\"@id\":\"https:\\\/\\\/www.strassenweb.de\\\/nachrichten\\\/gehen-retro-geraete-endlich-aus-dem-stil-designer-bestehen-darueber-ob-der-retro-look-wirklich-zeitlos-ist\\\/\"},\"wordCount\":657,\"publisher\":{\"@id\":\"https:\\\/\\\/www.strassenweb.de\\\/nachrichten\\\/#organization\"},\"image\":{\"@id\":\"https:\\\/\\\/www.strassenweb.de\\\/nachrichten\\\/gehen-retro-geraete-endlich-aus-dem-stil-designer-bestehen-darueber-ob-der-retro-look-wirklich-zeitlos-ist\\\/#primaryimage\"},\"thumbnailUrl\":\"https:\\\/\\\/www.strassenweb.de\\\/nachrichten\\\/wp-content\\\/uploads\\\/2025\\\/08\\\/Gehen-Retro-Geraete-endlich-aus-dem-Stil-Designer-bestehen-darueber.jpg\",\"keywords\":[\"aus\",\"bestehen\",\"dar\u00fcber\",\"dem\",\"der\",\"Designer\",\"endlich\",\"gehen\",\"Ger\u00e4te\",\"ist\",\"Retro\",\"Stil\",\"wirklich\",\"zeitlos\"],\"articleSection\":[\"Haus &amp; Garten\"],\"inLanguage\":\"de\"},{\"@type\":\"WebPage\",\"@id\":\"https:\\\/\\\/www.strassenweb.de\\\/nachrichten\\\/gehen-retro-geraete-endlich-aus-dem-stil-designer-bestehen-darueber-ob-der-retro-look-wirklich-zeitlos-ist\\\/\",\"url\":\"https:\\\/\\\/www.strassenweb.de\\\/nachrichten\\\/gehen-retro-geraete-endlich-aus-dem-stil-designer-bestehen-darueber-ob-der-retro-look-wirklich-zeitlos-ist\\\/\",\"name\":\"Gehen Retro -Ger\u00e4te endlich aus dem Stil? Designer bestehen dar\u00fcber, ob der Retro -Look wirklich zeitlos ist - Nachrichten - Stra\u00dfenweb\",\"isPartOf\":{\"@id\":\"https:\\\/\\\/www.strassenweb.de\\\/nachrichten\\\/#website\"},\"primaryImageOfPage\":{\"@id\":\"https:\\\/\\\/www.strassenweb.de\\\/nachrichten\\\/gehen-retro-geraete-endlich-aus-dem-stil-designer-bestehen-darueber-ob-der-retro-look-wirklich-zeitlos-ist\\\/#primaryimage\"},\"image\":{\"@id\":\"https:\\\/\\\/www.strassenweb.de\\\/nachrichten\\\/gehen-retro-geraete-endlich-aus-dem-stil-designer-bestehen-darueber-ob-der-retro-look-wirklich-zeitlos-ist\\\/#primaryimage\"},\"thumbnailUrl\":\"https:\\\/\\\/www.strassenweb.de\\\/nachrichten\\\/wp-content\\\/uploads\\\/2025\\\/08\\\/Gehen-Retro-Geraete-endlich-aus-dem-Stil-Designer-bestehen-darueber.jpg\",\"datePublished\":\"2025-08-23T08:39:44+00:00\",\"dateModified\":\"2025-08-23T08:39:45+00:00\",\"breadcrumb\":{\"@id\":\"https:\\\/\\\/www.strassenweb.de\\\/nachrichten\\\/gehen-retro-geraete-endlich-aus-dem-stil-designer-bestehen-darueber-ob-der-retro-look-wirklich-zeitlos-ist\\\/#breadcrumb\"},\"inLanguage\":\"de\",\"potentialAction\":[{\"@type\":\"ReadAction\",\"target\":[\"https:\\\/\\\/www.strassenweb.de\\\/nachrichten\\\/gehen-retro-geraete-endlich-aus-dem-stil-designer-bestehen-darueber-ob-der-retro-look-wirklich-zeitlos-ist\\\/\"]}]},{\"@type\":\"ImageObject\",\"inLanguage\":\"de\",\"@id\":\"https:\\\/\\\/www.strassenweb.de\\\/nachrichten\\\/gehen-retro-geraete-endlich-aus-dem-stil-designer-bestehen-darueber-ob-der-retro-look-wirklich-zeitlos-ist\\\/#primaryimage\",\"url\":\"https:\\\/\\\/www.strassenweb.de\\\/nachrichten\\\/wp-content\\\/uploads\\\/2025\\\/08\\\/Gehen-Retro-Geraete-endlich-aus-dem-Stil-Designer-bestehen-darueber.jpg\",\"contentUrl\":\"https:\\\/\\\/www.strassenweb.de\\\/nachrichten\\\/wp-content\\\/uploads\\\/2025\\\/08\\\/Gehen-Retro-Geraete-endlich-aus-dem-Stil-Designer-bestehen-darueber.jpg\",\"width\":1600,\"height\":900,\"caption\":\"Kitchen with dark wooden cabinets, silver handles, black double oven, red counter tops and red appliances\"},{\"@type\":\"BreadcrumbList\",\"@id\":\"https:\\\/\\\/www.strassenweb.de\\\/nachrichten\\\/gehen-retro-geraete-endlich-aus-dem-stil-designer-bestehen-darueber-ob-der-retro-look-wirklich-zeitlos-ist\\\/#breadcrumb\",\"itemListElement\":[{\"@type\":\"ListItem\",\"position\":1,\"name\":\"Home\",\"item\":\"https:\\\/\\\/www.strassenweb.de\\\/nachrichten\\\/\"},{\"@type\":\"ListItem\",\"position\":2,\"name\":\"Gehen Retro -Ger\u00e4te endlich aus dem Stil? Designer bestehen dar\u00fcber, ob der Retro -Look wirklich zeitlos ist\"}]},{\"@type\":\"WebSite\",\"@id\":\"https:\\\/\\\/www.strassenweb.de\\\/nachrichten\\\/#website\",\"url\":\"https:\\\/\\\/www.strassenweb.de\\\/nachrichten\\\/\",\"name\":\"Stra\u00dfenweb\",\"description\":\"Stra\u00dfenverzeichnis f\u00fcr Deutschland\",\"publisher\":{\"@id\":\"https:\\\/\\\/www.strassenweb.de\\\/nachrichten\\\/#organization\"},\"potentialAction\":[{\"@type\":\"SearchAction\",\"target\":{\"@type\":\"EntryPoint\",\"urlTemplate\":\"https:\\\/\\\/www.strassenweb.de\\\/nachrichten\\\/?s={search_term_string}\"},\"query-input\":{\"@type\":\"PropertyValueSpecification\",\"valueRequired\":true,\"valueName\":\"search_term_string\"}}],\"inLanguage\":\"de\"},{\"@type\":\"Organization\",\"@id\":\"https:\\\/\\\/www.strassenweb.de\\\/nachrichten\\\/#organization\",\"name\":\"Stra\u00dfenweb\",\"url\":\"https:\\\/\\\/www.strassenweb.de\\\/nachrichten\\\/\",\"logo\":{\"@type\":\"ImageObject\",\"inLanguage\":\"de\",\"@id\":\"https:\\\/\\\/www.strassenweb.de\\\/nachrichten\\\/#\\\/schema\\\/logo\\\/image\\\/\",\"url\":\"https:\\\/\\\/www.strassenweb.de\\\/nachrichten\\\/wp-content\\\/uploads\\\/2024\\\/09\\\/cropped-favicon.png\",\"contentUrl\":\"https:\\\/\\\/www.strassenweb.de\\\/nachrichten\\\/wp-content\\\/uploads\\\/2024\\\/09\\\/cropped-favicon.png\",\"width\":512,\"height\":512,\"caption\":\"Stra\u00dfenweb\"},\"image\":{\"@id\":\"https:\\\/\\\/www.strassenweb.de\\\/nachrichten\\\/#\\\/schema\\\/logo\\\/image\\\/\"},\"sameAs\":[\"https:\\\/\\\/www.facebook.com\\\/strassenweb\\\/\"]},{\"@type\":\"Person\",\"@id\":\"https:\\\/\\\/www.strassenweb.de\\\/nachrichten\\\/#\\\/schema\\\/person\\\/87c9c9067f1211da429a744dc5a5aa41\",\"name\":\"Robert Hoffmann\",\"image\":{\"@type\":\"ImageObject\",\"inLanguage\":\"de\",\"@id\":\"https:\\\/\\\/www.strassenweb.de\\\/nachrichten\\\/wp-content\\\/uploads\\\/2024\\\/09\\\/strassenweb-150x150.jpg\",\"url\":\"https:\\\/\\\/www.strassenweb.de\\\/nachrichten\\\/wp-content\\\/uploads\\\/2024\\\/09\\\/strassenweb-150x150.jpg\",\"contentUrl\":\"https:\\\/\\\/www.strassenweb.de\\\/nachrichten\\\/wp-content\\\/uploads\\\/2024\\\/09\\\/strassenweb-150x150.jpg\",\"caption\":\"Robert Hoffmann\"},\"description\":\"Ich hei\u00dfe Robert Hoffmann und ich bin ein leidenschaftlicher Verfechter von \u00d6kologie und Biodiversit\u00e4t. Seit meiner Kindheit in den W\u00e4ldern Bayerns f\u00fchle ich mich mit der Natur verbunden und bin entschlossen, sie zu sch\u00fctzen. Heute widme ich mein Leben der Sensibilisierung anderer f\u00fcr die Bedeutung des Umweltschutzes f\u00fcr zuk\u00fcnftige Generationen.\",\"sameAs\":[\"https:\\\/\\\/www.strassenweb.de\\\/\"]}]}<\/script>\n<!-- \/ Yoast SEO plugin. -->","yoast_head_json":{"title":"Gehen Retro -Ger\u00e4te endlich aus dem Stil? Designer bestehen dar\u00fcber, ob der Retro -Look wirklich zeitlos ist - Nachrichten - Stra\u00dfenweb","robots":{"index":"index","follow":"follow","max-snippet":"max-snippet:-1","max-image-preview":"max-image-preview:large","max-video-preview":"max-video-preview:-1"},"canonical":"https:\/\/www.strassenweb.de\/nachrichten\/gehen-retro-geraete-endlich-aus-dem-stil-designer-bestehen-darueber-ob-der-retro-look-wirklich-zeitlos-ist\/","og_locale":"de_DE","og_type":"article","og_title":"Gehen Retro -Ger\u00e4te endlich aus dem Stil? Designer bestehen dar\u00fcber, ob der Retro -Look wirklich zeitlos ist - Nachrichten - Stra\u00dfenweb","og_description":"Nichts l\u00f6st eine Debatte im K\u00fcchendesign aus wie die Anziehungskraft von Retro -Ger\u00e4ten. Mit Trends der K\u00fcchenger\u00e4te geht es nicht nur um auff\u00e4llige Technologien oder","og_url":"https:\/\/www.strassenweb.de\/nachrichten\/gehen-retro-geraete-endlich-aus-dem-stil-designer-bestehen-darueber-ob-der-retro-look-wirklich-zeitlos-ist\/","og_site_name":"Stra\u00dfenweb","article_publisher":"https:\/\/www.facebook.com\/strassenweb\/","article_published_time":"2025-08-23T08:39:44+00:00","article_modified_time":"2025-08-23T08:39:45+00:00","og_image":[{"width":1600,"height":900,"url":"https:\/\/www.strassenweb.de\/nachrichten\/wp-content\/uploads\/2025\/08\/Gehen-Retro-Geraete-endlich-aus-dem-Stil-Designer-bestehen-darueber.jpg","type":"image\/jpeg"}],"author":"Robert Hoffmann","twitter_card":"summary_large_image","twitter_misc":{"Verfasst von":"Robert Hoffmann","Gesch\u00e4tzte Lesezeit":"3\u00a0Minuten"},"schema":{"@context":"https:\/\/schema.org","@graph":[{"@type":"Article","@id":"https:\/\/www.strassenweb.de\/nachrichten\/gehen-retro-geraete-endlich-aus-dem-stil-designer-bestehen-darueber-ob-der-retro-look-wirklich-zeitlos-ist\/#article","isPartOf":{"@id":"https:\/\/www.strassenweb.de\/nachrichten\/gehen-retro-geraete-endlich-aus-dem-stil-designer-bestehen-darueber-ob-der-retro-look-wirklich-zeitlos-ist\/"},"author":{"name":"Robert Hoffmann","@id":"https:\/\/www.strassenweb.de\/nachrichten\/#\/schema\/person\/87c9c9067f1211da429a744dc5a5aa41"},"headline":"Gehen Retro -Ger\u00e4te endlich aus dem Stil? Designer bestehen dar\u00fcber, ob der Retro -Look wirklich zeitlos ist","datePublished":"2025-08-23T08:39:44+00:00","dateModified":"2025-08-23T08:39:45+00:00","mainEntityOfPage":{"@id":"https:\/\/www.strassenweb.de\/nachrichten\/gehen-retro-geraete-endlich-aus-dem-stil-designer-bestehen-darueber-ob-der-retro-look-wirklich-zeitlos-ist\/"},"wordCount":657,"publisher":{"@id":"https:\/\/www.strassenweb.de\/nachrichten\/#organization"},"image":{"@id":"https:\/\/www.strassenweb.de\/nachrichten\/gehen-retro-geraete-endlich-aus-dem-stil-designer-bestehen-darueber-ob-der-retro-look-wirklich-zeitlos-ist\/#primaryimage"},"thumbnailUrl":"https:\/\/www.strassenweb.de\/nachrichten\/wp-content\/uploads\/2025\/08\/Gehen-Retro-Geraete-endlich-aus-dem-Stil-Designer-bestehen-darueber.jpg","keywords":["aus","bestehen","dar\u00fcber","dem","der","Designer","endlich","gehen","Ger\u00e4te","ist","Retro","Stil","wirklich","zeitlos"],"articleSection":["Haus &amp; Garten"],"inLanguage":"de"},{"@type":"WebPage","@id":"https:\/\/www.strassenweb.de\/nachrichten\/gehen-retro-geraete-endlich-aus-dem-stil-designer-bestehen-darueber-ob-der-retro-look-wirklich-zeitlos-ist\/","url":"https:\/\/www.strassenweb.de\/nachrichten\/gehen-retro-geraete-endlich-aus-dem-stil-designer-bestehen-darueber-ob-der-retro-look-wirklich-zeitlos-ist\/","name":"Gehen Retro -Ger\u00e4te endlich aus dem Stil? Designer bestehen dar\u00fcber, ob der Retro -Look wirklich zeitlos ist - Nachrichten - Stra\u00dfenweb","isPartOf":{"@id":"https:\/\/www.strassenweb.de\/nachrichten\/#website"},"primaryImageOfPage":{"@id":"https:\/\/www.strassenweb.de\/nachrichten\/gehen-retro-geraete-endlich-aus-dem-stil-designer-bestehen-darueber-ob-der-retro-look-wirklich-zeitlos-ist\/#primaryimage"},"image":{"@id":"https:\/\/www.strassenweb.de\/nachrichten\/gehen-retro-geraete-endlich-aus-dem-stil-designer-bestehen-darueber-ob-der-retro-look-wirklich-zeitlos-ist\/#primaryimage"},"thumbnailUrl":"https:\/\/www.strassenweb.de\/nachrichten\/wp-content\/uploads\/2025\/08\/Gehen-Retro-Geraete-endlich-aus-dem-Stil-Designer-bestehen-darueber.jpg","datePublished":"2025-08-23T08:39:44+00:00","dateModified":"2025-08-23T08:39:45+00:00","breadcrumb":{"@id":"https:\/\/www.strassenweb.de\/nachrichten\/gehen-retro-geraete-endlich-aus-dem-stil-designer-bestehen-darueber-ob-der-retro-look-wirklich-zeitlos-ist\/#breadcrumb"},"inLanguage":"de","potentialAction":[{"@type":"ReadAction","target":["https:\/\/www.strassenweb.de\/nachrichten\/gehen-retro-geraete-endlich-aus-dem-stil-designer-bestehen-darueber-ob-der-retro-look-wirklich-zeitlos-ist\/"]}]},{"@type":"ImageObject","inLanguage":"de","@id":"https:\/\/www.strassenweb.de\/nachrichten\/gehen-retro-geraete-endlich-aus-dem-stil-designer-bestehen-darueber-ob-der-retro-look-wirklich-zeitlos-ist\/#primaryimage","url":"https:\/\/www.strassenweb.de\/nachrichten\/wp-content\/uploads\/2025\/08\/Gehen-Retro-Geraete-endlich-aus-dem-Stil-Designer-bestehen-darueber.jpg","contentUrl":"https:\/\/www.strassenweb.de\/nachrichten\/wp-content\/uploads\/2025\/08\/Gehen-Retro-Geraete-endlich-aus-dem-Stil-Designer-bestehen-darueber.jpg","width":1600,"height":900,"caption":"Kitchen with dark wooden cabinets, silver handles, black double oven, red counter tops and red appliances"},{"@type":"BreadcrumbList","@id":"https:\/\/www.strassenweb.de\/nachrichten\/gehen-retro-geraete-endlich-aus-dem-stil-designer-bestehen-darueber-ob-der-retro-look-wirklich-zeitlos-ist\/#breadcrumb","itemListElement":[{"@type":"ListItem","position":1,"name":"Home","item":"https:\/\/www.strassenweb.de\/nachrichten\/"},{"@type":"ListItem","position":2,"name":"Gehen Retro -Ger\u00e4te endlich aus dem Stil? Designer bestehen dar\u00fcber, ob der Retro -Look wirklich zeitlos ist"}]},{"@type":"WebSite","@id":"https:\/\/www.strassenweb.de\/nachrichten\/#website","url":"https:\/\/www.strassenweb.de\/nachrichten\/","name":"Stra\u00dfenweb","description":"Stra\u00dfenverzeichnis f\u00fcr Deutschland","publisher":{"@id":"https:\/\/www.strassenweb.de\/nachrichten\/#organization"},"potentialAction":[{"@type":"SearchAction","target":{"@type":"EntryPoint","urlTemplate":"https:\/\/www.strassenweb.de\/nachrichten\/?s={search_term_string}"},"query-input":{"@type":"PropertyValueSpecification","valueRequired":true,"valueName":"search_term_string"}}],"inLanguage":"de"},{"@type":"Organization","@id":"https:\/\/www.strassenweb.de\/nachrichten\/#organization","name":"Stra\u00dfenweb","url":"https:\/\/www.strassenweb.de\/nachrichten\/","logo":{"@type":"ImageObject","inLanguage":"de","@id":"https:\/\/www.strassenweb.de\/nachrichten\/#\/schema\/logo\/image\/","url":"https:\/\/www.strassenweb.de\/nachrichten\/wp-content\/uploads\/2024\/09\/cropped-favicon.png","contentUrl":"https:\/\/www.strassenweb.de\/nachrichten\/wp-content\/uploads\/2024\/09\/cropped-favicon.png","width":512,"height":512,"caption":"Stra\u00dfenweb"},"image":{"@id":"https:\/\/www.strassenweb.de\/nachrichten\/#\/schema\/logo\/image\/"},"sameAs":["https:\/\/www.facebook.com\/strassenweb\/"]},{"@type":"Person","@id":"https:\/\/www.strassenweb.de\/nachrichten\/#\/schema\/person\/87c9c9067f1211da429a744dc5a5aa41","name":"Robert Hoffmann","image":{"@type":"ImageObject","inLanguage":"de","@id":"https:\/\/www.strassenweb.de\/nachrichten\/wp-content\/uploads\/2024\/09\/strassenweb-150x150.jpg","url":"https:\/\/www.strassenweb.de\/nachrichten\/wp-content\/uploads\/2024\/09\/strassenweb-150x150.jpg","contentUrl":"https:\/\/www.strassenweb.de\/nachrichten\/wp-content\/uploads\/2024\/09\/strassenweb-150x150.jpg","caption":"Robert Hoffmann"},"description":"Ich hei\u00dfe Robert Hoffmann und ich bin ein leidenschaftlicher Verfechter von \u00d6kologie und Biodiversit\u00e4t. Seit meiner Kindheit in den W\u00e4ldern Bayerns f\u00fchle ich mich mit der Natur verbunden und bin entschlossen, sie zu sch\u00fctzen. Heute widme ich mein Leben der Sensibilisierung anderer f\u00fcr die Bedeutung des Umweltschutzes f\u00fcr zuk\u00fcnftige Generationen.","sameAs":["https:\/\/www.strassenweb.de\/"]}]}},"_links":{"self":[{"href":"https:\/\/www.strassenweb.de\/nachrichten\/wp-json\/wp\/v2\/posts\/7164","targetHints":{"allow":["GET"]}}],"collection":[{"href":"https:\/\/www.strassenweb.de\/nachrichten\/wp-json\/wp\/v2\/posts"}],"about":[{"href":"https:\/\/www.strassenweb.de\/nachrichten\/wp-json\/wp\/v2\/types\/post"}],"author":[{"embeddable":true,"href":"https:\/\/www.strassenweb.de\/nachrichten\/wp-json\/wp\/v2\/users\/1"}],"replies":[{"embeddable":true,"href":"https:\/\/www.strassenweb.de\/nachrichten\/wp-json\/wp\/v2\/comments?post=7164"}],"version-history":[{"count":0,"href":"https:\/\/www.strassenweb.de\/nachrichten\/wp-json\/wp\/v2\/posts\/7164\/revisions"}],"wp:featuredmedia":[{"embeddable":true,"href":"https:\/\/www.strassenweb.de\/nachrichten\/wp-json\/wp\/v2\/media\/7165"}],"wp:attachment":[{"href":"https:\/\/www.strassenweb.de\/nachrichten\/wp-json\/wp\/v2\/media?parent=7164"}],"wp:term":[{"taxonomy":"category","embeddable":true,"href":"https:\/\/www.strassenweb.de\/nachrichten\/wp-json\/wp\/v2\/categories?post=7164"},{"taxonomy":"post_tag","embeddable":true,"href":"https:\/\/www.strassenweb.de\/nachrichten\/wp-json\/wp\/v2\/tags?post=7164"}],"curies":[{"name":"wp","href":"https:\/\/api.w.org\/{rel}","templated":true}]}}