{"id":7159,"date":"2025-08-23T04:39:57","date_gmt":"2025-08-23T02:39:57","guid":{"rendered":"https:\/\/www.strassenweb.de\/nachrichten\/ihr-garten-muss-am-ende-des-sommers-nicht-verblassen-herbstblaetterbirnen-fuer-die-verlaengerung-der-saison-sind-das-geheimnis\/"},"modified":"2025-08-23T04:39:58","modified_gmt":"2025-08-23T02:39:58","slug":"ihr-garten-muss-am-ende-des-sommers-nicht-verblassen-herbstblaetterbirnen-fuer-die-verlaengerung-der-saison-sind-das-geheimnis","status":"publish","type":"post","link":"https:\/\/www.strassenweb.de\/nachrichten\/ihr-garten-muss-am-ende-des-sommers-nicht-verblassen-herbstblaetterbirnen-fuer-die-verlaengerung-der-saison-sind-das-geheimnis\/","title":{"rendered":"Ihr Garten muss am Ende des Sommers nicht verblassen-Herbstbl\u00e4tterbirnen f\u00fcr die Verl\u00e4ngerung der Saison sind das Geheimnis"},"content":{"rendered":"<p><\/p>\n<div id=\"article-body\" class=\"article__body \">\n<p id=\"723f7218-f2fd-4d26-bbe7-d3cba253012e\">Da die Vorh\u00e4nge im Sommer und Herbst gro\u00df sind, wenden sich viele von uns auf die Herbstbl\u00e4tterbirnen. Sie sind im Garten staatsfreundlich, es ist jedoch leicht zu vergessen, sie zu pflanzen oder zwischen Herbstbl\u00fcten und Fr\u00fchlingszwiebeln durcheinander zu lassen.<\/p>\n<div id=\"ad-unit-1\" class=\"ad-unit\"><\/div>\n<p>Das Pflanzen von Massen von Herbstbl\u00e4ttern bedeutet, dass der Garten, wenn der Garten keinen Dampf mehr ausgeht, mit farbenfrohen Gl\u00fchbirnen, die den Garten im Sp\u00e4tsommer, Herbst und in einigen F\u00e4llen im Winter den Garten beleuchten, wieder in Aktion gebracht wird. Aber welches zu w\u00e4hlen?<\/p>\n<aside data-block-type=\"embed\" data-render-type=\"fte\" data-skip=\"dealsy\" data-widget-type=\"seasonal\" class=\"hawk-base\"><\/aside>\n<p id=\"723f7218-f2fd-4d26-bbe7-d3cba253012e-2\">Es gibt viele Herbstblutungslampen (und Sie m\u00fcssten sie in Blumen suchen, wenn Sie sie jetzt pflanzen m\u00f6chten), aber es ist schwer zu wissen, in welchen Geld und Zeit investieren, um sechs der besten Herbst-Bl\u00fcten-Gl\u00fchbirnen zu investieren.<\/p>\n<div class=\"van_vid_carousel\">\n<div class=\"van_vid_carousel__padding\">\n<div class=\"van_vid_carousel__container\"><\/div>\n<\/div>\n<\/div>\n<h2 id=\"the-best-fall-flowering-bulbs-3\">Die besten Herbstbl\u00fcte Gl\u00fchbirnen <\/h2>\n<h3 class=\"article-body__section\" id=\"section-1-cyclamen\"><span>1. Cyclamen <\/span><\/h3>\n<figure class=\"van-image-figure inline-layout \" data-bordeaux-image-check id=\"6a05b57c-cc86-41eb-bd0d-6d624048bac1\">\n<div class=\"image-full-width-wrapper\">\n<div class=\"image-widthsetter\" style=\"max-width:2000px;\"><\/div>\n<\/div>\n<\/figure>\n<p id=\"6f362d8e-a6fc-4aa8-be9d-986b39c8cfd1\">Es gibt mehrere winterharte und einfache Herbst-Bl\u00fctenbl\u00fcten-Cyclamen-Arten, die Sie in Ihrem Garten wachsen k\u00f6nnen. Hardy Cyclamen (<em>Cyclamen Hederifolium) <\/em>ist ein wirklich spektakul\u00e4res Cyclamen, das fast alle Bedingungen toleriert. Es ist v\u00f6llig winterhart und produziert eine F\u00fclle zierlicher Bl\u00fcten, die anmutig zu drahtigen Stielen nicken.<\/p>\n<div id=\"ad-unit-2\" class=\"ad-unit\"><\/div>\n<p>Cyclamen -Knollen, die sich leicht von Gl\u00fchbirnen unterscheiden, sich aber so weit wie der G\u00e4rtner verhalten, produzieren auf die gleiche Weise Laub weit in den Herbst und in den Fr\u00fchling und ruhen dann f\u00fcr den Sommer ruhend.<\/p>\n<p>Cyclamen Hederifolium ist eine der besten Pflanzen f\u00fcr Under B\u00e4ume, die h\u00fcbsch ist <u>Waldpflanze <\/u>Das bringt einige dringend ben\u00f6tigte Farbe in den Garten, wenn alles andere in einen Schlaf rutscht.<\/p>\n<p>HARDESS ZONE: 4-9<\/p>\n<div id=\"slice-container-newsletterForm-articleInbodyContent-2LktmLk7yCDVGdz6LbfSPm\" class=\"slice-container newsletter-inbodyContent-slice newsletterForm-articleInbodyContent-2LktmLk7yCDVGdz6LbfSPm slice-container-newsletterForm\"><\/div>\n<p>Sie k\u00f6nnen Cylamen Heerifolium bei Plants Delights Nursery kaufen.<\/p>\n<h3 class=\"article-body__section\" id=\"section-2-oxalis\"><span>2. Oxalis<\/span><\/h3>\n<figure class=\"van-image-figure inline-layout \" data-bordeaux-image-check id=\"b40506fb-af7e-4a39-916a-b7ed63965584\">\n<div class=\"image-full-width-wrapper\">\n<div class=\"image-widthsetter\" style=\"max-width:2000px;\"><\/div>\n<\/div>\n<\/figure>\n<p id=\"1ed1ecf7-eddf-4c43-b840-ad853e28bcba\">Viele Menschen wissen, wie man Oxalis als Zimmerpflanze anbaut, aber ich hoffe, dass mehr Menschen es drau\u00dfen in ihren G\u00e4rten pflanzen, insbesondere in den Sorten, die eine bl\u00fchende Zeit haben, die mehrere Jahreszeiten umfasst.<\/p>\n<p>W\u00e4hrend einige Sorten Fr\u00fchlings- oder Sommerbl\u00fchen sind, gibt es einige atemberaubende Sorten, die im Oktober, November und bis Weihnachten bl\u00fchen.<\/p>\n<p>Dazu geh\u00f6ren das ach so h\u00fcbsche Oxalis &#8218;Herbst Pink&#8216;, der gekochte s\u00fc\u00dfe Look-\u00e4hnlich, Oxalis Versicolor (der aussieht, als w\u00e4re es aus einem Dr. Seuss-Storybook ausgestattet worden) und Oxalis spiralis aurea, Amber Plum Crazy, das sch\u00f6ne Auburn-Bl\u00e4tter hat, perfekt f\u00fcr den Herbst.<\/p>\n<p><strong>Hardinit\u00e4tszone<\/strong>: 5-10<\/p>\n<p>Sie k\u00f6nnen Oxalis -Gl\u00fchbirnen bei Dutch Grown kaufen.<\/p>\n<div class=\"min-h-(270px) mb-4 viafoura-twig-component\" id=\"viafoura-engagement-starter-wrapper\" data-component-name=\"Elk:Embed:EngagementStarter\">\n<div class=\"viafoura\">\n<div>\n<vf-conversation-starter target=\"viafoura-comments\" title=\"What are your favorite fall flowering bulbs?\" minimum-comment-count=\"3\"><br \/>\n<\/vf-conversation-starter>\n<\/div>\n<\/div>\n<\/div>\n<h3 class=\"article-body__section\" id=\"section-3-colchicum-the-autumn-crocus\"><span>3. Colchicum &#8218;Der Herbst -Krokus&#8216;<\/span><\/h3>\n<figure class=\"van-image-figure inline-layout \" data-bordeaux-image-check id=\"256c565c-97d6-466b-9aef-19ddcddab6e4\">\n<div class=\"image-full-width-wrapper\">\n<div class=\"image-widthsetter\" style=\"max-width:2000px;\"><\/div>\n<\/div>\n<\/figure>\n<p id=\"19641c81-6178-4e5a-9ef8-62351dd776a9\">Denken Sie an einen Krokus, und wir neigen dazu, an diese kleinen Federgarten des Fr\u00fchlings zu denken. H\u00fcbsche Krokusk\u00f6pfe durch den eisigen kalten Winterplatz. Was ist dann der &#8222;Herbstkrokus&#8220;?<\/p>\n<p>Der Herbstkrokus ist in der Tat \u00fcberhaupt kein Krokus, sondern eine Art von Art von <em>Colchicum<\/em>eine Gruppe von Herbstbl\u00e4ttern in der Familie Lily (Lilaceae). Manchmal als \u201enackte Damen\u201c bezeichnet (da sie kein Laub produzieren, nur Blumen), wachsen diese \u00fcberlebensgro\u00dfen Bl\u00fcten aus birb\u00e4hnlichen K\u00f6rpern und Bl\u00fcten ohne Unterbrechung im Herbst und in den Winter.<\/p>\n<p>Es gibt zwei Colchiums, die es wert sind, Ihre Augen offen zu halten: Colchicum Autumnale, das eine h\u00fcbsche rosa Farbe hat, und Colchicum speciosum &#8218;Album&#8216;, das nat\u00fcrlich wei\u00df ist.<\/p>\n<p>Beide Arten bilden gro\u00dfe Drifts und wachsen in Sonne und Schatten.<\/p>\n<p><strong>Hardinit\u00e4tszonen<\/strong>: 4-9<\/p>\n<p>Sie k\u00f6nnen Colchicum im Herbst aus Ferri-Samen kaufen.<\/p>\n<h3 class=\"article-body__section\" id=\"section-4-alstroemeria\"><span>4. Alstroemeria<\/span><\/h3>\n<figure class=\"van-image-figure inline-layout \" data-bordeaux-image-check id=\"30875c7c-3bfc-439d-8c85-2067324458a5\">\n<div class=\"image-full-width-wrapper\">\n<div class=\"image-widthsetter\" style=\"max-width:2000px;\"><\/div>\n<\/div>\n<\/figure>\n<p id=\"9a8ac24d-0b33-4b8c-b05d-58444c03da70\">Alstroemerias sind fantastische Kr\u00e4utern, die aus firbierartigen Knollen wachsen, jeden Sommer neue St\u00e4ngel produzieren und den ganzen Sommer und den ganzen Herbst bl\u00fchen und dann \u00fcber den Winter sterben.<\/p>\n<p>Es gibt eine breite Palette von Sorten, aus denen alle winterhart sind und die Kalttemperaturen, die Jahr f\u00fcr Jahr, viele Jahre lang zur\u00fcckkehren k\u00f6nnen.<\/p>\n<p>W\u00e4hlen Sie jedoch einen Platz in Ihrem Garten aus, der so viel Sonne wie m\u00f6glich erh\u00e4lt, wenn sie entscheiden, wann sie sie pflanzen sollen, da sie ihr maximales Potenzial erreichen, wenn sie viel Licht bekommen k\u00f6nnen.<\/p>\n<p><strong>Hardinit\u00e4tszonen<\/strong>: 6-10<\/p>\n<p>Sie k\u00f6nnen Alstroemeria bei Edelweiss Perennials kaufen.<\/p>\n<h3 class=\"article-body__section\" id=\"section-5-nerine\"><span>5. Nerine<\/span><\/h3>\n<figure class=\"van-image-figure inline-layout \" data-bordeaux-image-check id=\"4ad51213-dedc-4948-a276-5213cad6dfa4\">\n<div class=\"image-full-width-wrapper\">\n<div class=\"image-widthsetter\" style=\"max-width:2000px;\"><\/div>\n<\/div>\n<\/figure>\n<p id=\"bdb6dfea-7df3-4044-ae92-fab49b252ef1\">Im sp\u00e4ten Herbst gibt es eine Pflanze, die in einem Farbtupfer ausbricht, der eher im Sommer als die schl\u00e4frigen kalten Monate entspricht, aber den Garten beleuchtet, nur wenn Sie dachten, alles w\u00e4re vorbei.<\/p>\n<p>Alle Nerinpflanzen sind mehrj\u00e4hrige Gl\u00fchbirnen, die von September bis November in fantastischen Farben bl\u00fchen. Die meisten Nerines sind rosa, aber es gibt viele Sorten mit wei\u00dfen, Vermillion -Rot- und Magenta -Bl\u00fcten.<\/p>\n<p>Pflanzen Sie Nerine -Lampen im Sp\u00e4tsommer, und sobald sich Nerines etabliert hat, brauchen Nerines wenig oder gar keine Aufmerksamkeit.<\/p>\n<p><strong>Hardinit\u00e4tszone:<\/strong> 8-11<\/p>\n<p>Sie k\u00f6nnen Nerines in Herrengesch\u00e4ften kaufen.<\/p>\n<h3 class=\"article-body__section\" id=\"section-6-crocosmia\"><span>6. Crocosmia <\/span><\/h3>\n<figure class=\"van-image-figure inline-layout \" data-bordeaux-image-check id=\"a0f0ab37-ddf2-4483-9337-d0de8b742960\">\n<div class=\"image-full-width-wrapper\">\n<div class=\"image-widthsetter\" style=\"max-width:2000px;\"><\/div>\n<\/div>\n<\/figure>\n<p id=\"d78dd7fe-3e93-4376-840d-5eb0fa494c33\">Crocosmia ist im Gro\u00dfen und Ganzen eine der am meisten untersch\u00e4tzten Gartenpflanzen, die so viel f\u00fcr einen Garten zu geben haben, und die lodernden Spires vieler Crocosmia -Sorten bl\u00fchen weiterhin im Sommer und bis zum Herbst.<\/p>\n<p>Es gibt eine fr\u00fchbl\u00fchende Krokosmie, die bl\u00fchende Krokosmie in der Saison und die Krokosmie der sp\u00e4ten Saison. Wenn Sie diese flammartigen Blumen im Herbst haben m\u00f6chten, m\u00f6chten Sie die Augen offen halten.<\/p>\n<p>Einige Sorten, die hierf\u00fcr in Betracht gezogen werden m\u00fcssen, sind der Mandarine -farbige Crocosmia &#8218;Star of the East&#8216;, das in Great Dixter massenhaft gewachsen ist und besonders hervorragend in der Halloween -Zeit, wenn es mit seinen K\u00fcrbisorangenspitzen stolperig aussieht.<\/p>\n<p>Crocosmia &#8218;verstorbener Luzifer&#8216;, der, wie er seinen Namen entspricht, einige Wochen sp\u00e4ter bl\u00fcht als seine ber\u00fchmte Cousine Crocosmia Lucifer und Crocosmia \u00d7 Crocosmioides &#8218;Castle Ward, die bis Ende November bl\u00fcht, bis Ende November.<\/p>\n<p><strong>Hardinit\u00e4tszonen<\/strong>: 6-9<\/p>\n<p>Sie k\u00f6nnen Crocosmia Corms bei Nature Hills kaufen.<\/p>\n<hr id=\"93b95411-9d9e-42dc-b257-e20386350b4e\">\n<p id=\"1e3cf0f6-ba30-4bda-bc98-b97a4fa6a2fb\">Wenn Sie vorhaben, in den kommenden Tagen in den Garten zu gehen, um Gl\u00fchbirnen zu pflanzen, empfehlen wir dringend, einen Lob-Girb-Lampenpflanzer wie diesen Gl\u00fchbirnentransplanter von Amazon zu erhalten, um Ihnen einen R\u00fcckenschmerz zu sparen. Denken Sie daran, es gibt nichts, was ein Garten mehr liebt, als mit Hunderten von Zwiebeln gepflanzt zu werden, also gro\u00dfz\u00fcgig in gro\u00dfen Teilen pflanzen.<\/p>\n<div class=\"block\" id=\"articleTag\" data-component-name=\"PostArticleLinks\">\n<div class=\"border-b border-b-black border-solid py-2.5 text-black font-bold uppercase\">Themen<\/div>\n<nav class=\"py-2.5 flex gap-2.5 flex-wrap\" data-analytics-id=\"article-tag\">\n<p>Gl\u00fchbirnen<br \/>\n<\/nav>\n<\/div>\n<\/div>\n","protected":false},"excerpt":{"rendered":"<p>Da die Vorh\u00e4nge im Sommer und Herbst gro\u00df sind, wenden sich viele von uns auf die Herbstbl\u00e4tterbirnen. Sie sind im Garten staatsfreundlich, es ist jedoch<\/p>\n","protected":false},"author":1,"featured_media":7160,"comment_status":"closed","ping_status":"","sticky":false,"template":"","format":"standard","meta":{"footnotes":""},"categories":[118],"tags":[112,81,281,9,2557,55,320,3668,170,141,61,2292,58,8142,9604,9605],"class_list":["post-7159","post","type-post","status-publish","format-standard","has-post-thumbnail","hentry","category-haus-garten","tag-das","tag-der","tag-des","tag-die","tag-ende","tag-fuer","tag-garten","tag-geheimnis","tag-ihr","tag-muss","tag-nicht","tag-saison","tag-sind","tag-sommers","tag-verblassenherbstblaetterbirnen","tag-verlaengerung","generate-columns","tablet-grid-50","mobile-grid-100","grid-parent","grid-50"],"yoast_head":"<!-- This site is optimized with the Yoast SEO plugin v27.3 - https:\/\/yoast.com\/product\/yoast-seo-wordpress\/ -->\n<title>Ihr Garten muss am Ende des Sommers nicht verblassen-Herbstbl\u00e4tterbirnen f\u00fcr die Verl\u00e4ngerung der Saison sind das Geheimnis - Nachrichten - Stra\u00dfenweb<\/title>\n<meta name=\"robots\" content=\"index, follow, max-snippet:-1, max-image-preview:large, max-video-preview:-1\" \/>\n<link rel=\"canonical\" href=\"https:\/\/www.strassenweb.de\/nachrichten\/ihr-garten-muss-am-ende-des-sommers-nicht-verblassen-herbstblaetterbirnen-fuer-die-verlaengerung-der-saison-sind-das-geheimnis\/\" \/>\n<meta property=\"og:locale\" content=\"de_DE\" \/>\n<meta property=\"og:type\" content=\"article\" \/>\n<meta property=\"og:title\" content=\"Ihr Garten muss am Ende des Sommers nicht verblassen-Herbstbl\u00e4tterbirnen f\u00fcr die Verl\u00e4ngerung der Saison sind das Geheimnis - Nachrichten - Stra\u00dfenweb\" \/>\n<meta property=\"og:description\" content=\"Da die Vorh\u00e4nge im Sommer und Herbst gro\u00df sind, wenden sich viele von uns auf die Herbstbl\u00e4tterbirnen. Sie sind im Garten staatsfreundlich, es ist jedoch\" \/>\n<meta property=\"og:url\" content=\"https:\/\/www.strassenweb.de\/nachrichten\/ihr-garten-muss-am-ende-des-sommers-nicht-verblassen-herbstblaetterbirnen-fuer-die-verlaengerung-der-saison-sind-das-geheimnis\/\" \/>\n<meta property=\"og:site_name\" content=\"Stra\u00dfenweb\" \/>\n<meta property=\"article:publisher\" content=\"https:\/\/www.facebook.com\/strassenweb\/\" \/>\n<meta property=\"article:published_time\" content=\"2025-08-23T02:39:57+00:00\" \/>\n<meta property=\"article:modified_time\" content=\"2025-08-23T02:39:58+00:00\" \/>\n<meta property=\"og:image\" content=\"https:\/\/www.strassenweb.de\/nachrichten\/wp-content\/uploads\/2025\/08\/Ihr-Garten-muss-am-Ende-des-Sommers-nicht-verblassen-Herbstblaetterbirnen-fuer.jpg\" \/>\n\t<meta property=\"og:image:width\" content=\"1920\" \/>\n\t<meta property=\"og:image:height\" content=\"1080\" \/>\n\t<meta property=\"og:image:type\" content=\"image\/jpeg\" \/>\n<meta name=\"author\" content=\"Robert Hoffmann\" \/>\n<meta name=\"twitter:card\" content=\"summary_large_image\" \/>\n<meta name=\"twitter:label1\" content=\"Verfasst von\" \/>\n\t<meta name=\"twitter:data1\" content=\"Robert Hoffmann\" \/>\n\t<meta name=\"twitter:label2\" content=\"Gesch\u00e4tzte Lesezeit\" \/>\n\t<meta name=\"twitter:data2\" content=\"5\u00a0Minuten\" \/>\n<script type=\"application\/ld+json\" class=\"yoast-schema-graph\">{\"@context\":\"https:\\\/\\\/schema.org\",\"@graph\":[{\"@type\":\"Article\",\"@id\":\"https:\\\/\\\/www.strassenweb.de\\\/nachrichten\\\/ihr-garten-muss-am-ende-des-sommers-nicht-verblassen-herbstblaetterbirnen-fuer-die-verlaengerung-der-saison-sind-das-geheimnis\\\/#article\",\"isPartOf\":{\"@id\":\"https:\\\/\\\/www.strassenweb.de\\\/nachrichten\\\/ihr-garten-muss-am-ende-des-sommers-nicht-verblassen-herbstblaetterbirnen-fuer-die-verlaengerung-der-saison-sind-das-geheimnis\\\/\"},\"author\":{\"name\":\"Robert Hoffmann\",\"@id\":\"https:\\\/\\\/www.strassenweb.de\\\/nachrichten\\\/#\\\/schema\\\/person\\\/87c9c9067f1211da429a744dc5a5aa41\"},\"headline\":\"Ihr Garten muss am Ende des Sommers nicht verblassen-Herbstbl\u00e4tterbirnen f\u00fcr die Verl\u00e4ngerung der Saison sind das Geheimnis\",\"datePublished\":\"2025-08-23T02:39:57+00:00\",\"dateModified\":\"2025-08-23T02:39:58+00:00\",\"mainEntityOfPage\":{\"@id\":\"https:\\\/\\\/www.strassenweb.de\\\/nachrichten\\\/ihr-garten-muss-am-ende-des-sommers-nicht-verblassen-herbstblaetterbirnen-fuer-die-verlaengerung-der-saison-sind-das-geheimnis\\\/\"},\"wordCount\":1024,\"publisher\":{\"@id\":\"https:\\\/\\\/www.strassenweb.de\\\/nachrichten\\\/#organization\"},\"image\":{\"@id\":\"https:\\\/\\\/www.strassenweb.de\\\/nachrichten\\\/ihr-garten-muss-am-ende-des-sommers-nicht-verblassen-herbstblaetterbirnen-fuer-die-verlaengerung-der-saison-sind-das-geheimnis\\\/#primaryimage\"},\"thumbnailUrl\":\"https:\\\/\\\/www.strassenweb.de\\\/nachrichten\\\/wp-content\\\/uploads\\\/2025\\\/08\\\/Ihr-Garten-muss-am-Ende-des-Sommers-nicht-verblassen-Herbstblaetterbirnen-fuer.jpg\",\"keywords\":[\"das\",\"der\",\"des\",\"die\",\"Ende\",\"f\u00fcr\",\"Garten\",\"Geheimnis\",\"Ihr\",\"muss\",\"nicht\",\"Saison\",\"sind\",\"Sommers\",\"verblassenHerbstbl\u00e4tterbirnen\",\"Verl\u00e4ngerung\"],\"articleSection\":[\"Haus &amp; Garten\"],\"inLanguage\":\"de\"},{\"@type\":\"WebPage\",\"@id\":\"https:\\\/\\\/www.strassenweb.de\\\/nachrichten\\\/ihr-garten-muss-am-ende-des-sommers-nicht-verblassen-herbstblaetterbirnen-fuer-die-verlaengerung-der-saison-sind-das-geheimnis\\\/\",\"url\":\"https:\\\/\\\/www.strassenweb.de\\\/nachrichten\\\/ihr-garten-muss-am-ende-des-sommers-nicht-verblassen-herbstblaetterbirnen-fuer-die-verlaengerung-der-saison-sind-das-geheimnis\\\/\",\"name\":\"Ihr Garten muss am Ende des Sommers nicht verblassen-Herbstbl\u00e4tterbirnen f\u00fcr die Verl\u00e4ngerung der Saison sind das Geheimnis - Nachrichten - Stra\u00dfenweb\",\"isPartOf\":{\"@id\":\"https:\\\/\\\/www.strassenweb.de\\\/nachrichten\\\/#website\"},\"primaryImageOfPage\":{\"@id\":\"https:\\\/\\\/www.strassenweb.de\\\/nachrichten\\\/ihr-garten-muss-am-ende-des-sommers-nicht-verblassen-herbstblaetterbirnen-fuer-die-verlaengerung-der-saison-sind-das-geheimnis\\\/#primaryimage\"},\"image\":{\"@id\":\"https:\\\/\\\/www.strassenweb.de\\\/nachrichten\\\/ihr-garten-muss-am-ende-des-sommers-nicht-verblassen-herbstblaetterbirnen-fuer-die-verlaengerung-der-saison-sind-das-geheimnis\\\/#primaryimage\"},\"thumbnailUrl\":\"https:\\\/\\\/www.strassenweb.de\\\/nachrichten\\\/wp-content\\\/uploads\\\/2025\\\/08\\\/Ihr-Garten-muss-am-Ende-des-Sommers-nicht-verblassen-Herbstblaetterbirnen-fuer.jpg\",\"datePublished\":\"2025-08-23T02:39:57+00:00\",\"dateModified\":\"2025-08-23T02:39:58+00:00\",\"breadcrumb\":{\"@id\":\"https:\\\/\\\/www.strassenweb.de\\\/nachrichten\\\/ihr-garten-muss-am-ende-des-sommers-nicht-verblassen-herbstblaetterbirnen-fuer-die-verlaengerung-der-saison-sind-das-geheimnis\\\/#breadcrumb\"},\"inLanguage\":\"de\",\"potentialAction\":[{\"@type\":\"ReadAction\",\"target\":[\"https:\\\/\\\/www.strassenweb.de\\\/nachrichten\\\/ihr-garten-muss-am-ende-des-sommers-nicht-verblassen-herbstblaetterbirnen-fuer-die-verlaengerung-der-saison-sind-das-geheimnis\\\/\"]}]},{\"@type\":\"ImageObject\",\"inLanguage\":\"de\",\"@id\":\"https:\\\/\\\/www.strassenweb.de\\\/nachrichten\\\/ihr-garten-muss-am-ende-des-sommers-nicht-verblassen-herbstblaetterbirnen-fuer-die-verlaengerung-der-saison-sind-das-geheimnis\\\/#primaryimage\",\"url\":\"https:\\\/\\\/www.strassenweb.de\\\/nachrichten\\\/wp-content\\\/uploads\\\/2025\\\/08\\\/Ihr-Garten-muss-am-Ende-des-Sommers-nicht-verblassen-Herbstblaetterbirnen-fuer.jpg\",\"contentUrl\":\"https:\\\/\\\/www.strassenweb.de\\\/nachrichten\\\/wp-content\\\/uploads\\\/2025\\\/08\\\/Ihr-Garten-muss-am-Ende-des-Sommers-nicht-verblassen-Herbstblaetterbirnen-fuer.jpg\",\"width\":1920,\"height\":1080,\"caption\":\"Autumn garden\"},{\"@type\":\"BreadcrumbList\",\"@id\":\"https:\\\/\\\/www.strassenweb.de\\\/nachrichten\\\/ihr-garten-muss-am-ende-des-sommers-nicht-verblassen-herbstblaetterbirnen-fuer-die-verlaengerung-der-saison-sind-das-geheimnis\\\/#breadcrumb\",\"itemListElement\":[{\"@type\":\"ListItem\",\"position\":1,\"name\":\"Home\",\"item\":\"https:\\\/\\\/www.strassenweb.de\\\/nachrichten\\\/\"},{\"@type\":\"ListItem\",\"position\":2,\"name\":\"Ihr Garten muss am Ende des Sommers nicht verblassen-Herbstbl\u00e4tterbirnen f\u00fcr die Verl\u00e4ngerung der Saison sind das Geheimnis\"}]},{\"@type\":\"WebSite\",\"@id\":\"https:\\\/\\\/www.strassenweb.de\\\/nachrichten\\\/#website\",\"url\":\"https:\\\/\\\/www.strassenweb.de\\\/nachrichten\\\/\",\"name\":\"Stra\u00dfenweb\",\"description\":\"Stra\u00dfenverzeichnis f\u00fcr Deutschland\",\"publisher\":{\"@id\":\"https:\\\/\\\/www.strassenweb.de\\\/nachrichten\\\/#organization\"},\"potentialAction\":[{\"@type\":\"SearchAction\",\"target\":{\"@type\":\"EntryPoint\",\"urlTemplate\":\"https:\\\/\\\/www.strassenweb.de\\\/nachrichten\\\/?s={search_term_string}\"},\"query-input\":{\"@type\":\"PropertyValueSpecification\",\"valueRequired\":true,\"valueName\":\"search_term_string\"}}],\"inLanguage\":\"de\"},{\"@type\":\"Organization\",\"@id\":\"https:\\\/\\\/www.strassenweb.de\\\/nachrichten\\\/#organization\",\"name\":\"Stra\u00dfenweb\",\"url\":\"https:\\\/\\\/www.strassenweb.de\\\/nachrichten\\\/\",\"logo\":{\"@type\":\"ImageObject\",\"inLanguage\":\"de\",\"@id\":\"https:\\\/\\\/www.strassenweb.de\\\/nachrichten\\\/#\\\/schema\\\/logo\\\/image\\\/\",\"url\":\"https:\\\/\\\/www.strassenweb.de\\\/nachrichten\\\/wp-content\\\/uploads\\\/2024\\\/09\\\/cropped-favicon.png\",\"contentUrl\":\"https:\\\/\\\/www.strassenweb.de\\\/nachrichten\\\/wp-content\\\/uploads\\\/2024\\\/09\\\/cropped-favicon.png\",\"width\":512,\"height\":512,\"caption\":\"Stra\u00dfenweb\"},\"image\":{\"@id\":\"https:\\\/\\\/www.strassenweb.de\\\/nachrichten\\\/#\\\/schema\\\/logo\\\/image\\\/\"},\"sameAs\":[\"https:\\\/\\\/www.facebook.com\\\/strassenweb\\\/\"]},{\"@type\":\"Person\",\"@id\":\"https:\\\/\\\/www.strassenweb.de\\\/nachrichten\\\/#\\\/schema\\\/person\\\/87c9c9067f1211da429a744dc5a5aa41\",\"name\":\"Robert Hoffmann\",\"image\":{\"@type\":\"ImageObject\",\"inLanguage\":\"de\",\"@id\":\"https:\\\/\\\/www.strassenweb.de\\\/nachrichten\\\/wp-content\\\/uploads\\\/2024\\\/09\\\/strassenweb-150x150.jpg\",\"url\":\"https:\\\/\\\/www.strassenweb.de\\\/nachrichten\\\/wp-content\\\/uploads\\\/2024\\\/09\\\/strassenweb-150x150.jpg\",\"contentUrl\":\"https:\\\/\\\/www.strassenweb.de\\\/nachrichten\\\/wp-content\\\/uploads\\\/2024\\\/09\\\/strassenweb-150x150.jpg\",\"caption\":\"Robert Hoffmann\"},\"description\":\"Ich hei\u00dfe Robert Hoffmann und ich bin ein leidenschaftlicher Verfechter von \u00d6kologie und Biodiversit\u00e4t. Seit meiner Kindheit in den W\u00e4ldern Bayerns f\u00fchle ich mich mit der Natur verbunden und bin entschlossen, sie zu sch\u00fctzen. Heute widme ich mein Leben der Sensibilisierung anderer f\u00fcr die Bedeutung des Umweltschutzes f\u00fcr zuk\u00fcnftige Generationen.\",\"sameAs\":[\"https:\\\/\\\/www.strassenweb.de\\\/\"]}]}<\/script>\n<!-- \/ Yoast SEO plugin. -->","yoast_head_json":{"title":"Ihr Garten muss am Ende des Sommers nicht verblassen-Herbstbl\u00e4tterbirnen f\u00fcr die Verl\u00e4ngerung der Saison sind das Geheimnis - Nachrichten - Stra\u00dfenweb","robots":{"index":"index","follow":"follow","max-snippet":"max-snippet:-1","max-image-preview":"max-image-preview:large","max-video-preview":"max-video-preview:-1"},"canonical":"https:\/\/www.strassenweb.de\/nachrichten\/ihr-garten-muss-am-ende-des-sommers-nicht-verblassen-herbstblaetterbirnen-fuer-die-verlaengerung-der-saison-sind-das-geheimnis\/","og_locale":"de_DE","og_type":"article","og_title":"Ihr Garten muss am Ende des Sommers nicht verblassen-Herbstbl\u00e4tterbirnen f\u00fcr die Verl\u00e4ngerung der Saison sind das Geheimnis - Nachrichten - Stra\u00dfenweb","og_description":"Da die Vorh\u00e4nge im Sommer und Herbst gro\u00df sind, wenden sich viele von uns auf die Herbstbl\u00e4tterbirnen. Sie sind im Garten staatsfreundlich, es ist jedoch","og_url":"https:\/\/www.strassenweb.de\/nachrichten\/ihr-garten-muss-am-ende-des-sommers-nicht-verblassen-herbstblaetterbirnen-fuer-die-verlaengerung-der-saison-sind-das-geheimnis\/","og_site_name":"Stra\u00dfenweb","article_publisher":"https:\/\/www.facebook.com\/strassenweb\/","article_published_time":"2025-08-23T02:39:57+00:00","article_modified_time":"2025-08-23T02:39:58+00:00","og_image":[{"width":1920,"height":1080,"url":"https:\/\/www.strassenweb.de\/nachrichten\/wp-content\/uploads\/2025\/08\/Ihr-Garten-muss-am-Ende-des-Sommers-nicht-verblassen-Herbstblaetterbirnen-fuer.jpg","type":"image\/jpeg"}],"author":"Robert Hoffmann","twitter_card":"summary_large_image","twitter_misc":{"Verfasst von":"Robert Hoffmann","Gesch\u00e4tzte Lesezeit":"5\u00a0Minuten"},"schema":{"@context":"https:\/\/schema.org","@graph":[{"@type":"Article","@id":"https:\/\/www.strassenweb.de\/nachrichten\/ihr-garten-muss-am-ende-des-sommers-nicht-verblassen-herbstblaetterbirnen-fuer-die-verlaengerung-der-saison-sind-das-geheimnis\/#article","isPartOf":{"@id":"https:\/\/www.strassenweb.de\/nachrichten\/ihr-garten-muss-am-ende-des-sommers-nicht-verblassen-herbstblaetterbirnen-fuer-die-verlaengerung-der-saison-sind-das-geheimnis\/"},"author":{"name":"Robert Hoffmann","@id":"https:\/\/www.strassenweb.de\/nachrichten\/#\/schema\/person\/87c9c9067f1211da429a744dc5a5aa41"},"headline":"Ihr Garten muss am Ende des Sommers nicht verblassen-Herbstbl\u00e4tterbirnen f\u00fcr die Verl\u00e4ngerung der Saison sind das Geheimnis","datePublished":"2025-08-23T02:39:57+00:00","dateModified":"2025-08-23T02:39:58+00:00","mainEntityOfPage":{"@id":"https:\/\/www.strassenweb.de\/nachrichten\/ihr-garten-muss-am-ende-des-sommers-nicht-verblassen-herbstblaetterbirnen-fuer-die-verlaengerung-der-saison-sind-das-geheimnis\/"},"wordCount":1024,"publisher":{"@id":"https:\/\/www.strassenweb.de\/nachrichten\/#organization"},"image":{"@id":"https:\/\/www.strassenweb.de\/nachrichten\/ihr-garten-muss-am-ende-des-sommers-nicht-verblassen-herbstblaetterbirnen-fuer-die-verlaengerung-der-saison-sind-das-geheimnis\/#primaryimage"},"thumbnailUrl":"https:\/\/www.strassenweb.de\/nachrichten\/wp-content\/uploads\/2025\/08\/Ihr-Garten-muss-am-Ende-des-Sommers-nicht-verblassen-Herbstblaetterbirnen-fuer.jpg","keywords":["das","der","des","die","Ende","f\u00fcr","Garten","Geheimnis","Ihr","muss","nicht","Saison","sind","Sommers","verblassenHerbstbl\u00e4tterbirnen","Verl\u00e4ngerung"],"articleSection":["Haus &amp; Garten"],"inLanguage":"de"},{"@type":"WebPage","@id":"https:\/\/www.strassenweb.de\/nachrichten\/ihr-garten-muss-am-ende-des-sommers-nicht-verblassen-herbstblaetterbirnen-fuer-die-verlaengerung-der-saison-sind-das-geheimnis\/","url":"https:\/\/www.strassenweb.de\/nachrichten\/ihr-garten-muss-am-ende-des-sommers-nicht-verblassen-herbstblaetterbirnen-fuer-die-verlaengerung-der-saison-sind-das-geheimnis\/","name":"Ihr Garten muss am Ende des Sommers nicht verblassen-Herbstbl\u00e4tterbirnen f\u00fcr die Verl\u00e4ngerung der Saison sind das Geheimnis - Nachrichten - Stra\u00dfenweb","isPartOf":{"@id":"https:\/\/www.strassenweb.de\/nachrichten\/#website"},"primaryImageOfPage":{"@id":"https:\/\/www.strassenweb.de\/nachrichten\/ihr-garten-muss-am-ende-des-sommers-nicht-verblassen-herbstblaetterbirnen-fuer-die-verlaengerung-der-saison-sind-das-geheimnis\/#primaryimage"},"image":{"@id":"https:\/\/www.strassenweb.de\/nachrichten\/ihr-garten-muss-am-ende-des-sommers-nicht-verblassen-herbstblaetterbirnen-fuer-die-verlaengerung-der-saison-sind-das-geheimnis\/#primaryimage"},"thumbnailUrl":"https:\/\/www.strassenweb.de\/nachrichten\/wp-content\/uploads\/2025\/08\/Ihr-Garten-muss-am-Ende-des-Sommers-nicht-verblassen-Herbstblaetterbirnen-fuer.jpg","datePublished":"2025-08-23T02:39:57+00:00","dateModified":"2025-08-23T02:39:58+00:00","breadcrumb":{"@id":"https:\/\/www.strassenweb.de\/nachrichten\/ihr-garten-muss-am-ende-des-sommers-nicht-verblassen-herbstblaetterbirnen-fuer-die-verlaengerung-der-saison-sind-das-geheimnis\/#breadcrumb"},"inLanguage":"de","potentialAction":[{"@type":"ReadAction","target":["https:\/\/www.strassenweb.de\/nachrichten\/ihr-garten-muss-am-ende-des-sommers-nicht-verblassen-herbstblaetterbirnen-fuer-die-verlaengerung-der-saison-sind-das-geheimnis\/"]}]},{"@type":"ImageObject","inLanguage":"de","@id":"https:\/\/www.strassenweb.de\/nachrichten\/ihr-garten-muss-am-ende-des-sommers-nicht-verblassen-herbstblaetterbirnen-fuer-die-verlaengerung-der-saison-sind-das-geheimnis\/#primaryimage","url":"https:\/\/www.strassenweb.de\/nachrichten\/wp-content\/uploads\/2025\/08\/Ihr-Garten-muss-am-Ende-des-Sommers-nicht-verblassen-Herbstblaetterbirnen-fuer.jpg","contentUrl":"https:\/\/www.strassenweb.de\/nachrichten\/wp-content\/uploads\/2025\/08\/Ihr-Garten-muss-am-Ende-des-Sommers-nicht-verblassen-Herbstblaetterbirnen-fuer.jpg","width":1920,"height":1080,"caption":"Autumn garden"},{"@type":"BreadcrumbList","@id":"https:\/\/www.strassenweb.de\/nachrichten\/ihr-garten-muss-am-ende-des-sommers-nicht-verblassen-herbstblaetterbirnen-fuer-die-verlaengerung-der-saison-sind-das-geheimnis\/#breadcrumb","itemListElement":[{"@type":"ListItem","position":1,"name":"Home","item":"https:\/\/www.strassenweb.de\/nachrichten\/"},{"@type":"ListItem","position":2,"name":"Ihr Garten muss am Ende des Sommers nicht verblassen-Herbstbl\u00e4tterbirnen f\u00fcr die Verl\u00e4ngerung der Saison sind das Geheimnis"}]},{"@type":"WebSite","@id":"https:\/\/www.strassenweb.de\/nachrichten\/#website","url":"https:\/\/www.strassenweb.de\/nachrichten\/","name":"Stra\u00dfenweb","description":"Stra\u00dfenverzeichnis f\u00fcr Deutschland","publisher":{"@id":"https:\/\/www.strassenweb.de\/nachrichten\/#organization"},"potentialAction":[{"@type":"SearchAction","target":{"@type":"EntryPoint","urlTemplate":"https:\/\/www.strassenweb.de\/nachrichten\/?s={search_term_string}"},"query-input":{"@type":"PropertyValueSpecification","valueRequired":true,"valueName":"search_term_string"}}],"inLanguage":"de"},{"@type":"Organization","@id":"https:\/\/www.strassenweb.de\/nachrichten\/#organization","name":"Stra\u00dfenweb","url":"https:\/\/www.strassenweb.de\/nachrichten\/","logo":{"@type":"ImageObject","inLanguage":"de","@id":"https:\/\/www.strassenweb.de\/nachrichten\/#\/schema\/logo\/image\/","url":"https:\/\/www.strassenweb.de\/nachrichten\/wp-content\/uploads\/2024\/09\/cropped-favicon.png","contentUrl":"https:\/\/www.strassenweb.de\/nachrichten\/wp-content\/uploads\/2024\/09\/cropped-favicon.png","width":512,"height":512,"caption":"Stra\u00dfenweb"},"image":{"@id":"https:\/\/www.strassenweb.de\/nachrichten\/#\/schema\/logo\/image\/"},"sameAs":["https:\/\/www.facebook.com\/strassenweb\/"]},{"@type":"Person","@id":"https:\/\/www.strassenweb.de\/nachrichten\/#\/schema\/person\/87c9c9067f1211da429a744dc5a5aa41","name":"Robert Hoffmann","image":{"@type":"ImageObject","inLanguage":"de","@id":"https:\/\/www.strassenweb.de\/nachrichten\/wp-content\/uploads\/2024\/09\/strassenweb-150x150.jpg","url":"https:\/\/www.strassenweb.de\/nachrichten\/wp-content\/uploads\/2024\/09\/strassenweb-150x150.jpg","contentUrl":"https:\/\/www.strassenweb.de\/nachrichten\/wp-content\/uploads\/2024\/09\/strassenweb-150x150.jpg","caption":"Robert Hoffmann"},"description":"Ich hei\u00dfe Robert Hoffmann und ich bin ein leidenschaftlicher Verfechter von \u00d6kologie und Biodiversit\u00e4t. Seit meiner Kindheit in den W\u00e4ldern Bayerns f\u00fchle ich mich mit der Natur verbunden und bin entschlossen, sie zu sch\u00fctzen. Heute widme ich mein Leben der Sensibilisierung anderer f\u00fcr die Bedeutung des Umweltschutzes f\u00fcr zuk\u00fcnftige Generationen.","sameAs":["https:\/\/www.strassenweb.de\/"]}]}},"_links":{"self":[{"href":"https:\/\/www.strassenweb.de\/nachrichten\/wp-json\/wp\/v2\/posts\/7159","targetHints":{"allow":["GET"]}}],"collection":[{"href":"https:\/\/www.strassenweb.de\/nachrichten\/wp-json\/wp\/v2\/posts"}],"about":[{"href":"https:\/\/www.strassenweb.de\/nachrichten\/wp-json\/wp\/v2\/types\/post"}],"author":[{"embeddable":true,"href":"https:\/\/www.strassenweb.de\/nachrichten\/wp-json\/wp\/v2\/users\/1"}],"replies":[{"embeddable":true,"href":"https:\/\/www.strassenweb.de\/nachrichten\/wp-json\/wp\/v2\/comments?post=7159"}],"version-history":[{"count":0,"href":"https:\/\/www.strassenweb.de\/nachrichten\/wp-json\/wp\/v2\/posts\/7159\/revisions"}],"wp:featuredmedia":[{"embeddable":true,"href":"https:\/\/www.strassenweb.de\/nachrichten\/wp-json\/wp\/v2\/media\/7160"}],"wp:attachment":[{"href":"https:\/\/www.strassenweb.de\/nachrichten\/wp-json\/wp\/v2\/media?parent=7159"}],"wp:term":[{"taxonomy":"category","embeddable":true,"href":"https:\/\/www.strassenweb.de\/nachrichten\/wp-json\/wp\/v2\/categories?post=7159"},{"taxonomy":"post_tag","embeddable":true,"href":"https:\/\/www.strassenweb.de\/nachrichten\/wp-json\/wp\/v2\/tags?post=7159"}],"curies":[{"name":"wp","href":"https:\/\/api.w.org\/{rel}","templated":true}]}}