{"id":7136,"date":"2025-08-22T10:40:15","date_gmt":"2025-08-22T08:40:15","guid":{"rendered":"https:\/\/www.strassenweb.de\/nachrichten\/ein-haus-das-seit-fast-vier-jahrzehnten-nicht-mehr-beruehrt-worden-war\/"},"modified":"2025-08-22T10:40:17","modified_gmt":"2025-08-22T08:40:17","slug":"ein-haus-das-seit-fast-vier-jahrzehnten-nicht-mehr-beruehrt-worden-war","status":"publish","type":"post","link":"https:\/\/www.strassenweb.de\/nachrichten\/ein-haus-das-seit-fast-vier-jahrzehnten-nicht-mehr-beruehrt-worden-war\/","title":{"rendered":"Ein Haus, das seit fast vier Jahrzehnten nicht mehr ber\u00fchrt worden war"},"content":{"rendered":"<p><\/p>\n<div id=\"article-body\" class=\"article__body \">\n<p id=\"c1cfe420-fe7d-475a-ac96-8e65b14740db\">\u201eEin Glaubenssprung ist, wie Charly und Jonny ihre Herangehensweise an die Renovierung dieses Hauses in London beschreiben, in dem sie mit ihren beiden kleinen Kindern leben. Das Haus wurde einer vollst\u00e4ndigen Transformation unterzogen, nachdem er fast vier Jahrzehnte unber\u00fchrt war. Beide waren bestrebt, offensichtliche Tropen im Hausdesign zu vermeiden-wie die typische K\u00fcchenerweiterung im Erdgeschoss-zugunsten von etwas Abenteuerlicherem. &#8222;Wir leben ziemlich beil\u00e4ufig&#8220;, sagt Charly, &#8222;aber wir genie\u00dfen auch ein Gleichgewicht zwischen Sch\u00f6nheit und Nutzen. Wir wollten, dass sich das in der Gestaltung dieses Hauses widerspiegelt. &#8218;<\/p>\n<div id=\"ad-unit-1\" class=\"ad-unit\"><\/div>\n<figure class=\"van-image-figure inline-layout \" data-bordeaux-image-check id=\"21c94daa-add2-4b1c-8b8f-ffb7eea5a61b\">\n<div class=\"image-full-width-wrapper\">\n<div class=\"image-widthsetter\" style=\"max-width:2000px;\"><\/div>\n<\/div><figcaption class=\"inline-layout \">\n<div class=\"caption-text\">\n<p>Eingangspunkt: Ein gestolperter Marmorboden nickt den viktorianischen Wurzeln des Geb\u00e4udes, ebenso wie das Blumen -Tapete. Di Scacchi Marmorboden, Mandarinstein. Wild Tulip Wallpaper, soane Gro\u00dfbritannien. Berwick Console, Alfred Newall. Eloise Spiegel in gealtertem Gold, Sweetpea &#038; Willow. Blonde gerippte Keramik -Lampen -Basis, Penny Morrison. Streifen Kirschschatten, Imogen Papst. L\u00e4ufer, Sinclair Till. Anh\u00e4nger, Beata Heuman.<\/p>\n<\/div>\n<\/figcaption><\/figure>\n<p id=\"2f31a39d-8b4f-405c-a233-8b2976b3732b\">Mit Hilfe von Smith Brooke Architects und Innenarchitekten Emma Ainscough schuf das Paar einen Raum, der sich sowohl zutiefst pers\u00f6nlich als auch sehr praktisch anf\u00fchlt. Ein Hauptziel bestand darin, sicherzustellen, dass jeder Raum in vollen Z\u00fcgen genutzt wird &#8211; nichts sollte f\u00fcr besondere Anl\u00e4sse reserviert werden. &#8222;Wir wollten ein Gef\u00fchl der Verspieltheit behalten und R\u00e4ume schaffen, die visuell zusammenh\u00e4ngend waren und gleichzeitig M\u00f6glichkeiten mit Muster und Farbe erforschen&#8220;, erkl\u00e4rt Charly.<\/p>\n<figure class=\"van-image-figure inline-layout \" data-bordeaux-image-check id=\"d8995e24-40f5-42a1-b577-390013ab28b7\">\n<div class=\"image-full-width-wrapper\">\n<div class=\"image-widthsetter\" style=\"max-width:4000px;\"><\/div>\n<\/div><figcaption class=\"inline-layout \">\n<div class=\"caption-text\">\n<p>K\u00fcche: Erdige gr\u00fcne und weiche Rosa konvergieren in diesem Raum, der mit minimalen Wandeinheiten f\u00fcr ein luftteres Gef\u00fchl ausgestattet ist. Insel in Wilkes Gr\u00fcn; Pennerhocker, alles Devol. Clemente Double Sconces, Visual Comfort &#038; Co. Antique Pendant Lights, Joseph Berry Interiors.<\/p>\n<\/div>\n<\/figcaption><\/figure>\n<p id=\"f6918f9b-582f-4f80-8421-835291ab7348\">Obwohl das Ehepaar viele Periodenfunktionen aufbewahrte oder wiederherstellte &#8211; wie Gesimsen, Sch\u00e4rpenfenster und hohen Decken -, haben sie auch einige mutige Designentscheidungen getroffen. Im Heck musste ein alter Wintergarten gehen. &#8222;Es war romantisch, aber unpraktisch &#8211; im Winter kalt und im Sommer im Sommer&#8220;, sagt Charly. &#8222;Und es bedeutete, dass unser Familienlebensraum gr\u00f6\u00dftenteils auf den Keller beschr\u00e4nkt war, was angesichts der Sch\u00f6nheit des oberen Erdgeschosses eine Schande anf\u00fchlte.&#8220;<\/p>\n<div class=\"van_vid_carousel\">\n<div class=\"van_vid_carousel__padding\">\n<div class=\"van_vid_carousel__container\"><\/div>\n<\/div>\n<\/div>\n<figure class=\"van-image-figure inline-layout \" data-bordeaux-image-check id=\"7cfd9488-2089-48e4-baaf-45d9c5086ef4\">\n<div class=\"image-full-width-wrapper\">\n<div class=\"image-widthsetter\" style=\"max-width:2000px;\"><\/div>\n<\/div><figcaption class=\"inline-layout \">\n<div class=\"caption-text\">\n<p>Kitchen Diner: Entspannte Stoffe, vom Caf\u00e9 -Vorhang bis zum Anh\u00e4nger R\u00fcschen, versetzen Sie die formelleren Details der wiederherstelleren Zeit, einschlie\u00dflich der Deckenrose. Kunstwerk von Jack Penny. Ma\u00dfgeschneiderter Tabelle, entworfen von Emma Aincough; Made von Bill gemacht. Antikst\u00fchle, Joseph Berry Interiors; Bedeckt mit einem Stoff aus der Le Manach -Sammlung von Pierre Frey. Blind in Cypress Leinen, Howe.<\/p>\n<\/div>\n<\/figcaption><\/figure>\n<p id=\"45ce3cae-344e-4ab0-82da-c3f6c01acdcf\">Stattdessen erstreckten sie sich zur Seite und f\u00fcgten einen neuen Eingang f\u00fcr Fahrr\u00e4der und Kinderwagen hinzu. Eine Erweiterung im unterirdischen Boden mit anmutigen B\u00f6gen wurde ebenfalls gebaut, inspiriert von Charlys Liebe zu Kurven.<\/p>\n<div id=\"ad-unit-2\" class=\"ad-unit\"><\/div>\n<p>&#8222;Ich genie\u00dfe die Weichheit der abgerundeten Architektur, und es hat sich gut mit den Proportionen des Hauses verschmolzen&#8220;, sagt sie. \u201eWir sind aus dem Norden und beeinflusst von der Sanftmut englischer Landh\u00e4user, also f\u00fchlte sich das richtig an. Es wird durch andere weicher Elemente erg\u00e4nzt, wie ein gebogener Gartenpfad. &#8218;<\/p>\n<figure class=\"van-image-figure inline-layout \" data-bordeaux-image-check id=\"64d0d591-e6b1-48f4-8e51-bcbd379f48a3\">\n<div class=\"image-full-width-wrapper\">\n<div class=\"image-widthsetter\" style=\"max-width:2000px;\"><\/div>\n<\/div><figcaption class=\"inline-layout \">\n<div class=\"caption-text\">\n<p>Wohnzimmer: Der kr\u00e4ftige Chequerboard -Teppich und der gr\u00fcne Farbton der Bar sorgen f\u00fcr ein modernes Programm. T\u00fcren, Fabco. Teppich, Pelican House. Antike Sessel, Tallboy Interiors; Bedeckt mit Marci in Festuca, Garnkollektiv\/Studio Ashby. Red Clover Martini Tisch, Hone Gallery. Bar in leichter Olivengr\u00fcn, Edward Bulmer nat\u00fcrlicher Farbe.<\/p>\n<\/div>\n<\/figcaption><\/figure>\n<p id=\"558e6400-5ba5-4573-8eb1-fc2b11286d2c\">Anstatt die K\u00fcche in der neuen Verl\u00e4ngerung auf den Garten zu platzieren, schlug der Architekt Lucy Brooke vor, sie nach oben zu bewegen, indem er durchklopfte, um einen kombinierten K\u00fcchenkreisbereich zu schaffen. In der Erweiterung befindet sich stattdessen das Wohnzimmer, das Studium, das Versorgungsraum und das Spielzimmer-alle mit raumhohen Glasst\u00fcren verbunden.<\/p>\n<p>Diese Verschiebung veranlasste die Innenarchitektin Emma, \u200b\u200bzu \u00fcberlegen, wie die neuen R\u00e4ume am besten mit der vorhandenen Struktur verbunden werden k\u00f6nnen. &#8222;Ich wollte die R\u00e4ume differenzieren und der Architektur der einzelnen Architektur treu bleiben, ohne irgendetwas zu erscheinen&#8220;, sagt sie. &#8222;Infolgedessen hat das Wohnzimmer eine raffiniertere Farbpalette, die immer noch verspielte Farbpops enth\u00e4lt &#8211; wie die pulverblauen Schr\u00e4nke im Spielzimmer jenseits.&#8220;<\/p>\n<div id=\"slice-container-newsletterForm-articleInbodyContent-DuwTUKt3YED5Lr96zFLKfS\" class=\"slice-container newsletter-inbodyContent-slice newsletterForm-articleInbodyContent-DuwTUKt3YED5Lr96zFLKfS slice-container-newsletterForm\"><\/div>\n<figure class=\"van-image-figure inline-layout \" data-bordeaux-image-check id=\"37495c30-bd9c-421c-ba32-554e8de486b7\">\n<div class=\"image-full-width-wrapper\">\n<div class=\"image-widthsetter\" style=\"max-width:2000px;\"><\/div>\n<\/div><figcaption class=\"inline-layout \">\n<div class=\"caption-text\">\n<p>Sitzbereich: Die Kunst und die gebillelten Details sind spielerische Details. Sofa in Levant, Nicole Fabre Designs bei Tissus d&#8217;H\u00e9l\u00e8ne; Mit Olive -Sacking, Guy Goodfellow Collection. Teppich, Pelican House. Schatten, Munro und Kerr.<\/p>\n<\/div>\n<\/figcaption><\/figure>\n<p id=\"f53d82e6-881a-4dbf-b287-f3b4c74cf66b\">Im Laufe des Hauses f\u00fcgen nachdenkliche Details Weichheit und W\u00e4rme hinzu &#8211; von Zellige -Fliesen und antiken Anh\u00e4ngerleuchten in der K\u00fcche bis hin zu einem Schachbrett -Arbeitsplatten im Versorgungsraum, einem der Signature -Muster von Emma, \u200b\u200bspiegelt sich im Teppich des Wohnzimmers wider.<\/p>\n<p>&#8222;Funktion kam zuerst, aber wir haben auch dar\u00fcber nachgedacht, wie wir uns f\u00fcr jeden Raum f\u00fchlen wollten&#8220;, erkl\u00e4rt Emma. &#8222;Das bedeutete, dass wir Spa\u00df mit materiellen Auswahlm\u00f6glichkeiten haben konnten, anstatt sich an rein utilitaristische Oberfl\u00e4chen zu halten.&#8220;<\/p>\n<figure class=\"van-image-figure inline-layout \" data-bordeaux-image-check id=\"9d141785-9ebf-4889-bf73-361c116a385e\">\n<div class=\"image-full-width-wrapper\">\n<div class=\"image-widthsetter\" style=\"max-width:4000px;\"><\/div>\n<\/div><figcaption class=\"inline-layout \">\n<div class=\"caption-text\">\n<p>Powder Room (rechts): &#8222;Ich liebe R\u00e4ume, in denen ich mit dem Design besonders verspielt sein kann&#8220;, sagt Emma \u00fcber diesen Raum, der ein Muster -Clash in einer Blues -Palette enth\u00e4lt. Guirandes de Fleurs Wallpaper, Antoinette Poisson. Decke in Azurit, Edward Bulmer nat\u00fcrlicher Farbe. Prognose Kacheln, abgefeuerte Erde. Antique Messing Taps, LeFroy Brooks. Polierte Messing -Scheinwerfer, Rose Unippe. Hauptsuite (links): \u00dcber dem Bad, definiert durch seine Cippolino -Marmor -Umgebung, h\u00e4ngt ein Kunstwerk aus der privaten Sammlung von Tom Allport. Badewaren Sie Surround, Porter. Handtuchhalter; Mackintosh Tapware; LeFroy Brooks.<\/p>\n<\/div>\n<\/figcaption><\/figure>\n<p id=\"fd189010-7a03-491e-82ef-d75136845105\">Es gibt auch viele familienfreundliche dekorative Elemente. In der K\u00fcche verf\u00fcgt ein umfassendes, armloses Sofa \u00fcber eine freudige Mischung aus Mustern und Streifen, die langlebig genug ist, sagt Emma, \u200b\u200bum \u201eden Strapazen von Jam -Sandwiches vor dem Fernseher zu widerstehen\u201c.<\/p>\n<p>In der Studie kontrastiert ein fein gemustertes Howe -Tapeten mit der grafischen Linie eines rahmenlosen Fensters, w\u00e4hrend in den Schlafzimmern der Kinder in den Schlafzimmern unter der Traufe Speicher mit skurrilen Details wie farbenfrohen Lesenden kombiniert.<\/p>\n<figure class=\"van-image-figure inline-layout \" data-bordeaux-image-check id=\"732afa4b-bc08-4b70-a3d0-610201862314\">\n<div class=\"image-full-width-wrapper\">\n<div class=\"image-widthsetter\" style=\"max-width:2400px;\"><\/div>\n<\/div><figcaption class=\"inline-layout \">\n<div class=\"caption-text\">\n<p>Hauptschlafzimmer: Emma f\u00fcgte Delft -Fliesen um die T\u00fcr zum Badezimmer und meidete eine T\u00fcr f\u00fcr einen Vorhang. Delft Tiles, Petra Palumbo. Kopfteil in La Pannonie, Pierre Frey. Geduldlampe, Legato. W\u00e4nde in Dimity, Farrow &#038; Ball. Kunstwerke, Vintage und High Street.<\/p>\n<\/div>\n<\/figcaption><\/figure>\n<p id=\"8ecb04b6-87f8-4d1b-8cae-29bb21be7506\">Diese Kreativit\u00e4t f\u00fchrt zu mehr pers\u00f6nlichen Elementen. Das Ehepaar beauftragte ma\u00dfgefertigte Delft-Fliesen, den Eingang zu seinem Badezimmer und zu ihrem Ankleidungsbereich zu rahmen, und w\u00e4hlte aussagekr\u00e4ftige Entw\u00fcrfe aus: einen Eiskegel und ein B\u00e4r f\u00fcr die Kinder, einen Martini und Pommes, eine Katze zu Ehren ihrer Haustiere-sogar K\u00f6nigin Elizabeth II, als Anspielung auf ihren Patriotismus. In der Ecke der Dressing wurde ein Neptune -Bibliothekskabinett aus ihrem alten Haus mit einem neuen Architrav- und Farbfinish umgesetzt, der jetzt Taschen und Schuhe aufbewahrt.<\/p>\n<figure class=\"van-image-figure inline-layout \" data-bordeaux-image-check id=\"8ee559b6-9219-4e1e-8b02-3d473b4871cc\">\n<div class=\"image-full-width-wrapper\">\n<div class=\"image-widthsetter\" style=\"max-width:2400px;\"><\/div>\n<\/div><figcaption class=\"inline-layout \">\n<div class=\"caption-text\">\n<p>Spielzimmer: Integrierte Tischlerei bietet Ecken aus Displays. W\u00e4nde in der Schiefer II von Paint &#038; Paper Library. Tischlerei in WOAD; Fenster in Bone China Blau, Little Greene. Koreanische Schnittlauch Teppich, Evelina Kroon. Poster, Projekt 26. Sitzplatten im Gem\u00fcsebaum von Josef Frank, Svenskt Tenn. Shades, MG &#038; Co.<\/p>\n<\/div>\n<\/figcaption><\/figure>\n<hr id=\"e31b39f4-29e4-465f-8806-9414457dd053\">\n<aside data-block-type=\"embed\" data-render-type=\"fte\" data-skip=\"dealsy\" data-widget-type=\"seasonal\" class=\"hawk-base\"><\/aside>\n<p id=\"aca11369-85fe-4912-9802-2d39d8b515e7-0\">&#8222;Wir haben einen riesigen Schritt dekorativ mit diesem Zuhause vorw\u00e4rts gemacht&#8220;, sagt Charly. &#8222;Es symbolisiert eine neue Phase in unserem Leben, dr\u00fcckt aber auch ein gr\u00f6\u00dferes Design -Vertrauen aus.&#8220; Dieser mutige Ansatz hat sich eindeutig ausgezahlt.<\/p>\n<\/div>\n","protected":false},"excerpt":{"rendered":"<p>\u201eEin Glaubenssprung ist, wie Charly und Jonny ihre Herangehensweise an die Renovierung dieses Hauses in London beschreiben, in dem sie mit ihren beiden kleinen Kindern<\/p>\n","protected":false},"author":1,"featured_media":7137,"comment_status":"closed","ping_status":"","sticky":false,"template":"","format":"standard","meta":{"footnotes":""},"categories":[118],"tags":[9585,112,43,3224,125,7446,301,61,836,2716,1495,8685],"class_list":["post-7136","post","type-post","status-publish","format-standard","has-post-thumbnail","hentry","category-haus-garten","tag-beruehrt","tag-das","tag-ein","tag-fast","tag-haus","tag-jahrzehnten","tag-mehr","tag-nicht","tag-seit","tag-vier","tag-war","tag-worden","generate-columns","tablet-grid-50","mobile-grid-100","grid-parent","grid-50"],"yoast_head":"<!-- This site is optimized with the Yoast SEO plugin v27.3 - https:\/\/yoast.com\/product\/yoast-seo-wordpress\/ -->\n<title>Ein Haus, das seit fast vier Jahrzehnten nicht mehr ber\u00fchrt worden war - Nachrichten - Stra\u00dfenweb<\/title>\n<meta name=\"robots\" content=\"index, follow, max-snippet:-1, max-image-preview:large, max-video-preview:-1\" \/>\n<link rel=\"canonical\" href=\"https:\/\/www.strassenweb.de\/nachrichten\/ein-haus-das-seit-fast-vier-jahrzehnten-nicht-mehr-beruehrt-worden-war\/\" \/>\n<meta property=\"og:locale\" content=\"de_DE\" \/>\n<meta property=\"og:type\" content=\"article\" \/>\n<meta property=\"og:title\" content=\"Ein Haus, das seit fast vier Jahrzehnten nicht mehr ber\u00fchrt worden war - Nachrichten - Stra\u00dfenweb\" \/>\n<meta property=\"og:description\" content=\"\u201eEin Glaubenssprung ist, wie Charly und Jonny ihre Herangehensweise an die Renovierung dieses Hauses in London beschreiben, in dem sie mit ihren beiden kleinen Kindern\" \/>\n<meta property=\"og:url\" content=\"https:\/\/www.strassenweb.de\/nachrichten\/ein-haus-das-seit-fast-vier-jahrzehnten-nicht-mehr-beruehrt-worden-war\/\" \/>\n<meta property=\"og:site_name\" content=\"Stra\u00dfenweb\" \/>\n<meta property=\"article:publisher\" content=\"https:\/\/www.facebook.com\/strassenweb\/\" \/>\n<meta property=\"article:published_time\" content=\"2025-08-22T08:40:15+00:00\" \/>\n<meta property=\"article:modified_time\" content=\"2025-08-22T08:40:17+00:00\" \/>\n<meta property=\"og:image\" content=\"https:\/\/www.strassenweb.de\/nachrichten\/wp-content\/uploads\/2025\/08\/Ein-Haus-das-seit-fast-vier-Jahrzehnten-nicht-mehr-beruehrt-scaled.jpg\" \/>\n\t<meta property=\"og:image:width\" content=\"2560\" \/>\n\t<meta property=\"og:image:height\" content=\"1440\" \/>\n\t<meta property=\"og:image:type\" content=\"image\/jpeg\" \/>\n<meta name=\"author\" content=\"Robert Hoffmann\" \/>\n<meta name=\"twitter:card\" content=\"summary_large_image\" \/>\n<meta name=\"twitter:label1\" content=\"Verfasst von\" \/>\n\t<meta name=\"twitter:data1\" content=\"Robert Hoffmann\" \/>\n\t<meta name=\"twitter:label2\" content=\"Gesch\u00e4tzte Lesezeit\" \/>\n\t<meta name=\"twitter:data2\" content=\"6\u00a0Minuten\" \/>\n<script type=\"application\/ld+json\" class=\"yoast-schema-graph\">{\"@context\":\"https:\\\/\\\/schema.org\",\"@graph\":[{\"@type\":\"Article\",\"@id\":\"https:\\\/\\\/www.strassenweb.de\\\/nachrichten\\\/ein-haus-das-seit-fast-vier-jahrzehnten-nicht-mehr-beruehrt-worden-war\\\/#article\",\"isPartOf\":{\"@id\":\"https:\\\/\\\/www.strassenweb.de\\\/nachrichten\\\/ein-haus-das-seit-fast-vier-jahrzehnten-nicht-mehr-beruehrt-worden-war\\\/\"},\"author\":{\"name\":\"Robert Hoffmann\",\"@id\":\"https:\\\/\\\/www.strassenweb.de\\\/nachrichten\\\/#\\\/schema\\\/person\\\/87c9c9067f1211da429a744dc5a5aa41\"},\"headline\":\"Ein Haus, das seit fast vier Jahrzehnten nicht mehr ber\u00fchrt worden war\",\"datePublished\":\"2025-08-22T08:40:15+00:00\",\"dateModified\":\"2025-08-22T08:40:17+00:00\",\"mainEntityOfPage\":{\"@id\":\"https:\\\/\\\/www.strassenweb.de\\\/nachrichten\\\/ein-haus-das-seit-fast-vier-jahrzehnten-nicht-mehr-beruehrt-worden-war\\\/\"},\"wordCount\":1195,\"publisher\":{\"@id\":\"https:\\\/\\\/www.strassenweb.de\\\/nachrichten\\\/#organization\"},\"image\":{\"@id\":\"https:\\\/\\\/www.strassenweb.de\\\/nachrichten\\\/ein-haus-das-seit-fast-vier-jahrzehnten-nicht-mehr-beruehrt-worden-war\\\/#primaryimage\"},\"thumbnailUrl\":\"https:\\\/\\\/www.strassenweb.de\\\/nachrichten\\\/wp-content\\\/uploads\\\/2025\\\/08\\\/Ein-Haus-das-seit-fast-vier-Jahrzehnten-nicht-mehr-beruehrt-scaled.jpg\",\"keywords\":[\"ber\u00fchrt\",\"das\",\"ein\",\"fast\",\"Haus\",\"Jahrzehnten\",\"mehr\",\"nicht\",\"seit\",\"vier\",\"war\",\"worden\"],\"articleSection\":[\"Haus &amp; Garten\"],\"inLanguage\":\"de\"},{\"@type\":\"WebPage\",\"@id\":\"https:\\\/\\\/www.strassenweb.de\\\/nachrichten\\\/ein-haus-das-seit-fast-vier-jahrzehnten-nicht-mehr-beruehrt-worden-war\\\/\",\"url\":\"https:\\\/\\\/www.strassenweb.de\\\/nachrichten\\\/ein-haus-das-seit-fast-vier-jahrzehnten-nicht-mehr-beruehrt-worden-war\\\/\",\"name\":\"Ein Haus, das seit fast vier Jahrzehnten nicht mehr ber\u00fchrt worden war - Nachrichten - Stra\u00dfenweb\",\"isPartOf\":{\"@id\":\"https:\\\/\\\/www.strassenweb.de\\\/nachrichten\\\/#website\"},\"primaryImageOfPage\":{\"@id\":\"https:\\\/\\\/www.strassenweb.de\\\/nachrichten\\\/ein-haus-das-seit-fast-vier-jahrzehnten-nicht-mehr-beruehrt-worden-war\\\/#primaryimage\"},\"image\":{\"@id\":\"https:\\\/\\\/www.strassenweb.de\\\/nachrichten\\\/ein-haus-das-seit-fast-vier-jahrzehnten-nicht-mehr-beruehrt-worden-war\\\/#primaryimage\"},\"thumbnailUrl\":\"https:\\\/\\\/www.strassenweb.de\\\/nachrichten\\\/wp-content\\\/uploads\\\/2025\\\/08\\\/Ein-Haus-das-seit-fast-vier-Jahrzehnten-nicht-mehr-beruehrt-scaled.jpg\",\"datePublished\":\"2025-08-22T08:40:15+00:00\",\"dateModified\":\"2025-08-22T08:40:17+00:00\",\"breadcrumb\":{\"@id\":\"https:\\\/\\\/www.strassenweb.de\\\/nachrichten\\\/ein-haus-das-seit-fast-vier-jahrzehnten-nicht-mehr-beruehrt-worden-war\\\/#breadcrumb\"},\"inLanguage\":\"de\",\"potentialAction\":[{\"@type\":\"ReadAction\",\"target\":[\"https:\\\/\\\/www.strassenweb.de\\\/nachrichten\\\/ein-haus-das-seit-fast-vier-jahrzehnten-nicht-mehr-beruehrt-worden-war\\\/\"]}]},{\"@type\":\"ImageObject\",\"inLanguage\":\"de\",\"@id\":\"https:\\\/\\\/www.strassenweb.de\\\/nachrichten\\\/ein-haus-das-seit-fast-vier-jahrzehnten-nicht-mehr-beruehrt-worden-war\\\/#primaryimage\",\"url\":\"https:\\\/\\\/www.strassenweb.de\\\/nachrichten\\\/wp-content\\\/uploads\\\/2025\\\/08\\\/Ein-Haus-das-seit-fast-vier-Jahrzehnten-nicht-mehr-beruehrt-scaled.jpg\",\"contentUrl\":\"https:\\\/\\\/www.strassenweb.de\\\/nachrichten\\\/wp-content\\\/uploads\\\/2025\\\/08\\\/Ein-Haus-das-seit-fast-vier-Jahrzehnten-nicht-mehr-beruehrt-scaled.jpg\",\"width\":2560,\"height\":1440,\"caption\":\"Pale pink kitchen with dark green island and pink textured tile splashback\"},{\"@type\":\"BreadcrumbList\",\"@id\":\"https:\\\/\\\/www.strassenweb.de\\\/nachrichten\\\/ein-haus-das-seit-fast-vier-jahrzehnten-nicht-mehr-beruehrt-worden-war\\\/#breadcrumb\",\"itemListElement\":[{\"@type\":\"ListItem\",\"position\":1,\"name\":\"Home\",\"item\":\"https:\\\/\\\/www.strassenweb.de\\\/nachrichten\\\/\"},{\"@type\":\"ListItem\",\"position\":2,\"name\":\"Ein Haus, das seit fast vier Jahrzehnten nicht mehr ber\u00fchrt worden war\"}]},{\"@type\":\"WebSite\",\"@id\":\"https:\\\/\\\/www.strassenweb.de\\\/nachrichten\\\/#website\",\"url\":\"https:\\\/\\\/www.strassenweb.de\\\/nachrichten\\\/\",\"name\":\"Stra\u00dfenweb\",\"description\":\"Stra\u00dfenverzeichnis f\u00fcr Deutschland\",\"publisher\":{\"@id\":\"https:\\\/\\\/www.strassenweb.de\\\/nachrichten\\\/#organization\"},\"potentialAction\":[{\"@type\":\"SearchAction\",\"target\":{\"@type\":\"EntryPoint\",\"urlTemplate\":\"https:\\\/\\\/www.strassenweb.de\\\/nachrichten\\\/?s={search_term_string}\"},\"query-input\":{\"@type\":\"PropertyValueSpecification\",\"valueRequired\":true,\"valueName\":\"search_term_string\"}}],\"inLanguage\":\"de\"},{\"@type\":\"Organization\",\"@id\":\"https:\\\/\\\/www.strassenweb.de\\\/nachrichten\\\/#organization\",\"name\":\"Stra\u00dfenweb\",\"url\":\"https:\\\/\\\/www.strassenweb.de\\\/nachrichten\\\/\",\"logo\":{\"@type\":\"ImageObject\",\"inLanguage\":\"de\",\"@id\":\"https:\\\/\\\/www.strassenweb.de\\\/nachrichten\\\/#\\\/schema\\\/logo\\\/image\\\/\",\"url\":\"https:\\\/\\\/www.strassenweb.de\\\/nachrichten\\\/wp-content\\\/uploads\\\/2024\\\/09\\\/cropped-favicon.png\",\"contentUrl\":\"https:\\\/\\\/www.strassenweb.de\\\/nachrichten\\\/wp-content\\\/uploads\\\/2024\\\/09\\\/cropped-favicon.png\",\"width\":512,\"height\":512,\"caption\":\"Stra\u00dfenweb\"},\"image\":{\"@id\":\"https:\\\/\\\/www.strassenweb.de\\\/nachrichten\\\/#\\\/schema\\\/logo\\\/image\\\/\"},\"sameAs\":[\"https:\\\/\\\/www.facebook.com\\\/strassenweb\\\/\"]},{\"@type\":\"Person\",\"@id\":\"https:\\\/\\\/www.strassenweb.de\\\/nachrichten\\\/#\\\/schema\\\/person\\\/87c9c9067f1211da429a744dc5a5aa41\",\"name\":\"Robert Hoffmann\",\"image\":{\"@type\":\"ImageObject\",\"inLanguage\":\"de\",\"@id\":\"https:\\\/\\\/www.strassenweb.de\\\/nachrichten\\\/wp-content\\\/uploads\\\/2024\\\/09\\\/strassenweb-150x150.jpg\",\"url\":\"https:\\\/\\\/www.strassenweb.de\\\/nachrichten\\\/wp-content\\\/uploads\\\/2024\\\/09\\\/strassenweb-150x150.jpg\",\"contentUrl\":\"https:\\\/\\\/www.strassenweb.de\\\/nachrichten\\\/wp-content\\\/uploads\\\/2024\\\/09\\\/strassenweb-150x150.jpg\",\"caption\":\"Robert Hoffmann\"},\"description\":\"Ich hei\u00dfe Robert Hoffmann und ich bin ein leidenschaftlicher Verfechter von \u00d6kologie und Biodiversit\u00e4t. Seit meiner Kindheit in den W\u00e4ldern Bayerns f\u00fchle ich mich mit der Natur verbunden und bin entschlossen, sie zu sch\u00fctzen. Heute widme ich mein Leben der Sensibilisierung anderer f\u00fcr die Bedeutung des Umweltschutzes f\u00fcr zuk\u00fcnftige Generationen.\",\"sameAs\":[\"https:\\\/\\\/www.strassenweb.de\\\/\"]}]}<\/script>\n<!-- \/ Yoast SEO plugin. -->","yoast_head_json":{"title":"Ein Haus, das seit fast vier Jahrzehnten nicht mehr ber\u00fchrt worden war - Nachrichten - Stra\u00dfenweb","robots":{"index":"index","follow":"follow","max-snippet":"max-snippet:-1","max-image-preview":"max-image-preview:large","max-video-preview":"max-video-preview:-1"},"canonical":"https:\/\/www.strassenweb.de\/nachrichten\/ein-haus-das-seit-fast-vier-jahrzehnten-nicht-mehr-beruehrt-worden-war\/","og_locale":"de_DE","og_type":"article","og_title":"Ein Haus, das seit fast vier Jahrzehnten nicht mehr ber\u00fchrt worden war - Nachrichten - Stra\u00dfenweb","og_description":"\u201eEin Glaubenssprung ist, wie Charly und Jonny ihre Herangehensweise an die Renovierung dieses Hauses in London beschreiben, in dem sie mit ihren beiden kleinen Kindern","og_url":"https:\/\/www.strassenweb.de\/nachrichten\/ein-haus-das-seit-fast-vier-jahrzehnten-nicht-mehr-beruehrt-worden-war\/","og_site_name":"Stra\u00dfenweb","article_publisher":"https:\/\/www.facebook.com\/strassenweb\/","article_published_time":"2025-08-22T08:40:15+00:00","article_modified_time":"2025-08-22T08:40:17+00:00","og_image":[{"width":2560,"height":1440,"url":"https:\/\/www.strassenweb.de\/nachrichten\/wp-content\/uploads\/2025\/08\/Ein-Haus-das-seit-fast-vier-Jahrzehnten-nicht-mehr-beruehrt-scaled.jpg","type":"image\/jpeg"}],"author":"Robert Hoffmann","twitter_card":"summary_large_image","twitter_misc":{"Verfasst von":"Robert Hoffmann","Gesch\u00e4tzte Lesezeit":"6\u00a0Minuten"},"schema":{"@context":"https:\/\/schema.org","@graph":[{"@type":"Article","@id":"https:\/\/www.strassenweb.de\/nachrichten\/ein-haus-das-seit-fast-vier-jahrzehnten-nicht-mehr-beruehrt-worden-war\/#article","isPartOf":{"@id":"https:\/\/www.strassenweb.de\/nachrichten\/ein-haus-das-seit-fast-vier-jahrzehnten-nicht-mehr-beruehrt-worden-war\/"},"author":{"name":"Robert Hoffmann","@id":"https:\/\/www.strassenweb.de\/nachrichten\/#\/schema\/person\/87c9c9067f1211da429a744dc5a5aa41"},"headline":"Ein Haus, das seit fast vier Jahrzehnten nicht mehr ber\u00fchrt worden war","datePublished":"2025-08-22T08:40:15+00:00","dateModified":"2025-08-22T08:40:17+00:00","mainEntityOfPage":{"@id":"https:\/\/www.strassenweb.de\/nachrichten\/ein-haus-das-seit-fast-vier-jahrzehnten-nicht-mehr-beruehrt-worden-war\/"},"wordCount":1195,"publisher":{"@id":"https:\/\/www.strassenweb.de\/nachrichten\/#organization"},"image":{"@id":"https:\/\/www.strassenweb.de\/nachrichten\/ein-haus-das-seit-fast-vier-jahrzehnten-nicht-mehr-beruehrt-worden-war\/#primaryimage"},"thumbnailUrl":"https:\/\/www.strassenweb.de\/nachrichten\/wp-content\/uploads\/2025\/08\/Ein-Haus-das-seit-fast-vier-Jahrzehnten-nicht-mehr-beruehrt-scaled.jpg","keywords":["ber\u00fchrt","das","ein","fast","Haus","Jahrzehnten","mehr","nicht","seit","vier","war","worden"],"articleSection":["Haus &amp; Garten"],"inLanguage":"de"},{"@type":"WebPage","@id":"https:\/\/www.strassenweb.de\/nachrichten\/ein-haus-das-seit-fast-vier-jahrzehnten-nicht-mehr-beruehrt-worden-war\/","url":"https:\/\/www.strassenweb.de\/nachrichten\/ein-haus-das-seit-fast-vier-jahrzehnten-nicht-mehr-beruehrt-worden-war\/","name":"Ein Haus, das seit fast vier Jahrzehnten nicht mehr ber\u00fchrt worden war - Nachrichten - Stra\u00dfenweb","isPartOf":{"@id":"https:\/\/www.strassenweb.de\/nachrichten\/#website"},"primaryImageOfPage":{"@id":"https:\/\/www.strassenweb.de\/nachrichten\/ein-haus-das-seit-fast-vier-jahrzehnten-nicht-mehr-beruehrt-worden-war\/#primaryimage"},"image":{"@id":"https:\/\/www.strassenweb.de\/nachrichten\/ein-haus-das-seit-fast-vier-jahrzehnten-nicht-mehr-beruehrt-worden-war\/#primaryimage"},"thumbnailUrl":"https:\/\/www.strassenweb.de\/nachrichten\/wp-content\/uploads\/2025\/08\/Ein-Haus-das-seit-fast-vier-Jahrzehnten-nicht-mehr-beruehrt-scaled.jpg","datePublished":"2025-08-22T08:40:15+00:00","dateModified":"2025-08-22T08:40:17+00:00","breadcrumb":{"@id":"https:\/\/www.strassenweb.de\/nachrichten\/ein-haus-das-seit-fast-vier-jahrzehnten-nicht-mehr-beruehrt-worden-war\/#breadcrumb"},"inLanguage":"de","potentialAction":[{"@type":"ReadAction","target":["https:\/\/www.strassenweb.de\/nachrichten\/ein-haus-das-seit-fast-vier-jahrzehnten-nicht-mehr-beruehrt-worden-war\/"]}]},{"@type":"ImageObject","inLanguage":"de","@id":"https:\/\/www.strassenweb.de\/nachrichten\/ein-haus-das-seit-fast-vier-jahrzehnten-nicht-mehr-beruehrt-worden-war\/#primaryimage","url":"https:\/\/www.strassenweb.de\/nachrichten\/wp-content\/uploads\/2025\/08\/Ein-Haus-das-seit-fast-vier-Jahrzehnten-nicht-mehr-beruehrt-scaled.jpg","contentUrl":"https:\/\/www.strassenweb.de\/nachrichten\/wp-content\/uploads\/2025\/08\/Ein-Haus-das-seit-fast-vier-Jahrzehnten-nicht-mehr-beruehrt-scaled.jpg","width":2560,"height":1440,"caption":"Pale pink kitchen with dark green island and pink textured tile splashback"},{"@type":"BreadcrumbList","@id":"https:\/\/www.strassenweb.de\/nachrichten\/ein-haus-das-seit-fast-vier-jahrzehnten-nicht-mehr-beruehrt-worden-war\/#breadcrumb","itemListElement":[{"@type":"ListItem","position":1,"name":"Home","item":"https:\/\/www.strassenweb.de\/nachrichten\/"},{"@type":"ListItem","position":2,"name":"Ein Haus, das seit fast vier Jahrzehnten nicht mehr ber\u00fchrt worden war"}]},{"@type":"WebSite","@id":"https:\/\/www.strassenweb.de\/nachrichten\/#website","url":"https:\/\/www.strassenweb.de\/nachrichten\/","name":"Stra\u00dfenweb","description":"Stra\u00dfenverzeichnis f\u00fcr Deutschland","publisher":{"@id":"https:\/\/www.strassenweb.de\/nachrichten\/#organization"},"potentialAction":[{"@type":"SearchAction","target":{"@type":"EntryPoint","urlTemplate":"https:\/\/www.strassenweb.de\/nachrichten\/?s={search_term_string}"},"query-input":{"@type":"PropertyValueSpecification","valueRequired":true,"valueName":"search_term_string"}}],"inLanguage":"de"},{"@type":"Organization","@id":"https:\/\/www.strassenweb.de\/nachrichten\/#organization","name":"Stra\u00dfenweb","url":"https:\/\/www.strassenweb.de\/nachrichten\/","logo":{"@type":"ImageObject","inLanguage":"de","@id":"https:\/\/www.strassenweb.de\/nachrichten\/#\/schema\/logo\/image\/","url":"https:\/\/www.strassenweb.de\/nachrichten\/wp-content\/uploads\/2024\/09\/cropped-favicon.png","contentUrl":"https:\/\/www.strassenweb.de\/nachrichten\/wp-content\/uploads\/2024\/09\/cropped-favicon.png","width":512,"height":512,"caption":"Stra\u00dfenweb"},"image":{"@id":"https:\/\/www.strassenweb.de\/nachrichten\/#\/schema\/logo\/image\/"},"sameAs":["https:\/\/www.facebook.com\/strassenweb\/"]},{"@type":"Person","@id":"https:\/\/www.strassenweb.de\/nachrichten\/#\/schema\/person\/87c9c9067f1211da429a744dc5a5aa41","name":"Robert Hoffmann","image":{"@type":"ImageObject","inLanguage":"de","@id":"https:\/\/www.strassenweb.de\/nachrichten\/wp-content\/uploads\/2024\/09\/strassenweb-150x150.jpg","url":"https:\/\/www.strassenweb.de\/nachrichten\/wp-content\/uploads\/2024\/09\/strassenweb-150x150.jpg","contentUrl":"https:\/\/www.strassenweb.de\/nachrichten\/wp-content\/uploads\/2024\/09\/strassenweb-150x150.jpg","caption":"Robert Hoffmann"},"description":"Ich hei\u00dfe Robert Hoffmann und ich bin ein leidenschaftlicher Verfechter von \u00d6kologie und Biodiversit\u00e4t. Seit meiner Kindheit in den W\u00e4ldern Bayerns f\u00fchle ich mich mit der Natur verbunden und bin entschlossen, sie zu sch\u00fctzen. Heute widme ich mein Leben der Sensibilisierung anderer f\u00fcr die Bedeutung des Umweltschutzes f\u00fcr zuk\u00fcnftige Generationen.","sameAs":["https:\/\/www.strassenweb.de\/"]}]}},"_links":{"self":[{"href":"https:\/\/www.strassenweb.de\/nachrichten\/wp-json\/wp\/v2\/posts\/7136","targetHints":{"allow":["GET"]}}],"collection":[{"href":"https:\/\/www.strassenweb.de\/nachrichten\/wp-json\/wp\/v2\/posts"}],"about":[{"href":"https:\/\/www.strassenweb.de\/nachrichten\/wp-json\/wp\/v2\/types\/post"}],"author":[{"embeddable":true,"href":"https:\/\/www.strassenweb.de\/nachrichten\/wp-json\/wp\/v2\/users\/1"}],"replies":[{"embeddable":true,"href":"https:\/\/www.strassenweb.de\/nachrichten\/wp-json\/wp\/v2\/comments?post=7136"}],"version-history":[{"count":0,"href":"https:\/\/www.strassenweb.de\/nachrichten\/wp-json\/wp\/v2\/posts\/7136\/revisions"}],"wp:featuredmedia":[{"embeddable":true,"href":"https:\/\/www.strassenweb.de\/nachrichten\/wp-json\/wp\/v2\/media\/7137"}],"wp:attachment":[{"href":"https:\/\/www.strassenweb.de\/nachrichten\/wp-json\/wp\/v2\/media?parent=7136"}],"wp:term":[{"taxonomy":"category","embeddable":true,"href":"https:\/\/www.strassenweb.de\/nachrichten\/wp-json\/wp\/v2\/categories?post=7136"},{"taxonomy":"post_tag","embeddable":true,"href":"https:\/\/www.strassenweb.de\/nachrichten\/wp-json\/wp\/v2\/tags?post=7136"}],"curies":[{"name":"wp","href":"https:\/\/api.w.org\/{rel}","templated":true}]}}