{"id":7106,"date":"2025-08-21T01:40:39","date_gmt":"2025-08-20T23:40:39","guid":{"rendered":"https:\/\/www.strassenweb.de\/nachrichten\/es-ist-so-gut-gemacht-und-robust-holen\/"},"modified":"2025-08-21T01:40:40","modified_gmt":"2025-08-20T23:40:40","slug":"es-ist-so-gut-gemacht-und-robust-holen","status":"publish","type":"post","link":"https:\/\/www.strassenweb.de\/nachrichten\/es-ist-so-gut-gemacht-und-robust-holen\/","title":{"rendered":"&#8222;Es ist so gut gemacht und robust&#8220; &#8211; holen"},"content":{"rendered":"<p><\/p>\n<div id=\"article-body\" class=\"article__body \">\n<p id=\"3c3ddf6d-f2a7-4519-94e8-7fd03b8f52bf\">Die K\u00fcche ist der kleinste Raum in meinem Haus, und es ist unm\u00f6glich, in einen M\u00fclleimer, Kompostbeh\u00e4lter und Recyclingbeh\u00e4lter zu passen.<\/p>\n<div id=\"ad-unit-1\" class=\"ad-unit\"><\/div>\n<p>W\u00e4hrend ich auf die Verwendung einer Kabinettsm\u00fcll zur\u00fcckgegriffen habe, erledigt er nur ein Drittel des Jobs und nimmt wertvolle Speicherplatz ein. Deshalb w\u00fcrde ich mich daf\u00fcr entscheiden, wenn ich meine K\u00fcche neu organisieren w\u00fcrde <u>Joseph Joseph Totem Waste &#038; Recycling M\u00fclldose von Macy&#8217;s<\/u>stattdessen.<\/p>\n<aside data-block-type=\"embed\" data-render-type=\"fte\" data-skip=\"dealsy\" data-widget-type=\"seasonal\" class=\"hawk-base\"><\/aside>\n<p id=\"3c3ddf6d-f2a7-4519-94e8-7fd03b8f52bf-2\">Kombinieren Sie drei Jobs in einem und sehen dabei gut aus <u>Organisation einer kleinen K\u00fcche<\/u> f\u00fcr den Raum stecken.<\/p>\n<div class=\"van_vid_carousel\">\n<div class=\"van_vid_carousel__padding\">\n<div class=\"van_vid_carousel__container\"><\/div>\n<\/div>\n<\/div>\n<h2 id=\"why-this-joseph-joseph-totem-can-is-so-handy-3\">Warum dieser Joseph Joseph Totem so praktisch ist<\/h2>\n<div class=\"product-container horizontal-product-container\">\n<div class=\"product-block-row\"><\/div>\n<\/div>\n<p id=\"5f170840-bad5-4baf-9813-341af8ada76a\">Abfallwirtschaft ist nicht der glamour\u00f6seste Teil von <u>Entwerfen einer K\u00fcche<\/u>aber es ist absolut wichtig f\u00fcr einen funktionalen Raum, der keine Sch\u00e4dlinge oder Ausstrahlung von Ger\u00fcchen anzieht. Trainieren <u>Wo kann man eine M\u00fclldose in eine kleine K\u00fcche geben<\/u> ist jedoch alles andere als einfach.<\/p>\n<div id=\"ad-unit-2\" class=\"ad-unit\"><\/div>\n<p>Betreten Sie den Joseph Joseph Totem M\u00fcll.<\/p>\n<p>Es wird von gelobt <u>Verifizierte Wayfair -K\u00e4ufer, einschlie\u00dflich Kathleen<\/u>Wer sagt, dieser M\u00fcll kann definitiv einer meiner gr\u00f6\u00dften Eink\u00e4ufe sind. Unser Raum ist sehr begrenzt, daher brauchten wir etwas raumsparendes, um Recycling und M\u00fcll zu entsorgen. Dies passt perfekt zur Rechnung! Ich habe es am Ende meiner Theke und finde es sehr bequem. &#8218;<\/p>\n<figure class=\"van-image-figure inline-layout \" data-bordeaux-image-check id=\"d0827232-7428-407b-bb8d-528ff08495b4\">\n<div class=\"image-full-width-wrapper\">\n<div class=\"image-widthsetter\" style=\"max-width:2000px;\"><\/div>\n<\/div><figcaption class=\"inline-layout \">\n<div class=\"caption-text\">\n<p>Das Totem kann sich in drei Kompartimente unterteilen, die Hauptm\u00fcll, eine Recyclingdose und ein kleiner entfernbarer Kompostbeh\u00e4lter. <\/p>\n<\/div>\n<\/figcaption><\/figure>\n<p id=\"3971fd5c-f2f0-4839-b52e-381952765322\">In drei F\u00e4cher aufgeteilt, ist die obere H\u00e4lfte der CAN f\u00fcr allgemeine Abf\u00e4lle ausgelegt, die a passen a <u>Hochleistungs-M\u00fcllsack von Walmart <\/u>Mit Leichtigkeit und enth\u00e4lt eine abnehmbare Komposttasche. Die untere H\u00e4lfte des Beh\u00e4lters ist eine Auszugsschublade, ideal zum Trennen von Wertstoffen. Beide haben abnehmbare Eimer zum einfachen Entleeren.<\/p>\n<div id=\"slice-container-newsletterForm-articleInbodyContent-KANeFtrFu63fd8e4AhXhKc\" class=\"slice-container newsletter-inbodyContent-slice newsletterForm-articleInbodyContent-KANeFtrFu63fd8e4AhXhKc slice-container-newsletterForm\"><\/div>\n<p>Besser noch, der Top -M\u00fcll kann einen Geruchsfilter bieten, um die Feuchtigkeit und den Geruchsanbau zu verringern, was dazu beitr\u00e4gt <u>Stoppen Sie den M\u00fcll im Sommer Ger\u00fcche<\/u>.<\/p>\n<div class=\"min-h-(270px) mb-4 viafoura-twig-component\" id=\"viafoura-engagement-starter-wrapper\" data-component-name=\"Elk:Embed:EngagementStarter\">\n<div class=\"viafoura\">\n<div>\n<vf-conversation-starter target=\"viafoura-comments\" title=\"Share your thoughts\" description=\"What item is an essential in your kitchen but you wish you could ditch for increased counter or floor space?\" minimum-comment-count=\"5\"><br \/>\n<\/vf-conversation-starter>\n<\/div>\n<\/div>\n<\/div>\n<p id=\"ab9c4335-92e0-4062-a738-b04a10b1d200\">W\u00e4hrend einige K\u00e4ufer kommentieren, dass dieses Produkt auf der teureren Seite ist, rechtfertigen viele die Kosten auf der Grundlage von Joseph Josephs Engagement f\u00fcr Qualit\u00e4t und Stil.<\/p>\n<p><u>Macy&#8217;s Shopper Janet H.<\/u> teilt: \u201eIch liebe meinen neuen M\u00fclleimer. Es ist etwas kompakter als mein vorheriger, aber das gilt immer noch 60 l. Ich hatte 10 Jahre lang meinen vorherigen Beh\u00e4lter (gleiche Make) &#8211; sie sind so gut gemacht und \u00e4u\u00dferst robust. Sie machen das Recycling so einfach. Ich w\u00fcrde sie allen empfehlen. Meine Freunde denken, ich bin ein bisschen verr\u00fcckt, so aufgeregt \u00fcber einen M\u00fclleimer zu sein. &#8218;<\/p>\n<p>Ben G., ein K\u00e4ufer von Macy&#8217;s, stimmt zu, gibt den M\u00fcll f\u00fcnf Sterne und betont: &#8222;Wer dachte, ein Beh\u00e4lter k\u00f6nnte mein Leben ver\u00e4ndern? Stylistin, m\u00fchelos und ergonomisch, gibt es nichts, was man an diesem Produkt nicht mag. Wir hatten zuvor eine elektronische, aber der Mechanismus war anf\u00e4llig f\u00fcr Brechen, oder die Batterien haben sehr schnell entw\u00e4ssert &#8211; also ist dies ein analogen Gewinner in unseren Augen. Au\u00dferdem ist der Speicher beeindruckend! &#8218;<\/p>\n<h2 class=\"article-body__section\" id=\"section-what-to-shop\"><span>Was einkaufen<\/span><\/h2>\n<div class=\"product-container hero-product-container product-block-no-wrap\">\n<div class=\"product-block-row\"><\/div>\n<div class=\"product-block-row\"><\/div>\n<div class=\"product-block-row\"><\/div>\n<div class=\"product-block-row\"><\/div>\n<div class=\"product-block-row\"><\/div>\n<div class=\"product-block-row\"><\/div>\n<\/div>\n<hr id=\"59e65893-ee84-44c7-8e67-8523e0b5ad5a\">\n<p id=\"65ceb0d2-38de-46ae-b7c6-c8ec1a8b168b\">Das richtige praktische Accessoires zu w\u00e4hlen ist eines der der <u>Kleine K\u00fcchendetails, die den gr\u00f6\u00dften Unterschied machen<\/u> &#8211; vor allem in <u>Kleine K\u00fcchenideen<\/u> &#8211; und eine M\u00fclldose ist der beste Ort, um zu beginnen.<\/p>\n<div class=\"block\" id=\"articleTag\" data-component-name=\"PostArticleLinks\">\n<div class=\"border-b border-b-black border-solid py-2.5 text-black font-bold uppercase\">Themen<\/div>\n<nav class=\"py-2.5 flex gap-2.5 flex-wrap\" data-analytics-id=\"article-tag\">\n<p>Reinigung<br \/>\n<\/nav>\n<\/div>\n<\/div>\n","protected":false},"excerpt":{"rendered":"<p>Die K\u00fcche ist der kleinste Raum in meinem Haus, und es ist unm\u00f6glich, in einen M\u00fclleimer, Kompostbeh\u00e4lter und Recyclingbeh\u00e4lter zu passen. W\u00e4hrend ich auf die<\/p>\n","protected":false},"author":1,"featured_media":7107,"comment_status":"closed","ping_status":"","sticky":false,"template":"","format":"standard","meta":{"footnotes":""},"categories":[118],"tags":[2741,740,6174,15,9552,37],"class_list":["post-7106","post","type-post","status-publish","format-standard","has-post-thumbnail","hentry","category-haus-garten","tag-gemacht","tag-gut","tag-holen","tag-ist","tag-robust","tag-und","generate-columns","tablet-grid-50","mobile-grid-100","grid-parent","grid-50"],"yoast_head":"<!-- This site is optimized with the Yoast SEO plugin v27.3 - https:\/\/yoast.com\/product\/yoast-seo-wordpress\/ -->\n<title>&quot;Es ist so gut gemacht und robust&quot; - holen - Nachrichten - Stra\u00dfenweb<\/title>\n<meta name=\"robots\" content=\"index, follow, max-snippet:-1, max-image-preview:large, max-video-preview:-1\" \/>\n<link rel=\"canonical\" href=\"https:\/\/www.strassenweb.de\/nachrichten\/es-ist-so-gut-gemacht-und-robust-holen\/\" \/>\n<meta property=\"og:locale\" content=\"de_DE\" \/>\n<meta property=\"og:type\" content=\"article\" \/>\n<meta property=\"og:title\" content=\"&quot;Es ist so gut gemacht und robust&quot; - holen - Nachrichten - Stra\u00dfenweb\" \/>\n<meta property=\"og:description\" content=\"Die K\u00fcche ist der kleinste Raum in meinem Haus, und es ist unm\u00f6glich, in einen M\u00fclleimer, Kompostbeh\u00e4lter und Recyclingbeh\u00e4lter zu passen. W\u00e4hrend ich auf die\" \/>\n<meta property=\"og:url\" content=\"https:\/\/www.strassenweb.de\/nachrichten\/es-ist-so-gut-gemacht-und-robust-holen\/\" \/>\n<meta property=\"og:site_name\" content=\"Stra\u00dfenweb\" \/>\n<meta property=\"article:publisher\" content=\"https:\/\/www.facebook.com\/strassenweb\/\" \/>\n<meta property=\"article:published_time\" content=\"2025-08-20T23:40:39+00:00\" \/>\n<meta property=\"article:modified_time\" content=\"2025-08-20T23:40:40+00:00\" \/>\n<meta property=\"og:image\" content=\"https:\/\/www.strassenweb.de\/nachrichten\/wp-content\/uploads\/2025\/07\/2CqrWET7sX9XHHDBSFf9Fk.jpg\" \/>\n\t<meta property=\"og:image:width\" content=\"1600\" \/>\n\t<meta property=\"og:image:height\" content=\"900\" \/>\n\t<meta property=\"og:image:type\" content=\"image\/jpeg\" \/>\n<meta name=\"author\" content=\"Robert Hoffmann\" \/>\n<meta name=\"twitter:card\" content=\"summary_large_image\" \/>\n<meta name=\"twitter:label1\" content=\"Verfasst von\" \/>\n\t<meta name=\"twitter:data1\" content=\"Robert Hoffmann\" \/>\n\t<meta name=\"twitter:label2\" content=\"Gesch\u00e4tzte Lesezeit\" \/>\n\t<meta name=\"twitter:data2\" content=\"3\u00a0Minuten\" \/>\n<script type=\"application\/ld+json\" class=\"yoast-schema-graph\">{\"@context\":\"https:\\\/\\\/schema.org\",\"@graph\":[{\"@type\":\"Article\",\"@id\":\"https:\\\/\\\/www.strassenweb.de\\\/nachrichten\\\/es-ist-so-gut-gemacht-und-robust-holen\\\/#article\",\"isPartOf\":{\"@id\":\"https:\\\/\\\/www.strassenweb.de\\\/nachrichten\\\/es-ist-so-gut-gemacht-und-robust-holen\\\/\"},\"author\":{\"name\":\"Robert Hoffmann\",\"@id\":\"https:\\\/\\\/www.strassenweb.de\\\/nachrichten\\\/#\\\/schema\\\/person\\\/87c9c9067f1211da429a744dc5a5aa41\"},\"headline\":\"&#8222;Es ist so gut gemacht und robust&#8220; &#8211; holen\",\"datePublished\":\"2025-08-20T23:40:39+00:00\",\"dateModified\":\"2025-08-20T23:40:40+00:00\",\"mainEntityOfPage\":{\"@id\":\"https:\\\/\\\/www.strassenweb.de\\\/nachrichten\\\/es-ist-so-gut-gemacht-und-robust-holen\\\/\"},\"wordCount\":568,\"publisher\":{\"@id\":\"https:\\\/\\\/www.strassenweb.de\\\/nachrichten\\\/#organization\"},\"image\":{\"@id\":\"https:\\\/\\\/www.strassenweb.de\\\/nachrichten\\\/es-ist-so-gut-gemacht-und-robust-holen\\\/#primaryimage\"},\"thumbnailUrl\":\"https:\\\/\\\/www.strassenweb.de\\\/nachrichten\\\/wp-content\\\/uploads\\\/2025\\\/07\\\/2CqrWET7sX9XHHDBSFf9Fk.jpg\",\"keywords\":[\"gemacht\",\"gut\",\"Holen\",\"ist\",\"robust\",\"und\"],\"articleSection\":[\"Haus &amp; Garten\"],\"inLanguage\":\"de\"},{\"@type\":\"WebPage\",\"@id\":\"https:\\\/\\\/www.strassenweb.de\\\/nachrichten\\\/es-ist-so-gut-gemacht-und-robust-holen\\\/\",\"url\":\"https:\\\/\\\/www.strassenweb.de\\\/nachrichten\\\/es-ist-so-gut-gemacht-und-robust-holen\\\/\",\"name\":\"\\\"Es ist so gut gemacht und robust\\\" - holen - Nachrichten - Stra\u00dfenweb\",\"isPartOf\":{\"@id\":\"https:\\\/\\\/www.strassenweb.de\\\/nachrichten\\\/#website\"},\"primaryImageOfPage\":{\"@id\":\"https:\\\/\\\/www.strassenweb.de\\\/nachrichten\\\/es-ist-so-gut-gemacht-und-robust-holen\\\/#primaryimage\"},\"image\":{\"@id\":\"https:\\\/\\\/www.strassenweb.de\\\/nachrichten\\\/es-ist-so-gut-gemacht-und-robust-holen\\\/#primaryimage\"},\"thumbnailUrl\":\"https:\\\/\\\/www.strassenweb.de\\\/nachrichten\\\/wp-content\\\/uploads\\\/2025\\\/07\\\/2CqrWET7sX9XHHDBSFf9Fk.jpg\",\"datePublished\":\"2025-08-20T23:40:39+00:00\",\"dateModified\":\"2025-08-20T23:40:40+00:00\",\"breadcrumb\":{\"@id\":\"https:\\\/\\\/www.strassenweb.de\\\/nachrichten\\\/es-ist-so-gut-gemacht-und-robust-holen\\\/#breadcrumb\"},\"inLanguage\":\"de\",\"potentialAction\":[{\"@type\":\"ReadAction\",\"target\":[\"https:\\\/\\\/www.strassenweb.de\\\/nachrichten\\\/es-ist-so-gut-gemacht-und-robust-holen\\\/\"]}]},{\"@type\":\"ImageObject\",\"inLanguage\":\"de\",\"@id\":\"https:\\\/\\\/www.strassenweb.de\\\/nachrichten\\\/es-ist-so-gut-gemacht-und-robust-holen\\\/#primaryimage\",\"url\":\"https:\\\/\\\/www.strassenweb.de\\\/nachrichten\\\/wp-content\\\/uploads\\\/2025\\\/07\\\/2CqrWET7sX9XHHDBSFf9Fk.jpg\",\"contentUrl\":\"https:\\\/\\\/www.strassenweb.de\\\/nachrichten\\\/wp-content\\\/uploads\\\/2025\\\/07\\\/2CqrWET7sX9XHHDBSFf9Fk.jpg\",\"width\":1600,\"height\":900,\"caption\":\"A bright kitchen with white cabinets and wooden flooring. To the left is a comfortable seating\\\/ dinign area with a beige sofa chair, table, and blue patterned seats with wooden legs. To the far left is a blue bookshelf.\"},{\"@type\":\"BreadcrumbList\",\"@id\":\"https:\\\/\\\/www.strassenweb.de\\\/nachrichten\\\/es-ist-so-gut-gemacht-und-robust-holen\\\/#breadcrumb\",\"itemListElement\":[{\"@type\":\"ListItem\",\"position\":1,\"name\":\"Home\",\"item\":\"https:\\\/\\\/www.strassenweb.de\\\/nachrichten\\\/\"},{\"@type\":\"ListItem\",\"position\":2,\"name\":\"&#8222;Es ist so gut gemacht und robust&#8220; &#8211; holen\"}]},{\"@type\":\"WebSite\",\"@id\":\"https:\\\/\\\/www.strassenweb.de\\\/nachrichten\\\/#website\",\"url\":\"https:\\\/\\\/www.strassenweb.de\\\/nachrichten\\\/\",\"name\":\"Stra\u00dfenweb\",\"description\":\"Stra\u00dfenverzeichnis f\u00fcr Deutschland\",\"publisher\":{\"@id\":\"https:\\\/\\\/www.strassenweb.de\\\/nachrichten\\\/#organization\"},\"potentialAction\":[{\"@type\":\"SearchAction\",\"target\":{\"@type\":\"EntryPoint\",\"urlTemplate\":\"https:\\\/\\\/www.strassenweb.de\\\/nachrichten\\\/?s={search_term_string}\"},\"query-input\":{\"@type\":\"PropertyValueSpecification\",\"valueRequired\":true,\"valueName\":\"search_term_string\"}}],\"inLanguage\":\"de\"},{\"@type\":\"Organization\",\"@id\":\"https:\\\/\\\/www.strassenweb.de\\\/nachrichten\\\/#organization\",\"name\":\"Stra\u00dfenweb\",\"url\":\"https:\\\/\\\/www.strassenweb.de\\\/nachrichten\\\/\",\"logo\":{\"@type\":\"ImageObject\",\"inLanguage\":\"de\",\"@id\":\"https:\\\/\\\/www.strassenweb.de\\\/nachrichten\\\/#\\\/schema\\\/logo\\\/image\\\/\",\"url\":\"https:\\\/\\\/www.strassenweb.de\\\/nachrichten\\\/wp-content\\\/uploads\\\/2024\\\/09\\\/cropped-favicon.png\",\"contentUrl\":\"https:\\\/\\\/www.strassenweb.de\\\/nachrichten\\\/wp-content\\\/uploads\\\/2024\\\/09\\\/cropped-favicon.png\",\"width\":512,\"height\":512,\"caption\":\"Stra\u00dfenweb\"},\"image\":{\"@id\":\"https:\\\/\\\/www.strassenweb.de\\\/nachrichten\\\/#\\\/schema\\\/logo\\\/image\\\/\"},\"sameAs\":[\"https:\\\/\\\/www.facebook.com\\\/strassenweb\\\/\"]},{\"@type\":\"Person\",\"@id\":\"https:\\\/\\\/www.strassenweb.de\\\/nachrichten\\\/#\\\/schema\\\/person\\\/87c9c9067f1211da429a744dc5a5aa41\",\"name\":\"Robert Hoffmann\",\"image\":{\"@type\":\"ImageObject\",\"inLanguage\":\"de\",\"@id\":\"https:\\\/\\\/www.strassenweb.de\\\/nachrichten\\\/wp-content\\\/uploads\\\/2024\\\/09\\\/strassenweb-150x150.jpg\",\"url\":\"https:\\\/\\\/www.strassenweb.de\\\/nachrichten\\\/wp-content\\\/uploads\\\/2024\\\/09\\\/strassenweb-150x150.jpg\",\"contentUrl\":\"https:\\\/\\\/www.strassenweb.de\\\/nachrichten\\\/wp-content\\\/uploads\\\/2024\\\/09\\\/strassenweb-150x150.jpg\",\"caption\":\"Robert Hoffmann\"},\"description\":\"Ich hei\u00dfe Robert Hoffmann und ich bin ein leidenschaftlicher Verfechter von \u00d6kologie und Biodiversit\u00e4t. Seit meiner Kindheit in den W\u00e4ldern Bayerns f\u00fchle ich mich mit der Natur verbunden und bin entschlossen, sie zu sch\u00fctzen. Heute widme ich mein Leben der Sensibilisierung anderer f\u00fcr die Bedeutung des Umweltschutzes f\u00fcr zuk\u00fcnftige Generationen.\",\"sameAs\":[\"https:\\\/\\\/www.strassenweb.de\\\/\"]}]}<\/script>\n<!-- \/ Yoast SEO plugin. -->","yoast_head_json":{"title":"\"Es ist so gut gemacht und robust\" - holen - Nachrichten - Stra\u00dfenweb","robots":{"index":"index","follow":"follow","max-snippet":"max-snippet:-1","max-image-preview":"max-image-preview:large","max-video-preview":"max-video-preview:-1"},"canonical":"https:\/\/www.strassenweb.de\/nachrichten\/es-ist-so-gut-gemacht-und-robust-holen\/","og_locale":"de_DE","og_type":"article","og_title":"\"Es ist so gut gemacht und robust\" - holen - Nachrichten - Stra\u00dfenweb","og_description":"Die K\u00fcche ist der kleinste Raum in meinem Haus, und es ist unm\u00f6glich, in einen M\u00fclleimer, Kompostbeh\u00e4lter und Recyclingbeh\u00e4lter zu passen. W\u00e4hrend ich auf die","og_url":"https:\/\/www.strassenweb.de\/nachrichten\/es-ist-so-gut-gemacht-und-robust-holen\/","og_site_name":"Stra\u00dfenweb","article_publisher":"https:\/\/www.facebook.com\/strassenweb\/","article_published_time":"2025-08-20T23:40:39+00:00","article_modified_time":"2025-08-20T23:40:40+00:00","og_image":[{"width":1600,"height":900,"url":"https:\/\/www.strassenweb.de\/nachrichten\/wp-content\/uploads\/2025\/07\/2CqrWET7sX9XHHDBSFf9Fk.jpg","type":"image\/jpeg"}],"author":"Robert Hoffmann","twitter_card":"summary_large_image","twitter_misc":{"Verfasst von":"Robert Hoffmann","Gesch\u00e4tzte Lesezeit":"3\u00a0Minuten"},"schema":{"@context":"https:\/\/schema.org","@graph":[{"@type":"Article","@id":"https:\/\/www.strassenweb.de\/nachrichten\/es-ist-so-gut-gemacht-und-robust-holen\/#article","isPartOf":{"@id":"https:\/\/www.strassenweb.de\/nachrichten\/es-ist-so-gut-gemacht-und-robust-holen\/"},"author":{"name":"Robert Hoffmann","@id":"https:\/\/www.strassenweb.de\/nachrichten\/#\/schema\/person\/87c9c9067f1211da429a744dc5a5aa41"},"headline":"&#8222;Es ist so gut gemacht und robust&#8220; &#8211; holen","datePublished":"2025-08-20T23:40:39+00:00","dateModified":"2025-08-20T23:40:40+00:00","mainEntityOfPage":{"@id":"https:\/\/www.strassenweb.de\/nachrichten\/es-ist-so-gut-gemacht-und-robust-holen\/"},"wordCount":568,"publisher":{"@id":"https:\/\/www.strassenweb.de\/nachrichten\/#organization"},"image":{"@id":"https:\/\/www.strassenweb.de\/nachrichten\/es-ist-so-gut-gemacht-und-robust-holen\/#primaryimage"},"thumbnailUrl":"https:\/\/www.strassenweb.de\/nachrichten\/wp-content\/uploads\/2025\/07\/2CqrWET7sX9XHHDBSFf9Fk.jpg","keywords":["gemacht","gut","Holen","ist","robust","und"],"articleSection":["Haus &amp; Garten"],"inLanguage":"de"},{"@type":"WebPage","@id":"https:\/\/www.strassenweb.de\/nachrichten\/es-ist-so-gut-gemacht-und-robust-holen\/","url":"https:\/\/www.strassenweb.de\/nachrichten\/es-ist-so-gut-gemacht-und-robust-holen\/","name":"\"Es ist so gut gemacht und robust\" - holen - Nachrichten - Stra\u00dfenweb","isPartOf":{"@id":"https:\/\/www.strassenweb.de\/nachrichten\/#website"},"primaryImageOfPage":{"@id":"https:\/\/www.strassenweb.de\/nachrichten\/es-ist-so-gut-gemacht-und-robust-holen\/#primaryimage"},"image":{"@id":"https:\/\/www.strassenweb.de\/nachrichten\/es-ist-so-gut-gemacht-und-robust-holen\/#primaryimage"},"thumbnailUrl":"https:\/\/www.strassenweb.de\/nachrichten\/wp-content\/uploads\/2025\/07\/2CqrWET7sX9XHHDBSFf9Fk.jpg","datePublished":"2025-08-20T23:40:39+00:00","dateModified":"2025-08-20T23:40:40+00:00","breadcrumb":{"@id":"https:\/\/www.strassenweb.de\/nachrichten\/es-ist-so-gut-gemacht-und-robust-holen\/#breadcrumb"},"inLanguage":"de","potentialAction":[{"@type":"ReadAction","target":["https:\/\/www.strassenweb.de\/nachrichten\/es-ist-so-gut-gemacht-und-robust-holen\/"]}]},{"@type":"ImageObject","inLanguage":"de","@id":"https:\/\/www.strassenweb.de\/nachrichten\/es-ist-so-gut-gemacht-und-robust-holen\/#primaryimage","url":"https:\/\/www.strassenweb.de\/nachrichten\/wp-content\/uploads\/2025\/07\/2CqrWET7sX9XHHDBSFf9Fk.jpg","contentUrl":"https:\/\/www.strassenweb.de\/nachrichten\/wp-content\/uploads\/2025\/07\/2CqrWET7sX9XHHDBSFf9Fk.jpg","width":1600,"height":900,"caption":"A bright kitchen with white cabinets and wooden flooring. To the left is a comfortable seating\/ dinign area with a beige sofa chair, table, and blue patterned seats with wooden legs. To the far left is a blue bookshelf."},{"@type":"BreadcrumbList","@id":"https:\/\/www.strassenweb.de\/nachrichten\/es-ist-so-gut-gemacht-und-robust-holen\/#breadcrumb","itemListElement":[{"@type":"ListItem","position":1,"name":"Home","item":"https:\/\/www.strassenweb.de\/nachrichten\/"},{"@type":"ListItem","position":2,"name":"&#8222;Es ist so gut gemacht und robust&#8220; &#8211; holen"}]},{"@type":"WebSite","@id":"https:\/\/www.strassenweb.de\/nachrichten\/#website","url":"https:\/\/www.strassenweb.de\/nachrichten\/","name":"Stra\u00dfenweb","description":"Stra\u00dfenverzeichnis f\u00fcr Deutschland","publisher":{"@id":"https:\/\/www.strassenweb.de\/nachrichten\/#organization"},"potentialAction":[{"@type":"SearchAction","target":{"@type":"EntryPoint","urlTemplate":"https:\/\/www.strassenweb.de\/nachrichten\/?s={search_term_string}"},"query-input":{"@type":"PropertyValueSpecification","valueRequired":true,"valueName":"search_term_string"}}],"inLanguage":"de"},{"@type":"Organization","@id":"https:\/\/www.strassenweb.de\/nachrichten\/#organization","name":"Stra\u00dfenweb","url":"https:\/\/www.strassenweb.de\/nachrichten\/","logo":{"@type":"ImageObject","inLanguage":"de","@id":"https:\/\/www.strassenweb.de\/nachrichten\/#\/schema\/logo\/image\/","url":"https:\/\/www.strassenweb.de\/nachrichten\/wp-content\/uploads\/2024\/09\/cropped-favicon.png","contentUrl":"https:\/\/www.strassenweb.de\/nachrichten\/wp-content\/uploads\/2024\/09\/cropped-favicon.png","width":512,"height":512,"caption":"Stra\u00dfenweb"},"image":{"@id":"https:\/\/www.strassenweb.de\/nachrichten\/#\/schema\/logo\/image\/"},"sameAs":["https:\/\/www.facebook.com\/strassenweb\/"]},{"@type":"Person","@id":"https:\/\/www.strassenweb.de\/nachrichten\/#\/schema\/person\/87c9c9067f1211da429a744dc5a5aa41","name":"Robert Hoffmann","image":{"@type":"ImageObject","inLanguage":"de","@id":"https:\/\/www.strassenweb.de\/nachrichten\/wp-content\/uploads\/2024\/09\/strassenweb-150x150.jpg","url":"https:\/\/www.strassenweb.de\/nachrichten\/wp-content\/uploads\/2024\/09\/strassenweb-150x150.jpg","contentUrl":"https:\/\/www.strassenweb.de\/nachrichten\/wp-content\/uploads\/2024\/09\/strassenweb-150x150.jpg","caption":"Robert Hoffmann"},"description":"Ich hei\u00dfe Robert Hoffmann und ich bin ein leidenschaftlicher Verfechter von \u00d6kologie und Biodiversit\u00e4t. Seit meiner Kindheit in den W\u00e4ldern Bayerns f\u00fchle ich mich mit der Natur verbunden und bin entschlossen, sie zu sch\u00fctzen. Heute widme ich mein Leben der Sensibilisierung anderer f\u00fcr die Bedeutung des Umweltschutzes f\u00fcr zuk\u00fcnftige Generationen.","sameAs":["https:\/\/www.strassenweb.de\/"]}]}},"_links":{"self":[{"href":"https:\/\/www.strassenweb.de\/nachrichten\/wp-json\/wp\/v2\/posts\/7106","targetHints":{"allow":["GET"]}}],"collection":[{"href":"https:\/\/www.strassenweb.de\/nachrichten\/wp-json\/wp\/v2\/posts"}],"about":[{"href":"https:\/\/www.strassenweb.de\/nachrichten\/wp-json\/wp\/v2\/types\/post"}],"author":[{"embeddable":true,"href":"https:\/\/www.strassenweb.de\/nachrichten\/wp-json\/wp\/v2\/users\/1"}],"replies":[{"embeddable":true,"href":"https:\/\/www.strassenweb.de\/nachrichten\/wp-json\/wp\/v2\/comments?post=7106"}],"version-history":[{"count":0,"href":"https:\/\/www.strassenweb.de\/nachrichten\/wp-json\/wp\/v2\/posts\/7106\/revisions"}],"wp:featuredmedia":[{"embeddable":true,"href":"https:\/\/www.strassenweb.de\/nachrichten\/wp-json\/wp\/v2\/media\/7107"}],"wp:attachment":[{"href":"https:\/\/www.strassenweb.de\/nachrichten\/wp-json\/wp\/v2\/media?parent=7106"}],"wp:term":[{"taxonomy":"category","embeddable":true,"href":"https:\/\/www.strassenweb.de\/nachrichten\/wp-json\/wp\/v2\/categories?post=7106"},{"taxonomy":"post_tag","embeddable":true,"href":"https:\/\/www.strassenweb.de\/nachrichten\/wp-json\/wp\/v2\/tags?post=7106"}],"curies":[{"name":"wp","href":"https:\/\/api.w.org\/{rel}","templated":true}]}}