{"id":7090,"date":"2025-08-20T07:40:36","date_gmt":"2025-08-20T05:40:36","guid":{"rendered":"https:\/\/www.strassenweb.de\/nachrichten\/diese-5-farben-waren-vielleicht-im-jahr-2025-beliebt-aber-designer-sagen-sie-wuerden-sie-niemals-in-ihren-eigenen-haeusern-verwenden\/"},"modified":"2025-08-20T07:40:39","modified_gmt":"2025-08-20T05:40:39","slug":"diese-5-farben-waren-vielleicht-im-jahr-2025-beliebt-aber-designer-sagen-sie-wuerden-sie-niemals-in-ihren-eigenen-haeusern-verwenden","status":"publish","type":"post","link":"https:\/\/www.strassenweb.de\/nachrichten\/diese-5-farben-waren-vielleicht-im-jahr-2025-beliebt-aber-designer-sagen-sie-wuerden-sie-niemals-in-ihren-eigenen-haeusern-verwenden\/","title":{"rendered":"Diese 5 Farben waren vielleicht im Jahr 2025 beliebt, aber Designer sagen, sie w\u00fcrden sie niemals in ihren eigenen H\u00e4usern verwenden"},"content":{"rendered":"<p><\/p>\n<div id=\"article-body\" class=\"article__body \">\n<p id=\"ba157fb0-d458-4f8a-9dde-80af7922d38f\">2025 war ein erfrischend farbenfrohes Jahr. Von der R\u00fcckkehr von Braun bis zum beliebten Buttergelb ist es fair zu sagen, dass das Spektrum der Trendfarben enorm war. W\u00e4hrend sich viele dieser Farbt\u00f6ne als beliebte Wahl unter Designern und Hausbesitzern erweisen, gibt es einige tendierte Farbt\u00f6ne in diesem Jahr, die Designer sagen, sie w\u00fcrden es tun <em>niemals<\/em> Verwenden Sie tats\u00e4chlich in ihren eigenen H\u00e4usern.<\/p>\n<div id=\"ad-unit-1\" class=\"ad-unit\"><\/div>\n<p>Farbtrends leben nicht immer sehr lange. Sie k\u00f6nnen spannend oder saisonal oder einfach nicht sehr nutzbar sein. Die Realit\u00e4t ist, dass viele dieser fl\u00fcchtigen Farben f\u00fcr Designer nicht so attraktiv sind, wenn es darum geht, ein zeitloses Zuhause zu schaffen.<\/p>\n<aside data-block-type=\"embed\" data-render-type=\"fte\" data-skip=\"dealsy\" data-widget-type=\"seasonal\" class=\"hawk-base\"><\/aside>\n<p id=\"ba157fb0-d458-4f8a-9dde-80af7922d38f-2\">Um herauszufinden, mit welchen beliebten 2025 Farben Designer nicht so verliebt sind, fragte ich Designer, welche Trendt\u00f6ne sie vermeiden w\u00fcrden, welche es fehlt, und nicht \u00fcber das Ende des Jahres werden nicht gesehen.<\/p>\n<div class=\"van_vid_carousel\">\n<div class=\"van_vid_carousel__padding\">\n<div class=\"van_vid_carousel__container\"><\/div>\n<\/div>\n<\/div>\n<h3 class=\"article-body__section\" id=\"section-1-butter-yellow\"><span>1. Buttergelb<\/span><\/h3>\n<figure class=\"van-image-figure inline-layout \" data-bordeaux-image-check id=\"1bd87918-bdb4-46fd-8d69-9d55cb3d5212\">\n<div class=\"image-full-width-wrapper\">\n<div class=\"image-widthsetter\" style=\"max-width:2000px;\"><\/div>\n<\/div>\n<\/figure>\n<p id=\"491d2050-9b07-4939-ad87-867625f72784\">Butter Yellow ist ein Farbtrend, der sich wie eine Zeitkapsel 2025 anf\u00fchlt, seit Januar Social Media -Feeds. W\u00e4hrend viele es lieben, w\u00fcrden nicht alle Innenarchitekten den Schatten in ihren H\u00e4usern verwenden.<\/p>\n<div id=\"ad-unit-2\" class=\"ad-unit\"><\/div>\n<p>Innenarchitektin Sabah Mansoor, Gr\u00fcnderin von Sabah Mansoor Design, glaubt, dass Buttergelb zu einem zu modischen Trend ist. Sie erkl\u00e4rt: &#8218;Buttergelb, das in Mode ein Comeback feierte, ist am besten auf der Landebahn und auf den Kleidungsst\u00fccken. Verschieben Sie sich als Alternative f\u00fcr das Haus von Buttert\u00f6nen zu einem weichen, ged\u00e4mpften Gelb. &#8218;<\/p>\n<p>Nicht nur ged\u00e4mpfte gelbe Farben arbeiten als Alternative (ich liebe Heu Nr. 32 von Farrow &#038; Ball), sondern Innenarchitekten deuten auch darauf hin, dass andere Farben Buttergelb ersetzen, von Kulturerbe -Blues bis zu Terrakottas. Diese Alternativen f\u00fchlen sich genauso fr\u00f6hlich und warm an, aber weniger trendig und zeitloser. Lesen Sie als: Tragen Sie Buttergelb, dekorieren Sie sie mit einer verwirrteren, ged\u00e4mpften Version.<\/p>\n<h3 class=\"article-body__section\" id=\"section-2-neons\"><span>2. Neons<\/span><\/h3>\n<figure class=\"van-image-figure inline-layout \" data-bordeaux-image-check id=\"ef7184c2-0af6-4b4e-b9c8-08cc9bb58792\">\n<div class=\"image-full-width-wrapper\">\n<div class=\"image-widthsetter\" style=\"max-width:2000px;\"><\/div>\n<\/div>\n<\/figure>\n<p id=\"baeb352e-de6f-4e29-a23c-eb46e1dba3ca\">&#8218;Brat Green&#8216; (basierend auf dem Album -Cover von S\u00e4nger Charli XCX) h\u00e4ngt seit letztem Sommer herum, und selbst sein Sch\u00f6pfer hat erkl\u00e4rt, dass es vorbei ist. Obwohl viele Innenarchitekten eine trendige Farbe haben, sagen sie, dass sie \u00fcberm\u00e4\u00dfig ges\u00e4ttigte Brights vollst\u00e4ndig vermeiden w\u00fcrden.<\/p>\n<div id=\"slice-container-newsletterForm-articleInbodyContent-DYCaBu2AehNASvQ2ReXv6Z\" class=\"slice-container newsletter-inbodyContent-slice newsletterForm-articleInbodyContent-DYCaBu2AehNASvQ2ReXv6Z slice-container-newsletterForm\"><\/div>\n<p>Die Innenarchitektin Nina Lichtenstein sagt: \u201eDieses laute, ultra-lime-Gr\u00fcn hat einen mutigen Eingang gemacht, aber sein synthetisches Gef\u00fchl kollidiert mit der Verschiebung zu nat\u00fcrlichen, beruhigenden Innenr\u00e4umen. Suchen Sie stattdessen auf Chartreuse oder Pear Green, T\u00f6ne, die Energie bringen, ohne die Sinne zu \u00fcberw\u00e4ltigen. &#8218;<\/p>\n<p>Es sind nicht nur Neongr\u00fcnfarben, die Designer nicht verwenden w\u00fcrden. Am \u00fcberm\u00e4\u00dfig hellsten, leichter\u00e4hnlichen Farbt\u00f6nen sind nicht beliebt. Nina f\u00fcgt hinzu, &#8218;Hochspannungsfarbe ist in kleinen Dosen aufregend, aber wenn sie einen Raum dominiert, \u00fcberw\u00e4ltigt sie schnell. Die Designer beugen sich von Neonw\u00e4nden oder zu intensiven Brights zugunsten von tief ges\u00e4ttigten T\u00f6nen wie Inky -Marine, ged\u00e4mpftem Wein oder verbranntem Orange, die sowohl Auswirkungen als auch Auswirkung haben. &#8218;<\/p>\n<p>Little Greenes Sage Green ist eine erfrischende Wahl, die den Trend f\u00fcr mutigere, hellere Farben anerkennt und dennoch geerdeter und zeitloser f\u00fchlt. Auch hier schl\u00e4gt alles vor, nehmen Sie diese trendigen Modefarben an und machen Sie sie, wenn es um Innenr\u00e4ume geht.<\/p>\n<h3 class=\"article-body__section\" id=\"section-3-bright-reds\"><span>3. Brightrot<\/span><\/h3>\n<figure class=\"van-image-figure inline-layout \" data-bordeaux-image-check id=\"d46e1786-44fd-4c1c-a761-b3ad155067ca\">\n<div class=\"image-full-width-wrapper\">\n<div class=\"image-widthsetter\" style=\"max-width:2000px;\"><\/div>\n<\/div>\n<\/figure>\n<p id=\"bb71c27c-42f8-45da-a5c9-5eaa1420b70c\">Die unerwartete rote Theorie eroberte das Internet Ende 2024 im Sturm, was auch in diesem Jahr zu ihrer anschlie\u00dfenden Popularit\u00e4t f\u00fchrte. Obwohl es viele M\u00f6glichkeiten gibt, mit roter Farbe zu dekorieren, findet bei allen Designern hellere Variationen des Schattens aufgrund ihrer starken und auff\u00e4lligen Eigenschaften nicht mit.<\/p>\n<p>Sabah sagt: &#8222;Der kirschrote Farbtrend kann ein sch\u00f6nes Retro -Gef\u00fchl haben, wenn es sparsam und im richtigen Kontext verwendet wird, aber f\u00fcr das Zuhause bevorzuge ich tiefe Roten wie Burgund, um Reichtum zu schaffen.&#8220; Probieren Sie f\u00fcr einen Heritage-Look Benjamin Moores klassisches Burgunder HC-182. Es f\u00fchlt sich gleichzeitig trendy und zeitlos an.<\/p>\n<p>Mollie Ranize, Gr\u00fcnderin von Dmar Interiors, stimmt zu. Sie sagt, sie vermeidet rote, speziell staubige Farbt\u00f6ne. \u201eEine Farbe, die Sie in meinem eigenen Zuhause nicht finden, oder in den meisten R\u00e4umen, die ich entwerfe, ist staubig rot. Rot kann sich im Allgemeinen hart und \u00fcberm\u00e4\u00dfig energisch anf\u00fchlen, w\u00e4hrend ich von erdigen T\u00f6nen angezogen bin, die eine ruhigere Atmosph\u00e4re schaffen und den Test der Zeit bestehen. &#8218;<\/p>\n<p>Rot kann jedoch in einigen Einstellungen funktionieren, erkl\u00e4rt Mollie. \u201eWenn es jedoch um Gewerbefl\u00e4chen oder Restaurants geht, bringen Sie das Rot auf. Es kann lebendig, unvergesslich und genau die Art von Energie sein, auf der diese Umgebungen gedeihen. &#8218;<\/p>\n<h3 class=\"article-body__section\" id=\"section-4-barbie-pink\"><span>4. Barbie Pink<\/span><\/h3>\n<figure class=\"van-image-figure inline-layout \" data-bordeaux-image-check id=\"923f983c-3717-47af-89d6-3ebb50fc4f7d\">\n<div class=\"image-full-width-wrapper\">\n<div class=\"image-widthsetter\" style=\"max-width:2000px;\"><\/div>\n<\/div>\n<\/figure>\n<p id=\"fa8d8fbd-86ef-438d-bf91-2c725020edfd\">Obwohl das Dekorieren mit Pink schick sein kann (denken Sie an staubige Rosent\u00f6ne oder erhebende Pastelle), gibt es eine Variante von Pink, die Designer sagen, sie w\u00fcrden in ihrem eigenen Zuhause niemals verwenden &#8211; Barbie Pink.<\/p>\n<p>Sie k\u00f6nnen wahrscheinlich erraten, wie Barbie Pink aussieht, wenn Sie mit der Marke vertraut sind. Es ist ein stereotypischer rosa Farbton mit eher lebendigen Untert\u00f6nen. Sabah sagt: &#8218;Barbie Pink ist niemals raffiniert. Err\u00f6ten, erdig und nackte Rosa k\u00f6nnen jedoch gut in das Farbschema eines Hauses integriert werden. &#8218;<\/p>\n<p>Es ist nicht nur Barbie Pink, die Designer nicht verwenden w\u00fcrden. Tats\u00e4chlich ist Millennial Pink eine weitere rosa Farbe, die wahrscheinlich nicht in ein Zuhause integriert ist. Nina sagt: \u201eDas staubige, bubblegum-adjazent-Pink, das eine Design-\u00c4ra definiert hat, hat seinen Empfang offiziell abgenutzt. Einmal verspielt und charmant, f\u00fchlt es sich jetzt \u00fcberm\u00e4\u00dfig kitschig und zu einem bestimmten Moment gebunden. &#8218;<\/p>\n<p>Die Cinder Rose Nr. 246 von Farrow &#038; Ball ist eine schickere Alternative, die sich perfekt zum Dekorieren mit staubigem Rosa eignet. Nina sagt: &#8222;F\u00fcr einen weicheren, dauerhafteren Ansatz tauschen Sie ihn gegen eine Err\u00f6tung mit Terrakotta -Untert\u00f6nen, die immer noch warm, immer noch einladend ist, aber eine geerdete Eleganz hat.&#8220;<\/p>\n<h3 class=\"article-body__section\" id=\"section-5-truffle-brown\"><span>5. Tr\u00fcffel Brown<\/span><\/h3>\n<figure class=\"van-image-figure inline-layout \" data-bordeaux-image-check id=\"a03500cc-b3cf-4dc6-8c9a-adbc0651b395\">\n<div class=\"image-full-width-wrapper\">\n<div class=\"image-widthsetter\" style=\"max-width:2000px;\"><\/div>\n<\/div>\n<\/figure>\n<p id=\"67d64f62-b582-4ed6-ba73-13506420dcc8\">Obwohl die Dekoration mit Brown in diesem Jahr ein gro\u00dfer Trend war, haben einige Designer es satt, \u00fcberm\u00e4\u00dfig braune Pl\u00e4ne zu sehen und sagen, dass sie sie nie in ihren eigenen H\u00e4usern verwenden w\u00fcrden.<\/p>\n<p>Die Innenarchitektin Olga Goykhen sagt: \u201eIch w\u00fcrde Tr\u00fcffel aus der T\u00fcr werfen. Ich liebe tiefe Braun, die mit strukturiertem Stein geschichtet sind, aber zu viel Braun kann den Raum schwer anf\u00fchlen. Tr\u00fcffel Brown kann sich \u00fcberheblich f\u00fchlen, wenn es nicht sorgf\u00e4ltig mit Taupes oder anderen nat\u00fcrlichen Elementen ausgeglichen ist. &#8218;<\/p>\n<p>Olga schl\u00e4gt eine schickere Alternative vor und treibe in meinem eigenen Zuhause an Farben, die die Architektur und Textur des Raums betonen. Ged\u00e4mpfte Neutrale oder dunklere Farbt\u00f6ne wie Oxblood oder Olive k\u00f6nnen dazu beitragen, das strukturelle Design hervorzuheben, anstatt damit zu konkurrieren. &#8218;<\/p>\n<hr id=\"655f866f-2fa8-4312-9988-c88a8f4147eb\">\n<p id=\"9a9c6d00-6a50-4999-aeea-b1d638cdd2e7\">2025 war ein aufregendes Jahr f\u00fcr Farbtrends, aber das Mitnehmen, das ich von all diesen Designer -Vorschl\u00e4gen bekomme, besteht darin, nicht von Modetrends beeinflusst zu werden, wenn es um die Dekoration Ihres Hauses geht. Mode ist schnell, es ist fl\u00fcchtig und es ist leicht, ihnen zu folgen, ohne gro\u00dfe Schalter zu machen, aber wenn es um kulturelle Trends geht, halten Sie sie von Ihrem Zuhause fern, es sei denn, Sie wissen, dass Sie sie l\u00e4nger als einen Sommer lieben werden.<\/p>\n<\/div>\n","protected":false},"excerpt":{"rendered":"<p>2025 war ein erfrischend farbenfrohes Jahr. Von der R\u00fcckkehr von Braun bis zum beliebten Buttergelb ist es fair zu sagen, dass das Spektrum der Trendfarben<\/p>\n","protected":false},"author":1,"featured_media":7091,"comment_status":"closed","ping_status":"","sticky":false,"template":"","format":"standard","meta":{"footnotes":""},"categories":[118],"tags":[357,3801,216,143,1703,874,753,325,384,444,284,165,126,1480,1130,1843],"class_list":["post-7090","post","type-post","status-publish","format-standard","has-post-thumbnail","hentry","category-haus-garten","tag-aber","tag-beliebt","tag-designer","tag-diese","tag-eigenen","tag-farben","tag-haeusern","tag-ihren","tag-jahr","tag-niemals","tag-sagen","tag-sie","tag-verwenden","tag-vielleicht","tag-waren","tag-wuerden","generate-columns","tablet-grid-50","mobile-grid-100","grid-parent","grid-50"],"yoast_head":"<!-- This site is optimized with the Yoast SEO plugin v27.3 - https:\/\/yoast.com\/product\/yoast-seo-wordpress\/ -->\n<title>Diese 5 Farben waren vielleicht im Jahr 2025 beliebt, aber Designer sagen, sie w\u00fcrden sie niemals in ihren eigenen H\u00e4usern verwenden - Nachrichten - Stra\u00dfenweb<\/title>\n<meta name=\"robots\" content=\"index, follow, max-snippet:-1, max-image-preview:large, max-video-preview:-1\" \/>\n<link rel=\"canonical\" href=\"https:\/\/www.strassenweb.de\/nachrichten\/diese-5-farben-waren-vielleicht-im-jahr-2025-beliebt-aber-designer-sagen-sie-wuerden-sie-niemals-in-ihren-eigenen-haeusern-verwenden\/\" \/>\n<meta property=\"og:locale\" content=\"de_DE\" \/>\n<meta property=\"og:type\" content=\"article\" \/>\n<meta property=\"og:title\" content=\"Diese 5 Farben waren vielleicht im Jahr 2025 beliebt, aber Designer sagen, sie w\u00fcrden sie niemals in ihren eigenen H\u00e4usern verwenden - Nachrichten - Stra\u00dfenweb\" \/>\n<meta property=\"og:description\" content=\"2025 war ein erfrischend farbenfrohes Jahr. Von der R\u00fcckkehr von Braun bis zum beliebten Buttergelb ist es fair zu sagen, dass das Spektrum der Trendfarben\" \/>\n<meta property=\"og:url\" content=\"https:\/\/www.strassenweb.de\/nachrichten\/diese-5-farben-waren-vielleicht-im-jahr-2025-beliebt-aber-designer-sagen-sie-wuerden-sie-niemals-in-ihren-eigenen-haeusern-verwenden\/\" \/>\n<meta property=\"og:site_name\" content=\"Stra\u00dfenweb\" \/>\n<meta property=\"article:publisher\" content=\"https:\/\/www.facebook.com\/strassenweb\/\" \/>\n<meta property=\"article:published_time\" content=\"2025-08-20T05:40:36+00:00\" \/>\n<meta property=\"article:modified_time\" content=\"2025-08-20T05:40:39+00:00\" \/>\n<meta property=\"og:image\" content=\"https:\/\/www.strassenweb.de\/nachrichten\/wp-content\/uploads\/2025\/08\/Diese-5-Farben-waren-vielleicht-im-Jahr-2025-beliebt-aber-scaled.jpg\" \/>\n\t<meta property=\"og:image:width\" content=\"2560\" \/>\n\t<meta property=\"og:image:height\" content=\"1440\" \/>\n\t<meta property=\"og:image:type\" content=\"image\/jpeg\" \/>\n<meta name=\"author\" content=\"Robert Hoffmann\" \/>\n<meta name=\"twitter:card\" content=\"summary_large_image\" \/>\n<meta name=\"twitter:label1\" content=\"Verfasst von\" \/>\n\t<meta name=\"twitter:data1\" content=\"Robert Hoffmann\" \/>\n\t<meta name=\"twitter:label2\" content=\"Gesch\u00e4tzte Lesezeit\" \/>\n\t<meta name=\"twitter:data2\" content=\"6\u00a0Minuten\" \/>\n<script type=\"application\/ld+json\" class=\"yoast-schema-graph\">{\"@context\":\"https:\\\/\\\/schema.org\",\"@graph\":[{\"@type\":\"Article\",\"@id\":\"https:\\\/\\\/www.strassenweb.de\\\/nachrichten\\\/diese-5-farben-waren-vielleicht-im-jahr-2025-beliebt-aber-designer-sagen-sie-wuerden-sie-niemals-in-ihren-eigenen-haeusern-verwenden\\\/#article\",\"isPartOf\":{\"@id\":\"https:\\\/\\\/www.strassenweb.de\\\/nachrichten\\\/diese-5-farben-waren-vielleicht-im-jahr-2025-beliebt-aber-designer-sagen-sie-wuerden-sie-niemals-in-ihren-eigenen-haeusern-verwenden\\\/\"},\"author\":{\"name\":\"Robert Hoffmann\",\"@id\":\"https:\\\/\\\/www.strassenweb.de\\\/nachrichten\\\/#\\\/schema\\\/person\\\/87c9c9067f1211da429a744dc5a5aa41\"},\"headline\":\"Diese 5 Farben waren vielleicht im Jahr 2025 beliebt, aber Designer sagen, sie w\u00fcrden sie niemals in ihren eigenen H\u00e4usern verwenden\",\"datePublished\":\"2025-08-20T05:40:36+00:00\",\"dateModified\":\"2025-08-20T05:40:39+00:00\",\"mainEntityOfPage\":{\"@id\":\"https:\\\/\\\/www.strassenweb.de\\\/nachrichten\\\/diese-5-farben-waren-vielleicht-im-jahr-2025-beliebt-aber-designer-sagen-sie-wuerden-sie-niemals-in-ihren-eigenen-haeusern-verwenden\\\/\"},\"wordCount\":1204,\"publisher\":{\"@id\":\"https:\\\/\\\/www.strassenweb.de\\\/nachrichten\\\/#organization\"},\"image\":{\"@id\":\"https:\\\/\\\/www.strassenweb.de\\\/nachrichten\\\/diese-5-farben-waren-vielleicht-im-jahr-2025-beliebt-aber-designer-sagen-sie-wuerden-sie-niemals-in-ihren-eigenen-haeusern-verwenden\\\/#primaryimage\"},\"thumbnailUrl\":\"https:\\\/\\\/www.strassenweb.de\\\/nachrichten\\\/wp-content\\\/uploads\\\/2025\\\/08\\\/Diese-5-Farben-waren-vielleicht-im-Jahr-2025-beliebt-aber-scaled.jpg\",\"keywords\":[\"aber\",\"beliebt\",\"Designer\",\"diese\",\"eigenen\",\"Farben\",\"H\u00e4usern\",\"ihren\",\"Jahr\",\"niemals\",\"sagen\",\"Sie\",\"verwenden\",\"vielleicht\",\"waren\",\"w\u00fcrden\"],\"articleSection\":[\"Haus &amp; Garten\"],\"inLanguage\":\"de\"},{\"@type\":\"WebPage\",\"@id\":\"https:\\\/\\\/www.strassenweb.de\\\/nachrichten\\\/diese-5-farben-waren-vielleicht-im-jahr-2025-beliebt-aber-designer-sagen-sie-wuerden-sie-niemals-in-ihren-eigenen-haeusern-verwenden\\\/\",\"url\":\"https:\\\/\\\/www.strassenweb.de\\\/nachrichten\\\/diese-5-farben-waren-vielleicht-im-jahr-2025-beliebt-aber-designer-sagen-sie-wuerden-sie-niemals-in-ihren-eigenen-haeusern-verwenden\\\/\",\"name\":\"Diese 5 Farben waren vielleicht im Jahr 2025 beliebt, aber Designer sagen, sie w\u00fcrden sie niemals in ihren eigenen H\u00e4usern verwenden - Nachrichten - Stra\u00dfenweb\",\"isPartOf\":{\"@id\":\"https:\\\/\\\/www.strassenweb.de\\\/nachrichten\\\/#website\"},\"primaryImageOfPage\":{\"@id\":\"https:\\\/\\\/www.strassenweb.de\\\/nachrichten\\\/diese-5-farben-waren-vielleicht-im-jahr-2025-beliebt-aber-designer-sagen-sie-wuerden-sie-niemals-in-ihren-eigenen-haeusern-verwenden\\\/#primaryimage\"},\"image\":{\"@id\":\"https:\\\/\\\/www.strassenweb.de\\\/nachrichten\\\/diese-5-farben-waren-vielleicht-im-jahr-2025-beliebt-aber-designer-sagen-sie-wuerden-sie-niemals-in-ihren-eigenen-haeusern-verwenden\\\/#primaryimage\"},\"thumbnailUrl\":\"https:\\\/\\\/www.strassenweb.de\\\/nachrichten\\\/wp-content\\\/uploads\\\/2025\\\/08\\\/Diese-5-Farben-waren-vielleicht-im-Jahr-2025-beliebt-aber-scaled.jpg\",\"datePublished\":\"2025-08-20T05:40:36+00:00\",\"dateModified\":\"2025-08-20T05:40:39+00:00\",\"breadcrumb\":{\"@id\":\"https:\\\/\\\/www.strassenweb.de\\\/nachrichten\\\/diese-5-farben-waren-vielleicht-im-jahr-2025-beliebt-aber-designer-sagen-sie-wuerden-sie-niemals-in-ihren-eigenen-haeusern-verwenden\\\/#breadcrumb\"},\"inLanguage\":\"de\",\"potentialAction\":[{\"@type\":\"ReadAction\",\"target\":[\"https:\\\/\\\/www.strassenweb.de\\\/nachrichten\\\/diese-5-farben-waren-vielleicht-im-jahr-2025-beliebt-aber-designer-sagen-sie-wuerden-sie-niemals-in-ihren-eigenen-haeusern-verwenden\\\/\"]}]},{\"@type\":\"ImageObject\",\"inLanguage\":\"de\",\"@id\":\"https:\\\/\\\/www.strassenweb.de\\\/nachrichten\\\/diese-5-farben-waren-vielleicht-im-jahr-2025-beliebt-aber-designer-sagen-sie-wuerden-sie-niemals-in-ihren-eigenen-haeusern-verwenden\\\/#primaryimage\",\"url\":\"https:\\\/\\\/www.strassenweb.de\\\/nachrichten\\\/wp-content\\\/uploads\\\/2025\\\/08\\\/Diese-5-Farben-waren-vielleicht-im-Jahr-2025-beliebt-aber-scaled.jpg\",\"contentUrl\":\"https:\\\/\\\/www.strassenweb.de\\\/nachrichten\\\/wp-content\\\/uploads\\\/2025\\\/08\\\/Diese-5-Farben-waren-vielleicht-im-Jahr-2025-beliebt-aber-scaled.jpg\",\"width\":2560,\"height\":1440,\"caption\":\"Crimson painted living room with large book case and sofa\"},{\"@type\":\"BreadcrumbList\",\"@id\":\"https:\\\/\\\/www.strassenweb.de\\\/nachrichten\\\/diese-5-farben-waren-vielleicht-im-jahr-2025-beliebt-aber-designer-sagen-sie-wuerden-sie-niemals-in-ihren-eigenen-haeusern-verwenden\\\/#breadcrumb\",\"itemListElement\":[{\"@type\":\"ListItem\",\"position\":1,\"name\":\"Home\",\"item\":\"https:\\\/\\\/www.strassenweb.de\\\/nachrichten\\\/\"},{\"@type\":\"ListItem\",\"position\":2,\"name\":\"Diese 5 Farben waren vielleicht im Jahr 2025 beliebt, aber Designer sagen, sie w\u00fcrden sie niemals in ihren eigenen H\u00e4usern verwenden\"}]},{\"@type\":\"WebSite\",\"@id\":\"https:\\\/\\\/www.strassenweb.de\\\/nachrichten\\\/#website\",\"url\":\"https:\\\/\\\/www.strassenweb.de\\\/nachrichten\\\/\",\"name\":\"Stra\u00dfenweb\",\"description\":\"Stra\u00dfenverzeichnis f\u00fcr Deutschland\",\"publisher\":{\"@id\":\"https:\\\/\\\/www.strassenweb.de\\\/nachrichten\\\/#organization\"},\"potentialAction\":[{\"@type\":\"SearchAction\",\"target\":{\"@type\":\"EntryPoint\",\"urlTemplate\":\"https:\\\/\\\/www.strassenweb.de\\\/nachrichten\\\/?s={search_term_string}\"},\"query-input\":{\"@type\":\"PropertyValueSpecification\",\"valueRequired\":true,\"valueName\":\"search_term_string\"}}],\"inLanguage\":\"de\"},{\"@type\":\"Organization\",\"@id\":\"https:\\\/\\\/www.strassenweb.de\\\/nachrichten\\\/#organization\",\"name\":\"Stra\u00dfenweb\",\"url\":\"https:\\\/\\\/www.strassenweb.de\\\/nachrichten\\\/\",\"logo\":{\"@type\":\"ImageObject\",\"inLanguage\":\"de\",\"@id\":\"https:\\\/\\\/www.strassenweb.de\\\/nachrichten\\\/#\\\/schema\\\/logo\\\/image\\\/\",\"url\":\"https:\\\/\\\/www.strassenweb.de\\\/nachrichten\\\/wp-content\\\/uploads\\\/2024\\\/09\\\/cropped-favicon.png\",\"contentUrl\":\"https:\\\/\\\/www.strassenweb.de\\\/nachrichten\\\/wp-content\\\/uploads\\\/2024\\\/09\\\/cropped-favicon.png\",\"width\":512,\"height\":512,\"caption\":\"Stra\u00dfenweb\"},\"image\":{\"@id\":\"https:\\\/\\\/www.strassenweb.de\\\/nachrichten\\\/#\\\/schema\\\/logo\\\/image\\\/\"},\"sameAs\":[\"https:\\\/\\\/www.facebook.com\\\/strassenweb\\\/\"]},{\"@type\":\"Person\",\"@id\":\"https:\\\/\\\/www.strassenweb.de\\\/nachrichten\\\/#\\\/schema\\\/person\\\/87c9c9067f1211da429a744dc5a5aa41\",\"name\":\"Robert Hoffmann\",\"image\":{\"@type\":\"ImageObject\",\"inLanguage\":\"de\",\"@id\":\"https:\\\/\\\/www.strassenweb.de\\\/nachrichten\\\/wp-content\\\/uploads\\\/2024\\\/09\\\/strassenweb-150x150.jpg\",\"url\":\"https:\\\/\\\/www.strassenweb.de\\\/nachrichten\\\/wp-content\\\/uploads\\\/2024\\\/09\\\/strassenweb-150x150.jpg\",\"contentUrl\":\"https:\\\/\\\/www.strassenweb.de\\\/nachrichten\\\/wp-content\\\/uploads\\\/2024\\\/09\\\/strassenweb-150x150.jpg\",\"caption\":\"Robert Hoffmann\"},\"description\":\"Ich hei\u00dfe Robert Hoffmann und ich bin ein leidenschaftlicher Verfechter von \u00d6kologie und Biodiversit\u00e4t. Seit meiner Kindheit in den W\u00e4ldern Bayerns f\u00fchle ich mich mit der Natur verbunden und bin entschlossen, sie zu sch\u00fctzen. Heute widme ich mein Leben der Sensibilisierung anderer f\u00fcr die Bedeutung des Umweltschutzes f\u00fcr zuk\u00fcnftige Generationen.\",\"sameAs\":[\"https:\\\/\\\/www.strassenweb.de\\\/\"]}]}<\/script>\n<!-- \/ Yoast SEO plugin. -->","yoast_head_json":{"title":"Diese 5 Farben waren vielleicht im Jahr 2025 beliebt, aber Designer sagen, sie w\u00fcrden sie niemals in ihren eigenen H\u00e4usern verwenden - Nachrichten - Stra\u00dfenweb","robots":{"index":"index","follow":"follow","max-snippet":"max-snippet:-1","max-image-preview":"max-image-preview:large","max-video-preview":"max-video-preview:-1"},"canonical":"https:\/\/www.strassenweb.de\/nachrichten\/diese-5-farben-waren-vielleicht-im-jahr-2025-beliebt-aber-designer-sagen-sie-wuerden-sie-niemals-in-ihren-eigenen-haeusern-verwenden\/","og_locale":"de_DE","og_type":"article","og_title":"Diese 5 Farben waren vielleicht im Jahr 2025 beliebt, aber Designer sagen, sie w\u00fcrden sie niemals in ihren eigenen H\u00e4usern verwenden - Nachrichten - Stra\u00dfenweb","og_description":"2025 war ein erfrischend farbenfrohes Jahr. Von der R\u00fcckkehr von Braun bis zum beliebten Buttergelb ist es fair zu sagen, dass das Spektrum der Trendfarben","og_url":"https:\/\/www.strassenweb.de\/nachrichten\/diese-5-farben-waren-vielleicht-im-jahr-2025-beliebt-aber-designer-sagen-sie-wuerden-sie-niemals-in-ihren-eigenen-haeusern-verwenden\/","og_site_name":"Stra\u00dfenweb","article_publisher":"https:\/\/www.facebook.com\/strassenweb\/","article_published_time":"2025-08-20T05:40:36+00:00","article_modified_time":"2025-08-20T05:40:39+00:00","og_image":[{"width":2560,"height":1440,"url":"https:\/\/www.strassenweb.de\/nachrichten\/wp-content\/uploads\/2025\/08\/Diese-5-Farben-waren-vielleicht-im-Jahr-2025-beliebt-aber-scaled.jpg","type":"image\/jpeg"}],"author":"Robert Hoffmann","twitter_card":"summary_large_image","twitter_misc":{"Verfasst von":"Robert Hoffmann","Gesch\u00e4tzte Lesezeit":"6\u00a0Minuten"},"schema":{"@context":"https:\/\/schema.org","@graph":[{"@type":"Article","@id":"https:\/\/www.strassenweb.de\/nachrichten\/diese-5-farben-waren-vielleicht-im-jahr-2025-beliebt-aber-designer-sagen-sie-wuerden-sie-niemals-in-ihren-eigenen-haeusern-verwenden\/#article","isPartOf":{"@id":"https:\/\/www.strassenweb.de\/nachrichten\/diese-5-farben-waren-vielleicht-im-jahr-2025-beliebt-aber-designer-sagen-sie-wuerden-sie-niemals-in-ihren-eigenen-haeusern-verwenden\/"},"author":{"name":"Robert Hoffmann","@id":"https:\/\/www.strassenweb.de\/nachrichten\/#\/schema\/person\/87c9c9067f1211da429a744dc5a5aa41"},"headline":"Diese 5 Farben waren vielleicht im Jahr 2025 beliebt, aber Designer sagen, sie w\u00fcrden sie niemals in ihren eigenen H\u00e4usern verwenden","datePublished":"2025-08-20T05:40:36+00:00","dateModified":"2025-08-20T05:40:39+00:00","mainEntityOfPage":{"@id":"https:\/\/www.strassenweb.de\/nachrichten\/diese-5-farben-waren-vielleicht-im-jahr-2025-beliebt-aber-designer-sagen-sie-wuerden-sie-niemals-in-ihren-eigenen-haeusern-verwenden\/"},"wordCount":1204,"publisher":{"@id":"https:\/\/www.strassenweb.de\/nachrichten\/#organization"},"image":{"@id":"https:\/\/www.strassenweb.de\/nachrichten\/diese-5-farben-waren-vielleicht-im-jahr-2025-beliebt-aber-designer-sagen-sie-wuerden-sie-niemals-in-ihren-eigenen-haeusern-verwenden\/#primaryimage"},"thumbnailUrl":"https:\/\/www.strassenweb.de\/nachrichten\/wp-content\/uploads\/2025\/08\/Diese-5-Farben-waren-vielleicht-im-Jahr-2025-beliebt-aber-scaled.jpg","keywords":["aber","beliebt","Designer","diese","eigenen","Farben","H\u00e4usern","ihren","Jahr","niemals","sagen","Sie","verwenden","vielleicht","waren","w\u00fcrden"],"articleSection":["Haus &amp; Garten"],"inLanguage":"de"},{"@type":"WebPage","@id":"https:\/\/www.strassenweb.de\/nachrichten\/diese-5-farben-waren-vielleicht-im-jahr-2025-beliebt-aber-designer-sagen-sie-wuerden-sie-niemals-in-ihren-eigenen-haeusern-verwenden\/","url":"https:\/\/www.strassenweb.de\/nachrichten\/diese-5-farben-waren-vielleicht-im-jahr-2025-beliebt-aber-designer-sagen-sie-wuerden-sie-niemals-in-ihren-eigenen-haeusern-verwenden\/","name":"Diese 5 Farben waren vielleicht im Jahr 2025 beliebt, aber Designer sagen, sie w\u00fcrden sie niemals in ihren eigenen H\u00e4usern verwenden - Nachrichten - Stra\u00dfenweb","isPartOf":{"@id":"https:\/\/www.strassenweb.de\/nachrichten\/#website"},"primaryImageOfPage":{"@id":"https:\/\/www.strassenweb.de\/nachrichten\/diese-5-farben-waren-vielleicht-im-jahr-2025-beliebt-aber-designer-sagen-sie-wuerden-sie-niemals-in-ihren-eigenen-haeusern-verwenden\/#primaryimage"},"image":{"@id":"https:\/\/www.strassenweb.de\/nachrichten\/diese-5-farben-waren-vielleicht-im-jahr-2025-beliebt-aber-designer-sagen-sie-wuerden-sie-niemals-in-ihren-eigenen-haeusern-verwenden\/#primaryimage"},"thumbnailUrl":"https:\/\/www.strassenweb.de\/nachrichten\/wp-content\/uploads\/2025\/08\/Diese-5-Farben-waren-vielleicht-im-Jahr-2025-beliebt-aber-scaled.jpg","datePublished":"2025-08-20T05:40:36+00:00","dateModified":"2025-08-20T05:40:39+00:00","breadcrumb":{"@id":"https:\/\/www.strassenweb.de\/nachrichten\/diese-5-farben-waren-vielleicht-im-jahr-2025-beliebt-aber-designer-sagen-sie-wuerden-sie-niemals-in-ihren-eigenen-haeusern-verwenden\/#breadcrumb"},"inLanguage":"de","potentialAction":[{"@type":"ReadAction","target":["https:\/\/www.strassenweb.de\/nachrichten\/diese-5-farben-waren-vielleicht-im-jahr-2025-beliebt-aber-designer-sagen-sie-wuerden-sie-niemals-in-ihren-eigenen-haeusern-verwenden\/"]}]},{"@type":"ImageObject","inLanguage":"de","@id":"https:\/\/www.strassenweb.de\/nachrichten\/diese-5-farben-waren-vielleicht-im-jahr-2025-beliebt-aber-designer-sagen-sie-wuerden-sie-niemals-in-ihren-eigenen-haeusern-verwenden\/#primaryimage","url":"https:\/\/www.strassenweb.de\/nachrichten\/wp-content\/uploads\/2025\/08\/Diese-5-Farben-waren-vielleicht-im-Jahr-2025-beliebt-aber-scaled.jpg","contentUrl":"https:\/\/www.strassenweb.de\/nachrichten\/wp-content\/uploads\/2025\/08\/Diese-5-Farben-waren-vielleicht-im-Jahr-2025-beliebt-aber-scaled.jpg","width":2560,"height":1440,"caption":"Crimson painted living room with large book case and sofa"},{"@type":"BreadcrumbList","@id":"https:\/\/www.strassenweb.de\/nachrichten\/diese-5-farben-waren-vielleicht-im-jahr-2025-beliebt-aber-designer-sagen-sie-wuerden-sie-niemals-in-ihren-eigenen-haeusern-verwenden\/#breadcrumb","itemListElement":[{"@type":"ListItem","position":1,"name":"Home","item":"https:\/\/www.strassenweb.de\/nachrichten\/"},{"@type":"ListItem","position":2,"name":"Diese 5 Farben waren vielleicht im Jahr 2025 beliebt, aber Designer sagen, sie w\u00fcrden sie niemals in ihren eigenen H\u00e4usern verwenden"}]},{"@type":"WebSite","@id":"https:\/\/www.strassenweb.de\/nachrichten\/#website","url":"https:\/\/www.strassenweb.de\/nachrichten\/","name":"Stra\u00dfenweb","description":"Stra\u00dfenverzeichnis f\u00fcr Deutschland","publisher":{"@id":"https:\/\/www.strassenweb.de\/nachrichten\/#organization"},"potentialAction":[{"@type":"SearchAction","target":{"@type":"EntryPoint","urlTemplate":"https:\/\/www.strassenweb.de\/nachrichten\/?s={search_term_string}"},"query-input":{"@type":"PropertyValueSpecification","valueRequired":true,"valueName":"search_term_string"}}],"inLanguage":"de"},{"@type":"Organization","@id":"https:\/\/www.strassenweb.de\/nachrichten\/#organization","name":"Stra\u00dfenweb","url":"https:\/\/www.strassenweb.de\/nachrichten\/","logo":{"@type":"ImageObject","inLanguage":"de","@id":"https:\/\/www.strassenweb.de\/nachrichten\/#\/schema\/logo\/image\/","url":"https:\/\/www.strassenweb.de\/nachrichten\/wp-content\/uploads\/2024\/09\/cropped-favicon.png","contentUrl":"https:\/\/www.strassenweb.de\/nachrichten\/wp-content\/uploads\/2024\/09\/cropped-favicon.png","width":512,"height":512,"caption":"Stra\u00dfenweb"},"image":{"@id":"https:\/\/www.strassenweb.de\/nachrichten\/#\/schema\/logo\/image\/"},"sameAs":["https:\/\/www.facebook.com\/strassenweb\/"]},{"@type":"Person","@id":"https:\/\/www.strassenweb.de\/nachrichten\/#\/schema\/person\/87c9c9067f1211da429a744dc5a5aa41","name":"Robert Hoffmann","image":{"@type":"ImageObject","inLanguage":"de","@id":"https:\/\/www.strassenweb.de\/nachrichten\/wp-content\/uploads\/2024\/09\/strassenweb-150x150.jpg","url":"https:\/\/www.strassenweb.de\/nachrichten\/wp-content\/uploads\/2024\/09\/strassenweb-150x150.jpg","contentUrl":"https:\/\/www.strassenweb.de\/nachrichten\/wp-content\/uploads\/2024\/09\/strassenweb-150x150.jpg","caption":"Robert Hoffmann"},"description":"Ich hei\u00dfe Robert Hoffmann und ich bin ein leidenschaftlicher Verfechter von \u00d6kologie und Biodiversit\u00e4t. Seit meiner Kindheit in den W\u00e4ldern Bayerns f\u00fchle ich mich mit der Natur verbunden und bin entschlossen, sie zu sch\u00fctzen. Heute widme ich mein Leben der Sensibilisierung anderer f\u00fcr die Bedeutung des Umweltschutzes f\u00fcr zuk\u00fcnftige Generationen.","sameAs":["https:\/\/www.strassenweb.de\/"]}]}},"_links":{"self":[{"href":"https:\/\/www.strassenweb.de\/nachrichten\/wp-json\/wp\/v2\/posts\/7090","targetHints":{"allow":["GET"]}}],"collection":[{"href":"https:\/\/www.strassenweb.de\/nachrichten\/wp-json\/wp\/v2\/posts"}],"about":[{"href":"https:\/\/www.strassenweb.de\/nachrichten\/wp-json\/wp\/v2\/types\/post"}],"author":[{"embeddable":true,"href":"https:\/\/www.strassenweb.de\/nachrichten\/wp-json\/wp\/v2\/users\/1"}],"replies":[{"embeddable":true,"href":"https:\/\/www.strassenweb.de\/nachrichten\/wp-json\/wp\/v2\/comments?post=7090"}],"version-history":[{"count":0,"href":"https:\/\/www.strassenweb.de\/nachrichten\/wp-json\/wp\/v2\/posts\/7090\/revisions"}],"wp:featuredmedia":[{"embeddable":true,"href":"https:\/\/www.strassenweb.de\/nachrichten\/wp-json\/wp\/v2\/media\/7091"}],"wp:attachment":[{"href":"https:\/\/www.strassenweb.de\/nachrichten\/wp-json\/wp\/v2\/media?parent=7090"}],"wp:term":[{"taxonomy":"category","embeddable":true,"href":"https:\/\/www.strassenweb.de\/nachrichten\/wp-json\/wp\/v2\/categories?post=7090"},{"taxonomy":"post_tag","embeddable":true,"href":"https:\/\/www.strassenweb.de\/nachrichten\/wp-json\/wp\/v2\/tags?post=7090"}],"curies":[{"name":"wp","href":"https:\/\/api.w.org\/{rel}","templated":true}]}}