{"id":709,"date":"2024-10-07T23:47:00","date_gmt":"2024-10-07T21:47:00","guid":{"rendered":"https:\/\/www.strassenweb.de\/nachrichten\/alex-bellini-schliesst-die-erste-etappe-des-eyes-on-ice-projekts-ab\/"},"modified":"2024-10-07T23:47:01","modified_gmt":"2024-10-07T21:47:01","slug":"alex-bellini-schliesst-die-erste-etappe-des-eyes-on-ice-projekts-ab","status":"publish","type":"post","link":"https:\/\/www.strassenweb.de\/nachrichten\/alex-bellini-schliesst-die-erste-etappe-des-eyes-on-ice-projekts-ab\/","title":{"rendered":"Alex Bellini schlie\u00dft die erste Etappe des EYES ON ICE-Projekts ab"},"content":{"rendered":"<p>Es ist uns eine Ehre, das zu teilen <strong>Alex Bellini<\/strong> hat f\u00fcr die erste Phase seines Projekts die Friend of the Earth-Zertifizierung f\u00fcr nachhaltige Veranstaltungen erhalten <strong>EYES ON ICE-MISSION<\/strong>.<\/p>\n<p>Dieser Erfolg feiert den Abschluss seiner Alaska-Reise am 27. M\u00e4rz. 37 Tage lang bew\u00e4ltigte Alex eine aufregende 1.800 Kilometer lange Strecke auf einem Mountainbike aus recyceltem Kunststoff. Diese Etappe markiert den Beginn seines ehrgeizigen dreij\u00e4hrigen Projekts, das anspruchsvolles Gel\u00e4nde abdeckt und zum Umweltschutz anregt.<\/p>\n<p><strong>Erstmals<\/strong>zwei <strong>AUSWIRKUNGEN<\/strong> Prototypen von <strong>Mountainbikes,<\/strong> speziell hergestellt mit <strong>Rahmen aus recyceltem Kunststoff und 3D-gedruckt,<\/strong> Ankunft in Nome.<\/p>\n<p><em>\u201eIch f\u00fchlte mich wie ein Pionier, wie die Gebr\u00fcder Wright, die vor 120 Jahren das Reisen mit diesen 36 Sekunden Flug revolutionierten. Ich glaube nat\u00fcrlich nicht, dass ich den gleichen Einfluss habe, aber ich habe gezeigt, dass ein anderer Weg m\u00f6glich ist, dass Innovationen in eine Branche wie die Fahrradproduktion gebracht werden k\u00f6nnen, und, was noch wichtiger ist, dass dies der Fall ist <strong>Kunststoff kann ein ebenso zuverl\u00e4ssiges Material sein wie g\u00e4ngigere Materialien<\/strong> (Aluminium, Carbon usw.), <strong>mit dem zus\u00e4tzlichen Vorteil, dass der Rahmen selbst wieder recycelt werden kann<\/strong>. Ich wollte die Entwicklung dieses innovativen Mountainbikes unterst\u00fctzen und mich daran beteiligen, weil es meiner Vorstellung von Erkundung und dem Ausprobieren neuer Wege im Namen der Nachhaltigkeit entspricht.\u201c <\/em><strong>kommentiert Alex Bellini nach der R\u00fcckkehr von seiner Expedition<\/strong>.<\/p>\n<p>Alex Bellini und Alessandro Plona, \u200b\u200bein vielseitiger Sportler, der seine Zeit zwischen Skibergsteigen und Mountainbiken verbringt, verlie\u00dfen am 13. Februar die Stadt Anchorage, um Alaska mit dem Fahrrad zu durchqueren, bei Temperaturen von bis zu -40 \u00b0C. Am 22. M\u00e4rz kamen sie in Nome an, einem mythischen Dorf f\u00fcr Goldsucher und Abschlussziel des Iditarod Trail Sled Dog Race, dem ber\u00fchmtesten Schlittenhunderennen der Welt. Bellini kehrte \u00fcber 20 Jahre nach seinem ersten Erlebnis nach Alaska zur\u00fcck. Das abgeschlossene Unterfangen stellt eine Reise voller Innovation, Reichweite und innerer Erkundung dar. Mit diesen Erkenntnissen bereitet sich Alex Bellini auf die n\u00e4chste Etappe im Jahr 2025 vor: die Durchquerung Gr\u00f6nlands. Tats\u00e4chlich ist die gesamte Initiative mit einem dreij\u00e4hrigen Programm strukturiert, das drei Bereichen entspricht: Alaska (2024), Gr\u00f6nland (2025) und der Arktische Ozean (2026).<\/p>\n<p>Mit diesem Projekt wollen Bellini und sein Team polare Probleme erforschen und mit wissenschaftlichen Partnern zusammenarbeiten, um Herausforderungen im Zusammenhang mit dem Verst\u00e4ndnis und der Erhaltung dieser \u00d6kosysteme anzugehen. Die Initiative umfasst ein dreij\u00e4hriges Programm, in dem Bellini Elemente und Interviews seiner Reise f\u00fcr einen Dokumentarfilm und \u00f6ffentliche Reden zusammenstellt. Durch diese Bem\u00fchungen m\u00f6chte er seine Erfahrungen teilen und sich auf zuk\u00fcnftige Herausforderungen vorbereiten, wobei er die Bedeutung von Reflexion und Anpassung betont.<\/p>\n<p><em>\u201eAls Gr\u00fcnder und Direktor der Weltorganisation f\u00fcr Nachhaltigkeit f\u00fchle ich mich geehrt, die Leistung von Alex Bellini zu teilen. Sein Engagement inspiriert uns, Nachhaltigkeitszertifizierungsstandards bei Veranstaltungen, Reisen, Sport und dar\u00fcber hinaus zu f\u00f6rdern und so eine breite Akzeptanz f\u00fcr eine umweltfreundlichere Zukunft zu f\u00f6rdern.\u201c <strong>Sagt Paolo Bray.<\/strong><\/em><\/p>\n<ul class=\"wp-block-list\">\n<li><\/li>\n<\/ul>\n","protected":false},"excerpt":{"rendered":"<p>Es ist uns eine Ehre, das zu teilen Alex Bellini hat f\u00fcr die erste Phase seines Projekts die Friend of the Earth-Zertifizierung f\u00fcr nachhaltige Veranstaltungen<\/p>\n","protected":false},"author":1,"featured_media":710,"comment_status":"closed","ping_status":"","sticky":false,"template":"","format":"standard","meta":{"footnotes":""},"categories":[101],"tags":[1404,1405,281,9,395,1406,1407,1408,1346],"class_list":["post-709","post","type-post","status-publish","format-standard","has-post-thumbnail","hentry","category-oekologie","tag-alex","tag-bellini","tag-des","tag-die","tag-erste","tag-etappe","tag-eyes","tag-iceprojekts","tag-schliesst","generate-columns","tablet-grid-50","mobile-grid-100","grid-parent","grid-50"],"yoast_head":"<!-- This site is optimized with the Yoast SEO plugin v27.3 - https:\/\/yoast.com\/product\/yoast-seo-wordpress\/ -->\n<title>Alex Bellini schlie\u00dft die erste Etappe des EYES ON ICE-Projekts ab - Nachrichten - Stra\u00dfenweb<\/title>\n<meta name=\"robots\" content=\"index, follow, max-snippet:-1, max-image-preview:large, max-video-preview:-1\" \/>\n<link rel=\"canonical\" href=\"https:\/\/www.strassenweb.de\/nachrichten\/alex-bellini-schliesst-die-erste-etappe-des-eyes-on-ice-projekts-ab\/\" \/>\n<meta property=\"og:locale\" content=\"de_DE\" \/>\n<meta property=\"og:type\" content=\"article\" \/>\n<meta property=\"og:title\" content=\"Alex Bellini schlie\u00dft die erste Etappe des EYES ON ICE-Projekts ab - Nachrichten - Stra\u00dfenweb\" \/>\n<meta property=\"og:description\" content=\"Es ist uns eine Ehre, das zu teilen Alex Bellini hat f\u00fcr die erste Phase seines Projekts die Friend of the Earth-Zertifizierung f\u00fcr nachhaltige Veranstaltungen\" \/>\n<meta property=\"og:url\" content=\"https:\/\/www.strassenweb.de\/nachrichten\/alex-bellini-schliesst-die-erste-etappe-des-eyes-on-ice-projekts-ab\/\" \/>\n<meta property=\"og:site_name\" content=\"Stra\u00dfenweb\" \/>\n<meta property=\"article:publisher\" content=\"https:\/\/www.facebook.com\/strassenweb\/\" \/>\n<meta property=\"article:published_time\" content=\"2024-10-07T21:47:00+00:00\" \/>\n<meta property=\"article:modified_time\" content=\"2024-10-07T21:47:01+00:00\" \/>\n<meta property=\"og:image\" content=\"https:\/\/www.strassenweb.de\/nachrichten\/wp-content\/uploads\/2024\/10\/Alex-Bellini-schliesst-die-erste-Etappe-des-EYES-ON-ICE-Projekts.jpeg\" \/>\n\t<meta property=\"og:image:width\" content=\"900\" \/>\n\t<meta property=\"og:image:height\" content=\"555\" \/>\n\t<meta property=\"og:image:type\" content=\"image\/jpeg\" \/>\n<meta name=\"author\" content=\"Robert Hoffmann\" \/>\n<meta name=\"twitter:card\" content=\"summary_large_image\" \/>\n<meta name=\"twitter:label1\" content=\"Verfasst von\" \/>\n\t<meta name=\"twitter:data1\" content=\"Robert Hoffmann\" \/>\n\t<meta name=\"twitter:label2\" content=\"Gesch\u00e4tzte Lesezeit\" \/>\n\t<meta name=\"twitter:data2\" content=\"2\u00a0Minuten\" \/>\n<script type=\"application\/ld+json\" class=\"yoast-schema-graph\">{\"@context\":\"https:\\\/\\\/schema.org\",\"@graph\":[{\"@type\":\"Article\",\"@id\":\"https:\\\/\\\/www.strassenweb.de\\\/nachrichten\\\/alex-bellini-schliesst-die-erste-etappe-des-eyes-on-ice-projekts-ab\\\/#article\",\"isPartOf\":{\"@id\":\"https:\\\/\\\/www.strassenweb.de\\\/nachrichten\\\/alex-bellini-schliesst-die-erste-etappe-des-eyes-on-ice-projekts-ab\\\/\"},\"author\":{\"name\":\"Robert Hoffmann\",\"@id\":\"https:\\\/\\\/www.strassenweb.de\\\/nachrichten\\\/#\\\/schema\\\/person\\\/87c9c9067f1211da429a744dc5a5aa41\"},\"headline\":\"Alex Bellini schlie\u00dft die erste Etappe des EYES ON ICE-Projekts ab\",\"datePublished\":\"2024-10-07T21:47:00+00:00\",\"dateModified\":\"2024-10-07T21:47:01+00:00\",\"mainEntityOfPage\":{\"@id\":\"https:\\\/\\\/www.strassenweb.de\\\/nachrichten\\\/alex-bellini-schliesst-die-erste-etappe-des-eyes-on-ice-projekts-ab\\\/\"},\"wordCount\":503,\"publisher\":{\"@id\":\"https:\\\/\\\/www.strassenweb.de\\\/nachrichten\\\/#organization\"},\"image\":{\"@id\":\"https:\\\/\\\/www.strassenweb.de\\\/nachrichten\\\/alex-bellini-schliesst-die-erste-etappe-des-eyes-on-ice-projekts-ab\\\/#primaryimage\"},\"thumbnailUrl\":\"https:\\\/\\\/www.strassenweb.de\\\/nachrichten\\\/wp-content\\\/uploads\\\/2024\\\/10\\\/Alex-Bellini-schliesst-die-erste-Etappe-des-EYES-ON-ICE-Projekts.jpeg\",\"keywords\":[\"Alex\",\"Bellini\",\"des\",\"die\",\"Erste\",\"Etappe\",\"EYES\",\"ICEProjekts\",\"schlie\u00dft\"],\"articleSection\":[\"\u00d6kologie\"],\"inLanguage\":\"de\"},{\"@type\":\"WebPage\",\"@id\":\"https:\\\/\\\/www.strassenweb.de\\\/nachrichten\\\/alex-bellini-schliesst-die-erste-etappe-des-eyes-on-ice-projekts-ab\\\/\",\"url\":\"https:\\\/\\\/www.strassenweb.de\\\/nachrichten\\\/alex-bellini-schliesst-die-erste-etappe-des-eyes-on-ice-projekts-ab\\\/\",\"name\":\"Alex Bellini schlie\u00dft die erste Etappe des EYES ON ICE-Projekts ab - Nachrichten - Stra\u00dfenweb\",\"isPartOf\":{\"@id\":\"https:\\\/\\\/www.strassenweb.de\\\/nachrichten\\\/#website\"},\"primaryImageOfPage\":{\"@id\":\"https:\\\/\\\/www.strassenweb.de\\\/nachrichten\\\/alex-bellini-schliesst-die-erste-etappe-des-eyes-on-ice-projekts-ab\\\/#primaryimage\"},\"image\":{\"@id\":\"https:\\\/\\\/www.strassenweb.de\\\/nachrichten\\\/alex-bellini-schliesst-die-erste-etappe-des-eyes-on-ice-projekts-ab\\\/#primaryimage\"},\"thumbnailUrl\":\"https:\\\/\\\/www.strassenweb.de\\\/nachrichten\\\/wp-content\\\/uploads\\\/2024\\\/10\\\/Alex-Bellini-schliesst-die-erste-Etappe-des-EYES-ON-ICE-Projekts.jpeg\",\"datePublished\":\"2024-10-07T21:47:00+00:00\",\"dateModified\":\"2024-10-07T21:47:01+00:00\",\"breadcrumb\":{\"@id\":\"https:\\\/\\\/www.strassenweb.de\\\/nachrichten\\\/alex-bellini-schliesst-die-erste-etappe-des-eyes-on-ice-projekts-ab\\\/#breadcrumb\"},\"inLanguage\":\"de\",\"potentialAction\":[{\"@type\":\"ReadAction\",\"target\":[\"https:\\\/\\\/www.strassenweb.de\\\/nachrichten\\\/alex-bellini-schliesst-die-erste-etappe-des-eyes-on-ice-projekts-ab\\\/\"]}]},{\"@type\":\"ImageObject\",\"inLanguage\":\"de\",\"@id\":\"https:\\\/\\\/www.strassenweb.de\\\/nachrichten\\\/alex-bellini-schliesst-die-erste-etappe-des-eyes-on-ice-projekts-ab\\\/#primaryimage\",\"url\":\"https:\\\/\\\/www.strassenweb.de\\\/nachrichten\\\/wp-content\\\/uploads\\\/2024\\\/10\\\/Alex-Bellini-schliesst-die-erste-Etappe-des-EYES-ON-ICE-Projekts.jpeg\",\"contentUrl\":\"https:\\\/\\\/www.strassenweb.de\\\/nachrichten\\\/wp-content\\\/uploads\\\/2024\\\/10\\\/Alex-Bellini-schliesst-die-erste-Etappe-des-EYES-ON-ICE-Projekts.jpeg\",\"width\":900,\"height\":555,\"caption\":\"Alex Bellini concludes the first leg of the EYES ON ICE project\"},{\"@type\":\"BreadcrumbList\",\"@id\":\"https:\\\/\\\/www.strassenweb.de\\\/nachrichten\\\/alex-bellini-schliesst-die-erste-etappe-des-eyes-on-ice-projekts-ab\\\/#breadcrumb\",\"itemListElement\":[{\"@type\":\"ListItem\",\"position\":1,\"name\":\"Home\",\"item\":\"https:\\\/\\\/www.strassenweb.de\\\/nachrichten\\\/\"},{\"@type\":\"ListItem\",\"position\":2,\"name\":\"Alex Bellini schlie\u00dft die erste Etappe des EYES ON ICE-Projekts ab\"}]},{\"@type\":\"WebSite\",\"@id\":\"https:\\\/\\\/www.strassenweb.de\\\/nachrichten\\\/#website\",\"url\":\"https:\\\/\\\/www.strassenweb.de\\\/nachrichten\\\/\",\"name\":\"Stra\u00dfenweb\",\"description\":\"Stra\u00dfenverzeichnis f\u00fcr Deutschland\",\"publisher\":{\"@id\":\"https:\\\/\\\/www.strassenweb.de\\\/nachrichten\\\/#organization\"},\"potentialAction\":[{\"@type\":\"SearchAction\",\"target\":{\"@type\":\"EntryPoint\",\"urlTemplate\":\"https:\\\/\\\/www.strassenweb.de\\\/nachrichten\\\/?s={search_term_string}\"},\"query-input\":{\"@type\":\"PropertyValueSpecification\",\"valueRequired\":true,\"valueName\":\"search_term_string\"}}],\"inLanguage\":\"de\"},{\"@type\":\"Organization\",\"@id\":\"https:\\\/\\\/www.strassenweb.de\\\/nachrichten\\\/#organization\",\"name\":\"Stra\u00dfenweb\",\"url\":\"https:\\\/\\\/www.strassenweb.de\\\/nachrichten\\\/\",\"logo\":{\"@type\":\"ImageObject\",\"inLanguage\":\"de\",\"@id\":\"https:\\\/\\\/www.strassenweb.de\\\/nachrichten\\\/#\\\/schema\\\/logo\\\/image\\\/\",\"url\":\"https:\\\/\\\/www.strassenweb.de\\\/nachrichten\\\/wp-content\\\/uploads\\\/2024\\\/09\\\/cropped-favicon.png\",\"contentUrl\":\"https:\\\/\\\/www.strassenweb.de\\\/nachrichten\\\/wp-content\\\/uploads\\\/2024\\\/09\\\/cropped-favicon.png\",\"width\":512,\"height\":512,\"caption\":\"Stra\u00dfenweb\"},\"image\":{\"@id\":\"https:\\\/\\\/www.strassenweb.de\\\/nachrichten\\\/#\\\/schema\\\/logo\\\/image\\\/\"},\"sameAs\":[\"https:\\\/\\\/www.facebook.com\\\/strassenweb\\\/\"]},{\"@type\":\"Person\",\"@id\":\"https:\\\/\\\/www.strassenweb.de\\\/nachrichten\\\/#\\\/schema\\\/person\\\/87c9c9067f1211da429a744dc5a5aa41\",\"name\":\"Robert Hoffmann\",\"image\":{\"@type\":\"ImageObject\",\"inLanguage\":\"de\",\"@id\":\"https:\\\/\\\/www.strassenweb.de\\\/nachrichten\\\/wp-content\\\/uploads\\\/2024\\\/09\\\/strassenweb-150x150.jpg\",\"url\":\"https:\\\/\\\/www.strassenweb.de\\\/nachrichten\\\/wp-content\\\/uploads\\\/2024\\\/09\\\/strassenweb-150x150.jpg\",\"contentUrl\":\"https:\\\/\\\/www.strassenweb.de\\\/nachrichten\\\/wp-content\\\/uploads\\\/2024\\\/09\\\/strassenweb-150x150.jpg\",\"caption\":\"Robert Hoffmann\"},\"description\":\"Ich hei\u00dfe Robert Hoffmann und ich bin ein leidenschaftlicher Verfechter von \u00d6kologie und Biodiversit\u00e4t. Seit meiner Kindheit in den W\u00e4ldern Bayerns f\u00fchle ich mich mit der Natur verbunden und bin entschlossen, sie zu sch\u00fctzen. Heute widme ich mein Leben der Sensibilisierung anderer f\u00fcr die Bedeutung des Umweltschutzes f\u00fcr zuk\u00fcnftige Generationen.\",\"sameAs\":[\"https:\\\/\\\/www.strassenweb.de\\\/\"]}]}<\/script>\n<!-- \/ Yoast SEO plugin. -->","yoast_head_json":{"title":"Alex Bellini schlie\u00dft die erste Etappe des EYES ON ICE-Projekts ab - Nachrichten - Stra\u00dfenweb","robots":{"index":"index","follow":"follow","max-snippet":"max-snippet:-1","max-image-preview":"max-image-preview:large","max-video-preview":"max-video-preview:-1"},"canonical":"https:\/\/www.strassenweb.de\/nachrichten\/alex-bellini-schliesst-die-erste-etappe-des-eyes-on-ice-projekts-ab\/","og_locale":"de_DE","og_type":"article","og_title":"Alex Bellini schlie\u00dft die erste Etappe des EYES ON ICE-Projekts ab - Nachrichten - Stra\u00dfenweb","og_description":"Es ist uns eine Ehre, das zu teilen Alex Bellini hat f\u00fcr die erste Phase seines Projekts die Friend of the Earth-Zertifizierung f\u00fcr nachhaltige Veranstaltungen","og_url":"https:\/\/www.strassenweb.de\/nachrichten\/alex-bellini-schliesst-die-erste-etappe-des-eyes-on-ice-projekts-ab\/","og_site_name":"Stra\u00dfenweb","article_publisher":"https:\/\/www.facebook.com\/strassenweb\/","article_published_time":"2024-10-07T21:47:00+00:00","article_modified_time":"2024-10-07T21:47:01+00:00","og_image":[{"width":900,"height":555,"url":"https:\/\/www.strassenweb.de\/nachrichten\/wp-content\/uploads\/2024\/10\/Alex-Bellini-schliesst-die-erste-Etappe-des-EYES-ON-ICE-Projekts.jpeg","type":"image\/jpeg"}],"author":"Robert Hoffmann","twitter_card":"summary_large_image","twitter_misc":{"Verfasst von":"Robert Hoffmann","Gesch\u00e4tzte Lesezeit":"2\u00a0Minuten"},"schema":{"@context":"https:\/\/schema.org","@graph":[{"@type":"Article","@id":"https:\/\/www.strassenweb.de\/nachrichten\/alex-bellini-schliesst-die-erste-etappe-des-eyes-on-ice-projekts-ab\/#article","isPartOf":{"@id":"https:\/\/www.strassenweb.de\/nachrichten\/alex-bellini-schliesst-die-erste-etappe-des-eyes-on-ice-projekts-ab\/"},"author":{"name":"Robert Hoffmann","@id":"https:\/\/www.strassenweb.de\/nachrichten\/#\/schema\/person\/87c9c9067f1211da429a744dc5a5aa41"},"headline":"Alex Bellini schlie\u00dft die erste Etappe des EYES ON ICE-Projekts ab","datePublished":"2024-10-07T21:47:00+00:00","dateModified":"2024-10-07T21:47:01+00:00","mainEntityOfPage":{"@id":"https:\/\/www.strassenweb.de\/nachrichten\/alex-bellini-schliesst-die-erste-etappe-des-eyes-on-ice-projekts-ab\/"},"wordCount":503,"publisher":{"@id":"https:\/\/www.strassenweb.de\/nachrichten\/#organization"},"image":{"@id":"https:\/\/www.strassenweb.de\/nachrichten\/alex-bellini-schliesst-die-erste-etappe-des-eyes-on-ice-projekts-ab\/#primaryimage"},"thumbnailUrl":"https:\/\/www.strassenweb.de\/nachrichten\/wp-content\/uploads\/2024\/10\/Alex-Bellini-schliesst-die-erste-Etappe-des-EYES-ON-ICE-Projekts.jpeg","keywords":["Alex","Bellini","des","die","Erste","Etappe","EYES","ICEProjekts","schlie\u00dft"],"articleSection":["\u00d6kologie"],"inLanguage":"de"},{"@type":"WebPage","@id":"https:\/\/www.strassenweb.de\/nachrichten\/alex-bellini-schliesst-die-erste-etappe-des-eyes-on-ice-projekts-ab\/","url":"https:\/\/www.strassenweb.de\/nachrichten\/alex-bellini-schliesst-die-erste-etappe-des-eyes-on-ice-projekts-ab\/","name":"Alex Bellini schlie\u00dft die erste Etappe des EYES ON ICE-Projekts ab - Nachrichten - Stra\u00dfenweb","isPartOf":{"@id":"https:\/\/www.strassenweb.de\/nachrichten\/#website"},"primaryImageOfPage":{"@id":"https:\/\/www.strassenweb.de\/nachrichten\/alex-bellini-schliesst-die-erste-etappe-des-eyes-on-ice-projekts-ab\/#primaryimage"},"image":{"@id":"https:\/\/www.strassenweb.de\/nachrichten\/alex-bellini-schliesst-die-erste-etappe-des-eyes-on-ice-projekts-ab\/#primaryimage"},"thumbnailUrl":"https:\/\/www.strassenweb.de\/nachrichten\/wp-content\/uploads\/2024\/10\/Alex-Bellini-schliesst-die-erste-Etappe-des-EYES-ON-ICE-Projekts.jpeg","datePublished":"2024-10-07T21:47:00+00:00","dateModified":"2024-10-07T21:47:01+00:00","breadcrumb":{"@id":"https:\/\/www.strassenweb.de\/nachrichten\/alex-bellini-schliesst-die-erste-etappe-des-eyes-on-ice-projekts-ab\/#breadcrumb"},"inLanguage":"de","potentialAction":[{"@type":"ReadAction","target":["https:\/\/www.strassenweb.de\/nachrichten\/alex-bellini-schliesst-die-erste-etappe-des-eyes-on-ice-projekts-ab\/"]}]},{"@type":"ImageObject","inLanguage":"de","@id":"https:\/\/www.strassenweb.de\/nachrichten\/alex-bellini-schliesst-die-erste-etappe-des-eyes-on-ice-projekts-ab\/#primaryimage","url":"https:\/\/www.strassenweb.de\/nachrichten\/wp-content\/uploads\/2024\/10\/Alex-Bellini-schliesst-die-erste-Etappe-des-EYES-ON-ICE-Projekts.jpeg","contentUrl":"https:\/\/www.strassenweb.de\/nachrichten\/wp-content\/uploads\/2024\/10\/Alex-Bellini-schliesst-die-erste-Etappe-des-EYES-ON-ICE-Projekts.jpeg","width":900,"height":555,"caption":"Alex Bellini concludes the first leg of the EYES ON ICE project"},{"@type":"BreadcrumbList","@id":"https:\/\/www.strassenweb.de\/nachrichten\/alex-bellini-schliesst-die-erste-etappe-des-eyes-on-ice-projekts-ab\/#breadcrumb","itemListElement":[{"@type":"ListItem","position":1,"name":"Home","item":"https:\/\/www.strassenweb.de\/nachrichten\/"},{"@type":"ListItem","position":2,"name":"Alex Bellini schlie\u00dft die erste Etappe des EYES ON ICE-Projekts ab"}]},{"@type":"WebSite","@id":"https:\/\/www.strassenweb.de\/nachrichten\/#website","url":"https:\/\/www.strassenweb.de\/nachrichten\/","name":"Stra\u00dfenweb","description":"Stra\u00dfenverzeichnis f\u00fcr Deutschland","publisher":{"@id":"https:\/\/www.strassenweb.de\/nachrichten\/#organization"},"potentialAction":[{"@type":"SearchAction","target":{"@type":"EntryPoint","urlTemplate":"https:\/\/www.strassenweb.de\/nachrichten\/?s={search_term_string}"},"query-input":{"@type":"PropertyValueSpecification","valueRequired":true,"valueName":"search_term_string"}}],"inLanguage":"de"},{"@type":"Organization","@id":"https:\/\/www.strassenweb.de\/nachrichten\/#organization","name":"Stra\u00dfenweb","url":"https:\/\/www.strassenweb.de\/nachrichten\/","logo":{"@type":"ImageObject","inLanguage":"de","@id":"https:\/\/www.strassenweb.de\/nachrichten\/#\/schema\/logo\/image\/","url":"https:\/\/www.strassenweb.de\/nachrichten\/wp-content\/uploads\/2024\/09\/cropped-favicon.png","contentUrl":"https:\/\/www.strassenweb.de\/nachrichten\/wp-content\/uploads\/2024\/09\/cropped-favicon.png","width":512,"height":512,"caption":"Stra\u00dfenweb"},"image":{"@id":"https:\/\/www.strassenweb.de\/nachrichten\/#\/schema\/logo\/image\/"},"sameAs":["https:\/\/www.facebook.com\/strassenweb\/"]},{"@type":"Person","@id":"https:\/\/www.strassenweb.de\/nachrichten\/#\/schema\/person\/87c9c9067f1211da429a744dc5a5aa41","name":"Robert Hoffmann","image":{"@type":"ImageObject","inLanguage":"de","@id":"https:\/\/www.strassenweb.de\/nachrichten\/wp-content\/uploads\/2024\/09\/strassenweb-150x150.jpg","url":"https:\/\/www.strassenweb.de\/nachrichten\/wp-content\/uploads\/2024\/09\/strassenweb-150x150.jpg","contentUrl":"https:\/\/www.strassenweb.de\/nachrichten\/wp-content\/uploads\/2024\/09\/strassenweb-150x150.jpg","caption":"Robert Hoffmann"},"description":"Ich hei\u00dfe Robert Hoffmann und ich bin ein leidenschaftlicher Verfechter von \u00d6kologie und Biodiversit\u00e4t. Seit meiner Kindheit in den W\u00e4ldern Bayerns f\u00fchle ich mich mit der Natur verbunden und bin entschlossen, sie zu sch\u00fctzen. Heute widme ich mein Leben der Sensibilisierung anderer f\u00fcr die Bedeutung des Umweltschutzes f\u00fcr zuk\u00fcnftige Generationen.","sameAs":["https:\/\/www.strassenweb.de\/"]}]}},"_links":{"self":[{"href":"https:\/\/www.strassenweb.de\/nachrichten\/wp-json\/wp\/v2\/posts\/709","targetHints":{"allow":["GET"]}}],"collection":[{"href":"https:\/\/www.strassenweb.de\/nachrichten\/wp-json\/wp\/v2\/posts"}],"about":[{"href":"https:\/\/www.strassenweb.de\/nachrichten\/wp-json\/wp\/v2\/types\/post"}],"author":[{"embeddable":true,"href":"https:\/\/www.strassenweb.de\/nachrichten\/wp-json\/wp\/v2\/users\/1"}],"replies":[{"embeddable":true,"href":"https:\/\/www.strassenweb.de\/nachrichten\/wp-json\/wp\/v2\/comments?post=709"}],"version-history":[{"count":0,"href":"https:\/\/www.strassenweb.de\/nachrichten\/wp-json\/wp\/v2\/posts\/709\/revisions"}],"wp:featuredmedia":[{"embeddable":true,"href":"https:\/\/www.strassenweb.de\/nachrichten\/wp-json\/wp\/v2\/media\/710"}],"wp:attachment":[{"href":"https:\/\/www.strassenweb.de\/nachrichten\/wp-json\/wp\/v2\/media?parent=709"}],"wp:term":[{"taxonomy":"category","embeddable":true,"href":"https:\/\/www.strassenweb.de\/nachrichten\/wp-json\/wp\/v2\/categories?post=709"},{"taxonomy":"post_tag","embeddable":true,"href":"https:\/\/www.strassenweb.de\/nachrichten\/wp-json\/wp\/v2\/tags?post=709"}],"curies":[{"name":"wp","href":"https:\/\/api.w.org\/{rel}","templated":true}]}}