{"id":7052,"date":"2025-08-18T19:47:44","date_gmt":"2025-08-18T17:47:44","guid":{"rendered":"https:\/\/www.strassenweb.de\/nachrichten\/professionelle-gaertner-zeigen-wie-sie-im-herbst-ohne-schaden-gartenwerkzeuge-aufbewahren-sie-muessen-feuchtigkeit-regen-und-kuehlere-temperaturen-in-betracht-ziehen\/"},"modified":"2025-08-18T19:47:45","modified_gmt":"2025-08-18T17:47:45","slug":"professionelle-gaertner-zeigen-wie-sie-im-herbst-ohne-schaden-gartenwerkzeuge-aufbewahren-sie-muessen-feuchtigkeit-regen-und-kuehlere-temperaturen-in-betracht-ziehen","status":"publish","type":"post","link":"https:\/\/www.strassenweb.de\/nachrichten\/professionelle-gaertner-zeigen-wie-sie-im-herbst-ohne-schaden-gartenwerkzeuge-aufbewahren-sie-muessen-feuchtigkeit-regen-und-kuehlere-temperaturen-in-betracht-ziehen\/","title":{"rendered":"Professionelle G\u00e4rtner zeigen, wie sie im Herbst ohne Schaden Gartenwerkzeuge aufbewahren &#8211; Sie m\u00fcssen Feuchtigkeit, Regen und k\u00fchlere Temperaturen in Betracht ziehen"},"content":{"rendered":"<p><\/p>\n<div id=\"article-body\" class=\"article__body \">\n<p id=\"010adffd-2a8c-4469-85b5-d6648ff69111\">Als die Vegetationsperiode gegen Ende des Sommers &#8211; und Ihre Motivation damit &#8211; l\u00e4uft, kann es verlockend sein, Ihre Werkzeuge in einen Schuppen zu werfen und sie bis zum Fr\u00fchling zu vergessen. Die Art und Weise, wie Sie sie lagern, k\u00f6nnte jedoch so brechen oder brechen, wie sie f\u00fcr die Pflanzung des n\u00e4chsten Jahres stehen.<\/p>\n<div id=\"ad-unit-1\" class=\"ad-unit\"><\/div>\n<p>K\u00fchlere Temperaturen, feuchteres Wetter und schwankende Luftfeuchtigkeit k\u00f6nnen die Werkzeuge, die ungesch\u00fctzt bleiben, einen Tribut fordern, sagen Experten.<\/p>\n<aside data-block-type=\"embed\" data-render-type=\"fte\" data-skip=\"dealsy\" data-widget-type=\"seasonal\" class=\"hawk-base\"><\/aside>\n<p id=\"010adffd-2a8c-4469-85b5-d6648ff69111-2\">Wenn Sie lernen, wie unsere Profi -G\u00e4rtner im Herbst Gartenwerkzeuge ordnungsgem\u00e4\u00df gelagert haben <u>Werkzeugspeicherfehler<\/u> Und sparen Sie im n\u00e4chsten Fr\u00fchjahr viel Geld und Frustration.<\/p>\n<div class=\"van_vid_carousel\">\n<div class=\"van_vid_carousel__padding\">\n<div class=\"van_vid_carousel__container\"><\/div>\n<\/div>\n<\/div>\n<h2 id=\"how-to-store-gardening-tools-in-fall-3\">So lagern Sie im Herbst Gartenwerkzeuge <\/h2>\n<h3 class=\"article-body__section\" id=\"section-1-clean-tools-first\"><span>1. Zuerst saubere Werkzeuge reinigen <\/span><\/h3>\n<figure class=\"van-image-figure inline-layout \" data-bordeaux-image-check id=\"db4b412d-6a13-40c0-b10c-f4b7152e3c79\">\n<div class=\"image-full-width-wrapper\">\n<div class=\"image-widthsetter\" style=\"max-width:2000px;\"><\/div>\n<\/div><figcaption class=\"inline-layout \">\n<div class=\"caption-text\">\n<p>Reinigungswerkzeuge verl\u00e4ngert ihre Lebensdauer.<\/p>\n<\/div>\n<\/figcaption><\/figure>\n<p id=\"541dfeab-123e-4e8a-8476-b815ee472aea\">Bevor Sie herumgehen k\u00f6nnen <u>Organisieren eines Blumenschuppens<\/u>Sie m\u00fcssen etwas besch\u00e4ftigen <u>Reinigungstipps<\/u> Erste.<\/p>\n<div id=\"ad-unit-2\" class=\"ad-unit\"><\/div>\n<p>Ben Ashton, CEO von <u>Rocky Mountain Turf<\/u>sagt: \u201eDas kann sich unn\u00f6tig anf\u00fchlen. Wenn Sie sie in einer trockenen Garage aufbewahren und sie im n\u00e4chsten Fr\u00fchjahr nur wieder schmutzig werden, warum sollten sie sich die M\u00fche machen? &#8218;<\/p>\n<p>Wie Ben erkl\u00e4rt, f\u00fchrt die D\u00e4mmung von Schmutz in Ihren Werkzeugen auch bei relativ trockenen Bedingungen zu Korrosion. Trace -Mineralien im Boden haben mehr Zeit, um w\u00e4hrend der Winterspeicherung mit dem Metall zu interagieren, und schwankende Luftfeuchtigkeit und Temperaturen k\u00f6nnen zu Kondensation f\u00fchren, dass Schmutz aufsaugt. &#8218;<\/p>\n<p><u>Gartenwerkzeuge reinigen<\/u> ist auch viel einfacher als der Versuch, die Luftfeuchtigkeit in einem Schuppen oder einer Garage zu kontrollieren. Der <u>Boot Buddy Tool von Amazon<\/u>mag f\u00fcr die Reinigung von Schuhen ausgelegt worden sein, aber die eingebaute Wasserkammer, die robuste Schrubbenpinsel und der Schlammschaber machen es auch zu einem gro\u00dfartigen Werkzeug f\u00fcr Gartenbedarf.<\/p>\n<div id=\"slice-container-newsletterForm-articleInbodyContent-yFLwHYhAtdBpTMa25F6J8N\" class=\"slice-container newsletter-inbodyContent-slice newsletterForm-articleInbodyContent-yFLwHYhAtdBpTMa25F6J8N slice-container-newsletterForm\"><\/div>\n<p>Vergessen Sie beim Reinigen von Werkzeugen nicht, dass Sie auch gr\u00f6\u00dfere Gartenmaschinen abtropfen lassen, f\u00fcgt Ben hinzu. &#8222;Benzin und Motor\u00f6l ver\u00e4ndern die Konsistenz und verlieren bei kalten Temperaturen die Wirksamkeit.&#8220;<\/p>\n<div class=\"min-h-(270px) mb-4 viafoura-twig-component\" id=\"viafoura-engagement-starter-wrapper\" data-component-name=\"Elk:Embed:EngagementStarter\">\n<div class=\"viafoura\">\n<div>\n<vf-conversation-starter target=\"viafoura-comments\" title=\"Share your tips\" description=\"What are your top tricks for keeping gardening tools clean?\" minimum-comment-count=\"5\"><br \/>\n<\/vf-conversation-starter>\n<\/div>\n<\/div>\n<\/div>\n<h3 class=\"article-body__section\" id=\"section-2-keep-them-indoors\"><span>2. Halten Sie sie drinnen <\/span><\/h3>\n<figure class=\"van-image-figure inline-layout \" data-bordeaux-image-check id=\"fde74a80-240c-4e52-bb78-135c1f5fbc7a\">\n<div class=\"image-full-width-wrapper\">\n<div class=\"image-widthsetter\" style=\"max-width:2000px;\"><\/div>\n<\/div><figcaption class=\"inline-layout \">\n<div class=\"caption-text\">\n<p>Halten Sie die Werkzeuge vor Regen sch\u00fctzt. <\/p>\n<\/div>\n<\/figcaption><\/figure>\n<p id=\"bcb680c7-70a8-43b9-96c8-40c1db879f15\">Es gibt mehrere <u>Gartenartikel, die im Winter nie drau\u00dfen gehen,<\/u>und Ihre Werkzeuge sind eines von ihnen.<\/p>\n<p>Ben sagt: \u201eHalten Sie nach M\u00f6glichkeit Boden, Samen und Chemikalien im Innenr\u00e4umen. Dies sind die Dinge, die besonders anf\u00e4llig f\u00fcr Temperaturschwankungen und Sch\u00e4dlinge in der Garage sind. Die einzige Ausnahme ist, wenn Sie einheimische Samen \u00fcberwintern. Viele von ihnen brauchen das kalte Wetter, um richtig zu keimen. &#8218;<\/p>\n<p><u>Einen Schuppen entlasten<\/u> und in einige solide investieren <u>Shed -Organisationsideen<\/u> Diese sind durch Wasserdichtung und Isolierung gesch\u00fctzt, um Ihre Werkzeuge vor Sch\u00e4den zu sch\u00fctzen, wenn Sie keine Werkzeuge in Ihr Zuhause bringen k\u00f6nnen. F\u00fcr kleinere Werkzeuge die <u>Hyper harte Toolbox von Amazon<\/u>kann sich als n\u00fctzlich erweisen.<\/p>\n<h3 class=\"article-body__section\" id=\"section-3-keep-tools-off-the-ground\"><span>3.. Halten Sie Werkzeuge vom Boden ab <\/span><\/h3>\n<figure class=\"van-image-figure inline-layout \" data-bordeaux-image-check id=\"2daf72f0-f123-45ea-84f4-7f5ee9b28c6b\">\n<div class=\"image-full-width-wrapper\">\n<div class=\"image-widthsetter\" style=\"max-width:2000px;\"><\/div>\n<\/div><figcaption class=\"inline-layout \">\n<div class=\"caption-text\">\n<p>Halten Sie die Werkzeuge erh\u00f6ht, um sie vor Feuchtigkeit und Sch\u00e4dlingen zu sch\u00fctzen. <\/p>\n<\/div>\n<\/figcaption><\/figure>\n<p id=\"defd6d5c-8e79-4351-9840-80943a30239b\">Bei der Aufbewahrung von Werkzeugen in Garagen und Schuppen im Herbst, John Coykendall, Master Gardener bei <u>Blackberry Farm<\/u> teilt: \u201eEs ist am besten, Werkzeuge in einem Gartenschuppen oder an einem anderen trockenen Ort in diesen Jahreszeiten an einer Wand zu h\u00e4ngen. Wenn Sie die Werkzeuge aufbewahren, wo sie trocken bleiben und das kalte Boden oder das feuchte Wetter vermeiden k\u00f6nnen, k\u00f6nnen Ihre Werkzeuge viele Jahre dauern. &#8218;<\/p>\n<p><u>Die Verwendung eines vertikalen Speichers kann Platz sparen<\/u>zu. Das <u>Werkzeugspeicherregal von Walmart<\/u>montiert an der Wand und kann bis zu 250 Pfund Ger\u00e4te halten.<\/p>\n<h3 class=\"article-body__section\" id=\"section-4-preserve-wooden-tools\"><span>4. Holzwerkzeuge bewahren <\/span><\/h3>\n<figure class=\"van-image-figure inline-layout \" data-bordeaux-image-check id=\"4652fa1d-7b20-475a-b303-238fdcd0f728\">\n<div class=\"image-full-width-wrapper\">\n<div class=\"image-widthsetter\" style=\"max-width:2000px;\"><\/div>\n<\/div><figcaption class=\"inline-layout \">\n<div class=\"caption-text\">\n<p>Holzwerkzeuge ben\u00f6tigen besondere Sorgfalt, um sie in feuchten St\u00fcrzen zu sch\u00fctzen. <\/p>\n<\/div>\n<\/figcaption><\/figure>\n<p id=\"bbfe3555-ba15-44fb-b2bf-c264eb736cc9\">Holzhandwerkzeuge sind einige davon <u>Beste umweltfreundliche Hofwerkzeuge<\/u>aber sie sind anf\u00e4lliger f\u00fcr Feuchtigkeitssch\u00e4den als Plastik und Metall.<\/p>\n<p>Um dies zu \u00fcberwinden, wenn Werkzeuge im Herbst gespeichert werden, teilt John eine Spitze zur Erhaltung von Holzgriffen mit Werkzeugen darin, eine Mischung aus halben Teilen herzustellen <u>Terpentin<\/u> und halbe Teile <u>Lein\u00f6l (beide von Lowe&#8217;s)<\/u> und auf Holzgriffe mit einem trockenen Tuch auftragen. Dies hilft dabei, Ihr Holz mit Feuchtigkeit zu versorgen und die Lebensdauer Ihrer Holzwerkzeuge zu verl\u00e4ngern. &#8218;<\/p>\n<h3 class=\"article-body__section\" id=\"section-5-store-batteries-indoors\"><span>5. Batterien drinnen aufbewahren<\/span><\/h3>\n<figure class=\"van-image-figure inline-layout \" data-bordeaux-image-check id=\"58041e62-eafa-4a7d-9649-267aef00ad43\">\n<div class=\"image-full-width-wrapper\">\n<div class=\"image-widthsetter\" style=\"max-width:2000px;\"><\/div>\n<\/div><figcaption class=\"inline-layout \">\n<div class=\"caption-text\">\n<p>Halten Sie die Batterien im Inneren, wo sie vor Feuchtigkeit und Temperaturschwankungen sicher sind. <\/p>\n<\/div>\n<\/figcaption><\/figure>\n<p id=\"696081f6-dc51-41d7-966b-7318a6d261ac\">W\u00e4hrend Batterien einer der vielen sind <u>Artikel, die Sie niemals in einem Schuppen aufbewahren sollten<\/u>Es ist besonders wichtig im Herbst.<\/p>\n<p>Ben sagt: &#8222;Batteriebetriebene Gartenwerkzeuge sind gro\u00dfartig, aber die Batterien werden mit kalten Temperaturen zu k\u00e4mpfen.&#8220;<\/p>\n<p>Das gleiche gilt f\u00fcr <u>Gartenwerkzeuge \u00fcber den Winter speichern<\/u>. Wir schlagen vor, die Batterien in einem kleinen, versiegelten zu halten <u>Werkzeugspeicherbox von Walmart<\/u>was sie vor Sch\u00e4den sch\u00fctzen kann, wenn sie in Ihrem Haus aufbewahrt werden.<\/p>\n<h2 class=\"article-body__section\" id=\"section-what-to-shop\"><span>Was einkaufen<\/span><\/h2>\n<div class=\"product-container hero-product-container product-block-no-wrap\">\n<div class=\"product-block-row\"><\/div>\n<div class=\"product-block-row\"><\/div>\n<div class=\"product-block-row\"><\/div>\n<div class=\"product-block-row\"><\/div>\n<div class=\"product-block-row\"><\/div>\n<div class=\"product-block-row\"><\/div>\n<\/div>\n<h2 class=\"article-body__section\" id=\"section-meet-the-experts\"><span>Treffen Sie die Experten<\/span><\/h2>\n<hr id=\"01d0ca33-acbf-4590-ac8f-2ac53e1b4c55\">\n<p id=\"efd28bf5-e945-4d2b-a5df-05d1ca481dc8\">Halten Sie Ihre <u>Essentielle Gartenwerkzeuge<\/u> Sicher und sicher im Herbst sparen Sie nicht nur Geld, sondern helfen Sie auch bei <u>Gartenarbeit ohne Abfall<\/u> Auch die Notwendigkeit von Ersetzungen reduzieren.<\/p>\n<div class=\"block\" id=\"articleTag\" data-component-name=\"PostArticleLinks\">\n<div class=\"border-b border-b-black border-solid py-2.5 text-black font-bold uppercase\">Themen<\/div>\n<nav class=\"py-2.5 flex gap-2.5 flex-wrap\" data-analytics-id=\"article-tag\">\n<p>Lagerung<br \/>\n<\/nav>\n<\/div>\n<\/div>\n","protected":false},"excerpt":{"rendered":"<p>Als die Vegetationsperiode gegen Ende des Sommers &#8211; und Ihre Motivation damit &#8211; l\u00e4uft, kann es verlockend sein, Ihre Werkzeuge in einen Schuppen zu werfen<\/p>\n","protected":false},"author":1,"featured_media":7053,"comment_status":"closed","ping_status":"","sticky":false,"template":"","format":"standard","meta":{"footnotes":""},"categories":[118],"tags":[763,9501,9498,9497,2098,203,9500,594,65,446,9499,438,165,8174,37,26,706,8826],"class_list":["post-7052","post","type-post","status-publish","format-standard","has-post-thumbnail","hentry","category-haus-garten","tag-aufbewahren","tag-betracht","tag-feuchtigkeit","tag-gartenwerkzeuge","tag-gaertner","tag-herbst","tag-kuehlere","tag-muessen","tag-ohne","tag-professionelle","tag-regen","tag-schaden","tag-sie","tag-temperaturen","tag-und","tag-wie","tag-zeigen","tag-ziehen","generate-columns","tablet-grid-50","mobile-grid-100","grid-parent","grid-50"],"yoast_head":"<!-- This site is optimized with the Yoast SEO plugin v27.3 - https:\/\/yoast.com\/product\/yoast-seo-wordpress\/ -->\n<title>Professionelle G\u00e4rtner zeigen, wie sie im Herbst ohne Schaden Gartenwerkzeuge aufbewahren - Sie m\u00fcssen Feuchtigkeit, Regen und k\u00fchlere Temperaturen in Betracht ziehen - Nachrichten - Stra\u00dfenweb<\/title>\n<meta name=\"robots\" content=\"index, follow, max-snippet:-1, max-image-preview:large, max-video-preview:-1\" \/>\n<link rel=\"canonical\" href=\"https:\/\/www.strassenweb.de\/nachrichten\/professionelle-gaertner-zeigen-wie-sie-im-herbst-ohne-schaden-gartenwerkzeuge-aufbewahren-sie-muessen-feuchtigkeit-regen-und-kuehlere-temperaturen-in-betracht-ziehen\/\" \/>\n<meta property=\"og:locale\" content=\"de_DE\" \/>\n<meta property=\"og:type\" content=\"article\" \/>\n<meta property=\"og:title\" content=\"Professionelle G\u00e4rtner zeigen, wie sie im Herbst ohne Schaden Gartenwerkzeuge aufbewahren - Sie m\u00fcssen Feuchtigkeit, Regen und k\u00fchlere Temperaturen in Betracht ziehen - Nachrichten - Stra\u00dfenweb\" \/>\n<meta property=\"og:description\" content=\"Als die Vegetationsperiode gegen Ende des Sommers &#8211; und Ihre Motivation damit &#8211; l\u00e4uft, kann es verlockend sein, Ihre Werkzeuge in einen Schuppen zu werfen\" \/>\n<meta property=\"og:url\" content=\"https:\/\/www.strassenweb.de\/nachrichten\/professionelle-gaertner-zeigen-wie-sie-im-herbst-ohne-schaden-gartenwerkzeuge-aufbewahren-sie-muessen-feuchtigkeit-regen-und-kuehlere-temperaturen-in-betracht-ziehen\/\" \/>\n<meta property=\"og:site_name\" content=\"Stra\u00dfenweb\" \/>\n<meta property=\"article:publisher\" content=\"https:\/\/www.facebook.com\/strassenweb\/\" \/>\n<meta property=\"article:published_time\" content=\"2025-08-18T17:47:44+00:00\" \/>\n<meta property=\"article:modified_time\" content=\"2025-08-18T17:47:45+00:00\" \/>\n<meta property=\"og:image\" content=\"https:\/\/www.strassenweb.de\/nachrichten\/wp-content\/uploads\/2025\/08\/Professionelle-Gaertner-zeigen-wie-sie-im-Herbst-ohne-Schaden-Gartenwerkzeuge.jpg\" \/>\n\t<meta property=\"og:image:width\" content=\"1600\" \/>\n\t<meta property=\"og:image:height\" content=\"900\" \/>\n\t<meta property=\"og:image:type\" content=\"image\/jpeg\" \/>\n<meta name=\"author\" content=\"Robert Hoffmann\" \/>\n<meta name=\"twitter:card\" content=\"summary_large_image\" \/>\n<meta name=\"twitter:label1\" content=\"Verfasst von\" \/>\n\t<meta name=\"twitter:data1\" content=\"Robert Hoffmann\" \/>\n\t<meta name=\"twitter:label2\" content=\"Gesch\u00e4tzte Lesezeit\" \/>\n\t<meta name=\"twitter:data2\" content=\"4\u00a0Minuten\" \/>\n<script type=\"application\/ld+json\" class=\"yoast-schema-graph\">{\"@context\":\"https:\\\/\\\/schema.org\",\"@graph\":[{\"@type\":\"Article\",\"@id\":\"https:\\\/\\\/www.strassenweb.de\\\/nachrichten\\\/professionelle-gaertner-zeigen-wie-sie-im-herbst-ohne-schaden-gartenwerkzeuge-aufbewahren-sie-muessen-feuchtigkeit-regen-und-kuehlere-temperaturen-in-betracht-ziehen\\\/#article\",\"isPartOf\":{\"@id\":\"https:\\\/\\\/www.strassenweb.de\\\/nachrichten\\\/professionelle-gaertner-zeigen-wie-sie-im-herbst-ohne-schaden-gartenwerkzeuge-aufbewahren-sie-muessen-feuchtigkeit-regen-und-kuehlere-temperaturen-in-betracht-ziehen\\\/\"},\"author\":{\"name\":\"Robert Hoffmann\",\"@id\":\"https:\\\/\\\/www.strassenweb.de\\\/nachrichten\\\/#\\\/schema\\\/person\\\/87c9c9067f1211da429a744dc5a5aa41\"},\"headline\":\"Professionelle G\u00e4rtner zeigen, wie sie im Herbst ohne Schaden Gartenwerkzeuge aufbewahren &#8211; Sie m\u00fcssen Feuchtigkeit, Regen und k\u00fchlere Temperaturen in Betracht ziehen\",\"datePublished\":\"2025-08-18T17:47:44+00:00\",\"dateModified\":\"2025-08-18T17:47:45+00:00\",\"mainEntityOfPage\":{\"@id\":\"https:\\\/\\\/www.strassenweb.de\\\/nachrichten\\\/professionelle-gaertner-zeigen-wie-sie-im-herbst-ohne-schaden-gartenwerkzeuge-aufbewahren-sie-muessen-feuchtigkeit-regen-und-kuehlere-temperaturen-in-betracht-ziehen\\\/\"},\"wordCount\":820,\"publisher\":{\"@id\":\"https:\\\/\\\/www.strassenweb.de\\\/nachrichten\\\/#organization\"},\"image\":{\"@id\":\"https:\\\/\\\/www.strassenweb.de\\\/nachrichten\\\/professionelle-gaertner-zeigen-wie-sie-im-herbst-ohne-schaden-gartenwerkzeuge-aufbewahren-sie-muessen-feuchtigkeit-regen-und-kuehlere-temperaturen-in-betracht-ziehen\\\/#primaryimage\"},\"thumbnailUrl\":\"https:\\\/\\\/www.strassenweb.de\\\/nachrichten\\\/wp-content\\\/uploads\\\/2025\\\/08\\\/Professionelle-Gaertner-zeigen-wie-sie-im-Herbst-ohne-Schaden-Gartenwerkzeuge.jpg\",\"keywords\":[\"aufbewahren\",\"Betracht\",\"Feuchtigkeit\",\"Gartenwerkzeuge\",\"G\u00e4rtner\",\"Herbst\",\"k\u00fchlere\",\"m\u00fcssen\",\"ohne\",\"professionelle\",\"Regen\",\"schaden\",\"Sie\",\"Temperaturen\",\"und\",\"Wie\",\"zeigen\",\"ziehen\"],\"articleSection\":[\"Haus &amp; Garten\"],\"inLanguage\":\"de\"},{\"@type\":\"WebPage\",\"@id\":\"https:\\\/\\\/www.strassenweb.de\\\/nachrichten\\\/professionelle-gaertner-zeigen-wie-sie-im-herbst-ohne-schaden-gartenwerkzeuge-aufbewahren-sie-muessen-feuchtigkeit-regen-und-kuehlere-temperaturen-in-betracht-ziehen\\\/\",\"url\":\"https:\\\/\\\/www.strassenweb.de\\\/nachrichten\\\/professionelle-gaertner-zeigen-wie-sie-im-herbst-ohne-schaden-gartenwerkzeuge-aufbewahren-sie-muessen-feuchtigkeit-regen-und-kuehlere-temperaturen-in-betracht-ziehen\\\/\",\"name\":\"Professionelle G\u00e4rtner zeigen, wie sie im Herbst ohne Schaden Gartenwerkzeuge aufbewahren - Sie m\u00fcssen Feuchtigkeit, Regen und k\u00fchlere Temperaturen in Betracht ziehen - Nachrichten - Stra\u00dfenweb\",\"isPartOf\":{\"@id\":\"https:\\\/\\\/www.strassenweb.de\\\/nachrichten\\\/#website\"},\"primaryImageOfPage\":{\"@id\":\"https:\\\/\\\/www.strassenweb.de\\\/nachrichten\\\/professionelle-gaertner-zeigen-wie-sie-im-herbst-ohne-schaden-gartenwerkzeuge-aufbewahren-sie-muessen-feuchtigkeit-regen-und-kuehlere-temperaturen-in-betracht-ziehen\\\/#primaryimage\"},\"image\":{\"@id\":\"https:\\\/\\\/www.strassenweb.de\\\/nachrichten\\\/professionelle-gaertner-zeigen-wie-sie-im-herbst-ohne-schaden-gartenwerkzeuge-aufbewahren-sie-muessen-feuchtigkeit-regen-und-kuehlere-temperaturen-in-betracht-ziehen\\\/#primaryimage\"},\"thumbnailUrl\":\"https:\\\/\\\/www.strassenweb.de\\\/nachrichten\\\/wp-content\\\/uploads\\\/2025\\\/08\\\/Professionelle-Gaertner-zeigen-wie-sie-im-Herbst-ohne-Schaden-Gartenwerkzeuge.jpg\",\"datePublished\":\"2025-08-18T17:47:44+00:00\",\"dateModified\":\"2025-08-18T17:47:45+00:00\",\"breadcrumb\":{\"@id\":\"https:\\\/\\\/www.strassenweb.de\\\/nachrichten\\\/professionelle-gaertner-zeigen-wie-sie-im-herbst-ohne-schaden-gartenwerkzeuge-aufbewahren-sie-muessen-feuchtigkeit-regen-und-kuehlere-temperaturen-in-betracht-ziehen\\\/#breadcrumb\"},\"inLanguage\":\"de\",\"potentialAction\":[{\"@type\":\"ReadAction\",\"target\":[\"https:\\\/\\\/www.strassenweb.de\\\/nachrichten\\\/professionelle-gaertner-zeigen-wie-sie-im-herbst-ohne-schaden-gartenwerkzeuge-aufbewahren-sie-muessen-feuchtigkeit-regen-und-kuehlere-temperaturen-in-betracht-ziehen\\\/\"]}]},{\"@type\":\"ImageObject\",\"inLanguage\":\"de\",\"@id\":\"https:\\\/\\\/www.strassenweb.de\\\/nachrichten\\\/professionelle-gaertner-zeigen-wie-sie-im-herbst-ohne-schaden-gartenwerkzeuge-aufbewahren-sie-muessen-feuchtigkeit-regen-und-kuehlere-temperaturen-in-betracht-ziehen\\\/#primaryimage\",\"url\":\"https:\\\/\\\/www.strassenweb.de\\\/nachrichten\\\/wp-content\\\/uploads\\\/2025\\\/08\\\/Professionelle-Gaertner-zeigen-wie-sie-im-Herbst-ohne-Schaden-Gartenwerkzeuge.jpg\",\"contentUrl\":\"https:\\\/\\\/www.strassenweb.de\\\/nachrichten\\\/wp-content\\\/uploads\\\/2025\\\/08\\\/Professionelle-Gaertner-zeigen-wie-sie-im-Herbst-ohne-Schaden-Gartenwerkzeuge.jpg\",\"width\":1600,\"height\":900,\"caption\":\"A small red garden shed surrounded by green bushes and tress, and scattered garden tools.\"},{\"@type\":\"BreadcrumbList\",\"@id\":\"https:\\\/\\\/www.strassenweb.de\\\/nachrichten\\\/professionelle-gaertner-zeigen-wie-sie-im-herbst-ohne-schaden-gartenwerkzeuge-aufbewahren-sie-muessen-feuchtigkeit-regen-und-kuehlere-temperaturen-in-betracht-ziehen\\\/#breadcrumb\",\"itemListElement\":[{\"@type\":\"ListItem\",\"position\":1,\"name\":\"Home\",\"item\":\"https:\\\/\\\/www.strassenweb.de\\\/nachrichten\\\/\"},{\"@type\":\"ListItem\",\"position\":2,\"name\":\"Professionelle G\u00e4rtner zeigen, wie sie im Herbst ohne Schaden Gartenwerkzeuge aufbewahren &#8211; Sie m\u00fcssen Feuchtigkeit, Regen und k\u00fchlere Temperaturen in Betracht ziehen\"}]},{\"@type\":\"WebSite\",\"@id\":\"https:\\\/\\\/www.strassenweb.de\\\/nachrichten\\\/#website\",\"url\":\"https:\\\/\\\/www.strassenweb.de\\\/nachrichten\\\/\",\"name\":\"Stra\u00dfenweb\",\"description\":\"Stra\u00dfenverzeichnis f\u00fcr Deutschland\",\"publisher\":{\"@id\":\"https:\\\/\\\/www.strassenweb.de\\\/nachrichten\\\/#organization\"},\"potentialAction\":[{\"@type\":\"SearchAction\",\"target\":{\"@type\":\"EntryPoint\",\"urlTemplate\":\"https:\\\/\\\/www.strassenweb.de\\\/nachrichten\\\/?s={search_term_string}\"},\"query-input\":{\"@type\":\"PropertyValueSpecification\",\"valueRequired\":true,\"valueName\":\"search_term_string\"}}],\"inLanguage\":\"de\"},{\"@type\":\"Organization\",\"@id\":\"https:\\\/\\\/www.strassenweb.de\\\/nachrichten\\\/#organization\",\"name\":\"Stra\u00dfenweb\",\"url\":\"https:\\\/\\\/www.strassenweb.de\\\/nachrichten\\\/\",\"logo\":{\"@type\":\"ImageObject\",\"inLanguage\":\"de\",\"@id\":\"https:\\\/\\\/www.strassenweb.de\\\/nachrichten\\\/#\\\/schema\\\/logo\\\/image\\\/\",\"url\":\"https:\\\/\\\/www.strassenweb.de\\\/nachrichten\\\/wp-content\\\/uploads\\\/2024\\\/09\\\/cropped-favicon.png\",\"contentUrl\":\"https:\\\/\\\/www.strassenweb.de\\\/nachrichten\\\/wp-content\\\/uploads\\\/2024\\\/09\\\/cropped-favicon.png\",\"width\":512,\"height\":512,\"caption\":\"Stra\u00dfenweb\"},\"image\":{\"@id\":\"https:\\\/\\\/www.strassenweb.de\\\/nachrichten\\\/#\\\/schema\\\/logo\\\/image\\\/\"},\"sameAs\":[\"https:\\\/\\\/www.facebook.com\\\/strassenweb\\\/\"]},{\"@type\":\"Person\",\"@id\":\"https:\\\/\\\/www.strassenweb.de\\\/nachrichten\\\/#\\\/schema\\\/person\\\/87c9c9067f1211da429a744dc5a5aa41\",\"name\":\"Robert Hoffmann\",\"image\":{\"@type\":\"ImageObject\",\"inLanguage\":\"de\",\"@id\":\"https:\\\/\\\/www.strassenweb.de\\\/nachrichten\\\/wp-content\\\/uploads\\\/2024\\\/09\\\/strassenweb-150x150.jpg\",\"url\":\"https:\\\/\\\/www.strassenweb.de\\\/nachrichten\\\/wp-content\\\/uploads\\\/2024\\\/09\\\/strassenweb-150x150.jpg\",\"contentUrl\":\"https:\\\/\\\/www.strassenweb.de\\\/nachrichten\\\/wp-content\\\/uploads\\\/2024\\\/09\\\/strassenweb-150x150.jpg\",\"caption\":\"Robert Hoffmann\"},\"description\":\"Ich hei\u00dfe Robert Hoffmann und ich bin ein leidenschaftlicher Verfechter von \u00d6kologie und Biodiversit\u00e4t. Seit meiner Kindheit in den W\u00e4ldern Bayerns f\u00fchle ich mich mit der Natur verbunden und bin entschlossen, sie zu sch\u00fctzen. Heute widme ich mein Leben der Sensibilisierung anderer f\u00fcr die Bedeutung des Umweltschutzes f\u00fcr zuk\u00fcnftige Generationen.\",\"sameAs\":[\"https:\\\/\\\/www.strassenweb.de\\\/\"]}]}<\/script>\n<!-- \/ Yoast SEO plugin. -->","yoast_head_json":{"title":"Professionelle G\u00e4rtner zeigen, wie sie im Herbst ohne Schaden Gartenwerkzeuge aufbewahren - Sie m\u00fcssen Feuchtigkeit, Regen und k\u00fchlere Temperaturen in Betracht ziehen - Nachrichten - Stra\u00dfenweb","robots":{"index":"index","follow":"follow","max-snippet":"max-snippet:-1","max-image-preview":"max-image-preview:large","max-video-preview":"max-video-preview:-1"},"canonical":"https:\/\/www.strassenweb.de\/nachrichten\/professionelle-gaertner-zeigen-wie-sie-im-herbst-ohne-schaden-gartenwerkzeuge-aufbewahren-sie-muessen-feuchtigkeit-regen-und-kuehlere-temperaturen-in-betracht-ziehen\/","og_locale":"de_DE","og_type":"article","og_title":"Professionelle G\u00e4rtner zeigen, wie sie im Herbst ohne Schaden Gartenwerkzeuge aufbewahren - Sie m\u00fcssen Feuchtigkeit, Regen und k\u00fchlere Temperaturen in Betracht ziehen - Nachrichten - Stra\u00dfenweb","og_description":"Als die Vegetationsperiode gegen Ende des Sommers &#8211; und Ihre Motivation damit &#8211; l\u00e4uft, kann es verlockend sein, Ihre Werkzeuge in einen Schuppen zu werfen","og_url":"https:\/\/www.strassenweb.de\/nachrichten\/professionelle-gaertner-zeigen-wie-sie-im-herbst-ohne-schaden-gartenwerkzeuge-aufbewahren-sie-muessen-feuchtigkeit-regen-und-kuehlere-temperaturen-in-betracht-ziehen\/","og_site_name":"Stra\u00dfenweb","article_publisher":"https:\/\/www.facebook.com\/strassenweb\/","article_published_time":"2025-08-18T17:47:44+00:00","article_modified_time":"2025-08-18T17:47:45+00:00","og_image":[{"width":1600,"height":900,"url":"https:\/\/www.strassenweb.de\/nachrichten\/wp-content\/uploads\/2025\/08\/Professionelle-Gaertner-zeigen-wie-sie-im-Herbst-ohne-Schaden-Gartenwerkzeuge.jpg","type":"image\/jpeg"}],"author":"Robert Hoffmann","twitter_card":"summary_large_image","twitter_misc":{"Verfasst von":"Robert Hoffmann","Gesch\u00e4tzte Lesezeit":"4\u00a0Minuten"},"schema":{"@context":"https:\/\/schema.org","@graph":[{"@type":"Article","@id":"https:\/\/www.strassenweb.de\/nachrichten\/professionelle-gaertner-zeigen-wie-sie-im-herbst-ohne-schaden-gartenwerkzeuge-aufbewahren-sie-muessen-feuchtigkeit-regen-und-kuehlere-temperaturen-in-betracht-ziehen\/#article","isPartOf":{"@id":"https:\/\/www.strassenweb.de\/nachrichten\/professionelle-gaertner-zeigen-wie-sie-im-herbst-ohne-schaden-gartenwerkzeuge-aufbewahren-sie-muessen-feuchtigkeit-regen-und-kuehlere-temperaturen-in-betracht-ziehen\/"},"author":{"name":"Robert Hoffmann","@id":"https:\/\/www.strassenweb.de\/nachrichten\/#\/schema\/person\/87c9c9067f1211da429a744dc5a5aa41"},"headline":"Professionelle G\u00e4rtner zeigen, wie sie im Herbst ohne Schaden Gartenwerkzeuge aufbewahren &#8211; Sie m\u00fcssen Feuchtigkeit, Regen und k\u00fchlere Temperaturen in Betracht ziehen","datePublished":"2025-08-18T17:47:44+00:00","dateModified":"2025-08-18T17:47:45+00:00","mainEntityOfPage":{"@id":"https:\/\/www.strassenweb.de\/nachrichten\/professionelle-gaertner-zeigen-wie-sie-im-herbst-ohne-schaden-gartenwerkzeuge-aufbewahren-sie-muessen-feuchtigkeit-regen-und-kuehlere-temperaturen-in-betracht-ziehen\/"},"wordCount":820,"publisher":{"@id":"https:\/\/www.strassenweb.de\/nachrichten\/#organization"},"image":{"@id":"https:\/\/www.strassenweb.de\/nachrichten\/professionelle-gaertner-zeigen-wie-sie-im-herbst-ohne-schaden-gartenwerkzeuge-aufbewahren-sie-muessen-feuchtigkeit-regen-und-kuehlere-temperaturen-in-betracht-ziehen\/#primaryimage"},"thumbnailUrl":"https:\/\/www.strassenweb.de\/nachrichten\/wp-content\/uploads\/2025\/08\/Professionelle-Gaertner-zeigen-wie-sie-im-Herbst-ohne-Schaden-Gartenwerkzeuge.jpg","keywords":["aufbewahren","Betracht","Feuchtigkeit","Gartenwerkzeuge","G\u00e4rtner","Herbst","k\u00fchlere","m\u00fcssen","ohne","professionelle","Regen","schaden","Sie","Temperaturen","und","Wie","zeigen","ziehen"],"articleSection":["Haus &amp; Garten"],"inLanguage":"de"},{"@type":"WebPage","@id":"https:\/\/www.strassenweb.de\/nachrichten\/professionelle-gaertner-zeigen-wie-sie-im-herbst-ohne-schaden-gartenwerkzeuge-aufbewahren-sie-muessen-feuchtigkeit-regen-und-kuehlere-temperaturen-in-betracht-ziehen\/","url":"https:\/\/www.strassenweb.de\/nachrichten\/professionelle-gaertner-zeigen-wie-sie-im-herbst-ohne-schaden-gartenwerkzeuge-aufbewahren-sie-muessen-feuchtigkeit-regen-und-kuehlere-temperaturen-in-betracht-ziehen\/","name":"Professionelle G\u00e4rtner zeigen, wie sie im Herbst ohne Schaden Gartenwerkzeuge aufbewahren - Sie m\u00fcssen Feuchtigkeit, Regen und k\u00fchlere Temperaturen in Betracht ziehen - Nachrichten - Stra\u00dfenweb","isPartOf":{"@id":"https:\/\/www.strassenweb.de\/nachrichten\/#website"},"primaryImageOfPage":{"@id":"https:\/\/www.strassenweb.de\/nachrichten\/professionelle-gaertner-zeigen-wie-sie-im-herbst-ohne-schaden-gartenwerkzeuge-aufbewahren-sie-muessen-feuchtigkeit-regen-und-kuehlere-temperaturen-in-betracht-ziehen\/#primaryimage"},"image":{"@id":"https:\/\/www.strassenweb.de\/nachrichten\/professionelle-gaertner-zeigen-wie-sie-im-herbst-ohne-schaden-gartenwerkzeuge-aufbewahren-sie-muessen-feuchtigkeit-regen-und-kuehlere-temperaturen-in-betracht-ziehen\/#primaryimage"},"thumbnailUrl":"https:\/\/www.strassenweb.de\/nachrichten\/wp-content\/uploads\/2025\/08\/Professionelle-Gaertner-zeigen-wie-sie-im-Herbst-ohne-Schaden-Gartenwerkzeuge.jpg","datePublished":"2025-08-18T17:47:44+00:00","dateModified":"2025-08-18T17:47:45+00:00","breadcrumb":{"@id":"https:\/\/www.strassenweb.de\/nachrichten\/professionelle-gaertner-zeigen-wie-sie-im-herbst-ohne-schaden-gartenwerkzeuge-aufbewahren-sie-muessen-feuchtigkeit-regen-und-kuehlere-temperaturen-in-betracht-ziehen\/#breadcrumb"},"inLanguage":"de","potentialAction":[{"@type":"ReadAction","target":["https:\/\/www.strassenweb.de\/nachrichten\/professionelle-gaertner-zeigen-wie-sie-im-herbst-ohne-schaden-gartenwerkzeuge-aufbewahren-sie-muessen-feuchtigkeit-regen-und-kuehlere-temperaturen-in-betracht-ziehen\/"]}]},{"@type":"ImageObject","inLanguage":"de","@id":"https:\/\/www.strassenweb.de\/nachrichten\/professionelle-gaertner-zeigen-wie-sie-im-herbst-ohne-schaden-gartenwerkzeuge-aufbewahren-sie-muessen-feuchtigkeit-regen-und-kuehlere-temperaturen-in-betracht-ziehen\/#primaryimage","url":"https:\/\/www.strassenweb.de\/nachrichten\/wp-content\/uploads\/2025\/08\/Professionelle-Gaertner-zeigen-wie-sie-im-Herbst-ohne-Schaden-Gartenwerkzeuge.jpg","contentUrl":"https:\/\/www.strassenweb.de\/nachrichten\/wp-content\/uploads\/2025\/08\/Professionelle-Gaertner-zeigen-wie-sie-im-Herbst-ohne-Schaden-Gartenwerkzeuge.jpg","width":1600,"height":900,"caption":"A small red garden shed surrounded by green bushes and tress, and scattered garden tools."},{"@type":"BreadcrumbList","@id":"https:\/\/www.strassenweb.de\/nachrichten\/professionelle-gaertner-zeigen-wie-sie-im-herbst-ohne-schaden-gartenwerkzeuge-aufbewahren-sie-muessen-feuchtigkeit-regen-und-kuehlere-temperaturen-in-betracht-ziehen\/#breadcrumb","itemListElement":[{"@type":"ListItem","position":1,"name":"Home","item":"https:\/\/www.strassenweb.de\/nachrichten\/"},{"@type":"ListItem","position":2,"name":"Professionelle G\u00e4rtner zeigen, wie sie im Herbst ohne Schaden Gartenwerkzeuge aufbewahren &#8211; Sie m\u00fcssen Feuchtigkeit, Regen und k\u00fchlere Temperaturen in Betracht ziehen"}]},{"@type":"WebSite","@id":"https:\/\/www.strassenweb.de\/nachrichten\/#website","url":"https:\/\/www.strassenweb.de\/nachrichten\/","name":"Stra\u00dfenweb","description":"Stra\u00dfenverzeichnis f\u00fcr Deutschland","publisher":{"@id":"https:\/\/www.strassenweb.de\/nachrichten\/#organization"},"potentialAction":[{"@type":"SearchAction","target":{"@type":"EntryPoint","urlTemplate":"https:\/\/www.strassenweb.de\/nachrichten\/?s={search_term_string}"},"query-input":{"@type":"PropertyValueSpecification","valueRequired":true,"valueName":"search_term_string"}}],"inLanguage":"de"},{"@type":"Organization","@id":"https:\/\/www.strassenweb.de\/nachrichten\/#organization","name":"Stra\u00dfenweb","url":"https:\/\/www.strassenweb.de\/nachrichten\/","logo":{"@type":"ImageObject","inLanguage":"de","@id":"https:\/\/www.strassenweb.de\/nachrichten\/#\/schema\/logo\/image\/","url":"https:\/\/www.strassenweb.de\/nachrichten\/wp-content\/uploads\/2024\/09\/cropped-favicon.png","contentUrl":"https:\/\/www.strassenweb.de\/nachrichten\/wp-content\/uploads\/2024\/09\/cropped-favicon.png","width":512,"height":512,"caption":"Stra\u00dfenweb"},"image":{"@id":"https:\/\/www.strassenweb.de\/nachrichten\/#\/schema\/logo\/image\/"},"sameAs":["https:\/\/www.facebook.com\/strassenweb\/"]},{"@type":"Person","@id":"https:\/\/www.strassenweb.de\/nachrichten\/#\/schema\/person\/87c9c9067f1211da429a744dc5a5aa41","name":"Robert Hoffmann","image":{"@type":"ImageObject","inLanguage":"de","@id":"https:\/\/www.strassenweb.de\/nachrichten\/wp-content\/uploads\/2024\/09\/strassenweb-150x150.jpg","url":"https:\/\/www.strassenweb.de\/nachrichten\/wp-content\/uploads\/2024\/09\/strassenweb-150x150.jpg","contentUrl":"https:\/\/www.strassenweb.de\/nachrichten\/wp-content\/uploads\/2024\/09\/strassenweb-150x150.jpg","caption":"Robert Hoffmann"},"description":"Ich hei\u00dfe Robert Hoffmann und ich bin ein leidenschaftlicher Verfechter von \u00d6kologie und Biodiversit\u00e4t. Seit meiner Kindheit in den W\u00e4ldern Bayerns f\u00fchle ich mich mit der Natur verbunden und bin entschlossen, sie zu sch\u00fctzen. Heute widme ich mein Leben der Sensibilisierung anderer f\u00fcr die Bedeutung des Umweltschutzes f\u00fcr zuk\u00fcnftige Generationen.","sameAs":["https:\/\/www.strassenweb.de\/"]}]}},"_links":{"self":[{"href":"https:\/\/www.strassenweb.de\/nachrichten\/wp-json\/wp\/v2\/posts\/7052","targetHints":{"allow":["GET"]}}],"collection":[{"href":"https:\/\/www.strassenweb.de\/nachrichten\/wp-json\/wp\/v2\/posts"}],"about":[{"href":"https:\/\/www.strassenweb.de\/nachrichten\/wp-json\/wp\/v2\/types\/post"}],"author":[{"embeddable":true,"href":"https:\/\/www.strassenweb.de\/nachrichten\/wp-json\/wp\/v2\/users\/1"}],"replies":[{"embeddable":true,"href":"https:\/\/www.strassenweb.de\/nachrichten\/wp-json\/wp\/v2\/comments?post=7052"}],"version-history":[{"count":0,"href":"https:\/\/www.strassenweb.de\/nachrichten\/wp-json\/wp\/v2\/posts\/7052\/revisions"}],"wp:featuredmedia":[{"embeddable":true,"href":"https:\/\/www.strassenweb.de\/nachrichten\/wp-json\/wp\/v2\/media\/7053"}],"wp:attachment":[{"href":"https:\/\/www.strassenweb.de\/nachrichten\/wp-json\/wp\/v2\/media?parent=7052"}],"wp:term":[{"taxonomy":"category","embeddable":true,"href":"https:\/\/www.strassenweb.de\/nachrichten\/wp-json\/wp\/v2\/categories?post=7052"},{"taxonomy":"post_tag","embeddable":true,"href":"https:\/\/www.strassenweb.de\/nachrichten\/wp-json\/wp\/v2\/tags?post=7052"}],"curies":[{"name":"wp","href":"https:\/\/api.w.org\/{rel}","templated":true}]}}