{"id":7044,"date":"2025-08-18T13:43:49","date_gmt":"2025-08-18T11:43:49","guid":{"rendered":"https:\/\/www.strassenweb.de\/nachrichten\/machen-sie-sich-bereit-diesen-von-martha-stewart-entworfenen-rattan-hocker-in-den-kuechen-ihrer-stilvollsten-freunde-im-herbst-zu-sehen-es-ist-eines-der-besten-stuecke-die-sie-entworfen-hat\/"},"modified":"2025-08-18T13:43:50","modified_gmt":"2025-08-18T11:43:50","slug":"machen-sie-sich-bereit-diesen-von-martha-stewart-entworfenen-rattan-hocker-in-den-kuechen-ihrer-stilvollsten-freunde-im-herbst-zu-sehen-es-ist-eines-der-besten-stuecke-die-sie-entworfen-hat","status":"publish","type":"post","link":"https:\/\/www.strassenweb.de\/nachrichten\/machen-sie-sich-bereit-diesen-von-martha-stewart-entworfenen-rattan-hocker-in-den-kuechen-ihrer-stilvollsten-freunde-im-herbst-zu-sehen-es-ist-eines-der-besten-stuecke-die-sie-entworfen-hat\/","title":{"rendered":"Machen Sie sich bereit, diesen von Martha Stewart entworfenen Rattan-Hocker in den K\u00fcchen Ihrer stilvollsten Freunde im Herbst zu sehen-es ist eines der besten St\u00fccke, die sie entworfen hat"},"content":{"rendered":"<p><\/p>\n<div id=\"article-body\" class=\"article__body \">\n<p id=\"b4900470-4917-489e-8738-e6e8748a6553\">Rattan ist eines dieser seltenen Materialien, \u00fcber die ich nie m\u00fcde sein werde, dar\u00fcber zu sehen oder zu schreiben. Dieses sch\u00f6ne Gewebe sieht in einem von Retro inspirierten Wohnzimmer genauso perfekt aus wie in einer ultra-modernen K\u00fcche oder einem Haus in East Hampton, wie Martha Stewarts Haus in Lily Pond Lane uns erinnert.<\/p>\n<div id=\"ad-unit-1\" class=\"ad-unit\"><\/div>\n<p>Der gr\u00f6\u00dfte Teil von Martha Stewarts Sammlung in Wayfair ist im Hinblick auf ihr Lily Pond -Anwesen gestaltet, aber es ist schwierig, ein St\u00fcck so atemberaubend zu finden wie ihr Thekeschuhe in Playa Rattan.<\/p>\n<aside data-block-type=\"embed\" data-render-type=\"fte\" data-skip=\"dealsy\" data-widget-type=\"seasonal\" class=\"hawk-base\"><\/aside>\n<p id=\"b4900470-4917-489e-8738-e6e8748a6553-2\">Ich habe die Z\u00e4hlung davon verloren, wie viele Rattan -Dekor -St\u00fccke ich dieses Jahr geschrieben habe &#8211; die Figur ist wahrscheinlich in den Hunderten. Ich kann mich jedoch nicht erinnern, als ich das letzte Mal ein St\u00fcck gesehen habe, zu dem ich sofort so schnell angezogen wurde wie dieser Hocker.<\/p>\n<div class=\"van_vid_carousel\">\n<div class=\"van_vid_carousel__padding\">\n<div class=\"van_vid_carousel__container\"><\/div>\n<\/div>\n<\/div>\n<p>Thekeschulen stehen nicht konventionell ganz oben auf meiner Wunschliste, aber dieses St\u00fcck hat mir gezeigt, wie stilvoll sie sein k\u00f6nnen. W\u00e4hrend Martha (und viele andere) Akzentst\u00fchle und Bistro -Sets im Freien mit Rattan entworfen haben, ist dies das erste Mal, dass ich es auf einem Theaterhocker verwendet habe. Ich habe dieses St\u00fcck bereits an meine coolsten Freunde geschickt und wie ich sind sie bereit, es in ihre K\u00fcche vorzustellen.<\/p>\n<div id=\"ad-unit-2\" class=\"ad-unit\"><\/div>\n<div class=\"product-container horizontal-product-container\">\n<div class=\"product-block-row\"><\/div>\n<\/div>\n<p id=\"65d8be9e-8d57-46f0-ade0-7f127b81b1f6\">Als Redakteur im Promi -Stil habe ich Rattan in den H\u00e4usern der ber\u00fchmtesten Menschen weltweit erschienen. Es ist jedoch ein Trend, der f\u00fcr 2026 sicherlich nicht langsamer wird, wie Innenausstattung Lena Gierasinska beruhigt.<\/p>\n<p>&#8218;Rattan hat in den letzten Jahren eine gro\u00dfe Wiederbelebung verzeichnet, und seine Popularit\u00e4t zeigt keine Anzeichen von Verblassen. Es bietet eine nat\u00fcrliche Textur, eine entspannte, b\u00f6hmische Atmosph\u00e4re und schl\u00e4gt m\u00fchelos die L\u00fccke zwischen zeitgen\u00f6ssischen und alten Stilen \u201c, sagt sie.<\/p>\n<p>Auch wenn sich unsere Gedanken zum Herbstdekor in Richtung Herbstdekoration verwandeln, sind wir noch nicht ganz bereit, mich vom Leben im Freien zu verabschieden. Wenn Sie in einem Klima leben, in dem Sie noch ein paar Wochen (oder sogar Monate) ein w\u00e4rmeres Klima genie\u00dfen k\u00f6nnen, sehen diese Hocker in einer K\u00fcche oder Bar im Freien genauso perfekt aus.<\/p>\n<div id=\"slice-container-newsletterForm-articleInbodyContent-5K2c6korWAV24qJ5YGbEWQ\" class=\"slice-container newsletter-inbodyContent-slice newsletterForm-articleInbodyContent-5K2c6korWAV24qJ5YGbEWQ slice-container-newsletterForm\"><\/div>\n<p>&#8218;Seine steigende Popularit\u00e4t spiegelt auch den wachsenden Trend des Mischens von Innen- und Au\u00dfenleben wider. Mehr Menschen wollen, dass sich ihre R\u00e4ume im Freien genauso komfortabel und stilvoll f\u00fchlen wie ihre Innenr\u00e4ume und schaffen einen nahtlosen Fluss zwischen innen und au\u00dfen \u201c, kommentiert Lena.<\/p>\n<p>&#8222;Rattans nat\u00fcrliches Aussehen und taktile Qualit\u00e4t machen es zu einem idealen Material, um diese R\u00e4ume zu \u00fcberbr\u00fccken und zu einer zusammenh\u00e4ngenden und entspannten Umgebung zu schaffen.&#8220;<\/p>\n<h2 id=\"shop-my-martha-stewart-rattan-edit-3\">Kaufen Sie meine Martha Stewart Rattan Edit ein<\/h2>\n<p id=\"28702017-3a2d-4729-9ed7-3cfb36e28b16\">Neben diesem Rattan-Stuhl beginne ich diese von Martha entworfenen Picks, perfekt f\u00fcr die Organisation dieses Herbstes und dar\u00fcber hinaus.<\/p>\n<div class=\"product-container hero-product-container product-block-no-wrap\">\n<div class=\"product-block-row\"><\/div>\n<div class=\"product-block-row\"><\/div>\n<div class=\"product-block-row\"><\/div>\n<\/div>\n<hr id=\"d6adbe8c-f1bf-4f60-b48b-0cc9899d91d0\">\n<div class=\"block\" id=\"articleTag\" data-component-name=\"PostArticleLinks\">\n<div class=\"border-b border-b-black border-solid py-2.5 text-black font-bold uppercase\">Themen<\/div>\n<nav class=\"py-2.5 flex gap-2.5 flex-wrap\" data-analytics-id=\"article-tag\">\n<p>Martha Stewart<br \/>\n<\/nav>\n<\/div>\n<\/div>\n","protected":false},"excerpt":{"rendered":"<p>Rattan ist eines dieser seltenen Materialien, \u00fcber die ich nie m\u00fcde sein werde, dar\u00fcber zu sehen oder zu schreiben. Dieses sch\u00f6ne Gewebe sieht in einem<\/p>\n","protected":false},"author":1,"featured_media":4936,"comment_status":"closed","ping_status":"","sticky":false,"template":"","format":"standard","meta":{"footnotes":""},"categories":[118],"tags":[1118,484,78,81,9,208,827,4399,5209,7390,189,203,11,15,992,410,2894,9487,9488,142,165,3131,6124,1596,21],"class_list":["post-7044","post","type-post","status-publish","format-standard","has-post-thumbnail","hentry","category-haus-garten","tag-bereit","tag-besten","tag-den","tag-der","tag-die","tag-diesen","tag-eines","tag-entworfen","tag-entworfenen","tag-freunde","tag-hat","tag-herbst","tag-ihrer","tag-ist","tag-kuechen","tag-machen","tag-martha","tag-rattanhocker","tag-sehenes","tag-sich","tag-sie","tag-stewart","tag-stilvollsten","tag-stuecke","tag-von","generate-columns","tablet-grid-50","mobile-grid-100","grid-parent","grid-50"],"yoast_head":"<!-- This site is optimized with the Yoast SEO plugin v27.3 - https:\/\/yoast.com\/product\/yoast-seo-wordpress\/ -->\n<title>Machen Sie sich bereit, diesen von Martha Stewart entworfenen Rattan-Hocker in den K\u00fcchen Ihrer stilvollsten Freunde im Herbst zu sehen-es ist eines der besten St\u00fccke, die sie entworfen hat - Nachrichten - Stra\u00dfenweb<\/title>\n<meta name=\"robots\" content=\"index, follow, max-snippet:-1, max-image-preview:large, max-video-preview:-1\" \/>\n<link rel=\"canonical\" href=\"https:\/\/www.strassenweb.de\/nachrichten\/machen-sie-sich-bereit-diesen-von-martha-stewart-entworfenen-rattan-hocker-in-den-kuechen-ihrer-stilvollsten-freunde-im-herbst-zu-sehen-es-ist-eines-der-besten-stuecke-die-sie-entworfen-hat\/\" \/>\n<meta property=\"og:locale\" content=\"de_DE\" \/>\n<meta property=\"og:type\" content=\"article\" \/>\n<meta property=\"og:title\" content=\"Machen Sie sich bereit, diesen von Martha Stewart entworfenen Rattan-Hocker in den K\u00fcchen Ihrer stilvollsten Freunde im Herbst zu sehen-es ist eines der besten St\u00fccke, die sie entworfen hat - Nachrichten - Stra\u00dfenweb\" \/>\n<meta property=\"og:description\" content=\"Rattan ist eines dieser seltenen Materialien, \u00fcber die ich nie m\u00fcde sein werde, dar\u00fcber zu sehen oder zu schreiben. Dieses sch\u00f6ne Gewebe sieht in einem\" \/>\n<meta property=\"og:url\" content=\"https:\/\/www.strassenweb.de\/nachrichten\/machen-sie-sich-bereit-diesen-von-martha-stewart-entworfenen-rattan-hocker-in-den-kuechen-ihrer-stilvollsten-freunde-im-herbst-zu-sehen-es-ist-eines-der-besten-stuecke-die-sie-entworfen-hat\/\" \/>\n<meta property=\"og:site_name\" content=\"Stra\u00dfenweb\" \/>\n<meta property=\"article:publisher\" content=\"https:\/\/www.facebook.com\/strassenweb\/\" \/>\n<meta property=\"article:published_time\" content=\"2025-08-18T11:43:49+00:00\" \/>\n<meta property=\"article:modified_time\" content=\"2025-08-18T11:43:50+00:00\" \/>\n<meta property=\"og:image\" content=\"https:\/\/www.strassenweb.de\/nachrichten\/wp-content\/uploads\/2025\/05\/rnzho2YbjY25YLV5MmuttK.jpg\" \/>\n\t<meta property=\"og:image:width\" content=\"1600\" \/>\n\t<meta property=\"og:image:height\" content=\"900\" \/>\n\t<meta property=\"og:image:type\" content=\"image\/jpeg\" \/>\n<meta name=\"author\" content=\"Robert Hoffmann\" \/>\n<meta name=\"twitter:card\" content=\"summary_large_image\" \/>\n<meta name=\"twitter:label1\" content=\"Verfasst von\" \/>\n\t<meta name=\"twitter:data1\" content=\"Robert Hoffmann\" \/>\n\t<meta name=\"twitter:label2\" content=\"Gesch\u00e4tzte Lesezeit\" \/>\n\t<meta name=\"twitter:data2\" content=\"2\u00a0Minuten\" \/>\n<script type=\"application\/ld+json\" class=\"yoast-schema-graph\">{\"@context\":\"https:\\\/\\\/schema.org\",\"@graph\":[{\"@type\":\"Article\",\"@id\":\"https:\\\/\\\/www.strassenweb.de\\\/nachrichten\\\/machen-sie-sich-bereit-diesen-von-martha-stewart-entworfenen-rattan-hocker-in-den-kuechen-ihrer-stilvollsten-freunde-im-herbst-zu-sehen-es-ist-eines-der-besten-stuecke-die-sie-entworfen-hat\\\/#article\",\"isPartOf\":{\"@id\":\"https:\\\/\\\/www.strassenweb.de\\\/nachrichten\\\/machen-sie-sich-bereit-diesen-von-martha-stewart-entworfenen-rattan-hocker-in-den-kuechen-ihrer-stilvollsten-freunde-im-herbst-zu-sehen-es-ist-eines-der-besten-stuecke-die-sie-entworfen-hat\\\/\"},\"author\":{\"name\":\"Robert Hoffmann\",\"@id\":\"https:\\\/\\\/www.strassenweb.de\\\/nachrichten\\\/#\\\/schema\\\/person\\\/87c9c9067f1211da429a744dc5a5aa41\"},\"headline\":\"Machen Sie sich bereit, diesen von Martha Stewart entworfenen Rattan-Hocker in den K\u00fcchen Ihrer stilvollsten Freunde im Herbst zu sehen-es ist eines der besten St\u00fccke, die sie entworfen hat\",\"datePublished\":\"2025-08-18T11:43:49+00:00\",\"dateModified\":\"2025-08-18T11:43:50+00:00\",\"mainEntityOfPage\":{\"@id\":\"https:\\\/\\\/www.strassenweb.de\\\/nachrichten\\\/machen-sie-sich-bereit-diesen-von-martha-stewart-entworfenen-rattan-hocker-in-den-kuechen-ihrer-stilvollsten-freunde-im-herbst-zu-sehen-es-ist-eines-der-besten-stuecke-die-sie-entworfen-hat\\\/\"},\"wordCount\":509,\"publisher\":{\"@id\":\"https:\\\/\\\/www.strassenweb.de\\\/nachrichten\\\/#organization\"},\"image\":{\"@id\":\"https:\\\/\\\/www.strassenweb.de\\\/nachrichten\\\/machen-sie-sich-bereit-diesen-von-martha-stewart-entworfenen-rattan-hocker-in-den-kuechen-ihrer-stilvollsten-freunde-im-herbst-zu-sehen-es-ist-eines-der-besten-stuecke-die-sie-entworfen-hat\\\/#primaryimage\"},\"thumbnailUrl\":\"https:\\\/\\\/www.strassenweb.de\\\/nachrichten\\\/wp-content\\\/uploads\\\/2025\\\/05\\\/rnzho2YbjY25YLV5MmuttK.jpg\",\"keywords\":[\"bereit\",\"besten\",\"den\",\"der\",\"die\",\"diesen\",\"eines\",\"entworfen\",\"entworfenen\",\"Freunde\",\"hat\",\"Herbst\",\"ihrer\",\"ist\",\"K\u00fcchen\",\"machen\",\"Martha\",\"RattanHocker\",\"sehenes\",\"sich\",\"Sie\",\"Stewart\",\"stilvollsten\",\"St\u00fccke\",\"von\"],\"articleSection\":[\"Haus &amp; Garten\"],\"inLanguage\":\"de\"},{\"@type\":\"WebPage\",\"@id\":\"https:\\\/\\\/www.strassenweb.de\\\/nachrichten\\\/machen-sie-sich-bereit-diesen-von-martha-stewart-entworfenen-rattan-hocker-in-den-kuechen-ihrer-stilvollsten-freunde-im-herbst-zu-sehen-es-ist-eines-der-besten-stuecke-die-sie-entworfen-hat\\\/\",\"url\":\"https:\\\/\\\/www.strassenweb.de\\\/nachrichten\\\/machen-sie-sich-bereit-diesen-von-martha-stewart-entworfenen-rattan-hocker-in-den-kuechen-ihrer-stilvollsten-freunde-im-herbst-zu-sehen-es-ist-eines-der-besten-stuecke-die-sie-entworfen-hat\\\/\",\"name\":\"Machen Sie sich bereit, diesen von Martha Stewart entworfenen Rattan-Hocker in den K\u00fcchen Ihrer stilvollsten Freunde im Herbst zu sehen-es ist eines der besten St\u00fccke, die sie entworfen hat - Nachrichten - Stra\u00dfenweb\",\"isPartOf\":{\"@id\":\"https:\\\/\\\/www.strassenweb.de\\\/nachrichten\\\/#website\"},\"primaryImageOfPage\":{\"@id\":\"https:\\\/\\\/www.strassenweb.de\\\/nachrichten\\\/machen-sie-sich-bereit-diesen-von-martha-stewart-entworfenen-rattan-hocker-in-den-kuechen-ihrer-stilvollsten-freunde-im-herbst-zu-sehen-es-ist-eines-der-besten-stuecke-die-sie-entworfen-hat\\\/#primaryimage\"},\"image\":{\"@id\":\"https:\\\/\\\/www.strassenweb.de\\\/nachrichten\\\/machen-sie-sich-bereit-diesen-von-martha-stewart-entworfenen-rattan-hocker-in-den-kuechen-ihrer-stilvollsten-freunde-im-herbst-zu-sehen-es-ist-eines-der-besten-stuecke-die-sie-entworfen-hat\\\/#primaryimage\"},\"thumbnailUrl\":\"https:\\\/\\\/www.strassenweb.de\\\/nachrichten\\\/wp-content\\\/uploads\\\/2025\\\/05\\\/rnzho2YbjY25YLV5MmuttK.jpg\",\"datePublished\":\"2025-08-18T11:43:49+00:00\",\"dateModified\":\"2025-08-18T11:43:50+00:00\",\"breadcrumb\":{\"@id\":\"https:\\\/\\\/www.strassenweb.de\\\/nachrichten\\\/machen-sie-sich-bereit-diesen-von-martha-stewart-entworfenen-rattan-hocker-in-den-kuechen-ihrer-stilvollsten-freunde-im-herbst-zu-sehen-es-ist-eines-der-besten-stuecke-die-sie-entworfen-hat\\\/#breadcrumb\"},\"inLanguage\":\"de\",\"potentialAction\":[{\"@type\":\"ReadAction\",\"target\":[\"https:\\\/\\\/www.strassenweb.de\\\/nachrichten\\\/machen-sie-sich-bereit-diesen-von-martha-stewart-entworfenen-rattan-hocker-in-den-kuechen-ihrer-stilvollsten-freunde-im-herbst-zu-sehen-es-ist-eines-der-besten-stuecke-die-sie-entworfen-hat\\\/\"]}]},{\"@type\":\"ImageObject\",\"inLanguage\":\"de\",\"@id\":\"https:\\\/\\\/www.strassenweb.de\\\/nachrichten\\\/machen-sie-sich-bereit-diesen-von-martha-stewart-entworfenen-rattan-hocker-in-den-kuechen-ihrer-stilvollsten-freunde-im-herbst-zu-sehen-es-ist-eines-der-besten-stuecke-die-sie-entworfen-hat\\\/#primaryimage\",\"url\":\"https:\\\/\\\/www.strassenweb.de\\\/nachrichten\\\/wp-content\\\/uploads\\\/2025\\\/05\\\/rnzho2YbjY25YLV5MmuttK.jpg\",\"contentUrl\":\"https:\\\/\\\/www.strassenweb.de\\\/nachrichten\\\/wp-content\\\/uploads\\\/2025\\\/05\\\/rnzho2YbjY25YLV5MmuttK.jpg\",\"width\":1600,\"height\":900,\"caption\":\"Martha Stewart\"},{\"@type\":\"BreadcrumbList\",\"@id\":\"https:\\\/\\\/www.strassenweb.de\\\/nachrichten\\\/machen-sie-sich-bereit-diesen-von-martha-stewart-entworfenen-rattan-hocker-in-den-kuechen-ihrer-stilvollsten-freunde-im-herbst-zu-sehen-es-ist-eines-der-besten-stuecke-die-sie-entworfen-hat\\\/#breadcrumb\",\"itemListElement\":[{\"@type\":\"ListItem\",\"position\":1,\"name\":\"Home\",\"item\":\"https:\\\/\\\/www.strassenweb.de\\\/nachrichten\\\/\"},{\"@type\":\"ListItem\",\"position\":2,\"name\":\"Machen Sie sich bereit, diesen von Martha Stewart entworfenen Rattan-Hocker in den K\u00fcchen Ihrer stilvollsten Freunde im Herbst zu sehen-es ist eines der besten St\u00fccke, die sie entworfen hat\"}]},{\"@type\":\"WebSite\",\"@id\":\"https:\\\/\\\/www.strassenweb.de\\\/nachrichten\\\/#website\",\"url\":\"https:\\\/\\\/www.strassenweb.de\\\/nachrichten\\\/\",\"name\":\"Stra\u00dfenweb\",\"description\":\"Stra\u00dfenverzeichnis f\u00fcr Deutschland\",\"publisher\":{\"@id\":\"https:\\\/\\\/www.strassenweb.de\\\/nachrichten\\\/#organization\"},\"potentialAction\":[{\"@type\":\"SearchAction\",\"target\":{\"@type\":\"EntryPoint\",\"urlTemplate\":\"https:\\\/\\\/www.strassenweb.de\\\/nachrichten\\\/?s={search_term_string}\"},\"query-input\":{\"@type\":\"PropertyValueSpecification\",\"valueRequired\":true,\"valueName\":\"search_term_string\"}}],\"inLanguage\":\"de\"},{\"@type\":\"Organization\",\"@id\":\"https:\\\/\\\/www.strassenweb.de\\\/nachrichten\\\/#organization\",\"name\":\"Stra\u00dfenweb\",\"url\":\"https:\\\/\\\/www.strassenweb.de\\\/nachrichten\\\/\",\"logo\":{\"@type\":\"ImageObject\",\"inLanguage\":\"de\",\"@id\":\"https:\\\/\\\/www.strassenweb.de\\\/nachrichten\\\/#\\\/schema\\\/logo\\\/image\\\/\",\"url\":\"https:\\\/\\\/www.strassenweb.de\\\/nachrichten\\\/wp-content\\\/uploads\\\/2024\\\/09\\\/cropped-favicon.png\",\"contentUrl\":\"https:\\\/\\\/www.strassenweb.de\\\/nachrichten\\\/wp-content\\\/uploads\\\/2024\\\/09\\\/cropped-favicon.png\",\"width\":512,\"height\":512,\"caption\":\"Stra\u00dfenweb\"},\"image\":{\"@id\":\"https:\\\/\\\/www.strassenweb.de\\\/nachrichten\\\/#\\\/schema\\\/logo\\\/image\\\/\"},\"sameAs\":[\"https:\\\/\\\/www.facebook.com\\\/strassenweb\\\/\"]},{\"@type\":\"Person\",\"@id\":\"https:\\\/\\\/www.strassenweb.de\\\/nachrichten\\\/#\\\/schema\\\/person\\\/87c9c9067f1211da429a744dc5a5aa41\",\"name\":\"Robert Hoffmann\",\"image\":{\"@type\":\"ImageObject\",\"inLanguage\":\"de\",\"@id\":\"https:\\\/\\\/www.strassenweb.de\\\/nachrichten\\\/wp-content\\\/uploads\\\/2024\\\/09\\\/strassenweb-150x150.jpg\",\"url\":\"https:\\\/\\\/www.strassenweb.de\\\/nachrichten\\\/wp-content\\\/uploads\\\/2024\\\/09\\\/strassenweb-150x150.jpg\",\"contentUrl\":\"https:\\\/\\\/www.strassenweb.de\\\/nachrichten\\\/wp-content\\\/uploads\\\/2024\\\/09\\\/strassenweb-150x150.jpg\",\"caption\":\"Robert Hoffmann\"},\"description\":\"Ich hei\u00dfe Robert Hoffmann und ich bin ein leidenschaftlicher Verfechter von \u00d6kologie und Biodiversit\u00e4t. Seit meiner Kindheit in den W\u00e4ldern Bayerns f\u00fchle ich mich mit der Natur verbunden und bin entschlossen, sie zu sch\u00fctzen. Heute widme ich mein Leben der Sensibilisierung anderer f\u00fcr die Bedeutung des Umweltschutzes f\u00fcr zuk\u00fcnftige Generationen.\",\"sameAs\":[\"https:\\\/\\\/www.strassenweb.de\\\/\"]}]}<\/script>\n<!-- \/ Yoast SEO plugin. -->","yoast_head_json":{"title":"Machen Sie sich bereit, diesen von Martha Stewart entworfenen Rattan-Hocker in den K\u00fcchen Ihrer stilvollsten Freunde im Herbst zu sehen-es ist eines der besten St\u00fccke, die sie entworfen hat - Nachrichten - Stra\u00dfenweb","robots":{"index":"index","follow":"follow","max-snippet":"max-snippet:-1","max-image-preview":"max-image-preview:large","max-video-preview":"max-video-preview:-1"},"canonical":"https:\/\/www.strassenweb.de\/nachrichten\/machen-sie-sich-bereit-diesen-von-martha-stewart-entworfenen-rattan-hocker-in-den-kuechen-ihrer-stilvollsten-freunde-im-herbst-zu-sehen-es-ist-eines-der-besten-stuecke-die-sie-entworfen-hat\/","og_locale":"de_DE","og_type":"article","og_title":"Machen Sie sich bereit, diesen von Martha Stewart entworfenen Rattan-Hocker in den K\u00fcchen Ihrer stilvollsten Freunde im Herbst zu sehen-es ist eines der besten St\u00fccke, die sie entworfen hat - Nachrichten - Stra\u00dfenweb","og_description":"Rattan ist eines dieser seltenen Materialien, \u00fcber die ich nie m\u00fcde sein werde, dar\u00fcber zu sehen oder zu schreiben. Dieses sch\u00f6ne Gewebe sieht in einem","og_url":"https:\/\/www.strassenweb.de\/nachrichten\/machen-sie-sich-bereit-diesen-von-martha-stewart-entworfenen-rattan-hocker-in-den-kuechen-ihrer-stilvollsten-freunde-im-herbst-zu-sehen-es-ist-eines-der-besten-stuecke-die-sie-entworfen-hat\/","og_site_name":"Stra\u00dfenweb","article_publisher":"https:\/\/www.facebook.com\/strassenweb\/","article_published_time":"2025-08-18T11:43:49+00:00","article_modified_time":"2025-08-18T11:43:50+00:00","og_image":[{"width":1600,"height":900,"url":"https:\/\/www.strassenweb.de\/nachrichten\/wp-content\/uploads\/2025\/05\/rnzho2YbjY25YLV5MmuttK.jpg","type":"image\/jpeg"}],"author":"Robert Hoffmann","twitter_card":"summary_large_image","twitter_misc":{"Verfasst von":"Robert Hoffmann","Gesch\u00e4tzte Lesezeit":"2\u00a0Minuten"},"schema":{"@context":"https:\/\/schema.org","@graph":[{"@type":"Article","@id":"https:\/\/www.strassenweb.de\/nachrichten\/machen-sie-sich-bereit-diesen-von-martha-stewart-entworfenen-rattan-hocker-in-den-kuechen-ihrer-stilvollsten-freunde-im-herbst-zu-sehen-es-ist-eines-der-besten-stuecke-die-sie-entworfen-hat\/#article","isPartOf":{"@id":"https:\/\/www.strassenweb.de\/nachrichten\/machen-sie-sich-bereit-diesen-von-martha-stewart-entworfenen-rattan-hocker-in-den-kuechen-ihrer-stilvollsten-freunde-im-herbst-zu-sehen-es-ist-eines-der-besten-stuecke-die-sie-entworfen-hat\/"},"author":{"name":"Robert Hoffmann","@id":"https:\/\/www.strassenweb.de\/nachrichten\/#\/schema\/person\/87c9c9067f1211da429a744dc5a5aa41"},"headline":"Machen Sie sich bereit, diesen von Martha Stewart entworfenen Rattan-Hocker in den K\u00fcchen Ihrer stilvollsten Freunde im Herbst zu sehen-es ist eines der besten St\u00fccke, die sie entworfen hat","datePublished":"2025-08-18T11:43:49+00:00","dateModified":"2025-08-18T11:43:50+00:00","mainEntityOfPage":{"@id":"https:\/\/www.strassenweb.de\/nachrichten\/machen-sie-sich-bereit-diesen-von-martha-stewart-entworfenen-rattan-hocker-in-den-kuechen-ihrer-stilvollsten-freunde-im-herbst-zu-sehen-es-ist-eines-der-besten-stuecke-die-sie-entworfen-hat\/"},"wordCount":509,"publisher":{"@id":"https:\/\/www.strassenweb.de\/nachrichten\/#organization"},"image":{"@id":"https:\/\/www.strassenweb.de\/nachrichten\/machen-sie-sich-bereit-diesen-von-martha-stewart-entworfenen-rattan-hocker-in-den-kuechen-ihrer-stilvollsten-freunde-im-herbst-zu-sehen-es-ist-eines-der-besten-stuecke-die-sie-entworfen-hat\/#primaryimage"},"thumbnailUrl":"https:\/\/www.strassenweb.de\/nachrichten\/wp-content\/uploads\/2025\/05\/rnzho2YbjY25YLV5MmuttK.jpg","keywords":["bereit","besten","den","der","die","diesen","eines","entworfen","entworfenen","Freunde","hat","Herbst","ihrer","ist","K\u00fcchen","machen","Martha","RattanHocker","sehenes","sich","Sie","Stewart","stilvollsten","St\u00fccke","von"],"articleSection":["Haus &amp; Garten"],"inLanguage":"de"},{"@type":"WebPage","@id":"https:\/\/www.strassenweb.de\/nachrichten\/machen-sie-sich-bereit-diesen-von-martha-stewart-entworfenen-rattan-hocker-in-den-kuechen-ihrer-stilvollsten-freunde-im-herbst-zu-sehen-es-ist-eines-der-besten-stuecke-die-sie-entworfen-hat\/","url":"https:\/\/www.strassenweb.de\/nachrichten\/machen-sie-sich-bereit-diesen-von-martha-stewart-entworfenen-rattan-hocker-in-den-kuechen-ihrer-stilvollsten-freunde-im-herbst-zu-sehen-es-ist-eines-der-besten-stuecke-die-sie-entworfen-hat\/","name":"Machen Sie sich bereit, diesen von Martha Stewart entworfenen Rattan-Hocker in den K\u00fcchen Ihrer stilvollsten Freunde im Herbst zu sehen-es ist eines der besten St\u00fccke, die sie entworfen hat - Nachrichten - Stra\u00dfenweb","isPartOf":{"@id":"https:\/\/www.strassenweb.de\/nachrichten\/#website"},"primaryImageOfPage":{"@id":"https:\/\/www.strassenweb.de\/nachrichten\/machen-sie-sich-bereit-diesen-von-martha-stewart-entworfenen-rattan-hocker-in-den-kuechen-ihrer-stilvollsten-freunde-im-herbst-zu-sehen-es-ist-eines-der-besten-stuecke-die-sie-entworfen-hat\/#primaryimage"},"image":{"@id":"https:\/\/www.strassenweb.de\/nachrichten\/machen-sie-sich-bereit-diesen-von-martha-stewart-entworfenen-rattan-hocker-in-den-kuechen-ihrer-stilvollsten-freunde-im-herbst-zu-sehen-es-ist-eines-der-besten-stuecke-die-sie-entworfen-hat\/#primaryimage"},"thumbnailUrl":"https:\/\/www.strassenweb.de\/nachrichten\/wp-content\/uploads\/2025\/05\/rnzho2YbjY25YLV5MmuttK.jpg","datePublished":"2025-08-18T11:43:49+00:00","dateModified":"2025-08-18T11:43:50+00:00","breadcrumb":{"@id":"https:\/\/www.strassenweb.de\/nachrichten\/machen-sie-sich-bereit-diesen-von-martha-stewart-entworfenen-rattan-hocker-in-den-kuechen-ihrer-stilvollsten-freunde-im-herbst-zu-sehen-es-ist-eines-der-besten-stuecke-die-sie-entworfen-hat\/#breadcrumb"},"inLanguage":"de","potentialAction":[{"@type":"ReadAction","target":["https:\/\/www.strassenweb.de\/nachrichten\/machen-sie-sich-bereit-diesen-von-martha-stewart-entworfenen-rattan-hocker-in-den-kuechen-ihrer-stilvollsten-freunde-im-herbst-zu-sehen-es-ist-eines-der-besten-stuecke-die-sie-entworfen-hat\/"]}]},{"@type":"ImageObject","inLanguage":"de","@id":"https:\/\/www.strassenweb.de\/nachrichten\/machen-sie-sich-bereit-diesen-von-martha-stewart-entworfenen-rattan-hocker-in-den-kuechen-ihrer-stilvollsten-freunde-im-herbst-zu-sehen-es-ist-eines-der-besten-stuecke-die-sie-entworfen-hat\/#primaryimage","url":"https:\/\/www.strassenweb.de\/nachrichten\/wp-content\/uploads\/2025\/05\/rnzho2YbjY25YLV5MmuttK.jpg","contentUrl":"https:\/\/www.strassenweb.de\/nachrichten\/wp-content\/uploads\/2025\/05\/rnzho2YbjY25YLV5MmuttK.jpg","width":1600,"height":900,"caption":"Martha Stewart"},{"@type":"BreadcrumbList","@id":"https:\/\/www.strassenweb.de\/nachrichten\/machen-sie-sich-bereit-diesen-von-martha-stewart-entworfenen-rattan-hocker-in-den-kuechen-ihrer-stilvollsten-freunde-im-herbst-zu-sehen-es-ist-eines-der-besten-stuecke-die-sie-entworfen-hat\/#breadcrumb","itemListElement":[{"@type":"ListItem","position":1,"name":"Home","item":"https:\/\/www.strassenweb.de\/nachrichten\/"},{"@type":"ListItem","position":2,"name":"Machen Sie sich bereit, diesen von Martha Stewart entworfenen Rattan-Hocker in den K\u00fcchen Ihrer stilvollsten Freunde im Herbst zu sehen-es ist eines der besten St\u00fccke, die sie entworfen hat"}]},{"@type":"WebSite","@id":"https:\/\/www.strassenweb.de\/nachrichten\/#website","url":"https:\/\/www.strassenweb.de\/nachrichten\/","name":"Stra\u00dfenweb","description":"Stra\u00dfenverzeichnis f\u00fcr Deutschland","publisher":{"@id":"https:\/\/www.strassenweb.de\/nachrichten\/#organization"},"potentialAction":[{"@type":"SearchAction","target":{"@type":"EntryPoint","urlTemplate":"https:\/\/www.strassenweb.de\/nachrichten\/?s={search_term_string}"},"query-input":{"@type":"PropertyValueSpecification","valueRequired":true,"valueName":"search_term_string"}}],"inLanguage":"de"},{"@type":"Organization","@id":"https:\/\/www.strassenweb.de\/nachrichten\/#organization","name":"Stra\u00dfenweb","url":"https:\/\/www.strassenweb.de\/nachrichten\/","logo":{"@type":"ImageObject","inLanguage":"de","@id":"https:\/\/www.strassenweb.de\/nachrichten\/#\/schema\/logo\/image\/","url":"https:\/\/www.strassenweb.de\/nachrichten\/wp-content\/uploads\/2024\/09\/cropped-favicon.png","contentUrl":"https:\/\/www.strassenweb.de\/nachrichten\/wp-content\/uploads\/2024\/09\/cropped-favicon.png","width":512,"height":512,"caption":"Stra\u00dfenweb"},"image":{"@id":"https:\/\/www.strassenweb.de\/nachrichten\/#\/schema\/logo\/image\/"},"sameAs":["https:\/\/www.facebook.com\/strassenweb\/"]},{"@type":"Person","@id":"https:\/\/www.strassenweb.de\/nachrichten\/#\/schema\/person\/87c9c9067f1211da429a744dc5a5aa41","name":"Robert Hoffmann","image":{"@type":"ImageObject","inLanguage":"de","@id":"https:\/\/www.strassenweb.de\/nachrichten\/wp-content\/uploads\/2024\/09\/strassenweb-150x150.jpg","url":"https:\/\/www.strassenweb.de\/nachrichten\/wp-content\/uploads\/2024\/09\/strassenweb-150x150.jpg","contentUrl":"https:\/\/www.strassenweb.de\/nachrichten\/wp-content\/uploads\/2024\/09\/strassenweb-150x150.jpg","caption":"Robert Hoffmann"},"description":"Ich hei\u00dfe Robert Hoffmann und ich bin ein leidenschaftlicher Verfechter von \u00d6kologie und Biodiversit\u00e4t. Seit meiner Kindheit in den W\u00e4ldern Bayerns f\u00fchle ich mich mit der Natur verbunden und bin entschlossen, sie zu sch\u00fctzen. Heute widme ich mein Leben der Sensibilisierung anderer f\u00fcr die Bedeutung des Umweltschutzes f\u00fcr zuk\u00fcnftige Generationen.","sameAs":["https:\/\/www.strassenweb.de\/"]}]}},"_links":{"self":[{"href":"https:\/\/www.strassenweb.de\/nachrichten\/wp-json\/wp\/v2\/posts\/7044","targetHints":{"allow":["GET"]}}],"collection":[{"href":"https:\/\/www.strassenweb.de\/nachrichten\/wp-json\/wp\/v2\/posts"}],"about":[{"href":"https:\/\/www.strassenweb.de\/nachrichten\/wp-json\/wp\/v2\/types\/post"}],"author":[{"embeddable":true,"href":"https:\/\/www.strassenweb.de\/nachrichten\/wp-json\/wp\/v2\/users\/1"}],"replies":[{"embeddable":true,"href":"https:\/\/www.strassenweb.de\/nachrichten\/wp-json\/wp\/v2\/comments?post=7044"}],"version-history":[{"count":0,"href":"https:\/\/www.strassenweb.de\/nachrichten\/wp-json\/wp\/v2\/posts\/7044\/revisions"}],"wp:featuredmedia":[{"embeddable":true,"href":"https:\/\/www.strassenweb.de\/nachrichten\/wp-json\/wp\/v2\/media\/4936"}],"wp:attachment":[{"href":"https:\/\/www.strassenweb.de\/nachrichten\/wp-json\/wp\/v2\/media?parent=7044"}],"wp:term":[{"taxonomy":"category","embeddable":true,"href":"https:\/\/www.strassenweb.de\/nachrichten\/wp-json\/wp\/v2\/categories?post=7044"},{"taxonomy":"post_tag","embeddable":true,"href":"https:\/\/www.strassenweb.de\/nachrichten\/wp-json\/wp\/v2\/tags?post=7044"}],"curies":[{"name":"wp","href":"https:\/\/api.w.org\/{rel}","templated":true}]}}