{"id":7029,"date":"2025-08-18T01:41:22","date_gmt":"2025-08-17T23:41:22","guid":{"rendered":"https:\/\/www.strassenweb.de\/nachrichten\/dieser-genie-joseph-joseph-drawer-organizer-hat-meine-winzige-kueche-verwandelt-es-ist-im-verkauf-und-ich-kaufe-einen-zweiten\/"},"modified":"2025-08-18T01:41:25","modified_gmt":"2025-08-17T23:41:25","slug":"dieser-genie-joseph-joseph-drawer-organizer-hat-meine-winzige-kueche-verwandelt-es-ist-im-verkauf-und-ich-kaufe-einen-zweiten","status":"publish","type":"post","link":"https:\/\/www.strassenweb.de\/nachrichten\/dieser-genie-joseph-joseph-drawer-organizer-hat-meine-winzige-kueche-verwandelt-es-ist-im-verkauf-und-ich-kaufe-einen-zweiten\/","title":{"rendered":"Dieser Genie Joseph Joseph Drawer Organizer hat meine winzige K\u00fcche verwandelt &#8211; es ist im Verkauf und ich kaufe einen zweiten"},"content":{"rendered":"<p><\/p>\n<div id=\"article-body\" class=\"article__body \">\n<p id=\"7e815b6f-6efc-45b3-80d1-7bcec4478495\">Wenn es um K\u00fcchenschubladen geht, habe ich immer geglaubt, dass es eine Grenze daf\u00fcr gibt, wie ordentlich sie bekommen k\u00f6nnen. Versuchen Sie, eine K\u00fcchenschublade zu organisieren, und Sie entdecken schnell die Herausforderung: Unordentliche Schubladen haben die M\u00f6glichkeit, sogar die eleganteste K\u00fcche chaotisch zu machen &#8211; Gabeln, die auf L\u00f6ffeln stapeln, Messer, die in unm\u00f6gliche Ecken rutschen, und das st\u00e4ndige Scramble, um das Utensil zu finden, das Sie tats\u00e4chlich ben\u00f6tigen.<\/p>\n<div id=\"ad-unit-1\" class=\"ad-unit\"><\/div>\n<p>Das hei\u00dft, bis ich den Joseph Joseph Drawerstore Compact Utensil Organizer bei Amazon entdeckte. Pl\u00f6tzlich sieht mein allt\u00e4gliches Gewirr des Bestecks komponierter aus als jede kunstgaleriew\u00fcrdige K\u00fcchenregale, und das \u00d6ffnen meiner Schublade ist zu einem \u00fcberraschend befriedigenden Teil meines Tages geworden.<\/p>\n<div class=\"product-container horizontal-product-container\">\n<div class=\"product-block-row\"><\/div>\n<\/div>\n<aside data-block-type=\"embed\" data-render-type=\"fte\" data-skip=\"dealsy\" data-widget-type=\"seasonal\" class=\"hawk-base\"><\/aside>\n<p id=\"de5b7068-7369-4894-9d40-6df95ded1594-0\">Dieses geniale Tablett stapelt seine abgewinkelten F\u00e4cher eher Seite an Seite und verwandelt Chaos in Ruhe, w\u00e4hrend ein vollst\u00e4ndiger Besteck in einen Ersatz -4,3 -Zoll -Schubladenbereich eingebaut wird. In der bescheidenen Schublade meiner kleinen K\u00fcche ist es so, als w\u00fcrde man sich jedes Mal, wenn ich sie \u00f6ffne, eine Mini -Makeover entfaltet.<\/p>\n<div class=\"van_vid_carousel\">\n<div class=\"van_vid_carousel__padding\">\n<div class=\"van_vid_carousel__container\"><\/div>\n<\/div>\n<\/div>\n<p>Ich war entz\u00fcckt von den kleinen Ikonen, die jeden Steckplatz beschriften &#8211; keine Vermutung mehr, wo die L\u00f6ffel gegangen sind. Die Slip-F\u00fc\u00dfe halten alles an Ort und Stelle, auch wenn ich nach einer Salatgabel st\u00f6bere und das BPA-freie Material beruhigend langlebig anf\u00fchlt. Au\u00dferdem geben die weichen grauen T\u00f6ne das Gef\u00fchl, dass sie immer Teil meiner K\u00fcchenlagerung sein sollte &#8211; nicht nur eingesetzt.<\/p>\n<div id=\"ad-unit-2\" class=\"ad-unit\"><\/div>\n<p>Was mich am meisten \u00fcberraschte, war, wie etwas so bescheidenes sowohl in Preis als auch in der Gr\u00f6\u00dfe die Art und Weise ver\u00e4ndern konnte, wie ich mich in meinem Raum f\u00fchle. Ich \u00f6ffne jetzt die Schublade und es gibt ein unbestreitbares Gef\u00fchl der Befriedigung &#8211; alles auf einen Blick, nichts unangebrachtes.<\/p>\n<p>Es ist nicht nur Speicher; Es ist eine kleine t\u00e4gliche Freude, eine Erinnerung daran, dass Sch\u00f6nheit und Nutzen f\u00fcr Schubladen koexistieren k\u00f6nnen.<\/p>\n<h3 class=\"article-body__section\" id=\"section-shop-similar-cutlery-organizers\"><span>Kaufen Sie \u00e4hnliche Besteckorganisatoren ein<\/span><\/h3>\n<p id=\"6a3bf9f0-8b00-4f82-87e8-c51639c1e2e5\">Wenn dieser nicht dem Stil Ihrer K\u00fcche passt, mach dir keine Sorgen. Ich habe einige der besten Organisatoren zusammengestellt, die f\u00fcr jeden Geschmack online verf\u00fcgbar sind.<\/p>\n<div id=\"slice-container-newsletterForm-articleInbodyContent-Sk73yW2gDDwY24puCKLkwi\" class=\"slice-container newsletter-inbodyContent-slice newsletterForm-articleInbodyContent-Sk73yW2gDDwY24puCKLkwi slice-container-newsletterForm\"><\/div>\n<div class=\"product-container hero-product-container product-block-no-wrap\">\n<div class=\"product-block-row\"><\/div>\n<div class=\"product-block-row\"><\/div>\n<div class=\"product-block-row\"><\/div>\n<\/div>\n<div class=\"block\" id=\"articleTag\" data-component-name=\"PostArticleLinks\">\n<div class=\"border-b border-b-black border-solid py-2.5 text-black font-bold uppercase\">Themen<\/div>\n<nav class=\"py-2.5 flex gap-2.5 flex-wrap\" data-analytics-id=\"article-tag\">\n<p>Lagerung<br \/>\n<\/nav>\n<\/div>\n<\/div>\n","protected":false},"excerpt":{"rendered":"<p>Wenn es um K\u00fcchenschubladen geht, habe ich immer geglaubt, dass es eine Grenze daf\u00fcr gibt, wie ordentlich sie bekommen k\u00f6nnen. Versuchen Sie, eine K\u00fcchenschublade zu<\/p>\n","protected":false},"author":1,"featured_media":7030,"comment_status":"closed","ping_status":"","sticky":false,"template":"","format":"standard","meta":{"footnotes":""},"categories":[118],"tags":[1554,9475,166,9474,189,129,15,6418,3294,468,1054,7222,37,735,662,4236,8466],"class_list":["post-7029","post","type-post","status-publish","format-standard","has-post-thumbnail","hentry","category-haus-garten","tag-dieser","tag-drawer","tag-einen","tag-genie","tag-hat","tag-ich","tag-ist","tag-joseph","tag-kaufe","tag-kueche","tag-meine","tag-organizer","tag-und","tag-verkauf","tag-verwandelt","tag-winzige","tag-zweiten","generate-columns","tablet-grid-50","mobile-grid-100","grid-parent","grid-50"],"yoast_head":"<!-- This site is optimized with the Yoast SEO plugin v27.3 - https:\/\/yoast.com\/product\/yoast-seo-wordpress\/ -->\n<title>Dieser Genie Joseph Joseph Drawer Organizer hat meine winzige K\u00fcche verwandelt - es ist im Verkauf und ich kaufe einen zweiten - Nachrichten - Stra\u00dfenweb<\/title>\n<meta name=\"robots\" content=\"index, follow, max-snippet:-1, max-image-preview:large, max-video-preview:-1\" \/>\n<link rel=\"canonical\" href=\"https:\/\/www.strassenweb.de\/nachrichten\/dieser-genie-joseph-joseph-drawer-organizer-hat-meine-winzige-kueche-verwandelt-es-ist-im-verkauf-und-ich-kaufe-einen-zweiten\/\" \/>\n<meta property=\"og:locale\" content=\"de_DE\" \/>\n<meta property=\"og:type\" content=\"article\" \/>\n<meta property=\"og:title\" content=\"Dieser Genie Joseph Joseph Drawer Organizer hat meine winzige K\u00fcche verwandelt - es ist im Verkauf und ich kaufe einen zweiten - Nachrichten - Stra\u00dfenweb\" \/>\n<meta property=\"og:description\" content=\"Wenn es um K\u00fcchenschubladen geht, habe ich immer geglaubt, dass es eine Grenze daf\u00fcr gibt, wie ordentlich sie bekommen k\u00f6nnen. Versuchen Sie, eine K\u00fcchenschublade zu\" \/>\n<meta property=\"og:url\" content=\"https:\/\/www.strassenweb.de\/nachrichten\/dieser-genie-joseph-joseph-drawer-organizer-hat-meine-winzige-kueche-verwandelt-es-ist-im-verkauf-und-ich-kaufe-einen-zweiten\/\" \/>\n<meta property=\"og:site_name\" content=\"Stra\u00dfenweb\" \/>\n<meta property=\"article:publisher\" content=\"https:\/\/www.facebook.com\/strassenweb\/\" \/>\n<meta property=\"article:published_time\" content=\"2025-08-17T23:41:22+00:00\" \/>\n<meta property=\"article:modified_time\" content=\"2025-08-17T23:41:25+00:00\" \/>\n<meta property=\"og:image\" content=\"https:\/\/www.strassenweb.de\/nachrichten\/wp-content\/uploads\/2025\/08\/Dieser-Genie-Joseph-Joseph-Drawer-Organizer-hat-meine-winzige-Kueche-scaled.jpg\" \/>\n\t<meta property=\"og:image:width\" content=\"2560\" \/>\n\t<meta property=\"og:image:height\" content=\"1440\" \/>\n\t<meta property=\"og:image:type\" content=\"image\/jpeg\" \/>\n<meta name=\"author\" content=\"Robert Hoffmann\" \/>\n<meta name=\"twitter:card\" content=\"summary_large_image\" \/>\n<meta name=\"twitter:label1\" content=\"Verfasst von\" \/>\n\t<meta name=\"twitter:data1\" content=\"Robert Hoffmann\" \/>\n\t<meta name=\"twitter:label2\" content=\"Gesch\u00e4tzte Lesezeit\" \/>\n\t<meta name=\"twitter:data2\" content=\"2\u00a0Minuten\" \/>\n<script type=\"application\/ld+json\" class=\"yoast-schema-graph\">{\"@context\":\"https:\\\/\\\/schema.org\",\"@graph\":[{\"@type\":\"Article\",\"@id\":\"https:\\\/\\\/www.strassenweb.de\\\/nachrichten\\\/dieser-genie-joseph-joseph-drawer-organizer-hat-meine-winzige-kueche-verwandelt-es-ist-im-verkauf-und-ich-kaufe-einen-zweiten\\\/#article\",\"isPartOf\":{\"@id\":\"https:\\\/\\\/www.strassenweb.de\\\/nachrichten\\\/dieser-genie-joseph-joseph-drawer-organizer-hat-meine-winzige-kueche-verwandelt-es-ist-im-verkauf-und-ich-kaufe-einen-zweiten\\\/\"},\"author\":{\"name\":\"Robert Hoffmann\",\"@id\":\"https:\\\/\\\/www.strassenweb.de\\\/nachrichten\\\/#\\\/schema\\\/person\\\/87c9c9067f1211da429a744dc5a5aa41\"},\"headline\":\"Dieser Genie Joseph Joseph Drawer Organizer hat meine winzige K\u00fcche verwandelt &#8211; es ist im Verkauf und ich kaufe einen zweiten\",\"datePublished\":\"2025-08-17T23:41:22+00:00\",\"dateModified\":\"2025-08-17T23:41:25+00:00\",\"mainEntityOfPage\":{\"@id\":\"https:\\\/\\\/www.strassenweb.de\\\/nachrichten\\\/dieser-genie-joseph-joseph-drawer-organizer-hat-meine-winzige-kueche-verwandelt-es-ist-im-verkauf-und-ich-kaufe-einen-zweiten\\\/\"},\"wordCount\":393,\"publisher\":{\"@id\":\"https:\\\/\\\/www.strassenweb.de\\\/nachrichten\\\/#organization\"},\"image\":{\"@id\":\"https:\\\/\\\/www.strassenweb.de\\\/nachrichten\\\/dieser-genie-joseph-joseph-drawer-organizer-hat-meine-winzige-kueche-verwandelt-es-ist-im-verkauf-und-ich-kaufe-einen-zweiten\\\/#primaryimage\"},\"thumbnailUrl\":\"https:\\\/\\\/www.strassenweb.de\\\/nachrichten\\\/wp-content\\\/uploads\\\/2025\\\/08\\\/Dieser-Genie-Joseph-Joseph-Drawer-Organizer-hat-meine-winzige-Kueche-scaled.jpg\",\"keywords\":[\"dieser\",\"Drawer\",\"einen\",\"Genie\",\"hat\",\"ich\",\"ist\",\"Joseph\",\"kaufe\",\"K\u00fcche\",\"meine\",\"Organizer\",\"und\",\"Verkauf\",\"verwandelt\",\"winzige\",\"zweiten\"],\"articleSection\":[\"Haus &amp; Garten\"],\"inLanguage\":\"de\"},{\"@type\":\"WebPage\",\"@id\":\"https:\\\/\\\/www.strassenweb.de\\\/nachrichten\\\/dieser-genie-joseph-joseph-drawer-organizer-hat-meine-winzige-kueche-verwandelt-es-ist-im-verkauf-und-ich-kaufe-einen-zweiten\\\/\",\"url\":\"https:\\\/\\\/www.strassenweb.de\\\/nachrichten\\\/dieser-genie-joseph-joseph-drawer-organizer-hat-meine-winzige-kueche-verwandelt-es-ist-im-verkauf-und-ich-kaufe-einen-zweiten\\\/\",\"name\":\"Dieser Genie Joseph Joseph Drawer Organizer hat meine winzige K\u00fcche verwandelt - es ist im Verkauf und ich kaufe einen zweiten - Nachrichten - Stra\u00dfenweb\",\"isPartOf\":{\"@id\":\"https:\\\/\\\/www.strassenweb.de\\\/nachrichten\\\/#website\"},\"primaryImageOfPage\":{\"@id\":\"https:\\\/\\\/www.strassenweb.de\\\/nachrichten\\\/dieser-genie-joseph-joseph-drawer-organizer-hat-meine-winzige-kueche-verwandelt-es-ist-im-verkauf-und-ich-kaufe-einen-zweiten\\\/#primaryimage\"},\"image\":{\"@id\":\"https:\\\/\\\/www.strassenweb.de\\\/nachrichten\\\/dieser-genie-joseph-joseph-drawer-organizer-hat-meine-winzige-kueche-verwandelt-es-ist-im-verkauf-und-ich-kaufe-einen-zweiten\\\/#primaryimage\"},\"thumbnailUrl\":\"https:\\\/\\\/www.strassenweb.de\\\/nachrichten\\\/wp-content\\\/uploads\\\/2025\\\/08\\\/Dieser-Genie-Joseph-Joseph-Drawer-Organizer-hat-meine-winzige-Kueche-scaled.jpg\",\"datePublished\":\"2025-08-17T23:41:22+00:00\",\"dateModified\":\"2025-08-17T23:41:25+00:00\",\"breadcrumb\":{\"@id\":\"https:\\\/\\\/www.strassenweb.de\\\/nachrichten\\\/dieser-genie-joseph-joseph-drawer-organizer-hat-meine-winzige-kueche-verwandelt-es-ist-im-verkauf-und-ich-kaufe-einen-zweiten\\\/#breadcrumb\"},\"inLanguage\":\"de\",\"potentialAction\":[{\"@type\":\"ReadAction\",\"target\":[\"https:\\\/\\\/www.strassenweb.de\\\/nachrichten\\\/dieser-genie-joseph-joseph-drawer-organizer-hat-meine-winzige-kueche-verwandelt-es-ist-im-verkauf-und-ich-kaufe-einen-zweiten\\\/\"]}]},{\"@type\":\"ImageObject\",\"inLanguage\":\"de\",\"@id\":\"https:\\\/\\\/www.strassenweb.de\\\/nachrichten\\\/dieser-genie-joseph-joseph-drawer-organizer-hat-meine-winzige-kueche-verwandelt-es-ist-im-verkauf-und-ich-kaufe-einen-zweiten\\\/#primaryimage\",\"url\":\"https:\\\/\\\/www.strassenweb.de\\\/nachrichten\\\/wp-content\\\/uploads\\\/2025\\\/08\\\/Dieser-Genie-Joseph-Joseph-Drawer-Organizer-hat-meine-winzige-Kueche-scaled.jpg\",\"contentUrl\":\"https:\\\/\\\/www.strassenweb.de\\\/nachrichten\\\/wp-content\\\/uploads\\\/2025\\\/08\\\/Dieser-Genie-Joseph-Joseph-Drawer-Organizer-hat-meine-winzige-Kueche-scaled.jpg\",\"width\":2560,\"height\":1440,\"caption\":\"White open plan kitchen, antique style fitted units, black granite worktops, chimney breast mantel, mirrored splashback, open storage drawer, storing dried food in glass jar containers\"},{\"@type\":\"BreadcrumbList\",\"@id\":\"https:\\\/\\\/www.strassenweb.de\\\/nachrichten\\\/dieser-genie-joseph-joseph-drawer-organizer-hat-meine-winzige-kueche-verwandelt-es-ist-im-verkauf-und-ich-kaufe-einen-zweiten\\\/#breadcrumb\",\"itemListElement\":[{\"@type\":\"ListItem\",\"position\":1,\"name\":\"Home\",\"item\":\"https:\\\/\\\/www.strassenweb.de\\\/nachrichten\\\/\"},{\"@type\":\"ListItem\",\"position\":2,\"name\":\"Dieser Genie Joseph Joseph Drawer Organizer hat meine winzige K\u00fcche verwandelt &#8211; es ist im Verkauf und ich kaufe einen zweiten\"}]},{\"@type\":\"WebSite\",\"@id\":\"https:\\\/\\\/www.strassenweb.de\\\/nachrichten\\\/#website\",\"url\":\"https:\\\/\\\/www.strassenweb.de\\\/nachrichten\\\/\",\"name\":\"Stra\u00dfenweb\",\"description\":\"Stra\u00dfenverzeichnis f\u00fcr Deutschland\",\"publisher\":{\"@id\":\"https:\\\/\\\/www.strassenweb.de\\\/nachrichten\\\/#organization\"},\"potentialAction\":[{\"@type\":\"SearchAction\",\"target\":{\"@type\":\"EntryPoint\",\"urlTemplate\":\"https:\\\/\\\/www.strassenweb.de\\\/nachrichten\\\/?s={search_term_string}\"},\"query-input\":{\"@type\":\"PropertyValueSpecification\",\"valueRequired\":true,\"valueName\":\"search_term_string\"}}],\"inLanguage\":\"de\"},{\"@type\":\"Organization\",\"@id\":\"https:\\\/\\\/www.strassenweb.de\\\/nachrichten\\\/#organization\",\"name\":\"Stra\u00dfenweb\",\"url\":\"https:\\\/\\\/www.strassenweb.de\\\/nachrichten\\\/\",\"logo\":{\"@type\":\"ImageObject\",\"inLanguage\":\"de\",\"@id\":\"https:\\\/\\\/www.strassenweb.de\\\/nachrichten\\\/#\\\/schema\\\/logo\\\/image\\\/\",\"url\":\"https:\\\/\\\/www.strassenweb.de\\\/nachrichten\\\/wp-content\\\/uploads\\\/2024\\\/09\\\/cropped-favicon.png\",\"contentUrl\":\"https:\\\/\\\/www.strassenweb.de\\\/nachrichten\\\/wp-content\\\/uploads\\\/2024\\\/09\\\/cropped-favicon.png\",\"width\":512,\"height\":512,\"caption\":\"Stra\u00dfenweb\"},\"image\":{\"@id\":\"https:\\\/\\\/www.strassenweb.de\\\/nachrichten\\\/#\\\/schema\\\/logo\\\/image\\\/\"},\"sameAs\":[\"https:\\\/\\\/www.facebook.com\\\/strassenweb\\\/\"]},{\"@type\":\"Person\",\"@id\":\"https:\\\/\\\/www.strassenweb.de\\\/nachrichten\\\/#\\\/schema\\\/person\\\/87c9c9067f1211da429a744dc5a5aa41\",\"name\":\"Robert Hoffmann\",\"image\":{\"@type\":\"ImageObject\",\"inLanguage\":\"de\",\"@id\":\"https:\\\/\\\/www.strassenweb.de\\\/nachrichten\\\/wp-content\\\/uploads\\\/2024\\\/09\\\/strassenweb-150x150.jpg\",\"url\":\"https:\\\/\\\/www.strassenweb.de\\\/nachrichten\\\/wp-content\\\/uploads\\\/2024\\\/09\\\/strassenweb-150x150.jpg\",\"contentUrl\":\"https:\\\/\\\/www.strassenweb.de\\\/nachrichten\\\/wp-content\\\/uploads\\\/2024\\\/09\\\/strassenweb-150x150.jpg\",\"caption\":\"Robert Hoffmann\"},\"description\":\"Ich hei\u00dfe Robert Hoffmann und ich bin ein leidenschaftlicher Verfechter von \u00d6kologie und Biodiversit\u00e4t. Seit meiner Kindheit in den W\u00e4ldern Bayerns f\u00fchle ich mich mit der Natur verbunden und bin entschlossen, sie zu sch\u00fctzen. Heute widme ich mein Leben der Sensibilisierung anderer f\u00fcr die Bedeutung des Umweltschutzes f\u00fcr zuk\u00fcnftige Generationen.\",\"sameAs\":[\"https:\\\/\\\/www.strassenweb.de\\\/\"]}]}<\/script>\n<!-- \/ Yoast SEO plugin. -->","yoast_head_json":{"title":"Dieser Genie Joseph Joseph Drawer Organizer hat meine winzige K\u00fcche verwandelt - es ist im Verkauf und ich kaufe einen zweiten - Nachrichten - Stra\u00dfenweb","robots":{"index":"index","follow":"follow","max-snippet":"max-snippet:-1","max-image-preview":"max-image-preview:large","max-video-preview":"max-video-preview:-1"},"canonical":"https:\/\/www.strassenweb.de\/nachrichten\/dieser-genie-joseph-joseph-drawer-organizer-hat-meine-winzige-kueche-verwandelt-es-ist-im-verkauf-und-ich-kaufe-einen-zweiten\/","og_locale":"de_DE","og_type":"article","og_title":"Dieser Genie Joseph Joseph Drawer Organizer hat meine winzige K\u00fcche verwandelt - es ist im Verkauf und ich kaufe einen zweiten - Nachrichten - Stra\u00dfenweb","og_description":"Wenn es um K\u00fcchenschubladen geht, habe ich immer geglaubt, dass es eine Grenze daf\u00fcr gibt, wie ordentlich sie bekommen k\u00f6nnen. Versuchen Sie, eine K\u00fcchenschublade zu","og_url":"https:\/\/www.strassenweb.de\/nachrichten\/dieser-genie-joseph-joseph-drawer-organizer-hat-meine-winzige-kueche-verwandelt-es-ist-im-verkauf-und-ich-kaufe-einen-zweiten\/","og_site_name":"Stra\u00dfenweb","article_publisher":"https:\/\/www.facebook.com\/strassenweb\/","article_published_time":"2025-08-17T23:41:22+00:00","article_modified_time":"2025-08-17T23:41:25+00:00","og_image":[{"width":2560,"height":1440,"url":"https:\/\/www.strassenweb.de\/nachrichten\/wp-content\/uploads\/2025\/08\/Dieser-Genie-Joseph-Joseph-Drawer-Organizer-hat-meine-winzige-Kueche-scaled.jpg","type":"image\/jpeg"}],"author":"Robert Hoffmann","twitter_card":"summary_large_image","twitter_misc":{"Verfasst von":"Robert Hoffmann","Gesch\u00e4tzte Lesezeit":"2\u00a0Minuten"},"schema":{"@context":"https:\/\/schema.org","@graph":[{"@type":"Article","@id":"https:\/\/www.strassenweb.de\/nachrichten\/dieser-genie-joseph-joseph-drawer-organizer-hat-meine-winzige-kueche-verwandelt-es-ist-im-verkauf-und-ich-kaufe-einen-zweiten\/#article","isPartOf":{"@id":"https:\/\/www.strassenweb.de\/nachrichten\/dieser-genie-joseph-joseph-drawer-organizer-hat-meine-winzige-kueche-verwandelt-es-ist-im-verkauf-und-ich-kaufe-einen-zweiten\/"},"author":{"name":"Robert Hoffmann","@id":"https:\/\/www.strassenweb.de\/nachrichten\/#\/schema\/person\/87c9c9067f1211da429a744dc5a5aa41"},"headline":"Dieser Genie Joseph Joseph Drawer Organizer hat meine winzige K\u00fcche verwandelt &#8211; es ist im Verkauf und ich kaufe einen zweiten","datePublished":"2025-08-17T23:41:22+00:00","dateModified":"2025-08-17T23:41:25+00:00","mainEntityOfPage":{"@id":"https:\/\/www.strassenweb.de\/nachrichten\/dieser-genie-joseph-joseph-drawer-organizer-hat-meine-winzige-kueche-verwandelt-es-ist-im-verkauf-und-ich-kaufe-einen-zweiten\/"},"wordCount":393,"publisher":{"@id":"https:\/\/www.strassenweb.de\/nachrichten\/#organization"},"image":{"@id":"https:\/\/www.strassenweb.de\/nachrichten\/dieser-genie-joseph-joseph-drawer-organizer-hat-meine-winzige-kueche-verwandelt-es-ist-im-verkauf-und-ich-kaufe-einen-zweiten\/#primaryimage"},"thumbnailUrl":"https:\/\/www.strassenweb.de\/nachrichten\/wp-content\/uploads\/2025\/08\/Dieser-Genie-Joseph-Joseph-Drawer-Organizer-hat-meine-winzige-Kueche-scaled.jpg","keywords":["dieser","Drawer","einen","Genie","hat","ich","ist","Joseph","kaufe","K\u00fcche","meine","Organizer","und","Verkauf","verwandelt","winzige","zweiten"],"articleSection":["Haus &amp; Garten"],"inLanguage":"de"},{"@type":"WebPage","@id":"https:\/\/www.strassenweb.de\/nachrichten\/dieser-genie-joseph-joseph-drawer-organizer-hat-meine-winzige-kueche-verwandelt-es-ist-im-verkauf-und-ich-kaufe-einen-zweiten\/","url":"https:\/\/www.strassenweb.de\/nachrichten\/dieser-genie-joseph-joseph-drawer-organizer-hat-meine-winzige-kueche-verwandelt-es-ist-im-verkauf-und-ich-kaufe-einen-zweiten\/","name":"Dieser Genie Joseph Joseph Drawer Organizer hat meine winzige K\u00fcche verwandelt - es ist im Verkauf und ich kaufe einen zweiten - Nachrichten - Stra\u00dfenweb","isPartOf":{"@id":"https:\/\/www.strassenweb.de\/nachrichten\/#website"},"primaryImageOfPage":{"@id":"https:\/\/www.strassenweb.de\/nachrichten\/dieser-genie-joseph-joseph-drawer-organizer-hat-meine-winzige-kueche-verwandelt-es-ist-im-verkauf-und-ich-kaufe-einen-zweiten\/#primaryimage"},"image":{"@id":"https:\/\/www.strassenweb.de\/nachrichten\/dieser-genie-joseph-joseph-drawer-organizer-hat-meine-winzige-kueche-verwandelt-es-ist-im-verkauf-und-ich-kaufe-einen-zweiten\/#primaryimage"},"thumbnailUrl":"https:\/\/www.strassenweb.de\/nachrichten\/wp-content\/uploads\/2025\/08\/Dieser-Genie-Joseph-Joseph-Drawer-Organizer-hat-meine-winzige-Kueche-scaled.jpg","datePublished":"2025-08-17T23:41:22+00:00","dateModified":"2025-08-17T23:41:25+00:00","breadcrumb":{"@id":"https:\/\/www.strassenweb.de\/nachrichten\/dieser-genie-joseph-joseph-drawer-organizer-hat-meine-winzige-kueche-verwandelt-es-ist-im-verkauf-und-ich-kaufe-einen-zweiten\/#breadcrumb"},"inLanguage":"de","potentialAction":[{"@type":"ReadAction","target":["https:\/\/www.strassenweb.de\/nachrichten\/dieser-genie-joseph-joseph-drawer-organizer-hat-meine-winzige-kueche-verwandelt-es-ist-im-verkauf-und-ich-kaufe-einen-zweiten\/"]}]},{"@type":"ImageObject","inLanguage":"de","@id":"https:\/\/www.strassenweb.de\/nachrichten\/dieser-genie-joseph-joseph-drawer-organizer-hat-meine-winzige-kueche-verwandelt-es-ist-im-verkauf-und-ich-kaufe-einen-zweiten\/#primaryimage","url":"https:\/\/www.strassenweb.de\/nachrichten\/wp-content\/uploads\/2025\/08\/Dieser-Genie-Joseph-Joseph-Drawer-Organizer-hat-meine-winzige-Kueche-scaled.jpg","contentUrl":"https:\/\/www.strassenweb.de\/nachrichten\/wp-content\/uploads\/2025\/08\/Dieser-Genie-Joseph-Joseph-Drawer-Organizer-hat-meine-winzige-Kueche-scaled.jpg","width":2560,"height":1440,"caption":"White open plan kitchen, antique style fitted units, black granite worktops, chimney breast mantel, mirrored splashback, open storage drawer, storing dried food in glass jar containers"},{"@type":"BreadcrumbList","@id":"https:\/\/www.strassenweb.de\/nachrichten\/dieser-genie-joseph-joseph-drawer-organizer-hat-meine-winzige-kueche-verwandelt-es-ist-im-verkauf-und-ich-kaufe-einen-zweiten\/#breadcrumb","itemListElement":[{"@type":"ListItem","position":1,"name":"Home","item":"https:\/\/www.strassenweb.de\/nachrichten\/"},{"@type":"ListItem","position":2,"name":"Dieser Genie Joseph Joseph Drawer Organizer hat meine winzige K\u00fcche verwandelt &#8211; es ist im Verkauf und ich kaufe einen zweiten"}]},{"@type":"WebSite","@id":"https:\/\/www.strassenweb.de\/nachrichten\/#website","url":"https:\/\/www.strassenweb.de\/nachrichten\/","name":"Stra\u00dfenweb","description":"Stra\u00dfenverzeichnis f\u00fcr Deutschland","publisher":{"@id":"https:\/\/www.strassenweb.de\/nachrichten\/#organization"},"potentialAction":[{"@type":"SearchAction","target":{"@type":"EntryPoint","urlTemplate":"https:\/\/www.strassenweb.de\/nachrichten\/?s={search_term_string}"},"query-input":{"@type":"PropertyValueSpecification","valueRequired":true,"valueName":"search_term_string"}}],"inLanguage":"de"},{"@type":"Organization","@id":"https:\/\/www.strassenweb.de\/nachrichten\/#organization","name":"Stra\u00dfenweb","url":"https:\/\/www.strassenweb.de\/nachrichten\/","logo":{"@type":"ImageObject","inLanguage":"de","@id":"https:\/\/www.strassenweb.de\/nachrichten\/#\/schema\/logo\/image\/","url":"https:\/\/www.strassenweb.de\/nachrichten\/wp-content\/uploads\/2024\/09\/cropped-favicon.png","contentUrl":"https:\/\/www.strassenweb.de\/nachrichten\/wp-content\/uploads\/2024\/09\/cropped-favicon.png","width":512,"height":512,"caption":"Stra\u00dfenweb"},"image":{"@id":"https:\/\/www.strassenweb.de\/nachrichten\/#\/schema\/logo\/image\/"},"sameAs":["https:\/\/www.facebook.com\/strassenweb\/"]},{"@type":"Person","@id":"https:\/\/www.strassenweb.de\/nachrichten\/#\/schema\/person\/87c9c9067f1211da429a744dc5a5aa41","name":"Robert Hoffmann","image":{"@type":"ImageObject","inLanguage":"de","@id":"https:\/\/www.strassenweb.de\/nachrichten\/wp-content\/uploads\/2024\/09\/strassenweb-150x150.jpg","url":"https:\/\/www.strassenweb.de\/nachrichten\/wp-content\/uploads\/2024\/09\/strassenweb-150x150.jpg","contentUrl":"https:\/\/www.strassenweb.de\/nachrichten\/wp-content\/uploads\/2024\/09\/strassenweb-150x150.jpg","caption":"Robert Hoffmann"},"description":"Ich hei\u00dfe Robert Hoffmann und ich bin ein leidenschaftlicher Verfechter von \u00d6kologie und Biodiversit\u00e4t. Seit meiner Kindheit in den W\u00e4ldern Bayerns f\u00fchle ich mich mit der Natur verbunden und bin entschlossen, sie zu sch\u00fctzen. Heute widme ich mein Leben der Sensibilisierung anderer f\u00fcr die Bedeutung des Umweltschutzes f\u00fcr zuk\u00fcnftige Generationen.","sameAs":["https:\/\/www.strassenweb.de\/"]}]}},"_links":{"self":[{"href":"https:\/\/www.strassenweb.de\/nachrichten\/wp-json\/wp\/v2\/posts\/7029","targetHints":{"allow":["GET"]}}],"collection":[{"href":"https:\/\/www.strassenweb.de\/nachrichten\/wp-json\/wp\/v2\/posts"}],"about":[{"href":"https:\/\/www.strassenweb.de\/nachrichten\/wp-json\/wp\/v2\/types\/post"}],"author":[{"embeddable":true,"href":"https:\/\/www.strassenweb.de\/nachrichten\/wp-json\/wp\/v2\/users\/1"}],"replies":[{"embeddable":true,"href":"https:\/\/www.strassenweb.de\/nachrichten\/wp-json\/wp\/v2\/comments?post=7029"}],"version-history":[{"count":0,"href":"https:\/\/www.strassenweb.de\/nachrichten\/wp-json\/wp\/v2\/posts\/7029\/revisions"}],"wp:featuredmedia":[{"embeddable":true,"href":"https:\/\/www.strassenweb.de\/nachrichten\/wp-json\/wp\/v2\/media\/7030"}],"wp:attachment":[{"href":"https:\/\/www.strassenweb.de\/nachrichten\/wp-json\/wp\/v2\/media?parent=7029"}],"wp:term":[{"taxonomy":"category","embeddable":true,"href":"https:\/\/www.strassenweb.de\/nachrichten\/wp-json\/wp\/v2\/categories?post=7029"},{"taxonomy":"post_tag","embeddable":true,"href":"https:\/\/www.strassenweb.de\/nachrichten\/wp-json\/wp\/v2\/tags?post=7029"}],"curies":[{"name":"wp","href":"https:\/\/api.w.org\/{rel}","templated":true}]}}