{"id":7026,"date":"2025-08-17T22:42:24","date_gmt":"2025-08-17T20:42:24","guid":{"rendered":"https:\/\/www.strassenweb.de\/nachrichten\/jennifer-garners-holzkuehlschrank-erfindet-den-unsichtbaren-kuechentrend-vollstaendig-neu-ich-kann-nicht-aufhoeren-ueber-sein-futuristisches-design-nachzudenken\/"},"modified":"2025-08-17T22:42:25","modified_gmt":"2025-08-17T20:42:25","slug":"jennifer-garners-holzkuehlschrank-erfindet-den-unsichtbaren-kuechentrend-vollstaendig-neu-ich-kann-nicht-aufhoeren-ueber-sein-futuristisches-design-nachzudenken","status":"publish","type":"post","link":"https:\/\/www.strassenweb.de\/nachrichten\/jennifer-garners-holzkuehlschrank-erfindet-den-unsichtbaren-kuechentrend-vollstaendig-neu-ich-kann-nicht-aufhoeren-ueber-sein-futuristisches-design-nachzudenken\/","title":{"rendered":"Jennifer Garners Holzk\u00fchlschrank erfindet den unsichtbaren K\u00fcchentrend vollst\u00e4ndig neu &#8211; ich kann nicht aufh\u00f6ren, \u00fcber sein futuristisches Design nachzudenken"},"content":{"rendered":"<p><\/p>\n<div id=\"article-body\" class=\"article__body \">\n<p id=\"5fd0956a-0c25-4f5d-9b0a-26722bfd7b1b\">Wir alle haben gesehen, wie unbemalt K\u00fcchenschr\u00e4nke einem Raum ein rustikales, nat\u00fcrliches Gef\u00fchl verleihen k\u00f6nnen und so ihren Platz in der Innenausstattung weit \u00fcber die Trends hinaus festigen k\u00f6nnen. Aber haben Sie jemals einen unbemalten Holzk\u00fchlschrank betrachtet?<\/p>\n<div id=\"ad-unit-1\" class=\"ad-unit\"><\/div>\n<p>Jennifer Garners Holzk\u00fcche l\u00e4sst uns \u00fcber die Idee nachdenken. In einem k\u00fcrzlich an ihre Instagram -Seite (sowie hier) geteilten Beitrag k\u00f6nnen wir sehen, dass ihr Holzk\u00fchlschrank von der traditionellen Edelstahl- und wei\u00dfen Fassade zu einem nat\u00fcrlichen Holz -\u00c4u\u00dferen \u00fcbergeht, der sich nahtlos in ihre Schr\u00e4nke einf\u00fcgt.<\/p>\n<aside data-block-type=\"embed\" data-render-type=\"fte\" data-skip=\"dealsy\" data-widget-type=\"seasonal\" class=\"hawk-base\"><\/aside>\n<p id=\"5fd0956a-0c25-4f5d-9b0a-26722bfd7b1b-2\">Es ist eine fantastische Wendung in der klassischen Holzk\u00fcche und den schlanken unsichtbaren K\u00fcchentrend, den wir in diesem Jahr in Promi -H\u00e4usern immer mehr gesehen haben.<\/p>\n<div class=\"van_vid_carousel\">\n<div class=\"van_vid_carousel__padding\">\n<div class=\"van_vid_carousel__container\"><\/div>\n<\/div>\n<\/div>\n<p>W\u00e4hrend ein Gro\u00dfteil ihrer K\u00fcche wei\u00df ist, verleiht das Holz dem Raum ein strukturelles Element, das ein gewisses visuelles Interesse beibeh\u00e4lt und die Vielseitigkeit dieses geliebten Materialien weiter beweist.<\/p>\n<div id=\"ad-unit-2\" class=\"ad-unit\"><\/div>\n<div class=\"instagram-embed\" id=\"DNQycp0pCpq\">\n<blockquote class=\"instagram-media\" data-instgrm-captioned data-instgrm-version=\"6\" style=\"width:99.375%; width:-webkit-calc(100% - 2px); width:calc(100% - 2px);\">\n<p>Ein Beitrag, der von Jennifer Garner (@jennifer.garner) geteilt wurde<\/p>\n<p>Ein Foto von on <\/p>\n<\/blockquote>\n<\/div>\n<p id=\"cb79ac02-606a-4fdb-b71c-f9dea5e727df\">Laut Experten arbeitet Holz besonders gut in einer wei\u00dfen K\u00fcche, in der das nat\u00fcrliche Material den Raum erw\u00e4rmt.<\/p>\n<p>&#8222;Naturholzt\u00f6ne k\u00f6nnen die Knusprigkeit einer wei\u00dfen K\u00fcche ausbalancieren, indem sie W\u00e4rme und Charakter hinzuf\u00fcgen&#8220;, erkl\u00e4rt Designerin Nina Lichtenstein. \u00bbVersuchen Sie schwimmende Holzregale, eine Arbeitsplatte f\u00fcr Ihre Insel, eine Holzdeckelbalken oder Holzhocker. Leichtere W\u00e4lder wie Ahorn oder Eiche erzeugen einen beruhigenden Look, w\u00e4hrend dunklere Holzakzente wie Walnuss einen dramatischeren Kontrast verleihen, der den Raum visuell verankern kann. &#8218;<\/p>\n<p>Der Holzk\u00fchlschrank ist das perfekte Kontrastelement neben Jennifers wei\u00dfen Marmorplatten, wobei die nat\u00fcrlichen Materialien wunderbar existieren.<\/p>\n<div id=\"slice-container-newsletterForm-articleInbodyContent-2ebDAASHLrwpt6ysB3Bgsm\" class=\"slice-container newsletter-inbodyContent-slice newsletterForm-articleInbodyContent-2ebDAASHLrwpt6ysB3Bgsm slice-container-newsletterForm\"><\/div>\n<p>Wenn Sie jedoch nicht bereit sind, sich auf ein neues K\u00fchlschrank zu verpflichten, k\u00f6nnen Holzzubeh\u00f6r wie Salz- und Pfeffersch\u00fcttler oder ein Gew\u00fcrzregal einen \u00e4hnlichen Einfluss haben.<\/p>\n<h3 class=\"article-body__section\" id=\"section-shop-the-wood-kitchen-edit\"><span>Kaufen Sie die Holzk\u00fcchenbearbeitung ein<\/span><\/h3>\n<div class=\"product-container hero-product-container product-block-no-wrap\">\n<div class=\"product-block-row\"><\/div>\n<div class=\"product-block-row\"><\/div>\n<div class=\"product-block-row\"><\/div>\n<\/div>\n<div class=\"min-h-(270px) mb-4 viafoura-twig-component\" id=\"viafoura-engagement-starter-wrapper\" data-component-name=\"Elk:Embed:EngagementStarter\">\n<div class=\"viafoura\">\n<div>\n<vf-conversation-starter target=\"viafoura-comments\" title=\"How do you incorporate wood into your kitchen?\" description=\"Would you try a wood fridge door?\" minimum-comment-count=\"1\"><br \/>\n<\/vf-conversation-starter>\n<\/div>\n<\/div>\n<\/div>\n<hr id=\"c3889530-9797-4969-acdd-2f0fb1c008b1\">\n<div class=\"block\" id=\"articleTag\" data-component-name=\"PostArticleLinks\">\n<div class=\"border-b border-b-black border-solid py-2.5 text-black font-bold uppercase\">Themen<\/div>\n<nav class=\"py-2.5 flex gap-2.5 flex-wrap\" data-analytics-id=\"article-tag\">\n<p>Jennifer Garner<br \/>\n<\/nav>\n<\/div>\n<\/div>\n<p><script async src=\"\/\/www.instagram.com\/embed.js\"><\/script><\/p>\n","protected":false},"excerpt":{"rendered":"<p>Wir alle haben gesehen, wie unbemalt K\u00fcchenschr\u00e4nke einem Raum ein rustikales, nat\u00fcrliches Gef\u00fchl verleihen k\u00f6nnen und so ihren Platz in der Innenausstattung weit \u00fcber die<\/p>\n","protected":false},"author":1,"featured_media":7027,"comment_status":"closed","ping_status":"","sticky":false,"template":"","format":"standard","meta":{"footnotes":""},"categories":[118],"tags":[2030,78,679,9470,9473,3797,9469,129,528,781,9472,1956,191,61,306,260,9471,2259],"class_list":["post-7026","post","type-post","status-publish","format-standard","has-post-thumbnail","hentry","category-haus-garten","tag-aufhoeren","tag-den","tag-design","tag-erfindet","tag-futuristisches","tag-garners","tag-holzkuehlschrank","tag-ich","tag-jennifer","tag-kann","tag-kuechentrend","tag-nachzudenken","tag-neu","tag-nicht","tag-sein","tag-ueber","tag-unsichtbaren","tag-vollstaendig","generate-columns","tablet-grid-50","mobile-grid-100","grid-parent","grid-50"],"yoast_head":"<!-- This site is optimized with the Yoast SEO plugin v27.3 - https:\/\/yoast.com\/product\/yoast-seo-wordpress\/ -->\n<title>Jennifer Garners Holzk\u00fchlschrank erfindet den unsichtbaren K\u00fcchentrend vollst\u00e4ndig neu - ich kann nicht aufh\u00f6ren, \u00fcber sein futuristisches Design nachzudenken - Nachrichten - Stra\u00dfenweb<\/title>\n<meta name=\"robots\" content=\"index, follow, max-snippet:-1, max-image-preview:large, max-video-preview:-1\" \/>\n<link rel=\"canonical\" href=\"https:\/\/www.strassenweb.de\/nachrichten\/jennifer-garners-holzkuehlschrank-erfindet-den-unsichtbaren-kuechentrend-vollstaendig-neu-ich-kann-nicht-aufhoeren-ueber-sein-futuristisches-design-nachzudenken\/\" \/>\n<meta property=\"og:locale\" content=\"de_DE\" \/>\n<meta property=\"og:type\" content=\"article\" \/>\n<meta property=\"og:title\" content=\"Jennifer Garners Holzk\u00fchlschrank erfindet den unsichtbaren K\u00fcchentrend vollst\u00e4ndig neu - ich kann nicht aufh\u00f6ren, \u00fcber sein futuristisches Design nachzudenken - Nachrichten - Stra\u00dfenweb\" \/>\n<meta property=\"og:description\" content=\"Wir alle haben gesehen, wie unbemalt K\u00fcchenschr\u00e4nke einem Raum ein rustikales, nat\u00fcrliches Gef\u00fchl verleihen k\u00f6nnen und so ihren Platz in der Innenausstattung weit \u00fcber die\" \/>\n<meta property=\"og:url\" content=\"https:\/\/www.strassenweb.de\/nachrichten\/jennifer-garners-holzkuehlschrank-erfindet-den-unsichtbaren-kuechentrend-vollstaendig-neu-ich-kann-nicht-aufhoeren-ueber-sein-futuristisches-design-nachzudenken\/\" \/>\n<meta property=\"og:site_name\" content=\"Stra\u00dfenweb\" \/>\n<meta property=\"article:publisher\" content=\"https:\/\/www.facebook.com\/strassenweb\/\" \/>\n<meta property=\"article:published_time\" content=\"2025-08-17T20:42:24+00:00\" \/>\n<meta property=\"article:modified_time\" content=\"2025-08-17T20:42:25+00:00\" \/>\n<meta property=\"og:image\" content=\"https:\/\/www.strassenweb.de\/nachrichten\/wp-content\/uploads\/2025\/08\/Jennifer-Garners-Holzkuehlschrank-erfindet-den-unsichtbaren-Kuechentrend-vollstaendig-neu.jpg\" \/>\n\t<meta property=\"og:image:width\" content=\"1600\" \/>\n\t<meta property=\"og:image:height\" content=\"900\" \/>\n\t<meta property=\"og:image:type\" content=\"image\/jpeg\" \/>\n<meta name=\"author\" content=\"Robert Hoffmann\" \/>\n<meta name=\"twitter:card\" content=\"summary_large_image\" \/>\n<meta name=\"twitter:label1\" content=\"Verfasst von\" \/>\n\t<meta name=\"twitter:data1\" content=\"Robert Hoffmann\" \/>\n\t<meta name=\"twitter:label2\" content=\"Gesch\u00e4tzte Lesezeit\" \/>\n\t<meta name=\"twitter:data2\" content=\"2\u00a0Minuten\" \/>\n<script type=\"application\/ld+json\" class=\"yoast-schema-graph\">{\"@context\":\"https:\\\/\\\/schema.org\",\"@graph\":[{\"@type\":\"Article\",\"@id\":\"https:\\\/\\\/www.strassenweb.de\\\/nachrichten\\\/jennifer-garners-holzkuehlschrank-erfindet-den-unsichtbaren-kuechentrend-vollstaendig-neu-ich-kann-nicht-aufhoeren-ueber-sein-futuristisches-design-nachzudenken\\\/#article\",\"isPartOf\":{\"@id\":\"https:\\\/\\\/www.strassenweb.de\\\/nachrichten\\\/jennifer-garners-holzkuehlschrank-erfindet-den-unsichtbaren-kuechentrend-vollstaendig-neu-ich-kann-nicht-aufhoeren-ueber-sein-futuristisches-design-nachzudenken\\\/\"},\"author\":{\"name\":\"Robert Hoffmann\",\"@id\":\"https:\\\/\\\/www.strassenweb.de\\\/nachrichten\\\/#\\\/schema\\\/person\\\/87c9c9067f1211da429a744dc5a5aa41\"},\"headline\":\"Jennifer Garners Holzk\u00fchlschrank erfindet den unsichtbaren K\u00fcchentrend vollst\u00e4ndig neu &#8211; ich kann nicht aufh\u00f6ren, \u00fcber sein futuristisches Design nachzudenken\",\"datePublished\":\"2025-08-17T20:42:24+00:00\",\"dateModified\":\"2025-08-17T20:42:25+00:00\",\"mainEntityOfPage\":{\"@id\":\"https:\\\/\\\/www.strassenweb.de\\\/nachrichten\\\/jennifer-garners-holzkuehlschrank-erfindet-den-unsichtbaren-kuechentrend-vollstaendig-neu-ich-kann-nicht-aufhoeren-ueber-sein-futuristisches-design-nachzudenken\\\/\"},\"wordCount\":347,\"publisher\":{\"@id\":\"https:\\\/\\\/www.strassenweb.de\\\/nachrichten\\\/#organization\"},\"image\":{\"@id\":\"https:\\\/\\\/www.strassenweb.de\\\/nachrichten\\\/jennifer-garners-holzkuehlschrank-erfindet-den-unsichtbaren-kuechentrend-vollstaendig-neu-ich-kann-nicht-aufhoeren-ueber-sein-futuristisches-design-nachzudenken\\\/#primaryimage\"},\"thumbnailUrl\":\"https:\\\/\\\/www.strassenweb.de\\\/nachrichten\\\/wp-content\\\/uploads\\\/2025\\\/08\\\/Jennifer-Garners-Holzkuehlschrank-erfindet-den-unsichtbaren-Kuechentrend-vollstaendig-neu.jpg\",\"keywords\":[\"aufh\u00f6ren\",\"den\",\"Design\",\"erfindet\",\"futuristisches\",\"Garners\",\"Holzk\u00fchlschrank\",\"ich\",\"Jennifer\",\"kann\",\"K\u00fcchentrend\",\"nachzudenken\",\"neu\",\"nicht\",\"sein\",\"\u00fcber\",\"unsichtbaren\",\"vollst\u00e4ndig\"],\"articleSection\":[\"Haus &amp; Garten\"],\"inLanguage\":\"de\"},{\"@type\":\"WebPage\",\"@id\":\"https:\\\/\\\/www.strassenweb.de\\\/nachrichten\\\/jennifer-garners-holzkuehlschrank-erfindet-den-unsichtbaren-kuechentrend-vollstaendig-neu-ich-kann-nicht-aufhoeren-ueber-sein-futuristisches-design-nachzudenken\\\/\",\"url\":\"https:\\\/\\\/www.strassenweb.de\\\/nachrichten\\\/jennifer-garners-holzkuehlschrank-erfindet-den-unsichtbaren-kuechentrend-vollstaendig-neu-ich-kann-nicht-aufhoeren-ueber-sein-futuristisches-design-nachzudenken\\\/\",\"name\":\"Jennifer Garners Holzk\u00fchlschrank erfindet den unsichtbaren K\u00fcchentrend vollst\u00e4ndig neu - ich kann nicht aufh\u00f6ren, \u00fcber sein futuristisches Design nachzudenken - Nachrichten - Stra\u00dfenweb\",\"isPartOf\":{\"@id\":\"https:\\\/\\\/www.strassenweb.de\\\/nachrichten\\\/#website\"},\"primaryImageOfPage\":{\"@id\":\"https:\\\/\\\/www.strassenweb.de\\\/nachrichten\\\/jennifer-garners-holzkuehlschrank-erfindet-den-unsichtbaren-kuechentrend-vollstaendig-neu-ich-kann-nicht-aufhoeren-ueber-sein-futuristisches-design-nachzudenken\\\/#primaryimage\"},\"image\":{\"@id\":\"https:\\\/\\\/www.strassenweb.de\\\/nachrichten\\\/jennifer-garners-holzkuehlschrank-erfindet-den-unsichtbaren-kuechentrend-vollstaendig-neu-ich-kann-nicht-aufhoeren-ueber-sein-futuristisches-design-nachzudenken\\\/#primaryimage\"},\"thumbnailUrl\":\"https:\\\/\\\/www.strassenweb.de\\\/nachrichten\\\/wp-content\\\/uploads\\\/2025\\\/08\\\/Jennifer-Garners-Holzkuehlschrank-erfindet-den-unsichtbaren-Kuechentrend-vollstaendig-neu.jpg\",\"datePublished\":\"2025-08-17T20:42:24+00:00\",\"dateModified\":\"2025-08-17T20:42:25+00:00\",\"breadcrumb\":{\"@id\":\"https:\\\/\\\/www.strassenweb.de\\\/nachrichten\\\/jennifer-garners-holzkuehlschrank-erfindet-den-unsichtbaren-kuechentrend-vollstaendig-neu-ich-kann-nicht-aufhoeren-ueber-sein-futuristisches-design-nachzudenken\\\/#breadcrumb\"},\"inLanguage\":\"de\",\"potentialAction\":[{\"@type\":\"ReadAction\",\"target\":[\"https:\\\/\\\/www.strassenweb.de\\\/nachrichten\\\/jennifer-garners-holzkuehlschrank-erfindet-den-unsichtbaren-kuechentrend-vollstaendig-neu-ich-kann-nicht-aufhoeren-ueber-sein-futuristisches-design-nachzudenken\\\/\"]}]},{\"@type\":\"ImageObject\",\"inLanguage\":\"de\",\"@id\":\"https:\\\/\\\/www.strassenweb.de\\\/nachrichten\\\/jennifer-garners-holzkuehlschrank-erfindet-den-unsichtbaren-kuechentrend-vollstaendig-neu-ich-kann-nicht-aufhoeren-ueber-sein-futuristisches-design-nachzudenken\\\/#primaryimage\",\"url\":\"https:\\\/\\\/www.strassenweb.de\\\/nachrichten\\\/wp-content\\\/uploads\\\/2025\\\/08\\\/Jennifer-Garners-Holzkuehlschrank-erfindet-den-unsichtbaren-Kuechentrend-vollstaendig-neu.jpg\",\"contentUrl\":\"https:\\\/\\\/www.strassenweb.de\\\/nachrichten\\\/wp-content\\\/uploads\\\/2025\\\/08\\\/Jennifer-Garners-Holzkuehlschrank-erfindet-den-unsichtbaren-Kuechentrend-vollstaendig-neu.jpg\",\"width\":1600,\"height\":900,\"caption\":\"jennifer garner at the 2016 Vanity Fair Oscar party\"},{\"@type\":\"BreadcrumbList\",\"@id\":\"https:\\\/\\\/www.strassenweb.de\\\/nachrichten\\\/jennifer-garners-holzkuehlschrank-erfindet-den-unsichtbaren-kuechentrend-vollstaendig-neu-ich-kann-nicht-aufhoeren-ueber-sein-futuristisches-design-nachzudenken\\\/#breadcrumb\",\"itemListElement\":[{\"@type\":\"ListItem\",\"position\":1,\"name\":\"Home\",\"item\":\"https:\\\/\\\/www.strassenweb.de\\\/nachrichten\\\/\"},{\"@type\":\"ListItem\",\"position\":2,\"name\":\"Jennifer Garners Holzk\u00fchlschrank erfindet den unsichtbaren K\u00fcchentrend vollst\u00e4ndig neu &#8211; ich kann nicht aufh\u00f6ren, \u00fcber sein futuristisches Design nachzudenken\"}]},{\"@type\":\"WebSite\",\"@id\":\"https:\\\/\\\/www.strassenweb.de\\\/nachrichten\\\/#website\",\"url\":\"https:\\\/\\\/www.strassenweb.de\\\/nachrichten\\\/\",\"name\":\"Stra\u00dfenweb\",\"description\":\"Stra\u00dfenverzeichnis f\u00fcr Deutschland\",\"publisher\":{\"@id\":\"https:\\\/\\\/www.strassenweb.de\\\/nachrichten\\\/#organization\"},\"potentialAction\":[{\"@type\":\"SearchAction\",\"target\":{\"@type\":\"EntryPoint\",\"urlTemplate\":\"https:\\\/\\\/www.strassenweb.de\\\/nachrichten\\\/?s={search_term_string}\"},\"query-input\":{\"@type\":\"PropertyValueSpecification\",\"valueRequired\":true,\"valueName\":\"search_term_string\"}}],\"inLanguage\":\"de\"},{\"@type\":\"Organization\",\"@id\":\"https:\\\/\\\/www.strassenweb.de\\\/nachrichten\\\/#organization\",\"name\":\"Stra\u00dfenweb\",\"url\":\"https:\\\/\\\/www.strassenweb.de\\\/nachrichten\\\/\",\"logo\":{\"@type\":\"ImageObject\",\"inLanguage\":\"de\",\"@id\":\"https:\\\/\\\/www.strassenweb.de\\\/nachrichten\\\/#\\\/schema\\\/logo\\\/image\\\/\",\"url\":\"https:\\\/\\\/www.strassenweb.de\\\/nachrichten\\\/wp-content\\\/uploads\\\/2024\\\/09\\\/cropped-favicon.png\",\"contentUrl\":\"https:\\\/\\\/www.strassenweb.de\\\/nachrichten\\\/wp-content\\\/uploads\\\/2024\\\/09\\\/cropped-favicon.png\",\"width\":512,\"height\":512,\"caption\":\"Stra\u00dfenweb\"},\"image\":{\"@id\":\"https:\\\/\\\/www.strassenweb.de\\\/nachrichten\\\/#\\\/schema\\\/logo\\\/image\\\/\"},\"sameAs\":[\"https:\\\/\\\/www.facebook.com\\\/strassenweb\\\/\"]},{\"@type\":\"Person\",\"@id\":\"https:\\\/\\\/www.strassenweb.de\\\/nachrichten\\\/#\\\/schema\\\/person\\\/87c9c9067f1211da429a744dc5a5aa41\",\"name\":\"Robert Hoffmann\",\"image\":{\"@type\":\"ImageObject\",\"inLanguage\":\"de\",\"@id\":\"https:\\\/\\\/www.strassenweb.de\\\/nachrichten\\\/wp-content\\\/uploads\\\/2024\\\/09\\\/strassenweb-150x150.jpg\",\"url\":\"https:\\\/\\\/www.strassenweb.de\\\/nachrichten\\\/wp-content\\\/uploads\\\/2024\\\/09\\\/strassenweb-150x150.jpg\",\"contentUrl\":\"https:\\\/\\\/www.strassenweb.de\\\/nachrichten\\\/wp-content\\\/uploads\\\/2024\\\/09\\\/strassenweb-150x150.jpg\",\"caption\":\"Robert Hoffmann\"},\"description\":\"Ich hei\u00dfe Robert Hoffmann und ich bin ein leidenschaftlicher Verfechter von \u00d6kologie und Biodiversit\u00e4t. Seit meiner Kindheit in den W\u00e4ldern Bayerns f\u00fchle ich mich mit der Natur verbunden und bin entschlossen, sie zu sch\u00fctzen. Heute widme ich mein Leben der Sensibilisierung anderer f\u00fcr die Bedeutung des Umweltschutzes f\u00fcr zuk\u00fcnftige Generationen.\",\"sameAs\":[\"https:\\\/\\\/www.strassenweb.de\\\/\"]}]}<\/script>\n<!-- \/ Yoast SEO plugin. -->","yoast_head_json":{"title":"Jennifer Garners Holzk\u00fchlschrank erfindet den unsichtbaren K\u00fcchentrend vollst\u00e4ndig neu - ich kann nicht aufh\u00f6ren, \u00fcber sein futuristisches Design nachzudenken - Nachrichten - Stra\u00dfenweb","robots":{"index":"index","follow":"follow","max-snippet":"max-snippet:-1","max-image-preview":"max-image-preview:large","max-video-preview":"max-video-preview:-1"},"canonical":"https:\/\/www.strassenweb.de\/nachrichten\/jennifer-garners-holzkuehlschrank-erfindet-den-unsichtbaren-kuechentrend-vollstaendig-neu-ich-kann-nicht-aufhoeren-ueber-sein-futuristisches-design-nachzudenken\/","og_locale":"de_DE","og_type":"article","og_title":"Jennifer Garners Holzk\u00fchlschrank erfindet den unsichtbaren K\u00fcchentrend vollst\u00e4ndig neu - ich kann nicht aufh\u00f6ren, \u00fcber sein futuristisches Design nachzudenken - Nachrichten - Stra\u00dfenweb","og_description":"Wir alle haben gesehen, wie unbemalt K\u00fcchenschr\u00e4nke einem Raum ein rustikales, nat\u00fcrliches Gef\u00fchl verleihen k\u00f6nnen und so ihren Platz in der Innenausstattung weit \u00fcber die","og_url":"https:\/\/www.strassenweb.de\/nachrichten\/jennifer-garners-holzkuehlschrank-erfindet-den-unsichtbaren-kuechentrend-vollstaendig-neu-ich-kann-nicht-aufhoeren-ueber-sein-futuristisches-design-nachzudenken\/","og_site_name":"Stra\u00dfenweb","article_publisher":"https:\/\/www.facebook.com\/strassenweb\/","article_published_time":"2025-08-17T20:42:24+00:00","article_modified_time":"2025-08-17T20:42:25+00:00","og_image":[{"width":1600,"height":900,"url":"https:\/\/www.strassenweb.de\/nachrichten\/wp-content\/uploads\/2025\/08\/Jennifer-Garners-Holzkuehlschrank-erfindet-den-unsichtbaren-Kuechentrend-vollstaendig-neu.jpg","type":"image\/jpeg"}],"author":"Robert Hoffmann","twitter_card":"summary_large_image","twitter_misc":{"Verfasst von":"Robert Hoffmann","Gesch\u00e4tzte Lesezeit":"2\u00a0Minuten"},"schema":{"@context":"https:\/\/schema.org","@graph":[{"@type":"Article","@id":"https:\/\/www.strassenweb.de\/nachrichten\/jennifer-garners-holzkuehlschrank-erfindet-den-unsichtbaren-kuechentrend-vollstaendig-neu-ich-kann-nicht-aufhoeren-ueber-sein-futuristisches-design-nachzudenken\/#article","isPartOf":{"@id":"https:\/\/www.strassenweb.de\/nachrichten\/jennifer-garners-holzkuehlschrank-erfindet-den-unsichtbaren-kuechentrend-vollstaendig-neu-ich-kann-nicht-aufhoeren-ueber-sein-futuristisches-design-nachzudenken\/"},"author":{"name":"Robert Hoffmann","@id":"https:\/\/www.strassenweb.de\/nachrichten\/#\/schema\/person\/87c9c9067f1211da429a744dc5a5aa41"},"headline":"Jennifer Garners Holzk\u00fchlschrank erfindet den unsichtbaren K\u00fcchentrend vollst\u00e4ndig neu &#8211; ich kann nicht aufh\u00f6ren, \u00fcber sein futuristisches Design nachzudenken","datePublished":"2025-08-17T20:42:24+00:00","dateModified":"2025-08-17T20:42:25+00:00","mainEntityOfPage":{"@id":"https:\/\/www.strassenweb.de\/nachrichten\/jennifer-garners-holzkuehlschrank-erfindet-den-unsichtbaren-kuechentrend-vollstaendig-neu-ich-kann-nicht-aufhoeren-ueber-sein-futuristisches-design-nachzudenken\/"},"wordCount":347,"publisher":{"@id":"https:\/\/www.strassenweb.de\/nachrichten\/#organization"},"image":{"@id":"https:\/\/www.strassenweb.de\/nachrichten\/jennifer-garners-holzkuehlschrank-erfindet-den-unsichtbaren-kuechentrend-vollstaendig-neu-ich-kann-nicht-aufhoeren-ueber-sein-futuristisches-design-nachzudenken\/#primaryimage"},"thumbnailUrl":"https:\/\/www.strassenweb.de\/nachrichten\/wp-content\/uploads\/2025\/08\/Jennifer-Garners-Holzkuehlschrank-erfindet-den-unsichtbaren-Kuechentrend-vollstaendig-neu.jpg","keywords":["aufh\u00f6ren","den","Design","erfindet","futuristisches","Garners","Holzk\u00fchlschrank","ich","Jennifer","kann","K\u00fcchentrend","nachzudenken","neu","nicht","sein","\u00fcber","unsichtbaren","vollst\u00e4ndig"],"articleSection":["Haus &amp; Garten"],"inLanguage":"de"},{"@type":"WebPage","@id":"https:\/\/www.strassenweb.de\/nachrichten\/jennifer-garners-holzkuehlschrank-erfindet-den-unsichtbaren-kuechentrend-vollstaendig-neu-ich-kann-nicht-aufhoeren-ueber-sein-futuristisches-design-nachzudenken\/","url":"https:\/\/www.strassenweb.de\/nachrichten\/jennifer-garners-holzkuehlschrank-erfindet-den-unsichtbaren-kuechentrend-vollstaendig-neu-ich-kann-nicht-aufhoeren-ueber-sein-futuristisches-design-nachzudenken\/","name":"Jennifer Garners Holzk\u00fchlschrank erfindet den unsichtbaren K\u00fcchentrend vollst\u00e4ndig neu - ich kann nicht aufh\u00f6ren, \u00fcber sein futuristisches Design nachzudenken - Nachrichten - Stra\u00dfenweb","isPartOf":{"@id":"https:\/\/www.strassenweb.de\/nachrichten\/#website"},"primaryImageOfPage":{"@id":"https:\/\/www.strassenweb.de\/nachrichten\/jennifer-garners-holzkuehlschrank-erfindet-den-unsichtbaren-kuechentrend-vollstaendig-neu-ich-kann-nicht-aufhoeren-ueber-sein-futuristisches-design-nachzudenken\/#primaryimage"},"image":{"@id":"https:\/\/www.strassenweb.de\/nachrichten\/jennifer-garners-holzkuehlschrank-erfindet-den-unsichtbaren-kuechentrend-vollstaendig-neu-ich-kann-nicht-aufhoeren-ueber-sein-futuristisches-design-nachzudenken\/#primaryimage"},"thumbnailUrl":"https:\/\/www.strassenweb.de\/nachrichten\/wp-content\/uploads\/2025\/08\/Jennifer-Garners-Holzkuehlschrank-erfindet-den-unsichtbaren-Kuechentrend-vollstaendig-neu.jpg","datePublished":"2025-08-17T20:42:24+00:00","dateModified":"2025-08-17T20:42:25+00:00","breadcrumb":{"@id":"https:\/\/www.strassenweb.de\/nachrichten\/jennifer-garners-holzkuehlschrank-erfindet-den-unsichtbaren-kuechentrend-vollstaendig-neu-ich-kann-nicht-aufhoeren-ueber-sein-futuristisches-design-nachzudenken\/#breadcrumb"},"inLanguage":"de","potentialAction":[{"@type":"ReadAction","target":["https:\/\/www.strassenweb.de\/nachrichten\/jennifer-garners-holzkuehlschrank-erfindet-den-unsichtbaren-kuechentrend-vollstaendig-neu-ich-kann-nicht-aufhoeren-ueber-sein-futuristisches-design-nachzudenken\/"]}]},{"@type":"ImageObject","inLanguage":"de","@id":"https:\/\/www.strassenweb.de\/nachrichten\/jennifer-garners-holzkuehlschrank-erfindet-den-unsichtbaren-kuechentrend-vollstaendig-neu-ich-kann-nicht-aufhoeren-ueber-sein-futuristisches-design-nachzudenken\/#primaryimage","url":"https:\/\/www.strassenweb.de\/nachrichten\/wp-content\/uploads\/2025\/08\/Jennifer-Garners-Holzkuehlschrank-erfindet-den-unsichtbaren-Kuechentrend-vollstaendig-neu.jpg","contentUrl":"https:\/\/www.strassenweb.de\/nachrichten\/wp-content\/uploads\/2025\/08\/Jennifer-Garners-Holzkuehlschrank-erfindet-den-unsichtbaren-Kuechentrend-vollstaendig-neu.jpg","width":1600,"height":900,"caption":"jennifer garner at the 2016 Vanity Fair Oscar party"},{"@type":"BreadcrumbList","@id":"https:\/\/www.strassenweb.de\/nachrichten\/jennifer-garners-holzkuehlschrank-erfindet-den-unsichtbaren-kuechentrend-vollstaendig-neu-ich-kann-nicht-aufhoeren-ueber-sein-futuristisches-design-nachzudenken\/#breadcrumb","itemListElement":[{"@type":"ListItem","position":1,"name":"Home","item":"https:\/\/www.strassenweb.de\/nachrichten\/"},{"@type":"ListItem","position":2,"name":"Jennifer Garners Holzk\u00fchlschrank erfindet den unsichtbaren K\u00fcchentrend vollst\u00e4ndig neu &#8211; ich kann nicht aufh\u00f6ren, \u00fcber sein futuristisches Design nachzudenken"}]},{"@type":"WebSite","@id":"https:\/\/www.strassenweb.de\/nachrichten\/#website","url":"https:\/\/www.strassenweb.de\/nachrichten\/","name":"Stra\u00dfenweb","description":"Stra\u00dfenverzeichnis f\u00fcr Deutschland","publisher":{"@id":"https:\/\/www.strassenweb.de\/nachrichten\/#organization"},"potentialAction":[{"@type":"SearchAction","target":{"@type":"EntryPoint","urlTemplate":"https:\/\/www.strassenweb.de\/nachrichten\/?s={search_term_string}"},"query-input":{"@type":"PropertyValueSpecification","valueRequired":true,"valueName":"search_term_string"}}],"inLanguage":"de"},{"@type":"Organization","@id":"https:\/\/www.strassenweb.de\/nachrichten\/#organization","name":"Stra\u00dfenweb","url":"https:\/\/www.strassenweb.de\/nachrichten\/","logo":{"@type":"ImageObject","inLanguage":"de","@id":"https:\/\/www.strassenweb.de\/nachrichten\/#\/schema\/logo\/image\/","url":"https:\/\/www.strassenweb.de\/nachrichten\/wp-content\/uploads\/2024\/09\/cropped-favicon.png","contentUrl":"https:\/\/www.strassenweb.de\/nachrichten\/wp-content\/uploads\/2024\/09\/cropped-favicon.png","width":512,"height":512,"caption":"Stra\u00dfenweb"},"image":{"@id":"https:\/\/www.strassenweb.de\/nachrichten\/#\/schema\/logo\/image\/"},"sameAs":["https:\/\/www.facebook.com\/strassenweb\/"]},{"@type":"Person","@id":"https:\/\/www.strassenweb.de\/nachrichten\/#\/schema\/person\/87c9c9067f1211da429a744dc5a5aa41","name":"Robert Hoffmann","image":{"@type":"ImageObject","inLanguage":"de","@id":"https:\/\/www.strassenweb.de\/nachrichten\/wp-content\/uploads\/2024\/09\/strassenweb-150x150.jpg","url":"https:\/\/www.strassenweb.de\/nachrichten\/wp-content\/uploads\/2024\/09\/strassenweb-150x150.jpg","contentUrl":"https:\/\/www.strassenweb.de\/nachrichten\/wp-content\/uploads\/2024\/09\/strassenweb-150x150.jpg","caption":"Robert Hoffmann"},"description":"Ich hei\u00dfe Robert Hoffmann und ich bin ein leidenschaftlicher Verfechter von \u00d6kologie und Biodiversit\u00e4t. Seit meiner Kindheit in den W\u00e4ldern Bayerns f\u00fchle ich mich mit der Natur verbunden und bin entschlossen, sie zu sch\u00fctzen. Heute widme ich mein Leben der Sensibilisierung anderer f\u00fcr die Bedeutung des Umweltschutzes f\u00fcr zuk\u00fcnftige Generationen.","sameAs":["https:\/\/www.strassenweb.de\/"]}]}},"_links":{"self":[{"href":"https:\/\/www.strassenweb.de\/nachrichten\/wp-json\/wp\/v2\/posts\/7026","targetHints":{"allow":["GET"]}}],"collection":[{"href":"https:\/\/www.strassenweb.de\/nachrichten\/wp-json\/wp\/v2\/posts"}],"about":[{"href":"https:\/\/www.strassenweb.de\/nachrichten\/wp-json\/wp\/v2\/types\/post"}],"author":[{"embeddable":true,"href":"https:\/\/www.strassenweb.de\/nachrichten\/wp-json\/wp\/v2\/users\/1"}],"replies":[{"embeddable":true,"href":"https:\/\/www.strassenweb.de\/nachrichten\/wp-json\/wp\/v2\/comments?post=7026"}],"version-history":[{"count":0,"href":"https:\/\/www.strassenweb.de\/nachrichten\/wp-json\/wp\/v2\/posts\/7026\/revisions"}],"wp:featuredmedia":[{"embeddable":true,"href":"https:\/\/www.strassenweb.de\/nachrichten\/wp-json\/wp\/v2\/media\/7027"}],"wp:attachment":[{"href":"https:\/\/www.strassenweb.de\/nachrichten\/wp-json\/wp\/v2\/media?parent=7026"}],"wp:term":[{"taxonomy":"category","embeddable":true,"href":"https:\/\/www.strassenweb.de\/nachrichten\/wp-json\/wp\/v2\/categories?post=7026"},{"taxonomy":"post_tag","embeddable":true,"href":"https:\/\/www.strassenweb.de\/nachrichten\/wp-json\/wp\/v2\/tags?post=7026"}],"curies":[{"name":"wp","href":"https:\/\/api.w.org\/{rel}","templated":true}]}}