{"id":7014,"date":"2025-08-17T10:42:42","date_gmt":"2025-08-17T08:42:42","guid":{"rendered":"https:\/\/www.strassenweb.de\/nachrichten\/nachdem-ich-kaley-cuocos-schlafzimmer-gesehen-habe-kann-ich-ohne-diesen-statement-stueck-nicht-dekorieren-es-ist-elegant-gemuetlich-und-perfekt\/"},"modified":"2025-08-17T10:42:43","modified_gmt":"2025-08-17T08:42:43","slug":"nachdem-ich-kaley-cuocos-schlafzimmer-gesehen-habe-kann-ich-ohne-diesen-statement-stueck-nicht-dekorieren-es-ist-elegant-gemuetlich-und-perfekt","status":"publish","type":"post","link":"https:\/\/www.strassenweb.de\/nachrichten\/nachdem-ich-kaley-cuocos-schlafzimmer-gesehen-habe-kann-ich-ohne-diesen-statement-stueck-nicht-dekorieren-es-ist-elegant-gemuetlich-und-perfekt\/","title":{"rendered":"Nachdem ich Kaley Cuocos Schlafzimmer gesehen habe, kann ich ohne diesen Statement -St\u00fcck nicht dekorieren &#8211; es ist elegant, gem\u00fctlich und perfekt"},"content":{"rendered":"<p><\/p>\n<div id=\"article-body\" class=\"article__body \">\n<p id=\"81b12900-d165-4a4c-ac82-5059815e2f22\">Ich werde ehrlich sein: Ich bin ein gro\u00dfer Fan von h\u00e4ngenden Kunst in meinem Haus, aber wenn es um das Schlafzimmer geht, war ich mir nicht sicher, wie ich Teile einf\u00fchre, die nahtlos in meinen Raum passen.<\/p>\n<div id=\"ad-unit-1\" class=\"ad-unit\"><\/div>\n<p>Die Dinge \u00e4nderten <em>Urknalltheorie <\/em>Sternbett. Dieses Schlafzimmer ist eine Meisterklasse in der strukturellen Schichtung und verwendet unterschiedliche Materialien, um seine neutrale Farbpalette visuell faszinierend zu halten. Unn\u00f6tig zu erw\u00e4hnen, dass es mir einige neue Kunstideen f\u00fcr neue Schlafzimmer gibt.<\/p>\n<aside data-block-type=\"embed\" data-render-type=\"fte\" data-skip=\"dealsy\" data-widget-type=\"seasonal\" class=\"hawk-base\"><\/aside>\n<p id=\"81b12900-d165-4a4c-ac82-5059815e2f22-2\">W\u00e4hrend Drucke ausgezeichnete Wandkunstoptionen sein k\u00f6nnen, hat Kaleys geschichteter Driftwood, das die Au\u00dfenseite in den Innenr\u00e4umen bringt, etwas entz\u00fcckend exzentrisch, w\u00e4hrend der Raum dynamischer ist.<\/p>\n<div class=\"van_vid_carousel\">\n<div class=\"van_vid_carousel__padding\">\n<div class=\"van_vid_carousel__container\"><\/div>\n<\/div>\n<\/div>\n<div class=\"instagram-embed\" id=\"CeJxS0Yvhjs\">\n<blockquote class=\"instagram-media\" data-instgrm-captioned data-instgrm-version=\"6\" style=\"width:99.375%; width:-webkit-calc(100% - 2px); width:calc(100% - 2px);\">\n<p>Ein Beitrag, der von Jeff Andrews \/ Design (@jeffandrewsdsgn) geteilt wird<\/p>\n<p>Ein Foto von on <\/p>\n<\/blockquote>\n<\/div>\n<h3 class=\"article-body__section\" id=\"section-shop-the-look\"><span>Kaufen Sie den Look ein<\/span><\/h3>\n<div class=\"product-container hero-product-container product-block-no-wrap\">\n<div class=\"product-block-row\"><\/div>\n<div class=\"product-block-row\"><\/div>\n<div class=\"product-block-row\"><\/div>\n<\/div>\n<p id=\"51c18a6f-e695-43cd-8df9-68eaaaeb4786\">Eines der Elemente, die ich am meisten an diesem Wandh\u00e4ngung liebe, ist, wie komplement\u00e4r es f\u00fcr den Rest des Raums ist. Der Raum befasst sich mit warmen Neutralen wie Braun, Greige und Creme, und die Holzstoffe verleiht dem Bereich die perfekte Menge an nat\u00fcrlicher Farbe.<\/p>\n<div id=\"ad-unit-2\" class=\"ad-unit\"><\/div>\n<p>Dar\u00fcber hinaus ist das Holzmaterial der perfekte strukturelle Schwerpunkt, um \u00fcber dem Bett zu h\u00e4ngen. W\u00e4hrend es andere strukturelle Teile des Raumes gibt, wie die geriffelte Kommode, die Pelzdecke und der Kristallleuchter, erzeugt die Schichtung der Holzst\u00fccke ein wirklich befriedigendes Muster an der Wand.<\/p>\n<p>Nachdem dies gesagt wurde, st\u00f6\u00dft es nicht mit der Tapete, die einen \u00c4tzeffekt hat. Da die meisten anderen St\u00fccke in diesem Schlafzimmer entweder matt oder gl\u00e4nzend sind, bietet die illustrative Wandbedeckung in Kombination mit dem von Natur inspirierten H\u00e4ngen die perfekte Menge an visueller Anziehungskraft.<\/p>\n<p>W\u00e4hrend Kaley sich f\u00fcr ein voll rustikales, von Natur inspirierter Look an diesem Wandst\u00fcck h\u00e4tte entscheiden k\u00f6nnen, mag sie, dass sie einige moderne, luxuri\u00f6se Elemente wie die Kristallleuchter, die Marine-Lederbank am Fu\u00df ihres Bettes sowie Gold- und Schwarz-Bett-Tischlampen eingebaut hat. Diese machen den Raum elegant und schick und doch gem\u00fctlich und einladend, wenn sie mit den nat\u00fcrlichen St\u00fccken platziert werden.<\/p>\n<div id=\"slice-container-newsletterForm-articleInbodyContent-SAVsYUMsrxmw6NNmzhHq4i\" class=\"slice-container newsletter-inbodyContent-slice newsletterForm-articleInbodyContent-SAVsYUMsrxmw6NNmzhHq4i slice-container-newsletterForm\"><\/div>\n<p>Ich denke, nat\u00fcrliche Wandbeh\u00e4nge k\u00f6nnen auf so viele verschiedene Arten implementiert werden, sei es durch ein Holzst\u00fcck wie Kaley oder \u00fcber einen geh\u00e4kelten Wandteppich f\u00fcr mehr 70er-Jahre-inspirierte Look. Unabh\u00e4ngig von Ihrem Ansatz hat mir dieser Raum wirklich einige neue Ideen gegeben, wie wir Kunst in das Schlafzimmer einf\u00fchren k\u00f6nnen.<\/p>\n<div class=\"min-h-(270px) mb-4 viafoura-twig-component\" id=\"viafoura-engagement-starter-wrapper\" data-component-name=\"Elk:Embed:EngagementStarter\">\n<div class=\"viafoura\">\n<div>\n<vf-conversation-starter target=\"viafoura-comments\" title=\"What do you think of sculptural bedroom art?\" description=\"Would you add a piece like Kaley's to your bedroom?\" minimum-comment-count=\"1\"><br \/>\n<\/vf-conversation-starter>\n<\/div>\n<\/div>\n<\/div>\n<hr id=\"7aab9af6-ba2d-4109-bf73-94d0f0e4c76f\">\n<\/div>\n<p><script async src=\"\/\/www.instagram.com\/embed.js\"><\/script><\/p>\n","protected":false},"excerpt":{"rendered":"<p>Ich werde ehrlich sein: Ich bin ein gro\u00dfer Fan von h\u00e4ngenden Kunst in meinem Haus, aber wenn es um das Schlafzimmer geht, war ich mir<\/p>\n","protected":false},"author":1,"featured_media":7015,"comment_status":"closed","ping_status":"","sticky":false,"template":"","format":"standard","meta":{"footnotes":""},"categories":[118],"tags":[9459,1126,208,3305,934,1905,823,129,15,9458,781,846,61,65,393,866,1250,4183,37],"class_list":["post-7014","post","type-post","status-publish","format-standard","has-post-thumbnail","hentry","category-haus-garten","tag-cuocos","tag-dekorieren","tag-diesen","tag-elegant","tag-gemuetlich","tag-gesehen","tag-habe","tag-ich","tag-ist","tag-kaley","tag-kann","tag-nachdem","tag-nicht","tag-ohne","tag-perfekt","tag-schlafzimmer","tag-statement","tag-stueck","tag-und","generate-columns","tablet-grid-50","mobile-grid-100","grid-parent","grid-50"],"yoast_head":"<!-- This site is optimized with the Yoast SEO plugin v27.3 - https:\/\/yoast.com\/product\/yoast-seo-wordpress\/ -->\n<title>Nachdem ich Kaley Cuocos Schlafzimmer gesehen habe, kann ich ohne diesen Statement -St\u00fcck nicht dekorieren - es ist elegant, gem\u00fctlich und perfekt - Nachrichten - Stra\u00dfenweb<\/title>\n<meta name=\"robots\" content=\"index, follow, max-snippet:-1, max-image-preview:large, max-video-preview:-1\" \/>\n<link rel=\"canonical\" href=\"https:\/\/www.strassenweb.de\/nachrichten\/nachdem-ich-kaley-cuocos-schlafzimmer-gesehen-habe-kann-ich-ohne-diesen-statement-stueck-nicht-dekorieren-es-ist-elegant-gemuetlich-und-perfekt\/\" \/>\n<meta property=\"og:locale\" content=\"de_DE\" \/>\n<meta property=\"og:type\" content=\"article\" \/>\n<meta property=\"og:title\" content=\"Nachdem ich Kaley Cuocos Schlafzimmer gesehen habe, kann ich ohne diesen Statement -St\u00fcck nicht dekorieren - es ist elegant, gem\u00fctlich und perfekt - Nachrichten - Stra\u00dfenweb\" \/>\n<meta property=\"og:description\" content=\"Ich werde ehrlich sein: Ich bin ein gro\u00dfer Fan von h\u00e4ngenden Kunst in meinem Haus, aber wenn es um das Schlafzimmer geht, war ich mir\" \/>\n<meta property=\"og:url\" content=\"https:\/\/www.strassenweb.de\/nachrichten\/nachdem-ich-kaley-cuocos-schlafzimmer-gesehen-habe-kann-ich-ohne-diesen-statement-stueck-nicht-dekorieren-es-ist-elegant-gemuetlich-und-perfekt\/\" \/>\n<meta property=\"og:site_name\" content=\"Stra\u00dfenweb\" \/>\n<meta property=\"article:publisher\" content=\"https:\/\/www.facebook.com\/strassenweb\/\" \/>\n<meta property=\"article:published_time\" content=\"2025-08-17T08:42:42+00:00\" \/>\n<meta property=\"article:modified_time\" content=\"2025-08-17T08:42:43+00:00\" \/>\n<meta property=\"og:image\" content=\"https:\/\/www.strassenweb.de\/nachrichten\/wp-content\/uploads\/2025\/08\/Nachdem-ich-Kaley-Cuocos-Schlafzimmer-gesehen-habe-kann-ich-ohne.jpg\" \/>\n\t<meta property=\"og:image:width\" content=\"1600\" \/>\n\t<meta property=\"og:image:height\" content=\"900\" \/>\n\t<meta property=\"og:image:type\" content=\"image\/jpeg\" \/>\n<meta name=\"author\" content=\"Robert Hoffmann\" \/>\n<meta name=\"twitter:card\" content=\"summary_large_image\" \/>\n<meta name=\"twitter:label1\" content=\"Verfasst von\" \/>\n\t<meta name=\"twitter:data1\" content=\"Robert Hoffmann\" \/>\n\t<meta name=\"twitter:label2\" content=\"Gesch\u00e4tzte Lesezeit\" \/>\n\t<meta name=\"twitter:data2\" content=\"2\u00a0Minuten\" \/>\n<script type=\"application\/ld+json\" class=\"yoast-schema-graph\">{\"@context\":\"https:\\\/\\\/schema.org\",\"@graph\":[{\"@type\":\"Article\",\"@id\":\"https:\\\/\\\/www.strassenweb.de\\\/nachrichten\\\/nachdem-ich-kaley-cuocos-schlafzimmer-gesehen-habe-kann-ich-ohne-diesen-statement-stueck-nicht-dekorieren-es-ist-elegant-gemuetlich-und-perfekt\\\/#article\",\"isPartOf\":{\"@id\":\"https:\\\/\\\/www.strassenweb.de\\\/nachrichten\\\/nachdem-ich-kaley-cuocos-schlafzimmer-gesehen-habe-kann-ich-ohne-diesen-statement-stueck-nicht-dekorieren-es-ist-elegant-gemuetlich-und-perfekt\\\/\"},\"author\":{\"name\":\"Robert Hoffmann\",\"@id\":\"https:\\\/\\\/www.strassenweb.de\\\/nachrichten\\\/#\\\/schema\\\/person\\\/87c9c9067f1211da429a744dc5a5aa41\"},\"headline\":\"Nachdem ich Kaley Cuocos Schlafzimmer gesehen habe, kann ich ohne diesen Statement -St\u00fcck nicht dekorieren &#8211; es ist elegant, gem\u00fctlich und perfekt\",\"datePublished\":\"2025-08-17T08:42:42+00:00\",\"dateModified\":\"2025-08-17T08:42:43+00:00\",\"mainEntityOfPage\":{\"@id\":\"https:\\\/\\\/www.strassenweb.de\\\/nachrichten\\\/nachdem-ich-kaley-cuocos-schlafzimmer-gesehen-habe-kann-ich-ohne-diesen-statement-stueck-nicht-dekorieren-es-ist-elegant-gemuetlich-und-perfekt\\\/\"},\"wordCount\":429,\"publisher\":{\"@id\":\"https:\\\/\\\/www.strassenweb.de\\\/nachrichten\\\/#organization\"},\"image\":{\"@id\":\"https:\\\/\\\/www.strassenweb.de\\\/nachrichten\\\/nachdem-ich-kaley-cuocos-schlafzimmer-gesehen-habe-kann-ich-ohne-diesen-statement-stueck-nicht-dekorieren-es-ist-elegant-gemuetlich-und-perfekt\\\/#primaryimage\"},\"thumbnailUrl\":\"https:\\\/\\\/www.strassenweb.de\\\/nachrichten\\\/wp-content\\\/uploads\\\/2025\\\/08\\\/Nachdem-ich-Kaley-Cuocos-Schlafzimmer-gesehen-habe-kann-ich-ohne.jpg\",\"keywords\":[\"Cuocos\",\"dekorieren\",\"diesen\",\"elegant\",\"gem\u00fctlich\",\"gesehen\",\"habe\",\"ich\",\"ist\",\"Kaley\",\"kann\",\"nachdem\",\"nicht\",\"ohne\",\"perfekt\",\"Schlafzimmer\",\"Statement\",\"St\u00fcck\",\"und\"],\"articleSection\":[\"Haus &amp; Garten\"],\"inLanguage\":\"de\"},{\"@type\":\"WebPage\",\"@id\":\"https:\\\/\\\/www.strassenweb.de\\\/nachrichten\\\/nachdem-ich-kaley-cuocos-schlafzimmer-gesehen-habe-kann-ich-ohne-diesen-statement-stueck-nicht-dekorieren-es-ist-elegant-gemuetlich-und-perfekt\\\/\",\"url\":\"https:\\\/\\\/www.strassenweb.de\\\/nachrichten\\\/nachdem-ich-kaley-cuocos-schlafzimmer-gesehen-habe-kann-ich-ohne-diesen-statement-stueck-nicht-dekorieren-es-ist-elegant-gemuetlich-und-perfekt\\\/\",\"name\":\"Nachdem ich Kaley Cuocos Schlafzimmer gesehen habe, kann ich ohne diesen Statement -St\u00fcck nicht dekorieren - es ist elegant, gem\u00fctlich und perfekt - Nachrichten - Stra\u00dfenweb\",\"isPartOf\":{\"@id\":\"https:\\\/\\\/www.strassenweb.de\\\/nachrichten\\\/#website\"},\"primaryImageOfPage\":{\"@id\":\"https:\\\/\\\/www.strassenweb.de\\\/nachrichten\\\/nachdem-ich-kaley-cuocos-schlafzimmer-gesehen-habe-kann-ich-ohne-diesen-statement-stueck-nicht-dekorieren-es-ist-elegant-gemuetlich-und-perfekt\\\/#primaryimage\"},\"image\":{\"@id\":\"https:\\\/\\\/www.strassenweb.de\\\/nachrichten\\\/nachdem-ich-kaley-cuocos-schlafzimmer-gesehen-habe-kann-ich-ohne-diesen-statement-stueck-nicht-dekorieren-es-ist-elegant-gemuetlich-und-perfekt\\\/#primaryimage\"},\"thumbnailUrl\":\"https:\\\/\\\/www.strassenweb.de\\\/nachrichten\\\/wp-content\\\/uploads\\\/2025\\\/08\\\/Nachdem-ich-Kaley-Cuocos-Schlafzimmer-gesehen-habe-kann-ich-ohne.jpg\",\"datePublished\":\"2025-08-17T08:42:42+00:00\",\"dateModified\":\"2025-08-17T08:42:43+00:00\",\"breadcrumb\":{\"@id\":\"https:\\\/\\\/www.strassenweb.de\\\/nachrichten\\\/nachdem-ich-kaley-cuocos-schlafzimmer-gesehen-habe-kann-ich-ohne-diesen-statement-stueck-nicht-dekorieren-es-ist-elegant-gemuetlich-und-perfekt\\\/#breadcrumb\"},\"inLanguage\":\"de\",\"potentialAction\":[{\"@type\":\"ReadAction\",\"target\":[\"https:\\\/\\\/www.strassenweb.de\\\/nachrichten\\\/nachdem-ich-kaley-cuocos-schlafzimmer-gesehen-habe-kann-ich-ohne-diesen-statement-stueck-nicht-dekorieren-es-ist-elegant-gemuetlich-und-perfekt\\\/\"]}]},{\"@type\":\"ImageObject\",\"inLanguage\":\"de\",\"@id\":\"https:\\\/\\\/www.strassenweb.de\\\/nachrichten\\\/nachdem-ich-kaley-cuocos-schlafzimmer-gesehen-habe-kann-ich-ohne-diesen-statement-stueck-nicht-dekorieren-es-ist-elegant-gemuetlich-und-perfekt\\\/#primaryimage\",\"url\":\"https:\\\/\\\/www.strassenweb.de\\\/nachrichten\\\/wp-content\\\/uploads\\\/2025\\\/08\\\/Nachdem-ich-Kaley-Cuocos-Schlafzimmer-gesehen-habe-kann-ich-ohne.jpg\",\"contentUrl\":\"https:\\\/\\\/www.strassenweb.de\\\/nachrichten\\\/wp-content\\\/uploads\\\/2025\\\/08\\\/Nachdem-ich-Kaley-Cuocos-Schlafzimmer-gesehen-habe-kann-ich-ohne.jpg\",\"width\":1600,\"height\":900,\"caption\":\"Kaley Cuoco\"},{\"@type\":\"BreadcrumbList\",\"@id\":\"https:\\\/\\\/www.strassenweb.de\\\/nachrichten\\\/nachdem-ich-kaley-cuocos-schlafzimmer-gesehen-habe-kann-ich-ohne-diesen-statement-stueck-nicht-dekorieren-es-ist-elegant-gemuetlich-und-perfekt\\\/#breadcrumb\",\"itemListElement\":[{\"@type\":\"ListItem\",\"position\":1,\"name\":\"Home\",\"item\":\"https:\\\/\\\/www.strassenweb.de\\\/nachrichten\\\/\"},{\"@type\":\"ListItem\",\"position\":2,\"name\":\"Nachdem ich Kaley Cuocos Schlafzimmer gesehen habe, kann ich ohne diesen Statement -St\u00fcck nicht dekorieren &#8211; es ist elegant, gem\u00fctlich und perfekt\"}]},{\"@type\":\"WebSite\",\"@id\":\"https:\\\/\\\/www.strassenweb.de\\\/nachrichten\\\/#website\",\"url\":\"https:\\\/\\\/www.strassenweb.de\\\/nachrichten\\\/\",\"name\":\"Stra\u00dfenweb\",\"description\":\"Stra\u00dfenverzeichnis f\u00fcr Deutschland\",\"publisher\":{\"@id\":\"https:\\\/\\\/www.strassenweb.de\\\/nachrichten\\\/#organization\"},\"potentialAction\":[{\"@type\":\"SearchAction\",\"target\":{\"@type\":\"EntryPoint\",\"urlTemplate\":\"https:\\\/\\\/www.strassenweb.de\\\/nachrichten\\\/?s={search_term_string}\"},\"query-input\":{\"@type\":\"PropertyValueSpecification\",\"valueRequired\":true,\"valueName\":\"search_term_string\"}}],\"inLanguage\":\"de\"},{\"@type\":\"Organization\",\"@id\":\"https:\\\/\\\/www.strassenweb.de\\\/nachrichten\\\/#organization\",\"name\":\"Stra\u00dfenweb\",\"url\":\"https:\\\/\\\/www.strassenweb.de\\\/nachrichten\\\/\",\"logo\":{\"@type\":\"ImageObject\",\"inLanguage\":\"de\",\"@id\":\"https:\\\/\\\/www.strassenweb.de\\\/nachrichten\\\/#\\\/schema\\\/logo\\\/image\\\/\",\"url\":\"https:\\\/\\\/www.strassenweb.de\\\/nachrichten\\\/wp-content\\\/uploads\\\/2024\\\/09\\\/cropped-favicon.png\",\"contentUrl\":\"https:\\\/\\\/www.strassenweb.de\\\/nachrichten\\\/wp-content\\\/uploads\\\/2024\\\/09\\\/cropped-favicon.png\",\"width\":512,\"height\":512,\"caption\":\"Stra\u00dfenweb\"},\"image\":{\"@id\":\"https:\\\/\\\/www.strassenweb.de\\\/nachrichten\\\/#\\\/schema\\\/logo\\\/image\\\/\"},\"sameAs\":[\"https:\\\/\\\/www.facebook.com\\\/strassenweb\\\/\"]},{\"@type\":\"Person\",\"@id\":\"https:\\\/\\\/www.strassenweb.de\\\/nachrichten\\\/#\\\/schema\\\/person\\\/87c9c9067f1211da429a744dc5a5aa41\",\"name\":\"Robert Hoffmann\",\"image\":{\"@type\":\"ImageObject\",\"inLanguage\":\"de\",\"@id\":\"https:\\\/\\\/www.strassenweb.de\\\/nachrichten\\\/wp-content\\\/uploads\\\/2024\\\/09\\\/strassenweb-150x150.jpg\",\"url\":\"https:\\\/\\\/www.strassenweb.de\\\/nachrichten\\\/wp-content\\\/uploads\\\/2024\\\/09\\\/strassenweb-150x150.jpg\",\"contentUrl\":\"https:\\\/\\\/www.strassenweb.de\\\/nachrichten\\\/wp-content\\\/uploads\\\/2024\\\/09\\\/strassenweb-150x150.jpg\",\"caption\":\"Robert Hoffmann\"},\"description\":\"Ich hei\u00dfe Robert Hoffmann und ich bin ein leidenschaftlicher Verfechter von \u00d6kologie und Biodiversit\u00e4t. Seit meiner Kindheit in den W\u00e4ldern Bayerns f\u00fchle ich mich mit der Natur verbunden und bin entschlossen, sie zu sch\u00fctzen. Heute widme ich mein Leben der Sensibilisierung anderer f\u00fcr die Bedeutung des Umweltschutzes f\u00fcr zuk\u00fcnftige Generationen.\",\"sameAs\":[\"https:\\\/\\\/www.strassenweb.de\\\/\"]}]}<\/script>\n<!-- \/ Yoast SEO plugin. -->","yoast_head_json":{"title":"Nachdem ich Kaley Cuocos Schlafzimmer gesehen habe, kann ich ohne diesen Statement -St\u00fcck nicht dekorieren - es ist elegant, gem\u00fctlich und perfekt - Nachrichten - Stra\u00dfenweb","robots":{"index":"index","follow":"follow","max-snippet":"max-snippet:-1","max-image-preview":"max-image-preview:large","max-video-preview":"max-video-preview:-1"},"canonical":"https:\/\/www.strassenweb.de\/nachrichten\/nachdem-ich-kaley-cuocos-schlafzimmer-gesehen-habe-kann-ich-ohne-diesen-statement-stueck-nicht-dekorieren-es-ist-elegant-gemuetlich-und-perfekt\/","og_locale":"de_DE","og_type":"article","og_title":"Nachdem ich Kaley Cuocos Schlafzimmer gesehen habe, kann ich ohne diesen Statement -St\u00fcck nicht dekorieren - es ist elegant, gem\u00fctlich und perfekt - Nachrichten - Stra\u00dfenweb","og_description":"Ich werde ehrlich sein: Ich bin ein gro\u00dfer Fan von h\u00e4ngenden Kunst in meinem Haus, aber wenn es um das Schlafzimmer geht, war ich mir","og_url":"https:\/\/www.strassenweb.de\/nachrichten\/nachdem-ich-kaley-cuocos-schlafzimmer-gesehen-habe-kann-ich-ohne-diesen-statement-stueck-nicht-dekorieren-es-ist-elegant-gemuetlich-und-perfekt\/","og_site_name":"Stra\u00dfenweb","article_publisher":"https:\/\/www.facebook.com\/strassenweb\/","article_published_time":"2025-08-17T08:42:42+00:00","article_modified_time":"2025-08-17T08:42:43+00:00","og_image":[{"width":1600,"height":900,"url":"https:\/\/www.strassenweb.de\/nachrichten\/wp-content\/uploads\/2025\/08\/Nachdem-ich-Kaley-Cuocos-Schlafzimmer-gesehen-habe-kann-ich-ohne.jpg","type":"image\/jpeg"}],"author":"Robert Hoffmann","twitter_card":"summary_large_image","twitter_misc":{"Verfasst von":"Robert Hoffmann","Gesch\u00e4tzte Lesezeit":"2\u00a0Minuten"},"schema":{"@context":"https:\/\/schema.org","@graph":[{"@type":"Article","@id":"https:\/\/www.strassenweb.de\/nachrichten\/nachdem-ich-kaley-cuocos-schlafzimmer-gesehen-habe-kann-ich-ohne-diesen-statement-stueck-nicht-dekorieren-es-ist-elegant-gemuetlich-und-perfekt\/#article","isPartOf":{"@id":"https:\/\/www.strassenweb.de\/nachrichten\/nachdem-ich-kaley-cuocos-schlafzimmer-gesehen-habe-kann-ich-ohne-diesen-statement-stueck-nicht-dekorieren-es-ist-elegant-gemuetlich-und-perfekt\/"},"author":{"name":"Robert Hoffmann","@id":"https:\/\/www.strassenweb.de\/nachrichten\/#\/schema\/person\/87c9c9067f1211da429a744dc5a5aa41"},"headline":"Nachdem ich Kaley Cuocos Schlafzimmer gesehen habe, kann ich ohne diesen Statement -St\u00fcck nicht dekorieren &#8211; es ist elegant, gem\u00fctlich und perfekt","datePublished":"2025-08-17T08:42:42+00:00","dateModified":"2025-08-17T08:42:43+00:00","mainEntityOfPage":{"@id":"https:\/\/www.strassenweb.de\/nachrichten\/nachdem-ich-kaley-cuocos-schlafzimmer-gesehen-habe-kann-ich-ohne-diesen-statement-stueck-nicht-dekorieren-es-ist-elegant-gemuetlich-und-perfekt\/"},"wordCount":429,"publisher":{"@id":"https:\/\/www.strassenweb.de\/nachrichten\/#organization"},"image":{"@id":"https:\/\/www.strassenweb.de\/nachrichten\/nachdem-ich-kaley-cuocos-schlafzimmer-gesehen-habe-kann-ich-ohne-diesen-statement-stueck-nicht-dekorieren-es-ist-elegant-gemuetlich-und-perfekt\/#primaryimage"},"thumbnailUrl":"https:\/\/www.strassenweb.de\/nachrichten\/wp-content\/uploads\/2025\/08\/Nachdem-ich-Kaley-Cuocos-Schlafzimmer-gesehen-habe-kann-ich-ohne.jpg","keywords":["Cuocos","dekorieren","diesen","elegant","gem\u00fctlich","gesehen","habe","ich","ist","Kaley","kann","nachdem","nicht","ohne","perfekt","Schlafzimmer","Statement","St\u00fcck","und"],"articleSection":["Haus &amp; Garten"],"inLanguage":"de"},{"@type":"WebPage","@id":"https:\/\/www.strassenweb.de\/nachrichten\/nachdem-ich-kaley-cuocos-schlafzimmer-gesehen-habe-kann-ich-ohne-diesen-statement-stueck-nicht-dekorieren-es-ist-elegant-gemuetlich-und-perfekt\/","url":"https:\/\/www.strassenweb.de\/nachrichten\/nachdem-ich-kaley-cuocos-schlafzimmer-gesehen-habe-kann-ich-ohne-diesen-statement-stueck-nicht-dekorieren-es-ist-elegant-gemuetlich-und-perfekt\/","name":"Nachdem ich Kaley Cuocos Schlafzimmer gesehen habe, kann ich ohne diesen Statement -St\u00fcck nicht dekorieren - es ist elegant, gem\u00fctlich und perfekt - Nachrichten - Stra\u00dfenweb","isPartOf":{"@id":"https:\/\/www.strassenweb.de\/nachrichten\/#website"},"primaryImageOfPage":{"@id":"https:\/\/www.strassenweb.de\/nachrichten\/nachdem-ich-kaley-cuocos-schlafzimmer-gesehen-habe-kann-ich-ohne-diesen-statement-stueck-nicht-dekorieren-es-ist-elegant-gemuetlich-und-perfekt\/#primaryimage"},"image":{"@id":"https:\/\/www.strassenweb.de\/nachrichten\/nachdem-ich-kaley-cuocos-schlafzimmer-gesehen-habe-kann-ich-ohne-diesen-statement-stueck-nicht-dekorieren-es-ist-elegant-gemuetlich-und-perfekt\/#primaryimage"},"thumbnailUrl":"https:\/\/www.strassenweb.de\/nachrichten\/wp-content\/uploads\/2025\/08\/Nachdem-ich-Kaley-Cuocos-Schlafzimmer-gesehen-habe-kann-ich-ohne.jpg","datePublished":"2025-08-17T08:42:42+00:00","dateModified":"2025-08-17T08:42:43+00:00","breadcrumb":{"@id":"https:\/\/www.strassenweb.de\/nachrichten\/nachdem-ich-kaley-cuocos-schlafzimmer-gesehen-habe-kann-ich-ohne-diesen-statement-stueck-nicht-dekorieren-es-ist-elegant-gemuetlich-und-perfekt\/#breadcrumb"},"inLanguage":"de","potentialAction":[{"@type":"ReadAction","target":["https:\/\/www.strassenweb.de\/nachrichten\/nachdem-ich-kaley-cuocos-schlafzimmer-gesehen-habe-kann-ich-ohne-diesen-statement-stueck-nicht-dekorieren-es-ist-elegant-gemuetlich-und-perfekt\/"]}]},{"@type":"ImageObject","inLanguage":"de","@id":"https:\/\/www.strassenweb.de\/nachrichten\/nachdem-ich-kaley-cuocos-schlafzimmer-gesehen-habe-kann-ich-ohne-diesen-statement-stueck-nicht-dekorieren-es-ist-elegant-gemuetlich-und-perfekt\/#primaryimage","url":"https:\/\/www.strassenweb.de\/nachrichten\/wp-content\/uploads\/2025\/08\/Nachdem-ich-Kaley-Cuocos-Schlafzimmer-gesehen-habe-kann-ich-ohne.jpg","contentUrl":"https:\/\/www.strassenweb.de\/nachrichten\/wp-content\/uploads\/2025\/08\/Nachdem-ich-Kaley-Cuocos-Schlafzimmer-gesehen-habe-kann-ich-ohne.jpg","width":1600,"height":900,"caption":"Kaley Cuoco"},{"@type":"BreadcrumbList","@id":"https:\/\/www.strassenweb.de\/nachrichten\/nachdem-ich-kaley-cuocos-schlafzimmer-gesehen-habe-kann-ich-ohne-diesen-statement-stueck-nicht-dekorieren-es-ist-elegant-gemuetlich-und-perfekt\/#breadcrumb","itemListElement":[{"@type":"ListItem","position":1,"name":"Home","item":"https:\/\/www.strassenweb.de\/nachrichten\/"},{"@type":"ListItem","position":2,"name":"Nachdem ich Kaley Cuocos Schlafzimmer gesehen habe, kann ich ohne diesen Statement -St\u00fcck nicht dekorieren &#8211; es ist elegant, gem\u00fctlich und perfekt"}]},{"@type":"WebSite","@id":"https:\/\/www.strassenweb.de\/nachrichten\/#website","url":"https:\/\/www.strassenweb.de\/nachrichten\/","name":"Stra\u00dfenweb","description":"Stra\u00dfenverzeichnis f\u00fcr Deutschland","publisher":{"@id":"https:\/\/www.strassenweb.de\/nachrichten\/#organization"},"potentialAction":[{"@type":"SearchAction","target":{"@type":"EntryPoint","urlTemplate":"https:\/\/www.strassenweb.de\/nachrichten\/?s={search_term_string}"},"query-input":{"@type":"PropertyValueSpecification","valueRequired":true,"valueName":"search_term_string"}}],"inLanguage":"de"},{"@type":"Organization","@id":"https:\/\/www.strassenweb.de\/nachrichten\/#organization","name":"Stra\u00dfenweb","url":"https:\/\/www.strassenweb.de\/nachrichten\/","logo":{"@type":"ImageObject","inLanguage":"de","@id":"https:\/\/www.strassenweb.de\/nachrichten\/#\/schema\/logo\/image\/","url":"https:\/\/www.strassenweb.de\/nachrichten\/wp-content\/uploads\/2024\/09\/cropped-favicon.png","contentUrl":"https:\/\/www.strassenweb.de\/nachrichten\/wp-content\/uploads\/2024\/09\/cropped-favicon.png","width":512,"height":512,"caption":"Stra\u00dfenweb"},"image":{"@id":"https:\/\/www.strassenweb.de\/nachrichten\/#\/schema\/logo\/image\/"},"sameAs":["https:\/\/www.facebook.com\/strassenweb\/"]},{"@type":"Person","@id":"https:\/\/www.strassenweb.de\/nachrichten\/#\/schema\/person\/87c9c9067f1211da429a744dc5a5aa41","name":"Robert Hoffmann","image":{"@type":"ImageObject","inLanguage":"de","@id":"https:\/\/www.strassenweb.de\/nachrichten\/wp-content\/uploads\/2024\/09\/strassenweb-150x150.jpg","url":"https:\/\/www.strassenweb.de\/nachrichten\/wp-content\/uploads\/2024\/09\/strassenweb-150x150.jpg","contentUrl":"https:\/\/www.strassenweb.de\/nachrichten\/wp-content\/uploads\/2024\/09\/strassenweb-150x150.jpg","caption":"Robert Hoffmann"},"description":"Ich hei\u00dfe Robert Hoffmann und ich bin ein leidenschaftlicher Verfechter von \u00d6kologie und Biodiversit\u00e4t. Seit meiner Kindheit in den W\u00e4ldern Bayerns f\u00fchle ich mich mit der Natur verbunden und bin entschlossen, sie zu sch\u00fctzen. Heute widme ich mein Leben der Sensibilisierung anderer f\u00fcr die Bedeutung des Umweltschutzes f\u00fcr zuk\u00fcnftige Generationen.","sameAs":["https:\/\/www.strassenweb.de\/"]}]}},"_links":{"self":[{"href":"https:\/\/www.strassenweb.de\/nachrichten\/wp-json\/wp\/v2\/posts\/7014","targetHints":{"allow":["GET"]}}],"collection":[{"href":"https:\/\/www.strassenweb.de\/nachrichten\/wp-json\/wp\/v2\/posts"}],"about":[{"href":"https:\/\/www.strassenweb.de\/nachrichten\/wp-json\/wp\/v2\/types\/post"}],"author":[{"embeddable":true,"href":"https:\/\/www.strassenweb.de\/nachrichten\/wp-json\/wp\/v2\/users\/1"}],"replies":[{"embeddable":true,"href":"https:\/\/www.strassenweb.de\/nachrichten\/wp-json\/wp\/v2\/comments?post=7014"}],"version-history":[{"count":0,"href":"https:\/\/www.strassenweb.de\/nachrichten\/wp-json\/wp\/v2\/posts\/7014\/revisions"}],"wp:featuredmedia":[{"embeddable":true,"href":"https:\/\/www.strassenweb.de\/nachrichten\/wp-json\/wp\/v2\/media\/7015"}],"wp:attachment":[{"href":"https:\/\/www.strassenweb.de\/nachrichten\/wp-json\/wp\/v2\/media?parent=7014"}],"wp:term":[{"taxonomy":"category","embeddable":true,"href":"https:\/\/www.strassenweb.de\/nachrichten\/wp-json\/wp\/v2\/categories?post=7014"},{"taxonomy":"post_tag","embeddable":true,"href":"https:\/\/www.strassenweb.de\/nachrichten\/wp-json\/wp\/v2\/tags?post=7014"}],"curies":[{"name":"wp","href":"https:\/\/api.w.org\/{rel}","templated":true}]}}