{"id":6999,"date":"2025-08-16T19:41:33","date_gmt":"2025-08-16T17:41:33","guid":{"rendered":"https:\/\/www.strassenweb.de\/nachrichten\/jason-und-kylie-kelce-vermeiden-den-buecherregal-styling-fehler-der-einen-raum-ruiniert-und-ihre-grauen-regale-der-dove-regale-definieren-chic-neu\/"},"modified":"2025-08-16T19:41:34","modified_gmt":"2025-08-16T17:41:34","slug":"jason-und-kylie-kelce-vermeiden-den-buecherregal-styling-fehler-der-einen-raum-ruiniert-und-ihre-grauen-regale-der-dove-regale-definieren-chic-neu","status":"publish","type":"post","link":"https:\/\/www.strassenweb.de\/nachrichten\/jason-und-kylie-kelce-vermeiden-den-buecherregal-styling-fehler-der-einen-raum-ruiniert-und-ihre-grauen-regale-der-dove-regale-definieren-chic-neu\/","title":{"rendered":"Jason und Kylie Kelce vermeiden den B\u00fccherregal -Styling -Fehler, der einen Raum ruiniert &#8211; und ihre grauen Regale der Dove -Regale definieren Chic neu"},"content":{"rendered":"<p><\/p>\n<div id=\"article-body\" class=\"article__body \">\n<p id=\"94c95285-6226-4789-b7bb-f0a05f4a45bf\">Es wird oft gesagt, dass sich die Lagerung als Designfunktion in Ihrem Wohnzimmer verdienen sollte, und nichts verk\u00f6rpert diese Ideologie wie ein B\u00fccherregal. Oft wenden sich Designer und Prominente in diese Regale, um mutige Farben (insbesondere in neutralen R\u00e4umen) einzuf\u00fchren, und zeigen Gegenst\u00e4nde, die ihnen pers\u00f6nlich anf\u00fchlen &#8211; aber es gibt einen Schl\u00fcssel, um es richtig zu machen.<\/p>\n<div id=\"ad-unit-1\" class=\"ad-unit\"><\/div>\n<p>Zum Gl\u00fcck haben Jason und Kylie Kelce versehentlich die Blaupause eingerichtet. Als sie ihre B\u00fccherregale im grauen Wohnzimmer stylen, vermieden sie einen h\u00e4ufigen Fehler und links den Raum zwischen jedem Objekt, damit ihre Regale atmen k\u00f6nnen. W\u00e4hrend es einige B\u00fccher gibt (die sowohl vertikal als auch horizontal platziert sind), zeigen die Regale dekorative Vasen und Keramik, die sich kuratiert f\u00fchlen, aber nicht \u00fcbertrieben sind.<\/p>\n<aside data-block-type=\"embed\" data-render-type=\"fte\" data-skip=\"dealsy\" data-widget-type=\"seasonal\" class=\"hawk-base\"><\/aside>\n<p id=\"94c95285-6226-4789-b7bb-f0a05f4a45bf-2\">Als Buchliebhaber ist es einfach, Ihre Regale mit so vielen Hardbacks wie m\u00f6glich zu f\u00fcllen (vertrauen Sie mir, ich verstehe). Die Regale des Kelces erinnern uns jedoch daran, wie wirkungsvoll ein gewisses Raum sein kann.<\/p>\n<div class=\"van_vid_carousel\">\n<div class=\"van_vid_carousel__padding\">\n<div class=\"van_vid_carousel__container\"><\/div>\n<\/div>\n<\/div>\n<p>\u00dcberf\u00fcllung ist einer der gr\u00f6\u00dften Fehler, die Sie machen k\u00f6nnen, und es hat einen Einfluss auf Ihr Wohnzimmer als Ganzes. Kehren Sie im Zweifelsfall als perfekter Ausgangspunkt in diesen Raum zur\u00fcck.<\/p>\n<div id=\"ad-unit-2\" class=\"ad-unit\"><\/div>\n<div class=\"instagram-embed\" id=\"DCzN0EKONsd\">\n<blockquote class=\"instagram-media\" data-instgrm-captioned data-instgrm-version=\"6\" style=\"width:99.375%; width:-webkit-calc(100% - 2px); width:calc(100% - 2px);\">\n<p>Ein Beitrag, der nicht bei Kylie Kelce (@nglwithkylie) geteilt wird,<\/p>\n<p>Ein Foto von on <\/p>\n<\/blockquote>\n<\/div>\n<h2 id=\"shop-the-kelce-inspired-bookshelf-styling-edit-3\">Kaufen Sie das von Kelce inspirierte Buchhandels-Styling-Bearbeitung ein<\/h2>\n<div class=\"product-container hero-product-container product-block-no-wrap\">\n<div class=\"product-block-row\"><\/div>\n<div class=\"product-block-row\"><\/div>\n<div class=\"product-block-row\"><\/div>\n<\/div>\n<p id=\"09888201-f2a5-41b2-98b1-827da3e6b13a\">Kylies Regale sind f\u00fcr ein minimalistischeres Display gepr\u00e4gt, aber Designer betonen die Bedeutung dieses Dekorationsstricks.<\/p>\n<p>\u201eDer h\u00e4ufigste Fehler, den die Menschen bei der Organisation ihres B\u00fccherregals machen, ist das Verpacken all ihrer B\u00fccher ohne Platz. Ein bisschen negativer Raum l\u00e4sst sie besser aussehen, etwa ein Viertel des Raums im Regal sollte mit anderen Gegenst\u00e4nden gef\u00fcllt sein, kommentiert Dan Mazzarini, der Direktor und Kreativdirektor bei BHDM.<\/p>\n<p>Um Ihre Regale weiter zu verbessern, empfiehlt Dan, in ein Paar atemberaubender Buchenden zu investieren, \u00e4hnlich wie diese von Mango Onyx-St\u00fccken von Net-a-Porter.<\/p>\n<div id=\"slice-container-newsletterForm-articleInbodyContent-MYRiabrRMqXrARRppHa9aV\" class=\"slice-container newsletter-inbodyContent-slice newsletterForm-articleInbodyContent-MYRiabrRMqXrARRppHa9aV slice-container-newsletterForm\"><\/div>\n<p>&#8222;Ich empfehle, sch\u00f6ne Buchenden, Keramik oder andere Geschenke zu verwenden, die Sie anzeigen m\u00f6chten, um etwas Abwechslung und Dimension hinzuzuf\u00fcgen&#8220;, sagt er.<\/p>\n<p>Wenn die einzige M\u00f6glichkeit besteht, Ihre Regale zu f\u00fcllen, hat er auch einen Trick daf\u00fcr. &#8222;Wenn Sie so viele B\u00fccher haben, dass Sie keine andere Wahl haben, als Ihre Regale zu f\u00fcllen, hat die Farbcodierung den besten Effekt&#8220;, schl\u00e4gt Dan vor. Es ist eine Menge Arbeit, um Code zu f\u00e4rben, aber die Ergebnisse sind wundersch\u00f6n.<\/p>\n<div class=\"min-h-(270px) mb-4 viafoura-twig-component\" id=\"viafoura-engagement-starter-wrapper\" data-component-name=\"Elk:Embed:EngagementStarter\">\n<div class=\"viafoura\">\n<div>\n<vf-conversation-starter target=\"viafoura-comments\" title=\"How do you style your bookshelves?\" minimum-comment-count=\"1\"><br \/>\n<\/vf-conversation-starter>\n<\/div>\n<\/div>\n<\/div>\n<hr id=\"683028c5-be20-4704-98bd-3b64becdde7d\">\n<div class=\"block\" id=\"articleTag\" data-component-name=\"PostArticleLinks\">\n<div class=\"border-b border-b-black border-solid py-2.5 text-black font-bold uppercase\">Themen<\/div>\n<nav class=\"py-2.5 flex gap-2.5 flex-wrap\" data-analytics-id=\"article-tag\">\n<p>Kylie Jenner<br \/>\n<\/nav>\n<\/div>\n<\/div>\n<p><script async src=\"\/\/www.instagram.com\/embed.js\"><\/script><\/p>\n","protected":false},"excerpt":{"rendered":"<p>Es wird oft gesagt, dass sich die Lagerung als Designfunktion in Ihrem Wohnzimmer verdienen sollte, und nichts verk\u00f6rpert diese Ideologie wie ein B\u00fccherregal. Oft wenden<\/p>\n","protected":false},"author":1,"featured_media":7000,"comment_status":"closed","ping_status":"","sticky":false,"template":"","format":"standard","meta":{"footnotes":""},"categories":[118],"tags":[4169,6479,9446,78,81,8477,166,637,4250,225,9444,9445,4079,191,182,2911,7836,3193,37,640],"class_list":["post-6999","post","type-post","status-publish","format-standard","has-post-thumbnail","hentry","category-haus-garten","tag-buecherregal","tag-chic","tag-definieren","tag-den","tag-der","tag-dove","tag-einen","tag-fehler","tag-grauen","tag-ihre","tag-jason","tag-kelce","tag-kylie","tag-neu","tag-raum","tag-regale","tag-ruiniert","tag-styling","tag-und","tag-vermeiden","generate-columns","tablet-grid-50","mobile-grid-100","grid-parent","grid-50"],"yoast_head":"<!-- This site is optimized with the Yoast SEO plugin v27.3 - https:\/\/yoast.com\/product\/yoast-seo-wordpress\/ -->\n<title>Jason und Kylie Kelce vermeiden den B\u00fccherregal -Styling -Fehler, der einen Raum ruiniert - und ihre grauen Regale der Dove -Regale definieren Chic neu - Nachrichten - Stra\u00dfenweb<\/title>\n<meta name=\"robots\" content=\"index, follow, max-snippet:-1, max-image-preview:large, max-video-preview:-1\" \/>\n<link rel=\"canonical\" href=\"https:\/\/www.strassenweb.de\/nachrichten\/jason-und-kylie-kelce-vermeiden-den-buecherregal-styling-fehler-der-einen-raum-ruiniert-und-ihre-grauen-regale-der-dove-regale-definieren-chic-neu\/\" \/>\n<meta property=\"og:locale\" content=\"de_DE\" \/>\n<meta property=\"og:type\" content=\"article\" \/>\n<meta property=\"og:title\" content=\"Jason und Kylie Kelce vermeiden den B\u00fccherregal -Styling -Fehler, der einen Raum ruiniert - und ihre grauen Regale der Dove -Regale definieren Chic neu - Nachrichten - Stra\u00dfenweb\" \/>\n<meta property=\"og:description\" content=\"Es wird oft gesagt, dass sich die Lagerung als Designfunktion in Ihrem Wohnzimmer verdienen sollte, und nichts verk\u00f6rpert diese Ideologie wie ein B\u00fccherregal. Oft wenden\" \/>\n<meta property=\"og:url\" content=\"https:\/\/www.strassenweb.de\/nachrichten\/jason-und-kylie-kelce-vermeiden-den-buecherregal-styling-fehler-der-einen-raum-ruiniert-und-ihre-grauen-regale-der-dove-regale-definieren-chic-neu\/\" \/>\n<meta property=\"og:site_name\" content=\"Stra\u00dfenweb\" \/>\n<meta property=\"article:publisher\" content=\"https:\/\/www.facebook.com\/strassenweb\/\" \/>\n<meta property=\"article:published_time\" content=\"2025-08-16T17:41:33+00:00\" \/>\n<meta property=\"article:modified_time\" content=\"2025-08-16T17:41:34+00:00\" \/>\n<meta property=\"og:image\" content=\"https:\/\/www.strassenweb.de\/nachrichten\/wp-content\/uploads\/2025\/08\/Jason-und-Kylie-Kelce-vermeiden-den-Buecherregal-Styling-Fehler-der.jpg\" \/>\n\t<meta property=\"og:image:width\" content=\"1600\" \/>\n\t<meta property=\"og:image:height\" content=\"900\" \/>\n\t<meta property=\"og:image:type\" content=\"image\/jpeg\" \/>\n<meta name=\"author\" content=\"Robert Hoffmann\" \/>\n<meta name=\"twitter:card\" content=\"summary_large_image\" \/>\n<meta name=\"twitter:label1\" content=\"Verfasst von\" \/>\n\t<meta name=\"twitter:data1\" content=\"Robert Hoffmann\" \/>\n\t<meta name=\"twitter:label2\" content=\"Gesch\u00e4tzte Lesezeit\" \/>\n\t<meta name=\"twitter:data2\" content=\"2\u00a0Minuten\" \/>\n<script type=\"application\/ld+json\" class=\"yoast-schema-graph\">{\"@context\":\"https:\\\/\\\/schema.org\",\"@graph\":[{\"@type\":\"Article\",\"@id\":\"https:\\\/\\\/www.strassenweb.de\\\/nachrichten\\\/jason-und-kylie-kelce-vermeiden-den-buecherregal-styling-fehler-der-einen-raum-ruiniert-und-ihre-grauen-regale-der-dove-regale-definieren-chic-neu\\\/#article\",\"isPartOf\":{\"@id\":\"https:\\\/\\\/www.strassenweb.de\\\/nachrichten\\\/jason-und-kylie-kelce-vermeiden-den-buecherregal-styling-fehler-der-einen-raum-ruiniert-und-ihre-grauen-regale-der-dove-regale-definieren-chic-neu\\\/\"},\"author\":{\"name\":\"Robert Hoffmann\",\"@id\":\"https:\\\/\\\/www.strassenweb.de\\\/nachrichten\\\/#\\\/schema\\\/person\\\/87c9c9067f1211da429a744dc5a5aa41\"},\"headline\":\"Jason und Kylie Kelce vermeiden den B\u00fccherregal -Styling -Fehler, der einen Raum ruiniert &#8211; und ihre grauen Regale der Dove -Regale definieren Chic neu\",\"datePublished\":\"2025-08-16T17:41:33+00:00\",\"dateModified\":\"2025-08-16T17:41:34+00:00\",\"mainEntityOfPage\":{\"@id\":\"https:\\\/\\\/www.strassenweb.de\\\/nachrichten\\\/jason-und-kylie-kelce-vermeiden-den-buecherregal-styling-fehler-der-einen-raum-ruiniert-und-ihre-grauen-regale-der-dove-regale-definieren-chic-neu\\\/\"},\"wordCount\":444,\"publisher\":{\"@id\":\"https:\\\/\\\/www.strassenweb.de\\\/nachrichten\\\/#organization\"},\"image\":{\"@id\":\"https:\\\/\\\/www.strassenweb.de\\\/nachrichten\\\/jason-und-kylie-kelce-vermeiden-den-buecherregal-styling-fehler-der-einen-raum-ruiniert-und-ihre-grauen-regale-der-dove-regale-definieren-chic-neu\\\/#primaryimage\"},\"thumbnailUrl\":\"https:\\\/\\\/www.strassenweb.de\\\/nachrichten\\\/wp-content\\\/uploads\\\/2025\\\/08\\\/Jason-und-Kylie-Kelce-vermeiden-den-Buecherregal-Styling-Fehler-der.jpg\",\"keywords\":[\"B\u00fccherregal\",\"Chic\",\"definieren\",\"den\",\"der\",\"Dove\",\"einen\",\"Fehler\",\"grauen\",\"ihre\",\"Jason\",\"Kelce\",\"Kylie\",\"neu\",\"Raum\",\"Regale\",\"ruiniert\",\"styling\",\"und\",\"vermeiden\"],\"articleSection\":[\"Haus &amp; Garten\"],\"inLanguage\":\"de\"},{\"@type\":\"WebPage\",\"@id\":\"https:\\\/\\\/www.strassenweb.de\\\/nachrichten\\\/jason-und-kylie-kelce-vermeiden-den-buecherregal-styling-fehler-der-einen-raum-ruiniert-und-ihre-grauen-regale-der-dove-regale-definieren-chic-neu\\\/\",\"url\":\"https:\\\/\\\/www.strassenweb.de\\\/nachrichten\\\/jason-und-kylie-kelce-vermeiden-den-buecherregal-styling-fehler-der-einen-raum-ruiniert-und-ihre-grauen-regale-der-dove-regale-definieren-chic-neu\\\/\",\"name\":\"Jason und Kylie Kelce vermeiden den B\u00fccherregal -Styling -Fehler, der einen Raum ruiniert - und ihre grauen Regale der Dove -Regale definieren Chic neu - Nachrichten - Stra\u00dfenweb\",\"isPartOf\":{\"@id\":\"https:\\\/\\\/www.strassenweb.de\\\/nachrichten\\\/#website\"},\"primaryImageOfPage\":{\"@id\":\"https:\\\/\\\/www.strassenweb.de\\\/nachrichten\\\/jason-und-kylie-kelce-vermeiden-den-buecherregal-styling-fehler-der-einen-raum-ruiniert-und-ihre-grauen-regale-der-dove-regale-definieren-chic-neu\\\/#primaryimage\"},\"image\":{\"@id\":\"https:\\\/\\\/www.strassenweb.de\\\/nachrichten\\\/jason-und-kylie-kelce-vermeiden-den-buecherregal-styling-fehler-der-einen-raum-ruiniert-und-ihre-grauen-regale-der-dove-regale-definieren-chic-neu\\\/#primaryimage\"},\"thumbnailUrl\":\"https:\\\/\\\/www.strassenweb.de\\\/nachrichten\\\/wp-content\\\/uploads\\\/2025\\\/08\\\/Jason-und-Kylie-Kelce-vermeiden-den-Buecherregal-Styling-Fehler-der.jpg\",\"datePublished\":\"2025-08-16T17:41:33+00:00\",\"dateModified\":\"2025-08-16T17:41:34+00:00\",\"breadcrumb\":{\"@id\":\"https:\\\/\\\/www.strassenweb.de\\\/nachrichten\\\/jason-und-kylie-kelce-vermeiden-den-buecherregal-styling-fehler-der-einen-raum-ruiniert-und-ihre-grauen-regale-der-dove-regale-definieren-chic-neu\\\/#breadcrumb\"},\"inLanguage\":\"de\",\"potentialAction\":[{\"@type\":\"ReadAction\",\"target\":[\"https:\\\/\\\/www.strassenweb.de\\\/nachrichten\\\/jason-und-kylie-kelce-vermeiden-den-buecherregal-styling-fehler-der-einen-raum-ruiniert-und-ihre-grauen-regale-der-dove-regale-definieren-chic-neu\\\/\"]}]},{\"@type\":\"ImageObject\",\"inLanguage\":\"de\",\"@id\":\"https:\\\/\\\/www.strassenweb.de\\\/nachrichten\\\/jason-und-kylie-kelce-vermeiden-den-buecherregal-styling-fehler-der-einen-raum-ruiniert-und-ihre-grauen-regale-der-dove-regale-definieren-chic-neu\\\/#primaryimage\",\"url\":\"https:\\\/\\\/www.strassenweb.de\\\/nachrichten\\\/wp-content\\\/uploads\\\/2025\\\/08\\\/Jason-und-Kylie-Kelce-vermeiden-den-Buecherregal-Styling-Fehler-der.jpg\",\"contentUrl\":\"https:\\\/\\\/www.strassenweb.de\\\/nachrichten\\\/wp-content\\\/uploads\\\/2025\\\/08\\\/Jason-und-Kylie-Kelce-vermeiden-den-Buecherregal-Styling-Fehler-der.jpg\",\"width\":1600,\"height\":900,\"caption\":\"Jason and Kylie Kelce\"},{\"@type\":\"BreadcrumbList\",\"@id\":\"https:\\\/\\\/www.strassenweb.de\\\/nachrichten\\\/jason-und-kylie-kelce-vermeiden-den-buecherregal-styling-fehler-der-einen-raum-ruiniert-und-ihre-grauen-regale-der-dove-regale-definieren-chic-neu\\\/#breadcrumb\",\"itemListElement\":[{\"@type\":\"ListItem\",\"position\":1,\"name\":\"Home\",\"item\":\"https:\\\/\\\/www.strassenweb.de\\\/nachrichten\\\/\"},{\"@type\":\"ListItem\",\"position\":2,\"name\":\"Jason und Kylie Kelce vermeiden den B\u00fccherregal -Styling -Fehler, der einen Raum ruiniert &#8211; und ihre grauen Regale der Dove -Regale definieren Chic neu\"}]},{\"@type\":\"WebSite\",\"@id\":\"https:\\\/\\\/www.strassenweb.de\\\/nachrichten\\\/#website\",\"url\":\"https:\\\/\\\/www.strassenweb.de\\\/nachrichten\\\/\",\"name\":\"Stra\u00dfenweb\",\"description\":\"Stra\u00dfenverzeichnis f\u00fcr Deutschland\",\"publisher\":{\"@id\":\"https:\\\/\\\/www.strassenweb.de\\\/nachrichten\\\/#organization\"},\"potentialAction\":[{\"@type\":\"SearchAction\",\"target\":{\"@type\":\"EntryPoint\",\"urlTemplate\":\"https:\\\/\\\/www.strassenweb.de\\\/nachrichten\\\/?s={search_term_string}\"},\"query-input\":{\"@type\":\"PropertyValueSpecification\",\"valueRequired\":true,\"valueName\":\"search_term_string\"}}],\"inLanguage\":\"de\"},{\"@type\":\"Organization\",\"@id\":\"https:\\\/\\\/www.strassenweb.de\\\/nachrichten\\\/#organization\",\"name\":\"Stra\u00dfenweb\",\"url\":\"https:\\\/\\\/www.strassenweb.de\\\/nachrichten\\\/\",\"logo\":{\"@type\":\"ImageObject\",\"inLanguage\":\"de\",\"@id\":\"https:\\\/\\\/www.strassenweb.de\\\/nachrichten\\\/#\\\/schema\\\/logo\\\/image\\\/\",\"url\":\"https:\\\/\\\/www.strassenweb.de\\\/nachrichten\\\/wp-content\\\/uploads\\\/2024\\\/09\\\/cropped-favicon.png\",\"contentUrl\":\"https:\\\/\\\/www.strassenweb.de\\\/nachrichten\\\/wp-content\\\/uploads\\\/2024\\\/09\\\/cropped-favicon.png\",\"width\":512,\"height\":512,\"caption\":\"Stra\u00dfenweb\"},\"image\":{\"@id\":\"https:\\\/\\\/www.strassenweb.de\\\/nachrichten\\\/#\\\/schema\\\/logo\\\/image\\\/\"},\"sameAs\":[\"https:\\\/\\\/www.facebook.com\\\/strassenweb\\\/\"]},{\"@type\":\"Person\",\"@id\":\"https:\\\/\\\/www.strassenweb.de\\\/nachrichten\\\/#\\\/schema\\\/person\\\/87c9c9067f1211da429a744dc5a5aa41\",\"name\":\"Robert Hoffmann\",\"image\":{\"@type\":\"ImageObject\",\"inLanguage\":\"de\",\"@id\":\"https:\\\/\\\/www.strassenweb.de\\\/nachrichten\\\/wp-content\\\/uploads\\\/2024\\\/09\\\/strassenweb-150x150.jpg\",\"url\":\"https:\\\/\\\/www.strassenweb.de\\\/nachrichten\\\/wp-content\\\/uploads\\\/2024\\\/09\\\/strassenweb-150x150.jpg\",\"contentUrl\":\"https:\\\/\\\/www.strassenweb.de\\\/nachrichten\\\/wp-content\\\/uploads\\\/2024\\\/09\\\/strassenweb-150x150.jpg\",\"caption\":\"Robert Hoffmann\"},\"description\":\"Ich hei\u00dfe Robert Hoffmann und ich bin ein leidenschaftlicher Verfechter von \u00d6kologie und Biodiversit\u00e4t. Seit meiner Kindheit in den W\u00e4ldern Bayerns f\u00fchle ich mich mit der Natur verbunden und bin entschlossen, sie zu sch\u00fctzen. Heute widme ich mein Leben der Sensibilisierung anderer f\u00fcr die Bedeutung des Umweltschutzes f\u00fcr zuk\u00fcnftige Generationen.\",\"sameAs\":[\"https:\\\/\\\/www.strassenweb.de\\\/\"]}]}<\/script>\n<!-- \/ Yoast SEO plugin. -->","yoast_head_json":{"title":"Jason und Kylie Kelce vermeiden den B\u00fccherregal -Styling -Fehler, der einen Raum ruiniert - und ihre grauen Regale der Dove -Regale definieren Chic neu - Nachrichten - Stra\u00dfenweb","robots":{"index":"index","follow":"follow","max-snippet":"max-snippet:-1","max-image-preview":"max-image-preview:large","max-video-preview":"max-video-preview:-1"},"canonical":"https:\/\/www.strassenweb.de\/nachrichten\/jason-und-kylie-kelce-vermeiden-den-buecherregal-styling-fehler-der-einen-raum-ruiniert-und-ihre-grauen-regale-der-dove-regale-definieren-chic-neu\/","og_locale":"de_DE","og_type":"article","og_title":"Jason und Kylie Kelce vermeiden den B\u00fccherregal -Styling -Fehler, der einen Raum ruiniert - und ihre grauen Regale der Dove -Regale definieren Chic neu - Nachrichten - Stra\u00dfenweb","og_description":"Es wird oft gesagt, dass sich die Lagerung als Designfunktion in Ihrem Wohnzimmer verdienen sollte, und nichts verk\u00f6rpert diese Ideologie wie ein B\u00fccherregal. Oft wenden","og_url":"https:\/\/www.strassenweb.de\/nachrichten\/jason-und-kylie-kelce-vermeiden-den-buecherregal-styling-fehler-der-einen-raum-ruiniert-und-ihre-grauen-regale-der-dove-regale-definieren-chic-neu\/","og_site_name":"Stra\u00dfenweb","article_publisher":"https:\/\/www.facebook.com\/strassenweb\/","article_published_time":"2025-08-16T17:41:33+00:00","article_modified_time":"2025-08-16T17:41:34+00:00","og_image":[{"width":1600,"height":900,"url":"https:\/\/www.strassenweb.de\/nachrichten\/wp-content\/uploads\/2025\/08\/Jason-und-Kylie-Kelce-vermeiden-den-Buecherregal-Styling-Fehler-der.jpg","type":"image\/jpeg"}],"author":"Robert Hoffmann","twitter_card":"summary_large_image","twitter_misc":{"Verfasst von":"Robert Hoffmann","Gesch\u00e4tzte Lesezeit":"2\u00a0Minuten"},"schema":{"@context":"https:\/\/schema.org","@graph":[{"@type":"Article","@id":"https:\/\/www.strassenweb.de\/nachrichten\/jason-und-kylie-kelce-vermeiden-den-buecherregal-styling-fehler-der-einen-raum-ruiniert-und-ihre-grauen-regale-der-dove-regale-definieren-chic-neu\/#article","isPartOf":{"@id":"https:\/\/www.strassenweb.de\/nachrichten\/jason-und-kylie-kelce-vermeiden-den-buecherregal-styling-fehler-der-einen-raum-ruiniert-und-ihre-grauen-regale-der-dove-regale-definieren-chic-neu\/"},"author":{"name":"Robert Hoffmann","@id":"https:\/\/www.strassenweb.de\/nachrichten\/#\/schema\/person\/87c9c9067f1211da429a744dc5a5aa41"},"headline":"Jason und Kylie Kelce vermeiden den B\u00fccherregal -Styling -Fehler, der einen Raum ruiniert &#8211; und ihre grauen Regale der Dove -Regale definieren Chic neu","datePublished":"2025-08-16T17:41:33+00:00","dateModified":"2025-08-16T17:41:34+00:00","mainEntityOfPage":{"@id":"https:\/\/www.strassenweb.de\/nachrichten\/jason-und-kylie-kelce-vermeiden-den-buecherregal-styling-fehler-der-einen-raum-ruiniert-und-ihre-grauen-regale-der-dove-regale-definieren-chic-neu\/"},"wordCount":444,"publisher":{"@id":"https:\/\/www.strassenweb.de\/nachrichten\/#organization"},"image":{"@id":"https:\/\/www.strassenweb.de\/nachrichten\/jason-und-kylie-kelce-vermeiden-den-buecherregal-styling-fehler-der-einen-raum-ruiniert-und-ihre-grauen-regale-der-dove-regale-definieren-chic-neu\/#primaryimage"},"thumbnailUrl":"https:\/\/www.strassenweb.de\/nachrichten\/wp-content\/uploads\/2025\/08\/Jason-und-Kylie-Kelce-vermeiden-den-Buecherregal-Styling-Fehler-der.jpg","keywords":["B\u00fccherregal","Chic","definieren","den","der","Dove","einen","Fehler","grauen","ihre","Jason","Kelce","Kylie","neu","Raum","Regale","ruiniert","styling","und","vermeiden"],"articleSection":["Haus &amp; Garten"],"inLanguage":"de"},{"@type":"WebPage","@id":"https:\/\/www.strassenweb.de\/nachrichten\/jason-und-kylie-kelce-vermeiden-den-buecherregal-styling-fehler-der-einen-raum-ruiniert-und-ihre-grauen-regale-der-dove-regale-definieren-chic-neu\/","url":"https:\/\/www.strassenweb.de\/nachrichten\/jason-und-kylie-kelce-vermeiden-den-buecherregal-styling-fehler-der-einen-raum-ruiniert-und-ihre-grauen-regale-der-dove-regale-definieren-chic-neu\/","name":"Jason und Kylie Kelce vermeiden den B\u00fccherregal -Styling -Fehler, der einen Raum ruiniert - und ihre grauen Regale der Dove -Regale definieren Chic neu - Nachrichten - Stra\u00dfenweb","isPartOf":{"@id":"https:\/\/www.strassenweb.de\/nachrichten\/#website"},"primaryImageOfPage":{"@id":"https:\/\/www.strassenweb.de\/nachrichten\/jason-und-kylie-kelce-vermeiden-den-buecherregal-styling-fehler-der-einen-raum-ruiniert-und-ihre-grauen-regale-der-dove-regale-definieren-chic-neu\/#primaryimage"},"image":{"@id":"https:\/\/www.strassenweb.de\/nachrichten\/jason-und-kylie-kelce-vermeiden-den-buecherregal-styling-fehler-der-einen-raum-ruiniert-und-ihre-grauen-regale-der-dove-regale-definieren-chic-neu\/#primaryimage"},"thumbnailUrl":"https:\/\/www.strassenweb.de\/nachrichten\/wp-content\/uploads\/2025\/08\/Jason-und-Kylie-Kelce-vermeiden-den-Buecherregal-Styling-Fehler-der.jpg","datePublished":"2025-08-16T17:41:33+00:00","dateModified":"2025-08-16T17:41:34+00:00","breadcrumb":{"@id":"https:\/\/www.strassenweb.de\/nachrichten\/jason-und-kylie-kelce-vermeiden-den-buecherregal-styling-fehler-der-einen-raum-ruiniert-und-ihre-grauen-regale-der-dove-regale-definieren-chic-neu\/#breadcrumb"},"inLanguage":"de","potentialAction":[{"@type":"ReadAction","target":["https:\/\/www.strassenweb.de\/nachrichten\/jason-und-kylie-kelce-vermeiden-den-buecherregal-styling-fehler-der-einen-raum-ruiniert-und-ihre-grauen-regale-der-dove-regale-definieren-chic-neu\/"]}]},{"@type":"ImageObject","inLanguage":"de","@id":"https:\/\/www.strassenweb.de\/nachrichten\/jason-und-kylie-kelce-vermeiden-den-buecherregal-styling-fehler-der-einen-raum-ruiniert-und-ihre-grauen-regale-der-dove-regale-definieren-chic-neu\/#primaryimage","url":"https:\/\/www.strassenweb.de\/nachrichten\/wp-content\/uploads\/2025\/08\/Jason-und-Kylie-Kelce-vermeiden-den-Buecherregal-Styling-Fehler-der.jpg","contentUrl":"https:\/\/www.strassenweb.de\/nachrichten\/wp-content\/uploads\/2025\/08\/Jason-und-Kylie-Kelce-vermeiden-den-Buecherregal-Styling-Fehler-der.jpg","width":1600,"height":900,"caption":"Jason and Kylie Kelce"},{"@type":"BreadcrumbList","@id":"https:\/\/www.strassenweb.de\/nachrichten\/jason-und-kylie-kelce-vermeiden-den-buecherregal-styling-fehler-der-einen-raum-ruiniert-und-ihre-grauen-regale-der-dove-regale-definieren-chic-neu\/#breadcrumb","itemListElement":[{"@type":"ListItem","position":1,"name":"Home","item":"https:\/\/www.strassenweb.de\/nachrichten\/"},{"@type":"ListItem","position":2,"name":"Jason und Kylie Kelce vermeiden den B\u00fccherregal -Styling -Fehler, der einen Raum ruiniert &#8211; und ihre grauen Regale der Dove -Regale definieren Chic neu"}]},{"@type":"WebSite","@id":"https:\/\/www.strassenweb.de\/nachrichten\/#website","url":"https:\/\/www.strassenweb.de\/nachrichten\/","name":"Stra\u00dfenweb","description":"Stra\u00dfenverzeichnis f\u00fcr Deutschland","publisher":{"@id":"https:\/\/www.strassenweb.de\/nachrichten\/#organization"},"potentialAction":[{"@type":"SearchAction","target":{"@type":"EntryPoint","urlTemplate":"https:\/\/www.strassenweb.de\/nachrichten\/?s={search_term_string}"},"query-input":{"@type":"PropertyValueSpecification","valueRequired":true,"valueName":"search_term_string"}}],"inLanguage":"de"},{"@type":"Organization","@id":"https:\/\/www.strassenweb.de\/nachrichten\/#organization","name":"Stra\u00dfenweb","url":"https:\/\/www.strassenweb.de\/nachrichten\/","logo":{"@type":"ImageObject","inLanguage":"de","@id":"https:\/\/www.strassenweb.de\/nachrichten\/#\/schema\/logo\/image\/","url":"https:\/\/www.strassenweb.de\/nachrichten\/wp-content\/uploads\/2024\/09\/cropped-favicon.png","contentUrl":"https:\/\/www.strassenweb.de\/nachrichten\/wp-content\/uploads\/2024\/09\/cropped-favicon.png","width":512,"height":512,"caption":"Stra\u00dfenweb"},"image":{"@id":"https:\/\/www.strassenweb.de\/nachrichten\/#\/schema\/logo\/image\/"},"sameAs":["https:\/\/www.facebook.com\/strassenweb\/"]},{"@type":"Person","@id":"https:\/\/www.strassenweb.de\/nachrichten\/#\/schema\/person\/87c9c9067f1211da429a744dc5a5aa41","name":"Robert Hoffmann","image":{"@type":"ImageObject","inLanguage":"de","@id":"https:\/\/www.strassenweb.de\/nachrichten\/wp-content\/uploads\/2024\/09\/strassenweb-150x150.jpg","url":"https:\/\/www.strassenweb.de\/nachrichten\/wp-content\/uploads\/2024\/09\/strassenweb-150x150.jpg","contentUrl":"https:\/\/www.strassenweb.de\/nachrichten\/wp-content\/uploads\/2024\/09\/strassenweb-150x150.jpg","caption":"Robert Hoffmann"},"description":"Ich hei\u00dfe Robert Hoffmann und ich bin ein leidenschaftlicher Verfechter von \u00d6kologie und Biodiversit\u00e4t. Seit meiner Kindheit in den W\u00e4ldern Bayerns f\u00fchle ich mich mit der Natur verbunden und bin entschlossen, sie zu sch\u00fctzen. Heute widme ich mein Leben der Sensibilisierung anderer f\u00fcr die Bedeutung des Umweltschutzes f\u00fcr zuk\u00fcnftige Generationen.","sameAs":["https:\/\/www.strassenweb.de\/"]}]}},"_links":{"self":[{"href":"https:\/\/www.strassenweb.de\/nachrichten\/wp-json\/wp\/v2\/posts\/6999","targetHints":{"allow":["GET"]}}],"collection":[{"href":"https:\/\/www.strassenweb.de\/nachrichten\/wp-json\/wp\/v2\/posts"}],"about":[{"href":"https:\/\/www.strassenweb.de\/nachrichten\/wp-json\/wp\/v2\/types\/post"}],"author":[{"embeddable":true,"href":"https:\/\/www.strassenweb.de\/nachrichten\/wp-json\/wp\/v2\/users\/1"}],"replies":[{"embeddable":true,"href":"https:\/\/www.strassenweb.de\/nachrichten\/wp-json\/wp\/v2\/comments?post=6999"}],"version-history":[{"count":0,"href":"https:\/\/www.strassenweb.de\/nachrichten\/wp-json\/wp\/v2\/posts\/6999\/revisions"}],"wp:featuredmedia":[{"embeddable":true,"href":"https:\/\/www.strassenweb.de\/nachrichten\/wp-json\/wp\/v2\/media\/7000"}],"wp:attachment":[{"href":"https:\/\/www.strassenweb.de\/nachrichten\/wp-json\/wp\/v2\/media?parent=6999"}],"wp:term":[{"taxonomy":"category","embeddable":true,"href":"https:\/\/www.strassenweb.de\/nachrichten\/wp-json\/wp\/v2\/categories?post=6999"},{"taxonomy":"post_tag","embeddable":true,"href":"https:\/\/www.strassenweb.de\/nachrichten\/wp-json\/wp\/v2\/tags?post=6999"}],"curies":[{"name":"wp","href":"https:\/\/api.w.org\/{rel}","templated":true}]}}