{"id":6990,"date":"2025-08-16T15:41:30","date_gmt":"2025-08-16T13:41:30","guid":{"rendered":"https:\/\/www.strassenweb.de\/nachrichten\/lean-to-porch-warum-sie-einen-brauchen\/"},"modified":"2025-08-16T15:41:31","modified_gmt":"2025-08-16T13:41:31","slug":"lean-to-porch-warum-sie-einen-brauchen","status":"publish","type":"post","link":"https:\/\/www.strassenweb.de\/nachrichten\/lean-to-porch-warum-sie-einen-brauchen\/","title":{"rendered":"Lean-to Porch: Warum Sie einen brauchen"},"content":{"rendered":"<div><!--(--><!----><\/p>\n<div class=\"wordpress-paragraph\" style=\"--25ab227a:left;\" data-v-c0f9f52b=\"\">\n<p>Haben Sie sich jemals gew\u00fcnscht, Sie h\u00e4tten mehr Platz vor Ihrem Haus? Irgendwo, um schlammige Stiefel und nasse M\u00e4ntel abzunehmen? Irgendwo nach einem langen und schlammigen Spaziergang den Hund hinunter? Oder einfach etwas, das die \u00c4sthetik Ihres Hauses verbessern wird? Eine Lean-to-Veranda k\u00f6nnte genau das sein, wonach Sie suchen.<\/p>\n<\/div>\n<p><!----><\/p>\n<div class=\"wordpress-paragraph\" style=\"--25ab227a:left;\" data-v-c0f9f52b=\"\">\n<p>Mit einer wundersch\u00f6n gestalteten und gut gebauten Veranda wird die Vorderseite Ihres Grundst\u00fccks zu einem echten Schwerpunkt und sowohl Wert als auch Kerbside-Attraktivit\u00e4t verleihen.<\/p>\n<\/div>\n<p><!----><\/p>\n<div class=\"wordpress-image\">\n<figure class=\"wp-block-image size-large\"><\/figure>\n<\/div>\n<p><!----><\/p>\n<h2>Warum eine Veranda zu Ihrer Immobilie hinzuf\u00fcgen?<\/h2>\n<p><!----><\/p>\n<div class=\"wordpress-paragraph\" style=\"--25ab227a:left;\" data-v-c0f9f52b=\"\">\n<p>Eine gut gebaute und sch\u00f6ne Veranda verbessert nicht nur die Fassade Ihres Hauses, sondern auch Platz und Charakter. Dar\u00fcber hinaus f\u00fcgt eine Veranda eine weitere Ebene der Sicherheit und Isolierung hinzu, wodurch Sie und Ihre Habseligkeiten sicher und warm und Ihr Zuhause organisiert werden. Lassen Sie uns diese Gr\u00fcnde ausf\u00fchrlicher untersuchen.<\/p>\n<\/div>\n<p><!----><\/p>\n<h3>F\u00fcgen Sie zus\u00e4tzlichen Platz und Charakter hinzu<\/h3>\n<p><!----><\/p>\n<div class=\"wordpress-paragraph\" style=\"--25ab227a:left;\" data-v-c0f9f52b=\"\">\n<p>\u00c4hnlich wie bei einem Neig-zu-Konservatorium auf der hinteren \u00c4u\u00dferen Ihres Hauses kann eine magere Veranda die Fassade Ihres Hauses mit einem zus\u00e4tzlichen n\u00fctzlichen Raum verl\u00e4ngern. Eine Veranda kann mit einem Design einladend und attraktiv sein, um Ihr Zuhause einzigartig zu machen. Es spielt keine Rolle, ob sich Ihr Haupteingang auf der Seite oder vorne befindet, eine magere Veranda \u00fcberall. Es gibt viele verschiedene Designoptionen f\u00fcr alle Geschm\u00e4cker und Materialien.<\/p>\n<\/div>\n<p><!----><\/p>\n<h3>Verbessern Sie die Sicherheit mit hochwertigen T\u00fcrm\u00f6beln<\/h3>\n<p><!----><\/p>\n<div class=\"wordpress-paragraph\" style=\"--25ab227a:left;\" data-v-c0f9f52b=\"\">\n<p>Eindringlinge versuchen selten, in sichere H\u00e4user einzudringen. Ein Lean-to-Veranda wird nicht nur eine zus\u00e4tzliche Sicherheitsebene sein, sondern es ist weniger wahrscheinlich, dass ein Eindringling einen Einbruch einschifft. Effektiv m\u00fcssten sie zwei gesperrte Eing\u00e4nge erfolgreich durchbrechen, was nicht nur schwierig ist, sondern auch absto\u00dfend ist.<\/p>\n<\/div>\n<p><!----><\/p>\n<div class=\"wordpress-paragraph\" style=\"--25ab227a:left;\" data-v-c0f9f52b=\"\">\n<p>Um die Dinge noch sicherer zu machen, k\u00f6nnen Sie die T\u00fcrhardware anpassen und qualitativ hochwertige T\u00fcrm\u00f6bel mit dem sichersten Verriegelungssystem und einem starken Schlossschl\u00fcssel ausw\u00e4hlen. Die Auswahl von mindestens einen Sterns-Sperrenzylinder und ein Anti-Pick-Schloss sind auch gro\u00dfartige Ideen.<\/p>\n<\/div>\n<p><!----><\/p>\n<div class=\"wordpress-paragraph\" style=\"--25ab227a:left;\" data-v-c0f9f52b=\"\">\n<p>Mit ausdr\u00fcckten unteren Tiefern gibt es keine M\u00f6glichkeit, dass ein Eindringling sogar versucht, hineinzukommen.<\/p>\n<\/div>\n<p><!----><\/p>\n<h3>Halten Sie Ihren Eingang organisiert und sauber<\/h3>\n<p><!----><\/p>\n<div class=\"wordpress-paragraph\" style=\"--25ab227a:left;\" data-v-c0f9f52b=\"\">\n<p>Es geht nicht nur um eine Au\u00dfenseite mit einer mageren Veranda. Sie erf\u00fcllen auch einen Zweck f\u00fcr das Innere. Dies ist ein idealer Raum f\u00fcr Schuhspeicher und Kleiderhaken. Eine Veranda wird die G\u00e4ste ermutigen, ihre Schuhe zu entfernen, bevor sie in den Hauptteil Ihres Hauses eintreten. Auf diese Weise gelangt kein unn\u00f6tiger Schmutz in die Hauptbereiche und Ihre Zimmer sind leichter sauber.<\/p>\n<\/div>\n<p><!----><\/p>\n<h2>Mageres Veranda Stil und Design<\/h2>\n<p><!----><\/p>\n<div class=\"wordpress-paragraph\" style=\"--25ab227a:left;\" data-v-c0f9f52b=\"\">\n<p>Es gibt so viele Stile zur Auswahl, wenn es um Veranden geht. Sie haben die Auswahl an T\u00fcren, Fenstern und T\u00fcrm\u00f6beln. Sie k\u00f6nnen eine Wandplatte mit Ihrem Hausnamen oder Ihrem Hausnummer hinzuf\u00fcgen und ein optionales Briefkasten haben.<\/p>\n<\/div>\n<p><!----><\/p>\n<div class=\"wordpress-paragraph\" style=\"--25ab227a:left;\" data-v-c0f9f52b=\"\">\n<p>Was die Struktur selbst betrifft, k\u00f6nnen Sie sich aus einer \u00e4sthetischen oder anderen Gr\u00fcnden f\u00fcr ein variables Pitch -Dach entscheiden. Die T\u00fcrpositionierung ist auch etwas, das Sie beeinflussen k\u00f6nnen.<\/p>\n<\/div>\n<p><!----><\/p>\n<div class=\"wordpress-paragraph\" style=\"--25ab227a:left;\" data-v-c0f9f52b=\"\">\n<p>Vergessen Sie die traditionellen Ziegel und M\u00f6rserveranden, heutzutage haben Sie heutzutage so viel mehr Auswahl an Materialien. Egal, ob es sich um eine Veranda oder eine Veranda handelt, hier sind einige Ideen von Funktionen f\u00fcr Inspiration, die Sie in Ihr Veranda -Design einbeziehen k\u00f6nnen:<\/p>\n<\/div>\n<p><!----><!----><!----><\/p>\n<h2>Mach es selbst? W\u00e4hlen Sie das richtige Veranda -Kit<\/h2>\n<p><!----><\/p>\n<div class=\"wordpress-paragraph\" style=\"--25ab227a:left;\" data-v-c0f9f52b=\"\">\n<p>Wenn Sie die Kosten wirklich niedrig halten m\u00f6chten, ist es m\u00f6glich, ein DIY -Veranda -Projekt durchzuf\u00fchren. Es lohnt sich jedoch, zu ber\u00fccksichtigen, dass DIY -Veranden nur versucht werden sollten, wenn Sie ein grundlegendes Hintergrundwissen in der Konstruktion haben. Ansonsten ist es viel besser, die Experten anzurufen!<\/p>\n<\/div>\n<p><!----><\/p>\n<div class=\"wordpress-paragraph\" style=\"--25ab227a:left;\" data-v-c0f9f52b=\"\">\n<p>DIY -Veranden brauchen viel Gedanken und Planung. Sie m\u00fcssen sicherstellen, dass Sie genau wissen, was Ihre genauen Spezifikationen sind, da es viele Veranda -Kits gibt. Es ist unwahrscheinlich, dass Sie selbst eine UPVC -Veranda bauen k\u00f6nnen, aber es gibt Kits, die f\u00fcr ein DIY -Projekt geeignet sind.<\/p>\n<\/div>\n<p><!----><\/p>\n<div class=\"wordpress-paragraph\" style=\"--25ab227a:left;\" data-v-c0f9f52b=\"\">\n<p>Hier sind einige Dinge zu beachten:<\/p>\n<\/div>\n<p><!----><!----><!----><\/p>\n<div class=\"wordpress-paragraph\" style=\"--25ab227a:left;\" data-v-c0f9f52b=\"\">\n<p>Wenn Sie eine ma\u00dfgeschneiderte Veranda ausw\u00e4hlen, sollten Sie einen Installationshandbuch mit Informationen erhalten, in denen Sie technische Unterst\u00fctzung f\u00fcr eine einfache Montage erhalten k\u00f6nnen. Denken Sie daran, dass Leer-to-Veranden keine Baugenehmigung ben\u00f6tigen, da sie eine erlaubte Entwicklung sind. Das ist also weniger zu bef\u00fcrchten!<\/p>\n<\/div>\n<p><!----><\/p>\n<h2>Letzte Gedanken<\/h2>\n<p><!----><\/p>\n<div class=\"wordpress-paragraph\" style=\"--25ab227a:left;\" data-v-c0f9f52b=\"\">\n<p>Der Aufbau einer neuen Veranda ist eine aufregende Aussicht, und wie alle neuen Erg\u00e4nzungen ist die Preisspanne breit. Wenn Sie viele verschiedene Zitate erhalten, k\u00f6nnen Sie entscheiden, wen Sie Ihre Veranda liefern m\u00f6chten. F\u00fcllen Sie ein Online -Formular aus, um weitere Informationen dar\u00fcber zu erhalten, was verf\u00fcgbar ist. Seien Sie versichert, dass es immer ein Design geben wird, das Ihren Anforderungen entspricht!<\/p>\n<\/div>\n<p><!--)--><\/div>\n","protected":false},"excerpt":{"rendered":"<p>Haben Sie sich jemals gew\u00fcnscht, Sie h\u00e4tten mehr Platz vor Ihrem Haus? Irgendwo, um schlammige Stiefel und nasse M\u00e4ntel abzunehmen? Irgendwo nach einem langen und<\/p>\n","protected":false},"author":1,"featured_media":6991,"comment_status":"closed","ping_status":"","sticky":false,"template":"","format":"standard","meta":{"footnotes":""},"categories":[87],"tags":[822,166,9434,8951,165,744],"class_list":["post-6990","post","type-post","status-publish","format-standard","has-post-thumbnail","hentry","category-energie","tag-brauchen","tag-einen","tag-leanto","tag-porch","tag-sie","tag-warum","generate-columns","tablet-grid-50","mobile-grid-100","grid-parent","grid-50"],"yoast_head":"<!-- This site is optimized with the Yoast SEO plugin v27.3 - https:\/\/yoast.com\/product\/yoast-seo-wordpress\/ -->\n<title>Lean-to Porch: Warum Sie einen brauchen - Nachrichten - Stra\u00dfenweb<\/title>\n<meta name=\"robots\" content=\"index, follow, max-snippet:-1, max-image-preview:large, max-video-preview:-1\" \/>\n<link rel=\"canonical\" href=\"https:\/\/www.strassenweb.de\/nachrichten\/lean-to-porch-warum-sie-einen-brauchen\/\" \/>\n<meta property=\"og:locale\" content=\"de_DE\" \/>\n<meta property=\"og:type\" content=\"article\" \/>\n<meta property=\"og:title\" content=\"Lean-to Porch: Warum Sie einen brauchen - Nachrichten - Stra\u00dfenweb\" \/>\n<meta property=\"og:description\" content=\"Haben Sie sich jemals gew\u00fcnscht, Sie h\u00e4tten mehr Platz vor Ihrem Haus? Irgendwo, um schlammige Stiefel und nasse M\u00e4ntel abzunehmen? Irgendwo nach einem langen und\" \/>\n<meta property=\"og:url\" content=\"https:\/\/www.strassenweb.de\/nachrichten\/lean-to-porch-warum-sie-einen-brauchen\/\" \/>\n<meta property=\"og:site_name\" content=\"Stra\u00dfenweb\" \/>\n<meta property=\"article:publisher\" content=\"https:\/\/www.facebook.com\/strassenweb\/\" \/>\n<meta property=\"article:published_time\" content=\"2025-08-16T13:41:30+00:00\" \/>\n<meta property=\"article:modified_time\" content=\"2025-08-16T13:41:31+00:00\" \/>\n<meta property=\"og:image\" content=\"https:\/\/www.strassenweb.de\/nachrichten\/wp-content\/uploads\/2025\/08\/1755351690_Lean-to-Porch-Warum-Sie-einen-brauchen.jpg\" \/>\n\t<meta property=\"og:image:width\" content=\"2000\" \/>\n\t<meta property=\"og:image:height\" content=\"1291\" \/>\n\t<meta property=\"og:image:type\" content=\"image\/jpeg\" \/>\n<meta name=\"author\" content=\"Robert Hoffmann\" \/>\n<meta name=\"twitter:card\" content=\"summary_large_image\" \/>\n<meta name=\"twitter:label1\" content=\"Verfasst von\" \/>\n\t<meta name=\"twitter:data1\" content=\"Robert Hoffmann\" \/>\n\t<meta name=\"twitter:label2\" content=\"Gesch\u00e4tzte Lesezeit\" \/>\n\t<meta name=\"twitter:data2\" content=\"4\u00a0Minuten\" \/>\n<script type=\"application\/ld+json\" class=\"yoast-schema-graph\">{\"@context\":\"https:\\\/\\\/schema.org\",\"@graph\":[{\"@type\":\"Article\",\"@id\":\"https:\\\/\\\/www.strassenweb.de\\\/nachrichten\\\/lean-to-porch-warum-sie-einen-brauchen\\\/#article\",\"isPartOf\":{\"@id\":\"https:\\\/\\\/www.strassenweb.de\\\/nachrichten\\\/lean-to-porch-warum-sie-einen-brauchen\\\/\"},\"author\":{\"name\":\"Robert Hoffmann\",\"@id\":\"https:\\\/\\\/www.strassenweb.de\\\/nachrichten\\\/#\\\/schema\\\/person\\\/87c9c9067f1211da429a744dc5a5aa41\"},\"headline\":\"Lean-to Porch: Warum Sie einen brauchen\",\"datePublished\":\"2025-08-16T13:41:30+00:00\",\"dateModified\":\"2025-08-16T13:41:31+00:00\",\"mainEntityOfPage\":{\"@id\":\"https:\\\/\\\/www.strassenweb.de\\\/nachrichten\\\/lean-to-porch-warum-sie-einen-brauchen\\\/\"},\"wordCount\":793,\"publisher\":{\"@id\":\"https:\\\/\\\/www.strassenweb.de\\\/nachrichten\\\/#organization\"},\"image\":{\"@id\":\"https:\\\/\\\/www.strassenweb.de\\\/nachrichten\\\/lean-to-porch-warum-sie-einen-brauchen\\\/#primaryimage\"},\"thumbnailUrl\":\"https:\\\/\\\/www.strassenweb.de\\\/nachrichten\\\/wp-content\\\/uploads\\\/2025\\\/08\\\/1755351690_Lean-to-Porch-Warum-Sie-einen-brauchen.jpg\",\"keywords\":[\"brauchen\",\"einen\",\"Leanto\",\"Porch\",\"Sie\",\"warum\"],\"articleSection\":[\"Energie\"],\"inLanguage\":\"de\"},{\"@type\":\"WebPage\",\"@id\":\"https:\\\/\\\/www.strassenweb.de\\\/nachrichten\\\/lean-to-porch-warum-sie-einen-brauchen\\\/\",\"url\":\"https:\\\/\\\/www.strassenweb.de\\\/nachrichten\\\/lean-to-porch-warum-sie-einen-brauchen\\\/\",\"name\":\"Lean-to Porch: Warum Sie einen brauchen - Nachrichten - Stra\u00dfenweb\",\"isPartOf\":{\"@id\":\"https:\\\/\\\/www.strassenweb.de\\\/nachrichten\\\/#website\"},\"primaryImageOfPage\":{\"@id\":\"https:\\\/\\\/www.strassenweb.de\\\/nachrichten\\\/lean-to-porch-warum-sie-einen-brauchen\\\/#primaryimage\"},\"image\":{\"@id\":\"https:\\\/\\\/www.strassenweb.de\\\/nachrichten\\\/lean-to-porch-warum-sie-einen-brauchen\\\/#primaryimage\"},\"thumbnailUrl\":\"https:\\\/\\\/www.strassenweb.de\\\/nachrichten\\\/wp-content\\\/uploads\\\/2025\\\/08\\\/1755351690_Lean-to-Porch-Warum-Sie-einen-brauchen.jpg\",\"datePublished\":\"2025-08-16T13:41:30+00:00\",\"dateModified\":\"2025-08-16T13:41:31+00:00\",\"breadcrumb\":{\"@id\":\"https:\\\/\\\/www.strassenweb.de\\\/nachrichten\\\/lean-to-porch-warum-sie-einen-brauchen\\\/#breadcrumb\"},\"inLanguage\":\"de\",\"potentialAction\":[{\"@type\":\"ReadAction\",\"target\":[\"https:\\\/\\\/www.strassenweb.de\\\/nachrichten\\\/lean-to-porch-warum-sie-einen-brauchen\\\/\"]}]},{\"@type\":\"ImageObject\",\"inLanguage\":\"de\",\"@id\":\"https:\\\/\\\/www.strassenweb.de\\\/nachrichten\\\/lean-to-porch-warum-sie-einen-brauchen\\\/#primaryimage\",\"url\":\"https:\\\/\\\/www.strassenweb.de\\\/nachrichten\\\/wp-content\\\/uploads\\\/2025\\\/08\\\/1755351690_Lean-to-Porch-Warum-Sie-einen-brauchen.jpg\",\"contentUrl\":\"https:\\\/\\\/www.strassenweb.de\\\/nachrichten\\\/wp-content\\\/uploads\\\/2025\\\/08\\\/1755351690_Lean-to-Porch-Warum-Sie-einen-brauchen.jpg\",\"width\":2000,\"height\":1291,\"caption\":\"Lean-to Porch: Warum Sie einen brauchen\"},{\"@type\":\"BreadcrumbList\",\"@id\":\"https:\\\/\\\/www.strassenweb.de\\\/nachrichten\\\/lean-to-porch-warum-sie-einen-brauchen\\\/#breadcrumb\",\"itemListElement\":[{\"@type\":\"ListItem\",\"position\":1,\"name\":\"Home\",\"item\":\"https:\\\/\\\/www.strassenweb.de\\\/nachrichten\\\/\"},{\"@type\":\"ListItem\",\"position\":2,\"name\":\"Lean-to Porch: Warum Sie einen brauchen\"}]},{\"@type\":\"WebSite\",\"@id\":\"https:\\\/\\\/www.strassenweb.de\\\/nachrichten\\\/#website\",\"url\":\"https:\\\/\\\/www.strassenweb.de\\\/nachrichten\\\/\",\"name\":\"Stra\u00dfenweb\",\"description\":\"Stra\u00dfenverzeichnis f\u00fcr Deutschland\",\"publisher\":{\"@id\":\"https:\\\/\\\/www.strassenweb.de\\\/nachrichten\\\/#organization\"},\"potentialAction\":[{\"@type\":\"SearchAction\",\"target\":{\"@type\":\"EntryPoint\",\"urlTemplate\":\"https:\\\/\\\/www.strassenweb.de\\\/nachrichten\\\/?s={search_term_string}\"},\"query-input\":{\"@type\":\"PropertyValueSpecification\",\"valueRequired\":true,\"valueName\":\"search_term_string\"}}],\"inLanguage\":\"de\"},{\"@type\":\"Organization\",\"@id\":\"https:\\\/\\\/www.strassenweb.de\\\/nachrichten\\\/#organization\",\"name\":\"Stra\u00dfenweb\",\"url\":\"https:\\\/\\\/www.strassenweb.de\\\/nachrichten\\\/\",\"logo\":{\"@type\":\"ImageObject\",\"inLanguage\":\"de\",\"@id\":\"https:\\\/\\\/www.strassenweb.de\\\/nachrichten\\\/#\\\/schema\\\/logo\\\/image\\\/\",\"url\":\"https:\\\/\\\/www.strassenweb.de\\\/nachrichten\\\/wp-content\\\/uploads\\\/2024\\\/09\\\/cropped-favicon.png\",\"contentUrl\":\"https:\\\/\\\/www.strassenweb.de\\\/nachrichten\\\/wp-content\\\/uploads\\\/2024\\\/09\\\/cropped-favicon.png\",\"width\":512,\"height\":512,\"caption\":\"Stra\u00dfenweb\"},\"image\":{\"@id\":\"https:\\\/\\\/www.strassenweb.de\\\/nachrichten\\\/#\\\/schema\\\/logo\\\/image\\\/\"},\"sameAs\":[\"https:\\\/\\\/www.facebook.com\\\/strassenweb\\\/\"]},{\"@type\":\"Person\",\"@id\":\"https:\\\/\\\/www.strassenweb.de\\\/nachrichten\\\/#\\\/schema\\\/person\\\/87c9c9067f1211da429a744dc5a5aa41\",\"name\":\"Robert Hoffmann\",\"image\":{\"@type\":\"ImageObject\",\"inLanguage\":\"de\",\"@id\":\"https:\\\/\\\/www.strassenweb.de\\\/nachrichten\\\/wp-content\\\/uploads\\\/2024\\\/09\\\/strassenweb-150x150.jpg\",\"url\":\"https:\\\/\\\/www.strassenweb.de\\\/nachrichten\\\/wp-content\\\/uploads\\\/2024\\\/09\\\/strassenweb-150x150.jpg\",\"contentUrl\":\"https:\\\/\\\/www.strassenweb.de\\\/nachrichten\\\/wp-content\\\/uploads\\\/2024\\\/09\\\/strassenweb-150x150.jpg\",\"caption\":\"Robert Hoffmann\"},\"description\":\"Ich hei\u00dfe Robert Hoffmann und ich bin ein leidenschaftlicher Verfechter von \u00d6kologie und Biodiversit\u00e4t. Seit meiner Kindheit in den W\u00e4ldern Bayerns f\u00fchle ich mich mit der Natur verbunden und bin entschlossen, sie zu sch\u00fctzen. Heute widme ich mein Leben der Sensibilisierung anderer f\u00fcr die Bedeutung des Umweltschutzes f\u00fcr zuk\u00fcnftige Generationen.\",\"sameAs\":[\"https:\\\/\\\/www.strassenweb.de\\\/\"]}]}<\/script>\n<!-- \/ Yoast SEO plugin. -->","yoast_head_json":{"title":"Lean-to Porch: Warum Sie einen brauchen - Nachrichten - Stra\u00dfenweb","robots":{"index":"index","follow":"follow","max-snippet":"max-snippet:-1","max-image-preview":"max-image-preview:large","max-video-preview":"max-video-preview:-1"},"canonical":"https:\/\/www.strassenweb.de\/nachrichten\/lean-to-porch-warum-sie-einen-brauchen\/","og_locale":"de_DE","og_type":"article","og_title":"Lean-to Porch: Warum Sie einen brauchen - Nachrichten - Stra\u00dfenweb","og_description":"Haben Sie sich jemals gew\u00fcnscht, Sie h\u00e4tten mehr Platz vor Ihrem Haus? Irgendwo, um schlammige Stiefel und nasse M\u00e4ntel abzunehmen? Irgendwo nach einem langen und","og_url":"https:\/\/www.strassenweb.de\/nachrichten\/lean-to-porch-warum-sie-einen-brauchen\/","og_site_name":"Stra\u00dfenweb","article_publisher":"https:\/\/www.facebook.com\/strassenweb\/","article_published_time":"2025-08-16T13:41:30+00:00","article_modified_time":"2025-08-16T13:41:31+00:00","og_image":[{"width":2000,"height":1291,"url":"https:\/\/www.strassenweb.de\/nachrichten\/wp-content\/uploads\/2025\/08\/1755351690_Lean-to-Porch-Warum-Sie-einen-brauchen.jpg","type":"image\/jpeg"}],"author":"Robert Hoffmann","twitter_card":"summary_large_image","twitter_misc":{"Verfasst von":"Robert Hoffmann","Gesch\u00e4tzte Lesezeit":"4\u00a0Minuten"},"schema":{"@context":"https:\/\/schema.org","@graph":[{"@type":"Article","@id":"https:\/\/www.strassenweb.de\/nachrichten\/lean-to-porch-warum-sie-einen-brauchen\/#article","isPartOf":{"@id":"https:\/\/www.strassenweb.de\/nachrichten\/lean-to-porch-warum-sie-einen-brauchen\/"},"author":{"name":"Robert Hoffmann","@id":"https:\/\/www.strassenweb.de\/nachrichten\/#\/schema\/person\/87c9c9067f1211da429a744dc5a5aa41"},"headline":"Lean-to Porch: Warum Sie einen brauchen","datePublished":"2025-08-16T13:41:30+00:00","dateModified":"2025-08-16T13:41:31+00:00","mainEntityOfPage":{"@id":"https:\/\/www.strassenweb.de\/nachrichten\/lean-to-porch-warum-sie-einen-brauchen\/"},"wordCount":793,"publisher":{"@id":"https:\/\/www.strassenweb.de\/nachrichten\/#organization"},"image":{"@id":"https:\/\/www.strassenweb.de\/nachrichten\/lean-to-porch-warum-sie-einen-brauchen\/#primaryimage"},"thumbnailUrl":"https:\/\/www.strassenweb.de\/nachrichten\/wp-content\/uploads\/2025\/08\/1755351690_Lean-to-Porch-Warum-Sie-einen-brauchen.jpg","keywords":["brauchen","einen","Leanto","Porch","Sie","warum"],"articleSection":["Energie"],"inLanguage":"de"},{"@type":"WebPage","@id":"https:\/\/www.strassenweb.de\/nachrichten\/lean-to-porch-warum-sie-einen-brauchen\/","url":"https:\/\/www.strassenweb.de\/nachrichten\/lean-to-porch-warum-sie-einen-brauchen\/","name":"Lean-to Porch: Warum Sie einen brauchen - Nachrichten - Stra\u00dfenweb","isPartOf":{"@id":"https:\/\/www.strassenweb.de\/nachrichten\/#website"},"primaryImageOfPage":{"@id":"https:\/\/www.strassenweb.de\/nachrichten\/lean-to-porch-warum-sie-einen-brauchen\/#primaryimage"},"image":{"@id":"https:\/\/www.strassenweb.de\/nachrichten\/lean-to-porch-warum-sie-einen-brauchen\/#primaryimage"},"thumbnailUrl":"https:\/\/www.strassenweb.de\/nachrichten\/wp-content\/uploads\/2025\/08\/1755351690_Lean-to-Porch-Warum-Sie-einen-brauchen.jpg","datePublished":"2025-08-16T13:41:30+00:00","dateModified":"2025-08-16T13:41:31+00:00","breadcrumb":{"@id":"https:\/\/www.strassenweb.de\/nachrichten\/lean-to-porch-warum-sie-einen-brauchen\/#breadcrumb"},"inLanguage":"de","potentialAction":[{"@type":"ReadAction","target":["https:\/\/www.strassenweb.de\/nachrichten\/lean-to-porch-warum-sie-einen-brauchen\/"]}]},{"@type":"ImageObject","inLanguage":"de","@id":"https:\/\/www.strassenweb.de\/nachrichten\/lean-to-porch-warum-sie-einen-brauchen\/#primaryimage","url":"https:\/\/www.strassenweb.de\/nachrichten\/wp-content\/uploads\/2025\/08\/1755351690_Lean-to-Porch-Warum-Sie-einen-brauchen.jpg","contentUrl":"https:\/\/www.strassenweb.de\/nachrichten\/wp-content\/uploads\/2025\/08\/1755351690_Lean-to-Porch-Warum-Sie-einen-brauchen.jpg","width":2000,"height":1291,"caption":"Lean-to Porch: Warum Sie einen brauchen"},{"@type":"BreadcrumbList","@id":"https:\/\/www.strassenweb.de\/nachrichten\/lean-to-porch-warum-sie-einen-brauchen\/#breadcrumb","itemListElement":[{"@type":"ListItem","position":1,"name":"Home","item":"https:\/\/www.strassenweb.de\/nachrichten\/"},{"@type":"ListItem","position":2,"name":"Lean-to Porch: Warum Sie einen brauchen"}]},{"@type":"WebSite","@id":"https:\/\/www.strassenweb.de\/nachrichten\/#website","url":"https:\/\/www.strassenweb.de\/nachrichten\/","name":"Stra\u00dfenweb","description":"Stra\u00dfenverzeichnis f\u00fcr Deutschland","publisher":{"@id":"https:\/\/www.strassenweb.de\/nachrichten\/#organization"},"potentialAction":[{"@type":"SearchAction","target":{"@type":"EntryPoint","urlTemplate":"https:\/\/www.strassenweb.de\/nachrichten\/?s={search_term_string}"},"query-input":{"@type":"PropertyValueSpecification","valueRequired":true,"valueName":"search_term_string"}}],"inLanguage":"de"},{"@type":"Organization","@id":"https:\/\/www.strassenweb.de\/nachrichten\/#organization","name":"Stra\u00dfenweb","url":"https:\/\/www.strassenweb.de\/nachrichten\/","logo":{"@type":"ImageObject","inLanguage":"de","@id":"https:\/\/www.strassenweb.de\/nachrichten\/#\/schema\/logo\/image\/","url":"https:\/\/www.strassenweb.de\/nachrichten\/wp-content\/uploads\/2024\/09\/cropped-favicon.png","contentUrl":"https:\/\/www.strassenweb.de\/nachrichten\/wp-content\/uploads\/2024\/09\/cropped-favicon.png","width":512,"height":512,"caption":"Stra\u00dfenweb"},"image":{"@id":"https:\/\/www.strassenweb.de\/nachrichten\/#\/schema\/logo\/image\/"},"sameAs":["https:\/\/www.facebook.com\/strassenweb\/"]},{"@type":"Person","@id":"https:\/\/www.strassenweb.de\/nachrichten\/#\/schema\/person\/87c9c9067f1211da429a744dc5a5aa41","name":"Robert Hoffmann","image":{"@type":"ImageObject","inLanguage":"de","@id":"https:\/\/www.strassenweb.de\/nachrichten\/wp-content\/uploads\/2024\/09\/strassenweb-150x150.jpg","url":"https:\/\/www.strassenweb.de\/nachrichten\/wp-content\/uploads\/2024\/09\/strassenweb-150x150.jpg","contentUrl":"https:\/\/www.strassenweb.de\/nachrichten\/wp-content\/uploads\/2024\/09\/strassenweb-150x150.jpg","caption":"Robert Hoffmann"},"description":"Ich hei\u00dfe Robert Hoffmann und ich bin ein leidenschaftlicher Verfechter von \u00d6kologie und Biodiversit\u00e4t. Seit meiner Kindheit in den W\u00e4ldern Bayerns f\u00fchle ich mich mit der Natur verbunden und bin entschlossen, sie zu sch\u00fctzen. Heute widme ich mein Leben der Sensibilisierung anderer f\u00fcr die Bedeutung des Umweltschutzes f\u00fcr zuk\u00fcnftige Generationen.","sameAs":["https:\/\/www.strassenweb.de\/"]}]}},"_links":{"self":[{"href":"https:\/\/www.strassenweb.de\/nachrichten\/wp-json\/wp\/v2\/posts\/6990","targetHints":{"allow":["GET"]}}],"collection":[{"href":"https:\/\/www.strassenweb.de\/nachrichten\/wp-json\/wp\/v2\/posts"}],"about":[{"href":"https:\/\/www.strassenweb.de\/nachrichten\/wp-json\/wp\/v2\/types\/post"}],"author":[{"embeddable":true,"href":"https:\/\/www.strassenweb.de\/nachrichten\/wp-json\/wp\/v2\/users\/1"}],"replies":[{"embeddable":true,"href":"https:\/\/www.strassenweb.de\/nachrichten\/wp-json\/wp\/v2\/comments?post=6990"}],"version-history":[{"count":0,"href":"https:\/\/www.strassenweb.de\/nachrichten\/wp-json\/wp\/v2\/posts\/6990\/revisions"}],"wp:featuredmedia":[{"embeddable":true,"href":"https:\/\/www.strassenweb.de\/nachrichten\/wp-json\/wp\/v2\/media\/6991"}],"wp:attachment":[{"href":"https:\/\/www.strassenweb.de\/nachrichten\/wp-json\/wp\/v2\/media?parent=6990"}],"wp:term":[{"taxonomy":"category","embeddable":true,"href":"https:\/\/www.strassenweb.de\/nachrichten\/wp-json\/wp\/v2\/categories?post=6990"},{"taxonomy":"post_tag","embeddable":true,"href":"https:\/\/www.strassenweb.de\/nachrichten\/wp-json\/wp\/v2\/tags?post=6990"}],"curies":[{"name":"wp","href":"https:\/\/api.w.org\/{rel}","templated":true}]}}