{"id":698,"date":"2024-10-07T14:41:32","date_gmt":"2024-10-07T12:41:32","guid":{"rendered":"https:\/\/www.strassenweb.de\/nachrichten\/parlamentswahl-2024-unser-manifest-fuer-dachse\/"},"modified":"2024-10-07T14:41:32","modified_gmt":"2024-10-07T12:41:32","slug":"parlamentswahl-2024-unser-manifest-fuer-dachse","status":"publish","type":"post","link":"https:\/\/www.strassenweb.de\/nachrichten\/parlamentswahl-2024-unser-manifest-fuer-dachse\/","title":{"rendered":"Parlamentswahl 2024: Unser Manifest f\u00fcr Dachse"},"content":{"rendered":"<p id=\"m_226260089602149355gmail-viewer-tvpyw42\"><strong>Die Parlamentswahlen sind f\u00fcr den 4. Juli 2024 anberaumt, und wir freuen uns auf Klarheit seitens der wichtigsten politischen Parteien \u00fcber ihre Visionen f\u00fcr Dachse und ihre nat\u00fcrlichen Lebensr\u00e4ume.<\/strong><\/p>\n<p id=\"m_226260089602149355gmail-viewer-fpqnq45\">Insbesondere m\u00f6chten wir wissen, welche Pl\u00e4ne sie f\u00fcr die Zukunft der Dachsschlacht haben. Es handelt sich um eine ineffektive, kostspielige und unethische Politik der Massent\u00f6tung von Dachsen zur Bek\u00e4mpfung der Rindertuberkulose. <strong>Es ist keine Keulung, es ist ein Gemetzel.<\/strong> <br \/><strong>Peter Hambly, Gesch\u00e4ftsf\u00fchrer von Badger Trust, sagte:<\/strong><\/p>\n<p>\u201eDas Abschlachten von Dachsen bei der Dachsjagd ist die gr\u00f6\u00dfte Bedrohung f\u00fcr die Natur, der wir ausgesetzt sind. Die H\u00e4lfte unserer Dachspopulation ist in 11 Jahren verschwunden. 230.000 Dachse und ihre Jungen erschossen. Aus diesem Grund haben wir alle in Westminster vertretenen Parteien gebeten, ihre Ansichten und Pl\u00e4ne zu diesem schrecklichen Massaker darzulegen. Das muss aufh\u00f6ren, wir m\u00fcssen die Natur retten, bevor es zu sp\u00e4t ist.\u201c<\/p>\n<p><strong>Was wir fragen:<\/strong><\/p>\n<ul class=\"wp-block-list\">\n<li><strong>Beenden Sie jetzt die Dachs-T\u00f6tung<\/strong> und sch\u00fctzen Sie die verbleibende wilde Dachspopulation, bevor es zu sp\u00e4t ist.<\/li>\n<li>Liefern Sie die <strong>schnelle Entwicklung und Einf\u00fchrung eines obligatorischen Rinderimpfstoffs und eines verbesserten Rindertests<\/strong> um die bTB-Infektion in der Rinderherde auszumerzen und sowohl Nutzk\u00fche als auch Wildtiere zu sch\u00fctzen. <\/li>\n<li><strong>Seien Sie ehrlich<\/strong> \u00fcber die tats\u00e4chlichen bTB-Werte, die in der englischen Rinderherde versteckt sind, mit der landesweiten obligatorischen Anwendung sensiblerer (zuverl\u00e4ssigerer) Tests und der Gew\u00e4hrung einer h\u00f6heren Entsch\u00e4digung f\u00fcr Landwirte.<\/li>\n<li>Verpflichten Sie sich zu einem <strong>\u201eEine Gesundheit und ein Wohlergehen\u201c<\/strong> Ansatz f\u00fcr britische \u00d6kosysteme durch Unterst\u00fctzung der Landwirte <strong>Wirksame bTB-Kontrollma\u00dfnahmen bei Rindern integrieren<\/strong> in ihre Tierschutz- und Umweltvertr\u00e4glichkeitspraktiken einbeziehen. <\/li>\n<li><strong>Machen Sie Dachsverfolgung meldepflichtig <\/strong>Und<strong> die H\u00f6chststrafe f\u00fcr Verurteilungen verl\u00e4ngern<\/strong> gem\u00e4\u00df dem Protection of Badgers Act (1992) von sechs Monaten auf f\u00fcnf Jahre, im Einklang mit dem Animal Welfare (Sentencing) Act 2021.<\/li>\n<li><strong>Schaffen Sie Platz f\u00fcr Dachse und andere Wildtiere<\/strong> Und <strong>weiteren Lebensraumverlust verhindern<\/strong> Indem wir daf\u00fcr sorgen, dass neue Entwicklungen unsere nat\u00fcrliche Umwelt sch\u00fctzen und verbessern.<\/li>\n<li><strong>Stellen Sie die Natur jetzt wieder her und bew\u00e4ltigen Sie die Naturkrise im Vereinigten K\u00f6nigreich <\/strong>durch den Schutz der Dachse und ihrer Lebensr\u00e4ume.<\/li>\n<\/ul>\n<h2 class=\"wp-block-heading\" id=\"m_226260089602149355gmail-viewer-91fio100\">Dachse retten. Rette die Natur. Schutz statt Aussterben.<\/h2>\n<p id=\"m_226260089602149355gmail-viewer-is8ts102\">Das Vereinigte K\u00f6nigreich ist eines der am st\u00e4rksten von der Natur bedrohten L\u00e4nder der Welt. Badger Trust unterst\u00fctzt stolz Restore Nature Now, eine Kampagne zur Bew\u00e4ltigung dieser Naturkrise.  <\/p>\n<p id=\"m_226260089602149355gmail-viewer-p4itp105\">Die T\u00f6tung von 230.000 einheimischen Dachsen \u2013 der H\u00e4lfte der gesch\u00e4tzten Population \u2013 ist der Kern dieses unn\u00f6tigen Angriffs auf die Natur. Dachse sind au\u00dferdem durch hohe Wildtierkriminalit\u00e4t und den raschen Ausbau von Grundst\u00fccken und Stra\u00dfen bedroht. Als \u00d6kosystemingenieure bieten Dachse anderen Arten viele Vorteile. <strong>Bedrohungen f\u00fcr Dachse und ihre Lebensr\u00e4ume stellen eine Bedrohung f\u00fcr das Gleichgewicht unserer nat\u00fcrlichen Umwelt dar.<\/strong><\/p>\n<p id=\"m_226260089602149355gmail-viewer-3s50g113\">Aus diesem Grund werden wir am Samstag, den 22. Juni, gemeinsam mit Tausenden anderen Natur- und Wildtierbef\u00fcrwortern friedlich marschieren, um allen Politikern vor der Wahl bewusst zu machen, dass sie sich f\u00fcr die Wiederherstellung der Natur jetzt einsetzen sollen.<u>Bitte schlie\u00dfen Sie sich uns an<\/u>. <\/p>\n<h2 class=\"wp-block-heading\" id=\"m_226260089602149355gmail-viewer-761z3117\">Was wir tun<\/h2>\n<ul class=\"wp-block-list\">\n<li>Wir haben an alle gro\u00dfen politischen Parteien geschrieben und ihnen eine Liste mit Fragen zur Beendigung der Dachsabt\u00f6tung sowie deren Positionen und Visionen zu damit verbundenen Themen, die Dachse und ihre Lebensr\u00e4ume betreffen*, zukommen lassen.  <\/li>\n<li>Wir haben an den St\u00e4ndigen Sekret\u00e4r der Defra geschrieben, um dies sicherzustellen <u>Im Wahlzeitraum werden keine neuen Dachsjagdlizenzen ausgestellt<\/u>. <\/li>\n<li>Wir behalten uns weiterhin das Recht vor, nach der Wahl rechtliche Schritte einzuleiten, wenn Defra dar\u00fcber Bericht erstattet <u>die j\u00fcngste Konsultation zur \u201eDachskontrolle\u201c.<\/u>. <\/li>\n<li>Wir werden alle Antworten, die wir erhalten, ver\u00f6ffentlichen.<\/li>\n<\/ul>\n<h2 class=\"wp-block-heading\" id=\"m_226260089602149355gmail-viewer-72avn141\">Wir w\u00e4hlen Dachs!<\/h2>\n<p id=\"m_226260089602149355gmail-viewer-fc277143\">Als eingetragene Wohlt\u00e4tigkeitsorganisation ist Badger Trust politisch neutral und unterst\u00fctzt keine Partei \u2013 wir unterst\u00fctzen nur Dachse! <\/p>\n<p id=\"m_226260089602149355gmail-viewer-c5byr146\">Wir werden weiterhin alles tun, was wir k\u00f6nnen, um das Wohlergehen, die Erhaltung und den Schutz des Dachses, seiner Best\u00e4nde und seiner Lebensr\u00e4ume zu f\u00f6rdern und zu verbessern. Wir werden mit allen Menschen zusammenarbeiten, die diese Ziele teilen und wollen, dass die Natur gesch\u00fctzt und nicht zum Aussterben getrieben wird.   <\/p>\n<h2 class=\"wp-block-heading\" id=\"m_226260089602149355gmail-viewer-0lp3s148\">Was Sie tun k\u00f6nnen<\/h2>\n<p id=\"m_226260089602149355gmail-viewer-wrzgq150\">F\u00fcnf M\u00f6glichkeiten f\u00fcr Sie, sich zu engagieren und Ihre Unterst\u00fctzung f\u00fcr Dachse zu zeigen.<\/p>\n<ol class=\"wp-block-list\">\n<li><u>Unterzeichnen Sie unsere Petition, um die T\u00f6tung zu beenden<\/u> und zeigen Sie den politischen Entscheidungstr\u00e4gern, dass Sie Schutz wollen, nicht Aussterben.<\/li>\n<li>Senden Sie einen Brief an Ihre Parlamentskandidaten und bitten Sie sie um ihre Meinung \u2013 unsere Vorlage wird Ihnen den Einstieg erleichtern**<\/li>\n<li><u>Bestellen Sie Ihr kostenloses End The Cull Action Pack, <\/u> Enth\u00e4lt eine Informationsbrosch\u00fcre und Postkarten zum Teilen und zur Sensibilisierung vor Ort  <\/li>\n<li><u>Spenden Sie f\u00fcr unsere Kampagnen zum Schutz des Dachses<\/u>ihre Siedlungen und ihre Lebensr\u00e4ume. <\/li>\n<li><u>Beteiligen Sie sich an Ihrer \u00f6rtlichen Dachsgruppe.<\/u> Freiwillige von Dachsgruppen im ganzen Land setzen sich vor Ort f\u00fcr ein Ende der Keulung ein und freuen sich, wenn Sie sich ihnen anschlie\u00dfen.<\/li>\n<\/ol>\n","protected":false},"excerpt":{"rendered":"<p>Die Parlamentswahlen sind f\u00fcr den 4. Juli 2024 anberaumt, und wir freuen uns auf Klarheit seitens der wichtigsten politischen Parteien \u00fcber ihre Visionen f\u00fcr Dachse<\/p>\n","protected":false},"author":1,"featured_media":96,"comment_status":"closed","ping_status":"","sticky":false,"template":"","format":"standard","meta":{"footnotes":""},"categories":[101],"tags":[1139,55,1385,1383,1384],"class_list":["post-698","post","type-post","status-publish","format-standard","has-post-thumbnail","hentry","category-oekologie","tag-dachse","tag-fuer","tag-manifest","tag-parlamentswahl","tag-unser","generate-columns","tablet-grid-50","mobile-grid-100","grid-parent","grid-50"],"yoast_head":"<!-- This site is optimized with the Yoast SEO plugin v27.3 - https:\/\/yoast.com\/product\/yoast-seo-wordpress\/ -->\n<title>Parlamentswahl 2024: Unser Manifest f\u00fcr Dachse - Nachrichten - Stra\u00dfenweb<\/title>\n<meta name=\"robots\" content=\"index, follow, max-snippet:-1, max-image-preview:large, max-video-preview:-1\" \/>\n<link rel=\"canonical\" href=\"https:\/\/www.strassenweb.de\/nachrichten\/parlamentswahl-2024-unser-manifest-fuer-dachse\/\" \/>\n<meta property=\"og:locale\" content=\"de_DE\" \/>\n<meta property=\"og:type\" content=\"article\" \/>\n<meta property=\"og:title\" content=\"Parlamentswahl 2024: Unser Manifest f\u00fcr Dachse - Nachrichten - Stra\u00dfenweb\" \/>\n<meta property=\"og:description\" content=\"Die Parlamentswahlen sind f\u00fcr den 4. Juli 2024 anberaumt, und wir freuen uns auf Klarheit seitens der wichtigsten politischen Parteien \u00fcber ihre Visionen f\u00fcr Dachse\" \/>\n<meta property=\"og:url\" content=\"https:\/\/www.strassenweb.de\/nachrichten\/parlamentswahl-2024-unser-manifest-fuer-dachse\/\" \/>\n<meta property=\"og:site_name\" content=\"Stra\u00dfenweb\" \/>\n<meta property=\"article:publisher\" content=\"https:\/\/www.facebook.com\/strassenweb\/\" \/>\n<meta property=\"article:published_time\" content=\"2024-10-07T12:41:32+00:00\" \/>\n<meta property=\"og:image\" content=\"https:\/\/www.strassenweb.de\/nachrichten\/wp-content\/uploads\/2024\/09\/Die-britische-Regierung-muss-sich-diese-Woche-erneut-mit-der.jpg\" \/>\n\t<meta property=\"og:image:width\" content=\"900\" \/>\n\t<meta property=\"og:image:height\" content=\"600\" \/>\n\t<meta property=\"og:image:type\" content=\"image\/jpeg\" \/>\n<meta name=\"author\" content=\"Robert Hoffmann\" \/>\n<meta name=\"twitter:card\" content=\"summary_large_image\" \/>\n<meta name=\"twitter:label1\" content=\"Verfasst von\" \/>\n\t<meta name=\"twitter:data1\" content=\"Robert Hoffmann\" \/>\n\t<meta name=\"twitter:label2\" content=\"Gesch\u00e4tzte Lesezeit\" \/>\n\t<meta name=\"twitter:data2\" content=\"4\u00a0Minuten\" \/>\n<script type=\"application\/ld+json\" class=\"yoast-schema-graph\">{\"@context\":\"https:\\\/\\\/schema.org\",\"@graph\":[{\"@type\":\"Article\",\"@id\":\"https:\\\/\\\/www.strassenweb.de\\\/nachrichten\\\/parlamentswahl-2024-unser-manifest-fuer-dachse\\\/#article\",\"isPartOf\":{\"@id\":\"https:\\\/\\\/www.strassenweb.de\\\/nachrichten\\\/parlamentswahl-2024-unser-manifest-fuer-dachse\\\/\"},\"author\":{\"name\":\"Robert Hoffmann\",\"@id\":\"https:\\\/\\\/www.strassenweb.de\\\/nachrichten\\\/#\\\/schema\\\/person\\\/87c9c9067f1211da429a744dc5a5aa41\"},\"headline\":\"Parlamentswahl 2024: Unser Manifest f\u00fcr Dachse\",\"datePublished\":\"2024-10-07T12:41:32+00:00\",\"mainEntityOfPage\":{\"@id\":\"https:\\\/\\\/www.strassenweb.de\\\/nachrichten\\\/parlamentswahl-2024-unser-manifest-fuer-dachse\\\/\"},\"wordCount\":845,\"publisher\":{\"@id\":\"https:\\\/\\\/www.strassenweb.de\\\/nachrichten\\\/#organization\"},\"image\":{\"@id\":\"https:\\\/\\\/www.strassenweb.de\\\/nachrichten\\\/parlamentswahl-2024-unser-manifest-fuer-dachse\\\/#primaryimage\"},\"thumbnailUrl\":\"https:\\\/\\\/www.strassenweb.de\\\/nachrichten\\\/wp-content\\\/uploads\\\/2024\\\/09\\\/Die-britische-Regierung-muss-sich-diese-Woche-erneut-mit-der.jpg\",\"keywords\":[\"Dachse\",\"f\u00fcr\",\"Manifest\",\"Parlamentswahl\",\"Unser\"],\"articleSection\":[\"\u00d6kologie\"],\"inLanguage\":\"de\"},{\"@type\":\"WebPage\",\"@id\":\"https:\\\/\\\/www.strassenweb.de\\\/nachrichten\\\/parlamentswahl-2024-unser-manifest-fuer-dachse\\\/\",\"url\":\"https:\\\/\\\/www.strassenweb.de\\\/nachrichten\\\/parlamentswahl-2024-unser-manifest-fuer-dachse\\\/\",\"name\":\"Parlamentswahl 2024: Unser Manifest f\u00fcr Dachse - Nachrichten - Stra\u00dfenweb\",\"isPartOf\":{\"@id\":\"https:\\\/\\\/www.strassenweb.de\\\/nachrichten\\\/#website\"},\"primaryImageOfPage\":{\"@id\":\"https:\\\/\\\/www.strassenweb.de\\\/nachrichten\\\/parlamentswahl-2024-unser-manifest-fuer-dachse\\\/#primaryimage\"},\"image\":{\"@id\":\"https:\\\/\\\/www.strassenweb.de\\\/nachrichten\\\/parlamentswahl-2024-unser-manifest-fuer-dachse\\\/#primaryimage\"},\"thumbnailUrl\":\"https:\\\/\\\/www.strassenweb.de\\\/nachrichten\\\/wp-content\\\/uploads\\\/2024\\\/09\\\/Die-britische-Regierung-muss-sich-diese-Woche-erneut-mit-der.jpg\",\"datePublished\":\"2024-10-07T12:41:32+00:00\",\"breadcrumb\":{\"@id\":\"https:\\\/\\\/www.strassenweb.de\\\/nachrichten\\\/parlamentswahl-2024-unser-manifest-fuer-dachse\\\/#breadcrumb\"},\"inLanguage\":\"de\",\"potentialAction\":[{\"@type\":\"ReadAction\",\"target\":[\"https:\\\/\\\/www.strassenweb.de\\\/nachrichten\\\/parlamentswahl-2024-unser-manifest-fuer-dachse\\\/\"]}]},{\"@type\":\"ImageObject\",\"inLanguage\":\"de\",\"@id\":\"https:\\\/\\\/www.strassenweb.de\\\/nachrichten\\\/parlamentswahl-2024-unser-manifest-fuer-dachse\\\/#primaryimage\",\"url\":\"https:\\\/\\\/www.strassenweb.de\\\/nachrichten\\\/wp-content\\\/uploads\\\/2024\\\/09\\\/Die-britische-Regierung-muss-sich-diese-Woche-erneut-mit-der.jpg\",\"contentUrl\":\"https:\\\/\\\/www.strassenweb.de\\\/nachrichten\\\/wp-content\\\/uploads\\\/2024\\\/09\\\/Die-britische-Regierung-muss-sich-diese-Woche-erneut-mit-der.jpg\",\"width\":900,\"height\":600,\"caption\":\"The UK Government is back in front of the Bern Convention this week about its badger cull policy\"},{\"@type\":\"BreadcrumbList\",\"@id\":\"https:\\\/\\\/www.strassenweb.de\\\/nachrichten\\\/parlamentswahl-2024-unser-manifest-fuer-dachse\\\/#breadcrumb\",\"itemListElement\":[{\"@type\":\"ListItem\",\"position\":1,\"name\":\"Home\",\"item\":\"https:\\\/\\\/www.strassenweb.de\\\/nachrichten\\\/\"},{\"@type\":\"ListItem\",\"position\":2,\"name\":\"Parlamentswahl 2024: Unser Manifest f\u00fcr Dachse\"}]},{\"@type\":\"WebSite\",\"@id\":\"https:\\\/\\\/www.strassenweb.de\\\/nachrichten\\\/#website\",\"url\":\"https:\\\/\\\/www.strassenweb.de\\\/nachrichten\\\/\",\"name\":\"Stra\u00dfenweb\",\"description\":\"Stra\u00dfenverzeichnis f\u00fcr Deutschland\",\"publisher\":{\"@id\":\"https:\\\/\\\/www.strassenweb.de\\\/nachrichten\\\/#organization\"},\"potentialAction\":[{\"@type\":\"SearchAction\",\"target\":{\"@type\":\"EntryPoint\",\"urlTemplate\":\"https:\\\/\\\/www.strassenweb.de\\\/nachrichten\\\/?s={search_term_string}\"},\"query-input\":{\"@type\":\"PropertyValueSpecification\",\"valueRequired\":true,\"valueName\":\"search_term_string\"}}],\"inLanguage\":\"de\"},{\"@type\":\"Organization\",\"@id\":\"https:\\\/\\\/www.strassenweb.de\\\/nachrichten\\\/#organization\",\"name\":\"Stra\u00dfenweb\",\"url\":\"https:\\\/\\\/www.strassenweb.de\\\/nachrichten\\\/\",\"logo\":{\"@type\":\"ImageObject\",\"inLanguage\":\"de\",\"@id\":\"https:\\\/\\\/www.strassenweb.de\\\/nachrichten\\\/#\\\/schema\\\/logo\\\/image\\\/\",\"url\":\"https:\\\/\\\/www.strassenweb.de\\\/nachrichten\\\/wp-content\\\/uploads\\\/2024\\\/09\\\/cropped-favicon.png\",\"contentUrl\":\"https:\\\/\\\/www.strassenweb.de\\\/nachrichten\\\/wp-content\\\/uploads\\\/2024\\\/09\\\/cropped-favicon.png\",\"width\":512,\"height\":512,\"caption\":\"Stra\u00dfenweb\"},\"image\":{\"@id\":\"https:\\\/\\\/www.strassenweb.de\\\/nachrichten\\\/#\\\/schema\\\/logo\\\/image\\\/\"},\"sameAs\":[\"https:\\\/\\\/www.facebook.com\\\/strassenweb\\\/\"]},{\"@type\":\"Person\",\"@id\":\"https:\\\/\\\/www.strassenweb.de\\\/nachrichten\\\/#\\\/schema\\\/person\\\/87c9c9067f1211da429a744dc5a5aa41\",\"name\":\"Robert Hoffmann\",\"image\":{\"@type\":\"ImageObject\",\"inLanguage\":\"de\",\"@id\":\"https:\\\/\\\/www.strassenweb.de\\\/nachrichten\\\/wp-content\\\/uploads\\\/2024\\\/09\\\/strassenweb-150x150.jpg\",\"url\":\"https:\\\/\\\/www.strassenweb.de\\\/nachrichten\\\/wp-content\\\/uploads\\\/2024\\\/09\\\/strassenweb-150x150.jpg\",\"contentUrl\":\"https:\\\/\\\/www.strassenweb.de\\\/nachrichten\\\/wp-content\\\/uploads\\\/2024\\\/09\\\/strassenweb-150x150.jpg\",\"caption\":\"Robert Hoffmann\"},\"description\":\"Ich hei\u00dfe Robert Hoffmann und ich bin ein leidenschaftlicher Verfechter von \u00d6kologie und Biodiversit\u00e4t. Seit meiner Kindheit in den W\u00e4ldern Bayerns f\u00fchle ich mich mit der Natur verbunden und bin entschlossen, sie zu sch\u00fctzen. Heute widme ich mein Leben der Sensibilisierung anderer f\u00fcr die Bedeutung des Umweltschutzes f\u00fcr zuk\u00fcnftige Generationen.\",\"sameAs\":[\"https:\\\/\\\/www.strassenweb.de\\\/\"]}]}<\/script>\n<!-- \/ Yoast SEO plugin. -->","yoast_head_json":{"title":"Parlamentswahl 2024: Unser Manifest f\u00fcr Dachse - Nachrichten - Stra\u00dfenweb","robots":{"index":"index","follow":"follow","max-snippet":"max-snippet:-1","max-image-preview":"max-image-preview:large","max-video-preview":"max-video-preview:-1"},"canonical":"https:\/\/www.strassenweb.de\/nachrichten\/parlamentswahl-2024-unser-manifest-fuer-dachse\/","og_locale":"de_DE","og_type":"article","og_title":"Parlamentswahl 2024: Unser Manifest f\u00fcr Dachse - Nachrichten - Stra\u00dfenweb","og_description":"Die Parlamentswahlen sind f\u00fcr den 4. Juli 2024 anberaumt, und wir freuen uns auf Klarheit seitens der wichtigsten politischen Parteien \u00fcber ihre Visionen f\u00fcr Dachse","og_url":"https:\/\/www.strassenweb.de\/nachrichten\/parlamentswahl-2024-unser-manifest-fuer-dachse\/","og_site_name":"Stra\u00dfenweb","article_publisher":"https:\/\/www.facebook.com\/strassenweb\/","article_published_time":"2024-10-07T12:41:32+00:00","og_image":[{"width":900,"height":600,"url":"https:\/\/www.strassenweb.de\/nachrichten\/wp-content\/uploads\/2024\/09\/Die-britische-Regierung-muss-sich-diese-Woche-erneut-mit-der.jpg","type":"image\/jpeg"}],"author":"Robert Hoffmann","twitter_card":"summary_large_image","twitter_misc":{"Verfasst von":"Robert Hoffmann","Gesch\u00e4tzte Lesezeit":"4\u00a0Minuten"},"schema":{"@context":"https:\/\/schema.org","@graph":[{"@type":"Article","@id":"https:\/\/www.strassenweb.de\/nachrichten\/parlamentswahl-2024-unser-manifest-fuer-dachse\/#article","isPartOf":{"@id":"https:\/\/www.strassenweb.de\/nachrichten\/parlamentswahl-2024-unser-manifest-fuer-dachse\/"},"author":{"name":"Robert Hoffmann","@id":"https:\/\/www.strassenweb.de\/nachrichten\/#\/schema\/person\/87c9c9067f1211da429a744dc5a5aa41"},"headline":"Parlamentswahl 2024: Unser Manifest f\u00fcr Dachse","datePublished":"2024-10-07T12:41:32+00:00","mainEntityOfPage":{"@id":"https:\/\/www.strassenweb.de\/nachrichten\/parlamentswahl-2024-unser-manifest-fuer-dachse\/"},"wordCount":845,"publisher":{"@id":"https:\/\/www.strassenweb.de\/nachrichten\/#organization"},"image":{"@id":"https:\/\/www.strassenweb.de\/nachrichten\/parlamentswahl-2024-unser-manifest-fuer-dachse\/#primaryimage"},"thumbnailUrl":"https:\/\/www.strassenweb.de\/nachrichten\/wp-content\/uploads\/2024\/09\/Die-britische-Regierung-muss-sich-diese-Woche-erneut-mit-der.jpg","keywords":["Dachse","f\u00fcr","Manifest","Parlamentswahl","Unser"],"articleSection":["\u00d6kologie"],"inLanguage":"de"},{"@type":"WebPage","@id":"https:\/\/www.strassenweb.de\/nachrichten\/parlamentswahl-2024-unser-manifest-fuer-dachse\/","url":"https:\/\/www.strassenweb.de\/nachrichten\/parlamentswahl-2024-unser-manifest-fuer-dachse\/","name":"Parlamentswahl 2024: Unser Manifest f\u00fcr Dachse - Nachrichten - Stra\u00dfenweb","isPartOf":{"@id":"https:\/\/www.strassenweb.de\/nachrichten\/#website"},"primaryImageOfPage":{"@id":"https:\/\/www.strassenweb.de\/nachrichten\/parlamentswahl-2024-unser-manifest-fuer-dachse\/#primaryimage"},"image":{"@id":"https:\/\/www.strassenweb.de\/nachrichten\/parlamentswahl-2024-unser-manifest-fuer-dachse\/#primaryimage"},"thumbnailUrl":"https:\/\/www.strassenweb.de\/nachrichten\/wp-content\/uploads\/2024\/09\/Die-britische-Regierung-muss-sich-diese-Woche-erneut-mit-der.jpg","datePublished":"2024-10-07T12:41:32+00:00","breadcrumb":{"@id":"https:\/\/www.strassenweb.de\/nachrichten\/parlamentswahl-2024-unser-manifest-fuer-dachse\/#breadcrumb"},"inLanguage":"de","potentialAction":[{"@type":"ReadAction","target":["https:\/\/www.strassenweb.de\/nachrichten\/parlamentswahl-2024-unser-manifest-fuer-dachse\/"]}]},{"@type":"ImageObject","inLanguage":"de","@id":"https:\/\/www.strassenweb.de\/nachrichten\/parlamentswahl-2024-unser-manifest-fuer-dachse\/#primaryimage","url":"https:\/\/www.strassenweb.de\/nachrichten\/wp-content\/uploads\/2024\/09\/Die-britische-Regierung-muss-sich-diese-Woche-erneut-mit-der.jpg","contentUrl":"https:\/\/www.strassenweb.de\/nachrichten\/wp-content\/uploads\/2024\/09\/Die-britische-Regierung-muss-sich-diese-Woche-erneut-mit-der.jpg","width":900,"height":600,"caption":"The UK Government is back in front of the Bern Convention this week about its badger cull policy"},{"@type":"BreadcrumbList","@id":"https:\/\/www.strassenweb.de\/nachrichten\/parlamentswahl-2024-unser-manifest-fuer-dachse\/#breadcrumb","itemListElement":[{"@type":"ListItem","position":1,"name":"Home","item":"https:\/\/www.strassenweb.de\/nachrichten\/"},{"@type":"ListItem","position":2,"name":"Parlamentswahl 2024: Unser Manifest f\u00fcr Dachse"}]},{"@type":"WebSite","@id":"https:\/\/www.strassenweb.de\/nachrichten\/#website","url":"https:\/\/www.strassenweb.de\/nachrichten\/","name":"Stra\u00dfenweb","description":"Stra\u00dfenverzeichnis f\u00fcr Deutschland","publisher":{"@id":"https:\/\/www.strassenweb.de\/nachrichten\/#organization"},"potentialAction":[{"@type":"SearchAction","target":{"@type":"EntryPoint","urlTemplate":"https:\/\/www.strassenweb.de\/nachrichten\/?s={search_term_string}"},"query-input":{"@type":"PropertyValueSpecification","valueRequired":true,"valueName":"search_term_string"}}],"inLanguage":"de"},{"@type":"Organization","@id":"https:\/\/www.strassenweb.de\/nachrichten\/#organization","name":"Stra\u00dfenweb","url":"https:\/\/www.strassenweb.de\/nachrichten\/","logo":{"@type":"ImageObject","inLanguage":"de","@id":"https:\/\/www.strassenweb.de\/nachrichten\/#\/schema\/logo\/image\/","url":"https:\/\/www.strassenweb.de\/nachrichten\/wp-content\/uploads\/2024\/09\/cropped-favicon.png","contentUrl":"https:\/\/www.strassenweb.de\/nachrichten\/wp-content\/uploads\/2024\/09\/cropped-favicon.png","width":512,"height":512,"caption":"Stra\u00dfenweb"},"image":{"@id":"https:\/\/www.strassenweb.de\/nachrichten\/#\/schema\/logo\/image\/"},"sameAs":["https:\/\/www.facebook.com\/strassenweb\/"]},{"@type":"Person","@id":"https:\/\/www.strassenweb.de\/nachrichten\/#\/schema\/person\/87c9c9067f1211da429a744dc5a5aa41","name":"Robert Hoffmann","image":{"@type":"ImageObject","inLanguage":"de","@id":"https:\/\/www.strassenweb.de\/nachrichten\/wp-content\/uploads\/2024\/09\/strassenweb-150x150.jpg","url":"https:\/\/www.strassenweb.de\/nachrichten\/wp-content\/uploads\/2024\/09\/strassenweb-150x150.jpg","contentUrl":"https:\/\/www.strassenweb.de\/nachrichten\/wp-content\/uploads\/2024\/09\/strassenweb-150x150.jpg","caption":"Robert Hoffmann"},"description":"Ich hei\u00dfe Robert Hoffmann und ich bin ein leidenschaftlicher Verfechter von \u00d6kologie und Biodiversit\u00e4t. Seit meiner Kindheit in den W\u00e4ldern Bayerns f\u00fchle ich mich mit der Natur verbunden und bin entschlossen, sie zu sch\u00fctzen. Heute widme ich mein Leben der Sensibilisierung anderer f\u00fcr die Bedeutung des Umweltschutzes f\u00fcr zuk\u00fcnftige Generationen.","sameAs":["https:\/\/www.strassenweb.de\/"]}]}},"_links":{"self":[{"href":"https:\/\/www.strassenweb.de\/nachrichten\/wp-json\/wp\/v2\/posts\/698","targetHints":{"allow":["GET"]}}],"collection":[{"href":"https:\/\/www.strassenweb.de\/nachrichten\/wp-json\/wp\/v2\/posts"}],"about":[{"href":"https:\/\/www.strassenweb.de\/nachrichten\/wp-json\/wp\/v2\/types\/post"}],"author":[{"embeddable":true,"href":"https:\/\/www.strassenweb.de\/nachrichten\/wp-json\/wp\/v2\/users\/1"}],"replies":[{"embeddable":true,"href":"https:\/\/www.strassenweb.de\/nachrichten\/wp-json\/wp\/v2\/comments?post=698"}],"version-history":[{"count":0,"href":"https:\/\/www.strassenweb.de\/nachrichten\/wp-json\/wp\/v2\/posts\/698\/revisions"}],"wp:featuredmedia":[{"embeddable":true,"href":"https:\/\/www.strassenweb.de\/nachrichten\/wp-json\/wp\/v2\/media\/96"}],"wp:attachment":[{"href":"https:\/\/www.strassenweb.de\/nachrichten\/wp-json\/wp\/v2\/media?parent=698"}],"wp:term":[{"taxonomy":"category","embeddable":true,"href":"https:\/\/www.strassenweb.de\/nachrichten\/wp-json\/wp\/v2\/categories?post=698"},{"taxonomy":"post_tag","embeddable":true,"href":"https:\/\/www.strassenweb.de\/nachrichten\/wp-json\/wp\/v2\/tags?post=698"}],"curies":[{"name":"wp","href":"https:\/\/api.w.org\/{rel}","templated":true}]}}