{"id":6966,"date":"2025-08-15T16:44:57","date_gmt":"2025-08-15T14:44:57","guid":{"rendered":"https:\/\/www.strassenweb.de\/nachrichten\/kevin-bacon-hat-sich-fuer-diese-neutrale-veranda-farbe-ausgewaehlt-nachlassexperten-sagen\/"},"modified":"2025-08-15T16:44:58","modified_gmt":"2025-08-15T14:44:58","slug":"kevin-bacon-hat-sich-fuer-diese-neutrale-veranda-farbe-ausgewaehlt-nachlassexperten-sagen","status":"publish","type":"post","link":"https:\/\/www.strassenweb.de\/nachrichten\/kevin-bacon-hat-sich-fuer-diese-neutrale-veranda-farbe-ausgewaehlt-nachlassexperten-sagen\/","title":{"rendered":"Kevin Bacon hat sich f\u00fcr diese neutrale Veranda-Farbe ausgew\u00e4hlt-Nachlassexperten sagen"},"content":{"rendered":"<p><\/p>\n<div id=\"article-body\" class=\"article__body \">\n<p id=\"51a41e82-2a54-4b4a-8bb6-f4d2429f9cac\">Wenn es um die Verbesserung der Attraktivit\u00e4t des Bordsteins geht, ist Ihre Veranda der nat\u00fcrliche Ausgangspunkt. Dieser Bereich ist daf\u00fcr verantwortlich, den Ton f\u00fcr alle festzulegen, die an Ihrem Zuhause vorbeikommen. Daher ist es ein Raum, in dem sich auf klassische Farben verlassen wird. Es scheint, dass diese Ideologie an Kevin Bacon nicht verloren geht, der seine Veranda eine klassische Cremefarbe gemalt hat, auch bekannt als ultimativer Anti-Trend-Ton.<\/p>\n<div id=\"ad-unit-1\" class=\"ad-unit\"><\/div>\n<p>W\u00e4hrend es immer einen Fall f\u00fcr gewagtere Farben gibt, erkl\u00e4ren echte Experten, dass ein klassischer Neutral wie Kevin eine perfekte Wahl f\u00fcr die Verbesserung des Curb -Attraktivit\u00e4t ist.<\/p>\n<aside data-block-type=\"embed\" data-render-type=\"fte\" data-skip=\"dealsy\" data-widget-type=\"seasonal\" class=\"hawk-base\"><\/aside>\n<p id=\"51a41e82-2a54-4b4a-8bb6-f4d2429f9cac-2\">Im Fall des Schauspielers hat er seine cremefarbene Veranda mit minimalistischem Accessoires wie einem H\u00e4ngenden Schweinwind -Glockenspiel und einem Korbstuhl kombiniert. Letzteres ist eine weitere zeitlose Wahl. W\u00e4hrend das Dekorieren mit Neutralen manchmal das Gef\u00fchl hat, sich etwas Vanille zu f\u00fchlen, k\u00f6nnen sie beim richtigen Stil gl\u00e4nzen, wenn sie gestylt werden. Sie werden auch von denjenigen, die an Ihrem Haus vorbeikommen, als ewig klassisch angesehen, wie Immobilienexperten erkl\u00e4ren.<\/p>\n<div class=\"van_vid_carousel\">\n<div class=\"van_vid_carousel__padding\">\n<div class=\"van_vid_carousel__container\"><\/div>\n<\/div>\n<\/div>\n<div class=\"instagram-embed\" id=\"DM8_7K7y2vE\">\n<blockquote class=\"instagram-media\" data-instgrm-captioned data-instgrm-version=\"6\" style=\"width:99.375%; width:-webkit-calc(100% - 2px); width:calc(100% - 2px);\">\n<p>Ein Beitrag von Kevin Bacon (@Kevinbacon)<\/p>\n<p>Ein Foto von on <\/p>\n<\/blockquote>\n<\/div>\n<div class=\"product-container hero-product-container product-block-no-wrap\">\n<div class=\"product-block-row\"><\/div>\n<div class=\"product-block-row\"><\/div>\n<div class=\"product-block-row\"><\/div>\n<\/div>\n<p id=\"da5a0328-debd-4165-a4a8-c03872b912ea\">&#8222;Weniger ist mehr, wenn es darum geht, eine Veranda zu stylen, insbesondere in Warmwetterm\u00e4rkten wie Miami, wo das ganze Jahr \u00fcber Au\u00dfenbereiche verwendet werden&#8220;, kommentiert Andy Saintilus, der Gr\u00fcnder bei We Buy Doors in S\u00fcdflorida.<\/p>\n<div id=\"ad-unit-2\" class=\"ad-unit\"><\/div>\n<p>&#8222;In meinen kurzfristigen Vermietungen tendieren Veranden mit minimalen, gut platzierten M\u00f6beln und neutralen Farbschemata dazu, besser zu fotografieren und 20-30% mehr Buchungen als \u00fcberf\u00fcllte oder \u00fcberm\u00e4\u00dfig dekorierte Au\u00dfenr\u00e4ume anzuziehen.&#8220;<\/p>\n<p>Neben der Aufrechterhaltung eines neutralen Farbschemas ermutigt Andy Sie, M\u00f6bel minimal zu halten.<\/p>\n<p>&#8218;\u00dcberf\u00fcllung einer Veranda mit zu viel M\u00f6beln kann dazu f\u00fchren, dass sie \u00fcberf\u00fcllt und seine Funktionalit\u00e4t verringert wird. Entscheiden Sie sich stattdessen f\u00fcr ein paar hochwertige St\u00fccke, die Gespr\u00e4ch und Entspannung f\u00f6rdern. Ein einfaches Liebessitz im Freien, ein Paar Lounge -St\u00fchle und ein schlanker Couchtisch schaffen einen komfortablen Sitzbereich, ohne den Raum zu \u00fcberw\u00e4ltigen \u201c, sagt er.<\/p>\n<div id=\"slice-container-newsletterForm-articleInbodyContent-ncMxu3BJsB8PYEgSVb2S4D\" class=\"slice-container newsletter-inbodyContent-slice newsletterForm-articleInbodyContent-ncMxu3BJsB8PYEgSVb2S4D slice-container-newsletterForm\"><\/div>\n<p>Wenn Sie sich jedoch Sorgen machen, Ihre neutrale Veranda mit minimalen M\u00f6beln interessant zu halten, erkl\u00e4rt Andy, wie Sie Pflanzen als leistungsstarkes Dekorationswerkzeug verwenden k\u00f6nnen.<\/p>\n<p>\u201eWenn Sie Pflanzen und M\u00f6bel kombinieren, denken Sie daran, einen nat\u00fcrlichen Fluss zu schaffen. Legen Sie die Pflanzen in Ecken oder neben M\u00f6beln, um den Raum zu rahmen, anstatt ihn zu \u00fcberw\u00e4ltigen \u201c, sagt er. &#8222;Gro\u00dfe Topfpflanzen wie Feigenblatt oder Handfl\u00e4chen, die in der N\u00e4he von Sitzbereichen gut arbeiten, w\u00e4hrend kleinere Pflanzen (wie Sukkulenten oder Farne) auf Tischen sitzen oder an der Decke Ihrer Veranda h\u00e4ngen.&#8220;<\/p>\n<p>Befolgen Sie im Zweifelsfall Kevin Bacon und Kyra Sedgwicks Beispiel und halten Sie die Dinge klassisch. Es wird f\u00fcr alle, die an Ihrem Haus vorbeikommen, ansprechend anf\u00fchlen, egal ob Sie verkaufen m\u00f6chten oder nicht.<\/p>\n<div class=\"min-h-(270px) mb-4 viafoura-twig-component\" id=\"viafoura-engagement-starter-wrapper\" data-component-name=\"Elk:Embed:EngagementStarter\">\n<div class=\"viafoura\">\n<div>\n<vf-conversation-starter target=\"viafoura-comments\" title=\"Do you have a neutral porch?\" minimum-comment-count=\"1\"><br \/>\n<\/vf-conversation-starter>\n<\/div>\n<\/div>\n<\/div>\n<hr id=\"0174bb12-5e47-483b-a23e-dd345851e8fb\">\n<\/div>\n<p><script async src=\"\/\/www.instagram.com\/embed.js\"><\/script><\/p>\n","protected":false},"excerpt":{"rendered":"<p>Wenn es um die Verbesserung der Attraktivit\u00e4t des Bordsteins geht, ist Ihre Veranda der nat\u00fcrliche Ausgangspunkt. Dieser Bereich ist daf\u00fcr verantwortlich, den Ton f\u00fcr alle<\/p>\n","protected":false},"author":1,"featured_media":6967,"comment_status":"closed","ping_status":"","sticky":false,"template":"","format":"standard","meta":{"footnotes":""},"categories":[118],"tags":[9409,9407,143,55,189,3054,1653,284,142,9408],"class_list":["post-6966","post","type-post","status-publish","format-standard","has-post-thumbnail","hentry","category-haus-garten","tag-ausgewaehltnachlassexperten","tag-bacon","tag-diese","tag-fuer","tag-hat","tag-kevin","tag-neutrale","tag-sagen","tag-sich","tag-verandafarbe","generate-columns","tablet-grid-50","mobile-grid-100","grid-parent","grid-50"],"yoast_head":"<!-- This site is optimized with the Yoast SEO plugin v27.3 - https:\/\/yoast.com\/product\/yoast-seo-wordpress\/ -->\n<title>Kevin Bacon hat sich f\u00fcr diese neutrale Veranda-Farbe ausgew\u00e4hlt-Nachlassexperten sagen - Nachrichten - Stra\u00dfenweb<\/title>\n<meta name=\"robots\" content=\"index, follow, max-snippet:-1, max-image-preview:large, max-video-preview:-1\" \/>\n<link rel=\"canonical\" href=\"https:\/\/www.strassenweb.de\/nachrichten\/kevin-bacon-hat-sich-fuer-diese-neutrale-veranda-farbe-ausgewaehlt-nachlassexperten-sagen\/\" \/>\n<meta property=\"og:locale\" content=\"de_DE\" \/>\n<meta property=\"og:type\" content=\"article\" \/>\n<meta property=\"og:title\" content=\"Kevin Bacon hat sich f\u00fcr diese neutrale Veranda-Farbe ausgew\u00e4hlt-Nachlassexperten sagen - Nachrichten - Stra\u00dfenweb\" \/>\n<meta property=\"og:description\" content=\"Wenn es um die Verbesserung der Attraktivit\u00e4t des Bordsteins geht, ist Ihre Veranda der nat\u00fcrliche Ausgangspunkt. Dieser Bereich ist daf\u00fcr verantwortlich, den Ton f\u00fcr alle\" \/>\n<meta property=\"og:url\" content=\"https:\/\/www.strassenweb.de\/nachrichten\/kevin-bacon-hat-sich-fuer-diese-neutrale-veranda-farbe-ausgewaehlt-nachlassexperten-sagen\/\" \/>\n<meta property=\"og:site_name\" content=\"Stra\u00dfenweb\" \/>\n<meta property=\"article:publisher\" content=\"https:\/\/www.facebook.com\/strassenweb\/\" \/>\n<meta property=\"article:published_time\" content=\"2025-08-15T14:44:57+00:00\" \/>\n<meta property=\"article:modified_time\" content=\"2025-08-15T14:44:58+00:00\" \/>\n<meta property=\"og:image\" content=\"https:\/\/www.strassenweb.de\/nachrichten\/wp-content\/uploads\/2025\/08\/Kevin-Bacon-hat-sich-fuer-diese-neutrale-Veranda-Farbe-ausgewaehlt-Nachlassexperten-sagen.jpg\" \/>\n\t<meta property=\"og:image:width\" content=\"1600\" \/>\n\t<meta property=\"og:image:height\" content=\"900\" \/>\n\t<meta property=\"og:image:type\" content=\"image\/jpeg\" \/>\n<meta name=\"author\" content=\"Robert Hoffmann\" \/>\n<meta name=\"twitter:card\" content=\"summary_large_image\" \/>\n<meta name=\"twitter:label1\" content=\"Verfasst von\" \/>\n\t<meta name=\"twitter:data1\" content=\"Robert Hoffmann\" \/>\n\t<meta name=\"twitter:label2\" content=\"Gesch\u00e4tzte Lesezeit\" \/>\n\t<meta name=\"twitter:data2\" content=\"2\u00a0Minuten\" \/>\n<script type=\"application\/ld+json\" class=\"yoast-schema-graph\">{\"@context\":\"https:\\\/\\\/schema.org\",\"@graph\":[{\"@type\":\"Article\",\"@id\":\"https:\\\/\\\/www.strassenweb.de\\\/nachrichten\\\/kevin-bacon-hat-sich-fuer-diese-neutrale-veranda-farbe-ausgewaehlt-nachlassexperten-sagen\\\/#article\",\"isPartOf\":{\"@id\":\"https:\\\/\\\/www.strassenweb.de\\\/nachrichten\\\/kevin-bacon-hat-sich-fuer-diese-neutrale-veranda-farbe-ausgewaehlt-nachlassexperten-sagen\\\/\"},\"author\":{\"name\":\"Robert Hoffmann\",\"@id\":\"https:\\\/\\\/www.strassenweb.de\\\/nachrichten\\\/#\\\/schema\\\/person\\\/87c9c9067f1211da429a744dc5a5aa41\"},\"headline\":\"Kevin Bacon hat sich f\u00fcr diese neutrale Veranda-Farbe ausgew\u00e4hlt-Nachlassexperten sagen\",\"datePublished\":\"2025-08-15T14:44:57+00:00\",\"dateModified\":\"2025-08-15T14:44:58+00:00\",\"mainEntityOfPage\":{\"@id\":\"https:\\\/\\\/www.strassenweb.de\\\/nachrichten\\\/kevin-bacon-hat-sich-fuer-diese-neutrale-veranda-farbe-ausgewaehlt-nachlassexperten-sagen\\\/\"},\"wordCount\":495,\"publisher\":{\"@id\":\"https:\\\/\\\/www.strassenweb.de\\\/nachrichten\\\/#organization\"},\"image\":{\"@id\":\"https:\\\/\\\/www.strassenweb.de\\\/nachrichten\\\/kevin-bacon-hat-sich-fuer-diese-neutrale-veranda-farbe-ausgewaehlt-nachlassexperten-sagen\\\/#primaryimage\"},\"thumbnailUrl\":\"https:\\\/\\\/www.strassenweb.de\\\/nachrichten\\\/wp-content\\\/uploads\\\/2025\\\/08\\\/Kevin-Bacon-hat-sich-fuer-diese-neutrale-Veranda-Farbe-ausgewaehlt-Nachlassexperten-sagen.jpg\",\"keywords\":[\"ausgew\u00e4hltNachlassexperten\",\"Bacon\",\"diese\",\"f\u00fcr\",\"hat\",\"Kevin\",\"Neutrale\",\"sagen\",\"sich\",\"VerandaFarbe\"],\"articleSection\":[\"Haus &amp; Garten\"],\"inLanguage\":\"de\"},{\"@type\":\"WebPage\",\"@id\":\"https:\\\/\\\/www.strassenweb.de\\\/nachrichten\\\/kevin-bacon-hat-sich-fuer-diese-neutrale-veranda-farbe-ausgewaehlt-nachlassexperten-sagen\\\/\",\"url\":\"https:\\\/\\\/www.strassenweb.de\\\/nachrichten\\\/kevin-bacon-hat-sich-fuer-diese-neutrale-veranda-farbe-ausgewaehlt-nachlassexperten-sagen\\\/\",\"name\":\"Kevin Bacon hat sich f\u00fcr diese neutrale Veranda-Farbe ausgew\u00e4hlt-Nachlassexperten sagen - Nachrichten - Stra\u00dfenweb\",\"isPartOf\":{\"@id\":\"https:\\\/\\\/www.strassenweb.de\\\/nachrichten\\\/#website\"},\"primaryImageOfPage\":{\"@id\":\"https:\\\/\\\/www.strassenweb.de\\\/nachrichten\\\/kevin-bacon-hat-sich-fuer-diese-neutrale-veranda-farbe-ausgewaehlt-nachlassexperten-sagen\\\/#primaryimage\"},\"image\":{\"@id\":\"https:\\\/\\\/www.strassenweb.de\\\/nachrichten\\\/kevin-bacon-hat-sich-fuer-diese-neutrale-veranda-farbe-ausgewaehlt-nachlassexperten-sagen\\\/#primaryimage\"},\"thumbnailUrl\":\"https:\\\/\\\/www.strassenweb.de\\\/nachrichten\\\/wp-content\\\/uploads\\\/2025\\\/08\\\/Kevin-Bacon-hat-sich-fuer-diese-neutrale-Veranda-Farbe-ausgewaehlt-Nachlassexperten-sagen.jpg\",\"datePublished\":\"2025-08-15T14:44:57+00:00\",\"dateModified\":\"2025-08-15T14:44:58+00:00\",\"breadcrumb\":{\"@id\":\"https:\\\/\\\/www.strassenweb.de\\\/nachrichten\\\/kevin-bacon-hat-sich-fuer-diese-neutrale-veranda-farbe-ausgewaehlt-nachlassexperten-sagen\\\/#breadcrumb\"},\"inLanguage\":\"de\",\"potentialAction\":[{\"@type\":\"ReadAction\",\"target\":[\"https:\\\/\\\/www.strassenweb.de\\\/nachrichten\\\/kevin-bacon-hat-sich-fuer-diese-neutrale-veranda-farbe-ausgewaehlt-nachlassexperten-sagen\\\/\"]}]},{\"@type\":\"ImageObject\",\"inLanguage\":\"de\",\"@id\":\"https:\\\/\\\/www.strassenweb.de\\\/nachrichten\\\/kevin-bacon-hat-sich-fuer-diese-neutrale-veranda-farbe-ausgewaehlt-nachlassexperten-sagen\\\/#primaryimage\",\"url\":\"https:\\\/\\\/www.strassenweb.de\\\/nachrichten\\\/wp-content\\\/uploads\\\/2025\\\/08\\\/Kevin-Bacon-hat-sich-fuer-diese-neutrale-Veranda-Farbe-ausgewaehlt-Nachlassexperten-sagen.jpg\",\"contentUrl\":\"https:\\\/\\\/www.strassenweb.de\\\/nachrichten\\\/wp-content\\\/uploads\\\/2025\\\/08\\\/Kevin-Bacon-hat-sich-fuer-diese-neutrale-Veranda-Farbe-ausgewaehlt-Nachlassexperten-sagen.jpg\",\"width\":1600,\"height\":900,\"caption\":\"Kevin Bacon\"},{\"@type\":\"BreadcrumbList\",\"@id\":\"https:\\\/\\\/www.strassenweb.de\\\/nachrichten\\\/kevin-bacon-hat-sich-fuer-diese-neutrale-veranda-farbe-ausgewaehlt-nachlassexperten-sagen\\\/#breadcrumb\",\"itemListElement\":[{\"@type\":\"ListItem\",\"position\":1,\"name\":\"Home\",\"item\":\"https:\\\/\\\/www.strassenweb.de\\\/nachrichten\\\/\"},{\"@type\":\"ListItem\",\"position\":2,\"name\":\"Kevin Bacon hat sich f\u00fcr diese neutrale Veranda-Farbe ausgew\u00e4hlt-Nachlassexperten sagen\"}]},{\"@type\":\"WebSite\",\"@id\":\"https:\\\/\\\/www.strassenweb.de\\\/nachrichten\\\/#website\",\"url\":\"https:\\\/\\\/www.strassenweb.de\\\/nachrichten\\\/\",\"name\":\"Stra\u00dfenweb\",\"description\":\"Stra\u00dfenverzeichnis f\u00fcr Deutschland\",\"publisher\":{\"@id\":\"https:\\\/\\\/www.strassenweb.de\\\/nachrichten\\\/#organization\"},\"potentialAction\":[{\"@type\":\"SearchAction\",\"target\":{\"@type\":\"EntryPoint\",\"urlTemplate\":\"https:\\\/\\\/www.strassenweb.de\\\/nachrichten\\\/?s={search_term_string}\"},\"query-input\":{\"@type\":\"PropertyValueSpecification\",\"valueRequired\":true,\"valueName\":\"search_term_string\"}}],\"inLanguage\":\"de\"},{\"@type\":\"Organization\",\"@id\":\"https:\\\/\\\/www.strassenweb.de\\\/nachrichten\\\/#organization\",\"name\":\"Stra\u00dfenweb\",\"url\":\"https:\\\/\\\/www.strassenweb.de\\\/nachrichten\\\/\",\"logo\":{\"@type\":\"ImageObject\",\"inLanguage\":\"de\",\"@id\":\"https:\\\/\\\/www.strassenweb.de\\\/nachrichten\\\/#\\\/schema\\\/logo\\\/image\\\/\",\"url\":\"https:\\\/\\\/www.strassenweb.de\\\/nachrichten\\\/wp-content\\\/uploads\\\/2024\\\/09\\\/cropped-favicon.png\",\"contentUrl\":\"https:\\\/\\\/www.strassenweb.de\\\/nachrichten\\\/wp-content\\\/uploads\\\/2024\\\/09\\\/cropped-favicon.png\",\"width\":512,\"height\":512,\"caption\":\"Stra\u00dfenweb\"},\"image\":{\"@id\":\"https:\\\/\\\/www.strassenweb.de\\\/nachrichten\\\/#\\\/schema\\\/logo\\\/image\\\/\"},\"sameAs\":[\"https:\\\/\\\/www.facebook.com\\\/strassenweb\\\/\"]},{\"@type\":\"Person\",\"@id\":\"https:\\\/\\\/www.strassenweb.de\\\/nachrichten\\\/#\\\/schema\\\/person\\\/87c9c9067f1211da429a744dc5a5aa41\",\"name\":\"Robert Hoffmann\",\"image\":{\"@type\":\"ImageObject\",\"inLanguage\":\"de\",\"@id\":\"https:\\\/\\\/www.strassenweb.de\\\/nachrichten\\\/wp-content\\\/uploads\\\/2024\\\/09\\\/strassenweb-150x150.jpg\",\"url\":\"https:\\\/\\\/www.strassenweb.de\\\/nachrichten\\\/wp-content\\\/uploads\\\/2024\\\/09\\\/strassenweb-150x150.jpg\",\"contentUrl\":\"https:\\\/\\\/www.strassenweb.de\\\/nachrichten\\\/wp-content\\\/uploads\\\/2024\\\/09\\\/strassenweb-150x150.jpg\",\"caption\":\"Robert Hoffmann\"},\"description\":\"Ich hei\u00dfe Robert Hoffmann und ich bin ein leidenschaftlicher Verfechter von \u00d6kologie und Biodiversit\u00e4t. Seit meiner Kindheit in den W\u00e4ldern Bayerns f\u00fchle ich mich mit der Natur verbunden und bin entschlossen, sie zu sch\u00fctzen. Heute widme ich mein Leben der Sensibilisierung anderer f\u00fcr die Bedeutung des Umweltschutzes f\u00fcr zuk\u00fcnftige Generationen.\",\"sameAs\":[\"https:\\\/\\\/www.strassenweb.de\\\/\"]}]}<\/script>\n<!-- \/ Yoast SEO plugin. -->","yoast_head_json":{"title":"Kevin Bacon hat sich f\u00fcr diese neutrale Veranda-Farbe ausgew\u00e4hlt-Nachlassexperten sagen - Nachrichten - Stra\u00dfenweb","robots":{"index":"index","follow":"follow","max-snippet":"max-snippet:-1","max-image-preview":"max-image-preview:large","max-video-preview":"max-video-preview:-1"},"canonical":"https:\/\/www.strassenweb.de\/nachrichten\/kevin-bacon-hat-sich-fuer-diese-neutrale-veranda-farbe-ausgewaehlt-nachlassexperten-sagen\/","og_locale":"de_DE","og_type":"article","og_title":"Kevin Bacon hat sich f\u00fcr diese neutrale Veranda-Farbe ausgew\u00e4hlt-Nachlassexperten sagen - Nachrichten - Stra\u00dfenweb","og_description":"Wenn es um die Verbesserung der Attraktivit\u00e4t des Bordsteins geht, ist Ihre Veranda der nat\u00fcrliche Ausgangspunkt. Dieser Bereich ist daf\u00fcr verantwortlich, den Ton f\u00fcr alle","og_url":"https:\/\/www.strassenweb.de\/nachrichten\/kevin-bacon-hat-sich-fuer-diese-neutrale-veranda-farbe-ausgewaehlt-nachlassexperten-sagen\/","og_site_name":"Stra\u00dfenweb","article_publisher":"https:\/\/www.facebook.com\/strassenweb\/","article_published_time":"2025-08-15T14:44:57+00:00","article_modified_time":"2025-08-15T14:44:58+00:00","og_image":[{"width":1600,"height":900,"url":"https:\/\/www.strassenweb.de\/nachrichten\/wp-content\/uploads\/2025\/08\/Kevin-Bacon-hat-sich-fuer-diese-neutrale-Veranda-Farbe-ausgewaehlt-Nachlassexperten-sagen.jpg","type":"image\/jpeg"}],"author":"Robert Hoffmann","twitter_card":"summary_large_image","twitter_misc":{"Verfasst von":"Robert Hoffmann","Gesch\u00e4tzte Lesezeit":"2\u00a0Minuten"},"schema":{"@context":"https:\/\/schema.org","@graph":[{"@type":"Article","@id":"https:\/\/www.strassenweb.de\/nachrichten\/kevin-bacon-hat-sich-fuer-diese-neutrale-veranda-farbe-ausgewaehlt-nachlassexperten-sagen\/#article","isPartOf":{"@id":"https:\/\/www.strassenweb.de\/nachrichten\/kevin-bacon-hat-sich-fuer-diese-neutrale-veranda-farbe-ausgewaehlt-nachlassexperten-sagen\/"},"author":{"name":"Robert Hoffmann","@id":"https:\/\/www.strassenweb.de\/nachrichten\/#\/schema\/person\/87c9c9067f1211da429a744dc5a5aa41"},"headline":"Kevin Bacon hat sich f\u00fcr diese neutrale Veranda-Farbe ausgew\u00e4hlt-Nachlassexperten sagen","datePublished":"2025-08-15T14:44:57+00:00","dateModified":"2025-08-15T14:44:58+00:00","mainEntityOfPage":{"@id":"https:\/\/www.strassenweb.de\/nachrichten\/kevin-bacon-hat-sich-fuer-diese-neutrale-veranda-farbe-ausgewaehlt-nachlassexperten-sagen\/"},"wordCount":495,"publisher":{"@id":"https:\/\/www.strassenweb.de\/nachrichten\/#organization"},"image":{"@id":"https:\/\/www.strassenweb.de\/nachrichten\/kevin-bacon-hat-sich-fuer-diese-neutrale-veranda-farbe-ausgewaehlt-nachlassexperten-sagen\/#primaryimage"},"thumbnailUrl":"https:\/\/www.strassenweb.de\/nachrichten\/wp-content\/uploads\/2025\/08\/Kevin-Bacon-hat-sich-fuer-diese-neutrale-Veranda-Farbe-ausgewaehlt-Nachlassexperten-sagen.jpg","keywords":["ausgew\u00e4hltNachlassexperten","Bacon","diese","f\u00fcr","hat","Kevin","Neutrale","sagen","sich","VerandaFarbe"],"articleSection":["Haus &amp; Garten"],"inLanguage":"de"},{"@type":"WebPage","@id":"https:\/\/www.strassenweb.de\/nachrichten\/kevin-bacon-hat-sich-fuer-diese-neutrale-veranda-farbe-ausgewaehlt-nachlassexperten-sagen\/","url":"https:\/\/www.strassenweb.de\/nachrichten\/kevin-bacon-hat-sich-fuer-diese-neutrale-veranda-farbe-ausgewaehlt-nachlassexperten-sagen\/","name":"Kevin Bacon hat sich f\u00fcr diese neutrale Veranda-Farbe ausgew\u00e4hlt-Nachlassexperten sagen - Nachrichten - Stra\u00dfenweb","isPartOf":{"@id":"https:\/\/www.strassenweb.de\/nachrichten\/#website"},"primaryImageOfPage":{"@id":"https:\/\/www.strassenweb.de\/nachrichten\/kevin-bacon-hat-sich-fuer-diese-neutrale-veranda-farbe-ausgewaehlt-nachlassexperten-sagen\/#primaryimage"},"image":{"@id":"https:\/\/www.strassenweb.de\/nachrichten\/kevin-bacon-hat-sich-fuer-diese-neutrale-veranda-farbe-ausgewaehlt-nachlassexperten-sagen\/#primaryimage"},"thumbnailUrl":"https:\/\/www.strassenweb.de\/nachrichten\/wp-content\/uploads\/2025\/08\/Kevin-Bacon-hat-sich-fuer-diese-neutrale-Veranda-Farbe-ausgewaehlt-Nachlassexperten-sagen.jpg","datePublished":"2025-08-15T14:44:57+00:00","dateModified":"2025-08-15T14:44:58+00:00","breadcrumb":{"@id":"https:\/\/www.strassenweb.de\/nachrichten\/kevin-bacon-hat-sich-fuer-diese-neutrale-veranda-farbe-ausgewaehlt-nachlassexperten-sagen\/#breadcrumb"},"inLanguage":"de","potentialAction":[{"@type":"ReadAction","target":["https:\/\/www.strassenweb.de\/nachrichten\/kevin-bacon-hat-sich-fuer-diese-neutrale-veranda-farbe-ausgewaehlt-nachlassexperten-sagen\/"]}]},{"@type":"ImageObject","inLanguage":"de","@id":"https:\/\/www.strassenweb.de\/nachrichten\/kevin-bacon-hat-sich-fuer-diese-neutrale-veranda-farbe-ausgewaehlt-nachlassexperten-sagen\/#primaryimage","url":"https:\/\/www.strassenweb.de\/nachrichten\/wp-content\/uploads\/2025\/08\/Kevin-Bacon-hat-sich-fuer-diese-neutrale-Veranda-Farbe-ausgewaehlt-Nachlassexperten-sagen.jpg","contentUrl":"https:\/\/www.strassenweb.de\/nachrichten\/wp-content\/uploads\/2025\/08\/Kevin-Bacon-hat-sich-fuer-diese-neutrale-Veranda-Farbe-ausgewaehlt-Nachlassexperten-sagen.jpg","width":1600,"height":900,"caption":"Kevin Bacon"},{"@type":"BreadcrumbList","@id":"https:\/\/www.strassenweb.de\/nachrichten\/kevin-bacon-hat-sich-fuer-diese-neutrale-veranda-farbe-ausgewaehlt-nachlassexperten-sagen\/#breadcrumb","itemListElement":[{"@type":"ListItem","position":1,"name":"Home","item":"https:\/\/www.strassenweb.de\/nachrichten\/"},{"@type":"ListItem","position":2,"name":"Kevin Bacon hat sich f\u00fcr diese neutrale Veranda-Farbe ausgew\u00e4hlt-Nachlassexperten sagen"}]},{"@type":"WebSite","@id":"https:\/\/www.strassenweb.de\/nachrichten\/#website","url":"https:\/\/www.strassenweb.de\/nachrichten\/","name":"Stra\u00dfenweb","description":"Stra\u00dfenverzeichnis f\u00fcr Deutschland","publisher":{"@id":"https:\/\/www.strassenweb.de\/nachrichten\/#organization"},"potentialAction":[{"@type":"SearchAction","target":{"@type":"EntryPoint","urlTemplate":"https:\/\/www.strassenweb.de\/nachrichten\/?s={search_term_string}"},"query-input":{"@type":"PropertyValueSpecification","valueRequired":true,"valueName":"search_term_string"}}],"inLanguage":"de"},{"@type":"Organization","@id":"https:\/\/www.strassenweb.de\/nachrichten\/#organization","name":"Stra\u00dfenweb","url":"https:\/\/www.strassenweb.de\/nachrichten\/","logo":{"@type":"ImageObject","inLanguage":"de","@id":"https:\/\/www.strassenweb.de\/nachrichten\/#\/schema\/logo\/image\/","url":"https:\/\/www.strassenweb.de\/nachrichten\/wp-content\/uploads\/2024\/09\/cropped-favicon.png","contentUrl":"https:\/\/www.strassenweb.de\/nachrichten\/wp-content\/uploads\/2024\/09\/cropped-favicon.png","width":512,"height":512,"caption":"Stra\u00dfenweb"},"image":{"@id":"https:\/\/www.strassenweb.de\/nachrichten\/#\/schema\/logo\/image\/"},"sameAs":["https:\/\/www.facebook.com\/strassenweb\/"]},{"@type":"Person","@id":"https:\/\/www.strassenweb.de\/nachrichten\/#\/schema\/person\/87c9c9067f1211da429a744dc5a5aa41","name":"Robert Hoffmann","image":{"@type":"ImageObject","inLanguage":"de","@id":"https:\/\/www.strassenweb.de\/nachrichten\/wp-content\/uploads\/2024\/09\/strassenweb-150x150.jpg","url":"https:\/\/www.strassenweb.de\/nachrichten\/wp-content\/uploads\/2024\/09\/strassenweb-150x150.jpg","contentUrl":"https:\/\/www.strassenweb.de\/nachrichten\/wp-content\/uploads\/2024\/09\/strassenweb-150x150.jpg","caption":"Robert Hoffmann"},"description":"Ich hei\u00dfe Robert Hoffmann und ich bin ein leidenschaftlicher Verfechter von \u00d6kologie und Biodiversit\u00e4t. Seit meiner Kindheit in den W\u00e4ldern Bayerns f\u00fchle ich mich mit der Natur verbunden und bin entschlossen, sie zu sch\u00fctzen. Heute widme ich mein Leben der Sensibilisierung anderer f\u00fcr die Bedeutung des Umweltschutzes f\u00fcr zuk\u00fcnftige Generationen.","sameAs":["https:\/\/www.strassenweb.de\/"]}]}},"_links":{"self":[{"href":"https:\/\/www.strassenweb.de\/nachrichten\/wp-json\/wp\/v2\/posts\/6966","targetHints":{"allow":["GET"]}}],"collection":[{"href":"https:\/\/www.strassenweb.de\/nachrichten\/wp-json\/wp\/v2\/posts"}],"about":[{"href":"https:\/\/www.strassenweb.de\/nachrichten\/wp-json\/wp\/v2\/types\/post"}],"author":[{"embeddable":true,"href":"https:\/\/www.strassenweb.de\/nachrichten\/wp-json\/wp\/v2\/users\/1"}],"replies":[{"embeddable":true,"href":"https:\/\/www.strassenweb.de\/nachrichten\/wp-json\/wp\/v2\/comments?post=6966"}],"version-history":[{"count":0,"href":"https:\/\/www.strassenweb.de\/nachrichten\/wp-json\/wp\/v2\/posts\/6966\/revisions"}],"wp:featuredmedia":[{"embeddable":true,"href":"https:\/\/www.strassenweb.de\/nachrichten\/wp-json\/wp\/v2\/media\/6967"}],"wp:attachment":[{"href":"https:\/\/www.strassenweb.de\/nachrichten\/wp-json\/wp\/v2\/media?parent=6966"}],"wp:term":[{"taxonomy":"category","embeddable":true,"href":"https:\/\/www.strassenweb.de\/nachrichten\/wp-json\/wp\/v2\/categories?post=6966"},{"taxonomy":"post_tag","embeddable":true,"href":"https:\/\/www.strassenweb.de\/nachrichten\/wp-json\/wp\/v2\/tags?post=6966"}],"curies":[{"name":"wp","href":"https:\/\/api.w.org\/{rel}","templated":true}]}}