{"id":6963,"date":"2025-08-15T13:39:45","date_gmt":"2025-08-15T11:39:45","guid":{"rendered":"https:\/\/www.strassenweb.de\/nachrichten\/dieses-jahrhundertealte-haus-am-see-wurde-neu-gestalt\/"},"modified":"2025-08-15T13:39:46","modified_gmt":"2025-08-15T11:39:46","slug":"dieses-jahrhundertealte-haus-am-see-wurde-neu-gestalt","status":"publish","type":"post","link":"https:\/\/www.strassenweb.de\/nachrichten\/dieses-jahrhundertealte-haus-am-see-wurde-neu-gestalt\/","title":{"rendered":"Dieses jahrhundertealte Haus am See wurde neu gestalt"},"content":{"rendered":"<p><\/p>\n<div id=\"article-body\" class=\"article__body \">\n<p id=\"b11ced18-3737-45f2-823f-a692c7eb9925\">Als ein 100-j\u00e4hriger Haus in Minneapolis nur einen Block vom Minnetonka-See entfernt in den H\u00e4nden des OHO-Innenraums landete, war das wertvollste Kapital-die Aussicht-kaum aus den t\u00e4glichen Wohnr\u00e4umen sichtbar.<\/p>\n<div id=\"ad-unit-1\" class=\"ad-unit\"><\/div>\n<p>Die folgende Neugestaltung (der Swansong am Ende einer langen Liste von Renovierungsprojekten, die diese Immobilie gesehen hat) konzentrierte sich darauf, dieses Familienhaus zur\u00fcck in seine Wurzeln des Seehaus zur\u00fcckzubringen. Die Innenr\u00e4ume sind direkt aus dem nahe gelegenen Wasser gezogen und sind ruhig und doch tief erdenkend, mit unerwarteten Designmomenten, die Wow.<\/p>\n<p>Denken Sie an mit Stars besetzte Pantry-T\u00fcren, eine kurvige Nische, die zum F\u00e4rben ausgestattet ist, und einem blauen Marmor, der einer zeitlosen K\u00fcche launisch ist. Dieses stimmungsvolle skandinavische Design hat die Aufgabe, den im Laufe der Jahre verlorenen Charakter wieder einzustellen, und hat kleine, familiengef\u00fchrte \u00dcberraschungen, die dazu beitragen, ein ganz besonderes Zuhause zu schaffen.<\/p>\n<div class=\"van_vid_carousel\">\n<div class=\"van_vid_carousel__padding\">\n<div class=\"van_vid_carousel__container\"><\/div>\n<\/div>\n<\/div>\n<figure class=\"van-image-figure inline-layout \" data-bordeaux-image-check id=\"87d677de-de4e-4d61-88d1-44631b8f15ef\">\n<div class=\"image-full-width-wrapper\">\n<div class=\"image-widthsetter\" style=\"max-width:2000px;\"><\/div>\n<\/div>\n<\/figure>\n<p id=\"8393a6b0-02c5-4cfd-90e3-9b8ee11204e6\">Die neuen Eigent\u00fcmer, eine junge Familie mit zwei T\u00f6chtern im Alter von sechs und eins, suchten ein Zuhause f\u00fcr immer, das sich sowohl in Bezug auf Sichtlinie als auch in Bezug auf den Geist mit dem Wasser verbunden f\u00fchlte.<\/p>\n<div id=\"ad-unit-2\" class=\"ad-unit\"><\/div>\n<aside data-block-type=\"embed\" data-render-type=\"fte\" data-skip=\"dealsy\" data-widget-type=\"seasonal\" class=\"hawk-base\"><\/aside>\n<p id=\"8393a6b0-02c5-4cfd-90e3-9b8ee11204e6-1\">Zuvor lebten sie nebenan und w\u00fcnschten sich lange einen besseren Blick auf das Wasser. &#8222;Als dieses Haus verf\u00fcgbar wurde, nutzten sie die Chance, ein Zuhause mit besseren Blick auf den See und die Excelsior -Bucht zu schaffen&#8220;, sagt Melissa Oholendt, Gr\u00fcnderin von OHO Interiors. Diese Vision wurde zur Leitkraft des gesamten Umbaues.<\/p>\n<p>&#8222;Der See war der Grund, warum sie das Haus gekauft haben, also war es unsere Aufgabe, sicherzustellen, dass sie es aus so vielen Zimmern wie m\u00f6glich genie\u00dfen k\u00f6nnen&#8220;, f\u00fcgt Melissa hinzu.<\/p>\n<figure class=\"van-image-figure inline-layout \" data-bordeaux-image-check id=\"e1cabc8a-23fe-41e1-bf04-7df95440d753\">\n<div class=\"image-full-width-wrapper\">\n<div class=\"image-widthsetter\" style=\"max-width:2000px;\"><\/div>\n<\/div>\n<\/figure>\n<p id=\"5d72fdaa-2520-4a0d-83c9-8be04d4c0751\">Dieses 100-j\u00e4hrige Haus war in seiner Zeit das Opfer vieler Umbauten geworden und hatte keinen Zusammenhalt. Von Anfang an stimmten die Hausbesitzer und OHO-Innenr\u00e4ume auf eine einzelne Mission aus: Das Haus sollte sich in seiner Umgebung am See verwurzelt f\u00fchlen, ohne sich auf die buchst\u00e4bliche K\u00fcstendekoration zu verlassen.<\/p>\n<div id=\"slice-container-newsletterForm-articleInbodyContent-khnuNVEbzppFZTCXSRcLvJ\" class=\"slice-container newsletter-inbodyContent-slice newsletterForm-articleInbodyContent-khnuNVEbzppFZTCXSRcLvJ slice-container-newsletterForm\"><\/div>\n<p>&#8222;Die Hausbesitzer hofften auf einen gem\u00fctlichen Raum mit stimmungsvollen Farben und klaren Linien, die von skandinavischen Designtraditionen inspiriert wurden, aber f\u00fcr eine Sensibilit\u00e4t des Mittleren Westens neu interpretiert&#8220;, erkl\u00e4rt sie die Vision.<\/p>\n<p>Das daraus resultierende Schema st\u00fctzt sich auf eine ruhige, raffinierte Palette erdiger Neutraler, st\u00fcrmischer Blues und Inky -Holzkohlen, die mit warmen W\u00e4ldern und taktilen Oberfl\u00e4chen geschichtet sind. Das nat\u00fcrliche Licht wurde nach M\u00f6glichkeit genutzt, wodurch diese Verbindung zur Natur vertiefte und Licht- und luftige R\u00e4ume bereitstellte, um diese reichhaltige Farbpalette auszugleichen.<\/p>\n<figure class=\"van-image-figure inline-layout \" data-bordeaux-image-check id=\"a00e1210-a413-4d57-b7ec-847f4d6eed3c\">\n<div class=\"image-full-width-wrapper\">\n<div class=\"image-widthsetter\" style=\"max-width:2000px;\"><\/div>\n<\/div>\n<\/figure>\n<p id=\"3a01eb31-684e-4d4f-81f2-43f7ffbced43\">Durch das Umschalten veralteter Layouts, Vergr\u00f6\u00dferungsfenster und Verbreiterung der \u00d6ffnungen zwischen den R\u00e4umen verwandelte das Designteam die fl\u00fcchtigen Einblicke in den See in einen st\u00e4ndigen Hintergrund f\u00fcr jeden Raum.<\/p>\n<p>&#8222;Die Neuorientierung der Layout- und Fensterplatzierungen, um die Sichtbarkeit des Sees zu maximieren, hat w\u00e4hrend des gesamten Entwurfsprozesses oberste Priorit\u00e4t&#8220;, erkl\u00e4rt Melissa. &#8222;Wir haben die Sehlinien jedes Raumes bewertet und strategische Auswahlm\u00f6glichkeiten getroffen &#8211; um Fenster neu zu ordnen und sogar ganze Funktionen von R\u00e4umen zu ver\u00e4ndern -, um mehr M\u00f6glichkeiten zu schaffen, den See aus t\u00e4glichen Wohnr\u00e4umen zu sehen.&#8220;<\/p>\n<p>Das Ergebnis ist ein nicht nur nachtischer R\u00fcckzugsort, der die charmante Lage des Hauses ehrt und gleichzeitig ihnen hilft, das moderne Familienleben zu nutzen.<\/p>\n<figure class=\"van-image-figure inline-layout \" data-bordeaux-image-check id=\"efd3ea9d-1079-49b9-b996-0d5584148d2c\">\n<div class=\"image-full-width-wrapper\">\n<div class=\"image-widthsetter\" style=\"max-width:2400px;\"><\/div>\n<\/div>\n<\/figure>\n<p id=\"8b57b16d-d0d5-493c-b6c1-2b3c930b81aa\">Der zuvor isolierte K\u00fcchenumbau war eine der gr\u00f6\u00dften strukturellen Transformationen.<\/p>\n<p>&#8222;Urspr\u00fcnglich war es ein geschlossener, getrennter Raum ohne wirkliche Verbindung zur Aussicht&#8220;, erkl\u00e4rt Melissa. &#8222;Als das Vertrauen mit den Kunden zunahm, konnten wir den Geltungsbereich um die K\u00fcche in die Renovierung einbeziehen.&#8220;<\/p>\n<p>&#8222;Das erm\u00f6glichte es uns, es zu \u00f6ffnen, die Insel zu drehen und die Fenster zu vergr\u00f6\u00dfern &#8211; all das brachte das nat\u00fcrliche Licht hinein und umrahmte den See wundersch\u00f6n aus dem Herzen des Hauses.&#8220;<\/p>\n<figure class=\"van-image-figure inline-layout \" data-bordeaux-image-check id=\"ce6f07b7-1112-431c-aba0-9d0321bf3f8c\">\n<div class=\"image-full-width-wrapper\">\n<div class=\"image-widthsetter\" style=\"max-width:2000px;\"><\/div>\n<\/div>\n<\/figure>\n<p id=\"b71e3cc9-04bf-4ae2-9496-5ca13f9ac497\">Melissa, die einen neuen Ansatz f\u00fcr zeitloses Design n\u00e4herte, wollte den Ideen des K\u00fcchenschranks ein \u201ekleines Extra Omph\u201c geben.<\/p>\n<p>W\u00e4hrend klassische Shaker -Fronten an anderer Stelle im Haus erscheinen, wurde die K\u00fcche, die in Benjamin Moores Steinherd verschmutzt ist, eine kundenspannende K\u00fcchenschrank, die an den T\u00fcren detailliert ist, um das klassische Profil zu erh\u00f6hen.<\/p>\n<p>Die gleiche Perle wurde dann auf die Plattenfrontschubladen getragen und mit herk\u00f6mmlicher Messinghardware ausgestattet, wodurch ein subtiles Gef\u00fchl der Handwerkskunst vermittelt wird, das sich sowohl klassisch als auch aktuell anf\u00fchlt. Die gro\u00dfz\u00fcgigen Proportionen der K\u00fccheninsel laden Versammlungen ein, w\u00e4hrend der \u00dcberhang von Thekenhocker im Vintage-Stil umrahmt wird, die einen weichen Kontrast zu den erdigen Farben bieten und ausreichend Sitzgelegenheiten f\u00fcr l\u00e4ssiges Essen bieten.<\/p>\n<div class=\"product-container horizontal-product-container\">\n<div class=\"product-block-row\"><\/div>\n<\/div>\n<figure class=\"van-image-figure inline-layout \" data-bordeaux-image-check id=\"c4505756-c473-41b8-9cd6-f3a41a940491\">\n<div class=\"image-full-width-wrapper\">\n<div class=\"image-widthsetter\" style=\"max-width:2000px;\"><\/div>\n<\/div>\n<\/figure>\n<p id=\"5fa1e8d1-1bb7-4712-bcdd-8ba8144cec94\">Die k\u00fchnste Designwahl in dieser erdigen K\u00fcche kam in Form der K\u00fcchenarbeitsplatten.<\/p>\n<p>W\u00e4hrend einer \u00fcberraschend schnellen Reise zum Steinhof verliebten sich sowohl der Designer als auch die Kunden sofort in eine auff\u00e4llige Ijen Blue Quarzite -Platte. Seine wirbelnden Blues und Graut\u00f6ne laden eine nat\u00fcrliche Anspielung auf die Wellen des Minnetonka -Sees ein, die nur wenige Schritte vom Haus entfernt sind.<\/p>\n<p>&#8222;Wenn wir einen Kunden finden, der bereit ist, mit einer starken Pers\u00f6nlichkeit zu einer Steinplatte Ja zu sagen, rennen wir damit, und diese K\u00fcche spricht f\u00fcr die Bereitschaft, sich zu verlieben und ein Risiko mit einem Stein einzugehen, der nicht auf Nummer sicher ist&#8220;, sagt Melissa.<\/p>\n<p>Kombiniert wunderbar mit mix metallpolierten Nickelarm\u00e4uren, die gegen die Warm -Messing -Hardware und die Beleuchtungsk\u00f6rper abspielen, ist das perfekte Beispiel f\u00fcr die F\u00e4higkeit von OHO Interiors, Designentscheidungen zu treffen, die sowohl gewagte als auch zeitlos sind.<\/p>\n<figure class=\"van-image-figure inline-layout \" data-bordeaux-image-check id=\"4e36a627-7d75-42c9-80e3-b61cbec4b1ce\">\n<div class=\"image-full-width-wrapper\">\n<div class=\"image-widthsetter\" style=\"max-width:2000px;\"><\/div>\n<\/div>\n<\/figure>\n<p id=\"04554b0b-e2c8-40c2-b5f5-75e391ce02bf\">Um die W\u00e4rme der Schr\u00e4nke und die St\u00e4rke des Steins auszugleichen, wurde die Streckhaube mit einer m\u00e4nnlicheren, architektonischen Form ausgestattet, aber in Gips zu einem weicheren, organischen Gef\u00fchl fertiggestellt.<\/p>\n<p>Von zwei Fenstern flankiert, dominiert die Extraktorhaube nicht, sondern \u201ebrachte eine ruhige Bewegung in den Raum\u201c, f\u00fcgt Melissa hinzu.<\/p>\n<p>&#8222;Die Mischung aus den weiblichen und m\u00e4nnlichen Elementen verleiht dem Raum, der sonst nicht erreichbar gewesen w\u00e4re, wirklich ein Gef\u00fchl der Best\u00e4ndigkeit, und wir sind so dankbar f\u00fcr erstaunliche Kunden, die uns vertrauten, diese Vision zum Leben zu erwecken!&#8220;<\/p>\n<figure class=\"van-image-figure inline-layout \" data-bordeaux-image-check id=\"c3b307ee-96c6-4154-a0f0-4bbb4b529002\">\n<div class=\"image-full-width-wrapper\">\n<div class=\"image-widthsetter\" style=\"max-width:2000px;\"><\/div>\n<\/div>\n<\/figure>\n<p id=\"4486c24c-c03d-4f52-98dc-bce7765c13c0\">Nat\u00fcrlich hat der See das Layout nicht nur geformt, sondern auch das Stimmungs- und Farbschema f\u00fcr das ganze Zuhause inspiriert.<\/p>\n<p>Die Palette liefert auch nahtlose \u00dcberg\u00e4nge zwischen den offenen R\u00e4umen. Das Auge bewegt sich von einem Raum in den n\u00e4chsten ohne abrupte Kontraste, aber subtile tonale Ver\u00e4nderungen halten die Reise interessant. Infolgedessen f\u00fchlt sich jedes Zimmer, ob es sich um die K\u00fcche oder eine gem\u00fctliche Leseecke handelt, mit derselben Geschichte verbunden.<\/p>\n<p>Licht spielt hier eine entscheidende Rolle: In einigen R\u00e4umen w\u00e4scht es die Farben in weichere, subtilere Versionen, w\u00e4hrend es in anderen die Tiefe intensiviert, wie in diesem stimmungsvollen Wohnzimmer, das in einem anspruchsvollen, aber kokonischen Gr\u00fcn durchtr\u00e4nkt ist.<\/p>\n<figure class=\"van-image-figure inline-layout \" data-bordeaux-image-check id=\"1443fdf4-1865-4533-8d59-717d1a9ddd42\">\n<div class=\"image-full-width-wrapper\">\n<div class=\"image-widthsetter\" style=\"max-width:2000px;\"><\/div>\n<\/div>\n<\/figure>\n<p id=\"0c497e79-2974-40e3-97d4-69c07fdc0d03\">&#8222;Der See hat auch einen Gro\u00dfteil der Farbpalette und dem Gef\u00fchl des Hauses inspiriert&#8220;, sagt Melissa. &#8222;Wir wollten, dass sich die Innenr\u00e4ume ruhig, geerdet und mit der nat\u00fcrlichen Umgebung verbunden f\u00fchlen. Deshalb haben wir tiefere, stimmungsvollere T\u00f6ne mit reichhaltiger Holz und zeitlosen Materialien geschichtet, die sich f\u00fcr ein Heim am See anf\u00fchlen.&#8220;<\/p>\n<p>&#8222;Es ist keine buchst\u00e4bliche Einstellung zu K\u00fcsten- oder nautischem Design, aber es gibt jetzt einen ruhigen Rhythmus f\u00fcr das Haus, der die Friedensf\u00e4higkeit des Nahwassers widerspiegelt&#8220;, f\u00fcgt sie hinzu.<\/p>\n<figure class=\"van-image-figure inline-layout \" data-bordeaux-image-check id=\"221c1635-26ca-40b4-b716-cb502ee78a0b\">\n<div class=\"image-full-width-wrapper\">\n<div class=\"image-widthsetter\" style=\"max-width:2000px;\"><\/div>\n<\/div>\n<\/figure>\n<p id=\"b5c660f7-b3f6-4795-80be-862a08d47d9a\">In einem Haus f\u00fcr Familienleben wurden selbst die praktischsten R\u00e4ume mit Absicht behandelt &#8211; und die Speisekammer ist ein perfektes Beispiel.<\/p>\n<p>&#8222;Die Pantry -Aufbewahrung befindet sich an einem gut sichtbaren Ort, sodass sie ma\u00dfgeschneiderte T\u00fcren mit Sternausschnitten haben und aus dem Utilitarian etwas Besonderes machen&#8220;, erkl\u00e4rt Melissa dieses spielerische, aber raffinierte Detail, das jedes Mal begeistert, wenn sie gesehen wird.<\/p>\n<p>Durch das Hinzuf\u00fcgen dieser unerwarteten Momente sorgte das Designteam daf\u00fcr, dass sich die t\u00e4glichen Routinen der Familie genauso angesehen und fr\u00f6hlich anf\u00fchlten, wie ihre Zeit in den gr\u00f6\u00dferen R\u00e4umen des Hauses verbracht.<\/p>\n<figure class=\"van-image-figure inline-layout \" data-bordeaux-image-check id=\"115202a8-68d8-4dd0-b925-c1476bd5783f\">\n<div class=\"image-full-width-wrapper\">\n<div class=\"image-widthsetter\" style=\"max-width:2000px;\"><\/div>\n<\/div>\n<\/figure>\n<p id=\"967772b3-61a5-4fb8-86ed-5435bd0a5764\">Eine der charmantesten-und vielleicht am nachdenklichsten-am meisten nachdenkendsten-in der Wohnung ist der eingebaute Schreibtisch und die F\u00e4rbung, die f\u00fcr die sechsj\u00e4hrige Tochter der Hausbesitzer erstellt wurde.<\/p>\n<p>&#8222;Dies war nicht etwas, wonach die Kunden ausdr\u00fccklich gefragt haben, sondern es wurde aus dem Wunsch geboren, etwas Praktisches und Magisches zu schaffen, das sich mit ihr entwickeln w\u00fcrde, wenn sie w\u00e4chst&#8220;, erkl\u00e4rt Melissa.<\/p>\n<p>&#8218;Die Inspiration war eine Mischung aus Funktionalit\u00e4t und Charme &#8211; wir wollten etwas, das sich absichtlich und architektonisch anf\u00fchlte, nicht nur M\u00f6bel, die einem Raum hinzugef\u00fcgt wurden. Die Materialien und gebogenen Details spiegeln den Rest des Hauses wider, und wenn er in Farrow &#038; Ball hellblau Nr. 22 farblich getrunken ist, nimmt das eingebaute zeitlose, integrierte Gef\u00fchl an. Es ist ein kleiner, aber zutiefst pers\u00f6nlicher Raum, der dem Haus viel Herz verleiht. &#8218;<\/p>\n<p>&#8222;Die Familie wollte ein f\u00fcr immer zu Hause, und wir wollten einen Raum entwerfen, der jetzt und in Zukunft die Kinderbed\u00fcrfnisse unterst\u00fctzen k\u00f6nnte.&#8220;<\/p>\n<h2 id=\"shop-the-look-3\">Kaufen Sie den Look ein<\/h2>\n<div class=\"product-container hero-product-container product-block-no-wrap\">\n<div class=\"product-block-row\"><\/div>\n<div class=\"product-block-row\"><\/div>\n<div class=\"product-block-row\"><\/div>\n<div class=\"product-block-row\"><\/div>\n<div class=\"product-block-row\"><\/div>\n<div class=\"product-block-row\"><\/div>\n<\/div>\n<hr id=\"74fcb5fa-eeb9-4a80-bbf5-4d34f201e12b\">\n<p id=\"2d481abf-6770-4b61-ac2c-9ace4c90cfc2\">Durch die Herstellung der T\u00f6ne, Texturen und Stimmungen des Minnetonka -Sees hat OHO Interiors einen Raum geschaffen, der sich in seiner Umgebung tief verwurzelt f\u00fchlt, aber v\u00f6llig modern und f\u00fcr das Leben in der Familie geeignet ist. Jedes Detail, von der geschichteten, aber launischen Farbpalette bis hin zu den benutzerdefinierten Schr\u00e4nken und den neu konfigurierten Sichtlinien, die das Wasser rahmen, erinnern sich an die Verbindung des Hauses zum See.<\/p>\n<\/div>\n","protected":false},"excerpt":{"rendered":"<p>Als ein 100-j\u00e4hriger Haus in Minneapolis nur einen Block vom Minnetonka-See entfernt in den H\u00e4nden des OHO-Innenraums landete, war das wertvollste Kapital-die Aussicht-kaum aus den<\/p>\n","protected":false},"author":1,"featured_media":6964,"comment_status":"closed","ping_status":"","sticky":false,"template":"","format":"standard","meta":{"footnotes":""},"categories":[118],"tags":[531,7447,125,9406,191,1529],"class_list":["post-6963","post","type-post","status-publish","format-standard","has-post-thumbnail","hentry","category-haus-garten","tag-dieses","tag-gestalt","tag-haus","tag-jahrhundertealte","tag-neu","tag-wuerde","generate-columns","tablet-grid-50","mobile-grid-100","grid-parent","grid-50"],"yoast_head":"<!-- This site is optimized with the Yoast SEO plugin v27.3 - https:\/\/yoast.com\/product\/yoast-seo-wordpress\/ -->\n<title>Dieses jahrhundertealte Haus am See wurde neu gestalt - Nachrichten - Stra\u00dfenweb<\/title>\n<meta name=\"robots\" content=\"index, follow, max-snippet:-1, max-image-preview:large, max-video-preview:-1\" \/>\n<link rel=\"canonical\" href=\"https:\/\/www.strassenweb.de\/nachrichten\/dieses-jahrhundertealte-haus-am-see-wurde-neu-gestalt\/\" \/>\n<meta property=\"og:locale\" content=\"de_DE\" \/>\n<meta property=\"og:type\" content=\"article\" \/>\n<meta property=\"og:title\" content=\"Dieses jahrhundertealte Haus am See wurde neu gestalt - Nachrichten - Stra\u00dfenweb\" \/>\n<meta property=\"og:description\" content=\"Als ein 100-j\u00e4hriger Haus in Minneapolis nur einen Block vom Minnetonka-See entfernt in den H\u00e4nden des OHO-Innenraums landete, war das wertvollste Kapital-die Aussicht-kaum aus den\" \/>\n<meta property=\"og:url\" content=\"https:\/\/www.strassenweb.de\/nachrichten\/dieses-jahrhundertealte-haus-am-see-wurde-neu-gestalt\/\" \/>\n<meta property=\"og:site_name\" content=\"Stra\u00dfenweb\" \/>\n<meta property=\"article:publisher\" content=\"https:\/\/www.facebook.com\/strassenweb\/\" \/>\n<meta property=\"article:published_time\" content=\"2025-08-15T11:39:45+00:00\" \/>\n<meta property=\"article:modified_time\" content=\"2025-08-15T11:39:46+00:00\" \/>\n<meta property=\"og:image\" content=\"https:\/\/www.strassenweb.de\/nachrichten\/wp-content\/uploads\/2025\/08\/Dieses-jahrhundertealte-Haus-am-See-wurde-neu-gestalt.jpg\" \/>\n\t<meta property=\"og:image:width\" content=\"1600\" \/>\n\t<meta property=\"og:image:height\" content=\"900\" \/>\n\t<meta property=\"og:image:type\" content=\"image\/jpeg\" \/>\n<meta name=\"author\" content=\"Robert Hoffmann\" \/>\n<meta name=\"twitter:card\" content=\"summary_large_image\" \/>\n<meta name=\"twitter:label1\" content=\"Verfasst von\" \/>\n\t<meta name=\"twitter:data1\" content=\"Robert Hoffmann\" \/>\n\t<meta name=\"twitter:label2\" content=\"Gesch\u00e4tzte Lesezeit\" \/>\n\t<meta name=\"twitter:data2\" content=\"8\u00a0Minuten\" \/>\n<script type=\"application\/ld+json\" class=\"yoast-schema-graph\">{\"@context\":\"https:\\\/\\\/schema.org\",\"@graph\":[{\"@type\":\"Article\",\"@id\":\"https:\\\/\\\/www.strassenweb.de\\\/nachrichten\\\/dieses-jahrhundertealte-haus-am-see-wurde-neu-gestalt\\\/#article\",\"isPartOf\":{\"@id\":\"https:\\\/\\\/www.strassenweb.de\\\/nachrichten\\\/dieses-jahrhundertealte-haus-am-see-wurde-neu-gestalt\\\/\"},\"author\":{\"name\":\"Robert Hoffmann\",\"@id\":\"https:\\\/\\\/www.strassenweb.de\\\/nachrichten\\\/#\\\/schema\\\/person\\\/87c9c9067f1211da429a744dc5a5aa41\"},\"headline\":\"Dieses jahrhundertealte Haus am See wurde neu gestalt\",\"datePublished\":\"2025-08-15T11:39:45+00:00\",\"dateModified\":\"2025-08-15T11:39:46+00:00\",\"mainEntityOfPage\":{\"@id\":\"https:\\\/\\\/www.strassenweb.de\\\/nachrichten\\\/dieses-jahrhundertealte-haus-am-see-wurde-neu-gestalt\\\/\"},\"wordCount\":1604,\"publisher\":{\"@id\":\"https:\\\/\\\/www.strassenweb.de\\\/nachrichten\\\/#organization\"},\"image\":{\"@id\":\"https:\\\/\\\/www.strassenweb.de\\\/nachrichten\\\/dieses-jahrhundertealte-haus-am-see-wurde-neu-gestalt\\\/#primaryimage\"},\"thumbnailUrl\":\"https:\\\/\\\/www.strassenweb.de\\\/nachrichten\\\/wp-content\\\/uploads\\\/2025\\\/08\\\/Dieses-jahrhundertealte-Haus-am-See-wurde-neu-gestalt.jpg\",\"keywords\":[\"dieses\",\"gestalt\",\"Haus\",\"jahrhundertealte\",\"neu\",\"w\u00fcrde\"],\"articleSection\":[\"Haus &amp; Garten\"],\"inLanguage\":\"de\"},{\"@type\":\"WebPage\",\"@id\":\"https:\\\/\\\/www.strassenweb.de\\\/nachrichten\\\/dieses-jahrhundertealte-haus-am-see-wurde-neu-gestalt\\\/\",\"url\":\"https:\\\/\\\/www.strassenweb.de\\\/nachrichten\\\/dieses-jahrhundertealte-haus-am-see-wurde-neu-gestalt\\\/\",\"name\":\"Dieses jahrhundertealte Haus am See wurde neu gestalt - Nachrichten - Stra\u00dfenweb\",\"isPartOf\":{\"@id\":\"https:\\\/\\\/www.strassenweb.de\\\/nachrichten\\\/#website\"},\"primaryImageOfPage\":{\"@id\":\"https:\\\/\\\/www.strassenweb.de\\\/nachrichten\\\/dieses-jahrhundertealte-haus-am-see-wurde-neu-gestalt\\\/#primaryimage\"},\"image\":{\"@id\":\"https:\\\/\\\/www.strassenweb.de\\\/nachrichten\\\/dieses-jahrhundertealte-haus-am-see-wurde-neu-gestalt\\\/#primaryimage\"},\"thumbnailUrl\":\"https:\\\/\\\/www.strassenweb.de\\\/nachrichten\\\/wp-content\\\/uploads\\\/2025\\\/08\\\/Dieses-jahrhundertealte-Haus-am-See-wurde-neu-gestalt.jpg\",\"datePublished\":\"2025-08-15T11:39:45+00:00\",\"dateModified\":\"2025-08-15T11:39:46+00:00\",\"breadcrumb\":{\"@id\":\"https:\\\/\\\/www.strassenweb.de\\\/nachrichten\\\/dieses-jahrhundertealte-haus-am-see-wurde-neu-gestalt\\\/#breadcrumb\"},\"inLanguage\":\"de\",\"potentialAction\":[{\"@type\":\"ReadAction\",\"target\":[\"https:\\\/\\\/www.strassenweb.de\\\/nachrichten\\\/dieses-jahrhundertealte-haus-am-see-wurde-neu-gestalt\\\/\"]}]},{\"@type\":\"ImageObject\",\"inLanguage\":\"de\",\"@id\":\"https:\\\/\\\/www.strassenweb.de\\\/nachrichten\\\/dieses-jahrhundertealte-haus-am-see-wurde-neu-gestalt\\\/#primaryimage\",\"url\":\"https:\\\/\\\/www.strassenweb.de\\\/nachrichten\\\/wp-content\\\/uploads\\\/2025\\\/08\\\/Dieses-jahrhundertealte-Haus-am-See-wurde-neu-gestalt.jpg\",\"contentUrl\":\"https:\\\/\\\/www.strassenweb.de\\\/nachrichten\\\/wp-content\\\/uploads\\\/2025\\\/08\\\/Dieses-jahrhundertealte-Haus-am-See-wurde-neu-gestalt.jpg\",\"width\":1600,\"height\":900,\"caption\":\"earthy neutral kitchen with large windows out to the lakeside view, a large plaster cooker hood, and blue marble countertops\"},{\"@type\":\"BreadcrumbList\",\"@id\":\"https:\\\/\\\/www.strassenweb.de\\\/nachrichten\\\/dieses-jahrhundertealte-haus-am-see-wurde-neu-gestalt\\\/#breadcrumb\",\"itemListElement\":[{\"@type\":\"ListItem\",\"position\":1,\"name\":\"Home\",\"item\":\"https:\\\/\\\/www.strassenweb.de\\\/nachrichten\\\/\"},{\"@type\":\"ListItem\",\"position\":2,\"name\":\"Dieses jahrhundertealte Haus am See wurde neu gestalt\"}]},{\"@type\":\"WebSite\",\"@id\":\"https:\\\/\\\/www.strassenweb.de\\\/nachrichten\\\/#website\",\"url\":\"https:\\\/\\\/www.strassenweb.de\\\/nachrichten\\\/\",\"name\":\"Stra\u00dfenweb\",\"description\":\"Stra\u00dfenverzeichnis f\u00fcr Deutschland\",\"publisher\":{\"@id\":\"https:\\\/\\\/www.strassenweb.de\\\/nachrichten\\\/#organization\"},\"potentialAction\":[{\"@type\":\"SearchAction\",\"target\":{\"@type\":\"EntryPoint\",\"urlTemplate\":\"https:\\\/\\\/www.strassenweb.de\\\/nachrichten\\\/?s={search_term_string}\"},\"query-input\":{\"@type\":\"PropertyValueSpecification\",\"valueRequired\":true,\"valueName\":\"search_term_string\"}}],\"inLanguage\":\"de\"},{\"@type\":\"Organization\",\"@id\":\"https:\\\/\\\/www.strassenweb.de\\\/nachrichten\\\/#organization\",\"name\":\"Stra\u00dfenweb\",\"url\":\"https:\\\/\\\/www.strassenweb.de\\\/nachrichten\\\/\",\"logo\":{\"@type\":\"ImageObject\",\"inLanguage\":\"de\",\"@id\":\"https:\\\/\\\/www.strassenweb.de\\\/nachrichten\\\/#\\\/schema\\\/logo\\\/image\\\/\",\"url\":\"https:\\\/\\\/www.strassenweb.de\\\/nachrichten\\\/wp-content\\\/uploads\\\/2024\\\/09\\\/cropped-favicon.png\",\"contentUrl\":\"https:\\\/\\\/www.strassenweb.de\\\/nachrichten\\\/wp-content\\\/uploads\\\/2024\\\/09\\\/cropped-favicon.png\",\"width\":512,\"height\":512,\"caption\":\"Stra\u00dfenweb\"},\"image\":{\"@id\":\"https:\\\/\\\/www.strassenweb.de\\\/nachrichten\\\/#\\\/schema\\\/logo\\\/image\\\/\"},\"sameAs\":[\"https:\\\/\\\/www.facebook.com\\\/strassenweb\\\/\"]},{\"@type\":\"Person\",\"@id\":\"https:\\\/\\\/www.strassenweb.de\\\/nachrichten\\\/#\\\/schema\\\/person\\\/87c9c9067f1211da429a744dc5a5aa41\",\"name\":\"Robert Hoffmann\",\"image\":{\"@type\":\"ImageObject\",\"inLanguage\":\"de\",\"@id\":\"https:\\\/\\\/www.strassenweb.de\\\/nachrichten\\\/wp-content\\\/uploads\\\/2024\\\/09\\\/strassenweb-150x150.jpg\",\"url\":\"https:\\\/\\\/www.strassenweb.de\\\/nachrichten\\\/wp-content\\\/uploads\\\/2024\\\/09\\\/strassenweb-150x150.jpg\",\"contentUrl\":\"https:\\\/\\\/www.strassenweb.de\\\/nachrichten\\\/wp-content\\\/uploads\\\/2024\\\/09\\\/strassenweb-150x150.jpg\",\"caption\":\"Robert Hoffmann\"},\"description\":\"Ich hei\u00dfe Robert Hoffmann und ich bin ein leidenschaftlicher Verfechter von \u00d6kologie und Biodiversit\u00e4t. Seit meiner Kindheit in den W\u00e4ldern Bayerns f\u00fchle ich mich mit der Natur verbunden und bin entschlossen, sie zu sch\u00fctzen. Heute widme ich mein Leben der Sensibilisierung anderer f\u00fcr die Bedeutung des Umweltschutzes f\u00fcr zuk\u00fcnftige Generationen.\",\"sameAs\":[\"https:\\\/\\\/www.strassenweb.de\\\/\"]}]}<\/script>\n<!-- \/ Yoast SEO plugin. -->","yoast_head_json":{"title":"Dieses jahrhundertealte Haus am See wurde neu gestalt - Nachrichten - Stra\u00dfenweb","robots":{"index":"index","follow":"follow","max-snippet":"max-snippet:-1","max-image-preview":"max-image-preview:large","max-video-preview":"max-video-preview:-1"},"canonical":"https:\/\/www.strassenweb.de\/nachrichten\/dieses-jahrhundertealte-haus-am-see-wurde-neu-gestalt\/","og_locale":"de_DE","og_type":"article","og_title":"Dieses jahrhundertealte Haus am See wurde neu gestalt - Nachrichten - Stra\u00dfenweb","og_description":"Als ein 100-j\u00e4hriger Haus in Minneapolis nur einen Block vom Minnetonka-See entfernt in den H\u00e4nden des OHO-Innenraums landete, war das wertvollste Kapital-die Aussicht-kaum aus den","og_url":"https:\/\/www.strassenweb.de\/nachrichten\/dieses-jahrhundertealte-haus-am-see-wurde-neu-gestalt\/","og_site_name":"Stra\u00dfenweb","article_publisher":"https:\/\/www.facebook.com\/strassenweb\/","article_published_time":"2025-08-15T11:39:45+00:00","article_modified_time":"2025-08-15T11:39:46+00:00","og_image":[{"width":1600,"height":900,"url":"https:\/\/www.strassenweb.de\/nachrichten\/wp-content\/uploads\/2025\/08\/Dieses-jahrhundertealte-Haus-am-See-wurde-neu-gestalt.jpg","type":"image\/jpeg"}],"author":"Robert Hoffmann","twitter_card":"summary_large_image","twitter_misc":{"Verfasst von":"Robert Hoffmann","Gesch\u00e4tzte Lesezeit":"8\u00a0Minuten"},"schema":{"@context":"https:\/\/schema.org","@graph":[{"@type":"Article","@id":"https:\/\/www.strassenweb.de\/nachrichten\/dieses-jahrhundertealte-haus-am-see-wurde-neu-gestalt\/#article","isPartOf":{"@id":"https:\/\/www.strassenweb.de\/nachrichten\/dieses-jahrhundertealte-haus-am-see-wurde-neu-gestalt\/"},"author":{"name":"Robert Hoffmann","@id":"https:\/\/www.strassenweb.de\/nachrichten\/#\/schema\/person\/87c9c9067f1211da429a744dc5a5aa41"},"headline":"Dieses jahrhundertealte Haus am See wurde neu gestalt","datePublished":"2025-08-15T11:39:45+00:00","dateModified":"2025-08-15T11:39:46+00:00","mainEntityOfPage":{"@id":"https:\/\/www.strassenweb.de\/nachrichten\/dieses-jahrhundertealte-haus-am-see-wurde-neu-gestalt\/"},"wordCount":1604,"publisher":{"@id":"https:\/\/www.strassenweb.de\/nachrichten\/#organization"},"image":{"@id":"https:\/\/www.strassenweb.de\/nachrichten\/dieses-jahrhundertealte-haus-am-see-wurde-neu-gestalt\/#primaryimage"},"thumbnailUrl":"https:\/\/www.strassenweb.de\/nachrichten\/wp-content\/uploads\/2025\/08\/Dieses-jahrhundertealte-Haus-am-See-wurde-neu-gestalt.jpg","keywords":["dieses","gestalt","Haus","jahrhundertealte","neu","w\u00fcrde"],"articleSection":["Haus &amp; Garten"],"inLanguage":"de"},{"@type":"WebPage","@id":"https:\/\/www.strassenweb.de\/nachrichten\/dieses-jahrhundertealte-haus-am-see-wurde-neu-gestalt\/","url":"https:\/\/www.strassenweb.de\/nachrichten\/dieses-jahrhundertealte-haus-am-see-wurde-neu-gestalt\/","name":"Dieses jahrhundertealte Haus am See wurde neu gestalt - Nachrichten - Stra\u00dfenweb","isPartOf":{"@id":"https:\/\/www.strassenweb.de\/nachrichten\/#website"},"primaryImageOfPage":{"@id":"https:\/\/www.strassenweb.de\/nachrichten\/dieses-jahrhundertealte-haus-am-see-wurde-neu-gestalt\/#primaryimage"},"image":{"@id":"https:\/\/www.strassenweb.de\/nachrichten\/dieses-jahrhundertealte-haus-am-see-wurde-neu-gestalt\/#primaryimage"},"thumbnailUrl":"https:\/\/www.strassenweb.de\/nachrichten\/wp-content\/uploads\/2025\/08\/Dieses-jahrhundertealte-Haus-am-See-wurde-neu-gestalt.jpg","datePublished":"2025-08-15T11:39:45+00:00","dateModified":"2025-08-15T11:39:46+00:00","breadcrumb":{"@id":"https:\/\/www.strassenweb.de\/nachrichten\/dieses-jahrhundertealte-haus-am-see-wurde-neu-gestalt\/#breadcrumb"},"inLanguage":"de","potentialAction":[{"@type":"ReadAction","target":["https:\/\/www.strassenweb.de\/nachrichten\/dieses-jahrhundertealte-haus-am-see-wurde-neu-gestalt\/"]}]},{"@type":"ImageObject","inLanguage":"de","@id":"https:\/\/www.strassenweb.de\/nachrichten\/dieses-jahrhundertealte-haus-am-see-wurde-neu-gestalt\/#primaryimage","url":"https:\/\/www.strassenweb.de\/nachrichten\/wp-content\/uploads\/2025\/08\/Dieses-jahrhundertealte-Haus-am-See-wurde-neu-gestalt.jpg","contentUrl":"https:\/\/www.strassenweb.de\/nachrichten\/wp-content\/uploads\/2025\/08\/Dieses-jahrhundertealte-Haus-am-See-wurde-neu-gestalt.jpg","width":1600,"height":900,"caption":"earthy neutral kitchen with large windows out to the lakeside view, a large plaster cooker hood, and blue marble countertops"},{"@type":"BreadcrumbList","@id":"https:\/\/www.strassenweb.de\/nachrichten\/dieses-jahrhundertealte-haus-am-see-wurde-neu-gestalt\/#breadcrumb","itemListElement":[{"@type":"ListItem","position":1,"name":"Home","item":"https:\/\/www.strassenweb.de\/nachrichten\/"},{"@type":"ListItem","position":2,"name":"Dieses jahrhundertealte Haus am See wurde neu gestalt"}]},{"@type":"WebSite","@id":"https:\/\/www.strassenweb.de\/nachrichten\/#website","url":"https:\/\/www.strassenweb.de\/nachrichten\/","name":"Stra\u00dfenweb","description":"Stra\u00dfenverzeichnis f\u00fcr Deutschland","publisher":{"@id":"https:\/\/www.strassenweb.de\/nachrichten\/#organization"},"potentialAction":[{"@type":"SearchAction","target":{"@type":"EntryPoint","urlTemplate":"https:\/\/www.strassenweb.de\/nachrichten\/?s={search_term_string}"},"query-input":{"@type":"PropertyValueSpecification","valueRequired":true,"valueName":"search_term_string"}}],"inLanguage":"de"},{"@type":"Organization","@id":"https:\/\/www.strassenweb.de\/nachrichten\/#organization","name":"Stra\u00dfenweb","url":"https:\/\/www.strassenweb.de\/nachrichten\/","logo":{"@type":"ImageObject","inLanguage":"de","@id":"https:\/\/www.strassenweb.de\/nachrichten\/#\/schema\/logo\/image\/","url":"https:\/\/www.strassenweb.de\/nachrichten\/wp-content\/uploads\/2024\/09\/cropped-favicon.png","contentUrl":"https:\/\/www.strassenweb.de\/nachrichten\/wp-content\/uploads\/2024\/09\/cropped-favicon.png","width":512,"height":512,"caption":"Stra\u00dfenweb"},"image":{"@id":"https:\/\/www.strassenweb.de\/nachrichten\/#\/schema\/logo\/image\/"},"sameAs":["https:\/\/www.facebook.com\/strassenweb\/"]},{"@type":"Person","@id":"https:\/\/www.strassenweb.de\/nachrichten\/#\/schema\/person\/87c9c9067f1211da429a744dc5a5aa41","name":"Robert Hoffmann","image":{"@type":"ImageObject","inLanguage":"de","@id":"https:\/\/www.strassenweb.de\/nachrichten\/wp-content\/uploads\/2024\/09\/strassenweb-150x150.jpg","url":"https:\/\/www.strassenweb.de\/nachrichten\/wp-content\/uploads\/2024\/09\/strassenweb-150x150.jpg","contentUrl":"https:\/\/www.strassenweb.de\/nachrichten\/wp-content\/uploads\/2024\/09\/strassenweb-150x150.jpg","caption":"Robert Hoffmann"},"description":"Ich hei\u00dfe Robert Hoffmann und ich bin ein leidenschaftlicher Verfechter von \u00d6kologie und Biodiversit\u00e4t. Seit meiner Kindheit in den W\u00e4ldern Bayerns f\u00fchle ich mich mit der Natur verbunden und bin entschlossen, sie zu sch\u00fctzen. Heute widme ich mein Leben der Sensibilisierung anderer f\u00fcr die Bedeutung des Umweltschutzes f\u00fcr zuk\u00fcnftige Generationen.","sameAs":["https:\/\/www.strassenweb.de\/"]}]}},"_links":{"self":[{"href":"https:\/\/www.strassenweb.de\/nachrichten\/wp-json\/wp\/v2\/posts\/6963","targetHints":{"allow":["GET"]}}],"collection":[{"href":"https:\/\/www.strassenweb.de\/nachrichten\/wp-json\/wp\/v2\/posts"}],"about":[{"href":"https:\/\/www.strassenweb.de\/nachrichten\/wp-json\/wp\/v2\/types\/post"}],"author":[{"embeddable":true,"href":"https:\/\/www.strassenweb.de\/nachrichten\/wp-json\/wp\/v2\/users\/1"}],"replies":[{"embeddable":true,"href":"https:\/\/www.strassenweb.de\/nachrichten\/wp-json\/wp\/v2\/comments?post=6963"}],"version-history":[{"count":0,"href":"https:\/\/www.strassenweb.de\/nachrichten\/wp-json\/wp\/v2\/posts\/6963\/revisions"}],"wp:featuredmedia":[{"embeddable":true,"href":"https:\/\/www.strassenweb.de\/nachrichten\/wp-json\/wp\/v2\/media\/6964"}],"wp:attachment":[{"href":"https:\/\/www.strassenweb.de\/nachrichten\/wp-json\/wp\/v2\/media?parent=6963"}],"wp:term":[{"taxonomy":"category","embeddable":true,"href":"https:\/\/www.strassenweb.de\/nachrichten\/wp-json\/wp\/v2\/categories?post=6963"},{"taxonomy":"post_tag","embeddable":true,"href":"https:\/\/www.strassenweb.de\/nachrichten\/wp-json\/wp\/v2\/tags?post=6963"}],"curies":[{"name":"wp","href":"https:\/\/api.w.org\/{rel}","templated":true}]}}