{"id":6960,"date":"2025-08-15T10:39:21","date_gmt":"2025-08-15T08:39:21","guid":{"rendered":"https:\/\/www.strassenweb.de\/nachrichten\/absichtliche-aufraederfestivals-half-mir-mein-leeres-nest-endlich-zu-entstoebern-bevor-ich-verkleinert-wurde\/"},"modified":"2025-08-15T10:39:22","modified_gmt":"2025-08-15T08:39:22","slug":"absichtliche-aufraederfestivals-half-mir-mein-leeres-nest-endlich-zu-entstoebern-bevor-ich-verkleinert-wurde","status":"publish","type":"post","link":"https:\/\/www.strassenweb.de\/nachrichten\/absichtliche-aufraederfestivals-half-mir-mein-leeres-nest-endlich-zu-entstoebern-bevor-ich-verkleinert-wurde\/","title":{"rendered":"Absichtliche &#8218;Aufr\u00e4derfestivals&#8216; half mir, mein leeres Nest endlich zu entst\u00f6bern, bevor ich verkleinert wurde"},"content":{"rendered":"<p><\/p>\n<div id=\"article-body\" class=\"article__body \">\n<p id=\"294e054d-e1a7-4e40-b3d8-2c89c706332a\">Ein leeres Nest, wenn Ihre Kinder erwachsen sind und zu Hause gelassen sind, kann eine bitters\u00fc\u00dfe Erfahrung sein, die schwer zu beginnen ist.<\/p>\n<div id=\"ad-unit-1\" class=\"ad-unit\"><\/div>\n<p>F\u00fcr die Mutter von zwei Kindern im April war es eine lange Reise, die besiegte und floss, bis die Notwendigkeit, diese entscheidende Aufgabe pl\u00f6tzlich nach Hause zu bringen, in einen knusprigen Fokus zu verwandeln.<\/p>\n<aside data-block-type=\"embed\" data-render-type=\"fte\" data-skip=\"dealsy\" data-widget-type=\"seasonal\" class=\"hawk-base\"><\/aside>\n<p id=\"294e054d-e1a7-4e40-b3d8-2c89c706332a-2\">Hier teilt sie die Herausforderungen, mit denen sie konfrontiert war, wie sie sie \u00fcberwunden hat, und die vier wichtigen Kategorien von Gegenst\u00e4nden, die sie zusammen mit dem Gro\u00dfen optimierte <u>Tipps zum Auftacken<\/u> Sie beugte sich von einem Experten -Heimorganisator an.<\/p>\n<div class=\"van_vid_carousel\">\n<div class=\"van_vid_carousel__padding\">\n<div class=\"van_vid_carousel__container\"><\/div>\n<\/div>\n<\/div>\n<h2 id=\"how-to-declutter-an-empty-nest-without-breaking-your-heart-in-the-process-3\">Wie man ein leeres Nest entstockt, ohne dabei Ihr Herz zu brechen<\/h2>\n<p id=\"7e1c80a4-32ab-4773-9c81-640a23ddedb7\">F\u00fcr den 64-j\u00e4hrigen April war eine Mutter aus Oregon, die ihr leeres Nest r\u00fccksichtslos entlastete, keine Aufgabe, die \u00fcber Nacht zum Tragen kam. Sie war seit zwei Jahrzehnten ein leerer Nester, der nicht mehr benutzte Habseligkeiten einpackte und sich von einem Raum in einen anderen bewegte, bevor sie verkleinerte, dass es endlich Zeit war, sich mit ihrem jetzt erwachsenen Sohn und ihrer Tochter zu befassen.<\/p>\n<div id=\"ad-unit-2\" class=\"ad-unit\"><\/div>\n<p>Im Laufe der Jahre war der April eine von Natur aus ordentliche und organisierte Person gewesen, aber die emotionalen Auswirkungen ihres leeren Nestes erregten sie manchmal \u00fcberrascht. Sie sagt: &#8222;Es kam in Wellen der Traurigkeit, Schuld und Freude und taucht auf, wenn Sie es am wenigsten erwarten. &#8218;<\/p>\n<p>Als eine gro\u00dfe Ver\u00e4nderung des Lebens dazu f\u00fchrte, dass der April entt\u00e4uschen und verkleinert musste, suchte sie sich um eine Expertenhilfe f\u00fcr die \u00fcbrig gebliebenen Dinge ihrer Kinder und verband sich mit dem professionellen Organisator und Konsumberater von Konmari, Rebecca Jo-Rushdy von Spark Joy and Flow.<\/p>\n<p>Die Live -Live -Festivals des Experten \u00fcber Videoanrufe halfen April, die Kategorie der Kategorie ihrer Kinder von Woche zu Woche zu bek\u00e4mpfen. Mit dieser digitalen Unterst\u00fctzung konnte der April in vier Kategorien endlich sentimentale Unordnung loslassen, ohne sich schuldig oder traurig zu f\u00fchlen.<\/p>\n<div id=\"slice-container-newsletterForm-articleInbodyContent-7gdLW2fSVMBBq8YQR8NSV3\" class=\"slice-container newsletter-inbodyContent-slice newsletterForm-articleInbodyContent-7gdLW2fSVMBBq8YQR8NSV3 slice-container-newsletterForm\"><\/div>\n<h3 class=\"article-body__section\" id=\"section-1-plastic-kitchenware\"><span>1. Kunststoffk\u00fcchenware<\/span><\/h3>\n<figure class=\"van-image-figure inline-layout \" data-bordeaux-image-check id=\"1f86a664-6926-4ceb-879d-3c31c83fa573\">\n<div class=\"image-full-width-wrapper\">\n<div class=\"image-widthsetter\" style=\"max-width:2000px;\"><\/div>\n<\/div>\n<\/figure>\n<p id=\"c6050ff4-eb5a-44a3-98f1-a03ed1a7e192\">Viele Eltern wenden sich unzerbrechlich, leicht zu waschen und tragbare Container zu und servieren Sie es, wenn sie kleine Kinder im Haus haben, um sie zu erleichtern und zu bequemen, aber April erkannte, dass es Zeit f\u00fcr ein Upgrade war.<\/p>\n<p>Das Ersetzen ihrer Plastikbeh\u00e4lter durch Edelstahl, Glas und umweltfreundliche Lebensmittelspeicherideen war ein strategisches und \u00e4sthetisches Upgrade, das gut \u00fcberf\u00e4llig war. April sagt: &#8222;Es war auch eine gesunde Wahl und eine M\u00f6glichkeit, meinen Raum zu verbessern.&#8220;<\/p>\n<p>Wenn Sie dasselbe tun, sollten Sie auch schwarze Kunststoffutensilien loswerden und ein Silikon -Set von Amazon einbringen.<\/p>\n<p>Der professionelle Organisator Rebecca f\u00fcgt hinzu, &#8218;die gr\u00f6\u00dfte Herausforderung des Aprils war nicht physisch. Es war emotional. Die Unsicherheit \u00fcber eine siebeneinhalb Monate lang bewegende Verz\u00f6gerung lie\u00df sie in der Schwebe zur\u00fcck, aber sie tauchte weiter zu den w\u00f6chentlichen Live-Aufr\u00e4umen auf. &#8218;<\/p>\n<p>Der April erinnert sich an eine bestimmte Sitzung, die sie dazu beigetragen hat, sich zu entspannen. Sie sagt: \u00bbIch erinnere mich an eine Sitzung, ich \u00f6ffnete eine Schachtel und sagte: <em>Okay, nur dieser<\/em>. Ich konnte nicht glauben, wie bereit ich war, Dinge loszulassen, von denen ich dachte, ich w\u00fcrde es halten. &#8218;<\/p>\n<p>Wenn Sie Gegenst\u00e4nde entstillieren, die zu Ihrem Fantasie -Selbst geh\u00f6ren, oder in der Tat eine Version von sich selbst, die es gab, als Sie kleine Kinder im Haus hatten, kann es verj\u00fcngt werden, sich zu verabschieden, sowohl emotional als auch emotional.<\/p>\n<p>Vorbereitet f\u00fcr beide hilft dazu, den Schockfaktor dieser Aufgabe zu verringern.<\/p>\n<div class=\"product-container hero-product-container product-block-no-wrap\">\n<div class=\"product-block-row\"><\/div>\n<div class=\"product-block-row\"><\/div>\n<div class=\"product-block-row\"><\/div>\n<\/div>\n<h3 class=\"article-body__section\" id=\"section-2-photos-and-memorabilia\"><span>2. Fotos und Erinnerungsst\u00fccke<\/span><\/h3>\n<figure class=\"van-image-figure inline-layout \" data-bordeaux-image-check id=\"6e689409-d546-40c0-aa56-d13cf2e81ca9\">\n<div class=\"image-full-width-wrapper\">\n<div class=\"image-widthsetter\" style=\"max-width:2000px;\"><\/div>\n<\/div>\n<\/figure>\n<p id=\"00b84857-7a06-4782-b253-2b64a2969944\">Anstelle von Stapeln von Drucken oder digitalen Fotos, die in einer Cloud oder einer externen Festplatte weggesperrt sind, kuratierte sie mit ihren erwachsenen Kindern, bei dem sie zu Besuch kamen. Es war eine gute M\u00f6glichkeit, Familienfotos zu organisieren, ohne Unordnung hinzuzuf\u00fcgen.<\/p>\n<p>Um Erinnerungen absichtlich zu bewahren, schuf April eine gerahmte Collage des Lebens ihrer Mutter mit Backstage -P\u00e4ssen, Casino -Chips und Erinnerungsst\u00fccken aus ihrer Zeit als Frank Sinatras Sekret\u00e4rin.<\/p>\n<p>Sie sagt: Anstatt es in einer Schachtel zu halten, verwandelte ich es in etwas Sch\u00f6nes, das ich jeden Tag sehen konnte. Mein Sohn sah es und sagte: &#8222;Mama, das ist so cool.&#8220; Das bedeutete alles. &#8218;<\/p>\n<div class=\"product-container horizontal-product-container\">\n<div class=\"product-block-row\"><\/div>\n<\/div>\n<div class=\"min-h-(270px) mb-4 viafoura-twig-component\" id=\"viafoura-engagement-starter-wrapper\" data-component-name=\"Elk:Embed:EngagementStarter\">\n<div class=\"viafoura\">\n<div>\n<vf-conversation-starter target=\"viafoura-comments\" title=\"Share your stories\" description=\"What are you finding hard to let go of in your home? \" minimum-comment-count=\"5\"><br \/>\n<\/vf-conversation-starter>\n<\/div>\n<\/div>\n<\/div>\n<h3 class=\"article-body__section\" id=\"section-3-diaries-and-recipes\"><span>3. Tageb\u00fccher und Rezepte<\/span><\/h3>\n<figure class=\"van-image-figure inline-layout \" data-bordeaux-image-check id=\"f25798e7-fc17-42d4-a141-1b3417b0e9ba\">\n<div class=\"image-full-width-wrapper\">\n<div class=\"image-widthsetter\" style=\"max-width:2000px;\"><\/div>\n<\/div>\n<\/figure>\n<p id=\"f84ebbd6-0e2d-4d0e-a7e2-07c550721066\">Inmitten der Entst\u00f6rung ihres leeren Nestes fand der April auch Kisten mit vergessenen Rezepten, Tageb\u00fcchern und wichtigen Unterlagen, die ihrer verstorbenen Mutter geh\u00f6rten.<\/p>\n<p>Dies traf schwer, wie f\u00fcr die Eltern, es oft.<\/p>\n<p>Der April verbrachte Zeit damit, die Tageb\u00fccher zu lesen, um den Inhalt zu verbinden und zu erinnern, bevor er sich verabschiedete, und f\u00fcgte hinzu: &#8222;Es war viel Papier, aber unter ihm waren Sch\u00e4tze versteckt: Liebesbriefe, t\u00e4gliche Planer, Reisenotizen und Dinge, von denen meine ganze Familie noch nie wusste.&#8220;<\/p>\n<p>Rebecca unterst\u00fctzte den April, um die \u00dcberw\u00e4ltigung bei der Entst\u00f6rung zu reduzieren, ihre Bereitschaft zu vertrauen und sich darauf zu konzentrieren, was am wichtigsten war.<\/p>\n<p>Zu den n\u00fctzlichen Auftaktmethoden geh\u00f6rten die Anpassung der Kategorien einzeln, achtsame, herzzerrei\u00dfte Entscheidungen und die Schaffung von sichtbaren, aber optimierten Wegen, um Erinnerungen mit der Mutter von April und zwei Kindern zu ehren, anstatt sie wegzu verstecken.<\/p>\n<div class=\"product-container horizontal-product-container\">\n<div class=\"product-block-row\"><\/div>\n<\/div>\n<h3 class=\"article-body__section\" id=\"section-4-trophies-and-report-cards\"><span>4. Troph\u00e4en und Berichtskarten<\/span><\/h3>\n<figure class=\"van-image-figure inline-layout \" data-bordeaux-image-check id=\"92242dad-88d5-42af-a072-6d5651d6c606\">\n<div class=\"image-full-width-wrapper\">\n<div class=\"image-widthsetter\" style=\"max-width:2000px;\"><\/div>\n<\/div>\n<\/figure>\n<p id=\"51d53f26-646a-47a9-b7b0-d58aaadf5c2a\">Der April lud ihre jetzt erwachsenen Kinder ein, diese Meilenstein- und Leistungsmarker zu optimieren.<\/p>\n<p>W\u00e4hrend ihrer Kindheit hatte der April liebevoll zwei gro\u00dfe M\u00fclleimer mit Schularbeiten, Berichtskarten, handgefertigten Karten, Zeichnungen und gelegentlichen Troph\u00e4en gespart. W\u00e4hrend er in den 60ern entlie\u00df, wandte sich April daran, beide Kinder zu fragen, ob sie etwas behalten wollten.<\/p>\n<p>&#8222;Meine Tochter hat sich daf\u00fcr entschieden, sowohl ihre als auch die Dinge ihres Bruders zu halten&#8220;, erinnert sich April. &#8222;Mein Sohn lachte und sagte:&#8220; Sie k\u00f6nnen die Troph\u00e4en werfen &#8211; sie haben meinen Namen sowieso nie richtig geschrieben! &#8222;<\/p>\n<p>Der professionelle Organisator Rebecca f\u00fcgt hinzu: &#8222;Respekt und Erlaubnis waren durchgehend Werte, ein Eckpfeiler der Konmari -Methode, die emotionale Bindungen und Autonomie anerkennt, selbst mit sentimentaler Unordnung.&#8220;<\/p>\n<h2 class=\"article-body__section\" id=\"section-what-to-shop\"><span>Was einkaufen<\/span><\/h2>\n<div class=\"product-container hero-product-container product-block-no-wrap\">\n<div class=\"product-block-row\"><\/div>\n<div class=\"product-block-row\"><\/div>\n<div class=\"product-block-row\"><\/div>\n<\/div>\n<hr id=\"26bd2766-a5e1-4a77-b87c-e2d749780548\">\n<p id=\"0a978f89-5f6d-42c0-b1ee-4a0299cbd283\">Der April schloss ihr leeres Nest ab, das \u00fcber mehrere Monate entsteht und sich die Klarheit und den Raum f\u00fcr eine emotionale Aufgabe erm\u00f6glichte, w\u00e4hrend sie gleichzeitig mit t\u00e4glichen Listenmaking, Achtsamkeitspraktiken und einem entlassenden Zeitplan f\u00fcr Live-Aufr\u00e4der mit Rebecca auf dem Grundstein zu bleiben.<\/p>\n<p>Im Umgang mit den damit verbundenen Emotionen kommt der April zu dem Schluss: \u201eManchmal haben Sie nicht den Luxus, auseinanderzufallen. Sie sehen sich nur an, was vor Ihnen liegt und tun das n\u00e4chste. Aber ich wurde erkannt, dass die Reise nicht wirklich endet, sie entwickelt sich einfach. Die Entst\u00f6rung wurde zu meinem Anker durch Unsicherheit. &#8218;<\/p>\n<p>Um Ihnen zu helfen, mit Ihrer Auftaktreise zu beginnen, befassen Sie sich in unsere Bibliothek mit bew\u00e4hrten Methoden, um einen zu finden, der zu Ihrem speziellen Entstillangeh\u00f6rigenblock oder Ihren Zeitbeschr\u00e4nkungen passt.<\/p>\n<div class=\"block\" id=\"articleTag\" data-component-name=\"PostArticleLinks\">\n<div class=\"border-b border-b-black border-solid py-2.5 text-black font-bold uppercase\">Themen<\/div>\n<nav class=\"py-2.5 flex gap-2.5 flex-wrap\" data-analytics-id=\"article-tag\">\n<p>Entst\u00f6rung<br \/>\n<\/nav>\n<\/div>\n<\/div>\n","protected":false},"excerpt":{"rendered":"<p>Ein leeres Nest, wenn Ihre Kinder erwachsen sind und zu Hause gelassen sind, kann eine bitters\u00fc\u00dfe Erfahrung sein, die schwer zu beginnen ist. F\u00fcr die<\/p>\n","protected":false},"author":1,"featured_media":6961,"comment_status":"closed","ping_status":"","sticky":false,"template":"","format":"standard","meta":{"footnotes":""},"categories":[118],"tags":[9402,9403,1173,1553,5105,129,9404,778,603,9405,6830,1529],"class_list":["post-6960","post","type-post","status-publish","format-standard","has-post-thumbnail","hentry","category-haus-garten","tag-absichtliche","tag-aufraederfestivals","tag-bevor","tag-endlich","tag-entstoebern","tag-ich","tag-leeres","tag-mein","tag-mir","tag-nest","tag-verkleinert","tag-wuerde","generate-columns","tablet-grid-50","mobile-grid-100","grid-parent","grid-50"],"yoast_head":"<!-- This site is optimized with the Yoast SEO plugin v27.3 - https:\/\/yoast.com\/product\/yoast-seo-wordpress\/ -->\n<title>Absichtliche &#039;Aufr\u00e4derfestivals&#039; half mir, mein leeres Nest endlich zu entst\u00f6bern, bevor ich verkleinert wurde - Nachrichten - Stra\u00dfenweb<\/title>\n<meta name=\"robots\" content=\"index, follow, max-snippet:-1, max-image-preview:large, max-video-preview:-1\" \/>\n<link rel=\"canonical\" href=\"https:\/\/www.strassenweb.de\/nachrichten\/absichtliche-aufraederfestivals-half-mir-mein-leeres-nest-endlich-zu-entstoebern-bevor-ich-verkleinert-wurde\/\" \/>\n<meta property=\"og:locale\" content=\"de_DE\" \/>\n<meta property=\"og:type\" content=\"article\" \/>\n<meta property=\"og:title\" content=\"Absichtliche &#039;Aufr\u00e4derfestivals&#039; half mir, mein leeres Nest endlich zu entst\u00f6bern, bevor ich verkleinert wurde - Nachrichten - Stra\u00dfenweb\" \/>\n<meta property=\"og:description\" content=\"Ein leeres Nest, wenn Ihre Kinder erwachsen sind und zu Hause gelassen sind, kann eine bitters\u00fc\u00dfe Erfahrung sein, die schwer zu beginnen ist. F\u00fcr die\" \/>\n<meta property=\"og:url\" content=\"https:\/\/www.strassenweb.de\/nachrichten\/absichtliche-aufraederfestivals-half-mir-mein-leeres-nest-endlich-zu-entstoebern-bevor-ich-verkleinert-wurde\/\" \/>\n<meta property=\"og:site_name\" content=\"Stra\u00dfenweb\" \/>\n<meta property=\"article:publisher\" content=\"https:\/\/www.facebook.com\/strassenweb\/\" \/>\n<meta property=\"article:published_time\" content=\"2025-08-15T08:39:21+00:00\" \/>\n<meta property=\"article:modified_time\" content=\"2025-08-15T08:39:22+00:00\" \/>\n<meta property=\"og:image\" content=\"https:\/\/www.strassenweb.de\/nachrichten\/wp-content\/uploads\/2025\/08\/Absichtliche-Aufraederfestivals-half-mir-mein-leeres-Nest-endlich-zu-entstoebern.jpg\" \/>\n\t<meta property=\"og:image:width\" content=\"1600\" \/>\n\t<meta property=\"og:image:height\" content=\"900\" \/>\n\t<meta property=\"og:image:type\" content=\"image\/jpeg\" \/>\n<meta name=\"author\" content=\"Robert Hoffmann\" \/>\n<meta name=\"twitter:card\" content=\"summary_large_image\" \/>\n<meta name=\"twitter:label1\" content=\"Verfasst von\" \/>\n\t<meta name=\"twitter:data1\" content=\"Robert Hoffmann\" \/>\n\t<meta name=\"twitter:label2\" content=\"Gesch\u00e4tzte Lesezeit\" \/>\n\t<meta name=\"twitter:data2\" content=\"6\u00a0Minuten\" \/>\n<script type=\"application\/ld+json\" class=\"yoast-schema-graph\">{\"@context\":\"https:\\\/\\\/schema.org\",\"@graph\":[{\"@type\":\"Article\",\"@id\":\"https:\\\/\\\/www.strassenweb.de\\\/nachrichten\\\/absichtliche-aufraederfestivals-half-mir-mein-leeres-nest-endlich-zu-entstoebern-bevor-ich-verkleinert-wurde\\\/#article\",\"isPartOf\":{\"@id\":\"https:\\\/\\\/www.strassenweb.de\\\/nachrichten\\\/absichtliche-aufraederfestivals-half-mir-mein-leeres-nest-endlich-zu-entstoebern-bevor-ich-verkleinert-wurde\\\/\"},\"author\":{\"name\":\"Robert Hoffmann\",\"@id\":\"https:\\\/\\\/www.strassenweb.de\\\/nachrichten\\\/#\\\/schema\\\/person\\\/87c9c9067f1211da429a744dc5a5aa41\"},\"headline\":\"Absichtliche &#8218;Aufr\u00e4derfestivals&#8216; half mir, mein leeres Nest endlich zu entst\u00f6bern, bevor ich verkleinert wurde\",\"datePublished\":\"2025-08-15T08:39:21+00:00\",\"dateModified\":\"2025-08-15T08:39:22+00:00\",\"mainEntityOfPage\":{\"@id\":\"https:\\\/\\\/www.strassenweb.de\\\/nachrichten\\\/absichtliche-aufraederfestivals-half-mir-mein-leeres-nest-endlich-zu-entstoebern-bevor-ich-verkleinert-wurde\\\/\"},\"wordCount\":1146,\"publisher\":{\"@id\":\"https:\\\/\\\/www.strassenweb.de\\\/nachrichten\\\/#organization\"},\"image\":{\"@id\":\"https:\\\/\\\/www.strassenweb.de\\\/nachrichten\\\/absichtliche-aufraederfestivals-half-mir-mein-leeres-nest-endlich-zu-entstoebern-bevor-ich-verkleinert-wurde\\\/#primaryimage\"},\"thumbnailUrl\":\"https:\\\/\\\/www.strassenweb.de\\\/nachrichten\\\/wp-content\\\/uploads\\\/2025\\\/08\\\/Absichtliche-Aufraederfestivals-half-mir-mein-leeres-Nest-endlich-zu-entstoebern.jpg\",\"keywords\":[\"Absichtliche\",\"Aufr\u00e4derfestivals\",\"bevor\",\"endlich\",\"entst\u00f6bern\",\"ich\",\"leeres\",\"mein\",\"mir\",\"Nest\",\"verkleinert\",\"w\u00fcrde\"],\"articleSection\":[\"Haus &amp; Garten\"],\"inLanguage\":\"de\"},{\"@type\":\"WebPage\",\"@id\":\"https:\\\/\\\/www.strassenweb.de\\\/nachrichten\\\/absichtliche-aufraederfestivals-half-mir-mein-leeres-nest-endlich-zu-entstoebern-bevor-ich-verkleinert-wurde\\\/\",\"url\":\"https:\\\/\\\/www.strassenweb.de\\\/nachrichten\\\/absichtliche-aufraederfestivals-half-mir-mein-leeres-nest-endlich-zu-entstoebern-bevor-ich-verkleinert-wurde\\\/\",\"name\":\"Absichtliche 'Aufr\u00e4derfestivals' half mir, mein leeres Nest endlich zu entst\u00f6bern, bevor ich verkleinert wurde - Nachrichten - Stra\u00dfenweb\",\"isPartOf\":{\"@id\":\"https:\\\/\\\/www.strassenweb.de\\\/nachrichten\\\/#website\"},\"primaryImageOfPage\":{\"@id\":\"https:\\\/\\\/www.strassenweb.de\\\/nachrichten\\\/absichtliche-aufraederfestivals-half-mir-mein-leeres-nest-endlich-zu-entstoebern-bevor-ich-verkleinert-wurde\\\/#primaryimage\"},\"image\":{\"@id\":\"https:\\\/\\\/www.strassenweb.de\\\/nachrichten\\\/absichtliche-aufraederfestivals-half-mir-mein-leeres-nest-endlich-zu-entstoebern-bevor-ich-verkleinert-wurde\\\/#primaryimage\"},\"thumbnailUrl\":\"https:\\\/\\\/www.strassenweb.de\\\/nachrichten\\\/wp-content\\\/uploads\\\/2025\\\/08\\\/Absichtliche-Aufraederfestivals-half-mir-mein-leeres-Nest-endlich-zu-entstoebern.jpg\",\"datePublished\":\"2025-08-15T08:39:21+00:00\",\"dateModified\":\"2025-08-15T08:39:22+00:00\",\"breadcrumb\":{\"@id\":\"https:\\\/\\\/www.strassenweb.de\\\/nachrichten\\\/absichtliche-aufraederfestivals-half-mir-mein-leeres-nest-endlich-zu-entstoebern-bevor-ich-verkleinert-wurde\\\/#breadcrumb\"},\"inLanguage\":\"de\",\"potentialAction\":[{\"@type\":\"ReadAction\",\"target\":[\"https:\\\/\\\/www.strassenweb.de\\\/nachrichten\\\/absichtliche-aufraederfestivals-half-mir-mein-leeres-nest-endlich-zu-entstoebern-bevor-ich-verkleinert-wurde\\\/\"]}]},{\"@type\":\"ImageObject\",\"inLanguage\":\"de\",\"@id\":\"https:\\\/\\\/www.strassenweb.de\\\/nachrichten\\\/absichtliche-aufraederfestivals-half-mir-mein-leeres-nest-endlich-zu-entstoebern-bevor-ich-verkleinert-wurde\\\/#primaryimage\",\"url\":\"https:\\\/\\\/www.strassenweb.de\\\/nachrichten\\\/wp-content\\\/uploads\\\/2025\\\/08\\\/Absichtliche-Aufraederfestivals-half-mir-mein-leeres-Nest-endlich-zu-entstoebern.jpg\",\"contentUrl\":\"https:\\\/\\\/www.strassenweb.de\\\/nachrichten\\\/wp-content\\\/uploads\\\/2025\\\/08\\\/Absichtliche-Aufraederfestivals-half-mir-mein-leeres-Nest-endlich-zu-entstoebern.jpg\",\"width\":1600,\"height\":900,\"caption\":\"Study with vintage desk, open balcony doors, wooden floors, luxury Raineri Falco wallpaper from Fromental on walls\"},{\"@type\":\"BreadcrumbList\",\"@id\":\"https:\\\/\\\/www.strassenweb.de\\\/nachrichten\\\/absichtliche-aufraederfestivals-half-mir-mein-leeres-nest-endlich-zu-entstoebern-bevor-ich-verkleinert-wurde\\\/#breadcrumb\",\"itemListElement\":[{\"@type\":\"ListItem\",\"position\":1,\"name\":\"Home\",\"item\":\"https:\\\/\\\/www.strassenweb.de\\\/nachrichten\\\/\"},{\"@type\":\"ListItem\",\"position\":2,\"name\":\"Absichtliche &#8218;Aufr\u00e4derfestivals&#8216; half mir, mein leeres Nest endlich zu entst\u00f6bern, bevor ich verkleinert wurde\"}]},{\"@type\":\"WebSite\",\"@id\":\"https:\\\/\\\/www.strassenweb.de\\\/nachrichten\\\/#website\",\"url\":\"https:\\\/\\\/www.strassenweb.de\\\/nachrichten\\\/\",\"name\":\"Stra\u00dfenweb\",\"description\":\"Stra\u00dfenverzeichnis f\u00fcr Deutschland\",\"publisher\":{\"@id\":\"https:\\\/\\\/www.strassenweb.de\\\/nachrichten\\\/#organization\"},\"potentialAction\":[{\"@type\":\"SearchAction\",\"target\":{\"@type\":\"EntryPoint\",\"urlTemplate\":\"https:\\\/\\\/www.strassenweb.de\\\/nachrichten\\\/?s={search_term_string}\"},\"query-input\":{\"@type\":\"PropertyValueSpecification\",\"valueRequired\":true,\"valueName\":\"search_term_string\"}}],\"inLanguage\":\"de\"},{\"@type\":\"Organization\",\"@id\":\"https:\\\/\\\/www.strassenweb.de\\\/nachrichten\\\/#organization\",\"name\":\"Stra\u00dfenweb\",\"url\":\"https:\\\/\\\/www.strassenweb.de\\\/nachrichten\\\/\",\"logo\":{\"@type\":\"ImageObject\",\"inLanguage\":\"de\",\"@id\":\"https:\\\/\\\/www.strassenweb.de\\\/nachrichten\\\/#\\\/schema\\\/logo\\\/image\\\/\",\"url\":\"https:\\\/\\\/www.strassenweb.de\\\/nachrichten\\\/wp-content\\\/uploads\\\/2024\\\/09\\\/cropped-favicon.png\",\"contentUrl\":\"https:\\\/\\\/www.strassenweb.de\\\/nachrichten\\\/wp-content\\\/uploads\\\/2024\\\/09\\\/cropped-favicon.png\",\"width\":512,\"height\":512,\"caption\":\"Stra\u00dfenweb\"},\"image\":{\"@id\":\"https:\\\/\\\/www.strassenweb.de\\\/nachrichten\\\/#\\\/schema\\\/logo\\\/image\\\/\"},\"sameAs\":[\"https:\\\/\\\/www.facebook.com\\\/strassenweb\\\/\"]},{\"@type\":\"Person\",\"@id\":\"https:\\\/\\\/www.strassenweb.de\\\/nachrichten\\\/#\\\/schema\\\/person\\\/87c9c9067f1211da429a744dc5a5aa41\",\"name\":\"Robert Hoffmann\",\"image\":{\"@type\":\"ImageObject\",\"inLanguage\":\"de\",\"@id\":\"https:\\\/\\\/www.strassenweb.de\\\/nachrichten\\\/wp-content\\\/uploads\\\/2024\\\/09\\\/strassenweb-150x150.jpg\",\"url\":\"https:\\\/\\\/www.strassenweb.de\\\/nachrichten\\\/wp-content\\\/uploads\\\/2024\\\/09\\\/strassenweb-150x150.jpg\",\"contentUrl\":\"https:\\\/\\\/www.strassenweb.de\\\/nachrichten\\\/wp-content\\\/uploads\\\/2024\\\/09\\\/strassenweb-150x150.jpg\",\"caption\":\"Robert Hoffmann\"},\"description\":\"Ich hei\u00dfe Robert Hoffmann und ich bin ein leidenschaftlicher Verfechter von \u00d6kologie und Biodiversit\u00e4t. Seit meiner Kindheit in den W\u00e4ldern Bayerns f\u00fchle ich mich mit der Natur verbunden und bin entschlossen, sie zu sch\u00fctzen. Heute widme ich mein Leben der Sensibilisierung anderer f\u00fcr die Bedeutung des Umweltschutzes f\u00fcr zuk\u00fcnftige Generationen.\",\"sameAs\":[\"https:\\\/\\\/www.strassenweb.de\\\/\"]}]}<\/script>\n<!-- \/ Yoast SEO plugin. -->","yoast_head_json":{"title":"Absichtliche 'Aufr\u00e4derfestivals' half mir, mein leeres Nest endlich zu entst\u00f6bern, bevor ich verkleinert wurde - Nachrichten - Stra\u00dfenweb","robots":{"index":"index","follow":"follow","max-snippet":"max-snippet:-1","max-image-preview":"max-image-preview:large","max-video-preview":"max-video-preview:-1"},"canonical":"https:\/\/www.strassenweb.de\/nachrichten\/absichtliche-aufraederfestivals-half-mir-mein-leeres-nest-endlich-zu-entstoebern-bevor-ich-verkleinert-wurde\/","og_locale":"de_DE","og_type":"article","og_title":"Absichtliche 'Aufr\u00e4derfestivals' half mir, mein leeres Nest endlich zu entst\u00f6bern, bevor ich verkleinert wurde - Nachrichten - Stra\u00dfenweb","og_description":"Ein leeres Nest, wenn Ihre Kinder erwachsen sind und zu Hause gelassen sind, kann eine bitters\u00fc\u00dfe Erfahrung sein, die schwer zu beginnen ist. F\u00fcr die","og_url":"https:\/\/www.strassenweb.de\/nachrichten\/absichtliche-aufraederfestivals-half-mir-mein-leeres-nest-endlich-zu-entstoebern-bevor-ich-verkleinert-wurde\/","og_site_name":"Stra\u00dfenweb","article_publisher":"https:\/\/www.facebook.com\/strassenweb\/","article_published_time":"2025-08-15T08:39:21+00:00","article_modified_time":"2025-08-15T08:39:22+00:00","og_image":[{"width":1600,"height":900,"url":"https:\/\/www.strassenweb.de\/nachrichten\/wp-content\/uploads\/2025\/08\/Absichtliche-Aufraederfestivals-half-mir-mein-leeres-Nest-endlich-zu-entstoebern.jpg","type":"image\/jpeg"}],"author":"Robert Hoffmann","twitter_card":"summary_large_image","twitter_misc":{"Verfasst von":"Robert Hoffmann","Gesch\u00e4tzte Lesezeit":"6\u00a0Minuten"},"schema":{"@context":"https:\/\/schema.org","@graph":[{"@type":"Article","@id":"https:\/\/www.strassenweb.de\/nachrichten\/absichtliche-aufraederfestivals-half-mir-mein-leeres-nest-endlich-zu-entstoebern-bevor-ich-verkleinert-wurde\/#article","isPartOf":{"@id":"https:\/\/www.strassenweb.de\/nachrichten\/absichtliche-aufraederfestivals-half-mir-mein-leeres-nest-endlich-zu-entstoebern-bevor-ich-verkleinert-wurde\/"},"author":{"name":"Robert Hoffmann","@id":"https:\/\/www.strassenweb.de\/nachrichten\/#\/schema\/person\/87c9c9067f1211da429a744dc5a5aa41"},"headline":"Absichtliche &#8218;Aufr\u00e4derfestivals&#8216; half mir, mein leeres Nest endlich zu entst\u00f6bern, bevor ich verkleinert wurde","datePublished":"2025-08-15T08:39:21+00:00","dateModified":"2025-08-15T08:39:22+00:00","mainEntityOfPage":{"@id":"https:\/\/www.strassenweb.de\/nachrichten\/absichtliche-aufraederfestivals-half-mir-mein-leeres-nest-endlich-zu-entstoebern-bevor-ich-verkleinert-wurde\/"},"wordCount":1146,"publisher":{"@id":"https:\/\/www.strassenweb.de\/nachrichten\/#organization"},"image":{"@id":"https:\/\/www.strassenweb.de\/nachrichten\/absichtliche-aufraederfestivals-half-mir-mein-leeres-nest-endlich-zu-entstoebern-bevor-ich-verkleinert-wurde\/#primaryimage"},"thumbnailUrl":"https:\/\/www.strassenweb.de\/nachrichten\/wp-content\/uploads\/2025\/08\/Absichtliche-Aufraederfestivals-half-mir-mein-leeres-Nest-endlich-zu-entstoebern.jpg","keywords":["Absichtliche","Aufr\u00e4derfestivals","bevor","endlich","entst\u00f6bern","ich","leeres","mein","mir","Nest","verkleinert","w\u00fcrde"],"articleSection":["Haus &amp; Garten"],"inLanguage":"de"},{"@type":"WebPage","@id":"https:\/\/www.strassenweb.de\/nachrichten\/absichtliche-aufraederfestivals-half-mir-mein-leeres-nest-endlich-zu-entstoebern-bevor-ich-verkleinert-wurde\/","url":"https:\/\/www.strassenweb.de\/nachrichten\/absichtliche-aufraederfestivals-half-mir-mein-leeres-nest-endlich-zu-entstoebern-bevor-ich-verkleinert-wurde\/","name":"Absichtliche 'Aufr\u00e4derfestivals' half mir, mein leeres Nest endlich zu entst\u00f6bern, bevor ich verkleinert wurde - Nachrichten - Stra\u00dfenweb","isPartOf":{"@id":"https:\/\/www.strassenweb.de\/nachrichten\/#website"},"primaryImageOfPage":{"@id":"https:\/\/www.strassenweb.de\/nachrichten\/absichtliche-aufraederfestivals-half-mir-mein-leeres-nest-endlich-zu-entstoebern-bevor-ich-verkleinert-wurde\/#primaryimage"},"image":{"@id":"https:\/\/www.strassenweb.de\/nachrichten\/absichtliche-aufraederfestivals-half-mir-mein-leeres-nest-endlich-zu-entstoebern-bevor-ich-verkleinert-wurde\/#primaryimage"},"thumbnailUrl":"https:\/\/www.strassenweb.de\/nachrichten\/wp-content\/uploads\/2025\/08\/Absichtliche-Aufraederfestivals-half-mir-mein-leeres-Nest-endlich-zu-entstoebern.jpg","datePublished":"2025-08-15T08:39:21+00:00","dateModified":"2025-08-15T08:39:22+00:00","breadcrumb":{"@id":"https:\/\/www.strassenweb.de\/nachrichten\/absichtliche-aufraederfestivals-half-mir-mein-leeres-nest-endlich-zu-entstoebern-bevor-ich-verkleinert-wurde\/#breadcrumb"},"inLanguage":"de","potentialAction":[{"@type":"ReadAction","target":["https:\/\/www.strassenweb.de\/nachrichten\/absichtliche-aufraederfestivals-half-mir-mein-leeres-nest-endlich-zu-entstoebern-bevor-ich-verkleinert-wurde\/"]}]},{"@type":"ImageObject","inLanguage":"de","@id":"https:\/\/www.strassenweb.de\/nachrichten\/absichtliche-aufraederfestivals-half-mir-mein-leeres-nest-endlich-zu-entstoebern-bevor-ich-verkleinert-wurde\/#primaryimage","url":"https:\/\/www.strassenweb.de\/nachrichten\/wp-content\/uploads\/2025\/08\/Absichtliche-Aufraederfestivals-half-mir-mein-leeres-Nest-endlich-zu-entstoebern.jpg","contentUrl":"https:\/\/www.strassenweb.de\/nachrichten\/wp-content\/uploads\/2025\/08\/Absichtliche-Aufraederfestivals-half-mir-mein-leeres-Nest-endlich-zu-entstoebern.jpg","width":1600,"height":900,"caption":"Study with vintage desk, open balcony doors, wooden floors, luxury Raineri Falco wallpaper from Fromental on walls"},{"@type":"BreadcrumbList","@id":"https:\/\/www.strassenweb.de\/nachrichten\/absichtliche-aufraederfestivals-half-mir-mein-leeres-nest-endlich-zu-entstoebern-bevor-ich-verkleinert-wurde\/#breadcrumb","itemListElement":[{"@type":"ListItem","position":1,"name":"Home","item":"https:\/\/www.strassenweb.de\/nachrichten\/"},{"@type":"ListItem","position":2,"name":"Absichtliche &#8218;Aufr\u00e4derfestivals&#8216; half mir, mein leeres Nest endlich zu entst\u00f6bern, bevor ich verkleinert wurde"}]},{"@type":"WebSite","@id":"https:\/\/www.strassenweb.de\/nachrichten\/#website","url":"https:\/\/www.strassenweb.de\/nachrichten\/","name":"Stra\u00dfenweb","description":"Stra\u00dfenverzeichnis f\u00fcr Deutschland","publisher":{"@id":"https:\/\/www.strassenweb.de\/nachrichten\/#organization"},"potentialAction":[{"@type":"SearchAction","target":{"@type":"EntryPoint","urlTemplate":"https:\/\/www.strassenweb.de\/nachrichten\/?s={search_term_string}"},"query-input":{"@type":"PropertyValueSpecification","valueRequired":true,"valueName":"search_term_string"}}],"inLanguage":"de"},{"@type":"Organization","@id":"https:\/\/www.strassenweb.de\/nachrichten\/#organization","name":"Stra\u00dfenweb","url":"https:\/\/www.strassenweb.de\/nachrichten\/","logo":{"@type":"ImageObject","inLanguage":"de","@id":"https:\/\/www.strassenweb.de\/nachrichten\/#\/schema\/logo\/image\/","url":"https:\/\/www.strassenweb.de\/nachrichten\/wp-content\/uploads\/2024\/09\/cropped-favicon.png","contentUrl":"https:\/\/www.strassenweb.de\/nachrichten\/wp-content\/uploads\/2024\/09\/cropped-favicon.png","width":512,"height":512,"caption":"Stra\u00dfenweb"},"image":{"@id":"https:\/\/www.strassenweb.de\/nachrichten\/#\/schema\/logo\/image\/"},"sameAs":["https:\/\/www.facebook.com\/strassenweb\/"]},{"@type":"Person","@id":"https:\/\/www.strassenweb.de\/nachrichten\/#\/schema\/person\/87c9c9067f1211da429a744dc5a5aa41","name":"Robert Hoffmann","image":{"@type":"ImageObject","inLanguage":"de","@id":"https:\/\/www.strassenweb.de\/nachrichten\/wp-content\/uploads\/2024\/09\/strassenweb-150x150.jpg","url":"https:\/\/www.strassenweb.de\/nachrichten\/wp-content\/uploads\/2024\/09\/strassenweb-150x150.jpg","contentUrl":"https:\/\/www.strassenweb.de\/nachrichten\/wp-content\/uploads\/2024\/09\/strassenweb-150x150.jpg","caption":"Robert Hoffmann"},"description":"Ich hei\u00dfe Robert Hoffmann und ich bin ein leidenschaftlicher Verfechter von \u00d6kologie und Biodiversit\u00e4t. Seit meiner Kindheit in den W\u00e4ldern Bayerns f\u00fchle ich mich mit der Natur verbunden und bin entschlossen, sie zu sch\u00fctzen. Heute widme ich mein Leben der Sensibilisierung anderer f\u00fcr die Bedeutung des Umweltschutzes f\u00fcr zuk\u00fcnftige Generationen.","sameAs":["https:\/\/www.strassenweb.de\/"]}]}},"_links":{"self":[{"href":"https:\/\/www.strassenweb.de\/nachrichten\/wp-json\/wp\/v2\/posts\/6960","targetHints":{"allow":["GET"]}}],"collection":[{"href":"https:\/\/www.strassenweb.de\/nachrichten\/wp-json\/wp\/v2\/posts"}],"about":[{"href":"https:\/\/www.strassenweb.de\/nachrichten\/wp-json\/wp\/v2\/types\/post"}],"author":[{"embeddable":true,"href":"https:\/\/www.strassenweb.de\/nachrichten\/wp-json\/wp\/v2\/users\/1"}],"replies":[{"embeddable":true,"href":"https:\/\/www.strassenweb.de\/nachrichten\/wp-json\/wp\/v2\/comments?post=6960"}],"version-history":[{"count":0,"href":"https:\/\/www.strassenweb.de\/nachrichten\/wp-json\/wp\/v2\/posts\/6960\/revisions"}],"wp:featuredmedia":[{"embeddable":true,"href":"https:\/\/www.strassenweb.de\/nachrichten\/wp-json\/wp\/v2\/media\/6961"}],"wp:attachment":[{"href":"https:\/\/www.strassenweb.de\/nachrichten\/wp-json\/wp\/v2\/media?parent=6960"}],"wp:term":[{"taxonomy":"category","embeddable":true,"href":"https:\/\/www.strassenweb.de\/nachrichten\/wp-json\/wp\/v2\/categories?post=6960"},{"taxonomy":"post_tag","embeddable":true,"href":"https:\/\/www.strassenweb.de\/nachrichten\/wp-json\/wp\/v2\/tags?post=6960"}],"curies":[{"name":"wp","href":"https:\/\/api.w.org\/{rel}","templated":true}]}}