{"id":6954,"date":"2025-08-15T04:43:07","date_gmt":"2025-08-15T02:43:07","guid":{"rendered":"https:\/\/www.strassenweb.de\/nachrichten\/laut-der-neuen-sammlung-von-h-m-home-ist-eleganz-der-70er-jahre-die-stimmung-fuer-den-herbst-wenn-sie-anspruchsvolles-saisonales-dekor-moegen-ist-dies-der-tropfen-fuer-sie\/"},"modified":"2025-08-15T04:43:08","modified_gmt":"2025-08-15T02:43:08","slug":"laut-der-neuen-sammlung-von-h-m-home-ist-eleganz-der-70er-jahre-die-stimmung-fuer-den-herbst-wenn-sie-anspruchsvolles-saisonales-dekor-moegen-ist-dies-der-tropfen-fuer-sie","status":"publish","type":"post","link":"https:\/\/www.strassenweb.de\/nachrichten\/laut-der-neuen-sammlung-von-h-m-home-ist-eleganz-der-70er-jahre-die-stimmung-fuer-den-herbst-wenn-sie-anspruchsvolles-saisonales-dekor-moegen-ist-dies-der-tropfen-fuer-sie\/","title":{"rendered":"Laut der neuen Sammlung von H &#038; M Home ist Eleganz der 70er Jahre die Stimmung f\u00fcr den Herbst &#8211; wenn Sie anspruchsvolles saisonales Dekor m\u00f6gen, ist dies der Tropfen f\u00fcr Sie"},"content":{"rendered":"<p><\/p>\n<div id=\"article-body\" class=\"article__body \">\n<p id=\"4c8785e8-cae5-4fe2-bee3-3bb0d680bea1\">Was ist ein Innenraum mit Herbstmotiven? Dekor in herbstlichen Farben nat\u00fcrlich und vielleicht ein K\u00fcrbis hier und da. Laut H &#038; M Home ist jedoch ein Herbstinnere eine warme Farbe, reich an Textur und verf\u00fcgt \u00fcber einen Hauch von Flair der 70er Jahre.<\/p>\n<div id=\"ad-unit-1\" class=\"ad-unit\"><\/div>\n<p>Das ist die \u00c4sthetik, die die Marke in ihrer neu ver\u00f6ffentlichten Kollektion im Herbst 2025 aufgenommen hat. Mit all den Produkten, die Sie mit Herbst verkn\u00fcpfen, von Kerzen und Vasen bis hin zu Decken und Beleuchtung, mischt sich die Kollektion m\u00fchelos mit den 70er -Jahren -Design -Trends aus. Denken Sie an schokoladenbraune Kissen, die mit Randgrenzen, Chrom -Taper -Kerzenhaltern mit organisch geformten Basen und sogar Glasvasen in bernsteinfarbenen Farbt\u00f6nen fertiggestellt sind.<\/p>\n<p>W\u00e4hrend das warme Farbschema und die taktilen Materialien diese Sammlung von Natur aus 70er Jahre anf\u00fchlen, die minimalistischen Silhouetten und organischen Formen moderne Eleganz. Zusammen erzeugen diese Details ein m\u00fchelos schickes Herbst -Interieur mit einem charmanten Retro -Appell.<\/p>\n<div class=\"van_vid_carousel\">\n<div class=\"van_vid_carousel__padding\">\n<div class=\"van_vid_carousel__container\"><\/div>\n<\/div>\n<\/div>\n<figure class=\"van-image-figure inline-layout \" data-bordeaux-image-check id=\"dd03bb2c-d9d8-4bd2-9946-012b1482f469\">\n<div class=\"image-full-width-wrapper\">\n<div class=\"image-widthsetter\" style=\"max-width:2000px;\"><\/div>\n<\/div>\n<\/figure>\n<p id=\"2369e869-dfd7-4505-95f3-46f4b404d6d0\">Jedes St\u00fcck ist selbst stilvoll und kann jeder Ecke Ihres Hauses ein bisschen modernes Retro -Flair verleihen. Aber alle zusammen, die Teile dieser Kollektion entwickeln eine Stimmung der Eleganz der 70er Jahre, die Kerzenhell -Dinnerpartys mit Freunden, ruhige Abende am Kamin und faulen Morgen im Bett &#8211; alles auf die schickste Weise, die auf die schickste Weise zusammengerollt wird.<\/p>\n<div id=\"ad-unit-2\" class=\"ad-unit\"><\/div>\n<aside data-block-type=\"embed\" data-render-type=\"fte\" data-skip=\"dealsy\" data-widget-type=\"seasonal\" class=\"hawk-base\"><\/aside>\n<p id=\"2369e869-dfd7-4505-95f3-46f4b404d6d0-1\">Mein Style -Editor -Sinne erz\u00e4hlt mir, dass diese Sammlung wahrscheinlich schnell ausverkauft wird. Holen Sie sich diese immer allgemeine moderne Retro-\u00c4sthetik f\u00fcr Ihr Zuhause, solange Sie k\u00f6nnen. Kaufen Sie meine Lieblings -Picks unten ein.<\/p>\n<div class=\"product-container hero-product-container product-block-no-wrap\">\n<div class=\"product-block-row\"><\/div>\n<div class=\"product-block-row\"><\/div>\n<div class=\"product-block-row\"><\/div>\n<div class=\"product-block-row\"><\/div>\n<div class=\"product-block-row\"><\/div>\n<div class=\"product-block-row\"><\/div>\n<\/div>\n<hr id=\"b1040ec3-4ddb-4ab4-9c98-6618d481b5c4\">\n<p id=\"c1ad3cf7-32d7-4dcc-9188-2aeda7f24139\">Die Herbstkollektion von H &#038; M Home setzt sich mit warmen Farben, taktilen Materialien und dem geringsten Charme der 70er Jahre aus. Es ist ein Beweis daf\u00fcr, dass Retro -Stil ein starkes Comeback feiert und auch mit einem Herbstwinkel vollst\u00e4ndig funktioniert.<\/p>\n<div id=\"slice-container-newsletterForm-articleInbodyContent-EFeGNeXcULX9849USpRebm\" class=\"slice-container newsletter-inbodyContent-slice newsletterForm-articleInbodyContent-EFeGNeXcULX9849USpRebm slice-container-newsletterForm\"><\/div>\n<\/div>\n","protected":false},"excerpt":{"rendered":"<p>Was ist ein Innenraum mit Herbstmotiven? Dekor in herbstlichen Farben nat\u00fcrlich und vielleicht ein K\u00fcrbis hier und da. Laut H &#038; M Home ist jedoch<\/p>\n","protected":false},"author":1,"featured_media":6955,"comment_status":"closed","ping_status":"","sticky":false,"template":"","format":"standard","meta":{"footnotes":""},"categories":[118],"tags":[2871,9397,4059,78,81,9,503,388,55,203,2135,15,831,329,8937,494,3635,6735,165,1392,8767,21,1076],"class_list":["post-6954","post","type-post","status-publish","format-standard","has-post-thumbnail","hentry","category-haus-garten","tag-70er","tag-anspruchsvolles","tag-dekor","tag-den","tag-der","tag-die","tag-dies","tag-eleganz","tag-fuer","tag-herbst","tag-home","tag-ist","tag-jahre","tag-laut","tag-moegen","tag-neuen","tag-saisonales","tag-sammlung","tag-sie","tag-stimmung","tag-tropfen","tag-von","tag-wenn","generate-columns","tablet-grid-50","mobile-grid-100","grid-parent","grid-50"],"yoast_head":"<!-- This site is optimized with the Yoast SEO plugin v27.3 - https:\/\/yoast.com\/product\/yoast-seo-wordpress\/ -->\n<title>Laut der neuen Sammlung von H &amp; M Home ist Eleganz der 70er Jahre die Stimmung f\u00fcr den Herbst - wenn Sie anspruchsvolles saisonales Dekor m\u00f6gen, ist dies der Tropfen f\u00fcr Sie - Nachrichten - Stra\u00dfenweb<\/title>\n<meta name=\"robots\" content=\"index, follow, max-snippet:-1, max-image-preview:large, max-video-preview:-1\" \/>\n<link rel=\"canonical\" href=\"https:\/\/www.strassenweb.de\/nachrichten\/laut-der-neuen-sammlung-von-h-m-home-ist-eleganz-der-70er-jahre-die-stimmung-fuer-den-herbst-wenn-sie-anspruchsvolles-saisonales-dekor-moegen-ist-dies-der-tropfen-fuer-sie\/\" \/>\n<meta property=\"og:locale\" content=\"de_DE\" \/>\n<meta property=\"og:type\" content=\"article\" \/>\n<meta property=\"og:title\" content=\"Laut der neuen Sammlung von H &amp; M Home ist Eleganz der 70er Jahre die Stimmung f\u00fcr den Herbst - wenn Sie anspruchsvolles saisonales Dekor m\u00f6gen, ist dies der Tropfen f\u00fcr Sie - Nachrichten - Stra\u00dfenweb\" \/>\n<meta property=\"og:description\" content=\"Was ist ein Innenraum mit Herbstmotiven? Dekor in herbstlichen Farben nat\u00fcrlich und vielleicht ein K\u00fcrbis hier und da. Laut H &#038; M Home ist jedoch\" \/>\n<meta property=\"og:url\" content=\"https:\/\/www.strassenweb.de\/nachrichten\/laut-der-neuen-sammlung-von-h-m-home-ist-eleganz-der-70er-jahre-die-stimmung-fuer-den-herbst-wenn-sie-anspruchsvolles-saisonales-dekor-moegen-ist-dies-der-tropfen-fuer-sie\/\" \/>\n<meta property=\"og:site_name\" content=\"Stra\u00dfenweb\" \/>\n<meta property=\"article:publisher\" content=\"https:\/\/www.facebook.com\/strassenweb\/\" \/>\n<meta property=\"article:published_time\" content=\"2025-08-15T02:43:07+00:00\" \/>\n<meta property=\"article:modified_time\" content=\"2025-08-15T02:43:08+00:00\" \/>\n<meta property=\"og:image\" content=\"https:\/\/www.strassenweb.de\/nachrichten\/wp-content\/uploads\/2025\/08\/Laut-der-neuen-Sammlung-von-H-M-Home-ist.png\" \/>\n\t<meta property=\"og:image:width\" content=\"1600\" \/>\n\t<meta property=\"og:image:height\" content=\"900\" \/>\n\t<meta property=\"og:image:type\" content=\"image\/png\" \/>\n<meta name=\"author\" content=\"Robert Hoffmann\" \/>\n<meta name=\"twitter:card\" content=\"summary_large_image\" \/>\n<meta name=\"twitter:label1\" content=\"Verfasst von\" \/>\n\t<meta name=\"twitter:data1\" content=\"Robert Hoffmann\" \/>\n\t<meta name=\"twitter:label2\" content=\"Gesch\u00e4tzte Lesezeit\" \/>\n\t<meta name=\"twitter:data2\" content=\"2\u00a0Minuten\" \/>\n<script type=\"application\/ld+json\" class=\"yoast-schema-graph\">{\"@context\":\"https:\\\/\\\/schema.org\",\"@graph\":[{\"@type\":\"Article\",\"@id\":\"https:\\\/\\\/www.strassenweb.de\\\/nachrichten\\\/laut-der-neuen-sammlung-von-h-m-home-ist-eleganz-der-70er-jahre-die-stimmung-fuer-den-herbst-wenn-sie-anspruchsvolles-saisonales-dekor-moegen-ist-dies-der-tropfen-fuer-sie\\\/#article\",\"isPartOf\":{\"@id\":\"https:\\\/\\\/www.strassenweb.de\\\/nachrichten\\\/laut-der-neuen-sammlung-von-h-m-home-ist-eleganz-der-70er-jahre-die-stimmung-fuer-den-herbst-wenn-sie-anspruchsvolles-saisonales-dekor-moegen-ist-dies-der-tropfen-fuer-sie\\\/\"},\"author\":{\"name\":\"Robert Hoffmann\",\"@id\":\"https:\\\/\\\/www.strassenweb.de\\\/nachrichten\\\/#\\\/schema\\\/person\\\/87c9c9067f1211da429a744dc5a5aa41\"},\"headline\":\"Laut der neuen Sammlung von H &#038; M Home ist Eleganz der 70er Jahre die Stimmung f\u00fcr den Herbst &#8211; wenn Sie anspruchsvolles saisonales Dekor m\u00f6gen, ist dies der Tropfen f\u00fcr Sie\",\"datePublished\":\"2025-08-15T02:43:07+00:00\",\"dateModified\":\"2025-08-15T02:43:08+00:00\",\"mainEntityOfPage\":{\"@id\":\"https:\\\/\\\/www.strassenweb.de\\\/nachrichten\\\/laut-der-neuen-sammlung-von-h-m-home-ist-eleganz-der-70er-jahre-die-stimmung-fuer-den-herbst-wenn-sie-anspruchsvolles-saisonales-dekor-moegen-ist-dies-der-tropfen-fuer-sie\\\/\"},\"wordCount\":334,\"publisher\":{\"@id\":\"https:\\\/\\\/www.strassenweb.de\\\/nachrichten\\\/#organization\"},\"image\":{\"@id\":\"https:\\\/\\\/www.strassenweb.de\\\/nachrichten\\\/laut-der-neuen-sammlung-von-h-m-home-ist-eleganz-der-70er-jahre-die-stimmung-fuer-den-herbst-wenn-sie-anspruchsvolles-saisonales-dekor-moegen-ist-dies-der-tropfen-fuer-sie\\\/#primaryimage\"},\"thumbnailUrl\":\"https:\\\/\\\/www.strassenweb.de\\\/nachrichten\\\/wp-content\\\/uploads\\\/2025\\\/08\\\/Laut-der-neuen-Sammlung-von-H-M-Home-ist.png\",\"keywords\":[\"70er\",\"anspruchsvolles\",\"Dekor\",\"den\",\"der\",\"die\",\"dies\",\"Eleganz\",\"f\u00fcr\",\"Herbst\",\"home\",\"ist\",\"Jahre\",\"laut\",\"m\u00f6gen\",\"neuen\",\"saisonales\",\"Sammlung\",\"Sie\",\"Stimmung\",\"Tropfen\",\"von\",\"wenn\"],\"articleSection\":[\"Haus &amp; Garten\"],\"inLanguage\":\"de\"},{\"@type\":\"WebPage\",\"@id\":\"https:\\\/\\\/www.strassenweb.de\\\/nachrichten\\\/laut-der-neuen-sammlung-von-h-m-home-ist-eleganz-der-70er-jahre-die-stimmung-fuer-den-herbst-wenn-sie-anspruchsvolles-saisonales-dekor-moegen-ist-dies-der-tropfen-fuer-sie\\\/\",\"url\":\"https:\\\/\\\/www.strassenweb.de\\\/nachrichten\\\/laut-der-neuen-sammlung-von-h-m-home-ist-eleganz-der-70er-jahre-die-stimmung-fuer-den-herbst-wenn-sie-anspruchsvolles-saisonales-dekor-moegen-ist-dies-der-tropfen-fuer-sie\\\/\",\"name\":\"Laut der neuen Sammlung von H & M Home ist Eleganz der 70er Jahre die Stimmung f\u00fcr den Herbst - wenn Sie anspruchsvolles saisonales Dekor m\u00f6gen, ist dies der Tropfen f\u00fcr Sie - Nachrichten - Stra\u00dfenweb\",\"isPartOf\":{\"@id\":\"https:\\\/\\\/www.strassenweb.de\\\/nachrichten\\\/#website\"},\"primaryImageOfPage\":{\"@id\":\"https:\\\/\\\/www.strassenweb.de\\\/nachrichten\\\/laut-der-neuen-sammlung-von-h-m-home-ist-eleganz-der-70er-jahre-die-stimmung-fuer-den-herbst-wenn-sie-anspruchsvolles-saisonales-dekor-moegen-ist-dies-der-tropfen-fuer-sie\\\/#primaryimage\"},\"image\":{\"@id\":\"https:\\\/\\\/www.strassenweb.de\\\/nachrichten\\\/laut-der-neuen-sammlung-von-h-m-home-ist-eleganz-der-70er-jahre-die-stimmung-fuer-den-herbst-wenn-sie-anspruchsvolles-saisonales-dekor-moegen-ist-dies-der-tropfen-fuer-sie\\\/#primaryimage\"},\"thumbnailUrl\":\"https:\\\/\\\/www.strassenweb.de\\\/nachrichten\\\/wp-content\\\/uploads\\\/2025\\\/08\\\/Laut-der-neuen-Sammlung-von-H-M-Home-ist.png\",\"datePublished\":\"2025-08-15T02:43:07+00:00\",\"dateModified\":\"2025-08-15T02:43:08+00:00\",\"breadcrumb\":{\"@id\":\"https:\\\/\\\/www.strassenweb.de\\\/nachrichten\\\/laut-der-neuen-sammlung-von-h-m-home-ist-eleganz-der-70er-jahre-die-stimmung-fuer-den-herbst-wenn-sie-anspruchsvolles-saisonales-dekor-moegen-ist-dies-der-tropfen-fuer-sie\\\/#breadcrumb\"},\"inLanguage\":\"de\",\"potentialAction\":[{\"@type\":\"ReadAction\",\"target\":[\"https:\\\/\\\/www.strassenweb.de\\\/nachrichten\\\/laut-der-neuen-sammlung-von-h-m-home-ist-eleganz-der-70er-jahre-die-stimmung-fuer-den-herbst-wenn-sie-anspruchsvolles-saisonales-dekor-moegen-ist-dies-der-tropfen-fuer-sie\\\/\"]}]},{\"@type\":\"ImageObject\",\"inLanguage\":\"de\",\"@id\":\"https:\\\/\\\/www.strassenweb.de\\\/nachrichten\\\/laut-der-neuen-sammlung-von-h-m-home-ist-eleganz-der-70er-jahre-die-stimmung-fuer-den-herbst-wenn-sie-anspruchsvolles-saisonales-dekor-moegen-ist-dies-der-tropfen-fuer-sie\\\/#primaryimage\",\"url\":\"https:\\\/\\\/www.strassenweb.de\\\/nachrichten\\\/wp-content\\\/uploads\\\/2025\\\/08\\\/Laut-der-neuen-Sammlung-von-H-M-Home-ist.png\",\"contentUrl\":\"https:\\\/\\\/www.strassenweb.de\\\/nachrichten\\\/wp-content\\\/uploads\\\/2025\\\/08\\\/Laut-der-neuen-Sammlung-von-H-M-Home-ist.png\",\"width\":1600,\"height\":900,\"caption\":\"a living room with low profile furniture, a wooden coffee table, a fireplace, lots of pillows, and a bookshelf against the left wall\"},{\"@type\":\"BreadcrumbList\",\"@id\":\"https:\\\/\\\/www.strassenweb.de\\\/nachrichten\\\/laut-der-neuen-sammlung-von-h-m-home-ist-eleganz-der-70er-jahre-die-stimmung-fuer-den-herbst-wenn-sie-anspruchsvolles-saisonales-dekor-moegen-ist-dies-der-tropfen-fuer-sie\\\/#breadcrumb\",\"itemListElement\":[{\"@type\":\"ListItem\",\"position\":1,\"name\":\"Home\",\"item\":\"https:\\\/\\\/www.strassenweb.de\\\/nachrichten\\\/\"},{\"@type\":\"ListItem\",\"position\":2,\"name\":\"Laut der neuen Sammlung von H &#038; M Home ist Eleganz der 70er Jahre die Stimmung f\u00fcr den Herbst &#8211; wenn Sie anspruchsvolles saisonales Dekor m\u00f6gen, ist dies der Tropfen f\u00fcr Sie\"}]},{\"@type\":\"WebSite\",\"@id\":\"https:\\\/\\\/www.strassenweb.de\\\/nachrichten\\\/#website\",\"url\":\"https:\\\/\\\/www.strassenweb.de\\\/nachrichten\\\/\",\"name\":\"Stra\u00dfenweb\",\"description\":\"Stra\u00dfenverzeichnis f\u00fcr Deutschland\",\"publisher\":{\"@id\":\"https:\\\/\\\/www.strassenweb.de\\\/nachrichten\\\/#organization\"},\"potentialAction\":[{\"@type\":\"SearchAction\",\"target\":{\"@type\":\"EntryPoint\",\"urlTemplate\":\"https:\\\/\\\/www.strassenweb.de\\\/nachrichten\\\/?s={search_term_string}\"},\"query-input\":{\"@type\":\"PropertyValueSpecification\",\"valueRequired\":true,\"valueName\":\"search_term_string\"}}],\"inLanguage\":\"de\"},{\"@type\":\"Organization\",\"@id\":\"https:\\\/\\\/www.strassenweb.de\\\/nachrichten\\\/#organization\",\"name\":\"Stra\u00dfenweb\",\"url\":\"https:\\\/\\\/www.strassenweb.de\\\/nachrichten\\\/\",\"logo\":{\"@type\":\"ImageObject\",\"inLanguage\":\"de\",\"@id\":\"https:\\\/\\\/www.strassenweb.de\\\/nachrichten\\\/#\\\/schema\\\/logo\\\/image\\\/\",\"url\":\"https:\\\/\\\/www.strassenweb.de\\\/nachrichten\\\/wp-content\\\/uploads\\\/2024\\\/09\\\/cropped-favicon.png\",\"contentUrl\":\"https:\\\/\\\/www.strassenweb.de\\\/nachrichten\\\/wp-content\\\/uploads\\\/2024\\\/09\\\/cropped-favicon.png\",\"width\":512,\"height\":512,\"caption\":\"Stra\u00dfenweb\"},\"image\":{\"@id\":\"https:\\\/\\\/www.strassenweb.de\\\/nachrichten\\\/#\\\/schema\\\/logo\\\/image\\\/\"},\"sameAs\":[\"https:\\\/\\\/www.facebook.com\\\/strassenweb\\\/\"]},{\"@type\":\"Person\",\"@id\":\"https:\\\/\\\/www.strassenweb.de\\\/nachrichten\\\/#\\\/schema\\\/person\\\/87c9c9067f1211da429a744dc5a5aa41\",\"name\":\"Robert Hoffmann\",\"image\":{\"@type\":\"ImageObject\",\"inLanguage\":\"de\",\"@id\":\"https:\\\/\\\/www.strassenweb.de\\\/nachrichten\\\/wp-content\\\/uploads\\\/2024\\\/09\\\/strassenweb-150x150.jpg\",\"url\":\"https:\\\/\\\/www.strassenweb.de\\\/nachrichten\\\/wp-content\\\/uploads\\\/2024\\\/09\\\/strassenweb-150x150.jpg\",\"contentUrl\":\"https:\\\/\\\/www.strassenweb.de\\\/nachrichten\\\/wp-content\\\/uploads\\\/2024\\\/09\\\/strassenweb-150x150.jpg\",\"caption\":\"Robert Hoffmann\"},\"description\":\"Ich hei\u00dfe Robert Hoffmann und ich bin ein leidenschaftlicher Verfechter von \u00d6kologie und Biodiversit\u00e4t. Seit meiner Kindheit in den W\u00e4ldern Bayerns f\u00fchle ich mich mit der Natur verbunden und bin entschlossen, sie zu sch\u00fctzen. Heute widme ich mein Leben der Sensibilisierung anderer f\u00fcr die Bedeutung des Umweltschutzes f\u00fcr zuk\u00fcnftige Generationen.\",\"sameAs\":[\"https:\\\/\\\/www.strassenweb.de\\\/\"]}]}<\/script>\n<!-- \/ Yoast SEO plugin. -->","yoast_head_json":{"title":"Laut der neuen Sammlung von H & M Home ist Eleganz der 70er Jahre die Stimmung f\u00fcr den Herbst - wenn Sie anspruchsvolles saisonales Dekor m\u00f6gen, ist dies der Tropfen f\u00fcr Sie - Nachrichten - Stra\u00dfenweb","robots":{"index":"index","follow":"follow","max-snippet":"max-snippet:-1","max-image-preview":"max-image-preview:large","max-video-preview":"max-video-preview:-1"},"canonical":"https:\/\/www.strassenweb.de\/nachrichten\/laut-der-neuen-sammlung-von-h-m-home-ist-eleganz-der-70er-jahre-die-stimmung-fuer-den-herbst-wenn-sie-anspruchsvolles-saisonales-dekor-moegen-ist-dies-der-tropfen-fuer-sie\/","og_locale":"de_DE","og_type":"article","og_title":"Laut der neuen Sammlung von H & M Home ist Eleganz der 70er Jahre die Stimmung f\u00fcr den Herbst - wenn Sie anspruchsvolles saisonales Dekor m\u00f6gen, ist dies der Tropfen f\u00fcr Sie - Nachrichten - Stra\u00dfenweb","og_description":"Was ist ein Innenraum mit Herbstmotiven? Dekor in herbstlichen Farben nat\u00fcrlich und vielleicht ein K\u00fcrbis hier und da. Laut H &#038; M Home ist jedoch","og_url":"https:\/\/www.strassenweb.de\/nachrichten\/laut-der-neuen-sammlung-von-h-m-home-ist-eleganz-der-70er-jahre-die-stimmung-fuer-den-herbst-wenn-sie-anspruchsvolles-saisonales-dekor-moegen-ist-dies-der-tropfen-fuer-sie\/","og_site_name":"Stra\u00dfenweb","article_publisher":"https:\/\/www.facebook.com\/strassenweb\/","article_published_time":"2025-08-15T02:43:07+00:00","article_modified_time":"2025-08-15T02:43:08+00:00","og_image":[{"width":1600,"height":900,"url":"https:\/\/www.strassenweb.de\/nachrichten\/wp-content\/uploads\/2025\/08\/Laut-der-neuen-Sammlung-von-H-M-Home-ist.png","type":"image\/png"}],"author":"Robert Hoffmann","twitter_card":"summary_large_image","twitter_misc":{"Verfasst von":"Robert Hoffmann","Gesch\u00e4tzte Lesezeit":"2\u00a0Minuten"},"schema":{"@context":"https:\/\/schema.org","@graph":[{"@type":"Article","@id":"https:\/\/www.strassenweb.de\/nachrichten\/laut-der-neuen-sammlung-von-h-m-home-ist-eleganz-der-70er-jahre-die-stimmung-fuer-den-herbst-wenn-sie-anspruchsvolles-saisonales-dekor-moegen-ist-dies-der-tropfen-fuer-sie\/#article","isPartOf":{"@id":"https:\/\/www.strassenweb.de\/nachrichten\/laut-der-neuen-sammlung-von-h-m-home-ist-eleganz-der-70er-jahre-die-stimmung-fuer-den-herbst-wenn-sie-anspruchsvolles-saisonales-dekor-moegen-ist-dies-der-tropfen-fuer-sie\/"},"author":{"name":"Robert Hoffmann","@id":"https:\/\/www.strassenweb.de\/nachrichten\/#\/schema\/person\/87c9c9067f1211da429a744dc5a5aa41"},"headline":"Laut der neuen Sammlung von H &#038; M Home ist Eleganz der 70er Jahre die Stimmung f\u00fcr den Herbst &#8211; wenn Sie anspruchsvolles saisonales Dekor m\u00f6gen, ist dies der Tropfen f\u00fcr Sie","datePublished":"2025-08-15T02:43:07+00:00","dateModified":"2025-08-15T02:43:08+00:00","mainEntityOfPage":{"@id":"https:\/\/www.strassenweb.de\/nachrichten\/laut-der-neuen-sammlung-von-h-m-home-ist-eleganz-der-70er-jahre-die-stimmung-fuer-den-herbst-wenn-sie-anspruchsvolles-saisonales-dekor-moegen-ist-dies-der-tropfen-fuer-sie\/"},"wordCount":334,"publisher":{"@id":"https:\/\/www.strassenweb.de\/nachrichten\/#organization"},"image":{"@id":"https:\/\/www.strassenweb.de\/nachrichten\/laut-der-neuen-sammlung-von-h-m-home-ist-eleganz-der-70er-jahre-die-stimmung-fuer-den-herbst-wenn-sie-anspruchsvolles-saisonales-dekor-moegen-ist-dies-der-tropfen-fuer-sie\/#primaryimage"},"thumbnailUrl":"https:\/\/www.strassenweb.de\/nachrichten\/wp-content\/uploads\/2025\/08\/Laut-der-neuen-Sammlung-von-H-M-Home-ist.png","keywords":["70er","anspruchsvolles","Dekor","den","der","die","dies","Eleganz","f\u00fcr","Herbst","home","ist","Jahre","laut","m\u00f6gen","neuen","saisonales","Sammlung","Sie","Stimmung","Tropfen","von","wenn"],"articleSection":["Haus &amp; Garten"],"inLanguage":"de"},{"@type":"WebPage","@id":"https:\/\/www.strassenweb.de\/nachrichten\/laut-der-neuen-sammlung-von-h-m-home-ist-eleganz-der-70er-jahre-die-stimmung-fuer-den-herbst-wenn-sie-anspruchsvolles-saisonales-dekor-moegen-ist-dies-der-tropfen-fuer-sie\/","url":"https:\/\/www.strassenweb.de\/nachrichten\/laut-der-neuen-sammlung-von-h-m-home-ist-eleganz-der-70er-jahre-die-stimmung-fuer-den-herbst-wenn-sie-anspruchsvolles-saisonales-dekor-moegen-ist-dies-der-tropfen-fuer-sie\/","name":"Laut der neuen Sammlung von H & M Home ist Eleganz der 70er Jahre die Stimmung f\u00fcr den Herbst - wenn Sie anspruchsvolles saisonales Dekor m\u00f6gen, ist dies der Tropfen f\u00fcr Sie - Nachrichten - Stra\u00dfenweb","isPartOf":{"@id":"https:\/\/www.strassenweb.de\/nachrichten\/#website"},"primaryImageOfPage":{"@id":"https:\/\/www.strassenweb.de\/nachrichten\/laut-der-neuen-sammlung-von-h-m-home-ist-eleganz-der-70er-jahre-die-stimmung-fuer-den-herbst-wenn-sie-anspruchsvolles-saisonales-dekor-moegen-ist-dies-der-tropfen-fuer-sie\/#primaryimage"},"image":{"@id":"https:\/\/www.strassenweb.de\/nachrichten\/laut-der-neuen-sammlung-von-h-m-home-ist-eleganz-der-70er-jahre-die-stimmung-fuer-den-herbst-wenn-sie-anspruchsvolles-saisonales-dekor-moegen-ist-dies-der-tropfen-fuer-sie\/#primaryimage"},"thumbnailUrl":"https:\/\/www.strassenweb.de\/nachrichten\/wp-content\/uploads\/2025\/08\/Laut-der-neuen-Sammlung-von-H-M-Home-ist.png","datePublished":"2025-08-15T02:43:07+00:00","dateModified":"2025-08-15T02:43:08+00:00","breadcrumb":{"@id":"https:\/\/www.strassenweb.de\/nachrichten\/laut-der-neuen-sammlung-von-h-m-home-ist-eleganz-der-70er-jahre-die-stimmung-fuer-den-herbst-wenn-sie-anspruchsvolles-saisonales-dekor-moegen-ist-dies-der-tropfen-fuer-sie\/#breadcrumb"},"inLanguage":"de","potentialAction":[{"@type":"ReadAction","target":["https:\/\/www.strassenweb.de\/nachrichten\/laut-der-neuen-sammlung-von-h-m-home-ist-eleganz-der-70er-jahre-die-stimmung-fuer-den-herbst-wenn-sie-anspruchsvolles-saisonales-dekor-moegen-ist-dies-der-tropfen-fuer-sie\/"]}]},{"@type":"ImageObject","inLanguage":"de","@id":"https:\/\/www.strassenweb.de\/nachrichten\/laut-der-neuen-sammlung-von-h-m-home-ist-eleganz-der-70er-jahre-die-stimmung-fuer-den-herbst-wenn-sie-anspruchsvolles-saisonales-dekor-moegen-ist-dies-der-tropfen-fuer-sie\/#primaryimage","url":"https:\/\/www.strassenweb.de\/nachrichten\/wp-content\/uploads\/2025\/08\/Laut-der-neuen-Sammlung-von-H-M-Home-ist.png","contentUrl":"https:\/\/www.strassenweb.de\/nachrichten\/wp-content\/uploads\/2025\/08\/Laut-der-neuen-Sammlung-von-H-M-Home-ist.png","width":1600,"height":900,"caption":"a living room with low profile furniture, a wooden coffee table, a fireplace, lots of pillows, and a bookshelf against the left wall"},{"@type":"BreadcrumbList","@id":"https:\/\/www.strassenweb.de\/nachrichten\/laut-der-neuen-sammlung-von-h-m-home-ist-eleganz-der-70er-jahre-die-stimmung-fuer-den-herbst-wenn-sie-anspruchsvolles-saisonales-dekor-moegen-ist-dies-der-tropfen-fuer-sie\/#breadcrumb","itemListElement":[{"@type":"ListItem","position":1,"name":"Home","item":"https:\/\/www.strassenweb.de\/nachrichten\/"},{"@type":"ListItem","position":2,"name":"Laut der neuen Sammlung von H &#038; M Home ist Eleganz der 70er Jahre die Stimmung f\u00fcr den Herbst &#8211; wenn Sie anspruchsvolles saisonales Dekor m\u00f6gen, ist dies der Tropfen f\u00fcr Sie"}]},{"@type":"WebSite","@id":"https:\/\/www.strassenweb.de\/nachrichten\/#website","url":"https:\/\/www.strassenweb.de\/nachrichten\/","name":"Stra\u00dfenweb","description":"Stra\u00dfenverzeichnis f\u00fcr Deutschland","publisher":{"@id":"https:\/\/www.strassenweb.de\/nachrichten\/#organization"},"potentialAction":[{"@type":"SearchAction","target":{"@type":"EntryPoint","urlTemplate":"https:\/\/www.strassenweb.de\/nachrichten\/?s={search_term_string}"},"query-input":{"@type":"PropertyValueSpecification","valueRequired":true,"valueName":"search_term_string"}}],"inLanguage":"de"},{"@type":"Organization","@id":"https:\/\/www.strassenweb.de\/nachrichten\/#organization","name":"Stra\u00dfenweb","url":"https:\/\/www.strassenweb.de\/nachrichten\/","logo":{"@type":"ImageObject","inLanguage":"de","@id":"https:\/\/www.strassenweb.de\/nachrichten\/#\/schema\/logo\/image\/","url":"https:\/\/www.strassenweb.de\/nachrichten\/wp-content\/uploads\/2024\/09\/cropped-favicon.png","contentUrl":"https:\/\/www.strassenweb.de\/nachrichten\/wp-content\/uploads\/2024\/09\/cropped-favicon.png","width":512,"height":512,"caption":"Stra\u00dfenweb"},"image":{"@id":"https:\/\/www.strassenweb.de\/nachrichten\/#\/schema\/logo\/image\/"},"sameAs":["https:\/\/www.facebook.com\/strassenweb\/"]},{"@type":"Person","@id":"https:\/\/www.strassenweb.de\/nachrichten\/#\/schema\/person\/87c9c9067f1211da429a744dc5a5aa41","name":"Robert Hoffmann","image":{"@type":"ImageObject","inLanguage":"de","@id":"https:\/\/www.strassenweb.de\/nachrichten\/wp-content\/uploads\/2024\/09\/strassenweb-150x150.jpg","url":"https:\/\/www.strassenweb.de\/nachrichten\/wp-content\/uploads\/2024\/09\/strassenweb-150x150.jpg","contentUrl":"https:\/\/www.strassenweb.de\/nachrichten\/wp-content\/uploads\/2024\/09\/strassenweb-150x150.jpg","caption":"Robert Hoffmann"},"description":"Ich hei\u00dfe Robert Hoffmann und ich bin ein leidenschaftlicher Verfechter von \u00d6kologie und Biodiversit\u00e4t. Seit meiner Kindheit in den W\u00e4ldern Bayerns f\u00fchle ich mich mit der Natur verbunden und bin entschlossen, sie zu sch\u00fctzen. Heute widme ich mein Leben der Sensibilisierung anderer f\u00fcr die Bedeutung des Umweltschutzes f\u00fcr zuk\u00fcnftige Generationen.","sameAs":["https:\/\/www.strassenweb.de\/"]}]}},"_links":{"self":[{"href":"https:\/\/www.strassenweb.de\/nachrichten\/wp-json\/wp\/v2\/posts\/6954","targetHints":{"allow":["GET"]}}],"collection":[{"href":"https:\/\/www.strassenweb.de\/nachrichten\/wp-json\/wp\/v2\/posts"}],"about":[{"href":"https:\/\/www.strassenweb.de\/nachrichten\/wp-json\/wp\/v2\/types\/post"}],"author":[{"embeddable":true,"href":"https:\/\/www.strassenweb.de\/nachrichten\/wp-json\/wp\/v2\/users\/1"}],"replies":[{"embeddable":true,"href":"https:\/\/www.strassenweb.de\/nachrichten\/wp-json\/wp\/v2\/comments?post=6954"}],"version-history":[{"count":0,"href":"https:\/\/www.strassenweb.de\/nachrichten\/wp-json\/wp\/v2\/posts\/6954\/revisions"}],"wp:featuredmedia":[{"embeddable":true,"href":"https:\/\/www.strassenweb.de\/nachrichten\/wp-json\/wp\/v2\/media\/6955"}],"wp:attachment":[{"href":"https:\/\/www.strassenweb.de\/nachrichten\/wp-json\/wp\/v2\/media?parent=6954"}],"wp:term":[{"taxonomy":"category","embeddable":true,"href":"https:\/\/www.strassenweb.de\/nachrichten\/wp-json\/wp\/v2\/categories?post=6954"},{"taxonomy":"post_tag","embeddable":true,"href":"https:\/\/www.strassenweb.de\/nachrichten\/wp-json\/wp\/v2\/tags?post=6954"}],"curies":[{"name":"wp","href":"https:\/\/api.w.org\/{rel}","templated":true}]}}