{"id":693,"date":"2024-10-07T10:40:21","date_gmt":"2024-10-07T08:40:21","guid":{"rendered":"https:\/\/www.strassenweb.de\/nachrichten\/beliebter-singvogel-der-vom-durch-muecken-uebertragenen-virus-bedroht-ist\/"},"modified":"2024-10-07T10:40:22","modified_gmt":"2024-10-07T08:40:22","slug":"beliebter-singvogel-der-vom-durch-muecken-uebertragenen-virus-bedroht-ist","status":"publish","type":"post","link":"https:\/\/www.strassenweb.de\/nachrichten\/beliebter-singvogel-der-vom-durch-muecken-uebertragenen-virus-bedroht-ist\/","title":{"rendered":"Beliebter Singvogel, der vom durch M\u00fccken \u00fcbertragenen Virus bedroht ist"},"content":{"rendered":"<p>Einer der beliebtesten Gartenv\u00f6gel Gro\u00dfbritanniens, die Amsel, geht rapide zur\u00fcck, und die \u00d6ffentlichkeit wird gebeten, Wissenschaftlern dabei zu helfen, herauszufinden, warum.<\/p>\n<p>Seit Hunderten von Jahren wird dieser bekannte Vogel von Dichtern, Malern und Liedermachern gefeiert, doch jetzt besteht die Gefahr, dass dieser in Stadt und Land beliebte Gesangsvogel in vielen seiner fr\u00fcheren Aufenthaltsorte seltener wird. Der British Trust for Ornithology (BTO) hat eine Umfrage gestartet, um herauszufinden, warum.<\/p>\n<p>In den letzten Jahren wurden Bedenken hinsichtlich des Wohlergehens des gew\u00f6hnlichen Gartenvogels ge\u00e4u\u00dfert, da Vogelbeobachter seit 2020, insbesondere im Gro\u00dfraum London, weniger Amseln in ihren G\u00e4rten gemeldet haben Arten in England.<\/p>\n<p>Das erstmals im Sommer 2020 im Vereinigten K\u00f6nigreich in London entdeckte Usutu-Virus ist m\u00f6glicherweise t\u00f6dlich f\u00fcr Amseln und nun w\u00e4chst die Besorgnis, da sich das Virus offenbar im S\u00fcdosten Englands ausgebreitet zu haben scheint. Das Virus wurde erstmals in S\u00fcdafrika entdeckt und ist seit drei Jahrzehnten auf dem europ\u00e4ischen Festland verbreitet. Seine Ausbreitung wird mit dem Klimawandel und mit einheimischen britischen M\u00fccken in Verbindung gebracht, die das Virus in der w\u00e4rmeren Jahreszeit \u00fcbertragen k\u00f6nnen.<\/p>\n<p>Jetzt versuchen Wissenschaftler, das Ausma\u00df und die Ausbreitung des Usutu-Virus besser zu verstehen und welche m\u00f6glichen Auswirkungen dies auf die Amseln im Vereinigten K\u00f6nigreich haben k\u00f6nnte.<\/p>\n<p>Die Zahl der Amseln ging im Gro\u00dfraum London bereits vor der Ankunft des Usutu-Virus leicht zur\u00fcck, und die Forscher sind gespannt, ob in anderen Gro\u00dfst\u00e4dten im Vereinigten K\u00f6nigreich etwas \u00c4hnliches passiert und wie sich dies im Vergleich zu kleineren st\u00e4dtischen und l\u00e4ndlichen Gebieten verh\u00e4lt.<\/p>\n<p>Der <strong>Amseln in G\u00e4rten<\/strong> Die Umfrage wird BTO-Wissenschaftlern helfen, besser zu verstehen, wie Amseln verschiedene Arten von G\u00e4rten nutzen und welche Faktoren das Risiko einer Krankheits\u00fcbertragung beeinflussen k\u00f6nnten. Wichtig ist, dass mit der Umfrage auch ermittelt werden soll, wie erfolgreich die Br\u00e4ute bei der Aufzucht ihrer Jungtiere sind, insbesondere auf verschiedenen Urbanisierungsebenen, von l\u00e4ndlichen bis zu st\u00e4dtischen G\u00e4rten. <\/p>\n<p>Usutu wird typischerweise durch vogelstechende M\u00fccken \u00fcbertragen, die selten Menschen stechen. Wenn es dennoch auftritt, verl\u00e4uft die Infektion beim Menschen oft asymptomatisch, und im Vereinigten K\u00f6nigreich wurden bisher keine F\u00e4lle von Usutu beim Menschen festgestellt.<\/p>\n<p>Obwohl das Risiko f\u00fcr den Menschen durch das Usutu-Virus gering ist, ist dies das erste Mal in der modernen Geschichte, dass im Vereinigten K\u00f6nigreich eine durch M\u00fccken \u00fcbertragene virale Zoonose (eine Krankheit, die von Tieren auf Menschen \u00fcbertragen werden kann) aufgetreten ist.<\/p>\n<p>Diese BTO-Umfrage ist Teil eines umfassenderen Partnerschaftsprojekts, das in Zusammenarbeit mit der Animal and Plant Health Agency (APHA), der Zoological Society of London (ZSL) und der UK Health Security Agency (UKHSA) durchgef\u00fchrt wird. Das Projekt \u201eVector-Borne RADAR\u201c wird von UK Research and Innovation und Defra finanziert, um die Entstehung und \u00dcbertragung von durch M\u00fccken \u00fcbertragenen Viren bei Wildv\u00f6geln im Vereinigten K\u00f6nigreich zu verstehen, die infolge des Klimawandels voraussichtlich zunehmen werden.<\/p>\n<p><strong>Dr. Hugh Hanmer, leitender Forschungs\u00f6kologe bei BTO, sagte<\/strong>\u201eDie Amselzahlen sind im Gro\u00dfraum London seit einiger Zeit r\u00fcckl\u00e4ufig. Ab 2020 begannen sie jedoch st\u00e4rker zu sinken, was mit der Entdeckung des Usutu-Virus zusammenfiel. Es gibt nun Hinweise auf einen gr\u00f6\u00dferen R\u00fcckgang in S\u00fcdengland, der in anderen Regionen des Vereinigten K\u00f6nigreichs nicht zu beobachten ist. Ziel der BTO-Umfrage ist es, die Gr\u00fcnde f\u00fcr diese Ver\u00e4nderung zu verstehen und einen Zusammenhang mit der Entstehung des Usutu-Virus zu ermitteln. Indem wir besser verstehen, wie Amseln unsere G\u00e4rten nutzen, hoffen wir, den R\u00fcckgang stoppen zu k\u00f6nnen.\u201c<\/p>\n<p><strong>sagte Dr. Arran Folly, leitender Wissenschaftler bei APHA und Vector-Borne RADAR-Projektleiter<\/strong>\u201eAusbr\u00fcche von durch M\u00fccken \u00fcbertragenen Krankheiten wie dem Usutu-Virus, das mittlerweile im S\u00fcdosten Englands endemisch ist, werden in Gro\u00dfbritannien wahrscheinlich zunehmen, insbesondere wenn die Temperaturen im Zuge des Klimawandels steigen.\u201c Unser Vector-Borne RADAR-Projekt tr\u00e4gt dazu bei, ein besseres Bild neu auftretender, durch M\u00fccken \u00fcbertragener Viren zu entwickeln, und die Ergebnisse der BTO-Umfrage \u201eBlackbirds In Gardens\u201c werden von unsch\u00e4tzbarem Wert sein, um besser zu verstehen, wie sich das Virus auf unsere Amselnpopulationen auswirken k\u00f6nnte. Ich m\u00f6chte alle Gartenbesitzer dringend bitten, sich zu beteiligen und uns dabei zu helfen, diesen Virus im Auge zu behalten.\u201c<\/p>\n<p>BTO bittet jeden, der Zugang zu einem Garten hat, an der Umfrage teilzunehmen. Melden Sie sich einfach online unter www.bto.org\/blackbirds-gardens an. Hier finden Sie weitere Informationen, eine einfache Anleitung zur Amsel-Identifizierung und eine vollst\u00e4ndige Anleitung zur Teilnahme.<\/p>\n","protected":false},"excerpt":{"rendered":"<p>Einer der beliebtesten Gartenv\u00f6gel Gro\u00dfbritanniens, die Amsel, geht rapide zur\u00fcck, und die \u00d6ffentlichkeit wird gebeten, Wissenschaftlern dabei zu helfen, herauszufinden, warum. Seit Hunderten von Jahren<\/p>\n","protected":false},"author":1,"featured_media":694,"comment_status":"closed","ping_status":"","sticky":false,"template":"","format":"standard","meta":{"footnotes":""},"categories":[101],"tags":[1375,1371,81,629,15,870,1372,1373,1374,758],"class_list":["post-693","post","type-post","status-publish","format-standard","has-post-thumbnail","hentry","category-oekologie","tag-bedroht","tag-beliebter","tag-der","tag-durch","tag-ist","tag-muecken","tag-singvogel","tag-uebertragenen","tag-virus","tag-vom","generate-columns","tablet-grid-50","mobile-grid-100","grid-parent","grid-50"],"yoast_head":"<!-- This site is optimized with the Yoast SEO plugin v27.3 - https:\/\/yoast.com\/product\/yoast-seo-wordpress\/ -->\n<title>Beliebter Singvogel, der vom durch M\u00fccken \u00fcbertragenen Virus bedroht ist - Nachrichten - Stra\u00dfenweb<\/title>\n<meta name=\"robots\" content=\"index, follow, max-snippet:-1, max-image-preview:large, max-video-preview:-1\" \/>\n<link rel=\"canonical\" href=\"https:\/\/www.strassenweb.de\/nachrichten\/beliebter-singvogel-der-vom-durch-muecken-uebertragenen-virus-bedroht-ist\/\" \/>\n<meta property=\"og:locale\" content=\"de_DE\" \/>\n<meta property=\"og:type\" content=\"article\" \/>\n<meta property=\"og:title\" content=\"Beliebter Singvogel, der vom durch M\u00fccken \u00fcbertragenen Virus bedroht ist - Nachrichten - Stra\u00dfenweb\" \/>\n<meta property=\"og:description\" content=\"Einer der beliebtesten Gartenv\u00f6gel Gro\u00dfbritanniens, die Amsel, geht rapide zur\u00fcck, und die \u00d6ffentlichkeit wird gebeten, Wissenschaftlern dabei zu helfen, herauszufinden, warum. Seit Hunderten von Jahren\" \/>\n<meta property=\"og:url\" content=\"https:\/\/www.strassenweb.de\/nachrichten\/beliebter-singvogel-der-vom-durch-muecken-uebertragenen-virus-bedroht-ist\/\" \/>\n<meta property=\"og:site_name\" content=\"Stra\u00dfenweb\" \/>\n<meta property=\"article:publisher\" content=\"https:\/\/www.facebook.com\/strassenweb\/\" \/>\n<meta property=\"article:published_time\" content=\"2024-10-07T08:40:21+00:00\" \/>\n<meta property=\"article:modified_time\" content=\"2024-10-07T08:40:22+00:00\" \/>\n<meta property=\"og:image\" content=\"https:\/\/www.strassenweb.de\/nachrichten\/wp-content\/uploads\/2024\/10\/Beliebter-Singvogel-der-vom-durch-Muecken-uebertragenen-Virus-bedroht-ist.jpg\" \/>\n\t<meta property=\"og:image:width\" content=\"900\" \/>\n\t<meta property=\"og:image:height\" content=\"589\" \/>\n\t<meta property=\"og:image:type\" content=\"image\/jpeg\" \/>\n<meta name=\"author\" content=\"Robert Hoffmann\" \/>\n<meta name=\"twitter:card\" content=\"summary_large_image\" \/>\n<meta name=\"twitter:label1\" content=\"Verfasst von\" \/>\n\t<meta name=\"twitter:data1\" content=\"Robert Hoffmann\" \/>\n\t<meta name=\"twitter:label2\" content=\"Gesch\u00e4tzte Lesezeit\" \/>\n\t<meta name=\"twitter:data2\" content=\"4\u00a0Minuten\" \/>\n<script type=\"application\/ld+json\" class=\"yoast-schema-graph\">{\"@context\":\"https:\\\/\\\/schema.org\",\"@graph\":[{\"@type\":\"Article\",\"@id\":\"https:\\\/\\\/www.strassenweb.de\\\/nachrichten\\\/beliebter-singvogel-der-vom-durch-muecken-uebertragenen-virus-bedroht-ist\\\/#article\",\"isPartOf\":{\"@id\":\"https:\\\/\\\/www.strassenweb.de\\\/nachrichten\\\/beliebter-singvogel-der-vom-durch-muecken-uebertragenen-virus-bedroht-ist\\\/\"},\"author\":{\"name\":\"Robert Hoffmann\",\"@id\":\"https:\\\/\\\/www.strassenweb.de\\\/nachrichten\\\/#\\\/schema\\\/person\\\/87c9c9067f1211da429a744dc5a5aa41\"},\"headline\":\"Beliebter Singvogel, der vom durch M\u00fccken \u00fcbertragenen Virus bedroht ist\",\"datePublished\":\"2024-10-07T08:40:21+00:00\",\"dateModified\":\"2024-10-07T08:40:22+00:00\",\"mainEntityOfPage\":{\"@id\":\"https:\\\/\\\/www.strassenweb.de\\\/nachrichten\\\/beliebter-singvogel-der-vom-durch-muecken-uebertragenen-virus-bedroht-ist\\\/\"},\"wordCount\":767,\"publisher\":{\"@id\":\"https:\\\/\\\/www.strassenweb.de\\\/nachrichten\\\/#organization\"},\"image\":{\"@id\":\"https:\\\/\\\/www.strassenweb.de\\\/nachrichten\\\/beliebter-singvogel-der-vom-durch-muecken-uebertragenen-virus-bedroht-ist\\\/#primaryimage\"},\"thumbnailUrl\":\"https:\\\/\\\/www.strassenweb.de\\\/nachrichten\\\/wp-content\\\/uploads\\\/2024\\\/10\\\/Beliebter-Singvogel-der-vom-durch-Muecken-uebertragenen-Virus-bedroht-ist.jpg\",\"keywords\":[\"bedroht\",\"Beliebter\",\"der\",\"durch\",\"ist\",\"M\u00fccken\",\"Singvogel\",\"\u00fcbertragenen\",\"Virus\",\"vom\"],\"articleSection\":[\"\u00d6kologie\"],\"inLanguage\":\"de\"},{\"@type\":\"WebPage\",\"@id\":\"https:\\\/\\\/www.strassenweb.de\\\/nachrichten\\\/beliebter-singvogel-der-vom-durch-muecken-uebertragenen-virus-bedroht-ist\\\/\",\"url\":\"https:\\\/\\\/www.strassenweb.de\\\/nachrichten\\\/beliebter-singvogel-der-vom-durch-muecken-uebertragenen-virus-bedroht-ist\\\/\",\"name\":\"Beliebter Singvogel, der vom durch M\u00fccken \u00fcbertragenen Virus bedroht ist - Nachrichten - Stra\u00dfenweb\",\"isPartOf\":{\"@id\":\"https:\\\/\\\/www.strassenweb.de\\\/nachrichten\\\/#website\"},\"primaryImageOfPage\":{\"@id\":\"https:\\\/\\\/www.strassenweb.de\\\/nachrichten\\\/beliebter-singvogel-der-vom-durch-muecken-uebertragenen-virus-bedroht-ist\\\/#primaryimage\"},\"image\":{\"@id\":\"https:\\\/\\\/www.strassenweb.de\\\/nachrichten\\\/beliebter-singvogel-der-vom-durch-muecken-uebertragenen-virus-bedroht-ist\\\/#primaryimage\"},\"thumbnailUrl\":\"https:\\\/\\\/www.strassenweb.de\\\/nachrichten\\\/wp-content\\\/uploads\\\/2024\\\/10\\\/Beliebter-Singvogel-der-vom-durch-Muecken-uebertragenen-Virus-bedroht-ist.jpg\",\"datePublished\":\"2024-10-07T08:40:21+00:00\",\"dateModified\":\"2024-10-07T08:40:22+00:00\",\"breadcrumb\":{\"@id\":\"https:\\\/\\\/www.strassenweb.de\\\/nachrichten\\\/beliebter-singvogel-der-vom-durch-muecken-uebertragenen-virus-bedroht-ist\\\/#breadcrumb\"},\"inLanguage\":\"de\",\"potentialAction\":[{\"@type\":\"ReadAction\",\"target\":[\"https:\\\/\\\/www.strassenweb.de\\\/nachrichten\\\/beliebter-singvogel-der-vom-durch-muecken-uebertragenen-virus-bedroht-ist\\\/\"]}]},{\"@type\":\"ImageObject\",\"inLanguage\":\"de\",\"@id\":\"https:\\\/\\\/www.strassenweb.de\\\/nachrichten\\\/beliebter-singvogel-der-vom-durch-muecken-uebertragenen-virus-bedroht-ist\\\/#primaryimage\",\"url\":\"https:\\\/\\\/www.strassenweb.de\\\/nachrichten\\\/wp-content\\\/uploads\\\/2024\\\/10\\\/Beliebter-Singvogel-der-vom-durch-Muecken-uebertragenen-Virus-bedroht-ist.jpg\",\"contentUrl\":\"https:\\\/\\\/www.strassenweb.de\\\/nachrichten\\\/wp-content\\\/uploads\\\/2024\\\/10\\\/Beliebter-Singvogel-der-vom-durch-Muecken-uebertragenen-Virus-bedroht-ist.jpg\",\"width\":900,\"height\":589,\"caption\":\"Much-loved songbird threatened by mosquito-borne\u00a0virus\"},{\"@type\":\"BreadcrumbList\",\"@id\":\"https:\\\/\\\/www.strassenweb.de\\\/nachrichten\\\/beliebter-singvogel-der-vom-durch-muecken-uebertragenen-virus-bedroht-ist\\\/#breadcrumb\",\"itemListElement\":[{\"@type\":\"ListItem\",\"position\":1,\"name\":\"Home\",\"item\":\"https:\\\/\\\/www.strassenweb.de\\\/nachrichten\\\/\"},{\"@type\":\"ListItem\",\"position\":2,\"name\":\"Beliebter Singvogel, der vom durch M\u00fccken \u00fcbertragenen Virus bedroht ist\"}]},{\"@type\":\"WebSite\",\"@id\":\"https:\\\/\\\/www.strassenweb.de\\\/nachrichten\\\/#website\",\"url\":\"https:\\\/\\\/www.strassenweb.de\\\/nachrichten\\\/\",\"name\":\"Stra\u00dfenweb\",\"description\":\"Stra\u00dfenverzeichnis f\u00fcr Deutschland\",\"publisher\":{\"@id\":\"https:\\\/\\\/www.strassenweb.de\\\/nachrichten\\\/#organization\"},\"potentialAction\":[{\"@type\":\"SearchAction\",\"target\":{\"@type\":\"EntryPoint\",\"urlTemplate\":\"https:\\\/\\\/www.strassenweb.de\\\/nachrichten\\\/?s={search_term_string}\"},\"query-input\":{\"@type\":\"PropertyValueSpecification\",\"valueRequired\":true,\"valueName\":\"search_term_string\"}}],\"inLanguage\":\"de\"},{\"@type\":\"Organization\",\"@id\":\"https:\\\/\\\/www.strassenweb.de\\\/nachrichten\\\/#organization\",\"name\":\"Stra\u00dfenweb\",\"url\":\"https:\\\/\\\/www.strassenweb.de\\\/nachrichten\\\/\",\"logo\":{\"@type\":\"ImageObject\",\"inLanguage\":\"de\",\"@id\":\"https:\\\/\\\/www.strassenweb.de\\\/nachrichten\\\/#\\\/schema\\\/logo\\\/image\\\/\",\"url\":\"https:\\\/\\\/www.strassenweb.de\\\/nachrichten\\\/wp-content\\\/uploads\\\/2024\\\/09\\\/cropped-favicon.png\",\"contentUrl\":\"https:\\\/\\\/www.strassenweb.de\\\/nachrichten\\\/wp-content\\\/uploads\\\/2024\\\/09\\\/cropped-favicon.png\",\"width\":512,\"height\":512,\"caption\":\"Stra\u00dfenweb\"},\"image\":{\"@id\":\"https:\\\/\\\/www.strassenweb.de\\\/nachrichten\\\/#\\\/schema\\\/logo\\\/image\\\/\"},\"sameAs\":[\"https:\\\/\\\/www.facebook.com\\\/strassenweb\\\/\"]},{\"@type\":\"Person\",\"@id\":\"https:\\\/\\\/www.strassenweb.de\\\/nachrichten\\\/#\\\/schema\\\/person\\\/87c9c9067f1211da429a744dc5a5aa41\",\"name\":\"Robert Hoffmann\",\"image\":{\"@type\":\"ImageObject\",\"inLanguage\":\"de\",\"@id\":\"https:\\\/\\\/www.strassenweb.de\\\/nachrichten\\\/wp-content\\\/uploads\\\/2024\\\/09\\\/strassenweb-150x150.jpg\",\"url\":\"https:\\\/\\\/www.strassenweb.de\\\/nachrichten\\\/wp-content\\\/uploads\\\/2024\\\/09\\\/strassenweb-150x150.jpg\",\"contentUrl\":\"https:\\\/\\\/www.strassenweb.de\\\/nachrichten\\\/wp-content\\\/uploads\\\/2024\\\/09\\\/strassenweb-150x150.jpg\",\"caption\":\"Robert Hoffmann\"},\"description\":\"Ich hei\u00dfe Robert Hoffmann und ich bin ein leidenschaftlicher Verfechter von \u00d6kologie und Biodiversit\u00e4t. Seit meiner Kindheit in den W\u00e4ldern Bayerns f\u00fchle ich mich mit der Natur verbunden und bin entschlossen, sie zu sch\u00fctzen. Heute widme ich mein Leben der Sensibilisierung anderer f\u00fcr die Bedeutung des Umweltschutzes f\u00fcr zuk\u00fcnftige Generationen.\",\"sameAs\":[\"https:\\\/\\\/www.strassenweb.de\\\/\"]}]}<\/script>\n<!-- \/ Yoast SEO plugin. -->","yoast_head_json":{"title":"Beliebter Singvogel, der vom durch M\u00fccken \u00fcbertragenen Virus bedroht ist - Nachrichten - Stra\u00dfenweb","robots":{"index":"index","follow":"follow","max-snippet":"max-snippet:-1","max-image-preview":"max-image-preview:large","max-video-preview":"max-video-preview:-1"},"canonical":"https:\/\/www.strassenweb.de\/nachrichten\/beliebter-singvogel-der-vom-durch-muecken-uebertragenen-virus-bedroht-ist\/","og_locale":"de_DE","og_type":"article","og_title":"Beliebter Singvogel, der vom durch M\u00fccken \u00fcbertragenen Virus bedroht ist - Nachrichten - Stra\u00dfenweb","og_description":"Einer der beliebtesten Gartenv\u00f6gel Gro\u00dfbritanniens, die Amsel, geht rapide zur\u00fcck, und die \u00d6ffentlichkeit wird gebeten, Wissenschaftlern dabei zu helfen, herauszufinden, warum. Seit Hunderten von Jahren","og_url":"https:\/\/www.strassenweb.de\/nachrichten\/beliebter-singvogel-der-vom-durch-muecken-uebertragenen-virus-bedroht-ist\/","og_site_name":"Stra\u00dfenweb","article_publisher":"https:\/\/www.facebook.com\/strassenweb\/","article_published_time":"2024-10-07T08:40:21+00:00","article_modified_time":"2024-10-07T08:40:22+00:00","og_image":[{"width":900,"height":589,"url":"https:\/\/www.strassenweb.de\/nachrichten\/wp-content\/uploads\/2024\/10\/Beliebter-Singvogel-der-vom-durch-Muecken-uebertragenen-Virus-bedroht-ist.jpg","type":"image\/jpeg"}],"author":"Robert Hoffmann","twitter_card":"summary_large_image","twitter_misc":{"Verfasst von":"Robert Hoffmann","Gesch\u00e4tzte Lesezeit":"4\u00a0Minuten"},"schema":{"@context":"https:\/\/schema.org","@graph":[{"@type":"Article","@id":"https:\/\/www.strassenweb.de\/nachrichten\/beliebter-singvogel-der-vom-durch-muecken-uebertragenen-virus-bedroht-ist\/#article","isPartOf":{"@id":"https:\/\/www.strassenweb.de\/nachrichten\/beliebter-singvogel-der-vom-durch-muecken-uebertragenen-virus-bedroht-ist\/"},"author":{"name":"Robert Hoffmann","@id":"https:\/\/www.strassenweb.de\/nachrichten\/#\/schema\/person\/87c9c9067f1211da429a744dc5a5aa41"},"headline":"Beliebter Singvogel, der vom durch M\u00fccken \u00fcbertragenen Virus bedroht ist","datePublished":"2024-10-07T08:40:21+00:00","dateModified":"2024-10-07T08:40:22+00:00","mainEntityOfPage":{"@id":"https:\/\/www.strassenweb.de\/nachrichten\/beliebter-singvogel-der-vom-durch-muecken-uebertragenen-virus-bedroht-ist\/"},"wordCount":767,"publisher":{"@id":"https:\/\/www.strassenweb.de\/nachrichten\/#organization"},"image":{"@id":"https:\/\/www.strassenweb.de\/nachrichten\/beliebter-singvogel-der-vom-durch-muecken-uebertragenen-virus-bedroht-ist\/#primaryimage"},"thumbnailUrl":"https:\/\/www.strassenweb.de\/nachrichten\/wp-content\/uploads\/2024\/10\/Beliebter-Singvogel-der-vom-durch-Muecken-uebertragenen-Virus-bedroht-ist.jpg","keywords":["bedroht","Beliebter","der","durch","ist","M\u00fccken","Singvogel","\u00fcbertragenen","Virus","vom"],"articleSection":["\u00d6kologie"],"inLanguage":"de"},{"@type":"WebPage","@id":"https:\/\/www.strassenweb.de\/nachrichten\/beliebter-singvogel-der-vom-durch-muecken-uebertragenen-virus-bedroht-ist\/","url":"https:\/\/www.strassenweb.de\/nachrichten\/beliebter-singvogel-der-vom-durch-muecken-uebertragenen-virus-bedroht-ist\/","name":"Beliebter Singvogel, der vom durch M\u00fccken \u00fcbertragenen Virus bedroht ist - Nachrichten - Stra\u00dfenweb","isPartOf":{"@id":"https:\/\/www.strassenweb.de\/nachrichten\/#website"},"primaryImageOfPage":{"@id":"https:\/\/www.strassenweb.de\/nachrichten\/beliebter-singvogel-der-vom-durch-muecken-uebertragenen-virus-bedroht-ist\/#primaryimage"},"image":{"@id":"https:\/\/www.strassenweb.de\/nachrichten\/beliebter-singvogel-der-vom-durch-muecken-uebertragenen-virus-bedroht-ist\/#primaryimage"},"thumbnailUrl":"https:\/\/www.strassenweb.de\/nachrichten\/wp-content\/uploads\/2024\/10\/Beliebter-Singvogel-der-vom-durch-Muecken-uebertragenen-Virus-bedroht-ist.jpg","datePublished":"2024-10-07T08:40:21+00:00","dateModified":"2024-10-07T08:40:22+00:00","breadcrumb":{"@id":"https:\/\/www.strassenweb.de\/nachrichten\/beliebter-singvogel-der-vom-durch-muecken-uebertragenen-virus-bedroht-ist\/#breadcrumb"},"inLanguage":"de","potentialAction":[{"@type":"ReadAction","target":["https:\/\/www.strassenweb.de\/nachrichten\/beliebter-singvogel-der-vom-durch-muecken-uebertragenen-virus-bedroht-ist\/"]}]},{"@type":"ImageObject","inLanguage":"de","@id":"https:\/\/www.strassenweb.de\/nachrichten\/beliebter-singvogel-der-vom-durch-muecken-uebertragenen-virus-bedroht-ist\/#primaryimage","url":"https:\/\/www.strassenweb.de\/nachrichten\/wp-content\/uploads\/2024\/10\/Beliebter-Singvogel-der-vom-durch-Muecken-uebertragenen-Virus-bedroht-ist.jpg","contentUrl":"https:\/\/www.strassenweb.de\/nachrichten\/wp-content\/uploads\/2024\/10\/Beliebter-Singvogel-der-vom-durch-Muecken-uebertragenen-Virus-bedroht-ist.jpg","width":900,"height":589,"caption":"Much-loved songbird threatened by mosquito-borne\u00a0virus"},{"@type":"BreadcrumbList","@id":"https:\/\/www.strassenweb.de\/nachrichten\/beliebter-singvogel-der-vom-durch-muecken-uebertragenen-virus-bedroht-ist\/#breadcrumb","itemListElement":[{"@type":"ListItem","position":1,"name":"Home","item":"https:\/\/www.strassenweb.de\/nachrichten\/"},{"@type":"ListItem","position":2,"name":"Beliebter Singvogel, der vom durch M\u00fccken \u00fcbertragenen Virus bedroht ist"}]},{"@type":"WebSite","@id":"https:\/\/www.strassenweb.de\/nachrichten\/#website","url":"https:\/\/www.strassenweb.de\/nachrichten\/","name":"Stra\u00dfenweb","description":"Stra\u00dfenverzeichnis f\u00fcr Deutschland","publisher":{"@id":"https:\/\/www.strassenweb.de\/nachrichten\/#organization"},"potentialAction":[{"@type":"SearchAction","target":{"@type":"EntryPoint","urlTemplate":"https:\/\/www.strassenweb.de\/nachrichten\/?s={search_term_string}"},"query-input":{"@type":"PropertyValueSpecification","valueRequired":true,"valueName":"search_term_string"}}],"inLanguage":"de"},{"@type":"Organization","@id":"https:\/\/www.strassenweb.de\/nachrichten\/#organization","name":"Stra\u00dfenweb","url":"https:\/\/www.strassenweb.de\/nachrichten\/","logo":{"@type":"ImageObject","inLanguage":"de","@id":"https:\/\/www.strassenweb.de\/nachrichten\/#\/schema\/logo\/image\/","url":"https:\/\/www.strassenweb.de\/nachrichten\/wp-content\/uploads\/2024\/09\/cropped-favicon.png","contentUrl":"https:\/\/www.strassenweb.de\/nachrichten\/wp-content\/uploads\/2024\/09\/cropped-favicon.png","width":512,"height":512,"caption":"Stra\u00dfenweb"},"image":{"@id":"https:\/\/www.strassenweb.de\/nachrichten\/#\/schema\/logo\/image\/"},"sameAs":["https:\/\/www.facebook.com\/strassenweb\/"]},{"@type":"Person","@id":"https:\/\/www.strassenweb.de\/nachrichten\/#\/schema\/person\/87c9c9067f1211da429a744dc5a5aa41","name":"Robert Hoffmann","image":{"@type":"ImageObject","inLanguage":"de","@id":"https:\/\/www.strassenweb.de\/nachrichten\/wp-content\/uploads\/2024\/09\/strassenweb-150x150.jpg","url":"https:\/\/www.strassenweb.de\/nachrichten\/wp-content\/uploads\/2024\/09\/strassenweb-150x150.jpg","contentUrl":"https:\/\/www.strassenweb.de\/nachrichten\/wp-content\/uploads\/2024\/09\/strassenweb-150x150.jpg","caption":"Robert Hoffmann"},"description":"Ich hei\u00dfe Robert Hoffmann und ich bin ein leidenschaftlicher Verfechter von \u00d6kologie und Biodiversit\u00e4t. Seit meiner Kindheit in den W\u00e4ldern Bayerns f\u00fchle ich mich mit der Natur verbunden und bin entschlossen, sie zu sch\u00fctzen. Heute widme ich mein Leben der Sensibilisierung anderer f\u00fcr die Bedeutung des Umweltschutzes f\u00fcr zuk\u00fcnftige Generationen.","sameAs":["https:\/\/www.strassenweb.de\/"]}]}},"_links":{"self":[{"href":"https:\/\/www.strassenweb.de\/nachrichten\/wp-json\/wp\/v2\/posts\/693","targetHints":{"allow":["GET"]}}],"collection":[{"href":"https:\/\/www.strassenweb.de\/nachrichten\/wp-json\/wp\/v2\/posts"}],"about":[{"href":"https:\/\/www.strassenweb.de\/nachrichten\/wp-json\/wp\/v2\/types\/post"}],"author":[{"embeddable":true,"href":"https:\/\/www.strassenweb.de\/nachrichten\/wp-json\/wp\/v2\/users\/1"}],"replies":[{"embeddable":true,"href":"https:\/\/www.strassenweb.de\/nachrichten\/wp-json\/wp\/v2\/comments?post=693"}],"version-history":[{"count":0,"href":"https:\/\/www.strassenweb.de\/nachrichten\/wp-json\/wp\/v2\/posts\/693\/revisions"}],"wp:featuredmedia":[{"embeddable":true,"href":"https:\/\/www.strassenweb.de\/nachrichten\/wp-json\/wp\/v2\/media\/694"}],"wp:attachment":[{"href":"https:\/\/www.strassenweb.de\/nachrichten\/wp-json\/wp\/v2\/media?parent=693"}],"wp:term":[{"taxonomy":"category","embeddable":true,"href":"https:\/\/www.strassenweb.de\/nachrichten\/wp-json\/wp\/v2\/categories?post=693"},{"taxonomy":"post_tag","embeddable":true,"href":"https:\/\/www.strassenweb.de\/nachrichten\/wp-json\/wp\/v2\/tags?post=693"}],"curies":[{"name":"wp","href":"https:\/\/api.w.org\/{rel}","templated":true}]}}