{"id":6928,"date":"2025-08-14T01:39:27","date_gmt":"2025-08-13T23:39:27","guid":{"rendered":"https:\/\/www.strassenweb.de\/nachrichten\/zwei-jahre-nachdem-ich-jamie-lee-curtis-farbnauertes-kueche-zum-ersten-mal-gesehen-hatte\/"},"modified":"2025-08-14T01:39:28","modified_gmt":"2025-08-13T23:39:28","slug":"zwei-jahre-nachdem-ich-jamie-lee-curtis-farbnauertes-kueche-zum-ersten-mal-gesehen-hatte","status":"publish","type":"post","link":"https:\/\/www.strassenweb.de\/nachrichten\/zwei-jahre-nachdem-ich-jamie-lee-curtis-farbnauertes-kueche-zum-ersten-mal-gesehen-hatte\/","title":{"rendered":"Zwei Jahre nachdem ich Jamie Lee Curtis &#8218;farbnauertes K\u00fcche zum ersten Mal gesehen hatte"},"content":{"rendered":"<p><\/p>\n<div id=\"article-body\" class=\"article__body \">\n<p id=\"b4baf59d-9eff-4afd-817b-ef0ba20bffc1\">Wenn Sie ein langj\u00e4hriger Anh\u00e4nger von Jamie Lee Curtis sind, kann es nicht \u00fcberraschen, dass ihre K\u00fcche mit Gegenst\u00e4nden gef\u00fcllt ist, die sie verehrt-von Chinoiserie China bis zu einer Uhr im antiken Stil, die ihre Wand dekoriert.<\/p>\n<div id=\"ad-unit-1\" class=\"ad-unit\"><\/div>\n<p>Der <em>Freaky Friday<\/em> Die Schauspielerin ist, wie viele von uns, anf\u00e4llig daf\u00fcr, ihr Zuhause mit St\u00fccken zu f\u00fcllen, die sich f\u00fcr sie einzigartig anf\u00fchlen, aber im Gegensatz zu vielen von uns genie\u00dft sie es, es mit Millionen von Anh\u00e4ngern weltweit zu teilen, weshalb das oben genannte m\u00f6glicherweise keine \u00dcberraschung sein kann. Von all den Zimmern und Accessoires, die sie jemals geteilt hat, ist ihre K\u00fcche die intimste.<\/p>\n<aside data-block-type=\"embed\" data-render-type=\"fte\" data-skip=\"dealsy\" data-widget-type=\"seasonal\" class=\"hawk-base\"><\/aside>\n<p id=\"b4baf59d-9eff-4afd-817b-ef0ba20bffc1-2\">Ich sah Jamies wei\u00dfe K\u00fcche zum ersten Mal, als sie 2023 ihren Platz teilte, und zu dieser Zeit bewunderte ich seine zeitlose Palette. Sie hat den Raum mit unterschiedlichen Wei\u00dft\u00f6nen von den Marmorplatten bis zu den Wand- und Schrankfronten farbnackt. Dieses Farbschema ist die perfekte Basis f\u00fcr das Accessorisieren, das Jamie m\u00fchelos tut.<\/p>\n<div class=\"van_vid_carousel\">\n<div class=\"van_vid_carousel__padding\">\n<div class=\"van_vid_carousel__container\"><\/div>\n<\/div>\n<\/div>\n<p>Unten habe ich sechs Must-Haves zusammengefasst, um Jamies nach Hause zu schauen, unabh\u00e4ngig davon, ob Sie ein rein wei\u00dfes Farbschema haben oder nicht. Diese St\u00fccke sind vielseitig genug, um mit fast jeder Farbe zu arbeiten, und beginnen bei nur 7 US -Dollar.<\/p>\n<div id=\"ad-unit-2\" class=\"ad-unit\"><\/div>\n<div class=\"instagram-embed\" id=\"CpGNIk1v2YK\">\n<blockquote class=\"instagram-media\" data-instgrm-captioned data-instgrm-version=\"6\" style=\"width:99.375%; width:-webkit-calc(100% - 2px); width:calc(100% - 2px);\">\n<p>Ein Beitrag von Jamie Lee Curtis (@jamieleecurtis)<\/p>\n<p>Ein Foto von on <\/p>\n<\/blockquote>\n<\/div>\n<h2 id=\"shop-jamie-lee-curtis-s-kitchen-3\">Laden Sie die K\u00fcche von Jamie Lee Curtis auf<\/h2>\n<div class=\"product-container hero-product-container product-block-no-wrap\">\n<div class=\"product-block-row\"><\/div>\n<div class=\"product-block-row\"><\/div>\n<div class=\"product-block-row\"><\/div>\n<div class=\"product-block-row\"><\/div>\n<div class=\"product-block-row\"><\/div>\n<div class=\"product-block-row\"><\/div>\n<\/div>\n<div class=\"min-h-(270px) mb-4 viafoura-twig-component\" id=\"viafoura-engagement-starter-wrapper\" data-component-name=\"Elk:Embed:EngagementStarter\">\n<div class=\"viafoura\">\n<div>\n<vf-conversation-starter target=\"viafoura-comments\" title=\"What's your favorite accessory in Jamie Lee Curtis' kitchen? \" minimum-comment-count=\"1\"><br \/>\n<\/vf-conversation-starter>\n<\/div>\n<\/div>\n<\/div>\n<hr id=\"2d8b6671-3ed2-4b00-8abc-db1d6fe430f5\">\n<div id=\"slice-container-newsletterForm-articleInbodyContent-ZGtJjaqFhiYo8PjFmxkG3U\" class=\"slice-container newsletter-inbodyContent-slice newsletterForm-articleInbodyContent-ZGtJjaqFhiYo8PjFmxkG3U slice-container-newsletterForm\"><\/div>\n<\/div>\n<p><script async src=\"\/\/www.instagram.com\/embed.js\"><\/script><\/p>\n","protected":false},"excerpt":{"rendered":"<p>Wenn Sie ein langj\u00e4hriger Anh\u00e4nger von Jamie Lee Curtis sind, kann es nicht \u00fcberraschen, dass ihre K\u00fcche mit Gegenst\u00e4nden gef\u00fcllt ist, die sie verehrt-von Chinoiserie<\/p>\n","protected":false},"author":1,"featured_media":6929,"comment_status":"closed","ping_status":"","sticky":false,"template":"","format":"standard","meta":{"footnotes":""},"categories":[118],"tags":[7643,1189,9373,1905,1533,129,831,7642,468,4479,1190,846,67,559],"class_list":["post-6928","post","type-post","status-publish","format-standard","has-post-thumbnail","hentry","category-haus-garten","tag-curtis","tag-ersten","tag-farbnauertes","tag-gesehen","tag-haette","tag-ich","tag-jahre","tag-jamie","tag-kueche","tag-lee","tag-mal","tag-nachdem","tag-zum","tag-zwei","generate-columns","tablet-grid-50","mobile-grid-100","grid-parent","grid-50"],"yoast_head":"<!-- This site is optimized with the Yoast SEO plugin v27.3 - https:\/\/yoast.com\/product\/yoast-seo-wordpress\/ -->\n<title>Zwei Jahre nachdem ich Jamie Lee Curtis &#039;farbnauertes K\u00fcche zum ersten Mal gesehen hatte - Nachrichten - Stra\u00dfenweb<\/title>\n<meta name=\"robots\" content=\"index, follow, max-snippet:-1, max-image-preview:large, max-video-preview:-1\" \/>\n<link rel=\"canonical\" href=\"https:\/\/www.strassenweb.de\/nachrichten\/zwei-jahre-nachdem-ich-jamie-lee-curtis-farbnauertes-kueche-zum-ersten-mal-gesehen-hatte\/\" \/>\n<meta property=\"og:locale\" content=\"de_DE\" \/>\n<meta property=\"og:type\" content=\"article\" \/>\n<meta property=\"og:title\" content=\"Zwei Jahre nachdem ich Jamie Lee Curtis &#039;farbnauertes K\u00fcche zum ersten Mal gesehen hatte - Nachrichten - Stra\u00dfenweb\" \/>\n<meta property=\"og:description\" content=\"Wenn Sie ein langj\u00e4hriger Anh\u00e4nger von Jamie Lee Curtis sind, kann es nicht \u00fcberraschen, dass ihre K\u00fcche mit Gegenst\u00e4nden gef\u00fcllt ist, die sie verehrt-von Chinoiserie\" \/>\n<meta property=\"og:url\" content=\"https:\/\/www.strassenweb.de\/nachrichten\/zwei-jahre-nachdem-ich-jamie-lee-curtis-farbnauertes-kueche-zum-ersten-mal-gesehen-hatte\/\" \/>\n<meta property=\"og:site_name\" content=\"Stra\u00dfenweb\" \/>\n<meta property=\"article:publisher\" content=\"https:\/\/www.facebook.com\/strassenweb\/\" \/>\n<meta property=\"article:published_time\" content=\"2025-08-13T23:39:27+00:00\" \/>\n<meta property=\"article:modified_time\" content=\"2025-08-13T23:39:28+00:00\" \/>\n<meta property=\"og:image\" content=\"https:\/\/www.strassenweb.de\/nachrichten\/wp-content\/uploads\/2025\/08\/Zwei-Jahre-nachdem-ich-Jamie-Lee-Curtis-farbnauertes-Kueche-zum.jpg\" \/>\n\t<meta property=\"og:image:width\" content=\"1600\" \/>\n\t<meta property=\"og:image:height\" content=\"900\" \/>\n\t<meta property=\"og:image:type\" content=\"image\/jpeg\" \/>\n<meta name=\"author\" content=\"Robert Hoffmann\" \/>\n<meta name=\"twitter:card\" content=\"summary_large_image\" \/>\n<meta name=\"twitter:label1\" content=\"Verfasst von\" \/>\n\t<meta name=\"twitter:data1\" content=\"Robert Hoffmann\" \/>\n\t<meta name=\"twitter:label2\" content=\"Gesch\u00e4tzte Lesezeit\" \/>\n\t<meta name=\"twitter:data2\" content=\"1\u00a0Minute\" \/>\n<script type=\"application\/ld+json\" class=\"yoast-schema-graph\">{\"@context\":\"https:\\\/\\\/schema.org\",\"@graph\":[{\"@type\":\"Article\",\"@id\":\"https:\\\/\\\/www.strassenweb.de\\\/nachrichten\\\/zwei-jahre-nachdem-ich-jamie-lee-curtis-farbnauertes-kueche-zum-ersten-mal-gesehen-hatte\\\/#article\",\"isPartOf\":{\"@id\":\"https:\\\/\\\/www.strassenweb.de\\\/nachrichten\\\/zwei-jahre-nachdem-ich-jamie-lee-curtis-farbnauertes-kueche-zum-ersten-mal-gesehen-hatte\\\/\"},\"author\":{\"name\":\"Robert Hoffmann\",\"@id\":\"https:\\\/\\\/www.strassenweb.de\\\/nachrichten\\\/#\\\/schema\\\/person\\\/87c9c9067f1211da429a744dc5a5aa41\"},\"headline\":\"Zwei Jahre nachdem ich Jamie Lee Curtis &#8218;farbnauertes K\u00fcche zum ersten Mal gesehen hatte\",\"datePublished\":\"2025-08-13T23:39:27+00:00\",\"dateModified\":\"2025-08-13T23:39:28+00:00\",\"mainEntityOfPage\":{\"@id\":\"https:\\\/\\\/www.strassenweb.de\\\/nachrichten\\\/zwei-jahre-nachdem-ich-jamie-lee-curtis-farbnauertes-kueche-zum-ersten-mal-gesehen-hatte\\\/\"},\"wordCount\":257,\"publisher\":{\"@id\":\"https:\\\/\\\/www.strassenweb.de\\\/nachrichten\\\/#organization\"},\"image\":{\"@id\":\"https:\\\/\\\/www.strassenweb.de\\\/nachrichten\\\/zwei-jahre-nachdem-ich-jamie-lee-curtis-farbnauertes-kueche-zum-ersten-mal-gesehen-hatte\\\/#primaryimage\"},\"thumbnailUrl\":\"https:\\\/\\\/www.strassenweb.de\\\/nachrichten\\\/wp-content\\\/uploads\\\/2025\\\/08\\\/Zwei-Jahre-nachdem-ich-Jamie-Lee-Curtis-farbnauertes-Kueche-zum.jpg\",\"keywords\":[\"Curtis\",\"ersten\",\"farbnauertes\",\"gesehen\",\"h\u00e4tte\",\"ich\",\"Jahre\",\"Jamie\",\"K\u00fcche\",\"Lee\",\"Mal\",\"nachdem\",\"zum\",\"zwei\"],\"articleSection\":[\"Haus &amp; Garten\"],\"inLanguage\":\"de\"},{\"@type\":\"WebPage\",\"@id\":\"https:\\\/\\\/www.strassenweb.de\\\/nachrichten\\\/zwei-jahre-nachdem-ich-jamie-lee-curtis-farbnauertes-kueche-zum-ersten-mal-gesehen-hatte\\\/\",\"url\":\"https:\\\/\\\/www.strassenweb.de\\\/nachrichten\\\/zwei-jahre-nachdem-ich-jamie-lee-curtis-farbnauertes-kueche-zum-ersten-mal-gesehen-hatte\\\/\",\"name\":\"Zwei Jahre nachdem ich Jamie Lee Curtis 'farbnauertes K\u00fcche zum ersten Mal gesehen hatte - Nachrichten - Stra\u00dfenweb\",\"isPartOf\":{\"@id\":\"https:\\\/\\\/www.strassenweb.de\\\/nachrichten\\\/#website\"},\"primaryImageOfPage\":{\"@id\":\"https:\\\/\\\/www.strassenweb.de\\\/nachrichten\\\/zwei-jahre-nachdem-ich-jamie-lee-curtis-farbnauertes-kueche-zum-ersten-mal-gesehen-hatte\\\/#primaryimage\"},\"image\":{\"@id\":\"https:\\\/\\\/www.strassenweb.de\\\/nachrichten\\\/zwei-jahre-nachdem-ich-jamie-lee-curtis-farbnauertes-kueche-zum-ersten-mal-gesehen-hatte\\\/#primaryimage\"},\"thumbnailUrl\":\"https:\\\/\\\/www.strassenweb.de\\\/nachrichten\\\/wp-content\\\/uploads\\\/2025\\\/08\\\/Zwei-Jahre-nachdem-ich-Jamie-Lee-Curtis-farbnauertes-Kueche-zum.jpg\",\"datePublished\":\"2025-08-13T23:39:27+00:00\",\"dateModified\":\"2025-08-13T23:39:28+00:00\",\"breadcrumb\":{\"@id\":\"https:\\\/\\\/www.strassenweb.de\\\/nachrichten\\\/zwei-jahre-nachdem-ich-jamie-lee-curtis-farbnauertes-kueche-zum-ersten-mal-gesehen-hatte\\\/#breadcrumb\"},\"inLanguage\":\"de\",\"potentialAction\":[{\"@type\":\"ReadAction\",\"target\":[\"https:\\\/\\\/www.strassenweb.de\\\/nachrichten\\\/zwei-jahre-nachdem-ich-jamie-lee-curtis-farbnauertes-kueche-zum-ersten-mal-gesehen-hatte\\\/\"]}]},{\"@type\":\"ImageObject\",\"inLanguage\":\"de\",\"@id\":\"https:\\\/\\\/www.strassenweb.de\\\/nachrichten\\\/zwei-jahre-nachdem-ich-jamie-lee-curtis-farbnauertes-kueche-zum-ersten-mal-gesehen-hatte\\\/#primaryimage\",\"url\":\"https:\\\/\\\/www.strassenweb.de\\\/nachrichten\\\/wp-content\\\/uploads\\\/2025\\\/08\\\/Zwei-Jahre-nachdem-ich-Jamie-Lee-Curtis-farbnauertes-Kueche-zum.jpg\",\"contentUrl\":\"https:\\\/\\\/www.strassenweb.de\\\/nachrichten\\\/wp-content\\\/uploads\\\/2025\\\/08\\\/Zwei-Jahre-nachdem-ich-Jamie-Lee-Curtis-farbnauertes-Kueche-zum.jpg\",\"width\":1600,\"height\":900,\"caption\":\"Jamie Lee Curtis\"},{\"@type\":\"BreadcrumbList\",\"@id\":\"https:\\\/\\\/www.strassenweb.de\\\/nachrichten\\\/zwei-jahre-nachdem-ich-jamie-lee-curtis-farbnauertes-kueche-zum-ersten-mal-gesehen-hatte\\\/#breadcrumb\",\"itemListElement\":[{\"@type\":\"ListItem\",\"position\":1,\"name\":\"Home\",\"item\":\"https:\\\/\\\/www.strassenweb.de\\\/nachrichten\\\/\"},{\"@type\":\"ListItem\",\"position\":2,\"name\":\"Zwei Jahre nachdem ich Jamie Lee Curtis &#8218;farbnauertes K\u00fcche zum ersten Mal gesehen hatte\"}]},{\"@type\":\"WebSite\",\"@id\":\"https:\\\/\\\/www.strassenweb.de\\\/nachrichten\\\/#website\",\"url\":\"https:\\\/\\\/www.strassenweb.de\\\/nachrichten\\\/\",\"name\":\"Stra\u00dfenweb\",\"description\":\"Stra\u00dfenverzeichnis f\u00fcr Deutschland\",\"publisher\":{\"@id\":\"https:\\\/\\\/www.strassenweb.de\\\/nachrichten\\\/#organization\"},\"potentialAction\":[{\"@type\":\"SearchAction\",\"target\":{\"@type\":\"EntryPoint\",\"urlTemplate\":\"https:\\\/\\\/www.strassenweb.de\\\/nachrichten\\\/?s={search_term_string}\"},\"query-input\":{\"@type\":\"PropertyValueSpecification\",\"valueRequired\":true,\"valueName\":\"search_term_string\"}}],\"inLanguage\":\"de\"},{\"@type\":\"Organization\",\"@id\":\"https:\\\/\\\/www.strassenweb.de\\\/nachrichten\\\/#organization\",\"name\":\"Stra\u00dfenweb\",\"url\":\"https:\\\/\\\/www.strassenweb.de\\\/nachrichten\\\/\",\"logo\":{\"@type\":\"ImageObject\",\"inLanguage\":\"de\",\"@id\":\"https:\\\/\\\/www.strassenweb.de\\\/nachrichten\\\/#\\\/schema\\\/logo\\\/image\\\/\",\"url\":\"https:\\\/\\\/www.strassenweb.de\\\/nachrichten\\\/wp-content\\\/uploads\\\/2024\\\/09\\\/cropped-favicon.png\",\"contentUrl\":\"https:\\\/\\\/www.strassenweb.de\\\/nachrichten\\\/wp-content\\\/uploads\\\/2024\\\/09\\\/cropped-favicon.png\",\"width\":512,\"height\":512,\"caption\":\"Stra\u00dfenweb\"},\"image\":{\"@id\":\"https:\\\/\\\/www.strassenweb.de\\\/nachrichten\\\/#\\\/schema\\\/logo\\\/image\\\/\"},\"sameAs\":[\"https:\\\/\\\/www.facebook.com\\\/strassenweb\\\/\"]},{\"@type\":\"Person\",\"@id\":\"https:\\\/\\\/www.strassenweb.de\\\/nachrichten\\\/#\\\/schema\\\/person\\\/87c9c9067f1211da429a744dc5a5aa41\",\"name\":\"Robert Hoffmann\",\"image\":{\"@type\":\"ImageObject\",\"inLanguage\":\"de\",\"@id\":\"https:\\\/\\\/www.strassenweb.de\\\/nachrichten\\\/wp-content\\\/uploads\\\/2024\\\/09\\\/strassenweb-150x150.jpg\",\"url\":\"https:\\\/\\\/www.strassenweb.de\\\/nachrichten\\\/wp-content\\\/uploads\\\/2024\\\/09\\\/strassenweb-150x150.jpg\",\"contentUrl\":\"https:\\\/\\\/www.strassenweb.de\\\/nachrichten\\\/wp-content\\\/uploads\\\/2024\\\/09\\\/strassenweb-150x150.jpg\",\"caption\":\"Robert Hoffmann\"},\"description\":\"Ich hei\u00dfe Robert Hoffmann und ich bin ein leidenschaftlicher Verfechter von \u00d6kologie und Biodiversit\u00e4t. Seit meiner Kindheit in den W\u00e4ldern Bayerns f\u00fchle ich mich mit der Natur verbunden und bin entschlossen, sie zu sch\u00fctzen. Heute widme ich mein Leben der Sensibilisierung anderer f\u00fcr die Bedeutung des Umweltschutzes f\u00fcr zuk\u00fcnftige Generationen.\",\"sameAs\":[\"https:\\\/\\\/www.strassenweb.de\\\/\"]}]}<\/script>\n<!-- \/ Yoast SEO plugin. -->","yoast_head_json":{"title":"Zwei Jahre nachdem ich Jamie Lee Curtis 'farbnauertes K\u00fcche zum ersten Mal gesehen hatte - Nachrichten - Stra\u00dfenweb","robots":{"index":"index","follow":"follow","max-snippet":"max-snippet:-1","max-image-preview":"max-image-preview:large","max-video-preview":"max-video-preview:-1"},"canonical":"https:\/\/www.strassenweb.de\/nachrichten\/zwei-jahre-nachdem-ich-jamie-lee-curtis-farbnauertes-kueche-zum-ersten-mal-gesehen-hatte\/","og_locale":"de_DE","og_type":"article","og_title":"Zwei Jahre nachdem ich Jamie Lee Curtis 'farbnauertes K\u00fcche zum ersten Mal gesehen hatte - Nachrichten - Stra\u00dfenweb","og_description":"Wenn Sie ein langj\u00e4hriger Anh\u00e4nger von Jamie Lee Curtis sind, kann es nicht \u00fcberraschen, dass ihre K\u00fcche mit Gegenst\u00e4nden gef\u00fcllt ist, die sie verehrt-von Chinoiserie","og_url":"https:\/\/www.strassenweb.de\/nachrichten\/zwei-jahre-nachdem-ich-jamie-lee-curtis-farbnauertes-kueche-zum-ersten-mal-gesehen-hatte\/","og_site_name":"Stra\u00dfenweb","article_publisher":"https:\/\/www.facebook.com\/strassenweb\/","article_published_time":"2025-08-13T23:39:27+00:00","article_modified_time":"2025-08-13T23:39:28+00:00","og_image":[{"width":1600,"height":900,"url":"https:\/\/www.strassenweb.de\/nachrichten\/wp-content\/uploads\/2025\/08\/Zwei-Jahre-nachdem-ich-Jamie-Lee-Curtis-farbnauertes-Kueche-zum.jpg","type":"image\/jpeg"}],"author":"Robert Hoffmann","twitter_card":"summary_large_image","twitter_misc":{"Verfasst von":"Robert Hoffmann","Gesch\u00e4tzte Lesezeit":"1\u00a0Minute"},"schema":{"@context":"https:\/\/schema.org","@graph":[{"@type":"Article","@id":"https:\/\/www.strassenweb.de\/nachrichten\/zwei-jahre-nachdem-ich-jamie-lee-curtis-farbnauertes-kueche-zum-ersten-mal-gesehen-hatte\/#article","isPartOf":{"@id":"https:\/\/www.strassenweb.de\/nachrichten\/zwei-jahre-nachdem-ich-jamie-lee-curtis-farbnauertes-kueche-zum-ersten-mal-gesehen-hatte\/"},"author":{"name":"Robert Hoffmann","@id":"https:\/\/www.strassenweb.de\/nachrichten\/#\/schema\/person\/87c9c9067f1211da429a744dc5a5aa41"},"headline":"Zwei Jahre nachdem ich Jamie Lee Curtis &#8218;farbnauertes K\u00fcche zum ersten Mal gesehen hatte","datePublished":"2025-08-13T23:39:27+00:00","dateModified":"2025-08-13T23:39:28+00:00","mainEntityOfPage":{"@id":"https:\/\/www.strassenweb.de\/nachrichten\/zwei-jahre-nachdem-ich-jamie-lee-curtis-farbnauertes-kueche-zum-ersten-mal-gesehen-hatte\/"},"wordCount":257,"publisher":{"@id":"https:\/\/www.strassenweb.de\/nachrichten\/#organization"},"image":{"@id":"https:\/\/www.strassenweb.de\/nachrichten\/zwei-jahre-nachdem-ich-jamie-lee-curtis-farbnauertes-kueche-zum-ersten-mal-gesehen-hatte\/#primaryimage"},"thumbnailUrl":"https:\/\/www.strassenweb.de\/nachrichten\/wp-content\/uploads\/2025\/08\/Zwei-Jahre-nachdem-ich-Jamie-Lee-Curtis-farbnauertes-Kueche-zum.jpg","keywords":["Curtis","ersten","farbnauertes","gesehen","h\u00e4tte","ich","Jahre","Jamie","K\u00fcche","Lee","Mal","nachdem","zum","zwei"],"articleSection":["Haus &amp; Garten"],"inLanguage":"de"},{"@type":"WebPage","@id":"https:\/\/www.strassenweb.de\/nachrichten\/zwei-jahre-nachdem-ich-jamie-lee-curtis-farbnauertes-kueche-zum-ersten-mal-gesehen-hatte\/","url":"https:\/\/www.strassenweb.de\/nachrichten\/zwei-jahre-nachdem-ich-jamie-lee-curtis-farbnauertes-kueche-zum-ersten-mal-gesehen-hatte\/","name":"Zwei Jahre nachdem ich Jamie Lee Curtis 'farbnauertes K\u00fcche zum ersten Mal gesehen hatte - Nachrichten - Stra\u00dfenweb","isPartOf":{"@id":"https:\/\/www.strassenweb.de\/nachrichten\/#website"},"primaryImageOfPage":{"@id":"https:\/\/www.strassenweb.de\/nachrichten\/zwei-jahre-nachdem-ich-jamie-lee-curtis-farbnauertes-kueche-zum-ersten-mal-gesehen-hatte\/#primaryimage"},"image":{"@id":"https:\/\/www.strassenweb.de\/nachrichten\/zwei-jahre-nachdem-ich-jamie-lee-curtis-farbnauertes-kueche-zum-ersten-mal-gesehen-hatte\/#primaryimage"},"thumbnailUrl":"https:\/\/www.strassenweb.de\/nachrichten\/wp-content\/uploads\/2025\/08\/Zwei-Jahre-nachdem-ich-Jamie-Lee-Curtis-farbnauertes-Kueche-zum.jpg","datePublished":"2025-08-13T23:39:27+00:00","dateModified":"2025-08-13T23:39:28+00:00","breadcrumb":{"@id":"https:\/\/www.strassenweb.de\/nachrichten\/zwei-jahre-nachdem-ich-jamie-lee-curtis-farbnauertes-kueche-zum-ersten-mal-gesehen-hatte\/#breadcrumb"},"inLanguage":"de","potentialAction":[{"@type":"ReadAction","target":["https:\/\/www.strassenweb.de\/nachrichten\/zwei-jahre-nachdem-ich-jamie-lee-curtis-farbnauertes-kueche-zum-ersten-mal-gesehen-hatte\/"]}]},{"@type":"ImageObject","inLanguage":"de","@id":"https:\/\/www.strassenweb.de\/nachrichten\/zwei-jahre-nachdem-ich-jamie-lee-curtis-farbnauertes-kueche-zum-ersten-mal-gesehen-hatte\/#primaryimage","url":"https:\/\/www.strassenweb.de\/nachrichten\/wp-content\/uploads\/2025\/08\/Zwei-Jahre-nachdem-ich-Jamie-Lee-Curtis-farbnauertes-Kueche-zum.jpg","contentUrl":"https:\/\/www.strassenweb.de\/nachrichten\/wp-content\/uploads\/2025\/08\/Zwei-Jahre-nachdem-ich-Jamie-Lee-Curtis-farbnauertes-Kueche-zum.jpg","width":1600,"height":900,"caption":"Jamie Lee Curtis"},{"@type":"BreadcrumbList","@id":"https:\/\/www.strassenweb.de\/nachrichten\/zwei-jahre-nachdem-ich-jamie-lee-curtis-farbnauertes-kueche-zum-ersten-mal-gesehen-hatte\/#breadcrumb","itemListElement":[{"@type":"ListItem","position":1,"name":"Home","item":"https:\/\/www.strassenweb.de\/nachrichten\/"},{"@type":"ListItem","position":2,"name":"Zwei Jahre nachdem ich Jamie Lee Curtis &#8218;farbnauertes K\u00fcche zum ersten Mal gesehen hatte"}]},{"@type":"WebSite","@id":"https:\/\/www.strassenweb.de\/nachrichten\/#website","url":"https:\/\/www.strassenweb.de\/nachrichten\/","name":"Stra\u00dfenweb","description":"Stra\u00dfenverzeichnis f\u00fcr Deutschland","publisher":{"@id":"https:\/\/www.strassenweb.de\/nachrichten\/#organization"},"potentialAction":[{"@type":"SearchAction","target":{"@type":"EntryPoint","urlTemplate":"https:\/\/www.strassenweb.de\/nachrichten\/?s={search_term_string}"},"query-input":{"@type":"PropertyValueSpecification","valueRequired":true,"valueName":"search_term_string"}}],"inLanguage":"de"},{"@type":"Organization","@id":"https:\/\/www.strassenweb.de\/nachrichten\/#organization","name":"Stra\u00dfenweb","url":"https:\/\/www.strassenweb.de\/nachrichten\/","logo":{"@type":"ImageObject","inLanguage":"de","@id":"https:\/\/www.strassenweb.de\/nachrichten\/#\/schema\/logo\/image\/","url":"https:\/\/www.strassenweb.de\/nachrichten\/wp-content\/uploads\/2024\/09\/cropped-favicon.png","contentUrl":"https:\/\/www.strassenweb.de\/nachrichten\/wp-content\/uploads\/2024\/09\/cropped-favicon.png","width":512,"height":512,"caption":"Stra\u00dfenweb"},"image":{"@id":"https:\/\/www.strassenweb.de\/nachrichten\/#\/schema\/logo\/image\/"},"sameAs":["https:\/\/www.facebook.com\/strassenweb\/"]},{"@type":"Person","@id":"https:\/\/www.strassenweb.de\/nachrichten\/#\/schema\/person\/87c9c9067f1211da429a744dc5a5aa41","name":"Robert Hoffmann","image":{"@type":"ImageObject","inLanguage":"de","@id":"https:\/\/www.strassenweb.de\/nachrichten\/wp-content\/uploads\/2024\/09\/strassenweb-150x150.jpg","url":"https:\/\/www.strassenweb.de\/nachrichten\/wp-content\/uploads\/2024\/09\/strassenweb-150x150.jpg","contentUrl":"https:\/\/www.strassenweb.de\/nachrichten\/wp-content\/uploads\/2024\/09\/strassenweb-150x150.jpg","caption":"Robert Hoffmann"},"description":"Ich hei\u00dfe Robert Hoffmann und ich bin ein leidenschaftlicher Verfechter von \u00d6kologie und Biodiversit\u00e4t. Seit meiner Kindheit in den W\u00e4ldern Bayerns f\u00fchle ich mich mit der Natur verbunden und bin entschlossen, sie zu sch\u00fctzen. Heute widme ich mein Leben der Sensibilisierung anderer f\u00fcr die Bedeutung des Umweltschutzes f\u00fcr zuk\u00fcnftige Generationen.","sameAs":["https:\/\/www.strassenweb.de\/"]}]}},"_links":{"self":[{"href":"https:\/\/www.strassenweb.de\/nachrichten\/wp-json\/wp\/v2\/posts\/6928","targetHints":{"allow":["GET"]}}],"collection":[{"href":"https:\/\/www.strassenweb.de\/nachrichten\/wp-json\/wp\/v2\/posts"}],"about":[{"href":"https:\/\/www.strassenweb.de\/nachrichten\/wp-json\/wp\/v2\/types\/post"}],"author":[{"embeddable":true,"href":"https:\/\/www.strassenweb.de\/nachrichten\/wp-json\/wp\/v2\/users\/1"}],"replies":[{"embeddable":true,"href":"https:\/\/www.strassenweb.de\/nachrichten\/wp-json\/wp\/v2\/comments?post=6928"}],"version-history":[{"count":0,"href":"https:\/\/www.strassenweb.de\/nachrichten\/wp-json\/wp\/v2\/posts\/6928\/revisions"}],"wp:featuredmedia":[{"embeddable":true,"href":"https:\/\/www.strassenweb.de\/nachrichten\/wp-json\/wp\/v2\/media\/6929"}],"wp:attachment":[{"href":"https:\/\/www.strassenweb.de\/nachrichten\/wp-json\/wp\/v2\/media?parent=6928"}],"wp:term":[{"taxonomy":"category","embeddable":true,"href":"https:\/\/www.strassenweb.de\/nachrichten\/wp-json\/wp\/v2\/categories?post=6928"},{"taxonomy":"post_tag","embeddable":true,"href":"https:\/\/www.strassenweb.de\/nachrichten\/wp-json\/wp\/v2\/tags?post=6928"}],"curies":[{"name":"wp","href":"https:\/\/api.w.org\/{rel}","templated":true}]}}