{"id":6875,"date":"2025-08-11T19:41:44","date_gmt":"2025-08-11T17:41:44","guid":{"rendered":"https:\/\/www.strassenweb.de\/nachrichten\/wie-ich-moderiere-mit-eva-sonaike\/"},"modified":"2025-08-11T19:41:45","modified_gmt":"2025-08-11T17:41:45","slug":"wie-ich-moderiere-mit-eva-sonaike","status":"publish","type":"post","link":"https:\/\/www.strassenweb.de\/nachrichten\/wie-ich-moderiere-mit-eva-sonaike\/","title":{"rendered":"Wie ich moderiere &#8230; mit Eva Sonaike"},"content":{"rendered":"<p><\/p>\n<div id=\"article-body\" class=\"article__body \">\n<p id=\"a79ccd4a-80b9-4ad3-b41f-3aa88baa6049\">Eva Sonaike, Eva Sonaike, ist leidenschaftlich daran interessiert, ihr westafrikanisches Erbe in ihre Arbeit und ihr Zuhause zu bringen, was ein Aufruhr aus Farbe, Muster und Kreativit\u00e4t ist, leidenschaftlich leidenschaftlich darum, ihr westafrikanisches Erbe in ihre westafrikanische Erbe zu bringen.<\/p>\n<div id=\"ad-unit-1\" class=\"ad-unit\"><\/div>\n<p>Eva wurde fr\u00fcher als Modejournalistin in gl\u00e4nzenden Magazinen und im Fernsehen geboren, bevor Eva fr\u00fcher als Modejournalistin arbeitete, bevor sie ihr Interesse an Textilien weckte und Eva Sonaike in London gr\u00fcnte.<\/p>\n<aside data-block-type=\"embed\" data-render-type=\"fte\" data-skip=\"dealsy\" data-widget-type=\"seasonal\" class=\"hawk-base\"><\/aside>\n<p id=\"a79ccd4a-80b9-4ad3-b41f-3aa88baa6049-2\">Ihre Entw\u00fcrfe feiern die Kultur und die \u00c4sthetik Westafrikas und gilt als Vorreiter, um die Lebendigkeit und Handwerkskunst des afrikanischen Innenarchitektur in zeitgen\u00f6ssische H\u00e4user auf der ganzen Welt zu bringen.<\/p>\n<div class=\"van_vid_carousel\">\n<div class=\"van_vid_carousel__padding\">\n<div class=\"van_vid_carousel__container\"><\/div>\n<\/div>\n<\/div>\n<div id=\"ad-unit-2\" class=\"ad-unit\"><\/div>\n<h2 id=\"homes-gardens-how-i-host-episode-3\">Homes &#038; Gardens &#8218;Wie ich die Episode moderiere<\/h2>\n<div class=\"youtube-video\" data-nosnippet id=\"F4E8bLSZhzQ\">\n<div class=\"video-aspect-box\"><a href=\"https:\/\/www.youtube.com\/watch?v=f4e8blszhzq\">https:\/\/www.youtube.com\/watch?v=f4e8blszhzq<\/a><\/div>\n<\/div>\n<h2 id=\"how-eva-curates-her-vibrant-tablescape-3\">Wie Eva ihre lebendige Tischlandschaft kuratiert <\/h2>\n<p id=\"a30d8983-ae93-4839-9fd1-f33985098e96\">Evas Tischlandschaft f\u00fcr ein einfaches Sonntags Mittagessen mit ihrer Familie ist alles andere als einfach. Es ist mutig, einladend und lustig &#8211; ein wahres Spiegelbild ihrer Pers\u00f6nlichkeit, ihres Erbes und ihrer Vorliebe f\u00fcr Farbe, Muster und Eklektizismus. &#8222;Ich liebe es, \u00fcber Bord zu gehen und Farbe und Muster ins Spiel zu bringen&#8220;, erkl\u00e4rt sie.<\/p>\n<p>Evas Tabelle ist ein Merkmal f\u00fcr sich. &#8222;Der Tisch ist buchst\u00e4blich das Herzst\u00fcck unseres Wohnraums&#8220;, erkl\u00e4rt sie. &#8222;Ich mag es, dass die Leute das eigentliche Holz sehen, weil es das Gef\u00fchl hat, Geschichten zu erz\u00e4hlen.&#8220;<\/p>\n<p>Farbe ist immer Evas Ausgangspunkt mit jedem Tischlandschaft. &#8222;Im Allgemeinen denke ich f\u00fcr meine Entw\u00fcrfe immer zuerst an Farbe&#8220;, sagt sie. &#8222;Ich m\u00f6chte hier viele andere Farben hinzuf\u00fcgen, aber meine grundlegenden Farben werden rosa und gr\u00fcn sein.&#8220;<\/p>\n<div id=\"slice-container-newsletterForm-articleInbodyContent-zPVYs3fdWrgYrJDWJUa3A4\" class=\"slice-container newsletter-inbodyContent-slice newsletterForm-articleInbodyContent-zPVYs3fdWrgYrJDWJUa3A4 slice-container-newsletterForm\"><\/div>\n<p>Nachdem Eva einen mutigen gr\u00fcnem Akzentl\u00e4ufer gelegt hat, legt er einige nat\u00fcrliche Matten der gewebten Stelle fest. &#8222;Sie sind im Vergleich zu dem, was ich sonst noch aufnehmen werde&#8220;, erkl\u00e4rt sie, &#8222;aber es macht einen sch\u00f6nen Kontrast und gibt auch ein bisschen Textur.&#8220;<\/p>\n<figure class=\"van-image-figure inline-layout \" data-bordeaux-image-check id=\"d31fc83e-e935-45b0-9244-0532e69e7a4f\">\n<div class=\"image-full-width-wrapper\">\n<div class=\"image-widthsetter\" style=\"max-width:2000px;\"><\/div>\n<\/div>\n<\/figure>\n<p id=\"a42f28b2-02fa-42f1-954d-d290a082dee1\">&#8222;Sie finden kaum Teller mit afrikanischen Mustern&#8220;, erkl\u00e4rt Eva. \u201eJeder Teller, den ich hier verwende, ist anders und farbenfroh. Nichts passt wirklich \u00fcber, aber ich denke, sie sind perfekt. &#8218;<\/p>\n<p>Sie mag es auch, ihr Essen die gleiche Behandlung zu geben. \u201eAuch wenn es um die Gerichte geht, die ich bereite, liebe ich es, Farbe ins Spiel zu bringen. Ich liebe Gr\u00fcns, ich liebe frisches Gem\u00fcse und leichte Fischgerichte &#8211; etwas, das nur lustig und leicht zu verdauen ist. &#8218;<\/p>\n<p>Eine atemberaubende Vintage -Flair -Set -Set -Rahmen -Rahmen -Einstellungen von Eva. \u201eMeine Eltern haben dieses Set in den 1980er Jahren auf einer Reise nach Florenz gekauft. Die St\u00fccke sehen alle anders aus, aber das gef\u00e4llt mir. &#8218; Das Nicht\u00fcbereinstimmung spielt eine gro\u00dfe Rolle in Evas Tischstyling, das es ihr erm\u00f6glicht, einige Statement -St\u00fccke neben einigen mehr allt\u00e4glichen zu verwenden, um den Look auszugleichen. &#8222;Ich habe nur vier Untersetzer in diesem wirklich sch\u00f6nen bernsteinfarbenen Glas, aber ich habe auch einige dieser wirklich netten afrikanisch inspirierten Raffia-Raffia, also werde ich nur eine Mischung machen&#8220;, erkl\u00e4rt sie.<\/p>\n<figure class=\"van-image-figure inline-layout \" data-bordeaux-image-check id=\"a8daa621-62c3-49f6-94e2-c326668ffffe\">\n<div class=\"image-full-width-wrapper\">\n<div class=\"image-widthsetter\" style=\"max-width:2000px;\"><\/div>\n<\/div>\n<\/figure>\n<p id=\"43426fe3-899a-4556-9994-2a1d01a9f1f9\">In \u00e4hnlicher Weise f\u00fcgt Eva nachdenkliche und pers\u00f6nliche St\u00fccke hinzu, die sie von ihren Reisen gesammelt hat &#8211; Salz- und Pfeffer -T\u00f6pfe und einen Brotkorb von Marrakesch bis zu einer Ziegenglocke aus der Schweiz -, um ihrem Tisch ein kuratiertes Gef\u00fchl zu geben, das das Gespr\u00e4ch ausl\u00f6sen wird.<\/p>\n<p>\u00bbIch bin sehr klar mit der Kuration, wenn ich eine Tischlandschaft zusammenstellte. Wenn es nicht in diesen Tisch passt, kommt es nicht auf diesen Tisch \u201c, f\u00fcgt sie hinzu. \u201eIch liebe diese Elefantenschmuck. Jemand sagte mir, ich solle immer Elefanten zur T\u00fcr stellen, um viel Gl\u00fcck und Wohlstand zu erreichen, und sie sind ein guter Gespr\u00e4chsstarter. &#8218;<\/p>\n<p>Eva mischt Luxusst\u00fccke mit globalen Funden und einigen ihrer eigenen Textildesigns f\u00fcr einen wirklich vielseitigen und gesammelten Look. &#8222;Ich habe eine Menge Brille, aber diese haben nur mit mir gesprochen&#8220;, gibt sie zu, dass das Set, das sie k\u00fcrzlich in einem Gebrauchtwarenladen gefunden hat. \u00bbIch liebe die kleinen Blasen und die Art und Weise, wie die rosa und lila Farbe unten verblasst. Sie sind perfekt f\u00fcr meine Tischlandschaft. &#8218;<\/p>\n<p>Sie f\u00fcgt Servietten aus ihrer eigenen Sammlung hinzu. &#8222;Ich liebe Stoffservietten und denke, sie erh\u00f6hen einen Tisch&#8220;, sagt Eva. &#8222;Diese werden von Kano, einer Stadt in Nordnigeria, inspiriert, die f\u00fcr seine sch\u00f6ne Architektur bekannt ist.&#8220;<\/p>\n<figure class=\"van-image-figure inline-layout \" data-bordeaux-image-check id=\"423634e2-24b5-41a3-ab2e-1eb1911b9604\">\n<div class=\"image-full-width-wrapper\">\n<div class=\"image-widthsetter\" style=\"max-width:2000px;\"><\/div>\n<\/div>\n<\/figure>\n<p id=\"78e9aa09-dc1d-4cb9-bbca-316625ddab5f\">Die Blumen sind der letzte Schliff f\u00fcr Evas nachdenklich zusammengestellte Tischlandschaft. &#8222;Sie bringen ein bisschen Farbe und Textur auf den Tisch sowie die H\u00f6he, sodass ich mit der Schichtung spielen kann&#8220;, erkl\u00e4rt Eva. Sie beginnt mit einer einfachen wei\u00dfen Orchidee. &#8222;Ich werde diese sch\u00f6ne Orchidee zu meinem Herzst\u00fcck machen &#8211; es ist wei\u00df, sehr schwebend und st\u00f6rt die Farben nicht.&#8220;<\/p>\n<p>Sie legt ein paar hellrosa Rosen in eine kleine, strukturierte gr\u00fcne Glasknospenvase. Sie f\u00fcgt ein paar elegant arrangierte Vasen von Blumen und Laub in einigen ihrer Lieblingsgl\u00e4sern hinzu und erkl\u00e4rt, dass \u201eBlumen) das Leben auf den Tisch bringen. Ich habe wirklich das Gef\u00fchl, dass gerade noch mehr los ist. &#8218;<\/p>\n<figure class=\"van-image-figure inline-layout \" data-bordeaux-image-check id=\"3f094493-0d08-4f3b-8c6d-4c75ac4de7b3\">\n<div class=\"image-full-width-wrapper\">\n<div class=\"image-widthsetter\" style=\"max-width:2000px;\"><\/div>\n<\/div>\n<\/figure>\n<p id=\"34940c23-b137-4245-be0e-23586590ba0e\">Eva erinnert sich: &#8222;Als ich ein Kind war, hatten wir immer Familienessen und meine Eltern hatten einen Kindertisch, an dem wir getrennt von ihnen sa\u00dfen, aber was ich jetzt liebe, ist, dass wir alle zusammen sitzen.&#8220; Ihre eigenen Kinder sind jetzt im Teenageralter und haben ihr eigenes gesch\u00e4ftiges Leben, aber sie nehmen sich immer Zeit, sich als Familie zusammen zu setzen. &#8222;Zum Sonntags Mittagessen zu kommen ist eine Zeit, in der wir alle zusammenkommen k\u00f6nnen &#8211; wir lachen, wir diskutieren, wir besprechen, was w\u00e4hrend der Woche passiert ist.&#8220;<\/p>\n<p>Und ihre sch\u00f6ne und charakteristische Tischlandschaft ist das perfekte Spiegelbild davon. \u201eDie kleinen pers\u00f6nlichen Geschichten sind darin miteinander verflochten &#8211; Reisen, die wir zusammen gemacht haben, und Dinge, die ich von mir selbst gemacht habe, kommen alle hier zusammen. Es ist mehr als nur ein \u00e4sthetischer Look, es ist eine echte Geschichte, aber auch etwas, das f\u00fcr mich und meine Familie wirklich pers\u00f6nlich ist. &#8218;<\/p>\n<p>Und dabei nimmt Eva die Glocke der Ziege auf, die ihr von einem Bauern auf einer Wanderreise in Kindheit in die Schweiz geschenkt wurde, und klingelt sanft, um ihre Familie zum Mittagessen zum Tisch zu rufen.<\/p>\n<h2 id=\"shop-eva-s-eclectic-look-3\">Shop Evas vielseitiger Aussehen<\/h2>\n<div class=\"product-container hero-product-container product-block-no-wrap\">\n<div class=\"product-block-row\"><\/div>\n<div class=\"product-block-row\"><\/div>\n<div class=\"product-block-row\"><\/div>\n<div class=\"product-block-row\"><\/div>\n<div class=\"product-block-row\"><\/div>\n<div class=\"product-block-row\"><\/div>\n<\/div>\n<\/div>\n","protected":false},"excerpt":{"rendered":"<p>Eva Sonaike, Eva Sonaike, ist leidenschaftlich daran interessiert, ihr westafrikanisches Erbe in ihre Arbeit und ihr Zuhause zu bringen, was ein Aufruhr aus Farbe, Muster<\/p>\n","protected":false},"author":1,"featured_media":6876,"comment_status":"closed","ping_status":"","sticky":false,"template":"","format":"standard","meta":{"footnotes":""},"categories":[118],"tags":[2016,129,146,8312,9319,26],"class_list":["post-6875","post","type-post","status-publish","format-standard","has-post-thumbnail","hentry","category-haus-garten","tag-eva","tag-ich","tag-mit","tag-moderiere","tag-sonaike","tag-wie","generate-columns","tablet-grid-50","mobile-grid-100","grid-parent","grid-50"],"yoast_head":"<!-- This site is optimized with the Yoast SEO plugin v27.3 - https:\/\/yoast.com\/product\/yoast-seo-wordpress\/ -->\n<title>Wie ich moderiere ... mit Eva Sonaike - Nachrichten - Stra\u00dfenweb<\/title>\n<meta name=\"robots\" content=\"index, follow, max-snippet:-1, max-image-preview:large, max-video-preview:-1\" \/>\n<link rel=\"canonical\" href=\"https:\/\/www.strassenweb.de\/nachrichten\/wie-ich-moderiere-mit-eva-sonaike\/\" \/>\n<meta property=\"og:locale\" content=\"de_DE\" \/>\n<meta property=\"og:type\" content=\"article\" \/>\n<meta property=\"og:title\" content=\"Wie ich moderiere ... mit Eva Sonaike - Nachrichten - Stra\u00dfenweb\" \/>\n<meta property=\"og:description\" content=\"Eva Sonaike, Eva Sonaike, ist leidenschaftlich daran interessiert, ihr westafrikanisches Erbe in ihre Arbeit und ihr Zuhause zu bringen, was ein Aufruhr aus Farbe, Muster\" \/>\n<meta property=\"og:url\" content=\"https:\/\/www.strassenweb.de\/nachrichten\/wie-ich-moderiere-mit-eva-sonaike\/\" \/>\n<meta property=\"og:site_name\" content=\"Stra\u00dfenweb\" \/>\n<meta property=\"article:publisher\" content=\"https:\/\/www.facebook.com\/strassenweb\/\" \/>\n<meta property=\"article:published_time\" content=\"2025-08-11T17:41:44+00:00\" \/>\n<meta property=\"article:modified_time\" content=\"2025-08-11T17:41:45+00:00\" \/>\n<meta property=\"og:image\" content=\"https:\/\/www.strassenweb.de\/nachrichten\/wp-content\/uploads\/2025\/08\/Wie-ich-moderiere-mit-Eva-Sonaike.jpg\" \/>\n\t<meta property=\"og:image:width\" content=\"1600\" \/>\n\t<meta property=\"og:image:height\" content=\"900\" \/>\n\t<meta property=\"og:image:type\" content=\"image\/jpeg\" \/>\n<meta name=\"author\" content=\"Robert Hoffmann\" \/>\n<meta name=\"twitter:card\" content=\"summary_large_image\" \/>\n<meta name=\"twitter:label1\" content=\"Verfasst von\" \/>\n\t<meta name=\"twitter:data1\" content=\"Robert Hoffmann\" \/>\n\t<meta name=\"twitter:label2\" content=\"Gesch\u00e4tzte Lesezeit\" \/>\n\t<meta name=\"twitter:data2\" content=\"5\u00a0Minuten\" \/>\n<script type=\"application\/ld+json\" class=\"yoast-schema-graph\">{\"@context\":\"https:\\\/\\\/schema.org\",\"@graph\":[{\"@type\":\"Article\",\"@id\":\"https:\\\/\\\/www.strassenweb.de\\\/nachrichten\\\/wie-ich-moderiere-mit-eva-sonaike\\\/#article\",\"isPartOf\":{\"@id\":\"https:\\\/\\\/www.strassenweb.de\\\/nachrichten\\\/wie-ich-moderiere-mit-eva-sonaike\\\/\"},\"author\":{\"name\":\"Robert Hoffmann\",\"@id\":\"https:\\\/\\\/www.strassenweb.de\\\/nachrichten\\\/#\\\/schema\\\/person\\\/87c9c9067f1211da429a744dc5a5aa41\"},\"headline\":\"Wie ich moderiere &#8230; mit Eva Sonaike\",\"datePublished\":\"2025-08-11T17:41:44+00:00\",\"dateModified\":\"2025-08-11T17:41:45+00:00\",\"mainEntityOfPage\":{\"@id\":\"https:\\\/\\\/www.strassenweb.de\\\/nachrichten\\\/wie-ich-moderiere-mit-eva-sonaike\\\/\"},\"wordCount\":1057,\"publisher\":{\"@id\":\"https:\\\/\\\/www.strassenweb.de\\\/nachrichten\\\/#organization\"},\"image\":{\"@id\":\"https:\\\/\\\/www.strassenweb.de\\\/nachrichten\\\/wie-ich-moderiere-mit-eva-sonaike\\\/#primaryimage\"},\"thumbnailUrl\":\"https:\\\/\\\/www.strassenweb.de\\\/nachrichten\\\/wp-content\\\/uploads\\\/2025\\\/08\\\/Wie-ich-moderiere-mit-Eva-Sonaike.jpg\",\"keywords\":[\"Eva\",\"ich\",\"mit\",\"moderiere\",\"Sonaike\",\"Wie\"],\"articleSection\":[\"Haus &amp; Garten\"],\"inLanguage\":\"de\"},{\"@type\":\"WebPage\",\"@id\":\"https:\\\/\\\/www.strassenweb.de\\\/nachrichten\\\/wie-ich-moderiere-mit-eva-sonaike\\\/\",\"url\":\"https:\\\/\\\/www.strassenweb.de\\\/nachrichten\\\/wie-ich-moderiere-mit-eva-sonaike\\\/\",\"name\":\"Wie ich moderiere ... mit Eva Sonaike - Nachrichten - Stra\u00dfenweb\",\"isPartOf\":{\"@id\":\"https:\\\/\\\/www.strassenweb.de\\\/nachrichten\\\/#website\"},\"primaryImageOfPage\":{\"@id\":\"https:\\\/\\\/www.strassenweb.de\\\/nachrichten\\\/wie-ich-moderiere-mit-eva-sonaike\\\/#primaryimage\"},\"image\":{\"@id\":\"https:\\\/\\\/www.strassenweb.de\\\/nachrichten\\\/wie-ich-moderiere-mit-eva-sonaike\\\/#primaryimage\"},\"thumbnailUrl\":\"https:\\\/\\\/www.strassenweb.de\\\/nachrichten\\\/wp-content\\\/uploads\\\/2025\\\/08\\\/Wie-ich-moderiere-mit-Eva-Sonaike.jpg\",\"datePublished\":\"2025-08-11T17:41:44+00:00\",\"dateModified\":\"2025-08-11T17:41:45+00:00\",\"breadcrumb\":{\"@id\":\"https:\\\/\\\/www.strassenweb.de\\\/nachrichten\\\/wie-ich-moderiere-mit-eva-sonaike\\\/#breadcrumb\"},\"inLanguage\":\"de\",\"potentialAction\":[{\"@type\":\"ReadAction\",\"target\":[\"https:\\\/\\\/www.strassenweb.de\\\/nachrichten\\\/wie-ich-moderiere-mit-eva-sonaike\\\/\"]}]},{\"@type\":\"ImageObject\",\"inLanguage\":\"de\",\"@id\":\"https:\\\/\\\/www.strassenweb.de\\\/nachrichten\\\/wie-ich-moderiere-mit-eva-sonaike\\\/#primaryimage\",\"url\":\"https:\\\/\\\/www.strassenweb.de\\\/nachrichten\\\/wp-content\\\/uploads\\\/2025\\\/08\\\/Wie-ich-moderiere-mit-Eva-Sonaike.jpg\",\"contentUrl\":\"https:\\\/\\\/www.strassenweb.de\\\/nachrichten\\\/wp-content\\\/uploads\\\/2025\\\/08\\\/Wie-ich-moderiere-mit-Eva-Sonaike.jpg\",\"width\":1600,\"height\":900,\"caption\":\"Eva Sonaike in her home by a table set up for a dinner party\"},{\"@type\":\"BreadcrumbList\",\"@id\":\"https:\\\/\\\/www.strassenweb.de\\\/nachrichten\\\/wie-ich-moderiere-mit-eva-sonaike\\\/#breadcrumb\",\"itemListElement\":[{\"@type\":\"ListItem\",\"position\":1,\"name\":\"Home\",\"item\":\"https:\\\/\\\/www.strassenweb.de\\\/nachrichten\\\/\"},{\"@type\":\"ListItem\",\"position\":2,\"name\":\"Wie ich moderiere &#8230; mit Eva Sonaike\"}]},{\"@type\":\"WebSite\",\"@id\":\"https:\\\/\\\/www.strassenweb.de\\\/nachrichten\\\/#website\",\"url\":\"https:\\\/\\\/www.strassenweb.de\\\/nachrichten\\\/\",\"name\":\"Stra\u00dfenweb\",\"description\":\"Stra\u00dfenverzeichnis f\u00fcr Deutschland\",\"publisher\":{\"@id\":\"https:\\\/\\\/www.strassenweb.de\\\/nachrichten\\\/#organization\"},\"potentialAction\":[{\"@type\":\"SearchAction\",\"target\":{\"@type\":\"EntryPoint\",\"urlTemplate\":\"https:\\\/\\\/www.strassenweb.de\\\/nachrichten\\\/?s={search_term_string}\"},\"query-input\":{\"@type\":\"PropertyValueSpecification\",\"valueRequired\":true,\"valueName\":\"search_term_string\"}}],\"inLanguage\":\"de\"},{\"@type\":\"Organization\",\"@id\":\"https:\\\/\\\/www.strassenweb.de\\\/nachrichten\\\/#organization\",\"name\":\"Stra\u00dfenweb\",\"url\":\"https:\\\/\\\/www.strassenweb.de\\\/nachrichten\\\/\",\"logo\":{\"@type\":\"ImageObject\",\"inLanguage\":\"de\",\"@id\":\"https:\\\/\\\/www.strassenweb.de\\\/nachrichten\\\/#\\\/schema\\\/logo\\\/image\\\/\",\"url\":\"https:\\\/\\\/www.strassenweb.de\\\/nachrichten\\\/wp-content\\\/uploads\\\/2024\\\/09\\\/cropped-favicon.png\",\"contentUrl\":\"https:\\\/\\\/www.strassenweb.de\\\/nachrichten\\\/wp-content\\\/uploads\\\/2024\\\/09\\\/cropped-favicon.png\",\"width\":512,\"height\":512,\"caption\":\"Stra\u00dfenweb\"},\"image\":{\"@id\":\"https:\\\/\\\/www.strassenweb.de\\\/nachrichten\\\/#\\\/schema\\\/logo\\\/image\\\/\"},\"sameAs\":[\"https:\\\/\\\/www.facebook.com\\\/strassenweb\\\/\"]},{\"@type\":\"Person\",\"@id\":\"https:\\\/\\\/www.strassenweb.de\\\/nachrichten\\\/#\\\/schema\\\/person\\\/87c9c9067f1211da429a744dc5a5aa41\",\"name\":\"Robert Hoffmann\",\"image\":{\"@type\":\"ImageObject\",\"inLanguage\":\"de\",\"@id\":\"https:\\\/\\\/www.strassenweb.de\\\/nachrichten\\\/wp-content\\\/uploads\\\/2024\\\/09\\\/strassenweb-150x150.jpg\",\"url\":\"https:\\\/\\\/www.strassenweb.de\\\/nachrichten\\\/wp-content\\\/uploads\\\/2024\\\/09\\\/strassenweb-150x150.jpg\",\"contentUrl\":\"https:\\\/\\\/www.strassenweb.de\\\/nachrichten\\\/wp-content\\\/uploads\\\/2024\\\/09\\\/strassenweb-150x150.jpg\",\"caption\":\"Robert Hoffmann\"},\"description\":\"Ich hei\u00dfe Robert Hoffmann und ich bin ein leidenschaftlicher Verfechter von \u00d6kologie und Biodiversit\u00e4t. Seit meiner Kindheit in den W\u00e4ldern Bayerns f\u00fchle ich mich mit der Natur verbunden und bin entschlossen, sie zu sch\u00fctzen. Heute widme ich mein Leben der Sensibilisierung anderer f\u00fcr die Bedeutung des Umweltschutzes f\u00fcr zuk\u00fcnftige Generationen.\",\"sameAs\":[\"https:\\\/\\\/www.strassenweb.de\\\/\"]}]}<\/script>\n<!-- \/ Yoast SEO plugin. -->","yoast_head_json":{"title":"Wie ich moderiere ... mit Eva Sonaike - Nachrichten - Stra\u00dfenweb","robots":{"index":"index","follow":"follow","max-snippet":"max-snippet:-1","max-image-preview":"max-image-preview:large","max-video-preview":"max-video-preview:-1"},"canonical":"https:\/\/www.strassenweb.de\/nachrichten\/wie-ich-moderiere-mit-eva-sonaike\/","og_locale":"de_DE","og_type":"article","og_title":"Wie ich moderiere ... mit Eva Sonaike - Nachrichten - Stra\u00dfenweb","og_description":"Eva Sonaike, Eva Sonaike, ist leidenschaftlich daran interessiert, ihr westafrikanisches Erbe in ihre Arbeit und ihr Zuhause zu bringen, was ein Aufruhr aus Farbe, Muster","og_url":"https:\/\/www.strassenweb.de\/nachrichten\/wie-ich-moderiere-mit-eva-sonaike\/","og_site_name":"Stra\u00dfenweb","article_publisher":"https:\/\/www.facebook.com\/strassenweb\/","article_published_time":"2025-08-11T17:41:44+00:00","article_modified_time":"2025-08-11T17:41:45+00:00","og_image":[{"width":1600,"height":900,"url":"https:\/\/www.strassenweb.de\/nachrichten\/wp-content\/uploads\/2025\/08\/Wie-ich-moderiere-mit-Eva-Sonaike.jpg","type":"image\/jpeg"}],"author":"Robert Hoffmann","twitter_card":"summary_large_image","twitter_misc":{"Verfasst von":"Robert Hoffmann","Gesch\u00e4tzte Lesezeit":"5\u00a0Minuten"},"schema":{"@context":"https:\/\/schema.org","@graph":[{"@type":"Article","@id":"https:\/\/www.strassenweb.de\/nachrichten\/wie-ich-moderiere-mit-eva-sonaike\/#article","isPartOf":{"@id":"https:\/\/www.strassenweb.de\/nachrichten\/wie-ich-moderiere-mit-eva-sonaike\/"},"author":{"name":"Robert Hoffmann","@id":"https:\/\/www.strassenweb.de\/nachrichten\/#\/schema\/person\/87c9c9067f1211da429a744dc5a5aa41"},"headline":"Wie ich moderiere &#8230; mit Eva Sonaike","datePublished":"2025-08-11T17:41:44+00:00","dateModified":"2025-08-11T17:41:45+00:00","mainEntityOfPage":{"@id":"https:\/\/www.strassenweb.de\/nachrichten\/wie-ich-moderiere-mit-eva-sonaike\/"},"wordCount":1057,"publisher":{"@id":"https:\/\/www.strassenweb.de\/nachrichten\/#organization"},"image":{"@id":"https:\/\/www.strassenweb.de\/nachrichten\/wie-ich-moderiere-mit-eva-sonaike\/#primaryimage"},"thumbnailUrl":"https:\/\/www.strassenweb.de\/nachrichten\/wp-content\/uploads\/2025\/08\/Wie-ich-moderiere-mit-Eva-Sonaike.jpg","keywords":["Eva","ich","mit","moderiere","Sonaike","Wie"],"articleSection":["Haus &amp; Garten"],"inLanguage":"de"},{"@type":"WebPage","@id":"https:\/\/www.strassenweb.de\/nachrichten\/wie-ich-moderiere-mit-eva-sonaike\/","url":"https:\/\/www.strassenweb.de\/nachrichten\/wie-ich-moderiere-mit-eva-sonaike\/","name":"Wie ich moderiere ... mit Eva Sonaike - Nachrichten - Stra\u00dfenweb","isPartOf":{"@id":"https:\/\/www.strassenweb.de\/nachrichten\/#website"},"primaryImageOfPage":{"@id":"https:\/\/www.strassenweb.de\/nachrichten\/wie-ich-moderiere-mit-eva-sonaike\/#primaryimage"},"image":{"@id":"https:\/\/www.strassenweb.de\/nachrichten\/wie-ich-moderiere-mit-eva-sonaike\/#primaryimage"},"thumbnailUrl":"https:\/\/www.strassenweb.de\/nachrichten\/wp-content\/uploads\/2025\/08\/Wie-ich-moderiere-mit-Eva-Sonaike.jpg","datePublished":"2025-08-11T17:41:44+00:00","dateModified":"2025-08-11T17:41:45+00:00","breadcrumb":{"@id":"https:\/\/www.strassenweb.de\/nachrichten\/wie-ich-moderiere-mit-eva-sonaike\/#breadcrumb"},"inLanguage":"de","potentialAction":[{"@type":"ReadAction","target":["https:\/\/www.strassenweb.de\/nachrichten\/wie-ich-moderiere-mit-eva-sonaike\/"]}]},{"@type":"ImageObject","inLanguage":"de","@id":"https:\/\/www.strassenweb.de\/nachrichten\/wie-ich-moderiere-mit-eva-sonaike\/#primaryimage","url":"https:\/\/www.strassenweb.de\/nachrichten\/wp-content\/uploads\/2025\/08\/Wie-ich-moderiere-mit-Eva-Sonaike.jpg","contentUrl":"https:\/\/www.strassenweb.de\/nachrichten\/wp-content\/uploads\/2025\/08\/Wie-ich-moderiere-mit-Eva-Sonaike.jpg","width":1600,"height":900,"caption":"Eva Sonaike in her home by a table set up for a dinner party"},{"@type":"BreadcrumbList","@id":"https:\/\/www.strassenweb.de\/nachrichten\/wie-ich-moderiere-mit-eva-sonaike\/#breadcrumb","itemListElement":[{"@type":"ListItem","position":1,"name":"Home","item":"https:\/\/www.strassenweb.de\/nachrichten\/"},{"@type":"ListItem","position":2,"name":"Wie ich moderiere &#8230; mit Eva Sonaike"}]},{"@type":"WebSite","@id":"https:\/\/www.strassenweb.de\/nachrichten\/#website","url":"https:\/\/www.strassenweb.de\/nachrichten\/","name":"Stra\u00dfenweb","description":"Stra\u00dfenverzeichnis f\u00fcr Deutschland","publisher":{"@id":"https:\/\/www.strassenweb.de\/nachrichten\/#organization"},"potentialAction":[{"@type":"SearchAction","target":{"@type":"EntryPoint","urlTemplate":"https:\/\/www.strassenweb.de\/nachrichten\/?s={search_term_string}"},"query-input":{"@type":"PropertyValueSpecification","valueRequired":true,"valueName":"search_term_string"}}],"inLanguage":"de"},{"@type":"Organization","@id":"https:\/\/www.strassenweb.de\/nachrichten\/#organization","name":"Stra\u00dfenweb","url":"https:\/\/www.strassenweb.de\/nachrichten\/","logo":{"@type":"ImageObject","inLanguage":"de","@id":"https:\/\/www.strassenweb.de\/nachrichten\/#\/schema\/logo\/image\/","url":"https:\/\/www.strassenweb.de\/nachrichten\/wp-content\/uploads\/2024\/09\/cropped-favicon.png","contentUrl":"https:\/\/www.strassenweb.de\/nachrichten\/wp-content\/uploads\/2024\/09\/cropped-favicon.png","width":512,"height":512,"caption":"Stra\u00dfenweb"},"image":{"@id":"https:\/\/www.strassenweb.de\/nachrichten\/#\/schema\/logo\/image\/"},"sameAs":["https:\/\/www.facebook.com\/strassenweb\/"]},{"@type":"Person","@id":"https:\/\/www.strassenweb.de\/nachrichten\/#\/schema\/person\/87c9c9067f1211da429a744dc5a5aa41","name":"Robert Hoffmann","image":{"@type":"ImageObject","inLanguage":"de","@id":"https:\/\/www.strassenweb.de\/nachrichten\/wp-content\/uploads\/2024\/09\/strassenweb-150x150.jpg","url":"https:\/\/www.strassenweb.de\/nachrichten\/wp-content\/uploads\/2024\/09\/strassenweb-150x150.jpg","contentUrl":"https:\/\/www.strassenweb.de\/nachrichten\/wp-content\/uploads\/2024\/09\/strassenweb-150x150.jpg","caption":"Robert Hoffmann"},"description":"Ich hei\u00dfe Robert Hoffmann und ich bin ein leidenschaftlicher Verfechter von \u00d6kologie und Biodiversit\u00e4t. Seit meiner Kindheit in den W\u00e4ldern Bayerns f\u00fchle ich mich mit der Natur verbunden und bin entschlossen, sie zu sch\u00fctzen. Heute widme ich mein Leben der Sensibilisierung anderer f\u00fcr die Bedeutung des Umweltschutzes f\u00fcr zuk\u00fcnftige Generationen.","sameAs":["https:\/\/www.strassenweb.de\/"]}]}},"_links":{"self":[{"href":"https:\/\/www.strassenweb.de\/nachrichten\/wp-json\/wp\/v2\/posts\/6875","targetHints":{"allow":["GET"]}}],"collection":[{"href":"https:\/\/www.strassenweb.de\/nachrichten\/wp-json\/wp\/v2\/posts"}],"about":[{"href":"https:\/\/www.strassenweb.de\/nachrichten\/wp-json\/wp\/v2\/types\/post"}],"author":[{"embeddable":true,"href":"https:\/\/www.strassenweb.de\/nachrichten\/wp-json\/wp\/v2\/users\/1"}],"replies":[{"embeddable":true,"href":"https:\/\/www.strassenweb.de\/nachrichten\/wp-json\/wp\/v2\/comments?post=6875"}],"version-history":[{"count":0,"href":"https:\/\/www.strassenweb.de\/nachrichten\/wp-json\/wp\/v2\/posts\/6875\/revisions"}],"wp:featuredmedia":[{"embeddable":true,"href":"https:\/\/www.strassenweb.de\/nachrichten\/wp-json\/wp\/v2\/media\/6876"}],"wp:attachment":[{"href":"https:\/\/www.strassenweb.de\/nachrichten\/wp-json\/wp\/v2\/media?parent=6875"}],"wp:term":[{"taxonomy":"category","embeddable":true,"href":"https:\/\/www.strassenweb.de\/nachrichten\/wp-json\/wp\/v2\/categories?post=6875"},{"taxonomy":"post_tag","embeddable":true,"href":"https:\/\/www.strassenweb.de\/nachrichten\/wp-json\/wp\/v2\/tags?post=6875"}],"curies":[{"name":"wp","href":"https:\/\/api.w.org\/{rel}","templated":true}]}}