{"id":6872,"date":"2025-08-11T16:39:41","date_gmt":"2025-08-11T14:39:41","guid":{"rendered":"https:\/\/www.strassenweb.de\/nachrichten\/joe-jonas-glas-front-schraenke-ich-frage-mich-ob-ich-kuechenlager-falsch-gemacht-habe-und-fehlt-zeitlosen-alten-geldstilen\/"},"modified":"2025-08-11T16:39:42","modified_gmt":"2025-08-11T14:39:42","slug":"joe-jonas-glas-front-schraenke-ich-frage-mich-ob-ich-kuechenlager-falsch-gemacht-habe-und-fehlt-zeitlosen-alten-geldstilen","status":"publish","type":"post","link":"https:\/\/www.strassenweb.de\/nachrichten\/joe-jonas-glas-front-schraenke-ich-frage-mich-ob-ich-kuechenlager-falsch-gemacht-habe-und-fehlt-zeitlosen-alten-geldstilen\/","title":{"rendered":"Joe Jonas &#8218;Glas-Front-Schr\u00e4nke Ich frage mich, ob ich K\u00fcchenlager falsch gemacht habe-und fehlt zeitlosen alten Geldstilen"},"content":{"rendered":"<p><\/p>\n<div id=\"article-body\" class=\"article__body \">\n<p id=\"d8a96cc0-3dad-4218-a46c-7ac75db9cad6\">Wenn es um zeitlose K\u00fcchendesignentscheidungen geht, stehen wahrscheinlich Glas-Front-Schr\u00e4nke zuerst auf unserer Liste ein. Sie sind unbestreitbar schick und erh\u00f6hen jeden Raum, egal ob Sie eine moderne oder traditionelle K\u00fcche haben.<\/p>\n<div id=\"ad-unit-1\" class=\"ad-unit\"><\/div>\n<p>Nehmen Sie zum Beispiel Joe Jonas &#8218;K\u00fcche. Der Jonas-Bruder hat k\u00fcrzlich einen Clip an seiner Instagram-Seite seines neutralen, zeitgen\u00f6ssischen Raums geteilt, und wir konnten nicht anders, als seine eleganten, glasfronten Schr\u00e4nke im alten Geld zu bewundern, die einen verspiegelten Effekt haben und elegante Glaswaren enthalten.<\/p>\n<aside data-block-type=\"embed\" data-render-type=\"fte\" data-skip=\"dealsy\" data-widget-type=\"seasonal\" class=\"hawk-base\"><\/aside>\n<p id=\"d8a96cc0-3dad-4218-a46c-7ac75db9cad6-2\">W\u00e4hrend verborgene Schr\u00e4nke ihre Vorteile haben (n\u00e4mlich eine bemalten Fassade und\/oder Verschleierung von Gegenst\u00e4nden), beweisen die Schr\u00e4nke von Joe, dass diese Option Trends \u00fcberschreitet.<\/p>\n<div class=\"van_vid_carousel\">\n<div class=\"van_vid_carousel__padding\">\n<div class=\"van_vid_carousel__container\"><\/div>\n<\/div>\n<\/div>\n<div class=\"instagram-embed\" id=\"DLksNrNxrQi\">\n<blockquote class=\"instagram-media\" data-instgrm-captioned data-instgrm-version=\"6\" style=\"width:99.375%; width:-webkit-calc(100% - 2px); width:calc(100% - 2px);\">\n<p>Ein Beitrag, der von Joejonas (@joejonas) geteilt wird<\/p>\n<p>Ein Foto von on <\/p>\n<\/blockquote>\n<\/div>\n<h3 class=\"article-body__section\" id=\"section-shop-the-glass-front-cabinet-edit\"><span>Kaufen Sie den Glas -Frontschrank bearbeiten<\/span><\/h3>\n<div class=\"product-container hero-product-container product-block-no-wrap\">\n<div class=\"product-block-row\"><\/div>\n<div class=\"product-block-row\"><\/div>\n<div class=\"product-block-row\"><\/div>\n<\/div>\n<p id=\"21fa4b23-3d09-4064-bc8f-cce86ab6f0db\">Laut Design-Experten haben Glas-Front-Schr\u00e4nke endlose Vorteile und setzen Ihre Lieblingsgericht und Glaswaren aus, anstatt sie zu verstecken.<\/p>\n<div id=\"ad-unit-2\" class=\"ad-unit\"><\/div>\n<p>\u00bbSchr\u00e4nke mit Glasfront sind weiterhin von der Art und Weise aufstechen, wie sie Dimension, Helligkeit und Charme in einer K\u00fcche verleihen, aber ihre wahre Magie liegt in ihrer F\u00e4higkeit, eine Geschichte zu erz\u00e4hlen\u201c, erkl\u00e4rt Designerin Nina Lichtenstein. \u201eIm Gegensatz zu herk\u00f6mmlichen soliden Schr\u00e4nken, die alles hinter geschlossenen T\u00fcren verborgen, erm\u00f6glichen Glasfronten Ihren t\u00e4glichen Objekten die Rolle des kuratierten Dekors. Sie schaffen Intentionalit\u00e4t. Was Sie anzeigen m\u00f6chten, wird Teil Ihrer Design -Erz\u00e4hlung. &#8218;<\/p>\n<p>Nina erkl\u00e4rt auch, dass, da Glas-Front-Schr\u00e4nke alles ausstellen lassen, Organisation und ein Mangel an Unordnung ein ordentliches, \u00e4sthetisch ansprechendes Erscheinungsbild erzeugen.<\/p>\n<p>&#8222;Aus praktischer Sicht f\u00f6rdern die Schr\u00e4nke mit Glasfront die Attraktivit\u00e4t, da die sichtbaren Regale nat\u00fcrlich eine nachdenkliche Organisation einladen&#8220;, erkl\u00e4rt sie. &#8222;Sie sind auch eine brillante L\u00f6sung f\u00fcr kleinere oder dunklere K\u00fcchen: das Spiegelbild des Lichts auf dem Glas und die visuelle Offenheit, bis zur Wand dahinter zu sehen, macht den gesamten Raum heller und expansiver.&#8220;<\/p>\n<div id=\"slice-container-newsletterForm-articleInbodyContent-wAm5YZcNnrTZFUnqxkPcL4\" class=\"slice-container newsletter-inbodyContent-slice newsletterForm-articleInbodyContent-wAm5YZcNnrTZFUnqxkPcL4 slice-container-newsletterForm\"><\/div>\n<p>Wir lieben Joes minimalistischen Ansatz, mit haupts\u00e4chlich klaren Brillen, die in die Schr\u00e4nke eingebunden sind, aber es ist auch ein fantastischer Ansatz, mit farbenfrohen Gerichten oder zarten Keramik zu experimentieren.<\/p>\n<p>Sie f\u00e4hrt fort: &#8222;Egal, ob Sie Erbst\u00fcck China, handwerkliche T\u00f6pferwaren oder allt\u00e4gliche Geschirr in koordinierten T\u00f6nen zeigen, und die Granaten mit Glasfront haben die Grenze zwischen Lagerung und Stil durch und beweisen, dass Ihre funktionalsten R\u00e4ume immer noch wundersch\u00f6n ausdrucksstark sein k\u00f6nnen.&#8220;<\/p>\n<div class=\"min-h-(270px) mb-4 viafoura-twig-component\" id=\"viafoura-engagement-starter-wrapper\" data-component-name=\"Elk:Embed:EngagementStarter\">\n<div class=\"viafoura\">\n<div>\n<vf-conversation-starter target=\"viafoura-comments\" title=\"Do you like glass-fronted cabinets?\" description=\"How do you style them?\" minimum-comment-count=\"1\"><br \/>\n<\/vf-conversation-starter>\n<\/div>\n<\/div>\n<\/div>\n<hr id=\"e4fa962b-525d-4efa-823f-8ccf4116bdef\">\n<\/div>\n<p><script async src=\"\/\/www.instagram.com\/embed.js\"><\/script><\/p>\n","protected":false},"excerpt":{"rendered":"<p>Wenn es um zeitlose K\u00fcchendesignentscheidungen geht, stehen wahrscheinlich Glas-Front-Schr\u00e4nke zuerst auf unserer Liste ein. Sie sind unbestreitbar schick und erh\u00f6hen jeden Raum, egal ob Sie<\/p>\n","protected":false},"author":1,"featured_media":6873,"comment_status":"closed","ping_status":"","sticky":false,"template":"","format":"standard","meta":{"footnotes":""},"categories":[118],"tags":[3311,3015,4839,9124,9318,2741,9316,9317,129,9315,3769,9305,1122,2232],"class_list":["post-6872","post","type-post","status-publish","format-standard","has-post-thumbnail","hentry","category-haus-garten","tag-alten","tag-falsch","tag-fehlt","tag-frage","tag-geldstilen","tag-gemacht","tag-glasfrontschraenke","tag-habeund","tag-ich","tag-joe","tag-jonas","tag-kuechenlager","tag-mich","tag-zeitlosen","generate-columns","tablet-grid-50","mobile-grid-100","grid-parent","grid-50"],"yoast_head":"<!-- This site is optimized with the Yoast SEO plugin v27.3 - https:\/\/yoast.com\/product\/yoast-seo-wordpress\/ -->\n<title>Joe Jonas &#039;Glas-Front-Schr\u00e4nke Ich frage mich, ob ich K\u00fcchenlager falsch gemacht habe-und fehlt zeitlosen alten Geldstilen - Nachrichten - Stra\u00dfenweb<\/title>\n<meta name=\"robots\" content=\"index, follow, max-snippet:-1, max-image-preview:large, max-video-preview:-1\" \/>\n<link rel=\"canonical\" href=\"https:\/\/www.strassenweb.de\/nachrichten\/joe-jonas-glas-front-schraenke-ich-frage-mich-ob-ich-kuechenlager-falsch-gemacht-habe-und-fehlt-zeitlosen-alten-geldstilen\/\" \/>\n<meta property=\"og:locale\" content=\"de_DE\" \/>\n<meta property=\"og:type\" content=\"article\" \/>\n<meta property=\"og:title\" content=\"Joe Jonas &#039;Glas-Front-Schr\u00e4nke Ich frage mich, ob ich K\u00fcchenlager falsch gemacht habe-und fehlt zeitlosen alten Geldstilen - Nachrichten - Stra\u00dfenweb\" \/>\n<meta property=\"og:description\" content=\"Wenn es um zeitlose K\u00fcchendesignentscheidungen geht, stehen wahrscheinlich Glas-Front-Schr\u00e4nke zuerst auf unserer Liste ein. Sie sind unbestreitbar schick und erh\u00f6hen jeden Raum, egal ob Sie\" \/>\n<meta property=\"og:url\" content=\"https:\/\/www.strassenweb.de\/nachrichten\/joe-jonas-glas-front-schraenke-ich-frage-mich-ob-ich-kuechenlager-falsch-gemacht-habe-und-fehlt-zeitlosen-alten-geldstilen\/\" \/>\n<meta property=\"og:site_name\" content=\"Stra\u00dfenweb\" \/>\n<meta property=\"article:publisher\" content=\"https:\/\/www.facebook.com\/strassenweb\/\" \/>\n<meta property=\"article:published_time\" content=\"2025-08-11T14:39:41+00:00\" \/>\n<meta property=\"article:modified_time\" content=\"2025-08-11T14:39:42+00:00\" \/>\n<meta property=\"og:image\" content=\"https:\/\/www.strassenweb.de\/nachrichten\/wp-content\/uploads\/2025\/08\/Joe-Jonas-Glas-Front-Schraenke-Ich-frage-mich-ob-ich-Kuechenlager-falsch.jpg\" \/>\n\t<meta property=\"og:image:width\" content=\"1600\" \/>\n\t<meta property=\"og:image:height\" content=\"900\" \/>\n\t<meta property=\"og:image:type\" content=\"image\/jpeg\" \/>\n<meta name=\"author\" content=\"Robert Hoffmann\" \/>\n<meta name=\"twitter:card\" content=\"summary_large_image\" \/>\n<meta name=\"twitter:label1\" content=\"Verfasst von\" \/>\n\t<meta name=\"twitter:data1\" content=\"Robert Hoffmann\" \/>\n\t<meta name=\"twitter:label2\" content=\"Gesch\u00e4tzte Lesezeit\" \/>\n\t<meta name=\"twitter:data2\" content=\"2\u00a0Minuten\" \/>\n<script type=\"application\/ld+json\" class=\"yoast-schema-graph\">{\"@context\":\"https:\\\/\\\/schema.org\",\"@graph\":[{\"@type\":\"Article\",\"@id\":\"https:\\\/\\\/www.strassenweb.de\\\/nachrichten\\\/joe-jonas-glas-front-schraenke-ich-frage-mich-ob-ich-kuechenlager-falsch-gemacht-habe-und-fehlt-zeitlosen-alten-geldstilen\\\/#article\",\"isPartOf\":{\"@id\":\"https:\\\/\\\/www.strassenweb.de\\\/nachrichten\\\/joe-jonas-glas-front-schraenke-ich-frage-mich-ob-ich-kuechenlager-falsch-gemacht-habe-und-fehlt-zeitlosen-alten-geldstilen\\\/\"},\"author\":{\"name\":\"Robert Hoffmann\",\"@id\":\"https:\\\/\\\/www.strassenweb.de\\\/nachrichten\\\/#\\\/schema\\\/person\\\/87c9c9067f1211da429a744dc5a5aa41\"},\"headline\":\"Joe Jonas &#8218;Glas-Front-Schr\u00e4nke Ich frage mich, ob ich K\u00fcchenlager falsch gemacht habe-und fehlt zeitlosen alten Geldstilen\",\"datePublished\":\"2025-08-11T14:39:41+00:00\",\"dateModified\":\"2025-08-11T14:39:42+00:00\",\"mainEntityOfPage\":{\"@id\":\"https:\\\/\\\/www.strassenweb.de\\\/nachrichten\\\/joe-jonas-glas-front-schraenke-ich-frage-mich-ob-ich-kuechenlager-falsch-gemacht-habe-und-fehlt-zeitlosen-alten-geldstilen\\\/\"},\"wordCount\":421,\"publisher\":{\"@id\":\"https:\\\/\\\/www.strassenweb.de\\\/nachrichten\\\/#organization\"},\"image\":{\"@id\":\"https:\\\/\\\/www.strassenweb.de\\\/nachrichten\\\/joe-jonas-glas-front-schraenke-ich-frage-mich-ob-ich-kuechenlager-falsch-gemacht-habe-und-fehlt-zeitlosen-alten-geldstilen\\\/#primaryimage\"},\"thumbnailUrl\":\"https:\\\/\\\/www.strassenweb.de\\\/nachrichten\\\/wp-content\\\/uploads\\\/2025\\\/08\\\/Joe-Jonas-Glas-Front-Schraenke-Ich-frage-mich-ob-ich-Kuechenlager-falsch.jpg\",\"keywords\":[\"alten\",\"falsch\",\"fehlt\",\"Frage\",\"Geldstilen\",\"gemacht\",\"GlasFrontSchr\u00e4nke\",\"habeund\",\"ich\",\"Joe\",\"Jonas\",\"K\u00fcchenlager\",\"mich\",\"zeitlosen\"],\"articleSection\":[\"Haus &amp; Garten\"],\"inLanguage\":\"de\"},{\"@type\":\"WebPage\",\"@id\":\"https:\\\/\\\/www.strassenweb.de\\\/nachrichten\\\/joe-jonas-glas-front-schraenke-ich-frage-mich-ob-ich-kuechenlager-falsch-gemacht-habe-und-fehlt-zeitlosen-alten-geldstilen\\\/\",\"url\":\"https:\\\/\\\/www.strassenweb.de\\\/nachrichten\\\/joe-jonas-glas-front-schraenke-ich-frage-mich-ob-ich-kuechenlager-falsch-gemacht-habe-und-fehlt-zeitlosen-alten-geldstilen\\\/\",\"name\":\"Joe Jonas 'Glas-Front-Schr\u00e4nke Ich frage mich, ob ich K\u00fcchenlager falsch gemacht habe-und fehlt zeitlosen alten Geldstilen - Nachrichten - Stra\u00dfenweb\",\"isPartOf\":{\"@id\":\"https:\\\/\\\/www.strassenweb.de\\\/nachrichten\\\/#website\"},\"primaryImageOfPage\":{\"@id\":\"https:\\\/\\\/www.strassenweb.de\\\/nachrichten\\\/joe-jonas-glas-front-schraenke-ich-frage-mich-ob-ich-kuechenlager-falsch-gemacht-habe-und-fehlt-zeitlosen-alten-geldstilen\\\/#primaryimage\"},\"image\":{\"@id\":\"https:\\\/\\\/www.strassenweb.de\\\/nachrichten\\\/joe-jonas-glas-front-schraenke-ich-frage-mich-ob-ich-kuechenlager-falsch-gemacht-habe-und-fehlt-zeitlosen-alten-geldstilen\\\/#primaryimage\"},\"thumbnailUrl\":\"https:\\\/\\\/www.strassenweb.de\\\/nachrichten\\\/wp-content\\\/uploads\\\/2025\\\/08\\\/Joe-Jonas-Glas-Front-Schraenke-Ich-frage-mich-ob-ich-Kuechenlager-falsch.jpg\",\"datePublished\":\"2025-08-11T14:39:41+00:00\",\"dateModified\":\"2025-08-11T14:39:42+00:00\",\"breadcrumb\":{\"@id\":\"https:\\\/\\\/www.strassenweb.de\\\/nachrichten\\\/joe-jonas-glas-front-schraenke-ich-frage-mich-ob-ich-kuechenlager-falsch-gemacht-habe-und-fehlt-zeitlosen-alten-geldstilen\\\/#breadcrumb\"},\"inLanguage\":\"de\",\"potentialAction\":[{\"@type\":\"ReadAction\",\"target\":[\"https:\\\/\\\/www.strassenweb.de\\\/nachrichten\\\/joe-jonas-glas-front-schraenke-ich-frage-mich-ob-ich-kuechenlager-falsch-gemacht-habe-und-fehlt-zeitlosen-alten-geldstilen\\\/\"]}]},{\"@type\":\"ImageObject\",\"inLanguage\":\"de\",\"@id\":\"https:\\\/\\\/www.strassenweb.de\\\/nachrichten\\\/joe-jonas-glas-front-schraenke-ich-frage-mich-ob-ich-kuechenlager-falsch-gemacht-habe-und-fehlt-zeitlosen-alten-geldstilen\\\/#primaryimage\",\"url\":\"https:\\\/\\\/www.strassenweb.de\\\/nachrichten\\\/wp-content\\\/uploads\\\/2025\\\/08\\\/Joe-Jonas-Glas-Front-Schraenke-Ich-frage-mich-ob-ich-Kuechenlager-falsch.jpg\",\"contentUrl\":\"https:\\\/\\\/www.strassenweb.de\\\/nachrichten\\\/wp-content\\\/uploads\\\/2025\\\/08\\\/Joe-Jonas-Glas-Front-Schraenke-Ich-frage-mich-ob-ich-Kuechenlager-falsch.jpg\",\"width\":1600,\"height\":900,\"caption\":\"Joe Jonas\"},{\"@type\":\"BreadcrumbList\",\"@id\":\"https:\\\/\\\/www.strassenweb.de\\\/nachrichten\\\/joe-jonas-glas-front-schraenke-ich-frage-mich-ob-ich-kuechenlager-falsch-gemacht-habe-und-fehlt-zeitlosen-alten-geldstilen\\\/#breadcrumb\",\"itemListElement\":[{\"@type\":\"ListItem\",\"position\":1,\"name\":\"Home\",\"item\":\"https:\\\/\\\/www.strassenweb.de\\\/nachrichten\\\/\"},{\"@type\":\"ListItem\",\"position\":2,\"name\":\"Joe Jonas &#8218;Glas-Front-Schr\u00e4nke Ich frage mich, ob ich K\u00fcchenlager falsch gemacht habe-und fehlt zeitlosen alten Geldstilen\"}]},{\"@type\":\"WebSite\",\"@id\":\"https:\\\/\\\/www.strassenweb.de\\\/nachrichten\\\/#website\",\"url\":\"https:\\\/\\\/www.strassenweb.de\\\/nachrichten\\\/\",\"name\":\"Stra\u00dfenweb\",\"description\":\"Stra\u00dfenverzeichnis f\u00fcr Deutschland\",\"publisher\":{\"@id\":\"https:\\\/\\\/www.strassenweb.de\\\/nachrichten\\\/#organization\"},\"potentialAction\":[{\"@type\":\"SearchAction\",\"target\":{\"@type\":\"EntryPoint\",\"urlTemplate\":\"https:\\\/\\\/www.strassenweb.de\\\/nachrichten\\\/?s={search_term_string}\"},\"query-input\":{\"@type\":\"PropertyValueSpecification\",\"valueRequired\":true,\"valueName\":\"search_term_string\"}}],\"inLanguage\":\"de\"},{\"@type\":\"Organization\",\"@id\":\"https:\\\/\\\/www.strassenweb.de\\\/nachrichten\\\/#organization\",\"name\":\"Stra\u00dfenweb\",\"url\":\"https:\\\/\\\/www.strassenweb.de\\\/nachrichten\\\/\",\"logo\":{\"@type\":\"ImageObject\",\"inLanguage\":\"de\",\"@id\":\"https:\\\/\\\/www.strassenweb.de\\\/nachrichten\\\/#\\\/schema\\\/logo\\\/image\\\/\",\"url\":\"https:\\\/\\\/www.strassenweb.de\\\/nachrichten\\\/wp-content\\\/uploads\\\/2024\\\/09\\\/cropped-favicon.png\",\"contentUrl\":\"https:\\\/\\\/www.strassenweb.de\\\/nachrichten\\\/wp-content\\\/uploads\\\/2024\\\/09\\\/cropped-favicon.png\",\"width\":512,\"height\":512,\"caption\":\"Stra\u00dfenweb\"},\"image\":{\"@id\":\"https:\\\/\\\/www.strassenweb.de\\\/nachrichten\\\/#\\\/schema\\\/logo\\\/image\\\/\"},\"sameAs\":[\"https:\\\/\\\/www.facebook.com\\\/strassenweb\\\/\"]},{\"@type\":\"Person\",\"@id\":\"https:\\\/\\\/www.strassenweb.de\\\/nachrichten\\\/#\\\/schema\\\/person\\\/87c9c9067f1211da429a744dc5a5aa41\",\"name\":\"Robert Hoffmann\",\"image\":{\"@type\":\"ImageObject\",\"inLanguage\":\"de\",\"@id\":\"https:\\\/\\\/www.strassenweb.de\\\/nachrichten\\\/wp-content\\\/uploads\\\/2024\\\/09\\\/strassenweb-150x150.jpg\",\"url\":\"https:\\\/\\\/www.strassenweb.de\\\/nachrichten\\\/wp-content\\\/uploads\\\/2024\\\/09\\\/strassenweb-150x150.jpg\",\"contentUrl\":\"https:\\\/\\\/www.strassenweb.de\\\/nachrichten\\\/wp-content\\\/uploads\\\/2024\\\/09\\\/strassenweb-150x150.jpg\",\"caption\":\"Robert Hoffmann\"},\"description\":\"Ich hei\u00dfe Robert Hoffmann und ich bin ein leidenschaftlicher Verfechter von \u00d6kologie und Biodiversit\u00e4t. Seit meiner Kindheit in den W\u00e4ldern Bayerns f\u00fchle ich mich mit der Natur verbunden und bin entschlossen, sie zu sch\u00fctzen. Heute widme ich mein Leben der Sensibilisierung anderer f\u00fcr die Bedeutung des Umweltschutzes f\u00fcr zuk\u00fcnftige Generationen.\",\"sameAs\":[\"https:\\\/\\\/www.strassenweb.de\\\/\"]}]}<\/script>\n<!-- \/ Yoast SEO plugin. -->","yoast_head_json":{"title":"Joe Jonas 'Glas-Front-Schr\u00e4nke Ich frage mich, ob ich K\u00fcchenlager falsch gemacht habe-und fehlt zeitlosen alten Geldstilen - Nachrichten - Stra\u00dfenweb","robots":{"index":"index","follow":"follow","max-snippet":"max-snippet:-1","max-image-preview":"max-image-preview:large","max-video-preview":"max-video-preview:-1"},"canonical":"https:\/\/www.strassenweb.de\/nachrichten\/joe-jonas-glas-front-schraenke-ich-frage-mich-ob-ich-kuechenlager-falsch-gemacht-habe-und-fehlt-zeitlosen-alten-geldstilen\/","og_locale":"de_DE","og_type":"article","og_title":"Joe Jonas 'Glas-Front-Schr\u00e4nke Ich frage mich, ob ich K\u00fcchenlager falsch gemacht habe-und fehlt zeitlosen alten Geldstilen - Nachrichten - Stra\u00dfenweb","og_description":"Wenn es um zeitlose K\u00fcchendesignentscheidungen geht, stehen wahrscheinlich Glas-Front-Schr\u00e4nke zuerst auf unserer Liste ein. Sie sind unbestreitbar schick und erh\u00f6hen jeden Raum, egal ob Sie","og_url":"https:\/\/www.strassenweb.de\/nachrichten\/joe-jonas-glas-front-schraenke-ich-frage-mich-ob-ich-kuechenlager-falsch-gemacht-habe-und-fehlt-zeitlosen-alten-geldstilen\/","og_site_name":"Stra\u00dfenweb","article_publisher":"https:\/\/www.facebook.com\/strassenweb\/","article_published_time":"2025-08-11T14:39:41+00:00","article_modified_time":"2025-08-11T14:39:42+00:00","og_image":[{"width":1600,"height":900,"url":"https:\/\/www.strassenweb.de\/nachrichten\/wp-content\/uploads\/2025\/08\/Joe-Jonas-Glas-Front-Schraenke-Ich-frage-mich-ob-ich-Kuechenlager-falsch.jpg","type":"image\/jpeg"}],"author":"Robert Hoffmann","twitter_card":"summary_large_image","twitter_misc":{"Verfasst von":"Robert Hoffmann","Gesch\u00e4tzte Lesezeit":"2\u00a0Minuten"},"schema":{"@context":"https:\/\/schema.org","@graph":[{"@type":"Article","@id":"https:\/\/www.strassenweb.de\/nachrichten\/joe-jonas-glas-front-schraenke-ich-frage-mich-ob-ich-kuechenlager-falsch-gemacht-habe-und-fehlt-zeitlosen-alten-geldstilen\/#article","isPartOf":{"@id":"https:\/\/www.strassenweb.de\/nachrichten\/joe-jonas-glas-front-schraenke-ich-frage-mich-ob-ich-kuechenlager-falsch-gemacht-habe-und-fehlt-zeitlosen-alten-geldstilen\/"},"author":{"name":"Robert Hoffmann","@id":"https:\/\/www.strassenweb.de\/nachrichten\/#\/schema\/person\/87c9c9067f1211da429a744dc5a5aa41"},"headline":"Joe Jonas &#8218;Glas-Front-Schr\u00e4nke Ich frage mich, ob ich K\u00fcchenlager falsch gemacht habe-und fehlt zeitlosen alten Geldstilen","datePublished":"2025-08-11T14:39:41+00:00","dateModified":"2025-08-11T14:39:42+00:00","mainEntityOfPage":{"@id":"https:\/\/www.strassenweb.de\/nachrichten\/joe-jonas-glas-front-schraenke-ich-frage-mich-ob-ich-kuechenlager-falsch-gemacht-habe-und-fehlt-zeitlosen-alten-geldstilen\/"},"wordCount":421,"publisher":{"@id":"https:\/\/www.strassenweb.de\/nachrichten\/#organization"},"image":{"@id":"https:\/\/www.strassenweb.de\/nachrichten\/joe-jonas-glas-front-schraenke-ich-frage-mich-ob-ich-kuechenlager-falsch-gemacht-habe-und-fehlt-zeitlosen-alten-geldstilen\/#primaryimage"},"thumbnailUrl":"https:\/\/www.strassenweb.de\/nachrichten\/wp-content\/uploads\/2025\/08\/Joe-Jonas-Glas-Front-Schraenke-Ich-frage-mich-ob-ich-Kuechenlager-falsch.jpg","keywords":["alten","falsch","fehlt","Frage","Geldstilen","gemacht","GlasFrontSchr\u00e4nke","habeund","ich","Joe","Jonas","K\u00fcchenlager","mich","zeitlosen"],"articleSection":["Haus &amp; Garten"],"inLanguage":"de"},{"@type":"WebPage","@id":"https:\/\/www.strassenweb.de\/nachrichten\/joe-jonas-glas-front-schraenke-ich-frage-mich-ob-ich-kuechenlager-falsch-gemacht-habe-und-fehlt-zeitlosen-alten-geldstilen\/","url":"https:\/\/www.strassenweb.de\/nachrichten\/joe-jonas-glas-front-schraenke-ich-frage-mich-ob-ich-kuechenlager-falsch-gemacht-habe-und-fehlt-zeitlosen-alten-geldstilen\/","name":"Joe Jonas 'Glas-Front-Schr\u00e4nke Ich frage mich, ob ich K\u00fcchenlager falsch gemacht habe-und fehlt zeitlosen alten Geldstilen - Nachrichten - Stra\u00dfenweb","isPartOf":{"@id":"https:\/\/www.strassenweb.de\/nachrichten\/#website"},"primaryImageOfPage":{"@id":"https:\/\/www.strassenweb.de\/nachrichten\/joe-jonas-glas-front-schraenke-ich-frage-mich-ob-ich-kuechenlager-falsch-gemacht-habe-und-fehlt-zeitlosen-alten-geldstilen\/#primaryimage"},"image":{"@id":"https:\/\/www.strassenweb.de\/nachrichten\/joe-jonas-glas-front-schraenke-ich-frage-mich-ob-ich-kuechenlager-falsch-gemacht-habe-und-fehlt-zeitlosen-alten-geldstilen\/#primaryimage"},"thumbnailUrl":"https:\/\/www.strassenweb.de\/nachrichten\/wp-content\/uploads\/2025\/08\/Joe-Jonas-Glas-Front-Schraenke-Ich-frage-mich-ob-ich-Kuechenlager-falsch.jpg","datePublished":"2025-08-11T14:39:41+00:00","dateModified":"2025-08-11T14:39:42+00:00","breadcrumb":{"@id":"https:\/\/www.strassenweb.de\/nachrichten\/joe-jonas-glas-front-schraenke-ich-frage-mich-ob-ich-kuechenlager-falsch-gemacht-habe-und-fehlt-zeitlosen-alten-geldstilen\/#breadcrumb"},"inLanguage":"de","potentialAction":[{"@type":"ReadAction","target":["https:\/\/www.strassenweb.de\/nachrichten\/joe-jonas-glas-front-schraenke-ich-frage-mich-ob-ich-kuechenlager-falsch-gemacht-habe-und-fehlt-zeitlosen-alten-geldstilen\/"]}]},{"@type":"ImageObject","inLanguage":"de","@id":"https:\/\/www.strassenweb.de\/nachrichten\/joe-jonas-glas-front-schraenke-ich-frage-mich-ob-ich-kuechenlager-falsch-gemacht-habe-und-fehlt-zeitlosen-alten-geldstilen\/#primaryimage","url":"https:\/\/www.strassenweb.de\/nachrichten\/wp-content\/uploads\/2025\/08\/Joe-Jonas-Glas-Front-Schraenke-Ich-frage-mich-ob-ich-Kuechenlager-falsch.jpg","contentUrl":"https:\/\/www.strassenweb.de\/nachrichten\/wp-content\/uploads\/2025\/08\/Joe-Jonas-Glas-Front-Schraenke-Ich-frage-mich-ob-ich-Kuechenlager-falsch.jpg","width":1600,"height":900,"caption":"Joe Jonas"},{"@type":"BreadcrumbList","@id":"https:\/\/www.strassenweb.de\/nachrichten\/joe-jonas-glas-front-schraenke-ich-frage-mich-ob-ich-kuechenlager-falsch-gemacht-habe-und-fehlt-zeitlosen-alten-geldstilen\/#breadcrumb","itemListElement":[{"@type":"ListItem","position":1,"name":"Home","item":"https:\/\/www.strassenweb.de\/nachrichten\/"},{"@type":"ListItem","position":2,"name":"Joe Jonas &#8218;Glas-Front-Schr\u00e4nke Ich frage mich, ob ich K\u00fcchenlager falsch gemacht habe-und fehlt zeitlosen alten Geldstilen"}]},{"@type":"WebSite","@id":"https:\/\/www.strassenweb.de\/nachrichten\/#website","url":"https:\/\/www.strassenweb.de\/nachrichten\/","name":"Stra\u00dfenweb","description":"Stra\u00dfenverzeichnis f\u00fcr Deutschland","publisher":{"@id":"https:\/\/www.strassenweb.de\/nachrichten\/#organization"},"potentialAction":[{"@type":"SearchAction","target":{"@type":"EntryPoint","urlTemplate":"https:\/\/www.strassenweb.de\/nachrichten\/?s={search_term_string}"},"query-input":{"@type":"PropertyValueSpecification","valueRequired":true,"valueName":"search_term_string"}}],"inLanguage":"de"},{"@type":"Organization","@id":"https:\/\/www.strassenweb.de\/nachrichten\/#organization","name":"Stra\u00dfenweb","url":"https:\/\/www.strassenweb.de\/nachrichten\/","logo":{"@type":"ImageObject","inLanguage":"de","@id":"https:\/\/www.strassenweb.de\/nachrichten\/#\/schema\/logo\/image\/","url":"https:\/\/www.strassenweb.de\/nachrichten\/wp-content\/uploads\/2024\/09\/cropped-favicon.png","contentUrl":"https:\/\/www.strassenweb.de\/nachrichten\/wp-content\/uploads\/2024\/09\/cropped-favicon.png","width":512,"height":512,"caption":"Stra\u00dfenweb"},"image":{"@id":"https:\/\/www.strassenweb.de\/nachrichten\/#\/schema\/logo\/image\/"},"sameAs":["https:\/\/www.facebook.com\/strassenweb\/"]},{"@type":"Person","@id":"https:\/\/www.strassenweb.de\/nachrichten\/#\/schema\/person\/87c9c9067f1211da429a744dc5a5aa41","name":"Robert Hoffmann","image":{"@type":"ImageObject","inLanguage":"de","@id":"https:\/\/www.strassenweb.de\/nachrichten\/wp-content\/uploads\/2024\/09\/strassenweb-150x150.jpg","url":"https:\/\/www.strassenweb.de\/nachrichten\/wp-content\/uploads\/2024\/09\/strassenweb-150x150.jpg","contentUrl":"https:\/\/www.strassenweb.de\/nachrichten\/wp-content\/uploads\/2024\/09\/strassenweb-150x150.jpg","caption":"Robert Hoffmann"},"description":"Ich hei\u00dfe Robert Hoffmann und ich bin ein leidenschaftlicher Verfechter von \u00d6kologie und Biodiversit\u00e4t. Seit meiner Kindheit in den W\u00e4ldern Bayerns f\u00fchle ich mich mit der Natur verbunden und bin entschlossen, sie zu sch\u00fctzen. Heute widme ich mein Leben der Sensibilisierung anderer f\u00fcr die Bedeutung des Umweltschutzes f\u00fcr zuk\u00fcnftige Generationen.","sameAs":["https:\/\/www.strassenweb.de\/"]}]}},"_links":{"self":[{"href":"https:\/\/www.strassenweb.de\/nachrichten\/wp-json\/wp\/v2\/posts\/6872","targetHints":{"allow":["GET"]}}],"collection":[{"href":"https:\/\/www.strassenweb.de\/nachrichten\/wp-json\/wp\/v2\/posts"}],"about":[{"href":"https:\/\/www.strassenweb.de\/nachrichten\/wp-json\/wp\/v2\/types\/post"}],"author":[{"embeddable":true,"href":"https:\/\/www.strassenweb.de\/nachrichten\/wp-json\/wp\/v2\/users\/1"}],"replies":[{"embeddable":true,"href":"https:\/\/www.strassenweb.de\/nachrichten\/wp-json\/wp\/v2\/comments?post=6872"}],"version-history":[{"count":0,"href":"https:\/\/www.strassenweb.de\/nachrichten\/wp-json\/wp\/v2\/posts\/6872\/revisions"}],"wp:featuredmedia":[{"embeddable":true,"href":"https:\/\/www.strassenweb.de\/nachrichten\/wp-json\/wp\/v2\/media\/6873"}],"wp:attachment":[{"href":"https:\/\/www.strassenweb.de\/nachrichten\/wp-json\/wp\/v2\/media?parent=6872"}],"wp:term":[{"taxonomy":"category","embeddable":true,"href":"https:\/\/www.strassenweb.de\/nachrichten\/wp-json\/wp\/v2\/categories?post=6872"},{"taxonomy":"post_tag","embeddable":true,"href":"https:\/\/www.strassenweb.de\/nachrichten\/wp-json\/wp\/v2\/tags?post=6872"}],"curies":[{"name":"wp","href":"https:\/\/api.w.org\/{rel}","templated":true}]}}