{"id":6857,"date":"2025-08-11T04:57:25","date_gmt":"2025-08-11T02:57:25","guid":{"rendered":"https:\/\/www.strassenweb.de\/nachrichten\/das-schlafzimmer-in-koenigin-victoria-und-prince-alberts-haus-am-meer-ist-der-aesthetische-vorlaeufer-des-cutecore-trends-2025-diese-vielseitigen-raeume-werden-gebaut-um-freude-zu-feiern\/"},"modified":"2025-08-11T04:57:26","modified_gmt":"2025-08-11T02:57:26","slug":"das-schlafzimmer-in-koenigin-victoria-und-prince-alberts-haus-am-meer-ist-der-aesthetische-vorlaeufer-des-cutecore-trends-2025-diese-vielseitigen-raeume-werden-gebaut-um-freude-zu-feiern","status":"publish","type":"post","link":"https:\/\/www.strassenweb.de\/nachrichten\/das-schlafzimmer-in-koenigin-victoria-und-prince-alberts-haus-am-meer-ist-der-aesthetische-vorlaeufer-des-cutecore-trends-2025-diese-vielseitigen-raeume-werden-gebaut-um-freude-zu-feiern\/","title":{"rendered":"Das Schlafzimmer in K\u00f6nigin Victoria und Prince Alberts Haus am Meer ist der \u00e4sthetische Vorl\u00e4ufer des &#8218;Cutecore&#8216; -Trends 2025 &#8211; diese vielseitigen R\u00e4ume werden gebaut, um Freude zu feiern"},"content":{"rendered":"<p><\/p>\n<div id=\"article-body\" class=\"article__body \">\n<p id=\"6d15b38e-7d36-4d90-b488-33616b589afc\">K\u00f6nigin Victoria und Prinz Albert kauften und bauten ihr Haus am Meer, Osbourne House, auf der Isle of Wight im Jahr 1845, um den Wunsch der K\u00f6nigin nach einem \u201eOrt der eigenen &#8211; ruhig und im Ruhestand\u201c zu erf\u00fcllen. Das gem\u00fctliche, vielseitige und romantisch opulente Innenraum spiegelt diesen Imperativ wider; Sie sind voller allt\u00e4glicher Freude.<\/p>\n<div id=\"ad-unit-1\" class=\"ad-unit\"><\/div>\n<p>Das maximalistische Schlafzimmer von Victoria und Albert ist in R\u00fcschen und Quasten gepolstert, die in Pastellen und Blumen gebadet werden. Es ist zutiefst dekorativ, mit vergoldeten Rahmen und Kronenform, die die W\u00e4nde auskleiden. Die Teppiche sind rosa und gelb und vermitteln den Raum mit einem einladenden, deutlich weiblichen Gef\u00fchl.<\/p>\n<aside data-block-type=\"embed\" data-render-type=\"fte\" data-skip=\"dealsy\" data-widget-type=\"seasonal\" class=\"hawk-base\"><\/aside>\n<p id=\"6d15b38e-7d36-4d90-b488-33616b589afc-2\">Die romantische \u00c4sthetik von Orten wie Osbourne House in dieser Zeit war so auff\u00e4llig, dass sie das viktorianische Innenarchitektur definiert hat. Dieser Stil bevorzugt reichhaltige Farbpaletten, mutige Muster und Texturen, Verzierungen und kunstvoll geschnitzte M\u00f6bel.<\/p>\n<div class=\"van_vid_carousel\">\n<div class=\"van_vid_carousel__padding\">\n<div class=\"van_vid_carousel__container\"><\/div>\n<\/div>\n<\/div>\n<p>Moderne Versionen des Looks sind heute bei Dekoratoren immer noch beliebt, und die visuellen Impulse der viktorianischen Zeit sind weiterhin tief gef\u00fchlt.<\/p>\n<div id=\"ad-unit-2\" class=\"ad-unit\"><\/div>\n<figure class=\"van-image-figure inline-layout \" data-bordeaux-image-check id=\"381ba61b-7c3b-42b3-a55a-9662252159a8\">\n<div class=\"image-full-width-wrapper\">\n<div class=\"image-widthsetter\" style=\"max-width:2000px;\"><\/div>\n<\/div>\n<\/figure>\n<p id=\"c95b7a75-315e-4251-b94a-c9e002cbd2cc\">Zum Beispiel haben Trendexperten eine parallele Bewegung zu Victoria und Alberts Suche nach Flucht durch das Haus in ein Heiligtum ermittelt, das 2025 stattfindet. Neuere Studien zeigen, dass die Amerikaner mehr Zeit als je zuvor zu Hause verbringen, was zu einem zunehmenden Interesse an Nesteln in unseren Aboden f\u00fchrt.<\/p>\n<p>Diese Verschiebungen haben auch zu Ver\u00e4nderungen in der Dekoration unserer H\u00e4user gef\u00fchrt, wobei Hausbesitzer mehr Kokon-, beruhigende R\u00e4ume und weit entfernt von den scharfen Linien der 2010er Jahre zuwenden. Experten haben diesen Innenarchitekturstrend mit einem so s\u00fc\u00dfen Namen wie seiner \u00c4sthetik gepr\u00e4gt: Cutecore.<\/p>\n<p>Dayna Isom Johnson, Etsys Trendsxperte, erkl\u00e4rt: \u201eCutecore bedeutet eine breitere kulturelle Ver\u00e4nderung zu einer sichereren und s\u00fc\u00dferen Lebensweise. Obwohl wir die Welt um uns herum nicht kontrollieren k\u00f6nnen, k\u00f6nnen wir bessere M\u00f6glichkeiten schaffen, um damit umzugehen. Bei dieser Bewegung geht es darum, unser inneres Kind in allen Bereichen unseres Lebens, insbesondere in unseren H\u00e4usern, zu umarmen. &#8218;<\/p>\n<div id=\"slice-container-newsletterForm-articleInbodyContent-N8oS6vYvDbiWVYE2pMXzNc\" class=\"slice-container newsletter-inbodyContent-slice newsletterForm-articleInbodyContent-N8oS6vYvDbiWVYE2pMXzNc slice-container-newsletterForm\"><\/div>\n<h3 class=\"article-body__section\" id=\"section-shop-the-cutecore-look\"><span>Kaufen Sie den Cutecore -Look ein<\/span><\/h3>\n<div class=\"product-container hero-product-container product-block-no-wrap\">\n<div class=\"product-block-row\"><\/div>\n<div class=\"product-block-row\"><\/div>\n<div class=\"product-block-row\"><\/div>\n<\/div>\n<p id=\"f9bede0f-d1c9-4d09-990a-3770c8be97e8\">Sie f\u00e4hrt fort: \u201eWir sehen es \u00fcberall, von der Liebe zu Pastellinneren bis hin zu Menschen, die zu gem\u00fctlichen Hobbys wie Lesen zur\u00fcckkehren. Das Lesen im Mittelpunkt innerhalb des Innenraums ist mehr als ein Hobby. Es l\u00e4dt uns ein, gem\u00fctliche und einladende R\u00e4ume in unseren H\u00e4usern zu schaffen. Unsere H\u00e4user sind unsere Heiligt\u00fcmer, daher ist es kein Wunder, dass wir sie gem\u00fctlich und sicher f\u00fchlen wollen. &#8218;<\/p>\n<p>Wie Sie m\u00f6glicherweise aus der Erw\u00e4hnung von Pastellfarben bemerkt haben, gibt es viele der visuellen Eigenschaften von &#8222;Cute Core&#8220; -Motiven aus der viktorianischen Zeit, wie im Schlafzimmer im Osbourne House zu sehen ist.<\/p>\n<p>Dayna erkl\u00e4rt: \u201eF\u00fcr viele ist dies eine M\u00f6glichkeit, Nostalgie zu umarmen und sich vielleicht an eine einfachere Zeit zu erinnern. Von der Hinzuf\u00fcgen von Farbspritzern zu unseren H\u00e4usern \u00fcber die Begr\u00fc\u00dfung von Pl\u00fcsch- und Fuzzy -Texturen durch unsere weichen M\u00f6bel gibt es viele kleine Details, die wir machen k\u00f6nnen. &#8218;<\/p>\n<p>Dies ist leichter zu wiederholen, als Sie vielleicht denken. Dayna r\u00e4t: \u201eVon Cutecore geht es bei Cutecore, von der Integration niedlicher Bogenkissen bis hin zum Hinzuf\u00fcgen von gekr\u00e4useltem Bett, um Dinge zu umarmen, die Ihnen Freude bereiten. Bei Etsy haben sich der Verkauf f\u00fcr gekr\u00e4uselte Artikel, einschlie\u00dflich Vorh\u00e4nge, Decken und Kissen, verdoppelt, w\u00e4hrend die Coquette -B\u00f6gen um 500%gestiegen sind. In diesem Jahr spiegelt sich Cutecore auch in den trendigen Farben wider, die sich zu Rosa und Purpur oder Pastellpaletten neigen. &#8218;<\/p>\n<hr id=\"115a9dda-f718-4f4a-a5c6-6a2b61c4af63\">\n<p id=\"3d548395-7f43-4150-a5a9-50108bd1340f\">Fast alles Neue stammt von etwas \u00c4lterem, und der Morgend\u00e4mmerung von Cutecore ist nicht anders. Wenn Sie in die Vergangenheit schauen, k\u00f6nnen Sie eine optimale Inspiration beziehen, die Ihr Zuhause einzigartig ver\u00e4ndert.<\/p>\n<hr id=\"97475801-2439-475d-8beb-dee28312f208\">\n<\/div>\n","protected":false},"excerpt":{"rendered":"<p>K\u00f6nigin Victoria und Prinz Albert kauften und bauten ihr Haus am Meer, Osbourne House, auf der Isle of Wight im Jahr 1845, um den Wunsch<\/p>\n","protected":false},"author":1,"featured_media":6858,"comment_status":"closed","ping_status":"","sticky":false,"template":"","format":"standard","meta":{"footnotes":""},"categories":[118],"tags":[9298,9299,9301,112,81,281,143,3894,9302,7817,125,15,9296,4346,9297,1728,866,1733,37,515,3141,9300,27],"class_list":["post-6857","post","type-post","status-publish","format-standard","has-post-thumbnail","hentry","category-haus-garten","tag-alberts","tag-aesthetische","tag-cutecore","tag-das","tag-der","tag-des","tag-diese","tag-feiern","tag-freude","tag-gebaut","tag-haus","tag-ist","tag-koenigin","tag-meer","tag-prince","tag-raeume","tag-schlafzimmer","tag-trends","tag-und","tag-victoria","tag-vielseitigen","tag-vorlaeufer","tag-werden","generate-columns","tablet-grid-50","mobile-grid-100","grid-parent","grid-50"],"yoast_head":"<!-- This site is optimized with the Yoast SEO plugin v27.3 - https:\/\/yoast.com\/product\/yoast-seo-wordpress\/ -->\n<title>Das Schlafzimmer in K\u00f6nigin Victoria und Prince Alberts Haus am Meer ist der \u00e4sthetische Vorl\u00e4ufer des &#039;Cutecore&#039; -Trends 2025 - diese vielseitigen R\u00e4ume werden gebaut, um Freude zu feiern - Nachrichten - Stra\u00dfenweb<\/title>\n<meta name=\"robots\" content=\"index, follow, max-snippet:-1, max-image-preview:large, max-video-preview:-1\" \/>\n<link rel=\"canonical\" href=\"https:\/\/www.strassenweb.de\/nachrichten\/das-schlafzimmer-in-koenigin-victoria-und-prince-alberts-haus-am-meer-ist-der-aesthetische-vorlaeufer-des-cutecore-trends-2025-diese-vielseitigen-raeume-werden-gebaut-um-freude-zu-feiern\/\" \/>\n<meta property=\"og:locale\" content=\"de_DE\" \/>\n<meta property=\"og:type\" content=\"article\" \/>\n<meta property=\"og:title\" content=\"Das Schlafzimmer in K\u00f6nigin Victoria und Prince Alberts Haus am Meer ist der \u00e4sthetische Vorl\u00e4ufer des &#039;Cutecore&#039; -Trends 2025 - diese vielseitigen R\u00e4ume werden gebaut, um Freude zu feiern - Nachrichten - Stra\u00dfenweb\" \/>\n<meta property=\"og:description\" content=\"K\u00f6nigin Victoria und Prinz Albert kauften und bauten ihr Haus am Meer, Osbourne House, auf der Isle of Wight im Jahr 1845, um den Wunsch\" \/>\n<meta property=\"og:url\" content=\"https:\/\/www.strassenweb.de\/nachrichten\/das-schlafzimmer-in-koenigin-victoria-und-prince-alberts-haus-am-meer-ist-der-aesthetische-vorlaeufer-des-cutecore-trends-2025-diese-vielseitigen-raeume-werden-gebaut-um-freude-zu-feiern\/\" \/>\n<meta property=\"og:site_name\" content=\"Stra\u00dfenweb\" \/>\n<meta property=\"article:publisher\" content=\"https:\/\/www.facebook.com\/strassenweb\/\" \/>\n<meta property=\"article:published_time\" content=\"2025-08-11T02:57:25+00:00\" \/>\n<meta property=\"article:modified_time\" content=\"2025-08-11T02:57:26+00:00\" \/>\n<meta property=\"og:image\" content=\"https:\/\/www.strassenweb.de\/nachrichten\/wp-content\/uploads\/2025\/08\/Das-Schlafzimmer-in-Koenigin-Victoria-und-Prince-Alberts-Haus-am.jpg\" \/>\n\t<meta property=\"og:image:width\" content=\"1600\" \/>\n\t<meta property=\"og:image:height\" content=\"900\" \/>\n\t<meta property=\"og:image:type\" content=\"image\/jpeg\" \/>\n<meta name=\"author\" content=\"Robert Hoffmann\" \/>\n<meta name=\"twitter:card\" content=\"summary_large_image\" \/>\n<meta name=\"twitter:label1\" content=\"Verfasst von\" \/>\n\t<meta name=\"twitter:data1\" content=\"Robert Hoffmann\" \/>\n\t<meta name=\"twitter:label2\" content=\"Gesch\u00e4tzte Lesezeit\" \/>\n\t<meta name=\"twitter:data2\" content=\"3\u00a0Minuten\" \/>\n<script type=\"application\/ld+json\" class=\"yoast-schema-graph\">{\"@context\":\"https:\\\/\\\/schema.org\",\"@graph\":[{\"@type\":\"Article\",\"@id\":\"https:\\\/\\\/www.strassenweb.de\\\/nachrichten\\\/das-schlafzimmer-in-koenigin-victoria-und-prince-alberts-haus-am-meer-ist-der-aesthetische-vorlaeufer-des-cutecore-trends-2025-diese-vielseitigen-raeume-werden-gebaut-um-freude-zu-feiern\\\/#article\",\"isPartOf\":{\"@id\":\"https:\\\/\\\/www.strassenweb.de\\\/nachrichten\\\/das-schlafzimmer-in-koenigin-victoria-und-prince-alberts-haus-am-meer-ist-der-aesthetische-vorlaeufer-des-cutecore-trends-2025-diese-vielseitigen-raeume-werden-gebaut-um-freude-zu-feiern\\\/\"},\"author\":{\"name\":\"Robert Hoffmann\",\"@id\":\"https:\\\/\\\/www.strassenweb.de\\\/nachrichten\\\/#\\\/schema\\\/person\\\/87c9c9067f1211da429a744dc5a5aa41\"},\"headline\":\"Das Schlafzimmer in K\u00f6nigin Victoria und Prince Alberts Haus am Meer ist der \u00e4sthetische Vorl\u00e4ufer des &#8218;Cutecore&#8216; -Trends 2025 &#8211; diese vielseitigen R\u00e4ume werden gebaut, um Freude zu feiern\",\"datePublished\":\"2025-08-11T02:57:25+00:00\",\"dateModified\":\"2025-08-11T02:57:26+00:00\",\"mainEntityOfPage\":{\"@id\":\"https:\\\/\\\/www.strassenweb.de\\\/nachrichten\\\/das-schlafzimmer-in-koenigin-victoria-und-prince-alberts-haus-am-meer-ist-der-aesthetische-vorlaeufer-des-cutecore-trends-2025-diese-vielseitigen-raeume-werden-gebaut-um-freude-zu-feiern\\\/\"},\"wordCount\":663,\"publisher\":{\"@id\":\"https:\\\/\\\/www.strassenweb.de\\\/nachrichten\\\/#organization\"},\"image\":{\"@id\":\"https:\\\/\\\/www.strassenweb.de\\\/nachrichten\\\/das-schlafzimmer-in-koenigin-victoria-und-prince-alberts-haus-am-meer-ist-der-aesthetische-vorlaeufer-des-cutecore-trends-2025-diese-vielseitigen-raeume-werden-gebaut-um-freude-zu-feiern\\\/#primaryimage\"},\"thumbnailUrl\":\"https:\\\/\\\/www.strassenweb.de\\\/nachrichten\\\/wp-content\\\/uploads\\\/2025\\\/08\\\/Das-Schlafzimmer-in-Koenigin-Victoria-und-Prince-Alberts-Haus-am.jpg\",\"keywords\":[\"Alberts\",\"\u00e4sthetische\",\"Cutecore\",\"das\",\"der\",\"des\",\"diese\",\"feiern\",\"Freude\",\"gebaut\",\"Haus\",\"ist\",\"K\u00f6nigin\",\"Meer\",\"Prince\",\"R\u00e4ume\",\"Schlafzimmer\",\"Trends\",\"und\",\"Victoria\",\"vielseitigen\",\"Vorl\u00e4ufer\",\"werden\"],\"articleSection\":[\"Haus &amp; Garten\"],\"inLanguage\":\"de\"},{\"@type\":\"WebPage\",\"@id\":\"https:\\\/\\\/www.strassenweb.de\\\/nachrichten\\\/das-schlafzimmer-in-koenigin-victoria-und-prince-alberts-haus-am-meer-ist-der-aesthetische-vorlaeufer-des-cutecore-trends-2025-diese-vielseitigen-raeume-werden-gebaut-um-freude-zu-feiern\\\/\",\"url\":\"https:\\\/\\\/www.strassenweb.de\\\/nachrichten\\\/das-schlafzimmer-in-koenigin-victoria-und-prince-alberts-haus-am-meer-ist-der-aesthetische-vorlaeufer-des-cutecore-trends-2025-diese-vielseitigen-raeume-werden-gebaut-um-freude-zu-feiern\\\/\",\"name\":\"Das Schlafzimmer in K\u00f6nigin Victoria und Prince Alberts Haus am Meer ist der \u00e4sthetische Vorl\u00e4ufer des 'Cutecore' -Trends 2025 - diese vielseitigen R\u00e4ume werden gebaut, um Freude zu feiern - Nachrichten - Stra\u00dfenweb\",\"isPartOf\":{\"@id\":\"https:\\\/\\\/www.strassenweb.de\\\/nachrichten\\\/#website\"},\"primaryImageOfPage\":{\"@id\":\"https:\\\/\\\/www.strassenweb.de\\\/nachrichten\\\/das-schlafzimmer-in-koenigin-victoria-und-prince-alberts-haus-am-meer-ist-der-aesthetische-vorlaeufer-des-cutecore-trends-2025-diese-vielseitigen-raeume-werden-gebaut-um-freude-zu-feiern\\\/#primaryimage\"},\"image\":{\"@id\":\"https:\\\/\\\/www.strassenweb.de\\\/nachrichten\\\/das-schlafzimmer-in-koenigin-victoria-und-prince-alberts-haus-am-meer-ist-der-aesthetische-vorlaeufer-des-cutecore-trends-2025-diese-vielseitigen-raeume-werden-gebaut-um-freude-zu-feiern\\\/#primaryimage\"},\"thumbnailUrl\":\"https:\\\/\\\/www.strassenweb.de\\\/nachrichten\\\/wp-content\\\/uploads\\\/2025\\\/08\\\/Das-Schlafzimmer-in-Koenigin-Victoria-und-Prince-Alberts-Haus-am.jpg\",\"datePublished\":\"2025-08-11T02:57:25+00:00\",\"dateModified\":\"2025-08-11T02:57:26+00:00\",\"breadcrumb\":{\"@id\":\"https:\\\/\\\/www.strassenweb.de\\\/nachrichten\\\/das-schlafzimmer-in-koenigin-victoria-und-prince-alberts-haus-am-meer-ist-der-aesthetische-vorlaeufer-des-cutecore-trends-2025-diese-vielseitigen-raeume-werden-gebaut-um-freude-zu-feiern\\\/#breadcrumb\"},\"inLanguage\":\"de\",\"potentialAction\":[{\"@type\":\"ReadAction\",\"target\":[\"https:\\\/\\\/www.strassenweb.de\\\/nachrichten\\\/das-schlafzimmer-in-koenigin-victoria-und-prince-alberts-haus-am-meer-ist-der-aesthetische-vorlaeufer-des-cutecore-trends-2025-diese-vielseitigen-raeume-werden-gebaut-um-freude-zu-feiern\\\/\"]}]},{\"@type\":\"ImageObject\",\"inLanguage\":\"de\",\"@id\":\"https:\\\/\\\/www.strassenweb.de\\\/nachrichten\\\/das-schlafzimmer-in-koenigin-victoria-und-prince-alberts-haus-am-meer-ist-der-aesthetische-vorlaeufer-des-cutecore-trends-2025-diese-vielseitigen-raeume-werden-gebaut-um-freude-zu-feiern\\\/#primaryimage\",\"url\":\"https:\\\/\\\/www.strassenweb.de\\\/nachrichten\\\/wp-content\\\/uploads\\\/2025\\\/08\\\/Das-Schlafzimmer-in-Koenigin-Victoria-und-Prince-Alberts-Haus-am.jpg\",\"contentUrl\":\"https:\\\/\\\/www.strassenweb.de\\\/nachrichten\\\/wp-content\\\/uploads\\\/2025\\\/08\\\/Das-Schlafzimmer-in-Koenigin-Victoria-und-Prince-Alberts-Haus-am.jpg\",\"width\":1600,\"height\":900,\"caption\":\"queen victoria&amp;#039;s home on the isle of wight\"},{\"@type\":\"BreadcrumbList\",\"@id\":\"https:\\\/\\\/www.strassenweb.de\\\/nachrichten\\\/das-schlafzimmer-in-koenigin-victoria-und-prince-alberts-haus-am-meer-ist-der-aesthetische-vorlaeufer-des-cutecore-trends-2025-diese-vielseitigen-raeume-werden-gebaut-um-freude-zu-feiern\\\/#breadcrumb\",\"itemListElement\":[{\"@type\":\"ListItem\",\"position\":1,\"name\":\"Home\",\"item\":\"https:\\\/\\\/www.strassenweb.de\\\/nachrichten\\\/\"},{\"@type\":\"ListItem\",\"position\":2,\"name\":\"Das Schlafzimmer in K\u00f6nigin Victoria und Prince Alberts Haus am Meer ist der \u00e4sthetische Vorl\u00e4ufer des &#8218;Cutecore&#8216; -Trends 2025 &#8211; diese vielseitigen R\u00e4ume werden gebaut, um Freude zu feiern\"}]},{\"@type\":\"WebSite\",\"@id\":\"https:\\\/\\\/www.strassenweb.de\\\/nachrichten\\\/#website\",\"url\":\"https:\\\/\\\/www.strassenweb.de\\\/nachrichten\\\/\",\"name\":\"Stra\u00dfenweb\",\"description\":\"Stra\u00dfenverzeichnis f\u00fcr Deutschland\",\"publisher\":{\"@id\":\"https:\\\/\\\/www.strassenweb.de\\\/nachrichten\\\/#organization\"},\"potentialAction\":[{\"@type\":\"SearchAction\",\"target\":{\"@type\":\"EntryPoint\",\"urlTemplate\":\"https:\\\/\\\/www.strassenweb.de\\\/nachrichten\\\/?s={search_term_string}\"},\"query-input\":{\"@type\":\"PropertyValueSpecification\",\"valueRequired\":true,\"valueName\":\"search_term_string\"}}],\"inLanguage\":\"de\"},{\"@type\":\"Organization\",\"@id\":\"https:\\\/\\\/www.strassenweb.de\\\/nachrichten\\\/#organization\",\"name\":\"Stra\u00dfenweb\",\"url\":\"https:\\\/\\\/www.strassenweb.de\\\/nachrichten\\\/\",\"logo\":{\"@type\":\"ImageObject\",\"inLanguage\":\"de\",\"@id\":\"https:\\\/\\\/www.strassenweb.de\\\/nachrichten\\\/#\\\/schema\\\/logo\\\/image\\\/\",\"url\":\"https:\\\/\\\/www.strassenweb.de\\\/nachrichten\\\/wp-content\\\/uploads\\\/2024\\\/09\\\/cropped-favicon.png\",\"contentUrl\":\"https:\\\/\\\/www.strassenweb.de\\\/nachrichten\\\/wp-content\\\/uploads\\\/2024\\\/09\\\/cropped-favicon.png\",\"width\":512,\"height\":512,\"caption\":\"Stra\u00dfenweb\"},\"image\":{\"@id\":\"https:\\\/\\\/www.strassenweb.de\\\/nachrichten\\\/#\\\/schema\\\/logo\\\/image\\\/\"},\"sameAs\":[\"https:\\\/\\\/www.facebook.com\\\/strassenweb\\\/\"]},{\"@type\":\"Person\",\"@id\":\"https:\\\/\\\/www.strassenweb.de\\\/nachrichten\\\/#\\\/schema\\\/person\\\/87c9c9067f1211da429a744dc5a5aa41\",\"name\":\"Robert Hoffmann\",\"image\":{\"@type\":\"ImageObject\",\"inLanguage\":\"de\",\"@id\":\"https:\\\/\\\/www.strassenweb.de\\\/nachrichten\\\/wp-content\\\/uploads\\\/2024\\\/09\\\/strassenweb-150x150.jpg\",\"url\":\"https:\\\/\\\/www.strassenweb.de\\\/nachrichten\\\/wp-content\\\/uploads\\\/2024\\\/09\\\/strassenweb-150x150.jpg\",\"contentUrl\":\"https:\\\/\\\/www.strassenweb.de\\\/nachrichten\\\/wp-content\\\/uploads\\\/2024\\\/09\\\/strassenweb-150x150.jpg\",\"caption\":\"Robert Hoffmann\"},\"description\":\"Ich hei\u00dfe Robert Hoffmann und ich bin ein leidenschaftlicher Verfechter von \u00d6kologie und Biodiversit\u00e4t. Seit meiner Kindheit in den W\u00e4ldern Bayerns f\u00fchle ich mich mit der Natur verbunden und bin entschlossen, sie zu sch\u00fctzen. Heute widme ich mein Leben der Sensibilisierung anderer f\u00fcr die Bedeutung des Umweltschutzes f\u00fcr zuk\u00fcnftige Generationen.\",\"sameAs\":[\"https:\\\/\\\/www.strassenweb.de\\\/\"]}]}<\/script>\n<!-- \/ Yoast SEO plugin. -->","yoast_head_json":{"title":"Das Schlafzimmer in K\u00f6nigin Victoria und Prince Alberts Haus am Meer ist der \u00e4sthetische Vorl\u00e4ufer des 'Cutecore' -Trends 2025 - diese vielseitigen R\u00e4ume werden gebaut, um Freude zu feiern - Nachrichten - Stra\u00dfenweb","robots":{"index":"index","follow":"follow","max-snippet":"max-snippet:-1","max-image-preview":"max-image-preview:large","max-video-preview":"max-video-preview:-1"},"canonical":"https:\/\/www.strassenweb.de\/nachrichten\/das-schlafzimmer-in-koenigin-victoria-und-prince-alberts-haus-am-meer-ist-der-aesthetische-vorlaeufer-des-cutecore-trends-2025-diese-vielseitigen-raeume-werden-gebaut-um-freude-zu-feiern\/","og_locale":"de_DE","og_type":"article","og_title":"Das Schlafzimmer in K\u00f6nigin Victoria und Prince Alberts Haus am Meer ist der \u00e4sthetische Vorl\u00e4ufer des 'Cutecore' -Trends 2025 - diese vielseitigen R\u00e4ume werden gebaut, um Freude zu feiern - Nachrichten - Stra\u00dfenweb","og_description":"K\u00f6nigin Victoria und Prinz Albert kauften und bauten ihr Haus am Meer, Osbourne House, auf der Isle of Wight im Jahr 1845, um den Wunsch","og_url":"https:\/\/www.strassenweb.de\/nachrichten\/das-schlafzimmer-in-koenigin-victoria-und-prince-alberts-haus-am-meer-ist-der-aesthetische-vorlaeufer-des-cutecore-trends-2025-diese-vielseitigen-raeume-werden-gebaut-um-freude-zu-feiern\/","og_site_name":"Stra\u00dfenweb","article_publisher":"https:\/\/www.facebook.com\/strassenweb\/","article_published_time":"2025-08-11T02:57:25+00:00","article_modified_time":"2025-08-11T02:57:26+00:00","og_image":[{"width":1600,"height":900,"url":"https:\/\/www.strassenweb.de\/nachrichten\/wp-content\/uploads\/2025\/08\/Das-Schlafzimmer-in-Koenigin-Victoria-und-Prince-Alberts-Haus-am.jpg","type":"image\/jpeg"}],"author":"Robert Hoffmann","twitter_card":"summary_large_image","twitter_misc":{"Verfasst von":"Robert Hoffmann","Gesch\u00e4tzte Lesezeit":"3\u00a0Minuten"},"schema":{"@context":"https:\/\/schema.org","@graph":[{"@type":"Article","@id":"https:\/\/www.strassenweb.de\/nachrichten\/das-schlafzimmer-in-koenigin-victoria-und-prince-alberts-haus-am-meer-ist-der-aesthetische-vorlaeufer-des-cutecore-trends-2025-diese-vielseitigen-raeume-werden-gebaut-um-freude-zu-feiern\/#article","isPartOf":{"@id":"https:\/\/www.strassenweb.de\/nachrichten\/das-schlafzimmer-in-koenigin-victoria-und-prince-alberts-haus-am-meer-ist-der-aesthetische-vorlaeufer-des-cutecore-trends-2025-diese-vielseitigen-raeume-werden-gebaut-um-freude-zu-feiern\/"},"author":{"name":"Robert Hoffmann","@id":"https:\/\/www.strassenweb.de\/nachrichten\/#\/schema\/person\/87c9c9067f1211da429a744dc5a5aa41"},"headline":"Das Schlafzimmer in K\u00f6nigin Victoria und Prince Alberts Haus am Meer ist der \u00e4sthetische Vorl\u00e4ufer des &#8218;Cutecore&#8216; -Trends 2025 &#8211; diese vielseitigen R\u00e4ume werden gebaut, um Freude zu feiern","datePublished":"2025-08-11T02:57:25+00:00","dateModified":"2025-08-11T02:57:26+00:00","mainEntityOfPage":{"@id":"https:\/\/www.strassenweb.de\/nachrichten\/das-schlafzimmer-in-koenigin-victoria-und-prince-alberts-haus-am-meer-ist-der-aesthetische-vorlaeufer-des-cutecore-trends-2025-diese-vielseitigen-raeume-werden-gebaut-um-freude-zu-feiern\/"},"wordCount":663,"publisher":{"@id":"https:\/\/www.strassenweb.de\/nachrichten\/#organization"},"image":{"@id":"https:\/\/www.strassenweb.de\/nachrichten\/das-schlafzimmer-in-koenigin-victoria-und-prince-alberts-haus-am-meer-ist-der-aesthetische-vorlaeufer-des-cutecore-trends-2025-diese-vielseitigen-raeume-werden-gebaut-um-freude-zu-feiern\/#primaryimage"},"thumbnailUrl":"https:\/\/www.strassenweb.de\/nachrichten\/wp-content\/uploads\/2025\/08\/Das-Schlafzimmer-in-Koenigin-Victoria-und-Prince-Alberts-Haus-am.jpg","keywords":["Alberts","\u00e4sthetische","Cutecore","das","der","des","diese","feiern","Freude","gebaut","Haus","ist","K\u00f6nigin","Meer","Prince","R\u00e4ume","Schlafzimmer","Trends","und","Victoria","vielseitigen","Vorl\u00e4ufer","werden"],"articleSection":["Haus &amp; Garten"],"inLanguage":"de"},{"@type":"WebPage","@id":"https:\/\/www.strassenweb.de\/nachrichten\/das-schlafzimmer-in-koenigin-victoria-und-prince-alberts-haus-am-meer-ist-der-aesthetische-vorlaeufer-des-cutecore-trends-2025-diese-vielseitigen-raeume-werden-gebaut-um-freude-zu-feiern\/","url":"https:\/\/www.strassenweb.de\/nachrichten\/das-schlafzimmer-in-koenigin-victoria-und-prince-alberts-haus-am-meer-ist-der-aesthetische-vorlaeufer-des-cutecore-trends-2025-diese-vielseitigen-raeume-werden-gebaut-um-freude-zu-feiern\/","name":"Das Schlafzimmer in K\u00f6nigin Victoria und Prince Alberts Haus am Meer ist der \u00e4sthetische Vorl\u00e4ufer des 'Cutecore' -Trends 2025 - diese vielseitigen R\u00e4ume werden gebaut, um Freude zu feiern - Nachrichten - Stra\u00dfenweb","isPartOf":{"@id":"https:\/\/www.strassenweb.de\/nachrichten\/#website"},"primaryImageOfPage":{"@id":"https:\/\/www.strassenweb.de\/nachrichten\/das-schlafzimmer-in-koenigin-victoria-und-prince-alberts-haus-am-meer-ist-der-aesthetische-vorlaeufer-des-cutecore-trends-2025-diese-vielseitigen-raeume-werden-gebaut-um-freude-zu-feiern\/#primaryimage"},"image":{"@id":"https:\/\/www.strassenweb.de\/nachrichten\/das-schlafzimmer-in-koenigin-victoria-und-prince-alberts-haus-am-meer-ist-der-aesthetische-vorlaeufer-des-cutecore-trends-2025-diese-vielseitigen-raeume-werden-gebaut-um-freude-zu-feiern\/#primaryimage"},"thumbnailUrl":"https:\/\/www.strassenweb.de\/nachrichten\/wp-content\/uploads\/2025\/08\/Das-Schlafzimmer-in-Koenigin-Victoria-und-Prince-Alberts-Haus-am.jpg","datePublished":"2025-08-11T02:57:25+00:00","dateModified":"2025-08-11T02:57:26+00:00","breadcrumb":{"@id":"https:\/\/www.strassenweb.de\/nachrichten\/das-schlafzimmer-in-koenigin-victoria-und-prince-alberts-haus-am-meer-ist-der-aesthetische-vorlaeufer-des-cutecore-trends-2025-diese-vielseitigen-raeume-werden-gebaut-um-freude-zu-feiern\/#breadcrumb"},"inLanguage":"de","potentialAction":[{"@type":"ReadAction","target":["https:\/\/www.strassenweb.de\/nachrichten\/das-schlafzimmer-in-koenigin-victoria-und-prince-alberts-haus-am-meer-ist-der-aesthetische-vorlaeufer-des-cutecore-trends-2025-diese-vielseitigen-raeume-werden-gebaut-um-freude-zu-feiern\/"]}]},{"@type":"ImageObject","inLanguage":"de","@id":"https:\/\/www.strassenweb.de\/nachrichten\/das-schlafzimmer-in-koenigin-victoria-und-prince-alberts-haus-am-meer-ist-der-aesthetische-vorlaeufer-des-cutecore-trends-2025-diese-vielseitigen-raeume-werden-gebaut-um-freude-zu-feiern\/#primaryimage","url":"https:\/\/www.strassenweb.de\/nachrichten\/wp-content\/uploads\/2025\/08\/Das-Schlafzimmer-in-Koenigin-Victoria-und-Prince-Alberts-Haus-am.jpg","contentUrl":"https:\/\/www.strassenweb.de\/nachrichten\/wp-content\/uploads\/2025\/08\/Das-Schlafzimmer-in-Koenigin-Victoria-und-Prince-Alberts-Haus-am.jpg","width":1600,"height":900,"caption":"queen victoria&amp;#039;s home on the isle of wight"},{"@type":"BreadcrumbList","@id":"https:\/\/www.strassenweb.de\/nachrichten\/das-schlafzimmer-in-koenigin-victoria-und-prince-alberts-haus-am-meer-ist-der-aesthetische-vorlaeufer-des-cutecore-trends-2025-diese-vielseitigen-raeume-werden-gebaut-um-freude-zu-feiern\/#breadcrumb","itemListElement":[{"@type":"ListItem","position":1,"name":"Home","item":"https:\/\/www.strassenweb.de\/nachrichten\/"},{"@type":"ListItem","position":2,"name":"Das Schlafzimmer in K\u00f6nigin Victoria und Prince Alberts Haus am Meer ist der \u00e4sthetische Vorl\u00e4ufer des &#8218;Cutecore&#8216; -Trends 2025 &#8211; diese vielseitigen R\u00e4ume werden gebaut, um Freude zu feiern"}]},{"@type":"WebSite","@id":"https:\/\/www.strassenweb.de\/nachrichten\/#website","url":"https:\/\/www.strassenweb.de\/nachrichten\/","name":"Stra\u00dfenweb","description":"Stra\u00dfenverzeichnis f\u00fcr Deutschland","publisher":{"@id":"https:\/\/www.strassenweb.de\/nachrichten\/#organization"},"potentialAction":[{"@type":"SearchAction","target":{"@type":"EntryPoint","urlTemplate":"https:\/\/www.strassenweb.de\/nachrichten\/?s={search_term_string}"},"query-input":{"@type":"PropertyValueSpecification","valueRequired":true,"valueName":"search_term_string"}}],"inLanguage":"de"},{"@type":"Organization","@id":"https:\/\/www.strassenweb.de\/nachrichten\/#organization","name":"Stra\u00dfenweb","url":"https:\/\/www.strassenweb.de\/nachrichten\/","logo":{"@type":"ImageObject","inLanguage":"de","@id":"https:\/\/www.strassenweb.de\/nachrichten\/#\/schema\/logo\/image\/","url":"https:\/\/www.strassenweb.de\/nachrichten\/wp-content\/uploads\/2024\/09\/cropped-favicon.png","contentUrl":"https:\/\/www.strassenweb.de\/nachrichten\/wp-content\/uploads\/2024\/09\/cropped-favicon.png","width":512,"height":512,"caption":"Stra\u00dfenweb"},"image":{"@id":"https:\/\/www.strassenweb.de\/nachrichten\/#\/schema\/logo\/image\/"},"sameAs":["https:\/\/www.facebook.com\/strassenweb\/"]},{"@type":"Person","@id":"https:\/\/www.strassenweb.de\/nachrichten\/#\/schema\/person\/87c9c9067f1211da429a744dc5a5aa41","name":"Robert Hoffmann","image":{"@type":"ImageObject","inLanguage":"de","@id":"https:\/\/www.strassenweb.de\/nachrichten\/wp-content\/uploads\/2024\/09\/strassenweb-150x150.jpg","url":"https:\/\/www.strassenweb.de\/nachrichten\/wp-content\/uploads\/2024\/09\/strassenweb-150x150.jpg","contentUrl":"https:\/\/www.strassenweb.de\/nachrichten\/wp-content\/uploads\/2024\/09\/strassenweb-150x150.jpg","caption":"Robert Hoffmann"},"description":"Ich hei\u00dfe Robert Hoffmann und ich bin ein leidenschaftlicher Verfechter von \u00d6kologie und Biodiversit\u00e4t. Seit meiner Kindheit in den W\u00e4ldern Bayerns f\u00fchle ich mich mit der Natur verbunden und bin entschlossen, sie zu sch\u00fctzen. Heute widme ich mein Leben der Sensibilisierung anderer f\u00fcr die Bedeutung des Umweltschutzes f\u00fcr zuk\u00fcnftige Generationen.","sameAs":["https:\/\/www.strassenweb.de\/"]}]}},"_links":{"self":[{"href":"https:\/\/www.strassenweb.de\/nachrichten\/wp-json\/wp\/v2\/posts\/6857","targetHints":{"allow":["GET"]}}],"collection":[{"href":"https:\/\/www.strassenweb.de\/nachrichten\/wp-json\/wp\/v2\/posts"}],"about":[{"href":"https:\/\/www.strassenweb.de\/nachrichten\/wp-json\/wp\/v2\/types\/post"}],"author":[{"embeddable":true,"href":"https:\/\/www.strassenweb.de\/nachrichten\/wp-json\/wp\/v2\/users\/1"}],"replies":[{"embeddable":true,"href":"https:\/\/www.strassenweb.de\/nachrichten\/wp-json\/wp\/v2\/comments?post=6857"}],"version-history":[{"count":0,"href":"https:\/\/www.strassenweb.de\/nachrichten\/wp-json\/wp\/v2\/posts\/6857\/revisions"}],"wp:featuredmedia":[{"embeddable":true,"href":"https:\/\/www.strassenweb.de\/nachrichten\/wp-json\/wp\/v2\/media\/6858"}],"wp:attachment":[{"href":"https:\/\/www.strassenweb.de\/nachrichten\/wp-json\/wp\/v2\/media?parent=6857"}],"wp:term":[{"taxonomy":"category","embeddable":true,"href":"https:\/\/www.strassenweb.de\/nachrichten\/wp-json\/wp\/v2\/categories?post=6857"},{"taxonomy":"post_tag","embeddable":true,"href":"https:\/\/www.strassenweb.de\/nachrichten\/wp-json\/wp\/v2\/tags?post=6857"}],"curies":[{"name":"wp","href":"https:\/\/api.w.org\/{rel}","templated":true}]}}