{"id":6852,"date":"2025-08-10T22:41:22","date_gmt":"2025-08-10T20:41:22","guid":{"rendered":"https:\/\/www.strassenweb.de\/nachrichten\/ina-garten-hat-mich-dazu-inspiriert-schraenke-abzubrechen-jetzt-doppelt-meine-taegliche-kueche-als-designaussagen\/"},"modified":"2025-08-10T22:41:23","modified_gmt":"2025-08-10T20:41:23","slug":"ina-garten-hat-mich-dazu-inspiriert-schraenke-abzubrechen-jetzt-doppelt-meine-taegliche-kueche-als-designaussagen","status":"publish","type":"post","link":"https:\/\/www.strassenweb.de\/nachrichten\/ina-garten-hat-mich-dazu-inspiriert-schraenke-abzubrechen-jetzt-doppelt-meine-taegliche-kueche-als-designaussagen\/","title":{"rendered":"Ina Garten hat mich dazu inspiriert, Schr\u00e4nke abzubrechen &#8211; jetzt doppelt meine t\u00e4gliche K\u00fcche als Designaussagen"},"content":{"rendered":"<p><\/p>\n<div id=\"article-body\" class=\"article__body \">\n<p id=\"a658b202-d3ab-4499-a37b-2ef7a77c0a0b\">Die geschlossene oder offene K\u00fcchenspeicherdebatte ist eine laufende und polarisierende. Um Ihre Gerichte und T\u00f6pfe auf einem offenen Regal zu zeigen oder sie hinter einer Schrankt\u00fcr fernzuhalten? Ina Garten spricht f\u00fcr die ersteren, wenn auch nicht ohne \u00dcberlegungen.<\/p>\n<div id=\"ad-unit-1\" class=\"ad-unit\"><\/div>\n<p>&#8222;Ich liebe es, in einer K\u00fcche mit sch\u00f6nen Dingen zu arbeiten, aber ich hasse alles, was rein dekorativ ist&#8220;, sagt sie in der Beschriftung eines k\u00fcrzlich durchgef\u00fchrten Instagram -Beitrags. &#8222;Wenn Sie Gerichte und Tabletts zeigen, die Sie tats\u00e4chlich verwenden und lieben, f\u00fchlt sich Ihre K\u00fcche einfach lebendig an.&#8220;<\/p>\n<aside data-block-type=\"embed\" data-render-type=\"fte\" data-skip=\"dealsy\" data-widget-type=\"seasonal\" class=\"hawk-base\"><\/aside>\n<p id=\"a658b202-d3ab-4499-a37b-2ef7a77c0a0b-2\">In der K\u00fcche von Barfoot Contessa eine Mischung aus Keramikkr\u00fcgen, Kupferpfannen, Kochb\u00fcchern, Silbertutern und Glascakestanden, die eine wundersch\u00f6ne Mischfunktion mit Dekor. Es gibt uns sicherlich einige Ideen f\u00fcr K\u00fcchenregale.<\/p>\n<div class=\"van_vid_carousel\">\n<div class=\"van_vid_carousel__padding\">\n<div class=\"van_vid_carousel__container\"><\/div>\n<\/div>\n<\/div>\n<div class=\"instagram-embed\" id=\"DMxehNzxV_o\">\n<blockquote class=\"instagram-media\" data-instgrm-captioned data-instgrm-version=\"6\" style=\"width:99.375%; width:-webkit-calc(100% - 2px); width:calc(100% - 2px);\">\n<p>Ein Beitrag, der von Ina Garten (@inagarten) geteilt wird<\/p>\n<p>Ein Foto von on <\/p>\n<\/blockquote>\n<\/div>\n<h3 class=\"article-body__section\" id=\"section-shop-the-look\"><span>Kaufen Sie den Look ein<\/span><\/h3>\n<div class=\"product-container hero-product-container product-block-no-wrap\">\n<div class=\"product-block-row\"><\/div>\n<div class=\"product-block-row\"><\/div>\n<div class=\"product-block-row\"><\/div>\n<\/div>\n<p id=\"a8404749-2d86-4836-8fd3-949c41202600\">Ina beschreibt ihre Tipps zur effektiven Dekoration der K\u00fcchenregale in der Beschriftung dieses Beitrags und wir machen uns Notizen. In erster Linie schl\u00e4gt sie vor, alte und neue Gegenst\u00e4nde zu mischen. Wir k\u00f6nnen dies in Aktion mit ihren Antiquit\u00e4tenuntertassen sehen, die neben Keramikplatten platziert sind. Die Mischung aus Materialien und Oberfl\u00e4chen ist visuell ansprechend und funktioniert besonders gut, wenn Ihre K\u00fcche traditionelle und zeitgen\u00f6ssische \u00c4sthetik in ihrem Design verschmilzt.<\/p>\n<div id=\"ad-unit-2\" class=\"ad-unit\"><\/div>\n<p>Dar\u00fcber hinaus r\u00e4t sie uns, die H\u00f6hen und Gr\u00f6\u00dfe von Gegenst\u00e4nden zu variieren. Dies schafft ein dynamisches Erscheinungsbild in einem Regal und beibeh\u00e4lt die Intrigen. Sie weist auch darauf hin, dass Sie eine gro\u00dfe Platte gegen die Wand des Regals lehnen k\u00f6nnen, um einen interessanten Hintergrund f\u00fcr den Bereich zu bieten.<\/p>\n<p>Sie zeigt uns auch, dass das Integrieren von B\u00fcchern als Dekor eine fantastische M\u00f6glichkeit ist, einem Regal Volumen zu verleihen, egal ob Sie sie horizontal oder vertikal stapeln.<\/p>\n<p>Schlie\u00dflich sagt Ina, dass es der richtige Weg ist, sich an eine kleine Farbpalette zu halten, um ein K\u00fcchenregal zu stylen. Wir k\u00f6nnen sehen, dass sie sich f\u00fcr Neutrale und Metallics entschieden hat, die Wunder in einem Holzregal wirken. Wir sind Teil einer nat\u00fcrlichen Palette, obwohl das Experimentieren mit ein paar mutigen Farben (insbesondere wenn Sie helle K\u00fcchengeschirr haben), ist eine gro\u00dfartige M\u00f6glichkeit, Ihr Regal mit etwas Lebendigkeit zu f\u00f6rdern.<\/p>\n<div id=\"slice-container-newsletterForm-articleInbodyContent-RtGGDQypE2SuNTGWEFe6Hc\" class=\"slice-container newsletter-inbodyContent-slice newsletterForm-articleInbodyContent-RtGGDQypE2SuNTGWEFe6Hc slice-container-newsletterForm\"><\/div>\n<div class=\"min-h-(270px) mb-4 viafoura-twig-component\" id=\"viafoura-engagement-starter-wrapper\" data-component-name=\"Elk:Embed:EngagementStarter\">\n<div class=\"viafoura\">\n<div>\n<vf-conversation-starter target=\"viafoura-comments\" title=\"Do you prefer open shelves in the kitchen?\" description=\"How do you style them?\" minimum-comment-count=\"1\"><br \/>\n<\/vf-conversation-starter>\n<\/div>\n<\/div>\n<\/div>\n<hr id=\"d0059b7f-4e4c-4d0e-9847-a5d8992c6ecb\">\n<div class=\"block\" id=\"articleTag\" data-component-name=\"PostArticleLinks\">\n<div class=\"border-b border-b-black border-solid py-2.5 text-black font-bold uppercase\">Themen<\/div>\n<nav class=\"py-2.5 flex gap-2.5 flex-wrap\" data-analytics-id=\"article-tag\">\n<p>Ina Garten<br \/>\n<\/nav>\n<\/div>\n<\/div>\n<p><script async src=\"\/\/www.instagram.com\/embed.js\"><\/script><\/p>\n","protected":false},"excerpt":{"rendered":"<p>Die geschlossene oder offene K\u00fcchenspeicherdebatte ist eine laufende und polarisierende. Um Ihre Gerichte und T\u00f6pfe auf einem offenen Regal zu zeigen oder sie hinter einer<\/p>\n","protected":false},"author":1,"featured_media":6146,"comment_status":"closed","ping_status":"","sticky":false,"template":"","format":"standard","meta":{"footnotes":""},"categories":[118],"tags":[9291,935,803,9292,6760,320,189,1429,1215,1272,468,1054,1122,278,9113],"class_list":["post-6852","post","type-post","status-publish","format-standard","has-post-thumbnail","hentry","category-haus-garten","tag-abzubrechen","tag-als","tag-dazu","tag-designaussagen","tag-doppelt","tag-garten","tag-hat","tag-ina","tag-inspiriert","tag-jetzt","tag-kueche","tag-meine","tag-mich","tag-schraenke","tag-taegliche","generate-columns","tablet-grid-50","mobile-grid-100","grid-parent","grid-50"],"yoast_head":"<!-- This site is optimized with the Yoast SEO plugin v27.3 - https:\/\/yoast.com\/product\/yoast-seo-wordpress\/ -->\n<title>Ina Garten hat mich dazu inspiriert, Schr\u00e4nke abzubrechen - jetzt doppelt meine t\u00e4gliche K\u00fcche als Designaussagen - Nachrichten - Stra\u00dfenweb<\/title>\n<meta name=\"robots\" content=\"index, follow, max-snippet:-1, max-image-preview:large, max-video-preview:-1\" \/>\n<link rel=\"canonical\" href=\"https:\/\/www.strassenweb.de\/nachrichten\/ina-garten-hat-mich-dazu-inspiriert-schraenke-abzubrechen-jetzt-doppelt-meine-taegliche-kueche-als-designaussagen\/\" \/>\n<meta property=\"og:locale\" content=\"de_DE\" \/>\n<meta property=\"og:type\" content=\"article\" \/>\n<meta property=\"og:title\" content=\"Ina Garten hat mich dazu inspiriert, Schr\u00e4nke abzubrechen - jetzt doppelt meine t\u00e4gliche K\u00fcche als Designaussagen - Nachrichten - Stra\u00dfenweb\" \/>\n<meta property=\"og:description\" content=\"Die geschlossene oder offene K\u00fcchenspeicherdebatte ist eine laufende und polarisierende. Um Ihre Gerichte und T\u00f6pfe auf einem offenen Regal zu zeigen oder sie hinter einer\" \/>\n<meta property=\"og:url\" content=\"https:\/\/www.strassenweb.de\/nachrichten\/ina-garten-hat-mich-dazu-inspiriert-schraenke-abzubrechen-jetzt-doppelt-meine-taegliche-kueche-als-designaussagen\/\" \/>\n<meta property=\"og:site_name\" content=\"Stra\u00dfenweb\" \/>\n<meta property=\"article:publisher\" content=\"https:\/\/www.facebook.com\/strassenweb\/\" \/>\n<meta property=\"article:published_time\" content=\"2025-08-10T20:41:22+00:00\" \/>\n<meta property=\"article:modified_time\" content=\"2025-08-10T20:41:23+00:00\" \/>\n<meta property=\"og:image\" content=\"https:\/\/www.strassenweb.de\/nachrichten\/wp-content\/uploads\/2025\/07\/Die-Bratpfanne-Ina-Garten-verwendet-in-ihrer-Hamptons-Kitchen-20.jpg\" \/>\n\t<meta property=\"og:image:width\" content=\"1600\" \/>\n\t<meta property=\"og:image:height\" content=\"900\" \/>\n\t<meta property=\"og:image:type\" content=\"image\/jpeg\" \/>\n<meta name=\"author\" content=\"Robert Hoffmann\" \/>\n<meta name=\"twitter:card\" content=\"summary_large_image\" \/>\n<meta name=\"twitter:label1\" content=\"Verfasst von\" \/>\n\t<meta name=\"twitter:data1\" content=\"Robert Hoffmann\" \/>\n\t<meta name=\"twitter:label2\" content=\"Gesch\u00e4tzte Lesezeit\" \/>\n\t<meta name=\"twitter:data2\" content=\"2\u00a0Minuten\" \/>\n<script type=\"application\/ld+json\" class=\"yoast-schema-graph\">{\"@context\":\"https:\\\/\\\/schema.org\",\"@graph\":[{\"@type\":\"Article\",\"@id\":\"https:\\\/\\\/www.strassenweb.de\\\/nachrichten\\\/ina-garten-hat-mich-dazu-inspiriert-schraenke-abzubrechen-jetzt-doppelt-meine-taegliche-kueche-als-designaussagen\\\/#article\",\"isPartOf\":{\"@id\":\"https:\\\/\\\/www.strassenweb.de\\\/nachrichten\\\/ina-garten-hat-mich-dazu-inspiriert-schraenke-abzubrechen-jetzt-doppelt-meine-taegliche-kueche-als-designaussagen\\\/\"},\"author\":{\"name\":\"Robert Hoffmann\",\"@id\":\"https:\\\/\\\/www.strassenweb.de\\\/nachrichten\\\/#\\\/schema\\\/person\\\/87c9c9067f1211da429a744dc5a5aa41\"},\"headline\":\"Ina Garten hat mich dazu inspiriert, Schr\u00e4nke abzubrechen &#8211; jetzt doppelt meine t\u00e4gliche K\u00fcche als Designaussagen\",\"datePublished\":\"2025-08-10T20:41:22+00:00\",\"dateModified\":\"2025-08-10T20:41:23+00:00\",\"mainEntityOfPage\":{\"@id\":\"https:\\\/\\\/www.strassenweb.de\\\/nachrichten\\\/ina-garten-hat-mich-dazu-inspiriert-schraenke-abzubrechen-jetzt-doppelt-meine-taegliche-kueche-als-designaussagen\\\/\"},\"wordCount\":418,\"publisher\":{\"@id\":\"https:\\\/\\\/www.strassenweb.de\\\/nachrichten\\\/#organization\"},\"image\":{\"@id\":\"https:\\\/\\\/www.strassenweb.de\\\/nachrichten\\\/ina-garten-hat-mich-dazu-inspiriert-schraenke-abzubrechen-jetzt-doppelt-meine-taegliche-kueche-als-designaussagen\\\/#primaryimage\"},\"thumbnailUrl\":\"https:\\\/\\\/www.strassenweb.de\\\/nachrichten\\\/wp-content\\\/uploads\\\/2025\\\/07\\\/Die-Bratpfanne-Ina-Garten-verwendet-in-ihrer-Hamptons-Kitchen-20.jpg\",\"keywords\":[\"abzubrechen\",\"als\",\"dazu\",\"Designaussagen\",\"doppelt\",\"Garten\",\"hat\",\"Ina\",\"inspiriert\",\"jetzt\",\"K\u00fcche\",\"meine\",\"mich\",\"Schr\u00e4nke\",\"t\u00e4gliche\"],\"articleSection\":[\"Haus &amp; Garten\"],\"inLanguage\":\"de\"},{\"@type\":\"WebPage\",\"@id\":\"https:\\\/\\\/www.strassenweb.de\\\/nachrichten\\\/ina-garten-hat-mich-dazu-inspiriert-schraenke-abzubrechen-jetzt-doppelt-meine-taegliche-kueche-als-designaussagen\\\/\",\"url\":\"https:\\\/\\\/www.strassenweb.de\\\/nachrichten\\\/ina-garten-hat-mich-dazu-inspiriert-schraenke-abzubrechen-jetzt-doppelt-meine-taegliche-kueche-als-designaussagen\\\/\",\"name\":\"Ina Garten hat mich dazu inspiriert, Schr\u00e4nke abzubrechen - jetzt doppelt meine t\u00e4gliche K\u00fcche als Designaussagen - Nachrichten - Stra\u00dfenweb\",\"isPartOf\":{\"@id\":\"https:\\\/\\\/www.strassenweb.de\\\/nachrichten\\\/#website\"},\"primaryImageOfPage\":{\"@id\":\"https:\\\/\\\/www.strassenweb.de\\\/nachrichten\\\/ina-garten-hat-mich-dazu-inspiriert-schraenke-abzubrechen-jetzt-doppelt-meine-taegliche-kueche-als-designaussagen\\\/#primaryimage\"},\"image\":{\"@id\":\"https:\\\/\\\/www.strassenweb.de\\\/nachrichten\\\/ina-garten-hat-mich-dazu-inspiriert-schraenke-abzubrechen-jetzt-doppelt-meine-taegliche-kueche-als-designaussagen\\\/#primaryimage\"},\"thumbnailUrl\":\"https:\\\/\\\/www.strassenweb.de\\\/nachrichten\\\/wp-content\\\/uploads\\\/2025\\\/07\\\/Die-Bratpfanne-Ina-Garten-verwendet-in-ihrer-Hamptons-Kitchen-20.jpg\",\"datePublished\":\"2025-08-10T20:41:22+00:00\",\"dateModified\":\"2025-08-10T20:41:23+00:00\",\"breadcrumb\":{\"@id\":\"https:\\\/\\\/www.strassenweb.de\\\/nachrichten\\\/ina-garten-hat-mich-dazu-inspiriert-schraenke-abzubrechen-jetzt-doppelt-meine-taegliche-kueche-als-designaussagen\\\/#breadcrumb\"},\"inLanguage\":\"de\",\"potentialAction\":[{\"@type\":\"ReadAction\",\"target\":[\"https:\\\/\\\/www.strassenweb.de\\\/nachrichten\\\/ina-garten-hat-mich-dazu-inspiriert-schraenke-abzubrechen-jetzt-doppelt-meine-taegliche-kueche-als-designaussagen\\\/\"]}]},{\"@type\":\"ImageObject\",\"inLanguage\":\"de\",\"@id\":\"https:\\\/\\\/www.strassenweb.de\\\/nachrichten\\\/ina-garten-hat-mich-dazu-inspiriert-schraenke-abzubrechen-jetzt-doppelt-meine-taegliche-kueche-als-designaussagen\\\/#primaryimage\",\"url\":\"https:\\\/\\\/www.strassenweb.de\\\/nachrichten\\\/wp-content\\\/uploads\\\/2025\\\/07\\\/Die-Bratpfanne-Ina-Garten-verwendet-in-ihrer-Hamptons-Kitchen-20.jpg\",\"contentUrl\":\"https:\\\/\\\/www.strassenweb.de\\\/nachrichten\\\/wp-content\\\/uploads\\\/2025\\\/07\\\/Die-Bratpfanne-Ina-Garten-verwendet-in-ihrer-Hamptons-Kitchen-20.jpg\",\"width\":1600,\"height\":900,\"caption\":\"Ina Garten\"},{\"@type\":\"BreadcrumbList\",\"@id\":\"https:\\\/\\\/www.strassenweb.de\\\/nachrichten\\\/ina-garten-hat-mich-dazu-inspiriert-schraenke-abzubrechen-jetzt-doppelt-meine-taegliche-kueche-als-designaussagen\\\/#breadcrumb\",\"itemListElement\":[{\"@type\":\"ListItem\",\"position\":1,\"name\":\"Home\",\"item\":\"https:\\\/\\\/www.strassenweb.de\\\/nachrichten\\\/\"},{\"@type\":\"ListItem\",\"position\":2,\"name\":\"Ina Garten hat mich dazu inspiriert, Schr\u00e4nke abzubrechen &#8211; jetzt doppelt meine t\u00e4gliche K\u00fcche als Designaussagen\"}]},{\"@type\":\"WebSite\",\"@id\":\"https:\\\/\\\/www.strassenweb.de\\\/nachrichten\\\/#website\",\"url\":\"https:\\\/\\\/www.strassenweb.de\\\/nachrichten\\\/\",\"name\":\"Stra\u00dfenweb\",\"description\":\"Stra\u00dfenverzeichnis f\u00fcr Deutschland\",\"publisher\":{\"@id\":\"https:\\\/\\\/www.strassenweb.de\\\/nachrichten\\\/#organization\"},\"potentialAction\":[{\"@type\":\"SearchAction\",\"target\":{\"@type\":\"EntryPoint\",\"urlTemplate\":\"https:\\\/\\\/www.strassenweb.de\\\/nachrichten\\\/?s={search_term_string}\"},\"query-input\":{\"@type\":\"PropertyValueSpecification\",\"valueRequired\":true,\"valueName\":\"search_term_string\"}}],\"inLanguage\":\"de\"},{\"@type\":\"Organization\",\"@id\":\"https:\\\/\\\/www.strassenweb.de\\\/nachrichten\\\/#organization\",\"name\":\"Stra\u00dfenweb\",\"url\":\"https:\\\/\\\/www.strassenweb.de\\\/nachrichten\\\/\",\"logo\":{\"@type\":\"ImageObject\",\"inLanguage\":\"de\",\"@id\":\"https:\\\/\\\/www.strassenweb.de\\\/nachrichten\\\/#\\\/schema\\\/logo\\\/image\\\/\",\"url\":\"https:\\\/\\\/www.strassenweb.de\\\/nachrichten\\\/wp-content\\\/uploads\\\/2024\\\/09\\\/cropped-favicon.png\",\"contentUrl\":\"https:\\\/\\\/www.strassenweb.de\\\/nachrichten\\\/wp-content\\\/uploads\\\/2024\\\/09\\\/cropped-favicon.png\",\"width\":512,\"height\":512,\"caption\":\"Stra\u00dfenweb\"},\"image\":{\"@id\":\"https:\\\/\\\/www.strassenweb.de\\\/nachrichten\\\/#\\\/schema\\\/logo\\\/image\\\/\"},\"sameAs\":[\"https:\\\/\\\/www.facebook.com\\\/strassenweb\\\/\"]},{\"@type\":\"Person\",\"@id\":\"https:\\\/\\\/www.strassenweb.de\\\/nachrichten\\\/#\\\/schema\\\/person\\\/87c9c9067f1211da429a744dc5a5aa41\",\"name\":\"Robert Hoffmann\",\"image\":{\"@type\":\"ImageObject\",\"inLanguage\":\"de\",\"@id\":\"https:\\\/\\\/www.strassenweb.de\\\/nachrichten\\\/wp-content\\\/uploads\\\/2024\\\/09\\\/strassenweb-150x150.jpg\",\"url\":\"https:\\\/\\\/www.strassenweb.de\\\/nachrichten\\\/wp-content\\\/uploads\\\/2024\\\/09\\\/strassenweb-150x150.jpg\",\"contentUrl\":\"https:\\\/\\\/www.strassenweb.de\\\/nachrichten\\\/wp-content\\\/uploads\\\/2024\\\/09\\\/strassenweb-150x150.jpg\",\"caption\":\"Robert Hoffmann\"},\"description\":\"Ich hei\u00dfe Robert Hoffmann und ich bin ein leidenschaftlicher Verfechter von \u00d6kologie und Biodiversit\u00e4t. Seit meiner Kindheit in den W\u00e4ldern Bayerns f\u00fchle ich mich mit der Natur verbunden und bin entschlossen, sie zu sch\u00fctzen. Heute widme ich mein Leben der Sensibilisierung anderer f\u00fcr die Bedeutung des Umweltschutzes f\u00fcr zuk\u00fcnftige Generationen.\",\"sameAs\":[\"https:\\\/\\\/www.strassenweb.de\\\/\"]}]}<\/script>\n<!-- \/ Yoast SEO plugin. -->","yoast_head_json":{"title":"Ina Garten hat mich dazu inspiriert, Schr\u00e4nke abzubrechen - jetzt doppelt meine t\u00e4gliche K\u00fcche als Designaussagen - Nachrichten - Stra\u00dfenweb","robots":{"index":"index","follow":"follow","max-snippet":"max-snippet:-1","max-image-preview":"max-image-preview:large","max-video-preview":"max-video-preview:-1"},"canonical":"https:\/\/www.strassenweb.de\/nachrichten\/ina-garten-hat-mich-dazu-inspiriert-schraenke-abzubrechen-jetzt-doppelt-meine-taegliche-kueche-als-designaussagen\/","og_locale":"de_DE","og_type":"article","og_title":"Ina Garten hat mich dazu inspiriert, Schr\u00e4nke abzubrechen - jetzt doppelt meine t\u00e4gliche K\u00fcche als Designaussagen - Nachrichten - Stra\u00dfenweb","og_description":"Die geschlossene oder offene K\u00fcchenspeicherdebatte ist eine laufende und polarisierende. Um Ihre Gerichte und T\u00f6pfe auf einem offenen Regal zu zeigen oder sie hinter einer","og_url":"https:\/\/www.strassenweb.de\/nachrichten\/ina-garten-hat-mich-dazu-inspiriert-schraenke-abzubrechen-jetzt-doppelt-meine-taegliche-kueche-als-designaussagen\/","og_site_name":"Stra\u00dfenweb","article_publisher":"https:\/\/www.facebook.com\/strassenweb\/","article_published_time":"2025-08-10T20:41:22+00:00","article_modified_time":"2025-08-10T20:41:23+00:00","og_image":[{"width":1600,"height":900,"url":"https:\/\/www.strassenweb.de\/nachrichten\/wp-content\/uploads\/2025\/07\/Die-Bratpfanne-Ina-Garten-verwendet-in-ihrer-Hamptons-Kitchen-20.jpg","type":"image\/jpeg"}],"author":"Robert Hoffmann","twitter_card":"summary_large_image","twitter_misc":{"Verfasst von":"Robert Hoffmann","Gesch\u00e4tzte Lesezeit":"2\u00a0Minuten"},"schema":{"@context":"https:\/\/schema.org","@graph":[{"@type":"Article","@id":"https:\/\/www.strassenweb.de\/nachrichten\/ina-garten-hat-mich-dazu-inspiriert-schraenke-abzubrechen-jetzt-doppelt-meine-taegliche-kueche-als-designaussagen\/#article","isPartOf":{"@id":"https:\/\/www.strassenweb.de\/nachrichten\/ina-garten-hat-mich-dazu-inspiriert-schraenke-abzubrechen-jetzt-doppelt-meine-taegliche-kueche-als-designaussagen\/"},"author":{"name":"Robert Hoffmann","@id":"https:\/\/www.strassenweb.de\/nachrichten\/#\/schema\/person\/87c9c9067f1211da429a744dc5a5aa41"},"headline":"Ina Garten hat mich dazu inspiriert, Schr\u00e4nke abzubrechen &#8211; jetzt doppelt meine t\u00e4gliche K\u00fcche als Designaussagen","datePublished":"2025-08-10T20:41:22+00:00","dateModified":"2025-08-10T20:41:23+00:00","mainEntityOfPage":{"@id":"https:\/\/www.strassenweb.de\/nachrichten\/ina-garten-hat-mich-dazu-inspiriert-schraenke-abzubrechen-jetzt-doppelt-meine-taegliche-kueche-als-designaussagen\/"},"wordCount":418,"publisher":{"@id":"https:\/\/www.strassenweb.de\/nachrichten\/#organization"},"image":{"@id":"https:\/\/www.strassenweb.de\/nachrichten\/ina-garten-hat-mich-dazu-inspiriert-schraenke-abzubrechen-jetzt-doppelt-meine-taegliche-kueche-als-designaussagen\/#primaryimage"},"thumbnailUrl":"https:\/\/www.strassenweb.de\/nachrichten\/wp-content\/uploads\/2025\/07\/Die-Bratpfanne-Ina-Garten-verwendet-in-ihrer-Hamptons-Kitchen-20.jpg","keywords":["abzubrechen","als","dazu","Designaussagen","doppelt","Garten","hat","Ina","inspiriert","jetzt","K\u00fcche","meine","mich","Schr\u00e4nke","t\u00e4gliche"],"articleSection":["Haus &amp; Garten"],"inLanguage":"de"},{"@type":"WebPage","@id":"https:\/\/www.strassenweb.de\/nachrichten\/ina-garten-hat-mich-dazu-inspiriert-schraenke-abzubrechen-jetzt-doppelt-meine-taegliche-kueche-als-designaussagen\/","url":"https:\/\/www.strassenweb.de\/nachrichten\/ina-garten-hat-mich-dazu-inspiriert-schraenke-abzubrechen-jetzt-doppelt-meine-taegliche-kueche-als-designaussagen\/","name":"Ina Garten hat mich dazu inspiriert, Schr\u00e4nke abzubrechen - jetzt doppelt meine t\u00e4gliche K\u00fcche als Designaussagen - Nachrichten - Stra\u00dfenweb","isPartOf":{"@id":"https:\/\/www.strassenweb.de\/nachrichten\/#website"},"primaryImageOfPage":{"@id":"https:\/\/www.strassenweb.de\/nachrichten\/ina-garten-hat-mich-dazu-inspiriert-schraenke-abzubrechen-jetzt-doppelt-meine-taegliche-kueche-als-designaussagen\/#primaryimage"},"image":{"@id":"https:\/\/www.strassenweb.de\/nachrichten\/ina-garten-hat-mich-dazu-inspiriert-schraenke-abzubrechen-jetzt-doppelt-meine-taegliche-kueche-als-designaussagen\/#primaryimage"},"thumbnailUrl":"https:\/\/www.strassenweb.de\/nachrichten\/wp-content\/uploads\/2025\/07\/Die-Bratpfanne-Ina-Garten-verwendet-in-ihrer-Hamptons-Kitchen-20.jpg","datePublished":"2025-08-10T20:41:22+00:00","dateModified":"2025-08-10T20:41:23+00:00","breadcrumb":{"@id":"https:\/\/www.strassenweb.de\/nachrichten\/ina-garten-hat-mich-dazu-inspiriert-schraenke-abzubrechen-jetzt-doppelt-meine-taegliche-kueche-als-designaussagen\/#breadcrumb"},"inLanguage":"de","potentialAction":[{"@type":"ReadAction","target":["https:\/\/www.strassenweb.de\/nachrichten\/ina-garten-hat-mich-dazu-inspiriert-schraenke-abzubrechen-jetzt-doppelt-meine-taegliche-kueche-als-designaussagen\/"]}]},{"@type":"ImageObject","inLanguage":"de","@id":"https:\/\/www.strassenweb.de\/nachrichten\/ina-garten-hat-mich-dazu-inspiriert-schraenke-abzubrechen-jetzt-doppelt-meine-taegliche-kueche-als-designaussagen\/#primaryimage","url":"https:\/\/www.strassenweb.de\/nachrichten\/wp-content\/uploads\/2025\/07\/Die-Bratpfanne-Ina-Garten-verwendet-in-ihrer-Hamptons-Kitchen-20.jpg","contentUrl":"https:\/\/www.strassenweb.de\/nachrichten\/wp-content\/uploads\/2025\/07\/Die-Bratpfanne-Ina-Garten-verwendet-in-ihrer-Hamptons-Kitchen-20.jpg","width":1600,"height":900,"caption":"Ina Garten"},{"@type":"BreadcrumbList","@id":"https:\/\/www.strassenweb.de\/nachrichten\/ina-garten-hat-mich-dazu-inspiriert-schraenke-abzubrechen-jetzt-doppelt-meine-taegliche-kueche-als-designaussagen\/#breadcrumb","itemListElement":[{"@type":"ListItem","position":1,"name":"Home","item":"https:\/\/www.strassenweb.de\/nachrichten\/"},{"@type":"ListItem","position":2,"name":"Ina Garten hat mich dazu inspiriert, Schr\u00e4nke abzubrechen &#8211; jetzt doppelt meine t\u00e4gliche K\u00fcche als Designaussagen"}]},{"@type":"WebSite","@id":"https:\/\/www.strassenweb.de\/nachrichten\/#website","url":"https:\/\/www.strassenweb.de\/nachrichten\/","name":"Stra\u00dfenweb","description":"Stra\u00dfenverzeichnis f\u00fcr Deutschland","publisher":{"@id":"https:\/\/www.strassenweb.de\/nachrichten\/#organization"},"potentialAction":[{"@type":"SearchAction","target":{"@type":"EntryPoint","urlTemplate":"https:\/\/www.strassenweb.de\/nachrichten\/?s={search_term_string}"},"query-input":{"@type":"PropertyValueSpecification","valueRequired":true,"valueName":"search_term_string"}}],"inLanguage":"de"},{"@type":"Organization","@id":"https:\/\/www.strassenweb.de\/nachrichten\/#organization","name":"Stra\u00dfenweb","url":"https:\/\/www.strassenweb.de\/nachrichten\/","logo":{"@type":"ImageObject","inLanguage":"de","@id":"https:\/\/www.strassenweb.de\/nachrichten\/#\/schema\/logo\/image\/","url":"https:\/\/www.strassenweb.de\/nachrichten\/wp-content\/uploads\/2024\/09\/cropped-favicon.png","contentUrl":"https:\/\/www.strassenweb.de\/nachrichten\/wp-content\/uploads\/2024\/09\/cropped-favicon.png","width":512,"height":512,"caption":"Stra\u00dfenweb"},"image":{"@id":"https:\/\/www.strassenweb.de\/nachrichten\/#\/schema\/logo\/image\/"},"sameAs":["https:\/\/www.facebook.com\/strassenweb\/"]},{"@type":"Person","@id":"https:\/\/www.strassenweb.de\/nachrichten\/#\/schema\/person\/87c9c9067f1211da429a744dc5a5aa41","name":"Robert Hoffmann","image":{"@type":"ImageObject","inLanguage":"de","@id":"https:\/\/www.strassenweb.de\/nachrichten\/wp-content\/uploads\/2024\/09\/strassenweb-150x150.jpg","url":"https:\/\/www.strassenweb.de\/nachrichten\/wp-content\/uploads\/2024\/09\/strassenweb-150x150.jpg","contentUrl":"https:\/\/www.strassenweb.de\/nachrichten\/wp-content\/uploads\/2024\/09\/strassenweb-150x150.jpg","caption":"Robert Hoffmann"},"description":"Ich hei\u00dfe Robert Hoffmann und ich bin ein leidenschaftlicher Verfechter von \u00d6kologie und Biodiversit\u00e4t. Seit meiner Kindheit in den W\u00e4ldern Bayerns f\u00fchle ich mich mit der Natur verbunden und bin entschlossen, sie zu sch\u00fctzen. Heute widme ich mein Leben der Sensibilisierung anderer f\u00fcr die Bedeutung des Umweltschutzes f\u00fcr zuk\u00fcnftige Generationen.","sameAs":["https:\/\/www.strassenweb.de\/"]}]}},"_links":{"self":[{"href":"https:\/\/www.strassenweb.de\/nachrichten\/wp-json\/wp\/v2\/posts\/6852","targetHints":{"allow":["GET"]}}],"collection":[{"href":"https:\/\/www.strassenweb.de\/nachrichten\/wp-json\/wp\/v2\/posts"}],"about":[{"href":"https:\/\/www.strassenweb.de\/nachrichten\/wp-json\/wp\/v2\/types\/post"}],"author":[{"embeddable":true,"href":"https:\/\/www.strassenweb.de\/nachrichten\/wp-json\/wp\/v2\/users\/1"}],"replies":[{"embeddable":true,"href":"https:\/\/www.strassenweb.de\/nachrichten\/wp-json\/wp\/v2\/comments?post=6852"}],"version-history":[{"count":0,"href":"https:\/\/www.strassenweb.de\/nachrichten\/wp-json\/wp\/v2\/posts\/6852\/revisions"}],"wp:featuredmedia":[{"embeddable":true,"href":"https:\/\/www.strassenweb.de\/nachrichten\/wp-json\/wp\/v2\/media\/6146"}],"wp:attachment":[{"href":"https:\/\/www.strassenweb.de\/nachrichten\/wp-json\/wp\/v2\/media?parent=6852"}],"wp:term":[{"taxonomy":"category","embeddable":true,"href":"https:\/\/www.strassenweb.de\/nachrichten\/wp-json\/wp\/v2\/categories?post=6852"},{"taxonomy":"post_tag","embeddable":true,"href":"https:\/\/www.strassenweb.de\/nachrichten\/wp-json\/wp\/v2\/tags?post=6852"}],"curies":[{"name":"wp","href":"https:\/\/api.w.org\/{rel}","templated":true}]}}