{"id":6816,"date":"2025-08-09T10:40:41","date_gmt":"2025-08-09T08:40:41","guid":{"rendered":"https:\/\/www.strassenweb.de\/nachrichten\/ich-war-so-gespannt-darauf-dass-die-icon-tassen-bei-anthropologie-fallen-und-die-neueste-besessenheit-des-internets-ist-endlich-da\/"},"modified":"2025-08-09T10:40:42","modified_gmt":"2025-08-09T08:40:42","slug":"ich-war-so-gespannt-darauf-dass-die-icon-tassen-bei-anthropologie-fallen-und-die-neueste-besessenheit-des-internets-ist-endlich-da","status":"publish","type":"post","link":"https:\/\/www.strassenweb.de\/nachrichten\/ich-war-so-gespannt-darauf-dass-die-icon-tassen-bei-anthropologie-fallen-und-die-neueste-besessenheit-des-internets-ist-endlich-da\/","title":{"rendered":"Ich war so gespannt darauf, dass die Icon -Tassen bei Anthropologie fallen &#8211; und die neueste Besessenheit des Internets ist endlich da"},"content":{"rendered":"<p><\/p>\n<div id=\"article-body\" class=\"article__body \">\n<p id=\"6c30aa37-ceae-4337-a40e-a4701af9cd0d\">Egal, ob ich mir einen neuen HomeWive -Shop ansehen oder nur meine Lieblingsmarken online st\u00f6bere, die Suche nach den besten Kaffeetassen wird mir immer Freude bereiten &#8211; deshalb bin ich so erfreut \u00fcber die neuen Anthropologie -Ikon -Tassen.<\/p>\n<div id=\"ad-unit-1\" class=\"ad-unit\"><\/div>\n<p>Ich bin ein gro\u00dfer Fan der Virus-Ikonen-Brille, \u00fcber die unser Stil- und Trend-Redakteur Charlotte Olby geschrieben hat, aber da sie nur f\u00fcr kalte Getr\u00e4nke geeignet sind, habe ich geduldig auf eine hitzebest\u00e4ndige Version gewartet, und mein Wunsch hat endlich wahr geworden. Anthropologie&#8217;s Icon Glass Bugs sind jetzt in 7 verschiedenen Stilen erh\u00e4ltlich, und jeweils nur 16,99 US -Dollar wei\u00df ich, dass sie schnell von eifrigen K\u00e4ufern wie mir aufgenommen werden.<\/p>\n<figure class=\"van-image-figure inline-layout \" data-bordeaux-image-check id=\"b6f5ef4d-7c09-46b3-870d-8d3b07a39296\">\n<div class=\"image-full-width-wrapper\">\n<div class=\"image-widthsetter\" style=\"max-width:2000px;\"><\/div>\n<\/div>\n<\/figure>\n<p id=\"c4c53c30-1753-4b15-ac73-0611791ef756\">&#8222;Wenn Sie jemals ein hei\u00dfes Getr\u00e4nk in Ihrer urspr\u00fcnglichen Symbolbrille ausprobiert haben, kennen Sie das Ergebnis &#8211; tun Sie es nicht!&#8220; warnt Hebe Hatton, unser Leiter des Innenraums. \u201eSie sind nicht hitzebest und behauptet nie, es zu sein. Aber diese neuen ikonischen Tassen sind das, worauf wir alle gewartet haben. Die gleichen niedlichen Designs in hitziger Becherform, perfekt zum Herbst. &#8218;<\/p>\n<div class=\"van_vid_carousel\">\n<div class=\"van_vid_carousel__padding\">\n<div class=\"van_vid_carousel__container\"><\/div>\n<\/div>\n<\/div>\n<p>Die Tassen werden aus handgefertigtem Glas hergestellt und dann von Hand mit den typischen Perlenglas-Ikonen gepresst. Sie sind zart, aber langlebig genug f\u00fcr hei\u00dfe Getr\u00e4nke &#8211; und ich wei\u00df, dass sie direkt neben meiner Icon -Saft -Brille zu Hause aussehen werden. (Ich habe mich gerade mit der Icon -Brille der Konfetti Edition verw\u00f6hnt).<\/p>\n<div id=\"ad-unit-2\" class=\"ad-unit\"><\/div>\n<figure class=\"van-image-figure inline-layout \" data-bordeaux-image-check id=\"df557573-d3f3-486f-aee5-272683e83d79\">\n<div class=\"image-full-width-wrapper\">\n<div class=\"image-widthsetter\" style=\"max-width:2000px;\"><\/div>\n<\/div>\n<\/figure>\n<p id=\"ec1e885b-5c02-4d90-82f9-ee89d7a93db1\">Was ich an dieser Sammlung liebe, ist die Vielseitigkeit. Das K\u00fcrbis -Design ist perfekt f\u00fcr mein Halloween -Tischdekor (erg\u00e4nzt mit Anthropologie&#8217;s Halloween Bistro Tile Collection), aber Sie k\u00f6nnen sich dank der Auswahl der angebotenen Ikonen mit dem Wunsch Ihres Herzens mischen und \u00fcbereinstimmen.<\/p>\n<aside data-block-type=\"embed\" data-render-type=\"fte\" data-skip=\"dealsy\" data-widget-type=\"seasonal\" class=\"hawk-base\"><\/aside>\n<p id=\"ec1e885b-5c02-4d90-82f9-ee89d7a93db1-1\">Unter den Becheroptionen finden Sie einige entz\u00fcckende Fruchtdesigns. Ich bin ein Fan der Kirschen und der Sonnenschein-Zitrone, die perfekt f\u00fcr farbenfrohe Kr\u00e4utertees geeignet sind. Die Kollektion wird von einem komplizierten Hummelabdruck abgerundet, einem lebendigeren b\u00f6sen Auge und schlie\u00dflich dem K\u00fcrbis, den ich zuvor erw\u00e4hnt habe.<\/p>\n<p>Ich benutze den Sommer zwischen dem Trend als Ausrede, um mich vor dem K\u00fcrbisendesign mit dem K\u00fcrbis -Design zu versorgen (da ich sicher bin, dass sie bis dahin ausverkauft sind) &#8211; und es ist perfekt f\u00fcr meine Rezepte f\u00fcr DIY -K\u00fcrbis -Spice Latte, bis ich meine L\u00f6sung in meinem \u00f6rtlichen Caf\u00e9 bekommen kann.<\/p>\n<div id=\"slice-container-newsletterForm-articleInbodyContent-kar8Np2NZWYAPg3Ygp7vxE\" class=\"slice-container newsletter-inbodyContent-slice newsletterForm-articleInbodyContent-kar8Np2NZWYAPg3Ygp7vxE slice-container-newsletterForm\"><\/div>\n<h2 id=\"shop-the-anthropologie-icon-mugs-3\">Kaufen Sie die Anthropologie -Ikon -Tassen ein<\/h2>\n<div class=\"product-container hero-product-container product-block-no-wrap\">\n<div class=\"product-block-row\"><\/div>\n<div class=\"product-block-row\"><\/div>\n<div class=\"product-block-row\"><\/div>\n<\/div>\n<hr id=\"d4a30cfa-b974-4ff4-b0e3-750255538a21\">\n<p id=\"4bf747a7-431d-4cab-a74c-84f18cf723df\">Diese atemberaubenden Tassen w\u00fcrden es sicherlich auf meine Liste der Kaffeebar -Wesentliche schaffen &#8211; ich muss nur zuerst in die beste Kaffeemaschine investieren.<\/p>\n<\/div>\n","protected":false},"excerpt":{"rendered":"<p>Egal, ob ich mir einen neuen HomeWive -Shop ansehen oder nur meine Lieblingsmarken online st\u00f6bere, die Suche nach den besten Kaffeetassen wird mir immer Freude<\/p>\n","protected":false},"author":1,"featured_media":6817,"comment_status":"closed","ping_status":"","sticky":false,"template":"","format":"standard","meta":{"footnotes":""},"categories":[118],"tags":[5039,152,8049,2362,51,281,9,1553,1806,9241,129,9242,9244,15,1568,9243,37,1495],"class_list":["post-6816","post","type-post","status-publish","format-standard","has-post-thumbnail","hentry","category-haus-garten","tag-anthropologie","tag-bei","tag-besessenheit","tag-darauf","tag-dass","tag-des","tag-die","tag-endlich","tag-fallen","tag-gespannt","tag-ich","tag-icon","tag-internets","tag-ist","tag-neueste","tag-tassen","tag-und","tag-war","generate-columns","tablet-grid-50","mobile-grid-100","grid-parent","grid-50"],"yoast_head":"<!-- This site is optimized with the Yoast SEO plugin v27.3 - https:\/\/yoast.com\/product\/yoast-seo-wordpress\/ -->\n<title>Ich war so gespannt darauf, dass die Icon -Tassen bei Anthropologie fallen - und die neueste Besessenheit des Internets ist endlich da - Nachrichten - Stra\u00dfenweb<\/title>\n<meta name=\"robots\" content=\"index, follow, max-snippet:-1, max-image-preview:large, max-video-preview:-1\" \/>\n<link rel=\"canonical\" href=\"https:\/\/www.strassenweb.de\/nachrichten\/ich-war-so-gespannt-darauf-dass-die-icon-tassen-bei-anthropologie-fallen-und-die-neueste-besessenheit-des-internets-ist-endlich-da\/\" \/>\n<meta property=\"og:locale\" content=\"de_DE\" \/>\n<meta property=\"og:type\" content=\"article\" \/>\n<meta property=\"og:title\" content=\"Ich war so gespannt darauf, dass die Icon -Tassen bei Anthropologie fallen - und die neueste Besessenheit des Internets ist endlich da - Nachrichten - Stra\u00dfenweb\" \/>\n<meta property=\"og:description\" content=\"Egal, ob ich mir einen neuen HomeWive -Shop ansehen oder nur meine Lieblingsmarken online st\u00f6bere, die Suche nach den besten Kaffeetassen wird mir immer Freude\" \/>\n<meta property=\"og:url\" content=\"https:\/\/www.strassenweb.de\/nachrichten\/ich-war-so-gespannt-darauf-dass-die-icon-tassen-bei-anthropologie-fallen-und-die-neueste-besessenheit-des-internets-ist-endlich-da\/\" \/>\n<meta property=\"og:site_name\" content=\"Stra\u00dfenweb\" \/>\n<meta property=\"article:publisher\" content=\"https:\/\/www.facebook.com\/strassenweb\/\" \/>\n<meta property=\"article:published_time\" content=\"2025-08-09T08:40:41+00:00\" \/>\n<meta property=\"article:modified_time\" content=\"2025-08-09T08:40:42+00:00\" \/>\n<meta property=\"og:image\" content=\"https:\/\/www.strassenweb.de\/nachrichten\/wp-content\/uploads\/2025\/08\/Ich-war-so-gespannt-darauf-dass-die-Icon-Tassen-bei.jpg\" \/>\n\t<meta property=\"og:image:width\" content=\"1600\" \/>\n\t<meta property=\"og:image:height\" content=\"900\" \/>\n\t<meta property=\"og:image:type\" content=\"image\/jpeg\" \/>\n<meta name=\"author\" content=\"Robert Hoffmann\" \/>\n<meta name=\"twitter:card\" content=\"summary_large_image\" \/>\n<meta name=\"twitter:label1\" content=\"Verfasst von\" \/>\n\t<meta name=\"twitter:data1\" content=\"Robert Hoffmann\" \/>\n\t<meta name=\"twitter:label2\" content=\"Gesch\u00e4tzte Lesezeit\" \/>\n\t<meta name=\"twitter:data2\" content=\"2\u00a0Minuten\" \/>\n<script type=\"application\/ld+json\" class=\"yoast-schema-graph\">{\"@context\":\"https:\\\/\\\/schema.org\",\"@graph\":[{\"@type\":\"Article\",\"@id\":\"https:\\\/\\\/www.strassenweb.de\\\/nachrichten\\\/ich-war-so-gespannt-darauf-dass-die-icon-tassen-bei-anthropologie-fallen-und-die-neueste-besessenheit-des-internets-ist-endlich-da\\\/#article\",\"isPartOf\":{\"@id\":\"https:\\\/\\\/www.strassenweb.de\\\/nachrichten\\\/ich-war-so-gespannt-darauf-dass-die-icon-tassen-bei-anthropologie-fallen-und-die-neueste-besessenheit-des-internets-ist-endlich-da\\\/\"},\"author\":{\"name\":\"Robert Hoffmann\",\"@id\":\"https:\\\/\\\/www.strassenweb.de\\\/nachrichten\\\/#\\\/schema\\\/person\\\/87c9c9067f1211da429a744dc5a5aa41\"},\"headline\":\"Ich war so gespannt darauf, dass die Icon -Tassen bei Anthropologie fallen &#8211; und die neueste Besessenheit des Internets ist endlich da\",\"datePublished\":\"2025-08-09T08:40:41+00:00\",\"dateModified\":\"2025-08-09T08:40:42+00:00\",\"mainEntityOfPage\":{\"@id\":\"https:\\\/\\\/www.strassenweb.de\\\/nachrichten\\\/ich-war-so-gespannt-darauf-dass-die-icon-tassen-bei-anthropologie-fallen-und-die-neueste-besessenheit-des-internets-ist-endlich-da\\\/\"},\"wordCount\":446,\"publisher\":{\"@id\":\"https:\\\/\\\/www.strassenweb.de\\\/nachrichten\\\/#organization\"},\"image\":{\"@id\":\"https:\\\/\\\/www.strassenweb.de\\\/nachrichten\\\/ich-war-so-gespannt-darauf-dass-die-icon-tassen-bei-anthropologie-fallen-und-die-neueste-besessenheit-des-internets-ist-endlich-da\\\/#primaryimage\"},\"thumbnailUrl\":\"https:\\\/\\\/www.strassenweb.de\\\/nachrichten\\\/wp-content\\\/uploads\\\/2025\\\/08\\\/Ich-war-so-gespannt-darauf-dass-die-Icon-Tassen-bei.jpg\",\"keywords\":[\"Anthropologie\",\"Bei\",\"Besessenheit\",\"darauf\",\"dass\",\"des\",\"die\",\"endlich\",\"fallen\",\"gespannt\",\"ich\",\"Icon\",\"Internets\",\"ist\",\"Neueste\",\"Tassen\",\"und\",\"war\"],\"articleSection\":[\"Haus &amp; Garten\"],\"inLanguage\":\"de\"},{\"@type\":\"WebPage\",\"@id\":\"https:\\\/\\\/www.strassenweb.de\\\/nachrichten\\\/ich-war-so-gespannt-darauf-dass-die-icon-tassen-bei-anthropologie-fallen-und-die-neueste-besessenheit-des-internets-ist-endlich-da\\\/\",\"url\":\"https:\\\/\\\/www.strassenweb.de\\\/nachrichten\\\/ich-war-so-gespannt-darauf-dass-die-icon-tassen-bei-anthropologie-fallen-und-die-neueste-besessenheit-des-internets-ist-endlich-da\\\/\",\"name\":\"Ich war so gespannt darauf, dass die Icon -Tassen bei Anthropologie fallen - und die neueste Besessenheit des Internets ist endlich da - Nachrichten - Stra\u00dfenweb\",\"isPartOf\":{\"@id\":\"https:\\\/\\\/www.strassenweb.de\\\/nachrichten\\\/#website\"},\"primaryImageOfPage\":{\"@id\":\"https:\\\/\\\/www.strassenweb.de\\\/nachrichten\\\/ich-war-so-gespannt-darauf-dass-die-icon-tassen-bei-anthropologie-fallen-und-die-neueste-besessenheit-des-internets-ist-endlich-da\\\/#primaryimage\"},\"image\":{\"@id\":\"https:\\\/\\\/www.strassenweb.de\\\/nachrichten\\\/ich-war-so-gespannt-darauf-dass-die-icon-tassen-bei-anthropologie-fallen-und-die-neueste-besessenheit-des-internets-ist-endlich-da\\\/#primaryimage\"},\"thumbnailUrl\":\"https:\\\/\\\/www.strassenweb.de\\\/nachrichten\\\/wp-content\\\/uploads\\\/2025\\\/08\\\/Ich-war-so-gespannt-darauf-dass-die-Icon-Tassen-bei.jpg\",\"datePublished\":\"2025-08-09T08:40:41+00:00\",\"dateModified\":\"2025-08-09T08:40:42+00:00\",\"breadcrumb\":{\"@id\":\"https:\\\/\\\/www.strassenweb.de\\\/nachrichten\\\/ich-war-so-gespannt-darauf-dass-die-icon-tassen-bei-anthropologie-fallen-und-die-neueste-besessenheit-des-internets-ist-endlich-da\\\/#breadcrumb\"},\"inLanguage\":\"de\",\"potentialAction\":[{\"@type\":\"ReadAction\",\"target\":[\"https:\\\/\\\/www.strassenweb.de\\\/nachrichten\\\/ich-war-so-gespannt-darauf-dass-die-icon-tassen-bei-anthropologie-fallen-und-die-neueste-besessenheit-des-internets-ist-endlich-da\\\/\"]}]},{\"@type\":\"ImageObject\",\"inLanguage\":\"de\",\"@id\":\"https:\\\/\\\/www.strassenweb.de\\\/nachrichten\\\/ich-war-so-gespannt-darauf-dass-die-icon-tassen-bei-anthropologie-fallen-und-die-neueste-besessenheit-des-internets-ist-endlich-da\\\/#primaryimage\",\"url\":\"https:\\\/\\\/www.strassenweb.de\\\/nachrichten\\\/wp-content\\\/uploads\\\/2025\\\/08\\\/Ich-war-so-gespannt-darauf-dass-die-Icon-Tassen-bei.jpg\",\"contentUrl\":\"https:\\\/\\\/www.strassenweb.de\\\/nachrichten\\\/wp-content\\\/uploads\\\/2025\\\/08\\\/Ich-war-so-gespannt-darauf-dass-die-Icon-Tassen-bei.jpg\",\"width\":1600,\"height\":900,\"caption\":\"Glass mug with small evil eye design, on a wooden table with a pale blue dish towel\"},{\"@type\":\"BreadcrumbList\",\"@id\":\"https:\\\/\\\/www.strassenweb.de\\\/nachrichten\\\/ich-war-so-gespannt-darauf-dass-die-icon-tassen-bei-anthropologie-fallen-und-die-neueste-besessenheit-des-internets-ist-endlich-da\\\/#breadcrumb\",\"itemListElement\":[{\"@type\":\"ListItem\",\"position\":1,\"name\":\"Home\",\"item\":\"https:\\\/\\\/www.strassenweb.de\\\/nachrichten\\\/\"},{\"@type\":\"ListItem\",\"position\":2,\"name\":\"Ich war so gespannt darauf, dass die Icon -Tassen bei Anthropologie fallen &#8211; und die neueste Besessenheit des Internets ist endlich da\"}]},{\"@type\":\"WebSite\",\"@id\":\"https:\\\/\\\/www.strassenweb.de\\\/nachrichten\\\/#website\",\"url\":\"https:\\\/\\\/www.strassenweb.de\\\/nachrichten\\\/\",\"name\":\"Stra\u00dfenweb\",\"description\":\"Stra\u00dfenverzeichnis f\u00fcr Deutschland\",\"publisher\":{\"@id\":\"https:\\\/\\\/www.strassenweb.de\\\/nachrichten\\\/#organization\"},\"potentialAction\":[{\"@type\":\"SearchAction\",\"target\":{\"@type\":\"EntryPoint\",\"urlTemplate\":\"https:\\\/\\\/www.strassenweb.de\\\/nachrichten\\\/?s={search_term_string}\"},\"query-input\":{\"@type\":\"PropertyValueSpecification\",\"valueRequired\":true,\"valueName\":\"search_term_string\"}}],\"inLanguage\":\"de\"},{\"@type\":\"Organization\",\"@id\":\"https:\\\/\\\/www.strassenweb.de\\\/nachrichten\\\/#organization\",\"name\":\"Stra\u00dfenweb\",\"url\":\"https:\\\/\\\/www.strassenweb.de\\\/nachrichten\\\/\",\"logo\":{\"@type\":\"ImageObject\",\"inLanguage\":\"de\",\"@id\":\"https:\\\/\\\/www.strassenweb.de\\\/nachrichten\\\/#\\\/schema\\\/logo\\\/image\\\/\",\"url\":\"https:\\\/\\\/www.strassenweb.de\\\/nachrichten\\\/wp-content\\\/uploads\\\/2024\\\/09\\\/cropped-favicon.png\",\"contentUrl\":\"https:\\\/\\\/www.strassenweb.de\\\/nachrichten\\\/wp-content\\\/uploads\\\/2024\\\/09\\\/cropped-favicon.png\",\"width\":512,\"height\":512,\"caption\":\"Stra\u00dfenweb\"},\"image\":{\"@id\":\"https:\\\/\\\/www.strassenweb.de\\\/nachrichten\\\/#\\\/schema\\\/logo\\\/image\\\/\"},\"sameAs\":[\"https:\\\/\\\/www.facebook.com\\\/strassenweb\\\/\"]},{\"@type\":\"Person\",\"@id\":\"https:\\\/\\\/www.strassenweb.de\\\/nachrichten\\\/#\\\/schema\\\/person\\\/87c9c9067f1211da429a744dc5a5aa41\",\"name\":\"Robert Hoffmann\",\"image\":{\"@type\":\"ImageObject\",\"inLanguage\":\"de\",\"@id\":\"https:\\\/\\\/www.strassenweb.de\\\/nachrichten\\\/wp-content\\\/uploads\\\/2024\\\/09\\\/strassenweb-150x150.jpg\",\"url\":\"https:\\\/\\\/www.strassenweb.de\\\/nachrichten\\\/wp-content\\\/uploads\\\/2024\\\/09\\\/strassenweb-150x150.jpg\",\"contentUrl\":\"https:\\\/\\\/www.strassenweb.de\\\/nachrichten\\\/wp-content\\\/uploads\\\/2024\\\/09\\\/strassenweb-150x150.jpg\",\"caption\":\"Robert Hoffmann\"},\"description\":\"Ich hei\u00dfe Robert Hoffmann und ich bin ein leidenschaftlicher Verfechter von \u00d6kologie und Biodiversit\u00e4t. Seit meiner Kindheit in den W\u00e4ldern Bayerns f\u00fchle ich mich mit der Natur verbunden und bin entschlossen, sie zu sch\u00fctzen. Heute widme ich mein Leben der Sensibilisierung anderer f\u00fcr die Bedeutung des Umweltschutzes f\u00fcr zuk\u00fcnftige Generationen.\",\"sameAs\":[\"https:\\\/\\\/www.strassenweb.de\\\/\"]}]}<\/script>\n<!-- \/ Yoast SEO plugin. -->","yoast_head_json":{"title":"Ich war so gespannt darauf, dass die Icon -Tassen bei Anthropologie fallen - und die neueste Besessenheit des Internets ist endlich da - Nachrichten - Stra\u00dfenweb","robots":{"index":"index","follow":"follow","max-snippet":"max-snippet:-1","max-image-preview":"max-image-preview:large","max-video-preview":"max-video-preview:-1"},"canonical":"https:\/\/www.strassenweb.de\/nachrichten\/ich-war-so-gespannt-darauf-dass-die-icon-tassen-bei-anthropologie-fallen-und-die-neueste-besessenheit-des-internets-ist-endlich-da\/","og_locale":"de_DE","og_type":"article","og_title":"Ich war so gespannt darauf, dass die Icon -Tassen bei Anthropologie fallen - und die neueste Besessenheit des Internets ist endlich da - Nachrichten - Stra\u00dfenweb","og_description":"Egal, ob ich mir einen neuen HomeWive -Shop ansehen oder nur meine Lieblingsmarken online st\u00f6bere, die Suche nach den besten Kaffeetassen wird mir immer Freude","og_url":"https:\/\/www.strassenweb.de\/nachrichten\/ich-war-so-gespannt-darauf-dass-die-icon-tassen-bei-anthropologie-fallen-und-die-neueste-besessenheit-des-internets-ist-endlich-da\/","og_site_name":"Stra\u00dfenweb","article_publisher":"https:\/\/www.facebook.com\/strassenweb\/","article_published_time":"2025-08-09T08:40:41+00:00","article_modified_time":"2025-08-09T08:40:42+00:00","og_image":[{"width":1600,"height":900,"url":"https:\/\/www.strassenweb.de\/nachrichten\/wp-content\/uploads\/2025\/08\/Ich-war-so-gespannt-darauf-dass-die-Icon-Tassen-bei.jpg","type":"image\/jpeg"}],"author":"Robert Hoffmann","twitter_card":"summary_large_image","twitter_misc":{"Verfasst von":"Robert Hoffmann","Gesch\u00e4tzte Lesezeit":"2\u00a0Minuten"},"schema":{"@context":"https:\/\/schema.org","@graph":[{"@type":"Article","@id":"https:\/\/www.strassenweb.de\/nachrichten\/ich-war-so-gespannt-darauf-dass-die-icon-tassen-bei-anthropologie-fallen-und-die-neueste-besessenheit-des-internets-ist-endlich-da\/#article","isPartOf":{"@id":"https:\/\/www.strassenweb.de\/nachrichten\/ich-war-so-gespannt-darauf-dass-die-icon-tassen-bei-anthropologie-fallen-und-die-neueste-besessenheit-des-internets-ist-endlich-da\/"},"author":{"name":"Robert Hoffmann","@id":"https:\/\/www.strassenweb.de\/nachrichten\/#\/schema\/person\/87c9c9067f1211da429a744dc5a5aa41"},"headline":"Ich war so gespannt darauf, dass die Icon -Tassen bei Anthropologie fallen &#8211; und die neueste Besessenheit des Internets ist endlich da","datePublished":"2025-08-09T08:40:41+00:00","dateModified":"2025-08-09T08:40:42+00:00","mainEntityOfPage":{"@id":"https:\/\/www.strassenweb.de\/nachrichten\/ich-war-so-gespannt-darauf-dass-die-icon-tassen-bei-anthropologie-fallen-und-die-neueste-besessenheit-des-internets-ist-endlich-da\/"},"wordCount":446,"publisher":{"@id":"https:\/\/www.strassenweb.de\/nachrichten\/#organization"},"image":{"@id":"https:\/\/www.strassenweb.de\/nachrichten\/ich-war-so-gespannt-darauf-dass-die-icon-tassen-bei-anthropologie-fallen-und-die-neueste-besessenheit-des-internets-ist-endlich-da\/#primaryimage"},"thumbnailUrl":"https:\/\/www.strassenweb.de\/nachrichten\/wp-content\/uploads\/2025\/08\/Ich-war-so-gespannt-darauf-dass-die-Icon-Tassen-bei.jpg","keywords":["Anthropologie","Bei","Besessenheit","darauf","dass","des","die","endlich","fallen","gespannt","ich","Icon","Internets","ist","Neueste","Tassen","und","war"],"articleSection":["Haus &amp; Garten"],"inLanguage":"de"},{"@type":"WebPage","@id":"https:\/\/www.strassenweb.de\/nachrichten\/ich-war-so-gespannt-darauf-dass-die-icon-tassen-bei-anthropologie-fallen-und-die-neueste-besessenheit-des-internets-ist-endlich-da\/","url":"https:\/\/www.strassenweb.de\/nachrichten\/ich-war-so-gespannt-darauf-dass-die-icon-tassen-bei-anthropologie-fallen-und-die-neueste-besessenheit-des-internets-ist-endlich-da\/","name":"Ich war so gespannt darauf, dass die Icon -Tassen bei Anthropologie fallen - und die neueste Besessenheit des Internets ist endlich da - Nachrichten - Stra\u00dfenweb","isPartOf":{"@id":"https:\/\/www.strassenweb.de\/nachrichten\/#website"},"primaryImageOfPage":{"@id":"https:\/\/www.strassenweb.de\/nachrichten\/ich-war-so-gespannt-darauf-dass-die-icon-tassen-bei-anthropologie-fallen-und-die-neueste-besessenheit-des-internets-ist-endlich-da\/#primaryimage"},"image":{"@id":"https:\/\/www.strassenweb.de\/nachrichten\/ich-war-so-gespannt-darauf-dass-die-icon-tassen-bei-anthropologie-fallen-und-die-neueste-besessenheit-des-internets-ist-endlich-da\/#primaryimage"},"thumbnailUrl":"https:\/\/www.strassenweb.de\/nachrichten\/wp-content\/uploads\/2025\/08\/Ich-war-so-gespannt-darauf-dass-die-Icon-Tassen-bei.jpg","datePublished":"2025-08-09T08:40:41+00:00","dateModified":"2025-08-09T08:40:42+00:00","breadcrumb":{"@id":"https:\/\/www.strassenweb.de\/nachrichten\/ich-war-so-gespannt-darauf-dass-die-icon-tassen-bei-anthropologie-fallen-und-die-neueste-besessenheit-des-internets-ist-endlich-da\/#breadcrumb"},"inLanguage":"de","potentialAction":[{"@type":"ReadAction","target":["https:\/\/www.strassenweb.de\/nachrichten\/ich-war-so-gespannt-darauf-dass-die-icon-tassen-bei-anthropologie-fallen-und-die-neueste-besessenheit-des-internets-ist-endlich-da\/"]}]},{"@type":"ImageObject","inLanguage":"de","@id":"https:\/\/www.strassenweb.de\/nachrichten\/ich-war-so-gespannt-darauf-dass-die-icon-tassen-bei-anthropologie-fallen-und-die-neueste-besessenheit-des-internets-ist-endlich-da\/#primaryimage","url":"https:\/\/www.strassenweb.de\/nachrichten\/wp-content\/uploads\/2025\/08\/Ich-war-so-gespannt-darauf-dass-die-Icon-Tassen-bei.jpg","contentUrl":"https:\/\/www.strassenweb.de\/nachrichten\/wp-content\/uploads\/2025\/08\/Ich-war-so-gespannt-darauf-dass-die-Icon-Tassen-bei.jpg","width":1600,"height":900,"caption":"Glass mug with small evil eye design, on a wooden table with a pale blue dish towel"},{"@type":"BreadcrumbList","@id":"https:\/\/www.strassenweb.de\/nachrichten\/ich-war-so-gespannt-darauf-dass-die-icon-tassen-bei-anthropologie-fallen-und-die-neueste-besessenheit-des-internets-ist-endlich-da\/#breadcrumb","itemListElement":[{"@type":"ListItem","position":1,"name":"Home","item":"https:\/\/www.strassenweb.de\/nachrichten\/"},{"@type":"ListItem","position":2,"name":"Ich war so gespannt darauf, dass die Icon -Tassen bei Anthropologie fallen &#8211; und die neueste Besessenheit des Internets ist endlich da"}]},{"@type":"WebSite","@id":"https:\/\/www.strassenweb.de\/nachrichten\/#website","url":"https:\/\/www.strassenweb.de\/nachrichten\/","name":"Stra\u00dfenweb","description":"Stra\u00dfenverzeichnis f\u00fcr Deutschland","publisher":{"@id":"https:\/\/www.strassenweb.de\/nachrichten\/#organization"},"potentialAction":[{"@type":"SearchAction","target":{"@type":"EntryPoint","urlTemplate":"https:\/\/www.strassenweb.de\/nachrichten\/?s={search_term_string}"},"query-input":{"@type":"PropertyValueSpecification","valueRequired":true,"valueName":"search_term_string"}}],"inLanguage":"de"},{"@type":"Organization","@id":"https:\/\/www.strassenweb.de\/nachrichten\/#organization","name":"Stra\u00dfenweb","url":"https:\/\/www.strassenweb.de\/nachrichten\/","logo":{"@type":"ImageObject","inLanguage":"de","@id":"https:\/\/www.strassenweb.de\/nachrichten\/#\/schema\/logo\/image\/","url":"https:\/\/www.strassenweb.de\/nachrichten\/wp-content\/uploads\/2024\/09\/cropped-favicon.png","contentUrl":"https:\/\/www.strassenweb.de\/nachrichten\/wp-content\/uploads\/2024\/09\/cropped-favicon.png","width":512,"height":512,"caption":"Stra\u00dfenweb"},"image":{"@id":"https:\/\/www.strassenweb.de\/nachrichten\/#\/schema\/logo\/image\/"},"sameAs":["https:\/\/www.facebook.com\/strassenweb\/"]},{"@type":"Person","@id":"https:\/\/www.strassenweb.de\/nachrichten\/#\/schema\/person\/87c9c9067f1211da429a744dc5a5aa41","name":"Robert Hoffmann","image":{"@type":"ImageObject","inLanguage":"de","@id":"https:\/\/www.strassenweb.de\/nachrichten\/wp-content\/uploads\/2024\/09\/strassenweb-150x150.jpg","url":"https:\/\/www.strassenweb.de\/nachrichten\/wp-content\/uploads\/2024\/09\/strassenweb-150x150.jpg","contentUrl":"https:\/\/www.strassenweb.de\/nachrichten\/wp-content\/uploads\/2024\/09\/strassenweb-150x150.jpg","caption":"Robert Hoffmann"},"description":"Ich hei\u00dfe Robert Hoffmann und ich bin ein leidenschaftlicher Verfechter von \u00d6kologie und Biodiversit\u00e4t. Seit meiner Kindheit in den W\u00e4ldern Bayerns f\u00fchle ich mich mit der Natur verbunden und bin entschlossen, sie zu sch\u00fctzen. Heute widme ich mein Leben der Sensibilisierung anderer f\u00fcr die Bedeutung des Umweltschutzes f\u00fcr zuk\u00fcnftige Generationen.","sameAs":["https:\/\/www.strassenweb.de\/"]}]}},"_links":{"self":[{"href":"https:\/\/www.strassenweb.de\/nachrichten\/wp-json\/wp\/v2\/posts\/6816","targetHints":{"allow":["GET"]}}],"collection":[{"href":"https:\/\/www.strassenweb.de\/nachrichten\/wp-json\/wp\/v2\/posts"}],"about":[{"href":"https:\/\/www.strassenweb.de\/nachrichten\/wp-json\/wp\/v2\/types\/post"}],"author":[{"embeddable":true,"href":"https:\/\/www.strassenweb.de\/nachrichten\/wp-json\/wp\/v2\/users\/1"}],"replies":[{"embeddable":true,"href":"https:\/\/www.strassenweb.de\/nachrichten\/wp-json\/wp\/v2\/comments?post=6816"}],"version-history":[{"count":0,"href":"https:\/\/www.strassenweb.de\/nachrichten\/wp-json\/wp\/v2\/posts\/6816\/revisions"}],"wp:featuredmedia":[{"embeddable":true,"href":"https:\/\/www.strassenweb.de\/nachrichten\/wp-json\/wp\/v2\/media\/6817"}],"wp:attachment":[{"href":"https:\/\/www.strassenweb.de\/nachrichten\/wp-json\/wp\/v2\/media?parent=6816"}],"wp:term":[{"taxonomy":"category","embeddable":true,"href":"https:\/\/www.strassenweb.de\/nachrichten\/wp-json\/wp\/v2\/categories?post=6816"},{"taxonomy":"post_tag","embeddable":true,"href":"https:\/\/www.strassenweb.de\/nachrichten\/wp-json\/wp\/v2\/tags?post=6816"}],"curies":[{"name":"wp","href":"https:\/\/api.w.org\/{rel}","templated":true}]}}