{"id":6813,"date":"2025-08-09T07:39:45","date_gmt":"2025-08-09T05:39:45","guid":{"rendered":"https:\/\/www.strassenweb.de\/nachrichten\/vergessen-sie-white-die-rosa-liege-ueber-john-f-kennedy-und-jackie-os-1960er-rasen-tippt-in-2025s-heisseste-outdoor-moebelfarbe-trend-ein\/"},"modified":"2025-08-09T07:39:46","modified_gmt":"2025-08-09T05:39:46","slug":"vergessen-sie-white-die-rosa-liege-ueber-john-f-kennedy-und-jackie-os-1960er-rasen-tippt-in-2025s-heisseste-outdoor-moebelfarbe-trend-ein","status":"publish","type":"post","link":"https:\/\/www.strassenweb.de\/nachrichten\/vergessen-sie-white-die-rosa-liege-ueber-john-f-kennedy-und-jackie-os-1960er-rasen-tippt-in-2025s-heisseste-outdoor-moebelfarbe-trend-ein\/","title":{"rendered":"Vergessen Sie White &#8211; Die rosa Liege \u00fcber John F. Kennedy und Jackie O&#8217;s 1960er Rasen tippt in 2025s hei\u00dfeste Outdoor -M\u00f6belfarbe Trend ein"},"content":{"rendered":"<p><\/p>\n<div id=\"article-body\" class=\"article__body \">\n<p id=\"73799ab1-c809-4f46-8b45-60ec46246664\">Im Jahr 2025 sind Yards mehr als nur Au\u00dfenbereiche; Sie sind Erweiterungen des Hauses. Dementsprechend verwandeln sich die Menschen f\u00fcr das charakteristische Design, um ihre G\u00e4rten in sch\u00f6ne R\u00e4ume f\u00fcr Entspannung und Unterhaltung zu verwandeln. Dies bedeutet die Morgend\u00e4mmerung mutiger Farben auf dem Rasen.<\/p>\n<div id=\"ad-unit-1\" class=\"ad-unit\"><\/div>\n<p>Es gibt keine bessere Inspiration als die Outdoor -M\u00f6bel in John F. Kennedy und Jackie Kennedys Sommerhaus. Ein 1960 aufgenommenes Foto zeigt die amerikanischen Ikonen, die ihrer Tochter auf einer rosa Blumenliege vorlesen. Diesen Sommer folgen wir ihre F\u00fchrung.<\/p>\n<p>Nach unseren Forschungen sind auch M\u00f6beltrends im Freien. Google -Daten zeigen, dass die Suche nach &#8222;Gartenverzierungen&#8220; und &#8222;Outdoor -M\u00f6beln&#8220; im vergangenen Jahr um 5.000% gestiegen ist, was auf ein erh\u00f6htes Interesse an farbenfrohen, auff\u00e4lligeren Au\u00dfenr\u00e4umen hinweist.<\/p>\n<div class=\"van_vid_carousel\">\n<div class=\"van_vid_carousel__padding\">\n<div class=\"van_vid_carousel__container\"><\/div>\n<\/div>\n<\/div>\n<figure class=\"van-image-figure inline-layout \" data-bordeaux-image-check id=\"e4c0f428-9cb1-452f-b2f8-399da520cb70\">\n<div class=\"image-full-width-wrapper\">\n<div class=\"image-widthsetter\" style=\"max-width:2000px;\"><\/div>\n<\/div>\n<\/figure>\n<p id=\"1a3fcb47-51ea-451b-a04f-0b979292f89c\">Bo Hellberg, CMO bei schwedischen Spezialisten f\u00fcr Outdoor -M\u00f6bel, Grythyttan St\u00e5lmitler, Shares &#8218;2025, wird uns mutiger mit Farbe haben und helle, aber beruhigende Farbt\u00f6ne in unsere Au\u00dfenbereiche einbeziehen. Von beruhigenden Rosa, sanften Gelb und rustikalen Rotkargen passen diese Farbt\u00f6ne nahtlos in jeden Au\u00dfenbereich, sei es das Land oder das Stadtbild, w\u00e4hrend sie einen Hauch von hohem Design verleihen. &#8218;<\/p>\n<div id=\"ad-unit-2\" class=\"ad-unit\"><\/div>\n<aside data-block-type=\"embed\" data-render-type=\"fte\" data-skip=\"dealsy\" data-widget-type=\"seasonal\" class=\"hawk-base\"><\/aside>\n<p id=\"1a3fcb47-51ea-451b-a04f-0b979292f89c-1\">In dieser Landschaft ist es keine \u00dcberraschung, dass Pink zu einer der besten Farben f\u00fcr M\u00f6bel im Freien entsteht. Hier sind die Auswahl unserer Redakteure, um den Blick auf Ihr eigenes Zuhause nachzubilden.<\/p>\n<h3 class=\"article-body__section\" id=\"section-shop-the-pink-outdoor-furniture-edit\"><span>Kaufen Sie die rosa Outdoor -M\u00f6bel ein<\/span><\/h3>\n<div class=\"product-container hero-product-container product-block-no-wrap\">\n<div class=\"product-block-row\"><\/div>\n<div class=\"product-block-row\"><\/div>\n<div class=\"product-block-row\"><\/div>\n<\/div>\n<p id=\"e47d4ddb-848e-4565-bbc5-414701c741c7\">Es sei denn, Sie haben einen vollst\u00e4ndigen Barbiecore-Hof (ohne Urteilsverm\u00f6gen), empfehlen wir, Pink in Ihren Gartenraum aufzunehmen. Wie im Haus der Kennedys zu Hause zu sehen ist, reicht ein bisschen dieser romantischen Farbe weit.<\/p>\n<p>Ich schlage vor, ein oder zwei rosa Akzentst\u00fccke auszuw\u00e4hlen und sie mit wei\u00dfen oder braunen M\u00f6beln zu umgeben, um das Design stumm zu halten. Wenn Sie sich beispielsweise f\u00fcr einen rosa Lounge -Stuhl und einen Regenschirm entscheiden, erden Sie sie mit einem kleinen Holzkandentisch.<\/p>\n<div id=\"slice-container-newsletterForm-articleInbodyContent-DgD5rBotYMjDqoRQnZvy8i\" class=\"slice-container newsletter-inbodyContent-slice newsletterForm-articleInbodyContent-DgD5rBotYMjDqoRQnZvy8i slice-container-newsletterForm\"><\/div>\n<p>Wie das Haus der Kennedys zeigt, dreht sich alles um das Gleichgewicht.<\/p>\n<div class=\"min-h-(270px) mb-4 viafoura-twig-component\" id=\"viafoura-engagement-starter-wrapper\" data-component-name=\"Elk:Embed:EngagementStarter\">\n<div class=\"viafoura\">\n<div>\n<vf-conversation-starter target=\"viafoura-comments\" minimum-comment-count=\"5\"><br \/>\n<\/vf-conversation-starter>\n<\/div>\n<\/div>\n<\/div>\n<hr id=\"f3f49b82-bc2d-4185-a915-b8dfd37f9fab\">\n<\/div>\n","protected":false},"excerpt":{"rendered":"<p>Im Jahr 2025 sind Yards mehr als nur Au\u00dfenbereiche; Sie sind Erweiterungen des Hauses. Dementsprechend verwandeln sich die Menschen f\u00fcr das charakteristische Design, um ihre<\/p>\n","protected":false},"author":1,"featured_media":6814,"comment_status":"closed","ping_status":"","sticky":false,"template":"","format":"standard","meta":{"footnotes":""},"categories":[118],"tags":[9239,6395,9,43,1493,9238,8028,9237,9236,9240,3307,5904,1782,165,5659,504,260,37,1768,2483],"class_list":["post-6813","post","type-post","status-publish","format-standard","has-post-thumbnail","hentry","category-haus-garten","tag-1960er","tag-2025s","tag-die","tag-ein","tag-heisseste","tag-jackie","tag-john","tag-kennedy","tag-liege","tag-moebelfarbe","tag-outdoor","tag-rasen","tag-rosa","tag-sie","tag-tippt","tag-trend","tag-ueber","tag-und","tag-vergessen","tag-white","generate-columns","tablet-grid-50","mobile-grid-100","grid-parent","grid-50"],"yoast_head":"<!-- This site is optimized with the Yoast SEO plugin v27.3 - https:\/\/yoast.com\/product\/yoast-seo-wordpress\/ -->\n<title>Vergessen Sie White - Die rosa Liege \u00fcber John F. Kennedy und Jackie O&#039;s 1960er Rasen tippt in 2025s hei\u00dfeste Outdoor -M\u00f6belfarbe Trend ein - Nachrichten - Stra\u00dfenweb<\/title>\n<meta name=\"robots\" content=\"index, follow, max-snippet:-1, max-image-preview:large, max-video-preview:-1\" \/>\n<link rel=\"canonical\" href=\"https:\/\/www.strassenweb.de\/nachrichten\/vergessen-sie-white-die-rosa-liege-ueber-john-f-kennedy-und-jackie-os-1960er-rasen-tippt-in-2025s-heisseste-outdoor-moebelfarbe-trend-ein\/\" \/>\n<meta property=\"og:locale\" content=\"de_DE\" \/>\n<meta property=\"og:type\" content=\"article\" \/>\n<meta property=\"og:title\" content=\"Vergessen Sie White - Die rosa Liege \u00fcber John F. Kennedy und Jackie O&#039;s 1960er Rasen tippt in 2025s hei\u00dfeste Outdoor -M\u00f6belfarbe Trend ein - Nachrichten - Stra\u00dfenweb\" \/>\n<meta property=\"og:description\" content=\"Im Jahr 2025 sind Yards mehr als nur Au\u00dfenbereiche; Sie sind Erweiterungen des Hauses. Dementsprechend verwandeln sich die Menschen f\u00fcr das charakteristische Design, um ihre\" \/>\n<meta property=\"og:url\" content=\"https:\/\/www.strassenweb.de\/nachrichten\/vergessen-sie-white-die-rosa-liege-ueber-john-f-kennedy-und-jackie-os-1960er-rasen-tippt-in-2025s-heisseste-outdoor-moebelfarbe-trend-ein\/\" \/>\n<meta property=\"og:site_name\" content=\"Stra\u00dfenweb\" \/>\n<meta property=\"article:publisher\" content=\"https:\/\/www.facebook.com\/strassenweb\/\" \/>\n<meta property=\"article:published_time\" content=\"2025-08-09T05:39:45+00:00\" \/>\n<meta property=\"article:modified_time\" content=\"2025-08-09T05:39:46+00:00\" \/>\n<meta property=\"og:image\" content=\"https:\/\/www.strassenweb.de\/nachrichten\/wp-content\/uploads\/2025\/08\/Vergessen-Sie-White-Die-rosa-Liege-ueber-John-F.jpg\" \/>\n\t<meta property=\"og:image:width\" content=\"1600\" \/>\n\t<meta property=\"og:image:height\" content=\"900\" \/>\n\t<meta property=\"og:image:type\" content=\"image\/jpeg\" \/>\n<meta name=\"author\" content=\"Robert Hoffmann\" \/>\n<meta name=\"twitter:card\" content=\"summary_large_image\" \/>\n<meta name=\"twitter:label1\" content=\"Verfasst von\" \/>\n\t<meta name=\"twitter:data1\" content=\"Robert Hoffmann\" \/>\n\t<meta name=\"twitter:label2\" content=\"Gesch\u00e4tzte Lesezeit\" \/>\n\t<meta name=\"twitter:data2\" content=\"2\u00a0Minuten\" \/>\n<script type=\"application\/ld+json\" class=\"yoast-schema-graph\">{\"@context\":\"https:\\\/\\\/schema.org\",\"@graph\":[{\"@type\":\"Article\",\"@id\":\"https:\\\/\\\/www.strassenweb.de\\\/nachrichten\\\/vergessen-sie-white-die-rosa-liege-ueber-john-f-kennedy-und-jackie-os-1960er-rasen-tippt-in-2025s-heisseste-outdoor-moebelfarbe-trend-ein\\\/#article\",\"isPartOf\":{\"@id\":\"https:\\\/\\\/www.strassenweb.de\\\/nachrichten\\\/vergessen-sie-white-die-rosa-liege-ueber-john-f-kennedy-und-jackie-os-1960er-rasen-tippt-in-2025s-heisseste-outdoor-moebelfarbe-trend-ein\\\/\"},\"author\":{\"name\":\"Robert Hoffmann\",\"@id\":\"https:\\\/\\\/www.strassenweb.de\\\/nachrichten\\\/#\\\/schema\\\/person\\\/87c9c9067f1211da429a744dc5a5aa41\"},\"headline\":\"Vergessen Sie White &#8211; Die rosa Liege \u00fcber John F. Kennedy und Jackie O&#8217;s 1960er Rasen tippt in 2025s hei\u00dfeste Outdoor -M\u00f6belfarbe Trend ein\",\"datePublished\":\"2025-08-09T05:39:45+00:00\",\"dateModified\":\"2025-08-09T05:39:46+00:00\",\"mainEntityOfPage\":{\"@id\":\"https:\\\/\\\/www.strassenweb.de\\\/nachrichten\\\/vergessen-sie-white-die-rosa-liege-ueber-john-f-kennedy-und-jackie-os-1960er-rasen-tippt-in-2025s-heisseste-outdoor-moebelfarbe-trend-ein\\\/\"},\"wordCount\":363,\"publisher\":{\"@id\":\"https:\\\/\\\/www.strassenweb.de\\\/nachrichten\\\/#organization\"},\"image\":{\"@id\":\"https:\\\/\\\/www.strassenweb.de\\\/nachrichten\\\/vergessen-sie-white-die-rosa-liege-ueber-john-f-kennedy-und-jackie-os-1960er-rasen-tippt-in-2025s-heisseste-outdoor-moebelfarbe-trend-ein\\\/#primaryimage\"},\"thumbnailUrl\":\"https:\\\/\\\/www.strassenweb.de\\\/nachrichten\\\/wp-content\\\/uploads\\\/2025\\\/08\\\/Vergessen-Sie-White-Die-rosa-Liege-ueber-John-F.jpg\",\"keywords\":[\"1960er\",\"2025s\",\"die\",\"ein\",\"hei\u00dfeste\",\"Jackie\",\"John\",\"Kennedy\",\"Liege\",\"M\u00f6belfarbe\",\"outdoor\",\"Rasen\",\"rosa\",\"Sie\",\"tippt\",\"Trend\",\"\u00fcber\",\"und\",\"Vergessen\",\"White\"],\"articleSection\":[\"Haus &amp; Garten\"],\"inLanguage\":\"de\"},{\"@type\":\"WebPage\",\"@id\":\"https:\\\/\\\/www.strassenweb.de\\\/nachrichten\\\/vergessen-sie-white-die-rosa-liege-ueber-john-f-kennedy-und-jackie-os-1960er-rasen-tippt-in-2025s-heisseste-outdoor-moebelfarbe-trend-ein\\\/\",\"url\":\"https:\\\/\\\/www.strassenweb.de\\\/nachrichten\\\/vergessen-sie-white-die-rosa-liege-ueber-john-f-kennedy-und-jackie-os-1960er-rasen-tippt-in-2025s-heisseste-outdoor-moebelfarbe-trend-ein\\\/\",\"name\":\"Vergessen Sie White - Die rosa Liege \u00fcber John F. Kennedy und Jackie O's 1960er Rasen tippt in 2025s hei\u00dfeste Outdoor -M\u00f6belfarbe Trend ein - Nachrichten - Stra\u00dfenweb\",\"isPartOf\":{\"@id\":\"https:\\\/\\\/www.strassenweb.de\\\/nachrichten\\\/#website\"},\"primaryImageOfPage\":{\"@id\":\"https:\\\/\\\/www.strassenweb.de\\\/nachrichten\\\/vergessen-sie-white-die-rosa-liege-ueber-john-f-kennedy-und-jackie-os-1960er-rasen-tippt-in-2025s-heisseste-outdoor-moebelfarbe-trend-ein\\\/#primaryimage\"},\"image\":{\"@id\":\"https:\\\/\\\/www.strassenweb.de\\\/nachrichten\\\/vergessen-sie-white-die-rosa-liege-ueber-john-f-kennedy-und-jackie-os-1960er-rasen-tippt-in-2025s-heisseste-outdoor-moebelfarbe-trend-ein\\\/#primaryimage\"},\"thumbnailUrl\":\"https:\\\/\\\/www.strassenweb.de\\\/nachrichten\\\/wp-content\\\/uploads\\\/2025\\\/08\\\/Vergessen-Sie-White-Die-rosa-Liege-ueber-John-F.jpg\",\"datePublished\":\"2025-08-09T05:39:45+00:00\",\"dateModified\":\"2025-08-09T05:39:46+00:00\",\"breadcrumb\":{\"@id\":\"https:\\\/\\\/www.strassenweb.de\\\/nachrichten\\\/vergessen-sie-white-die-rosa-liege-ueber-john-f-kennedy-und-jackie-os-1960er-rasen-tippt-in-2025s-heisseste-outdoor-moebelfarbe-trend-ein\\\/#breadcrumb\"},\"inLanguage\":\"de\",\"potentialAction\":[{\"@type\":\"ReadAction\",\"target\":[\"https:\\\/\\\/www.strassenweb.de\\\/nachrichten\\\/vergessen-sie-white-die-rosa-liege-ueber-john-f-kennedy-und-jackie-os-1960er-rasen-tippt-in-2025s-heisseste-outdoor-moebelfarbe-trend-ein\\\/\"]}]},{\"@type\":\"ImageObject\",\"inLanguage\":\"de\",\"@id\":\"https:\\\/\\\/www.strassenweb.de\\\/nachrichten\\\/vergessen-sie-white-die-rosa-liege-ueber-john-f-kennedy-und-jackie-os-1960er-rasen-tippt-in-2025s-heisseste-outdoor-moebelfarbe-trend-ein\\\/#primaryimage\",\"url\":\"https:\\\/\\\/www.strassenweb.de\\\/nachrichten\\\/wp-content\\\/uploads\\\/2025\\\/08\\\/Vergessen-Sie-White-Die-rosa-Liege-ueber-John-F.jpg\",\"contentUrl\":\"https:\\\/\\\/www.strassenweb.de\\\/nachrichten\\\/wp-content\\\/uploads\\\/2025\\\/08\\\/Vergessen-Sie-White-Die-rosa-Liege-ueber-John-F.jpg\",\"width\":1600,\"height\":900,\"caption\":\"jackie o and jfk at their summer house\"},{\"@type\":\"BreadcrumbList\",\"@id\":\"https:\\\/\\\/www.strassenweb.de\\\/nachrichten\\\/vergessen-sie-white-die-rosa-liege-ueber-john-f-kennedy-und-jackie-os-1960er-rasen-tippt-in-2025s-heisseste-outdoor-moebelfarbe-trend-ein\\\/#breadcrumb\",\"itemListElement\":[{\"@type\":\"ListItem\",\"position\":1,\"name\":\"Home\",\"item\":\"https:\\\/\\\/www.strassenweb.de\\\/nachrichten\\\/\"},{\"@type\":\"ListItem\",\"position\":2,\"name\":\"Vergessen Sie White &#8211; Die rosa Liege \u00fcber John F. Kennedy und Jackie O&#8217;s 1960er Rasen tippt in 2025s hei\u00dfeste Outdoor -M\u00f6belfarbe Trend ein\"}]},{\"@type\":\"WebSite\",\"@id\":\"https:\\\/\\\/www.strassenweb.de\\\/nachrichten\\\/#website\",\"url\":\"https:\\\/\\\/www.strassenweb.de\\\/nachrichten\\\/\",\"name\":\"Stra\u00dfenweb\",\"description\":\"Stra\u00dfenverzeichnis f\u00fcr Deutschland\",\"publisher\":{\"@id\":\"https:\\\/\\\/www.strassenweb.de\\\/nachrichten\\\/#organization\"},\"potentialAction\":[{\"@type\":\"SearchAction\",\"target\":{\"@type\":\"EntryPoint\",\"urlTemplate\":\"https:\\\/\\\/www.strassenweb.de\\\/nachrichten\\\/?s={search_term_string}\"},\"query-input\":{\"@type\":\"PropertyValueSpecification\",\"valueRequired\":true,\"valueName\":\"search_term_string\"}}],\"inLanguage\":\"de\"},{\"@type\":\"Organization\",\"@id\":\"https:\\\/\\\/www.strassenweb.de\\\/nachrichten\\\/#organization\",\"name\":\"Stra\u00dfenweb\",\"url\":\"https:\\\/\\\/www.strassenweb.de\\\/nachrichten\\\/\",\"logo\":{\"@type\":\"ImageObject\",\"inLanguage\":\"de\",\"@id\":\"https:\\\/\\\/www.strassenweb.de\\\/nachrichten\\\/#\\\/schema\\\/logo\\\/image\\\/\",\"url\":\"https:\\\/\\\/www.strassenweb.de\\\/nachrichten\\\/wp-content\\\/uploads\\\/2024\\\/09\\\/cropped-favicon.png\",\"contentUrl\":\"https:\\\/\\\/www.strassenweb.de\\\/nachrichten\\\/wp-content\\\/uploads\\\/2024\\\/09\\\/cropped-favicon.png\",\"width\":512,\"height\":512,\"caption\":\"Stra\u00dfenweb\"},\"image\":{\"@id\":\"https:\\\/\\\/www.strassenweb.de\\\/nachrichten\\\/#\\\/schema\\\/logo\\\/image\\\/\"},\"sameAs\":[\"https:\\\/\\\/www.facebook.com\\\/strassenweb\\\/\"]},{\"@type\":\"Person\",\"@id\":\"https:\\\/\\\/www.strassenweb.de\\\/nachrichten\\\/#\\\/schema\\\/person\\\/87c9c9067f1211da429a744dc5a5aa41\",\"name\":\"Robert Hoffmann\",\"image\":{\"@type\":\"ImageObject\",\"inLanguage\":\"de\",\"@id\":\"https:\\\/\\\/www.strassenweb.de\\\/nachrichten\\\/wp-content\\\/uploads\\\/2024\\\/09\\\/strassenweb-150x150.jpg\",\"url\":\"https:\\\/\\\/www.strassenweb.de\\\/nachrichten\\\/wp-content\\\/uploads\\\/2024\\\/09\\\/strassenweb-150x150.jpg\",\"contentUrl\":\"https:\\\/\\\/www.strassenweb.de\\\/nachrichten\\\/wp-content\\\/uploads\\\/2024\\\/09\\\/strassenweb-150x150.jpg\",\"caption\":\"Robert Hoffmann\"},\"description\":\"Ich hei\u00dfe Robert Hoffmann und ich bin ein leidenschaftlicher Verfechter von \u00d6kologie und Biodiversit\u00e4t. Seit meiner Kindheit in den W\u00e4ldern Bayerns f\u00fchle ich mich mit der Natur verbunden und bin entschlossen, sie zu sch\u00fctzen. Heute widme ich mein Leben der Sensibilisierung anderer f\u00fcr die Bedeutung des Umweltschutzes f\u00fcr zuk\u00fcnftige Generationen.\",\"sameAs\":[\"https:\\\/\\\/www.strassenweb.de\\\/\"]}]}<\/script>\n<!-- \/ Yoast SEO plugin. -->","yoast_head_json":{"title":"Vergessen Sie White - Die rosa Liege \u00fcber John F. Kennedy und Jackie O's 1960er Rasen tippt in 2025s hei\u00dfeste Outdoor -M\u00f6belfarbe Trend ein - Nachrichten - Stra\u00dfenweb","robots":{"index":"index","follow":"follow","max-snippet":"max-snippet:-1","max-image-preview":"max-image-preview:large","max-video-preview":"max-video-preview:-1"},"canonical":"https:\/\/www.strassenweb.de\/nachrichten\/vergessen-sie-white-die-rosa-liege-ueber-john-f-kennedy-und-jackie-os-1960er-rasen-tippt-in-2025s-heisseste-outdoor-moebelfarbe-trend-ein\/","og_locale":"de_DE","og_type":"article","og_title":"Vergessen Sie White - Die rosa Liege \u00fcber John F. Kennedy und Jackie O's 1960er Rasen tippt in 2025s hei\u00dfeste Outdoor -M\u00f6belfarbe Trend ein - Nachrichten - Stra\u00dfenweb","og_description":"Im Jahr 2025 sind Yards mehr als nur Au\u00dfenbereiche; Sie sind Erweiterungen des Hauses. Dementsprechend verwandeln sich die Menschen f\u00fcr das charakteristische Design, um ihre","og_url":"https:\/\/www.strassenweb.de\/nachrichten\/vergessen-sie-white-die-rosa-liege-ueber-john-f-kennedy-und-jackie-os-1960er-rasen-tippt-in-2025s-heisseste-outdoor-moebelfarbe-trend-ein\/","og_site_name":"Stra\u00dfenweb","article_publisher":"https:\/\/www.facebook.com\/strassenweb\/","article_published_time":"2025-08-09T05:39:45+00:00","article_modified_time":"2025-08-09T05:39:46+00:00","og_image":[{"width":1600,"height":900,"url":"https:\/\/www.strassenweb.de\/nachrichten\/wp-content\/uploads\/2025\/08\/Vergessen-Sie-White-Die-rosa-Liege-ueber-John-F.jpg","type":"image\/jpeg"}],"author":"Robert Hoffmann","twitter_card":"summary_large_image","twitter_misc":{"Verfasst von":"Robert Hoffmann","Gesch\u00e4tzte Lesezeit":"2\u00a0Minuten"},"schema":{"@context":"https:\/\/schema.org","@graph":[{"@type":"Article","@id":"https:\/\/www.strassenweb.de\/nachrichten\/vergessen-sie-white-die-rosa-liege-ueber-john-f-kennedy-und-jackie-os-1960er-rasen-tippt-in-2025s-heisseste-outdoor-moebelfarbe-trend-ein\/#article","isPartOf":{"@id":"https:\/\/www.strassenweb.de\/nachrichten\/vergessen-sie-white-die-rosa-liege-ueber-john-f-kennedy-und-jackie-os-1960er-rasen-tippt-in-2025s-heisseste-outdoor-moebelfarbe-trend-ein\/"},"author":{"name":"Robert Hoffmann","@id":"https:\/\/www.strassenweb.de\/nachrichten\/#\/schema\/person\/87c9c9067f1211da429a744dc5a5aa41"},"headline":"Vergessen Sie White &#8211; Die rosa Liege \u00fcber John F. Kennedy und Jackie O&#8217;s 1960er Rasen tippt in 2025s hei\u00dfeste Outdoor -M\u00f6belfarbe Trend ein","datePublished":"2025-08-09T05:39:45+00:00","dateModified":"2025-08-09T05:39:46+00:00","mainEntityOfPage":{"@id":"https:\/\/www.strassenweb.de\/nachrichten\/vergessen-sie-white-die-rosa-liege-ueber-john-f-kennedy-und-jackie-os-1960er-rasen-tippt-in-2025s-heisseste-outdoor-moebelfarbe-trend-ein\/"},"wordCount":363,"publisher":{"@id":"https:\/\/www.strassenweb.de\/nachrichten\/#organization"},"image":{"@id":"https:\/\/www.strassenweb.de\/nachrichten\/vergessen-sie-white-die-rosa-liege-ueber-john-f-kennedy-und-jackie-os-1960er-rasen-tippt-in-2025s-heisseste-outdoor-moebelfarbe-trend-ein\/#primaryimage"},"thumbnailUrl":"https:\/\/www.strassenweb.de\/nachrichten\/wp-content\/uploads\/2025\/08\/Vergessen-Sie-White-Die-rosa-Liege-ueber-John-F.jpg","keywords":["1960er","2025s","die","ein","hei\u00dfeste","Jackie","John","Kennedy","Liege","M\u00f6belfarbe","outdoor","Rasen","rosa","Sie","tippt","Trend","\u00fcber","und","Vergessen","White"],"articleSection":["Haus &amp; Garten"],"inLanguage":"de"},{"@type":"WebPage","@id":"https:\/\/www.strassenweb.de\/nachrichten\/vergessen-sie-white-die-rosa-liege-ueber-john-f-kennedy-und-jackie-os-1960er-rasen-tippt-in-2025s-heisseste-outdoor-moebelfarbe-trend-ein\/","url":"https:\/\/www.strassenweb.de\/nachrichten\/vergessen-sie-white-die-rosa-liege-ueber-john-f-kennedy-und-jackie-os-1960er-rasen-tippt-in-2025s-heisseste-outdoor-moebelfarbe-trend-ein\/","name":"Vergessen Sie White - Die rosa Liege \u00fcber John F. Kennedy und Jackie O's 1960er Rasen tippt in 2025s hei\u00dfeste Outdoor -M\u00f6belfarbe Trend ein - Nachrichten - Stra\u00dfenweb","isPartOf":{"@id":"https:\/\/www.strassenweb.de\/nachrichten\/#website"},"primaryImageOfPage":{"@id":"https:\/\/www.strassenweb.de\/nachrichten\/vergessen-sie-white-die-rosa-liege-ueber-john-f-kennedy-und-jackie-os-1960er-rasen-tippt-in-2025s-heisseste-outdoor-moebelfarbe-trend-ein\/#primaryimage"},"image":{"@id":"https:\/\/www.strassenweb.de\/nachrichten\/vergessen-sie-white-die-rosa-liege-ueber-john-f-kennedy-und-jackie-os-1960er-rasen-tippt-in-2025s-heisseste-outdoor-moebelfarbe-trend-ein\/#primaryimage"},"thumbnailUrl":"https:\/\/www.strassenweb.de\/nachrichten\/wp-content\/uploads\/2025\/08\/Vergessen-Sie-White-Die-rosa-Liege-ueber-John-F.jpg","datePublished":"2025-08-09T05:39:45+00:00","dateModified":"2025-08-09T05:39:46+00:00","breadcrumb":{"@id":"https:\/\/www.strassenweb.de\/nachrichten\/vergessen-sie-white-die-rosa-liege-ueber-john-f-kennedy-und-jackie-os-1960er-rasen-tippt-in-2025s-heisseste-outdoor-moebelfarbe-trend-ein\/#breadcrumb"},"inLanguage":"de","potentialAction":[{"@type":"ReadAction","target":["https:\/\/www.strassenweb.de\/nachrichten\/vergessen-sie-white-die-rosa-liege-ueber-john-f-kennedy-und-jackie-os-1960er-rasen-tippt-in-2025s-heisseste-outdoor-moebelfarbe-trend-ein\/"]}]},{"@type":"ImageObject","inLanguage":"de","@id":"https:\/\/www.strassenweb.de\/nachrichten\/vergessen-sie-white-die-rosa-liege-ueber-john-f-kennedy-und-jackie-os-1960er-rasen-tippt-in-2025s-heisseste-outdoor-moebelfarbe-trend-ein\/#primaryimage","url":"https:\/\/www.strassenweb.de\/nachrichten\/wp-content\/uploads\/2025\/08\/Vergessen-Sie-White-Die-rosa-Liege-ueber-John-F.jpg","contentUrl":"https:\/\/www.strassenweb.de\/nachrichten\/wp-content\/uploads\/2025\/08\/Vergessen-Sie-White-Die-rosa-Liege-ueber-John-F.jpg","width":1600,"height":900,"caption":"jackie o and jfk at their summer house"},{"@type":"BreadcrumbList","@id":"https:\/\/www.strassenweb.de\/nachrichten\/vergessen-sie-white-die-rosa-liege-ueber-john-f-kennedy-und-jackie-os-1960er-rasen-tippt-in-2025s-heisseste-outdoor-moebelfarbe-trend-ein\/#breadcrumb","itemListElement":[{"@type":"ListItem","position":1,"name":"Home","item":"https:\/\/www.strassenweb.de\/nachrichten\/"},{"@type":"ListItem","position":2,"name":"Vergessen Sie White &#8211; Die rosa Liege \u00fcber John F. Kennedy und Jackie O&#8217;s 1960er Rasen tippt in 2025s hei\u00dfeste Outdoor -M\u00f6belfarbe Trend ein"}]},{"@type":"WebSite","@id":"https:\/\/www.strassenweb.de\/nachrichten\/#website","url":"https:\/\/www.strassenweb.de\/nachrichten\/","name":"Stra\u00dfenweb","description":"Stra\u00dfenverzeichnis f\u00fcr Deutschland","publisher":{"@id":"https:\/\/www.strassenweb.de\/nachrichten\/#organization"},"potentialAction":[{"@type":"SearchAction","target":{"@type":"EntryPoint","urlTemplate":"https:\/\/www.strassenweb.de\/nachrichten\/?s={search_term_string}"},"query-input":{"@type":"PropertyValueSpecification","valueRequired":true,"valueName":"search_term_string"}}],"inLanguage":"de"},{"@type":"Organization","@id":"https:\/\/www.strassenweb.de\/nachrichten\/#organization","name":"Stra\u00dfenweb","url":"https:\/\/www.strassenweb.de\/nachrichten\/","logo":{"@type":"ImageObject","inLanguage":"de","@id":"https:\/\/www.strassenweb.de\/nachrichten\/#\/schema\/logo\/image\/","url":"https:\/\/www.strassenweb.de\/nachrichten\/wp-content\/uploads\/2024\/09\/cropped-favicon.png","contentUrl":"https:\/\/www.strassenweb.de\/nachrichten\/wp-content\/uploads\/2024\/09\/cropped-favicon.png","width":512,"height":512,"caption":"Stra\u00dfenweb"},"image":{"@id":"https:\/\/www.strassenweb.de\/nachrichten\/#\/schema\/logo\/image\/"},"sameAs":["https:\/\/www.facebook.com\/strassenweb\/"]},{"@type":"Person","@id":"https:\/\/www.strassenweb.de\/nachrichten\/#\/schema\/person\/87c9c9067f1211da429a744dc5a5aa41","name":"Robert Hoffmann","image":{"@type":"ImageObject","inLanguage":"de","@id":"https:\/\/www.strassenweb.de\/nachrichten\/wp-content\/uploads\/2024\/09\/strassenweb-150x150.jpg","url":"https:\/\/www.strassenweb.de\/nachrichten\/wp-content\/uploads\/2024\/09\/strassenweb-150x150.jpg","contentUrl":"https:\/\/www.strassenweb.de\/nachrichten\/wp-content\/uploads\/2024\/09\/strassenweb-150x150.jpg","caption":"Robert Hoffmann"},"description":"Ich hei\u00dfe Robert Hoffmann und ich bin ein leidenschaftlicher Verfechter von \u00d6kologie und Biodiversit\u00e4t. Seit meiner Kindheit in den W\u00e4ldern Bayerns f\u00fchle ich mich mit der Natur verbunden und bin entschlossen, sie zu sch\u00fctzen. Heute widme ich mein Leben der Sensibilisierung anderer f\u00fcr die Bedeutung des Umweltschutzes f\u00fcr zuk\u00fcnftige Generationen.","sameAs":["https:\/\/www.strassenweb.de\/"]}]}},"_links":{"self":[{"href":"https:\/\/www.strassenweb.de\/nachrichten\/wp-json\/wp\/v2\/posts\/6813","targetHints":{"allow":["GET"]}}],"collection":[{"href":"https:\/\/www.strassenweb.de\/nachrichten\/wp-json\/wp\/v2\/posts"}],"about":[{"href":"https:\/\/www.strassenweb.de\/nachrichten\/wp-json\/wp\/v2\/types\/post"}],"author":[{"embeddable":true,"href":"https:\/\/www.strassenweb.de\/nachrichten\/wp-json\/wp\/v2\/users\/1"}],"replies":[{"embeddable":true,"href":"https:\/\/www.strassenweb.de\/nachrichten\/wp-json\/wp\/v2\/comments?post=6813"}],"version-history":[{"count":0,"href":"https:\/\/www.strassenweb.de\/nachrichten\/wp-json\/wp\/v2\/posts\/6813\/revisions"}],"wp:featuredmedia":[{"embeddable":true,"href":"https:\/\/www.strassenweb.de\/nachrichten\/wp-json\/wp\/v2\/media\/6814"}],"wp:attachment":[{"href":"https:\/\/www.strassenweb.de\/nachrichten\/wp-json\/wp\/v2\/media?parent=6813"}],"wp:term":[{"taxonomy":"category","embeddable":true,"href":"https:\/\/www.strassenweb.de\/nachrichten\/wp-json\/wp\/v2\/categories?post=6813"},{"taxonomy":"post_tag","embeddable":true,"href":"https:\/\/www.strassenweb.de\/nachrichten\/wp-json\/wp\/v2\/tags?post=6813"}],"curies":[{"name":"wp","href":"https:\/\/api.w.org\/{rel}","templated":true}]}}