{"id":6797,"date":"2025-08-08T16:39:57","date_gmt":"2025-08-08T14:39:57","guid":{"rendered":"https:\/\/www.strassenweb.de\/nachrichten\/dies-ist-der-un-sexy-hinter-den-kulissen-ich-wuenschte-ich-haette-vor-beginn-meines-remodell\/"},"modified":"2025-08-08T16:39:58","modified_gmt":"2025-08-08T14:39:58","slug":"dies-ist-der-un-sexy-hinter-den-kulissen-ich-wuenschte-ich-haette-vor-beginn-meines-remodell","status":"publish","type":"post","link":"https:\/\/www.strassenweb.de\/nachrichten\/dies-ist-der-un-sexy-hinter-den-kulissen-ich-wuenschte-ich-haette-vor-beginn-meines-remodell\/","title":{"rendered":"Dies ist der &#8222;un Sexy, hinter den Kulissen&#8220; ich w\u00fcnschte, ich h\u00e4tte vor Beginn meines Remodell"},"content":{"rendered":"<p><\/p>\n<div id=\"article-body\" class=\"article__body \">\n<p id=\"c632d841-0cfd-4a62-b815-7e9865e49ca8\">Wenn es einen Teil unserer Heimatrenovierung gab, der mich v\u00f6llig blind gemacht hat, dann war es die Elektrik. Zu der Zeit dachte ich, wir h\u00e4tten alle K\u00e4stchen gekreuzt und f\u00fchlten uns zuversichtlich in unserem elektrischen Walk-Through.<\/p>\n<div id=\"ad-unit-1\" class=\"ad-unit\"><\/div>\n<p>Aber jetzt, Jahre sp\u00e4ter (es ist eine langsam renovierende Reise) tr\u00e4ume ich von Leuchten an Orten, die ich nicht geplant hatte, Sockets, die hinter M\u00f6beln ben\u00f6tigt werden, die nie da sein sollten &#8230; und stillschweigend die Schalter verfluchen, die jetzt hinter den T\u00fcren stehen.<\/p>\n<aside data-block-type=\"embed\" data-render-type=\"fte\" data-skip=\"dealsy\" data-widget-type=\"seasonal\" class=\"hawk-base\"><\/aside>\n<p id=\"c632d841-0cfd-4a62-b815-7e9865e49ca8-2\">Zum Gl\u00fcck f\u00fcr Sie bin ich, wenn Sie am Anfang einer Renovierung sind, \u00fcber eine Goldmine von Informationen gesto\u00dfen. Die Innenarchitektin Melissa Oholendt, die Gr\u00fcnderin von OHO Interiors, hat ihre fachm\u00e4nnisch entwickelte Checkliste mit Dingen geteilt, die Sie auf Ihrem elektrischen Walk-Through \u00fcberpr\u00fcfen k\u00f6nnen. Wenn ich nur diesen Rat im Jahr 2023 h\u00e4tte &#8230;<\/p>\n<div class=\"van_vid_carousel\">\n<div class=\"van_vid_carousel__padding\">\n<div class=\"van_vid_carousel__container\"><\/div>\n<\/div>\n<\/div>\n<div class=\"instagram-embed\" id=\"DMF_Dj1RXm0\">\n<blockquote class=\"instagram-media\" data-instgrm-captioned data-instgrm-version=\"6\" style=\"width:99.375%; width:-webkit-calc(100% - 2px); width:calc(100% - 2px);\">\n<p>Ein Beitrag, der von OHO Interiors | geteilt wird Melissa Oholendt (@oho_interiors)<\/p>\n<p>Ein Foto von on <\/p>\n<\/blockquote>\n<\/div>\n<p id=\"942e0844-7dce-4b2c-ba45-49a34846a013\">Der elektrische Plan ist einer dieser ungeschlechtlichen Jobs hinter den Kulissen in einem Hausumbau, der die Kraft hat, die Art und Weise, wie Sie Ihren Alltag Ihren Zuhause haben, vollst\u00e4ndig zu ver\u00e4ndern-zum Guten oder Schlechten.<\/p>\n<div id=\"ad-unit-2\" class=\"ad-unit\"><\/div>\n<p>Menschen (einschlie\u00dflich mir) untersch\u00e4tzen oft, wie viel Voraussicht die Beleuchtungsideen und die Platzierung der Kraft ben\u00f6tigen. Sobald die Trockenmauer abgelaufen ist, wird das Verschieben einer Anschlussbox oder das Hinzuf\u00fcgen eines Auslasss zu einem viel komplizierteren und teuren Renovierungsfehler.<\/p>\n<p>Es ist die Art von Vorbereitungsarbeit, die das Pinterest -Board selten macht, aber den Unterschied macht, wenn Sie im Raum leben.<\/p>\n<p>Wenn Sie also nur Ihren neuen Build oder Ihre knietiefe Demo starten, wie wir es waren, nehmen Sie dies als Ihr Zeichen, um zu verlangsamen und Ihren elektrischen Plan wirklich durchzudenken. Im Folgenden teile ich die f\u00fcnf Must-Know-Tipps von OHO-Innenr\u00e4umen, die ich w\u00fcnschte, ich h\u00e4tte mit meinem Auftragnehmer, der Zwischenablage in der Hand und ohne wirklichen Plan gesehen.<\/p>\n<div id=\"slice-container-newsletterForm-articleInbodyContent-TrkXCimxxdW2yQtL4Ka7Rb\" class=\"slice-container newsletter-inbodyContent-slice newsletterForm-articleInbodyContent-TrkXCimxxdW2yQtL4Ka7Rb slice-container-newsletterForm\"><\/div>\n<h3 class=\"article-body__section\" id=\"section-1-decorative-lighting-placements\"><span>1.. Dekorative Beleuchtungsplatzierungen<\/span><\/h3>\n<figure class=\"van-image-figure inline-layout \" data-bordeaux-image-check id=\"1cf0e449-a2bc-47e7-9510-c32de53f1b10\">\n<div class=\"image-full-width-wrapper\">\n<div class=\"image-widthsetter\" style=\"max-width:2400px;\"><\/div>\n<\/div>\n<\/figure>\n<p id=\"8cc7c509-08ba-42d8-a31b-a2bc94706cbc\">An erster Stelle steht die Liste von Melissa dekorative Beleuchtung und Leuchten. &#8218;Ein Biggie! Dies ist die Zeit, um sicherzustellen, dass Sie vorausdenken und die Orte planen, an denen Sie Overhead- und Leuchtenbeleuchtung hinzuf\u00fcgen m\u00f6chten. &#8218;<\/p>\n<p>\u201eNoch besser, wenn Sie eine echte Auswahl f\u00fcr diese Elemente haben k\u00f6nnen, damit Sie feststellen k\u00f6nnen, wo die Junction -Box landen soll. Diese Vorbereitungsarbeit sparen Sie auf lange Sicht Zeit und Geld, indem Sie vermeiden, dass Sie nach dem Trockenbau die Verbindungsk\u00e4sten verschieben m\u00fcssen. &#8218;<\/p>\n<p>Ich wei\u00df, dass es sich in diesem Stadium viel zu fr\u00fch anf\u00fchlen kann, und Sie haben m\u00f6glicherweise noch nicht einmal einen klaren Plan f\u00fcr das Layout jedes Zimmers, aber bevor die Dinge abgeschlossen sind, nehmen Sie sich die Zeit, um zu versuchen, in diesem Raum zu leben. M\u00f6chten Sie einen kleinen Anh\u00e4nger \u00fcber der Fr\u00fchst\u00fccksecken? Was ist mit einer zus\u00e4tzlichen Steckdose in der Ecke des Esszimmers f\u00fcr eine Lampe? Oder wird diese T\u00fcr wieder auf die andere Richtung ge\u00f6ffnet werden und den Schalter dahinter fangen?<\/p>\n<p>Je mehr Sie jetzt wissen, desto besser. Oft ist es einfacher und billiger, ein Verkabelungsloch nachzuf\u00fcllen, als sie hinzuzuf\u00fcgen, wenn das Packen und Malen begonnen haben.<\/p>\n<h3 class=\"article-body__section\" id=\"section-2-in-cabinetry-electricals\"><span>2. In-Cabinetry-Elektrik<\/span><\/h3>\n<figure class=\"van-image-figure inline-layout \" data-bordeaux-image-check id=\"798b06e6-35f6-4461-8267-31bdec61bcd2\">\n<div class=\"image-full-width-wrapper\">\n<div class=\"image-widthsetter\" style=\"max-width:2000px;\"><\/div>\n<\/div>\n<\/figure>\n<p id=\"6e500b8d-646c-4722-a516-70fca7ff79ff\">Hier ist ein Detail, das mich v\u00f6llig an mir vorbeigerutscht hat: Das Innere Ihrer Schr\u00e4nke braucht m\u00f6glicherweise Kraft und nicht nur f\u00fcr ausgefallene Dinge.<\/p>\n<p>\u201eVerwenden Sie ein Sonos -System oder Alexa? Tr\u00e4umen Sie davon, eine Ladestation mit ganzem Zuhause zu haben? Wirst du in\/unter Schrankbeleuchtung haben? Jetzt ist es an der Zeit, diese Artikel zu planen &#8211; ja, noch bevor Sie Ladenzeichnungen aus dem Schrankladen haben! &#8218;<\/p>\n<p>Ein k\u00fcchenumgesteuerter Fehler, den ich nach der Installation reparieren musste, war zu vergessen, dass ich meine Ger\u00e4te -Garage hinzuf\u00fcgen konnte. Es klingt jetzt offensichtlich, aber zu der Zeit sind Sie so \u00fcberw\u00e4ltigt von Entscheidungsm\u00fcdigkeit und Auftragnehmern, dass das \u201eOffensichtliche\u201c Ihren Verstand v\u00f6llig ausschl\u00e4gt.<\/p>\n<p>Also ja, noch bevor Ihre Schrankentw\u00fcrfe abgeschlossen sind, denken Sie voraus. Ich w\u00fcnschte, wir h\u00e4tten den Raum gelaufen und stellten uns vor, wo wir Ger\u00e4te aufladen, Ger\u00e4te oder Schr\u00e4nke verwenden w\u00fcrden, die von der Beleuchtung profitieren w\u00fcrden. Es ist eine kleine Anpassung an den elektrischen Plan, aber eine, die Ihr Zuhause f\u00fcr das Leben, das Sie leben, bereit f\u00fchlen, nicht nur so, wie es auf Fotos aussieht.<\/p>\n<div class=\"min-h-(270px) mb-4 viafoura-twig-component\" id=\"viafoura-engagement-starter-wrapper\" data-component-name=\"Elk:Embed:EngagementStarter\">\n<div class=\"viafoura\">\n<div>\n<vf-conversation-starter target=\"viafoura-comments\" title=\"Renovating?\" description=\"What home remodel mistakes did you make? Let us know in the comments below!\" minimum-comment-count=\"5\"><br \/>\n<\/vf-conversation-starter>\n<\/div>\n<\/div>\n<\/div>\n<h3 class=\"article-body__section\" id=\"section-3-verifying-framing\"><span>3.. \u00dcberpr\u00fcfung der Framing<\/span><\/h3>\n<figure class=\"van-image-figure inline-layout \" data-bordeaux-image-check id=\"113925b1-5997-441c-b073-d37a7a35416b\">\n<div class=\"image-full-width-wrapper\">\n<div class=\"image-widthsetter\" style=\"max-width:2000px;\"><\/div>\n<\/div>\n<\/figure>\n<p id=\"3648053d-6687-4c9f-9d21-0be474619a87\">&#8222;Normalerweise wurde zu diesem Zeitpunkt die \u00fcberwiegende Mehrheit des Rahmens f\u00fcr das Projekt abgeschlossen. Jetzt ist jetzt der perfekte Zeitpunkt, um sicherzustellen, dass Architekturelemente (wie Linde oder fallengelassene Header und Fl\u00fcgelw\u00e4nde f\u00fcr gedeckte \u00d6ffnungen oder Duscht\u00fcren) geplant sind&#8220;, schl\u00e4gt Melissa vor.<\/p>\n<p>Wenn Sie unbekannt sind, ist die Rahmung im Bau die Anpassung von Teilen, um eine Struktur, Unterst\u00fctzung und Form zu erzeugen. Sobald Sie die Buchung in Ihrem elektrischen Walk-Through in die Buchung erreicht haben, ist das meiste davon vorhanden, sodass Ihre Aufgabe darin besteht, sicherzustellen, dass der elektrische Plan das Layout unterst\u00fctzt.<\/p>\n<p>Und sobald Ihre Verkabelung vorhanden ist, werden \u00c4nderungen teuer oder nahezu unm\u00f6glich. Nehmen Sie sich die Verl\u00e4ngerung, um jeden Raum langsam mit Ihrem Auftragnehmer zu gehen, und fragen Sie, was wird hier leben? Wie benutze ich diesen Raum?<\/p>\n<p>Wir mussten in einigen Designmomenten Kompromisse eingehen, weil wir die Struktur nicht fr\u00fch genug \u00fcberpr\u00fcft haben. Wenn ich zur\u00fcckspulen k\u00f6nnte, w\u00fcrde ich jeden Raum gehen, der mir vorstellt, wo ich eingebaute Ins oder eine Leseecke wollte, und sicherstellen, dass die Elektrik entsprechend ausgerichtet ist.<\/p>\n<h3 class=\"article-body__section\" id=\"section-4-power-outlets\"><span>4. Power Outlets<\/span><\/h3>\n<figure class=\"van-image-figure inline-layout \" data-bordeaux-image-check id=\"67448445-951e-4ab3-9a3d-07b89c742dfa\">\n<div class=\"image-full-width-wrapper\">\n<div class=\"image-widthsetter\" style=\"max-width:2000px;\"><\/div>\n<\/div>\n<\/figure>\n<p id=\"63f6d12a-0611-4451-b0fc-d78ca40dc02f\">Floor -Outlets k\u00f6nnen Sie nicht sp\u00e4ter leicht hinzuf\u00fcgen. Die Voraussetzung ist daher der Schl\u00fcssel. Ich kann das nicht genug betonen: Denken Sie an Bodengesch\u00e4fte. Wir haben es nicht getan, und jetzt haben wir ein Sofa, das perfekt im Raum schwimmt &#8211; aber eine Lampenschnur, die sich unbeholfen an die n\u00e4chste Wand schl\u00e4ngelt.<\/p>\n<p>Es ist eines dieser kleinen Versehen, die mich jedes Mal nervt, wenn ich vorbei gehe.<\/p>\n<p>&#8222;Vergessen Sie nicht, Floor -Outlets in Ihren Wohnbereichen und Strombed\u00fcrfnissen f\u00fcr Fernseher oder Elektronik in der Wand zu planen&#8220;, f\u00fcgt Melissa hinzu. &#8222;Team No-S sichtbarer Cords hier.&#8220;<\/p>\n<p>Wenn Sie in diesem Sinne h\u00e4ssliche baumelnde Dr\u00e4hte oder ungeschickte Trunking vermeiden m\u00f6chten, stellen Sie sicher, dass Ihre TV -Elektronik kein nachtr\u00e4glicher Gedanke ist. Die Planung f\u00fcr versteckte Verkabelung macht den Unterschied.<\/p>\n<h3 class=\"article-body__section\" id=\"section-5-light-switch-locations\"><span>5. Light Switch -Standorte<\/span><\/h3>\n<figure class=\"van-image-figure inline-layout \" data-bordeaux-image-check id=\"66fb60b0-bdff-4de5-b09c-11d4c97471fa\">\n<div class=\"image-full-width-wrapper\">\n<div class=\"image-widthsetter\" style=\"max-width:2000px;\"><\/div>\n<\/div>\n<\/figure>\n<p id=\"144647c4-2156-4799-9cf4-75c443a290a0\">Aus allem k\u00f6nnte dies derjenige sein, der mich am meisten verfolgt: PLACKENTIONS. Ich habe Schalter, die die Halle des Obergeschosses im Obergeschoss von unten einschalten, aber keine M\u00f6glichkeit, sie auszuschalten, sobald ich oben bin-etwas, an das ich nie gedacht habe, w\u00e4hrend unseres \u00dcbergangs zu testen.<\/p>\n<p>&#8222;\u00dcberlegen Sie, wie Sie in diesen R\u00e4umen leben werden &#8211; m\u00f6chten Sie die Lichter an einem anderen Ort einschalten, als sie ausschalten werden?&#8220; Fragt Melissa. &#8222;Verwenden Sie diese Zeit, um Ihr Leben zu romantisieren und \u00fcber die Routinen nachzudenken, die Sie als Sonnenaufgang bis zum Tag und die D\u00e4mmerung in die Nacht verwandeln m\u00f6chten.&#8220;<\/p>\n<p>Ich verstehe jetzt, wie wichtig Switch -Platzierung sein kann. Gehen Sie w\u00e4hrend Ihres Durchgangs durch Ihren Tag durch Ihren Tag. \u00dcberlegen Sie, wo Sie erreichen werden, was Sie wollen, und markieren Sie diese Momente <em>vor<\/em> Sie schlie\u00dfen die W\u00e4nde hinein.<\/p>\n<div class=\"product-container hero-product-container product-block-no-wrap\">\n<div class=\"product-block-row\"><\/div>\n<div class=\"product-block-row\"><\/div>\n<div class=\"product-block-row\"><\/div>\n<\/div>\n<hr id=\"6ebfd3e1-027c-4537-a120-e8ed64d05bc0\">\n<p id=\"e4cdf89d-8042-4f08-ae27-95e25ff47105\">Wenn Sie fragen, was ich in meinem Umbau anders machen w\u00fcrde, ist dies eine gro\u00dfe. R\u00fcckblickend f\u00fchlte sich der elektrische Walk-Through nur ein weiterer Job auf einer langen Liste von Renovierungsaufgaben an. Aber so viele der Dinge, die unser Zuhause jetzt dazu bringen, sich entweder intuitiv oder frustrierend an Entscheidungen (oder Unentschichten) zu diesem Stadium zu beziehen.<\/p>\n<p>Ich w\u00fcnschte, ich h\u00e4tte langsamer gestellt, mehr Fragen gestellt und mir die Zeit genommen, dar\u00fcber nachzudenken, wie wir tats\u00e4chlich in jedem Raum leben w\u00fcrden. Wenn Sie in Ihren eigenen Walk-Through gehen, verwenden Sie diese Liste als Leitfaden, um Ihnen dabei zu helfen, den Prozess mit mehr Selbstvertrauen und weniger Bedauern zu durchlaufen.<\/p>\n<p>Vertrauen Sie mir: Ihr zuk\u00fcnftiges Selbst wird Ihnen jedes Mal danken, wenn sich die Lichter genau dort einschalten, wo Sie sie m\u00f6chten.<\/p>\n<\/div>\n<p><script async src=\"\/\/www.instagram.com\/embed.js\"><\/script><\/p>\n","protected":false},"excerpt":{"rendered":"<p>Wenn es einen Teil unserer Heimatrenovierung gab, der mich v\u00f6llig blind gemacht hat, dann war es die Elektrik. Zu der Zeit dachte ich, wir h\u00e4tten<\/p>\n","protected":false},"author":1,"featured_media":6798,"comment_status":"closed","ping_status":"","sticky":false,"template":"","format":"standard","meta":{"footnotes":""},"categories":[118],"tags":[9217,78,81,503,1533,2205,129,15,9215,1619,9218,6688,524,9216],"class_list":["post-6797","post","type-post","status-publish","format-standard","has-post-thumbnail","hentry","category-haus-garten","tag-beginn","tag-den","tag-der","tag-dies","tag-haette","tag-hinter","tag-ich","tag-ist","tag-kulissen","tag-meines","tag-remodell","tag-sexy","tag-vor","tag-wuenschte","generate-columns","tablet-grid-50","mobile-grid-100","grid-parent","grid-50"],"yoast_head":"<!-- This site is optimized with the Yoast SEO plugin v27.3 - https:\/\/yoast.com\/product\/yoast-seo-wordpress\/ -->\n<title>Dies ist der &quot;un Sexy, hinter den Kulissen&quot; ich w\u00fcnschte, ich h\u00e4tte vor Beginn meines Remodell - Nachrichten - Stra\u00dfenweb<\/title>\n<meta name=\"robots\" content=\"index, follow, max-snippet:-1, max-image-preview:large, max-video-preview:-1\" \/>\n<link rel=\"canonical\" href=\"https:\/\/www.strassenweb.de\/nachrichten\/dies-ist-der-un-sexy-hinter-den-kulissen-ich-wuenschte-ich-haette-vor-beginn-meines-remodell\/\" \/>\n<meta property=\"og:locale\" content=\"de_DE\" \/>\n<meta property=\"og:type\" content=\"article\" \/>\n<meta property=\"og:title\" content=\"Dies ist der &quot;un Sexy, hinter den Kulissen&quot; ich w\u00fcnschte, ich h\u00e4tte vor Beginn meines Remodell - Nachrichten - Stra\u00dfenweb\" \/>\n<meta property=\"og:description\" content=\"Wenn es einen Teil unserer Heimatrenovierung gab, der mich v\u00f6llig blind gemacht hat, dann war es die Elektrik. Zu der Zeit dachte ich, wir h\u00e4tten\" \/>\n<meta property=\"og:url\" content=\"https:\/\/www.strassenweb.de\/nachrichten\/dies-ist-der-un-sexy-hinter-den-kulissen-ich-wuenschte-ich-haette-vor-beginn-meines-remodell\/\" \/>\n<meta property=\"og:site_name\" content=\"Stra\u00dfenweb\" \/>\n<meta property=\"article:publisher\" content=\"https:\/\/www.facebook.com\/strassenweb\/\" \/>\n<meta property=\"article:published_time\" content=\"2025-08-08T14:39:57+00:00\" \/>\n<meta property=\"article:modified_time\" content=\"2025-08-08T14:39:58+00:00\" \/>\n<meta property=\"og:image\" content=\"https:\/\/www.strassenweb.de\/nachrichten\/wp-content\/uploads\/2025\/08\/Dies-ist-der-un-Sexy-hinter-den-Kulissen-ich-wuenschte.jpg\" \/>\n\t<meta property=\"og:image:width\" content=\"1600\" \/>\n\t<meta property=\"og:image:height\" content=\"900\" \/>\n\t<meta property=\"og:image:type\" content=\"image\/jpeg\" \/>\n<meta name=\"author\" content=\"Robert Hoffmann\" \/>\n<meta name=\"twitter:card\" content=\"summary_large_image\" \/>\n<meta name=\"twitter:label1\" content=\"Verfasst von\" \/>\n\t<meta name=\"twitter:data1\" content=\"Robert Hoffmann\" \/>\n\t<meta name=\"twitter:label2\" content=\"Gesch\u00e4tzte Lesezeit\" \/>\n\t<meta name=\"twitter:data2\" content=\"7\u00a0Minuten\" \/>\n<script type=\"application\/ld+json\" class=\"yoast-schema-graph\">{\"@context\":\"https:\\\/\\\/schema.org\",\"@graph\":[{\"@type\":\"Article\",\"@id\":\"https:\\\/\\\/www.strassenweb.de\\\/nachrichten\\\/dies-ist-der-un-sexy-hinter-den-kulissen-ich-wuenschte-ich-haette-vor-beginn-meines-remodell\\\/#article\",\"isPartOf\":{\"@id\":\"https:\\\/\\\/www.strassenweb.de\\\/nachrichten\\\/dies-ist-der-un-sexy-hinter-den-kulissen-ich-wuenschte-ich-haette-vor-beginn-meines-remodell\\\/\"},\"author\":{\"name\":\"Robert Hoffmann\",\"@id\":\"https:\\\/\\\/www.strassenweb.de\\\/nachrichten\\\/#\\\/schema\\\/person\\\/87c9c9067f1211da429a744dc5a5aa41\"},\"headline\":\"Dies ist der &#8222;un Sexy, hinter den Kulissen&#8220; ich w\u00fcnschte, ich h\u00e4tte vor Beginn meines Remodell\",\"datePublished\":\"2025-08-08T14:39:57+00:00\",\"dateModified\":\"2025-08-08T14:39:58+00:00\",\"mainEntityOfPage\":{\"@id\":\"https:\\\/\\\/www.strassenweb.de\\\/nachrichten\\\/dies-ist-der-un-sexy-hinter-den-kulissen-ich-wuenschte-ich-haette-vor-beginn-meines-remodell\\\/\"},\"wordCount\":1388,\"publisher\":{\"@id\":\"https:\\\/\\\/www.strassenweb.de\\\/nachrichten\\\/#organization\"},\"image\":{\"@id\":\"https:\\\/\\\/www.strassenweb.de\\\/nachrichten\\\/dies-ist-der-un-sexy-hinter-den-kulissen-ich-wuenschte-ich-haette-vor-beginn-meines-remodell\\\/#primaryimage\"},\"thumbnailUrl\":\"https:\\\/\\\/www.strassenweb.de\\\/nachrichten\\\/wp-content\\\/uploads\\\/2025\\\/08\\\/Dies-ist-der-un-Sexy-hinter-den-Kulissen-ich-wuenschte.jpg\",\"keywords\":[\"Beginn\",\"den\",\"der\",\"dies\",\"h\u00e4tte\",\"hinter\",\"ich\",\"ist\",\"Kulissen\",\"meines\",\"Remodell\",\"Sexy\",\"vor\",\"w\u00fcnschte\"],\"articleSection\":[\"Haus &amp; Garten\"],\"inLanguage\":\"de\"},{\"@type\":\"WebPage\",\"@id\":\"https:\\\/\\\/www.strassenweb.de\\\/nachrichten\\\/dies-ist-der-un-sexy-hinter-den-kulissen-ich-wuenschte-ich-haette-vor-beginn-meines-remodell\\\/\",\"url\":\"https:\\\/\\\/www.strassenweb.de\\\/nachrichten\\\/dies-ist-der-un-sexy-hinter-den-kulissen-ich-wuenschte-ich-haette-vor-beginn-meines-remodell\\\/\",\"name\":\"Dies ist der \\\"un Sexy, hinter den Kulissen\\\" ich w\u00fcnschte, ich h\u00e4tte vor Beginn meines Remodell - Nachrichten - Stra\u00dfenweb\",\"isPartOf\":{\"@id\":\"https:\\\/\\\/www.strassenweb.de\\\/nachrichten\\\/#website\"},\"primaryImageOfPage\":{\"@id\":\"https:\\\/\\\/www.strassenweb.de\\\/nachrichten\\\/dies-ist-der-un-sexy-hinter-den-kulissen-ich-wuenschte-ich-haette-vor-beginn-meines-remodell\\\/#primaryimage\"},\"image\":{\"@id\":\"https:\\\/\\\/www.strassenweb.de\\\/nachrichten\\\/dies-ist-der-un-sexy-hinter-den-kulissen-ich-wuenschte-ich-haette-vor-beginn-meines-remodell\\\/#primaryimage\"},\"thumbnailUrl\":\"https:\\\/\\\/www.strassenweb.de\\\/nachrichten\\\/wp-content\\\/uploads\\\/2025\\\/08\\\/Dies-ist-der-un-Sexy-hinter-den-Kulissen-ich-wuenschte.jpg\",\"datePublished\":\"2025-08-08T14:39:57+00:00\",\"dateModified\":\"2025-08-08T14:39:58+00:00\",\"breadcrumb\":{\"@id\":\"https:\\\/\\\/www.strassenweb.de\\\/nachrichten\\\/dies-ist-der-un-sexy-hinter-den-kulissen-ich-wuenschte-ich-haette-vor-beginn-meines-remodell\\\/#breadcrumb\"},\"inLanguage\":\"de\",\"potentialAction\":[{\"@type\":\"ReadAction\",\"target\":[\"https:\\\/\\\/www.strassenweb.de\\\/nachrichten\\\/dies-ist-der-un-sexy-hinter-den-kulissen-ich-wuenschte-ich-haette-vor-beginn-meines-remodell\\\/\"]}]},{\"@type\":\"ImageObject\",\"inLanguage\":\"de\",\"@id\":\"https:\\\/\\\/www.strassenweb.de\\\/nachrichten\\\/dies-ist-der-un-sexy-hinter-den-kulissen-ich-wuenschte-ich-haette-vor-beginn-meines-remodell\\\/#primaryimage\",\"url\":\"https:\\\/\\\/www.strassenweb.de\\\/nachrichten\\\/wp-content\\\/uploads\\\/2025\\\/08\\\/Dies-ist-der-un-Sexy-hinter-den-Kulissen-ich-wuenschte.jpg\",\"contentUrl\":\"https:\\\/\\\/www.strassenweb.de\\\/nachrichten\\\/wp-content\\\/uploads\\\/2025\\\/08\\\/Dies-ist-der-un-Sexy-hinter-den-Kulissen-ich-wuenschte.jpg\",\"width\":1600,\"height\":900,\"caption\":\"cozy living room in an arts and crafts home by oho interiors with wooden window frames, large abstract mid century, two plaid armchairs, and vintage decor\"},{\"@type\":\"BreadcrumbList\",\"@id\":\"https:\\\/\\\/www.strassenweb.de\\\/nachrichten\\\/dies-ist-der-un-sexy-hinter-den-kulissen-ich-wuenschte-ich-haette-vor-beginn-meines-remodell\\\/#breadcrumb\",\"itemListElement\":[{\"@type\":\"ListItem\",\"position\":1,\"name\":\"Home\",\"item\":\"https:\\\/\\\/www.strassenweb.de\\\/nachrichten\\\/\"},{\"@type\":\"ListItem\",\"position\":2,\"name\":\"Dies ist der &#8222;un Sexy, hinter den Kulissen&#8220; ich w\u00fcnschte, ich h\u00e4tte vor Beginn meines Remodell\"}]},{\"@type\":\"WebSite\",\"@id\":\"https:\\\/\\\/www.strassenweb.de\\\/nachrichten\\\/#website\",\"url\":\"https:\\\/\\\/www.strassenweb.de\\\/nachrichten\\\/\",\"name\":\"Stra\u00dfenweb\",\"description\":\"Stra\u00dfenverzeichnis f\u00fcr Deutschland\",\"publisher\":{\"@id\":\"https:\\\/\\\/www.strassenweb.de\\\/nachrichten\\\/#organization\"},\"potentialAction\":[{\"@type\":\"SearchAction\",\"target\":{\"@type\":\"EntryPoint\",\"urlTemplate\":\"https:\\\/\\\/www.strassenweb.de\\\/nachrichten\\\/?s={search_term_string}\"},\"query-input\":{\"@type\":\"PropertyValueSpecification\",\"valueRequired\":true,\"valueName\":\"search_term_string\"}}],\"inLanguage\":\"de\"},{\"@type\":\"Organization\",\"@id\":\"https:\\\/\\\/www.strassenweb.de\\\/nachrichten\\\/#organization\",\"name\":\"Stra\u00dfenweb\",\"url\":\"https:\\\/\\\/www.strassenweb.de\\\/nachrichten\\\/\",\"logo\":{\"@type\":\"ImageObject\",\"inLanguage\":\"de\",\"@id\":\"https:\\\/\\\/www.strassenweb.de\\\/nachrichten\\\/#\\\/schema\\\/logo\\\/image\\\/\",\"url\":\"https:\\\/\\\/www.strassenweb.de\\\/nachrichten\\\/wp-content\\\/uploads\\\/2024\\\/09\\\/cropped-favicon.png\",\"contentUrl\":\"https:\\\/\\\/www.strassenweb.de\\\/nachrichten\\\/wp-content\\\/uploads\\\/2024\\\/09\\\/cropped-favicon.png\",\"width\":512,\"height\":512,\"caption\":\"Stra\u00dfenweb\"},\"image\":{\"@id\":\"https:\\\/\\\/www.strassenweb.de\\\/nachrichten\\\/#\\\/schema\\\/logo\\\/image\\\/\"},\"sameAs\":[\"https:\\\/\\\/www.facebook.com\\\/strassenweb\\\/\"]},{\"@type\":\"Person\",\"@id\":\"https:\\\/\\\/www.strassenweb.de\\\/nachrichten\\\/#\\\/schema\\\/person\\\/87c9c9067f1211da429a744dc5a5aa41\",\"name\":\"Robert Hoffmann\",\"image\":{\"@type\":\"ImageObject\",\"inLanguage\":\"de\",\"@id\":\"https:\\\/\\\/www.strassenweb.de\\\/nachrichten\\\/wp-content\\\/uploads\\\/2024\\\/09\\\/strassenweb-150x150.jpg\",\"url\":\"https:\\\/\\\/www.strassenweb.de\\\/nachrichten\\\/wp-content\\\/uploads\\\/2024\\\/09\\\/strassenweb-150x150.jpg\",\"contentUrl\":\"https:\\\/\\\/www.strassenweb.de\\\/nachrichten\\\/wp-content\\\/uploads\\\/2024\\\/09\\\/strassenweb-150x150.jpg\",\"caption\":\"Robert Hoffmann\"},\"description\":\"Ich hei\u00dfe Robert Hoffmann und ich bin ein leidenschaftlicher Verfechter von \u00d6kologie und Biodiversit\u00e4t. Seit meiner Kindheit in den W\u00e4ldern Bayerns f\u00fchle ich mich mit der Natur verbunden und bin entschlossen, sie zu sch\u00fctzen. Heute widme ich mein Leben der Sensibilisierung anderer f\u00fcr die Bedeutung des Umweltschutzes f\u00fcr zuk\u00fcnftige Generationen.\",\"sameAs\":[\"https:\\\/\\\/www.strassenweb.de\\\/\"]}]}<\/script>\n<!-- \/ Yoast SEO plugin. -->","yoast_head_json":{"title":"Dies ist der \"un Sexy, hinter den Kulissen\" ich w\u00fcnschte, ich h\u00e4tte vor Beginn meines Remodell - Nachrichten - Stra\u00dfenweb","robots":{"index":"index","follow":"follow","max-snippet":"max-snippet:-1","max-image-preview":"max-image-preview:large","max-video-preview":"max-video-preview:-1"},"canonical":"https:\/\/www.strassenweb.de\/nachrichten\/dies-ist-der-un-sexy-hinter-den-kulissen-ich-wuenschte-ich-haette-vor-beginn-meines-remodell\/","og_locale":"de_DE","og_type":"article","og_title":"Dies ist der \"un Sexy, hinter den Kulissen\" ich w\u00fcnschte, ich h\u00e4tte vor Beginn meines Remodell - Nachrichten - Stra\u00dfenweb","og_description":"Wenn es einen Teil unserer Heimatrenovierung gab, der mich v\u00f6llig blind gemacht hat, dann war es die Elektrik. Zu der Zeit dachte ich, wir h\u00e4tten","og_url":"https:\/\/www.strassenweb.de\/nachrichten\/dies-ist-der-un-sexy-hinter-den-kulissen-ich-wuenschte-ich-haette-vor-beginn-meines-remodell\/","og_site_name":"Stra\u00dfenweb","article_publisher":"https:\/\/www.facebook.com\/strassenweb\/","article_published_time":"2025-08-08T14:39:57+00:00","article_modified_time":"2025-08-08T14:39:58+00:00","og_image":[{"width":1600,"height":900,"url":"https:\/\/www.strassenweb.de\/nachrichten\/wp-content\/uploads\/2025\/08\/Dies-ist-der-un-Sexy-hinter-den-Kulissen-ich-wuenschte.jpg","type":"image\/jpeg"}],"author":"Robert Hoffmann","twitter_card":"summary_large_image","twitter_misc":{"Verfasst von":"Robert Hoffmann","Gesch\u00e4tzte Lesezeit":"7\u00a0Minuten"},"schema":{"@context":"https:\/\/schema.org","@graph":[{"@type":"Article","@id":"https:\/\/www.strassenweb.de\/nachrichten\/dies-ist-der-un-sexy-hinter-den-kulissen-ich-wuenschte-ich-haette-vor-beginn-meines-remodell\/#article","isPartOf":{"@id":"https:\/\/www.strassenweb.de\/nachrichten\/dies-ist-der-un-sexy-hinter-den-kulissen-ich-wuenschte-ich-haette-vor-beginn-meines-remodell\/"},"author":{"name":"Robert Hoffmann","@id":"https:\/\/www.strassenweb.de\/nachrichten\/#\/schema\/person\/87c9c9067f1211da429a744dc5a5aa41"},"headline":"Dies ist der &#8222;un Sexy, hinter den Kulissen&#8220; ich w\u00fcnschte, ich h\u00e4tte vor Beginn meines Remodell","datePublished":"2025-08-08T14:39:57+00:00","dateModified":"2025-08-08T14:39:58+00:00","mainEntityOfPage":{"@id":"https:\/\/www.strassenweb.de\/nachrichten\/dies-ist-der-un-sexy-hinter-den-kulissen-ich-wuenschte-ich-haette-vor-beginn-meines-remodell\/"},"wordCount":1388,"publisher":{"@id":"https:\/\/www.strassenweb.de\/nachrichten\/#organization"},"image":{"@id":"https:\/\/www.strassenweb.de\/nachrichten\/dies-ist-der-un-sexy-hinter-den-kulissen-ich-wuenschte-ich-haette-vor-beginn-meines-remodell\/#primaryimage"},"thumbnailUrl":"https:\/\/www.strassenweb.de\/nachrichten\/wp-content\/uploads\/2025\/08\/Dies-ist-der-un-Sexy-hinter-den-Kulissen-ich-wuenschte.jpg","keywords":["Beginn","den","der","dies","h\u00e4tte","hinter","ich","ist","Kulissen","meines","Remodell","Sexy","vor","w\u00fcnschte"],"articleSection":["Haus &amp; Garten"],"inLanguage":"de"},{"@type":"WebPage","@id":"https:\/\/www.strassenweb.de\/nachrichten\/dies-ist-der-un-sexy-hinter-den-kulissen-ich-wuenschte-ich-haette-vor-beginn-meines-remodell\/","url":"https:\/\/www.strassenweb.de\/nachrichten\/dies-ist-der-un-sexy-hinter-den-kulissen-ich-wuenschte-ich-haette-vor-beginn-meines-remodell\/","name":"Dies ist der \"un Sexy, hinter den Kulissen\" ich w\u00fcnschte, ich h\u00e4tte vor Beginn meines Remodell - Nachrichten - Stra\u00dfenweb","isPartOf":{"@id":"https:\/\/www.strassenweb.de\/nachrichten\/#website"},"primaryImageOfPage":{"@id":"https:\/\/www.strassenweb.de\/nachrichten\/dies-ist-der-un-sexy-hinter-den-kulissen-ich-wuenschte-ich-haette-vor-beginn-meines-remodell\/#primaryimage"},"image":{"@id":"https:\/\/www.strassenweb.de\/nachrichten\/dies-ist-der-un-sexy-hinter-den-kulissen-ich-wuenschte-ich-haette-vor-beginn-meines-remodell\/#primaryimage"},"thumbnailUrl":"https:\/\/www.strassenweb.de\/nachrichten\/wp-content\/uploads\/2025\/08\/Dies-ist-der-un-Sexy-hinter-den-Kulissen-ich-wuenschte.jpg","datePublished":"2025-08-08T14:39:57+00:00","dateModified":"2025-08-08T14:39:58+00:00","breadcrumb":{"@id":"https:\/\/www.strassenweb.de\/nachrichten\/dies-ist-der-un-sexy-hinter-den-kulissen-ich-wuenschte-ich-haette-vor-beginn-meines-remodell\/#breadcrumb"},"inLanguage":"de","potentialAction":[{"@type":"ReadAction","target":["https:\/\/www.strassenweb.de\/nachrichten\/dies-ist-der-un-sexy-hinter-den-kulissen-ich-wuenschte-ich-haette-vor-beginn-meines-remodell\/"]}]},{"@type":"ImageObject","inLanguage":"de","@id":"https:\/\/www.strassenweb.de\/nachrichten\/dies-ist-der-un-sexy-hinter-den-kulissen-ich-wuenschte-ich-haette-vor-beginn-meines-remodell\/#primaryimage","url":"https:\/\/www.strassenweb.de\/nachrichten\/wp-content\/uploads\/2025\/08\/Dies-ist-der-un-Sexy-hinter-den-Kulissen-ich-wuenschte.jpg","contentUrl":"https:\/\/www.strassenweb.de\/nachrichten\/wp-content\/uploads\/2025\/08\/Dies-ist-der-un-Sexy-hinter-den-Kulissen-ich-wuenschte.jpg","width":1600,"height":900,"caption":"cozy living room in an arts and crafts home by oho interiors with wooden window frames, large abstract mid century, two plaid armchairs, and vintage decor"},{"@type":"BreadcrumbList","@id":"https:\/\/www.strassenweb.de\/nachrichten\/dies-ist-der-un-sexy-hinter-den-kulissen-ich-wuenschte-ich-haette-vor-beginn-meines-remodell\/#breadcrumb","itemListElement":[{"@type":"ListItem","position":1,"name":"Home","item":"https:\/\/www.strassenweb.de\/nachrichten\/"},{"@type":"ListItem","position":2,"name":"Dies ist der &#8222;un Sexy, hinter den Kulissen&#8220; ich w\u00fcnschte, ich h\u00e4tte vor Beginn meines Remodell"}]},{"@type":"WebSite","@id":"https:\/\/www.strassenweb.de\/nachrichten\/#website","url":"https:\/\/www.strassenweb.de\/nachrichten\/","name":"Stra\u00dfenweb","description":"Stra\u00dfenverzeichnis f\u00fcr Deutschland","publisher":{"@id":"https:\/\/www.strassenweb.de\/nachrichten\/#organization"},"potentialAction":[{"@type":"SearchAction","target":{"@type":"EntryPoint","urlTemplate":"https:\/\/www.strassenweb.de\/nachrichten\/?s={search_term_string}"},"query-input":{"@type":"PropertyValueSpecification","valueRequired":true,"valueName":"search_term_string"}}],"inLanguage":"de"},{"@type":"Organization","@id":"https:\/\/www.strassenweb.de\/nachrichten\/#organization","name":"Stra\u00dfenweb","url":"https:\/\/www.strassenweb.de\/nachrichten\/","logo":{"@type":"ImageObject","inLanguage":"de","@id":"https:\/\/www.strassenweb.de\/nachrichten\/#\/schema\/logo\/image\/","url":"https:\/\/www.strassenweb.de\/nachrichten\/wp-content\/uploads\/2024\/09\/cropped-favicon.png","contentUrl":"https:\/\/www.strassenweb.de\/nachrichten\/wp-content\/uploads\/2024\/09\/cropped-favicon.png","width":512,"height":512,"caption":"Stra\u00dfenweb"},"image":{"@id":"https:\/\/www.strassenweb.de\/nachrichten\/#\/schema\/logo\/image\/"},"sameAs":["https:\/\/www.facebook.com\/strassenweb\/"]},{"@type":"Person","@id":"https:\/\/www.strassenweb.de\/nachrichten\/#\/schema\/person\/87c9c9067f1211da429a744dc5a5aa41","name":"Robert Hoffmann","image":{"@type":"ImageObject","inLanguage":"de","@id":"https:\/\/www.strassenweb.de\/nachrichten\/wp-content\/uploads\/2024\/09\/strassenweb-150x150.jpg","url":"https:\/\/www.strassenweb.de\/nachrichten\/wp-content\/uploads\/2024\/09\/strassenweb-150x150.jpg","contentUrl":"https:\/\/www.strassenweb.de\/nachrichten\/wp-content\/uploads\/2024\/09\/strassenweb-150x150.jpg","caption":"Robert Hoffmann"},"description":"Ich hei\u00dfe Robert Hoffmann und ich bin ein leidenschaftlicher Verfechter von \u00d6kologie und Biodiversit\u00e4t. Seit meiner Kindheit in den W\u00e4ldern Bayerns f\u00fchle ich mich mit der Natur verbunden und bin entschlossen, sie zu sch\u00fctzen. Heute widme ich mein Leben der Sensibilisierung anderer f\u00fcr die Bedeutung des Umweltschutzes f\u00fcr zuk\u00fcnftige Generationen.","sameAs":["https:\/\/www.strassenweb.de\/"]}]}},"_links":{"self":[{"href":"https:\/\/www.strassenweb.de\/nachrichten\/wp-json\/wp\/v2\/posts\/6797","targetHints":{"allow":["GET"]}}],"collection":[{"href":"https:\/\/www.strassenweb.de\/nachrichten\/wp-json\/wp\/v2\/posts"}],"about":[{"href":"https:\/\/www.strassenweb.de\/nachrichten\/wp-json\/wp\/v2\/types\/post"}],"author":[{"embeddable":true,"href":"https:\/\/www.strassenweb.de\/nachrichten\/wp-json\/wp\/v2\/users\/1"}],"replies":[{"embeddable":true,"href":"https:\/\/www.strassenweb.de\/nachrichten\/wp-json\/wp\/v2\/comments?post=6797"}],"version-history":[{"count":0,"href":"https:\/\/www.strassenweb.de\/nachrichten\/wp-json\/wp\/v2\/posts\/6797\/revisions"}],"wp:featuredmedia":[{"embeddable":true,"href":"https:\/\/www.strassenweb.de\/nachrichten\/wp-json\/wp\/v2\/media\/6798"}],"wp:attachment":[{"href":"https:\/\/www.strassenweb.de\/nachrichten\/wp-json\/wp\/v2\/media?parent=6797"}],"wp:term":[{"taxonomy":"category","embeddable":true,"href":"https:\/\/www.strassenweb.de\/nachrichten\/wp-json\/wp\/v2\/categories?post=6797"},{"taxonomy":"post_tag","embeddable":true,"href":"https:\/\/www.strassenweb.de\/nachrichten\/wp-json\/wp\/v2\/tags?post=6797"}],"curies":[{"name":"wp","href":"https:\/\/api.w.org\/{rel}","templated":true}]}}