{"id":6788,"date":"2025-08-08T10:40:15","date_gmt":"2025-08-08T08:40:15","guid":{"rendered":"https:\/\/www.strassenweb.de\/nachrichten\/als-pflanze-die-besessen-ist-kann-ich-ihnen-sagen-dass-diese-5-zimmerpflanzen-in-der-farbe-von-hidden-edelst\/"},"modified":"2025-08-08T10:40:16","modified_gmt":"2025-08-08T08:40:16","slug":"als-pflanze-die-besessen-ist-kann-ich-ihnen-sagen-dass-diese-5-zimmerpflanzen-in-der-farbe-von-hidden-edelst","status":"publish","type":"post","link":"https:\/\/www.strassenweb.de\/nachrichten\/als-pflanze-die-besessen-ist-kann-ich-ihnen-sagen-dass-diese-5-zimmerpflanzen-in-der-farbe-von-hidden-edelst\/","title":{"rendered":"Als Pflanze, die besessen ist, kann ich Ihnen sagen, dass diese 5 Zimmerpflanzen in der Farbe von &#8218;Hidden Edelst"},"content":{"rendered":"<p><\/p>\n<div id=\"article-body\" class=\"article__body \">\n<p>Es ist wieder diese Jahreszeit, in der die unter uns besessenen Innenr\u00e4ume die neuen, trendigen Farben, die im Jahr 2026 gro\u00df sein werden, verschlingen.<\/p>\n<div id=\"ad-unit-1\" class=\"ad-unit\"><\/div>\n<p>Anfang dieser Woche k\u00fcndigte Behr seine Farbe des Jahres als Hidden Gem an, einen raffinierten rauchigen Jade -Farbton mit luxuri\u00f6sen Untert\u00f6nen. Was ist nicht zu lieben? Aber du bist ein Pflanzenm\u00e4dchen, ich h\u00f6re dich weinen! Ich wei\u00df, Leute, und als solcher werde ich auf einen Farbtrend steigen, wie ich wei\u00df, wie: indem ich mehr Zimmerpflanzen erwerbe.<\/p>\n<aside data-block-type=\"embed\" data-render-type=\"fte\" data-skip=\"dealsy\" data-widget-type=\"seasonal\" class=\"hawk-base\"><\/aside>\n<p>Und was f\u00fcr eine Freude zu entdecken, dass es in diesem trendigen rauchigen Farbton von blaugr\u00fcnem Trend viel zur Auswahl gibt. Diese Innenpflanzen verf\u00fcgen \u00fcber ein k\u00fchles, ged\u00e4mpftes, silberblaues Laub und alle ausstrahlen Anmut und Eleganz. Ihre Formen reichen von Hinterreben und kaskadierenden Sukkulenten bis hin zu aufrechten tropischen Arten, perfekt zum Styling mit einer Reihe sch\u00f6ner, moderner Pflanzer. Hier sind meine Top 5. Ich werde sofort bestellen.<\/p>\n<div class=\"van_vid_carousel\">\n<div class=\"van_vid_carousel__padding\">\n<div class=\"van_vid_carousel__container\"><\/div>\n<\/div>\n<\/div>\n<h3 class=\"article-body__section\" id=\"section-1-blue-star-fern\"><span>1. Blue Star Farn<\/span><\/h3>\n<figure class=\"van-image-figure inline-layout \" data-bordeaux-image-check>\n<div class=\"image-full-width-wrapper\">\n<div class=\"image-widthsetter\" style=\"max-width:2000px;\"><\/div>\n<\/div>\n<\/figure>\n<p>Auch bekannt als <em>Phlebodium aureum<\/em>Blue Star Farne haben kurvenreiche Jadebl\u00e4tter auf langen, schlanken Stielen. Ich liebe es, diese Bl\u00e4tter in blumigen Designs zu verwenden, da sie eine au\u00dferstrahlende Form angeben und eine interessante Alternative zu allen Dingen von Waldgr\u00fcn sind.<\/p>\n<div id=\"ad-unit-2\" class=\"ad-unit\"><\/div>\n<p>Ihre weichen, welligen Wedel tragen einen ged\u00e4mpften silbrigen Blue-Guss und k\u00f6nnen zu einer erheblichen Gr\u00f6\u00dfe wachsen, wenn Sie ihnen alle paar Jahre einen gr\u00f6\u00dferen Topf geben.<\/p>\n<p>Blue Star Farne, erh\u00e4ltlich bei Amazon, gedeihen in hellem indirektem Licht. Sie wachsen nat\u00fcrlich als epiphytische Farne, unter \u00dcberdachung gr\u00f6\u00dferer B\u00e4ume, und als solche sind sie gro\u00dfe Zimmerpflanzen bei schlechten Lichtverh\u00e4ltnissen.<\/p>\n<p>Sie werden in dunkleren Ecken in reichhaltigen und launischen Innenarchitekten gedeihen. Sie m\u00f6gen auch ein bisschen Luftfeuchtigkeit, also machen sie gute Badezimmerpflanzen.<\/p>\n<div id=\"slice-container-newsletterForm-articleInbodyContent-aMDB6NkkkA273NLJbX4Ath\" class=\"slice-container newsletter-inbodyContent-slice newsletterForm-articleInbodyContent-aMDB6NkkkA273NLJbX4Ath slice-container-newsletterForm\"><\/div>\n<h3 class=\"article-body__section\" id=\"section-2-skyscraper-senecio\"><span>2. Wolkenkratzer Senecio<\/span><\/h3>\n<figure class=\"van-image-figure inline-layout \" data-bordeaux-image-check>\n<div class=\"image-full-width-wrapper\">\n<div class=\"image-widthsetter\" style=\"max-width:2400px;\"><\/div>\n<\/div>\n<\/figure>\n<p>H\u00e4ufig als Wolkenkratzer Senecio bekannt, <em>Curio Ficoides<\/em> &#8218;Mount Everest&#8216; ist eine atemberaubende, architektonische Sukkulente mit einer wachsenden Gewohnheit nach oben. Ideal f\u00fcr eine moderne Innenraum -\u00c4sthetik.<\/p>\n<p>Es ist oft in saftigen G\u00e4rten im Freien in den Hardiness-Zonen 10-11 zu finden, und ist auch eine fantastische Zimmerpflanze, wobei seine rauchigen gr\u00fcnen Bl\u00e4tter unverwechselbare Berggipfel hervorrufen.<\/p>\n<p>Es handelt sich um eine geringe Auswahl an der Innenr\u00e4ume und ben\u00f6tigt minimales Bew\u00e4sserung, perfekt f\u00fcr gesch\u00e4ftige Pflanzeneltern.<\/p>\n<p>Sie k\u00f6nnen &#8222;Mount Everest&#8220; Senecio in der Schwelle finden. <\/p>\n<h3 class=\"article-body__section\" id=\"section-3-curly-jade-plant\"><span>3. Curly Jade Plant<\/span><\/h3>\n<figure class=\"van-image-figure inline-layout \" data-bordeaux-image-check>\n<div class=\"image-full-width-wrapper\">\n<div class=\"image-widthsetter\" style=\"max-width:2400px;\"><\/div>\n<\/div>\n<\/figure>\n<p>Curly Jade Plant, oder <em>Crassula ovata undulata<\/em>ist eine enge Beziehung der \u00e4u\u00dferst beliebten Jade -Pflanze, die viele von US -Haustischen ersetzt werden.<\/p>\n<p>Dieses ungew\u00f6hnliche Sukkulenten hat fesselende blaugr\u00fcne Bl\u00e4tter, die sich an den R\u00e4ndern kr\u00e4useln und ihm eine unglaubliche Textur verleihen. Es genie\u00dft viel helle, indirekte Sonnenlicht, freien Boden und regelm\u00e4\u00dfige Luftfeuchtigkeit, was diese kompakte Sorte zu einer wunderbaren Option f\u00fcr gesch\u00e4ftige Wohnungsbewohner macht.<\/p>\n<p>F\u00fcgen Sie einen in einen burnierten Rost-Indoor-Pflanzentopf wie diesen von Amazon hinzu, um diesen Herbst auffallend im Trend zu sehen.<\/p>\n<h3 class=\"article-body__section\" id=\"section-4-satin-pothos\"><span>4. Satin Pothos <\/span><\/h3>\n<figure class=\"van-image-figure inline-layout \" data-bordeaux-image-check>\n<div class=\"image-full-width-wrapper\">\n<div class=\"image-widthsetter\" style=\"max-width:2000px;\"><\/div>\n<\/div>\n<\/figure>\n<p>Mein Satin -Pothos ist, obwohl er nicht besonders ungew\u00f6hnlich ist, eine meiner wertvollsten Zimmerpflanzen. <em>Epipremnum pictum argyraeus &#8211; Scindapsus <\/em>(Lassen Sie uns einfach an Satin Pothos bleiben, sollen wir?) Hat einen silbernen blauen Farbton und, treu, hat diese Pothos-Sorte atemberaubende Samtbl\u00e4tter.<\/p>\n<p>Pothos Plant Care ist sehr einfach. Meins liebt es ist super heller Stelle, hoch oben in einem Regal in meiner K\u00fcche, sodass seine kaskadierenden Reben schnell und w\u00fctend wachsen k\u00f6nnen.<\/p>\n<p>Alles, wonach Sie achten m\u00fcssen, ist die Pflanze, die bei w\u00e4rmeren Temperaturen aussieht. Es ist gern konsequent feucht, aber nie verw\u00e4ssert.<\/p>\n<p>In Walmart finden Sie lebende Satin -Pothos -Pflanzen.<\/p>\n<div class=\"min-h-(270px) mb-4 viafoura-twig-component\" id=\"viafoura-engagement-starter-wrapper\" data-component-name=\"Elk:Embed:EngagementStarter\">\n<div class=\"viafoura\">\n<div>\n<vf-conversation-starter target=\"viafoura-comments\" title=\"Blues or greens?\" description=\"Do you prefer muted blue tones or rich, zesty greens when it comes to your indoor plants?\" minimum-comment-count=\"5\"><br \/>\n<\/vf-conversation-starter>\n<\/div>\n<\/div>\n<\/div>\n<h3 class=\"article-body__section\" id=\"section-5-topsy-turvy-echeveria\"><span>5. Topsy Turvy Echeveria <\/span><\/h3>\n<figure class=\"van-image-figure inline-layout \" data-bordeaux-image-check>\n<div class=\"image-full-width-wrapper\">\n<div class=\"image-widthsetter\" style=\"max-width:2400px;\"><\/div>\n<\/div>\n<\/figure>\n<p>Topsy Turvy Echeveria (<em>Echeveria Runyonii<\/em> &#8218;Topsy Turvy&#8216;) ist ein skulpturaler Rosetten-Sukkulent mit l\u00f6ffelf\u00f6rmigen blaugr\u00fcnen Bl\u00e4ttern in Silber.<\/p>\n<p>Seine Bl\u00e4tter tragen weiche, ged\u00e4mpfte T\u00f6ne und nicht helles, ges\u00e4ttigtes Gr\u00fcn, perfekt, wenn Sie eine harmonische Innenpalette anstreben, die von der Stimmung von Hidden Gem inspiriert ist.<\/p>\n<p>Dieses Sukkulenten braucht helles Licht und minimales Bew\u00e4sserung und ist ideal f\u00fcr sonnenbeschienene Regale oder als auff\u00e4llige Erg\u00e4nzung zu einem Terrarium.<\/p>\n<p>Sie finden die Topsy Turvy Echeveria bei Amazon.<\/p>\n<p>Das Aufnehmen eines lebendigen Akzents in ein Interiors-Schema ist meine Anlaufstelle, um auf einem Farbtrend zu bleiben. Ob das mit einer Pflanze oder einem wundersch\u00f6nen neuen Topf. Ich habe die meisten dieser besten Indoor -Sukkulenten in meiner Sammlung, da sie so einfach zu sorgen sind und es nichts ausmacht, wochenlang ignoriert zu werden oder w\u00e4hrend ich im Urlaub bin.<\/p>\n<div class=\"product-container hero-product-container product-block-no-wrap\">\n<div class=\"product-block-row\"><\/div>\n<div class=\"product-block-row\"><\/div>\n<div class=\"product-block-row\"><\/div>\n<\/div>\n<div class=\"block\" id=\"articleTag\" data-component-name=\"PostArticleLinks\">\n<div class=\"border-b border-b-black border-solid py-2.5 text-black font-bold uppercase\">Themen<\/div>\n<nav class=\"py-2.5 flex gap-2.5 flex-wrap\" data-analytics-id=\"article-tag\">\n<p>Zimmerpflanzen<br \/>\n<\/nav>\n<\/div>\n<\/div>\n","protected":false},"excerpt":{"rendered":"<p>Es ist wieder diese Jahreszeit, in der die unter uns besessenen Innenr\u00e4ume die neuen, trendigen Farben, die im Jahr 2026 gro\u00df sein werden, verschlingen. Anfang<\/p>\n","protected":false},"author":1,"featured_media":6789,"comment_status":"closed","ping_status":"","sticky":false,"template":"","format":"standard","meta":{"footnotes":""},"categories":[118],"tags":[935,3371,51,81,9,143,9206,1202,5316,129,1046,15,781,1902,284,21,1993],"class_list":["post-6788","post","type-post","status-publish","format-standard","has-post-thumbnail","hentry","category-haus-garten","tag-als","tag-besessen","tag-dass","tag-der","tag-die","tag-diese","tag-edelst","tag-farbe","tag-hidden","tag-ich","tag-ihnen","tag-ist","tag-kann","tag-pflanze","tag-sagen","tag-von","tag-zimmerpflanzen","generate-columns","tablet-grid-50","mobile-grid-100","grid-parent","grid-50"],"yoast_head":"<!-- This site is optimized with the Yoast SEO plugin v27.3 - https:\/\/yoast.com\/product\/yoast-seo-wordpress\/ -->\n<title>Als Pflanze, die besessen ist, kann ich Ihnen sagen, dass diese 5 Zimmerpflanzen in der Farbe von &#039;Hidden Edelst - Nachrichten - Stra\u00dfenweb<\/title>\n<meta name=\"robots\" content=\"index, follow, max-snippet:-1, max-image-preview:large, max-video-preview:-1\" \/>\n<link rel=\"canonical\" href=\"https:\/\/www.strassenweb.de\/nachrichten\/als-pflanze-die-besessen-ist-kann-ich-ihnen-sagen-dass-diese-5-zimmerpflanzen-in-der-farbe-von-hidden-edelst\/\" \/>\n<meta property=\"og:locale\" content=\"de_DE\" \/>\n<meta property=\"og:type\" content=\"article\" \/>\n<meta property=\"og:title\" content=\"Als Pflanze, die besessen ist, kann ich Ihnen sagen, dass diese 5 Zimmerpflanzen in der Farbe von &#039;Hidden Edelst - Nachrichten - Stra\u00dfenweb\" \/>\n<meta property=\"og:description\" content=\"Es ist wieder diese Jahreszeit, in der die unter uns besessenen Innenr\u00e4ume die neuen, trendigen Farben, die im Jahr 2026 gro\u00df sein werden, verschlingen. Anfang\" \/>\n<meta property=\"og:url\" content=\"https:\/\/www.strassenweb.de\/nachrichten\/als-pflanze-die-besessen-ist-kann-ich-ihnen-sagen-dass-diese-5-zimmerpflanzen-in-der-farbe-von-hidden-edelst\/\" \/>\n<meta property=\"og:site_name\" content=\"Stra\u00dfenweb\" \/>\n<meta property=\"article:publisher\" content=\"https:\/\/www.facebook.com\/strassenweb\/\" \/>\n<meta property=\"article:published_time\" content=\"2025-08-08T08:40:15+00:00\" \/>\n<meta property=\"article:modified_time\" content=\"2025-08-08T08:40:16+00:00\" \/>\n<meta property=\"og:image\" content=\"https:\/\/www.strassenweb.de\/nachrichten\/wp-content\/uploads\/2025\/08\/Als-Pflanze-die-besessen-ist-kann-ich-Ihnen-sagen-dass.jpg\" \/>\n\t<meta property=\"og:image:width\" content=\"1600\" \/>\n\t<meta property=\"og:image:height\" content=\"900\" \/>\n\t<meta property=\"og:image:type\" content=\"image\/jpeg\" \/>\n<meta name=\"author\" content=\"Robert Hoffmann\" \/>\n<meta name=\"twitter:card\" content=\"summary_large_image\" \/>\n<meta name=\"twitter:label1\" content=\"Verfasst von\" \/>\n\t<meta name=\"twitter:data1\" content=\"Robert Hoffmann\" \/>\n\t<meta name=\"twitter:label2\" content=\"Gesch\u00e4tzte Lesezeit\" \/>\n\t<meta name=\"twitter:data2\" content=\"4\u00a0Minuten\" \/>\n<script type=\"application\/ld+json\" class=\"yoast-schema-graph\">{\"@context\":\"https:\\\/\\\/schema.org\",\"@graph\":[{\"@type\":\"Article\",\"@id\":\"https:\\\/\\\/www.strassenweb.de\\\/nachrichten\\\/als-pflanze-die-besessen-ist-kann-ich-ihnen-sagen-dass-diese-5-zimmerpflanzen-in-der-farbe-von-hidden-edelst\\\/#article\",\"isPartOf\":{\"@id\":\"https:\\\/\\\/www.strassenweb.de\\\/nachrichten\\\/als-pflanze-die-besessen-ist-kann-ich-ihnen-sagen-dass-diese-5-zimmerpflanzen-in-der-farbe-von-hidden-edelst\\\/\"},\"author\":{\"name\":\"Robert Hoffmann\",\"@id\":\"https:\\\/\\\/www.strassenweb.de\\\/nachrichten\\\/#\\\/schema\\\/person\\\/87c9c9067f1211da429a744dc5a5aa41\"},\"headline\":\"Als Pflanze, die besessen ist, kann ich Ihnen sagen, dass diese 5 Zimmerpflanzen in der Farbe von &#8218;Hidden Edelst\",\"datePublished\":\"2025-08-08T08:40:15+00:00\",\"dateModified\":\"2025-08-08T08:40:16+00:00\",\"mainEntityOfPage\":{\"@id\":\"https:\\\/\\\/www.strassenweb.de\\\/nachrichten\\\/als-pflanze-die-besessen-ist-kann-ich-ihnen-sagen-dass-diese-5-zimmerpflanzen-in-der-farbe-von-hidden-edelst\\\/\"},\"wordCount\":768,\"publisher\":{\"@id\":\"https:\\\/\\\/www.strassenweb.de\\\/nachrichten\\\/#organization\"},\"image\":{\"@id\":\"https:\\\/\\\/www.strassenweb.de\\\/nachrichten\\\/als-pflanze-die-besessen-ist-kann-ich-ihnen-sagen-dass-diese-5-zimmerpflanzen-in-der-farbe-von-hidden-edelst\\\/#primaryimage\"},\"thumbnailUrl\":\"https:\\\/\\\/www.strassenweb.de\\\/nachrichten\\\/wp-content\\\/uploads\\\/2025\\\/08\\\/Als-Pflanze-die-besessen-ist-kann-ich-Ihnen-sagen-dass.jpg\",\"keywords\":[\"als\",\"besessen\",\"dass\",\"der\",\"die\",\"diese\",\"Edelst\",\"Farbe\",\"hidden\",\"ich\",\"ihnen\",\"ist\",\"kann\",\"pflanze\",\"sagen\",\"von\",\"Zimmerpflanzen\"],\"articleSection\":[\"Haus &amp; Garten\"],\"inLanguage\":\"de\"},{\"@type\":\"WebPage\",\"@id\":\"https:\\\/\\\/www.strassenweb.de\\\/nachrichten\\\/als-pflanze-die-besessen-ist-kann-ich-ihnen-sagen-dass-diese-5-zimmerpflanzen-in-der-farbe-von-hidden-edelst\\\/\",\"url\":\"https:\\\/\\\/www.strassenweb.de\\\/nachrichten\\\/als-pflanze-die-besessen-ist-kann-ich-ihnen-sagen-dass-diese-5-zimmerpflanzen-in-der-farbe-von-hidden-edelst\\\/\",\"name\":\"Als Pflanze, die besessen ist, kann ich Ihnen sagen, dass diese 5 Zimmerpflanzen in der Farbe von 'Hidden Edelst - Nachrichten - Stra\u00dfenweb\",\"isPartOf\":{\"@id\":\"https:\\\/\\\/www.strassenweb.de\\\/nachrichten\\\/#website\"},\"primaryImageOfPage\":{\"@id\":\"https:\\\/\\\/www.strassenweb.de\\\/nachrichten\\\/als-pflanze-die-besessen-ist-kann-ich-ihnen-sagen-dass-diese-5-zimmerpflanzen-in-der-farbe-von-hidden-edelst\\\/#primaryimage\"},\"image\":{\"@id\":\"https:\\\/\\\/www.strassenweb.de\\\/nachrichten\\\/als-pflanze-die-besessen-ist-kann-ich-ihnen-sagen-dass-diese-5-zimmerpflanzen-in-der-farbe-von-hidden-edelst\\\/#primaryimage\"},\"thumbnailUrl\":\"https:\\\/\\\/www.strassenweb.de\\\/nachrichten\\\/wp-content\\\/uploads\\\/2025\\\/08\\\/Als-Pflanze-die-besessen-ist-kann-ich-Ihnen-sagen-dass.jpg\",\"datePublished\":\"2025-08-08T08:40:15+00:00\",\"dateModified\":\"2025-08-08T08:40:16+00:00\",\"breadcrumb\":{\"@id\":\"https:\\\/\\\/www.strassenweb.de\\\/nachrichten\\\/als-pflanze-die-besessen-ist-kann-ich-ihnen-sagen-dass-diese-5-zimmerpflanzen-in-der-farbe-von-hidden-edelst\\\/#breadcrumb\"},\"inLanguage\":\"de\",\"potentialAction\":[{\"@type\":\"ReadAction\",\"target\":[\"https:\\\/\\\/www.strassenweb.de\\\/nachrichten\\\/als-pflanze-die-besessen-ist-kann-ich-ihnen-sagen-dass-diese-5-zimmerpflanzen-in-der-farbe-von-hidden-edelst\\\/\"]}]},{\"@type\":\"ImageObject\",\"inLanguage\":\"de\",\"@id\":\"https:\\\/\\\/www.strassenweb.de\\\/nachrichten\\\/als-pflanze-die-besessen-ist-kann-ich-ihnen-sagen-dass-diese-5-zimmerpflanzen-in-der-farbe-von-hidden-edelst\\\/#primaryimage\",\"url\":\"https:\\\/\\\/www.strassenweb.de\\\/nachrichten\\\/wp-content\\\/uploads\\\/2025\\\/08\\\/Als-Pflanze-die-besessen-ist-kann-ich-Ihnen-sagen-dass.jpg\",\"contentUrl\":\"https:\\\/\\\/www.strassenweb.de\\\/nachrichten\\\/wp-content\\\/uploads\\\/2025\\\/08\\\/Als-Pflanze-die-besessen-ist-kann-ich-Ihnen-sagen-dass.jpg\",\"width\":1600,\"height\":900,\"caption\":\"Monstera fruit and flowers\"},{\"@type\":\"BreadcrumbList\",\"@id\":\"https:\\\/\\\/www.strassenweb.de\\\/nachrichten\\\/als-pflanze-die-besessen-ist-kann-ich-ihnen-sagen-dass-diese-5-zimmerpflanzen-in-der-farbe-von-hidden-edelst\\\/#breadcrumb\",\"itemListElement\":[{\"@type\":\"ListItem\",\"position\":1,\"name\":\"Home\",\"item\":\"https:\\\/\\\/www.strassenweb.de\\\/nachrichten\\\/\"},{\"@type\":\"ListItem\",\"position\":2,\"name\":\"Als Pflanze, die besessen ist, kann ich Ihnen sagen, dass diese 5 Zimmerpflanzen in der Farbe von &#8218;Hidden Edelst\"}]},{\"@type\":\"WebSite\",\"@id\":\"https:\\\/\\\/www.strassenweb.de\\\/nachrichten\\\/#website\",\"url\":\"https:\\\/\\\/www.strassenweb.de\\\/nachrichten\\\/\",\"name\":\"Stra\u00dfenweb\",\"description\":\"Stra\u00dfenverzeichnis f\u00fcr Deutschland\",\"publisher\":{\"@id\":\"https:\\\/\\\/www.strassenweb.de\\\/nachrichten\\\/#organization\"},\"potentialAction\":[{\"@type\":\"SearchAction\",\"target\":{\"@type\":\"EntryPoint\",\"urlTemplate\":\"https:\\\/\\\/www.strassenweb.de\\\/nachrichten\\\/?s={search_term_string}\"},\"query-input\":{\"@type\":\"PropertyValueSpecification\",\"valueRequired\":true,\"valueName\":\"search_term_string\"}}],\"inLanguage\":\"de\"},{\"@type\":\"Organization\",\"@id\":\"https:\\\/\\\/www.strassenweb.de\\\/nachrichten\\\/#organization\",\"name\":\"Stra\u00dfenweb\",\"url\":\"https:\\\/\\\/www.strassenweb.de\\\/nachrichten\\\/\",\"logo\":{\"@type\":\"ImageObject\",\"inLanguage\":\"de\",\"@id\":\"https:\\\/\\\/www.strassenweb.de\\\/nachrichten\\\/#\\\/schema\\\/logo\\\/image\\\/\",\"url\":\"https:\\\/\\\/www.strassenweb.de\\\/nachrichten\\\/wp-content\\\/uploads\\\/2024\\\/09\\\/cropped-favicon.png\",\"contentUrl\":\"https:\\\/\\\/www.strassenweb.de\\\/nachrichten\\\/wp-content\\\/uploads\\\/2024\\\/09\\\/cropped-favicon.png\",\"width\":512,\"height\":512,\"caption\":\"Stra\u00dfenweb\"},\"image\":{\"@id\":\"https:\\\/\\\/www.strassenweb.de\\\/nachrichten\\\/#\\\/schema\\\/logo\\\/image\\\/\"},\"sameAs\":[\"https:\\\/\\\/www.facebook.com\\\/strassenweb\\\/\"]},{\"@type\":\"Person\",\"@id\":\"https:\\\/\\\/www.strassenweb.de\\\/nachrichten\\\/#\\\/schema\\\/person\\\/87c9c9067f1211da429a744dc5a5aa41\",\"name\":\"Robert Hoffmann\",\"image\":{\"@type\":\"ImageObject\",\"inLanguage\":\"de\",\"@id\":\"https:\\\/\\\/www.strassenweb.de\\\/nachrichten\\\/wp-content\\\/uploads\\\/2024\\\/09\\\/strassenweb-150x150.jpg\",\"url\":\"https:\\\/\\\/www.strassenweb.de\\\/nachrichten\\\/wp-content\\\/uploads\\\/2024\\\/09\\\/strassenweb-150x150.jpg\",\"contentUrl\":\"https:\\\/\\\/www.strassenweb.de\\\/nachrichten\\\/wp-content\\\/uploads\\\/2024\\\/09\\\/strassenweb-150x150.jpg\",\"caption\":\"Robert Hoffmann\"},\"description\":\"Ich hei\u00dfe Robert Hoffmann und ich bin ein leidenschaftlicher Verfechter von \u00d6kologie und Biodiversit\u00e4t. Seit meiner Kindheit in den W\u00e4ldern Bayerns f\u00fchle ich mich mit der Natur verbunden und bin entschlossen, sie zu sch\u00fctzen. Heute widme ich mein Leben der Sensibilisierung anderer f\u00fcr die Bedeutung des Umweltschutzes f\u00fcr zuk\u00fcnftige Generationen.\",\"sameAs\":[\"https:\\\/\\\/www.strassenweb.de\\\/\"]}]}<\/script>\n<!-- \/ Yoast SEO plugin. -->","yoast_head_json":{"title":"Als Pflanze, die besessen ist, kann ich Ihnen sagen, dass diese 5 Zimmerpflanzen in der Farbe von 'Hidden Edelst - Nachrichten - Stra\u00dfenweb","robots":{"index":"index","follow":"follow","max-snippet":"max-snippet:-1","max-image-preview":"max-image-preview:large","max-video-preview":"max-video-preview:-1"},"canonical":"https:\/\/www.strassenweb.de\/nachrichten\/als-pflanze-die-besessen-ist-kann-ich-ihnen-sagen-dass-diese-5-zimmerpflanzen-in-der-farbe-von-hidden-edelst\/","og_locale":"de_DE","og_type":"article","og_title":"Als Pflanze, die besessen ist, kann ich Ihnen sagen, dass diese 5 Zimmerpflanzen in der Farbe von 'Hidden Edelst - Nachrichten - Stra\u00dfenweb","og_description":"Es ist wieder diese Jahreszeit, in der die unter uns besessenen Innenr\u00e4ume die neuen, trendigen Farben, die im Jahr 2026 gro\u00df sein werden, verschlingen. Anfang","og_url":"https:\/\/www.strassenweb.de\/nachrichten\/als-pflanze-die-besessen-ist-kann-ich-ihnen-sagen-dass-diese-5-zimmerpflanzen-in-der-farbe-von-hidden-edelst\/","og_site_name":"Stra\u00dfenweb","article_publisher":"https:\/\/www.facebook.com\/strassenweb\/","article_published_time":"2025-08-08T08:40:15+00:00","article_modified_time":"2025-08-08T08:40:16+00:00","og_image":[{"width":1600,"height":900,"url":"https:\/\/www.strassenweb.de\/nachrichten\/wp-content\/uploads\/2025\/08\/Als-Pflanze-die-besessen-ist-kann-ich-Ihnen-sagen-dass.jpg","type":"image\/jpeg"}],"author":"Robert Hoffmann","twitter_card":"summary_large_image","twitter_misc":{"Verfasst von":"Robert Hoffmann","Gesch\u00e4tzte Lesezeit":"4\u00a0Minuten"},"schema":{"@context":"https:\/\/schema.org","@graph":[{"@type":"Article","@id":"https:\/\/www.strassenweb.de\/nachrichten\/als-pflanze-die-besessen-ist-kann-ich-ihnen-sagen-dass-diese-5-zimmerpflanzen-in-der-farbe-von-hidden-edelst\/#article","isPartOf":{"@id":"https:\/\/www.strassenweb.de\/nachrichten\/als-pflanze-die-besessen-ist-kann-ich-ihnen-sagen-dass-diese-5-zimmerpflanzen-in-der-farbe-von-hidden-edelst\/"},"author":{"name":"Robert Hoffmann","@id":"https:\/\/www.strassenweb.de\/nachrichten\/#\/schema\/person\/87c9c9067f1211da429a744dc5a5aa41"},"headline":"Als Pflanze, die besessen ist, kann ich Ihnen sagen, dass diese 5 Zimmerpflanzen in der Farbe von &#8218;Hidden Edelst","datePublished":"2025-08-08T08:40:15+00:00","dateModified":"2025-08-08T08:40:16+00:00","mainEntityOfPage":{"@id":"https:\/\/www.strassenweb.de\/nachrichten\/als-pflanze-die-besessen-ist-kann-ich-ihnen-sagen-dass-diese-5-zimmerpflanzen-in-der-farbe-von-hidden-edelst\/"},"wordCount":768,"publisher":{"@id":"https:\/\/www.strassenweb.de\/nachrichten\/#organization"},"image":{"@id":"https:\/\/www.strassenweb.de\/nachrichten\/als-pflanze-die-besessen-ist-kann-ich-ihnen-sagen-dass-diese-5-zimmerpflanzen-in-der-farbe-von-hidden-edelst\/#primaryimage"},"thumbnailUrl":"https:\/\/www.strassenweb.de\/nachrichten\/wp-content\/uploads\/2025\/08\/Als-Pflanze-die-besessen-ist-kann-ich-Ihnen-sagen-dass.jpg","keywords":["als","besessen","dass","der","die","diese","Edelst","Farbe","hidden","ich","ihnen","ist","kann","pflanze","sagen","von","Zimmerpflanzen"],"articleSection":["Haus &amp; Garten"],"inLanguage":"de"},{"@type":"WebPage","@id":"https:\/\/www.strassenweb.de\/nachrichten\/als-pflanze-die-besessen-ist-kann-ich-ihnen-sagen-dass-diese-5-zimmerpflanzen-in-der-farbe-von-hidden-edelst\/","url":"https:\/\/www.strassenweb.de\/nachrichten\/als-pflanze-die-besessen-ist-kann-ich-ihnen-sagen-dass-diese-5-zimmerpflanzen-in-der-farbe-von-hidden-edelst\/","name":"Als Pflanze, die besessen ist, kann ich Ihnen sagen, dass diese 5 Zimmerpflanzen in der Farbe von 'Hidden Edelst - Nachrichten - Stra\u00dfenweb","isPartOf":{"@id":"https:\/\/www.strassenweb.de\/nachrichten\/#website"},"primaryImageOfPage":{"@id":"https:\/\/www.strassenweb.de\/nachrichten\/als-pflanze-die-besessen-ist-kann-ich-ihnen-sagen-dass-diese-5-zimmerpflanzen-in-der-farbe-von-hidden-edelst\/#primaryimage"},"image":{"@id":"https:\/\/www.strassenweb.de\/nachrichten\/als-pflanze-die-besessen-ist-kann-ich-ihnen-sagen-dass-diese-5-zimmerpflanzen-in-der-farbe-von-hidden-edelst\/#primaryimage"},"thumbnailUrl":"https:\/\/www.strassenweb.de\/nachrichten\/wp-content\/uploads\/2025\/08\/Als-Pflanze-die-besessen-ist-kann-ich-Ihnen-sagen-dass.jpg","datePublished":"2025-08-08T08:40:15+00:00","dateModified":"2025-08-08T08:40:16+00:00","breadcrumb":{"@id":"https:\/\/www.strassenweb.de\/nachrichten\/als-pflanze-die-besessen-ist-kann-ich-ihnen-sagen-dass-diese-5-zimmerpflanzen-in-der-farbe-von-hidden-edelst\/#breadcrumb"},"inLanguage":"de","potentialAction":[{"@type":"ReadAction","target":["https:\/\/www.strassenweb.de\/nachrichten\/als-pflanze-die-besessen-ist-kann-ich-ihnen-sagen-dass-diese-5-zimmerpflanzen-in-der-farbe-von-hidden-edelst\/"]}]},{"@type":"ImageObject","inLanguage":"de","@id":"https:\/\/www.strassenweb.de\/nachrichten\/als-pflanze-die-besessen-ist-kann-ich-ihnen-sagen-dass-diese-5-zimmerpflanzen-in-der-farbe-von-hidden-edelst\/#primaryimage","url":"https:\/\/www.strassenweb.de\/nachrichten\/wp-content\/uploads\/2025\/08\/Als-Pflanze-die-besessen-ist-kann-ich-Ihnen-sagen-dass.jpg","contentUrl":"https:\/\/www.strassenweb.de\/nachrichten\/wp-content\/uploads\/2025\/08\/Als-Pflanze-die-besessen-ist-kann-ich-Ihnen-sagen-dass.jpg","width":1600,"height":900,"caption":"Monstera fruit and flowers"},{"@type":"BreadcrumbList","@id":"https:\/\/www.strassenweb.de\/nachrichten\/als-pflanze-die-besessen-ist-kann-ich-ihnen-sagen-dass-diese-5-zimmerpflanzen-in-der-farbe-von-hidden-edelst\/#breadcrumb","itemListElement":[{"@type":"ListItem","position":1,"name":"Home","item":"https:\/\/www.strassenweb.de\/nachrichten\/"},{"@type":"ListItem","position":2,"name":"Als Pflanze, die besessen ist, kann ich Ihnen sagen, dass diese 5 Zimmerpflanzen in der Farbe von &#8218;Hidden Edelst"}]},{"@type":"WebSite","@id":"https:\/\/www.strassenweb.de\/nachrichten\/#website","url":"https:\/\/www.strassenweb.de\/nachrichten\/","name":"Stra\u00dfenweb","description":"Stra\u00dfenverzeichnis f\u00fcr Deutschland","publisher":{"@id":"https:\/\/www.strassenweb.de\/nachrichten\/#organization"},"potentialAction":[{"@type":"SearchAction","target":{"@type":"EntryPoint","urlTemplate":"https:\/\/www.strassenweb.de\/nachrichten\/?s={search_term_string}"},"query-input":{"@type":"PropertyValueSpecification","valueRequired":true,"valueName":"search_term_string"}}],"inLanguage":"de"},{"@type":"Organization","@id":"https:\/\/www.strassenweb.de\/nachrichten\/#organization","name":"Stra\u00dfenweb","url":"https:\/\/www.strassenweb.de\/nachrichten\/","logo":{"@type":"ImageObject","inLanguage":"de","@id":"https:\/\/www.strassenweb.de\/nachrichten\/#\/schema\/logo\/image\/","url":"https:\/\/www.strassenweb.de\/nachrichten\/wp-content\/uploads\/2024\/09\/cropped-favicon.png","contentUrl":"https:\/\/www.strassenweb.de\/nachrichten\/wp-content\/uploads\/2024\/09\/cropped-favicon.png","width":512,"height":512,"caption":"Stra\u00dfenweb"},"image":{"@id":"https:\/\/www.strassenweb.de\/nachrichten\/#\/schema\/logo\/image\/"},"sameAs":["https:\/\/www.facebook.com\/strassenweb\/"]},{"@type":"Person","@id":"https:\/\/www.strassenweb.de\/nachrichten\/#\/schema\/person\/87c9c9067f1211da429a744dc5a5aa41","name":"Robert Hoffmann","image":{"@type":"ImageObject","inLanguage":"de","@id":"https:\/\/www.strassenweb.de\/nachrichten\/wp-content\/uploads\/2024\/09\/strassenweb-150x150.jpg","url":"https:\/\/www.strassenweb.de\/nachrichten\/wp-content\/uploads\/2024\/09\/strassenweb-150x150.jpg","contentUrl":"https:\/\/www.strassenweb.de\/nachrichten\/wp-content\/uploads\/2024\/09\/strassenweb-150x150.jpg","caption":"Robert Hoffmann"},"description":"Ich hei\u00dfe Robert Hoffmann und ich bin ein leidenschaftlicher Verfechter von \u00d6kologie und Biodiversit\u00e4t. Seit meiner Kindheit in den W\u00e4ldern Bayerns f\u00fchle ich mich mit der Natur verbunden und bin entschlossen, sie zu sch\u00fctzen. Heute widme ich mein Leben der Sensibilisierung anderer f\u00fcr die Bedeutung des Umweltschutzes f\u00fcr zuk\u00fcnftige Generationen.","sameAs":["https:\/\/www.strassenweb.de\/"]}]}},"_links":{"self":[{"href":"https:\/\/www.strassenweb.de\/nachrichten\/wp-json\/wp\/v2\/posts\/6788","targetHints":{"allow":["GET"]}}],"collection":[{"href":"https:\/\/www.strassenweb.de\/nachrichten\/wp-json\/wp\/v2\/posts"}],"about":[{"href":"https:\/\/www.strassenweb.de\/nachrichten\/wp-json\/wp\/v2\/types\/post"}],"author":[{"embeddable":true,"href":"https:\/\/www.strassenweb.de\/nachrichten\/wp-json\/wp\/v2\/users\/1"}],"replies":[{"embeddable":true,"href":"https:\/\/www.strassenweb.de\/nachrichten\/wp-json\/wp\/v2\/comments?post=6788"}],"version-history":[{"count":0,"href":"https:\/\/www.strassenweb.de\/nachrichten\/wp-json\/wp\/v2\/posts\/6788\/revisions"}],"wp:featuredmedia":[{"embeddable":true,"href":"https:\/\/www.strassenweb.de\/nachrichten\/wp-json\/wp\/v2\/media\/6789"}],"wp:attachment":[{"href":"https:\/\/www.strassenweb.de\/nachrichten\/wp-json\/wp\/v2\/media?parent=6788"}],"wp:term":[{"taxonomy":"category","embeddable":true,"href":"https:\/\/www.strassenweb.de\/nachrichten\/wp-json\/wp\/v2\/categories?post=6788"},{"taxonomy":"post_tag","embeddable":true,"href":"https:\/\/www.strassenweb.de\/nachrichten\/wp-json\/wp\/v2\/tags?post=6788"}],"curies":[{"name":"wp","href":"https:\/\/api.w.org\/{rel}","templated":true}]}}