{"id":6785,"date":"2025-08-08T07:39:37","date_gmt":"2025-08-08T05:39:37","guid":{"rendered":"https:\/\/www.strassenweb.de\/nachrichten\/kann-ich-die-wurzeln-des-baumes-meines-nachbarn-in-meinem-garten-schneiden-anwaelte-und-landschaftsfachkraefte-raten-und-geben-sie-offen-wann-sie-gegen-das-gesetz-verstossen-koennten\/"},"modified":"2025-08-08T07:39:37","modified_gmt":"2025-08-08T05:39:37","slug":"kann-ich-die-wurzeln-des-baumes-meines-nachbarn-in-meinem-garten-schneiden-anwaelte-und-landschaftsfachkraefte-raten-und-geben-sie-offen-wann-sie-gegen-das-gesetz-verstossen-koennten","status":"publish","type":"post","link":"https:\/\/www.strassenweb.de\/nachrichten\/kann-ich-die-wurzeln-des-baumes-meines-nachbarn-in-meinem-garten-schneiden-anwaelte-und-landschaftsfachkraefte-raten-und-geben-sie-offen-wann-sie-gegen-das-gesetz-verstossen-koennten\/","title":{"rendered":"Kann ich die Wurzeln des Baumes meines Nachbarn in meinem Garten schneiden? Anw\u00e4lte und Landschaftsfachkr\u00e4fte raten &#8211; und geben Sie offen, wann Sie gegen das Gesetz versto\u00dfen k\u00f6nnten"},"content":{"rendered":"<p><\/p>\n<div id=\"article-body\" class=\"article__body \">\n<p>Problematische benachbarte B\u00e4ume k\u00f6nnen sich als unangenehmes Gartendilemma erweisen. Egal, ob sie Schatten werfen, Ihr Eigentum \u00fcberlegen oder vielleicht die dicken, aber -stress -Wurzeln schlie\u00dfen sich unter den Zaun und st\u00f6ren Ihre Terrasse, es kann schwierig sein, sich zu l\u00f6sen.<\/p>\n<div id=\"ad-unit-1\" class=\"ad-unit\"><\/div>\n<p>Der erste Schritt ist ein freundliches Gespr\u00e4ch. Schlie\u00dflich merkt Ihr Nachbar m\u00f6glicherweise nicht, wie sich die Wurzeln auf Ihre Seite der Grenzlinie auswirken. Und w\u00e4hrend Sie im Allgemeinen frei sind, so zu handeln, wie Sie es w\u00fcnschen, wenn eine Anlage in Ihrem Garten w\u00e4chst, m\u00fcssen sich einige rechtliche Auswirkungen bewusst sein. Wenn beispielsweise die Entfernung eines Wurzels den Baum destabilisiert und er f\u00e4llt, haftet Sie als Wurzelschneider f\u00fcr Besch\u00e4digungen und Austausch.<\/p>\n<aside data-block-type=\"embed\" data-render-type=\"fte\" data-skip=\"dealsy\" data-widget-type=\"seasonal\" class=\"hawk-base\"><\/aside>\n<p>Wenn Sie also fragen: Kann ich den Baum meines Nachbarn beschneiden, nehmen Sie sich einen Moment Zeit, um zu beurteilen, was Sie mit unserem Expertenf\u00fchrer tun k\u00f6nnen und was nicht, einschlie\u00dflich Tipps eines professionellen G\u00e4rtners in Wisconsin und einem Anwalt aus Kalifornien.<\/p>\n<div class=\"van_vid_carousel\">\n<div class=\"van_vid_carousel__padding\">\n<div class=\"van_vid_carousel__container\"><\/div>\n<\/div>\n<\/div>\n<h3 class=\"article-body__section\" id=\"section-can-i-cut-the-roots-of-my-neighbor-s-tree\"><span>Kann ich die Wurzeln des Baumes meines Nachbarn schneiden?<\/span><\/h3>\n<figure class=\"van-image-figure inline-layout \" data-bordeaux-image-check>\n<div class=\"image-full-width-wrapper\">\n<div class=\"image-widthsetter\" style=\"max-width:2400px;\"><\/div>\n<\/div>\n<\/figure>\n<p>&#8222;Aus gesetzlicher Sicht d\u00fcrfen Sie die Teile der B\u00e4ume oder Pflanzen Ihres Nachbarn loswerden oder mit den Teilen der B\u00e4ume Ihres Nachbarn landen&#8220;, sagt Ben Michael, Anwalt, Michael &#038; Associates.<\/p>\n<div id=\"ad-unit-2\" class=\"ad-unit\"><\/div>\n<p>\u00bbEgal, ob das die Hecke eines Nachbarn schneidet, die Wurzeln Ihres Nachbarn oder die Baumwurzeln des Nachbarn beschnitten und in Ihren Garten expandiert, Sie k\u00f6nnen sich mit der genauen Grenze legal mit der genauen Grenze befassen\u00ab, sagt Ben, aber nie \u00fcber die Linie.<\/p>\n<p>&#8218;Sie k\u00f6nnen jedoch auch legal keine erhebliche Sch\u00e4digung der Anlage verursachen. Ihr Wurzelbeschnitten kann zum Beispiel nicht dazu f\u00fchren, dass die Anlage stirbt.<\/p>\n<p>\u201eSie m\u00fcssen also vorsichtig sein, wenn es um Baumwurzeln geht. Wenn das Entfernen m\u00f6glicherweise den Baum sch\u00e4digen k\u00f6nnte, sollten Sie dies vermeiden, da dies ein Baumbeschneidungsfehler w\u00e4re, der Sie m\u00f6glicherweise kostet. &#8218;<\/p>\n<div id=\"slice-container-newsletterForm-articleInbodyContent-xsrt7K6tYerHjYVFiLPsXB\" class=\"slice-container newsletter-inbodyContent-slice newsletterForm-articleInbodyContent-xsrt7K6tYerHjYVFiLPsXB slice-container-newsletterForm\"><\/div>\n<p>Katie Sunderglage, eine in Wisconsin ans\u00e4ssige Gartenexpertin, stimmt zu: \u201eWenn es darum geht, die Wurzeln eines Baumes auf Ihrem Grundst\u00fcck zur\u00fcckzuschneiden, aber es geh\u00f6rt Ihrem Nachbarn, ist es immer am besten, sich bei Ihrer \u00f6rtlichen Gerichtsbarkeit zu erkundigen. Die meisten Gerichtsbarkeiten erm\u00f6glichen es einem Landbesitzer, Baumwurzeln aus dem Baum eines Nachbarn zu schneiden oder zu schneiden, die an seinem Land eindringen.<\/p>\n<p>&#8218;Die R\u00fcckf\u00fchrung in die Grundst\u00fccksgrenze ist normalerweise zul\u00e4ssig, solange die Gesundheit des Baumes nicht in Gefahr ist.<\/p>\n<p>&#8222;Unabh\u00e4ngig von der Situation, wenn ich Baumzweige beschnitten habe, bin ich der Meinung, dass es die beste Praxis ist, ein Gespr\u00e4ch mit dem Nachbarn zu f\u00fchren, bevor irgendetwas getan wird&#8220;, sagt Katie. \u201eIch denke, es ist wichtig, eine gute Beziehung zu einem Nachbarn aufrechtzuerhalten.<\/p>\n<p>&#8222;Und wer wei\u00df, der Nachbar kann bei den Ausgaben helfen oder andere Optionen f\u00fcr eine L\u00f6sung haben, ohne dass es sauer wird.&#8220;<\/p>\n<div class=\"min-h-(270px) mb-4 viafoura-twig-component\" id=\"viafoura-engagement-starter-wrapper\" data-component-name=\"Elk:Embed:EngagementStarter\">\n<div class=\"viafoura\">\n<div>\n<vf-conversation-starter target=\"viafoura-comments\" title=\"Do your neighbor's trees impact on your yard?\" description=\"How do you care for trees on the border of your property? \" minimum-comment-count=\"5\"><br \/>\n<\/vf-conversation-starter>\n<\/div>\n<\/div>\n<\/div>\n<h3 class=\"article-body__section\" id=\"section-steps-to-take-when-trimming-roots\"><span>Schritte, die beim Trimmen von Wurzeln unternommen werden m\u00fcssen<\/span><\/h3>\n<figure class=\"van-image-figure inline-layout \" data-bordeaux-image-check>\n<div class=\"image-full-width-wrapper\">\n<div class=\"image-widthsetter\" style=\"max-width:2000px;\"><\/div>\n<\/div>\n<\/figure>\n<p>Einige B\u00e4ume, wie \u00f6stliche Redbuds, neigen nicht dazu, flache Oberfl\u00e4chenwurzeln zu produzieren, w\u00e4hrend einige andere Arten, einschlie\u00dflich invasive B\u00e4ume wie Bradford Pears, problematische Wurzeln produzieren, die sich entlang der Oberfl\u00e4che des Bodens schlangen.<\/p>\n<p>Alle kleineren Wurzeln unter einem Durchmesser von einem oder zwei Zentimeter k\u00f6nnen einfach mit einer Beschneidungss\u00e4ge zur\u00fcckgehackt werden.<\/p>\n<p>Bei einem gro\u00dfen, etablierten Baum wirkt sich das Entfernen des gesamten Baumes nicht auf die Gesundheit des Gesamtbaums aus. Etwas wie diese hoch bewertete Corona -Schnitts\u00e4ge, die \u00fcber Amazon erh\u00e4ltlich ist, sollte die Arbeit erledigen.<\/p>\n<p>F\u00fcr alles gr\u00f6\u00dfere empfiehlt Katie jedoch, die Aboristen anzurufen.<\/p>\n<p>&#8222;Sie denken vielleicht, ich kann das selbst tun, aber die Fachleute werden in der Lage sein, den besten Rat zu geben&#8220;, sagt Katie. \u201eSie werden diese Quandry wahrscheinlich schon mehrfach erlebt haben.<\/p>\n<p>\u201eTats\u00e4chlich ist mir das gerade passiert. Ich lebe in einer etablierten Nachbarschaft mit gro\u00dfen B\u00e4umen und Datenschutzstr\u00e4uchern zwischen unseren Loslinien \u201c, f\u00e4hrt Katie fort.<\/p>\n<p>\u00bbAls wir ein Zitat auf unserem Zaun bekamen, wurde es zu dieser Zeit erzogen, dass einige der Wurzeln von B\u00e4umen auf dem Los des Nachbarn den Ort haben, an dem die Pfosten gehen m\u00fcssen.<\/p>\n<p>\u201eBevor sie \u00fcberhaupt anfingen zu graben, sprachen wir mit dem Nachbarn \u00fcber die M\u00f6glichkeit und erw\u00e4hnten, dass einige der Wurzeln m\u00f6glicherweise beim Einf\u00fcgen der Pfosten getrimmt werden m\u00fcssen.<\/p>\n<p>&#8218;Die Person, die unseren Zaun eingab, hatte ein Dokument, das sich bereits \u00fcber die Notwendigkeit gebildet hat, m\u00f6glicherweise Wurzeln zur\u00fcckzuschneiden, was wir dem Nachbarn gaben.<\/p>\n<p>\u201eWir haben beide das Dokument unterschrieben und datiert, dass wir uns beide bewusst waren, dass die Baumwurzeln m\u00f6glicherweise getrimmt werden m\u00fcssen. Wenn irgendwelche gro\u00df genug waren, oder in einem Gebiet, in dem das Zauninstallationsteam Schaden verursachen kann, konsultierten sie uns beide, bevor sie fortgesetzt wurden.<\/p>\n<p>\u00bbDer Nachbar war sehr dankbar, dass wir zuvor mit ihm gesprochen haben, und erw\u00e4hnte auch, dass er in Zukunft etwas Arbeit leisten wird und w\u00fcrde weiter mit uns sprechen, wenn er dachte, dass B\u00e4ume auf unserem Los von dieser Arbeit betroffen sein w\u00fcrden.<\/p>\n<p>\u201eEs war eine gro\u00dfartige Interaktion, und ich denke, es hat uns beide in Zukunft offen f\u00fcr alle \u00c4nderungen, die wir an unserem Garten vornehmen, offen gemacht. Kommunikation ist also K\u00f6nig, und ich w\u00fcrde immer empfehlen, professionelle Hilfe und Anleitung zu suchen, bevor ich Ihre Axt aus dem Gartenschuppen herausholte. &#8218;<\/p>\n<p>F\u00fcr alle kleineren Schnittjobs k\u00f6nnen Sie eine Mini-Chains\u00e4ge verwenden, die leicht durch Zweige und Wurzeln schneiden kann. Probieren Sie so etwas wie diese Saker Electric Mini-Chainsaw, die ab sofort \u00fcber Amazon erh\u00e4ltlich ist.<\/p>\n<p>Wie bei den meisten nachbarschaftlichen Streitigkeiten ist oft die beste Vorgehensweise die Kommunikation. Ein ruhiger Gespr\u00e4ch \u00fcber eine Tasse Kaffee k\u00f6nnte dazu beitragen, schnell Verwirrung zu l\u00f6sen, und mit etwas Gl\u00fcck k\u00f6nnen Sie sich auf einen gemeinsamen Aktionsplan einigen, in dem sich beide Parteien einbezogen und bef\u00e4higt f\u00fchlen.<\/p>\n<p>Weitere Informationen finden Sie in unserer Funktion, was zu tun ist, wenn der Baum Ihres Nachbarn Sonnenlicht aus Ihrem Garten blockiert.<\/p>\n<h2 id=\"shop-pruning-accessories-3\">Laden Sie Accessoires ein<\/h2>\n<div class=\"product-container hero-product-container product-block-no-wrap\">\n<div class=\"product-block-row\"><\/div>\n<div class=\"product-block-row\"><\/div>\n<div class=\"product-block-row\"><\/div>\n<\/div>\n<div class=\"block\" id=\"articleTag\" data-component-name=\"PostArticleLinks\">\n<div class=\"border-b border-b-black border-solid py-2.5 text-black font-bold uppercase\">Themen<\/div>\n<nav class=\"py-2.5 flex gap-2.5 flex-wrap\" data-analytics-id=\"article-tag\">\n<p>B\u00e4ume beschneiden<br \/>\n<\/nav>\n<\/div>\n<\/div>\n","protected":false},"excerpt":{"rendered":"<p>Problematische benachbarte B\u00e4ume k\u00f6nnen sich als unangenehmes Gartendilemma erweisen. Egal, ob sie Schatten werfen, Ihr Eigentum \u00fcberlegen oder vielleicht die dicken, aber -stress -Wurzeln schlie\u00dfen<\/p>\n","protected":false},"author":1,"featured_media":6786,"comment_status":"closed","ping_status":"","sticky":false,"template":"","format":"standard","meta":{"footnotes":""},"categories":[118],"tags":[9201,5940,112,281,9,320,556,294,9204,129,781,674,9202,1860,1619,1632,9203,3253,2031,165,37,9205,131,1849],"class_list":["post-6785","post","type-post","status-publish","format-standard","has-post-thumbnail","hentry","category-haus-garten","tag-anwaelte","tag-baumes","tag-das","tag-des","tag-die","tag-garten","tag-geben","tag-gegen","tag-gesetz","tag-ich","tag-kann","tag-koennten","tag-landschaftsfachkraefte","tag-meinem","tag-meines","tag-nachbarn","tag-offen","tag-raten","tag-schneiden","tag-sie","tag-und","tag-verstossen","tag-wann","tag-wurzeln","generate-columns","tablet-grid-50","mobile-grid-100","grid-parent","grid-50"],"yoast_head":"<!-- This site is optimized with the Yoast SEO plugin v27.3 - https:\/\/yoast.com\/product\/yoast-seo-wordpress\/ -->\n<title>Kann ich die Wurzeln des Baumes meines Nachbarn in meinem Garten schneiden? Anw\u00e4lte und Landschaftsfachkr\u00e4fte raten - und geben Sie offen, wann Sie gegen das Gesetz versto\u00dfen k\u00f6nnten - Nachrichten - Stra\u00dfenweb<\/title>\n<meta name=\"robots\" content=\"index, follow, max-snippet:-1, max-image-preview:large, max-video-preview:-1\" \/>\n<link rel=\"canonical\" href=\"https:\/\/www.strassenweb.de\/nachrichten\/kann-ich-die-wurzeln-des-baumes-meines-nachbarn-in-meinem-garten-schneiden-anwaelte-und-landschaftsfachkraefte-raten-und-geben-sie-offen-wann-sie-gegen-das-gesetz-verstossen-koennten\/\" \/>\n<meta property=\"og:locale\" content=\"de_DE\" \/>\n<meta property=\"og:type\" content=\"article\" \/>\n<meta property=\"og:title\" content=\"Kann ich die Wurzeln des Baumes meines Nachbarn in meinem Garten schneiden? Anw\u00e4lte und Landschaftsfachkr\u00e4fte raten - und geben Sie offen, wann Sie gegen das Gesetz versto\u00dfen k\u00f6nnten - Nachrichten - Stra\u00dfenweb\" \/>\n<meta property=\"og:description\" content=\"Problematische benachbarte B\u00e4ume k\u00f6nnen sich als unangenehmes Gartendilemma erweisen. Egal, ob sie Schatten werfen, Ihr Eigentum \u00fcberlegen oder vielleicht die dicken, aber -stress -Wurzeln schlie\u00dfen\" \/>\n<meta property=\"og:url\" content=\"https:\/\/www.strassenweb.de\/nachrichten\/kann-ich-die-wurzeln-des-baumes-meines-nachbarn-in-meinem-garten-schneiden-anwaelte-und-landschaftsfachkraefte-raten-und-geben-sie-offen-wann-sie-gegen-das-gesetz-verstossen-koennten\/\" \/>\n<meta property=\"og:site_name\" content=\"Stra\u00dfenweb\" \/>\n<meta property=\"article:publisher\" content=\"https:\/\/www.facebook.com\/strassenweb\/\" \/>\n<meta property=\"article:published_time\" content=\"2025-08-08T05:39:37+00:00\" \/>\n<meta property=\"og:image\" content=\"https:\/\/www.strassenweb.de\/nachrichten\/wp-content\/uploads\/2025\/08\/Kann-ich-die-Wurzeln-des-Baumes-meines-Nachbarn-in-meinem.jpg\" \/>\n\t<meta property=\"og:image:width\" content=\"1600\" \/>\n\t<meta property=\"og:image:height\" content=\"900\" \/>\n\t<meta property=\"og:image:type\" content=\"image\/jpeg\" \/>\n<meta name=\"author\" content=\"Robert Hoffmann\" \/>\n<meta name=\"twitter:card\" content=\"summary_large_image\" \/>\n<meta name=\"twitter:label1\" content=\"Verfasst von\" \/>\n\t<meta name=\"twitter:data1\" content=\"Robert Hoffmann\" \/>\n\t<meta name=\"twitter:label2\" content=\"Gesch\u00e4tzte Lesezeit\" \/>\n\t<meta name=\"twitter:data2\" content=\"5\u00a0Minuten\" \/>\n<script type=\"application\/ld+json\" class=\"yoast-schema-graph\">{\"@context\":\"https:\\\/\\\/schema.org\",\"@graph\":[{\"@type\":\"Article\",\"@id\":\"https:\\\/\\\/www.strassenweb.de\\\/nachrichten\\\/kann-ich-die-wurzeln-des-baumes-meines-nachbarn-in-meinem-garten-schneiden-anwaelte-und-landschaftsfachkraefte-raten-und-geben-sie-offen-wann-sie-gegen-das-gesetz-verstossen-koennten\\\/#article\",\"isPartOf\":{\"@id\":\"https:\\\/\\\/www.strassenweb.de\\\/nachrichten\\\/kann-ich-die-wurzeln-des-baumes-meines-nachbarn-in-meinem-garten-schneiden-anwaelte-und-landschaftsfachkraefte-raten-und-geben-sie-offen-wann-sie-gegen-das-gesetz-verstossen-koennten\\\/\"},\"author\":{\"name\":\"Robert Hoffmann\",\"@id\":\"https:\\\/\\\/www.strassenweb.de\\\/nachrichten\\\/#\\\/schema\\\/person\\\/87c9c9067f1211da429a744dc5a5aa41\"},\"headline\":\"Kann ich die Wurzeln des Baumes meines Nachbarn in meinem Garten schneiden? Anw\u00e4lte und Landschaftsfachkr\u00e4fte raten &#8211; und geben Sie offen, wann Sie gegen das Gesetz versto\u00dfen k\u00f6nnten\",\"datePublished\":\"2025-08-08T05:39:37+00:00\",\"mainEntityOfPage\":{\"@id\":\"https:\\\/\\\/www.strassenweb.de\\\/nachrichten\\\/kann-ich-die-wurzeln-des-baumes-meines-nachbarn-in-meinem-garten-schneiden-anwaelte-und-landschaftsfachkraefte-raten-und-geben-sie-offen-wann-sie-gegen-das-gesetz-verstossen-koennten\\\/\"},\"wordCount\":1053,\"publisher\":{\"@id\":\"https:\\\/\\\/www.strassenweb.de\\\/nachrichten\\\/#organization\"},\"image\":{\"@id\":\"https:\\\/\\\/www.strassenweb.de\\\/nachrichten\\\/kann-ich-die-wurzeln-des-baumes-meines-nachbarn-in-meinem-garten-schneiden-anwaelte-und-landschaftsfachkraefte-raten-und-geben-sie-offen-wann-sie-gegen-das-gesetz-verstossen-koennten\\\/#primaryimage\"},\"thumbnailUrl\":\"https:\\\/\\\/www.strassenweb.de\\\/nachrichten\\\/wp-content\\\/uploads\\\/2025\\\/08\\\/Kann-ich-die-Wurzeln-des-Baumes-meines-Nachbarn-in-meinem.jpg\",\"keywords\":[\"Anw\u00e4lte\",\"Baumes\",\"das\",\"des\",\"die\",\"Garten\",\"geben\",\"gegen\",\"Gesetz\",\"ich\",\"kann\",\"k\u00f6nnten\",\"Landschaftsfachkr\u00e4fte\",\"meinem\",\"meines\",\"Nachbarn\",\"offen\",\"raten\",\"schneiden\",\"Sie\",\"und\",\"versto\u00dfen\",\"Wann\",\"Wurzeln\"],\"articleSection\":[\"Haus &amp; Garten\"],\"inLanguage\":\"de\"},{\"@type\":\"WebPage\",\"@id\":\"https:\\\/\\\/www.strassenweb.de\\\/nachrichten\\\/kann-ich-die-wurzeln-des-baumes-meines-nachbarn-in-meinem-garten-schneiden-anwaelte-und-landschaftsfachkraefte-raten-und-geben-sie-offen-wann-sie-gegen-das-gesetz-verstossen-koennten\\\/\",\"url\":\"https:\\\/\\\/www.strassenweb.de\\\/nachrichten\\\/kann-ich-die-wurzeln-des-baumes-meines-nachbarn-in-meinem-garten-schneiden-anwaelte-und-landschaftsfachkraefte-raten-und-geben-sie-offen-wann-sie-gegen-das-gesetz-verstossen-koennten\\\/\",\"name\":\"Kann ich die Wurzeln des Baumes meines Nachbarn in meinem Garten schneiden? Anw\u00e4lte und Landschaftsfachkr\u00e4fte raten - und geben Sie offen, wann Sie gegen das Gesetz versto\u00dfen k\u00f6nnten - Nachrichten - Stra\u00dfenweb\",\"isPartOf\":{\"@id\":\"https:\\\/\\\/www.strassenweb.de\\\/nachrichten\\\/#website\"},\"primaryImageOfPage\":{\"@id\":\"https:\\\/\\\/www.strassenweb.de\\\/nachrichten\\\/kann-ich-die-wurzeln-des-baumes-meines-nachbarn-in-meinem-garten-schneiden-anwaelte-und-landschaftsfachkraefte-raten-und-geben-sie-offen-wann-sie-gegen-das-gesetz-verstossen-koennten\\\/#primaryimage\"},\"image\":{\"@id\":\"https:\\\/\\\/www.strassenweb.de\\\/nachrichten\\\/kann-ich-die-wurzeln-des-baumes-meines-nachbarn-in-meinem-garten-schneiden-anwaelte-und-landschaftsfachkraefte-raten-und-geben-sie-offen-wann-sie-gegen-das-gesetz-verstossen-koennten\\\/#primaryimage\"},\"thumbnailUrl\":\"https:\\\/\\\/www.strassenweb.de\\\/nachrichten\\\/wp-content\\\/uploads\\\/2025\\\/08\\\/Kann-ich-die-Wurzeln-des-Baumes-meines-Nachbarn-in-meinem.jpg\",\"datePublished\":\"2025-08-08T05:39:37+00:00\",\"breadcrumb\":{\"@id\":\"https:\\\/\\\/www.strassenweb.de\\\/nachrichten\\\/kann-ich-die-wurzeln-des-baumes-meines-nachbarn-in-meinem-garten-schneiden-anwaelte-und-landschaftsfachkraefte-raten-und-geben-sie-offen-wann-sie-gegen-das-gesetz-verstossen-koennten\\\/#breadcrumb\"},\"inLanguage\":\"de\",\"potentialAction\":[{\"@type\":\"ReadAction\",\"target\":[\"https:\\\/\\\/www.strassenweb.de\\\/nachrichten\\\/kann-ich-die-wurzeln-des-baumes-meines-nachbarn-in-meinem-garten-schneiden-anwaelte-und-landschaftsfachkraefte-raten-und-geben-sie-offen-wann-sie-gegen-das-gesetz-verstossen-koennten\\\/\"]}]},{\"@type\":\"ImageObject\",\"inLanguage\":\"de\",\"@id\":\"https:\\\/\\\/www.strassenweb.de\\\/nachrichten\\\/kann-ich-die-wurzeln-des-baumes-meines-nachbarn-in-meinem-garten-schneiden-anwaelte-und-landschaftsfachkraefte-raten-und-geben-sie-offen-wann-sie-gegen-das-gesetz-verstossen-koennten\\\/#primaryimage\",\"url\":\"https:\\\/\\\/www.strassenweb.de\\\/nachrichten\\\/wp-content\\\/uploads\\\/2025\\\/08\\\/Kann-ich-die-Wurzeln-des-Baumes-meines-Nachbarn-in-meinem.jpg\",\"contentUrl\":\"https:\\\/\\\/www.strassenweb.de\\\/nachrichten\\\/wp-content\\\/uploads\\\/2025\\\/08\\\/Kann-ich-die-Wurzeln-des-Baumes-meines-Nachbarn-in-meinem.jpg\",\"width\":1600,\"height\":900,\"caption\":\"Pink flowering rose in summer growing underneath a large oak tree\"},{\"@type\":\"BreadcrumbList\",\"@id\":\"https:\\\/\\\/www.strassenweb.de\\\/nachrichten\\\/kann-ich-die-wurzeln-des-baumes-meines-nachbarn-in-meinem-garten-schneiden-anwaelte-und-landschaftsfachkraefte-raten-und-geben-sie-offen-wann-sie-gegen-das-gesetz-verstossen-koennten\\\/#breadcrumb\",\"itemListElement\":[{\"@type\":\"ListItem\",\"position\":1,\"name\":\"Home\",\"item\":\"https:\\\/\\\/www.strassenweb.de\\\/nachrichten\\\/\"},{\"@type\":\"ListItem\",\"position\":2,\"name\":\"Kann ich die Wurzeln des Baumes meines Nachbarn in meinem Garten schneiden? Anw\u00e4lte und Landschaftsfachkr\u00e4fte raten &#8211; und geben Sie offen, wann Sie gegen das Gesetz versto\u00dfen k\u00f6nnten\"}]},{\"@type\":\"WebSite\",\"@id\":\"https:\\\/\\\/www.strassenweb.de\\\/nachrichten\\\/#website\",\"url\":\"https:\\\/\\\/www.strassenweb.de\\\/nachrichten\\\/\",\"name\":\"Stra\u00dfenweb\",\"description\":\"Stra\u00dfenverzeichnis f\u00fcr Deutschland\",\"publisher\":{\"@id\":\"https:\\\/\\\/www.strassenweb.de\\\/nachrichten\\\/#organization\"},\"potentialAction\":[{\"@type\":\"SearchAction\",\"target\":{\"@type\":\"EntryPoint\",\"urlTemplate\":\"https:\\\/\\\/www.strassenweb.de\\\/nachrichten\\\/?s={search_term_string}\"},\"query-input\":{\"@type\":\"PropertyValueSpecification\",\"valueRequired\":true,\"valueName\":\"search_term_string\"}}],\"inLanguage\":\"de\"},{\"@type\":\"Organization\",\"@id\":\"https:\\\/\\\/www.strassenweb.de\\\/nachrichten\\\/#organization\",\"name\":\"Stra\u00dfenweb\",\"url\":\"https:\\\/\\\/www.strassenweb.de\\\/nachrichten\\\/\",\"logo\":{\"@type\":\"ImageObject\",\"inLanguage\":\"de\",\"@id\":\"https:\\\/\\\/www.strassenweb.de\\\/nachrichten\\\/#\\\/schema\\\/logo\\\/image\\\/\",\"url\":\"https:\\\/\\\/www.strassenweb.de\\\/nachrichten\\\/wp-content\\\/uploads\\\/2024\\\/09\\\/cropped-favicon.png\",\"contentUrl\":\"https:\\\/\\\/www.strassenweb.de\\\/nachrichten\\\/wp-content\\\/uploads\\\/2024\\\/09\\\/cropped-favicon.png\",\"width\":512,\"height\":512,\"caption\":\"Stra\u00dfenweb\"},\"image\":{\"@id\":\"https:\\\/\\\/www.strassenweb.de\\\/nachrichten\\\/#\\\/schema\\\/logo\\\/image\\\/\"},\"sameAs\":[\"https:\\\/\\\/www.facebook.com\\\/strassenweb\\\/\"]},{\"@type\":\"Person\",\"@id\":\"https:\\\/\\\/www.strassenweb.de\\\/nachrichten\\\/#\\\/schema\\\/person\\\/87c9c9067f1211da429a744dc5a5aa41\",\"name\":\"Robert Hoffmann\",\"image\":{\"@type\":\"ImageObject\",\"inLanguage\":\"de\",\"@id\":\"https:\\\/\\\/www.strassenweb.de\\\/nachrichten\\\/wp-content\\\/uploads\\\/2024\\\/09\\\/strassenweb-150x150.jpg\",\"url\":\"https:\\\/\\\/www.strassenweb.de\\\/nachrichten\\\/wp-content\\\/uploads\\\/2024\\\/09\\\/strassenweb-150x150.jpg\",\"contentUrl\":\"https:\\\/\\\/www.strassenweb.de\\\/nachrichten\\\/wp-content\\\/uploads\\\/2024\\\/09\\\/strassenweb-150x150.jpg\",\"caption\":\"Robert Hoffmann\"},\"description\":\"Ich hei\u00dfe Robert Hoffmann und ich bin ein leidenschaftlicher Verfechter von \u00d6kologie und Biodiversit\u00e4t. Seit meiner Kindheit in den W\u00e4ldern Bayerns f\u00fchle ich mich mit der Natur verbunden und bin entschlossen, sie zu sch\u00fctzen. Heute widme ich mein Leben der Sensibilisierung anderer f\u00fcr die Bedeutung des Umweltschutzes f\u00fcr zuk\u00fcnftige Generationen.\",\"sameAs\":[\"https:\\\/\\\/www.strassenweb.de\\\/\"]}]}<\/script>\n<!-- \/ Yoast SEO plugin. -->","yoast_head_json":{"title":"Kann ich die Wurzeln des Baumes meines Nachbarn in meinem Garten schneiden? Anw\u00e4lte und Landschaftsfachkr\u00e4fte raten - und geben Sie offen, wann Sie gegen das Gesetz versto\u00dfen k\u00f6nnten - Nachrichten - Stra\u00dfenweb","robots":{"index":"index","follow":"follow","max-snippet":"max-snippet:-1","max-image-preview":"max-image-preview:large","max-video-preview":"max-video-preview:-1"},"canonical":"https:\/\/www.strassenweb.de\/nachrichten\/kann-ich-die-wurzeln-des-baumes-meines-nachbarn-in-meinem-garten-schneiden-anwaelte-und-landschaftsfachkraefte-raten-und-geben-sie-offen-wann-sie-gegen-das-gesetz-verstossen-koennten\/","og_locale":"de_DE","og_type":"article","og_title":"Kann ich die Wurzeln des Baumes meines Nachbarn in meinem Garten schneiden? Anw\u00e4lte und Landschaftsfachkr\u00e4fte raten - und geben Sie offen, wann Sie gegen das Gesetz versto\u00dfen k\u00f6nnten - Nachrichten - Stra\u00dfenweb","og_description":"Problematische benachbarte B\u00e4ume k\u00f6nnen sich als unangenehmes Gartendilemma erweisen. Egal, ob sie Schatten werfen, Ihr Eigentum \u00fcberlegen oder vielleicht die dicken, aber -stress -Wurzeln schlie\u00dfen","og_url":"https:\/\/www.strassenweb.de\/nachrichten\/kann-ich-die-wurzeln-des-baumes-meines-nachbarn-in-meinem-garten-schneiden-anwaelte-und-landschaftsfachkraefte-raten-und-geben-sie-offen-wann-sie-gegen-das-gesetz-verstossen-koennten\/","og_site_name":"Stra\u00dfenweb","article_publisher":"https:\/\/www.facebook.com\/strassenweb\/","article_published_time":"2025-08-08T05:39:37+00:00","og_image":[{"width":1600,"height":900,"url":"https:\/\/www.strassenweb.de\/nachrichten\/wp-content\/uploads\/2025\/08\/Kann-ich-die-Wurzeln-des-Baumes-meines-Nachbarn-in-meinem.jpg","type":"image\/jpeg"}],"author":"Robert Hoffmann","twitter_card":"summary_large_image","twitter_misc":{"Verfasst von":"Robert Hoffmann","Gesch\u00e4tzte Lesezeit":"5\u00a0Minuten"},"schema":{"@context":"https:\/\/schema.org","@graph":[{"@type":"Article","@id":"https:\/\/www.strassenweb.de\/nachrichten\/kann-ich-die-wurzeln-des-baumes-meines-nachbarn-in-meinem-garten-schneiden-anwaelte-und-landschaftsfachkraefte-raten-und-geben-sie-offen-wann-sie-gegen-das-gesetz-verstossen-koennten\/#article","isPartOf":{"@id":"https:\/\/www.strassenweb.de\/nachrichten\/kann-ich-die-wurzeln-des-baumes-meines-nachbarn-in-meinem-garten-schneiden-anwaelte-und-landschaftsfachkraefte-raten-und-geben-sie-offen-wann-sie-gegen-das-gesetz-verstossen-koennten\/"},"author":{"name":"Robert Hoffmann","@id":"https:\/\/www.strassenweb.de\/nachrichten\/#\/schema\/person\/87c9c9067f1211da429a744dc5a5aa41"},"headline":"Kann ich die Wurzeln des Baumes meines Nachbarn in meinem Garten schneiden? Anw\u00e4lte und Landschaftsfachkr\u00e4fte raten &#8211; und geben Sie offen, wann Sie gegen das Gesetz versto\u00dfen k\u00f6nnten","datePublished":"2025-08-08T05:39:37+00:00","mainEntityOfPage":{"@id":"https:\/\/www.strassenweb.de\/nachrichten\/kann-ich-die-wurzeln-des-baumes-meines-nachbarn-in-meinem-garten-schneiden-anwaelte-und-landschaftsfachkraefte-raten-und-geben-sie-offen-wann-sie-gegen-das-gesetz-verstossen-koennten\/"},"wordCount":1053,"publisher":{"@id":"https:\/\/www.strassenweb.de\/nachrichten\/#organization"},"image":{"@id":"https:\/\/www.strassenweb.de\/nachrichten\/kann-ich-die-wurzeln-des-baumes-meines-nachbarn-in-meinem-garten-schneiden-anwaelte-und-landschaftsfachkraefte-raten-und-geben-sie-offen-wann-sie-gegen-das-gesetz-verstossen-koennten\/#primaryimage"},"thumbnailUrl":"https:\/\/www.strassenweb.de\/nachrichten\/wp-content\/uploads\/2025\/08\/Kann-ich-die-Wurzeln-des-Baumes-meines-Nachbarn-in-meinem.jpg","keywords":["Anw\u00e4lte","Baumes","das","des","die","Garten","geben","gegen","Gesetz","ich","kann","k\u00f6nnten","Landschaftsfachkr\u00e4fte","meinem","meines","Nachbarn","offen","raten","schneiden","Sie","und","versto\u00dfen","Wann","Wurzeln"],"articleSection":["Haus &amp; Garten"],"inLanguage":"de"},{"@type":"WebPage","@id":"https:\/\/www.strassenweb.de\/nachrichten\/kann-ich-die-wurzeln-des-baumes-meines-nachbarn-in-meinem-garten-schneiden-anwaelte-und-landschaftsfachkraefte-raten-und-geben-sie-offen-wann-sie-gegen-das-gesetz-verstossen-koennten\/","url":"https:\/\/www.strassenweb.de\/nachrichten\/kann-ich-die-wurzeln-des-baumes-meines-nachbarn-in-meinem-garten-schneiden-anwaelte-und-landschaftsfachkraefte-raten-und-geben-sie-offen-wann-sie-gegen-das-gesetz-verstossen-koennten\/","name":"Kann ich die Wurzeln des Baumes meines Nachbarn in meinem Garten schneiden? Anw\u00e4lte und Landschaftsfachkr\u00e4fte raten - und geben Sie offen, wann Sie gegen das Gesetz versto\u00dfen k\u00f6nnten - Nachrichten - Stra\u00dfenweb","isPartOf":{"@id":"https:\/\/www.strassenweb.de\/nachrichten\/#website"},"primaryImageOfPage":{"@id":"https:\/\/www.strassenweb.de\/nachrichten\/kann-ich-die-wurzeln-des-baumes-meines-nachbarn-in-meinem-garten-schneiden-anwaelte-und-landschaftsfachkraefte-raten-und-geben-sie-offen-wann-sie-gegen-das-gesetz-verstossen-koennten\/#primaryimage"},"image":{"@id":"https:\/\/www.strassenweb.de\/nachrichten\/kann-ich-die-wurzeln-des-baumes-meines-nachbarn-in-meinem-garten-schneiden-anwaelte-und-landschaftsfachkraefte-raten-und-geben-sie-offen-wann-sie-gegen-das-gesetz-verstossen-koennten\/#primaryimage"},"thumbnailUrl":"https:\/\/www.strassenweb.de\/nachrichten\/wp-content\/uploads\/2025\/08\/Kann-ich-die-Wurzeln-des-Baumes-meines-Nachbarn-in-meinem.jpg","datePublished":"2025-08-08T05:39:37+00:00","breadcrumb":{"@id":"https:\/\/www.strassenweb.de\/nachrichten\/kann-ich-die-wurzeln-des-baumes-meines-nachbarn-in-meinem-garten-schneiden-anwaelte-und-landschaftsfachkraefte-raten-und-geben-sie-offen-wann-sie-gegen-das-gesetz-verstossen-koennten\/#breadcrumb"},"inLanguage":"de","potentialAction":[{"@type":"ReadAction","target":["https:\/\/www.strassenweb.de\/nachrichten\/kann-ich-die-wurzeln-des-baumes-meines-nachbarn-in-meinem-garten-schneiden-anwaelte-und-landschaftsfachkraefte-raten-und-geben-sie-offen-wann-sie-gegen-das-gesetz-verstossen-koennten\/"]}]},{"@type":"ImageObject","inLanguage":"de","@id":"https:\/\/www.strassenweb.de\/nachrichten\/kann-ich-die-wurzeln-des-baumes-meines-nachbarn-in-meinem-garten-schneiden-anwaelte-und-landschaftsfachkraefte-raten-und-geben-sie-offen-wann-sie-gegen-das-gesetz-verstossen-koennten\/#primaryimage","url":"https:\/\/www.strassenweb.de\/nachrichten\/wp-content\/uploads\/2025\/08\/Kann-ich-die-Wurzeln-des-Baumes-meines-Nachbarn-in-meinem.jpg","contentUrl":"https:\/\/www.strassenweb.de\/nachrichten\/wp-content\/uploads\/2025\/08\/Kann-ich-die-Wurzeln-des-Baumes-meines-Nachbarn-in-meinem.jpg","width":1600,"height":900,"caption":"Pink flowering rose in summer growing underneath a large oak tree"},{"@type":"BreadcrumbList","@id":"https:\/\/www.strassenweb.de\/nachrichten\/kann-ich-die-wurzeln-des-baumes-meines-nachbarn-in-meinem-garten-schneiden-anwaelte-und-landschaftsfachkraefte-raten-und-geben-sie-offen-wann-sie-gegen-das-gesetz-verstossen-koennten\/#breadcrumb","itemListElement":[{"@type":"ListItem","position":1,"name":"Home","item":"https:\/\/www.strassenweb.de\/nachrichten\/"},{"@type":"ListItem","position":2,"name":"Kann ich die Wurzeln des Baumes meines Nachbarn in meinem Garten schneiden? Anw\u00e4lte und Landschaftsfachkr\u00e4fte raten &#8211; und geben Sie offen, wann Sie gegen das Gesetz versto\u00dfen k\u00f6nnten"}]},{"@type":"WebSite","@id":"https:\/\/www.strassenweb.de\/nachrichten\/#website","url":"https:\/\/www.strassenweb.de\/nachrichten\/","name":"Stra\u00dfenweb","description":"Stra\u00dfenverzeichnis f\u00fcr Deutschland","publisher":{"@id":"https:\/\/www.strassenweb.de\/nachrichten\/#organization"},"potentialAction":[{"@type":"SearchAction","target":{"@type":"EntryPoint","urlTemplate":"https:\/\/www.strassenweb.de\/nachrichten\/?s={search_term_string}"},"query-input":{"@type":"PropertyValueSpecification","valueRequired":true,"valueName":"search_term_string"}}],"inLanguage":"de"},{"@type":"Organization","@id":"https:\/\/www.strassenweb.de\/nachrichten\/#organization","name":"Stra\u00dfenweb","url":"https:\/\/www.strassenweb.de\/nachrichten\/","logo":{"@type":"ImageObject","inLanguage":"de","@id":"https:\/\/www.strassenweb.de\/nachrichten\/#\/schema\/logo\/image\/","url":"https:\/\/www.strassenweb.de\/nachrichten\/wp-content\/uploads\/2024\/09\/cropped-favicon.png","contentUrl":"https:\/\/www.strassenweb.de\/nachrichten\/wp-content\/uploads\/2024\/09\/cropped-favicon.png","width":512,"height":512,"caption":"Stra\u00dfenweb"},"image":{"@id":"https:\/\/www.strassenweb.de\/nachrichten\/#\/schema\/logo\/image\/"},"sameAs":["https:\/\/www.facebook.com\/strassenweb\/"]},{"@type":"Person","@id":"https:\/\/www.strassenweb.de\/nachrichten\/#\/schema\/person\/87c9c9067f1211da429a744dc5a5aa41","name":"Robert Hoffmann","image":{"@type":"ImageObject","inLanguage":"de","@id":"https:\/\/www.strassenweb.de\/nachrichten\/wp-content\/uploads\/2024\/09\/strassenweb-150x150.jpg","url":"https:\/\/www.strassenweb.de\/nachrichten\/wp-content\/uploads\/2024\/09\/strassenweb-150x150.jpg","contentUrl":"https:\/\/www.strassenweb.de\/nachrichten\/wp-content\/uploads\/2024\/09\/strassenweb-150x150.jpg","caption":"Robert Hoffmann"},"description":"Ich hei\u00dfe Robert Hoffmann und ich bin ein leidenschaftlicher Verfechter von \u00d6kologie und Biodiversit\u00e4t. Seit meiner Kindheit in den W\u00e4ldern Bayerns f\u00fchle ich mich mit der Natur verbunden und bin entschlossen, sie zu sch\u00fctzen. Heute widme ich mein Leben der Sensibilisierung anderer f\u00fcr die Bedeutung des Umweltschutzes f\u00fcr zuk\u00fcnftige Generationen.","sameAs":["https:\/\/www.strassenweb.de\/"]}]}},"_links":{"self":[{"href":"https:\/\/www.strassenweb.de\/nachrichten\/wp-json\/wp\/v2\/posts\/6785","targetHints":{"allow":["GET"]}}],"collection":[{"href":"https:\/\/www.strassenweb.de\/nachrichten\/wp-json\/wp\/v2\/posts"}],"about":[{"href":"https:\/\/www.strassenweb.de\/nachrichten\/wp-json\/wp\/v2\/types\/post"}],"author":[{"embeddable":true,"href":"https:\/\/www.strassenweb.de\/nachrichten\/wp-json\/wp\/v2\/users\/1"}],"replies":[{"embeddable":true,"href":"https:\/\/www.strassenweb.de\/nachrichten\/wp-json\/wp\/v2\/comments?post=6785"}],"version-history":[{"count":0,"href":"https:\/\/www.strassenweb.de\/nachrichten\/wp-json\/wp\/v2\/posts\/6785\/revisions"}],"wp:featuredmedia":[{"embeddable":true,"href":"https:\/\/www.strassenweb.de\/nachrichten\/wp-json\/wp\/v2\/media\/6786"}],"wp:attachment":[{"href":"https:\/\/www.strassenweb.de\/nachrichten\/wp-json\/wp\/v2\/media?parent=6785"}],"wp:term":[{"taxonomy":"category","embeddable":true,"href":"https:\/\/www.strassenweb.de\/nachrichten\/wp-json\/wp\/v2\/categories?post=6785"},{"taxonomy":"post_tag","embeddable":true,"href":"https:\/\/www.strassenweb.de\/nachrichten\/wp-json\/wp\/v2\/tags?post=6785"}],"curies":[{"name":"wp","href":"https:\/\/api.w.org\/{rel}","templated":true}]}}