{"id":6764,"date":"2025-08-07T10:40:33","date_gmt":"2025-08-07T08:40:33","guid":{"rendered":"https:\/\/www.strassenweb.de\/nachrichten\/ich-kanalisiere-mein-inneres-farmmaedchen-mit-der-neuen-ikea-food-aufbewahrungskollektion-und-es-wird-meine-speisekammer-revolutionieren\/"},"modified":"2025-08-07T10:40:34","modified_gmt":"2025-08-07T08:40:34","slug":"ich-kanalisiere-mein-inneres-farmmaedchen-mit-der-neuen-ikea-food-aufbewahrungskollektion-und-es-wird-meine-speisekammer-revolutionieren","status":"publish","type":"post","link":"https:\/\/www.strassenweb.de\/nachrichten\/ich-kanalisiere-mein-inneres-farmmaedchen-mit-der-neuen-ikea-food-aufbewahrungskollektion-und-es-wird-meine-speisekammer-revolutionieren\/","title":{"rendered":"Ich kanalisiere mein inneres Farmm\u00e4dchen mit der neuen IKEA Food -Aufbewahrungskollektion &#8211; und es wird meine Speisekammer revolutionieren"},"content":{"rendered":"<p><\/p>\n<div id=\"article-body\" class=\"article__body \">\n<p>Nichts macht mich gl\u00fccklicher als ein Sehen in K\u00fcchenregalen, die mit passenden Gl\u00e4ser, nat\u00fcrlichen K\u00f6rben und attraktiven wiederverwendbaren Lagerl\u00f6sungen ges\u00e4umt sind-denken Sie an, den Shop Shop Chic zu f\u00fcllen. Wenn die Organisation einer K\u00fcche auch \u00fcber Ihre Agenda steht, k\u00f6nnen Sie nicht in der Lage sein, die neue Kollektion von IKEA Food Storage in die H\u00e4nde zu bekommen.<\/p>\n<div id=\"brdx-unit-1\" class=\"brdx-unit\"><\/div>\n<p>Von stilvollen Lagerbeh\u00e4ltern in K\u00fcchenlager bis hin zu Silicon Food-Aufbewahrungswechsel suche ich immer nach M\u00f6glichkeiten, die Lebensmittelabf\u00e4lle zu reduzieren und meine Speisekammer umweltfreundlicher zu gestalten, und diese St\u00fccke ticken alle Kisten.<\/p>\n<p>Meine Lieblingsspeicherung von K\u00fcchen ist sowohl funktional als auch elegant &#8211; und Ikeas neue K\u00f6sseb\u00e4r -Kollektion liefert genau das. Es gibt viele Optionen in einer Vielzahl von Gr\u00f6\u00dfen, die sich f\u00fcr die charakteristische minimalistische \u00c4sthetik der Marke einsetzen.<\/p>\n<div class=\"van_vid_carousel\">\n<div class=\"van_vid_carousel__padding\">\n<div class=\"van_vid_carousel__container\"><\/div>\n<\/div>\n<\/div>\n<figure class=\"van-image-figure inline-layout \" data-bordeaux-image-check>\n<div class=\"image-full-width-wrapper\">\n<div class=\"image-widthsetter\" style=\"max-width:2000px;\"><\/div>\n<\/div>\n<\/figure>\n<p>&#8218;Die K\u00f6sseb\u00e4r -Glasspeichergl\u00e4ser sind eine brillante Alternative zu Weckgl\u00e4ser. Wenn Sie nach einer g\u00fcnstigeren Option suchen, die Sie genau sehen k\u00f6nnen, was sich darin befindet &#8211; von M\u00fcsli bis hin zu Pasta oder sogar Kaffee. Au\u00dferdem sind sie brillant, um Desserts zu servieren oder Ihre eigenen schnellen Gurken zu machen.<\/p>\n<div id=\"brdx-unit-2\" class=\"brdx-unit\"><\/div>\n<aside data-block-type=\"embed\" data-render-type=\"fte\" data-skip=\"dealsy\" data-widget-type=\"seasonal\" class=\"hawk-base\"><\/aside>\n<p>Das geriffelte Glas ist ein echtes Markenzeichen der K\u00f6sseb\u00e4r -Sammlung, und ich liebe die subtile Eleganz, die sie schafft &#8211; diese Gl\u00e4ser sind wirklich IKEA -St\u00fccke, die nicht ausgehen.<\/p>\n<p>&#8218;Die luftdichten Gl\u00e4ser eignen sich perfekt, um die Lebensmittel l\u00e4nger frischer zu halten und dazu beitragen, Lebensmittelabf\u00e4lle zu reduzieren. Au\u00dferdem hilft ihre quadratische Form bei der Maximierung der K\u00fcchenaufbewahrung &#8211; sei es in Schr\u00e4nken oder bei der Organisation eines K\u00fchlschranks -, sodass keine Ecke leer bleibt \u201c, sagt Chiana Dickson, gel\u00f6ste Content -Editor.<\/p>\n<figure class=\"van-image-figure inline-layout \" data-bordeaux-image-check>\n<div class=\"image-full-width-wrapper\">\n<div class=\"image-widthsetter\" style=\"max-width:2000px;\"><\/div>\n<\/div>\n<\/figure>\n<p>Die neue IKEA Food Storage Collection umfasst auch stilvolle Accessoires wie Gingham Sch\u00fcrzen und Geschirrt\u00fccher neben Gl\u00e4sern und wiederverschlie\u00dfbaren Taschen. &#8222;The Stoneware ist ein absoluter Traum f\u00fcr alle, die die K\u00fcchenaufbewahrung verbessern m\u00f6chten, um auch ein ungiftiges Zuhause zu erstellen&#8220;, f\u00fcgt Chiana hinzu.<\/p>\n<div id=\"slice-container-newsletterForm-articleInbodyContent-fqQGa2Wpr9TyDFNebckRKG\" class=\"slice-container newsletter-inbodyContent-slice newsletterForm-articleInbodyContent-fqQGa2Wpr9TyDFNebckRKG slice-container-newsletterForm\"><\/div>\n<p>In der Tat gibt es hier alles, was Sie brauchen, um eine Cottagecore -K\u00fcche zu organisieren &#8211; bis hin zu den Wicker -K\u00f6rben, um Ihre Bauernmarktklammern aufzubewahren. Lassen Sie Ihr Bauernm\u00e4dchen also an die K\u00f6rbe und entscheiden Sie, welche Teile Sie in Ihre K\u00fcche hinzuf\u00fcgen m\u00f6chten, bevor Sie neu organisieren. Es h\u00e4tte mich vielleicht sogar versucht, meine eigenen Marmelade und Gurken zu machen.<\/p>\n<h2 id=\"shop-the-koessebaer-collection-from-ikea-3\">Kaufen Sie die K\u00f6sseb\u00e4r -Kollektion von IKEA ein<\/h2>\n<div class=\"product-container hero-product-container product-block-no-wrap\">\n<div class=\"product-block-row\"><\/div>\n<div class=\"product-block-row\"><\/div>\n<div class=\"product-block-row\"><\/div>\n<div class=\"product-block-row\"><\/div>\n<div class=\"product-block-row\"><\/div>\n<div class=\"product-block-row\"><\/div>\n<\/div>\n<p>Vom Pappelkorb bis zu den Geschirrt\u00fcchern hat mir die neue IKEA Food Storage Collection viele neue rustikale Dekor -Ideen f\u00fcr den Herbst gegeben. Denken Sie an eine zeitlose Pantry -Organisation mit einem arkadischen Spin.<\/p>\n<\/div>\n","protected":false},"excerpt":{"rendered":"<p>Nichts macht mich gl\u00fccklicher als ein Sehen in K\u00fcchenregalen, die mit passenden Gl\u00e4ser, nat\u00fcrlichen K\u00f6rben und attraktiven wiederverwendbaren Lagerl\u00f6sungen ges\u00e4umt sind-denken Sie an, den Shop<\/p>\n","protected":false},"author":1,"featured_media":6765,"comment_status":"closed","ping_status":"","sticky":false,"template":"","format":"standard","meta":{"footnotes":""},"categories":[118],"tags":[9180,81,9178,9179,129,4603,7771,9177,778,1054,146,494,9181,2257,37,71],"class_list":["post-6764","post","type-post","status-publish","format-standard","has-post-thumbnail","hentry","category-haus-garten","tag-aufbewahrungskollektion","tag-der","tag-farmmaedchen","tag-food","tag-ich","tag-ikea","tag-inneres","tag-kanalisiere","tag-mein","tag-meine","tag-mit","tag-neuen","tag-revolutionieren","tag-speisekammer","tag-und","tag-wird","generate-columns","tablet-grid-50","mobile-grid-100","grid-parent","grid-50"],"yoast_head":"<!-- This site is optimized with the Yoast SEO plugin v27.3 - https:\/\/yoast.com\/product\/yoast-seo-wordpress\/ -->\n<title>Ich kanalisiere mein inneres Farmm\u00e4dchen mit der neuen IKEA Food -Aufbewahrungskollektion - und es wird meine Speisekammer revolutionieren - Nachrichten - Stra\u00dfenweb<\/title>\n<meta name=\"robots\" content=\"index, follow, max-snippet:-1, max-image-preview:large, max-video-preview:-1\" \/>\n<link rel=\"canonical\" href=\"https:\/\/www.strassenweb.de\/nachrichten\/ich-kanalisiere-mein-inneres-farmmaedchen-mit-der-neuen-ikea-food-aufbewahrungskollektion-und-es-wird-meine-speisekammer-revolutionieren\/\" \/>\n<meta property=\"og:locale\" content=\"de_DE\" \/>\n<meta property=\"og:type\" content=\"article\" \/>\n<meta property=\"og:title\" content=\"Ich kanalisiere mein inneres Farmm\u00e4dchen mit der neuen IKEA Food -Aufbewahrungskollektion - und es wird meine Speisekammer revolutionieren - Nachrichten - Stra\u00dfenweb\" \/>\n<meta property=\"og:description\" content=\"Nichts macht mich gl\u00fccklicher als ein Sehen in K\u00fcchenregalen, die mit passenden Gl\u00e4ser, nat\u00fcrlichen K\u00f6rben und attraktiven wiederverwendbaren Lagerl\u00f6sungen ges\u00e4umt sind-denken Sie an, den Shop\" \/>\n<meta property=\"og:url\" content=\"https:\/\/www.strassenweb.de\/nachrichten\/ich-kanalisiere-mein-inneres-farmmaedchen-mit-der-neuen-ikea-food-aufbewahrungskollektion-und-es-wird-meine-speisekammer-revolutionieren\/\" \/>\n<meta property=\"og:site_name\" content=\"Stra\u00dfenweb\" \/>\n<meta property=\"article:publisher\" content=\"https:\/\/www.facebook.com\/strassenweb\/\" \/>\n<meta property=\"article:published_time\" content=\"2025-08-07T08:40:33+00:00\" \/>\n<meta property=\"article:modified_time\" content=\"2025-08-07T08:40:34+00:00\" \/>\n<meta property=\"og:image\" content=\"https:\/\/www.strassenweb.de\/nachrichten\/wp-content\/uploads\/2025\/08\/Ich-kanalisiere-mein-inneres-Farmmaedchen-mit-der-neuen-IKEA-Food.jpg\" \/>\n\t<meta property=\"og:image:width\" content=\"1600\" \/>\n\t<meta property=\"og:image:height\" content=\"900\" \/>\n\t<meta property=\"og:image:type\" content=\"image\/jpeg\" \/>\n<meta name=\"author\" content=\"Robert Hoffmann\" \/>\n<meta name=\"twitter:card\" content=\"summary_large_image\" \/>\n<meta name=\"twitter:label1\" content=\"Verfasst von\" \/>\n\t<meta name=\"twitter:data1\" content=\"Robert Hoffmann\" \/>\n\t<meta name=\"twitter:label2\" content=\"Gesch\u00e4tzte Lesezeit\" \/>\n\t<meta name=\"twitter:data2\" content=\"2\u00a0Minuten\" \/>\n<script type=\"application\/ld+json\" class=\"yoast-schema-graph\">{\"@context\":\"https:\\\/\\\/schema.org\",\"@graph\":[{\"@type\":\"Article\",\"@id\":\"https:\\\/\\\/www.strassenweb.de\\\/nachrichten\\\/ich-kanalisiere-mein-inneres-farmmaedchen-mit-der-neuen-ikea-food-aufbewahrungskollektion-und-es-wird-meine-speisekammer-revolutionieren\\\/#article\",\"isPartOf\":{\"@id\":\"https:\\\/\\\/www.strassenweb.de\\\/nachrichten\\\/ich-kanalisiere-mein-inneres-farmmaedchen-mit-der-neuen-ikea-food-aufbewahrungskollektion-und-es-wird-meine-speisekammer-revolutionieren\\\/\"},\"author\":{\"name\":\"Robert Hoffmann\",\"@id\":\"https:\\\/\\\/www.strassenweb.de\\\/nachrichten\\\/#\\\/schema\\\/person\\\/87c9c9067f1211da429a744dc5a5aa41\"},\"headline\":\"Ich kanalisiere mein inneres Farmm\u00e4dchen mit der neuen IKEA Food -Aufbewahrungskollektion &#8211; und es wird meine Speisekammer revolutionieren\",\"datePublished\":\"2025-08-07T08:40:33+00:00\",\"dateModified\":\"2025-08-07T08:40:34+00:00\",\"mainEntityOfPage\":{\"@id\":\"https:\\\/\\\/www.strassenweb.de\\\/nachrichten\\\/ich-kanalisiere-mein-inneres-farmmaedchen-mit-der-neuen-ikea-food-aufbewahrungskollektion-und-es-wird-meine-speisekammer-revolutionieren\\\/\"},\"wordCount\":486,\"publisher\":{\"@id\":\"https:\\\/\\\/www.strassenweb.de\\\/nachrichten\\\/#organization\"},\"image\":{\"@id\":\"https:\\\/\\\/www.strassenweb.de\\\/nachrichten\\\/ich-kanalisiere-mein-inneres-farmmaedchen-mit-der-neuen-ikea-food-aufbewahrungskollektion-und-es-wird-meine-speisekammer-revolutionieren\\\/#primaryimage\"},\"thumbnailUrl\":\"https:\\\/\\\/www.strassenweb.de\\\/nachrichten\\\/wp-content\\\/uploads\\\/2025\\\/08\\\/Ich-kanalisiere-mein-inneres-Farmmaedchen-mit-der-neuen-IKEA-Food.jpg\",\"keywords\":[\"Aufbewahrungskollektion\",\"der\",\"Farmm\u00e4dchen\",\"Food\",\"ich\",\"IKEA\",\"inneres\",\"kanalisiere\",\"mein\",\"meine\",\"mit\",\"neuen\",\"revolutionieren\",\"Speisekammer\",\"und\",\"wird\"],\"articleSection\":[\"Haus &amp; Garten\"],\"inLanguage\":\"de\"},{\"@type\":\"WebPage\",\"@id\":\"https:\\\/\\\/www.strassenweb.de\\\/nachrichten\\\/ich-kanalisiere-mein-inneres-farmmaedchen-mit-der-neuen-ikea-food-aufbewahrungskollektion-und-es-wird-meine-speisekammer-revolutionieren\\\/\",\"url\":\"https:\\\/\\\/www.strassenweb.de\\\/nachrichten\\\/ich-kanalisiere-mein-inneres-farmmaedchen-mit-der-neuen-ikea-food-aufbewahrungskollektion-und-es-wird-meine-speisekammer-revolutionieren\\\/\",\"name\":\"Ich kanalisiere mein inneres Farmm\u00e4dchen mit der neuen IKEA Food -Aufbewahrungskollektion - und es wird meine Speisekammer revolutionieren - Nachrichten - Stra\u00dfenweb\",\"isPartOf\":{\"@id\":\"https:\\\/\\\/www.strassenweb.de\\\/nachrichten\\\/#website\"},\"primaryImageOfPage\":{\"@id\":\"https:\\\/\\\/www.strassenweb.de\\\/nachrichten\\\/ich-kanalisiere-mein-inneres-farmmaedchen-mit-der-neuen-ikea-food-aufbewahrungskollektion-und-es-wird-meine-speisekammer-revolutionieren\\\/#primaryimage\"},\"image\":{\"@id\":\"https:\\\/\\\/www.strassenweb.de\\\/nachrichten\\\/ich-kanalisiere-mein-inneres-farmmaedchen-mit-der-neuen-ikea-food-aufbewahrungskollektion-und-es-wird-meine-speisekammer-revolutionieren\\\/#primaryimage\"},\"thumbnailUrl\":\"https:\\\/\\\/www.strassenweb.de\\\/nachrichten\\\/wp-content\\\/uploads\\\/2025\\\/08\\\/Ich-kanalisiere-mein-inneres-Farmmaedchen-mit-der-neuen-IKEA-Food.jpg\",\"datePublished\":\"2025-08-07T08:40:33+00:00\",\"dateModified\":\"2025-08-07T08:40:34+00:00\",\"breadcrumb\":{\"@id\":\"https:\\\/\\\/www.strassenweb.de\\\/nachrichten\\\/ich-kanalisiere-mein-inneres-farmmaedchen-mit-der-neuen-ikea-food-aufbewahrungskollektion-und-es-wird-meine-speisekammer-revolutionieren\\\/#breadcrumb\"},\"inLanguage\":\"de\",\"potentialAction\":[{\"@type\":\"ReadAction\",\"target\":[\"https:\\\/\\\/www.strassenweb.de\\\/nachrichten\\\/ich-kanalisiere-mein-inneres-farmmaedchen-mit-der-neuen-ikea-food-aufbewahrungskollektion-und-es-wird-meine-speisekammer-revolutionieren\\\/\"]}]},{\"@type\":\"ImageObject\",\"inLanguage\":\"de\",\"@id\":\"https:\\\/\\\/www.strassenweb.de\\\/nachrichten\\\/ich-kanalisiere-mein-inneres-farmmaedchen-mit-der-neuen-ikea-food-aufbewahrungskollektion-und-es-wird-meine-speisekammer-revolutionieren\\\/#primaryimage\",\"url\":\"https:\\\/\\\/www.strassenweb.de\\\/nachrichten\\\/wp-content\\\/uploads\\\/2025\\\/08\\\/Ich-kanalisiere-mein-inneres-Farmmaedchen-mit-der-neuen-IKEA-Food.jpg\",\"contentUrl\":\"https:\\\/\\\/www.strassenweb.de\\\/nachrichten\\\/wp-content\\\/uploads\\\/2025\\\/08\\\/Ich-kanalisiere-mein-inneres-Farmmaedchen-mit-der-neuen-IKEA-Food.jpg\",\"width\":1600,\"height\":900,\"caption\":\"Cherry red kitchen with pale wooden shelves, wicker baskets, and glass jars\"},{\"@type\":\"BreadcrumbList\",\"@id\":\"https:\\\/\\\/www.strassenweb.de\\\/nachrichten\\\/ich-kanalisiere-mein-inneres-farmmaedchen-mit-der-neuen-ikea-food-aufbewahrungskollektion-und-es-wird-meine-speisekammer-revolutionieren\\\/#breadcrumb\",\"itemListElement\":[{\"@type\":\"ListItem\",\"position\":1,\"name\":\"Home\",\"item\":\"https:\\\/\\\/www.strassenweb.de\\\/nachrichten\\\/\"},{\"@type\":\"ListItem\",\"position\":2,\"name\":\"Ich kanalisiere mein inneres Farmm\u00e4dchen mit der neuen IKEA Food -Aufbewahrungskollektion &#8211; und es wird meine Speisekammer revolutionieren\"}]},{\"@type\":\"WebSite\",\"@id\":\"https:\\\/\\\/www.strassenweb.de\\\/nachrichten\\\/#website\",\"url\":\"https:\\\/\\\/www.strassenweb.de\\\/nachrichten\\\/\",\"name\":\"Stra\u00dfenweb\",\"description\":\"Stra\u00dfenverzeichnis f\u00fcr Deutschland\",\"publisher\":{\"@id\":\"https:\\\/\\\/www.strassenweb.de\\\/nachrichten\\\/#organization\"},\"potentialAction\":[{\"@type\":\"SearchAction\",\"target\":{\"@type\":\"EntryPoint\",\"urlTemplate\":\"https:\\\/\\\/www.strassenweb.de\\\/nachrichten\\\/?s={search_term_string}\"},\"query-input\":{\"@type\":\"PropertyValueSpecification\",\"valueRequired\":true,\"valueName\":\"search_term_string\"}}],\"inLanguage\":\"de\"},{\"@type\":\"Organization\",\"@id\":\"https:\\\/\\\/www.strassenweb.de\\\/nachrichten\\\/#organization\",\"name\":\"Stra\u00dfenweb\",\"url\":\"https:\\\/\\\/www.strassenweb.de\\\/nachrichten\\\/\",\"logo\":{\"@type\":\"ImageObject\",\"inLanguage\":\"de\",\"@id\":\"https:\\\/\\\/www.strassenweb.de\\\/nachrichten\\\/#\\\/schema\\\/logo\\\/image\\\/\",\"url\":\"https:\\\/\\\/www.strassenweb.de\\\/nachrichten\\\/wp-content\\\/uploads\\\/2024\\\/09\\\/cropped-favicon.png\",\"contentUrl\":\"https:\\\/\\\/www.strassenweb.de\\\/nachrichten\\\/wp-content\\\/uploads\\\/2024\\\/09\\\/cropped-favicon.png\",\"width\":512,\"height\":512,\"caption\":\"Stra\u00dfenweb\"},\"image\":{\"@id\":\"https:\\\/\\\/www.strassenweb.de\\\/nachrichten\\\/#\\\/schema\\\/logo\\\/image\\\/\"},\"sameAs\":[\"https:\\\/\\\/www.facebook.com\\\/strassenweb\\\/\"]},{\"@type\":\"Person\",\"@id\":\"https:\\\/\\\/www.strassenweb.de\\\/nachrichten\\\/#\\\/schema\\\/person\\\/87c9c9067f1211da429a744dc5a5aa41\",\"name\":\"Robert Hoffmann\",\"image\":{\"@type\":\"ImageObject\",\"inLanguage\":\"de\",\"@id\":\"https:\\\/\\\/www.strassenweb.de\\\/nachrichten\\\/wp-content\\\/uploads\\\/2024\\\/09\\\/strassenweb-150x150.jpg\",\"url\":\"https:\\\/\\\/www.strassenweb.de\\\/nachrichten\\\/wp-content\\\/uploads\\\/2024\\\/09\\\/strassenweb-150x150.jpg\",\"contentUrl\":\"https:\\\/\\\/www.strassenweb.de\\\/nachrichten\\\/wp-content\\\/uploads\\\/2024\\\/09\\\/strassenweb-150x150.jpg\",\"caption\":\"Robert Hoffmann\"},\"description\":\"Ich hei\u00dfe Robert Hoffmann und ich bin ein leidenschaftlicher Verfechter von \u00d6kologie und Biodiversit\u00e4t. Seit meiner Kindheit in den W\u00e4ldern Bayerns f\u00fchle ich mich mit der Natur verbunden und bin entschlossen, sie zu sch\u00fctzen. Heute widme ich mein Leben der Sensibilisierung anderer f\u00fcr die Bedeutung des Umweltschutzes f\u00fcr zuk\u00fcnftige Generationen.\",\"sameAs\":[\"https:\\\/\\\/www.strassenweb.de\\\/\"]}]}<\/script>\n<!-- \/ Yoast SEO plugin. -->","yoast_head_json":{"title":"Ich kanalisiere mein inneres Farmm\u00e4dchen mit der neuen IKEA Food -Aufbewahrungskollektion - und es wird meine Speisekammer revolutionieren - Nachrichten - Stra\u00dfenweb","robots":{"index":"index","follow":"follow","max-snippet":"max-snippet:-1","max-image-preview":"max-image-preview:large","max-video-preview":"max-video-preview:-1"},"canonical":"https:\/\/www.strassenweb.de\/nachrichten\/ich-kanalisiere-mein-inneres-farmmaedchen-mit-der-neuen-ikea-food-aufbewahrungskollektion-und-es-wird-meine-speisekammer-revolutionieren\/","og_locale":"de_DE","og_type":"article","og_title":"Ich kanalisiere mein inneres Farmm\u00e4dchen mit der neuen IKEA Food -Aufbewahrungskollektion - und es wird meine Speisekammer revolutionieren - Nachrichten - Stra\u00dfenweb","og_description":"Nichts macht mich gl\u00fccklicher als ein Sehen in K\u00fcchenregalen, die mit passenden Gl\u00e4ser, nat\u00fcrlichen K\u00f6rben und attraktiven wiederverwendbaren Lagerl\u00f6sungen ges\u00e4umt sind-denken Sie an, den Shop","og_url":"https:\/\/www.strassenweb.de\/nachrichten\/ich-kanalisiere-mein-inneres-farmmaedchen-mit-der-neuen-ikea-food-aufbewahrungskollektion-und-es-wird-meine-speisekammer-revolutionieren\/","og_site_name":"Stra\u00dfenweb","article_publisher":"https:\/\/www.facebook.com\/strassenweb\/","article_published_time":"2025-08-07T08:40:33+00:00","article_modified_time":"2025-08-07T08:40:34+00:00","og_image":[{"width":1600,"height":900,"url":"https:\/\/www.strassenweb.de\/nachrichten\/wp-content\/uploads\/2025\/08\/Ich-kanalisiere-mein-inneres-Farmmaedchen-mit-der-neuen-IKEA-Food.jpg","type":"image\/jpeg"}],"author":"Robert Hoffmann","twitter_card":"summary_large_image","twitter_misc":{"Verfasst von":"Robert Hoffmann","Gesch\u00e4tzte Lesezeit":"2\u00a0Minuten"},"schema":{"@context":"https:\/\/schema.org","@graph":[{"@type":"Article","@id":"https:\/\/www.strassenweb.de\/nachrichten\/ich-kanalisiere-mein-inneres-farmmaedchen-mit-der-neuen-ikea-food-aufbewahrungskollektion-und-es-wird-meine-speisekammer-revolutionieren\/#article","isPartOf":{"@id":"https:\/\/www.strassenweb.de\/nachrichten\/ich-kanalisiere-mein-inneres-farmmaedchen-mit-der-neuen-ikea-food-aufbewahrungskollektion-und-es-wird-meine-speisekammer-revolutionieren\/"},"author":{"name":"Robert Hoffmann","@id":"https:\/\/www.strassenweb.de\/nachrichten\/#\/schema\/person\/87c9c9067f1211da429a744dc5a5aa41"},"headline":"Ich kanalisiere mein inneres Farmm\u00e4dchen mit der neuen IKEA Food -Aufbewahrungskollektion &#8211; und es wird meine Speisekammer revolutionieren","datePublished":"2025-08-07T08:40:33+00:00","dateModified":"2025-08-07T08:40:34+00:00","mainEntityOfPage":{"@id":"https:\/\/www.strassenweb.de\/nachrichten\/ich-kanalisiere-mein-inneres-farmmaedchen-mit-der-neuen-ikea-food-aufbewahrungskollektion-und-es-wird-meine-speisekammer-revolutionieren\/"},"wordCount":486,"publisher":{"@id":"https:\/\/www.strassenweb.de\/nachrichten\/#organization"},"image":{"@id":"https:\/\/www.strassenweb.de\/nachrichten\/ich-kanalisiere-mein-inneres-farmmaedchen-mit-der-neuen-ikea-food-aufbewahrungskollektion-und-es-wird-meine-speisekammer-revolutionieren\/#primaryimage"},"thumbnailUrl":"https:\/\/www.strassenweb.de\/nachrichten\/wp-content\/uploads\/2025\/08\/Ich-kanalisiere-mein-inneres-Farmmaedchen-mit-der-neuen-IKEA-Food.jpg","keywords":["Aufbewahrungskollektion","der","Farmm\u00e4dchen","Food","ich","IKEA","inneres","kanalisiere","mein","meine","mit","neuen","revolutionieren","Speisekammer","und","wird"],"articleSection":["Haus &amp; Garten"],"inLanguage":"de"},{"@type":"WebPage","@id":"https:\/\/www.strassenweb.de\/nachrichten\/ich-kanalisiere-mein-inneres-farmmaedchen-mit-der-neuen-ikea-food-aufbewahrungskollektion-und-es-wird-meine-speisekammer-revolutionieren\/","url":"https:\/\/www.strassenweb.de\/nachrichten\/ich-kanalisiere-mein-inneres-farmmaedchen-mit-der-neuen-ikea-food-aufbewahrungskollektion-und-es-wird-meine-speisekammer-revolutionieren\/","name":"Ich kanalisiere mein inneres Farmm\u00e4dchen mit der neuen IKEA Food -Aufbewahrungskollektion - und es wird meine Speisekammer revolutionieren - Nachrichten - Stra\u00dfenweb","isPartOf":{"@id":"https:\/\/www.strassenweb.de\/nachrichten\/#website"},"primaryImageOfPage":{"@id":"https:\/\/www.strassenweb.de\/nachrichten\/ich-kanalisiere-mein-inneres-farmmaedchen-mit-der-neuen-ikea-food-aufbewahrungskollektion-und-es-wird-meine-speisekammer-revolutionieren\/#primaryimage"},"image":{"@id":"https:\/\/www.strassenweb.de\/nachrichten\/ich-kanalisiere-mein-inneres-farmmaedchen-mit-der-neuen-ikea-food-aufbewahrungskollektion-und-es-wird-meine-speisekammer-revolutionieren\/#primaryimage"},"thumbnailUrl":"https:\/\/www.strassenweb.de\/nachrichten\/wp-content\/uploads\/2025\/08\/Ich-kanalisiere-mein-inneres-Farmmaedchen-mit-der-neuen-IKEA-Food.jpg","datePublished":"2025-08-07T08:40:33+00:00","dateModified":"2025-08-07T08:40:34+00:00","breadcrumb":{"@id":"https:\/\/www.strassenweb.de\/nachrichten\/ich-kanalisiere-mein-inneres-farmmaedchen-mit-der-neuen-ikea-food-aufbewahrungskollektion-und-es-wird-meine-speisekammer-revolutionieren\/#breadcrumb"},"inLanguage":"de","potentialAction":[{"@type":"ReadAction","target":["https:\/\/www.strassenweb.de\/nachrichten\/ich-kanalisiere-mein-inneres-farmmaedchen-mit-der-neuen-ikea-food-aufbewahrungskollektion-und-es-wird-meine-speisekammer-revolutionieren\/"]}]},{"@type":"ImageObject","inLanguage":"de","@id":"https:\/\/www.strassenweb.de\/nachrichten\/ich-kanalisiere-mein-inneres-farmmaedchen-mit-der-neuen-ikea-food-aufbewahrungskollektion-und-es-wird-meine-speisekammer-revolutionieren\/#primaryimage","url":"https:\/\/www.strassenweb.de\/nachrichten\/wp-content\/uploads\/2025\/08\/Ich-kanalisiere-mein-inneres-Farmmaedchen-mit-der-neuen-IKEA-Food.jpg","contentUrl":"https:\/\/www.strassenweb.de\/nachrichten\/wp-content\/uploads\/2025\/08\/Ich-kanalisiere-mein-inneres-Farmmaedchen-mit-der-neuen-IKEA-Food.jpg","width":1600,"height":900,"caption":"Cherry red kitchen with pale wooden shelves, wicker baskets, and glass jars"},{"@type":"BreadcrumbList","@id":"https:\/\/www.strassenweb.de\/nachrichten\/ich-kanalisiere-mein-inneres-farmmaedchen-mit-der-neuen-ikea-food-aufbewahrungskollektion-und-es-wird-meine-speisekammer-revolutionieren\/#breadcrumb","itemListElement":[{"@type":"ListItem","position":1,"name":"Home","item":"https:\/\/www.strassenweb.de\/nachrichten\/"},{"@type":"ListItem","position":2,"name":"Ich kanalisiere mein inneres Farmm\u00e4dchen mit der neuen IKEA Food -Aufbewahrungskollektion &#8211; und es wird meine Speisekammer revolutionieren"}]},{"@type":"WebSite","@id":"https:\/\/www.strassenweb.de\/nachrichten\/#website","url":"https:\/\/www.strassenweb.de\/nachrichten\/","name":"Stra\u00dfenweb","description":"Stra\u00dfenverzeichnis f\u00fcr Deutschland","publisher":{"@id":"https:\/\/www.strassenweb.de\/nachrichten\/#organization"},"potentialAction":[{"@type":"SearchAction","target":{"@type":"EntryPoint","urlTemplate":"https:\/\/www.strassenweb.de\/nachrichten\/?s={search_term_string}"},"query-input":{"@type":"PropertyValueSpecification","valueRequired":true,"valueName":"search_term_string"}}],"inLanguage":"de"},{"@type":"Organization","@id":"https:\/\/www.strassenweb.de\/nachrichten\/#organization","name":"Stra\u00dfenweb","url":"https:\/\/www.strassenweb.de\/nachrichten\/","logo":{"@type":"ImageObject","inLanguage":"de","@id":"https:\/\/www.strassenweb.de\/nachrichten\/#\/schema\/logo\/image\/","url":"https:\/\/www.strassenweb.de\/nachrichten\/wp-content\/uploads\/2024\/09\/cropped-favicon.png","contentUrl":"https:\/\/www.strassenweb.de\/nachrichten\/wp-content\/uploads\/2024\/09\/cropped-favicon.png","width":512,"height":512,"caption":"Stra\u00dfenweb"},"image":{"@id":"https:\/\/www.strassenweb.de\/nachrichten\/#\/schema\/logo\/image\/"},"sameAs":["https:\/\/www.facebook.com\/strassenweb\/"]},{"@type":"Person","@id":"https:\/\/www.strassenweb.de\/nachrichten\/#\/schema\/person\/87c9c9067f1211da429a744dc5a5aa41","name":"Robert Hoffmann","image":{"@type":"ImageObject","inLanguage":"de","@id":"https:\/\/www.strassenweb.de\/nachrichten\/wp-content\/uploads\/2024\/09\/strassenweb-150x150.jpg","url":"https:\/\/www.strassenweb.de\/nachrichten\/wp-content\/uploads\/2024\/09\/strassenweb-150x150.jpg","contentUrl":"https:\/\/www.strassenweb.de\/nachrichten\/wp-content\/uploads\/2024\/09\/strassenweb-150x150.jpg","caption":"Robert Hoffmann"},"description":"Ich hei\u00dfe Robert Hoffmann und ich bin ein leidenschaftlicher Verfechter von \u00d6kologie und Biodiversit\u00e4t. Seit meiner Kindheit in den W\u00e4ldern Bayerns f\u00fchle ich mich mit der Natur verbunden und bin entschlossen, sie zu sch\u00fctzen. Heute widme ich mein Leben der Sensibilisierung anderer f\u00fcr die Bedeutung des Umweltschutzes f\u00fcr zuk\u00fcnftige Generationen.","sameAs":["https:\/\/www.strassenweb.de\/"]}]}},"_links":{"self":[{"href":"https:\/\/www.strassenweb.de\/nachrichten\/wp-json\/wp\/v2\/posts\/6764","targetHints":{"allow":["GET"]}}],"collection":[{"href":"https:\/\/www.strassenweb.de\/nachrichten\/wp-json\/wp\/v2\/posts"}],"about":[{"href":"https:\/\/www.strassenweb.de\/nachrichten\/wp-json\/wp\/v2\/types\/post"}],"author":[{"embeddable":true,"href":"https:\/\/www.strassenweb.de\/nachrichten\/wp-json\/wp\/v2\/users\/1"}],"replies":[{"embeddable":true,"href":"https:\/\/www.strassenweb.de\/nachrichten\/wp-json\/wp\/v2\/comments?post=6764"}],"version-history":[{"count":0,"href":"https:\/\/www.strassenweb.de\/nachrichten\/wp-json\/wp\/v2\/posts\/6764\/revisions"}],"wp:featuredmedia":[{"embeddable":true,"href":"https:\/\/www.strassenweb.de\/nachrichten\/wp-json\/wp\/v2\/media\/6765"}],"wp:attachment":[{"href":"https:\/\/www.strassenweb.de\/nachrichten\/wp-json\/wp\/v2\/media?parent=6764"}],"wp:term":[{"taxonomy":"category","embeddable":true,"href":"https:\/\/www.strassenweb.de\/nachrichten\/wp-json\/wp\/v2\/categories?post=6764"},{"taxonomy":"post_tag","embeddable":true,"href":"https:\/\/www.strassenweb.de\/nachrichten\/wp-json\/wp\/v2\/tags?post=6764"}],"curies":[{"name":"wp","href":"https:\/\/api.w.org\/{rel}","templated":true}]}}