{"id":6758,"date":"2025-08-07T04:40:07","date_gmt":"2025-08-07T02:40:07","guid":{"rendered":"https:\/\/www.strassenweb.de\/nachrichten\/7-obstbaeume-die-im-august-fuer-eine-groessere-bessere-ernte-beschnitten-werden-muessen-meine-wesentliche-checkliste-fuer-den-spaetsommer-als-professioneller-gaertner\/"},"modified":"2025-08-07T04:40:07","modified_gmt":"2025-08-07T02:40:07","slug":"7-obstbaeume-die-im-august-fuer-eine-groessere-bessere-ernte-beschnitten-werden-muessen-meine-wesentliche-checkliste-fuer-den-spaetsommer-als-professioneller-gaertner","status":"publish","type":"post","link":"https:\/\/www.strassenweb.de\/nachrichten\/7-obstbaeume-die-im-august-fuer-eine-groessere-bessere-ernte-beschnitten-werden-muessen-meine-wesentliche-checkliste-fuer-den-spaetsommer-als-professioneller-gaertner\/","title":{"rendered":"7 Obstb\u00e4ume, die im August f\u00fcr eine gr\u00f6\u00dfere, bessere Ernte beschnitten werden m\u00fcssen-meine wesentliche Checkliste f\u00fcr den Sp\u00e4tsommer als professioneller G\u00e4rtner"},"content":{"rendered":"<p><\/p>\n<div id=\"article-body\" class=\"article__body \">\n<p>Das Beschneiden von Obstb\u00e4umen im August kann sich nicht intuitiv anf\u00fchlen. Sie denken vielleicht, Sie m\u00fcssen Ihre Apfel- und Birnenb\u00e4ume gut in Ruhe lassen, w\u00e4hrend die Fr\u00fcchte reifen. Aber nach meiner Erfahrung kann eine gut abgestimmte Sommerpflaume den Unterschied in Bezug auf die Qualit\u00e4t Ihrer Ernte ausmachen.<\/p>\n<div id=\"brdx-unit-1\" class=\"brdx-unit\"><\/div>\n<p>Ein paar Sommer zur\u00fcck, w\u00e4hrend ich in S\u00fcdwales arbeitete, nahm ich drei Pfund B\u00e4ume in einer Wiese im hinteren Teil des Gartens an, alle mit dichten, bl\u00e4ttrigen \u00dcberdachungen (so dick, dass ich kaum einen sicheren Ort f\u00fcr die Leiter finden konnte). Nach ein paar eher prek\u00e4ren Momenten, die hoch nach oben balancierten, verd\u00fcnnte ich die Krone, entfernte fleischige, unfruchtende Triebe und \u00f6ffnete den Baldachin f\u00fcr eine bessere Luftkreislauf. Das Ergebnis? Energieeffiziente B\u00e4ume, die sich auf die Reifung ihrer Fr\u00fcchte konzentrierten, wobei die Sonne direkt in das Herz des Baumes greifen kann.<\/p>\n<p>Ich habe festgestellt, dass diese Philosophie f\u00fcr viele Fruchtb\u00e4ume gilt, darunter beliebte Sorten wie Mulberries, Pfirsiche und Dams. Einige sorgf\u00e4ltige Schnitte werden nach meiner Erfahrung sp\u00e4ter in diesem Jahr zu einer besseren Qualit\u00e4t der Fr\u00fcchte f\u00fchren. Wenn Sie sich also fragen, welche Pflanzen im August zu beschneiden sollen, f\u00fcgen Sie diese sieben Obstb\u00e4ume zu Ihrer Liste hinzu.<\/p>\n<div class=\"van_vid_carousel\">\n<div class=\"van_vid_carousel__padding\">\n<div class=\"van_vid_carousel__container\"><\/div>\n<\/div>\n<\/div>\n<figure class=\"van-image-figure inline-layout \" data-bordeaux-image-check>\n<div class=\"image-full-width-wrapper\">\n<div class=\"image-widthsetter\" style=\"max-width:2400px;\"><\/div>\n<\/div>\n<\/figure>\n<h2 id=\"7-fruit-trees-to-prune-in-august-3\">7 Obstb\u00e4ume im August zu beschneiden<\/h2>\n<aside data-block-type=\"embed\" data-render-type=\"fte\" data-skip=\"dealsy\" data-widget-type=\"seasonal\" class=\"hawk-base\"><\/aside>\n<p>Wenn Sie im Sommer Obstb\u00e4ume beschneiden, geht es weniger darum, wild zur\u00fcckzuhacken, und mehr \u00fcber ein bisschen sorgf\u00e4ltige Intervention, sondern nur das junge fleischige Wachstum.<\/p>\n<div id=\"brdx-unit-2\" class=\"brdx-unit\"><\/div>\n<p>Einfach ausgedr\u00fcckt, das Ziel ist es, den Wasserverlust durch unn\u00f6tige Bl\u00e4tter zu verringern und mehr Energie auf diese reifen Fr\u00fcchte zu fokussieren.<\/p>\n<p>Ich habe das seit Jahren gemacht, auf wackeligen alten Leitern standen, alte \u00c4pfel verd\u00fcnnend, Birnen und z\u00e4hmende Quinzen. Und vertrau mir, es zahlt sich aus.<\/p>\n<p>Mein Rat? Wenn Sie im August ein oder zwei Obstb\u00e4ume im August im Rahmen Ihrer Sommerg\u00e4rten -Checkliste zum Herumhalten haben, stellen Sie sicher, dass Ihre Werkzeuge scharf und sauber sind (Sie m\u00f6chten keine Krankheit verbreiten) und investieren in eine Leiter von guter Qualit\u00e4t.<\/p>\n<div id=\"slice-container-newsletterForm-articleInbodyContent-FiKTr7wkMve2SNcBNSifFA\" class=\"slice-container newsletter-inbodyContent-slice newsletterForm-articleInbodyContent-FiKTr7wkMve2SNcBNSifFA slice-container-newsletterForm\"><\/div>\n<p>Probieren Sie so etwas wie diese hoch bewertete teleskopische V-f\u00f6rmige Wolec-Leiter, die bei Amazon erh\u00e4ltlich ist, mit der Sie in der Baldachin hautnah werden k\u00f6nnen.<\/p>\n<h3 class=\"article-body__section\" id=\"section-1-apricots\"><span>1. Aprikosen<\/span><\/h3>\n<figure class=\"van-image-figure inline-layout \" data-bordeaux-image-check>\n<div class=\"image-full-width-wrapper\">\n<div class=\"image-widthsetter\" style=\"max-width:2400px;\"><\/div>\n<\/div>\n<\/figure>\n<p>Viele verschiedene Arten von k\u00f6stlichen Aprikosenb\u00e4umen sind in G\u00e4rtnern beliebt und aus gutem Grund.<\/p>\n<p>Die meisten k\u00f6nnen zwischen Zone 5 bis Zone 8 angebaut werden, und ob Sie kompakte Sorten in kleinen st\u00e4dtischen Yards oder gr\u00f6\u00dfere Standardproben anbauen, die \u00fcber 20 Fu\u00df steigen k\u00f6nnen, ist wichtig.<\/p>\n<p>In Bezug auf den Obst (und die Herstellung der leckersten Fr\u00fcchte) m\u00fcssen Sie Licht in die Krone durchdringen lassen und viel Bel\u00fcftung leisten. Jetzt ist der perfekte Zeitpunkt, um \u00fcberf\u00fclltes Wachstum zu verd\u00fcnnen, insbesondere das innere Baldachin.<\/p>\n<p>Seien Sie vorsichtig, nicht zu stark zu beschneiden, was zu dieser Jahreszeit ein Fruchtbaumfehler w\u00e4re. Bei Summer Trimming geht es nicht darum, den Baum vollst\u00e4ndig umzugestalten, sondern mehr um die Verfeinerung.<\/p>\n<p>Konzentrieren Sie sich auf \u00fcberm\u00e4\u00dfig Blattstiele und verstopfte Bereiche und schneiden Sie zwei oder drei Blattknoten \u00fcber einer Fruchth\u00e4ufigkeit und achten Sie darauf, dass Sie bei der Arbeit keine Fr\u00fcchte besch\u00e4digen.<\/p>\n<p>Probieren Sie f\u00fcr Zweige und Aprikosenwachstum, das schwer zu erreichen ist, so etwas wie diesen teleskopischen erweiterbaren Baum Pruner, der bei Amazon erh\u00e4ltlich ist.<\/p>\n<h3 class=\"article-body__section\" id=\"section-2-damsons\"><span>2. Damsons<\/span><\/h3>\n<figure class=\"van-image-figure inline-layout \" data-bordeaux-image-check>\n<div class=\"image-full-width-wrapper\">\n<div class=\"image-widthsetter\" style=\"max-width:2400px;\"><\/div>\n<\/div>\n<\/figure>\n<p>Damson-B\u00e4ume sind vielleicht weniger bekannt als andere beliebte B\u00e4ume, aber diese Pflaumenfr\u00fcchte sind sicherlich Ihre Zeit wert.<\/p>\n<p>Wenn Sie bereits gelernt haben, wie man einen Damson -Baum in Obst bringt, werden Sie wahrscheinlich bald mit kleinen lila Fr\u00fcchten \u00fcberladen. Tats\u00e4chlich k\u00f6nnen die Zweige unter dem Gewicht der Ernte so schwer werden, dass sie anfangen k\u00f6nnen, sich zu schlie\u00dfen.<\/p>\n<p>W\u00e4hrend Damss im Fr\u00fchsommer, manchmal als &#8222;June -Drop&#8220; bezeichnet wird, nat\u00fcrlich etwas von ihren Fr\u00fcchten vergie\u00dfen, lohnt es sich, eine helfende Hand zu leisten.<\/p>\n<p>Wie bei anderen B\u00e4umen w\u00fcrde ich die Ausd\u00fcnnung von Fr\u00fcchten empfehlen, damit ein Damson alle zwei bis drei Zoll auf einem Zweig gibt. Es f\u00fchlt sich damals brutal an, aber diese zur\u00fcckliefen werden reifen und schwollen umso besser an.<\/p>\n<p>Wenn Sie Lust haben, in einige neue japanische Gartenwerkzeuge f\u00fcr Ihre Sommerjobs im Hof zu investieren, probieren Sie diese Okatsune -Pruner, die von Walmart erh\u00e4ltlich sind, was im August sicherlich Ihr Gartenspiel erh\u00f6hen wird.<\/p>\n<h3 class=\"article-body__section\" id=\"section-3-apples\"><span>3. \u00c4pfel<\/span><\/h3>\n<figure class=\"van-image-figure inline-layout \" data-bordeaux-image-check>\n<div class=\"image-full-width-wrapper\">\n<div class=\"image-widthsetter\" style=\"max-width:2400px;\"><\/div>\n<\/div>\n<\/figure>\n<p>Russets sind meine Lieblings -Apple -Sorte f\u00fcr das Wachstum &#8211; ein britisches Kulturerbe -Apfel mit einer rauen Textur, aber dem k\u00f6stlichsten Geschmack.<\/p>\n<p>Unabh\u00e4ngig von der Sorte, die Sie wachsen, ob Russet, Jonagold, Gala oder Fuji, August Beschneiden ist der Schl\u00fcssel. Wenn Sie \u00c4pfel in Grenzen z\u00fcchten oder \u00c4pfel in T\u00f6pfen wachsen lassen, schneiden Sie einfach nicht fruchtende Triebe weg, die zu viel Energie ziehen.<\/p>\n<p>Konzentrieren Sie sich auf das oberste Wachstum und schneiden Sie auf ein paar Blattknoten. Durch die Reduzierung von Triebe und dichten Bl\u00e4ttern kann das Licht auf die Mitte des Baumes zugreifen.<\/p>\n<p>Verwenden Sie f\u00fcr dickere Apfelzweige so etwas wie diese Hochleistungs-L\u00e4der von Fiskars, die jetzt online bei Amazon erh\u00e4ltlich sind, die leicht klobige St\u00e4ngel durchschneiden, die f\u00fcr Ihre Pruner etwas zu gro\u00df sind.<\/p>\n<p>Wenn Sie \u00c4pfel beschneiden, sind Sie m\u00f6glicherweise versucht, um diese Zeit ein oder zwei zu pfl\u00fccken, aber von mir lernen: Sie sind nicht bereit. Bitter und weit davon entfernt, unterhaltsam zu sein. Aber eine gute Pflaume kann ihnen helfen, dorthin zu gelangen, und Ihre Fr\u00fcchte sollten fertig sein.<\/p>\n<div class=\"min-h-(270px) mb-4 viafoura-twig-component\" id=\"viafoura-engagement-starter-wrapper\" data-component-name=\"Elk:Embed:EngagementStarter\">\n<div class=\"viafoura\">\n<div>\n<vf-conversation-starter target=\"viafoura-comments\" title=\"What fruit trees are growing in your yard?\" description=\"Will you be trimming fruit trees this August? \" minimum-comment-count=\"5\"><br \/>\n<\/vf-conversation-starter>\n<\/div>\n<\/div>\n<\/div>\n<h3 class=\"article-body__section\" id=\"section-4-pears\"><span>4. Birnen<\/span><\/h3>\n<figure class=\"van-image-figure inline-layout \" data-bordeaux-image-check>\n<div class=\"image-full-width-wrapper\">\n<div class=\"image-widthsetter\" style=\"max-width:2400px;\"><\/div>\n<\/div>\n<\/figure>\n<p>Birnen sind meiner Erfahrung nach eine der einfachsten Obstb\u00e4ume, die Sie wachsen k\u00f6nnen. Ich habe zwei der h\u00e4ufigsten (und beliebtesten) Sorten zuvor gewachsen: Konferenz und Comice, die beide ideal f\u00fcr kleinere Yards sind, da Sie sie an einer Wand trainieren k\u00f6nnen (als Spannung).<\/p>\n<p>Wenn Sie Ihrem Grundst\u00fcck in diesem Jahr eine s\u00fc\u00dfe, leckere Kulturerbe -Sorte hinzuf\u00fcgen m\u00f6chten, probieren Sie diesen Live BOSC -Birnenbaum (<em>Pyrus &#8218;Bosc&#8216;<\/em>) mit lebenden Anlagen von Nature Hills.<\/p>\n<p>Ich habe auch Birnenb\u00e4ume als Stieffl\u00fcsse ausgebildet und sie entlang eines niedrigen Drahtes am Rand eines K\u00fcchengartens in S\u00fcdwales angewachsen. W\u00e4hrend ein solches Training ein wenig Geduld erfordert, sobald sich er etabliert und gl\u00fccklich ist, k\u00f6nnen diese niedrig wachsenden B\u00e4ume gute Cropper sein.<\/p>\n<p>Wie bei \u00c4pfeln sind Birnen Meister, die ihre Fr\u00fcchte unter Blatt\u00fcberdachungen verstecken. Im August mache ich einen Sinn, Birnen zu beschneiden, indem ich die St\u00e4ngel verd\u00fcnne und kr\u00e4ftige, unproduktive Triebe reduziere. Sie m\u00f6chten, dass das Licht jede Frucht erreicht, sogar diejenigen, die in der Mitte unter alten Zweigen versteckt sind.<\/p>\n<p>Und denken Sie daran, dass es so wichtig ist, dass Ihre Werkzeuge B\u00e4ume beschneiden, und die Verwendung eines Sch\u00e4rfsteins hilft wirklich, den Job zehnmal zu erleichtern.<\/p>\n<p>Probieren Sie so etwas wie diesen Okatsune -Sch\u00e4rfstein, der \u00fcber Amazon erh\u00e4ltlich ist, um Ihre Pflaumen in effektivem Zustand zu halten.<\/p>\n<h3 class=\"article-body__section\" id=\"section-5-quince\"><span>5. Quinne<\/span><\/h3>\n<figure class=\"van-image-figure inline-layout \" data-bordeaux-image-check>\n<div class=\"image-full-width-wrapper\">\n<div class=\"image-widthsetter\" style=\"max-width:2400px;\"><\/div>\n<\/div>\n<\/figure>\n<p>Quittenb\u00e4ume mit ihren samtigen, pelzigen Fr\u00fcchten sind \u00fcberraschend leicht zu wachsen, solange Sie ihnen ein wenig Aufmerksamkeit im August geben.<\/p>\n<p>Ihre \u00dcberdachungen k\u00f6nnen mit Fr\u00fcchten und Laub so dicht (und schwer) werden, was bedeutet, dass Sonnenlicht k\u00e4mpft, um durchzuf\u00fchren, und das ist ein Problem, wenn Sie nach Fr\u00fcchten suchen, die gut genug f\u00fcr Gelees, Chutneys oder einfach als Tischzentrum im Herbst sind.<\/p>\n<p>Es ist also wichtig zu lernen, wie man Quittenb\u00e4ume beschnitten. Eine leichte Ausd\u00fcnnung nicht fruchtbarer Triebe kann den Reifeprozess dramatisch verbessern und das neue Wachstum auf zwei oder drei Blattknoten reduzieren.<\/p>\n<p>F\u00fcr Top -Shootings, die auf der Krone aufwachsen, verwenden Sie so etwas wie diese hoch bewertete Pole S\u00e4ge von Fiskars, die ab sofort \u00fcber Home Depot erh\u00e4ltlich ist. Schlie\u00dflich m\u00f6chten Sie das Beschneiden nicht mit einer Handvoll langer Triebe beenden, die direkt am oberen Ende des Baumes bleiben.<\/p>\n<p>Ich stelle im Allgemeinen fest, dass Quittenb\u00e4ume nicht zu viel Obstopfer ben\u00f6tigen, aber wenn Sie einen Cluster von drei oder vier Fr\u00fcchten zusammen haben, lohnt es sich wahrscheinlich, ein oder zwei auf den Komposthaufen zu werfen oder sie als Snack f\u00fcr Wildtiere zu lassen.<\/p>\n<h3 class=\"article-body__section\" id=\"section-6-mulberry\"><span>6. Mulberry<\/span><\/h3>\n<figure class=\"van-image-figure inline-layout \" data-bordeaux-image-check>\n<div class=\"image-full-width-wrapper\">\n<div class=\"image-widthsetter\" style=\"max-width:2400px;\"><\/div>\n<\/div>\n<\/figure>\n<p>Maulbeerb\u00e4ume sind ganz einfach einige der besten Obstb\u00e4ume mit k\u00f6stlicher Ernte. Wenn Sie bereits einen in Ihrem Garten haben, muss ich Sie nicht von ihrem Wert \u00fcberzeugen.<\/p>\n<p>Ich k\u00fcmmerte mich einmal um eine gro\u00dfe Maulbeerbeere mit abfallenden, weinenden Zweigen, die jeden Sommer mit Fr\u00fcchten kaskadierten. Die Auswahl war eine anhaltende Sommeraufgabe, die nach Bedarf erledigt wurde. Die H\u00e4lfte von ihnen ging in den Gefrierschrank, aber meistens a\u00dfen wir sie direkt vom Zweig.<\/p>\n<p>Bei August Mulberry Beschneidung geht es weniger um die Gestaltung und mehr um die Praktikabilit\u00e4t: das Entfernen von dichtem Wachstum, das Fr\u00fcchte verbirgt, und der Ernte zu helfen, die bisher beste zu sein.<\/p>\n<p>Sie wollen nicht sinnlos weghacken, sondern nehmen Sie energische neue Shootings heraus, die die Ernte beschatten. Aber denken Sie daran, halten Sie fest, wenn der Baum im Winter ruht.<\/p>\n<h3 class=\"article-body__section\" id=\"section-7-peach\"><span>7. Pfirsich<\/span><\/h3>\n<figure class=\"van-image-figure inline-layout \" data-bordeaux-image-check>\n<div class=\"image-full-width-wrapper\">\n<div class=\"image-widthsetter\" style=\"max-width:2000px;\"><\/div>\n<\/div>\n<\/figure>\n<p>Wenn Sie einen Pfirsichbaum beschneiden m\u00fcssen, ist ein etwas anderer Ansatz erforderlich. Das August -Beschneidung erfolgt normalerweise nach (nicht zuvor). Die Ernte ist abgeschlossen.<\/p>\n<p>Dies liegt daran, dass Sie nach der Auswahl der Fr\u00fcchte viele bl\u00e4ttrige Pfirsich -Shootings bemerken, die nach oben springen.<\/p>\n<p>Wenn Sie also lernen, wie man einen Pfirsichbaum beschneidet, beenden Sie einfach ein wenig Trimmen und Ausd\u00fcnnung, um den Baum zu helfen, seine Energie zur St\u00e4rkung der \u00c4ste und der Ernte des n\u00e4chsten Jahres umzuleiten (denken Sie daran, dass sich Pfirsiche auf neuem Wachstum bilden, also mach dir keine Sorgen um die Auswirkungen der Fr\u00fcchte des n\u00e4chsten Jahres).<\/p>\n<p>Konzentrieren Sie sich auf die Entfernung vertikaler Triebe sowie jedes \u00fcberlastete Wachstum in der Mitte. Offene, luftige Kronen bedeuten weniger Risiko f\u00fcr Mehltau und Sch\u00e4dlinge.<\/p>\n<p>Lassen Sie das Beschneiden von nicht steinigen Obstb\u00e4umen und den Winter, wenn Ihre Obstb\u00e4ume ruhen und nicht im Blatt sind, ein hartes Schnitt oder eine Verj\u00fcngung von nicht steinigen Obstb\u00e4umen, und schneiden Sie manchmal zwischen November und Februar zur\u00fcck.<\/p>\n<p>Bei Steinfr\u00fcchten, einschlie\u00dflich Kirschb\u00e4umen und Pflaumenb\u00e4umen, sollten im Sommer alle Beschneidungen (einschlie\u00dflich Verj\u00fcngung) durchgef\u00fchrt werden, um das Risiko von Krankheiten wie Silberblatt und Bakterienschl\u00e4ger zu verringern, die sich als t\u00f6dlich erweisen k\u00f6nnen.<\/p>\n<p>Weitere Informationen finden Sie in unserem Leitfaden, wann Sie Obstb\u00e4ume beschneiden m\u00fcssen.<\/p>\n<h2 id=\"shop-garden-accessories-3\">Kaufen Sie Gartenzubeh\u00f6r<\/h2>\n<div class=\"product-container hero-product-container product-block-no-wrap\">\n<div class=\"product-block-row\"><\/div>\n<div class=\"product-block-row\"><\/div>\n<div class=\"product-block-row\"><\/div>\n<\/div>\n<div class=\"block\" id=\"articleTag\" data-component-name=\"PostArticleLinks\">\n<div class=\"border-b border-b-black border-solid py-2.5 text-black font-bold uppercase\">Themen<\/div>\n<nav class=\"py-2.5 flex gap-2.5 flex-wrap\" data-analytics-id=\"article-tag\">\n<p>Obstb\u00e4ume<br \/>\n<\/nav>\n<\/div>\n<\/div>\n","protected":false},"excerpt":{"rendered":"<p>Das Beschneiden von Obstb\u00e4umen im August kann sich nicht intuitiv anf\u00fchlen. Sie denken vielleicht, Sie m\u00fcssen Ihre Apfel- und Birnenb\u00e4ume gut in Ruhe lassen, w\u00e4hrend<\/p>\n","protected":false},"author":1,"featured_media":6759,"comment_status":"closed","ping_status":"","sticky":false,"template":"","format":"standard","meta":{"footnotes":""},"categories":[118],"tags":[935,9031,4703,3318,9172,78,9,74,895,55,2098,893,9171,2167,6299,9173,27,4914],"class_list":["post-6758","post","type-post","status-publish","format-standard","has-post-thumbnail","hentry","category-haus-garten","tag-als","tag-august","tag-beschnitten","tag-bessere","tag-checkliste","tag-den","tag-die","tag-eine","tag-ernte","tag-fuer","tag-gaertner","tag-groessere","tag-muessenmeine","tag-obstbaeume","tag-professioneller","tag-spaetsommer","tag-werden","tag-wesentliche","generate-columns","tablet-grid-50","mobile-grid-100","grid-parent","grid-50"],"yoast_head":"<!-- This site is optimized with the Yoast SEO plugin v27.3 - https:\/\/yoast.com\/product\/yoast-seo-wordpress\/ -->\n<title>7 Obstb\u00e4ume, die im August f\u00fcr eine gr\u00f6\u00dfere, bessere Ernte beschnitten werden m\u00fcssen-meine wesentliche Checkliste f\u00fcr den Sp\u00e4tsommer als professioneller G\u00e4rtner - Nachrichten - Stra\u00dfenweb<\/title>\n<meta name=\"robots\" content=\"index, follow, max-snippet:-1, max-image-preview:large, max-video-preview:-1\" \/>\n<link rel=\"canonical\" href=\"https:\/\/www.strassenweb.de\/nachrichten\/7-obstbaeume-die-im-august-fuer-eine-groessere-bessere-ernte-beschnitten-werden-muessen-meine-wesentliche-checkliste-fuer-den-spaetsommer-als-professioneller-gaertner\/\" \/>\n<meta property=\"og:locale\" content=\"de_DE\" \/>\n<meta property=\"og:type\" content=\"article\" \/>\n<meta property=\"og:title\" content=\"7 Obstb\u00e4ume, die im August f\u00fcr eine gr\u00f6\u00dfere, bessere Ernte beschnitten werden m\u00fcssen-meine wesentliche Checkliste f\u00fcr den Sp\u00e4tsommer als professioneller G\u00e4rtner - Nachrichten - Stra\u00dfenweb\" \/>\n<meta property=\"og:description\" content=\"Das Beschneiden von Obstb\u00e4umen im August kann sich nicht intuitiv anf\u00fchlen. Sie denken vielleicht, Sie m\u00fcssen Ihre Apfel- und Birnenb\u00e4ume gut in Ruhe lassen, w\u00e4hrend\" \/>\n<meta property=\"og:url\" content=\"https:\/\/www.strassenweb.de\/nachrichten\/7-obstbaeume-die-im-august-fuer-eine-groessere-bessere-ernte-beschnitten-werden-muessen-meine-wesentliche-checkliste-fuer-den-spaetsommer-als-professioneller-gaertner\/\" \/>\n<meta property=\"og:site_name\" content=\"Stra\u00dfenweb\" \/>\n<meta property=\"article:publisher\" content=\"https:\/\/www.facebook.com\/strassenweb\/\" \/>\n<meta property=\"article:published_time\" content=\"2025-08-07T02:40:07+00:00\" \/>\n<meta property=\"og:image\" content=\"https:\/\/www.strassenweb.de\/nachrichten\/wp-content\/uploads\/2024\/10\/KrfDnjgBDADcmE9MMcS4iK.jpg\" \/>\n\t<meta property=\"og:image:width\" content=\"1\" \/>\n\t<meta property=\"og:image:height\" content=\"1\" \/>\n\t<meta property=\"og:image:type\" content=\"image\/jpeg\" \/>\n<meta name=\"author\" content=\"Robert Hoffmann\" \/>\n<meta name=\"twitter:card\" content=\"summary_large_image\" \/>\n<meta name=\"twitter:label1\" content=\"Verfasst von\" \/>\n\t<meta name=\"twitter:data1\" content=\"Robert Hoffmann\" \/>\n\t<meta name=\"twitter:label2\" content=\"Gesch\u00e4tzte Lesezeit\" \/>\n\t<meta name=\"twitter:data2\" content=\"9\u00a0Minuten\" \/>\n<script type=\"application\/ld+json\" class=\"yoast-schema-graph\">{\"@context\":\"https:\\\/\\\/schema.org\",\"@graph\":[{\"@type\":\"Article\",\"@id\":\"https:\\\/\\\/www.strassenweb.de\\\/nachrichten\\\/7-obstbaeume-die-im-august-fuer-eine-groessere-bessere-ernte-beschnitten-werden-muessen-meine-wesentliche-checkliste-fuer-den-spaetsommer-als-professioneller-gaertner\\\/#article\",\"isPartOf\":{\"@id\":\"https:\\\/\\\/www.strassenweb.de\\\/nachrichten\\\/7-obstbaeume-die-im-august-fuer-eine-groessere-bessere-ernte-beschnitten-werden-muessen-meine-wesentliche-checkliste-fuer-den-spaetsommer-als-professioneller-gaertner\\\/\"},\"author\":{\"name\":\"Robert Hoffmann\",\"@id\":\"https:\\\/\\\/www.strassenweb.de\\\/nachrichten\\\/#\\\/schema\\\/person\\\/87c9c9067f1211da429a744dc5a5aa41\"},\"headline\":\"7 Obstb\u00e4ume, die im August f\u00fcr eine gr\u00f6\u00dfere, bessere Ernte beschnitten werden m\u00fcssen-meine wesentliche Checkliste f\u00fcr den Sp\u00e4tsommer als professioneller G\u00e4rtner\",\"datePublished\":\"2025-08-07T02:40:07+00:00\",\"mainEntityOfPage\":{\"@id\":\"https:\\\/\\\/www.strassenweb.de\\\/nachrichten\\\/7-obstbaeume-die-im-august-fuer-eine-groessere-bessere-ernte-beschnitten-werden-muessen-meine-wesentliche-checkliste-fuer-den-spaetsommer-als-professioneller-gaertner\\\/\"},\"wordCount\":1800,\"publisher\":{\"@id\":\"https:\\\/\\\/www.strassenweb.de\\\/nachrichten\\\/#organization\"},\"image\":{\"@id\":\"https:\\\/\\\/www.strassenweb.de\\\/nachrichten\\\/7-obstbaeume-die-im-august-fuer-eine-groessere-bessere-ernte-beschnitten-werden-muessen-meine-wesentliche-checkliste-fuer-den-spaetsommer-als-professioneller-gaertner\\\/#primaryimage\"},\"thumbnailUrl\":\"https:\\\/\\\/www.strassenweb.de\\\/nachrichten\\\/wp-content\\\/uploads\\\/2024\\\/10\\\/KrfDnjgBDADcmE9MMcS4iK.jpg\",\"keywords\":[\"als\",\"August\",\"beschnitten\",\"bessere\",\"Checkliste\",\"den\",\"die\",\"eine\",\"Ernte\",\"f\u00fcr\",\"G\u00e4rtner\",\"gr\u00f6\u00dfere\",\"m\u00fcssenmeine\",\"Obstb\u00e4ume\",\"professioneller\",\"Sp\u00e4tsommer\",\"werden\",\"Wesentliche\"],\"articleSection\":[\"Haus &amp; Garten\"],\"inLanguage\":\"de\"},{\"@type\":\"WebPage\",\"@id\":\"https:\\\/\\\/www.strassenweb.de\\\/nachrichten\\\/7-obstbaeume-die-im-august-fuer-eine-groessere-bessere-ernte-beschnitten-werden-muessen-meine-wesentliche-checkliste-fuer-den-spaetsommer-als-professioneller-gaertner\\\/\",\"url\":\"https:\\\/\\\/www.strassenweb.de\\\/nachrichten\\\/7-obstbaeume-die-im-august-fuer-eine-groessere-bessere-ernte-beschnitten-werden-muessen-meine-wesentliche-checkliste-fuer-den-spaetsommer-als-professioneller-gaertner\\\/\",\"name\":\"7 Obstb\u00e4ume, die im August f\u00fcr eine gr\u00f6\u00dfere, bessere Ernte beschnitten werden m\u00fcssen-meine wesentliche Checkliste f\u00fcr den Sp\u00e4tsommer als professioneller G\u00e4rtner - Nachrichten - Stra\u00dfenweb\",\"isPartOf\":{\"@id\":\"https:\\\/\\\/www.strassenweb.de\\\/nachrichten\\\/#website\"},\"primaryImageOfPage\":{\"@id\":\"https:\\\/\\\/www.strassenweb.de\\\/nachrichten\\\/7-obstbaeume-die-im-august-fuer-eine-groessere-bessere-ernte-beschnitten-werden-muessen-meine-wesentliche-checkliste-fuer-den-spaetsommer-als-professioneller-gaertner\\\/#primaryimage\"},\"image\":{\"@id\":\"https:\\\/\\\/www.strassenweb.de\\\/nachrichten\\\/7-obstbaeume-die-im-august-fuer-eine-groessere-bessere-ernte-beschnitten-werden-muessen-meine-wesentliche-checkliste-fuer-den-spaetsommer-als-professioneller-gaertner\\\/#primaryimage\"},\"thumbnailUrl\":\"https:\\\/\\\/www.strassenweb.de\\\/nachrichten\\\/wp-content\\\/uploads\\\/2024\\\/10\\\/KrfDnjgBDADcmE9MMcS4iK.jpg\",\"datePublished\":\"2025-08-07T02:40:07+00:00\",\"breadcrumb\":{\"@id\":\"https:\\\/\\\/www.strassenweb.de\\\/nachrichten\\\/7-obstbaeume-die-im-august-fuer-eine-groessere-bessere-ernte-beschnitten-werden-muessen-meine-wesentliche-checkliste-fuer-den-spaetsommer-als-professioneller-gaertner\\\/#breadcrumb\"},\"inLanguage\":\"de\",\"potentialAction\":[{\"@type\":\"ReadAction\",\"target\":[\"https:\\\/\\\/www.strassenweb.de\\\/nachrichten\\\/7-obstbaeume-die-im-august-fuer-eine-groessere-bessere-ernte-beschnitten-werden-muessen-meine-wesentliche-checkliste-fuer-den-spaetsommer-als-professioneller-gaertner\\\/\"]}]},{\"@type\":\"ImageObject\",\"inLanguage\":\"de\",\"@id\":\"https:\\\/\\\/www.strassenweb.de\\\/nachrichten\\\/7-obstbaeume-die-im-august-fuer-eine-groessere-bessere-ernte-beschnitten-werden-muessen-meine-wesentliche-checkliste-fuer-den-spaetsommer-als-professioneller-gaertner\\\/#primaryimage\",\"url\":\"https:\\\/\\\/www.strassenweb.de\\\/nachrichten\\\/wp-content\\\/uploads\\\/2024\\\/10\\\/KrfDnjgBDADcmE9MMcS4iK.jpg\",\"contentUrl\":\"https:\\\/\\\/www.strassenweb.de\\\/nachrichten\\\/wp-content\\\/uploads\\\/2024\\\/10\\\/KrfDnjgBDADcmE9MMcS4iK.jpg\",\"caption\":\"How to get a mulberry tree to fruit\"},{\"@type\":\"BreadcrumbList\",\"@id\":\"https:\\\/\\\/www.strassenweb.de\\\/nachrichten\\\/7-obstbaeume-die-im-august-fuer-eine-groessere-bessere-ernte-beschnitten-werden-muessen-meine-wesentliche-checkliste-fuer-den-spaetsommer-als-professioneller-gaertner\\\/#breadcrumb\",\"itemListElement\":[{\"@type\":\"ListItem\",\"position\":1,\"name\":\"Home\",\"item\":\"https:\\\/\\\/www.strassenweb.de\\\/nachrichten\\\/\"},{\"@type\":\"ListItem\",\"position\":2,\"name\":\"7 Obstb\u00e4ume, die im August f\u00fcr eine gr\u00f6\u00dfere, bessere Ernte beschnitten werden m\u00fcssen-meine wesentliche Checkliste f\u00fcr den Sp\u00e4tsommer als professioneller G\u00e4rtner\"}]},{\"@type\":\"WebSite\",\"@id\":\"https:\\\/\\\/www.strassenweb.de\\\/nachrichten\\\/#website\",\"url\":\"https:\\\/\\\/www.strassenweb.de\\\/nachrichten\\\/\",\"name\":\"Stra\u00dfenweb\",\"description\":\"Stra\u00dfenverzeichnis f\u00fcr Deutschland\",\"publisher\":{\"@id\":\"https:\\\/\\\/www.strassenweb.de\\\/nachrichten\\\/#organization\"},\"potentialAction\":[{\"@type\":\"SearchAction\",\"target\":{\"@type\":\"EntryPoint\",\"urlTemplate\":\"https:\\\/\\\/www.strassenweb.de\\\/nachrichten\\\/?s={search_term_string}\"},\"query-input\":{\"@type\":\"PropertyValueSpecification\",\"valueRequired\":true,\"valueName\":\"search_term_string\"}}],\"inLanguage\":\"de\"},{\"@type\":\"Organization\",\"@id\":\"https:\\\/\\\/www.strassenweb.de\\\/nachrichten\\\/#organization\",\"name\":\"Stra\u00dfenweb\",\"url\":\"https:\\\/\\\/www.strassenweb.de\\\/nachrichten\\\/\",\"logo\":{\"@type\":\"ImageObject\",\"inLanguage\":\"de\",\"@id\":\"https:\\\/\\\/www.strassenweb.de\\\/nachrichten\\\/#\\\/schema\\\/logo\\\/image\\\/\",\"url\":\"https:\\\/\\\/www.strassenweb.de\\\/nachrichten\\\/wp-content\\\/uploads\\\/2024\\\/09\\\/cropped-favicon.png\",\"contentUrl\":\"https:\\\/\\\/www.strassenweb.de\\\/nachrichten\\\/wp-content\\\/uploads\\\/2024\\\/09\\\/cropped-favicon.png\",\"width\":512,\"height\":512,\"caption\":\"Stra\u00dfenweb\"},\"image\":{\"@id\":\"https:\\\/\\\/www.strassenweb.de\\\/nachrichten\\\/#\\\/schema\\\/logo\\\/image\\\/\"},\"sameAs\":[\"https:\\\/\\\/www.facebook.com\\\/strassenweb\\\/\"]},{\"@type\":\"Person\",\"@id\":\"https:\\\/\\\/www.strassenweb.de\\\/nachrichten\\\/#\\\/schema\\\/person\\\/87c9c9067f1211da429a744dc5a5aa41\",\"name\":\"Robert Hoffmann\",\"image\":{\"@type\":\"ImageObject\",\"inLanguage\":\"de\",\"@id\":\"https:\\\/\\\/www.strassenweb.de\\\/nachrichten\\\/wp-content\\\/uploads\\\/2024\\\/09\\\/strassenweb-150x150.jpg\",\"url\":\"https:\\\/\\\/www.strassenweb.de\\\/nachrichten\\\/wp-content\\\/uploads\\\/2024\\\/09\\\/strassenweb-150x150.jpg\",\"contentUrl\":\"https:\\\/\\\/www.strassenweb.de\\\/nachrichten\\\/wp-content\\\/uploads\\\/2024\\\/09\\\/strassenweb-150x150.jpg\",\"caption\":\"Robert Hoffmann\"},\"description\":\"Ich hei\u00dfe Robert Hoffmann und ich bin ein leidenschaftlicher Verfechter von \u00d6kologie und Biodiversit\u00e4t. Seit meiner Kindheit in den W\u00e4ldern Bayerns f\u00fchle ich mich mit der Natur verbunden und bin entschlossen, sie zu sch\u00fctzen. Heute widme ich mein Leben der Sensibilisierung anderer f\u00fcr die Bedeutung des Umweltschutzes f\u00fcr zuk\u00fcnftige Generationen.\",\"sameAs\":[\"https:\\\/\\\/www.strassenweb.de\\\/\"]}]}<\/script>\n<!-- \/ Yoast SEO plugin. -->","yoast_head_json":{"title":"7 Obstb\u00e4ume, die im August f\u00fcr eine gr\u00f6\u00dfere, bessere Ernte beschnitten werden m\u00fcssen-meine wesentliche Checkliste f\u00fcr den Sp\u00e4tsommer als professioneller G\u00e4rtner - Nachrichten - Stra\u00dfenweb","robots":{"index":"index","follow":"follow","max-snippet":"max-snippet:-1","max-image-preview":"max-image-preview:large","max-video-preview":"max-video-preview:-1"},"canonical":"https:\/\/www.strassenweb.de\/nachrichten\/7-obstbaeume-die-im-august-fuer-eine-groessere-bessere-ernte-beschnitten-werden-muessen-meine-wesentliche-checkliste-fuer-den-spaetsommer-als-professioneller-gaertner\/","og_locale":"de_DE","og_type":"article","og_title":"7 Obstb\u00e4ume, die im August f\u00fcr eine gr\u00f6\u00dfere, bessere Ernte beschnitten werden m\u00fcssen-meine wesentliche Checkliste f\u00fcr den Sp\u00e4tsommer als professioneller G\u00e4rtner - Nachrichten - Stra\u00dfenweb","og_description":"Das Beschneiden von Obstb\u00e4umen im August kann sich nicht intuitiv anf\u00fchlen. Sie denken vielleicht, Sie m\u00fcssen Ihre Apfel- und Birnenb\u00e4ume gut in Ruhe lassen, w\u00e4hrend","og_url":"https:\/\/www.strassenweb.de\/nachrichten\/7-obstbaeume-die-im-august-fuer-eine-groessere-bessere-ernte-beschnitten-werden-muessen-meine-wesentliche-checkliste-fuer-den-spaetsommer-als-professioneller-gaertner\/","og_site_name":"Stra\u00dfenweb","article_publisher":"https:\/\/www.facebook.com\/strassenweb\/","article_published_time":"2025-08-07T02:40:07+00:00","og_image":[{"url":"https:\/\/www.strassenweb.de\/nachrichten\/wp-content\/uploads\/2024\/10\/KrfDnjgBDADcmE9MMcS4iK.jpg","width":1,"height":1,"type":"image\/jpeg"}],"author":"Robert Hoffmann","twitter_card":"summary_large_image","twitter_misc":{"Verfasst von":"Robert Hoffmann","Gesch\u00e4tzte Lesezeit":"9\u00a0Minuten"},"schema":{"@context":"https:\/\/schema.org","@graph":[{"@type":"Article","@id":"https:\/\/www.strassenweb.de\/nachrichten\/7-obstbaeume-die-im-august-fuer-eine-groessere-bessere-ernte-beschnitten-werden-muessen-meine-wesentliche-checkliste-fuer-den-spaetsommer-als-professioneller-gaertner\/#article","isPartOf":{"@id":"https:\/\/www.strassenweb.de\/nachrichten\/7-obstbaeume-die-im-august-fuer-eine-groessere-bessere-ernte-beschnitten-werden-muessen-meine-wesentliche-checkliste-fuer-den-spaetsommer-als-professioneller-gaertner\/"},"author":{"name":"Robert Hoffmann","@id":"https:\/\/www.strassenweb.de\/nachrichten\/#\/schema\/person\/87c9c9067f1211da429a744dc5a5aa41"},"headline":"7 Obstb\u00e4ume, die im August f\u00fcr eine gr\u00f6\u00dfere, bessere Ernte beschnitten werden m\u00fcssen-meine wesentliche Checkliste f\u00fcr den Sp\u00e4tsommer als professioneller G\u00e4rtner","datePublished":"2025-08-07T02:40:07+00:00","mainEntityOfPage":{"@id":"https:\/\/www.strassenweb.de\/nachrichten\/7-obstbaeume-die-im-august-fuer-eine-groessere-bessere-ernte-beschnitten-werden-muessen-meine-wesentliche-checkliste-fuer-den-spaetsommer-als-professioneller-gaertner\/"},"wordCount":1800,"publisher":{"@id":"https:\/\/www.strassenweb.de\/nachrichten\/#organization"},"image":{"@id":"https:\/\/www.strassenweb.de\/nachrichten\/7-obstbaeume-die-im-august-fuer-eine-groessere-bessere-ernte-beschnitten-werden-muessen-meine-wesentliche-checkliste-fuer-den-spaetsommer-als-professioneller-gaertner\/#primaryimage"},"thumbnailUrl":"https:\/\/www.strassenweb.de\/nachrichten\/wp-content\/uploads\/2024\/10\/KrfDnjgBDADcmE9MMcS4iK.jpg","keywords":["als","August","beschnitten","bessere","Checkliste","den","die","eine","Ernte","f\u00fcr","G\u00e4rtner","gr\u00f6\u00dfere","m\u00fcssenmeine","Obstb\u00e4ume","professioneller","Sp\u00e4tsommer","werden","Wesentliche"],"articleSection":["Haus &amp; Garten"],"inLanguage":"de"},{"@type":"WebPage","@id":"https:\/\/www.strassenweb.de\/nachrichten\/7-obstbaeume-die-im-august-fuer-eine-groessere-bessere-ernte-beschnitten-werden-muessen-meine-wesentliche-checkliste-fuer-den-spaetsommer-als-professioneller-gaertner\/","url":"https:\/\/www.strassenweb.de\/nachrichten\/7-obstbaeume-die-im-august-fuer-eine-groessere-bessere-ernte-beschnitten-werden-muessen-meine-wesentliche-checkliste-fuer-den-spaetsommer-als-professioneller-gaertner\/","name":"7 Obstb\u00e4ume, die im August f\u00fcr eine gr\u00f6\u00dfere, bessere Ernte beschnitten werden m\u00fcssen-meine wesentliche Checkliste f\u00fcr den Sp\u00e4tsommer als professioneller G\u00e4rtner - Nachrichten - Stra\u00dfenweb","isPartOf":{"@id":"https:\/\/www.strassenweb.de\/nachrichten\/#website"},"primaryImageOfPage":{"@id":"https:\/\/www.strassenweb.de\/nachrichten\/7-obstbaeume-die-im-august-fuer-eine-groessere-bessere-ernte-beschnitten-werden-muessen-meine-wesentliche-checkliste-fuer-den-spaetsommer-als-professioneller-gaertner\/#primaryimage"},"image":{"@id":"https:\/\/www.strassenweb.de\/nachrichten\/7-obstbaeume-die-im-august-fuer-eine-groessere-bessere-ernte-beschnitten-werden-muessen-meine-wesentliche-checkliste-fuer-den-spaetsommer-als-professioneller-gaertner\/#primaryimage"},"thumbnailUrl":"https:\/\/www.strassenweb.de\/nachrichten\/wp-content\/uploads\/2024\/10\/KrfDnjgBDADcmE9MMcS4iK.jpg","datePublished":"2025-08-07T02:40:07+00:00","breadcrumb":{"@id":"https:\/\/www.strassenweb.de\/nachrichten\/7-obstbaeume-die-im-august-fuer-eine-groessere-bessere-ernte-beschnitten-werden-muessen-meine-wesentliche-checkliste-fuer-den-spaetsommer-als-professioneller-gaertner\/#breadcrumb"},"inLanguage":"de","potentialAction":[{"@type":"ReadAction","target":["https:\/\/www.strassenweb.de\/nachrichten\/7-obstbaeume-die-im-august-fuer-eine-groessere-bessere-ernte-beschnitten-werden-muessen-meine-wesentliche-checkliste-fuer-den-spaetsommer-als-professioneller-gaertner\/"]}]},{"@type":"ImageObject","inLanguage":"de","@id":"https:\/\/www.strassenweb.de\/nachrichten\/7-obstbaeume-die-im-august-fuer-eine-groessere-bessere-ernte-beschnitten-werden-muessen-meine-wesentliche-checkliste-fuer-den-spaetsommer-als-professioneller-gaertner\/#primaryimage","url":"https:\/\/www.strassenweb.de\/nachrichten\/wp-content\/uploads\/2024\/10\/KrfDnjgBDADcmE9MMcS4iK.jpg","contentUrl":"https:\/\/www.strassenweb.de\/nachrichten\/wp-content\/uploads\/2024\/10\/KrfDnjgBDADcmE9MMcS4iK.jpg","caption":"How to get a mulberry tree to fruit"},{"@type":"BreadcrumbList","@id":"https:\/\/www.strassenweb.de\/nachrichten\/7-obstbaeume-die-im-august-fuer-eine-groessere-bessere-ernte-beschnitten-werden-muessen-meine-wesentliche-checkliste-fuer-den-spaetsommer-als-professioneller-gaertner\/#breadcrumb","itemListElement":[{"@type":"ListItem","position":1,"name":"Home","item":"https:\/\/www.strassenweb.de\/nachrichten\/"},{"@type":"ListItem","position":2,"name":"7 Obstb\u00e4ume, die im August f\u00fcr eine gr\u00f6\u00dfere, bessere Ernte beschnitten werden m\u00fcssen-meine wesentliche Checkliste f\u00fcr den Sp\u00e4tsommer als professioneller G\u00e4rtner"}]},{"@type":"WebSite","@id":"https:\/\/www.strassenweb.de\/nachrichten\/#website","url":"https:\/\/www.strassenweb.de\/nachrichten\/","name":"Stra\u00dfenweb","description":"Stra\u00dfenverzeichnis f\u00fcr Deutschland","publisher":{"@id":"https:\/\/www.strassenweb.de\/nachrichten\/#organization"},"potentialAction":[{"@type":"SearchAction","target":{"@type":"EntryPoint","urlTemplate":"https:\/\/www.strassenweb.de\/nachrichten\/?s={search_term_string}"},"query-input":{"@type":"PropertyValueSpecification","valueRequired":true,"valueName":"search_term_string"}}],"inLanguage":"de"},{"@type":"Organization","@id":"https:\/\/www.strassenweb.de\/nachrichten\/#organization","name":"Stra\u00dfenweb","url":"https:\/\/www.strassenweb.de\/nachrichten\/","logo":{"@type":"ImageObject","inLanguage":"de","@id":"https:\/\/www.strassenweb.de\/nachrichten\/#\/schema\/logo\/image\/","url":"https:\/\/www.strassenweb.de\/nachrichten\/wp-content\/uploads\/2024\/09\/cropped-favicon.png","contentUrl":"https:\/\/www.strassenweb.de\/nachrichten\/wp-content\/uploads\/2024\/09\/cropped-favicon.png","width":512,"height":512,"caption":"Stra\u00dfenweb"},"image":{"@id":"https:\/\/www.strassenweb.de\/nachrichten\/#\/schema\/logo\/image\/"},"sameAs":["https:\/\/www.facebook.com\/strassenweb\/"]},{"@type":"Person","@id":"https:\/\/www.strassenweb.de\/nachrichten\/#\/schema\/person\/87c9c9067f1211da429a744dc5a5aa41","name":"Robert Hoffmann","image":{"@type":"ImageObject","inLanguage":"de","@id":"https:\/\/www.strassenweb.de\/nachrichten\/wp-content\/uploads\/2024\/09\/strassenweb-150x150.jpg","url":"https:\/\/www.strassenweb.de\/nachrichten\/wp-content\/uploads\/2024\/09\/strassenweb-150x150.jpg","contentUrl":"https:\/\/www.strassenweb.de\/nachrichten\/wp-content\/uploads\/2024\/09\/strassenweb-150x150.jpg","caption":"Robert Hoffmann"},"description":"Ich hei\u00dfe Robert Hoffmann und ich bin ein leidenschaftlicher Verfechter von \u00d6kologie und Biodiversit\u00e4t. Seit meiner Kindheit in den W\u00e4ldern Bayerns f\u00fchle ich mich mit der Natur verbunden und bin entschlossen, sie zu sch\u00fctzen. Heute widme ich mein Leben der Sensibilisierung anderer f\u00fcr die Bedeutung des Umweltschutzes f\u00fcr zuk\u00fcnftige Generationen.","sameAs":["https:\/\/www.strassenweb.de\/"]}]}},"_links":{"self":[{"href":"https:\/\/www.strassenweb.de\/nachrichten\/wp-json\/wp\/v2\/posts\/6758","targetHints":{"allow":["GET"]}}],"collection":[{"href":"https:\/\/www.strassenweb.de\/nachrichten\/wp-json\/wp\/v2\/posts"}],"about":[{"href":"https:\/\/www.strassenweb.de\/nachrichten\/wp-json\/wp\/v2\/types\/post"}],"author":[{"embeddable":true,"href":"https:\/\/www.strassenweb.de\/nachrichten\/wp-json\/wp\/v2\/users\/1"}],"replies":[{"embeddable":true,"href":"https:\/\/www.strassenweb.de\/nachrichten\/wp-json\/wp\/v2\/comments?post=6758"}],"version-history":[{"count":0,"href":"https:\/\/www.strassenweb.de\/nachrichten\/wp-json\/wp\/v2\/posts\/6758\/revisions"}],"wp:featuredmedia":[{"embeddable":true,"href":"https:\/\/www.strassenweb.de\/nachrichten\/wp-json\/wp\/v2\/media\/6759"}],"wp:attachment":[{"href":"https:\/\/www.strassenweb.de\/nachrichten\/wp-json\/wp\/v2\/media?parent=6758"}],"wp:term":[{"taxonomy":"category","embeddable":true,"href":"https:\/\/www.strassenweb.de\/nachrichten\/wp-json\/wp\/v2\/categories?post=6758"},{"taxonomy":"post_tag","embeddable":true,"href":"https:\/\/www.strassenweb.de\/nachrichten\/wp-json\/wp\/v2\/tags?post=6758"}],"curies":[{"name":"wp","href":"https:\/\/api.w.org\/{rel}","templated":true}]}}